{"id":197750,"date":"2019-10-31T19:16:14","date_gmt":"2019-10-31T19:16:14","guid":{"rendered":"https:\/\/www.meydan.tv\/article\/isid-bagdadinin-oldurulduyunu-tesdiqleyib\/"},"modified":"2019-10-31T19:16:14","modified_gmt":"2019-10-31T19:16:14","slug":"isid-bagdadinin-oldurulduyunu-tesdiqleyib","status":"publish","type":"post","link":"https:\/\/www.meydan.tv\/az\/article\/isid-bagdadinin-oldurulduyunu-tesdiqleyib\/","title":{"rendered":"\u0130\u015e\u0130D Ba\u011fdadinin \u00f6ld\u00fcr\u00fcld\u00fcy\u00fcn\u00fc t\u0259sdiql\u0259yib"},"content":{"rendered":"<p>\n  <i><br \/>\n    Ba\u011fdadi Suriyan\u0131n \u015fimal-q\u0259rbind\u0259 yerl\u0259\u015f\u0259n \u0130dlibd\u0259 \u00f6ld\u00fcr\u00fcl\u00fcb<br \/>\n  <\/i>\n<\/p>\n<p>\n  \u0130slam D\u00f6vl\u0259ti (\u0130\u015e\u0130D) c\u00fcm\u0259 ax\u015fam\u0131 g\u00fcn\u00fc silahl\u0131 qrupun lideri \u018fbu B\u0259kr \u0259l-Ba\u011fdadinin \u00f6ld\u00fcr\u00fcld\u00fcy\u00fcn\u00fc t\u0259sdiql\u0259yib, &#8211; \u201cReuters\u201d x\u0259b\u0259r verir.\n<\/p>\n<p>\n  Bazar g\u00fcn\u00fc prezident Donald Tramp b\u0259yan etmi\u015fdi ki, \u0130slam D\u00f6vl\u0259tinin lideri olaraq b\u00fct\u00fcn m\u00fcs\u0259lmanlar\u0131n x\u0259lif\u0259si elan edilmi\u015f iraql\u0131 cihad\u00e7\u0131 Ba\u011fdadi \u015fimal-\u015f\u0259rqi Suriyada AB\u015e x\u00fcsusi t\u0259yinatl\u0131lar\u0131 t\u0259r\u0259find\u0259n \u00f6ld\u00fcr\u00fcl\u00fcb.\n<\/p>\n<p>\n  Qrup indiy\u0259 q\u0259d\u0259r s\u0259ssiz qal\u0131b. X\u0259l\u0259f olaraq \u0130slam D\u00f6vl\u0259ti Amaq\u0131n \u018fbu \u0130brahim \u0259l-Ha\u015fimi \u0259l-Qurai\u015fi olaraq identifikasiya etdiyi birini t\u0259yin edib.\n<\/p>\n<p>\n  Swansea Universitetinin \u0130slam D\u00f6vl\u0259ti \u00fczr\u0259 t\u0259dqiqat\u00e7\u0131s\u0131 Aymenn \u0259l-Tamimi deyib ki, Ba\u011fdadid\u0259n sonrak\u0131 isim qeyri-m\u00fc\u0259yy\u0259ndir, lakin AB\u015e D\u00f6vl\u0259t Departamentinin t\u0259xminin\u0259 g\u00f6r\u0259 Ba\u011fdadinin m\u00fcmk\u00fcn varisi onun t\u0259yin etdiyi H\u0259cc Abdullah adl\u0131 \u015f\u0259xs ola bil\u0259r.\n<\/p>\n<p>\n  \u201cBu, b\u0259lk\u0259 d\u0259 yeni adla qar\u015f\u0131m\u0131za \u00e7\u0131xacaq bizim tan\u0131d\u0131\u011f\u0131m\u0131z biri ola bil\u0259r,\u201d &#8211; o deyib.\n<\/p>\n<p>\n  2014 v\u0259 2017-ci ill\u0259r aras\u0131nda \u0130raq v\u0259 Suriyan\u0131n \u0259razil\u0259rini n\u0259zar\u0259td\u0259 saxlayan v\u0259 \u0259ks\u0259r m\u00fcs\u0259lmanlar\u0131 d\u0259h\u015f\u0259t\u0259 g\u0259tir\u0259n v\u0259h\u015filikl\u0259r h\u0259yata ke\u00e7ir\u0259n qrup h\u0259m\u00e7inin s\u00f6zc\u00fc \u018fbu \u0259l-H\u0259s\u0259n \u0259l-Muhajirin d\u0259 \u00f6ld\u00fcy\u00fcn\u00fc t\u0259sdiql\u0259yib.\n<\/p>\n<p>\n  Ba\u011fdadi Suriyan\u0131n \u015fimal-q\u0259rbind\u0259 yerl\u0259\u015f\u0259n \u0130dlibd\u0259 \u00f6ld\u00fcr\u00fcl\u00fcb.\n<\/p>\n<p>\n  AB\u015e r\u0259smil\u0259rinin verdiyi m\u0259lumata g\u00f6r\u0259, Ba\u011fdadi \u00f6z\u00fcn\u00fc v\u0259 \u00fc\u00e7 \u00f6vlad\u0131n\u0131 tuneld\u0259 AB\u015e x\u00fcsusi t\u0259yinatl\u0131lar\u0131n\u0131n Suriyada ke\u00e7irdiyi \u0259m\u0259liyyat zaman\u0131 partladaraq \u00f6ld\u00fcr\u00fcb.<\/p>\n","protected":false},"excerpt":{"rendered":"<p>\u201cBu, b\u0259lk\u0259 d\u0259 yeni adla qar\u015f\u0131m\u0131za \u00e7\u0131xacaq bizim tan\u0131d\u0131\u011f\u0131m\u0131z biri ola bil\u0259r,\u201d &#8211; o deyib.<\/p>\n","protected":false},"author":11,"featured_media":132164,"comment_status":"closed","ping_status":"open","sticky":false,"template":"","format":"standard","meta":{"_acf_changed":false,"_sitemap_exclude":false,"_sitemap_priority":"","_sitemap_frequency":"","footnotes":""},"categories":[64],"tags":[],"class_list":["post-197750","post","type-post","status-publish","format-standard","has-post-thumbnail","hentry","category-dunya","infinite-scroll-item","generate-columns","tablet-grid-50","mobile-grid-100","grid-parent","grid-33","no-featured-image-padding"],"acf":[],"yoast_head":"<!-- This site is optimized with the Yoast SEO plugin v27.5 - https:\/\/yoast.com\/product\/yoast-seo-wordpress\/ -->\n<title>\u0130\u015e\u0130D Ba\u011fdadinin \u00f6ld\u00fcr\u00fcld\u00fcy\u00fcn\u00fc t\u0259sdiql\u0259yib - MEYDAN.TV<\/title>\n<meta name=\"robots\" content=\"index, follow, max-snippet:-1, max-image-preview:large, max-video-preview:-1\" \/>\n<link rel=\"canonical\" href=\"https:\/\/www.meydan.tv\/az\/article\/isid-bagdadinin-oldurulduyunu-tesdiqleyib\/\" \/>\n<meta property=\"og:locale\" content=\"az_AZ\" \/>\n<meta property=\"og:type\" content=\"article\" \/>\n<meta property=\"og:title\" content=\"\u0130\u015e\u0130D Ba\u011fdadinin \u00f6ld\u00fcr\u00fcld\u00fcy\u00fcn\u00fc t\u0259sdiql\u0259yib - MEYDAN.TV\" \/>\n<meta property=\"og:description\" content=\"\u201cBu, b\u0259lk\u0259 d\u0259 yeni adla qar\u015f\u0131m\u0131za \u00e7\u0131xacaq bizim tan\u0131d\u0131\u011f\u0131m\u0131z biri ola bil\u0259r,\u201d - o deyib.\" \/>\n<meta property=\"og:url\" content=\"https:\/\/www.meydan.tv\/az\/article\/isid-bagdadinin-oldurulduyunu-tesdiqleyib\/\" \/>\n<meta property=\"og:site_name\" content=\"MEYDAN.TV\" \/>\n<meta property=\"article:published_time\" content=\"2019-10-31T19:16:14+00:00\" \/>\n<meta property=\"og:image\" content=\"https:\/\/www.meydan.tv\/wp-content\/uploads\/bagdadi.jpg\" \/>\n\t<meta property=\"og:image:width\" content=\"969\" \/>\n\t<meta property=\"og:image:height\" content=\"545\" \/>\n\t<meta property=\"og:image:type\" content=\"image\/jpeg\" \/>\n<meta name=\"author\" content=\"user-manager\" \/>\n<meta name=\"twitter:card\" content=\"summary_large_image\" \/>\n<script type=\"application\/ld+json\" class=\"yoast-schema-graph\">{\"@context\":\"https:\\\/\\\/schema.org\",\"@graph\":[{\"@type\":\"Article\",\"@id\":\"https:\\\/\\\/www.meydan.tv\\\/az\\\/article\\\/isid-bagdadinin-oldurulduyunu-tesdiqleyib\\\/#article\",\"isPartOf\":{\"@id\":\"https:\\\/\\\/www.meydan.tv\\\/az\\\/article\\\/isid-bagdadinin-oldurulduyunu-tesdiqleyib\\\/\"},\"author\":{\"name\":\"user-manager\",\"@id\":\"https:\\\/\\\/www.meydan.tv\\\/az\\\/#\\\/schema\\\/person\\\/10d11eccf6da3662cf5fdab9806ea91a\"},\"headline\":\"\u0130\u015e\u0130D Ba\u011fdadinin \u00f6ld\u00fcr\u00fcld\u00fcy\u00fcn\u00fc t\u0259sdiql\u0259yib\",\"datePublished\":\"2019-10-31T19:16:14+00:00\",\"mainEntityOfPage\":{\"@id\":\"https:\\\/\\\/www.meydan.tv\\\/az\\\/article\\\/isid-bagdadinin-oldurulduyunu-tesdiqleyib\\\/\"},\"wordCount\":314,\"publisher\":{\"@id\":\"https:\\\/\\\/www.meydan.tv\\\/az\\\/#organization\"},\"image\":{\"@id\":\"https:\\\/\\\/www.meydan.tv\\\/az\\\/article\\\/isid-bagdadinin-oldurulduyunu-tesdiqleyib\\\/#primaryimage\"},\"thumbnailUrl\":\"https:\\\/\\\/www.meydan.tv\\\/wp-content\\\/uploads\\\/bagdadi.jpg\",\"articleSection\":[\"D\u00fcnya\"],\"inLanguage\":\"az\"},{\"@type\":\"WebPage\",\"@id\":\"https:\\\/\\\/www.meydan.tv\\\/az\\\/article\\\/isid-bagdadinin-oldurulduyunu-tesdiqleyib\\\/\",\"url\":\"https:\\\/\\\/www.meydan.tv\\\/az\\\/article\\\/isid-bagdadinin-oldurulduyunu-tesdiqleyib\\\/\",\"name\":\"\u0130\u015e\u0130D Ba\u011fdadinin \u00f6ld\u00fcr\u00fcld\u00fcy\u00fcn\u00fc t\u0259sdiql\u0259yib - MEYDAN.TV\",\"isPartOf\":{\"@id\":\"https:\\\/\\\/www.meydan.tv\\\/az\\\/#website\"},\"primaryImageOfPage\":{\"@id\":\"https:\\\/\\\/www.meydan.tv\\\/az\\\/article\\\/isid-bagdadinin-oldurulduyunu-tesdiqleyib\\\/#primaryimage\"},\"image\":{\"@id\":\"https:\\\/\\\/www.meydan.tv\\\/az\\\/article\\\/isid-bagdadinin-oldurulduyunu-tesdiqleyib\\\/#primaryimage\"},\"thumbnailUrl\":\"https:\\\/\\\/www.meydan.tv\\\/wp-content\\\/uploads\\\/bagdadi.jpg\",\"datePublished\":\"2019-10-31T19:16:14+00:00\",\"breadcrumb\":{\"@id\":\"https:\\\/\\\/www.meydan.tv\\\/az\\\/article\\\/isid-bagdadinin-oldurulduyunu-tesdiqleyib\\\/#breadcrumb\"},\"inLanguage\":\"az\",\"potentialAction\":[{\"@type\":\"ReadAction\",\"target\":[\"https:\\\/\\\/www.meydan.tv\\\/az\\\/article\\\/isid-bagdadinin-oldurulduyunu-tesdiqleyib\\\/\"]}]},{\"@type\":\"ImageObject\",\"inLanguage\":\"az\",\"@id\":\"https:\\\/\\\/www.meydan.tv\\\/az\\\/article\\\/isid-bagdadinin-oldurulduyunu-tesdiqleyib\\\/#primaryimage\",\"url\":\"https:\\\/\\\/www.meydan.tv\\\/wp-content\\\/uploads\\\/bagdadi.jpg\",\"contentUrl\":\"https:\\\/\\\/www.meydan.tv\\\/wp-content\\\/uploads\\\/bagdadi.jpg\",\"width\":969,\"height\":545,\"caption\":\"Source: AFP\"},{\"@type\":\"BreadcrumbList\",\"@id\":\"https:\\\/\\\/www.meydan.tv\\\/az\\\/article\\\/isid-bagdadinin-oldurulduyunu-tesdiqleyib\\\/#breadcrumb\",\"itemListElement\":[{\"@type\":\"ListItem\",\"position\":1,\"name\":\"Ana s\u0259hif\u0259\",\"item\":\"https:\\\/\\\/www.meydan.tv\\\/az\\\/\"},{\"@type\":\"ListItem\",\"position\":2,\"name\":\"D\u00fcnya\",\"item\":\"https:\\\/\\\/www.meydan.tv\\\/az\\\/section\\\/dunya\\\/\"},{\"@type\":\"ListItem\",\"position\":3,\"name\":\"\u0130\u015e\u0130D Ba\u011fdadinin \u00f6ld\u00fcr\u00fcld\u00fcy\u00fcn\u00fc t\u0259sdiql\u0259yib\"}]},{\"@type\":\"WebSite\",\"@id\":\"https:\\\/\\\/www.meydan.tv\\\/az\\\/#website\",\"url\":\"https:\\\/\\\/www.meydan.tv\\\/az\\\/\",\"name\":\"MEYDAN.TV\",\"description\":\"Meydan TV Az\u0259rbaycan\u0131n media m\u0259kan\u0131ndak\u0131 alternativ s\u0259sidir\",\"publisher\":{\"@id\":\"https:\\\/\\\/www.meydan.tv\\\/az\\\/#organization\"},\"potentialAction\":[{\"@type\":\"SearchAction\",\"target\":{\"@type\":\"EntryPoint\",\"urlTemplate\":\"https:\\\/\\\/www.meydan.tv\\\/az\\\/?s={search_term_string}\"},\"query-input\":{\"@type\":\"PropertyValueSpecification\",\"valueRequired\":true,\"valueName\":\"search_term_string\"}}],\"inLanguage\":\"az\"},{\"@type\":\"Organization\",\"@id\":\"https:\\\/\\\/www.meydan.tv\\\/az\\\/#organization\",\"name\":\"Meydan TV\",\"url\":\"https:\\\/\\\/www.meydan.tv\\\/az\\\/\",\"logo\":{\"@type\":\"ImageObject\",\"inLanguage\":\"az\",\"@id\":\"https:\\\/\\\/www.meydan.tv\\\/az\\\/#\\\/schema\\\/logo\\\/image\\\/\",\"url\":\"https:\\\/\\\/www.meydan.tv\\\/wp-content\\\/uploads\\\/2021\\\/07\\\/meydan-logo.svg\",\"contentUrl\":\"https:\\\/\\\/www.meydan.tv\\\/wp-content\\\/uploads\\\/2021\\\/07\\\/meydan-logo.svg\",\"width\":195,\"height\":46,\"caption\":\"Meydan TV\"},\"image\":{\"@id\":\"https:\\\/\\\/www.meydan.tv\\\/az\\\/#\\\/schema\\\/logo\\\/image\\\/\"}},{\"@type\":\"Person\",\"@id\":\"https:\\\/\\\/www.meydan.tv\\\/az\\\/#\\\/schema\\\/person\\\/10d11eccf6da3662cf5fdab9806ea91a\",\"name\":\"user-manager\"}]}<\/script>\n<!-- \/ Yoast SEO plugin. -->","yoast_head_json":{"title":"\u0130\u015e\u0130D Ba\u011fdadinin \u00f6ld\u00fcr\u00fcld\u00fcy\u00fcn\u00fc t\u0259sdiql\u0259yib - MEYDAN.TV","robots":{"index":"index","follow":"follow","max-snippet":"max-snippet:-1","max-image-preview":"max-image-preview:large","max-video-preview":"max-video-preview:-1"},"canonical":"https:\/\/www.meydan.tv\/az\/article\/isid-bagdadinin-oldurulduyunu-tesdiqleyib\/","og_locale":"az_AZ","og_type":"article","og_title":"\u0130\u015e\u0130D Ba\u011fdadinin \u00f6ld\u00fcr\u00fcld\u00fcy\u00fcn\u00fc t\u0259sdiql\u0259yib - MEYDAN.TV","og_description":"\u201cBu, b\u0259lk\u0259 d\u0259 yeni adla qar\u015f\u0131m\u0131za \u00e7\u0131xacaq bizim tan\u0131d\u0131\u011f\u0131m\u0131z biri ola bil\u0259r,\u201d - o deyib.","og_url":"https:\/\/www.meydan.tv\/az\/article\/isid-bagdadinin-oldurulduyunu-tesdiqleyib\/","og_site_name":"MEYDAN.TV","article_published_time":"2019-10-31T19:16:14+00:00","og_image":[{"width":969,"height":545,"url":"https:\/\/www.meydan.tv\/wp-content\/uploads\/bagdadi.jpg","type":"image\/jpeg"}],"author":"user-manager","twitter_card":"summary_large_image","schema":{"@context":"https:\/\/schema.org","@graph":[{"@type":"Article","@id":"https:\/\/www.meydan.tv\/az\/article\/isid-bagdadinin-oldurulduyunu-tesdiqleyib\/#article","isPartOf":{"@id":"https:\/\/www.meydan.tv\/az\/article\/isid-bagdadinin-oldurulduyunu-tesdiqleyib\/"},"author":{"name":"user-manager","@id":"https:\/\/www.meydan.tv\/az\/#\/schema\/person\/10d11eccf6da3662cf5fdab9806ea91a"},"headline":"\u0130\u015e\u0130D Ba\u011fdadinin \u00f6ld\u00fcr\u00fcld\u00fcy\u00fcn\u00fc t\u0259sdiql\u0259yib","datePublished":"2019-10-31T19:16:14+00:00","mainEntityOfPage":{"@id":"https:\/\/www.meydan.tv\/az\/article\/isid-bagdadinin-oldurulduyunu-tesdiqleyib\/"},"wordCount":314,"publisher":{"@id":"https:\/\/www.meydan.tv\/az\/#organization"},"image":{"@id":"https:\/\/www.meydan.tv\/az\/article\/isid-bagdadinin-oldurulduyunu-tesdiqleyib\/#primaryimage"},"thumbnailUrl":"https:\/\/www.meydan.tv\/wp-content\/uploads\/bagdadi.jpg","articleSection":["D\u00fcnya"],"inLanguage":"az"},{"@type":"WebPage","@id":"https:\/\/www.meydan.tv\/az\/article\/isid-bagdadinin-oldurulduyunu-tesdiqleyib\/","url":"https:\/\/www.meydan.tv\/az\/article\/isid-bagdadinin-oldurulduyunu-tesdiqleyib\/","name":"\u0130\u015e\u0130D Ba\u011fdadinin \u00f6ld\u00fcr\u00fcld\u00fcy\u00fcn\u00fc t\u0259sdiql\u0259yib - MEYDAN.TV","isPartOf":{"@id":"https:\/\/www.meydan.tv\/az\/#website"},"primaryImageOfPage":{"@id":"https:\/\/www.meydan.tv\/az\/article\/isid-bagdadinin-oldurulduyunu-tesdiqleyib\/#primaryimage"},"image":{"@id":"https:\/\/www.meydan.tv\/az\/article\/isid-bagdadinin-oldurulduyunu-tesdiqleyib\/#primaryimage"},"thumbnailUrl":"https:\/\/www.meydan.tv\/wp-content\/uploads\/bagdadi.jpg","datePublished":"2019-10-31T19:16:14+00:00","breadcrumb":{"@id":"https:\/\/www.meydan.tv\/az\/article\/isid-bagdadinin-oldurulduyunu-tesdiqleyib\/#breadcrumb"},"inLanguage":"az","potentialAction":[{"@type":"ReadAction","target":["https:\/\/www.meydan.tv\/az\/article\/isid-bagdadinin-oldurulduyunu-tesdiqleyib\/"]}]},{"@type":"ImageObject","inLanguage":"az","@id":"https:\/\/www.meydan.tv\/az\/article\/isid-bagdadinin-oldurulduyunu-tesdiqleyib\/#primaryimage","url":"https:\/\/www.meydan.tv\/wp-content\/uploads\/bagdadi.jpg","contentUrl":"https:\/\/www.meydan.tv\/wp-content\/uploads\/bagdadi.jpg","width":969,"height":545,"caption":"Source: AFP"},{"@type":"BreadcrumbList","@id":"https:\/\/www.meydan.tv\/az\/article\/isid-bagdadinin-oldurulduyunu-tesdiqleyib\/#breadcrumb","itemListElement":[{"@type":"ListItem","position":1,"name":"Ana s\u0259hif\u0259","item":"https:\/\/www.meydan.tv\/az\/"},{"@type":"ListItem","position":2,"name":"D\u00fcnya","item":"https:\/\/www.meydan.tv\/az\/section\/dunya\/"},{"@type":"ListItem","position":3,"name":"\u0130\u015e\u0130D Ba\u011fdadinin \u00f6ld\u00fcr\u00fcld\u00fcy\u00fcn\u00fc t\u0259sdiql\u0259yib"}]},{"@type":"WebSite","@id":"https:\/\/www.meydan.tv\/az\/#website","url":"https:\/\/www.meydan.tv\/az\/","name":"MEYDAN.TV","description":"Meydan TV Az\u0259rbaycan\u0131n media m\u0259kan\u0131ndak\u0131 alternativ s\u0259sidir","publisher":{"@id":"https:\/\/www.meydan.tv\/az\/#organization"},"potentialAction":[{"@type":"SearchAction","target":{"@type":"EntryPoint","urlTemplate":"https:\/\/www.meydan.tv\/az\/?s={search_term_string}"},"query-input":{"@type":"PropertyValueSpecification","valueRequired":true,"valueName":"search_term_string"}}],"inLanguage":"az"},{"@type":"Organization","@id":"https:\/\/www.meydan.tv\/az\/#organization","name":"Meydan TV","url":"https:\/\/www.meydan.tv\/az\/","logo":{"@type":"ImageObject","inLanguage":"az","@id":"https:\/\/www.meydan.tv\/az\/#\/schema\/logo\/image\/","url":"https:\/\/www.meydan.tv\/wp-content\/uploads\/2021\/07\/meydan-logo.svg","contentUrl":"https:\/\/www.meydan.tv\/wp-content\/uploads\/2021\/07\/meydan-logo.svg","width":195,"height":46,"caption":"Meydan TV"},"image":{"@id":"https:\/\/www.meydan.tv\/az\/#\/schema\/logo\/image\/"}},{"@type":"Person","@id":"https:\/\/www.meydan.tv\/az\/#\/schema\/person\/10d11eccf6da3662cf5fdab9806ea91a","name":"user-manager"}]}},"_links":{"self":[{"href":"https:\/\/www.meydan.tv\/az\/wp-json\/wp\/v2\/posts\/197750","targetHints":{"allow":["GET"]}}],"collection":[{"href":"https:\/\/www.meydan.tv\/az\/wp-json\/wp\/v2\/posts"}],"about":[{"href":"https:\/\/www.meydan.tv\/az\/wp-json\/wp\/v2\/types\/post"}],"author":[{"embeddable":true,"href":"https:\/\/www.meydan.tv\/az\/wp-json\/wp\/v2\/users\/11"}],"replies":[{"embeddable":true,"href":"https:\/\/www.meydan.tv\/az\/wp-json\/wp\/v2\/comments?post=197750"}],"version-history":[{"count":0,"href":"https:\/\/www.meydan.tv\/az\/wp-json\/wp\/v2\/posts\/197750\/revisions"}],"wp:featuredmedia":[{"embeddable":true,"href":"https:\/\/www.meydan.tv\/az\/wp-json\/wp\/v2\/media\/132164"}],"wp:attachment":[{"href":"https:\/\/www.meydan.tv\/az\/wp-json\/wp\/v2\/media?parent=197750"}],"wp:term":[{"taxonomy":"category","embeddable":true,"href":"https:\/\/www.meydan.tv\/az\/wp-json\/wp\/v2\/categories?post=197750"},{"taxonomy":"post_tag","embeddable":true,"href":"https:\/\/www.meydan.tv\/az\/wp-json\/wp\/v2\/tags?post=197750"}],"curies":[{"name":"wp","href":"https:\/\/api.w.org\/{rel}","templated":true}]}}