{"id":197747,"date":"2019-10-31T18:16:03","date_gmt":"2019-10-31T18:16:03","guid":{"rendered":"https:\/\/www.meydan.tv\/article\/kecmis-cia-rehberi-rusiya-2016-ci-ilin-secki-neticelerine-mudaxile-etmis-ola-biler\/"},"modified":"2019-10-31T18:16:03","modified_gmt":"2019-10-31T18:16:03","slug":"kecmis-cia-rehberi-rusiya-2016-ci-ilin-secki-neticelerine-mudaxile-etmis-ola-biler","status":"publish","type":"post","link":"https:\/\/www.meydan.tv\/az\/article\/kecmis-cia-rehberi-rusiya-2016-ci-ilin-secki-neticelerine-mudaxile-etmis-ola-biler\/","title":{"rendered":"Ke\u00e7mi\u015f C\u0130A r\u0259hb\u0259ri: Rusiya 2016-c\u0131 ilin se\u00e7ki n\u0259tic\u0259l\u0259rin\u0259 m\u00fcdaxil\u0259 etmi\u015f ola bil\u0259r"},"content":{"rendered":"<p>\n  <i><br \/>\n    \u201cRusiyan\u0131n bu s\u0259yl\u0259ri \u0259n az\u0131 bir se\u00e7icinin fikrini d\u0259yi\u015fdirib\u201d<br \/>\n  <\/i>\n<\/p>\n<p>\n  Ke\u00e7mi\u015f C\u0130A direktoru Con Brennan (John Brennan) \u00f6lk\u0259nin k\u0259\u015ffiyyat orqanlar\u0131n\u0131n \u0259ld\u0259 etdiyi n\u0259tic\u0259l\u0259rd\u0259n yola \u00e7\u0131xaraq qeyd edib ki, Rusyan\u0131n 2016-c\u0131 il prezident se\u00e7kil\u0259rin\u0259 m\u00fcdaxil\u0259si n\u0259tic\u0259sind\u0259 \u0259n az\u0131 bir se\u00e7ici inand\u0131r\u0131l\u0131b. RFE\/RL x\u0259b\u0259r verir ki, Brennan \u0259m\u0259liyyat\u0131n se\u00e7ki n\u0259tic\u0259l\u0259rin\u0259 t\u0259sir edib-etm\u0259m\u0259sini s\u00f6yl\u0259m\u0259yib.\n<\/p>\n<p>\n  Oktyabr\u0131n 30-da Va\u015finqtonda Milli M\u0259tbuat Klubunda dan\u0131\u015fan Brennan deyib ki, Rusiyan\u0131n bu s\u0259yl\u0259ri \u0259n az\u0131 bir se\u00e7icinin fikrini d\u0259yi\u015fdirib.\n<\/p>\n<p>\n  \u201cBir se\u00e7ici v\u0259 ya bir milyon se\u00e7ici olub-olmad\u0131\u011f\u0131n\u0131 bilmir\u0259m\u201d, -o, ke\u00e7mi\u015f k\u0259\u015ffiyyat i\u015f\u00e7il\u0259ri il\u0259 birlikd\u0259 t\u0259dbird\u0259 \u00e7\u0131x\u0131\u015f ed\u0259rk\u0259n deyib.\n<\/p>\n<p>\n  Brennan 2013-2017-ci ill\u0259rd\u0259 Demokratik Prezident Barak Obaman\u0131n administrasiyas\u0131 alt\u0131nda CIA direktoru v\u0259zif\u0259sind\u0259 \u00e7al\u0131\u015f\u0131b.\n<\/p>\n<p>\n  Bir s\u0131ra r\u0259smi ara\u015fd\u0131rmalarda qeyd edilir ki, rus hakerl\u0259ri v\u0259 trollar\u0131 2016-c\u0131 il se\u00e7kisi \u00f6nc\u0259si m\u00fcxt\u0259lif kanallar vasit\u0259sil\u0259 ictimai r\u0259y\u0259 t\u0259sir etm\u0259 imkan\u0131na sahib olub.\n<\/p>\n<p>\n  Kreml se\u00e7kil\u0259r\u0259 m\u00fcdaxil\u0259 edildiyini r\u0259dd edib.\n<\/p>\n<p>\n  Brennan deyib ki, kampaniya son n\u0259tic\u0259y\u0259 m\u00fcmk\u00fcn t\u0259sir g\u00f6st\u0259rib.\n<\/p>\n<p>\n  \u201cNe\u00e7\u0259, hans\u0131 \u015ftatlarda, bilmir\u0259m. N\u0259tic\u0259ni d\u0259yi\u015fibmi, bilmir\u0259m\u201d,- Brennan deyib v\u0259 \u0259lav\u0259 edib ki, CIA kampaniyan\u0131n s\u0259sverm\u0259y\u0259 t\u0259sirini qiym\u0259tl\u0259ndirm\u0259yib.<\/p>\n","protected":false},"excerpt":{"rendered":"<p>\u201cRusiyan\u0131n bu s\u0259yl\u0259ri \u0259n az\u0131 bir se\u00e7icinin fikrini d\u0259yi\u015fdirib\u201d<\/p>\n","protected":false},"author":11,"featured_media":132581,"comment_status":"closed","ping_status":"open","sticky":false,"template":"","format":"standard","meta":{"_acf_changed":false,"_sitemap_exclude":false,"_sitemap_priority":"","_sitemap_frequency":"","footnotes":""},"categories":[64],"tags":[],"class_list":["post-197747","post","type-post","status-publish","format-standard","has-post-thumbnail","hentry","category-dunya","infinite-scroll-item","generate-columns","tablet-grid-50","mobile-grid-100","grid-parent","grid-33","no-featured-image-padding"],"acf":[],"yoast_head":"<!-- This site is optimized with the Yoast SEO plugin v27.5 - https:\/\/yoast.com\/product\/yoast-seo-wordpress\/ -->\n<title>Ke\u00e7mi\u015f C\u0130A r\u0259hb\u0259ri: Rusiya 2016-c\u0131 ilin se\u00e7ki n\u0259tic\u0259l\u0259rin\u0259 m\u00fcdaxil\u0259 etmi\u015f ola bil\u0259r - MEYDAN.TV<\/title>\n<meta name=\"robots\" content=\"index, follow, max-snippet:-1, max-image-preview:large, max-video-preview:-1\" \/>\n<link rel=\"canonical\" href=\"https:\/\/www.meydan.tv\/az\/article\/kecmis-cia-rehberi-rusiya-2016-ci-ilin-secki-neticelerine-mudaxile-etmis-ola-biler\/\" \/>\n<meta property=\"og:locale\" content=\"az_AZ\" \/>\n<meta property=\"og:type\" content=\"article\" \/>\n<meta property=\"og:title\" content=\"Ke\u00e7mi\u015f C\u0130A r\u0259hb\u0259ri: Rusiya 2016-c\u0131 ilin se\u00e7ki n\u0259tic\u0259l\u0259rin\u0259 m\u00fcdaxil\u0259 etmi\u015f ola bil\u0259r - MEYDAN.TV\" \/>\n<meta property=\"og:description\" content=\"\u201cRusiyan\u0131n bu s\u0259yl\u0259ri \u0259n az\u0131 bir se\u00e7icinin fikrini d\u0259yi\u015fdirib\u201d\" \/>\n<meta property=\"og:url\" content=\"https:\/\/www.meydan.tv\/az\/article\/kecmis-cia-rehberi-rusiya-2016-ci-ilin-secki-neticelerine-mudaxile-etmis-ola-biler\/\" \/>\n<meta property=\"og:site_name\" content=\"MEYDAN.TV\" \/>\n<meta property=\"article:published_time\" content=\"2019-10-31T18:16:03+00:00\" \/>\n<meta property=\"og:image\" content=\"https:\/\/www.meydan.tv\/wp-content\/uploads\/john-brennan.jpg\" \/>\n\t<meta property=\"og:image:width\" content=\"1000\" \/>\n\t<meta property=\"og:image:height\" content=\"563\" \/>\n\t<meta property=\"og:image:type\" content=\"image\/jpeg\" \/>\n<meta name=\"author\" content=\"user-manager\" \/>\n<meta name=\"twitter:card\" content=\"summary_large_image\" \/>\n<script type=\"application\/ld+json\" class=\"yoast-schema-graph\">{\"@context\":\"https:\\\/\\\/schema.org\",\"@graph\":[{\"@type\":\"Article\",\"@id\":\"https:\\\/\\\/www.meydan.tv\\\/az\\\/article\\\/kecmis-cia-rehberi-rusiya-2016-ci-ilin-secki-neticelerine-mudaxile-etmis-ola-biler\\\/#article\",\"isPartOf\":{\"@id\":\"https:\\\/\\\/www.meydan.tv\\\/az\\\/article\\\/kecmis-cia-rehberi-rusiya-2016-ci-ilin-secki-neticelerine-mudaxile-etmis-ola-biler\\\/\"},\"author\":{\"name\":\"user-manager\",\"@id\":\"https:\\\/\\\/www.meydan.tv\\\/az\\\/#\\\/schema\\\/person\\\/10d11eccf6da3662cf5fdab9806ea91a\"},\"headline\":\"Ke\u00e7mi\u015f C\u0130A r\u0259hb\u0259ri: Rusiya 2016-c\u0131 ilin se\u00e7ki n\u0259tic\u0259l\u0259rin\u0259 m\u00fcdaxil\u0259 etmi\u015f ola bil\u0259r\",\"datePublished\":\"2019-10-31T18:16:03+00:00\",\"mainEntityOfPage\":{\"@id\":\"https:\\\/\\\/www.meydan.tv\\\/az\\\/article\\\/kecmis-cia-rehberi-rusiya-2016-ci-ilin-secki-neticelerine-mudaxile-etmis-ola-biler\\\/\"},\"wordCount\":289,\"publisher\":{\"@id\":\"https:\\\/\\\/www.meydan.tv\\\/az\\\/#organization\"},\"image\":{\"@id\":\"https:\\\/\\\/www.meydan.tv\\\/az\\\/article\\\/kecmis-cia-rehberi-rusiya-2016-ci-ilin-secki-neticelerine-mudaxile-etmis-ola-biler\\\/#primaryimage\"},\"thumbnailUrl\":\"https:\\\/\\\/www.meydan.tv\\\/wp-content\\\/uploads\\\/john-brennan.jpg\",\"articleSection\":[\"D\u00fcnya\"],\"inLanguage\":\"az\"},{\"@type\":\"WebPage\",\"@id\":\"https:\\\/\\\/www.meydan.tv\\\/az\\\/article\\\/kecmis-cia-rehberi-rusiya-2016-ci-ilin-secki-neticelerine-mudaxile-etmis-ola-biler\\\/\",\"url\":\"https:\\\/\\\/www.meydan.tv\\\/az\\\/article\\\/kecmis-cia-rehberi-rusiya-2016-ci-ilin-secki-neticelerine-mudaxile-etmis-ola-biler\\\/\",\"name\":\"Ke\u00e7mi\u015f C\u0130A r\u0259hb\u0259ri: Rusiya 2016-c\u0131 ilin se\u00e7ki n\u0259tic\u0259l\u0259rin\u0259 m\u00fcdaxil\u0259 etmi\u015f ola bil\u0259r - MEYDAN.TV\",\"isPartOf\":{\"@id\":\"https:\\\/\\\/www.meydan.tv\\\/az\\\/#website\"},\"primaryImageOfPage\":{\"@id\":\"https:\\\/\\\/www.meydan.tv\\\/az\\\/article\\\/kecmis-cia-rehberi-rusiya-2016-ci-ilin-secki-neticelerine-mudaxile-etmis-ola-biler\\\/#primaryimage\"},\"image\":{\"@id\":\"https:\\\/\\\/www.meydan.tv\\\/az\\\/article\\\/kecmis-cia-rehberi-rusiya-2016-ci-ilin-secki-neticelerine-mudaxile-etmis-ola-biler\\\/#primaryimage\"},\"thumbnailUrl\":\"https:\\\/\\\/www.meydan.tv\\\/wp-content\\\/uploads\\\/john-brennan.jpg\",\"datePublished\":\"2019-10-31T18:16:03+00:00\",\"breadcrumb\":{\"@id\":\"https:\\\/\\\/www.meydan.tv\\\/az\\\/article\\\/kecmis-cia-rehberi-rusiya-2016-ci-ilin-secki-neticelerine-mudaxile-etmis-ola-biler\\\/#breadcrumb\"},\"inLanguage\":\"az\",\"potentialAction\":[{\"@type\":\"ReadAction\",\"target\":[\"https:\\\/\\\/www.meydan.tv\\\/az\\\/article\\\/kecmis-cia-rehberi-rusiya-2016-ci-ilin-secki-neticelerine-mudaxile-etmis-ola-biler\\\/\"]}]},{\"@type\":\"ImageObject\",\"inLanguage\":\"az\",\"@id\":\"https:\\\/\\\/www.meydan.tv\\\/az\\\/article\\\/kecmis-cia-rehberi-rusiya-2016-ci-ilin-secki-neticelerine-mudaxile-etmis-ola-biler\\\/#primaryimage\",\"url\":\"https:\\\/\\\/www.meydan.tv\\\/wp-content\\\/uploads\\\/john-brennan.jpg\",\"contentUrl\":\"https:\\\/\\\/www.meydan.tv\\\/wp-content\\\/uploads\\\/john-brennan.jpg\",\"width\":1000,\"height\":563,\"caption\":\"Source: google\"},{\"@type\":\"BreadcrumbList\",\"@id\":\"https:\\\/\\\/www.meydan.tv\\\/az\\\/article\\\/kecmis-cia-rehberi-rusiya-2016-ci-ilin-secki-neticelerine-mudaxile-etmis-ola-biler\\\/#breadcrumb\",\"itemListElement\":[{\"@type\":\"ListItem\",\"position\":1,\"name\":\"Ana s\u0259hif\u0259\",\"item\":\"https:\\\/\\\/www.meydan.tv\\\/az\\\/\"},{\"@type\":\"ListItem\",\"position\":2,\"name\":\"D\u00fcnya\",\"item\":\"https:\\\/\\\/www.meydan.tv\\\/az\\\/section\\\/dunya\\\/\"},{\"@type\":\"ListItem\",\"position\":3,\"name\":\"Ke\u00e7mi\u015f C\u0130A r\u0259hb\u0259ri: Rusiya 2016-c\u0131 ilin se\u00e7ki n\u0259tic\u0259l\u0259rin\u0259 m\u00fcdaxil\u0259 etmi\u015f ola bil\u0259r\"}]},{\"@type\":\"WebSite\",\"@id\":\"https:\\\/\\\/www.meydan.tv\\\/az\\\/#website\",\"url\":\"https:\\\/\\\/www.meydan.tv\\\/az\\\/\",\"name\":\"MEYDAN.TV\",\"description\":\"Meydan TV Az\u0259rbaycan\u0131n media m\u0259kan\u0131ndak\u0131 alternativ s\u0259sidir\",\"publisher\":{\"@id\":\"https:\\\/\\\/www.meydan.tv\\\/az\\\/#organization\"},\"potentialAction\":[{\"@type\":\"SearchAction\",\"target\":{\"@type\":\"EntryPoint\",\"urlTemplate\":\"https:\\\/\\\/www.meydan.tv\\\/az\\\/?s={search_term_string}\"},\"query-input\":{\"@type\":\"PropertyValueSpecification\",\"valueRequired\":true,\"valueName\":\"search_term_string\"}}],\"inLanguage\":\"az\"},{\"@type\":\"Organization\",\"@id\":\"https:\\\/\\\/www.meydan.tv\\\/az\\\/#organization\",\"name\":\"Meydan TV\",\"url\":\"https:\\\/\\\/www.meydan.tv\\\/az\\\/\",\"logo\":{\"@type\":\"ImageObject\",\"inLanguage\":\"az\",\"@id\":\"https:\\\/\\\/www.meydan.tv\\\/az\\\/#\\\/schema\\\/logo\\\/image\\\/\",\"url\":\"https:\\\/\\\/www.meydan.tv\\\/wp-content\\\/uploads\\\/2021\\\/07\\\/meydan-logo.svg\",\"contentUrl\":\"https:\\\/\\\/www.meydan.tv\\\/wp-content\\\/uploads\\\/2021\\\/07\\\/meydan-logo.svg\",\"width\":195,\"height\":46,\"caption\":\"Meydan TV\"},\"image\":{\"@id\":\"https:\\\/\\\/www.meydan.tv\\\/az\\\/#\\\/schema\\\/logo\\\/image\\\/\"}},{\"@type\":\"Person\",\"@id\":\"https:\\\/\\\/www.meydan.tv\\\/az\\\/#\\\/schema\\\/person\\\/10d11eccf6da3662cf5fdab9806ea91a\",\"name\":\"user-manager\"}]}<\/script>\n<!-- \/ Yoast SEO plugin. -->","yoast_head_json":{"title":"Ke\u00e7mi\u015f C\u0130A r\u0259hb\u0259ri: Rusiya 2016-c\u0131 ilin se\u00e7ki n\u0259tic\u0259l\u0259rin\u0259 m\u00fcdaxil\u0259 etmi\u015f ola bil\u0259r - MEYDAN.TV","robots":{"index":"index","follow":"follow","max-snippet":"max-snippet:-1","max-image-preview":"max-image-preview:large","max-video-preview":"max-video-preview:-1"},"canonical":"https:\/\/www.meydan.tv\/az\/article\/kecmis-cia-rehberi-rusiya-2016-ci-ilin-secki-neticelerine-mudaxile-etmis-ola-biler\/","og_locale":"az_AZ","og_type":"article","og_title":"Ke\u00e7mi\u015f C\u0130A r\u0259hb\u0259ri: Rusiya 2016-c\u0131 ilin se\u00e7ki n\u0259tic\u0259l\u0259rin\u0259 m\u00fcdaxil\u0259 etmi\u015f ola bil\u0259r - MEYDAN.TV","og_description":"\u201cRusiyan\u0131n bu s\u0259yl\u0259ri \u0259n az\u0131 bir se\u00e7icinin fikrini d\u0259yi\u015fdirib\u201d","og_url":"https:\/\/www.meydan.tv\/az\/article\/kecmis-cia-rehberi-rusiya-2016-ci-ilin-secki-neticelerine-mudaxile-etmis-ola-biler\/","og_site_name":"MEYDAN.TV","article_published_time":"2019-10-31T18:16:03+00:00","og_image":[{"width":1000,"height":563,"url":"https:\/\/www.meydan.tv\/wp-content\/uploads\/john-brennan.jpg","type":"image\/jpeg"}],"author":"user-manager","twitter_card":"summary_large_image","schema":{"@context":"https:\/\/schema.org","@graph":[{"@type":"Article","@id":"https:\/\/www.meydan.tv\/az\/article\/kecmis-cia-rehberi-rusiya-2016-ci-ilin-secki-neticelerine-mudaxile-etmis-ola-biler\/#article","isPartOf":{"@id":"https:\/\/www.meydan.tv\/az\/article\/kecmis-cia-rehberi-rusiya-2016-ci-ilin-secki-neticelerine-mudaxile-etmis-ola-biler\/"},"author":{"name":"user-manager","@id":"https:\/\/www.meydan.tv\/az\/#\/schema\/person\/10d11eccf6da3662cf5fdab9806ea91a"},"headline":"Ke\u00e7mi\u015f C\u0130A r\u0259hb\u0259ri: Rusiya 2016-c\u0131 ilin se\u00e7ki n\u0259tic\u0259l\u0259rin\u0259 m\u00fcdaxil\u0259 etmi\u015f ola bil\u0259r","datePublished":"2019-10-31T18:16:03+00:00","mainEntityOfPage":{"@id":"https:\/\/www.meydan.tv\/az\/article\/kecmis-cia-rehberi-rusiya-2016-ci-ilin-secki-neticelerine-mudaxile-etmis-ola-biler\/"},"wordCount":289,"publisher":{"@id":"https:\/\/www.meydan.tv\/az\/#organization"},"image":{"@id":"https:\/\/www.meydan.tv\/az\/article\/kecmis-cia-rehberi-rusiya-2016-ci-ilin-secki-neticelerine-mudaxile-etmis-ola-biler\/#primaryimage"},"thumbnailUrl":"https:\/\/www.meydan.tv\/wp-content\/uploads\/john-brennan.jpg","articleSection":["D\u00fcnya"],"inLanguage":"az"},{"@type":"WebPage","@id":"https:\/\/www.meydan.tv\/az\/article\/kecmis-cia-rehberi-rusiya-2016-ci-ilin-secki-neticelerine-mudaxile-etmis-ola-biler\/","url":"https:\/\/www.meydan.tv\/az\/article\/kecmis-cia-rehberi-rusiya-2016-ci-ilin-secki-neticelerine-mudaxile-etmis-ola-biler\/","name":"Ke\u00e7mi\u015f C\u0130A r\u0259hb\u0259ri: Rusiya 2016-c\u0131 ilin se\u00e7ki n\u0259tic\u0259l\u0259rin\u0259 m\u00fcdaxil\u0259 etmi\u015f ola bil\u0259r - MEYDAN.TV","isPartOf":{"@id":"https:\/\/www.meydan.tv\/az\/#website"},"primaryImageOfPage":{"@id":"https:\/\/www.meydan.tv\/az\/article\/kecmis-cia-rehberi-rusiya-2016-ci-ilin-secki-neticelerine-mudaxile-etmis-ola-biler\/#primaryimage"},"image":{"@id":"https:\/\/www.meydan.tv\/az\/article\/kecmis-cia-rehberi-rusiya-2016-ci-ilin-secki-neticelerine-mudaxile-etmis-ola-biler\/#primaryimage"},"thumbnailUrl":"https:\/\/www.meydan.tv\/wp-content\/uploads\/john-brennan.jpg","datePublished":"2019-10-31T18:16:03+00:00","breadcrumb":{"@id":"https:\/\/www.meydan.tv\/az\/article\/kecmis-cia-rehberi-rusiya-2016-ci-ilin-secki-neticelerine-mudaxile-etmis-ola-biler\/#breadcrumb"},"inLanguage":"az","potentialAction":[{"@type":"ReadAction","target":["https:\/\/www.meydan.tv\/az\/article\/kecmis-cia-rehberi-rusiya-2016-ci-ilin-secki-neticelerine-mudaxile-etmis-ola-biler\/"]}]},{"@type":"ImageObject","inLanguage":"az","@id":"https:\/\/www.meydan.tv\/az\/article\/kecmis-cia-rehberi-rusiya-2016-ci-ilin-secki-neticelerine-mudaxile-etmis-ola-biler\/#primaryimage","url":"https:\/\/www.meydan.tv\/wp-content\/uploads\/john-brennan.jpg","contentUrl":"https:\/\/www.meydan.tv\/wp-content\/uploads\/john-brennan.jpg","width":1000,"height":563,"caption":"Source: google"},{"@type":"BreadcrumbList","@id":"https:\/\/www.meydan.tv\/az\/article\/kecmis-cia-rehberi-rusiya-2016-ci-ilin-secki-neticelerine-mudaxile-etmis-ola-biler\/#breadcrumb","itemListElement":[{"@type":"ListItem","position":1,"name":"Ana s\u0259hif\u0259","item":"https:\/\/www.meydan.tv\/az\/"},{"@type":"ListItem","position":2,"name":"D\u00fcnya","item":"https:\/\/www.meydan.tv\/az\/section\/dunya\/"},{"@type":"ListItem","position":3,"name":"Ke\u00e7mi\u015f C\u0130A r\u0259hb\u0259ri: Rusiya 2016-c\u0131 ilin se\u00e7ki n\u0259tic\u0259l\u0259rin\u0259 m\u00fcdaxil\u0259 etmi\u015f ola bil\u0259r"}]},{"@type":"WebSite","@id":"https:\/\/www.meydan.tv\/az\/#website","url":"https:\/\/www.meydan.tv\/az\/","name":"MEYDAN.TV","description":"Meydan TV Az\u0259rbaycan\u0131n media m\u0259kan\u0131ndak\u0131 alternativ s\u0259sidir","publisher":{"@id":"https:\/\/www.meydan.tv\/az\/#organization"},"potentialAction":[{"@type":"SearchAction","target":{"@type":"EntryPoint","urlTemplate":"https:\/\/www.meydan.tv\/az\/?s={search_term_string}"},"query-input":{"@type":"PropertyValueSpecification","valueRequired":true,"valueName":"search_term_string"}}],"inLanguage":"az"},{"@type":"Organization","@id":"https:\/\/www.meydan.tv\/az\/#organization","name":"Meydan TV","url":"https:\/\/www.meydan.tv\/az\/","logo":{"@type":"ImageObject","inLanguage":"az","@id":"https:\/\/www.meydan.tv\/az\/#\/schema\/logo\/image\/","url":"https:\/\/www.meydan.tv\/wp-content\/uploads\/2021\/07\/meydan-logo.svg","contentUrl":"https:\/\/www.meydan.tv\/wp-content\/uploads\/2021\/07\/meydan-logo.svg","width":195,"height":46,"caption":"Meydan TV"},"image":{"@id":"https:\/\/www.meydan.tv\/az\/#\/schema\/logo\/image\/"}},{"@type":"Person","@id":"https:\/\/www.meydan.tv\/az\/#\/schema\/person\/10d11eccf6da3662cf5fdab9806ea91a","name":"user-manager"}]}},"_links":{"self":[{"href":"https:\/\/www.meydan.tv\/az\/wp-json\/wp\/v2\/posts\/197747","targetHints":{"allow":["GET"]}}],"collection":[{"href":"https:\/\/www.meydan.tv\/az\/wp-json\/wp\/v2\/posts"}],"about":[{"href":"https:\/\/www.meydan.tv\/az\/wp-json\/wp\/v2\/types\/post"}],"author":[{"embeddable":true,"href":"https:\/\/www.meydan.tv\/az\/wp-json\/wp\/v2\/users\/11"}],"replies":[{"embeddable":true,"href":"https:\/\/www.meydan.tv\/az\/wp-json\/wp\/v2\/comments?post=197747"}],"version-history":[{"count":0,"href":"https:\/\/www.meydan.tv\/az\/wp-json\/wp\/v2\/posts\/197747\/revisions"}],"wp:featuredmedia":[{"embeddable":true,"href":"https:\/\/www.meydan.tv\/az\/wp-json\/wp\/v2\/media\/132581"}],"wp:attachment":[{"href":"https:\/\/www.meydan.tv\/az\/wp-json\/wp\/v2\/media?parent=197747"}],"wp:term":[{"taxonomy":"category","embeddable":true,"href":"https:\/\/www.meydan.tv\/az\/wp-json\/wp\/v2\/categories?post=197747"},{"taxonomy":"post_tag","embeddable":true,"href":"https:\/\/www.meydan.tv\/az\/wp-json\/wp\/v2\/tags?post=197747"}],"curies":[{"name":"wp","href":"https:\/\/api.w.org\/{rel}","templated":true}]}}