{"id":197738,"date":"2019-10-31T11:31:48","date_gmt":"2019-10-31T11:31:48","guid":{"rendered":"https:\/\/www.meydan.tv\/article\/saatlinin-issiz-sakini-usaqlar-ac-yatir-seher-de-oyanib-mektebe-ac-gedirler\/"},"modified":"2019-10-31T11:31:48","modified_gmt":"2019-10-31T11:31:48","slug":"saatlinin-issiz-sakini-usaqlar-ac-yatir-seher-de-oyanib-mektebe-ac-gedirler","status":"publish","type":"post","link":"https:\/\/www.meydan.tv\/az\/article\/saatlinin-issiz-sakini-usaqlar-ac-yatir-seher-de-oyanib-mektebe-ac-gedirler\/","title":{"rendered":"Saatl\u0131n\u0131n i\u015fsiz sakini: \u201cU\u015faqlar ac yat\u0131r, s\u0259h\u0259r d\u0259 oyan\u0131b m\u0259kt\u0259b\u0259 ac gedirl\u0259r\u201d"},"content":{"rendered":"<p>\n  \u201cSa\u011flaml\u0131\u011f\u0131m, psixi durumum yerind\u0259, \u0259m\u0259k f\u0259aliyy\u0259ti il\u0259 m\u0259\u015f\u011ful olma\u011f\u0131m \u00fc\u00e7\u00fcn he\u00e7 bir fiziki, psixi \u0259ng\u0259lim yoxdur, normal insanam, ill\u0259rl\u0259 ba\u015fqa \u00f6lk\u0259d\u0259 i\u015fl\u0259yib, g\u0259tirib balalar\u0131m\u0131 saxlam\u0131\u015fam. Ancaq rayona qay\u0131dandan i\u015f tapa bilmir\u0259m. M\u0259murlar prezidenti aldad\u0131rlar ki, Saatl\u0131da minl\u0259rl\u0259 i\u015f yeri a\u00e7\u0131l\u0131b, i\u015fsiz qalmay\u0131b. Saatl\u0131ya g\u0259ls\u0259niz, m\u0259n sizi minl\u0259rl\u0259 i\u015fsizl\u0259 tan\u0131\u015f ed\u0259r\u0259m, hans\u0131 ki, m\u0259nim kimi, i\u015f \u00fc\u00e7\u00fcn burunlar\u0131n\u0131n ucu g\u00f6yn\u0259yir\u201d.\n<\/p>\n<p>\n  Saatl\u0131 rayonu, Saatl\u0131 2 q\u0259s\u0259b\u0259sind\u0259 ya\u015fayan K\u0259nan Abbasov Meydan TV-y\u0259 i\u015fsizlikd\u0259n gileyl\u0259nir. \u0130ll\u0259rl\u0259 Rusiyada \u201cQazel\u201d makral\u0131 \u015f\u0259xsi y\u00fck ma\u015f\u0131n\u0131yla y\u00fck da\u015f\u0131maqla m\u0259\u015f\u011ful olub, ail\u0259sini doland\u0131r\u0131b. Bu ilin iyulunda s\u0259n\u0259dl\u0259rind\u0259ki \u00e7at\u0131\u015fmazl\u0131qlara g\u00f6r\u0259 Rusiyadan deport olunub. Rayona qay\u0131dandan vacib m\u0259s\u0259l\u0259 olan i\u015fsizliyi h\u0259l\u0259 d\u0259 h\u0259ll ed\u0259 bilm\u0259yib. Bu is\u0259 onun ail\u0259 durumuna m\u0259nfi t\u0259sir g\u00f6st\u0259rir.\n<\/p>\n<h3>\n  \u201cBiri ayaqqab\u0131 ald\u0131, bir paltar, biri \u00e7anta&#8230;\u201d<br \/>\n<\/h3>\n<p>\n  \u201cU\u015faqlardan birinin 8, dig\u0259rinin 10 ya\u015f\u0131 var. Onlar\u0131 m\u0259kt\u0259b\u0259 yax\u015f\u0131 adamlar\u0131n yard\u0131m\u0131yla g\u00f6nd\u0259rdim. Biri ayaqqab\u0131s\u0131n\u0131 ald\u0131, biri paltar\u0131n\u0131, biri \u00e7antas\u0131n\u0131&#8230; U\u015faqlar ax\u015famdan nec\u0259 ac yat\u0131rlarsa, s\u0259h\u0259r yuxudan oyan\u0131b m\u0259kt\u0259b\u0259 ac gedirl\u0259r. Vaxtil\u0259 Rusiyada qazan\u0131b ail\u0259mi saxlay\u0131rd\u0131m, indi s\u00fcfr\u0259y\u0259 qoyma\u011fa bir par\u00e7a \u00e7\u00f6r\u0259yim yoxdur. Balaca evi Rusiyada i\u015fl\u0259yib qazand\u0131\u011f\u0131m pulla tikdim, ancaq sonradan g\u0259lib burda i\u015fsiz qald\u0131m dey\u0259, h\u0259r i\u015fim kimi, evimin i\u015fl\u0259ri d\u0259 yar\u0131m\u00e7\u0131q qald\u0131. U\u015faqlar x\u0259st\u0259l\u0259nir, d\u0259rman alma\u011fa pul tapm\u0131r\u0131q. \u0130\u015f \u00fc\u00e7\u00fcn rayonda m\u00fcraci\u0259t etm\u0259diyim idar\u0259, qurum qalmay\u0131b\u201d, &#8211; K\u0259nan Abbasov deyir.\n<\/p>\n<h3>\n  \u201cPrezident Administrasiyas\u0131 da m\u0259ni yola verdi\u201d<br \/>\n<\/h3>\n<p>\n  Onun s\u00f6zl\u0259rin\u0259 g\u00f6r\u0259, \u0259lind\u0259n s\u00fcr\u00fcc\u00fcl\u00fck, qaynaq, r\u0259ngsaz, suvaq i\u015fl\u0259ri g\u0259lir. M\u0259\u015f\u011fulluq M\u0259rk\u0259zin\u0259 v\u0259 icra hakimiyy\u0259tin\u0259 i\u015f \u00fc\u00e7\u00fcn etdiyi m\u00fcraci\u0259tl\u0259rin\u0259 m\u00fcsb\u0259t cavab almayanda Bak\u0131ya \u2013 Prezident Administrasiyas\u0131na \u00fcz tutub:\n<\/p>\n<p>\n  \u201cS\u0259hv etmir\u0259ms\u0259, oktyabr\u0131n 12-si idi, u\u015faqlar\u0131 da y\u0131\u011f\u0131b getdim Bak\u0131ya, Prezident Administrasiyas\u0131nda m\u0259ni bir xan\u0131m q\u0259bul etdi, dedi, bura niy\u0259 g\u0259lmis\u0259n, burda i\u015f paylam\u0131rlar, qay\u0131t rayona, icra hakimiyy\u0259tinin ba\u015f\u00e7\u0131s\u0131na tap\u015f\u0131raca\u011f\u0131q, s\u0259n\u0259 i\u015f ver\u0259c\u0259kl\u0259r. Rayona qay\u0131dan kimi birinci icra hakimiyy\u0259tin\u0259 getdim, ba\u015f\u00e7\u0131 il\u0259 g\u00f6r\u00fc\u015fm\u0259k ist\u0259s\u0259m d\u0259, q\u0259bul etm\u0259di. Dedim, m\u0259ni ba\u015f\u00e7\u0131n\u0131n q\u0259buluna burax\u0131n, o boyda Prezident Administrasiyas\u0131 tap\u015f\u0131r\u0131b ki, ba\u015f\u00e7\u0131 m\u0259n\u0259 i\u015f versin, niy\u0259 yan\u0131na buraxm\u0131rs\u0131z? G\u00fcld\u00fcl\u0259r, dedil\u0259r, s\u0259n yen\u0259 M\u0259\u015f\u011fulluq M\u0259rk\u0259zin\u0259 m\u00fcraci\u0259t el\u0259, ba\u015f\u00e7\u0131da i\u015f yoxdur\u201d.\n<\/p>\n<figure class=\"wp-block-image size-large\">\n  <img decoding=\"async\" src=\"https:\/\/www.meydan.tv\/az\/copy-of-untitled-design-png-13\/\" alt=\"Copy of Untitled Design.png\" class=\"wp-image-132548\"\/><figcaption>\n    Saatl\u0131 rayonu, Saatl\u0131 2 q\u0259s\u0259b\u0259sind\u0259 ya\u015fayan K\u0259nan Abbasov v\u0259 ail\u0259si<br \/>\n  <\/figcaption><\/figure>\n<h3>\n  \u201c\u0130\u015f \u00fc\u00e7\u00fcn gedirs\u0259n, deyirl\u0259r, get, otur evd\u0259&#8230;\u201d<br \/>\n<\/h3>\n<p>\n  K\u0259nan Abbasovun dem\u0259sin\u0259 g\u00f6r\u0259, iki h\u0259ft\u0259dir ki, M\u0259\u015f\u011fulluq M\u0259rk\u0259zin\u0259 m\u00fcraci\u0259t edib. Ona bildirilib ki, \u0259ziyy\u0259t \u00e7\u0259kib m\u0259rk\u0259z\u0259 g\u0259lm\u0259sin, i\u015f olanda \u00f6zl\u0259ri z\u0259ng vurub m\u0259lumat ver\u0259c\u0259kl\u0259r. K\u0259nan Abbasov da iki h\u0259ft\u0259 \u0259rzind\u0259 z\u0259ng g\u00f6zl\u0259dikd\u0259n sonra oktyabr\u0131n 29-da yen\u0259 M\u0259\u015f\u011fulluq M\u0259rk\u0259zin\u0259 gedib:\n<\/p>\n<p>\n  \u201cQap\u0131dan gir\u0259nd\u0259 d\u0259 soru\u015furlar, s\u0259n yen\u0259 g\u0259ldin? S\u0259n\u0259 dedik ax\u0131, otur evd\u0259, uy\u011fun i\u015f olanda z\u0259ng vurub x\u0259b\u0259r ed\u0259c\u0259yik. \u0130\u015f oras\u0131ndad\u0131r ki, hara i\u015f \u00fc\u00e7\u00fcn gedirs\u0259n, deyirl\u0259r, get, otur evd\u0259&#8230; Ham\u0131 ev\u0259 yola sal\u0131r. Ba\u015fa sala da bilmirs\u0259n ki, evd\u0259 bir di\u015fl\u0259k \u00e7\u00f6r\u0259k yoxdur, m\u0259n ora \u0259libo\u015f nec\u0259 qay\u0131d\u0131m? \u0130\u015f verin, i\u015fl\u0259yim, he\u00e7 olmasa bir qar\u0131n \u00e7\u00f6r\u0259yin pulunu qazan\u0131m, tifill\u0259rim ac\u0131ndan \u00f6lm\u0259sin\u201d.\n<\/p>\n<h3>\n  \u201c\u0130\u015f olanda m\u0259lumat ver\u0259c\u0259yik\u201d<br \/>\n<\/h3>\n<p>\n  Saatl\u0131 rayon M\u0259\u015f\u011fulluq M\u0259rk\u0259zind\u0259n Meydan TV-y\u0259 bildirilib ki, K\u0259nan Abbasov i\u015f \u00fc\u00e7\u00fcn yeni m\u00fcraci\u0259t edib, o, \u00f6z\u00fcn\u0259 s\u00fcr\u00fcc\u00fc i\u015fi axtar\u0131r: \u201cRayonda s\u00fcr\u00fcc\u00fc i\u015fi \u00fc\u00e7\u00fcn daha \u0259vv\u0259l m\u00fcraci\u0259t ed\u0259n i\u015fsizl\u0259r var, i\u015f\u00e7i axtaranlar m\u00fcraci\u0259t etdikc\u0259, i\u015fsizl\u0259r\u0259 i\u015f yerl\u0259ri t\u0259klif olunur. K\u0259nan Abbasova uy\u011fun i\u015f olanda m\u0259lumatland\u0131r\u0131lacaq, ba\u015fqa he\u00e7 n\u0259 dey\u0259 bilm\u0259rik\u201d.\n<\/p>\n<p>\n  H\u00f6kum\u0259t elan edib ki, 2030-cu il\u0259d\u0259k i\u015fsizlik s\u0259viyy\u0259sini be\u015f faizd\u0259n d\u00f6rd faiz\u0259 endir\u0259c\u0259k.\u00a0\u00a0D\u00fcz bir il \u0259vv\u0259l \u2013 \u00f6t\u0259n il oktyabr\u0131n 30-da prezident \u0130lham \u018fliyev bu bar\u0259d\u0259 s\u0259n\u0259di &#8211; M\u0259\u015f\u011fulluq Strategiyas\u0131n\u0131 imzalay\u0131b. S\u0259n\u0259d 2019-2030-cu ill\u0259rd\u0259 i\u015fsizliyi azaltmaq \u00fc\u00e7\u00fcn t\u0259dbirl\u0259ri\u00a0\u00a0n\u0259z\u0259rd\u0259 tutur. Ancaq el\u0259 h\u0259min vaxt t\u0259nqid\u00e7il\u0259r s\u0259n\u0259di sual alt\u0131na alaraq iddia edirdil\u0259r ki, i\u015fsizlik statistikas\u0131 reall\u0131\u011f\u0131 \u0259ks etdirmir. H\u00f6kum\u0259tin iddia etdiyi kimi, \u00f6lk\u0259d\u0259 i\u015fsizliyin s\u0259viyy\u0259si 5 yox, 30 faiz\u0259 yax\u0131nd\u0131r.<\/p>\n","protected":false},"excerpt":{"rendered":"<p>K\u0259nan Abbasov iki azya\u015fl\u0131 \u00f6vlad\u0131n\u0131 b\u00f6y\u00fctm\u0259k \u00fc\u00e7\u00fcn i\u015f axtar\u0131\u015f\u0131ndad\u0131r<\/p>\n","protected":false},"author":11,"featured_media":132542,"comment_status":"closed","ping_status":"open","sticky":false,"template":"","format":"standard","meta":{"_acf_changed":false,"_sitemap_exclude":false,"_sitemap_priority":"","_sitemap_frequency":"","footnotes":""},"categories":[60],"tags":[],"class_list":["post-197738","post","type-post","status-publish","format-standard","has-post-thumbnail","hentry","category-bolge","infinite-scroll-item","generate-columns","tablet-grid-50","mobile-grid-100","grid-parent","grid-33","no-featured-image-padding"],"acf":[],"yoast_head":"<!-- This site is optimized with the Yoast SEO plugin v27.5 - https:\/\/yoast.com\/product\/yoast-seo-wordpress\/ -->\n<title>Saatl\u0131n\u0131n i\u015fsiz sakini: \u201cU\u015faqlar ac yat\u0131r, s\u0259h\u0259r d\u0259 oyan\u0131b m\u0259kt\u0259b\u0259 ac gedirl\u0259r\u201d - MEYDAN.TV<\/title>\n<meta name=\"robots\" content=\"index, follow, max-snippet:-1, max-image-preview:large, max-video-preview:-1\" \/>\n<link rel=\"canonical\" href=\"https:\/\/www.meydan.tv\/az\/article\/saatlinin-issiz-sakini-usaqlar-ac-yatir-seher-de-oyanib-mektebe-ac-gedirler\/\" \/>\n<meta property=\"og:locale\" content=\"az_AZ\" \/>\n<meta property=\"og:type\" content=\"article\" \/>\n<meta property=\"og:title\" content=\"Saatl\u0131n\u0131n i\u015fsiz sakini: \u201cU\u015faqlar ac yat\u0131r, s\u0259h\u0259r d\u0259 oyan\u0131b m\u0259kt\u0259b\u0259 ac gedirl\u0259r\u201d - MEYDAN.TV\" \/>\n<meta property=\"og:description\" content=\"K\u0259nan Abbasov iki azya\u015fl\u0131 \u00f6vlad\u0131n\u0131 b\u00f6y\u00fctm\u0259k \u00fc\u00e7\u00fcn i\u015f axtar\u0131\u015f\u0131ndad\u0131r\" \/>\n<meta property=\"og:url\" content=\"https:\/\/www.meydan.tv\/az\/article\/saatlinin-issiz-sakini-usaqlar-ac-yatir-seher-de-oyanib-mektebe-ac-gedirler\/\" \/>\n<meta property=\"og:site_name\" content=\"MEYDAN.TV\" \/>\n<meta property=\"article:published_time\" content=\"2019-10-31T11:31:48+00:00\" \/>\n<meta property=\"og:image\" content=\"https:\/\/www.meydan.tv\/wp-content\/uploads\/reg_saatli_issiz_kenan_abbasov_2.jpg\" \/>\n\t<meta property=\"og:image:width\" content=\"1280\" \/>\n\t<meta property=\"og:image:height\" content=\"768\" \/>\n\t<meta property=\"og:image:type\" content=\"image\/jpeg\" \/>\n<meta name=\"author\" content=\"user-manager\" \/>\n<meta name=\"twitter:card\" content=\"summary_large_image\" \/>\n<script type=\"application\/ld+json\" class=\"yoast-schema-graph\">{\"@context\":\"https:\\\/\\\/schema.org\",\"@graph\":[{\"@type\":\"Article\",\"@id\":\"https:\\\/\\\/www.meydan.tv\\\/az\\\/article\\\/saatlinin-issiz-sakini-usaqlar-ac-yatir-seher-de-oyanib-mektebe-ac-gedirler\\\/#article\",\"isPartOf\":{\"@id\":\"https:\\\/\\\/www.meydan.tv\\\/az\\\/article\\\/saatlinin-issiz-sakini-usaqlar-ac-yatir-seher-de-oyanib-mektebe-ac-gedirler\\\/\"},\"author\":{\"name\":\"user-manager\",\"@id\":\"https:\\\/\\\/www.meydan.tv\\\/az\\\/#\\\/schema\\\/person\\\/10d11eccf6da3662cf5fdab9806ea91a\"},\"headline\":\"Saatl\u0131n\u0131n i\u015fsiz sakini: \u201cU\u015faqlar ac yat\u0131r, s\u0259h\u0259r d\u0259 oyan\u0131b m\u0259kt\u0259b\u0259 ac gedirl\u0259r\u201d\",\"datePublished\":\"2019-10-31T11:31:48+00:00\",\"mainEntityOfPage\":{\"@id\":\"https:\\\/\\\/www.meydan.tv\\\/az\\\/article\\\/saatlinin-issiz-sakini-usaqlar-ac-yatir-seher-de-oyanib-mektebe-ac-gedirler\\\/\"},\"wordCount\":931,\"publisher\":{\"@id\":\"https:\\\/\\\/www.meydan.tv\\\/az\\\/#organization\"},\"image\":{\"@id\":\"https:\\\/\\\/www.meydan.tv\\\/az\\\/article\\\/saatlinin-issiz-sakini-usaqlar-ac-yatir-seher-de-oyanib-mektebe-ac-gedirler\\\/#primaryimage\"},\"thumbnailUrl\":\"https:\\\/\\\/www.meydan.tv\\\/wp-content\\\/uploads\\\/reg_saatli_issiz_kenan_abbasov_2.jpg\",\"articleSection\":[\"B\u00f6lg\u0259\"],\"inLanguage\":\"az\"},{\"@type\":\"WebPage\",\"@id\":\"https:\\\/\\\/www.meydan.tv\\\/az\\\/article\\\/saatlinin-issiz-sakini-usaqlar-ac-yatir-seher-de-oyanib-mektebe-ac-gedirler\\\/\",\"url\":\"https:\\\/\\\/www.meydan.tv\\\/az\\\/article\\\/saatlinin-issiz-sakini-usaqlar-ac-yatir-seher-de-oyanib-mektebe-ac-gedirler\\\/\",\"name\":\"Saatl\u0131n\u0131n i\u015fsiz sakini: \u201cU\u015faqlar ac yat\u0131r, s\u0259h\u0259r d\u0259 oyan\u0131b m\u0259kt\u0259b\u0259 ac gedirl\u0259r\u201d - MEYDAN.TV\",\"isPartOf\":{\"@id\":\"https:\\\/\\\/www.meydan.tv\\\/az\\\/#website\"},\"primaryImageOfPage\":{\"@id\":\"https:\\\/\\\/www.meydan.tv\\\/az\\\/article\\\/saatlinin-issiz-sakini-usaqlar-ac-yatir-seher-de-oyanib-mektebe-ac-gedirler\\\/#primaryimage\"},\"image\":{\"@id\":\"https:\\\/\\\/www.meydan.tv\\\/az\\\/article\\\/saatlinin-issiz-sakini-usaqlar-ac-yatir-seher-de-oyanib-mektebe-ac-gedirler\\\/#primaryimage\"},\"thumbnailUrl\":\"https:\\\/\\\/www.meydan.tv\\\/wp-content\\\/uploads\\\/reg_saatli_issiz_kenan_abbasov_2.jpg\",\"datePublished\":\"2019-10-31T11:31:48+00:00\",\"breadcrumb\":{\"@id\":\"https:\\\/\\\/www.meydan.tv\\\/az\\\/article\\\/saatlinin-issiz-sakini-usaqlar-ac-yatir-seher-de-oyanib-mektebe-ac-gedirler\\\/#breadcrumb\"},\"inLanguage\":\"az\",\"potentialAction\":[{\"@type\":\"ReadAction\",\"target\":[\"https:\\\/\\\/www.meydan.tv\\\/az\\\/article\\\/saatlinin-issiz-sakini-usaqlar-ac-yatir-seher-de-oyanib-mektebe-ac-gedirler\\\/\"]}]},{\"@type\":\"ImageObject\",\"inLanguage\":\"az\",\"@id\":\"https:\\\/\\\/www.meydan.tv\\\/az\\\/article\\\/saatlinin-issiz-sakini-usaqlar-ac-yatir-seher-de-oyanib-mektebe-ac-gedirler\\\/#primaryimage\",\"url\":\"https:\\\/\\\/www.meydan.tv\\\/wp-content\\\/uploads\\\/reg_saatli_issiz_kenan_abbasov_2.jpg\",\"contentUrl\":\"https:\\\/\\\/www.meydan.tv\\\/wp-content\\\/uploads\\\/reg_saatli_issiz_kenan_abbasov_2.jpg\",\"width\":1280,\"height\":768,\"caption\":\"Source: Meydan TV\"},{\"@type\":\"BreadcrumbList\",\"@id\":\"https:\\\/\\\/www.meydan.tv\\\/az\\\/article\\\/saatlinin-issiz-sakini-usaqlar-ac-yatir-seher-de-oyanib-mektebe-ac-gedirler\\\/#breadcrumb\",\"itemListElement\":[{\"@type\":\"ListItem\",\"position\":1,\"name\":\"Ana s\u0259hif\u0259\",\"item\":\"https:\\\/\\\/www.meydan.tv\\\/az\\\/\"},{\"@type\":\"ListItem\",\"position\":2,\"name\":\"B\u00f6lg\u0259\",\"item\":\"https:\\\/\\\/www.meydan.tv\\\/az\\\/section\\\/bolge\\\/\"},{\"@type\":\"ListItem\",\"position\":3,\"name\":\"Saatl\u0131n\u0131n i\u015fsiz sakini: \u201cU\u015faqlar ac yat\u0131r, s\u0259h\u0259r d\u0259 oyan\u0131b m\u0259kt\u0259b\u0259 ac gedirl\u0259r\u201d\"}]},{\"@type\":\"WebSite\",\"@id\":\"https:\\\/\\\/www.meydan.tv\\\/az\\\/#website\",\"url\":\"https:\\\/\\\/www.meydan.tv\\\/az\\\/\",\"name\":\"MEYDAN.TV\",\"description\":\"Meydan TV Az\u0259rbaycan\u0131n media m\u0259kan\u0131ndak\u0131 alternativ s\u0259sidir\",\"publisher\":{\"@id\":\"https:\\\/\\\/www.meydan.tv\\\/az\\\/#organization\"},\"potentialAction\":[{\"@type\":\"SearchAction\",\"target\":{\"@type\":\"EntryPoint\",\"urlTemplate\":\"https:\\\/\\\/www.meydan.tv\\\/az\\\/?s={search_term_string}\"},\"query-input\":{\"@type\":\"PropertyValueSpecification\",\"valueRequired\":true,\"valueName\":\"search_term_string\"}}],\"inLanguage\":\"az\"},{\"@type\":\"Organization\",\"@id\":\"https:\\\/\\\/www.meydan.tv\\\/az\\\/#organization\",\"name\":\"Meydan TV\",\"url\":\"https:\\\/\\\/www.meydan.tv\\\/az\\\/\",\"logo\":{\"@type\":\"ImageObject\",\"inLanguage\":\"az\",\"@id\":\"https:\\\/\\\/www.meydan.tv\\\/az\\\/#\\\/schema\\\/logo\\\/image\\\/\",\"url\":\"https:\\\/\\\/www.meydan.tv\\\/wp-content\\\/uploads\\\/2021\\\/07\\\/meydan-logo.svg\",\"contentUrl\":\"https:\\\/\\\/www.meydan.tv\\\/wp-content\\\/uploads\\\/2021\\\/07\\\/meydan-logo.svg\",\"width\":195,\"height\":46,\"caption\":\"Meydan TV\"},\"image\":{\"@id\":\"https:\\\/\\\/www.meydan.tv\\\/az\\\/#\\\/schema\\\/logo\\\/image\\\/\"}},{\"@type\":\"Person\",\"@id\":\"https:\\\/\\\/www.meydan.tv\\\/az\\\/#\\\/schema\\\/person\\\/10d11eccf6da3662cf5fdab9806ea91a\",\"name\":\"user-manager\"}]}<\/script>\n<!-- \/ Yoast SEO plugin. -->","yoast_head_json":{"title":"Saatl\u0131n\u0131n i\u015fsiz sakini: \u201cU\u015faqlar ac yat\u0131r, s\u0259h\u0259r d\u0259 oyan\u0131b m\u0259kt\u0259b\u0259 ac gedirl\u0259r\u201d - MEYDAN.TV","robots":{"index":"index","follow":"follow","max-snippet":"max-snippet:-1","max-image-preview":"max-image-preview:large","max-video-preview":"max-video-preview:-1"},"canonical":"https:\/\/www.meydan.tv\/az\/article\/saatlinin-issiz-sakini-usaqlar-ac-yatir-seher-de-oyanib-mektebe-ac-gedirler\/","og_locale":"az_AZ","og_type":"article","og_title":"Saatl\u0131n\u0131n i\u015fsiz sakini: \u201cU\u015faqlar ac yat\u0131r, s\u0259h\u0259r d\u0259 oyan\u0131b m\u0259kt\u0259b\u0259 ac gedirl\u0259r\u201d - MEYDAN.TV","og_description":"K\u0259nan Abbasov iki azya\u015fl\u0131 \u00f6vlad\u0131n\u0131 b\u00f6y\u00fctm\u0259k \u00fc\u00e7\u00fcn i\u015f axtar\u0131\u015f\u0131ndad\u0131r","og_url":"https:\/\/www.meydan.tv\/az\/article\/saatlinin-issiz-sakini-usaqlar-ac-yatir-seher-de-oyanib-mektebe-ac-gedirler\/","og_site_name":"MEYDAN.TV","article_published_time":"2019-10-31T11:31:48+00:00","og_image":[{"width":1280,"height":768,"url":"https:\/\/www.meydan.tv\/wp-content\/uploads\/reg_saatli_issiz_kenan_abbasov_2.jpg","type":"image\/jpeg"}],"author":"user-manager","twitter_card":"summary_large_image","schema":{"@context":"https:\/\/schema.org","@graph":[{"@type":"Article","@id":"https:\/\/www.meydan.tv\/az\/article\/saatlinin-issiz-sakini-usaqlar-ac-yatir-seher-de-oyanib-mektebe-ac-gedirler\/#article","isPartOf":{"@id":"https:\/\/www.meydan.tv\/az\/article\/saatlinin-issiz-sakini-usaqlar-ac-yatir-seher-de-oyanib-mektebe-ac-gedirler\/"},"author":{"name":"user-manager","@id":"https:\/\/www.meydan.tv\/az\/#\/schema\/person\/10d11eccf6da3662cf5fdab9806ea91a"},"headline":"Saatl\u0131n\u0131n i\u015fsiz sakini: \u201cU\u015faqlar ac yat\u0131r, s\u0259h\u0259r d\u0259 oyan\u0131b m\u0259kt\u0259b\u0259 ac gedirl\u0259r\u201d","datePublished":"2019-10-31T11:31:48+00:00","mainEntityOfPage":{"@id":"https:\/\/www.meydan.tv\/az\/article\/saatlinin-issiz-sakini-usaqlar-ac-yatir-seher-de-oyanib-mektebe-ac-gedirler\/"},"wordCount":931,"publisher":{"@id":"https:\/\/www.meydan.tv\/az\/#organization"},"image":{"@id":"https:\/\/www.meydan.tv\/az\/article\/saatlinin-issiz-sakini-usaqlar-ac-yatir-seher-de-oyanib-mektebe-ac-gedirler\/#primaryimage"},"thumbnailUrl":"https:\/\/www.meydan.tv\/wp-content\/uploads\/reg_saatli_issiz_kenan_abbasov_2.jpg","articleSection":["B\u00f6lg\u0259"],"inLanguage":"az"},{"@type":"WebPage","@id":"https:\/\/www.meydan.tv\/az\/article\/saatlinin-issiz-sakini-usaqlar-ac-yatir-seher-de-oyanib-mektebe-ac-gedirler\/","url":"https:\/\/www.meydan.tv\/az\/article\/saatlinin-issiz-sakini-usaqlar-ac-yatir-seher-de-oyanib-mektebe-ac-gedirler\/","name":"Saatl\u0131n\u0131n i\u015fsiz sakini: \u201cU\u015faqlar ac yat\u0131r, s\u0259h\u0259r d\u0259 oyan\u0131b m\u0259kt\u0259b\u0259 ac gedirl\u0259r\u201d - MEYDAN.TV","isPartOf":{"@id":"https:\/\/www.meydan.tv\/az\/#website"},"primaryImageOfPage":{"@id":"https:\/\/www.meydan.tv\/az\/article\/saatlinin-issiz-sakini-usaqlar-ac-yatir-seher-de-oyanib-mektebe-ac-gedirler\/#primaryimage"},"image":{"@id":"https:\/\/www.meydan.tv\/az\/article\/saatlinin-issiz-sakini-usaqlar-ac-yatir-seher-de-oyanib-mektebe-ac-gedirler\/#primaryimage"},"thumbnailUrl":"https:\/\/www.meydan.tv\/wp-content\/uploads\/reg_saatli_issiz_kenan_abbasov_2.jpg","datePublished":"2019-10-31T11:31:48+00:00","breadcrumb":{"@id":"https:\/\/www.meydan.tv\/az\/article\/saatlinin-issiz-sakini-usaqlar-ac-yatir-seher-de-oyanib-mektebe-ac-gedirler\/#breadcrumb"},"inLanguage":"az","potentialAction":[{"@type":"ReadAction","target":["https:\/\/www.meydan.tv\/az\/article\/saatlinin-issiz-sakini-usaqlar-ac-yatir-seher-de-oyanib-mektebe-ac-gedirler\/"]}]},{"@type":"ImageObject","inLanguage":"az","@id":"https:\/\/www.meydan.tv\/az\/article\/saatlinin-issiz-sakini-usaqlar-ac-yatir-seher-de-oyanib-mektebe-ac-gedirler\/#primaryimage","url":"https:\/\/www.meydan.tv\/wp-content\/uploads\/reg_saatli_issiz_kenan_abbasov_2.jpg","contentUrl":"https:\/\/www.meydan.tv\/wp-content\/uploads\/reg_saatli_issiz_kenan_abbasov_2.jpg","width":1280,"height":768,"caption":"Source: Meydan TV"},{"@type":"BreadcrumbList","@id":"https:\/\/www.meydan.tv\/az\/article\/saatlinin-issiz-sakini-usaqlar-ac-yatir-seher-de-oyanib-mektebe-ac-gedirler\/#breadcrumb","itemListElement":[{"@type":"ListItem","position":1,"name":"Ana s\u0259hif\u0259","item":"https:\/\/www.meydan.tv\/az\/"},{"@type":"ListItem","position":2,"name":"B\u00f6lg\u0259","item":"https:\/\/www.meydan.tv\/az\/section\/bolge\/"},{"@type":"ListItem","position":3,"name":"Saatl\u0131n\u0131n i\u015fsiz sakini: \u201cU\u015faqlar ac yat\u0131r, s\u0259h\u0259r d\u0259 oyan\u0131b m\u0259kt\u0259b\u0259 ac gedirl\u0259r\u201d"}]},{"@type":"WebSite","@id":"https:\/\/www.meydan.tv\/az\/#website","url":"https:\/\/www.meydan.tv\/az\/","name":"MEYDAN.TV","description":"Meydan TV Az\u0259rbaycan\u0131n media m\u0259kan\u0131ndak\u0131 alternativ s\u0259sidir","publisher":{"@id":"https:\/\/www.meydan.tv\/az\/#organization"},"potentialAction":[{"@type":"SearchAction","target":{"@type":"EntryPoint","urlTemplate":"https:\/\/www.meydan.tv\/az\/?s={search_term_string}"},"query-input":{"@type":"PropertyValueSpecification","valueRequired":true,"valueName":"search_term_string"}}],"inLanguage":"az"},{"@type":"Organization","@id":"https:\/\/www.meydan.tv\/az\/#organization","name":"Meydan TV","url":"https:\/\/www.meydan.tv\/az\/","logo":{"@type":"ImageObject","inLanguage":"az","@id":"https:\/\/www.meydan.tv\/az\/#\/schema\/logo\/image\/","url":"https:\/\/www.meydan.tv\/wp-content\/uploads\/2021\/07\/meydan-logo.svg","contentUrl":"https:\/\/www.meydan.tv\/wp-content\/uploads\/2021\/07\/meydan-logo.svg","width":195,"height":46,"caption":"Meydan TV"},"image":{"@id":"https:\/\/www.meydan.tv\/az\/#\/schema\/logo\/image\/"}},{"@type":"Person","@id":"https:\/\/www.meydan.tv\/az\/#\/schema\/person\/10d11eccf6da3662cf5fdab9806ea91a","name":"user-manager"}]}},"_links":{"self":[{"href":"https:\/\/www.meydan.tv\/az\/wp-json\/wp\/v2\/posts\/197738","targetHints":{"allow":["GET"]}}],"collection":[{"href":"https:\/\/www.meydan.tv\/az\/wp-json\/wp\/v2\/posts"}],"about":[{"href":"https:\/\/www.meydan.tv\/az\/wp-json\/wp\/v2\/types\/post"}],"author":[{"embeddable":true,"href":"https:\/\/www.meydan.tv\/az\/wp-json\/wp\/v2\/users\/11"}],"replies":[{"embeddable":true,"href":"https:\/\/www.meydan.tv\/az\/wp-json\/wp\/v2\/comments?post=197738"}],"version-history":[{"count":0,"href":"https:\/\/www.meydan.tv\/az\/wp-json\/wp\/v2\/posts\/197738\/revisions"}],"wp:featuredmedia":[{"embeddable":true,"href":"https:\/\/www.meydan.tv\/az\/wp-json\/wp\/v2\/media\/132542"}],"wp:attachment":[{"href":"https:\/\/www.meydan.tv\/az\/wp-json\/wp\/v2\/media?parent=197738"}],"wp:term":[{"taxonomy":"category","embeddable":true,"href":"https:\/\/www.meydan.tv\/az\/wp-json\/wp\/v2\/categories?post=197738"},{"taxonomy":"post_tag","embeddable":true,"href":"https:\/\/www.meydan.tv\/az\/wp-json\/wp\/v2\/tags?post=197738"}],"curies":[{"name":"wp","href":"https:\/\/api.w.org\/{rel}","templated":true}]}}