{"id":197731,"date":"2019-10-30T19:54:39","date_gmt":"2019-10-30T19:54:39","guid":{"rendered":"https:\/\/www.meydan.tv\/article\/putine-trampa-sikayet-mektubu-gonderen-azerbaycanli\/"},"modified":"2019-10-30T19:54:39","modified_gmt":"2019-10-30T19:54:39","slug":"putine-trampa-sikayet-mektubu-gonderen-azerbaycanli","status":"publish","type":"post","link":"https:\/\/www.meydan.tv\/az\/article\/putine-trampa-sikayet-mektubu-gonderen-azerbaycanli\/","title":{"rendered":"Putin\u0259, Trampa \u015fikay\u0259t m\u0259ktubu g\u00f6nd\u0259r\u0259n az\u0259rbaycanl\u0131"},"content":{"rendered":"<p>\n  <i><br \/>\n    B\u0259hruz M\u0259mm\u0259dov son bir ne\u00e7\u0259 ild\u0259 13 min\u0259 yax\u0131n \u015fikay\u0259t m\u0259ktubu g\u00f6nd\u0259rib<br \/>\n  <\/i>\n<\/p>\n<p>\n  \u201cD\u00f6vl\u0259tin verm\u0259li oldu\u011fu s\u0131\u011forta pulunu ala bilm\u0259diyim \u00fc\u00e7\u00fcn aidiyyat\u0131 qurumlara 12 min 500-d\u0259n art\u0131q m\u0259ktub g\u00f6nd\u0259rmi\u015f\u0259m. Buna g\u00f6r\u0259 az qala 100 d\u0259f\u0259 Bak\u0131ya gedib g\u0259lmi\u015f\u0259m. M\u0259ktublara, yola x\u0259rcl\u0259diyim pullar\u0131 is\u0259 ondan-bundan alm\u0131\u015fd\u0131m. Rayonda borc almad\u0131\u011f\u0131m biri qalmam\u0131\u015fd\u0131. Kimind\u0259n 50, kimind\u0259n 60, dig\u0259rind\u0259n 100, 200 \u2013 n\u0259tic\u0259d\u0259 4 mind\u0259n art\u0131q borc y\u0131\u011fm\u0131\u015fd\u0131m boynuma. Onlar\u0131 \u00f6d\u0259m\u0259k \u00fc\u00e7\u00fcn kredit g\u00f6t\u00fcrm\u0259li oldum\u201d.\n<\/p>\n<p>\n  <b><br \/>\n    \u201cKredit \u00f6d\u0259yir\u0259m dey\u0259, maa\u015f\u0131m ay sonuna yetmir\u201d<br \/>\n  <\/b>\n<\/p>\n<p>\n  Naftalan sakini 36 ya\u015fl\u0131 B\u0259hruz M\u0259mm\u0259dov bel\u0259 deyir. Ail\u0259li v\u0259 bir \u00f6vlad\u0131 olan B\u0259hruz bu g\u00fcn kredit borcuna g\u00f6r\u0259 \u00e7ox a\u011f\u0131r \u015f\u0259raitd\u0259 ya\u015fad\u0131\u011f\u0131n\u0131 s\u00f6yl\u0259yir. Kiray\u0259 qal\u0131r, kredit \u00f6d\u0259diyi \u00fc\u00e7\u00fcn ald\u0131\u011f\u0131 pul v\u0259 pensiyas\u0131n\u0131n ay sonuna yetm\u0259diyini, borclar\u0131n\u0131n \u00fcst\u00fcn\u0259 borc g\u0259ldiyini bildirir:\n<\/p>\n<p>\n  \u201cO\u011flum ikinci sinifd\u0259 oxuyur. T\u0259s\u0259vv\u00fcr edin, q\u0131\u015f g\u0259lir, m\u0259n ona ayaqqab\u0131, palto ala bilmir\u0259m. \u018fslind\u0259 is\u0259 d\u00f6vl\u0259t m\u0259n\u0259 verm\u0259li oldu\u011fu v\u0259saiti \u00f6d\u0259s\u0259, h\u0259m banka olan borcumu \u00f6d\u0259y\u0259r\u0259m, h\u0259m d\u0259 v\u0259ziyy\u0259tim bir az d\u00fcz\u0259l\u0259r\u201d.\n<\/p>\n<p>\n  B.M\u0259mm\u0259dov 3 il 1 ay h\u0259rbid\u0259 i\u015fl\u0259yib. Xidm\u0259t d\u00f6vr\u00fcnd\u0259 x\u0259sar\u0259t al\u0131b. \u0130kinci qrup \u0259lillik d\u0259r\u0259c\u0259si var:\n<\/p>\n<p>\n  \u201cGizir idim. X\u0259sar\u0259t ald\u0131m, \u00e7\u0131xd\u0131m. \u0130kinci qrup \u0259lillik ka\u011f\u0131z\u0131n\u0131 5 ay \u00f6nc\u0259 veribl\u0259r. H\u0259rbid\u0259 \u0259lillik ald\u0131\u011f\u0131m \u00fc\u00e7\u00fcn d\u00f6vl\u0259t m\u0259n\u0259 s\u0131\u011forta kimi bird\u0259f\u0259lik m\u00fcavin\u0259t \u00f6d\u0259m\u0259li idi. T\u0259xmini hesablam\u0131\u015fam, 7800 manat edir. Ancaq h\u0259min pulu m\u0259n\u0259 verm\u0259kd\u0259n min bir b\u0259han\u0259 il\u0259 boyun qa\u00e7\u0131r\u0131rlar\u201d.\n<\/p>\n<p>\n  <b><br \/>\n    \u201cH\u00fcquqlar\u0131m\u0131 bilir\u0259m, m\u0259ni aldada bilm\u0259zl\u0259r\u201d<br \/>\n  <\/b>\n<\/p>\n<p>\n  B\u0259hruz M\u0259mm\u0259dov deyir ki, ona a\u00e7\u0131qlananlar\u0131n ham\u0131s\u0131 b\u0259han\u0259dir, \u0259sas\u0131 yoxdur:\n<\/p>\n<p>\n  \u201cDeyirl\u0259r, \u201c\u00e7\u201d b\u0259ndin\u0259 \u0259sas\u0259n, m\u0259n 2016-c\u0131 ild\u0259 pensiyaya \u00e7\u0131xmal\u0131 imi\u015f\u0259m. \u00c7\u0131xandan 3 il m\u00fcdd\u0259tin\u0259 h\u0259min s\u0131\u011forta haqq\u0131n\u0131 almal\u0131ym\u0131\u015fam. Guya bir ne\u00e7\u0259 ay gecikmi\u015f\u0259m. B\u0259li, m\u0259n 2016-c\u0131 3-c\u00fc d\u0259r\u0259c\u0259ni alm\u0131\u015fd\u0131m. 2-ci d\u0259r\u0259c\u0259ni is\u0259 2019-cu ild\u0259 alm\u0131\u015fam. H\u0259min b\u0259ndd\u0259 d\u0259 deyir ki, qrupu ald\u0131\u011f\u0131n g\u00fcnd\u0259n 3 il m\u00fcdd\u0259tin\u0259 bird\u0259f\u0259lik m\u00fcavin\u0259tini almal\u0131san. M\u0259n h\u00fcquqlar\u0131m\u0131 yax\u015f\u0131 bilir\u0259m, m\u0259ni aldada bilm\u0259zl\u0259r\u201d.\n<\/p>\n<p>\n  <b><br \/>\n    \u201cBu \u00f6lk\u0259d\u0259 h\u0259rb\u00e7iy\u0259, \u015f\u0259hid\u0259, qaziy\u0259 h\u00f6rm\u0259t yoxdur\u201d<br \/>\n  <\/b>\n<\/p>\n<p>\n  B\u0259hruz M\u0259mm\u0259dov \u201cKapital Bank\u201ddan ald\u0131\u011f\u0131 kreditin d\u0259 faizl\u0259rinin kifay\u0259t q\u0259d\u0259r art\u0131q oldu\u011funu s\u00f6yl\u0259yir. \u00c7ox \u00e7\u0259tin \u00f6d\u0259y\u0259 bilir:\n<\/p>\n<p>\n  \u201cBu d\u00f6vl\u0259t niy\u0259 \u00f6d\u0259mir ax\u0131 m\u0259nim s\u0131\u011fortam\u0131? Onsuz da ham\u0131s\u0131n\u0131 \u00f6zl\u0259rin\u0259 qaytaraca\u011fam yenid\u0259n. \u00d6z banklar\u0131d\u0131r. \u0130st\u0259mirl\u0259r borclar\u0131n\u0131 qaytar\u0131m? Versinl\u0259r, apar\u0131m borcumu ba\u011flay\u0131m. Qalan\u0131 il\u0259 d\u0259 ail\u0259mi g\u00f6t\u00fcr\u00fcb el\u0259 ged\u0259c\u0259y\u0259m ki, buradan. Bu \u00f6lk\u0259d\u0259 h\u0259rb\u00e7iy\u0259, \u015f\u0259hid\u0259, n\u0259 bilim qaziy\u0259 he\u00e7 bir h\u00f6rm\u0259t yoxdur. \u00d6z\u00fc d\u0259 m\u00fcharib\u0259 \u015f\u0259raitind\u0259dirl\u0259r. Sabah \u00e7a\u011f\u0131rsalar, he\u00e7 kim gedib xidm\u0259t etm\u0259k ist\u0259m\u0259y\u0259c\u0259k\u201d.\n<\/p>\n<p>\n  <b><br \/>\n    \u201cBir tik\u0259 \u00e7\u00f6r\u0259yi g\u00fccl\u0259 tap\u0131r\u0131q\u201d<br \/>\n  <\/b>\n<\/p>\n<p>\n  B\u0259hruz M\u0259mm\u0259dov deyir ki, bu g\u00fcn banka, ayr\u0131-ayr\u0131 insanlara olan borcu il\u0259 yana\u015f\u0131 rayonun \u0259rzaq ma\u011fazalar\u0131na da xeyli ver\u0259c\u0259yi var. \u00d6d\u0259y\u0259 bilmir:\n<\/p>\n<p>\n  \u201cBirin\u0259 100, birin\u0259 70, birin\u0259 150, n\u0259 bilim, birind\u0259 170. Art\u0131q he\u00e7 kim nisy\u0259 mal da vermir. Bir tik\u0259 \u00e7\u00f6r\u0259yi g\u00fccl\u0259 tap\u0131r\u0131q. Kiray\u0259 pulunu da \u00f6d\u0259y\u0259 bilmirdim. \u0130cra Hakimiyy\u0259ti g\u00f6t\u00fcr\u00fcb boynuna. Birinci m\u00fcavin \u00f6d\u0259yir. Niy\u0259 \u00f6d\u0259m\u0259lidir? M\u0259nim haqq\u0131m olan v\u0259saiti vaxt\u0131nda \u00f6d\u0259s\u0259ydil\u0259r, bu q\u0259d\u0259r borc-x\u0259rc y\u0131\u011fmaz, bankdan kredit g\u00f6t\u00fcrm\u0259zdim. \u0130ndi z\u0259hm\u0259t \u00e7\u0259kib m\u0259nim b\u00fct\u00fcn z\u0259r\u0259rimi kompensasiya etsinl\u0259r\u201d.\n<\/p>\n<p>\n  <b><br \/>\n    \u201cLaz\u0131m g\u0259ls\u0259, lap 20 min m\u0259ktub da yazaram\u201d<br \/>\n  <\/b>\n<\/p>\n<p>\n  B\u0259hruzun indiy\u0259 q\u0259d\u0259r \u015fikay\u0259t m\u0259ktubu \u00fcnvanlamad\u0131\u011f\u0131 qurum qalmay\u0131b. Prezident Administrasiyas\u0131, Heyd\u0259r \u018fliyev Fondu, F\u00f6vq\u0259lad\u0259 Hallar Nazirliyi, \u018fm\u0259k v\u0259 \u018fhalinin Sosial M\u00fcdafi\u0259si Nazirliyi, Avropa \u015euras\u0131, Avropa Parlament Assambleyas\u0131, AT\u018fT, h\u0259tta Rusiya prezidenti Putin, Amerika Birl\u0259\u015fmi\u015f \u015etatlar\u0131n\u0131n prezidenti Trampa da m\u0259ktublar g\u00f6nd\u0259rib:\n<\/p>\n<p>\n  \u201cAx\u0131rda bezib bizim rayon r\u0259hb\u0259rliyin\u0259 m\u0259nd\u0259n \u015fikay\u0259t g\u00f6nd\u0259ribl\u0259r ki, onu bir az incidin, adam n\u0259 q\u0259d\u0259r m\u0259ktub g\u00f6nd\u0259r\u0259r? D\u0259f\u0259l\u0259rl\u0259 polis \u00e7a\u011f\u0131r\u0131b, dindirib, t\u0259hdid edib. Amma buradan deyir\u0259m, m\u0259n he\u00e7 kimd\u0259n qorxmuram. Haqq\u0131m olan pulu \u00f6d\u0259m\u0259y\u0259n\u0259c\u0259n laz\u0131m g\u0259ls\u0259, lap 20 min m\u0259ktub da yazaram\u201d.\n<\/p>\n<p>\n  Meydan TV M\u00fcdafi\u0259 Nazirliyind\u0259n m\u0259s\u0259l\u0259y\u0259 m\u00fcnasib\u0259t \u00f6yr\u0259n\u0259 bilm\u0259yib. \u018fm\u0259k v\u0259 \u018fhalinin Sosial M\u00fcdafi\u0259si Nazirliyind\u0259n is\u0259 deyilib ki, b\u0259li, h\u0259rbid\u0259 \u0259lillik qazanan insanlara bird\u0259f\u0259lik maddi yard\u0131mlar verilir:\n<\/p>\n<p>\n  \u201cBunun \u00fc\u00e7\u00fcn B\u0259hruz M\u0259mm\u0259dov D\u00f6vl\u0259t Sosial M\u00fcdafi\u0259 Fondunun qeydiyyatda oldu\u011fu rayondak\u0131 \u015f\u00f6b\u0259sin\u0259 m\u00fcraci\u0259t etm\u0259lidir. Onlar h\u0259min \u015f\u0259xsi qeydiyyata g\u00f6t\u00fcr\u00fcrl\u0259r. Ad\u0259t\u0259n \u0259lill\u0259r g\u00fcn\u00fcnd\u0259 \u00e7a\u011f\u0131r\u0131b m\u00fcavin\u0259ti \u00f6d\u0259yirl\u0259r. Amma bunun \u00fc\u00e7\u00fcn m\u00fcraci\u0259t etm\u0259lidir\u201d.<\/p>\n","protected":false},"excerpt":{"rendered":"<p>B\u0259hruz M\u0259mm\u0259dov deyir ki, bu g\u00fcn banka, ayr\u0131-ayr\u0131 insanlara olan borcu il\u0259 yana\u015f\u0131 rayonun \u0259rzaq ma\u011fazalar\u0131na da xeyli ver\u0259c\u0259yi var.<\/p>\n","protected":false},"author":11,"featured_media":132419,"comment_status":"closed","ping_status":"open","sticky":false,"template":"","format":"standard","meta":{"_acf_changed":false,"_sitemap_exclude":false,"_sitemap_priority":"","_sitemap_frequency":"","footnotes":""},"categories":[60],"tags":[],"class_list":["post-197731","post","type-post","status-publish","format-standard","has-post-thumbnail","hentry","category-bolge","infinite-scroll-item","generate-columns","tablet-grid-50","mobile-grid-100","grid-parent","grid-33","no-featured-image-padding"],"acf":[],"yoast_head":"<!-- This site is optimized with the Yoast SEO plugin v27.5 - https:\/\/yoast.com\/product\/yoast-seo-wordpress\/ -->\n<title>Putin\u0259, Trampa \u015fikay\u0259t m\u0259ktubu g\u00f6nd\u0259r\u0259n az\u0259rbaycanl\u0131 - MEYDAN.TV<\/title>\n<meta name=\"robots\" content=\"index, follow, max-snippet:-1, max-image-preview:large, max-video-preview:-1\" \/>\n<link rel=\"canonical\" href=\"https:\/\/www.meydan.tv\/az\/article\/putine-trampa-sikayet-mektubu-gonderen-azerbaycanli\/\" \/>\n<meta property=\"og:locale\" content=\"az_AZ\" \/>\n<meta property=\"og:type\" content=\"article\" \/>\n<meta property=\"og:title\" content=\"Putin\u0259, Trampa \u015fikay\u0259t m\u0259ktubu g\u00f6nd\u0259r\u0259n az\u0259rbaycanl\u0131 - MEYDAN.TV\" \/>\n<meta property=\"og:description\" content=\"B\u0259hruz M\u0259mm\u0259dov deyir ki, bu g\u00fcn banka, ayr\u0131-ayr\u0131 insanlara olan borcu il\u0259 yana\u015f\u0131 rayonun \u0259rzaq ma\u011fazalar\u0131na da xeyli ver\u0259c\u0259yi var.\" \/>\n<meta property=\"og:url\" content=\"https:\/\/www.meydan.tv\/az\/article\/putine-trampa-sikayet-mektubu-gonderen-azerbaycanli\/\" \/>\n<meta property=\"og:site_name\" content=\"MEYDAN.TV\" \/>\n<meta property=\"article:published_time\" content=\"2019-10-30T19:54:39+00:00\" \/>\n<meta property=\"og:image\" content=\"https:\/\/www.meydan.tv\/wp-content\/uploads\/image_from_ios_1_4fbxvs1-scaled.jpg\" \/>\n\t<meta property=\"og:image:width\" content=\"2560\" \/>\n\t<meta property=\"og:image:height\" content=\"1920\" \/>\n\t<meta property=\"og:image:type\" content=\"image\/jpeg\" \/>\n<meta name=\"author\" content=\"user-manager\" \/>\n<meta name=\"twitter:card\" content=\"summary_large_image\" \/>\n<script type=\"application\/ld+json\" class=\"yoast-schema-graph\">{\"@context\":\"https:\\\/\\\/schema.org\",\"@graph\":[{\"@type\":\"Article\",\"@id\":\"https:\\\/\\\/www.meydan.tv\\\/az\\\/article\\\/putine-trampa-sikayet-mektubu-gonderen-azerbaycanli\\\/#article\",\"isPartOf\":{\"@id\":\"https:\\\/\\\/www.meydan.tv\\\/az\\\/article\\\/putine-trampa-sikayet-mektubu-gonderen-azerbaycanli\\\/\"},\"author\":{\"name\":\"user-manager\",\"@id\":\"https:\\\/\\\/www.meydan.tv\\\/az\\\/#\\\/schema\\\/person\\\/10d11eccf6da3662cf5fdab9806ea91a\"},\"headline\":\"Putin\u0259, Trampa \u015fikay\u0259t m\u0259ktubu g\u00f6nd\u0259r\u0259n az\u0259rbaycanl\u0131\",\"datePublished\":\"2019-10-30T19:54:39+00:00\",\"mainEntityOfPage\":{\"@id\":\"https:\\\/\\\/www.meydan.tv\\\/az\\\/article\\\/putine-trampa-sikayet-mektubu-gonderen-azerbaycanli\\\/\"},\"wordCount\":988,\"publisher\":{\"@id\":\"https:\\\/\\\/www.meydan.tv\\\/az\\\/#organization\"},\"image\":{\"@id\":\"https:\\\/\\\/www.meydan.tv\\\/az\\\/article\\\/putine-trampa-sikayet-mektubu-gonderen-azerbaycanli\\\/#primaryimage\"},\"thumbnailUrl\":\"https:\\\/\\\/www.meydan.tv\\\/wp-content\\\/uploads\\\/image_from_ios_1_4fbxvs1-scaled.jpg\",\"articleSection\":[\"B\u00f6lg\u0259\"],\"inLanguage\":\"az\"},{\"@type\":\"WebPage\",\"@id\":\"https:\\\/\\\/www.meydan.tv\\\/az\\\/article\\\/putine-trampa-sikayet-mektubu-gonderen-azerbaycanli\\\/\",\"url\":\"https:\\\/\\\/www.meydan.tv\\\/az\\\/article\\\/putine-trampa-sikayet-mektubu-gonderen-azerbaycanli\\\/\",\"name\":\"Putin\u0259, Trampa \u015fikay\u0259t m\u0259ktubu g\u00f6nd\u0259r\u0259n az\u0259rbaycanl\u0131 - MEYDAN.TV\",\"isPartOf\":{\"@id\":\"https:\\\/\\\/www.meydan.tv\\\/az\\\/#website\"},\"primaryImageOfPage\":{\"@id\":\"https:\\\/\\\/www.meydan.tv\\\/az\\\/article\\\/putine-trampa-sikayet-mektubu-gonderen-azerbaycanli\\\/#primaryimage\"},\"image\":{\"@id\":\"https:\\\/\\\/www.meydan.tv\\\/az\\\/article\\\/putine-trampa-sikayet-mektubu-gonderen-azerbaycanli\\\/#primaryimage\"},\"thumbnailUrl\":\"https:\\\/\\\/www.meydan.tv\\\/wp-content\\\/uploads\\\/image_from_ios_1_4fbxvs1-scaled.jpg\",\"datePublished\":\"2019-10-30T19:54:39+00:00\",\"breadcrumb\":{\"@id\":\"https:\\\/\\\/www.meydan.tv\\\/az\\\/article\\\/putine-trampa-sikayet-mektubu-gonderen-azerbaycanli\\\/#breadcrumb\"},\"inLanguage\":\"az\",\"potentialAction\":[{\"@type\":\"ReadAction\",\"target\":[\"https:\\\/\\\/www.meydan.tv\\\/az\\\/article\\\/putine-trampa-sikayet-mektubu-gonderen-azerbaycanli\\\/\"]}]},{\"@type\":\"ImageObject\",\"inLanguage\":\"az\",\"@id\":\"https:\\\/\\\/www.meydan.tv\\\/az\\\/article\\\/putine-trampa-sikayet-mektubu-gonderen-azerbaycanli\\\/#primaryimage\",\"url\":\"https:\\\/\\\/www.meydan.tv\\\/wp-content\\\/uploads\\\/image_from_ios_1_4fbxvs1-scaled.jpg\",\"contentUrl\":\"https:\\\/\\\/www.meydan.tv\\\/wp-content\\\/uploads\\\/image_from_ios_1_4fbxvs1-scaled.jpg\",\"width\":2560,\"height\":1920,\"caption\":\"Source: Specify Source\"},{\"@type\":\"BreadcrumbList\",\"@id\":\"https:\\\/\\\/www.meydan.tv\\\/az\\\/article\\\/putine-trampa-sikayet-mektubu-gonderen-azerbaycanli\\\/#breadcrumb\",\"itemListElement\":[{\"@type\":\"ListItem\",\"position\":1,\"name\":\"Ana s\u0259hif\u0259\",\"item\":\"https:\\\/\\\/www.meydan.tv\\\/az\\\/\"},{\"@type\":\"ListItem\",\"position\":2,\"name\":\"B\u00f6lg\u0259\",\"item\":\"https:\\\/\\\/www.meydan.tv\\\/az\\\/section\\\/bolge\\\/\"},{\"@type\":\"ListItem\",\"position\":3,\"name\":\"Putin\u0259, Trampa \u015fikay\u0259t m\u0259ktubu g\u00f6nd\u0259r\u0259n az\u0259rbaycanl\u0131\"}]},{\"@type\":\"WebSite\",\"@id\":\"https:\\\/\\\/www.meydan.tv\\\/az\\\/#website\",\"url\":\"https:\\\/\\\/www.meydan.tv\\\/az\\\/\",\"name\":\"MEYDAN.TV\",\"description\":\"Meydan TV Az\u0259rbaycan\u0131n media m\u0259kan\u0131ndak\u0131 alternativ s\u0259sidir\",\"publisher\":{\"@id\":\"https:\\\/\\\/www.meydan.tv\\\/az\\\/#organization\"},\"potentialAction\":[{\"@type\":\"SearchAction\",\"target\":{\"@type\":\"EntryPoint\",\"urlTemplate\":\"https:\\\/\\\/www.meydan.tv\\\/az\\\/?s={search_term_string}\"},\"query-input\":{\"@type\":\"PropertyValueSpecification\",\"valueRequired\":true,\"valueName\":\"search_term_string\"}}],\"inLanguage\":\"az\"},{\"@type\":\"Organization\",\"@id\":\"https:\\\/\\\/www.meydan.tv\\\/az\\\/#organization\",\"name\":\"Meydan TV\",\"url\":\"https:\\\/\\\/www.meydan.tv\\\/az\\\/\",\"logo\":{\"@type\":\"ImageObject\",\"inLanguage\":\"az\",\"@id\":\"https:\\\/\\\/www.meydan.tv\\\/az\\\/#\\\/schema\\\/logo\\\/image\\\/\",\"url\":\"https:\\\/\\\/www.meydan.tv\\\/wp-content\\\/uploads\\\/2021\\\/07\\\/meydan-logo.svg\",\"contentUrl\":\"https:\\\/\\\/www.meydan.tv\\\/wp-content\\\/uploads\\\/2021\\\/07\\\/meydan-logo.svg\",\"width\":195,\"height\":46,\"caption\":\"Meydan TV\"},\"image\":{\"@id\":\"https:\\\/\\\/www.meydan.tv\\\/az\\\/#\\\/schema\\\/logo\\\/image\\\/\"}},{\"@type\":\"Person\",\"@id\":\"https:\\\/\\\/www.meydan.tv\\\/az\\\/#\\\/schema\\\/person\\\/10d11eccf6da3662cf5fdab9806ea91a\",\"name\":\"user-manager\"}]}<\/script>\n<!-- \/ Yoast SEO plugin. -->","yoast_head_json":{"title":"Putin\u0259, Trampa \u015fikay\u0259t m\u0259ktubu g\u00f6nd\u0259r\u0259n az\u0259rbaycanl\u0131 - MEYDAN.TV","robots":{"index":"index","follow":"follow","max-snippet":"max-snippet:-1","max-image-preview":"max-image-preview:large","max-video-preview":"max-video-preview:-1"},"canonical":"https:\/\/www.meydan.tv\/az\/article\/putine-trampa-sikayet-mektubu-gonderen-azerbaycanli\/","og_locale":"az_AZ","og_type":"article","og_title":"Putin\u0259, Trampa \u015fikay\u0259t m\u0259ktubu g\u00f6nd\u0259r\u0259n az\u0259rbaycanl\u0131 - MEYDAN.TV","og_description":"B\u0259hruz M\u0259mm\u0259dov deyir ki, bu g\u00fcn banka, ayr\u0131-ayr\u0131 insanlara olan borcu il\u0259 yana\u015f\u0131 rayonun \u0259rzaq ma\u011fazalar\u0131na da xeyli ver\u0259c\u0259yi var.","og_url":"https:\/\/www.meydan.tv\/az\/article\/putine-trampa-sikayet-mektubu-gonderen-azerbaycanli\/","og_site_name":"MEYDAN.TV","article_published_time":"2019-10-30T19:54:39+00:00","og_image":[{"width":2560,"height":1920,"url":"https:\/\/www.meydan.tv\/wp-content\/uploads\/image_from_ios_1_4fbxvs1-scaled.jpg","type":"image\/jpeg"}],"author":"user-manager","twitter_card":"summary_large_image","schema":{"@context":"https:\/\/schema.org","@graph":[{"@type":"Article","@id":"https:\/\/www.meydan.tv\/az\/article\/putine-trampa-sikayet-mektubu-gonderen-azerbaycanli\/#article","isPartOf":{"@id":"https:\/\/www.meydan.tv\/az\/article\/putine-trampa-sikayet-mektubu-gonderen-azerbaycanli\/"},"author":{"name":"user-manager","@id":"https:\/\/www.meydan.tv\/az\/#\/schema\/person\/10d11eccf6da3662cf5fdab9806ea91a"},"headline":"Putin\u0259, Trampa \u015fikay\u0259t m\u0259ktubu g\u00f6nd\u0259r\u0259n az\u0259rbaycanl\u0131","datePublished":"2019-10-30T19:54:39+00:00","mainEntityOfPage":{"@id":"https:\/\/www.meydan.tv\/az\/article\/putine-trampa-sikayet-mektubu-gonderen-azerbaycanli\/"},"wordCount":988,"publisher":{"@id":"https:\/\/www.meydan.tv\/az\/#organization"},"image":{"@id":"https:\/\/www.meydan.tv\/az\/article\/putine-trampa-sikayet-mektubu-gonderen-azerbaycanli\/#primaryimage"},"thumbnailUrl":"https:\/\/www.meydan.tv\/wp-content\/uploads\/image_from_ios_1_4fbxvs1-scaled.jpg","articleSection":["B\u00f6lg\u0259"],"inLanguage":"az"},{"@type":"WebPage","@id":"https:\/\/www.meydan.tv\/az\/article\/putine-trampa-sikayet-mektubu-gonderen-azerbaycanli\/","url":"https:\/\/www.meydan.tv\/az\/article\/putine-trampa-sikayet-mektubu-gonderen-azerbaycanli\/","name":"Putin\u0259, Trampa \u015fikay\u0259t m\u0259ktubu g\u00f6nd\u0259r\u0259n az\u0259rbaycanl\u0131 - MEYDAN.TV","isPartOf":{"@id":"https:\/\/www.meydan.tv\/az\/#website"},"primaryImageOfPage":{"@id":"https:\/\/www.meydan.tv\/az\/article\/putine-trampa-sikayet-mektubu-gonderen-azerbaycanli\/#primaryimage"},"image":{"@id":"https:\/\/www.meydan.tv\/az\/article\/putine-trampa-sikayet-mektubu-gonderen-azerbaycanli\/#primaryimage"},"thumbnailUrl":"https:\/\/www.meydan.tv\/wp-content\/uploads\/image_from_ios_1_4fbxvs1-scaled.jpg","datePublished":"2019-10-30T19:54:39+00:00","breadcrumb":{"@id":"https:\/\/www.meydan.tv\/az\/article\/putine-trampa-sikayet-mektubu-gonderen-azerbaycanli\/#breadcrumb"},"inLanguage":"az","potentialAction":[{"@type":"ReadAction","target":["https:\/\/www.meydan.tv\/az\/article\/putine-trampa-sikayet-mektubu-gonderen-azerbaycanli\/"]}]},{"@type":"ImageObject","inLanguage":"az","@id":"https:\/\/www.meydan.tv\/az\/article\/putine-trampa-sikayet-mektubu-gonderen-azerbaycanli\/#primaryimage","url":"https:\/\/www.meydan.tv\/wp-content\/uploads\/image_from_ios_1_4fbxvs1-scaled.jpg","contentUrl":"https:\/\/www.meydan.tv\/wp-content\/uploads\/image_from_ios_1_4fbxvs1-scaled.jpg","width":2560,"height":1920,"caption":"Source: Specify Source"},{"@type":"BreadcrumbList","@id":"https:\/\/www.meydan.tv\/az\/article\/putine-trampa-sikayet-mektubu-gonderen-azerbaycanli\/#breadcrumb","itemListElement":[{"@type":"ListItem","position":1,"name":"Ana s\u0259hif\u0259","item":"https:\/\/www.meydan.tv\/az\/"},{"@type":"ListItem","position":2,"name":"B\u00f6lg\u0259","item":"https:\/\/www.meydan.tv\/az\/section\/bolge\/"},{"@type":"ListItem","position":3,"name":"Putin\u0259, Trampa \u015fikay\u0259t m\u0259ktubu g\u00f6nd\u0259r\u0259n az\u0259rbaycanl\u0131"}]},{"@type":"WebSite","@id":"https:\/\/www.meydan.tv\/az\/#website","url":"https:\/\/www.meydan.tv\/az\/","name":"MEYDAN.TV","description":"Meydan TV Az\u0259rbaycan\u0131n media m\u0259kan\u0131ndak\u0131 alternativ s\u0259sidir","publisher":{"@id":"https:\/\/www.meydan.tv\/az\/#organization"},"potentialAction":[{"@type":"SearchAction","target":{"@type":"EntryPoint","urlTemplate":"https:\/\/www.meydan.tv\/az\/?s={search_term_string}"},"query-input":{"@type":"PropertyValueSpecification","valueRequired":true,"valueName":"search_term_string"}}],"inLanguage":"az"},{"@type":"Organization","@id":"https:\/\/www.meydan.tv\/az\/#organization","name":"Meydan TV","url":"https:\/\/www.meydan.tv\/az\/","logo":{"@type":"ImageObject","inLanguage":"az","@id":"https:\/\/www.meydan.tv\/az\/#\/schema\/logo\/image\/","url":"https:\/\/www.meydan.tv\/wp-content\/uploads\/2021\/07\/meydan-logo.svg","contentUrl":"https:\/\/www.meydan.tv\/wp-content\/uploads\/2021\/07\/meydan-logo.svg","width":195,"height":46,"caption":"Meydan TV"},"image":{"@id":"https:\/\/www.meydan.tv\/az\/#\/schema\/logo\/image\/"}},{"@type":"Person","@id":"https:\/\/www.meydan.tv\/az\/#\/schema\/person\/10d11eccf6da3662cf5fdab9806ea91a","name":"user-manager"}]}},"_links":{"self":[{"href":"https:\/\/www.meydan.tv\/az\/wp-json\/wp\/v2\/posts\/197731","targetHints":{"allow":["GET"]}}],"collection":[{"href":"https:\/\/www.meydan.tv\/az\/wp-json\/wp\/v2\/posts"}],"about":[{"href":"https:\/\/www.meydan.tv\/az\/wp-json\/wp\/v2\/types\/post"}],"author":[{"embeddable":true,"href":"https:\/\/www.meydan.tv\/az\/wp-json\/wp\/v2\/users\/11"}],"replies":[{"embeddable":true,"href":"https:\/\/www.meydan.tv\/az\/wp-json\/wp\/v2\/comments?post=197731"}],"version-history":[{"count":0,"href":"https:\/\/www.meydan.tv\/az\/wp-json\/wp\/v2\/posts\/197731\/revisions"}],"wp:featuredmedia":[{"embeddable":true,"href":"https:\/\/www.meydan.tv\/az\/wp-json\/wp\/v2\/media\/132419"}],"wp:attachment":[{"href":"https:\/\/www.meydan.tv\/az\/wp-json\/wp\/v2\/media?parent=197731"}],"wp:term":[{"taxonomy":"category","embeddable":true,"href":"https:\/\/www.meydan.tv\/az\/wp-json\/wp\/v2\/categories?post=197731"},{"taxonomy":"post_tag","embeddable":true,"href":"https:\/\/www.meydan.tv\/az\/wp-json\/wp\/v2\/tags?post=197731"}],"curies":[{"name":"wp","href":"https:\/\/api.w.org\/{rel}","templated":true}]}}