{"id":197717,"date":"2019-10-30T11:59:44","date_gmt":"2019-10-30T11:59:44","guid":{"rendered":"https:\/\/www.meydan.tv\/article\/agsu-sakini-prezident-serencam-verib-pul-ayirib-niye-onun-gosterisine-emel-eden-yoxdur\/"},"modified":"2019-10-30T11:59:44","modified_gmt":"2019-10-30T11:59:44","slug":"agsu-sakini-prezident-serencam-verib-pul-ayirib-niye-onun-gosterisine-emel-eden-yoxdur","status":"publish","type":"post","link":"https:\/\/www.meydan.tv\/az\/article\/agsu-sakini-prezident-serencam-verib-pul-ayirib-niye-onun-gosterisine-emel-eden-yoxdur\/","title":{"rendered":"A\u011fsu sakini: Prezident s\u0259r\u0259ncam verib, pul ay\u0131r\u0131b, niy\u0259 onun g\u00f6st\u0259ri\u015fin\u0259 \u0259m\u0259l ed\u0259n yoxdur?"},"content":{"rendered":"<p>\n  <i><br \/>\n    \u201c\u015eikay\u0259t etdik, \u0259ncam \u00e7\u0259k\u0259c\u0259kl\u0259rini deyib aldad\u0131rlar\u201d<br \/>\n  <\/i>\n<\/p>\n<p>\n  \u201cEvin arxas\u0131 d\u0259lik-de\u015fikdir, s\u0131\u00e7ovullar divardan i\u00e7\u0259ri girib-\u00e7\u0131x\u0131r. Gec\u0259l\u0259r yata bilmir\u0259m, s\u0259h\u0259r\u0259 kimi i\u015f\u0131\u011f\u0131 s\u00f6nd\u00fcrm\u00fcr\u0259m, qorxuram ki, si\u00e7ovul g\u0259lib aya\u011f\u0131m\u0131 di\u015fl\u0259y\u0259r\u201d.\n<\/p>\n<p>\n  Bunu Meydan TV-y\u0259 A\u011fsu \u015f\u0259h\u0259ri, Heyd\u0259r \u018fliyev k\u00fc\u00e7\u0259si, ev 4 \u00fcnvan\u0131nda ya\u015fayan G\u00fclar\u0259 M\u0259mm\u0259dova deyir:\n<\/p>\n<p>\n  \u201cEvi olan adama ev tikirl\u0259r, amma m\u0259nim ya\u015fad\u0131\u011f\u0131m daxma u\u00e7ub ba\u015f\u0131ma t\u00f6k\u00fcl\u00fcr, bunlar\u0131n he\u00e7 vecin\u0259 deyil.<br \/>\n  <a href=\"https:\/\/www.meydan.tv\/az\/article\/agsuda-ancaq-zelzeleden-zerercekmis-imkanli-adamlarin-evlerini-tikirler\/?ref=search\"><br \/>\n    Meydan TV-d\u0259<br \/>\n  <\/a><br \/>\n  \u015fikay\u0259t material\u0131m\u0131z \u00e7\u0131xandan d\u0259rhal sonra g\u0259ldil\u0259r, ev\u0259 yenid\u0259n bax\u0131\u015f ke\u00e7irdil\u0259r. \u018fvv\u0259lc\u0259, h\u0259d\u0259-qorxu g\u0259ldil\u0259r ki, niy\u0259 \u015fikay\u0259t etmisiniz, sonra da ev\u0259 \u0259ncam \u00e7\u0259k\u0259c\u0259kl\u0259rini deyib \u00e7\u0131x\u0131b getdil\u0259r. Bir aydan sonra is\u0259 g\u0259ldil\u0259r, evin \u0259\u015fyalar\u0131n\u0131 biz\u0259 bo\u015faltd\u0131rd\u0131lar ki, g\u0259l\u0259n h\u0259ft\u0259d\u0259n tikinti aparaca\u011f\u0131q. Art\u0131q iki ay ke\u00e7ib, h\u0259l\u0259 d\u0259 g\u00f6zl\u0259yirik. Biz\u0259 evi s\u00f6k\u00fcb, yenid\u0259n tik\u0259c\u0259kl\u0259rini demi\u015fdil\u0259r. \u00d6yr\u0259nmi\u015fik ki, yen\u0259 t\u0259mir yaz\u0131blar. Bizi aldad\u0131rlar, m\u0259n \u00e7ox xahi\u015f edir\u0259m ki, g\u0259lib, ev\u0259 yenid\u0259n bax\u0131\u015f ke\u00e7irib, d\u00fczg\u00fcn q\u0259rar versinl\u0259r\u201d.\n<\/p>\n<p>\n  \u201cBiz\u0259 v\u0259d verib, aldatd\u0131lar. Birc\u0259 \u00fcmid ona qal\u0131b ki, t\u0259krar yuxar\u0131lara \u015fikay\u0259t edim\u201d, &#8211; G\u00fclar\u0259 M\u0259mm\u0259dova deyir:\n<\/p>\n<p>\n  \u201cNe\u00e7\u0259 d\u0259f\u0259 icra hakimiyy\u0259tin\u0259 getmi\u015f\u0259m, adam\u0131 saym\u0131rlar. Prezident\u0259, Birinci vitse-prezident\u0259 m\u0259ktub yazm\u0131\u015fam. Vitse-prezident\u0259 yazd\u0131\u011f\u0131m m\u0259ktuba cavab g\u0259lib. \u0130cra da m\u0259ktuba cavab yaz\u0131b ki, ev\u0259 bax\u0131\u015f ke\u00e7irilib, b\u0259rpa yaz\u0131l\u0131b. Bununla da i\u015fl\u0259rini bitmi\u015f hesab edirl\u0259r. T\u0259krar Mehriban \u018fliyevaya, Heyd\u0259r \u018fliyev Fonduna m\u0259ktub yazaca\u011fam.\n<\/p>\n<p>\n  R\u0259hm\u0259tlik atam evi 1939-cu ild\u0259 \u00e7ay da\u015f\u0131ndan, \u00f6z\u00fc d\u0259 nec\u0259 g\u0259ldi tikib, b\u00fcn\u00f6vr\u0259si yoxdur. B\u00fcn\u00f6vr\u0259si olmad\u0131\u011f\u0131 \u00fc\u00e7\u00fcn d\u0259 s\u00fcr\u00fc\u015fm\u0259 gedir, divarlar aralan\u0131b. \u00dcst\u00fcnd\u0259n \u201ctros\u201dla dart\u0131b ba\u011flam\u0131\u015f\u0131q, bir g\u00fcn dam \u00fcst\u00fcm\u0259 d\u00fc\u015f\u0259c\u0259k. Tutaq ki, \u00fcstd\u0259n t\u0259mir etdil\u0259r, z\u0259man\u0259t verirl\u0259r ki, b\u00fcn\u00f6vr\u0259si olmayan ev sabah ba\u015f\u0131ma u\u00e7mayacaq? Prezident s\u0259r\u0259ncam verib, pul ay\u0131r\u0131b, niy\u0259 onun g\u00f6st\u0259ri\u015fin\u0259 \u0259m\u0259l ed\u0259n yoxdur? Rayonda el\u0259 adamlar\u0131n evini tikitl\u0259r ki, bax\u0131b d\u0259h\u015f\u0259t\u0259 g\u0259lir\u0259m. H\u0259y\u0259tind\u0259 iki evi olur, ona tikirl\u0259r. Lakin yetim-yesirin, kas\u0131b\u0131n, imkans\u0131z\u0131n evini tikmirl\u0259r\u201d.\n<\/p>\n<figure class=\"wp-block-image size-large\">\n  <img decoding=\"async\" src=\"https:\/\/www.meydan.tv\/az\/75371754_3164336770275429_4660889228194873344_n-jpg\/\" alt=\"75371754_3164336770275429_4660889228194873344_n.jpg\" class=\"wp-image-132386\"\/><figcaption>\n    Evin g\u00f6r\u00fcnt\u00fcs\u00fc<br \/>\n  <\/figcaption><\/figure>\n<p>\n  Bu evd\u0259 ayaqyolu bel\u0259 yoxdur. G\u00fclar\u0259 M\u0259mm\u0259dova deyir ki, ona qarda\u015f\u0131n\u0131n arvad\u0131 bax\u0131r. O, i\u015fd\u0259 olanda is\u0259 evd\u0259 t\u0259k qal\u0131r:\n<\/p>\n<p>\n  \u201c\u018flil adamam, bu yax\u0131nlarda y\u0131x\u0131ld\u0131m, aya\u011f\u0131m s\u0131nd\u0131. Yax\u015f\u0131 ki, bac\u0131-qarda\u015f\u0131m var. Yoxsa qarn\u0131ma yem\u0259k tap\u0131b yey\u0259 bilm\u0259r\u0259m, ac\u0131ndan \u00f6l\u0259r\u0259m. Ald\u0131\u011f\u0131m pul iyn\u0259-d\u0259rmana gedir.\n<\/p>\n<p>\n  T\u0259xmin\u0259n 30 il bundan qabaq \u015foka d\u00fc\u015fm\u00fc\u015f\u0259m. Ondan sonra bel\u0259 olmu\u015fam, yax\u015f\u0131, normal adam idim. Kor ba\u011f\u0131rsaqdan \u0259m\u0259liyyat olundum, yara \u00e7irk el\u0259di, t\u0259krar yard\u0131lar, ayyar\u0131m x\u0259st\u0259 yatd\u0131m. T\u0259z\u0259d\u0259n sanc\u0131land\u0131m, apard\u0131lar, orada iyn\u0259 vuran kimi \u015foka d\u00fc\u015fm\u00fc\u015f\u0259m, ay\u0131lmam\u0131\u015fam. Kliniki \u00f6l\u00fcm ke\u00e7irmi\u015f\u0259m, ondan sonra da bel\u0259 olmu\u015fam. K\u00f6k\u0259lm\u0259 gedib, a\u011f\u0131r \u00e7\u0259kid\u0259n \u0259ziyy\u0259t \u00e7\u0259kir\u0259m. 47 ya\u015f\u0131m var, ikinci qrup \u0259lil\u0259m, 130 manat pul al\u0131ram. \u0130ndi \u00f6d\u00fcmd\u0259 da\u015f var, \u0259m\u0259liyyata pul yoxdur, ev d\u0259 ki bel\u0259 v\u0259ziyy\u0259td\u0259\u201c.\n<\/p>\n<p>\n  A\u011fsu Rayon \u0130cra Hakimiyy\u0259tinin Memarl\u0131q v\u0259 tikinti \u015f\u00f6b\u0259sinin m\u00fcdiri Mir\u0259li Qurbanov Meydan TV-y\u0259 bildirib ki, v\u0259t\u0259nda\u015f evin\u0259 veril\u0259n r\u0259yd\u0259n naraz\u0131d\u0131rsa, F\u00f6vqalad\u0259 Hallar Nazirliyinin komissiyas\u0131na m\u00fcraci\u0259t etsin:\n<\/p>\n<p>\n  \u201cT\u0259mir i\u015fl\u0259rin\u0259 ba\u015flanan g\u00fcnd\u0259n h\u0259min n\u00fcmay\u0259nd\u0259l\u0259r A\u011fsu rayonunda i\u015fl\u0259yir. T\u0259mir, q\u0259zal\u0131 v\u0259 b\u0259rpas\u0131na ehtiyac olan evl\u0259r\u0259 r\u0259yi d\u0259 onlar verir. T\u0259krar m\u00fcraci\u0259t olunsun, ev\u0259 t\u0259krar bax\u0131\u015f ke\u00e7irilsin\u201d.\n<\/p>\n<p>\n  Mir\u0259li Qurbanov bildirib ki, A\u011fsu rayonu \u00fczr\u0259 \u00fcmumilikd\u0259 2104 evin t\u0259mir, b\u0259rpa v\u0259 tikintisi n\u0259z\u0259rd\u0259 tutulub. \u0130ndiy\u0259d\u0259k 642 ev haz\u0131r olaraq t\u0259hvil verilib. O, t\u0259xmin edir ki, tikinti i\u015fl\u0259ri g\u0259l\u0259n ilin sonlar\u0131na kimi davam etdiril\u0259c\u0259k.\n<\/p>\n<figure class=\"wp-block-image size-large\">\n  <img decoding=\"async\" src=\"https:\/\/www.meydan.tv\/az\/evin-veziyyeti-13\/\" alt=\"Evin v\u0259ziyy\u0259ti\" class=\"wp-image-132389\"\/><figcaption>\n    Evin v\u0259ziyy\u0259ti<br \/>\n  <\/figcaption><\/figure>\n<figure class=\"wp-block-image size-large\">\n  <img decoding=\"async\" src=\"https:\/\/www.meydan.tv\/az\/evin-veziyyeti-12\/\" alt=\"Evin v\u0259ziyy\u0259ti\" class=\"wp-image-132392\"\/><figcaption>\n    Evin v\u0259ziyy\u0259ti<br \/>\n  <\/figcaption><\/figure>\n","protected":false},"excerpt":{"rendered":"<p>\u201c\u015eikay\u0259t etdik, \u0259ncam \u00e7\u0259k\u0259c\u0259kl\u0259rini deyib aldad\u0131rlar\u201d<\/p>\n","protected":false},"author":11,"featured_media":132383,"comment_status":"closed","ping_status":"open","sticky":false,"template":"","format":"standard","meta":{"_acf_changed":false,"_sitemap_exclude":false,"_sitemap_priority":"","_sitemap_frequency":"","footnotes":""},"categories":[60],"tags":[],"class_list":["post-197717","post","type-post","status-publish","format-standard","has-post-thumbnail","hentry","category-bolge","infinite-scroll-item","generate-columns","tablet-grid-50","mobile-grid-100","grid-parent","grid-33","no-featured-image-padding"],"acf":[],"yoast_head":"<!-- This site is optimized with the Yoast SEO plugin v27.5 - https:\/\/yoast.com\/product\/yoast-seo-wordpress\/ -->\n<title>A\u011fsu sakini: Prezident s\u0259r\u0259ncam verib, pul ay\u0131r\u0131b, niy\u0259 onun g\u00f6st\u0259ri\u015fin\u0259 \u0259m\u0259l ed\u0259n yoxdur? - MEYDAN.TV<\/title>\n<meta name=\"robots\" content=\"index, follow, max-snippet:-1, max-image-preview:large, max-video-preview:-1\" \/>\n<link rel=\"canonical\" href=\"https:\/\/www.meydan.tv\/az\/article\/agsu-sakini-prezident-serencam-verib-pul-ayirib-niye-onun-gosterisine-emel-eden-yoxdur\/\" \/>\n<meta property=\"og:locale\" content=\"az_AZ\" \/>\n<meta property=\"og:type\" content=\"article\" \/>\n<meta property=\"og:title\" content=\"A\u011fsu sakini: Prezident s\u0259r\u0259ncam verib, pul ay\u0131r\u0131b, niy\u0259 onun g\u00f6st\u0259ri\u015fin\u0259 \u0259m\u0259l ed\u0259n yoxdur? - MEYDAN.TV\" \/>\n<meta property=\"og:description\" content=\"\u201c\u015eikay\u0259t etdik, \u0259ncam \u00e7\u0259k\u0259c\u0259kl\u0259rini deyib aldad\u0131rlar\u201d\" \/>\n<meta property=\"og:url\" content=\"https:\/\/www.meydan.tv\/az\/article\/agsu-sakini-prezident-serencam-verib-pul-ayirib-niye-onun-gosterisine-emel-eden-yoxdur\/\" \/>\n<meta property=\"og:site_name\" content=\"MEYDAN.TV\" \/>\n<meta property=\"article:published_time\" content=\"2019-10-30T11:59:44+00:00\" \/>\n<meta property=\"og:image\" content=\"https:\/\/www.meydan.tv\/wp-content\/uploads\/73415951_3164337390275367_4337398755385933824_n.jpg\" \/>\n\t<meta property=\"og:image:width\" content=\"960\" \/>\n\t<meta property=\"og:image:height\" content=\"720\" \/>\n\t<meta property=\"og:image:type\" content=\"image\/jpeg\" \/>\n<meta name=\"author\" content=\"user-manager\" \/>\n<meta name=\"twitter:card\" content=\"summary_large_image\" \/>\n<script type=\"application\/ld+json\" class=\"yoast-schema-graph\">{\"@context\":\"https:\\\/\\\/schema.org\",\"@graph\":[{\"@type\":\"Article\",\"@id\":\"https:\\\/\\\/www.meydan.tv\\\/az\\\/article\\\/agsu-sakini-prezident-serencam-verib-pul-ayirib-niye-onun-gosterisine-emel-eden-yoxdur\\\/#article\",\"isPartOf\":{\"@id\":\"https:\\\/\\\/www.meydan.tv\\\/az\\\/article\\\/agsu-sakini-prezident-serencam-verib-pul-ayirib-niye-onun-gosterisine-emel-eden-yoxdur\\\/\"},\"author\":{\"name\":\"user-manager\",\"@id\":\"https:\\\/\\\/www.meydan.tv\\\/az\\\/#\\\/schema\\\/person\\\/10d11eccf6da3662cf5fdab9806ea91a\"},\"headline\":\"A\u011fsu sakini: Prezident s\u0259r\u0259ncam verib, pul ay\u0131r\u0131b, niy\u0259 onun g\u00f6st\u0259ri\u015fin\u0259 \u0259m\u0259l ed\u0259n yoxdur?\",\"datePublished\":\"2019-10-30T11:59:44+00:00\",\"mainEntityOfPage\":{\"@id\":\"https:\\\/\\\/www.meydan.tv\\\/az\\\/article\\\/agsu-sakini-prezident-serencam-verib-pul-ayirib-niye-onun-gosterisine-emel-eden-yoxdur\\\/\"},\"wordCount\":822,\"publisher\":{\"@id\":\"https:\\\/\\\/www.meydan.tv\\\/az\\\/#organization\"},\"image\":{\"@id\":\"https:\\\/\\\/www.meydan.tv\\\/az\\\/article\\\/agsu-sakini-prezident-serencam-verib-pul-ayirib-niye-onun-gosterisine-emel-eden-yoxdur\\\/#primaryimage\"},\"thumbnailUrl\":\"https:\\\/\\\/www.meydan.tv\\\/wp-content\\\/uploads\\\/73415951_3164337390275367_4337398755385933824_n.jpg\",\"articleSection\":[\"B\u00f6lg\u0259\"],\"inLanguage\":\"az\"},{\"@type\":\"WebPage\",\"@id\":\"https:\\\/\\\/www.meydan.tv\\\/az\\\/article\\\/agsu-sakini-prezident-serencam-verib-pul-ayirib-niye-onun-gosterisine-emel-eden-yoxdur\\\/\",\"url\":\"https:\\\/\\\/www.meydan.tv\\\/az\\\/article\\\/agsu-sakini-prezident-serencam-verib-pul-ayirib-niye-onun-gosterisine-emel-eden-yoxdur\\\/\",\"name\":\"A\u011fsu sakini: Prezident s\u0259r\u0259ncam verib, pul ay\u0131r\u0131b, niy\u0259 onun g\u00f6st\u0259ri\u015fin\u0259 \u0259m\u0259l ed\u0259n yoxdur? - MEYDAN.TV\",\"isPartOf\":{\"@id\":\"https:\\\/\\\/www.meydan.tv\\\/az\\\/#website\"},\"primaryImageOfPage\":{\"@id\":\"https:\\\/\\\/www.meydan.tv\\\/az\\\/article\\\/agsu-sakini-prezident-serencam-verib-pul-ayirib-niye-onun-gosterisine-emel-eden-yoxdur\\\/#primaryimage\"},\"image\":{\"@id\":\"https:\\\/\\\/www.meydan.tv\\\/az\\\/article\\\/agsu-sakini-prezident-serencam-verib-pul-ayirib-niye-onun-gosterisine-emel-eden-yoxdur\\\/#primaryimage\"},\"thumbnailUrl\":\"https:\\\/\\\/www.meydan.tv\\\/wp-content\\\/uploads\\\/73415951_3164337390275367_4337398755385933824_n.jpg\",\"datePublished\":\"2019-10-30T11:59:44+00:00\",\"breadcrumb\":{\"@id\":\"https:\\\/\\\/www.meydan.tv\\\/az\\\/article\\\/agsu-sakini-prezident-serencam-verib-pul-ayirib-niye-onun-gosterisine-emel-eden-yoxdur\\\/#breadcrumb\"},\"inLanguage\":\"az\",\"potentialAction\":[{\"@type\":\"ReadAction\",\"target\":[\"https:\\\/\\\/www.meydan.tv\\\/az\\\/article\\\/agsu-sakini-prezident-serencam-verib-pul-ayirib-niye-onun-gosterisine-emel-eden-yoxdur\\\/\"]}]},{\"@type\":\"ImageObject\",\"inLanguage\":\"az\",\"@id\":\"https:\\\/\\\/www.meydan.tv\\\/az\\\/article\\\/agsu-sakini-prezident-serencam-verib-pul-ayirib-niye-onun-gosterisine-emel-eden-yoxdur\\\/#primaryimage\",\"url\":\"https:\\\/\\\/www.meydan.tv\\\/wp-content\\\/uploads\\\/73415951_3164337390275367_4337398755385933824_n.jpg\",\"contentUrl\":\"https:\\\/\\\/www.meydan.tv\\\/wp-content\\\/uploads\\\/73415951_3164337390275367_4337398755385933824_n.jpg\",\"width\":960,\"height\":720,\"caption\":\"Source: Meydan TV\"},{\"@type\":\"BreadcrumbList\",\"@id\":\"https:\\\/\\\/www.meydan.tv\\\/az\\\/article\\\/agsu-sakini-prezident-serencam-verib-pul-ayirib-niye-onun-gosterisine-emel-eden-yoxdur\\\/#breadcrumb\",\"itemListElement\":[{\"@type\":\"ListItem\",\"position\":1,\"name\":\"Ana s\u0259hif\u0259\",\"item\":\"https:\\\/\\\/www.meydan.tv\\\/az\\\/\"},{\"@type\":\"ListItem\",\"position\":2,\"name\":\"B\u00f6lg\u0259\",\"item\":\"https:\\\/\\\/www.meydan.tv\\\/az\\\/section\\\/bolge\\\/\"},{\"@type\":\"ListItem\",\"position\":3,\"name\":\"A\u011fsu sakini: Prezident s\u0259r\u0259ncam verib, pul ay\u0131r\u0131b, niy\u0259 onun g\u00f6st\u0259ri\u015fin\u0259 \u0259m\u0259l ed\u0259n yoxdur?\"}]},{\"@type\":\"WebSite\",\"@id\":\"https:\\\/\\\/www.meydan.tv\\\/az\\\/#website\",\"url\":\"https:\\\/\\\/www.meydan.tv\\\/az\\\/\",\"name\":\"MEYDAN.TV\",\"description\":\"Meydan TV Az\u0259rbaycan\u0131n media m\u0259kan\u0131ndak\u0131 alternativ s\u0259sidir\",\"publisher\":{\"@id\":\"https:\\\/\\\/www.meydan.tv\\\/az\\\/#organization\"},\"potentialAction\":[{\"@type\":\"SearchAction\",\"target\":{\"@type\":\"EntryPoint\",\"urlTemplate\":\"https:\\\/\\\/www.meydan.tv\\\/az\\\/?s={search_term_string}\"},\"query-input\":{\"@type\":\"PropertyValueSpecification\",\"valueRequired\":true,\"valueName\":\"search_term_string\"}}],\"inLanguage\":\"az\"},{\"@type\":\"Organization\",\"@id\":\"https:\\\/\\\/www.meydan.tv\\\/az\\\/#organization\",\"name\":\"Meydan TV\",\"url\":\"https:\\\/\\\/www.meydan.tv\\\/az\\\/\",\"logo\":{\"@type\":\"ImageObject\",\"inLanguage\":\"az\",\"@id\":\"https:\\\/\\\/www.meydan.tv\\\/az\\\/#\\\/schema\\\/logo\\\/image\\\/\",\"url\":\"https:\\\/\\\/www.meydan.tv\\\/wp-content\\\/uploads\\\/2021\\\/07\\\/meydan-logo.svg\",\"contentUrl\":\"https:\\\/\\\/www.meydan.tv\\\/wp-content\\\/uploads\\\/2021\\\/07\\\/meydan-logo.svg\",\"width\":195,\"height\":46,\"caption\":\"Meydan TV\"},\"image\":{\"@id\":\"https:\\\/\\\/www.meydan.tv\\\/az\\\/#\\\/schema\\\/logo\\\/image\\\/\"}},{\"@type\":\"Person\",\"@id\":\"https:\\\/\\\/www.meydan.tv\\\/az\\\/#\\\/schema\\\/person\\\/10d11eccf6da3662cf5fdab9806ea91a\",\"name\":\"user-manager\"}]}<\/script>\n<!-- \/ Yoast SEO plugin. -->","yoast_head_json":{"title":"A\u011fsu sakini: Prezident s\u0259r\u0259ncam verib, pul ay\u0131r\u0131b, niy\u0259 onun g\u00f6st\u0259ri\u015fin\u0259 \u0259m\u0259l ed\u0259n yoxdur? - MEYDAN.TV","robots":{"index":"index","follow":"follow","max-snippet":"max-snippet:-1","max-image-preview":"max-image-preview:large","max-video-preview":"max-video-preview:-1"},"canonical":"https:\/\/www.meydan.tv\/az\/article\/agsu-sakini-prezident-serencam-verib-pul-ayirib-niye-onun-gosterisine-emel-eden-yoxdur\/","og_locale":"az_AZ","og_type":"article","og_title":"A\u011fsu sakini: Prezident s\u0259r\u0259ncam verib, pul ay\u0131r\u0131b, niy\u0259 onun g\u00f6st\u0259ri\u015fin\u0259 \u0259m\u0259l ed\u0259n yoxdur? - MEYDAN.TV","og_description":"\u201c\u015eikay\u0259t etdik, \u0259ncam \u00e7\u0259k\u0259c\u0259kl\u0259rini deyib aldad\u0131rlar\u201d","og_url":"https:\/\/www.meydan.tv\/az\/article\/agsu-sakini-prezident-serencam-verib-pul-ayirib-niye-onun-gosterisine-emel-eden-yoxdur\/","og_site_name":"MEYDAN.TV","article_published_time":"2019-10-30T11:59:44+00:00","og_image":[{"width":960,"height":720,"url":"https:\/\/www.meydan.tv\/wp-content\/uploads\/73415951_3164337390275367_4337398755385933824_n.jpg","type":"image\/jpeg"}],"author":"user-manager","twitter_card":"summary_large_image","schema":{"@context":"https:\/\/schema.org","@graph":[{"@type":"Article","@id":"https:\/\/www.meydan.tv\/az\/article\/agsu-sakini-prezident-serencam-verib-pul-ayirib-niye-onun-gosterisine-emel-eden-yoxdur\/#article","isPartOf":{"@id":"https:\/\/www.meydan.tv\/az\/article\/agsu-sakini-prezident-serencam-verib-pul-ayirib-niye-onun-gosterisine-emel-eden-yoxdur\/"},"author":{"name":"user-manager","@id":"https:\/\/www.meydan.tv\/az\/#\/schema\/person\/10d11eccf6da3662cf5fdab9806ea91a"},"headline":"A\u011fsu sakini: Prezident s\u0259r\u0259ncam verib, pul ay\u0131r\u0131b, niy\u0259 onun g\u00f6st\u0259ri\u015fin\u0259 \u0259m\u0259l ed\u0259n yoxdur?","datePublished":"2019-10-30T11:59:44+00:00","mainEntityOfPage":{"@id":"https:\/\/www.meydan.tv\/az\/article\/agsu-sakini-prezident-serencam-verib-pul-ayirib-niye-onun-gosterisine-emel-eden-yoxdur\/"},"wordCount":822,"publisher":{"@id":"https:\/\/www.meydan.tv\/az\/#organization"},"image":{"@id":"https:\/\/www.meydan.tv\/az\/article\/agsu-sakini-prezident-serencam-verib-pul-ayirib-niye-onun-gosterisine-emel-eden-yoxdur\/#primaryimage"},"thumbnailUrl":"https:\/\/www.meydan.tv\/wp-content\/uploads\/73415951_3164337390275367_4337398755385933824_n.jpg","articleSection":["B\u00f6lg\u0259"],"inLanguage":"az"},{"@type":"WebPage","@id":"https:\/\/www.meydan.tv\/az\/article\/agsu-sakini-prezident-serencam-verib-pul-ayirib-niye-onun-gosterisine-emel-eden-yoxdur\/","url":"https:\/\/www.meydan.tv\/az\/article\/agsu-sakini-prezident-serencam-verib-pul-ayirib-niye-onun-gosterisine-emel-eden-yoxdur\/","name":"A\u011fsu sakini: Prezident s\u0259r\u0259ncam verib, pul ay\u0131r\u0131b, niy\u0259 onun g\u00f6st\u0259ri\u015fin\u0259 \u0259m\u0259l ed\u0259n yoxdur? - MEYDAN.TV","isPartOf":{"@id":"https:\/\/www.meydan.tv\/az\/#website"},"primaryImageOfPage":{"@id":"https:\/\/www.meydan.tv\/az\/article\/agsu-sakini-prezident-serencam-verib-pul-ayirib-niye-onun-gosterisine-emel-eden-yoxdur\/#primaryimage"},"image":{"@id":"https:\/\/www.meydan.tv\/az\/article\/agsu-sakini-prezident-serencam-verib-pul-ayirib-niye-onun-gosterisine-emel-eden-yoxdur\/#primaryimage"},"thumbnailUrl":"https:\/\/www.meydan.tv\/wp-content\/uploads\/73415951_3164337390275367_4337398755385933824_n.jpg","datePublished":"2019-10-30T11:59:44+00:00","breadcrumb":{"@id":"https:\/\/www.meydan.tv\/az\/article\/agsu-sakini-prezident-serencam-verib-pul-ayirib-niye-onun-gosterisine-emel-eden-yoxdur\/#breadcrumb"},"inLanguage":"az","potentialAction":[{"@type":"ReadAction","target":["https:\/\/www.meydan.tv\/az\/article\/agsu-sakini-prezident-serencam-verib-pul-ayirib-niye-onun-gosterisine-emel-eden-yoxdur\/"]}]},{"@type":"ImageObject","inLanguage":"az","@id":"https:\/\/www.meydan.tv\/az\/article\/agsu-sakini-prezident-serencam-verib-pul-ayirib-niye-onun-gosterisine-emel-eden-yoxdur\/#primaryimage","url":"https:\/\/www.meydan.tv\/wp-content\/uploads\/73415951_3164337390275367_4337398755385933824_n.jpg","contentUrl":"https:\/\/www.meydan.tv\/wp-content\/uploads\/73415951_3164337390275367_4337398755385933824_n.jpg","width":960,"height":720,"caption":"Source: Meydan TV"},{"@type":"BreadcrumbList","@id":"https:\/\/www.meydan.tv\/az\/article\/agsu-sakini-prezident-serencam-verib-pul-ayirib-niye-onun-gosterisine-emel-eden-yoxdur\/#breadcrumb","itemListElement":[{"@type":"ListItem","position":1,"name":"Ana s\u0259hif\u0259","item":"https:\/\/www.meydan.tv\/az\/"},{"@type":"ListItem","position":2,"name":"B\u00f6lg\u0259","item":"https:\/\/www.meydan.tv\/az\/section\/bolge\/"},{"@type":"ListItem","position":3,"name":"A\u011fsu sakini: Prezident s\u0259r\u0259ncam verib, pul ay\u0131r\u0131b, niy\u0259 onun g\u00f6st\u0259ri\u015fin\u0259 \u0259m\u0259l ed\u0259n yoxdur?"}]},{"@type":"WebSite","@id":"https:\/\/www.meydan.tv\/az\/#website","url":"https:\/\/www.meydan.tv\/az\/","name":"MEYDAN.TV","description":"Meydan TV Az\u0259rbaycan\u0131n media m\u0259kan\u0131ndak\u0131 alternativ s\u0259sidir","publisher":{"@id":"https:\/\/www.meydan.tv\/az\/#organization"},"potentialAction":[{"@type":"SearchAction","target":{"@type":"EntryPoint","urlTemplate":"https:\/\/www.meydan.tv\/az\/?s={search_term_string}"},"query-input":{"@type":"PropertyValueSpecification","valueRequired":true,"valueName":"search_term_string"}}],"inLanguage":"az"},{"@type":"Organization","@id":"https:\/\/www.meydan.tv\/az\/#organization","name":"Meydan TV","url":"https:\/\/www.meydan.tv\/az\/","logo":{"@type":"ImageObject","inLanguage":"az","@id":"https:\/\/www.meydan.tv\/az\/#\/schema\/logo\/image\/","url":"https:\/\/www.meydan.tv\/wp-content\/uploads\/2021\/07\/meydan-logo.svg","contentUrl":"https:\/\/www.meydan.tv\/wp-content\/uploads\/2021\/07\/meydan-logo.svg","width":195,"height":46,"caption":"Meydan TV"},"image":{"@id":"https:\/\/www.meydan.tv\/az\/#\/schema\/logo\/image\/"}},{"@type":"Person","@id":"https:\/\/www.meydan.tv\/az\/#\/schema\/person\/10d11eccf6da3662cf5fdab9806ea91a","name":"user-manager"}]}},"_links":{"self":[{"href":"https:\/\/www.meydan.tv\/az\/wp-json\/wp\/v2\/posts\/197717","targetHints":{"allow":["GET"]}}],"collection":[{"href":"https:\/\/www.meydan.tv\/az\/wp-json\/wp\/v2\/posts"}],"about":[{"href":"https:\/\/www.meydan.tv\/az\/wp-json\/wp\/v2\/types\/post"}],"author":[{"embeddable":true,"href":"https:\/\/www.meydan.tv\/az\/wp-json\/wp\/v2\/users\/11"}],"replies":[{"embeddable":true,"href":"https:\/\/www.meydan.tv\/az\/wp-json\/wp\/v2\/comments?post=197717"}],"version-history":[{"count":0,"href":"https:\/\/www.meydan.tv\/az\/wp-json\/wp\/v2\/posts\/197717\/revisions"}],"wp:featuredmedia":[{"embeddable":true,"href":"https:\/\/www.meydan.tv\/az\/wp-json\/wp\/v2\/media\/132383"}],"wp:attachment":[{"href":"https:\/\/www.meydan.tv\/az\/wp-json\/wp\/v2\/media?parent=197717"}],"wp:term":[{"taxonomy":"category","embeddable":true,"href":"https:\/\/www.meydan.tv\/az\/wp-json\/wp\/v2\/categories?post=197717"},{"taxonomy":"post_tag","embeddable":true,"href":"https:\/\/www.meydan.tv\/az\/wp-json\/wp\/v2\/tags?post=197717"}],"curies":[{"name":"wp","href":"https:\/\/api.w.org\/{rel}","templated":true}]}}