{"id":197712,"date":"2019-10-30T11:36:49","date_gmt":"2019-10-30T11:36:49","guid":{"rendered":"https:\/\/www.meydan.tv\/article\/yas-meselesi\/"},"modified":"2019-10-30T11:36:49","modified_gmt":"2019-10-30T11:36:49","slug":"yas-meselesi","status":"publish","type":"post","link":"https:\/\/www.meydan.tv\/az\/article\/yas-meselesi\/","title":{"rendered":"Ya\u015f m\u0259s\u0259l\u0259si"},"content":{"rendered":"<p>\n  Son g\u00fcnl\u0259rin \u0259sas m\u00fczakir\u0259 m\u00f6vzular\u0131ndan biri Az\u0259rbaycanda ya\u015fl\u0131 m\u0259murlar\u0131n v\u0259zif\u0259l\u0259rind\u0259n uzaqla\u015fd\u0131r\u0131lmas\u0131d\u0131r. Bu oliqarxla\u015fm\u0131\u015f m\u0259murlar\u0131n bir bel\u0259 var-d\u00f6vl\u0259ti, cah-c\u0259lal\u0131 nec\u0259 \u0259ld\u0259 etdikl\u0259rini ara\u015fd\u0131rmaq, sor\u011fulamaq yerin\u0259, onlar\u0131 h\u00f6rm\u0259t-izz\u0259tl\u0259 t\u0259qa\u00fcd\u0259 yola salmaq \u0259sla anla\u015f\u0131lan deyil. Lakin ya\u015fad\u0131\u011f\u0131m\u0131z \u00f6lk\u0259nin reall\u0131qlar\u0131n\u0131 n\u0259z\u0259r\u0259 alsaq, bunda t\u0259\u0259cc\u00fcbl\u00fc bir \u015fey d\u0259 yoxdur.\n<\/p>\n<p>\n  Ancaq m\u0259n bu yaz\u0131da daha \u00e7ox m\u0259ml\u0259k\u0259timizd\u0259 uzun ill\u0259rd\u0259n b\u0259ri bitm\u0259k bilm\u0259y\u0259n ya\u015fl\u0131-g\u0259nc m\u00fczakir\u0259l\u0259rin\u0259 toxunmaq ist\u0259yir\u0259m; bir n\u00f6v, ya\u015fl\u0131 m\u0259murlar s\u00f6hb\u0259tin\u0259 ba\u015fqa p\u0259nc\u0259r\u0259d\u0259n baxmaq niyy\u0259tind\u0259y\u0259m.\n<\/p>\n<p>\n  B\u0259ri ba\u015fdan deyim: xeyli zamand\u0131r sosial \u015f\u0259b\u0259k\u0259l\u0259rd\u0259 qar\u015f\u0131m\u0131za hans\u0131sa Avropa diyar\u0131nda, lap el\u0259 qula\u011f\u0131m\u0131z\u0131n dibind\u0259ki G\u00fcrc\u00fcstanda, yaxud bir ba\u015fqa postsovet \u00f6lk\u0259si Ukraynada hans\u0131sa y\u00fcks\u0259k v\u0259zif\u0259y\u0259 g\u0259nc bir kadr\u0131n t\u0259yin edildiyi bar\u0259d\u0259 x\u0259b\u0259rin payla\u015f\u0131m\u0131 \u00e7\u0131x\u0131r v\u0259 m\u0259n h\u0259mi\u015f\u0259 bu c\u00fcr payla\u015f\u0131mlara bir azca istehza il\u0259 yana\u015f\u0131ram. Ayd\u0131nd\u0131r ki, bel\u0259 payla\u015f\u0131m m\u00fc\u0259llifl\u0259ri bununla, m\u0259\u015fhur filmd\u0259 deyildiyi kimi, &quot;o \u0259jdahadan\u00a0\u00a0niy\u0259 bizd\u0259 d\u0259 olmad\u0131\u011f\u0131na&quot; i\u015far\u0259 vururlar, Az\u0259rbaycanda da ox\u015far trendi m\u00fc\u015fahid\u0259 etm\u0259k arzular\u0131n\u0131 dil\u0259 g\u0259tirirl\u0259r. Lakin, fikrimc\u0259, bu zaman onlar inc\u0259 bir m\u0259qam\u0131 yaddan \u00e7\u0131xar\u0131rlar: bizim m\u0259ml\u0259k\u0259td\u0259 idar\u0259etm\u0259nin problemi, sad\u0259c\u0259, m\u0259murlar\u0131n, b\u00fcrokratlar\u0131n ya\u015f\u0131 deyil ki!\n<\/p>\n<p>\n  \u00dcmumilikd\u0259 idar\u0259etm\u0259 f\u0259ls\u0259f\u0259si yanl\u0131\u015fd\u0131r. XXI y\u00fczillikd\u0259 bir \u00f6lk\u0259 sad\u0259c\u0259, h\u00fcquqlara v\u0259 azadl\u0131qlara h\u00f6rm\u0259t say\u0259sind\u0259 dir\u00e7\u0259l\u0259, y\u00fcks\u0259l\u0259, inki\u015faf ed\u0259n d\u00fcnyan\u0131n bir par\u00e7as\u0131na \u00e7evril\u0259 bil\u0259r.\n<\/p>\n<p>\n  XXI y\u00fczillikd\u0259 haqq\u0131ndak\u0131 \u0259n y\u00fcng\u00fcl t\u0259nqid\u0259 bel\u0259 d\u00f6z\u00fcms\u00fcz, s\u0259birsiz, aqressiv yana\u015faraq\u00a0\u00a0bir \u00f6lk\u0259ni ir\u0259li aparmaq, inki\u015faf ed\u0259n d\u00fcnyaya qovu\u015fdurmaq xam-x\u0259yald\u0131r.\n<\/p>\n<p>\n  XXI y\u00fczillikd\u0259 bir \u00f6lk\u0259d\u0259 se\u00e7ki dedikd\u0259 yada &quot;karusel&quot;, &quot;topa-topa b\u00fclleten&quot;, can\u0131m siz\u0259 desin, &quot;\u018ffruz\u0259 xala&quot; d\u00fc\u015f\u00fcrs\u0259, art\u0131q o \u00f6lk\u0259nin idar\u0259etm\u0259sind\u0259 ya\u015fl\u0131, yoxsa, g\u0259nc b\u00fcrokratlar\u0131n \u00f6nd\u0259 olmas\u0131n\u0131n bir m\u0259ans\u0131 qalm\u0131r.\n<\/p>\n<p>\n  H\u0259qiq\u0259t budur ki, ya\u015fad\u0131\u011f\u0131m\u0131z \u00e7a\u011fda bir \u00f6lk\u0259nin y\u00fcks\u0259li\u015f yolu milli irad\u0259nin \u00fcst\u00fcnl\u00fcy\u00fcnd\u0259n, \u0259dal\u0259tli m\u0259hk\u0259m\u0259d\u0259n, azad mediadan ke\u00e7ir.\n<\/p>\n<p>\n  Ya\u015fad\u0131\u011f\u0131m\u0131z \u00e7a\u011fda yaln\u0131z ordu il\u0259, neftl\u0259, qazla g\u00fccl\u00fc olmaq m\u00fcmk\u00fcn deyil, v\u0259t\u0259nda\u015f c\u0259miyy\u0259ti d\u0259 g\u00fccl\u00fc olacaq. Jurnalist \u0259lin\u0259 q\u0259l\u0259m, siyas\u0259t\u00e7i, aktivist mikrafon g\u00f6t\u00fcr\u0259nd\u0259 g\u00f6z \u00f6n\u00fcn\u0259 m\u0259hb\u0259s, qandal, narkotik madd\u0259, polis dubinkas\u0131 g\u0259tirm\u0259y\u0259c\u0259k.\n<\/p>\n<p>\n  XXI y\u00fczilliyin bu sad\u0259 h\u0259qiq\u0259tl\u0259rini anlayan, d\u0259rk v\u0259 q\u0259bul ed\u0259n bir idar\u0259etm\u0259 modeli \u00f6z \u00f6lk\u0259sini u\u011furdan-u\u011fura aparmaq iqtidar\u0131ndad\u0131r.\n<\/p>\n<p>\n  \u018fks halda h\u0259min idar\u0259etm\u0259 ma\u015f\u0131n\u0131n\u0131n vintcikl\u0259rini, t\u0259k\u0259rcikl\u0259rini ist\u0259diyiniz q\u0259d\u0259r d\u0259yi\u015fin, real n\u0259tic\u0259y\u0259 \u00fcmid etm\u0259k \u00e7\u0259tin m\u0259s\u0259l\u0259dir.\n<\/p>\n<p>\n  \u00d6rn\u0259kmi? Misir M\u0259rdanovdan sonra t\u0259hsilin ba\u015f\u0131na davaml\u0131 \u015f\u0259kild\u0259 g\u0259nc kadrlar g\u0259tirilir, sonuc varm\u0131? T\u0259hsil sistemimiz sovet \u0259n\u0259n\u0259n\u0259l\u0259rind\u0259n n\u0259 q\u0259d\u0259r qopa bilib? O, t\u0259hsil\u0259 k\u00f6hn\u0259 bax\u0131\u015flardan, yana\u015fmadan n\u0259 q\u0259d\u0259r t\u0259mizl\u0259nib? O, do\u011frudanm\u0131, art\u0131q t\u0259nqid\u00e7i, ara\u015fd\u0131r\u0131c\u0131, sor\u011fulay\u0131c\u0131 f\u0259rdl\u0259r yeti\u015fdirm\u0259k g\u00fcc\u00fcnd\u0259dir?\n<\/p>\n<p>\n  \u018fli \u0130nsanov s\u0259hiyy\u0259 naziri postundan k\u0259narla\u015fd\u0131r\u0131ld\u0131, \u00e7oxu b\u00f6y\u00fck sad\u0259l\u00f6hvl\u00fckl\u0259 \u00fcmid edirdi ki, yerin\u0259 g\u0259l\u0259n s\u0259hiyy\u0259ni korrupsiyadan, r\u00fc\u015fv\u0259td\u0259n, h\u0259kiml\u0259rin \u0259l\u0259bax\u0131ml\u0131l\u0131\u011f\u0131ndan, s\u0259ri\u015ft\u0259sizliyind\u0259n qurtaracaq. H\u0259min \u00fcmidl\u0259r \u00fcmid olaraq, bu c\u00fcr g\u00f6zl\u0259ntil\u0259r g\u00f6zl\u0259nti olaraq qalmad\u0131m\u0131? \u00d6lk\u0259 s\u0259hiyy\u0259si tamamil\u0259 dib\u0259 vurmad\u0131m\u0131?\n<\/p>\n<p>\n  Dediyim odur ki, ill\u0259rdir eyni postda oturub camaat\u0131n g\u00f6z\u00fcn\u00fc ya\u011f\u0131r el\u0259y\u0259n qoca m\u0259murlar\u0131n v\u0259zif\u0259l\u0259rind\u0259n uzaqla\u015fd\u0131r\u0131lmas\u0131n\u0131 adamlar\u0131n sevincl\u0259 qar\u015f\u0131lamas\u0131n\u0131 hardasa ba\u015fa d\u00fc\u015f\u00fcr\u0259m, el\u0259 onlar\u0131n yerin\u0259 ya\u015fca g\u0259ncl\u0259rin g\u0259tirilm\u0259sind\u0259n \u00fcmidl\u0259n\u0259nl\u0259ri d\u0259 anlay\u0131ram; bilir\u0259m ki, \u00f6lk\u0259d\u0259 sosial-iqtisadi bax\u0131mdan el\u0259 bir d\u00f6z\u00fclm\u0259z v\u0259ziyy\u0259t h\u00f6km s\u00fcr\u00fcr, m\u0259n\u0259vi bo\u011fulma o h\u0259dd\u0259 \u00e7at\u0131b ki, hans\u0131sa kadr d\u0259yi\u015fikliyi bel\u0259 adamlarda m\u00fcsb\u0259t g\u00f6zl\u0259ntil\u0259r yarad\u0131r. Ancaq eyni zamanda \u00f6z fikrimd\u0259 d\u0259 qal\u0131ram: \u00f6lk\u0259ni idar\u0259etm\u0259 f\u0259ls\u0259f\u0259si k\u00f6hn\u0259lib, ya\u015fla\u015f\u0131b, qocal\u0131b. \u00d6nc\u0259 onu &quot;cavanla\u015fd\u0131rmaq&quot;, XXI y\u00fczilliyin standartlar\u0131na, t\u0259l\u0259bl\u0259rin\u0259 uy\u011funla\u015fd\u0131rmaq laz\u0131md\u0131r.\n<\/p>\n<p>\n  O standartlar\u0131n, o t\u0259l\u0259bl\u0259rin n\u0259 oldu\u011funu da yuxar\u0131da yazd\u0131\u011f\u0131mdan t\u0259krarlama\u011fa g\u0259r\u0259k g\u00f6rm\u00fcr\u0259m. Baxmayaraq ki, &quot;t\u0259krar biliyin anas\u0131d\u0131r&quot; deyirl\u0259r&#8230;<\/p>\n","protected":false},"excerpt":{"rendered":"<p>\u00dcmumilikd\u0259 idar\u0259etm\u0259 f\u0259ls\u0259f\u0259si yanl\u0131\u015fd\u0131r<\/p>\n","protected":false},"author":11,"featured_media":125824,"comment_status":"closed","ping_status":"open","sticky":false,"template":"","format":"standard","meta":{"_acf_changed":false,"_sitemap_exclude":false,"_sitemap_priority":"","_sitemap_frequency":"","footnotes":""},"categories":[57],"tags":[],"class_list":["post-197712","post","type-post","status-publish","format-standard","has-post-thumbnail","hentry","category-menim-fikrimce","infinite-scroll-item","generate-columns","tablet-grid-50","mobile-grid-100","grid-parent","grid-33","no-featured-image-padding"],"acf":[],"yoast_head":"<!-- This site is optimized with the Yoast SEO plugin v27.4 - https:\/\/yoast.com\/product\/yoast-seo-wordpress\/ -->\n<title>Ya\u015f m\u0259s\u0259l\u0259si - MEYDAN.TV<\/title>\n<meta name=\"robots\" content=\"index, follow, max-snippet:-1, max-image-preview:large, max-video-preview:-1\" \/>\n<link rel=\"canonical\" href=\"https:\/\/www.meydan.tv\/az\/article\/yas-meselesi\/\" \/>\n<meta property=\"og:locale\" content=\"az_AZ\" \/>\n<meta property=\"og:type\" content=\"article\" \/>\n<meta property=\"og:title\" content=\"Ya\u015f m\u0259s\u0259l\u0259si - MEYDAN.TV\" \/>\n<meta property=\"og:description\" content=\"\u00dcmumilikd\u0259 idar\u0259etm\u0259 f\u0259ls\u0259f\u0259si yanl\u0131\u015fd\u0131r\" \/>\n<meta property=\"og:url\" content=\"https:\/\/www.meydan.tv\/az\/article\/yas-meselesi\/\" \/>\n<meta property=\"og:site_name\" content=\"MEYDAN.TV\" \/>\n<meta property=\"article:published_time\" content=\"2019-10-30T11:36:49+00:00\" \/>\n<meta property=\"og:image\" content=\"https:\/\/www.meydan.tv\/wp-content\/uploads\/elnur_astanbey-scaled.jpg\" \/>\n\t<meta property=\"og:image:width\" content=\"2560\" \/>\n\t<meta property=\"og:image:height\" content=\"1707\" \/>\n\t<meta property=\"og:image:type\" content=\"image\/jpeg\" \/>\n<meta name=\"author\" content=\"user-manager\" \/>\n<meta name=\"twitter:card\" content=\"summary_large_image\" \/>\n<script type=\"application\/ld+json\" class=\"yoast-schema-graph\">{\"@context\":\"https:\\\/\\\/schema.org\",\"@graph\":[{\"@type\":\"Article\",\"@id\":\"https:\\\/\\\/www.meydan.tv\\\/az\\\/article\\\/yas-meselesi\\\/#article\",\"isPartOf\":{\"@id\":\"https:\\\/\\\/www.meydan.tv\\\/az\\\/article\\\/yas-meselesi\\\/\"},\"author\":{\"name\":\"user-manager\",\"@id\":\"https:\\\/\\\/www.meydan.tv\\\/az\\\/#\\\/schema\\\/person\\\/10d11eccf6da3662cf5fdab9806ea91a\"},\"headline\":\"Ya\u015f m\u0259s\u0259l\u0259si\",\"datePublished\":\"2019-10-30T11:36:49+00:00\",\"mainEntityOfPage\":{\"@id\":\"https:\\\/\\\/www.meydan.tv\\\/az\\\/article\\\/yas-meselesi\\\/\"},\"wordCount\":958,\"publisher\":{\"@id\":\"https:\\\/\\\/www.meydan.tv\\\/az\\\/#organization\"},\"image\":{\"@id\":\"https:\\\/\\\/www.meydan.tv\\\/az\\\/article\\\/yas-meselesi\\\/#primaryimage\"},\"thumbnailUrl\":\"https:\\\/\\\/www.meydan.tv\\\/wp-content\\\/uploads\\\/elnur_astanbey-scaled.jpg\",\"articleSection\":[\"M\u0259nim Fikrimc\u0259\"],\"inLanguage\":\"az\"},{\"@type\":\"WebPage\",\"@id\":\"https:\\\/\\\/www.meydan.tv\\\/az\\\/article\\\/yas-meselesi\\\/\",\"url\":\"https:\\\/\\\/www.meydan.tv\\\/az\\\/article\\\/yas-meselesi\\\/\",\"name\":\"Ya\u015f m\u0259s\u0259l\u0259si - MEYDAN.TV\",\"isPartOf\":{\"@id\":\"https:\\\/\\\/www.meydan.tv\\\/az\\\/#website\"},\"primaryImageOfPage\":{\"@id\":\"https:\\\/\\\/www.meydan.tv\\\/az\\\/article\\\/yas-meselesi\\\/#primaryimage\"},\"image\":{\"@id\":\"https:\\\/\\\/www.meydan.tv\\\/az\\\/article\\\/yas-meselesi\\\/#primaryimage\"},\"thumbnailUrl\":\"https:\\\/\\\/www.meydan.tv\\\/wp-content\\\/uploads\\\/elnur_astanbey-scaled.jpg\",\"datePublished\":\"2019-10-30T11:36:49+00:00\",\"breadcrumb\":{\"@id\":\"https:\\\/\\\/www.meydan.tv\\\/az\\\/article\\\/yas-meselesi\\\/#breadcrumb\"},\"inLanguage\":\"az\",\"potentialAction\":[{\"@type\":\"ReadAction\",\"target\":[\"https:\\\/\\\/www.meydan.tv\\\/az\\\/article\\\/yas-meselesi\\\/\"]}]},{\"@type\":\"ImageObject\",\"inLanguage\":\"az\",\"@id\":\"https:\\\/\\\/www.meydan.tv\\\/az\\\/article\\\/yas-meselesi\\\/#primaryimage\",\"url\":\"https:\\\/\\\/www.meydan.tv\\\/wp-content\\\/uploads\\\/elnur_astanbey-scaled.jpg\",\"contentUrl\":\"https:\\\/\\\/www.meydan.tv\\\/wp-content\\\/uploads\\\/elnur_astanbey-scaled.jpg\",\"width\":2560,\"height\":1707,\"caption\":\"Foto: Meydan TV\"},{\"@type\":\"BreadcrumbList\",\"@id\":\"https:\\\/\\\/www.meydan.tv\\\/az\\\/article\\\/yas-meselesi\\\/#breadcrumb\",\"itemListElement\":[{\"@type\":\"ListItem\",\"position\":1,\"name\":\"Ana s\u0259hif\u0259\",\"item\":\"https:\\\/\\\/www.meydan.tv\\\/az\\\/\"},{\"@type\":\"ListItem\",\"position\":2,\"name\":\"M\u0259nim Fikrimc\u0259\",\"item\":\"https:\\\/\\\/www.meydan.tv\\\/az\\\/section\\\/menim-fikrimce\\\/\"},{\"@type\":\"ListItem\",\"position\":3,\"name\":\"Ya\u015f m\u0259s\u0259l\u0259si\"}]},{\"@type\":\"WebSite\",\"@id\":\"https:\\\/\\\/www.meydan.tv\\\/az\\\/#website\",\"url\":\"https:\\\/\\\/www.meydan.tv\\\/az\\\/\",\"name\":\"MEYDAN.TV\",\"description\":\"Meydan TV Az\u0259rbaycan\u0131n media m\u0259kan\u0131ndak\u0131 alternativ s\u0259sidir\",\"publisher\":{\"@id\":\"https:\\\/\\\/www.meydan.tv\\\/az\\\/#organization\"},\"potentialAction\":[{\"@type\":\"SearchAction\",\"target\":{\"@type\":\"EntryPoint\",\"urlTemplate\":\"https:\\\/\\\/www.meydan.tv\\\/az\\\/?s={search_term_string}\"},\"query-input\":{\"@type\":\"PropertyValueSpecification\",\"valueRequired\":true,\"valueName\":\"search_term_string\"}}],\"inLanguage\":\"az\"},{\"@type\":\"Organization\",\"@id\":\"https:\\\/\\\/www.meydan.tv\\\/az\\\/#organization\",\"name\":\"Meydan TV\",\"url\":\"https:\\\/\\\/www.meydan.tv\\\/az\\\/\",\"logo\":{\"@type\":\"ImageObject\",\"inLanguage\":\"az\",\"@id\":\"https:\\\/\\\/www.meydan.tv\\\/az\\\/#\\\/schema\\\/logo\\\/image\\\/\",\"url\":\"https:\\\/\\\/www.meydan.tv\\\/wp-content\\\/uploads\\\/2021\\\/07\\\/meydan-logo.svg\",\"contentUrl\":\"https:\\\/\\\/www.meydan.tv\\\/wp-content\\\/uploads\\\/2021\\\/07\\\/meydan-logo.svg\",\"width\":195,\"height\":46,\"caption\":\"Meydan TV\"},\"image\":{\"@id\":\"https:\\\/\\\/www.meydan.tv\\\/az\\\/#\\\/schema\\\/logo\\\/image\\\/\"}},{\"@type\":\"Person\",\"@id\":\"https:\\\/\\\/www.meydan.tv\\\/az\\\/#\\\/schema\\\/person\\\/10d11eccf6da3662cf5fdab9806ea91a\",\"name\":\"user-manager\"}]}<\/script>\n<!-- \/ Yoast SEO plugin. -->","yoast_head_json":{"title":"Ya\u015f m\u0259s\u0259l\u0259si - MEYDAN.TV","robots":{"index":"index","follow":"follow","max-snippet":"max-snippet:-1","max-image-preview":"max-image-preview:large","max-video-preview":"max-video-preview:-1"},"canonical":"https:\/\/www.meydan.tv\/az\/article\/yas-meselesi\/","og_locale":"az_AZ","og_type":"article","og_title":"Ya\u015f m\u0259s\u0259l\u0259si - MEYDAN.TV","og_description":"\u00dcmumilikd\u0259 idar\u0259etm\u0259 f\u0259ls\u0259f\u0259si yanl\u0131\u015fd\u0131r","og_url":"https:\/\/www.meydan.tv\/az\/article\/yas-meselesi\/","og_site_name":"MEYDAN.TV","article_published_time":"2019-10-30T11:36:49+00:00","og_image":[{"width":2560,"height":1707,"url":"https:\/\/www.meydan.tv\/wp-content\/uploads\/elnur_astanbey-scaled.jpg","type":"image\/jpeg"}],"author":"user-manager","twitter_card":"summary_large_image","schema":{"@context":"https:\/\/schema.org","@graph":[{"@type":"Article","@id":"https:\/\/www.meydan.tv\/az\/article\/yas-meselesi\/#article","isPartOf":{"@id":"https:\/\/www.meydan.tv\/az\/article\/yas-meselesi\/"},"author":{"name":"user-manager","@id":"https:\/\/www.meydan.tv\/az\/#\/schema\/person\/10d11eccf6da3662cf5fdab9806ea91a"},"headline":"Ya\u015f m\u0259s\u0259l\u0259si","datePublished":"2019-10-30T11:36:49+00:00","mainEntityOfPage":{"@id":"https:\/\/www.meydan.tv\/az\/article\/yas-meselesi\/"},"wordCount":958,"publisher":{"@id":"https:\/\/www.meydan.tv\/az\/#organization"},"image":{"@id":"https:\/\/www.meydan.tv\/az\/article\/yas-meselesi\/#primaryimage"},"thumbnailUrl":"https:\/\/www.meydan.tv\/wp-content\/uploads\/elnur_astanbey-scaled.jpg","articleSection":["M\u0259nim Fikrimc\u0259"],"inLanguage":"az"},{"@type":"WebPage","@id":"https:\/\/www.meydan.tv\/az\/article\/yas-meselesi\/","url":"https:\/\/www.meydan.tv\/az\/article\/yas-meselesi\/","name":"Ya\u015f m\u0259s\u0259l\u0259si - MEYDAN.TV","isPartOf":{"@id":"https:\/\/www.meydan.tv\/az\/#website"},"primaryImageOfPage":{"@id":"https:\/\/www.meydan.tv\/az\/article\/yas-meselesi\/#primaryimage"},"image":{"@id":"https:\/\/www.meydan.tv\/az\/article\/yas-meselesi\/#primaryimage"},"thumbnailUrl":"https:\/\/www.meydan.tv\/wp-content\/uploads\/elnur_astanbey-scaled.jpg","datePublished":"2019-10-30T11:36:49+00:00","breadcrumb":{"@id":"https:\/\/www.meydan.tv\/az\/article\/yas-meselesi\/#breadcrumb"},"inLanguage":"az","potentialAction":[{"@type":"ReadAction","target":["https:\/\/www.meydan.tv\/az\/article\/yas-meselesi\/"]}]},{"@type":"ImageObject","inLanguage":"az","@id":"https:\/\/www.meydan.tv\/az\/article\/yas-meselesi\/#primaryimage","url":"https:\/\/www.meydan.tv\/wp-content\/uploads\/elnur_astanbey-scaled.jpg","contentUrl":"https:\/\/www.meydan.tv\/wp-content\/uploads\/elnur_astanbey-scaled.jpg","width":2560,"height":1707,"caption":"Foto: Meydan TV"},{"@type":"BreadcrumbList","@id":"https:\/\/www.meydan.tv\/az\/article\/yas-meselesi\/#breadcrumb","itemListElement":[{"@type":"ListItem","position":1,"name":"Ana s\u0259hif\u0259","item":"https:\/\/www.meydan.tv\/az\/"},{"@type":"ListItem","position":2,"name":"M\u0259nim Fikrimc\u0259","item":"https:\/\/www.meydan.tv\/az\/section\/menim-fikrimce\/"},{"@type":"ListItem","position":3,"name":"Ya\u015f m\u0259s\u0259l\u0259si"}]},{"@type":"WebSite","@id":"https:\/\/www.meydan.tv\/az\/#website","url":"https:\/\/www.meydan.tv\/az\/","name":"MEYDAN.TV","description":"Meydan TV Az\u0259rbaycan\u0131n media m\u0259kan\u0131ndak\u0131 alternativ s\u0259sidir","publisher":{"@id":"https:\/\/www.meydan.tv\/az\/#organization"},"potentialAction":[{"@type":"SearchAction","target":{"@type":"EntryPoint","urlTemplate":"https:\/\/www.meydan.tv\/az\/?s={search_term_string}"},"query-input":{"@type":"PropertyValueSpecification","valueRequired":true,"valueName":"search_term_string"}}],"inLanguage":"az"},{"@type":"Organization","@id":"https:\/\/www.meydan.tv\/az\/#organization","name":"Meydan TV","url":"https:\/\/www.meydan.tv\/az\/","logo":{"@type":"ImageObject","inLanguage":"az","@id":"https:\/\/www.meydan.tv\/az\/#\/schema\/logo\/image\/","url":"https:\/\/www.meydan.tv\/wp-content\/uploads\/2021\/07\/meydan-logo.svg","contentUrl":"https:\/\/www.meydan.tv\/wp-content\/uploads\/2021\/07\/meydan-logo.svg","width":195,"height":46,"caption":"Meydan TV"},"image":{"@id":"https:\/\/www.meydan.tv\/az\/#\/schema\/logo\/image\/"}},{"@type":"Person","@id":"https:\/\/www.meydan.tv\/az\/#\/schema\/person\/10d11eccf6da3662cf5fdab9806ea91a","name":"user-manager"}]}},"_links":{"self":[{"href":"https:\/\/www.meydan.tv\/az\/wp-json\/wp\/v2\/posts\/197712","targetHints":{"allow":["GET"]}}],"collection":[{"href":"https:\/\/www.meydan.tv\/az\/wp-json\/wp\/v2\/posts"}],"about":[{"href":"https:\/\/www.meydan.tv\/az\/wp-json\/wp\/v2\/types\/post"}],"author":[{"embeddable":true,"href":"https:\/\/www.meydan.tv\/az\/wp-json\/wp\/v2\/users\/11"}],"replies":[{"embeddable":true,"href":"https:\/\/www.meydan.tv\/az\/wp-json\/wp\/v2\/comments?post=197712"}],"version-history":[{"count":0,"href":"https:\/\/www.meydan.tv\/az\/wp-json\/wp\/v2\/posts\/197712\/revisions"}],"wp:featuredmedia":[{"embeddable":true,"href":"https:\/\/www.meydan.tv\/az\/wp-json\/wp\/v2\/media\/125824"}],"wp:attachment":[{"href":"https:\/\/www.meydan.tv\/az\/wp-json\/wp\/v2\/media?parent=197712"}],"wp:term":[{"taxonomy":"category","embeddable":true,"href":"https:\/\/www.meydan.tv\/az\/wp-json\/wp\/v2\/categories?post=197712"},{"taxonomy":"post_tag","embeddable":true,"href":"https:\/\/www.meydan.tv\/az\/wp-json\/wp\/v2\/tags?post=197712"}],"curies":[{"name":"wp","href":"https:\/\/api.w.org\/{rel}","templated":true}]}}