{"id":197704,"date":"2019-10-29T20:09:47","date_gmt":"2019-10-29T20:09:47","guid":{"rendered":"https:\/\/www.meydan.tv\/article\/isid-bagdadinin-olum-xeberine-sessiz-qalir\/"},"modified":"2019-10-29T20:09:47","modified_gmt":"2019-10-29T20:09:47","slug":"isid-bagdadinin-olum-xeberine-sessiz-qalir","status":"publish","type":"post","link":"https:\/\/www.meydan.tv\/az\/article\/isid-bagdadinin-olum-xeberine-sessiz-qalir\/","title":{"rendered":"\u0130\u015e\u0130D Ba\u011fdadinin \u00f6l\u00fcm x\u0259b\u0259rin\u0259 s\u0259ssiz qal\u0131r"},"content":{"rendered":"<p>\n  <i><br \/>\n    Qrupun x\u0259b\u0259r agentliyi h\u0259mi\u015f\u0259ki kimi i\u015fini davam etdirir<br \/>\n  <\/i>\n<\/p>\n<p>\n  \u0130slam D\u00f6vl\u0259tinin (\u0130\u015e\u0130D) t\u0259r\u0259fdarlar\u0131 liderl\u0259ri \u018fbu B\u0259kr \u0259l-Ba\u011fdadinin \u00f6l\u00fcm x\u0259b\u0259rin\u0259 s\u0259ssizlikl\u0259 cavab veribl\u0259r. \u201cReuters\u201d yaz\u0131r ki, Ba\u011fdadinin \u00f6l\u00fcm\u00fcnd\u0259n bir ne\u00e7\u0259 g\u00fcn ke\u00e7m\u0259sin\u0259 baxmayaraq, davam ed\u0259n bu s\u0259ssizlik inams\u0131zl\u0131\u011f\u0131n v\u0259 g\u0259l\u0259c\u0259k varis bar\u0259d\u0259 raz\u0131l\u0131\u011fa g\u0259lm\u0259y\u0259 \u00e7al\u0131\u015fan s\u00fcnni silahl\u0131 qrupun idar\u0259etm\u0259 qurulu\u015funda par\u00e7alanma oldu\u011fundan x\u0259b\u0259r verir.\n<\/p>\n<p>\n  AB\u015e D\u00f6vl\u0259t Ba\u015f\u00e7\u0131s\u0131 Donald Tramp\u0131n bazar g\u00fcn\u00fc Suriyan\u0131n \u015fimal-q\u0259rbind\u0259 ke\u00e7irilmi\u015f \u0259m\u0259liyyat zaman\u0131 x\u00fcsusi t\u0259yinatl\u0131 q\u00fcvv\u0259l\u0259rin \u0259li il\u0259 Ba\u011fdadinin \u00f6ld\u00fcr\u00fcld\u00fcy\u00fcn\u00fc elan etm\u0259sin\u0259 baxmayaraq, \u0130slam D\u00f6vl\u0259tinin (\u0130\u015e\u0130D) r\u0259smi \u201cTelegram\u201d kanal\u0131nda Ba\u011fdadi il\u0259 ba\u011fl\u0131 a\u00e7\u0131qlama v\u0259 mat\u0259m qeyd olunmay\u0131b.\n<\/p>\n<p>\n  Qrupun \u201cAmaq\u201d x\u0259b\u0259r agentliyi \u201cTelegram\u201dda h\u0259mi\u015f\u0259ki kimi i\u015fini davam etdirir, bazar g\u00fcn\u00fcnd\u0259n b\u0259ri Suriya, Misir, \u018ffqan\u0131stan v\u0259 \u0130raqda h\u0259yata ke\u00e7irilmi\u015f 30 h\u00fccum haqda x\u0259b\u0259rl\u0259r payla\u015f\u0131b, d\u00f6y\u00fc\u015f\u00e7\u00fcl\u0259rini t\u0259rifl\u0259yib.\n<\/p>\n<p>\n  Eyni zamanda \u0259l-Qaid\u0259 lideri \u00dcsam\u0259 bin Ladenin 2011-ci ild\u0259 \u00f6ld\u00fcr\u00fclm\u0259si il\u0259 m\u00fcqayis\u0259d\u0259 \u0130\u015e\u0130D-in t\u0259r\u0259fdarlar\u0131 aras\u0131nda sosial mediada daha az m\u00fczakir\u0259 olub.\n<\/p>\n<p>\n  T\u0259hlil\u00e7il\u0259r qeyd edir ki, \u0130slam D\u00f6vl\u0259ti r\u0259hb\u0259rliyinin qal\u0131qlar\u0131 ehtimal ki, \u00e7a\u015fq\u0131nl\u0131q i\u00e7ind\u0259dir v\u0259 qrupu bir yerd\u0259 saxlama\u011fa v\u0259 eyni zamanda Ba\u011fdadinin \u00f6ld\u00fcr\u00fclm\u0259sini t\u0259sdiq etm\u0259d\u0259n varisi il\u0259 raz\u0131la\u015fma\u011fa \u00e7al\u0131\u015f\u0131rlar.\n<\/p>\n<p>\n  \u201cLiderl\u0259rin sa\u011f qalan qismi aras\u0131nda y\u0259qin ki, haz\u0131rda \u00e7a\u015fq\u0131nl\u0131q var. \u018fsas k\u00f6m\u0259k\u00e7il\u0259r \u00f6ld\u00fcr\u00fcl\u00fcb v\u0259 s\u0259n\u0259dl\u0259r m\u0259hv edilib\u201d, &#8211; militant qruplar \u00fczr\u0259 \u0130raq m\u00fct\u0259x\u0259ssisi Hi\u015fam \u0259l-Ha\u015fimi deyib.\n<\/p>\n<p>\n  \u201c\u00d6l\u00fcm elan edilm\u0259zd\u0259n \u0259vv\u0259l [Ba\u011fdadinin] bir varisi il\u0259 raz\u0131la\u015fmaq ist\u0259y\u0259c\u0259kl\u0259r\u201d, &#8211; o deyib v\u0259 \u0259lav\u0259 edib ki, qrupun par\u00e7alanmas\u0131 bu i\u015fi t\u0259xir\u0259 sala bil\u0259r.\n<\/p>\n<p>\n  Qrup h\u0259m\u00e7inin \u00f6z\u00fcn\u00fc rebrend ed\u0259 bil\u0259r. \u00c7\u00fcnki Ba\u011fdadinin elan etdiyi \u0130slam xilaf\u0259ti 2017-ci il\u0259 q\u0259d\u0259r idar\u0259 etdikl\u0259ri \u0130raq, Suriya v\u0259 Liviya \u0259razil\u0259rini itiribl\u0259r, &#8211; analistl\u0259r deyir.\n<\/p>\n<p>\n  \u201cBa\u011fdadinin ard\u0131c\u0131llar\u0131n\u0131n \u00e7oxu da \u00f6ld\u00fcr\u00fcl\u00fcb\u201d, &#8211; Tramp bazar g\u00fcn\u00fc deyib.\n<\/p>\n<p>\n  Oktyabr\u0131n 29-da, o, \u201cTwitter\u201d-d\u0259 qeyd edib ki, AB\u015e ordusu ehtimal ki, Ba\u011fdadini \u0130slam D\u00f6vl\u0259tinin lideri olaraq \u0259v\u0259z ed\u0259c\u0259k \u015f\u0259xsi d\u0259 \u00f6ld\u00fcr\u00fcb. Tramp kimi n\u0259z\u0259rd\u0259 tutdu\u011funu a\u00e7\u0131qlamay\u0131b, ancaq oktyabr\u0131n 28-d\u0259 D\u00f6vl\u0259t Departamentinin y\u00fcks\u0259k v\u0259zif\u0259li m\u0259muru \u0130slam D\u00f6vl\u0259tinin s\u00f6zc\u00fcs\u00fc v\u0259 y\u00fcks\u0259k s\u0259viyy\u0259li fiquru \u018fbu \u0259l-H\u0259s\u0259n \u0259l-Muhacirin \u00f6ld\u00fcr\u00fcld\u00fcy\u00fcn\u00fc t\u0259sdiql\u0259yib. Onun s\u00f6zl\u0259rin\u0259 g\u00f6r\u0259, \u0259l-Muhacir Ba\u011fdadinin \u00f6ld\u00fcr\u00fcld\u00fcy\u00fc \u0259m\u0259liyyatdan ayr\u0131 t\u0259\u015fkil edilmi\u015f \u0259m\u0259liyyat zaman\u0131 \u00f6ld\u00fcr\u00fcl\u00fcb.\n<\/p>\n<p>\n  Svanzi Universitetinin t\u0259dqiqat\u00e7\u0131s\u0131 Aymenn \u0259l-Tamimi deyir ki, \u0259l-Qaedaya Usam\u0259 bin Ladenin \u00f6ld\u00fcr\u00fclm\u0259sini t\u0259sdiql\u0259m\u0259k bir ne\u00e7\u0259 g\u00fcn\u0259 ba\u015fa g\u0259ldi.\n<\/p>\n<p>\n  Qrupun bin Ladenin varisini elan etm\u0259si t\u0259xmin\u0259n alt\u0131 h\u0259ft\u0259 \u00e7\u0259kdi.\n<\/p>\n<p>\n  \u201c\u0130slam D\u00f6vl\u0259ti varisi bar\u0259d\u0259 raz\u0131l\u0131\u011fa g\u0259l\u0259 bils\u0259l\u0259r, c\u00fcm\u0259 ax\u015fam\u0131 \u00e7\u0131xacaq h\u0259ft\u0259lik icmalda \u00f6l\u00fcm\u00fc elan ed\u0259c\u0259kl\u0259r\u201d,- Tamimi deyib.\n<\/p>\n<p>\n  Ba\u011fdadinin m\u00fcavini olan Hac\u0131 Abdullah \u0259g\u0259r sa\u011fd\u0131rsa, varis ola bil\u0259r. Ba\u011fdadinin son s\u0259s mesaj\u0131 sentyabr ay\u0131nda yay\u0131nlan\u0131b.<\/p>\n","protected":false},"excerpt":{"rendered":"<p>&#8220;\u018fsas k\u00f6m\u0259k\u00e7il\u0259r \u00f6ld\u00fcr\u00fcl\u00fcb v\u0259 s\u0259n\u0259dl\u0259r m\u0259hv edilib\u201d, &#8211;  militant qruplar \u00fczr\u0259 \u0130raq m\u00fct\u0259x\u0259ssisi Hi\u015fam \u0259l-Ha\u015fimi deyib.<\/p>\n","protected":false},"author":11,"featured_media":132164,"comment_status":"closed","ping_status":"open","sticky":false,"template":"","format":"standard","meta":{"_acf_changed":false,"_sitemap_exclude":false,"_sitemap_priority":"","_sitemap_frequency":"","footnotes":""},"categories":[64],"tags":[],"class_list":["post-197704","post","type-post","status-publish","format-standard","has-post-thumbnail","hentry","category-dunya","infinite-scroll-item","generate-columns","tablet-grid-50","mobile-grid-100","grid-parent","grid-33","no-featured-image-padding"],"acf":[],"yoast_head":"<!-- This site is optimized with the Yoast SEO plugin v27.5 - https:\/\/yoast.com\/product\/yoast-seo-wordpress\/ -->\n<title>\u0130\u015e\u0130D Ba\u011fdadinin \u00f6l\u00fcm x\u0259b\u0259rin\u0259 s\u0259ssiz qal\u0131r - MEYDAN.TV<\/title>\n<meta name=\"robots\" content=\"index, follow, max-snippet:-1, max-image-preview:large, max-video-preview:-1\" \/>\n<link rel=\"canonical\" href=\"https:\/\/www.meydan.tv\/az\/article\/isid-bagdadinin-olum-xeberine-sessiz-qalir\/\" \/>\n<meta property=\"og:locale\" content=\"az_AZ\" \/>\n<meta property=\"og:type\" content=\"article\" \/>\n<meta property=\"og:title\" content=\"\u0130\u015e\u0130D Ba\u011fdadinin \u00f6l\u00fcm x\u0259b\u0259rin\u0259 s\u0259ssiz qal\u0131r - MEYDAN.TV\" \/>\n<meta property=\"og:description\" content=\"&quot;\u018fsas k\u00f6m\u0259k\u00e7il\u0259r \u00f6ld\u00fcr\u00fcl\u00fcb v\u0259 s\u0259n\u0259dl\u0259r m\u0259hv edilib\u201d, - militant qruplar \u00fczr\u0259 \u0130raq m\u00fct\u0259x\u0259ssisi Hi\u015fam \u0259l-Ha\u015fimi deyib.\" \/>\n<meta property=\"og:url\" content=\"https:\/\/www.meydan.tv\/az\/article\/isid-bagdadinin-olum-xeberine-sessiz-qalir\/\" \/>\n<meta property=\"og:site_name\" content=\"MEYDAN.TV\" \/>\n<meta property=\"article:published_time\" content=\"2019-10-29T20:09:47+00:00\" \/>\n<meta property=\"og:image\" content=\"https:\/\/www.meydan.tv\/wp-content\/uploads\/bagdadi.jpg\" \/>\n\t<meta property=\"og:image:width\" content=\"969\" \/>\n\t<meta property=\"og:image:height\" content=\"545\" \/>\n\t<meta property=\"og:image:type\" content=\"image\/jpeg\" \/>\n<meta name=\"author\" content=\"user-manager\" \/>\n<meta name=\"twitter:card\" content=\"summary_large_image\" \/>\n<script type=\"application\/ld+json\" class=\"yoast-schema-graph\">{\"@context\":\"https:\\\/\\\/schema.org\",\"@graph\":[{\"@type\":\"Article\",\"@id\":\"https:\\\/\\\/www.meydan.tv\\\/az\\\/article\\\/isid-bagdadinin-olum-xeberine-sessiz-qalir\\\/#article\",\"isPartOf\":{\"@id\":\"https:\\\/\\\/www.meydan.tv\\\/az\\\/article\\\/isid-bagdadinin-olum-xeberine-sessiz-qalir\\\/\"},\"author\":{\"name\":\"user-manager\",\"@id\":\"https:\\\/\\\/www.meydan.tv\\\/az\\\/#\\\/schema\\\/person\\\/10d11eccf6da3662cf5fdab9806ea91a\"},\"headline\":\"\u0130\u015e\u0130D Ba\u011fdadinin \u00f6l\u00fcm x\u0259b\u0259rin\u0259 s\u0259ssiz qal\u0131r\",\"datePublished\":\"2019-10-29T20:09:47+00:00\",\"mainEntityOfPage\":{\"@id\":\"https:\\\/\\\/www.meydan.tv\\\/az\\\/article\\\/isid-bagdadinin-olum-xeberine-sessiz-qalir\\\/\"},\"wordCount\":667,\"publisher\":{\"@id\":\"https:\\\/\\\/www.meydan.tv\\\/az\\\/#organization\"},\"image\":{\"@id\":\"https:\\\/\\\/www.meydan.tv\\\/az\\\/article\\\/isid-bagdadinin-olum-xeberine-sessiz-qalir\\\/#primaryimage\"},\"thumbnailUrl\":\"https:\\\/\\\/www.meydan.tv\\\/wp-content\\\/uploads\\\/bagdadi.jpg\",\"articleSection\":[\"D\u00fcnya\"],\"inLanguage\":\"az\"},{\"@type\":\"WebPage\",\"@id\":\"https:\\\/\\\/www.meydan.tv\\\/az\\\/article\\\/isid-bagdadinin-olum-xeberine-sessiz-qalir\\\/\",\"url\":\"https:\\\/\\\/www.meydan.tv\\\/az\\\/article\\\/isid-bagdadinin-olum-xeberine-sessiz-qalir\\\/\",\"name\":\"\u0130\u015e\u0130D Ba\u011fdadinin \u00f6l\u00fcm x\u0259b\u0259rin\u0259 s\u0259ssiz qal\u0131r - MEYDAN.TV\",\"isPartOf\":{\"@id\":\"https:\\\/\\\/www.meydan.tv\\\/az\\\/#website\"},\"primaryImageOfPage\":{\"@id\":\"https:\\\/\\\/www.meydan.tv\\\/az\\\/article\\\/isid-bagdadinin-olum-xeberine-sessiz-qalir\\\/#primaryimage\"},\"image\":{\"@id\":\"https:\\\/\\\/www.meydan.tv\\\/az\\\/article\\\/isid-bagdadinin-olum-xeberine-sessiz-qalir\\\/#primaryimage\"},\"thumbnailUrl\":\"https:\\\/\\\/www.meydan.tv\\\/wp-content\\\/uploads\\\/bagdadi.jpg\",\"datePublished\":\"2019-10-29T20:09:47+00:00\",\"breadcrumb\":{\"@id\":\"https:\\\/\\\/www.meydan.tv\\\/az\\\/article\\\/isid-bagdadinin-olum-xeberine-sessiz-qalir\\\/#breadcrumb\"},\"inLanguage\":\"az\",\"potentialAction\":[{\"@type\":\"ReadAction\",\"target\":[\"https:\\\/\\\/www.meydan.tv\\\/az\\\/article\\\/isid-bagdadinin-olum-xeberine-sessiz-qalir\\\/\"]}]},{\"@type\":\"ImageObject\",\"inLanguage\":\"az\",\"@id\":\"https:\\\/\\\/www.meydan.tv\\\/az\\\/article\\\/isid-bagdadinin-olum-xeberine-sessiz-qalir\\\/#primaryimage\",\"url\":\"https:\\\/\\\/www.meydan.tv\\\/wp-content\\\/uploads\\\/bagdadi.jpg\",\"contentUrl\":\"https:\\\/\\\/www.meydan.tv\\\/wp-content\\\/uploads\\\/bagdadi.jpg\",\"width\":969,\"height\":545,\"caption\":\"Source: AFP\"},{\"@type\":\"BreadcrumbList\",\"@id\":\"https:\\\/\\\/www.meydan.tv\\\/az\\\/article\\\/isid-bagdadinin-olum-xeberine-sessiz-qalir\\\/#breadcrumb\",\"itemListElement\":[{\"@type\":\"ListItem\",\"position\":1,\"name\":\"Ana s\u0259hif\u0259\",\"item\":\"https:\\\/\\\/www.meydan.tv\\\/az\\\/\"},{\"@type\":\"ListItem\",\"position\":2,\"name\":\"D\u00fcnya\",\"item\":\"https:\\\/\\\/www.meydan.tv\\\/az\\\/section\\\/dunya\\\/\"},{\"@type\":\"ListItem\",\"position\":3,\"name\":\"\u0130\u015e\u0130D Ba\u011fdadinin \u00f6l\u00fcm x\u0259b\u0259rin\u0259 s\u0259ssiz qal\u0131r\"}]},{\"@type\":\"WebSite\",\"@id\":\"https:\\\/\\\/www.meydan.tv\\\/az\\\/#website\",\"url\":\"https:\\\/\\\/www.meydan.tv\\\/az\\\/\",\"name\":\"MEYDAN.TV\",\"description\":\"Meydan TV Az\u0259rbaycan\u0131n media m\u0259kan\u0131ndak\u0131 alternativ s\u0259sidir\",\"publisher\":{\"@id\":\"https:\\\/\\\/www.meydan.tv\\\/az\\\/#organization\"},\"potentialAction\":[{\"@type\":\"SearchAction\",\"target\":{\"@type\":\"EntryPoint\",\"urlTemplate\":\"https:\\\/\\\/www.meydan.tv\\\/az\\\/?s={search_term_string}\"},\"query-input\":{\"@type\":\"PropertyValueSpecification\",\"valueRequired\":true,\"valueName\":\"search_term_string\"}}],\"inLanguage\":\"az\"},{\"@type\":\"Organization\",\"@id\":\"https:\\\/\\\/www.meydan.tv\\\/az\\\/#organization\",\"name\":\"Meydan TV\",\"url\":\"https:\\\/\\\/www.meydan.tv\\\/az\\\/\",\"logo\":{\"@type\":\"ImageObject\",\"inLanguage\":\"az\",\"@id\":\"https:\\\/\\\/www.meydan.tv\\\/az\\\/#\\\/schema\\\/logo\\\/image\\\/\",\"url\":\"https:\\\/\\\/www.meydan.tv\\\/wp-content\\\/uploads\\\/2021\\\/07\\\/meydan-logo.svg\",\"contentUrl\":\"https:\\\/\\\/www.meydan.tv\\\/wp-content\\\/uploads\\\/2021\\\/07\\\/meydan-logo.svg\",\"width\":195,\"height\":46,\"caption\":\"Meydan TV\"},\"image\":{\"@id\":\"https:\\\/\\\/www.meydan.tv\\\/az\\\/#\\\/schema\\\/logo\\\/image\\\/\"}},{\"@type\":\"Person\",\"@id\":\"https:\\\/\\\/www.meydan.tv\\\/az\\\/#\\\/schema\\\/person\\\/10d11eccf6da3662cf5fdab9806ea91a\",\"name\":\"user-manager\"}]}<\/script>\n<!-- \/ Yoast SEO plugin. -->","yoast_head_json":{"title":"\u0130\u015e\u0130D Ba\u011fdadinin \u00f6l\u00fcm x\u0259b\u0259rin\u0259 s\u0259ssiz qal\u0131r - MEYDAN.TV","robots":{"index":"index","follow":"follow","max-snippet":"max-snippet:-1","max-image-preview":"max-image-preview:large","max-video-preview":"max-video-preview:-1"},"canonical":"https:\/\/www.meydan.tv\/az\/article\/isid-bagdadinin-olum-xeberine-sessiz-qalir\/","og_locale":"az_AZ","og_type":"article","og_title":"\u0130\u015e\u0130D Ba\u011fdadinin \u00f6l\u00fcm x\u0259b\u0259rin\u0259 s\u0259ssiz qal\u0131r - MEYDAN.TV","og_description":"\"\u018fsas k\u00f6m\u0259k\u00e7il\u0259r \u00f6ld\u00fcr\u00fcl\u00fcb v\u0259 s\u0259n\u0259dl\u0259r m\u0259hv edilib\u201d, - militant qruplar \u00fczr\u0259 \u0130raq m\u00fct\u0259x\u0259ssisi Hi\u015fam \u0259l-Ha\u015fimi deyib.","og_url":"https:\/\/www.meydan.tv\/az\/article\/isid-bagdadinin-olum-xeberine-sessiz-qalir\/","og_site_name":"MEYDAN.TV","article_published_time":"2019-10-29T20:09:47+00:00","og_image":[{"width":969,"height":545,"url":"https:\/\/www.meydan.tv\/wp-content\/uploads\/bagdadi.jpg","type":"image\/jpeg"}],"author":"user-manager","twitter_card":"summary_large_image","schema":{"@context":"https:\/\/schema.org","@graph":[{"@type":"Article","@id":"https:\/\/www.meydan.tv\/az\/article\/isid-bagdadinin-olum-xeberine-sessiz-qalir\/#article","isPartOf":{"@id":"https:\/\/www.meydan.tv\/az\/article\/isid-bagdadinin-olum-xeberine-sessiz-qalir\/"},"author":{"name":"user-manager","@id":"https:\/\/www.meydan.tv\/az\/#\/schema\/person\/10d11eccf6da3662cf5fdab9806ea91a"},"headline":"\u0130\u015e\u0130D Ba\u011fdadinin \u00f6l\u00fcm x\u0259b\u0259rin\u0259 s\u0259ssiz qal\u0131r","datePublished":"2019-10-29T20:09:47+00:00","mainEntityOfPage":{"@id":"https:\/\/www.meydan.tv\/az\/article\/isid-bagdadinin-olum-xeberine-sessiz-qalir\/"},"wordCount":667,"publisher":{"@id":"https:\/\/www.meydan.tv\/az\/#organization"},"image":{"@id":"https:\/\/www.meydan.tv\/az\/article\/isid-bagdadinin-olum-xeberine-sessiz-qalir\/#primaryimage"},"thumbnailUrl":"https:\/\/www.meydan.tv\/wp-content\/uploads\/bagdadi.jpg","articleSection":["D\u00fcnya"],"inLanguage":"az"},{"@type":"WebPage","@id":"https:\/\/www.meydan.tv\/az\/article\/isid-bagdadinin-olum-xeberine-sessiz-qalir\/","url":"https:\/\/www.meydan.tv\/az\/article\/isid-bagdadinin-olum-xeberine-sessiz-qalir\/","name":"\u0130\u015e\u0130D Ba\u011fdadinin \u00f6l\u00fcm x\u0259b\u0259rin\u0259 s\u0259ssiz qal\u0131r - MEYDAN.TV","isPartOf":{"@id":"https:\/\/www.meydan.tv\/az\/#website"},"primaryImageOfPage":{"@id":"https:\/\/www.meydan.tv\/az\/article\/isid-bagdadinin-olum-xeberine-sessiz-qalir\/#primaryimage"},"image":{"@id":"https:\/\/www.meydan.tv\/az\/article\/isid-bagdadinin-olum-xeberine-sessiz-qalir\/#primaryimage"},"thumbnailUrl":"https:\/\/www.meydan.tv\/wp-content\/uploads\/bagdadi.jpg","datePublished":"2019-10-29T20:09:47+00:00","breadcrumb":{"@id":"https:\/\/www.meydan.tv\/az\/article\/isid-bagdadinin-olum-xeberine-sessiz-qalir\/#breadcrumb"},"inLanguage":"az","potentialAction":[{"@type":"ReadAction","target":["https:\/\/www.meydan.tv\/az\/article\/isid-bagdadinin-olum-xeberine-sessiz-qalir\/"]}]},{"@type":"ImageObject","inLanguage":"az","@id":"https:\/\/www.meydan.tv\/az\/article\/isid-bagdadinin-olum-xeberine-sessiz-qalir\/#primaryimage","url":"https:\/\/www.meydan.tv\/wp-content\/uploads\/bagdadi.jpg","contentUrl":"https:\/\/www.meydan.tv\/wp-content\/uploads\/bagdadi.jpg","width":969,"height":545,"caption":"Source: AFP"},{"@type":"BreadcrumbList","@id":"https:\/\/www.meydan.tv\/az\/article\/isid-bagdadinin-olum-xeberine-sessiz-qalir\/#breadcrumb","itemListElement":[{"@type":"ListItem","position":1,"name":"Ana s\u0259hif\u0259","item":"https:\/\/www.meydan.tv\/az\/"},{"@type":"ListItem","position":2,"name":"D\u00fcnya","item":"https:\/\/www.meydan.tv\/az\/section\/dunya\/"},{"@type":"ListItem","position":3,"name":"\u0130\u015e\u0130D Ba\u011fdadinin \u00f6l\u00fcm x\u0259b\u0259rin\u0259 s\u0259ssiz qal\u0131r"}]},{"@type":"WebSite","@id":"https:\/\/www.meydan.tv\/az\/#website","url":"https:\/\/www.meydan.tv\/az\/","name":"MEYDAN.TV","description":"Meydan TV Az\u0259rbaycan\u0131n media m\u0259kan\u0131ndak\u0131 alternativ s\u0259sidir","publisher":{"@id":"https:\/\/www.meydan.tv\/az\/#organization"},"potentialAction":[{"@type":"SearchAction","target":{"@type":"EntryPoint","urlTemplate":"https:\/\/www.meydan.tv\/az\/?s={search_term_string}"},"query-input":{"@type":"PropertyValueSpecification","valueRequired":true,"valueName":"search_term_string"}}],"inLanguage":"az"},{"@type":"Organization","@id":"https:\/\/www.meydan.tv\/az\/#organization","name":"Meydan TV","url":"https:\/\/www.meydan.tv\/az\/","logo":{"@type":"ImageObject","inLanguage":"az","@id":"https:\/\/www.meydan.tv\/az\/#\/schema\/logo\/image\/","url":"https:\/\/www.meydan.tv\/wp-content\/uploads\/2021\/07\/meydan-logo.svg","contentUrl":"https:\/\/www.meydan.tv\/wp-content\/uploads\/2021\/07\/meydan-logo.svg","width":195,"height":46,"caption":"Meydan TV"},"image":{"@id":"https:\/\/www.meydan.tv\/az\/#\/schema\/logo\/image\/"}},{"@type":"Person","@id":"https:\/\/www.meydan.tv\/az\/#\/schema\/person\/10d11eccf6da3662cf5fdab9806ea91a","name":"user-manager"}]}},"_links":{"self":[{"href":"https:\/\/www.meydan.tv\/az\/wp-json\/wp\/v2\/posts\/197704","targetHints":{"allow":["GET"]}}],"collection":[{"href":"https:\/\/www.meydan.tv\/az\/wp-json\/wp\/v2\/posts"}],"about":[{"href":"https:\/\/www.meydan.tv\/az\/wp-json\/wp\/v2\/types\/post"}],"author":[{"embeddable":true,"href":"https:\/\/www.meydan.tv\/az\/wp-json\/wp\/v2\/users\/11"}],"replies":[{"embeddable":true,"href":"https:\/\/www.meydan.tv\/az\/wp-json\/wp\/v2\/comments?post=197704"}],"version-history":[{"count":0,"href":"https:\/\/www.meydan.tv\/az\/wp-json\/wp\/v2\/posts\/197704\/revisions"}],"wp:featuredmedia":[{"embeddable":true,"href":"https:\/\/www.meydan.tv\/az\/wp-json\/wp\/v2\/media\/132164"}],"wp:attachment":[{"href":"https:\/\/www.meydan.tv\/az\/wp-json\/wp\/v2\/media?parent=197704"}],"wp:term":[{"taxonomy":"category","embeddable":true,"href":"https:\/\/www.meydan.tv\/az\/wp-json\/wp\/v2\/categories?post=197704"},{"taxonomy":"post_tag","embeddable":true,"href":"https:\/\/www.meydan.tv\/az\/wp-json\/wp\/v2\/tags?post=197704"}],"curies":[{"name":"wp","href":"https:\/\/api.w.org\/{rel}","templated":true}]}}