{"id":197703,"date":"2019-10-29T19:51:19","date_gmt":"2019-10-29T19:51:19","guid":{"rendered":"https:\/\/www.meydan.tv\/article\/fermer-esas-problem-ziyanvericiler-ucun-istifade-edilen-dermanla-baglidir\/"},"modified":"2019-10-29T19:51:19","modified_gmt":"2019-10-29T19:51:19","slug":"fermer-esas-problem-ziyanvericiler-ucun-istifade-edilen-dermanla-baglidir","status":"publish","type":"post","link":"https:\/\/www.meydan.tv\/az\/article\/fermer-esas-problem-ziyanvericiler-ucun-istifade-edilen-dermanla-baglidir\/","title":{"rendered":"Fermer: \u018fsas problem ziyanvericil\u0259r \u00fc\u00e7\u00fcn istifad\u0259 edil\u0259n d\u0259rmanla ba\u011fl\u0131d\u0131r"},"content":{"rendered":"<p>\n  Bak\u0131 bazarlar\u0131nda kiloqram\u0131 1 manata sat\u0131lan Quba almas\u0131 Quba-Xa\u00e7maz b\u00f6lg\u0259sind\u0259 10-15 q\u0259pikd\u0259n d\u0259 a\u015fa\u011f\u0131 t\u0259klif edilir. Fermerl\u0259r deyirl\u0259r ki, qurd d\u00fc\u015fm\u00fc\u015f alman\u0131n kiloqram\u0131n\u0131 4 q\u0259pikd\u0259n sat\u0131rlar. Amma m\u0259s\u0259l\u0259 buras\u0131ndad\u0131r ki, Qubada \u0259ks\u0259r fermerl\u0259r ist\u0259dikl\u0259ri n\u0259tic\u0259ni ala bilm\u0259yib\u0259r, ziyanvericil\u0259r, yaxud x\u0259st\u0259lik s\u0259b\u0259bind\u0259n m\u0259hsul qurdlay\u0131b, ba\u011fda \u00e7\u00fcr\u00fcy\u00fcb qal\u0131r.\n<\/p>\n<h3>\n  \u201cHam\u0131 birinci n\u00f6v alma al\u0131r ki, Rusiya bazarlar\u0131na \u00e7\u0131xara bilsin\u201d<br \/>\n<\/h3>\n<p>\n  Qubal\u0131 fermer H\u0259s\u0259n M\u0259mm\u0259dov Meydan TV-y\u0259 deyib ki, sentyabr\u0131n ikinci yar\u0131s\u0131ndan alma y\u0131\u011f\u0131m\u0131 ba\u015flay\u0131b. Amma al\u0131c\u0131 tapmaqda \u00e7\u0259tinlik \u00e7\u0259kir, m\u0259hsul ba\u011fda \u00e7\u00fcr\u00fcy\u00fcr:\n<\/p>\n<p>\n  \u201c\u00d6t\u0259n il kiloqram\u0131n\u0131 60 q\u0259pikd\u0259n satm\u0131\u015fd\u0131m, bu il he\u00e7 40 q\u0259pikd\u0259n sata bilmir\u0259m. Qurdlay\u0131b, almaya xal d\u00fc\u015f\u00fcb. Ham\u0131 birinci n\u00f6v alma al\u0131r ki, Rusiya bazarlar\u0131na \u00e7\u0131xara bilsin\u201d.\n<\/p>\n<p>\n  Fermer deyib ki, Rusiya bazar\u0131na birba\u015fa \u00e7\u0131x\u0131\u015f \u00e7\u0259tindir. Buna g\u00f6r\u0259 d\u0259 ba\u011fdan al\u0131b aparan alver\u00e7il\u0259rl\u0259 i\u015fl\u0259m\u0259k m\u0259cburiyy\u0259tind\u0259dirl\u0259r.\n<\/p>\n<h3>\n  \u201cKimd\u0259n kim\u0259 \u015fikay\u0259t ed\u0259k?\u201d<br \/>\n<\/h3>\n<p>\n  Fermerl\u0259rin \u0259sas problemi x\u0259st\u0259lik v\u0259 ziyanvericil\u0259r \u00fc\u00e7\u00fcn istifad\u0259 edil\u0259n d\u0259rmanla ba\u011fl\u0131d\u0131r. H.M\u0259mm\u0259dov bildirib ki, d\u0259rmanlar baha, keyfiyy\u0259ti is\u0259 \u0259vv\u0259lki ill\u0259r\u0259 nisb\u0259t\u0259n a\u015fa\u011f\u0131d\u0131r: \u201c\u0130randa, T\u00fcrkiy\u0259d\u0259 olmu\u015fam, alma istehsal\u00e7\u0131lar\u0131 il\u0259 s\u00f6hb\u0259t etmi\u015f\u0259m. M\u0259s\u0259l\u0259n, \u0130randa m\u0259n\u0259 dedil\u0259r ki, c\u0259mi 5 d\u0259f\u0259 d\u0259rmanlay\u0131rlar. M\u0259n indiy\u0259d\u0259k 25-30 d\u0259f\u0259 d\u0259rmanlam\u0131\u015fam, yen\u0259 d\u0259 t\u0259sir etm\u0259yib\u201d.\n<\/p>\n<p>\n  Ad\u0131n\u0131n \u00e7\u0259kilm\u0259sini ist\u0259m\u0259y\u0259n dig\u0259r fermer is\u0259 s\u00f6yl\u0259yib ki, fermerl\u0259r\u0259 xaricd\u0259n d\u0259rman al\u0131b g\u0259tirilm\u0259sin\u0259 icaz\u0259 verilmir: \u201c\u00c7\u00fcnki ziyanverici v\u0259 x\u0259s\u0259likl\u0259r\u0259 qar\u015f\u0131 d\u0259rman\u0131 b\u0259lli adamlar g\u0259tirib sat\u0131r. Kimd\u0259n kim\u0259 \u015fikay\u0259t ed\u0259k? Gedin ara\u015fd\u0131r\u0131n, d\u0259rmanlar\u0131 hans\u0131 \u015firk\u0259tl\u0259r g\u0259tirir. Burdan milyonlarla manat qazancdan s\u00f6hb\u0259t gedir. Y\u0259qin ki, \u0259n ucuz, keyfiyy\u0259tsiz d\u0259rmanlar Az\u0259rbaycana g\u0259tirilir. Ad\u0131n\u0131 da qoyurlar ki, fermer m\u0259lumats\u0131zd\u0131r, aqrotexniki qaydalara riay\u0259t etm\u0259yib. 30 il alma bec\u0259rib satana d\u0259rs ke\u00e7m\u0259k laz\u0131m deyil\u201d.\n<\/p>\n<h3>\n  \u201cS\u0259h\u0259r saat 7-d\u0259n ba\u011fa giririk, gec\u0259y\u0259d\u0259k i\u015fl\u0259yirik\u201d<br \/>\n<\/h3>\n<p>\n  Fermerl\u0259r onu da s\u00f6yl\u0259yirl\u0259r ki, f\u0259hl\u0259 alman\u0131 ye\u015fikl\u0259r\u0259 50-60 q\u0259pikd\u0259n y\u0131\u011f\u0131r, meyv\u0259nin ne\u00e7\u0259y\u0259 sat\u0131lmas\u0131 onu maraqland\u0131rm\u0131r. Amma t\u0259kc\u0259 fermerl\u0259r deyil, m\u00f6vs\u00fcmd\u0259 alma y\u0131\u011fmaqla ail\u0259sini doland\u0131ranlar da \u015fikay\u0259t\u00e7idirl\u0259r. Onlar\u0131n s\u00f6zl\u0259rin\u0259 g\u00f6r\u0259, ald\u0131qlar\u0131 be\u015f-on manat \u00e7\u0259kdikl\u0259ri \u0259ziyy\u0259t\u0259 d\u0259ymir.\n<\/p>\n<p>\n  47 ya\u015fl\u0131 Quba sakini Mahir N\u0259biyev deyir ki, yayda turistl\u0259rin oldu\u011fu b\u00f6lg\u0259l\u0259rd\u0259 atla g\u0259zinti, pay\u0131zda is\u0259 alma y\u0131\u011f\u0131m\u0131 il\u0259 8 n\u0259f\u0259rlik ail\u0259sini doland\u0131r\u0131r:\n<\/p>\n<p>\n  \u201cS\u0259h\u0259r saat 7-d\u0259n ba\u011fa giririk, gec\u0259y\u0259d\u0259k i\u015fl\u0259yirik. Ba\u015f\u0131m\u0131z\u0131n \u00fcst\u00fcnd\u0259 h\u0259bsxana \u201cnadzor\u201du kimi briqadir qoyublar. Arada c\u0259mi bir ne\u00e7\u0259 d\u0259qiq\u0259lik yem\u0259k fasil\u0259si verirl\u0259r, \u00fcr\u0259yin yansa, su da i\u00e7mirs\u0259n. Saat\u0131ma 1 manat pul verirl\u0259r, 12 saata 12 manat qazan\u0131ram\u201d.\n<\/p>\n<p>\n  M\u00f6vs\u00fcmd\u0259 Qubadak\u0131 alma ba\u011flar\u0131nda t\u0259kc\u0259 qubal\u0131lar deyil, \u0259traf rayondan g\u0259l\u0259nl\u0259r d\u0259 i\u015fl\u0259yirl\u0259r. Buna g\u00f6r\u0259 d\u0259 t\u0259klif edil\u0259n qiym\u0259tl\u0259 raz\u0131la\u015fmaq m\u0259cburiyy\u0259tind\u0259dirl\u0259r.\n<\/p>\n<p>\n  \u201c\u018fg\u0259r bir t\u0259r\u0259fd\u0259n ba\u015flay\u0131b a\u011facdak\u0131 b\u00fct\u00fcn meyv\u0259l\u0259ri toplama\u011fa imkan vers\u0259l\u0259r n\u0259 var?! Bir a\u011facdan \u0259vv\u0259lc\u0259 iri, saf meyv\u0259l\u0259ri toplay\u0131r\u0131q. Onlar bit\u0259nd\u0259n sonra ke\u00e7irik orta \u00f6l\u00e7\u00fcl\u00fc almalara. Sonra is\u0259 ki\u00e7ik meyv\u0259l\u0259ri ye\u015fikl\u0259r\u0259 y\u0131\u011f\u0131r\u0131q. H\u0259l\u0259 arada \u00e7\u00fcr\u00fcm\u00fc\u015f v\u0259 qurdlam\u0131\u015f da olarsa, onu da ayr\u0131ca sortla\u015fd\u0131r\u0131r\u0131q. Bir a\u011fac\u0131 az\u0131 4-5 d\u0259f\u0259 dolan\u0131r\u0131q. Ax\u015fam da ev\u0259 yor\u011fun-ar\u011f\u0131n, s\u00fcr\u00fcn\u0259-s\u00fcr\u00fcn\u0259 g\u0259lirik\u201d, &#8211; ad\u0131n\u0131n a\u00e7\u0131qlanmas\u0131n\u0131 ist\u0259m\u0259y\u0259n f\u0259hl\u0259 deyir.\n<\/p>\n<p>\n  \u015eabran rayonunun G\u0259ndob k\u0259ndind\u0259n olan bu qad\u0131n deyir ki, onlara iri fermerl\u0259rl\u0259 i\u015fl\u0259m\u0259k s\u0259rf\u0259li deyil, \u00e7\u00fcnki z\u0259hm\u0259t \u00e7ox, \u0259m\u0259khaqq\u0131 a\u015fa\u011f\u0131d\u0131r: \u201cQuban\u0131n alma ba\u011flar\u0131na i\u015fl\u0259m\u0259y\u0259 \u015eahn\u0259z\u0259rli v\u0259 \u018fr\u0259bl\u0259r k\u0259ndl\u0259rind\u0259n g\u0259l\u0259n qad\u0131nlarla birg\u0259 i\u015fl\u0259yir\u0259m. Yaln\u0131z \u201c\u0130kar-S\u201d MMC-nin alma ba\u011flar\u0131nda \u00e7al\u0131\u015fanlar\u0131 avtobus apar\u0131b-g\u0259tirir. H\u0259m d\u0259 bizd\u0259n f\u0259rqli olaraq g\u00fcn\u0259 13 manat al\u0131rlar\u201d.\n<\/p>\n<p>\n  Qubada 13 min 484 hektar alma ba\u011f\u0131 var, bunun da 11 min hektara yax\u0131n\u0131 intensive v\u0259 superintensiv ba\u011flard\u0131r. Fermerl\u0259r \u0259sas\u0259n \u201cQolden\u201d, \u201cSimirenkoreneti\u201d, \u201cQrani smit\u201d, \u201cFuji\u201d kimi sortlar yeti\u015fdirirl\u0259r. Ekspertl\u0259r is\u0259 deyirl\u0259r ki, alma xarici bazarda m\u00f6vqeyini itirm\u0259kd\u0259dir. Buna g\u00f6r\u0259 d\u0259 konserv zavodlar\u0131, yaxud istehsal m\u00fc\u0259ssis\u0259l\u0259ri a\u00e7maqla almadan \u015f\u0259k\u0259r istehsal ed\u0259 bil\u0259rl\u0259r. H\u0259m fermer qazanar, m\u0259hsulu ba\u011fda zay olmaz, h\u0259m d\u0259 \u0259lav\u0259 i\u015f yerl\u0259ri yaranar.<\/p>\n","protected":false},"excerpt":{"rendered":"<p>\u201c\u00d6z\u00fcm\u00fcz\u0259 xaricd\u0259n d\u0259rman g\u0259tirm\u0259y\u0259 icaz\u0259 verilmir, b\u0259lli adamlar sat\u0131r\u201d<\/p>\n","protected":false},"author":11,"featured_media":132347,"comment_status":"closed","ping_status":"open","sticky":false,"template":"","format":"standard","meta":{"_acf_changed":false,"_sitemap_exclude":false,"_sitemap_priority":"","_sitemap_frequency":"","footnotes":""},"categories":[60],"tags":[],"class_list":["post-197703","post","type-post","status-publish","format-standard","has-post-thumbnail","hentry","category-bolge","infinite-scroll-item","generate-columns","tablet-grid-50","mobile-grid-100","grid-parent","grid-33","no-featured-image-padding"],"acf":[],"yoast_head":"<!-- This site is optimized with the Yoast SEO plugin v27.5 - https:\/\/yoast.com\/product\/yoast-seo-wordpress\/ -->\n<title>Fermer: \u018fsas problem ziyanvericil\u0259r \u00fc\u00e7\u00fcn istifad\u0259 edil\u0259n d\u0259rmanla ba\u011fl\u0131d\u0131r - MEYDAN.TV<\/title>\n<meta name=\"robots\" content=\"index, follow, max-snippet:-1, max-image-preview:large, max-video-preview:-1\" \/>\n<link rel=\"canonical\" href=\"https:\/\/www.meydan.tv\/az\/article\/fermer-esas-problem-ziyanvericiler-ucun-istifade-edilen-dermanla-baglidir\/\" \/>\n<meta property=\"og:locale\" content=\"az_AZ\" \/>\n<meta property=\"og:type\" content=\"article\" \/>\n<meta property=\"og:title\" content=\"Fermer: \u018fsas problem ziyanvericil\u0259r \u00fc\u00e7\u00fcn istifad\u0259 edil\u0259n d\u0259rmanla ba\u011fl\u0131d\u0131r - MEYDAN.TV\" \/>\n<meta property=\"og:description\" content=\"\u201c\u00d6z\u00fcm\u00fcz\u0259 xaricd\u0259n d\u0259rman g\u0259tirm\u0259y\u0259 icaz\u0259 verilmir, b\u0259lli adamlar sat\u0131r\u201d\" \/>\n<meta property=\"og:url\" content=\"https:\/\/www.meydan.tv\/az\/article\/fermer-esas-problem-ziyanvericiler-ucun-istifade-edilen-dermanla-baglidir\/\" \/>\n<meta property=\"og:site_name\" content=\"MEYDAN.TV\" \/>\n<meta property=\"article:published_time\" content=\"2019-10-29T19:51:19+00:00\" \/>\n<meta property=\"og:image\" content=\"https:\/\/www.meydan.tv\/wp-content\/uploads\/copy_of_untitled_design_amuv9sv.png\" \/>\n\t<meta property=\"og:image:width\" content=\"1280\" \/>\n\t<meta property=\"og:image:height\" content=\"720\" \/>\n\t<meta property=\"og:image:type\" content=\"image\/png\" \/>\n<meta name=\"author\" content=\"user-manager\" \/>\n<meta name=\"twitter:card\" content=\"summary_large_image\" \/>\n<script type=\"application\/ld+json\" class=\"yoast-schema-graph\">{\"@context\":\"https:\\\/\\\/schema.org\",\"@graph\":[{\"@type\":\"Article\",\"@id\":\"https:\\\/\\\/www.meydan.tv\\\/az\\\/article\\\/fermer-esas-problem-ziyanvericiler-ucun-istifade-edilen-dermanla-baglidir\\\/#article\",\"isPartOf\":{\"@id\":\"https:\\\/\\\/www.meydan.tv\\\/az\\\/article\\\/fermer-esas-problem-ziyanvericiler-ucun-istifade-edilen-dermanla-baglidir\\\/\"},\"author\":{\"name\":\"user-manager\",\"@id\":\"https:\\\/\\\/www.meydan.tv\\\/az\\\/#\\\/schema\\\/person\\\/10d11eccf6da3662cf5fdab9806ea91a\"},\"headline\":\"Fermer: \u018fsas problem ziyanvericil\u0259r \u00fc\u00e7\u00fcn istifad\u0259 edil\u0259n d\u0259rmanla ba\u011fl\u0131d\u0131r\",\"datePublished\":\"2019-10-29T19:51:19+00:00\",\"mainEntityOfPage\":{\"@id\":\"https:\\\/\\\/www.meydan.tv\\\/az\\\/article\\\/fermer-esas-problem-ziyanvericiler-ucun-istifade-edilen-dermanla-baglidir\\\/\"},\"wordCount\":961,\"publisher\":{\"@id\":\"https:\\\/\\\/www.meydan.tv\\\/az\\\/#organization\"},\"image\":{\"@id\":\"https:\\\/\\\/www.meydan.tv\\\/az\\\/article\\\/fermer-esas-problem-ziyanvericiler-ucun-istifade-edilen-dermanla-baglidir\\\/#primaryimage\"},\"thumbnailUrl\":\"https:\\\/\\\/www.meydan.tv\\\/wp-content\\\/uploads\\\/copy_of_untitled_design_amuv9sv.png\",\"articleSection\":[\"B\u00f6lg\u0259\"],\"inLanguage\":\"az\"},{\"@type\":\"WebPage\",\"@id\":\"https:\\\/\\\/www.meydan.tv\\\/az\\\/article\\\/fermer-esas-problem-ziyanvericiler-ucun-istifade-edilen-dermanla-baglidir\\\/\",\"url\":\"https:\\\/\\\/www.meydan.tv\\\/az\\\/article\\\/fermer-esas-problem-ziyanvericiler-ucun-istifade-edilen-dermanla-baglidir\\\/\",\"name\":\"Fermer: \u018fsas problem ziyanvericil\u0259r \u00fc\u00e7\u00fcn istifad\u0259 edil\u0259n d\u0259rmanla ba\u011fl\u0131d\u0131r - MEYDAN.TV\",\"isPartOf\":{\"@id\":\"https:\\\/\\\/www.meydan.tv\\\/az\\\/#website\"},\"primaryImageOfPage\":{\"@id\":\"https:\\\/\\\/www.meydan.tv\\\/az\\\/article\\\/fermer-esas-problem-ziyanvericiler-ucun-istifade-edilen-dermanla-baglidir\\\/#primaryimage\"},\"image\":{\"@id\":\"https:\\\/\\\/www.meydan.tv\\\/az\\\/article\\\/fermer-esas-problem-ziyanvericiler-ucun-istifade-edilen-dermanla-baglidir\\\/#primaryimage\"},\"thumbnailUrl\":\"https:\\\/\\\/www.meydan.tv\\\/wp-content\\\/uploads\\\/copy_of_untitled_design_amuv9sv.png\",\"datePublished\":\"2019-10-29T19:51:19+00:00\",\"breadcrumb\":{\"@id\":\"https:\\\/\\\/www.meydan.tv\\\/az\\\/article\\\/fermer-esas-problem-ziyanvericiler-ucun-istifade-edilen-dermanla-baglidir\\\/#breadcrumb\"},\"inLanguage\":\"az\",\"potentialAction\":[{\"@type\":\"ReadAction\",\"target\":[\"https:\\\/\\\/www.meydan.tv\\\/az\\\/article\\\/fermer-esas-problem-ziyanvericiler-ucun-istifade-edilen-dermanla-baglidir\\\/\"]}]},{\"@type\":\"ImageObject\",\"inLanguage\":\"az\",\"@id\":\"https:\\\/\\\/www.meydan.tv\\\/az\\\/article\\\/fermer-esas-problem-ziyanvericiler-ucun-istifade-edilen-dermanla-baglidir\\\/#primaryimage\",\"url\":\"https:\\\/\\\/www.meydan.tv\\\/wp-content\\\/uploads\\\/copy_of_untitled_design_amuv9sv.png\",\"contentUrl\":\"https:\\\/\\\/www.meydan.tv\\\/wp-content\\\/uploads\\\/copy_of_untitled_design_amuv9sv.png\",\"width\":1280,\"height\":720,\"caption\":\"Source: Google\"},{\"@type\":\"BreadcrumbList\",\"@id\":\"https:\\\/\\\/www.meydan.tv\\\/az\\\/article\\\/fermer-esas-problem-ziyanvericiler-ucun-istifade-edilen-dermanla-baglidir\\\/#breadcrumb\",\"itemListElement\":[{\"@type\":\"ListItem\",\"position\":1,\"name\":\"Ana s\u0259hif\u0259\",\"item\":\"https:\\\/\\\/www.meydan.tv\\\/az\\\/\"},{\"@type\":\"ListItem\",\"position\":2,\"name\":\"B\u00f6lg\u0259\",\"item\":\"https:\\\/\\\/www.meydan.tv\\\/az\\\/section\\\/bolge\\\/\"},{\"@type\":\"ListItem\",\"position\":3,\"name\":\"Fermer: \u018fsas problem ziyanvericil\u0259r \u00fc\u00e7\u00fcn istifad\u0259 edil\u0259n d\u0259rmanla ba\u011fl\u0131d\u0131r\"}]},{\"@type\":\"WebSite\",\"@id\":\"https:\\\/\\\/www.meydan.tv\\\/az\\\/#website\",\"url\":\"https:\\\/\\\/www.meydan.tv\\\/az\\\/\",\"name\":\"MEYDAN.TV\",\"description\":\"Meydan TV Az\u0259rbaycan\u0131n media m\u0259kan\u0131ndak\u0131 alternativ s\u0259sidir\",\"publisher\":{\"@id\":\"https:\\\/\\\/www.meydan.tv\\\/az\\\/#organization\"},\"potentialAction\":[{\"@type\":\"SearchAction\",\"target\":{\"@type\":\"EntryPoint\",\"urlTemplate\":\"https:\\\/\\\/www.meydan.tv\\\/az\\\/?s={search_term_string}\"},\"query-input\":{\"@type\":\"PropertyValueSpecification\",\"valueRequired\":true,\"valueName\":\"search_term_string\"}}],\"inLanguage\":\"az\"},{\"@type\":\"Organization\",\"@id\":\"https:\\\/\\\/www.meydan.tv\\\/az\\\/#organization\",\"name\":\"Meydan TV\",\"url\":\"https:\\\/\\\/www.meydan.tv\\\/az\\\/\",\"logo\":{\"@type\":\"ImageObject\",\"inLanguage\":\"az\",\"@id\":\"https:\\\/\\\/www.meydan.tv\\\/az\\\/#\\\/schema\\\/logo\\\/image\\\/\",\"url\":\"https:\\\/\\\/www.meydan.tv\\\/wp-content\\\/uploads\\\/2021\\\/07\\\/meydan-logo.svg\",\"contentUrl\":\"https:\\\/\\\/www.meydan.tv\\\/wp-content\\\/uploads\\\/2021\\\/07\\\/meydan-logo.svg\",\"width\":195,\"height\":46,\"caption\":\"Meydan TV\"},\"image\":{\"@id\":\"https:\\\/\\\/www.meydan.tv\\\/az\\\/#\\\/schema\\\/logo\\\/image\\\/\"}},{\"@type\":\"Person\",\"@id\":\"https:\\\/\\\/www.meydan.tv\\\/az\\\/#\\\/schema\\\/person\\\/10d11eccf6da3662cf5fdab9806ea91a\",\"name\":\"user-manager\"}]}<\/script>\n<!-- \/ Yoast SEO plugin. -->","yoast_head_json":{"title":"Fermer: \u018fsas problem ziyanvericil\u0259r \u00fc\u00e7\u00fcn istifad\u0259 edil\u0259n d\u0259rmanla ba\u011fl\u0131d\u0131r - MEYDAN.TV","robots":{"index":"index","follow":"follow","max-snippet":"max-snippet:-1","max-image-preview":"max-image-preview:large","max-video-preview":"max-video-preview:-1"},"canonical":"https:\/\/www.meydan.tv\/az\/article\/fermer-esas-problem-ziyanvericiler-ucun-istifade-edilen-dermanla-baglidir\/","og_locale":"az_AZ","og_type":"article","og_title":"Fermer: \u018fsas problem ziyanvericil\u0259r \u00fc\u00e7\u00fcn istifad\u0259 edil\u0259n d\u0259rmanla ba\u011fl\u0131d\u0131r - MEYDAN.TV","og_description":"\u201c\u00d6z\u00fcm\u00fcz\u0259 xaricd\u0259n d\u0259rman g\u0259tirm\u0259y\u0259 icaz\u0259 verilmir, b\u0259lli adamlar sat\u0131r\u201d","og_url":"https:\/\/www.meydan.tv\/az\/article\/fermer-esas-problem-ziyanvericiler-ucun-istifade-edilen-dermanla-baglidir\/","og_site_name":"MEYDAN.TV","article_published_time":"2019-10-29T19:51:19+00:00","og_image":[{"width":1280,"height":720,"url":"https:\/\/www.meydan.tv\/wp-content\/uploads\/copy_of_untitled_design_amuv9sv.png","type":"image\/png"}],"author":"user-manager","twitter_card":"summary_large_image","schema":{"@context":"https:\/\/schema.org","@graph":[{"@type":"Article","@id":"https:\/\/www.meydan.tv\/az\/article\/fermer-esas-problem-ziyanvericiler-ucun-istifade-edilen-dermanla-baglidir\/#article","isPartOf":{"@id":"https:\/\/www.meydan.tv\/az\/article\/fermer-esas-problem-ziyanvericiler-ucun-istifade-edilen-dermanla-baglidir\/"},"author":{"name":"user-manager","@id":"https:\/\/www.meydan.tv\/az\/#\/schema\/person\/10d11eccf6da3662cf5fdab9806ea91a"},"headline":"Fermer: \u018fsas problem ziyanvericil\u0259r \u00fc\u00e7\u00fcn istifad\u0259 edil\u0259n d\u0259rmanla ba\u011fl\u0131d\u0131r","datePublished":"2019-10-29T19:51:19+00:00","mainEntityOfPage":{"@id":"https:\/\/www.meydan.tv\/az\/article\/fermer-esas-problem-ziyanvericiler-ucun-istifade-edilen-dermanla-baglidir\/"},"wordCount":961,"publisher":{"@id":"https:\/\/www.meydan.tv\/az\/#organization"},"image":{"@id":"https:\/\/www.meydan.tv\/az\/article\/fermer-esas-problem-ziyanvericiler-ucun-istifade-edilen-dermanla-baglidir\/#primaryimage"},"thumbnailUrl":"https:\/\/www.meydan.tv\/wp-content\/uploads\/copy_of_untitled_design_amuv9sv.png","articleSection":["B\u00f6lg\u0259"],"inLanguage":"az"},{"@type":"WebPage","@id":"https:\/\/www.meydan.tv\/az\/article\/fermer-esas-problem-ziyanvericiler-ucun-istifade-edilen-dermanla-baglidir\/","url":"https:\/\/www.meydan.tv\/az\/article\/fermer-esas-problem-ziyanvericiler-ucun-istifade-edilen-dermanla-baglidir\/","name":"Fermer: \u018fsas problem ziyanvericil\u0259r \u00fc\u00e7\u00fcn istifad\u0259 edil\u0259n d\u0259rmanla ba\u011fl\u0131d\u0131r - MEYDAN.TV","isPartOf":{"@id":"https:\/\/www.meydan.tv\/az\/#website"},"primaryImageOfPage":{"@id":"https:\/\/www.meydan.tv\/az\/article\/fermer-esas-problem-ziyanvericiler-ucun-istifade-edilen-dermanla-baglidir\/#primaryimage"},"image":{"@id":"https:\/\/www.meydan.tv\/az\/article\/fermer-esas-problem-ziyanvericiler-ucun-istifade-edilen-dermanla-baglidir\/#primaryimage"},"thumbnailUrl":"https:\/\/www.meydan.tv\/wp-content\/uploads\/copy_of_untitled_design_amuv9sv.png","datePublished":"2019-10-29T19:51:19+00:00","breadcrumb":{"@id":"https:\/\/www.meydan.tv\/az\/article\/fermer-esas-problem-ziyanvericiler-ucun-istifade-edilen-dermanla-baglidir\/#breadcrumb"},"inLanguage":"az","potentialAction":[{"@type":"ReadAction","target":["https:\/\/www.meydan.tv\/az\/article\/fermer-esas-problem-ziyanvericiler-ucun-istifade-edilen-dermanla-baglidir\/"]}]},{"@type":"ImageObject","inLanguage":"az","@id":"https:\/\/www.meydan.tv\/az\/article\/fermer-esas-problem-ziyanvericiler-ucun-istifade-edilen-dermanla-baglidir\/#primaryimage","url":"https:\/\/www.meydan.tv\/wp-content\/uploads\/copy_of_untitled_design_amuv9sv.png","contentUrl":"https:\/\/www.meydan.tv\/wp-content\/uploads\/copy_of_untitled_design_amuv9sv.png","width":1280,"height":720,"caption":"Source: Google"},{"@type":"BreadcrumbList","@id":"https:\/\/www.meydan.tv\/az\/article\/fermer-esas-problem-ziyanvericiler-ucun-istifade-edilen-dermanla-baglidir\/#breadcrumb","itemListElement":[{"@type":"ListItem","position":1,"name":"Ana s\u0259hif\u0259","item":"https:\/\/www.meydan.tv\/az\/"},{"@type":"ListItem","position":2,"name":"B\u00f6lg\u0259","item":"https:\/\/www.meydan.tv\/az\/section\/bolge\/"},{"@type":"ListItem","position":3,"name":"Fermer: \u018fsas problem ziyanvericil\u0259r \u00fc\u00e7\u00fcn istifad\u0259 edil\u0259n d\u0259rmanla ba\u011fl\u0131d\u0131r"}]},{"@type":"WebSite","@id":"https:\/\/www.meydan.tv\/az\/#website","url":"https:\/\/www.meydan.tv\/az\/","name":"MEYDAN.TV","description":"Meydan TV Az\u0259rbaycan\u0131n media m\u0259kan\u0131ndak\u0131 alternativ s\u0259sidir","publisher":{"@id":"https:\/\/www.meydan.tv\/az\/#organization"},"potentialAction":[{"@type":"SearchAction","target":{"@type":"EntryPoint","urlTemplate":"https:\/\/www.meydan.tv\/az\/?s={search_term_string}"},"query-input":{"@type":"PropertyValueSpecification","valueRequired":true,"valueName":"search_term_string"}}],"inLanguage":"az"},{"@type":"Organization","@id":"https:\/\/www.meydan.tv\/az\/#organization","name":"Meydan TV","url":"https:\/\/www.meydan.tv\/az\/","logo":{"@type":"ImageObject","inLanguage":"az","@id":"https:\/\/www.meydan.tv\/az\/#\/schema\/logo\/image\/","url":"https:\/\/www.meydan.tv\/wp-content\/uploads\/2021\/07\/meydan-logo.svg","contentUrl":"https:\/\/www.meydan.tv\/wp-content\/uploads\/2021\/07\/meydan-logo.svg","width":195,"height":46,"caption":"Meydan TV"},"image":{"@id":"https:\/\/www.meydan.tv\/az\/#\/schema\/logo\/image\/"}},{"@type":"Person","@id":"https:\/\/www.meydan.tv\/az\/#\/schema\/person\/10d11eccf6da3662cf5fdab9806ea91a","name":"user-manager"}]}},"_links":{"self":[{"href":"https:\/\/www.meydan.tv\/az\/wp-json\/wp\/v2\/posts\/197703","targetHints":{"allow":["GET"]}}],"collection":[{"href":"https:\/\/www.meydan.tv\/az\/wp-json\/wp\/v2\/posts"}],"about":[{"href":"https:\/\/www.meydan.tv\/az\/wp-json\/wp\/v2\/types\/post"}],"author":[{"embeddable":true,"href":"https:\/\/www.meydan.tv\/az\/wp-json\/wp\/v2\/users\/11"}],"replies":[{"embeddable":true,"href":"https:\/\/www.meydan.tv\/az\/wp-json\/wp\/v2\/comments?post=197703"}],"version-history":[{"count":0,"href":"https:\/\/www.meydan.tv\/az\/wp-json\/wp\/v2\/posts\/197703\/revisions"}],"wp:featuredmedia":[{"embeddable":true,"href":"https:\/\/www.meydan.tv\/az\/wp-json\/wp\/v2\/media\/132347"}],"wp:attachment":[{"href":"https:\/\/www.meydan.tv\/az\/wp-json\/wp\/v2\/media?parent=197703"}],"wp:term":[{"taxonomy":"category","embeddable":true,"href":"https:\/\/www.meydan.tv\/az\/wp-json\/wp\/v2\/categories?post=197703"},{"taxonomy":"post_tag","embeddable":true,"href":"https:\/\/www.meydan.tv\/az\/wp-json\/wp\/v2\/tags?post=197703"}],"curies":[{"name":"wp","href":"https:\/\/api.w.org\/{rel}","templated":true}]}}