{"id":197702,"date":"2019-10-29T19:02:08","date_gmt":"2019-10-29T19:02:08","guid":{"rendered":"https:\/\/www.meydan.tv\/article\/qizimin-meyidini-qucagima-verdiler-mustentiq-dedi-get-ozun-cezalandir\/"},"modified":"2019-10-29T19:02:08","modified_gmt":"2019-10-29T19:02:08","slug":"qizimin-meyidini-qucagima-verdiler-mustentiq-dedi-get-ozun-cezalandir","status":"publish","type":"post","link":"https:\/\/www.meydan.tv\/az\/article\/qizimin-meyidini-qucagima-verdiler-mustentiq-dedi-get-ozun-cezalandir\/","title":{"rendered":"\u201cQ\u0131z\u0131m\u0131n meyidini quca\u011f\u0131ma verdil\u0259r, m\u00fcst\u0259ntiq dedi, get \u00f6z\u00fcn c\u0259zaland\u0131r\u201d"},"content":{"rendered":"<p>\n  <i><br \/>\n    Ekspertiza r\u0259yi 12 ya\u015fl\u0131 q\u0131z\u0131n \u00f6l\u00fcm\u00fcnd\u0259 h\u0259kiml\u0259ri g\u00fcnahand\u0131r\u0131r<br \/>\n  <\/i>\n<\/p>\n<p>\n  Qubada ya\u015fayan Samir A\u011facanov ke\u00e7\u0259n il \u00f6vlad\u0131n\u0131 itirib. O, 12 ya\u015fl\u0131 q\u0131z\u0131 Samir\u0259nin \u00f6l\u00fcm\u00fcn\u0259 g\u00f6r\u0259 h\u0259kiml\u0259ri g\u00fcnahland\u0131r\u0131r.\n<\/p>\n<p>\n  <b><br \/>\n    \u201cDedil\u0259r ki, ilkin olaraq 1600 manat verilm\u0259lidir\u201d<br \/>\n  <\/b>\n<\/p>\n<p>\n  Ke\u00e7\u0259n il dekabr\u0131n 20-d\u0259 Samir\u0259 A\u011facanovan\u0131n hal\u0131 pisl\u0259\u015fib. Q\u0259bzlik, qusma oldu\u011funa g\u00f6r\u0259 u\u015fa\u011f\u0131 \u0259vv\u0259lc\u0259 Quba Diaqnostika M\u0259rk\u0259zin\u0259 apar\u0131blar. Samir deyir ki, orada h\u0259kiml\u0259r \u00f6t\u00fcr-\u00f6t\u00fcr edibl\u0259r, ax\u0131rda q\u0131z\u0131na h\u0259kim Kamil Quluzad\u0259 bax\u0131b. U\u015fa\u011f\u0131 rentgend\u0259n ke\u00e7irib, imal\u0259 el\u0259yib, ba\u011f\u0131rsa\u011f\u0131 yuyub, ev\u0259 burax\u0131blar. H\u0259kim deyib ki, qorxulu he\u00e7 n\u0259 yoxdur, ba\u011f\u0131rsaqlar\u0131 dola\u015f\u0131b, q\u0259bzlik d\u0259 ondan yaran\u0131b.\n<\/p>\n<p>\n  \u201c\u00c7oxlu nar yemi\u015fdi, biz d\u0259 bundan \u015f\u00fcbh\u0259l\u0259ndik. Ev\u0259 g\u0259tir\u0259nd\u0259n sonra durumu pisl\u0259\u015fdi, daha tez-tez qusma\u011fa ba\u015flad\u0131. H\u0259kim\u0259 z\u0259ng el\u0259dim. Dedi ki, nahaq narahat el\u0259yir\u0259m, onun sah\u0259si deyil. H\u0259kimin bu c\u00fcr davran\u0131\u015f\u0131ndan \u0259s\u0259bil\u0259\u015fdim. Ert\u0259si g\u00fcn Quba Diaqnostika M\u0259rk\u0259zin\u0259 gedib, bir g\u00fcn \u0259vv\u0259l h\u0259kim\u0259, tibb bac\u0131s\u0131na verdiyim pullar\u0131 geri ald\u0131m. U\u015fa\u011f\u0131 us\u0259 Sumqay\u0131ta &#8211; \u201cLiman\u201d klinikas\u0131na apard\u0131m\u201d, &#8211; ata bel\u0259 xat\u0131rlay\u0131r.\n<\/p>\n<p>\n  Sumqay\u0131tdak\u0131 klinikada da ataya qorxulu he\u00e7 n\u0259 olmad\u0131\u011f\u0131n\u0131 deyibl\u0259r. Ev\u0259 qay\u0131d\u0131blar, amma dekabr\u0131n 22-d\u0259 u\u015fa\u011f\u0131n v\u0259ziyy\u0259ti yen\u0259 pisl\u0259\u015fib. N\u0259n\u0259si u\u015fa\u011f\u0131 Elmi-T\u0259dqiqat Pediatriya \u0130nstitutuna \u00e7atd\u0131r\u0131b. Orada u\u015faqda y\u00fcks\u0259k d\u0259r\u0259c\u0259d\u0259 (547) \u015f\u0259k\u0259rli diabet a\u015fkarlay\u0131blar. Samir sual verir ki, niy\u0259 \u0259vv\u0259lki iki x\u0259st\u0259xanada analiz g\u00f6t\u00fcr\u00fcb \u015f\u0259k\u0259ri \u00fcz\u0259 \u00e7\u0131xarmay\u0131blar?\n<\/p>\n<p>\n  Samir\u0259ni Pediatriya \u0130nstitutundan 6 sayl\u0131 x\u0259st\u0259xanaya g\u00f6nd\u0259ribl\u0259r. Orada \u00e7atana q\u0259d\u0259r u\u015faq komaya d\u00fc\u015f\u00fcb. Komadan ay\u0131landan sonra M\u0259rk\u0259zi Klinik X\u0259st\u0259xanaya m\u00fcraci\u0259t etm\u0259yi m\u0259sl\u0259h\u0259t g\u00f6r\u00fcbl\u0259r.\n<\/p>\n<p>\n  \u201cDedil\u0259r ki, bizd\u0259 laz\u0131mi avadanl\u0131q yoxdur, onlarda var. Getdim ora, ilkin olaraq 1600 manat ist\u0259dil\u0259r. Raz\u0131la\u015fd\u0131m. \u00d6zl\u0259rinin T\u0259cili Yard\u0131m ma\u015f\u0131n\u0131yla h\u0259kiml\u0259ri g\u0259lib u\u015fa\u011f\u0131 g\u00f6r\u0259nd\u0259 dedi ki, yox, 20 min manat depozit qoyulmal\u0131d\u0131r. Dedim ki, gedib n\u0259yim var sat\u0131b g\u0259tirim, indi \u00fcst\u00fcmd\u0259 o q\u0259d\u0259r yoxdu. Raz\u0131la\u015fmad\u0131lar ki, m\u00fcalic\u0259y\u0259 ba\u015flamaq \u00fc\u00e7\u00fcn \u0259vv\u0259lc\u0259 depozit qoyulmal\u0131d\u0131. Bir d\u0259 baxd\u0131m ki, h\u0259kim \u00e7\u0131x\u0131b gedib\u201d, &#8211; Samir dan\u0131\u015f\u0131r.\n<\/p>\n<p>\n  Dekabr\u0131n 25-d\u0259 s\u0259h\u0259r\u0259 yax\u0131n 6 sayl\u0131 x\u0259st\u0259xanada Samir\u0259nin n\u0259f\u0259si dayan\u0131b\u2026\n<\/p>\n<figure class=\"wp-block-image size-large\">\n  <img decoding=\"async\" src=\"https:\/\/www.meydan.tv\/az\/image_from_ios-jpg-109\/\" alt=\"image_from_ios.jpg\" class=\"wp-image-132329\"\/><figcaption>\n    Samir A\u011facanov<br \/>\n  <\/figcaption><\/figure>\n<p>\n  <b><br \/>\n    Ekspertiza r\u0259yi h\u0259kiml\u0259rin g\u00fcnahkar oldu\u011funu deyib<br \/>\n  <\/b>\n<\/p>\n<p>\n  Hadis\u0259d\u0259n sonra ata \u00e7ox yer\u0259 \u015fikay\u0259t edib. Deyir ki, Ba\u015f prokurorun m\u00fcavininin d\u0259 q\u0259bulunda olub. Hadis\u0259d\u0259n 6 ay sonra &#8211; 2019-cu ilin iyununda Quba Rayon Prokurorlu\u011funda Cinay\u0259t M\u0259c\u0259ll\u0259sinin 124-c\u00fc (ehtiyats\u0131zl\u0131qdan adam \u00f6ld\u00fcrm\u0259) madd\u0259sil\u0259 cinay\u0259t i\u015fi ba\u015flan\u0131b. Samir A\u011facanov prokurorlu\u011fa \u0259riz\u0259sind\u0259 g\u00f6st\u0259rib ki, q\u0131z\u0131 h\u0259kim m\u0259suliyy\u0259tsizliyinin qurban\u0131 olub.\n<\/p>\n<p>\n  Samir A\u011facanovun g\u00fcnahkar sayd\u0131\u011f\u0131 h\u0259kiml\u0259r prokurorluqda dindirilib. Quba Diaqnostika M\u0259rk\u0259zinin q\u0259bul \u015f\u00f6b\u0259sinin m\u00fcdiri V\u00fcqar Burcal\u0131yev deyib ki, onlarda, \u00fcmumiyy\u0259tl\u0259, u\u015faq h\u0259kimi v\u0259 u\u015faq \u015f\u00f6b\u0259si yoxdur. O, Samird\u0259n pul almalar\u0131 bar\u0259d\u0259 deyil\u0259nl\u0259ri d\u0259 inkar edib.\n<\/p>\n<p>\n  H\u0259kim Kamil Quluzad\u0259 is\u0259 deyib ki, u\u015faqda k\u0259skin c\u0259rrahi patologiya \u0259lam\u0259tl\u0259ri olmay\u0131b:\n<\/p>\n<p>\n  \u201cSamir\u0259nin \u00f6l\u00fcm\u00fcnd\u0259 m\u0259nim g\u00fcnah\u0131m yoxdur. M\u0259nim yan\u0131mdan ged\u0259nd\u0259 v\u0259ziyy\u0259ti yax\u015f\u0131 olmu\u015fdu\u201d.\n<\/p>\n<p>\n  Ekspertiza r\u0259yind\u0259 yaz\u0131l\u0131b ki, meyit m\u00fcayin\u0259 olunmad\u0131\u011f\u0131 \u00fc\u00e7\u00fcn onun \u00f6l\u00fcm\u00fcn\u00fcn s\u0259b\u0259bil\u0259 apar\u0131lan m\u00fcalic\u0259l\u0259r aras\u0131nda \u0259laq\u0259ni m\u00fc\u0259yy\u0259nl\u0259\u015fdirm\u0259k d\u0259 al\u0131nmay\u0131b. Amma ekspert tibbi s\u0259n\u0259dl\u0259rd\u0259 g\u00f6st\u0259ril\u0259nl\u0259r \u0259sas\u0131nda r\u0259y verib. R\u0259yd\u0259 yaz\u0131l\u0131b ki, Quba Diaqnostika M\u0259rk\u0259zind\u0259 v\u0259 Sumqay\u0131tdak\u0131 \u201cLiman\u201d, \u201cUnikal\u201d klinikalar\u0131nda m\u00fcayin\u0259l\u0259r tam apar\u0131lmay\u0131b, \u015f\u0259k\u0259r m\u00fc\u0259yy\u0259nl\u0259\u015fdirilm\u0259yib. Onda \u201c\u015e\u0259k\u0259rli diabet birinci tip\u201d x\u0259st\u0259liyi vaxt\u0131nda m\u00fc\u0259yy\u0259nl\u0259\u015fdirilib \u00f6l\u00fcm\u00fcn qar\u015f\u0131s\u0131n\u0131n al\u0131nmas\u0131 \u00fc\u00e7\u00fcn adekvat tibbi yard\u0131mlar g\u00f6st\u0259rilm\u0259li olsa da, edilm\u0259yib.\n<\/p>\n<p>\n  6 sayl\u0131 u\u015faq klinik x\u0259st\u0259xanas\u0131nda g\u00f6st\u0259rilmi\u015f reanimasyon t\u0259dbirl\u0259r d\u0259 tam h\u0259cmd\u0259 apar\u0131lmay\u0131b.\n<\/p>\n<p>\n  &quot;Ba\u015f vermi\u015f kliniki \u00f6l\u00fcm zaman\u0131 \u015f\u0259k\u0259rli diabet x\u0259st\u0259liyinin a\u011f\u0131rla\u015fmas\u0131 il\u0259 \u0259laq\u0259dar \u00fcmumi qan d\u00f6vran\u0131n\u0131n k\u0259skin pozulmas\u0131 hesab\u0131na yaranan ba\u015f-beynin k\u0259skin hopoksiyas\u0131n\u0131n qar\u015f\u0131s\u0131n\u0131n al\u0131nmas\u0131 \u00fc\u00e7\u00fcn t\u0259dbirl\u0259r gecikdirilib. S\u00fcni ventilyasiya aparat\u0131na qo\u015fulmas\u0131 v\u0259 oksigen terapiyas\u0131 kifay\u0259t q\u0259d\u0259r apar\u0131lmay\u0131b. Bu da beynin \u00f6d\u0259minin davam etm\u0259sin\u0259 g\u0259tirib \u00e7\u0131xar\u0131b.\n<\/p>\n<p>\n  Samir\u0259 A\u011facanovan\u0131n v\u0259ziyy\u0259tinin a\u011f\u0131rla\u015fmas\u0131na s\u0259b\u0259b \u015f\u0259k\u0259rli diabet x\u0259st\u0259liyinin a\u011f\u0131rla\u015fmas\u0131 fonunda yaranan beyin \u00f6d\u0259mi n\u0259tic\u0259sind\u0259 t\u0259n\u0259ff\u00fcs \u00e7at\u0131\u015fmazl\u0131\u011f\u0131 olub. Samir\u0259 A\u011facanovan\u0131n \u0259ziyy\u0259t \u00e7\u0259kdiyi \u201c\u015e\u0259k\u0259rli diabet birinci tip\u201d x\u0259st\u0259liyinin vaxt\u0131nda m\u00fc\u0259yy\u0259n edilm\u0259m\u0259si v\u0259 adekvat tibbi yard\u0131mlar g\u00f6st\u0259rilm\u0259m\u0259si m\u00fcalic\u0259 h\u0259kiml\u0259ri t\u0259r\u0259find\u0259n s\u0259hiyy\u0259 sistemind\u0259 q\u00fcvv\u0259d\u0259 olan 70 sayl\u0131 \u0259mrin m\u00fcvafiq t\u0259limat qaydalar\u0131n\u0131n pozulmas\u0131 kimi qiym\u0259tl\u0259ndirilir.\n<\/p>\n<figure class=\"wp-block-image size-large\">\n  <img decoding=\"async\" src=\"https:\/\/www.meydan.tv\/az\/image_from_ios-1-jpg-52\/\" alt=\"image_from_ios (1).jpg\" class=\"wp-image-132335\"\/><figcaption>\n    Quba rayon prokurorlu\u011funun q\u0259rar\u0131<br \/>\n  <\/figcaption><\/figure>\n<p>\n  Tibbi s\u0259n\u0259dl\u0259rd\u0259 g\u00f6st\u0259ril\u0259nl\u0259r\u0259 \u0259sas\u0259n, Quba Diaqnostika M\u0259rk\u0259zind\u0259, \u201cLiman\u201d v\u0259 \u201cUnikal\u201d klinikalar\u0131nda ondak\u0131 \u201c\u015e\u0259k\u0259rli diabet birinci tip\u201d x\u0259st\u0259liyi m\u00fc\u0259yy\u0259n edilib, adekvat tibbi yard\u0131mlar, 6 sayl\u0131 U\u015faq Klinik X\u0259st\u0259xanas\u0131nda g\u00f6st\u0259ril\u0259n reanimasyon yard\u0131mlar tam h\u0259cmd\u0259 olsayd\u0131, onun \u00f6l\u00fcm\u00fcn\u00fcn qar\u015f\u0131s\u0131n\u0131n al\u0131nmas\u0131 imkan\u0131 \u00e7ox ola bil\u0259rdi. Bununla \u0259laq\u0259dar S\u0259hiyy\u0259 Sistemind\u0259 olan 70 sayl\u0131 \u0259mrin m\u00fcvafiq b\u0259ndl\u0259ri pozulub. Bunlara da m\u0259sul olan adlar\u0131 \u00e7\u0259kil\u0259n tibb m\u00fc\u0259ssis\u0259l\u0259rinin m\u00fcalic\u0259 h\u0259kiml\u0259ridir\u201d, &#8211; r\u0259yd\u0259 bel\u0259 yaz\u0131l\u0131b.\n<\/p>\n<p>\n  <b><br \/>\n    \u201cM\u00fcst\u0259ntiq deyir ki, get \u00f6z\u00fcn c\u0259zaland\u0131r\u201d<br \/>\n  <\/b>\n<\/p>\n<p>\n  Baxmayaraq ki, ekspert r\u0259yind\u0259 \u00f6l\u00fcm hadis\u0259sind\u0259 h\u0259kiml\u0259rin g\u00fcnah\u0131 olmas\u0131 ayd\u0131n \u015f\u0259kild\u0259 yaz\u0131l\u0131b, Quba Rayon Prokurorlu\u011funda cinay\u0259t i\u015fin\u0259 xitam verilib.\n<\/p>\n<p>\n  Atan\u0131n Ba\u015f prokurorun m\u00fcavini il\u0259 g\u00f6r\u00fc\u015f\u00fc, prezident\u0259, Birinci vitse-prezident\u0259, Ba\u015f prokurora m\u00fcraci\u0259ti d\u0259 fayda verm\u0259yib.\n<\/p>\n<p>\n  \u201cU\u015fa\u011f\u0131m\u0131 \u00f6ld\u00fcr\u00fcb, meyitini quca\u011f\u0131ma verdil\u0259r. M\u00fcst\u0259ntiq m\u0259n\u0259 deyir ki, get \u00f6z\u00fcn c\u0259zaland\u0131r. Bu, n\u0259 dem\u0259kdir? B\u0259s onda prokurorluq, qanunlar n\u0259 \u00fc\u00e7\u00fcnd\u00fcr? Prokurorluqda deyirl\u0259r ki, biz S\u0259hiyy\u0259 Nazirliyil\u0259 bacarm\u0131r\u0131q. Min bir \u0259ziyy\u0259tl\u0259 b\u00f6y\u00fctd\u00fcy\u00fcm Samir\u0259nin \u00f6l\u00fcm\u00fcn\u00fcn m\u0259n\u0259, anas\u0131na, qarda\u015f\u0131na nec\u0259 z\u0259rb\u0259 oldu\u011funu s\u00f6zl\u0259 ifad\u0259 el\u0259m\u0259k m\u00fcmk\u00fcn deyil. M\u0259rk\u0259zi Klinik X\u0259st\u0259xana m\u0259nd\u0259n d\u0259rhal 20 min manat pul ist\u0259di. Bu adamlar\u0131n \u00f6lk\u0259d\u0259ki maa\u015flardan x\u0259b\u0259rl\u0259ri yoxdur? M\u0259n Rokfeller\u0259m ki, yar\u0131m saat\u0131n i\u00e7ind\u0259 20 mini g\u0259tirim? U\u015faq \u00f6l\u0259nd\u0259 d\u0259fn v\u0259 yas x\u0259rcl\u0259ri \u00fc\u00e7\u00fcn bankdan kredit g\u00f6t\u00fcrm\u0259y\u0259 m\u0259cbur oldum\u201d, &#8211; Samir dan\u0131\u015f\u0131r.\n<\/p>\n<p>\n  S\u0259n\u0259dl\u0259rd\u0259 yaz\u0131l\u0131b ki, ata u\u015fa\u011f\u0131n \u00f6l\u00fcm\u00fcnd\u0259n sonra meyitin yar\u0131lmas\u0131na imkan verm\u0259yib. Cinay\u0259t i\u015fi ba\u015flanandan sonra is\u0259 ona meyitin eksqumasiyas\u0131 (m\u0259zar\u0131n a\u00e7\u0131lmas\u0131) v\u0259 t\u0259krar m\u00fcayin\u0259 apar\u0131lmas\u0131 t\u0259klif olunub. Buna da raz\u0131la\u015fmay\u0131b. Samir A\u011facanov bu m\u0259s\u0259l\u0259l\u0259r\u0259 bel\u0259 ayd\u0131nl\u0131q g\u0259tirir:\n<\/p>\n<p>\n  &quot;U\u015faq ke\u00e7in\u0259nd\u0259n sonra m\u0259n\u0259 bir s\u0259n\u0259d\u0259 qol \u00e7\u0259kdirdil\u0259r. He\u00e7 bilm\u0259dim ki, n\u0259dir. Onda a\u011fl\u0131m ba\u015f\u0131mda idi ki, bilim n\u0259 var, n\u0259 yox?! Meyitin \u00e7\u0131xar\u0131lmas\u0131na g\u0259linc\u0259, dedim ki, \u0259g\u0259r g\u00fcnahkarlar\u0131 do\u011frudan da c\u0259zaland\u0131racaqs\u0131n\u0131zsa, n\u0259tic\u0259siz qalmayacaqsa, eksqumasiya el\u0259y\u0259r\u0259m. M\u00fcst\u0259ntiq dedi ki, m\u0259n he\u00e7 n\u0259 dey\u0259 bilm\u0259r\u0259m. M\u0259n\u0259 deyir ki, &quot;\u015fikay\u0259t etm\u0259yin m\u0259nas\u0131 yoxdur, h\u0259tta m\u0259suliyy\u0259t\u0259 c\u0259lb olunsalar bel\u0259, m\u0259hk\u0259m\u0259 2-3 il icbari i\u015f ver\u0259c\u0259kl\u0259r, bit\u0259c\u0259k&quot;. Bu, n\u0259 dem\u0259kdir? Yolda adi x\u0259tti ma\u015f\u0131n tapdayanda c\u0259rim\u0259 el\u0259yirl\u0259r, s\u00fcr\u00fcc\u00fcn\u00fc c\u0259zaland\u0131r\u0131rlar. M\u0259nim u\u015fa\u011f\u0131m\u0131n o x\u0259tt q\u0259d\u0259r d\u0259y\u0259ri yoxdur ki, he\u00e7 kimi c\u0259zaland\u0131rm\u0131rlar?&quot;\n<\/p>\n<p>\n  Samir A\u011facanov prezidentd\u0259n v\u0259 xan\u0131m\u0131ndan bu i\u015fd\u0259 k\u00f6m\u0259k ist\u0259yir. Deyir, onlar ba\u015f ver\u0259nl\u0259ri bils\u0259l\u0259r, bigan\u0259 qalmazlar, g\u00fcnahkarlar\u0131n c\u0259zaland\u0131r\u0131lmas\u0131 \u00fc\u00e7\u00fcn laz\u0131m olan add\u0131mlar\u0131 atarlar:\n<\/p>\n<p>\n  &quot;M\u0259n d\u00f6rd il Qaraba\u011fda vuru\u015fmu\u015fam. Prezidentimi h\u0259mi\u015f\u0259 d\u0259st\u0259kl\u0259mi\u015f\u0259m, bu g\u00fcn d\u0259 ona inan\u0131ram. M\u0259n bu v\u0259t\u0259n \u00fc\u00e7\u00fcn can\u0131mdan ke\u00e7\u0259r\u0259m. Amma g\u00f6rs\u0259m ki, u\u015fa\u011f\u0131ma bel\u0259 m\u00fcnasib\u0259t davam edir, ba\u015f g\u00f6t\u00fcr\u00fcb ged\u0259c\u0259m. Amma \u00fcmid edir\u0259m ki, bir g\u00fcn m\u00fctl\u0259q u\u015fa\u011f\u0131m\u0131n qatill\u0259ri c\u0259zas\u0131n\u0131 alacaq. O \u00fcmid olmasa, ya\u015faya bilm\u0259r\u0259m\u201d.\n<\/p>\n<p>\n  Samir dan\u0131\u015fd\u0131qca, sanki h\u0259min hadis\u0259ni bir daha ya\u015fay\u0131r. \u00c7ox sars\u0131ld\u0131\u011f\u0131n\u0131 hiss etm\u0259k \u00fc\u00e7\u00fcn d\u0259rin m\u00fc\u015fahid\u0259y\u0259 ehtiyac yoxdur. Ata f\u0259ryad qopar\u0131r. Q\u0131z\u0131n\u0131n nec\u0259 arzular\u0131 oldu\u011fundan dan\u0131\u015f\u0131r. Samir\u0259 m\u00fc\u0259llim\u0259 olmaq ist\u0259yirdi\u2026\n<\/p>\n<figure class=\"wp-block-image size-large\">\n  <img decoding=\"async\" src=\"https:\/\/www.meydan.tv\/az\/image_from_ios-2-jpg-55\/\" alt=\"image_from_ios (2).jpg\" class=\"wp-image-132338\"\/><figcaption>\n    prokurorlu\u011fun q\u0259rar\u0131<br \/>\n  <\/figcaption><\/figure>\n","protected":false},"excerpt":{"rendered":"<p>Baxmayaraq ki, ekspert r\u0259yind\u0259 \u00f6l\u00fcm hadis\u0259sind\u0259 h\u0259kiml\u0259rin g\u00fcnah\u0131 olmas\u0131 ayd\u0131n \u015f\u0259kild\u0259 yaz\u0131l\u0131b, Quba Rayon Prokurorlu\u011funda cinay\u0259t i\u015fin\u0259 xitam verilib.<\/p>\n","protected":false},"author":11,"featured_media":132332,"comment_status":"closed","ping_status":"open","sticky":false,"template":"","format":"standard","meta":{"_acf_changed":false,"_sitemap_exclude":false,"_sitemap_priority":"","_sitemap_frequency":"","footnotes":""},"categories":[60],"tags":[],"class_list":["post-197702","post","type-post","status-publish","format-standard","has-post-thumbnail","hentry","category-bolge","infinite-scroll-item","generate-columns","tablet-grid-50","mobile-grid-100","grid-parent","grid-33","no-featured-image-padding"],"acf":[],"yoast_head":"<!-- This site is optimized with the Yoast SEO plugin v27.5 - https:\/\/yoast.com\/product\/yoast-seo-wordpress\/ -->\n<title>\u201cQ\u0131z\u0131m\u0131n meyidini quca\u011f\u0131ma verdil\u0259r, m\u00fcst\u0259ntiq dedi, get \u00f6z\u00fcn c\u0259zaland\u0131r\u201d - MEYDAN.TV<\/title>\n<meta name=\"robots\" content=\"index, follow, max-snippet:-1, max-image-preview:large, max-video-preview:-1\" \/>\n<link rel=\"canonical\" href=\"https:\/\/www.meydan.tv\/az\/article\/qizimin-meyidini-qucagima-verdiler-mustentiq-dedi-get-ozun-cezalandir\/\" \/>\n<meta property=\"og:locale\" content=\"az_AZ\" \/>\n<meta property=\"og:type\" content=\"article\" \/>\n<meta property=\"og:title\" content=\"\u201cQ\u0131z\u0131m\u0131n meyidini quca\u011f\u0131ma verdil\u0259r, m\u00fcst\u0259ntiq dedi, get \u00f6z\u00fcn c\u0259zaland\u0131r\u201d - MEYDAN.TV\" \/>\n<meta property=\"og:description\" content=\"Baxmayaraq ki, ekspert r\u0259yind\u0259 \u00f6l\u00fcm hadis\u0259sind\u0259 h\u0259kiml\u0259rin g\u00fcnah\u0131 olmas\u0131 ayd\u0131n \u015f\u0259kild\u0259 yaz\u0131l\u0131b, Quba Rayon Prokurorlu\u011funda cinay\u0259t i\u015fin\u0259 xitam verilib.\" \/>\n<meta property=\"og:url\" content=\"https:\/\/www.meydan.tv\/az\/article\/qizimin-meyidini-qucagima-verdiler-mustentiq-dedi-get-ozun-cezalandir\/\" \/>\n<meta property=\"og:site_name\" content=\"MEYDAN.TV\" \/>\n<meta property=\"article:published_time\" content=\"2019-10-29T19:02:08+00:00\" \/>\n<meta property=\"og:image\" content=\"https:\/\/www.meydan.tv\/wp-content\/uploads\/untitled-1__.jpg\" \/>\n\t<meta property=\"og:image:width\" content=\"1500\" \/>\n\t<meta property=\"og:image:height\" content=\"800\" \/>\n\t<meta property=\"og:image:type\" content=\"image\/jpeg\" \/>\n<meta name=\"author\" content=\"user-manager\" \/>\n<meta name=\"twitter:card\" content=\"summary_large_image\" \/>\n<script type=\"application\/ld+json\" class=\"yoast-schema-graph\">{\"@context\":\"https:\\\/\\\/schema.org\",\"@graph\":[{\"@type\":\"Article\",\"@id\":\"https:\\\/\\\/www.meydan.tv\\\/az\\\/article\\\/qizimin-meyidini-qucagima-verdiler-mustentiq-dedi-get-ozun-cezalandir\\\/#article\",\"isPartOf\":{\"@id\":\"https:\\\/\\\/www.meydan.tv\\\/az\\\/article\\\/qizimin-meyidini-qucagima-verdiler-mustentiq-dedi-get-ozun-cezalandir\\\/\"},\"author\":{\"name\":\"user-manager\",\"@id\":\"https:\\\/\\\/www.meydan.tv\\\/az\\\/#\\\/schema\\\/person\\\/10d11eccf6da3662cf5fdab9806ea91a\"},\"headline\":\"\u201cQ\u0131z\u0131m\u0131n meyidini quca\u011f\u0131ma verdil\u0259r, m\u00fcst\u0259ntiq dedi, get \u00f6z\u00fcn c\u0259zaland\u0131r\u201d\",\"datePublished\":\"2019-10-29T19:02:08+00:00\",\"mainEntityOfPage\":{\"@id\":\"https:\\\/\\\/www.meydan.tv\\\/az\\\/article\\\/qizimin-meyidini-qucagima-verdiler-mustentiq-dedi-get-ozun-cezalandir\\\/\"},\"wordCount\":1767,\"publisher\":{\"@id\":\"https:\\\/\\\/www.meydan.tv\\\/az\\\/#organization\"},\"image\":{\"@id\":\"https:\\\/\\\/www.meydan.tv\\\/az\\\/article\\\/qizimin-meyidini-qucagima-verdiler-mustentiq-dedi-get-ozun-cezalandir\\\/#primaryimage\"},\"thumbnailUrl\":\"https:\\\/\\\/www.meydan.tv\\\/wp-content\\\/uploads\\\/untitled-1__.jpg\",\"articleSection\":[\"B\u00f6lg\u0259\"],\"inLanguage\":\"az\"},{\"@type\":\"WebPage\",\"@id\":\"https:\\\/\\\/www.meydan.tv\\\/az\\\/article\\\/qizimin-meyidini-qucagima-verdiler-mustentiq-dedi-get-ozun-cezalandir\\\/\",\"url\":\"https:\\\/\\\/www.meydan.tv\\\/az\\\/article\\\/qizimin-meyidini-qucagima-verdiler-mustentiq-dedi-get-ozun-cezalandir\\\/\",\"name\":\"\u201cQ\u0131z\u0131m\u0131n meyidini quca\u011f\u0131ma verdil\u0259r, m\u00fcst\u0259ntiq dedi, get \u00f6z\u00fcn c\u0259zaland\u0131r\u201d - MEYDAN.TV\",\"isPartOf\":{\"@id\":\"https:\\\/\\\/www.meydan.tv\\\/az\\\/#website\"},\"primaryImageOfPage\":{\"@id\":\"https:\\\/\\\/www.meydan.tv\\\/az\\\/article\\\/qizimin-meyidini-qucagima-verdiler-mustentiq-dedi-get-ozun-cezalandir\\\/#primaryimage\"},\"image\":{\"@id\":\"https:\\\/\\\/www.meydan.tv\\\/az\\\/article\\\/qizimin-meyidini-qucagima-verdiler-mustentiq-dedi-get-ozun-cezalandir\\\/#primaryimage\"},\"thumbnailUrl\":\"https:\\\/\\\/www.meydan.tv\\\/wp-content\\\/uploads\\\/untitled-1__.jpg\",\"datePublished\":\"2019-10-29T19:02:08+00:00\",\"breadcrumb\":{\"@id\":\"https:\\\/\\\/www.meydan.tv\\\/az\\\/article\\\/qizimin-meyidini-qucagima-verdiler-mustentiq-dedi-get-ozun-cezalandir\\\/#breadcrumb\"},\"inLanguage\":\"az\",\"potentialAction\":[{\"@type\":\"ReadAction\",\"target\":[\"https:\\\/\\\/www.meydan.tv\\\/az\\\/article\\\/qizimin-meyidini-qucagima-verdiler-mustentiq-dedi-get-ozun-cezalandir\\\/\"]}]},{\"@type\":\"ImageObject\",\"inLanguage\":\"az\",\"@id\":\"https:\\\/\\\/www.meydan.tv\\\/az\\\/article\\\/qizimin-meyidini-qucagima-verdiler-mustentiq-dedi-get-ozun-cezalandir\\\/#primaryimage\",\"url\":\"https:\\\/\\\/www.meydan.tv\\\/wp-content\\\/uploads\\\/untitled-1__.jpg\",\"contentUrl\":\"https:\\\/\\\/www.meydan.tv\\\/wp-content\\\/uploads\\\/untitled-1__.jpg\",\"width\":1500,\"height\":800,\"caption\":\"Source: Specify Source\"},{\"@type\":\"BreadcrumbList\",\"@id\":\"https:\\\/\\\/www.meydan.tv\\\/az\\\/article\\\/qizimin-meyidini-qucagima-verdiler-mustentiq-dedi-get-ozun-cezalandir\\\/#breadcrumb\",\"itemListElement\":[{\"@type\":\"ListItem\",\"position\":1,\"name\":\"Ana s\u0259hif\u0259\",\"item\":\"https:\\\/\\\/www.meydan.tv\\\/az\\\/\"},{\"@type\":\"ListItem\",\"position\":2,\"name\":\"B\u00f6lg\u0259\",\"item\":\"https:\\\/\\\/www.meydan.tv\\\/az\\\/section\\\/bolge\\\/\"},{\"@type\":\"ListItem\",\"position\":3,\"name\":\"\u201cQ\u0131z\u0131m\u0131n meyidini quca\u011f\u0131ma verdil\u0259r, m\u00fcst\u0259ntiq dedi, get \u00f6z\u00fcn c\u0259zaland\u0131r\u201d\"}]},{\"@type\":\"WebSite\",\"@id\":\"https:\\\/\\\/www.meydan.tv\\\/az\\\/#website\",\"url\":\"https:\\\/\\\/www.meydan.tv\\\/az\\\/\",\"name\":\"MEYDAN.TV\",\"description\":\"Meydan TV Az\u0259rbaycan\u0131n media m\u0259kan\u0131ndak\u0131 alternativ s\u0259sidir\",\"publisher\":{\"@id\":\"https:\\\/\\\/www.meydan.tv\\\/az\\\/#organization\"},\"potentialAction\":[{\"@type\":\"SearchAction\",\"target\":{\"@type\":\"EntryPoint\",\"urlTemplate\":\"https:\\\/\\\/www.meydan.tv\\\/az\\\/?s={search_term_string}\"},\"query-input\":{\"@type\":\"PropertyValueSpecification\",\"valueRequired\":true,\"valueName\":\"search_term_string\"}}],\"inLanguage\":\"az\"},{\"@type\":\"Organization\",\"@id\":\"https:\\\/\\\/www.meydan.tv\\\/az\\\/#organization\",\"name\":\"Meydan TV\",\"url\":\"https:\\\/\\\/www.meydan.tv\\\/az\\\/\",\"logo\":{\"@type\":\"ImageObject\",\"inLanguage\":\"az\",\"@id\":\"https:\\\/\\\/www.meydan.tv\\\/az\\\/#\\\/schema\\\/logo\\\/image\\\/\",\"url\":\"https:\\\/\\\/www.meydan.tv\\\/wp-content\\\/uploads\\\/2021\\\/07\\\/meydan-logo.svg\",\"contentUrl\":\"https:\\\/\\\/www.meydan.tv\\\/wp-content\\\/uploads\\\/2021\\\/07\\\/meydan-logo.svg\",\"width\":195,\"height\":46,\"caption\":\"Meydan TV\"},\"image\":{\"@id\":\"https:\\\/\\\/www.meydan.tv\\\/az\\\/#\\\/schema\\\/logo\\\/image\\\/\"}},{\"@type\":\"Person\",\"@id\":\"https:\\\/\\\/www.meydan.tv\\\/az\\\/#\\\/schema\\\/person\\\/10d11eccf6da3662cf5fdab9806ea91a\",\"name\":\"user-manager\"}]}<\/script>\n<!-- \/ Yoast SEO plugin. -->","yoast_head_json":{"title":"\u201cQ\u0131z\u0131m\u0131n meyidini quca\u011f\u0131ma verdil\u0259r, m\u00fcst\u0259ntiq dedi, get \u00f6z\u00fcn c\u0259zaland\u0131r\u201d - MEYDAN.TV","robots":{"index":"index","follow":"follow","max-snippet":"max-snippet:-1","max-image-preview":"max-image-preview:large","max-video-preview":"max-video-preview:-1"},"canonical":"https:\/\/www.meydan.tv\/az\/article\/qizimin-meyidini-qucagima-verdiler-mustentiq-dedi-get-ozun-cezalandir\/","og_locale":"az_AZ","og_type":"article","og_title":"\u201cQ\u0131z\u0131m\u0131n meyidini quca\u011f\u0131ma verdil\u0259r, m\u00fcst\u0259ntiq dedi, get \u00f6z\u00fcn c\u0259zaland\u0131r\u201d - MEYDAN.TV","og_description":"Baxmayaraq ki, ekspert r\u0259yind\u0259 \u00f6l\u00fcm hadis\u0259sind\u0259 h\u0259kiml\u0259rin g\u00fcnah\u0131 olmas\u0131 ayd\u0131n \u015f\u0259kild\u0259 yaz\u0131l\u0131b, Quba Rayon Prokurorlu\u011funda cinay\u0259t i\u015fin\u0259 xitam verilib.","og_url":"https:\/\/www.meydan.tv\/az\/article\/qizimin-meyidini-qucagima-verdiler-mustentiq-dedi-get-ozun-cezalandir\/","og_site_name":"MEYDAN.TV","article_published_time":"2019-10-29T19:02:08+00:00","og_image":[{"width":1500,"height":800,"url":"https:\/\/www.meydan.tv\/wp-content\/uploads\/untitled-1__.jpg","type":"image\/jpeg"}],"author":"user-manager","twitter_card":"summary_large_image","schema":{"@context":"https:\/\/schema.org","@graph":[{"@type":"Article","@id":"https:\/\/www.meydan.tv\/az\/article\/qizimin-meyidini-qucagima-verdiler-mustentiq-dedi-get-ozun-cezalandir\/#article","isPartOf":{"@id":"https:\/\/www.meydan.tv\/az\/article\/qizimin-meyidini-qucagima-verdiler-mustentiq-dedi-get-ozun-cezalandir\/"},"author":{"name":"user-manager","@id":"https:\/\/www.meydan.tv\/az\/#\/schema\/person\/10d11eccf6da3662cf5fdab9806ea91a"},"headline":"\u201cQ\u0131z\u0131m\u0131n meyidini quca\u011f\u0131ma verdil\u0259r, m\u00fcst\u0259ntiq dedi, get \u00f6z\u00fcn c\u0259zaland\u0131r\u201d","datePublished":"2019-10-29T19:02:08+00:00","mainEntityOfPage":{"@id":"https:\/\/www.meydan.tv\/az\/article\/qizimin-meyidini-qucagima-verdiler-mustentiq-dedi-get-ozun-cezalandir\/"},"wordCount":1767,"publisher":{"@id":"https:\/\/www.meydan.tv\/az\/#organization"},"image":{"@id":"https:\/\/www.meydan.tv\/az\/article\/qizimin-meyidini-qucagima-verdiler-mustentiq-dedi-get-ozun-cezalandir\/#primaryimage"},"thumbnailUrl":"https:\/\/www.meydan.tv\/wp-content\/uploads\/untitled-1__.jpg","articleSection":["B\u00f6lg\u0259"],"inLanguage":"az"},{"@type":"WebPage","@id":"https:\/\/www.meydan.tv\/az\/article\/qizimin-meyidini-qucagima-verdiler-mustentiq-dedi-get-ozun-cezalandir\/","url":"https:\/\/www.meydan.tv\/az\/article\/qizimin-meyidini-qucagima-verdiler-mustentiq-dedi-get-ozun-cezalandir\/","name":"\u201cQ\u0131z\u0131m\u0131n meyidini quca\u011f\u0131ma verdil\u0259r, m\u00fcst\u0259ntiq dedi, get \u00f6z\u00fcn c\u0259zaland\u0131r\u201d - MEYDAN.TV","isPartOf":{"@id":"https:\/\/www.meydan.tv\/az\/#website"},"primaryImageOfPage":{"@id":"https:\/\/www.meydan.tv\/az\/article\/qizimin-meyidini-qucagima-verdiler-mustentiq-dedi-get-ozun-cezalandir\/#primaryimage"},"image":{"@id":"https:\/\/www.meydan.tv\/az\/article\/qizimin-meyidini-qucagima-verdiler-mustentiq-dedi-get-ozun-cezalandir\/#primaryimage"},"thumbnailUrl":"https:\/\/www.meydan.tv\/wp-content\/uploads\/untitled-1__.jpg","datePublished":"2019-10-29T19:02:08+00:00","breadcrumb":{"@id":"https:\/\/www.meydan.tv\/az\/article\/qizimin-meyidini-qucagima-verdiler-mustentiq-dedi-get-ozun-cezalandir\/#breadcrumb"},"inLanguage":"az","potentialAction":[{"@type":"ReadAction","target":["https:\/\/www.meydan.tv\/az\/article\/qizimin-meyidini-qucagima-verdiler-mustentiq-dedi-get-ozun-cezalandir\/"]}]},{"@type":"ImageObject","inLanguage":"az","@id":"https:\/\/www.meydan.tv\/az\/article\/qizimin-meyidini-qucagima-verdiler-mustentiq-dedi-get-ozun-cezalandir\/#primaryimage","url":"https:\/\/www.meydan.tv\/wp-content\/uploads\/untitled-1__.jpg","contentUrl":"https:\/\/www.meydan.tv\/wp-content\/uploads\/untitled-1__.jpg","width":1500,"height":800,"caption":"Source: Specify Source"},{"@type":"BreadcrumbList","@id":"https:\/\/www.meydan.tv\/az\/article\/qizimin-meyidini-qucagima-verdiler-mustentiq-dedi-get-ozun-cezalandir\/#breadcrumb","itemListElement":[{"@type":"ListItem","position":1,"name":"Ana s\u0259hif\u0259","item":"https:\/\/www.meydan.tv\/az\/"},{"@type":"ListItem","position":2,"name":"B\u00f6lg\u0259","item":"https:\/\/www.meydan.tv\/az\/section\/bolge\/"},{"@type":"ListItem","position":3,"name":"\u201cQ\u0131z\u0131m\u0131n meyidini quca\u011f\u0131ma verdil\u0259r, m\u00fcst\u0259ntiq dedi, get \u00f6z\u00fcn c\u0259zaland\u0131r\u201d"}]},{"@type":"WebSite","@id":"https:\/\/www.meydan.tv\/az\/#website","url":"https:\/\/www.meydan.tv\/az\/","name":"MEYDAN.TV","description":"Meydan TV Az\u0259rbaycan\u0131n media m\u0259kan\u0131ndak\u0131 alternativ s\u0259sidir","publisher":{"@id":"https:\/\/www.meydan.tv\/az\/#organization"},"potentialAction":[{"@type":"SearchAction","target":{"@type":"EntryPoint","urlTemplate":"https:\/\/www.meydan.tv\/az\/?s={search_term_string}"},"query-input":{"@type":"PropertyValueSpecification","valueRequired":true,"valueName":"search_term_string"}}],"inLanguage":"az"},{"@type":"Organization","@id":"https:\/\/www.meydan.tv\/az\/#organization","name":"Meydan TV","url":"https:\/\/www.meydan.tv\/az\/","logo":{"@type":"ImageObject","inLanguage":"az","@id":"https:\/\/www.meydan.tv\/az\/#\/schema\/logo\/image\/","url":"https:\/\/www.meydan.tv\/wp-content\/uploads\/2021\/07\/meydan-logo.svg","contentUrl":"https:\/\/www.meydan.tv\/wp-content\/uploads\/2021\/07\/meydan-logo.svg","width":195,"height":46,"caption":"Meydan TV"},"image":{"@id":"https:\/\/www.meydan.tv\/az\/#\/schema\/logo\/image\/"}},{"@type":"Person","@id":"https:\/\/www.meydan.tv\/az\/#\/schema\/person\/10d11eccf6da3662cf5fdab9806ea91a","name":"user-manager"}]}},"_links":{"self":[{"href":"https:\/\/www.meydan.tv\/az\/wp-json\/wp\/v2\/posts\/197702","targetHints":{"allow":["GET"]}}],"collection":[{"href":"https:\/\/www.meydan.tv\/az\/wp-json\/wp\/v2\/posts"}],"about":[{"href":"https:\/\/www.meydan.tv\/az\/wp-json\/wp\/v2\/types\/post"}],"author":[{"embeddable":true,"href":"https:\/\/www.meydan.tv\/az\/wp-json\/wp\/v2\/users\/11"}],"replies":[{"embeddable":true,"href":"https:\/\/www.meydan.tv\/az\/wp-json\/wp\/v2\/comments?post=197702"}],"version-history":[{"count":0,"href":"https:\/\/www.meydan.tv\/az\/wp-json\/wp\/v2\/posts\/197702\/revisions"}],"wp:featuredmedia":[{"embeddable":true,"href":"https:\/\/www.meydan.tv\/az\/wp-json\/wp\/v2\/media\/132332"}],"wp:attachment":[{"href":"https:\/\/www.meydan.tv\/az\/wp-json\/wp\/v2\/media?parent=197702"}],"wp:term":[{"taxonomy":"category","embeddable":true,"href":"https:\/\/www.meydan.tv\/az\/wp-json\/wp\/v2\/categories?post=197702"},{"taxonomy":"post_tag","embeddable":true,"href":"https:\/\/www.meydan.tv\/az\/wp-json\/wp\/v2\/tags?post=197702"}],"curies":[{"name":"wp","href":"https:\/\/api.w.org\/{rel}","templated":true}]}}