{"id":197700,"date":"2019-10-29T19:11:40","date_gmt":"2019-10-29T19:11:40","guid":{"rendered":"https:\/\/www.meydan.tv\/article\/livanin-bas-naziri-istefa-verib\/"},"modified":"2019-10-29T19:11:40","modified_gmt":"2019-10-29T19:11:40","slug":"livanin-bas-naziri-istefa-verib","status":"publish","type":"post","link":"https:\/\/www.meydan.tv\/az\/article\/livanin-bas-naziri-istefa-verib\/","title":{"rendered":"Livan\u0131n Ba\u015f naziri istefa verib"},"content":{"rendered":"<p>\n  <i><br \/>\n    Livan \u0130ran\u0131n d\u0259st\u0259kl\u0259diyi Hizbullah\u0131n t\u0259siri alt\u0131na d\u00fc\u015f\u0259 bil\u0259r<br \/>\n  <\/i>\n<\/p>\n<p>\n  Oktyabr\u0131n 29-da Livan\u0131n Ba\u015f naziri Saad \u0259l-Hariri v\u0259zif\u0259sind\u0259n istefa verib. \u018fl-Hariri deyib ki, hakim elitaya qar\u015f\u0131 b\u00f6y\u00fck etirazlarla n\u0259tic\u0259l\u0259n\u0259n v\u0259 \u00f6lk\u0259ni qar\u0131\u015f\u0131ql\u0131q i\u00e7\u0259risin\u0259 s\u00fcr\u00fckl\u0259y\u0259n bu b\u00f6hran\u0131 h\u0259ll etm\u0259k ist\u0259yi u\u011fursuzluqla n\u0259tic\u0259l\u0259nib, &#8211; \u201cReuters\u201d x\u0259b\u0259r verir.\n<\/p>\n<p>\n  S\u00fcnni siyas\u0259t\u00e7inin bu h\u0259r\u0259k\u0259ti Livan\u0131n 1975-90-c\u0131 ill\u0259rd\u0259ki v\u0259t\u0259nda\u015f m\u00fcharib\u0259sind\u0259n b\u0259ri yaranm\u0131\u015f \u0259n d\u0259rin iqtisadi b\u00f6hran\u0131 h\u0259ll ed\u0259 bil\u0259c\u0259k yeni h\u00f6kum\u0259tin qurulmas\u0131n\u0131 \u00e7\u0259tinl\u0259\u015fdir\u0259 bil\u0259r.\n<\/p>\n<p>\n  \u018fn\u0259n\u0259vi olaraq Q\u0259rb v\u0259 S\u00fcnni K\u00f6rf\u0259z \u018fr\u0259b m\u00fctt\u0259fiql\u0259ri t\u0259r\u0259find\u0259n d\u0259st\u0259kl\u0259n\u0259n Haririnin istefas\u0131 Livan\u0131 t\u0259xmin edilm\u0259si \u00e7\u0259tin olan bir d\u00f6vr\u0259 s\u00fcr\u00fckl\u0259yir. Livan \u0130ran\u0131n d\u0259st\u0259kl\u0259diyi Hizbullah\u0131n t\u0259siri alt\u0131na d\u00fc\u015f\u0259 bil\u0259r, bu da \u00f6lk\u0259y\u0259 ehtiyac duyulan xarici s\u0259rmay\u0259 c\u0259lb etm\u0259yi \u00e7\u0259tinl\u0259\u015fdir\u0259r.\n<\/p>\n<p>\n  Bu, Haririnin hakimiyy\u0259td\u0259 qalmas\u0131n\u0131 ist\u0259y\u0259n Hizbullah\u0131n da g\u00fcc\u00fcn\u00fc a\u015f\u0131r. Hariri m\u00fctt\u0259fiql\u0259rin v\u0259d etdiyi maliyy\u0259 d\u0259st\u0259yin\u0259 \u00e7ox ehtiyac\u0131 olan Livana Q\u0259rb v\u0259 K\u00f6rf\u0259z \u018fr\u0259b \u00f6lk\u0259l\u0259rind\u0259n yard\u0131m g\u0259tir\u0259c\u0259k \u0259sas g\u00fcc olaraq g\u00f6r\u00fcl\u00fcrd\u00fc.\n<\/p>\n<figure class=\"wp-block-image size-large\">\n  <img decoding=\"async\" src=\"https:\/\/www.meydan.tv\/az\/ee60db2f-a927-443b-83d3-d602d24652f3_w1200_s-jpg\/\" alt=\"EE60DB2F-A927-443B-83D3-D602D24652F3_w1200_s.jpg\" class=\"wp-image-132344\"\/><figcaption>\n    Saad \u0259l-H\u0259riri<br \/>\n  <\/figcaption><\/figure>\n<p>\n  \u015ei\u0259 M\u00fcs\u0259lman Hizbullah v\u0259 Amal h\u0259r\u0259katlar\u0131na sadiq bir d\u0259st\u0259 Beyrutda h\u00f6kum\u0259t \u0259leyhin\u0259 n\u00fcmayi\u015f\u00e7il\u0259r t\u0259r\u0259find\u0259n qurulmu\u015f etiraz d\u00fc\u015f\u0259rg\u0259sin\u0259 h\u00fccum etdikd\u0259n v\u0259 onu da\u011f\u0131td\u0131qdan sonra Hariri xalqa m\u00fcraci\u0259t edib.\n<\/p>\n<p>\n  Bu, 2008-ci ild\u0259n b\u0259ri Beyrut k\u00fc\u00e7\u0259l\u0259rind\u0259 ba\u015f vermi\u015f \u0259n ciddi m\u00fcnaqi\u015f\u0259 hesab edilir. 2008-ci ild\u0259 Hizbullah d\u00f6y\u00fc\u015f\u00e7\u00fcl\u0259ri Hariri v\u0259 m\u00fctt\u0259fiql\u0259rin\u0259 sadiq olan Livan d\u00fc\u015fm\u0259nl\u0259ri il\u0259 ba\u015f vermi\u015f silahl\u0131 qar\u015f\u0131durma zaman\u0131 paytaxt Beyruta n\u0259zar\u0259ti \u0259l\u0259 alm\u0131\u015fd\u0131.\n<\/p>\n<p>\n  Livan siyasi sinifin geni\u015f yay\u0131lm\u0131\u015f korrupsiya hallar\u0131na qar\u015f\u0131 ba\u015f qald\u0131rm\u0131\u015f etiraz dal\u011fas\u0131 il\u0259 iflic edilib.\n<\/p>\n<p>\n  \u201c13 g\u00fcnd\u00fcr ki, Livan xalq\u0131 iqtisadiyyat\u0131n pisl\u0259\u015fm\u0259sini dayand\u0131racaq siyasi h\u0259ll g\u00f6zl\u0259yir. M\u0259n bu m\u00fcdd\u0259t \u0259rzind\u0259 insanlar\u0131n s\u0259sini e\u015fid\u0259c\u0259k \u00e7\u0131x\u0131\u015f yolu tapma\u011fa \u00e7al\u0131\u015fd\u0131m\u201d,- Hariri deyib.\n<\/p>\n<p>\n  \u201cB\u00f6hranla \u00fczl\u0259\u015fm\u0259k \u00fc\u00e7\u00fcn b\u00f6y\u00fck sars\u0131nt\u0131 ke\u00e7irm\u0259yimizin vaxt\u0131 g\u0259lib\u201d, &#8211; o deyib: \u201cSiyasi h\u0259yatda olan b\u00fct\u00fcn t\u0259r\u0259fda\u015flar \u00fc\u00e7\u00fcn bug\u00fcnk\u00fc m\u0259suliyy\u0259timiz Livan\u0131 qorumaq v\u0259 iqtisadiyyat\u0131m\u0131z\u0131 canland\u0131rmaqd\u0131r\u201d.\n<\/p>\n<p>\n  Hizbullah\u0131n siyasi m\u00fctt\u0259fiqi olan Prezident Mi\u015fel Aoun ya Haririnin istefas\u0131n\u0131 q\u0259bul ed\u0259c\u0259k v\u0259 yeni h\u00f6kum\u0259t qurulmas\u0131 il\u0259 \u0259laq\u0259dar m\u0259sl\u0259h\u0259tl\u0259\u015fm\u0259l\u0259r\u0259 ba\u015flayacaq, ya da onun yenid\u0259n d\u00fc\u015f\u00fcnm\u0259sini ist\u0259y\u0259c\u0259k.<\/p>\n","protected":false},"excerpt":{"rendered":"<p>\u015ei\u0259 M\u00fcs\u0259lman Hizbullah v\u0259 Amal h\u0259r\u0259katlar\u0131na sadiq bir d\u0259st\u0259 Beyrutda h\u00f6kum\u0259t \u0259leyhin\u0259 n\u00fcmayi\u015f\u00e7il\u0259r t\u0259r\u0259find\u0259n qurulmu\u015f etiraz d\u00fc\u015f\u0259rg\u0259sin\u0259 h\u00fccum etdikd\u0259n v\u0259 onu da\u011f\u0131td\u0131qdan sonra Hariri xalqa m\u00fcraci\u0259t edib.<\/p>\n","protected":false},"author":11,"featured_media":132341,"comment_status":"closed","ping_status":"open","sticky":false,"template":"","format":"standard","meta":{"_acf_changed":false,"_sitemap_exclude":false,"_sitemap_priority":"","_sitemap_frequency":"","footnotes":""},"categories":[64],"tags":[],"class_list":["post-197700","post","type-post","status-publish","format-standard","has-post-thumbnail","hentry","category-dunya","infinite-scroll-item","generate-columns","tablet-grid-50","mobile-grid-100","grid-parent","grid-33","no-featured-image-padding"],"acf":[],"yoast_head":"<!-- This site is optimized with the Yoast SEO plugin v27.5 - https:\/\/yoast.com\/product\/yoast-seo-wordpress\/ -->\n<title>Livan\u0131n Ba\u015f naziri istefa verib - MEYDAN.TV<\/title>\n<meta name=\"robots\" content=\"index, follow, max-snippet:-1, max-image-preview:large, max-video-preview:-1\" \/>\n<link rel=\"canonical\" href=\"https:\/\/www.meydan.tv\/az\/article\/livanin-bas-naziri-istefa-verib\/\" \/>\n<meta property=\"og:locale\" content=\"az_AZ\" \/>\n<meta property=\"og:type\" content=\"article\" \/>\n<meta property=\"og:title\" content=\"Livan\u0131n Ba\u015f naziri istefa verib - MEYDAN.TV\" \/>\n<meta property=\"og:description\" content=\"\u015ei\u0259 M\u00fcs\u0259lman Hizbullah v\u0259 Amal h\u0259r\u0259katlar\u0131na sadiq bir d\u0259st\u0259 Beyrutda h\u00f6kum\u0259t \u0259leyhin\u0259 n\u00fcmayi\u015f\u00e7il\u0259r t\u0259r\u0259find\u0259n qurulmu\u015f etiraz d\u00fc\u015f\u0259rg\u0259sin\u0259 h\u00fccum etdikd\u0259n v\u0259 onu da\u011f\u0131td\u0131qdan sonra Hariri xalqa m\u00fcraci\u0259t edib.\" \/>\n<meta property=\"og:url\" content=\"https:\/\/www.meydan.tv\/az\/article\/livanin-bas-naziri-istefa-verib\/\" \/>\n<meta property=\"og:site_name\" content=\"MEYDAN.TV\" \/>\n<meta property=\"article:published_time\" content=\"2019-10-29T19:11:40+00:00\" \/>\n<meta property=\"og:image\" content=\"https:\/\/www.meydan.tv\/wp-content\/uploads\/af92272b-b206-47f4-bb0d-4d2aa6eb165f_w1597_n_r1_st.jpg\" \/>\n\t<meta property=\"og:image:width\" content=\"1597\" \/>\n\t<meta property=\"og:image:height\" content=\"898\" \/>\n\t<meta property=\"og:image:type\" content=\"image\/jpeg\" \/>\n<meta name=\"author\" content=\"user-manager\" \/>\n<meta name=\"twitter:card\" content=\"summary_large_image\" \/>\n<script type=\"application\/ld+json\" class=\"yoast-schema-graph\">{\"@context\":\"https:\\\/\\\/schema.org\",\"@graph\":[{\"@type\":\"Article\",\"@id\":\"https:\\\/\\\/www.meydan.tv\\\/az\\\/article\\\/livanin-bas-naziri-istefa-verib\\\/#article\",\"isPartOf\":{\"@id\":\"https:\\\/\\\/www.meydan.tv\\\/az\\\/article\\\/livanin-bas-naziri-istefa-verib\\\/\"},\"author\":{\"name\":\"user-manager\",\"@id\":\"https:\\\/\\\/www.meydan.tv\\\/az\\\/#\\\/schema\\\/person\\\/10d11eccf6da3662cf5fdab9806ea91a\"},\"headline\":\"Livan\u0131n Ba\u015f naziri istefa verib\",\"datePublished\":\"2019-10-29T19:11:40+00:00\",\"mainEntityOfPage\":{\"@id\":\"https:\\\/\\\/www.meydan.tv\\\/az\\\/article\\\/livanin-bas-naziri-istefa-verib\\\/\"},\"wordCount\":533,\"publisher\":{\"@id\":\"https:\\\/\\\/www.meydan.tv\\\/az\\\/#organization\"},\"image\":{\"@id\":\"https:\\\/\\\/www.meydan.tv\\\/az\\\/article\\\/livanin-bas-naziri-istefa-verib\\\/#primaryimage\"},\"thumbnailUrl\":\"https:\\\/\\\/www.meydan.tv\\\/wp-content\\\/uploads\\\/af92272b-b206-47f4-bb0d-4d2aa6eb165f_w1597_n_r1_st.jpg\",\"articleSection\":[\"D\u00fcnya\"],\"inLanguage\":\"az\"},{\"@type\":\"WebPage\",\"@id\":\"https:\\\/\\\/www.meydan.tv\\\/az\\\/article\\\/livanin-bas-naziri-istefa-verib\\\/\",\"url\":\"https:\\\/\\\/www.meydan.tv\\\/az\\\/article\\\/livanin-bas-naziri-istefa-verib\\\/\",\"name\":\"Livan\u0131n Ba\u015f naziri istefa verib - MEYDAN.TV\",\"isPartOf\":{\"@id\":\"https:\\\/\\\/www.meydan.tv\\\/az\\\/#website\"},\"primaryImageOfPage\":{\"@id\":\"https:\\\/\\\/www.meydan.tv\\\/az\\\/article\\\/livanin-bas-naziri-istefa-verib\\\/#primaryimage\"},\"image\":{\"@id\":\"https:\\\/\\\/www.meydan.tv\\\/az\\\/article\\\/livanin-bas-naziri-istefa-verib\\\/#primaryimage\"},\"thumbnailUrl\":\"https:\\\/\\\/www.meydan.tv\\\/wp-content\\\/uploads\\\/af92272b-b206-47f4-bb0d-4d2aa6eb165f_w1597_n_r1_st.jpg\",\"datePublished\":\"2019-10-29T19:11:40+00:00\",\"breadcrumb\":{\"@id\":\"https:\\\/\\\/www.meydan.tv\\\/az\\\/article\\\/livanin-bas-naziri-istefa-verib\\\/#breadcrumb\"},\"inLanguage\":\"az\",\"potentialAction\":[{\"@type\":\"ReadAction\",\"target\":[\"https:\\\/\\\/www.meydan.tv\\\/az\\\/article\\\/livanin-bas-naziri-istefa-verib\\\/\"]}]},{\"@type\":\"ImageObject\",\"inLanguage\":\"az\",\"@id\":\"https:\\\/\\\/www.meydan.tv\\\/az\\\/article\\\/livanin-bas-naziri-istefa-verib\\\/#primaryimage\",\"url\":\"https:\\\/\\\/www.meydan.tv\\\/wp-content\\\/uploads\\\/af92272b-b206-47f4-bb0d-4d2aa6eb165f_w1597_n_r1_st.jpg\",\"contentUrl\":\"https:\\\/\\\/www.meydan.tv\\\/wp-content\\\/uploads\\\/af92272b-b206-47f4-bb0d-4d2aa6eb165f_w1597_n_r1_st.jpg\",\"width\":1597,\"height\":898,\"caption\":\"Source: Foto: Amerikan\u0131n s\u0259si\"},{\"@type\":\"BreadcrumbList\",\"@id\":\"https:\\\/\\\/www.meydan.tv\\\/az\\\/article\\\/livanin-bas-naziri-istefa-verib\\\/#breadcrumb\",\"itemListElement\":[{\"@type\":\"ListItem\",\"position\":1,\"name\":\"Ana s\u0259hif\u0259\",\"item\":\"https:\\\/\\\/www.meydan.tv\\\/az\\\/\"},{\"@type\":\"ListItem\",\"position\":2,\"name\":\"D\u00fcnya\",\"item\":\"https:\\\/\\\/www.meydan.tv\\\/az\\\/section\\\/dunya\\\/\"},{\"@type\":\"ListItem\",\"position\":3,\"name\":\"Livan\u0131n Ba\u015f naziri istefa verib\"}]},{\"@type\":\"WebSite\",\"@id\":\"https:\\\/\\\/www.meydan.tv\\\/az\\\/#website\",\"url\":\"https:\\\/\\\/www.meydan.tv\\\/az\\\/\",\"name\":\"MEYDAN.TV\",\"description\":\"Meydan TV Az\u0259rbaycan\u0131n media m\u0259kan\u0131ndak\u0131 alternativ s\u0259sidir\",\"publisher\":{\"@id\":\"https:\\\/\\\/www.meydan.tv\\\/az\\\/#organization\"},\"potentialAction\":[{\"@type\":\"SearchAction\",\"target\":{\"@type\":\"EntryPoint\",\"urlTemplate\":\"https:\\\/\\\/www.meydan.tv\\\/az\\\/?s={search_term_string}\"},\"query-input\":{\"@type\":\"PropertyValueSpecification\",\"valueRequired\":true,\"valueName\":\"search_term_string\"}}],\"inLanguage\":\"az\"},{\"@type\":\"Organization\",\"@id\":\"https:\\\/\\\/www.meydan.tv\\\/az\\\/#organization\",\"name\":\"Meydan TV\",\"url\":\"https:\\\/\\\/www.meydan.tv\\\/az\\\/\",\"logo\":{\"@type\":\"ImageObject\",\"inLanguage\":\"az\",\"@id\":\"https:\\\/\\\/www.meydan.tv\\\/az\\\/#\\\/schema\\\/logo\\\/image\\\/\",\"url\":\"https:\\\/\\\/www.meydan.tv\\\/wp-content\\\/uploads\\\/2021\\\/07\\\/meydan-logo.svg\",\"contentUrl\":\"https:\\\/\\\/www.meydan.tv\\\/wp-content\\\/uploads\\\/2021\\\/07\\\/meydan-logo.svg\",\"width\":195,\"height\":46,\"caption\":\"Meydan TV\"},\"image\":{\"@id\":\"https:\\\/\\\/www.meydan.tv\\\/az\\\/#\\\/schema\\\/logo\\\/image\\\/\"}},{\"@type\":\"Person\",\"@id\":\"https:\\\/\\\/www.meydan.tv\\\/az\\\/#\\\/schema\\\/person\\\/10d11eccf6da3662cf5fdab9806ea91a\",\"name\":\"user-manager\"}]}<\/script>\n<!-- \/ Yoast SEO plugin. -->","yoast_head_json":{"title":"Livan\u0131n Ba\u015f naziri istefa verib - MEYDAN.TV","robots":{"index":"index","follow":"follow","max-snippet":"max-snippet:-1","max-image-preview":"max-image-preview:large","max-video-preview":"max-video-preview:-1"},"canonical":"https:\/\/www.meydan.tv\/az\/article\/livanin-bas-naziri-istefa-verib\/","og_locale":"az_AZ","og_type":"article","og_title":"Livan\u0131n Ba\u015f naziri istefa verib - MEYDAN.TV","og_description":"\u015ei\u0259 M\u00fcs\u0259lman Hizbullah v\u0259 Amal h\u0259r\u0259katlar\u0131na sadiq bir d\u0259st\u0259 Beyrutda h\u00f6kum\u0259t \u0259leyhin\u0259 n\u00fcmayi\u015f\u00e7il\u0259r t\u0259r\u0259find\u0259n qurulmu\u015f etiraz d\u00fc\u015f\u0259rg\u0259sin\u0259 h\u00fccum etdikd\u0259n v\u0259 onu da\u011f\u0131td\u0131qdan sonra Hariri xalqa m\u00fcraci\u0259t edib.","og_url":"https:\/\/www.meydan.tv\/az\/article\/livanin-bas-naziri-istefa-verib\/","og_site_name":"MEYDAN.TV","article_published_time":"2019-10-29T19:11:40+00:00","og_image":[{"width":1597,"height":898,"url":"https:\/\/www.meydan.tv\/wp-content\/uploads\/af92272b-b206-47f4-bb0d-4d2aa6eb165f_w1597_n_r1_st.jpg","type":"image\/jpeg"}],"author":"user-manager","twitter_card":"summary_large_image","schema":{"@context":"https:\/\/schema.org","@graph":[{"@type":"Article","@id":"https:\/\/www.meydan.tv\/az\/article\/livanin-bas-naziri-istefa-verib\/#article","isPartOf":{"@id":"https:\/\/www.meydan.tv\/az\/article\/livanin-bas-naziri-istefa-verib\/"},"author":{"name":"user-manager","@id":"https:\/\/www.meydan.tv\/az\/#\/schema\/person\/10d11eccf6da3662cf5fdab9806ea91a"},"headline":"Livan\u0131n Ba\u015f naziri istefa verib","datePublished":"2019-10-29T19:11:40+00:00","mainEntityOfPage":{"@id":"https:\/\/www.meydan.tv\/az\/article\/livanin-bas-naziri-istefa-verib\/"},"wordCount":533,"publisher":{"@id":"https:\/\/www.meydan.tv\/az\/#organization"},"image":{"@id":"https:\/\/www.meydan.tv\/az\/article\/livanin-bas-naziri-istefa-verib\/#primaryimage"},"thumbnailUrl":"https:\/\/www.meydan.tv\/wp-content\/uploads\/af92272b-b206-47f4-bb0d-4d2aa6eb165f_w1597_n_r1_st.jpg","articleSection":["D\u00fcnya"],"inLanguage":"az"},{"@type":"WebPage","@id":"https:\/\/www.meydan.tv\/az\/article\/livanin-bas-naziri-istefa-verib\/","url":"https:\/\/www.meydan.tv\/az\/article\/livanin-bas-naziri-istefa-verib\/","name":"Livan\u0131n Ba\u015f naziri istefa verib - MEYDAN.TV","isPartOf":{"@id":"https:\/\/www.meydan.tv\/az\/#website"},"primaryImageOfPage":{"@id":"https:\/\/www.meydan.tv\/az\/article\/livanin-bas-naziri-istefa-verib\/#primaryimage"},"image":{"@id":"https:\/\/www.meydan.tv\/az\/article\/livanin-bas-naziri-istefa-verib\/#primaryimage"},"thumbnailUrl":"https:\/\/www.meydan.tv\/wp-content\/uploads\/af92272b-b206-47f4-bb0d-4d2aa6eb165f_w1597_n_r1_st.jpg","datePublished":"2019-10-29T19:11:40+00:00","breadcrumb":{"@id":"https:\/\/www.meydan.tv\/az\/article\/livanin-bas-naziri-istefa-verib\/#breadcrumb"},"inLanguage":"az","potentialAction":[{"@type":"ReadAction","target":["https:\/\/www.meydan.tv\/az\/article\/livanin-bas-naziri-istefa-verib\/"]}]},{"@type":"ImageObject","inLanguage":"az","@id":"https:\/\/www.meydan.tv\/az\/article\/livanin-bas-naziri-istefa-verib\/#primaryimage","url":"https:\/\/www.meydan.tv\/wp-content\/uploads\/af92272b-b206-47f4-bb0d-4d2aa6eb165f_w1597_n_r1_st.jpg","contentUrl":"https:\/\/www.meydan.tv\/wp-content\/uploads\/af92272b-b206-47f4-bb0d-4d2aa6eb165f_w1597_n_r1_st.jpg","width":1597,"height":898,"caption":"Source: Foto: Amerikan\u0131n s\u0259si"},{"@type":"BreadcrumbList","@id":"https:\/\/www.meydan.tv\/az\/article\/livanin-bas-naziri-istefa-verib\/#breadcrumb","itemListElement":[{"@type":"ListItem","position":1,"name":"Ana s\u0259hif\u0259","item":"https:\/\/www.meydan.tv\/az\/"},{"@type":"ListItem","position":2,"name":"D\u00fcnya","item":"https:\/\/www.meydan.tv\/az\/section\/dunya\/"},{"@type":"ListItem","position":3,"name":"Livan\u0131n Ba\u015f naziri istefa verib"}]},{"@type":"WebSite","@id":"https:\/\/www.meydan.tv\/az\/#website","url":"https:\/\/www.meydan.tv\/az\/","name":"MEYDAN.TV","description":"Meydan TV Az\u0259rbaycan\u0131n media m\u0259kan\u0131ndak\u0131 alternativ s\u0259sidir","publisher":{"@id":"https:\/\/www.meydan.tv\/az\/#organization"},"potentialAction":[{"@type":"SearchAction","target":{"@type":"EntryPoint","urlTemplate":"https:\/\/www.meydan.tv\/az\/?s={search_term_string}"},"query-input":{"@type":"PropertyValueSpecification","valueRequired":true,"valueName":"search_term_string"}}],"inLanguage":"az"},{"@type":"Organization","@id":"https:\/\/www.meydan.tv\/az\/#organization","name":"Meydan TV","url":"https:\/\/www.meydan.tv\/az\/","logo":{"@type":"ImageObject","inLanguage":"az","@id":"https:\/\/www.meydan.tv\/az\/#\/schema\/logo\/image\/","url":"https:\/\/www.meydan.tv\/wp-content\/uploads\/2021\/07\/meydan-logo.svg","contentUrl":"https:\/\/www.meydan.tv\/wp-content\/uploads\/2021\/07\/meydan-logo.svg","width":195,"height":46,"caption":"Meydan TV"},"image":{"@id":"https:\/\/www.meydan.tv\/az\/#\/schema\/logo\/image\/"}},{"@type":"Person","@id":"https:\/\/www.meydan.tv\/az\/#\/schema\/person\/10d11eccf6da3662cf5fdab9806ea91a","name":"user-manager"}]}},"_links":{"self":[{"href":"https:\/\/www.meydan.tv\/az\/wp-json\/wp\/v2\/posts\/197700","targetHints":{"allow":["GET"]}}],"collection":[{"href":"https:\/\/www.meydan.tv\/az\/wp-json\/wp\/v2\/posts"}],"about":[{"href":"https:\/\/www.meydan.tv\/az\/wp-json\/wp\/v2\/types\/post"}],"author":[{"embeddable":true,"href":"https:\/\/www.meydan.tv\/az\/wp-json\/wp\/v2\/users\/11"}],"replies":[{"embeddable":true,"href":"https:\/\/www.meydan.tv\/az\/wp-json\/wp\/v2\/comments?post=197700"}],"version-history":[{"count":0,"href":"https:\/\/www.meydan.tv\/az\/wp-json\/wp\/v2\/posts\/197700\/revisions"}],"wp:featuredmedia":[{"embeddable":true,"href":"https:\/\/www.meydan.tv\/az\/wp-json\/wp\/v2\/media\/132341"}],"wp:attachment":[{"href":"https:\/\/www.meydan.tv\/az\/wp-json\/wp\/v2\/media?parent=197700"}],"wp:term":[{"taxonomy":"category","embeddable":true,"href":"https:\/\/www.meydan.tv\/az\/wp-json\/wp\/v2\/categories?post=197700"},{"taxonomy":"post_tag","embeddable":true,"href":"https:\/\/www.meydan.tv\/az\/wp-json\/wp\/v2\/tags?post=197700"}],"curies":[{"name":"wp","href":"https:\/\/api.w.org\/{rel}","templated":true}]}}