{"id":197698,"date":"2019-10-29T18:53:27","date_gmt":"2019-10-29T18:53:27","guid":{"rendered":"https:\/\/www.meydan.tv\/article\/ankara-kurd-ypg-quvveleri-suriyanin-simal-serqinden-cekilmeyib-savas-baslaya-biler\/"},"modified":"2019-10-29T18:53:27","modified_gmt":"2019-10-29T18:53:27","slug":"ankara-kurd-ypg-quvveleri-suriyanin-simal-serqinden-cekilmeyib-savas-baslaya-biler","status":"publish","type":"post","link":"https:\/\/www.meydan.tv\/az\/article\/ankara-kurd-ypg-quvveleri-suriyanin-simal-serqinden-cekilmeyib-savas-baslaya-biler\/","title":{"rendered":"Ankara: K\u00fcrd YPG q\u00fcvv\u0259l\u0259ri Suriyan\u0131n \u015fimal \u015f\u0259rqind\u0259n \u00e7\u0259kilm\u0259yib, sava\u015f ba\u015flaya bil\u0259r"},"content":{"rendered":"<p>\n  <i><br \/>\n    Silahl\u0131lar bu g\u00fcn ax\u015fama q\u0259d\u0259r \u0259razid\u0259n \u00e7\u0131xar\u0131lmal\u0131 idi<br \/>\n  <\/i>\n<\/p>\n<p>\n  \u201cK\u00fcrd YPG q\u00fcvv\u0259l\u0259ri Suriyan\u0131n \u015fimal-\u015f\u0259rqind\u0259ki bir zolaqdan h\u0259l\u0259 d\u0259 tam \u00e7\u0131xmay\u0131blar\u201d, &#8211; T\u00fcrkiy\u0259nin m\u00fcdafi\u0259 naziri \u00e7\u0259r\u015f\u0259nb\u0259 ax\u015fam\u0131 bildirib. \u201cReuters\u201d x\u0259b\u0259r verir ki, Ankra k\u00fcrd silahl\u0131 q\u00fcvv\u0259l\u0259rinin \u0259razini d\u0259rhal t\u0259rk etm\u0259sini t\u0259l\u0259b edir.\n<\/p>\n<p>\n  T\u00fcrkiy\u0259 v\u0259 Rusiya prezidentl\u0259ri aras\u0131nda bir h\u0259ft\u0259 \u0259vv\u0259l \u0259ld\u0259 edilmi\u015f raz\u0131l\u0131\u011fa \u0259sas\u0259n, oktyabr\u0131n 29-u, ax\u015fam saat 18.00-d\u0259k Suriya s\u0259rh\u0259d\u00e7il\u0259ri v\u0259 Rusiya h\u0259rbi polisi \u0259razid\u0259ki YPG q\u00fcvv\u0259l\u0259rini, silahlar\u0131n\u0131 T\u00fcrkiy\u0259-Suriya s\u0259rh\u0259ddinin c\u0259nubundan 30 km m\u0259saf\u0259y\u0259 q\u0259d\u0259r \u00e7\u0131xarmal\u0131 idil\u0259r.\n<\/p>\n<p>\n  Bu m\u00fcdd\u0259t ba\u015fa \u00e7atd\u0131qdan sonra Rusiya v\u0259 T\u00fcrkiy\u0259 q\u00fcvv\u0259l\u0259ri s\u0259rh\u0259din Suriya t\u0259r\u0259find\u0259ki 10 km-lik zola\u011f\u0131 patrul etm\u0259y\u0259 ba\u015flayacaqlar.\n<\/p>\n<p>\n  Rusiyan\u0131n Qara d\u0259niz \u015f\u0259h\u0259ri So\u00e7id\u0259 ba\u011flanan m\u00fcqavil\u0259 Ankaran\u0131n Suriyan\u0131n \u015fimal \u015f\u0259rqind\u0259 ba\u015flatd\u0131\u011f\u0131 h\u00fccumu dayand\u0131ran AB\u015e-d\u0259st\u0259kli at\u0259\u015fk\u0259s rejimini g\u00fccl\u0259ndirib. Ankara T\u00fcrkiy\u0259nin c\u0259nub-\u015f\u0259rqind\u0259 f\u0259aliyy\u0259t g\u00f6st\u0259r\u0259n v\u0259 terror\u00e7u t\u0259\u015fkilat adland\u0131rd\u0131\u011f\u0131 PKK k\u00fcrd yaraql\u0131lara yax\u0131n hesab etdiyi \u00fc\u00e7\u00fcn YPG silahl\u0131lar\u0131n\u0131 da \u0259razi b\u00fct\u00f6vl\u00fcy\u00fcn\u0259 t\u0259hl\u00fck\u0259 hesab edir.\n<\/p>\n<p>\n  \u201cG\u00f6r\u00fcn\u00fcr ki, YPG terror t\u0259\u015fkilat\u0131 h\u0259l\u0259 d\u0259 S\u00fclh Bahar\u0131 \u018fm\u0259liyyat\u0131 \u0259razisind\u0259dir,\u201d &#8211; T\u00fcrkiy\u0259nin m\u00fcdafi\u0259 naziri Hulusi Akar &quot;Sabah&quot; q\u0259zetin\u0259 m\u00fcsahib\u0259sind\u0259 deyib:\n<\/p>\n<p>\n  \u201cTerrorizm\u0259 qar\u015f\u0131 m\u00fcbariz\u0259 bitm\u0259yib. Biz bunun bitm\u0259y\u0259c\u0259yini bilirik\u201d.\n<\/p>\n<p>\n  S\u0259rh\u0259d b\u00f6lg\u0259sind\u0259 Rusiya q\u00fcvv\u0259l\u0259ri il\u0259 planla\u015fd\u0131r\u0131lan ortaq patrullar haqq\u0131nda suala cavab ver\u0259n Akar deyib: \u201cH\u0259r\u0259k\u0259t qaydalar\u0131, hans\u0131 n\u0259qliyyat vasit\u0259l\u0259rind\u0259n istifad\u0259 edil\u0259c\u0259yi il\u0259 ba\u011fl\u0131 suallar, s\u0259lahiyy\u0259tl\u0259r v\u0259 g\u00f6st\u0259ri\u015fl\u0259r t\u0259yin olunmal\u0131d\u0131r\u201d.\n<\/p>\n<p>\n  Rusiya n\u00fcmay\u0259nd\u0259 hey\u0259ti haz\u0131rda T\u00fcrkiy\u0259d\u0259dir. Onlar Suriyan\u0131n \u015fimal-\u015f\u0259rqind\u0259 s\u0259rh\u0259d patrullar\u0131 v\u0259 geni\u015f t\u0259hl\u00fck\u0259sizlik v\u0259ziyy\u0259ti il\u0259 ba\u011fl\u0131 dan\u0131\u015f\u0131qlar apar\u0131r.\n<\/p>\n<p>\n  Akar s\u0259rh\u0259dyan\u0131 Manbij \u015f\u0259h\u0259rind\u0259 t\u0259xmin\u0259n 1000-\u0259 yax\u0131n YPG d\u00f6y\u00fc\u015f\u00e7\u00fcs\u00fcn\u00fcn v\u0259 yax\u0131nl\u0131qdak\u0131 Tel Rifat \u015f\u0259h\u0259rind\u0259 daha 1000 n\u0259f\u0259rin oldu\u011funu deyib. \u0130ki \u015f\u0259h\u0259r T\u00fcrkiy\u0259nin \u201ct\u0259hl\u00fck\u0259siz b\u00f6lg\u0259y\u0259\u201d \u00e7evrilm\u0259k ist\u0259diyi \u0259razi zola\u011f\u0131n\u0131n q\u0259rb t\u0259r\u0259find\u0259 yerl\u0259\u015fir. \u201cSuriya v\u0259 Rusiya q\u00fcvv\u0259l\u0259ri d\u0259 bu \u015f\u0259h\u0259rl\u0259ri YPG q\u00fcvv\u0259l\u0259rind\u0259n t\u0259mizl\u0259m\u0259li idi\u201d, &#8211; nazir bildirib.\n<\/p>\n<p>\n  Prezident R\u0259c\u0259b Tayyib \u018frdo\u011fan bildirib ki, Rusiya So\u00e7i raz\u0131l\u0131\u011f\u0131 il\u0259 \u00f6hd\u0259likl\u0259rini yerin\u0259 yetirm\u0259zs\u0259, T\u00fcrkiy\u0259 Suriyan\u0131n \u015fimal-\u015f\u0259rqind\u0259ki YPG q\u00fcvv\u0259l\u0259rini t\u0259mizl\u0259m\u0259k \u00fc\u00e7\u00fcn t\u0259kba\u015f\u0131na h\u0259r\u0259k\u0259t ed\u0259c\u0259k.\n<\/p>\n<p>\n  Prezident Donald Tramp 1000 AB\u015e h\u0259rb\u00e7isini \u0259razid\u0259n geri \u00e7\u0259kdiyini s\u00f6yl\u0259dikd\u0259n sonra T\u00fcrkiy\u0259 Suriyan\u0131n \u015fimal-\u015f\u0259rqin\u0259 h\u00fccuma ke\u00e7ib. T\u00fcrkiy\u0259nin NATO m\u00fctt\u0259fiql\u0259ri, o c\u00fcml\u0259d\u0259n AB\u015e \u0130slam D\u00f6vl\u0259ti il\u0259 m\u00fcbariz\u0259ni pozaca\u011f\u0131ndan qorxaraq Ankaran\u0131n h\u0259r\u0259k\u0259tl\u0259rini t\u0259nqid edib.\n<\/p>\n<p>\n  YPG AB\u015e-\u0131n \u0130slam D\u00f6vl\u0259ti militanlar\u0131na qar\u015f\u0131 m\u00fctt\u0259fiqi olan Suriya Demokratik Q\u00fcvv\u0259l\u0259rind\u0259ki \u0259sas komponentdir.<\/p>\n","protected":false},"excerpt":{"rendered":"<p>\u201cG\u00f6r\u00fcn\u00fcr ki, YPG terror t\u0259\u015fkilat\u0131 h\u0259l\u0259 d\u0259 S\u00fclh Bahar\u0131 \u018fm\u0259liyyat\u0131 \u0259razisind\u0259dir,\u201d &#8211; T\u00fcrkiy\u0259nin m\u00fcdafi\u0259 naziri Hulusi Akar &#8220;Sabah&#8221; q\u0259zetin\u0259 m\u00fcsahib\u0259sind\u0259 deyib:<\/p>\n","protected":false},"author":11,"featured_media":132326,"comment_status":"closed","ping_status":"open","sticky":false,"template":"","format":"standard","meta":{"_acf_changed":false,"_sitemap_exclude":false,"_sitemap_priority":"","_sitemap_frequency":"","footnotes":""},"categories":[64],"tags":[],"class_list":["post-197698","post","type-post","status-publish","format-standard","has-post-thumbnail","hentry","category-dunya","infinite-scroll-item","generate-columns","tablet-grid-50","mobile-grid-100","grid-parent","grid-33","no-featured-image-padding"],"acf":[],"yoast_head":"<!-- This site is optimized with the Yoast SEO plugin v27.5 - https:\/\/yoast.com\/product\/yoast-seo-wordpress\/ -->\n<title>Ankara: K\u00fcrd YPG q\u00fcvv\u0259l\u0259ri Suriyan\u0131n \u015fimal \u015f\u0259rqind\u0259n \u00e7\u0259kilm\u0259yib, sava\u015f ba\u015flaya bil\u0259r - MEYDAN.TV<\/title>\n<meta name=\"robots\" content=\"index, follow, max-snippet:-1, max-image-preview:large, max-video-preview:-1\" \/>\n<link rel=\"canonical\" href=\"https:\/\/www.meydan.tv\/az\/article\/ankara-kurd-ypg-quvveleri-suriyanin-simal-serqinden-cekilmeyib-savas-baslaya-biler\/\" \/>\n<meta property=\"og:locale\" content=\"az_AZ\" \/>\n<meta property=\"og:type\" content=\"article\" \/>\n<meta property=\"og:title\" content=\"Ankara: K\u00fcrd YPG q\u00fcvv\u0259l\u0259ri Suriyan\u0131n \u015fimal \u015f\u0259rqind\u0259n \u00e7\u0259kilm\u0259yib, sava\u015f ba\u015flaya bil\u0259r - MEYDAN.TV\" \/>\n<meta property=\"og:description\" content=\"\u201cG\u00f6r\u00fcn\u00fcr ki, YPG terror t\u0259\u015fkilat\u0131 h\u0259l\u0259 d\u0259 S\u00fclh Bahar\u0131 \u018fm\u0259liyyat\u0131 \u0259razisind\u0259dir,\u201d - T\u00fcrkiy\u0259nin m\u00fcdafi\u0259 naziri Hulusi Akar &quot;Sabah&quot; q\u0259zetin\u0259 m\u00fcsahib\u0259sind\u0259 deyib:\" \/>\n<meta property=\"og:url\" content=\"https:\/\/www.meydan.tv\/az\/article\/ankara-kurd-ypg-quvveleri-suriyanin-simal-serqinden-cekilmeyib-savas-baslaya-biler\/\" \/>\n<meta property=\"og:site_name\" content=\"MEYDAN.TV\" \/>\n<meta property=\"article:published_time\" content=\"2019-10-29T18:53:27+00:00\" \/>\n<meta property=\"og:image\" content=\"https:\/\/www.meydan.tv\/wp-content\/uploads\/turkiy_respublikasi_1_bayraq_0.jpg\" \/>\n\t<meta property=\"og:image:width\" content=\"1200\" \/>\n\t<meta property=\"og:image:height\" content=\"676\" \/>\n\t<meta property=\"og:image:type\" content=\"image\/jpeg\" \/>\n<meta name=\"author\" content=\"user-manager\" \/>\n<meta name=\"twitter:card\" content=\"summary_large_image\" \/>\n<script type=\"application\/ld+json\" class=\"yoast-schema-graph\">{\"@context\":\"https:\\\/\\\/schema.org\",\"@graph\":[{\"@type\":\"Article\",\"@id\":\"https:\\\/\\\/www.meydan.tv\\\/az\\\/article\\\/ankara-kurd-ypg-quvveleri-suriyanin-simal-serqinden-cekilmeyib-savas-baslaya-biler\\\/#article\",\"isPartOf\":{\"@id\":\"https:\\\/\\\/www.meydan.tv\\\/az\\\/article\\\/ankara-kurd-ypg-quvveleri-suriyanin-simal-serqinden-cekilmeyib-savas-baslaya-biler\\\/\"},\"author\":{\"name\":\"user-manager\",\"@id\":\"https:\\\/\\\/www.meydan.tv\\\/az\\\/#\\\/schema\\\/person\\\/10d11eccf6da3662cf5fdab9806ea91a\"},\"headline\":\"Ankara: K\u00fcrd YPG q\u00fcvv\u0259l\u0259ri Suriyan\u0131n \u015fimal \u015f\u0259rqind\u0259n \u00e7\u0259kilm\u0259yib, sava\u015f ba\u015flaya bil\u0259r\",\"datePublished\":\"2019-10-29T18:53:27+00:00\",\"mainEntityOfPage\":{\"@id\":\"https:\\\/\\\/www.meydan.tv\\\/az\\\/article\\\/ankara-kurd-ypg-quvveleri-suriyanin-simal-serqinden-cekilmeyib-savas-baslaya-biler\\\/\"},\"wordCount\":642,\"publisher\":{\"@id\":\"https:\\\/\\\/www.meydan.tv\\\/az\\\/#organization\"},\"image\":{\"@id\":\"https:\\\/\\\/www.meydan.tv\\\/az\\\/article\\\/ankara-kurd-ypg-quvveleri-suriyanin-simal-serqinden-cekilmeyib-savas-baslaya-biler\\\/#primaryimage\"},\"thumbnailUrl\":\"https:\\\/\\\/www.meydan.tv\\\/wp-content\\\/uploads\\\/turkiy_respublikasi_1_bayraq_0.jpg\",\"articleSection\":[\"D\u00fcnya\"],\"inLanguage\":\"az\"},{\"@type\":\"WebPage\",\"@id\":\"https:\\\/\\\/www.meydan.tv\\\/az\\\/article\\\/ankara-kurd-ypg-quvveleri-suriyanin-simal-serqinden-cekilmeyib-savas-baslaya-biler\\\/\",\"url\":\"https:\\\/\\\/www.meydan.tv\\\/az\\\/article\\\/ankara-kurd-ypg-quvveleri-suriyanin-simal-serqinden-cekilmeyib-savas-baslaya-biler\\\/\",\"name\":\"Ankara: K\u00fcrd YPG q\u00fcvv\u0259l\u0259ri Suriyan\u0131n \u015fimal \u015f\u0259rqind\u0259n \u00e7\u0259kilm\u0259yib, sava\u015f ba\u015flaya bil\u0259r - MEYDAN.TV\",\"isPartOf\":{\"@id\":\"https:\\\/\\\/www.meydan.tv\\\/az\\\/#website\"},\"primaryImageOfPage\":{\"@id\":\"https:\\\/\\\/www.meydan.tv\\\/az\\\/article\\\/ankara-kurd-ypg-quvveleri-suriyanin-simal-serqinden-cekilmeyib-savas-baslaya-biler\\\/#primaryimage\"},\"image\":{\"@id\":\"https:\\\/\\\/www.meydan.tv\\\/az\\\/article\\\/ankara-kurd-ypg-quvveleri-suriyanin-simal-serqinden-cekilmeyib-savas-baslaya-biler\\\/#primaryimage\"},\"thumbnailUrl\":\"https:\\\/\\\/www.meydan.tv\\\/wp-content\\\/uploads\\\/turkiy_respublikasi_1_bayraq_0.jpg\",\"datePublished\":\"2019-10-29T18:53:27+00:00\",\"breadcrumb\":{\"@id\":\"https:\\\/\\\/www.meydan.tv\\\/az\\\/article\\\/ankara-kurd-ypg-quvveleri-suriyanin-simal-serqinden-cekilmeyib-savas-baslaya-biler\\\/#breadcrumb\"},\"inLanguage\":\"az\",\"potentialAction\":[{\"@type\":\"ReadAction\",\"target\":[\"https:\\\/\\\/www.meydan.tv\\\/az\\\/article\\\/ankara-kurd-ypg-quvveleri-suriyanin-simal-serqinden-cekilmeyib-savas-baslaya-biler\\\/\"]}]},{\"@type\":\"ImageObject\",\"inLanguage\":\"az\",\"@id\":\"https:\\\/\\\/www.meydan.tv\\\/az\\\/article\\\/ankara-kurd-ypg-quvveleri-suriyanin-simal-serqinden-cekilmeyib-savas-baslaya-biler\\\/#primaryimage\",\"url\":\"https:\\\/\\\/www.meydan.tv\\\/wp-content\\\/uploads\\\/turkiy_respublikasi_1_bayraq_0.jpg\",\"contentUrl\":\"https:\\\/\\\/www.meydan.tv\\\/wp-content\\\/uploads\\\/turkiy_respublikasi_1_bayraq_0.jpg\",\"width\":1200,\"height\":676,\"caption\":\"Source: Foto: arxiv\"},{\"@type\":\"BreadcrumbList\",\"@id\":\"https:\\\/\\\/www.meydan.tv\\\/az\\\/article\\\/ankara-kurd-ypg-quvveleri-suriyanin-simal-serqinden-cekilmeyib-savas-baslaya-biler\\\/#breadcrumb\",\"itemListElement\":[{\"@type\":\"ListItem\",\"position\":1,\"name\":\"Ana s\u0259hif\u0259\",\"item\":\"https:\\\/\\\/www.meydan.tv\\\/az\\\/\"},{\"@type\":\"ListItem\",\"position\":2,\"name\":\"D\u00fcnya\",\"item\":\"https:\\\/\\\/www.meydan.tv\\\/az\\\/section\\\/dunya\\\/\"},{\"@type\":\"ListItem\",\"position\":3,\"name\":\"Ankara: K\u00fcrd YPG q\u00fcvv\u0259l\u0259ri Suriyan\u0131n \u015fimal \u015f\u0259rqind\u0259n \u00e7\u0259kilm\u0259yib, sava\u015f ba\u015flaya bil\u0259r\"}]},{\"@type\":\"WebSite\",\"@id\":\"https:\\\/\\\/www.meydan.tv\\\/az\\\/#website\",\"url\":\"https:\\\/\\\/www.meydan.tv\\\/az\\\/\",\"name\":\"MEYDAN.TV\",\"description\":\"Meydan TV Az\u0259rbaycan\u0131n media m\u0259kan\u0131ndak\u0131 alternativ s\u0259sidir\",\"publisher\":{\"@id\":\"https:\\\/\\\/www.meydan.tv\\\/az\\\/#organization\"},\"potentialAction\":[{\"@type\":\"SearchAction\",\"target\":{\"@type\":\"EntryPoint\",\"urlTemplate\":\"https:\\\/\\\/www.meydan.tv\\\/az\\\/?s={search_term_string}\"},\"query-input\":{\"@type\":\"PropertyValueSpecification\",\"valueRequired\":true,\"valueName\":\"search_term_string\"}}],\"inLanguage\":\"az\"},{\"@type\":\"Organization\",\"@id\":\"https:\\\/\\\/www.meydan.tv\\\/az\\\/#organization\",\"name\":\"Meydan TV\",\"url\":\"https:\\\/\\\/www.meydan.tv\\\/az\\\/\",\"logo\":{\"@type\":\"ImageObject\",\"inLanguage\":\"az\",\"@id\":\"https:\\\/\\\/www.meydan.tv\\\/az\\\/#\\\/schema\\\/logo\\\/image\\\/\",\"url\":\"https:\\\/\\\/www.meydan.tv\\\/wp-content\\\/uploads\\\/2021\\\/07\\\/meydan-logo.svg\",\"contentUrl\":\"https:\\\/\\\/www.meydan.tv\\\/wp-content\\\/uploads\\\/2021\\\/07\\\/meydan-logo.svg\",\"width\":195,\"height\":46,\"caption\":\"Meydan TV\"},\"image\":{\"@id\":\"https:\\\/\\\/www.meydan.tv\\\/az\\\/#\\\/schema\\\/logo\\\/image\\\/\"}},{\"@type\":\"Person\",\"@id\":\"https:\\\/\\\/www.meydan.tv\\\/az\\\/#\\\/schema\\\/person\\\/10d11eccf6da3662cf5fdab9806ea91a\",\"name\":\"user-manager\"}]}<\/script>\n<!-- \/ Yoast SEO plugin. -->","yoast_head_json":{"title":"Ankara: K\u00fcrd YPG q\u00fcvv\u0259l\u0259ri Suriyan\u0131n \u015fimal \u015f\u0259rqind\u0259n \u00e7\u0259kilm\u0259yib, sava\u015f ba\u015flaya bil\u0259r - MEYDAN.TV","robots":{"index":"index","follow":"follow","max-snippet":"max-snippet:-1","max-image-preview":"max-image-preview:large","max-video-preview":"max-video-preview:-1"},"canonical":"https:\/\/www.meydan.tv\/az\/article\/ankara-kurd-ypg-quvveleri-suriyanin-simal-serqinden-cekilmeyib-savas-baslaya-biler\/","og_locale":"az_AZ","og_type":"article","og_title":"Ankara: K\u00fcrd YPG q\u00fcvv\u0259l\u0259ri Suriyan\u0131n \u015fimal \u015f\u0259rqind\u0259n \u00e7\u0259kilm\u0259yib, sava\u015f ba\u015flaya bil\u0259r - MEYDAN.TV","og_description":"\u201cG\u00f6r\u00fcn\u00fcr ki, YPG terror t\u0259\u015fkilat\u0131 h\u0259l\u0259 d\u0259 S\u00fclh Bahar\u0131 \u018fm\u0259liyyat\u0131 \u0259razisind\u0259dir,\u201d - T\u00fcrkiy\u0259nin m\u00fcdafi\u0259 naziri Hulusi Akar \"Sabah\" q\u0259zetin\u0259 m\u00fcsahib\u0259sind\u0259 deyib:","og_url":"https:\/\/www.meydan.tv\/az\/article\/ankara-kurd-ypg-quvveleri-suriyanin-simal-serqinden-cekilmeyib-savas-baslaya-biler\/","og_site_name":"MEYDAN.TV","article_published_time":"2019-10-29T18:53:27+00:00","og_image":[{"width":1200,"height":676,"url":"https:\/\/www.meydan.tv\/wp-content\/uploads\/turkiy_respublikasi_1_bayraq_0.jpg","type":"image\/jpeg"}],"author":"user-manager","twitter_card":"summary_large_image","schema":{"@context":"https:\/\/schema.org","@graph":[{"@type":"Article","@id":"https:\/\/www.meydan.tv\/az\/article\/ankara-kurd-ypg-quvveleri-suriyanin-simal-serqinden-cekilmeyib-savas-baslaya-biler\/#article","isPartOf":{"@id":"https:\/\/www.meydan.tv\/az\/article\/ankara-kurd-ypg-quvveleri-suriyanin-simal-serqinden-cekilmeyib-savas-baslaya-biler\/"},"author":{"name":"user-manager","@id":"https:\/\/www.meydan.tv\/az\/#\/schema\/person\/10d11eccf6da3662cf5fdab9806ea91a"},"headline":"Ankara: K\u00fcrd YPG q\u00fcvv\u0259l\u0259ri Suriyan\u0131n \u015fimal \u015f\u0259rqind\u0259n \u00e7\u0259kilm\u0259yib, sava\u015f ba\u015flaya bil\u0259r","datePublished":"2019-10-29T18:53:27+00:00","mainEntityOfPage":{"@id":"https:\/\/www.meydan.tv\/az\/article\/ankara-kurd-ypg-quvveleri-suriyanin-simal-serqinden-cekilmeyib-savas-baslaya-biler\/"},"wordCount":642,"publisher":{"@id":"https:\/\/www.meydan.tv\/az\/#organization"},"image":{"@id":"https:\/\/www.meydan.tv\/az\/article\/ankara-kurd-ypg-quvveleri-suriyanin-simal-serqinden-cekilmeyib-savas-baslaya-biler\/#primaryimage"},"thumbnailUrl":"https:\/\/www.meydan.tv\/wp-content\/uploads\/turkiy_respublikasi_1_bayraq_0.jpg","articleSection":["D\u00fcnya"],"inLanguage":"az"},{"@type":"WebPage","@id":"https:\/\/www.meydan.tv\/az\/article\/ankara-kurd-ypg-quvveleri-suriyanin-simal-serqinden-cekilmeyib-savas-baslaya-biler\/","url":"https:\/\/www.meydan.tv\/az\/article\/ankara-kurd-ypg-quvveleri-suriyanin-simal-serqinden-cekilmeyib-savas-baslaya-biler\/","name":"Ankara: K\u00fcrd YPG q\u00fcvv\u0259l\u0259ri Suriyan\u0131n \u015fimal \u015f\u0259rqind\u0259n \u00e7\u0259kilm\u0259yib, sava\u015f ba\u015flaya bil\u0259r - MEYDAN.TV","isPartOf":{"@id":"https:\/\/www.meydan.tv\/az\/#website"},"primaryImageOfPage":{"@id":"https:\/\/www.meydan.tv\/az\/article\/ankara-kurd-ypg-quvveleri-suriyanin-simal-serqinden-cekilmeyib-savas-baslaya-biler\/#primaryimage"},"image":{"@id":"https:\/\/www.meydan.tv\/az\/article\/ankara-kurd-ypg-quvveleri-suriyanin-simal-serqinden-cekilmeyib-savas-baslaya-biler\/#primaryimage"},"thumbnailUrl":"https:\/\/www.meydan.tv\/wp-content\/uploads\/turkiy_respublikasi_1_bayraq_0.jpg","datePublished":"2019-10-29T18:53:27+00:00","breadcrumb":{"@id":"https:\/\/www.meydan.tv\/az\/article\/ankara-kurd-ypg-quvveleri-suriyanin-simal-serqinden-cekilmeyib-savas-baslaya-biler\/#breadcrumb"},"inLanguage":"az","potentialAction":[{"@type":"ReadAction","target":["https:\/\/www.meydan.tv\/az\/article\/ankara-kurd-ypg-quvveleri-suriyanin-simal-serqinden-cekilmeyib-savas-baslaya-biler\/"]}]},{"@type":"ImageObject","inLanguage":"az","@id":"https:\/\/www.meydan.tv\/az\/article\/ankara-kurd-ypg-quvveleri-suriyanin-simal-serqinden-cekilmeyib-savas-baslaya-biler\/#primaryimage","url":"https:\/\/www.meydan.tv\/wp-content\/uploads\/turkiy_respublikasi_1_bayraq_0.jpg","contentUrl":"https:\/\/www.meydan.tv\/wp-content\/uploads\/turkiy_respublikasi_1_bayraq_0.jpg","width":1200,"height":676,"caption":"Source: Foto: arxiv"},{"@type":"BreadcrumbList","@id":"https:\/\/www.meydan.tv\/az\/article\/ankara-kurd-ypg-quvveleri-suriyanin-simal-serqinden-cekilmeyib-savas-baslaya-biler\/#breadcrumb","itemListElement":[{"@type":"ListItem","position":1,"name":"Ana s\u0259hif\u0259","item":"https:\/\/www.meydan.tv\/az\/"},{"@type":"ListItem","position":2,"name":"D\u00fcnya","item":"https:\/\/www.meydan.tv\/az\/section\/dunya\/"},{"@type":"ListItem","position":3,"name":"Ankara: K\u00fcrd YPG q\u00fcvv\u0259l\u0259ri Suriyan\u0131n \u015fimal \u015f\u0259rqind\u0259n \u00e7\u0259kilm\u0259yib, sava\u015f ba\u015flaya bil\u0259r"}]},{"@type":"WebSite","@id":"https:\/\/www.meydan.tv\/az\/#website","url":"https:\/\/www.meydan.tv\/az\/","name":"MEYDAN.TV","description":"Meydan TV Az\u0259rbaycan\u0131n media m\u0259kan\u0131ndak\u0131 alternativ s\u0259sidir","publisher":{"@id":"https:\/\/www.meydan.tv\/az\/#organization"},"potentialAction":[{"@type":"SearchAction","target":{"@type":"EntryPoint","urlTemplate":"https:\/\/www.meydan.tv\/az\/?s={search_term_string}"},"query-input":{"@type":"PropertyValueSpecification","valueRequired":true,"valueName":"search_term_string"}}],"inLanguage":"az"},{"@type":"Organization","@id":"https:\/\/www.meydan.tv\/az\/#organization","name":"Meydan TV","url":"https:\/\/www.meydan.tv\/az\/","logo":{"@type":"ImageObject","inLanguage":"az","@id":"https:\/\/www.meydan.tv\/az\/#\/schema\/logo\/image\/","url":"https:\/\/www.meydan.tv\/wp-content\/uploads\/2021\/07\/meydan-logo.svg","contentUrl":"https:\/\/www.meydan.tv\/wp-content\/uploads\/2021\/07\/meydan-logo.svg","width":195,"height":46,"caption":"Meydan TV"},"image":{"@id":"https:\/\/www.meydan.tv\/az\/#\/schema\/logo\/image\/"}},{"@type":"Person","@id":"https:\/\/www.meydan.tv\/az\/#\/schema\/person\/10d11eccf6da3662cf5fdab9806ea91a","name":"user-manager"}]}},"_links":{"self":[{"href":"https:\/\/www.meydan.tv\/az\/wp-json\/wp\/v2\/posts\/197698","targetHints":{"allow":["GET"]}}],"collection":[{"href":"https:\/\/www.meydan.tv\/az\/wp-json\/wp\/v2\/posts"}],"about":[{"href":"https:\/\/www.meydan.tv\/az\/wp-json\/wp\/v2\/types\/post"}],"author":[{"embeddable":true,"href":"https:\/\/www.meydan.tv\/az\/wp-json\/wp\/v2\/users\/11"}],"replies":[{"embeddable":true,"href":"https:\/\/www.meydan.tv\/az\/wp-json\/wp\/v2\/comments?post=197698"}],"version-history":[{"count":0,"href":"https:\/\/www.meydan.tv\/az\/wp-json\/wp\/v2\/posts\/197698\/revisions"}],"wp:featuredmedia":[{"embeddable":true,"href":"https:\/\/www.meydan.tv\/az\/wp-json\/wp\/v2\/media\/132326"}],"wp:attachment":[{"href":"https:\/\/www.meydan.tv\/az\/wp-json\/wp\/v2\/media?parent=197698"}],"wp:term":[{"taxonomy":"category","embeddable":true,"href":"https:\/\/www.meydan.tv\/az\/wp-json\/wp\/v2\/categories?post=197698"},{"taxonomy":"post_tag","embeddable":true,"href":"https:\/\/www.meydan.tv\/az\/wp-json\/wp\/v2\/tags?post=197698"}],"curies":[{"name":"wp","href":"https:\/\/api.w.org\/{rel}","templated":true}]}}