{"id":197693,"date":"2019-10-29T12:55:36","date_gmt":"2019-10-29T12:55:36","guid":{"rendered":"https:\/\/www.meydan.tv\/article\/fhn-iscisi-mingecevir-ies-deki-yangini-sondurerken-zeherlendim-dovlet-mualice-etmedi\/"},"modified":"2019-10-29T12:55:36","modified_gmt":"2019-10-29T12:55:36","slug":"fhn-iscisi-mingecevir-ies-deki-yangini-sondurerken-zeherlendim-dovlet-mualice-etmedi","status":"publish","type":"post","link":"https:\/\/www.meydan.tv\/az\/article\/fhn-iscisi-mingecevir-ies-deki-yangini-sondurerken-zeherlendim-dovlet-mualice-etmedi\/","title":{"rendered":"FHN i\u015f\u00e7isi: Ming\u0259\u00e7evir \u0130ES-d\u0259ki yan\u011f\u0131n\u0131 s\u00f6nd\u00fcr\u0259rk\u0259n z\u0259h\u0259rl\u0259ndim, d\u00f6vl\u0259t m\u00fcalic\u0259 etm\u0259di"},"content":{"rendered":"<p>\n  <i><br \/>\n    27 ya\u015fl\u0131 P\u0259nah K\u0259rimov m\u00fcalic\u0259 olunmas\u0131 \u00fc\u00e7\u00fcn prezident\u0259, Birinci vitse-prezident\u0259 v\u0259 FH nazirin\u0259 m\u00fcraci\u0259t edib, ancaq h\u0259l\u0259 d\u0259 cavab almay\u0131b<br \/>\n  <\/i>\n<\/p>\n<p>\n  \u201cS\u0259h\u0259r\u0259 kimi yan\u011f\u0131n\u0131 s\u00f6nd\u00fcr\u0259rk\u0259n uddu\u011fum z\u0259h\u0259rli qaz sa\u011flaml\u0131\u011f\u0131m\u0131 \u0259limd\u0259n al\u0131b. Baxmayaraq ki, sa\u011flaml\u0131\u011f\u0131m\u0131 i\u015f vaxt\u0131 v\u0259 v\u0259zif\u0259mi yerin\u0259 yetir\u0259rk\u0259n itirmi\u015f\u0259m, F\u00f6vq\u0259lad\u0259 Hallar Nazirliyi m\u00fcalic\u0259mi \u00f6z \u00f6hd\u0259m\u0259 burax\u0131b. Bir ild\u0259n \u00e7oxdur ki, borc-x\u0259rcl\u0259 m\u00fcalic\u0259l\u0259riml\u0259 m\u0259\u015f\u011ful oluram. Vaxt\u0131nda laz\u0131mi m\u00fcalic\u0259l\u0259ri ala bilm\u0259m\u0259yim x\u0259r\u00e7\u0259ng x\u0259st\u0259liyin\u0259 \u00e7evirdi, indi d\u0259 m\u0259n\u0259 6 kurs kimyaterapiya yaz\u0131l\u0131b, h\u0259r kursu 1400 manata ba\u015fa g\u0259lir. Bunun \u00fcst\u00fcn\u0259 ba\u015fqa iyn\u0259-d\u0259rmanlar\u0131n da x\u0259rcini g\u0259lin. D\u00f6vl\u0259ts\u0259 1 manat da k\u00f6m\u0259klik etmir\u201d.\n<\/p>\n<p>\n  <b><br \/>\n    \u201cX\u0259st\u0259lik d\u0259rinl\u0259\u015fib, x\u0259r\u00e7\u0259ng\u0259 \u00e7evrilib\u201d<br \/>\n  <\/b>\n<\/p>\n<p>\n  27 ya\u015fl\u0131 P\u0259nah K\u0259rimov Ming\u0259\u00e7ecvir sakinidir. 5 ildir ki, el\u0259 Ming\u0259\u00e7evir \u015e\u0259h\u0259r D\u00f6vl\u0259t Yan\u011f\u0131ndan M\u00fchafiz\u0259 D\u0259st\u0259sinin yan\u011f\u0131ns\u00f6nd\u00fcr\u0259ni i\u015fl\u0259yir. O, Meydan TV-y\u0259 dan\u0131\u015f\u0131r ki, \u00f6t\u0259n ilin iyulunda Ming\u0259\u00e7evird\u0259 \u0130stilik Elektrik Stansiyas\u0131nda ba\u015f vermi\u015f partlay\u0131\u015fa yan\u011f\u0131ns\u00f6nd\u00fcr\u0259n kimi c\u0259lb olunub. Yan\u011f\u0131n\u0131 s\u00f6nd\u00fcr\u0259rk\u0259n z\u0259h\u0259rl\u0259nib. H\u0259min vaxtdan ara-s\u0131ra m\u00fcalic\u0259l\u0259r alsa da, yet\u0259rli olmay\u0131b, n\u0259tic\u0259d\u0259 x\u0259st\u0259liyi d\u0259rinl\u0259\u015fib v\u0259 x\u0259r\u00e7\u0259ng\u0259 \u00e7evirib.\n<\/p>\n<p>\n  \u201cM\u0259n hadis\u0259 yerind\u0259 \u00e7oxlu kimy\u0259vi madd\u0259 udmu\u015fdum, saatlarla oksigen aparat\u0131na qo\u015fmu\u015fdular. H\u0259min vaxtdan qusma, y\u00fcks\u0259k h\u0259rar\u0259t, \u00f6sk\u00fcr\u0259k, fiziki z\u0259iflik h\u0259yat t\u0259rzim\u0259 \u00e7evrildi, a\u011fr\u0131lardan yata bilmir\u0259m. F\u00f6vq\u0259lad\u0259 Hallar Nazirliyinin hospital\u0131na m\u00fcraci\u0259t etdim, bildirdil\u0259r ki, bizim hospital yaln\u0131z m\u00fcayin\u0259yl\u0259 m\u0259\u015f\u011fuldur, m\u00fcalic\u0259 \u00fc\u00e7\u00fcn \u00f6z\u00fcn ba\u015fqa x\u0259st\u0259xanalara m\u00fcraci\u0259t et. Halbuki, m\u0259nd\u0259n h\u0259r ay icbari s\u0131\u011fortapulu tutulurdu, m\u00fcalic\u0259min x\u0259rcl\u0259ri s\u0131\u011forta hesab\u0131na \u00f6d\u0259nilm\u0259li idi. F\u00f6vq\u0259lad\u0259 Hallar Nazirliyi is\u0259 m\u0259n\u0259 dedi, get, m\u00fcalic\u0259nl\u0259 \u00f6z\u00fcn m\u0259\u015f\u011ful ol. M\u0259n d\u0259 o x\u0259st\u0259xana s\u0259nin, bu x\u0259st\u0259xana m\u0259nim, yalan-do\u011fru m\u00fcalic\u0259l\u0259r\u0259 xeyli pul t\u00f6kd\u00fcm, \u0259ksin\u0259, v\u0259ziyy\u0259tim a\u011f\u0131rla\u015fd\u0131. Bir ne\u00e7\u0259 ay \u0259vv\u0259l Milli Onkologiya M\u0259rk\u0259zind\u0259 m\u00fcayin\u0259 olunark\u0259n m\u0259n\u0259 limfoma \u2013 a\u011fciy\u0259r x\u0259r\u00e7\u0259ngi diaqnozu qoyuldu\u201d.\n<\/p>\n<figure class=\"wp-block-image size-large\">\n  <img decoding=\"async\" src=\"https:\/\/www.meydan.tv\/az\/image_from_ios-2-jpg-54\/\" alt=\"image_from_ios (2).jpg\" class=\"wp-image-132302\"\/><figcaption>\n    Labarotoriya n\u0259tic\u0259l\u0259ri<br \/>\n  <\/figcaption><\/figure>\n<p>\n  <b><br \/>\n    \u201cKimyaretapiyalar alma\u011fa maddi imkan\u0131m yoxdur\u201d<br \/>\n  <\/b>\n<\/p>\n<p>\n  P\u0259nah K\u0259rimov bu ilin sentyabr ay\u0131ndan kimyaretapiyalara ba\u015flay\u0131b. \u0130ki kurs kimyaterapiya al\u0131b. H\u0259l\u0259 qar\u015f\u0131da onu daha bir ne\u00e7\u0259 kurs kimyaterapiya v\u0259 ba\u015fqa m\u00fcalic\u0259l\u0259r g\u00f6zl\u0259yir. Buna is\u0259 maddi imkan\u0131 yoxdur:\n<\/p>\n<p>\n  \u201c2 ayd\u0131r ki, ad\u0131m i\u015fd\u0259 gedir, \u00f6z\u00fcm kimyaterapiyalardayam. Borcun-x\u0259rcin i\u00e7ind\u0259yik. Bir evd\u0259 8 n\u0259f\u0259r ya\u015fay\u0131r\u0131q. Atam da yan\u011f\u0131ns\u00f6nd\u00fcr\u0259n olub, haz\u0131rda t\u0259qa\u00fcdd\u0259dir. Dolan\u0131\u015f\u0131\u011f\u0131m\u0131z \u00e7ox \u00e7\u0259tindir. M\u0259nim x\u0259st\u0259liyim is\u0259 durumumuzu daha da a\u011f\u0131rla\u015fd\u0131r\u0131b. N\u00f6vb\u0259ti kimyaterapiyan\u0131n vaxt\u0131 yax\u0131nla\u015f\u0131r, bir manat\u0131m\u0131z da yoxdur. C\u0259mi 27 ya\u015f\u0131m var, ail\u0259 qurmam\u0131\u015fam. X\u0259st\u0259liyim a\u011f\u0131rla\u015f\u0131b v\u0259 x\u0259st\u0259likl\u0259 m\u00fcbariz\u0259 aparmaq \u00fc\u00e7\u00fcn maddi imkan\u0131m yoxdur\u201d.\n<\/p>\n<p>\n  Meydan TV m\u0259s\u0259l\u0259y\u0259 m\u00fcnasib\u0259t \u00f6yr\u0259nm\u0259k \u00fc\u00e7\u00fcn D\u00f6vl\u0259t Yan\u011f\u0131ndan M\u00fchafiz\u0259 Xidm\u0259tiyl\u0259 \u0259laq\u0259 saxlama\u011fa \u00e7al\u0131\u015fsa da, ba\u015f tutmay\u0131b.\n<\/p>\n<figure class=\"wp-block-image size-large\">\n  <img decoding=\"async\" src=\"https:\/\/www.meydan.tv\/az\/image_from_ios-3-jpg-26\/\" alt=\"image_from_ios (3).jpg\" class=\"wp-image-132305\"\/><figcaption>\n    P\u0259nah K\u0259rimov da aylard\u0131r ki, nazir K\u0259mal\u0259ddin Heyd\u0259rovun, D\u00f6vl\u0259t Yan\u011f\u0131ndan M\u00fchafiz\u0259 Xidm\u0259tinin r\u0259isi F\u00fczuli \u018fs\u0259dovun q\u0259buluna yax\u0131n d\u00fc\u015f\u0259 bilmir.<br \/>\n  <\/figcaption><\/figure>\n<p>\n  El\u0259 P\u0259nah K\u0259rimov da aylard\u0131r ki, nazir K\u0259mal\u0259ddin Heyd\u0259rovun, D\u00f6vl\u0259t Yan\u011f\u0131ndan M\u00fchafiz\u0259 Xidm\u0259tinin r\u0259isi F\u00fczuli \u018fs\u0259dovun q\u0259buluna yax\u0131n d\u00fc\u015f\u0259 bilmir. O, ayr\u0131-ayr\u0131 \u015f\u00f6b\u0259 r\u0259isl\u0259rinin q\u0259bulunda olub, h\u0259r d\u0259f\u0259 x\u0259st\u0259liyi il\u0259 ba\u011fl\u0131 b\u00fct\u00fcn s\u0259n\u0259dl\u0259rin sur\u0259tini g\u00f6t\u00fcr\u00fcb, \u0259laq\u0259 saxlayacaqlar\u0131n\u0131 bildirs\u0259l\u0259r d\u0259, sonradan onunla \u0259laq\u0259 saxlayan olmay\u0131b. Deyir, itirm\u0259y\u0259 vaxt\u0131 da qalmay\u0131b, x\u0259st\u0259liyi d\u0259rinl\u0259\u015fib, v\u0259ziyy\u0259ti a\u011f\u0131rd\u0131r: \u201c\u00d6lm\u0259k ist\u0259mir\u0259m, ya\u015famaq ist\u0259yir\u0259m. Xahi\u015f edir\u0259m, F\u00f6vq\u0259lad\u0259 hallar naziri, D\u00f6vl\u0259t Yan\u011f\u0131ndan M\u00fchafiz\u0259 Xidm\u0259tinin r\u0259isi, \u00f6lk\u0259 ba\u015f\u00e7\u0131s\u0131 m\u0259niml\u0259 maraqlans\u0131n, durumumu n\u0259zar\u0259t\u0259 g\u00f6t\u00fcrs\u00fcn. \u0130ndiy\u0259d\u0259k borca-x\u0259rc\u0259 iyn\u0259-d\u0259rman\u0131 \u0259ld\u0259 ed\u0259 bilirdims\u0259, indi borc alma\u011fa adam da qalmay\u0131b \u0259traf\u0131mda&#8230; G\u00f6z g\u00f6r\u0259-g\u00f6r\u0259 g\u00fcnb\u0259g\u00fcn m\u0259hv oluram\u201d.\n<\/p>\n<p>\n  H\u00fcquq\u015f\u00fcnas Namiz\u0259d S\u0259f\u0259rov deyir, P\u0259nah K\u0259rimov x\u0259st\u0259likl\u0259 ba\u011fl\u0131 s\u0259n\u0259dl\u0259rl\u0259 m\u0259hk\u0259m\u0259y\u0259 m\u00fcraci\u0259t ed\u0259 bil\u0259r. X\u0259st\u0259liyin i\u015f vaxt\u0131 yarand\u0131\u011f\u0131n\u0131 s\u00fcbut ed\u0259 bils\u0259, F\u00f6vq\u0259lad\u0259 Hallar Nazirliyin\u0259 qar\u015f\u0131 iddia qald\u0131ra, m\u00fcalic\u0259sinin x\u0259rcl\u0259rinin h\u0259min qurum t\u0259r\u0259find\u0259n \u00f6d\u0259nilm\u0259sin\u0259 nail ola bil\u0259r.\n<\/p>\n<figure class=\"wp-block-image size-large\">\n  <img decoding=\"async\" src=\"https:\/\/www.meydan.tv\/az\/image_from_ios-1-jpg-51\/\" alt=\"image_from_ios (1).jpg\" class=\"wp-image-132296\"\/><figcaption>\n    \u0130cbari tibbi s\u0131\u011forta<br \/>\n  <\/figcaption><\/figure>\n","protected":false},"excerpt":{"rendered":"<p>Deyir, itirm\u0259y\u0259 vaxt\u0131 da qalmay\u0131b, x\u0259st\u0259liyi d\u0259rinl\u0259\u015fib, v\u0259ziyy\u0259ti a\u011f\u0131rd\u0131r<\/p>\n","protected":false},"author":11,"featured_media":132308,"comment_status":"closed","ping_status":"open","sticky":false,"template":"","format":"standard","meta":{"_acf_changed":false,"_sitemap_exclude":false,"_sitemap_priority":"","_sitemap_frequency":"","footnotes":""},"categories":[60],"tags":[],"class_list":["post-197693","post","type-post","status-publish","format-standard","has-post-thumbnail","hentry","category-bolge","infinite-scroll-item","generate-columns","tablet-grid-50","mobile-grid-100","grid-parent","grid-33","no-featured-image-padding"],"acf":[],"yoast_head":"<!-- This site is optimized with the Yoast SEO plugin v27.5 - https:\/\/yoast.com\/product\/yoast-seo-wordpress\/ -->\n<title>FHN i\u015f\u00e7isi: Ming\u0259\u00e7evir \u0130ES-d\u0259ki yan\u011f\u0131n\u0131 s\u00f6nd\u00fcr\u0259rk\u0259n z\u0259h\u0259rl\u0259ndim, d\u00f6vl\u0259t m\u00fcalic\u0259 etm\u0259di - MEYDAN.TV<\/title>\n<meta name=\"robots\" content=\"index, follow, max-snippet:-1, max-image-preview:large, max-video-preview:-1\" \/>\n<link rel=\"canonical\" href=\"https:\/\/www.meydan.tv\/az\/article\/fhn-iscisi-mingecevir-ies-deki-yangini-sondurerken-zeherlendim-dovlet-mualice-etmedi\/\" \/>\n<meta property=\"og:locale\" content=\"az_AZ\" \/>\n<meta property=\"og:type\" content=\"article\" \/>\n<meta property=\"og:title\" content=\"FHN i\u015f\u00e7isi: Ming\u0259\u00e7evir \u0130ES-d\u0259ki yan\u011f\u0131n\u0131 s\u00f6nd\u00fcr\u0259rk\u0259n z\u0259h\u0259rl\u0259ndim, d\u00f6vl\u0259t m\u00fcalic\u0259 etm\u0259di - MEYDAN.TV\" \/>\n<meta property=\"og:description\" content=\"Deyir, itirm\u0259y\u0259 vaxt\u0131 da qalmay\u0131b, x\u0259st\u0259liyi d\u0259rinl\u0259\u015fib, v\u0259ziyy\u0259ti a\u011f\u0131rd\u0131r\" \/>\n<meta property=\"og:url\" content=\"https:\/\/www.meydan.tv\/az\/article\/fhn-iscisi-mingecevir-ies-deki-yangini-sondurerken-zeherlendim-dovlet-mualice-etmedi\/\" \/>\n<meta property=\"og:site_name\" content=\"MEYDAN.TV\" \/>\n<meta property=\"article:published_time\" content=\"2019-10-29T12:55:36+00:00\" \/>\n<meta property=\"og:image\" content=\"https:\/\/www.meydan.tv\/wp-content\/uploads\/image_from_ios_vbxrcb3.jpg\" \/>\n\t<meta property=\"og:image:width\" content=\"800\" \/>\n\t<meta property=\"og:image:height\" content=\"800\" \/>\n\t<meta property=\"og:image:type\" content=\"image\/jpeg\" \/>\n<meta name=\"author\" content=\"user-manager\" \/>\n<meta name=\"twitter:card\" content=\"summary_large_image\" \/>\n<script type=\"application\/ld+json\" class=\"yoast-schema-graph\">{\"@context\":\"https:\\\/\\\/schema.org\",\"@graph\":[{\"@type\":\"Article\",\"@id\":\"https:\\\/\\\/www.meydan.tv\\\/az\\\/article\\\/fhn-iscisi-mingecevir-ies-deki-yangini-sondurerken-zeherlendim-dovlet-mualice-etmedi\\\/#article\",\"isPartOf\":{\"@id\":\"https:\\\/\\\/www.meydan.tv\\\/az\\\/article\\\/fhn-iscisi-mingecevir-ies-deki-yangini-sondurerken-zeherlendim-dovlet-mualice-etmedi\\\/\"},\"author\":{\"name\":\"user-manager\",\"@id\":\"https:\\\/\\\/www.meydan.tv\\\/az\\\/#\\\/schema\\\/person\\\/10d11eccf6da3662cf5fdab9806ea91a\"},\"headline\":\"FHN i\u015f\u00e7isi: Ming\u0259\u00e7evir \u0130ES-d\u0259ki yan\u011f\u0131n\u0131 s\u00f6nd\u00fcr\u0259rk\u0259n z\u0259h\u0259rl\u0259ndim, d\u00f6vl\u0259t m\u00fcalic\u0259 etm\u0259di\",\"datePublished\":\"2019-10-29T12:55:36+00:00\",\"mainEntityOfPage\":{\"@id\":\"https:\\\/\\\/www.meydan.tv\\\/az\\\/article\\\/fhn-iscisi-mingecevir-ies-deki-yangini-sondurerken-zeherlendim-dovlet-mualice-etmedi\\\/\"},\"wordCount\":949,\"publisher\":{\"@id\":\"https:\\\/\\\/www.meydan.tv\\\/az\\\/#organization\"},\"image\":{\"@id\":\"https:\\\/\\\/www.meydan.tv\\\/az\\\/article\\\/fhn-iscisi-mingecevir-ies-deki-yangini-sondurerken-zeherlendim-dovlet-mualice-etmedi\\\/#primaryimage\"},\"thumbnailUrl\":\"https:\\\/\\\/www.meydan.tv\\\/wp-content\\\/uploads\\\/image_from_ios_vbxrcb3.jpg\",\"articleSection\":[\"B\u00f6lg\u0259\"],\"inLanguage\":\"az\"},{\"@type\":\"WebPage\",\"@id\":\"https:\\\/\\\/www.meydan.tv\\\/az\\\/article\\\/fhn-iscisi-mingecevir-ies-deki-yangini-sondurerken-zeherlendim-dovlet-mualice-etmedi\\\/\",\"url\":\"https:\\\/\\\/www.meydan.tv\\\/az\\\/article\\\/fhn-iscisi-mingecevir-ies-deki-yangini-sondurerken-zeherlendim-dovlet-mualice-etmedi\\\/\",\"name\":\"FHN i\u015f\u00e7isi: Ming\u0259\u00e7evir \u0130ES-d\u0259ki yan\u011f\u0131n\u0131 s\u00f6nd\u00fcr\u0259rk\u0259n z\u0259h\u0259rl\u0259ndim, d\u00f6vl\u0259t m\u00fcalic\u0259 etm\u0259di - MEYDAN.TV\",\"isPartOf\":{\"@id\":\"https:\\\/\\\/www.meydan.tv\\\/az\\\/#website\"},\"primaryImageOfPage\":{\"@id\":\"https:\\\/\\\/www.meydan.tv\\\/az\\\/article\\\/fhn-iscisi-mingecevir-ies-deki-yangini-sondurerken-zeherlendim-dovlet-mualice-etmedi\\\/#primaryimage\"},\"image\":{\"@id\":\"https:\\\/\\\/www.meydan.tv\\\/az\\\/article\\\/fhn-iscisi-mingecevir-ies-deki-yangini-sondurerken-zeherlendim-dovlet-mualice-etmedi\\\/#primaryimage\"},\"thumbnailUrl\":\"https:\\\/\\\/www.meydan.tv\\\/wp-content\\\/uploads\\\/image_from_ios_vbxrcb3.jpg\",\"datePublished\":\"2019-10-29T12:55:36+00:00\",\"breadcrumb\":{\"@id\":\"https:\\\/\\\/www.meydan.tv\\\/az\\\/article\\\/fhn-iscisi-mingecevir-ies-deki-yangini-sondurerken-zeherlendim-dovlet-mualice-etmedi\\\/#breadcrumb\"},\"inLanguage\":\"az\",\"potentialAction\":[{\"@type\":\"ReadAction\",\"target\":[\"https:\\\/\\\/www.meydan.tv\\\/az\\\/article\\\/fhn-iscisi-mingecevir-ies-deki-yangini-sondurerken-zeherlendim-dovlet-mualice-etmedi\\\/\"]}]},{\"@type\":\"ImageObject\",\"inLanguage\":\"az\",\"@id\":\"https:\\\/\\\/www.meydan.tv\\\/az\\\/article\\\/fhn-iscisi-mingecevir-ies-deki-yangini-sondurerken-zeherlendim-dovlet-mualice-etmedi\\\/#primaryimage\",\"url\":\"https:\\\/\\\/www.meydan.tv\\\/wp-content\\\/uploads\\\/image_from_ios_vbxrcb3.jpg\",\"contentUrl\":\"https:\\\/\\\/www.meydan.tv\\\/wp-content\\\/uploads\\\/image_from_ios_vbxrcb3.jpg\",\"width\":800,\"height\":800,\"caption\":\"Source: Foto: Meydan TV\"},{\"@type\":\"BreadcrumbList\",\"@id\":\"https:\\\/\\\/www.meydan.tv\\\/az\\\/article\\\/fhn-iscisi-mingecevir-ies-deki-yangini-sondurerken-zeherlendim-dovlet-mualice-etmedi\\\/#breadcrumb\",\"itemListElement\":[{\"@type\":\"ListItem\",\"position\":1,\"name\":\"Ana s\u0259hif\u0259\",\"item\":\"https:\\\/\\\/www.meydan.tv\\\/az\\\/\"},{\"@type\":\"ListItem\",\"position\":2,\"name\":\"B\u00f6lg\u0259\",\"item\":\"https:\\\/\\\/www.meydan.tv\\\/az\\\/section\\\/bolge\\\/\"},{\"@type\":\"ListItem\",\"position\":3,\"name\":\"FHN i\u015f\u00e7isi: Ming\u0259\u00e7evir \u0130ES-d\u0259ki yan\u011f\u0131n\u0131 s\u00f6nd\u00fcr\u0259rk\u0259n z\u0259h\u0259rl\u0259ndim, d\u00f6vl\u0259t m\u00fcalic\u0259 etm\u0259di\"}]},{\"@type\":\"WebSite\",\"@id\":\"https:\\\/\\\/www.meydan.tv\\\/az\\\/#website\",\"url\":\"https:\\\/\\\/www.meydan.tv\\\/az\\\/\",\"name\":\"MEYDAN.TV\",\"description\":\"Meydan TV Az\u0259rbaycan\u0131n media m\u0259kan\u0131ndak\u0131 alternativ s\u0259sidir\",\"publisher\":{\"@id\":\"https:\\\/\\\/www.meydan.tv\\\/az\\\/#organization\"},\"potentialAction\":[{\"@type\":\"SearchAction\",\"target\":{\"@type\":\"EntryPoint\",\"urlTemplate\":\"https:\\\/\\\/www.meydan.tv\\\/az\\\/?s={search_term_string}\"},\"query-input\":{\"@type\":\"PropertyValueSpecification\",\"valueRequired\":true,\"valueName\":\"search_term_string\"}}],\"inLanguage\":\"az\"},{\"@type\":\"Organization\",\"@id\":\"https:\\\/\\\/www.meydan.tv\\\/az\\\/#organization\",\"name\":\"Meydan TV\",\"url\":\"https:\\\/\\\/www.meydan.tv\\\/az\\\/\",\"logo\":{\"@type\":\"ImageObject\",\"inLanguage\":\"az\",\"@id\":\"https:\\\/\\\/www.meydan.tv\\\/az\\\/#\\\/schema\\\/logo\\\/image\\\/\",\"url\":\"https:\\\/\\\/www.meydan.tv\\\/wp-content\\\/uploads\\\/2021\\\/07\\\/meydan-logo.svg\",\"contentUrl\":\"https:\\\/\\\/www.meydan.tv\\\/wp-content\\\/uploads\\\/2021\\\/07\\\/meydan-logo.svg\",\"width\":195,\"height\":46,\"caption\":\"Meydan TV\"},\"image\":{\"@id\":\"https:\\\/\\\/www.meydan.tv\\\/az\\\/#\\\/schema\\\/logo\\\/image\\\/\"}},{\"@type\":\"Person\",\"@id\":\"https:\\\/\\\/www.meydan.tv\\\/az\\\/#\\\/schema\\\/person\\\/10d11eccf6da3662cf5fdab9806ea91a\",\"name\":\"user-manager\"}]}<\/script>\n<!-- \/ Yoast SEO plugin. -->","yoast_head_json":{"title":"FHN i\u015f\u00e7isi: Ming\u0259\u00e7evir \u0130ES-d\u0259ki yan\u011f\u0131n\u0131 s\u00f6nd\u00fcr\u0259rk\u0259n z\u0259h\u0259rl\u0259ndim, d\u00f6vl\u0259t m\u00fcalic\u0259 etm\u0259di - MEYDAN.TV","robots":{"index":"index","follow":"follow","max-snippet":"max-snippet:-1","max-image-preview":"max-image-preview:large","max-video-preview":"max-video-preview:-1"},"canonical":"https:\/\/www.meydan.tv\/az\/article\/fhn-iscisi-mingecevir-ies-deki-yangini-sondurerken-zeherlendim-dovlet-mualice-etmedi\/","og_locale":"az_AZ","og_type":"article","og_title":"FHN i\u015f\u00e7isi: Ming\u0259\u00e7evir \u0130ES-d\u0259ki yan\u011f\u0131n\u0131 s\u00f6nd\u00fcr\u0259rk\u0259n z\u0259h\u0259rl\u0259ndim, d\u00f6vl\u0259t m\u00fcalic\u0259 etm\u0259di - MEYDAN.TV","og_description":"Deyir, itirm\u0259y\u0259 vaxt\u0131 da qalmay\u0131b, x\u0259st\u0259liyi d\u0259rinl\u0259\u015fib, v\u0259ziyy\u0259ti a\u011f\u0131rd\u0131r","og_url":"https:\/\/www.meydan.tv\/az\/article\/fhn-iscisi-mingecevir-ies-deki-yangini-sondurerken-zeherlendim-dovlet-mualice-etmedi\/","og_site_name":"MEYDAN.TV","article_published_time":"2019-10-29T12:55:36+00:00","og_image":[{"width":800,"height":800,"url":"https:\/\/www.meydan.tv\/wp-content\/uploads\/image_from_ios_vbxrcb3.jpg","type":"image\/jpeg"}],"author":"user-manager","twitter_card":"summary_large_image","schema":{"@context":"https:\/\/schema.org","@graph":[{"@type":"Article","@id":"https:\/\/www.meydan.tv\/az\/article\/fhn-iscisi-mingecevir-ies-deki-yangini-sondurerken-zeherlendim-dovlet-mualice-etmedi\/#article","isPartOf":{"@id":"https:\/\/www.meydan.tv\/az\/article\/fhn-iscisi-mingecevir-ies-deki-yangini-sondurerken-zeherlendim-dovlet-mualice-etmedi\/"},"author":{"name":"user-manager","@id":"https:\/\/www.meydan.tv\/az\/#\/schema\/person\/10d11eccf6da3662cf5fdab9806ea91a"},"headline":"FHN i\u015f\u00e7isi: Ming\u0259\u00e7evir \u0130ES-d\u0259ki yan\u011f\u0131n\u0131 s\u00f6nd\u00fcr\u0259rk\u0259n z\u0259h\u0259rl\u0259ndim, d\u00f6vl\u0259t m\u00fcalic\u0259 etm\u0259di","datePublished":"2019-10-29T12:55:36+00:00","mainEntityOfPage":{"@id":"https:\/\/www.meydan.tv\/az\/article\/fhn-iscisi-mingecevir-ies-deki-yangini-sondurerken-zeherlendim-dovlet-mualice-etmedi\/"},"wordCount":949,"publisher":{"@id":"https:\/\/www.meydan.tv\/az\/#organization"},"image":{"@id":"https:\/\/www.meydan.tv\/az\/article\/fhn-iscisi-mingecevir-ies-deki-yangini-sondurerken-zeherlendim-dovlet-mualice-etmedi\/#primaryimage"},"thumbnailUrl":"https:\/\/www.meydan.tv\/wp-content\/uploads\/image_from_ios_vbxrcb3.jpg","articleSection":["B\u00f6lg\u0259"],"inLanguage":"az"},{"@type":"WebPage","@id":"https:\/\/www.meydan.tv\/az\/article\/fhn-iscisi-mingecevir-ies-deki-yangini-sondurerken-zeherlendim-dovlet-mualice-etmedi\/","url":"https:\/\/www.meydan.tv\/az\/article\/fhn-iscisi-mingecevir-ies-deki-yangini-sondurerken-zeherlendim-dovlet-mualice-etmedi\/","name":"FHN i\u015f\u00e7isi: Ming\u0259\u00e7evir \u0130ES-d\u0259ki yan\u011f\u0131n\u0131 s\u00f6nd\u00fcr\u0259rk\u0259n z\u0259h\u0259rl\u0259ndim, d\u00f6vl\u0259t m\u00fcalic\u0259 etm\u0259di - MEYDAN.TV","isPartOf":{"@id":"https:\/\/www.meydan.tv\/az\/#website"},"primaryImageOfPage":{"@id":"https:\/\/www.meydan.tv\/az\/article\/fhn-iscisi-mingecevir-ies-deki-yangini-sondurerken-zeherlendim-dovlet-mualice-etmedi\/#primaryimage"},"image":{"@id":"https:\/\/www.meydan.tv\/az\/article\/fhn-iscisi-mingecevir-ies-deki-yangini-sondurerken-zeherlendim-dovlet-mualice-etmedi\/#primaryimage"},"thumbnailUrl":"https:\/\/www.meydan.tv\/wp-content\/uploads\/image_from_ios_vbxrcb3.jpg","datePublished":"2019-10-29T12:55:36+00:00","breadcrumb":{"@id":"https:\/\/www.meydan.tv\/az\/article\/fhn-iscisi-mingecevir-ies-deki-yangini-sondurerken-zeherlendim-dovlet-mualice-etmedi\/#breadcrumb"},"inLanguage":"az","potentialAction":[{"@type":"ReadAction","target":["https:\/\/www.meydan.tv\/az\/article\/fhn-iscisi-mingecevir-ies-deki-yangini-sondurerken-zeherlendim-dovlet-mualice-etmedi\/"]}]},{"@type":"ImageObject","inLanguage":"az","@id":"https:\/\/www.meydan.tv\/az\/article\/fhn-iscisi-mingecevir-ies-deki-yangini-sondurerken-zeherlendim-dovlet-mualice-etmedi\/#primaryimage","url":"https:\/\/www.meydan.tv\/wp-content\/uploads\/image_from_ios_vbxrcb3.jpg","contentUrl":"https:\/\/www.meydan.tv\/wp-content\/uploads\/image_from_ios_vbxrcb3.jpg","width":800,"height":800,"caption":"Source: Foto: Meydan TV"},{"@type":"BreadcrumbList","@id":"https:\/\/www.meydan.tv\/az\/article\/fhn-iscisi-mingecevir-ies-deki-yangini-sondurerken-zeherlendim-dovlet-mualice-etmedi\/#breadcrumb","itemListElement":[{"@type":"ListItem","position":1,"name":"Ana s\u0259hif\u0259","item":"https:\/\/www.meydan.tv\/az\/"},{"@type":"ListItem","position":2,"name":"B\u00f6lg\u0259","item":"https:\/\/www.meydan.tv\/az\/section\/bolge\/"},{"@type":"ListItem","position":3,"name":"FHN i\u015f\u00e7isi: Ming\u0259\u00e7evir \u0130ES-d\u0259ki yan\u011f\u0131n\u0131 s\u00f6nd\u00fcr\u0259rk\u0259n z\u0259h\u0259rl\u0259ndim, d\u00f6vl\u0259t m\u00fcalic\u0259 etm\u0259di"}]},{"@type":"WebSite","@id":"https:\/\/www.meydan.tv\/az\/#website","url":"https:\/\/www.meydan.tv\/az\/","name":"MEYDAN.TV","description":"Meydan TV Az\u0259rbaycan\u0131n media m\u0259kan\u0131ndak\u0131 alternativ s\u0259sidir","publisher":{"@id":"https:\/\/www.meydan.tv\/az\/#organization"},"potentialAction":[{"@type":"SearchAction","target":{"@type":"EntryPoint","urlTemplate":"https:\/\/www.meydan.tv\/az\/?s={search_term_string}"},"query-input":{"@type":"PropertyValueSpecification","valueRequired":true,"valueName":"search_term_string"}}],"inLanguage":"az"},{"@type":"Organization","@id":"https:\/\/www.meydan.tv\/az\/#organization","name":"Meydan TV","url":"https:\/\/www.meydan.tv\/az\/","logo":{"@type":"ImageObject","inLanguage":"az","@id":"https:\/\/www.meydan.tv\/az\/#\/schema\/logo\/image\/","url":"https:\/\/www.meydan.tv\/wp-content\/uploads\/2021\/07\/meydan-logo.svg","contentUrl":"https:\/\/www.meydan.tv\/wp-content\/uploads\/2021\/07\/meydan-logo.svg","width":195,"height":46,"caption":"Meydan TV"},"image":{"@id":"https:\/\/www.meydan.tv\/az\/#\/schema\/logo\/image\/"}},{"@type":"Person","@id":"https:\/\/www.meydan.tv\/az\/#\/schema\/person\/10d11eccf6da3662cf5fdab9806ea91a","name":"user-manager"}]}},"_links":{"self":[{"href":"https:\/\/www.meydan.tv\/az\/wp-json\/wp\/v2\/posts\/197693","targetHints":{"allow":["GET"]}}],"collection":[{"href":"https:\/\/www.meydan.tv\/az\/wp-json\/wp\/v2\/posts"}],"about":[{"href":"https:\/\/www.meydan.tv\/az\/wp-json\/wp\/v2\/types\/post"}],"author":[{"embeddable":true,"href":"https:\/\/www.meydan.tv\/az\/wp-json\/wp\/v2\/users\/11"}],"replies":[{"embeddable":true,"href":"https:\/\/www.meydan.tv\/az\/wp-json\/wp\/v2\/comments?post=197693"}],"version-history":[{"count":0,"href":"https:\/\/www.meydan.tv\/az\/wp-json\/wp\/v2\/posts\/197693\/revisions"}],"wp:featuredmedia":[{"embeddable":true,"href":"https:\/\/www.meydan.tv\/az\/wp-json\/wp\/v2\/media\/132308"}],"wp:attachment":[{"href":"https:\/\/www.meydan.tv\/az\/wp-json\/wp\/v2\/media?parent=197693"}],"wp:term":[{"taxonomy":"category","embeddable":true,"href":"https:\/\/www.meydan.tv\/az\/wp-json\/wp\/v2\/categories?post=197693"},{"taxonomy":"post_tag","embeddable":true,"href":"https:\/\/www.meydan.tv\/az\/wp-json\/wp\/v2\/tags?post=197693"}],"curies":[{"name":"wp","href":"https:\/\/api.w.org\/{rel}","templated":true}]}}