{"id":197683,"date":"2019-10-28T19:41:48","date_gmt":"2019-10-28T19:41:48","guid":{"rendered":"https:\/\/www.meydan.tv\/article\/tramp-bagdadinin-oldurulduyunu-beyan-edib\/"},"modified":"2019-10-28T19:41:48","modified_gmt":"2019-10-28T19:41:48","slug":"tramp-bagdadinin-oldurulduyunu-beyan-edib","status":"publish","type":"post","link":"https:\/\/www.meydan.tv\/az\/article\/tramp-bagdadinin-oldurulduyunu-beyan-edib\/","title":{"rendered":"Tramp Ba\u011fdadinin \u00f6ld\u00fcr\u00fcld\u00fcy\u00fcn\u00fc b\u0259yan edib"},"content":{"rendered":"<p>\n  <i><br \/>\n    D\u00fcnya liderl\u0259ri v\u0259 t\u0259hl\u00fck\u0259sizlik r\u0259smil\u0259ri Ba\u011fdadinin \u00f6l\u00fcm\u00fcn\u00fc alq\u0131\u015flay\u0131blar<br \/>\n  <\/i>\n<\/p>\n<p>\n  AB\u015e prezidenti Donald Tramp qeyd edib ki, AB\u015e q\u00fcvv\u0259l\u0259ri \u0130slam D\u00f6vl\u0259ti (\u0130\u015e\u0130D) lideri \u018fbu B\u0259kr \u0259l-Ba\u011fdadini \u00f6ld\u00fcr\u00fcb. D\u00fcnya liderl\u0259ri is\u0259 silahl\u0131 qrupla\u015fmaya qar\u015f\u0131 m\u00fcbariz\u0259nin h\u0259l\u0259 bitm\u0259diyini deyir,- \u201cReuters\u201d x\u0259b\u0259r verir.\n<\/p>\n<p>\n  Tramp bazar g\u00fcn\u00fc deyib ki, Ba\u011fdadi AB\u015e-\u0131n Suriyadak\u0131 x\u00fcsusi t\u0259yinatl\u0131lar\u0131 t\u0259r\u0259find\u0259n h\u0259yata ke\u00e7iril\u0259n basq\u0131nda \u201cf\u0259ryad ed\u0259r\u0259k v\u0259 a\u011flayaraq\u201d \u00f6l\u00fcb.\n<\/p>\n<p>\n  2010-cu ild\u0259n b\u0259ri cihad\u00e7\u0131 qrupa r\u0259hb\u0259rlik ed\u0259n Ba\u011fdadi AB\u015e q\u00fcvv\u0259l\u0259rinin m\u00fchasir\u0259y\u0259 ald\u0131\u011f\u0131 tunel\u0259 qa\u00e7d\u0131qdan sonra \u00e7\u0131x\u0131\u015f \u0259ld\u0259 ed\u0259 bilm\u0259yib v\u0259 intihar jiletini partladaraq \u00f6z\u00fcn\u00fc \u00f6ld\u00fcr\u00fcb.\n<\/p>\n<p>\n  \u201cO, x\u0259st\u0259 v\u0259 ba\u015fdan \u00e7\u0131xm\u0131\u015f bir adam idi v\u0259 indi is\u0259 yoxdur\u201d,- Tramp deyib. \u201cO \u00f6ld\u00fc &#8230; f\u0259ryad edib a\u011flayaraq v\u0259 q\u0131\u015fq\u0131raraq\u201d.\n<\/p>\n<p>\n  Kremlin s\u00f6zc\u00fcs\u00fc Dmitri Peskov AB\u015e-\u0131n Rusiyaya \u0259m\u0259liyyat bar\u0259d\u0259 \u0259vv\u0259lc\u0259d\u0259n m\u0259lumat verdiyini s\u00f6yl\u0259m\u0259kd\u0259n \u00e7\u0259kinib.\n<\/p>\n<p>\n  Lakin o \u0259lav\u0259 edib: \u201cBu m\u0259lumat t\u0259sdiql\u0259n\u0259rs\u0259, o zaman biz AB\u015e prezidentinin beyn\u0259lxalq terrorizml\u0259 m\u00fcbariz\u0259y\u0259 verdiyi ciddi t\u00f6hf\u0259d\u0259n dan\u0131\u015fa bil\u0259rik\u201d.\n<\/p>\n<p>\n  D\u00fcnya liderl\u0259ri v\u0259 t\u0259hl\u00fck\u0259sizlik r\u0259smil\u0259ri Ba\u011fdadinin \u00f6l\u00fcm\u00fcn\u00fc alq\u0131\u015flay\u0131blar, ancaq bildiribl\u0259r ki, \u0130slam D\u00f6vl\u0259tin\u0259 (\u0130\u015e\u0130D) qar\u015f\u0131 kampaniya bitm\u0259yib, \u00e7\u00fcnki ba\u015fs\u0131z canavarlar qisas almaq ist\u0259y\u0259 bil\u0259rl\u0259r.\n<\/p>\n<p>\n  Fransa Prezidenti Emmanuel Makron deyib ki, Ba\u011fdadinin \u00f6l\u00fcm\u00fc \u0130slam D\u00f6vl\u0259tin\u0259 qar\u015f\u0131 b\u00f6y\u00fck bir z\u0259rb\u0259dir, lakin \u201cbu terror t\u0259\u015fkilat\u0131n\u0131 m\u0259\u011flub etm\u0259k \u00fc\u00e7\u00fcn m\u00fcbariz\u0259 davam edir\u201d.\n<\/p>\n<p>\n  \u0130ngilt\u0259r\u0259nin Ba\u015f naziri Boris Conson (Johnson): \u201cBiz \u0130\u015e\u0130D-in v\u0259h\u015fi f\u0259aliyy\u0259tl\u0259rin\u0259 son qoymaq \u00fc\u00e7\u00fcn koalisiya t\u0259r\u0259fda\u015flar\u0131m\u0131zla birlikd\u0259 \u00e7al\u0131\u015faca\u011f\u0131q\u201d.\n<\/p>\n<p>\n  Avstraliyan\u0131n Ba\u015f naziri Skot Morison (Scott Morrison) jurnalistl\u0259r\u0259 deyib: \u201cBu, \u00e7oxba\u015fl\u0131 canavard\u0131r &#8230; Birini k\u0259sdiyiniz zaman dig\u0259ri d\u0259 qa\u00e7\u0131lmaz olaraq ortaya \u00e7\u0131x\u0131r\u201d.\n<\/p>\n<p>\n  \u0130slam D\u00f6vl\u0259ti \u00fc\u00e7\u00fcn vacib olan c\u0259nub-\u015f\u0259rqi Asiyada s\u0259lahiyy\u0259tlil\u0259r t\u0259hl\u00fck\u0259sizlik q\u00fcvv\u0259l\u0259rinin silahl\u0131 qrupun b\u00f6lg\u0259d\u0259 yay\u011f\u0131n ideologiyas\u0131n\u0131 da\u011f\u0131tmaq \u00fc\u00e7\u00fcn m\u00fcbariz\u0259 apard\u0131qlar\u0131n\u0131 deyib.\n<\/p>\n<p>\n  Asiyan\u0131n \u0259n m\u00fct\u0259\u015f\u0259kkil islam\u00e7\u0131 silahl\u0131lar\u0131n\u0131n yerl\u0259\u015fdiyi Filippin, \u0130ndoneziya v\u0259 Malayziya b\u0259yan edib ki, onlar \u0130slam D\u00f6vl\u0259ti loyalistl\u0259rini yox etm\u0259k \u00fc\u00e7\u00fcn birl\u0259\u015fibl\u0259r.\n<\/p>\n<p>\n  \u201cBa\u011fdadinin \u00f6l\u00fcm\u00fc \u0130slam D\u00f6vl\u0259tini silk\u0259l\u0259s\u0259 d\u0259, silahl\u0131 qrup g\u00fccl\u00fc v\u0259 t\u0259hl\u00fck\u0259li olaraq qal\u0131r\u201d, Filippinin m\u00fcdafi\u0259 katibi Delfin Lorenzana deyib.\n<\/p>\n<p>\n  \u201cBu, \u0259l-Ba\u011fdadinin lider kimi yeti\u015fm\u0259sin\u0259 \u00e7al\u0131\u015fan t\u0259\u015fkilata d\u0259ymi\u015f z\u0259rb\u0259dir. Lakin bu, t\u0259\u015fkilat\u0131n d\u00fcnyadak\u0131 d\u0259rinliyini v\u0259 geni\u015fliyini n\u0259z\u0259r\u0259 alaraq anl\u0131q geri \u00e7\u0259kilm\u0259dir\u201d,- o deyib: \u201cKims\u0259 onun yerini dolduracaq\u201d.\n<\/p>\n<p>\n  \u0130slam D\u00f6vl\u0259ti lider olaraq he\u00e7 kimi varis elan etm\u0259yib. Lakin qrup son ill\u0259rd\u0259 \u0259razisinin b\u00f6y\u00fck hiss\u0259sini itirm\u0259sin\u0259 baxmayaraq, b\u00f6lg\u0259d\u0259 v\u0259 h\u00fcdudlar\u0131ndan k\u0259narda h\u00fccumlar\u0131 davam etdirm\u0259y\u0259 iddial\u0131 oldu\u011funu s\u00fcbut edib.\n<\/p>\n<p>\n  Ba\u011fdadi uzun m\u00fcdd\u0259t Birl\u0259\u015fmi\u015f \u015etatlar t\u0259r\u0259find\u0259n axtar\u0131l\u0131b. Onun ba\u015f\u0131na 25 milyon dollar m\u00fckafat qoyulmu\u015fdu. Ba\u011fdadi cihad\u00e7\u0131 qrupun lideri olaraq xilaf\u0259t elan etdiyi Suriya v\u0259 \u0130raq\u0131n b\u00f6y\u00fck \u0259razil\u0259rin\u0259 n\u0259zar\u0259t edirdi.<\/p>\n","protected":false},"excerpt":{"rendered":"<p>\u201cO, x\u0259st\u0259 v\u0259 ba\u015fdan \u00e7\u0131xm\u0131\u015f bir adam idi v\u0259 indi is\u0259 yoxdur\u201d,- Tramp deyib.<\/p>\n","protected":false},"author":11,"featured_media":132164,"comment_status":"closed","ping_status":"open","sticky":false,"template":"","format":"standard","meta":{"_acf_changed":false,"_sitemap_exclude":false,"_sitemap_priority":"","_sitemap_frequency":"","footnotes":""},"categories":[64],"tags":[],"class_list":["post-197683","post","type-post","status-publish","format-standard","has-post-thumbnail","hentry","category-dunya","infinite-scroll-item","generate-columns","tablet-grid-50","mobile-grid-100","grid-parent","grid-33","no-featured-image-padding"],"acf":[],"yoast_head":"<!-- This site is optimized with the Yoast SEO plugin v27.5 - https:\/\/yoast.com\/product\/yoast-seo-wordpress\/ -->\n<title>Tramp Ba\u011fdadinin \u00f6ld\u00fcr\u00fcld\u00fcy\u00fcn\u00fc b\u0259yan edib - MEYDAN.TV<\/title>\n<meta name=\"robots\" content=\"index, follow, max-snippet:-1, max-image-preview:large, max-video-preview:-1\" \/>\n<link rel=\"canonical\" href=\"https:\/\/www.meydan.tv\/az\/article\/tramp-bagdadinin-oldurulduyunu-beyan-edib\/\" \/>\n<meta property=\"og:locale\" content=\"az_AZ\" \/>\n<meta property=\"og:type\" content=\"article\" \/>\n<meta property=\"og:title\" content=\"Tramp Ba\u011fdadinin \u00f6ld\u00fcr\u00fcld\u00fcy\u00fcn\u00fc b\u0259yan edib - MEYDAN.TV\" \/>\n<meta property=\"og:description\" content=\"\u201cO, x\u0259st\u0259 v\u0259 ba\u015fdan \u00e7\u0131xm\u0131\u015f bir adam idi v\u0259 indi is\u0259 yoxdur\u201d,- Tramp deyib.\" \/>\n<meta property=\"og:url\" content=\"https:\/\/www.meydan.tv\/az\/article\/tramp-bagdadinin-oldurulduyunu-beyan-edib\/\" \/>\n<meta property=\"og:site_name\" content=\"MEYDAN.TV\" \/>\n<meta property=\"article:published_time\" content=\"2019-10-28T19:41:48+00:00\" \/>\n<meta property=\"og:image\" content=\"https:\/\/www.meydan.tv\/wp-content\/uploads\/bagdadi.jpg\" \/>\n\t<meta property=\"og:image:width\" content=\"969\" \/>\n\t<meta property=\"og:image:height\" content=\"545\" \/>\n\t<meta property=\"og:image:type\" content=\"image\/jpeg\" \/>\n<meta name=\"author\" content=\"user-manager\" \/>\n<meta name=\"twitter:card\" content=\"summary_large_image\" \/>\n<script type=\"application\/ld+json\" class=\"yoast-schema-graph\">{\"@context\":\"https:\\\/\\\/schema.org\",\"@graph\":[{\"@type\":\"Article\",\"@id\":\"https:\\\/\\\/www.meydan.tv\\\/az\\\/article\\\/tramp-bagdadinin-oldurulduyunu-beyan-edib\\\/#article\",\"isPartOf\":{\"@id\":\"https:\\\/\\\/www.meydan.tv\\\/az\\\/article\\\/tramp-bagdadinin-oldurulduyunu-beyan-edib\\\/\"},\"author\":{\"name\":\"user-manager\",\"@id\":\"https:\\\/\\\/www.meydan.tv\\\/az\\\/#\\\/schema\\\/person\\\/10d11eccf6da3662cf5fdab9806ea91a\"},\"headline\":\"Tramp Ba\u011fdadinin \u00f6ld\u00fcr\u00fcld\u00fcy\u00fcn\u00fc b\u0259yan edib\",\"datePublished\":\"2019-10-28T19:41:48+00:00\",\"mainEntityOfPage\":{\"@id\":\"https:\\\/\\\/www.meydan.tv\\\/az\\\/article\\\/tramp-bagdadinin-oldurulduyunu-beyan-edib\\\/\"},\"wordCount\":635,\"publisher\":{\"@id\":\"https:\\\/\\\/www.meydan.tv\\\/az\\\/#organization\"},\"image\":{\"@id\":\"https:\\\/\\\/www.meydan.tv\\\/az\\\/article\\\/tramp-bagdadinin-oldurulduyunu-beyan-edib\\\/#primaryimage\"},\"thumbnailUrl\":\"https:\\\/\\\/www.meydan.tv\\\/wp-content\\\/uploads\\\/bagdadi.jpg\",\"articleSection\":[\"D\u00fcnya\"],\"inLanguage\":\"az\"},{\"@type\":\"WebPage\",\"@id\":\"https:\\\/\\\/www.meydan.tv\\\/az\\\/article\\\/tramp-bagdadinin-oldurulduyunu-beyan-edib\\\/\",\"url\":\"https:\\\/\\\/www.meydan.tv\\\/az\\\/article\\\/tramp-bagdadinin-oldurulduyunu-beyan-edib\\\/\",\"name\":\"Tramp Ba\u011fdadinin \u00f6ld\u00fcr\u00fcld\u00fcy\u00fcn\u00fc b\u0259yan edib - MEYDAN.TV\",\"isPartOf\":{\"@id\":\"https:\\\/\\\/www.meydan.tv\\\/az\\\/#website\"},\"primaryImageOfPage\":{\"@id\":\"https:\\\/\\\/www.meydan.tv\\\/az\\\/article\\\/tramp-bagdadinin-oldurulduyunu-beyan-edib\\\/#primaryimage\"},\"image\":{\"@id\":\"https:\\\/\\\/www.meydan.tv\\\/az\\\/article\\\/tramp-bagdadinin-oldurulduyunu-beyan-edib\\\/#primaryimage\"},\"thumbnailUrl\":\"https:\\\/\\\/www.meydan.tv\\\/wp-content\\\/uploads\\\/bagdadi.jpg\",\"datePublished\":\"2019-10-28T19:41:48+00:00\",\"breadcrumb\":{\"@id\":\"https:\\\/\\\/www.meydan.tv\\\/az\\\/article\\\/tramp-bagdadinin-oldurulduyunu-beyan-edib\\\/#breadcrumb\"},\"inLanguage\":\"az\",\"potentialAction\":[{\"@type\":\"ReadAction\",\"target\":[\"https:\\\/\\\/www.meydan.tv\\\/az\\\/article\\\/tramp-bagdadinin-oldurulduyunu-beyan-edib\\\/\"]}]},{\"@type\":\"ImageObject\",\"inLanguage\":\"az\",\"@id\":\"https:\\\/\\\/www.meydan.tv\\\/az\\\/article\\\/tramp-bagdadinin-oldurulduyunu-beyan-edib\\\/#primaryimage\",\"url\":\"https:\\\/\\\/www.meydan.tv\\\/wp-content\\\/uploads\\\/bagdadi.jpg\",\"contentUrl\":\"https:\\\/\\\/www.meydan.tv\\\/wp-content\\\/uploads\\\/bagdadi.jpg\",\"width\":969,\"height\":545,\"caption\":\"Source: AFP\"},{\"@type\":\"BreadcrumbList\",\"@id\":\"https:\\\/\\\/www.meydan.tv\\\/az\\\/article\\\/tramp-bagdadinin-oldurulduyunu-beyan-edib\\\/#breadcrumb\",\"itemListElement\":[{\"@type\":\"ListItem\",\"position\":1,\"name\":\"Ana s\u0259hif\u0259\",\"item\":\"https:\\\/\\\/www.meydan.tv\\\/az\\\/\"},{\"@type\":\"ListItem\",\"position\":2,\"name\":\"D\u00fcnya\",\"item\":\"https:\\\/\\\/www.meydan.tv\\\/az\\\/section\\\/dunya\\\/\"},{\"@type\":\"ListItem\",\"position\":3,\"name\":\"Tramp Ba\u011fdadinin \u00f6ld\u00fcr\u00fcld\u00fcy\u00fcn\u00fc b\u0259yan edib\"}]},{\"@type\":\"WebSite\",\"@id\":\"https:\\\/\\\/www.meydan.tv\\\/az\\\/#website\",\"url\":\"https:\\\/\\\/www.meydan.tv\\\/az\\\/\",\"name\":\"MEYDAN.TV\",\"description\":\"Meydan TV Az\u0259rbaycan\u0131n media m\u0259kan\u0131ndak\u0131 alternativ s\u0259sidir\",\"publisher\":{\"@id\":\"https:\\\/\\\/www.meydan.tv\\\/az\\\/#organization\"},\"potentialAction\":[{\"@type\":\"SearchAction\",\"target\":{\"@type\":\"EntryPoint\",\"urlTemplate\":\"https:\\\/\\\/www.meydan.tv\\\/az\\\/?s={search_term_string}\"},\"query-input\":{\"@type\":\"PropertyValueSpecification\",\"valueRequired\":true,\"valueName\":\"search_term_string\"}}],\"inLanguage\":\"az\"},{\"@type\":\"Organization\",\"@id\":\"https:\\\/\\\/www.meydan.tv\\\/az\\\/#organization\",\"name\":\"Meydan TV\",\"url\":\"https:\\\/\\\/www.meydan.tv\\\/az\\\/\",\"logo\":{\"@type\":\"ImageObject\",\"inLanguage\":\"az\",\"@id\":\"https:\\\/\\\/www.meydan.tv\\\/az\\\/#\\\/schema\\\/logo\\\/image\\\/\",\"url\":\"https:\\\/\\\/www.meydan.tv\\\/wp-content\\\/uploads\\\/2021\\\/07\\\/meydan-logo.svg\",\"contentUrl\":\"https:\\\/\\\/www.meydan.tv\\\/wp-content\\\/uploads\\\/2021\\\/07\\\/meydan-logo.svg\",\"width\":195,\"height\":46,\"caption\":\"Meydan TV\"},\"image\":{\"@id\":\"https:\\\/\\\/www.meydan.tv\\\/az\\\/#\\\/schema\\\/logo\\\/image\\\/\"}},{\"@type\":\"Person\",\"@id\":\"https:\\\/\\\/www.meydan.tv\\\/az\\\/#\\\/schema\\\/person\\\/10d11eccf6da3662cf5fdab9806ea91a\",\"name\":\"user-manager\"}]}<\/script>\n<!-- \/ Yoast SEO plugin. -->","yoast_head_json":{"title":"Tramp Ba\u011fdadinin \u00f6ld\u00fcr\u00fcld\u00fcy\u00fcn\u00fc b\u0259yan edib - MEYDAN.TV","robots":{"index":"index","follow":"follow","max-snippet":"max-snippet:-1","max-image-preview":"max-image-preview:large","max-video-preview":"max-video-preview:-1"},"canonical":"https:\/\/www.meydan.tv\/az\/article\/tramp-bagdadinin-oldurulduyunu-beyan-edib\/","og_locale":"az_AZ","og_type":"article","og_title":"Tramp Ba\u011fdadinin \u00f6ld\u00fcr\u00fcld\u00fcy\u00fcn\u00fc b\u0259yan edib - MEYDAN.TV","og_description":"\u201cO, x\u0259st\u0259 v\u0259 ba\u015fdan \u00e7\u0131xm\u0131\u015f bir adam idi v\u0259 indi is\u0259 yoxdur\u201d,- Tramp deyib.","og_url":"https:\/\/www.meydan.tv\/az\/article\/tramp-bagdadinin-oldurulduyunu-beyan-edib\/","og_site_name":"MEYDAN.TV","article_published_time":"2019-10-28T19:41:48+00:00","og_image":[{"width":969,"height":545,"url":"https:\/\/www.meydan.tv\/wp-content\/uploads\/bagdadi.jpg","type":"image\/jpeg"}],"author":"user-manager","twitter_card":"summary_large_image","schema":{"@context":"https:\/\/schema.org","@graph":[{"@type":"Article","@id":"https:\/\/www.meydan.tv\/az\/article\/tramp-bagdadinin-oldurulduyunu-beyan-edib\/#article","isPartOf":{"@id":"https:\/\/www.meydan.tv\/az\/article\/tramp-bagdadinin-oldurulduyunu-beyan-edib\/"},"author":{"name":"user-manager","@id":"https:\/\/www.meydan.tv\/az\/#\/schema\/person\/10d11eccf6da3662cf5fdab9806ea91a"},"headline":"Tramp Ba\u011fdadinin \u00f6ld\u00fcr\u00fcld\u00fcy\u00fcn\u00fc b\u0259yan edib","datePublished":"2019-10-28T19:41:48+00:00","mainEntityOfPage":{"@id":"https:\/\/www.meydan.tv\/az\/article\/tramp-bagdadinin-oldurulduyunu-beyan-edib\/"},"wordCount":635,"publisher":{"@id":"https:\/\/www.meydan.tv\/az\/#organization"},"image":{"@id":"https:\/\/www.meydan.tv\/az\/article\/tramp-bagdadinin-oldurulduyunu-beyan-edib\/#primaryimage"},"thumbnailUrl":"https:\/\/www.meydan.tv\/wp-content\/uploads\/bagdadi.jpg","articleSection":["D\u00fcnya"],"inLanguage":"az"},{"@type":"WebPage","@id":"https:\/\/www.meydan.tv\/az\/article\/tramp-bagdadinin-oldurulduyunu-beyan-edib\/","url":"https:\/\/www.meydan.tv\/az\/article\/tramp-bagdadinin-oldurulduyunu-beyan-edib\/","name":"Tramp Ba\u011fdadinin \u00f6ld\u00fcr\u00fcld\u00fcy\u00fcn\u00fc b\u0259yan edib - MEYDAN.TV","isPartOf":{"@id":"https:\/\/www.meydan.tv\/az\/#website"},"primaryImageOfPage":{"@id":"https:\/\/www.meydan.tv\/az\/article\/tramp-bagdadinin-oldurulduyunu-beyan-edib\/#primaryimage"},"image":{"@id":"https:\/\/www.meydan.tv\/az\/article\/tramp-bagdadinin-oldurulduyunu-beyan-edib\/#primaryimage"},"thumbnailUrl":"https:\/\/www.meydan.tv\/wp-content\/uploads\/bagdadi.jpg","datePublished":"2019-10-28T19:41:48+00:00","breadcrumb":{"@id":"https:\/\/www.meydan.tv\/az\/article\/tramp-bagdadinin-oldurulduyunu-beyan-edib\/#breadcrumb"},"inLanguage":"az","potentialAction":[{"@type":"ReadAction","target":["https:\/\/www.meydan.tv\/az\/article\/tramp-bagdadinin-oldurulduyunu-beyan-edib\/"]}]},{"@type":"ImageObject","inLanguage":"az","@id":"https:\/\/www.meydan.tv\/az\/article\/tramp-bagdadinin-oldurulduyunu-beyan-edib\/#primaryimage","url":"https:\/\/www.meydan.tv\/wp-content\/uploads\/bagdadi.jpg","contentUrl":"https:\/\/www.meydan.tv\/wp-content\/uploads\/bagdadi.jpg","width":969,"height":545,"caption":"Source: AFP"},{"@type":"BreadcrumbList","@id":"https:\/\/www.meydan.tv\/az\/article\/tramp-bagdadinin-oldurulduyunu-beyan-edib\/#breadcrumb","itemListElement":[{"@type":"ListItem","position":1,"name":"Ana s\u0259hif\u0259","item":"https:\/\/www.meydan.tv\/az\/"},{"@type":"ListItem","position":2,"name":"D\u00fcnya","item":"https:\/\/www.meydan.tv\/az\/section\/dunya\/"},{"@type":"ListItem","position":3,"name":"Tramp Ba\u011fdadinin \u00f6ld\u00fcr\u00fcld\u00fcy\u00fcn\u00fc b\u0259yan edib"}]},{"@type":"WebSite","@id":"https:\/\/www.meydan.tv\/az\/#website","url":"https:\/\/www.meydan.tv\/az\/","name":"MEYDAN.TV","description":"Meydan TV Az\u0259rbaycan\u0131n media m\u0259kan\u0131ndak\u0131 alternativ s\u0259sidir","publisher":{"@id":"https:\/\/www.meydan.tv\/az\/#organization"},"potentialAction":[{"@type":"SearchAction","target":{"@type":"EntryPoint","urlTemplate":"https:\/\/www.meydan.tv\/az\/?s={search_term_string}"},"query-input":{"@type":"PropertyValueSpecification","valueRequired":true,"valueName":"search_term_string"}}],"inLanguage":"az"},{"@type":"Organization","@id":"https:\/\/www.meydan.tv\/az\/#organization","name":"Meydan TV","url":"https:\/\/www.meydan.tv\/az\/","logo":{"@type":"ImageObject","inLanguage":"az","@id":"https:\/\/www.meydan.tv\/az\/#\/schema\/logo\/image\/","url":"https:\/\/www.meydan.tv\/wp-content\/uploads\/2021\/07\/meydan-logo.svg","contentUrl":"https:\/\/www.meydan.tv\/wp-content\/uploads\/2021\/07\/meydan-logo.svg","width":195,"height":46,"caption":"Meydan TV"},"image":{"@id":"https:\/\/www.meydan.tv\/az\/#\/schema\/logo\/image\/"}},{"@type":"Person","@id":"https:\/\/www.meydan.tv\/az\/#\/schema\/person\/10d11eccf6da3662cf5fdab9806ea91a","name":"user-manager"}]}},"_links":{"self":[{"href":"https:\/\/www.meydan.tv\/az\/wp-json\/wp\/v2\/posts\/197683","targetHints":{"allow":["GET"]}}],"collection":[{"href":"https:\/\/www.meydan.tv\/az\/wp-json\/wp\/v2\/posts"}],"about":[{"href":"https:\/\/www.meydan.tv\/az\/wp-json\/wp\/v2\/types\/post"}],"author":[{"embeddable":true,"href":"https:\/\/www.meydan.tv\/az\/wp-json\/wp\/v2\/users\/11"}],"replies":[{"embeddable":true,"href":"https:\/\/www.meydan.tv\/az\/wp-json\/wp\/v2\/comments?post=197683"}],"version-history":[{"count":0,"href":"https:\/\/www.meydan.tv\/az\/wp-json\/wp\/v2\/posts\/197683\/revisions"}],"wp:featuredmedia":[{"embeddable":true,"href":"https:\/\/www.meydan.tv\/az\/wp-json\/wp\/v2\/media\/132164"}],"wp:attachment":[{"href":"https:\/\/www.meydan.tv\/az\/wp-json\/wp\/v2\/media?parent=197683"}],"wp:term":[{"taxonomy":"category","embeddable":true,"href":"https:\/\/www.meydan.tv\/az\/wp-json\/wp\/v2\/categories?post=197683"},{"taxonomy":"post_tag","embeddable":true,"href":"https:\/\/www.meydan.tv\/az\/wp-json\/wp\/v2\/tags?post=197683"}],"curies":[{"name":"wp","href":"https:\/\/api.w.org\/{rel}","templated":true}]}}