{"id":197670,"date":"2019-10-27T17:53:55","date_gmt":"2019-10-27T17:53:55","guid":{"rendered":"https:\/\/www.meydan.tv\/article\/anamizi-olduren-killer-ve-qetlin-sifarisci-haqda-bas-prokurora-melumat-vermisik\/"},"modified":"2019-10-27T17:53:55","modified_gmt":"2019-10-27T17:53:55","slug":"anamizi-olduren-killer-ve-qetlin-sifarisci-haqda-bas-prokurora-melumat-vermisik","status":"publish","type":"post","link":"https:\/\/www.meydan.tv\/az\/article\/anamizi-olduren-killer-ve-qetlin-sifarisci-haqda-bas-prokurora-melumat-vermisik\/","title":{"rendered":"\u201cAnam\u0131z\u0131 \u00f6ld\u00fcr\u0259n killer v\u0259 q\u0259tlin sifari\u015f\u00e7i haqda Ba\u015f prokurora m\u0259lumat vermi\u015fik\u201d"},"content":{"rendered":"<p>\n  <i><br \/>\n    G\u00fclnar\u0259 H\u0259bibova: \u201cAy Az\u0259rbaycan d\u00f6vl\u0259ti, bizi \u00f6l\u00fcmd\u0259n qurtar!\u201d<br \/>\n  <\/i>\n<\/p>\n<p>\n  Xa\u00e7mazda f\u0259aliyy\u0259t g\u00f6st\u0259r\u0259n \u201cArzu\u201d \u00d6z\u0259l Ticar\u0259t M\u0259rk\u0259zinin q\u0259tl\u0259 yetirilmi\u015f sahib\u0259si N\u0259cim\u0259 Babayevan\u0131n \u00f6vladlar\u0131 Ba\u015f prokurora m\u00fcraci\u0259t edibl\u0259r.\n<\/p>\n<p>\n  Onlar \u00f6t\u0259n h\u0259ft\u0259 Dilar\u0259 \u018fliyeva ad\u0131na Qad\u0131n H\u00fcquqlar\u0131n\u0131n M\u00fcdafi\u0259si C\u0259miyy\u0259tinin ofisind\u0259 ke\u00e7irdikl\u0259ri m\u0259tbuat konfrans\u0131nda da bu bar\u0259d\u0259 m\u0259lumat veribl\u0259r. G\u00fclnar\u0259 v\u0259 Fuad H\u0259bibovlar analar\u0131n\u0131n q\u0259tlinin sifari\u015f\u00e7isi v\u0259 killer haqda Ba\u015f prokurora m\u00fcraci\u0259t etdikl\u0259rini a\u00e7\u0131qlay\u0131blar.\n<\/p>\n<p>\n  G\u00fclnar\u0259 H\u0259bibova deyir ki, analar\u0131n\u0131n q\u0259tlin\u0259 q\u0259d\u0259r ona qar\u015f\u0131 at\u0131lan q\u0259r\u0259zli add\u0131mlar bu g\u00fcn onlara qar\u015f\u0131 da at\u0131l\u0131r:\n<\/p>\n<p>\n  \u201cM\u0259nim m\u00fcraci\u0259tim Az\u0259rbaycan d\u00f6vl\u0259tin\u0259dir. Az\u0259rbaycan d\u00f6vl\u0259ti m\u0259nim v\u0259t\u0259nda\u015f olaraq m\u00fclkiyy\u0259t h\u00fcququmu t\u0259min el\u0259sin. Az\u0259rbaycan d\u00f6vl\u0259ti \u018fmlak Komit\u0259sinin sif\u0259tind\u0259 m\u0259n G\u00fclnara H\u0259bibovaya 1182608 n\u00f6mr\u0259li \u00c7\u0131xar\u0131\u015f verib. H\u0259min \u00c7\u0131xar\u0131\u015f m\u0259nim m\u00fclkiyy\u0259t h\u00fcququmun Az\u0259rbaycan d\u00f6vl\u0259ti ad\u0131ndan tan\u0131nd\u0131\u011f\u0131n\u0131n t\u0259sdiqidir. Ona g\u00f6r\u0259 d\u0259 m\u0259n bu g\u00fcn Az\u0259rbaycan d\u00f6vl\u0259tind\u0259n k\u00f6m\u0259k ist\u0259yir, \u0259mlak\u0131ma olan v\u0259 yax\u0131n g\u00fcnl\u0259rd\u0259 planla\u015fd\u0131r\u0131lan q\u0259sdin \u2013 b\u00f6y\u00fck bir cinay\u0259tin qar\u015f\u0131s\u0131n\u0131n al\u0131nmas\u0131nda yard\u0131m ist\u0259yir\u0259m\u201d.\n<\/p>\n<p>\n  G\u00fclnar\u0259 H\u0259bibovan\u0131n s\u00f6zl\u0259rin\u0259 g\u00f6r\u0259, Xa\u00e7mazda onlara m\u0259xsus bazar\u0131n \u0259ll\u0259rind\u0259n al\u0131nmas\u0131na \u00e7al\u0131\u015fan \u015f\u0259xsl\u0259rin dair\u0259sini bilm\u0259y\u0259n yoxdur:\n<\/p>\n<p>\n  \u201cBir ne\u00e7\u0259 g\u00fcn \u0259vv\u0259l bazar\u0131m\u0131z\u0131n \u0259razisini \u2013 bax\u0131n, m\u00fclkiyy\u0259t h\u00fcququnu t\u0259sdiql\u0259y\u0259n bu s\u0259n\u0259dd\u0259 g\u00f6st\u0259ril\u0259n \u0259razid\u0259n s\u00f6hb\u0259t gedir &#8211; m\u0259hk\u0259m\u0259nin x\u00fcsusi q\u0259rardad\u0131 \u0259sas\u0131nda hasara alm\u0131\u015f\u0131q.\n<\/p>\n<p>\n  Amma indi hasar\u0131n s\u00f6k\u00fclm\u0259sin\u0259 haz\u0131rl\u0131q gedir. Bizim \u2013 m\u0259nim v\u0259 qarda\u015flar\u0131m\u0131n h\u0259yati t\u0259hl\u00fck\u0259si var. Bunu s\u0131radan bir s\u00f6z olaraq demir\u0259m. Anam N\u0259cim\u0259 Babayevan\u0131 m\u0259hz bu bazara g\u00f6r\u0259 sifari\u015fl\u0259 \u00f6ld\u00fcr\u00fcbl\u0259r. \u0130ndi is\u0259 bizim \u0259mlak\u0131m\u0131za v\u0259 h\u0259yat\u0131m\u0131za q\u0259sd haz\u0131rlan\u0131b.\n<\/p>\n<p>\n  Ay Az\u0259rbaycan d\u00f6vl\u0259ti, bizi \u00f6l\u00fcmd\u0259n qurtar! Bizim m\u00fclkiyy\u0259t h\u00fcququmuza q\u0259sdin qar\u015f\u0131s\u0131n\u0131 al!\n<\/p>\n<p>\n  2019-cu ilin mart\u0131na q\u0259d\u0259r d\u00f6z\u00fcb susmu\u015fuq. Anam N\u0259cim\u0259 Babayevan\u0131n q\u0259tli il\u0259 ba\u011fl\u0131 t\u0259f\u0259rratlar\u0131 ictimail\u0259\u015fdirm\u0259mi\u015fik. D\u00fc\u015f\u00fcnm\u00fc\u015f\u00fck ki, d\u00f6vl\u0259t gez-tez bu m\u0259s\u0259l\u0259nin \u00fcst\u00fcn\u00fc a\u00e7acaq. B\u00fct\u00fcn bu ill\u0259r \u0259rzind\u0259 anam\u0131z\u0131n q\u0259tli bar\u0259d\u0259 dan\u0131\u015fmama\u011f\u0131m\u0131z\u0131n s\u0259b\u0259bi istintaq orqan\u0131n\u0131n israrl\u0131 \u015f\u0259kild\u0259 bizd\u0259n g\u00f6zl\u0259m\u0259yimizi xahi\u015f etm\u0259si idi. V\u0259d olunmu\u015fdu ki, qatil v\u0259 sifari\u015f\u00e7i tap\u0131laraq istintaqa c\u0259lb edil\u0259c\u0259kl\u0259r. Lakin bu ba\u015f verm\u0259di, \u0259v\u0259zind\u0259 is\u0259 2017-ci ilin aprelind\u0259n etibar\u0259n bizim ail\u0259miz\u0259 qar\u015f\u0131 t\u0259xribatlar ba\u015flay\u0131b v\u0259 bu g\u00fcn d\u0259 davam edir\u201d.\n<\/p>\n<p>\n  G\u00fclnar\u0259 H\u0259bibova d\u00f6vl\u0259t r\u0259smil\u0259rind\u0259n xahi\u015f edir ki, Xa\u00e7mazda onlara qar\u015f\u0131 ba\u015f ver\u0259n cinay\u0259tl\u0259r ara\u015fd\u0131r\u0131ls\u0131n: \u201cAnam\u0131z N\u0259cim\u0259 Babayevan\u0131n q\u0259tl i\u015fi a\u00e7\u0131ls\u0131n, &#8211; sifari\u015f\u00e7i v\u0259 qatil \u2013 hans\u0131lar ki, kimlikl\u0259ri haqda Ba\u015f prokuror Zakir Qaralova r\u0259smi m\u0259lumat vermi\u015fik.\n<\/p>\n<figure class=\"wp-block-image size-large\">\n  <img decoding=\"async\" src=\"https:\/\/www.meydan.tv\/az\/image_from_ios-1-jpg-49\/\" alt=\"image_from_ios (1).jpg\" class=\"wp-image-132158\"\/><figcaption>\n    G\u00fclnar\u0259 H\u0259bibova<br \/>\n  <\/figcaption><\/figure>\n<p>\n  Siz t\u0259s\u0259vv\u00fcr edin, 2017-ci ild\u0259 m\u0259n\u0259, y\u0259ni G\u00fclnara H\u0259bibovaya qar\u015f\u0131 saxta \u0259sasla Xa\u00e7maz rayon prokuroru Elxan \u018fbd\u00fclr\u0259hmanl\u0131 Az\u0259rbaycan Respublikas\u0131n\u0131n Cinay\u0259t M\u0259c\u0259ll\u0259sinin 322-ci madd\u0259si il\u0259 q\u0259r\u0259zli \u015f\u0259kild\u0259 cinay\u0259t i\u015fi ba\u015flatd\u0131.\n<\/p>\n<p>\n  M\u00fcxt\u0259lif b\u0259han\u0259l\u0259rl\u0259 cinay\u0259t i\u015finin ara\u015fd\u0131r\u0131lmas\u0131n\u0131 2 il uzatd\u0131, 2019-cu ilin yanvar-fevral aylar\u0131nda E.\u018fbd\u00fcrr\u0259himov m\u0259ni aldadaraq, t\u0259qsirl\u0259ndiril\u0259n \u015f\u0259xs elan ed\u0259r\u0259k i\u015fi m\u0259hk\u0259m\u0259 g\u00f6nd\u0259rm\u0259k \u00fc\u00e7\u00fcn c\u0259hd etdi. Amma t\u0259cili \u00f6lk\u0259 h\u00fcdudlar\u0131n\u0131 t\u0259rk etm\u0259yim bu planlar\u0131 bo\u015fa \u00e7\u0131xartd\u0131. Yaln\u0131z 26 iyul 2019-cu il tarixd\u0259 Az\u0259rbaycan Respublikas\u0131n\u0131n Ba\u015f prokuroru c\u0259nab Zakir Qaralovun q\u0259bulunda olduqdan 2 ay sonra \u2013 sentyabr\u0131n 27-d\u0259 i\u015fd\u0259 cinay\u0259t t\u0259rkibi olmad\u0131\u011f\u0131na g\u00f6r\u0259 icraata xitam verildi. C\u0259mi 12 g\u00fcn sonra h\u0259min cinay\u0259t i\u015finin \u0259sas fiquru olan Qurban Sad\u0131xov \u201cAz\u0259ri qarda\u015flar\u0131\u201d \u00d6z\u0259l Ticar\u0259t M\u0259rk\u0259zin\u0259 direktor t\u0259yin olundu. M\u0259hz bu m\u0259qam n\u00f6vb\u0259ti d\u0259f\u0259 t\u0259sdiql\u0259yir ki, biz\u0259 &#8211; anam N\u0259cim\u0259 Babayevan\u0131n \u00f6l\u00fcm\u00fcn\u0259 q\u0259d\u0259r apar\u0131lan, sonra da biz \u00f6vladlar\u0131na qar\u015f\u0131 davam ed\u0259n t\u0259qibl\u0259r eyni m\u0259rk\u0259zd\u0259n idar\u0259 olunur.\n<\/p>\n<p>\n  Anam \u201cArzu\u201d Ticar\u0259t M\u0259rk\u0259zinin sahib\u0259si N\u0259cim\u0259 Babayevan\u0131n q\u0259tlind\u0259n 9 il \u00f6tm\u0259sin\u0259 baxmayaraq, \u00f6l\u00fcm i\u015fi a\u00e7\u0131lmam\u0131\u015f qal\u0131r.\n<\/p>\n<p>\n  \u0130st\u0259dikl\u0259ri d\u0259 budur ki, biz susaq, anam\u0131z\u0131n q\u0259tlinin \u00fcst\u00fcn\u00fcn a\u00e7\u0131lmas\u0131n\u0131 t\u0259l\u0259b etm\u0259y\u0259k, bazar\u0131 da apar\u0131b \u015e\u0259ms\u0259ddin Xanbabayevin ist\u0259diyi adamlara t\u0259hvil ver\u0259k.\n<\/p>\n<p>\n  Buna g\u00f6r\u0259 d\u0259 bizim can\u0131m\u0131za q\u0259sd etm\u0259k planlar\u0131 var. \u00d6ld\u00fcrm\u0259s\u0259l\u0259r, \u015f\u0259rl\u0259yib h\u0259bs\u0259 atd\u0131rmaq, bazar\u0131 \u0259l\u0259 ke\u00e7irm\u0259k ist\u0259yirl\u0259r\u201d.\n<\/p>\n<p>\n  G\u00fclnar\u0259 H\u0259bibovan\u0131n s\u00f6zl\u0259rin\u0259 g\u00f6r\u0259, anas\u0131n\u0131n Rusiyan\u0131n konkret hans\u0131 \u015f\u0259h\u0259rind\u0259n kimin sifari\u015fi il\u0259 g\u0259tiril\u0259n killer t\u0259r\u0259find\u0259n \u00f6ld\u00fcr\u00fclm\u0259si bar\u0259d\u0259 m\u0259lumat \u0259ld\u0259 edibl\u0259r v\u0259 h\u00fcquq-m\u00fchafiz\u0259 orqanlar\u0131ndan cinay\u0259t i\u015finin a\u00e7\u0131lmas\u0131 \u00fc\u00e7\u00fcn \u0259m\u0259li t\u0259dbirl\u0259r g\u00f6rm\u0259l\u0259rini g\u00f6zl\u0259yirl\u0259r:\n<\/p>\n<p>\n  \u201cBizim \u2013 m\u0259nim v\u0259 qarda\u015flar\u0131m\u0131n h\u0259yati t\u0259hl\u00fck\u0259si var. Bunu s\u0131radan bir s\u00f6z olaraq demir\u0259m. Anam N\u0259cim\u0259 Babayevan\u0131 m\u0259hz bu bazara g\u00f6r\u0259 sifari\u015fl\u0259 \u00f6ld\u00fcr\u00fcbl\u0259r. \u0130ndi is\u0259 bizim \u0259mlak\u0131m\u0131za v\u0259 h\u0259yat\u0131m\u0131za q\u0259sd haz\u0131rlan\u0131b\u201d.\n<\/p>\n<figure class=\"wp-block-image size-large\">\n  <img decoding=\"async\" src=\"https:\/\/www.meydan.tv\/az\/image_from_ios-2-jpg-53\/\" alt=\"image_from_ios (2).jpg\" class=\"wp-image-132161\"\/><figcaption>\n    \u00c7\u0131xar\u0131\u015f<br \/>\n  <\/figcaption><\/figure>\n","protected":false},"excerpt":{"rendered":"<p>Siz t\u0259s\u0259vv\u00fcr edin, 2017-ci ild\u0259 m\u0259n\u0259, y\u0259ni G\u00fclnara H\u0259bibovaya qar\u015f\u0131 saxta \u0259sasla Xa\u00e7maz rayon prokuroru Elxan \u018fbd\u00fclr\u0259hmanl\u0131 Az\u0259rbaycan Respublikas\u0131n\u0131n Cinay\u0259t M\u0259c\u0259ll\u0259sinin 322-ci madd\u0259si il\u0259 q\u0259r\u0259zli \u015f\u0259kild\u0259 cinay\u0259t i\u015fi ba\u015flatd\u0131.<\/p>\n","protected":false},"author":11,"featured_media":132155,"comment_status":"closed","ping_status":"open","sticky":false,"template":"","format":"standard","meta":{"_acf_changed":false,"_sitemap_exclude":false,"_sitemap_priority":"","_sitemap_frequency":"","footnotes":""},"categories":[60],"tags":[],"class_list":["post-197670","post","type-post","status-publish","format-standard","has-post-thumbnail","hentry","category-bolge","infinite-scroll-item","generate-columns","tablet-grid-50","mobile-grid-100","grid-parent","grid-33","no-featured-image-padding"],"acf":[],"yoast_head":"<!-- This site is optimized with the Yoast SEO plugin v27.5 - https:\/\/yoast.com\/product\/yoast-seo-wordpress\/ -->\n<title>\u201cAnam\u0131z\u0131 \u00f6ld\u00fcr\u0259n killer v\u0259 q\u0259tlin sifari\u015f\u00e7i haqda Ba\u015f prokurora m\u0259lumat vermi\u015fik\u201d - MEYDAN.TV<\/title>\n<meta name=\"robots\" content=\"index, follow, max-snippet:-1, max-image-preview:large, max-video-preview:-1\" \/>\n<link rel=\"canonical\" href=\"https:\/\/www.meydan.tv\/az\/article\/anamizi-olduren-killer-ve-qetlin-sifarisci-haqda-bas-prokurora-melumat-vermisik\/\" \/>\n<meta property=\"og:locale\" content=\"az_AZ\" \/>\n<meta property=\"og:type\" content=\"article\" \/>\n<meta property=\"og:title\" content=\"\u201cAnam\u0131z\u0131 \u00f6ld\u00fcr\u0259n killer v\u0259 q\u0259tlin sifari\u015f\u00e7i haqda Ba\u015f prokurora m\u0259lumat vermi\u015fik\u201d - MEYDAN.TV\" \/>\n<meta property=\"og:description\" content=\"Siz t\u0259s\u0259vv\u00fcr edin, 2017-ci ild\u0259 m\u0259n\u0259, y\u0259ni G\u00fclnara H\u0259bibovaya qar\u015f\u0131 saxta \u0259sasla Xa\u00e7maz rayon prokuroru Elxan \u018fbd\u00fclr\u0259hmanl\u0131 Az\u0259rbaycan Respublikas\u0131n\u0131n Cinay\u0259t M\u0259c\u0259ll\u0259sinin 322-ci madd\u0259si il\u0259 q\u0259r\u0259zli \u015f\u0259kild\u0259 cinay\u0259t i\u015fi ba\u015flatd\u0131.\" \/>\n<meta property=\"og:url\" content=\"https:\/\/www.meydan.tv\/az\/article\/anamizi-olduren-killer-ve-qetlin-sifarisci-haqda-bas-prokurora-melumat-vermisik\/\" \/>\n<meta property=\"og:site_name\" content=\"MEYDAN.TV\" \/>\n<meta property=\"article:published_time\" content=\"2019-10-27T17:53:55+00:00\" \/>\n<meta property=\"og:image\" content=\"https:\/\/www.meydan.tv\/wp-content\/uploads\/image_from_ios_jodtray.jpg\" \/>\n\t<meta property=\"og:image:width\" content=\"689\" \/>\n\t<meta property=\"og:image:height\" content=\"480\" \/>\n\t<meta property=\"og:image:type\" content=\"image\/jpeg\" \/>\n<meta name=\"author\" content=\"user-manager\" \/>\n<meta name=\"twitter:card\" content=\"summary_large_image\" \/>\n<script type=\"application\/ld+json\" class=\"yoast-schema-graph\">{\"@context\":\"https:\\\/\\\/schema.org\",\"@graph\":[{\"@type\":\"Article\",\"@id\":\"https:\\\/\\\/www.meydan.tv\\\/az\\\/article\\\/anamizi-olduren-killer-ve-qetlin-sifarisci-haqda-bas-prokurora-melumat-vermisik\\\/#article\",\"isPartOf\":{\"@id\":\"https:\\\/\\\/www.meydan.tv\\\/az\\\/article\\\/anamizi-olduren-killer-ve-qetlin-sifarisci-haqda-bas-prokurora-melumat-vermisik\\\/\"},\"author\":{\"name\":\"user-manager\",\"@id\":\"https:\\\/\\\/www.meydan.tv\\\/az\\\/#\\\/schema\\\/person\\\/10d11eccf6da3662cf5fdab9806ea91a\"},\"headline\":\"\u201cAnam\u0131z\u0131 \u00f6ld\u00fcr\u0259n killer v\u0259 q\u0259tlin sifari\u015f\u00e7i haqda Ba\u015f prokurora m\u0259lumat vermi\u015fik\u201d\",\"datePublished\":\"2019-10-27T17:53:55+00:00\",\"mainEntityOfPage\":{\"@id\":\"https:\\\/\\\/www.meydan.tv\\\/az\\\/article\\\/anamizi-olduren-killer-ve-qetlin-sifarisci-haqda-bas-prokurora-melumat-vermisik\\\/\"},\"wordCount\":1127,\"publisher\":{\"@id\":\"https:\\\/\\\/www.meydan.tv\\\/az\\\/#organization\"},\"image\":{\"@id\":\"https:\\\/\\\/www.meydan.tv\\\/az\\\/article\\\/anamizi-olduren-killer-ve-qetlin-sifarisci-haqda-bas-prokurora-melumat-vermisik\\\/#primaryimage\"},\"thumbnailUrl\":\"https:\\\/\\\/www.meydan.tv\\\/wp-content\\\/uploads\\\/image_from_ios_jodtray.jpg\",\"articleSection\":[\"B\u00f6lg\u0259\"],\"inLanguage\":\"az\"},{\"@type\":\"WebPage\",\"@id\":\"https:\\\/\\\/www.meydan.tv\\\/az\\\/article\\\/anamizi-olduren-killer-ve-qetlin-sifarisci-haqda-bas-prokurora-melumat-vermisik\\\/\",\"url\":\"https:\\\/\\\/www.meydan.tv\\\/az\\\/article\\\/anamizi-olduren-killer-ve-qetlin-sifarisci-haqda-bas-prokurora-melumat-vermisik\\\/\",\"name\":\"\u201cAnam\u0131z\u0131 \u00f6ld\u00fcr\u0259n killer v\u0259 q\u0259tlin sifari\u015f\u00e7i haqda Ba\u015f prokurora m\u0259lumat vermi\u015fik\u201d - MEYDAN.TV\",\"isPartOf\":{\"@id\":\"https:\\\/\\\/www.meydan.tv\\\/az\\\/#website\"},\"primaryImageOfPage\":{\"@id\":\"https:\\\/\\\/www.meydan.tv\\\/az\\\/article\\\/anamizi-olduren-killer-ve-qetlin-sifarisci-haqda-bas-prokurora-melumat-vermisik\\\/#primaryimage\"},\"image\":{\"@id\":\"https:\\\/\\\/www.meydan.tv\\\/az\\\/article\\\/anamizi-olduren-killer-ve-qetlin-sifarisci-haqda-bas-prokurora-melumat-vermisik\\\/#primaryimage\"},\"thumbnailUrl\":\"https:\\\/\\\/www.meydan.tv\\\/wp-content\\\/uploads\\\/image_from_ios_jodtray.jpg\",\"datePublished\":\"2019-10-27T17:53:55+00:00\",\"breadcrumb\":{\"@id\":\"https:\\\/\\\/www.meydan.tv\\\/az\\\/article\\\/anamizi-olduren-killer-ve-qetlin-sifarisci-haqda-bas-prokurora-melumat-vermisik\\\/#breadcrumb\"},\"inLanguage\":\"az\",\"potentialAction\":[{\"@type\":\"ReadAction\",\"target\":[\"https:\\\/\\\/www.meydan.tv\\\/az\\\/article\\\/anamizi-olduren-killer-ve-qetlin-sifarisci-haqda-bas-prokurora-melumat-vermisik\\\/\"]}]},{\"@type\":\"ImageObject\",\"inLanguage\":\"az\",\"@id\":\"https:\\\/\\\/www.meydan.tv\\\/az\\\/article\\\/anamizi-olduren-killer-ve-qetlin-sifarisci-haqda-bas-prokurora-melumat-vermisik\\\/#primaryimage\",\"url\":\"https:\\\/\\\/www.meydan.tv\\\/wp-content\\\/uploads\\\/image_from_ios_jodtray.jpg\",\"contentUrl\":\"https:\\\/\\\/www.meydan.tv\\\/wp-content\\\/uploads\\\/image_from_ios_jodtray.jpg\",\"width\":689,\"height\":480,\"caption\":\"Source: Foto: Meydan TV\"},{\"@type\":\"BreadcrumbList\",\"@id\":\"https:\\\/\\\/www.meydan.tv\\\/az\\\/article\\\/anamizi-olduren-killer-ve-qetlin-sifarisci-haqda-bas-prokurora-melumat-vermisik\\\/#breadcrumb\",\"itemListElement\":[{\"@type\":\"ListItem\",\"position\":1,\"name\":\"Ana s\u0259hif\u0259\",\"item\":\"https:\\\/\\\/www.meydan.tv\\\/az\\\/\"},{\"@type\":\"ListItem\",\"position\":2,\"name\":\"B\u00f6lg\u0259\",\"item\":\"https:\\\/\\\/www.meydan.tv\\\/az\\\/section\\\/bolge\\\/\"},{\"@type\":\"ListItem\",\"position\":3,\"name\":\"\u201cAnam\u0131z\u0131 \u00f6ld\u00fcr\u0259n killer v\u0259 q\u0259tlin sifari\u015f\u00e7i haqda Ba\u015f prokurora m\u0259lumat vermi\u015fik\u201d\"}]},{\"@type\":\"WebSite\",\"@id\":\"https:\\\/\\\/www.meydan.tv\\\/az\\\/#website\",\"url\":\"https:\\\/\\\/www.meydan.tv\\\/az\\\/\",\"name\":\"MEYDAN.TV\",\"description\":\"Meydan TV Az\u0259rbaycan\u0131n media m\u0259kan\u0131ndak\u0131 alternativ s\u0259sidir\",\"publisher\":{\"@id\":\"https:\\\/\\\/www.meydan.tv\\\/az\\\/#organization\"},\"potentialAction\":[{\"@type\":\"SearchAction\",\"target\":{\"@type\":\"EntryPoint\",\"urlTemplate\":\"https:\\\/\\\/www.meydan.tv\\\/az\\\/?s={search_term_string}\"},\"query-input\":{\"@type\":\"PropertyValueSpecification\",\"valueRequired\":true,\"valueName\":\"search_term_string\"}}],\"inLanguage\":\"az\"},{\"@type\":\"Organization\",\"@id\":\"https:\\\/\\\/www.meydan.tv\\\/az\\\/#organization\",\"name\":\"Meydan TV\",\"url\":\"https:\\\/\\\/www.meydan.tv\\\/az\\\/\",\"logo\":{\"@type\":\"ImageObject\",\"inLanguage\":\"az\",\"@id\":\"https:\\\/\\\/www.meydan.tv\\\/az\\\/#\\\/schema\\\/logo\\\/image\\\/\",\"url\":\"https:\\\/\\\/www.meydan.tv\\\/wp-content\\\/uploads\\\/2021\\\/07\\\/meydan-logo.svg\",\"contentUrl\":\"https:\\\/\\\/www.meydan.tv\\\/wp-content\\\/uploads\\\/2021\\\/07\\\/meydan-logo.svg\",\"width\":195,\"height\":46,\"caption\":\"Meydan TV\"},\"image\":{\"@id\":\"https:\\\/\\\/www.meydan.tv\\\/az\\\/#\\\/schema\\\/logo\\\/image\\\/\"}},{\"@type\":\"Person\",\"@id\":\"https:\\\/\\\/www.meydan.tv\\\/az\\\/#\\\/schema\\\/person\\\/10d11eccf6da3662cf5fdab9806ea91a\",\"name\":\"user-manager\"}]}<\/script>\n<!-- \/ Yoast SEO plugin. -->","yoast_head_json":{"title":"\u201cAnam\u0131z\u0131 \u00f6ld\u00fcr\u0259n killer v\u0259 q\u0259tlin sifari\u015f\u00e7i haqda Ba\u015f prokurora m\u0259lumat vermi\u015fik\u201d - MEYDAN.TV","robots":{"index":"index","follow":"follow","max-snippet":"max-snippet:-1","max-image-preview":"max-image-preview:large","max-video-preview":"max-video-preview:-1"},"canonical":"https:\/\/www.meydan.tv\/az\/article\/anamizi-olduren-killer-ve-qetlin-sifarisci-haqda-bas-prokurora-melumat-vermisik\/","og_locale":"az_AZ","og_type":"article","og_title":"\u201cAnam\u0131z\u0131 \u00f6ld\u00fcr\u0259n killer v\u0259 q\u0259tlin sifari\u015f\u00e7i haqda Ba\u015f prokurora m\u0259lumat vermi\u015fik\u201d - MEYDAN.TV","og_description":"Siz t\u0259s\u0259vv\u00fcr edin, 2017-ci ild\u0259 m\u0259n\u0259, y\u0259ni G\u00fclnara H\u0259bibovaya qar\u015f\u0131 saxta \u0259sasla Xa\u00e7maz rayon prokuroru Elxan \u018fbd\u00fclr\u0259hmanl\u0131 Az\u0259rbaycan Respublikas\u0131n\u0131n Cinay\u0259t M\u0259c\u0259ll\u0259sinin 322-ci madd\u0259si il\u0259 q\u0259r\u0259zli \u015f\u0259kild\u0259 cinay\u0259t i\u015fi ba\u015flatd\u0131.","og_url":"https:\/\/www.meydan.tv\/az\/article\/anamizi-olduren-killer-ve-qetlin-sifarisci-haqda-bas-prokurora-melumat-vermisik\/","og_site_name":"MEYDAN.TV","article_published_time":"2019-10-27T17:53:55+00:00","og_image":[{"width":689,"height":480,"url":"https:\/\/www.meydan.tv\/wp-content\/uploads\/image_from_ios_jodtray.jpg","type":"image\/jpeg"}],"author":"user-manager","twitter_card":"summary_large_image","schema":{"@context":"https:\/\/schema.org","@graph":[{"@type":"Article","@id":"https:\/\/www.meydan.tv\/az\/article\/anamizi-olduren-killer-ve-qetlin-sifarisci-haqda-bas-prokurora-melumat-vermisik\/#article","isPartOf":{"@id":"https:\/\/www.meydan.tv\/az\/article\/anamizi-olduren-killer-ve-qetlin-sifarisci-haqda-bas-prokurora-melumat-vermisik\/"},"author":{"name":"user-manager","@id":"https:\/\/www.meydan.tv\/az\/#\/schema\/person\/10d11eccf6da3662cf5fdab9806ea91a"},"headline":"\u201cAnam\u0131z\u0131 \u00f6ld\u00fcr\u0259n killer v\u0259 q\u0259tlin sifari\u015f\u00e7i haqda Ba\u015f prokurora m\u0259lumat vermi\u015fik\u201d","datePublished":"2019-10-27T17:53:55+00:00","mainEntityOfPage":{"@id":"https:\/\/www.meydan.tv\/az\/article\/anamizi-olduren-killer-ve-qetlin-sifarisci-haqda-bas-prokurora-melumat-vermisik\/"},"wordCount":1127,"publisher":{"@id":"https:\/\/www.meydan.tv\/az\/#organization"},"image":{"@id":"https:\/\/www.meydan.tv\/az\/article\/anamizi-olduren-killer-ve-qetlin-sifarisci-haqda-bas-prokurora-melumat-vermisik\/#primaryimage"},"thumbnailUrl":"https:\/\/www.meydan.tv\/wp-content\/uploads\/image_from_ios_jodtray.jpg","articleSection":["B\u00f6lg\u0259"],"inLanguage":"az"},{"@type":"WebPage","@id":"https:\/\/www.meydan.tv\/az\/article\/anamizi-olduren-killer-ve-qetlin-sifarisci-haqda-bas-prokurora-melumat-vermisik\/","url":"https:\/\/www.meydan.tv\/az\/article\/anamizi-olduren-killer-ve-qetlin-sifarisci-haqda-bas-prokurora-melumat-vermisik\/","name":"\u201cAnam\u0131z\u0131 \u00f6ld\u00fcr\u0259n killer v\u0259 q\u0259tlin sifari\u015f\u00e7i haqda Ba\u015f prokurora m\u0259lumat vermi\u015fik\u201d - MEYDAN.TV","isPartOf":{"@id":"https:\/\/www.meydan.tv\/az\/#website"},"primaryImageOfPage":{"@id":"https:\/\/www.meydan.tv\/az\/article\/anamizi-olduren-killer-ve-qetlin-sifarisci-haqda-bas-prokurora-melumat-vermisik\/#primaryimage"},"image":{"@id":"https:\/\/www.meydan.tv\/az\/article\/anamizi-olduren-killer-ve-qetlin-sifarisci-haqda-bas-prokurora-melumat-vermisik\/#primaryimage"},"thumbnailUrl":"https:\/\/www.meydan.tv\/wp-content\/uploads\/image_from_ios_jodtray.jpg","datePublished":"2019-10-27T17:53:55+00:00","breadcrumb":{"@id":"https:\/\/www.meydan.tv\/az\/article\/anamizi-olduren-killer-ve-qetlin-sifarisci-haqda-bas-prokurora-melumat-vermisik\/#breadcrumb"},"inLanguage":"az","potentialAction":[{"@type":"ReadAction","target":["https:\/\/www.meydan.tv\/az\/article\/anamizi-olduren-killer-ve-qetlin-sifarisci-haqda-bas-prokurora-melumat-vermisik\/"]}]},{"@type":"ImageObject","inLanguage":"az","@id":"https:\/\/www.meydan.tv\/az\/article\/anamizi-olduren-killer-ve-qetlin-sifarisci-haqda-bas-prokurora-melumat-vermisik\/#primaryimage","url":"https:\/\/www.meydan.tv\/wp-content\/uploads\/image_from_ios_jodtray.jpg","contentUrl":"https:\/\/www.meydan.tv\/wp-content\/uploads\/image_from_ios_jodtray.jpg","width":689,"height":480,"caption":"Source: Foto: Meydan TV"},{"@type":"BreadcrumbList","@id":"https:\/\/www.meydan.tv\/az\/article\/anamizi-olduren-killer-ve-qetlin-sifarisci-haqda-bas-prokurora-melumat-vermisik\/#breadcrumb","itemListElement":[{"@type":"ListItem","position":1,"name":"Ana s\u0259hif\u0259","item":"https:\/\/www.meydan.tv\/az\/"},{"@type":"ListItem","position":2,"name":"B\u00f6lg\u0259","item":"https:\/\/www.meydan.tv\/az\/section\/bolge\/"},{"@type":"ListItem","position":3,"name":"\u201cAnam\u0131z\u0131 \u00f6ld\u00fcr\u0259n killer v\u0259 q\u0259tlin sifari\u015f\u00e7i haqda Ba\u015f prokurora m\u0259lumat vermi\u015fik\u201d"}]},{"@type":"WebSite","@id":"https:\/\/www.meydan.tv\/az\/#website","url":"https:\/\/www.meydan.tv\/az\/","name":"MEYDAN.TV","description":"Meydan TV Az\u0259rbaycan\u0131n media m\u0259kan\u0131ndak\u0131 alternativ s\u0259sidir","publisher":{"@id":"https:\/\/www.meydan.tv\/az\/#organization"},"potentialAction":[{"@type":"SearchAction","target":{"@type":"EntryPoint","urlTemplate":"https:\/\/www.meydan.tv\/az\/?s={search_term_string}"},"query-input":{"@type":"PropertyValueSpecification","valueRequired":true,"valueName":"search_term_string"}}],"inLanguage":"az"},{"@type":"Organization","@id":"https:\/\/www.meydan.tv\/az\/#organization","name":"Meydan TV","url":"https:\/\/www.meydan.tv\/az\/","logo":{"@type":"ImageObject","inLanguage":"az","@id":"https:\/\/www.meydan.tv\/az\/#\/schema\/logo\/image\/","url":"https:\/\/www.meydan.tv\/wp-content\/uploads\/2021\/07\/meydan-logo.svg","contentUrl":"https:\/\/www.meydan.tv\/wp-content\/uploads\/2021\/07\/meydan-logo.svg","width":195,"height":46,"caption":"Meydan TV"},"image":{"@id":"https:\/\/www.meydan.tv\/az\/#\/schema\/logo\/image\/"}},{"@type":"Person","@id":"https:\/\/www.meydan.tv\/az\/#\/schema\/person\/10d11eccf6da3662cf5fdab9806ea91a","name":"user-manager"}]}},"_links":{"self":[{"href":"https:\/\/www.meydan.tv\/az\/wp-json\/wp\/v2\/posts\/197670","targetHints":{"allow":["GET"]}}],"collection":[{"href":"https:\/\/www.meydan.tv\/az\/wp-json\/wp\/v2\/posts"}],"about":[{"href":"https:\/\/www.meydan.tv\/az\/wp-json\/wp\/v2\/types\/post"}],"author":[{"embeddable":true,"href":"https:\/\/www.meydan.tv\/az\/wp-json\/wp\/v2\/users\/11"}],"replies":[{"embeddable":true,"href":"https:\/\/www.meydan.tv\/az\/wp-json\/wp\/v2\/comments?post=197670"}],"version-history":[{"count":0,"href":"https:\/\/www.meydan.tv\/az\/wp-json\/wp\/v2\/posts\/197670\/revisions"}],"wp:featuredmedia":[{"embeddable":true,"href":"https:\/\/www.meydan.tv\/az\/wp-json\/wp\/v2\/media\/132155"}],"wp:attachment":[{"href":"https:\/\/www.meydan.tv\/az\/wp-json\/wp\/v2\/media?parent=197670"}],"wp:term":[{"taxonomy":"category","embeddable":true,"href":"https:\/\/www.meydan.tv\/az\/wp-json\/wp\/v2\/categories?post=197670"},{"taxonomy":"post_tag","embeddable":true,"href":"https:\/\/www.meydan.tv\/az\/wp-json\/wp\/v2\/tags?post=197670"}],"curies":[{"name":"wp","href":"https:\/\/api.w.org\/{rel}","templated":true}]}}