{"id":197665,"date":"2019-10-27T15:10:22","date_gmt":"2019-10-27T15:10:22","guid":{"rendered":"https:\/\/www.meydan.tv\/article\/reqibi-hebib-nurmaqomedov-rusiya-bayragi-altinda-doyusmeyecek-doyuscu-revansa-cagirilir\/"},"modified":"2019-10-27T15:10:22","modified_gmt":"2019-10-27T15:10:22","slug":"reqibi-hebib-nurmaqomedov-rusiya-bayragi-altinda-doyusmeyecek-doyuscu-revansa-cagirilir","status":"publish","type":"post","link":"https:\/\/www.meydan.tv\/az\/article\/reqibi-hebib-nurmaqomedov-rusiya-bayragi-altinda-doyusmeyecek-doyuscu-revansa-cagirilir\/","title":{"rendered":"R\u0259qibi: H\u0259bib Nurmaqomedov Rusiya bayra\u011f\u0131 alt\u0131nda d\u00f6y\u00fc\u015fm\u0259y\u0259c\u0259k D\u00f6y\u00fc\u015f\u00e7\u00fc revan\u015fa \u00e7a\u011f\u0131r\u0131l\u0131r"},"content":{"rendered":"<p>\n  M\u0259qal\u0259<br \/>\n  <a href=\"https:\/\/www.kavkaz-uzel.eu\/articles\/341592\"><br \/>\n    \u041a\u0430\u0432\u043a\u0430\u0437\u0441\u043a\u0438\u0439 \u0423\u0437\u0435\u043b<br \/>\n  <\/a><br \/>\n  sayt\u0131nda d\u0259rc olunub\n<\/p>\n<p>\n  Da\u011f\u0131stanl\u0131 d\u00f6y\u00fc\u015f\u00e7\u00fc H\u0259bib Nurmaqomedov Rusiyan\u0131n t\u0259r\u0259find\u0259 d\u00f6y\u00fc\u015fm\u00fcr, y\u0259ni d\u00f6y\u00fc\u015fl\u0259r\u0259 bu \u00f6lk\u0259nin bayra\u011f\u0131 alt\u0131nda \u00e7\u0131xm\u0131r. R\u0259qibi Konor Makqreqor b\u0259yan edib. \u0130dman\u00e7\u0131n\u0131n dediyin\u0259 g\u00f6r\u0259, onun H\u0259bibl\u0259 revan\u015f\u0131 qa\u00e7\u0131lmazd\u0131r.\n<\/p>\n<p>\n  \u201cKavkazski uzel\u201din yazd\u0131\u011f\u0131na g\u00f6r\u0259, 2018-ci il oktyabr\u0131n 7-d\u0259 Las-Veqasda ke\u00e7iril\u0259n UFC 229 yar\u0131\u015f\u0131nda H\u0259bib Nurmaqomedov irlandiyal\u0131 Konor Makqreqora qalib g\u0259lib v\u0259 y\u00fcng\u00fcl \u00e7\u0259kid\u0259 \u00e7empion k\u0259m\u0259rini qoruyub saxlay\u0131b. 2018-ci il oktyabr\u0131n 16-da Nurmaqomedov Makqreqorla d\u00f6y\u00fc\u015f-revan\u015fdan imtina edib, h\u0259r\u00e7\u0259nd idman\u00e7\u0131 ona 15 milyon dollar t\u0259klif edib. Lakin yanvar\u0131n 1-d\u0259 UFC-nin prezidenti Deyn Uayt b\u0259yan edib ki, Konor Makqreqorla H\u0259bib Nurmaqomedov aras\u0131nda t\u0259krar d\u00f6y\u00fc\u015f 2019-cu ild\u0259 ba\u015f tutacaq.\n<\/p>\n<p>\n  D\u00f6y\u00fc\u015fd\u0259n sonra Nurmaqomedovla r\u0259qibin komanda \u00fczvl\u0259ri aras\u0131nda dava ba\u015f verib. Nevadan\u0131n atletik komissiyas\u0131 h\u0259r iki d\u00f6y\u00fc\u015f\u00e7\u00fcn\u00fc 2018-ci il dekabr\u0131n 10-d\u0259k d\u00f6y\u00fc\u015fl\u0259rd\u0259n k\u0259narla\u015fd\u0131rmaq q\u0259rar\u0131n\u0131 al\u0131b. Qar\u0131\u015f\u0131q \u00fcslublu irland d\u00f6y\u00fc\u015f\u00e7\u00fc, iki \u00e7\u0259ki kateqoriyas\u0131nda UFC-nin ke\u00e7mi\u015f \u00e7empionu Konor Makqreqor bu g\u00fcn Moskvada m\u0259tbuat konfrans\u0131 ke\u00e7irib. Makqreqorun fikrinc\u0259, H\u0259bib \u201crisk etm\u0259kd\u0259n qorxur\u201d v\u0259 \u201cyaln\u0131z qalib g\u0259l\u0259 bil\u0259c\u0259yi k\u0259sl\u0259rl\u0259 d\u00f6y\u00fc\u015f\u00fcr\u201d.\n<\/p>\n<p>\n  H\u0259bib\u0259 m\u0259\u011flub olduqdan sonra bir il d\u00f6y\u00fc\u015fl\u0259rd\u0259 i\u015ftirak etm\u0259y\u0259n irlandiyal\u0131 idman\u00e7\u0131 oktaqona qay\u0131d\u0131\u015f\u0131 bar\u0259d\u0259 b\u0259yan edib. O, Nurmaqomedovla revan\u015f d\u00f6y\u00fc\u015f\u0259 nail olmaq v\u0259 onu Moskvada ke\u00e7irm\u0259k ist\u0259yir.\n<\/p>\n<p>\n  \u201cOna dedim ki, (Nurmaqomedov \u2013 \u201cKavkazski uzel\u201din qeydi) haracan ist\u0259yirs\u0259n qa\u00e7, amma revan\u015fdan can\u0131n\u0131 qurtara bilm\u0259y\u0259c\u0259ks\u0259n\u201d (&#8230;) Nurmaqomedovun Rusiyan\u0131 t\u0259msil etdiyini sanm\u0131ram, onun bayra\u011f\u0131 hardad\u0131r? M\u0259n \u0130rlandiyan\u0131 t\u0259msil edir\u0259m v\u0259 h\u0259mi\u015f\u0259 d\u00f6y\u00fc\u015f\u0259 irland bayra\u011f\u0131 alt\u0131nda \u00e7\u0131x\u0131ram. Nurmaqomedov Rusiyan\u0131n t\u0259r\u0259find\u0259 d\u00f6y\u00fc\u015fm\u00fcr\u201d, \u2013 \u201c<br \/>\n  <a href=\"https:\/\/slack-redir.net\/link?url=http%3A%2F%2F%C3%87empionat.com\"><br \/>\n    \u00c7empionat.com<br \/>\n  <\/a><br \/>\n  \u201d Makqreqordan sitat g\u0259tirir.\n<\/p>\n<p>\n  Makqreqor el\u0259 h\u0259min m\u0259tbuat konfrans\u0131nda b\u0259yan edib ki, r\u0259qibinin v\u0259t\u0259nin\u0259 \u2013 Da\u011f\u0131stana ayaq basmaq ist\u0259mir.\n<\/p>\n<p>\n  O, H\u0259bibin yerlil\u0259rini yax\u015f\u0131 qiym\u0259tl\u0259ndirm\u0259yib. H\u0259r\u00e7\u0259nd r\u0259qibi il\u0259 n\u0259 vaxtsa bar\u0131\u015faca\u011f\u0131n\u0131 da istisna etmir.\u201cM\u0259n H\u0259bib\u0259 nifr\u0259t b\u0259sl\u0259mir\u0259m. Bu, q\u0131z\u011f\u0131n r\u0259qab\u0259tdir v\u0259 tezlikl\u0259 \u00e7\u00f6z\u00fcl\u0259c\u0259k. B\u0259lk\u0259 d\u0259 n\u0259 vaxtsa bar\u0131\u015far\u0131q\u201d, \u2013 o deyib.<\/p>\n","protected":false},"excerpt":{"rendered":"<p>H\u0259bib\u0259 m\u0259\u011flub olduqdan sonra bir il d\u00f6y\u00fc\u015fl\u0259rd\u0259 i\u015ftirak etm\u0259y\u0259n irlandiyal\u0131 idman\u00e7\u0131 oktaqona qay\u0131d\u0131\u015f\u0131 bar\u0259d\u0259 b\u0259yan edib. O, Nurmaqomedovla revan\u015f d\u00f6y\u00fc\u015f\u0259 nail olmaq v\u0259 onu Moskvada ke\u00e7irm\u0259k ist\u0259yir<\/p>\n","protected":false},"author":11,"featured_media":132140,"comment_status":"closed","ping_status":"open","sticky":false,"template":"","format":"standard","meta":{"_acf_changed":false,"_sitemap_exclude":false,"_sitemap_priority":"","_sitemap_frequency":"","footnotes":""},"categories":[64],"tags":[],"class_list":["post-197665","post","type-post","status-publish","format-standard","has-post-thumbnail","hentry","category-dunya","infinite-scroll-item","generate-columns","tablet-grid-50","mobile-grid-100","grid-parent","grid-33","no-featured-image-padding"],"acf":[],"yoast_head":"<!-- This site is optimized with the Yoast SEO plugin v27.5 - https:\/\/yoast.com\/product\/yoast-seo-wordpress\/ -->\n<title>R\u0259qibi: H\u0259bib Nurmaqomedov Rusiya bayra\u011f\u0131 alt\u0131nda d\u00f6y\u00fc\u015fm\u0259y\u0259c\u0259k D\u00f6y\u00fc\u015f\u00e7\u00fc revan\u015fa \u00e7a\u011f\u0131r\u0131l\u0131r - MEYDAN.TV<\/title>\n<meta name=\"robots\" content=\"index, follow, max-snippet:-1, max-image-preview:large, max-video-preview:-1\" \/>\n<link rel=\"canonical\" href=\"https:\/\/www.meydan.tv\/az\/article\/reqibi-hebib-nurmaqomedov-rusiya-bayragi-altinda-doyusmeyecek-doyuscu-revansa-cagirilir\/\" \/>\n<meta property=\"og:locale\" content=\"az_AZ\" \/>\n<meta property=\"og:type\" content=\"article\" \/>\n<meta property=\"og:title\" content=\"R\u0259qibi: H\u0259bib Nurmaqomedov Rusiya bayra\u011f\u0131 alt\u0131nda d\u00f6y\u00fc\u015fm\u0259y\u0259c\u0259k D\u00f6y\u00fc\u015f\u00e7\u00fc revan\u015fa \u00e7a\u011f\u0131r\u0131l\u0131r - MEYDAN.TV\" \/>\n<meta property=\"og:description\" content=\"H\u0259bib\u0259 m\u0259\u011flub olduqdan sonra bir il d\u00f6y\u00fc\u015fl\u0259rd\u0259 i\u015ftirak etm\u0259y\u0259n irlandiyal\u0131 idman\u00e7\u0131 oktaqona qay\u0131d\u0131\u015f\u0131 bar\u0259d\u0259 b\u0259yan edib. O, Nurmaqomedovla revan\u015f d\u00f6y\u00fc\u015f\u0259 nail olmaq v\u0259 onu Moskvada ke\u00e7irm\u0259k ist\u0259yir\" \/>\n<meta property=\"og:url\" content=\"https:\/\/www.meydan.tv\/az\/article\/reqibi-hebib-nurmaqomedov-rusiya-bayragi-altinda-doyusmeyecek-doyuscu-revansa-cagirilir\/\" \/>\n<meta property=\"og:site_name\" content=\"MEYDAN.TV\" \/>\n<meta property=\"article:published_time\" content=\"2019-10-27T15:10:22+00:00\" \/>\n<meta property=\"og:image\" content=\"https:\/\/www.meydan.tv\/wp-content\/uploads\/inx960x640_86cqhyy.jpg\" \/>\n\t<meta property=\"og:image:width\" content=\"857\" \/>\n\t<meta property=\"og:image:height\" content=\"640\" \/>\n\t<meta property=\"og:image:type\" content=\"image\/jpeg\" \/>\n<meta name=\"author\" content=\"user-manager\" \/>\n<meta name=\"twitter:card\" content=\"summary_large_image\" \/>\n<script type=\"application\/ld+json\" class=\"yoast-schema-graph\">{\"@context\":\"https:\\\/\\\/schema.org\",\"@graph\":[{\"@type\":\"Article\",\"@id\":\"https:\\\/\\\/www.meydan.tv\\\/az\\\/article\\\/reqibi-hebib-nurmaqomedov-rusiya-bayragi-altinda-doyusmeyecek-doyuscu-revansa-cagirilir\\\/#article\",\"isPartOf\":{\"@id\":\"https:\\\/\\\/www.meydan.tv\\\/az\\\/article\\\/reqibi-hebib-nurmaqomedov-rusiya-bayragi-altinda-doyusmeyecek-doyuscu-revansa-cagirilir\\\/\"},\"author\":{\"name\":\"user-manager\",\"@id\":\"https:\\\/\\\/www.meydan.tv\\\/az\\\/#\\\/schema\\\/person\\\/10d11eccf6da3662cf5fdab9806ea91a\"},\"headline\":\"R\u0259qibi: H\u0259bib Nurmaqomedov Rusiya bayra\u011f\u0131 alt\u0131nda d\u00f6y\u00fc\u015fm\u0259y\u0259c\u0259k D\u00f6y\u00fc\u015f\u00e7\u00fc revan\u015fa \u00e7a\u011f\u0131r\u0131l\u0131r\",\"datePublished\":\"2019-10-27T15:10:22+00:00\",\"mainEntityOfPage\":{\"@id\":\"https:\\\/\\\/www.meydan.tv\\\/az\\\/article\\\/reqibi-hebib-nurmaqomedov-rusiya-bayragi-altinda-doyusmeyecek-doyuscu-revansa-cagirilir\\\/\"},\"wordCount\":547,\"publisher\":{\"@id\":\"https:\\\/\\\/www.meydan.tv\\\/az\\\/#organization\"},\"image\":{\"@id\":\"https:\\\/\\\/www.meydan.tv\\\/az\\\/article\\\/reqibi-hebib-nurmaqomedov-rusiya-bayragi-altinda-doyusmeyecek-doyuscu-revansa-cagirilir\\\/#primaryimage\"},\"thumbnailUrl\":\"https:\\\/\\\/www.meydan.tv\\\/wp-content\\\/uploads\\\/inx960x640_86cqhyy.jpg\",\"articleSection\":[\"D\u00fcnya\"],\"inLanguage\":\"az\"},{\"@type\":\"WebPage\",\"@id\":\"https:\\\/\\\/www.meydan.tv\\\/az\\\/article\\\/reqibi-hebib-nurmaqomedov-rusiya-bayragi-altinda-doyusmeyecek-doyuscu-revansa-cagirilir\\\/\",\"url\":\"https:\\\/\\\/www.meydan.tv\\\/az\\\/article\\\/reqibi-hebib-nurmaqomedov-rusiya-bayragi-altinda-doyusmeyecek-doyuscu-revansa-cagirilir\\\/\",\"name\":\"R\u0259qibi: H\u0259bib Nurmaqomedov Rusiya bayra\u011f\u0131 alt\u0131nda d\u00f6y\u00fc\u015fm\u0259y\u0259c\u0259k D\u00f6y\u00fc\u015f\u00e7\u00fc revan\u015fa \u00e7a\u011f\u0131r\u0131l\u0131r - MEYDAN.TV\",\"isPartOf\":{\"@id\":\"https:\\\/\\\/www.meydan.tv\\\/az\\\/#website\"},\"primaryImageOfPage\":{\"@id\":\"https:\\\/\\\/www.meydan.tv\\\/az\\\/article\\\/reqibi-hebib-nurmaqomedov-rusiya-bayragi-altinda-doyusmeyecek-doyuscu-revansa-cagirilir\\\/#primaryimage\"},\"image\":{\"@id\":\"https:\\\/\\\/www.meydan.tv\\\/az\\\/article\\\/reqibi-hebib-nurmaqomedov-rusiya-bayragi-altinda-doyusmeyecek-doyuscu-revansa-cagirilir\\\/#primaryimage\"},\"thumbnailUrl\":\"https:\\\/\\\/www.meydan.tv\\\/wp-content\\\/uploads\\\/inx960x640_86cqhyy.jpg\",\"datePublished\":\"2019-10-27T15:10:22+00:00\",\"breadcrumb\":{\"@id\":\"https:\\\/\\\/www.meydan.tv\\\/az\\\/article\\\/reqibi-hebib-nurmaqomedov-rusiya-bayragi-altinda-doyusmeyecek-doyuscu-revansa-cagirilir\\\/#breadcrumb\"},\"inLanguage\":\"az\",\"potentialAction\":[{\"@type\":\"ReadAction\",\"target\":[\"https:\\\/\\\/www.meydan.tv\\\/az\\\/article\\\/reqibi-hebib-nurmaqomedov-rusiya-bayragi-altinda-doyusmeyecek-doyuscu-revansa-cagirilir\\\/\"]}]},{\"@type\":\"ImageObject\",\"inLanguage\":\"az\",\"@id\":\"https:\\\/\\\/www.meydan.tv\\\/az\\\/article\\\/reqibi-hebib-nurmaqomedov-rusiya-bayragi-altinda-doyusmeyecek-doyuscu-revansa-cagirilir\\\/#primaryimage\",\"url\":\"https:\\\/\\\/www.meydan.tv\\\/wp-content\\\/uploads\\\/inx960x640_86cqhyy.jpg\",\"contentUrl\":\"https:\\\/\\\/www.meydan.tv\\\/wp-content\\\/uploads\\\/inx960x640_86cqhyy.jpg\",\"width\":857,\"height\":640,\"caption\":\"Source: kp.ru\"},{\"@type\":\"BreadcrumbList\",\"@id\":\"https:\\\/\\\/www.meydan.tv\\\/az\\\/article\\\/reqibi-hebib-nurmaqomedov-rusiya-bayragi-altinda-doyusmeyecek-doyuscu-revansa-cagirilir\\\/#breadcrumb\",\"itemListElement\":[{\"@type\":\"ListItem\",\"position\":1,\"name\":\"Ana s\u0259hif\u0259\",\"item\":\"https:\\\/\\\/www.meydan.tv\\\/az\\\/\"},{\"@type\":\"ListItem\",\"position\":2,\"name\":\"D\u00fcnya\",\"item\":\"https:\\\/\\\/www.meydan.tv\\\/az\\\/section\\\/dunya\\\/\"},{\"@type\":\"ListItem\",\"position\":3,\"name\":\"R\u0259qibi: H\u0259bib Nurmaqomedov Rusiya bayra\u011f\u0131 alt\u0131nda d\u00f6y\u00fc\u015fm\u0259y\u0259c\u0259k D\u00f6y\u00fc\u015f\u00e7\u00fc revan\u015fa \u00e7a\u011f\u0131r\u0131l\u0131r\"}]},{\"@type\":\"WebSite\",\"@id\":\"https:\\\/\\\/www.meydan.tv\\\/az\\\/#website\",\"url\":\"https:\\\/\\\/www.meydan.tv\\\/az\\\/\",\"name\":\"MEYDAN.TV\",\"description\":\"Meydan TV Az\u0259rbaycan\u0131n media m\u0259kan\u0131ndak\u0131 alternativ s\u0259sidir\",\"publisher\":{\"@id\":\"https:\\\/\\\/www.meydan.tv\\\/az\\\/#organization\"},\"potentialAction\":[{\"@type\":\"SearchAction\",\"target\":{\"@type\":\"EntryPoint\",\"urlTemplate\":\"https:\\\/\\\/www.meydan.tv\\\/az\\\/?s={search_term_string}\"},\"query-input\":{\"@type\":\"PropertyValueSpecification\",\"valueRequired\":true,\"valueName\":\"search_term_string\"}}],\"inLanguage\":\"az\"},{\"@type\":\"Organization\",\"@id\":\"https:\\\/\\\/www.meydan.tv\\\/az\\\/#organization\",\"name\":\"Meydan TV\",\"url\":\"https:\\\/\\\/www.meydan.tv\\\/az\\\/\",\"logo\":{\"@type\":\"ImageObject\",\"inLanguage\":\"az\",\"@id\":\"https:\\\/\\\/www.meydan.tv\\\/az\\\/#\\\/schema\\\/logo\\\/image\\\/\",\"url\":\"https:\\\/\\\/www.meydan.tv\\\/wp-content\\\/uploads\\\/2021\\\/07\\\/meydan-logo.svg\",\"contentUrl\":\"https:\\\/\\\/www.meydan.tv\\\/wp-content\\\/uploads\\\/2021\\\/07\\\/meydan-logo.svg\",\"width\":195,\"height\":46,\"caption\":\"Meydan TV\"},\"image\":{\"@id\":\"https:\\\/\\\/www.meydan.tv\\\/az\\\/#\\\/schema\\\/logo\\\/image\\\/\"}},{\"@type\":\"Person\",\"@id\":\"https:\\\/\\\/www.meydan.tv\\\/az\\\/#\\\/schema\\\/person\\\/10d11eccf6da3662cf5fdab9806ea91a\",\"name\":\"user-manager\"}]}<\/script>\n<!-- \/ Yoast SEO plugin. -->","yoast_head_json":{"title":"R\u0259qibi: H\u0259bib Nurmaqomedov Rusiya bayra\u011f\u0131 alt\u0131nda d\u00f6y\u00fc\u015fm\u0259y\u0259c\u0259k D\u00f6y\u00fc\u015f\u00e7\u00fc revan\u015fa \u00e7a\u011f\u0131r\u0131l\u0131r - MEYDAN.TV","robots":{"index":"index","follow":"follow","max-snippet":"max-snippet:-1","max-image-preview":"max-image-preview:large","max-video-preview":"max-video-preview:-1"},"canonical":"https:\/\/www.meydan.tv\/az\/article\/reqibi-hebib-nurmaqomedov-rusiya-bayragi-altinda-doyusmeyecek-doyuscu-revansa-cagirilir\/","og_locale":"az_AZ","og_type":"article","og_title":"R\u0259qibi: H\u0259bib Nurmaqomedov Rusiya bayra\u011f\u0131 alt\u0131nda d\u00f6y\u00fc\u015fm\u0259y\u0259c\u0259k D\u00f6y\u00fc\u015f\u00e7\u00fc revan\u015fa \u00e7a\u011f\u0131r\u0131l\u0131r - MEYDAN.TV","og_description":"H\u0259bib\u0259 m\u0259\u011flub olduqdan sonra bir il d\u00f6y\u00fc\u015fl\u0259rd\u0259 i\u015ftirak etm\u0259y\u0259n irlandiyal\u0131 idman\u00e7\u0131 oktaqona qay\u0131d\u0131\u015f\u0131 bar\u0259d\u0259 b\u0259yan edib. O, Nurmaqomedovla revan\u015f d\u00f6y\u00fc\u015f\u0259 nail olmaq v\u0259 onu Moskvada ke\u00e7irm\u0259k ist\u0259yir","og_url":"https:\/\/www.meydan.tv\/az\/article\/reqibi-hebib-nurmaqomedov-rusiya-bayragi-altinda-doyusmeyecek-doyuscu-revansa-cagirilir\/","og_site_name":"MEYDAN.TV","article_published_time":"2019-10-27T15:10:22+00:00","og_image":[{"width":857,"height":640,"url":"https:\/\/www.meydan.tv\/wp-content\/uploads\/inx960x640_86cqhyy.jpg","type":"image\/jpeg"}],"author":"user-manager","twitter_card":"summary_large_image","schema":{"@context":"https:\/\/schema.org","@graph":[{"@type":"Article","@id":"https:\/\/www.meydan.tv\/az\/article\/reqibi-hebib-nurmaqomedov-rusiya-bayragi-altinda-doyusmeyecek-doyuscu-revansa-cagirilir\/#article","isPartOf":{"@id":"https:\/\/www.meydan.tv\/az\/article\/reqibi-hebib-nurmaqomedov-rusiya-bayragi-altinda-doyusmeyecek-doyuscu-revansa-cagirilir\/"},"author":{"name":"user-manager","@id":"https:\/\/www.meydan.tv\/az\/#\/schema\/person\/10d11eccf6da3662cf5fdab9806ea91a"},"headline":"R\u0259qibi: H\u0259bib Nurmaqomedov Rusiya bayra\u011f\u0131 alt\u0131nda d\u00f6y\u00fc\u015fm\u0259y\u0259c\u0259k D\u00f6y\u00fc\u015f\u00e7\u00fc revan\u015fa \u00e7a\u011f\u0131r\u0131l\u0131r","datePublished":"2019-10-27T15:10:22+00:00","mainEntityOfPage":{"@id":"https:\/\/www.meydan.tv\/az\/article\/reqibi-hebib-nurmaqomedov-rusiya-bayragi-altinda-doyusmeyecek-doyuscu-revansa-cagirilir\/"},"wordCount":547,"publisher":{"@id":"https:\/\/www.meydan.tv\/az\/#organization"},"image":{"@id":"https:\/\/www.meydan.tv\/az\/article\/reqibi-hebib-nurmaqomedov-rusiya-bayragi-altinda-doyusmeyecek-doyuscu-revansa-cagirilir\/#primaryimage"},"thumbnailUrl":"https:\/\/www.meydan.tv\/wp-content\/uploads\/inx960x640_86cqhyy.jpg","articleSection":["D\u00fcnya"],"inLanguage":"az"},{"@type":"WebPage","@id":"https:\/\/www.meydan.tv\/az\/article\/reqibi-hebib-nurmaqomedov-rusiya-bayragi-altinda-doyusmeyecek-doyuscu-revansa-cagirilir\/","url":"https:\/\/www.meydan.tv\/az\/article\/reqibi-hebib-nurmaqomedov-rusiya-bayragi-altinda-doyusmeyecek-doyuscu-revansa-cagirilir\/","name":"R\u0259qibi: H\u0259bib Nurmaqomedov Rusiya bayra\u011f\u0131 alt\u0131nda d\u00f6y\u00fc\u015fm\u0259y\u0259c\u0259k D\u00f6y\u00fc\u015f\u00e7\u00fc revan\u015fa \u00e7a\u011f\u0131r\u0131l\u0131r - MEYDAN.TV","isPartOf":{"@id":"https:\/\/www.meydan.tv\/az\/#website"},"primaryImageOfPage":{"@id":"https:\/\/www.meydan.tv\/az\/article\/reqibi-hebib-nurmaqomedov-rusiya-bayragi-altinda-doyusmeyecek-doyuscu-revansa-cagirilir\/#primaryimage"},"image":{"@id":"https:\/\/www.meydan.tv\/az\/article\/reqibi-hebib-nurmaqomedov-rusiya-bayragi-altinda-doyusmeyecek-doyuscu-revansa-cagirilir\/#primaryimage"},"thumbnailUrl":"https:\/\/www.meydan.tv\/wp-content\/uploads\/inx960x640_86cqhyy.jpg","datePublished":"2019-10-27T15:10:22+00:00","breadcrumb":{"@id":"https:\/\/www.meydan.tv\/az\/article\/reqibi-hebib-nurmaqomedov-rusiya-bayragi-altinda-doyusmeyecek-doyuscu-revansa-cagirilir\/#breadcrumb"},"inLanguage":"az","potentialAction":[{"@type":"ReadAction","target":["https:\/\/www.meydan.tv\/az\/article\/reqibi-hebib-nurmaqomedov-rusiya-bayragi-altinda-doyusmeyecek-doyuscu-revansa-cagirilir\/"]}]},{"@type":"ImageObject","inLanguage":"az","@id":"https:\/\/www.meydan.tv\/az\/article\/reqibi-hebib-nurmaqomedov-rusiya-bayragi-altinda-doyusmeyecek-doyuscu-revansa-cagirilir\/#primaryimage","url":"https:\/\/www.meydan.tv\/wp-content\/uploads\/inx960x640_86cqhyy.jpg","contentUrl":"https:\/\/www.meydan.tv\/wp-content\/uploads\/inx960x640_86cqhyy.jpg","width":857,"height":640,"caption":"Source: kp.ru"},{"@type":"BreadcrumbList","@id":"https:\/\/www.meydan.tv\/az\/article\/reqibi-hebib-nurmaqomedov-rusiya-bayragi-altinda-doyusmeyecek-doyuscu-revansa-cagirilir\/#breadcrumb","itemListElement":[{"@type":"ListItem","position":1,"name":"Ana s\u0259hif\u0259","item":"https:\/\/www.meydan.tv\/az\/"},{"@type":"ListItem","position":2,"name":"D\u00fcnya","item":"https:\/\/www.meydan.tv\/az\/section\/dunya\/"},{"@type":"ListItem","position":3,"name":"R\u0259qibi: H\u0259bib Nurmaqomedov Rusiya bayra\u011f\u0131 alt\u0131nda d\u00f6y\u00fc\u015fm\u0259y\u0259c\u0259k D\u00f6y\u00fc\u015f\u00e7\u00fc revan\u015fa \u00e7a\u011f\u0131r\u0131l\u0131r"}]},{"@type":"WebSite","@id":"https:\/\/www.meydan.tv\/az\/#website","url":"https:\/\/www.meydan.tv\/az\/","name":"MEYDAN.TV","description":"Meydan TV Az\u0259rbaycan\u0131n media m\u0259kan\u0131ndak\u0131 alternativ s\u0259sidir","publisher":{"@id":"https:\/\/www.meydan.tv\/az\/#organization"},"potentialAction":[{"@type":"SearchAction","target":{"@type":"EntryPoint","urlTemplate":"https:\/\/www.meydan.tv\/az\/?s={search_term_string}"},"query-input":{"@type":"PropertyValueSpecification","valueRequired":true,"valueName":"search_term_string"}}],"inLanguage":"az"},{"@type":"Organization","@id":"https:\/\/www.meydan.tv\/az\/#organization","name":"Meydan TV","url":"https:\/\/www.meydan.tv\/az\/","logo":{"@type":"ImageObject","inLanguage":"az","@id":"https:\/\/www.meydan.tv\/az\/#\/schema\/logo\/image\/","url":"https:\/\/www.meydan.tv\/wp-content\/uploads\/2021\/07\/meydan-logo.svg","contentUrl":"https:\/\/www.meydan.tv\/wp-content\/uploads\/2021\/07\/meydan-logo.svg","width":195,"height":46,"caption":"Meydan TV"},"image":{"@id":"https:\/\/www.meydan.tv\/az\/#\/schema\/logo\/image\/"}},{"@type":"Person","@id":"https:\/\/www.meydan.tv\/az\/#\/schema\/person\/10d11eccf6da3662cf5fdab9806ea91a","name":"user-manager"}]}},"_links":{"self":[{"href":"https:\/\/www.meydan.tv\/az\/wp-json\/wp\/v2\/posts\/197665","targetHints":{"allow":["GET"]}}],"collection":[{"href":"https:\/\/www.meydan.tv\/az\/wp-json\/wp\/v2\/posts"}],"about":[{"href":"https:\/\/www.meydan.tv\/az\/wp-json\/wp\/v2\/types\/post"}],"author":[{"embeddable":true,"href":"https:\/\/www.meydan.tv\/az\/wp-json\/wp\/v2\/users\/11"}],"replies":[{"embeddable":true,"href":"https:\/\/www.meydan.tv\/az\/wp-json\/wp\/v2\/comments?post=197665"}],"version-history":[{"count":0,"href":"https:\/\/www.meydan.tv\/az\/wp-json\/wp\/v2\/posts\/197665\/revisions"}],"wp:featuredmedia":[{"embeddable":true,"href":"https:\/\/www.meydan.tv\/az\/wp-json\/wp\/v2\/media\/132140"}],"wp:attachment":[{"href":"https:\/\/www.meydan.tv\/az\/wp-json\/wp\/v2\/media?parent=197665"}],"wp:term":[{"taxonomy":"category","embeddable":true,"href":"https:\/\/www.meydan.tv\/az\/wp-json\/wp\/v2\/categories?post=197665"},{"taxonomy":"post_tag","embeddable":true,"href":"https:\/\/www.meydan.tv\/az\/wp-json\/wp\/v2\/tags?post=197665"}],"curies":[{"name":"wp","href":"https:\/\/api.w.org\/{rel}","templated":true}]}}