{"id":197664,"date":"2019-10-27T07:40:30","date_gmt":"2019-10-27T07:40:30","guid":{"rendered":"https:\/\/www.meydan.tv\/article\/beydili-sakinleri-icra-bascisi-esitdi-ki-ehali-yolu-baglayacaq-qaca-qaca-geldi\/"},"modified":"2019-10-27T07:40:30","modified_gmt":"2019-10-27T07:40:30","slug":"beydili-sakinleri-icra-bascisi-esitdi-ki-ehali-yolu-baglayacaq-qaca-qaca-geldi","status":"publish","type":"post","link":"https:\/\/www.meydan.tv\/az\/article\/beydili-sakinleri-icra-bascisi-esitdi-ki-ehali-yolu-baglayacaq-qaca-qaca-geldi\/","title":{"rendered":"B\u0259ydili sakinl\u0259ri: \u0130cra ba\u015f\u00e7\u0131s\u0131 e\u015fitdi ki, \u0259hali yolu ba\u011flayacaq, qa\u00e7a-qa\u00e7a g\u0259ldi"},"content":{"rendered":"<p>\n  <i><br \/>\n    K\u0259ndlil\u0259rin dem\u0259sin\u0259 g\u00f6r\u0259, qazla\u015fma il\u0259 ba\u011fl\u0131 veril\u0259n v\u0259din \u00fcst\u00fcnd\u0259n 4 il ke\u00e7ir<br \/>\n  <\/i>\n<\/p>\n<p>\n  \u201c\u00d6t\u0259n q\u0131\u015f qap\u0131m\u0131zdak\u0131 ax\u0131r\u0131nc\u0131 \u00e7inar\u0131 da k\u0259sib, yand\u0131rd\u0131q&#8230; Bu q\u0131\u015f\u0131 n\u0259 bir metr odun var, n\u0259 d\u0259 odun alma\u011fa pul&#8230;\u201d\n<\/p>\n<p>\n  Yevlax\u0131n B\u0259ydili k\u0259nd sakinl\u0259ri Meydan TV-y\u0259 k\u0259ndin probleml\u0259rind\u0259n dan\u0131\u015f\u0131b.\n<\/p>\n<p>\n  B\u0259ydilid\u0259 t\u0259xmin\u0259n 110 ya\u015fay\u0131\u015f evi var. \u018fhalisinin say\u0131 700 civar\u0131ndad\u0131r. K\u0259ndin \u0259sas probleml\u0259ri qaz, yol, m\u0259kt\u0259bl\u0259 ba\u011fl\u0131d\u0131r. Sakinl\u0259rin dem\u0259sin\u0259 g\u00f6r\u0259, rayonun dem\u0259k olar ki, b\u00fct\u00fcn k\u0259ndl\u0259ri qazla\u015fd\u0131r\u0131l\u0131b. Qazla\u015fd\u0131r\u0131lmayan t\u0259k-t\u00fck k\u0259ndl\u0259r qal\u0131b ki, bunlardan biri d\u0259 Yevlaxla Ming\u0259\u00e7evirin aras\u0131nda yerl\u0259\u015f\u0259n B\u0259ydilidir.\n<\/p>\n<p>\n  <b><br \/>\n    \u201cA\u011fsaqqallara v\u0259d olundu, ancaq yerin\u0259 yetirilm\u0259di\u201d<br \/>\n  <\/b>\n<\/p>\n<p>\n  K\u0259nd sakini \u0130rad\u0259 \u0130smay\u0131lova:\n<\/p>\n<p>\n  \u201cSovet vaxt\u0131 k\u0259ndd\u0259 qaz olub, 1994-c\u00fc ild\u0259 \u00f6lk\u0259nin h\u0259r yerind\u0259 oldu\u011fu kimi, bizim k\u0259nd\u0259 d\u0259 qaz verili\u015fi dayand\u0131r\u0131l\u0131b, sonradan b\u0259rpa olunmay\u0131b. Qaz x\u0259tl\u0259ri d\u0259 k\u0259silib, sat\u0131l\u0131b. Haz\u0131rda k\u0259ndin d\u00f6rd t\u0259r\u0259find\u0259 yerl\u0259\u015f\u0259n qon\u015fu k\u0259ndl\u0259rd\u0259 qazla\u015fma i\u015fl\u0259ri apar\u0131l\u0131b. Birc\u0259 bizim k\u0259nd\u0259 \u00e7\u0259kmirl\u0259r. 2015-ci ilin noyabr\u0131nda qon\u015fu k\u0259ndl\u0259rd\u0259n birind\u0259 mavi yanaca\u011f\u0131n verilm\u0259si il\u0259 ba\u011fl\u0131 m\u0259rasim ke\u00e7irilirdi, bizim k\u0259ndin a\u011fsaqqallar\u0131 y\u0131\u011f\u0131\u015f\u0131b getdi, h\u0259min m\u0259rasimd\u0259 i\u015ftirak ed\u0259n m\u0259murlara naraz\u0131l\u0131\u011f\u0131n\u0131 bildirdi. \u0130cra hakimiyy\u0259tinin ba\u015f\u00e7\u0131s\u0131 s\u00f6z verdi ki, 2016-c\u0131 ilin birinci kvartal\u0131na q\u0259d\u0259r B\u0259ydili d\u0259 qazla\u015fd\u0131r\u0131lacaq. 2019-cu ilin sonuncu kvartal\u0131d\u0131r, h\u0259l\u0259 d\u0259 ortada he\u00e7 n\u0259 yoxdur\u201d.\n<\/p>\n<p>\n  <b><br \/>\n    \u201cQap\u0131m\u0131zdak\u0131 sonuncu \u00e7inar\u0131 da k\u0259sib, yand\u0131rd\u0131q\u201d<br \/>\n  <\/b>\n<\/p>\n<p>\n  Sakinl\u0259rin s\u00f6zl\u0259rin\u0259 g\u00f6r\u0259, bu ilin aprelind\u0259 \u201cAz\u0259riqaz\u201d ASC-nin n\u00fcmay\u0259nd\u0259l\u0259ri k\u0259ndd\u0259 olub, qazla\u015fd\u0131rma apar\u0131laca\u011f\u0131n\u0131 dey\u0259r\u0259k evl\u0259ri siyah\u0131ya al\u0131blar, ancaq el\u0259 o ged\u0259ndirl\u0259r, bir daha k\u0259ndd\u0259 g\u00f6r\u00fcnm\u0259yibl\u0259r. Qar\u015f\u0131dan g\u0259l\u0259n q\u0131\u015f\u0131n istilikl\u0259 ba\u011fl\u0131 qay\u011f\u0131lar\u0131 indid\u0259n k\u0259nd sakinl\u0259rinin can\u0131na \u00fc\u015f\u00fctm\u0259 sal\u0131b:\n<\/p>\n<p>\n  \u201cH\u0259r evd\u0259 u\u015faq, qoca, x\u0259st\u0259&#8230; Kas\u0131b k\u0259nddir, he\u00e7 kimin odun alma\u011fa imkan\u0131 yoxdur, ba\u015fqa k\u0259ndl\u0259rd\u0259 qaz var dey\u0259, oduna ehtiyaclar\u0131 yoxdur, kimin h\u0259min k\u0259ndl\u0259rd\u0259 qohumu varsa, deyir, g\u0259l, h\u0259y\u0259td\u0259ki qurumu\u015f a\u011fac\u0131 k\u0259s, apar&#8230; \u00d6t\u0259n q\u0131\u015f Ming\u0259\u00e7evird\u0259ki bir qohum dedi, g\u0259l, ba\u011fda qurumu\u015f a\u011faclar var, getdik, k\u0259sdik, g\u0259tirdik, do\u011fray\u0131b odun kimi istifad\u0259 el\u0259dik. \u00dcst\u0259lik, qap\u0131m\u0131zdak\u0131 ax\u0131r\u0131nc\u0131 \u00e7inar\u0131 da k\u0259sdik, bu il n\u0259 ed\u0259c\u0259yimizi bilmirik. N\u0259 k\u0259sm\u0259y\u0259 a\u011fac qal\u0131b, n\u0259 bir metr odun var, n\u0259 d\u0259 odun alma\u011fa pul&#8230; D\u0259st\u0259si 5-10 q\u0259pikd\u0259n g\u00f6y\u0259rti sat\u0131b dolan\u0131r\u0131q, onu da h\u0259l\u0259 dekabrdan y\u0131\u011f\u0131b satma\u011fa ba\u015flayaca\u011f\u0131q. \u0130\u015f yeri yox, maa\u015f yox, \u0259hali qal\u0131b ortal\u0131qda&#8230;\u201d\n<\/p>\n<p>\n  <b><br \/>\n    \u201cM\u0259kt\u0259blil\u0259r qon\u015fu k\u0259ndl\u0259r\u0259 h\u0259r g\u00fcn 26 kilometr yol q\u0259t edir\u201d<br \/>\n  <\/b>\n<\/p>\n<p>\n  Sakinl\u0259r deyir, ana qaz x\u0259tti Yevlaxdan magistral yolla Ming\u0259\u00e7evirin gir\u0259c\u0259yin\u0259d\u0259k uzan\u0131r. B\u0259ydilinin gir\u0259c\u0259yind\u0259 ana x\u0259td\u0259n bu k\u0259nd\u0259 \u00e7\u0131x\u0131\u015f da qoyulub ki, g\u0259l\u0259c\u0259kd\u0259 h\u0259min x\u0259tt uzad\u0131l\u0131b k\u0259ndin i\u00e7\u0259risin\u0259 apar\u0131ls\u0131n. Ancaq sonradan h\u0259min \u00e7\u0131x\u0131\u015f\u0131n istiqam\u0259ti G\u00fcl\u00f6v\u015f\u0259 k\u0259ndin\u0259 \u00e7evrilib v\u0259 qaz x\u0259tti h\u0259min k\u0259nd\u0259 uzad\u0131laraq qazla\u015fd\u0131rma apar\u0131l\u0131b.\n<\/p>\n<p>\n  K\u0259ndin ikinci problemi m\u0259kt\u0259bl\u0259 ba\u011fl\u0131d\u0131r. Sakinl\u0259rin dem\u0259sin\u0259 g\u00f6r\u0259, k\u0259ndd\u0259ki k\u00f6hn\u0259 m\u0259kt\u0259bin yerind\u0259 yenisi tikil\u0259nd\u0259 sevinibl\u0259r. \u018fvv\u0259l onlara deyilib ki, m\u0259kt\u0259b 9 illik olacaq, ancaq m\u0259kt\u0259b istifad\u0259y\u0259 veril\u0259nd\u0259 m\u0259lum olub ki, burada t\u0259hsil 4 illikdir. Xan\u0131m S\u0259f\u0259rova:\n<\/p>\n<p>\n  \u201c4-c\u00fc sinifd\u0259n sonra u\u015faqlar\u0131 13-15 kilometr aral\u0131dak\u0131 k\u0259ndl\u0259r\u0259 apar\u0131b g\u0259tiririk. Bir mikroavtobus ayr\u0131l\u0131b, ona da 14-15 u\u015faq s\u0131\u011f\u0131r. Ma\u015f\u0131n\u0131 olan qon\u015fuluqdak\u0131 3-4 u\u015fa\u011f\u0131 da \u00f6z u\u015fa\u011f\u0131yla birlikd\u0259 apar\u0131b g\u0259tirir, ancaq k\u0259ndd\u0259 ma\u015f\u0131n\u0131 olan azd\u0131r dey\u0259, u\u015faqlar ortal\u0131qda qal\u0131b. El\u0259 u\u015faqlar var ki, s\u0259h\u0259r saat 6-da yuxudan oyan\u0131b piyada 13-15 kilometr yolu piyada gedirl\u0259r, d\u0259rsd\u0259n qay\u0131danda da bir o q\u0259d\u0259r yolu geri q\u0259t edirl\u0259r. M\u0259kt\u0259b vaxt\u0131 soyuq aylara d\u00fc\u015f\u00fcr, k\u0259ndd\u0259 q\u0131\u015f s\u0259rt ke\u00e7ir, bunun ya\u011f\u0131\u015fl\u0131, qarl\u0131 g\u00fcnl\u0259ri var. \u0130kinci n\u00f6vb\u0259d\u0259n qay\u0131dan u\u015faqlar q\u0131\u015fda qaranl\u0131\u011fa d\u00fc\u015f\u00fcrl\u0259r, h\u0259yatlar\u0131 t\u0259hl\u00fck\u0259d\u0259 olur. H\u00f6kum\u0259td\u0259n ikinci t\u0259l\u0259bimiz m\u0259kt\u0259bin 9 illik olmas\u0131na g\u00f6r\u0259dir\u201d.\n<\/p>\n<p>\n  <b><br \/>\n    \u201cBa\u015f\u00e7\u0131 g\u0259lib, v\u0259dl\u0259r verib, getdi\u201d<br \/>\n  <\/b>\n<\/p>\n<p>\n  Daha bir naraz\u0131l\u0131q is\u0259 yolla ba\u011fl\u0131d\u0131r. \u0130ll\u0259rdir ki, B\u0259ydili sakinl\u0259ri tozlu, pal\u00e7\u0131ql\u0131 k\u0259nd yollar\u0131n t\u0259mir-b\u0259rpas\u0131 \u00fc\u00e7\u00fcn aidiyy\u0259ti qurumlara m\u00fcraci\u0259t edirl\u0259r, ancaq m\u00fcsb\u0259t cavab alm\u0131rlar. Bu ilin iyulunda k\u0259nd sakinl\u0259ri Yevlax-Xaldan-Ming\u0259\u00e7evir yolunu k\u0259sm\u0259kl\u0259 ba\u011fl\u0131 q\u0259rar q\u0259bul edibl\u0259r. Bundan x\u0259b\u0259r tutan Yevlax Rayon \u0130cra Hakimiyy\u0259tinin ba\u015f\u00e7\u0131s\u0131 Qoca S\u0259m\u0259dov k\u0259nd\u0259 ged\u0259r\u0259k sakinl\u0259rl\u0259 s\u0259yyar g\u00f6r\u00fc\u015f ke\u00e7irib. Sakinl\u0259r dan\u0131\u015f\u0131r:\n<\/p>\n<p>\n  \u201c\u0130yul ay\u0131 idi, ba\u015f\u00e7\u0131 g\u0259ldi, g\u00f6r\u00fc\u015f ke\u00e7irtdi, dedi, oktyabr ay\u0131nad\u0259k s\u0259br edin, qazla\u015fma i\u015fl\u0259ri ba\u015flanacaq, dig\u0259r probleml\u0259r d\u0259 h\u0259llini tapacaq. Oktyabr da ba\u015fa \u00e7atmaq \u00fczr\u0259dir, bundan sonra qula\u011f\u0131m\u0131z hans\u0131 na\u011f\u0131llar e\u015fid\u0259c\u0259k, biz\u0259 maraql\u0131 deyil. Qar\u015f\u0131dan s\u0259rt q\u0131\u015f g\u0259lir, \u015firin v\u0259dl\u0259r\u0259 doymu\u015fuq, odun da tapm\u0131r\u0131q, k\u0259ndi qazla\u015fd\u0131rs\u0131nlar, k\u0259ndin m\u0259kt\u0259bini 9 illik etsinl\u0259r, bu q\u0259d\u0259r \u0259halini, u\u015fa\u011f\u0131 \u0259zabdan xilas etsinl\u0259r\u201d.\n<\/p>\n<p>\n  Yevlax Rayon \u0130cra Hakimiyy\u0259tind\u0259n Meydan TV-y\u0259 bildirilib ki, B\u0259ydili k\u0259ndinin qazla\u015fd\u0131r\u0131lmas\u0131 \u0259vv\u0259ll\u0259r layih\u0259d\u0259 olmay\u0131b, qurumun \u201cAz\u0259riqaz\u201d ASC-y\u0259 m\u00fcraci\u0259tind\u0259n sonra layih\u0259y\u0259 sal\u0131n\u0131b. K\u0259ndin \u0259n q\u0131sa zamanda qazla\u015fd\u0131r\u0131lmas\u0131 \u00fc\u00e7\u00fcn icra hakimiyy\u0259ti aidiyy\u0259ti qurumla dan\u0131\u015f\u0131qlar apar\u0131r. M\u0259kt\u0259b m\u0259s\u0259l\u0259sin\u0259 g\u0259linc\u0259 is\u0259 qurumdan bildirilib ki, k\u0259ndd\u0259 4 illik m\u00fcasir m\u0259kt\u0259b tikilib, yuxar\u0131 sinif \u015fagirdl\u0259rinin Xaldan orta m\u0259kt\u0259bin\u0259 gedib-g\u0259lm\u0259l\u0259ri \u00fc\u00e7\u00fcn is\u0259 n\u0259qliyyat problemi yoxdur. B\u0259ydilid\u0259ki m\u0259kt\u0259bin g\u0259l\u0259c\u0259kd\u0259 9 illik formatda f\u0259aliyy\u0259t g\u00f6st\u0259rm\u0259si m\u00fcmk\u00fcnd\u00fcr.<\/p>\n","protected":false},"excerpt":{"rendered":"<p>\u0130ll\u0259rdir ki, B\u0259ydili sakinl\u0259ri tozlu, pal\u00e7\u0131ql\u0131 k\u0259nd yollar\u0131n t\u0259mir-b\u0259rpas\u0131 \u00fc\u00e7\u00fcn aidiyy\u0259ti qurumlara m\u00fcraci\u0259t edirl\u0259r, ancaq m\u00fcsb\u0259t cavab alm\u0131rlar.<\/p>\n","protected":false},"author":11,"featured_media":132146,"comment_status":"closed","ping_status":"open","sticky":false,"template":"","format":"standard","meta":{"_acf_changed":false,"_sitemap_exclude":false,"_sitemap_priority":"","_sitemap_frequency":"","footnotes":""},"categories":[60],"tags":[],"class_list":["post-197664","post","type-post","status-publish","format-standard","has-post-thumbnail","hentry","category-bolge","infinite-scroll-item","generate-columns","tablet-grid-50","mobile-grid-100","grid-parent","grid-33","no-featured-image-padding"],"acf":[],"yoast_head":"<!-- This site is optimized with the Yoast SEO plugin v27.5 - https:\/\/yoast.com\/product\/yoast-seo-wordpress\/ -->\n<title>B\u0259ydili sakinl\u0259ri: \u0130cra ba\u015f\u00e7\u0131s\u0131 e\u015fitdi ki, \u0259hali yolu ba\u011flayacaq, qa\u00e7a-qa\u00e7a g\u0259ldi - MEYDAN.TV<\/title>\n<meta name=\"robots\" content=\"index, follow, max-snippet:-1, max-image-preview:large, max-video-preview:-1\" \/>\n<link rel=\"canonical\" href=\"https:\/\/www.meydan.tv\/az\/article\/beydili-sakinleri-icra-bascisi-esitdi-ki-ehali-yolu-baglayacaq-qaca-qaca-geldi\/\" \/>\n<meta property=\"og:locale\" content=\"az_AZ\" \/>\n<meta property=\"og:type\" content=\"article\" \/>\n<meta property=\"og:title\" content=\"B\u0259ydili sakinl\u0259ri: \u0130cra ba\u015f\u00e7\u0131s\u0131 e\u015fitdi ki, \u0259hali yolu ba\u011flayacaq, qa\u00e7a-qa\u00e7a g\u0259ldi - MEYDAN.TV\" \/>\n<meta property=\"og:description\" content=\"\u0130ll\u0259rdir ki, B\u0259ydili sakinl\u0259ri tozlu, pal\u00e7\u0131ql\u0131 k\u0259nd yollar\u0131n t\u0259mir-b\u0259rpas\u0131 \u00fc\u00e7\u00fcn aidiyy\u0259ti qurumlara m\u00fcraci\u0259t edirl\u0259r, ancaq m\u00fcsb\u0259t cavab alm\u0131rlar.\" \/>\n<meta property=\"og:url\" content=\"https:\/\/www.meydan.tv\/az\/article\/beydili-sakinleri-icra-bascisi-esitdi-ki-ehali-yolu-baglayacaq-qaca-qaca-geldi\/\" \/>\n<meta property=\"og:site_name\" content=\"MEYDAN.TV\" \/>\n<meta property=\"article:published_time\" content=\"2019-10-27T07:40:30+00:00\" \/>\n<meta property=\"og:image\" content=\"https:\/\/www.meydan.tv\/wp-content\/uploads\/yevlax.png\" \/>\n\t<meta property=\"og:image:width\" content=\"1200\" \/>\n\t<meta property=\"og:image:height\" content=\"1151\" \/>\n\t<meta property=\"og:image:type\" content=\"image\/png\" \/>\n<meta name=\"author\" content=\"user-manager\" \/>\n<meta name=\"twitter:card\" content=\"summary_large_image\" \/>\n<script type=\"application\/ld+json\" class=\"yoast-schema-graph\">{\"@context\":\"https:\\\/\\\/schema.org\",\"@graph\":[{\"@type\":\"Article\",\"@id\":\"https:\\\/\\\/www.meydan.tv\\\/az\\\/article\\\/beydili-sakinleri-icra-bascisi-esitdi-ki-ehali-yolu-baglayacaq-qaca-qaca-geldi\\\/#article\",\"isPartOf\":{\"@id\":\"https:\\\/\\\/www.meydan.tv\\\/az\\\/article\\\/beydili-sakinleri-icra-bascisi-esitdi-ki-ehali-yolu-baglayacaq-qaca-qaca-geldi\\\/\"},\"author\":{\"name\":\"user-manager\",\"@id\":\"https:\\\/\\\/www.meydan.tv\\\/az\\\/#\\\/schema\\\/person\\\/10d11eccf6da3662cf5fdab9806ea91a\"},\"headline\":\"B\u0259ydili sakinl\u0259ri: \u0130cra ba\u015f\u00e7\u0131s\u0131 e\u015fitdi ki, \u0259hali yolu ba\u011flayacaq, qa\u00e7a-qa\u00e7a g\u0259ldi\",\"datePublished\":\"2019-10-27T07:40:30+00:00\",\"mainEntityOfPage\":{\"@id\":\"https:\\\/\\\/www.meydan.tv\\\/az\\\/article\\\/beydili-sakinleri-icra-bascisi-esitdi-ki-ehali-yolu-baglayacaq-qaca-qaca-geldi\\\/\"},\"wordCount\":1224,\"publisher\":{\"@id\":\"https:\\\/\\\/www.meydan.tv\\\/az\\\/#organization\"},\"image\":{\"@id\":\"https:\\\/\\\/www.meydan.tv\\\/az\\\/article\\\/beydili-sakinleri-icra-bascisi-esitdi-ki-ehali-yolu-baglayacaq-qaca-qaca-geldi\\\/#primaryimage\"},\"thumbnailUrl\":\"https:\\\/\\\/www.meydan.tv\\\/wp-content\\\/uploads\\\/yevlax.png\",\"articleSection\":[\"B\u00f6lg\u0259\"],\"inLanguage\":\"az\"},{\"@type\":\"WebPage\",\"@id\":\"https:\\\/\\\/www.meydan.tv\\\/az\\\/article\\\/beydili-sakinleri-icra-bascisi-esitdi-ki-ehali-yolu-baglayacaq-qaca-qaca-geldi\\\/\",\"url\":\"https:\\\/\\\/www.meydan.tv\\\/az\\\/article\\\/beydili-sakinleri-icra-bascisi-esitdi-ki-ehali-yolu-baglayacaq-qaca-qaca-geldi\\\/\",\"name\":\"B\u0259ydili sakinl\u0259ri: \u0130cra ba\u015f\u00e7\u0131s\u0131 e\u015fitdi ki, \u0259hali yolu ba\u011flayacaq, qa\u00e7a-qa\u00e7a g\u0259ldi - MEYDAN.TV\",\"isPartOf\":{\"@id\":\"https:\\\/\\\/www.meydan.tv\\\/az\\\/#website\"},\"primaryImageOfPage\":{\"@id\":\"https:\\\/\\\/www.meydan.tv\\\/az\\\/article\\\/beydili-sakinleri-icra-bascisi-esitdi-ki-ehali-yolu-baglayacaq-qaca-qaca-geldi\\\/#primaryimage\"},\"image\":{\"@id\":\"https:\\\/\\\/www.meydan.tv\\\/az\\\/article\\\/beydili-sakinleri-icra-bascisi-esitdi-ki-ehali-yolu-baglayacaq-qaca-qaca-geldi\\\/#primaryimage\"},\"thumbnailUrl\":\"https:\\\/\\\/www.meydan.tv\\\/wp-content\\\/uploads\\\/yevlax.png\",\"datePublished\":\"2019-10-27T07:40:30+00:00\",\"breadcrumb\":{\"@id\":\"https:\\\/\\\/www.meydan.tv\\\/az\\\/article\\\/beydili-sakinleri-icra-bascisi-esitdi-ki-ehali-yolu-baglayacaq-qaca-qaca-geldi\\\/#breadcrumb\"},\"inLanguage\":\"az\",\"potentialAction\":[{\"@type\":\"ReadAction\",\"target\":[\"https:\\\/\\\/www.meydan.tv\\\/az\\\/article\\\/beydili-sakinleri-icra-bascisi-esitdi-ki-ehali-yolu-baglayacaq-qaca-qaca-geldi\\\/\"]}]},{\"@type\":\"ImageObject\",\"inLanguage\":\"az\",\"@id\":\"https:\\\/\\\/www.meydan.tv\\\/az\\\/article\\\/beydili-sakinleri-icra-bascisi-esitdi-ki-ehali-yolu-baglayacaq-qaca-qaca-geldi\\\/#primaryimage\",\"url\":\"https:\\\/\\\/www.meydan.tv\\\/wp-content\\\/uploads\\\/yevlax.png\",\"contentUrl\":\"https:\\\/\\\/www.meydan.tv\\\/wp-content\\\/uploads\\\/yevlax.png\",\"width\":1200,\"height\":1151,\"caption\":\"Source: Foto: arxiv\"},{\"@type\":\"BreadcrumbList\",\"@id\":\"https:\\\/\\\/www.meydan.tv\\\/az\\\/article\\\/beydili-sakinleri-icra-bascisi-esitdi-ki-ehali-yolu-baglayacaq-qaca-qaca-geldi\\\/#breadcrumb\",\"itemListElement\":[{\"@type\":\"ListItem\",\"position\":1,\"name\":\"Ana s\u0259hif\u0259\",\"item\":\"https:\\\/\\\/www.meydan.tv\\\/az\\\/\"},{\"@type\":\"ListItem\",\"position\":2,\"name\":\"B\u00f6lg\u0259\",\"item\":\"https:\\\/\\\/www.meydan.tv\\\/az\\\/section\\\/bolge\\\/\"},{\"@type\":\"ListItem\",\"position\":3,\"name\":\"B\u0259ydili sakinl\u0259ri: \u0130cra ba\u015f\u00e7\u0131s\u0131 e\u015fitdi ki, \u0259hali yolu ba\u011flayacaq, qa\u00e7a-qa\u00e7a g\u0259ldi\"}]},{\"@type\":\"WebSite\",\"@id\":\"https:\\\/\\\/www.meydan.tv\\\/az\\\/#website\",\"url\":\"https:\\\/\\\/www.meydan.tv\\\/az\\\/\",\"name\":\"MEYDAN.TV\",\"description\":\"Meydan TV Az\u0259rbaycan\u0131n media m\u0259kan\u0131ndak\u0131 alternativ s\u0259sidir\",\"publisher\":{\"@id\":\"https:\\\/\\\/www.meydan.tv\\\/az\\\/#organization\"},\"potentialAction\":[{\"@type\":\"SearchAction\",\"target\":{\"@type\":\"EntryPoint\",\"urlTemplate\":\"https:\\\/\\\/www.meydan.tv\\\/az\\\/?s={search_term_string}\"},\"query-input\":{\"@type\":\"PropertyValueSpecification\",\"valueRequired\":true,\"valueName\":\"search_term_string\"}}],\"inLanguage\":\"az\"},{\"@type\":\"Organization\",\"@id\":\"https:\\\/\\\/www.meydan.tv\\\/az\\\/#organization\",\"name\":\"Meydan TV\",\"url\":\"https:\\\/\\\/www.meydan.tv\\\/az\\\/\",\"logo\":{\"@type\":\"ImageObject\",\"inLanguage\":\"az\",\"@id\":\"https:\\\/\\\/www.meydan.tv\\\/az\\\/#\\\/schema\\\/logo\\\/image\\\/\",\"url\":\"https:\\\/\\\/www.meydan.tv\\\/wp-content\\\/uploads\\\/2021\\\/07\\\/meydan-logo.svg\",\"contentUrl\":\"https:\\\/\\\/www.meydan.tv\\\/wp-content\\\/uploads\\\/2021\\\/07\\\/meydan-logo.svg\",\"width\":195,\"height\":46,\"caption\":\"Meydan TV\"},\"image\":{\"@id\":\"https:\\\/\\\/www.meydan.tv\\\/az\\\/#\\\/schema\\\/logo\\\/image\\\/\"}},{\"@type\":\"Person\",\"@id\":\"https:\\\/\\\/www.meydan.tv\\\/az\\\/#\\\/schema\\\/person\\\/10d11eccf6da3662cf5fdab9806ea91a\",\"name\":\"user-manager\"}]}<\/script>\n<!-- \/ Yoast SEO plugin. -->","yoast_head_json":{"title":"B\u0259ydili sakinl\u0259ri: \u0130cra ba\u015f\u00e7\u0131s\u0131 e\u015fitdi ki, \u0259hali yolu ba\u011flayacaq, qa\u00e7a-qa\u00e7a g\u0259ldi - MEYDAN.TV","robots":{"index":"index","follow":"follow","max-snippet":"max-snippet:-1","max-image-preview":"max-image-preview:large","max-video-preview":"max-video-preview:-1"},"canonical":"https:\/\/www.meydan.tv\/az\/article\/beydili-sakinleri-icra-bascisi-esitdi-ki-ehali-yolu-baglayacaq-qaca-qaca-geldi\/","og_locale":"az_AZ","og_type":"article","og_title":"B\u0259ydili sakinl\u0259ri: \u0130cra ba\u015f\u00e7\u0131s\u0131 e\u015fitdi ki, \u0259hali yolu ba\u011flayacaq, qa\u00e7a-qa\u00e7a g\u0259ldi - MEYDAN.TV","og_description":"\u0130ll\u0259rdir ki, B\u0259ydili sakinl\u0259ri tozlu, pal\u00e7\u0131ql\u0131 k\u0259nd yollar\u0131n t\u0259mir-b\u0259rpas\u0131 \u00fc\u00e7\u00fcn aidiyy\u0259ti qurumlara m\u00fcraci\u0259t edirl\u0259r, ancaq m\u00fcsb\u0259t cavab alm\u0131rlar.","og_url":"https:\/\/www.meydan.tv\/az\/article\/beydili-sakinleri-icra-bascisi-esitdi-ki-ehali-yolu-baglayacaq-qaca-qaca-geldi\/","og_site_name":"MEYDAN.TV","article_published_time":"2019-10-27T07:40:30+00:00","og_image":[{"width":1200,"height":1151,"url":"https:\/\/www.meydan.tv\/wp-content\/uploads\/yevlax.png","type":"image\/png"}],"author":"user-manager","twitter_card":"summary_large_image","schema":{"@context":"https:\/\/schema.org","@graph":[{"@type":"Article","@id":"https:\/\/www.meydan.tv\/az\/article\/beydili-sakinleri-icra-bascisi-esitdi-ki-ehali-yolu-baglayacaq-qaca-qaca-geldi\/#article","isPartOf":{"@id":"https:\/\/www.meydan.tv\/az\/article\/beydili-sakinleri-icra-bascisi-esitdi-ki-ehali-yolu-baglayacaq-qaca-qaca-geldi\/"},"author":{"name":"user-manager","@id":"https:\/\/www.meydan.tv\/az\/#\/schema\/person\/10d11eccf6da3662cf5fdab9806ea91a"},"headline":"B\u0259ydili sakinl\u0259ri: \u0130cra ba\u015f\u00e7\u0131s\u0131 e\u015fitdi ki, \u0259hali yolu ba\u011flayacaq, qa\u00e7a-qa\u00e7a g\u0259ldi","datePublished":"2019-10-27T07:40:30+00:00","mainEntityOfPage":{"@id":"https:\/\/www.meydan.tv\/az\/article\/beydili-sakinleri-icra-bascisi-esitdi-ki-ehali-yolu-baglayacaq-qaca-qaca-geldi\/"},"wordCount":1224,"publisher":{"@id":"https:\/\/www.meydan.tv\/az\/#organization"},"image":{"@id":"https:\/\/www.meydan.tv\/az\/article\/beydili-sakinleri-icra-bascisi-esitdi-ki-ehali-yolu-baglayacaq-qaca-qaca-geldi\/#primaryimage"},"thumbnailUrl":"https:\/\/www.meydan.tv\/wp-content\/uploads\/yevlax.png","articleSection":["B\u00f6lg\u0259"],"inLanguage":"az"},{"@type":"WebPage","@id":"https:\/\/www.meydan.tv\/az\/article\/beydili-sakinleri-icra-bascisi-esitdi-ki-ehali-yolu-baglayacaq-qaca-qaca-geldi\/","url":"https:\/\/www.meydan.tv\/az\/article\/beydili-sakinleri-icra-bascisi-esitdi-ki-ehali-yolu-baglayacaq-qaca-qaca-geldi\/","name":"B\u0259ydili sakinl\u0259ri: \u0130cra ba\u015f\u00e7\u0131s\u0131 e\u015fitdi ki, \u0259hali yolu ba\u011flayacaq, qa\u00e7a-qa\u00e7a g\u0259ldi - MEYDAN.TV","isPartOf":{"@id":"https:\/\/www.meydan.tv\/az\/#website"},"primaryImageOfPage":{"@id":"https:\/\/www.meydan.tv\/az\/article\/beydili-sakinleri-icra-bascisi-esitdi-ki-ehali-yolu-baglayacaq-qaca-qaca-geldi\/#primaryimage"},"image":{"@id":"https:\/\/www.meydan.tv\/az\/article\/beydili-sakinleri-icra-bascisi-esitdi-ki-ehali-yolu-baglayacaq-qaca-qaca-geldi\/#primaryimage"},"thumbnailUrl":"https:\/\/www.meydan.tv\/wp-content\/uploads\/yevlax.png","datePublished":"2019-10-27T07:40:30+00:00","breadcrumb":{"@id":"https:\/\/www.meydan.tv\/az\/article\/beydili-sakinleri-icra-bascisi-esitdi-ki-ehali-yolu-baglayacaq-qaca-qaca-geldi\/#breadcrumb"},"inLanguage":"az","potentialAction":[{"@type":"ReadAction","target":["https:\/\/www.meydan.tv\/az\/article\/beydili-sakinleri-icra-bascisi-esitdi-ki-ehali-yolu-baglayacaq-qaca-qaca-geldi\/"]}]},{"@type":"ImageObject","inLanguage":"az","@id":"https:\/\/www.meydan.tv\/az\/article\/beydili-sakinleri-icra-bascisi-esitdi-ki-ehali-yolu-baglayacaq-qaca-qaca-geldi\/#primaryimage","url":"https:\/\/www.meydan.tv\/wp-content\/uploads\/yevlax.png","contentUrl":"https:\/\/www.meydan.tv\/wp-content\/uploads\/yevlax.png","width":1200,"height":1151,"caption":"Source: Foto: arxiv"},{"@type":"BreadcrumbList","@id":"https:\/\/www.meydan.tv\/az\/article\/beydili-sakinleri-icra-bascisi-esitdi-ki-ehali-yolu-baglayacaq-qaca-qaca-geldi\/#breadcrumb","itemListElement":[{"@type":"ListItem","position":1,"name":"Ana s\u0259hif\u0259","item":"https:\/\/www.meydan.tv\/az\/"},{"@type":"ListItem","position":2,"name":"B\u00f6lg\u0259","item":"https:\/\/www.meydan.tv\/az\/section\/bolge\/"},{"@type":"ListItem","position":3,"name":"B\u0259ydili sakinl\u0259ri: \u0130cra ba\u015f\u00e7\u0131s\u0131 e\u015fitdi ki, \u0259hali yolu ba\u011flayacaq, qa\u00e7a-qa\u00e7a g\u0259ldi"}]},{"@type":"WebSite","@id":"https:\/\/www.meydan.tv\/az\/#website","url":"https:\/\/www.meydan.tv\/az\/","name":"MEYDAN.TV","description":"Meydan TV Az\u0259rbaycan\u0131n media m\u0259kan\u0131ndak\u0131 alternativ s\u0259sidir","publisher":{"@id":"https:\/\/www.meydan.tv\/az\/#organization"},"potentialAction":[{"@type":"SearchAction","target":{"@type":"EntryPoint","urlTemplate":"https:\/\/www.meydan.tv\/az\/?s={search_term_string}"},"query-input":{"@type":"PropertyValueSpecification","valueRequired":true,"valueName":"search_term_string"}}],"inLanguage":"az"},{"@type":"Organization","@id":"https:\/\/www.meydan.tv\/az\/#organization","name":"Meydan TV","url":"https:\/\/www.meydan.tv\/az\/","logo":{"@type":"ImageObject","inLanguage":"az","@id":"https:\/\/www.meydan.tv\/az\/#\/schema\/logo\/image\/","url":"https:\/\/www.meydan.tv\/wp-content\/uploads\/2021\/07\/meydan-logo.svg","contentUrl":"https:\/\/www.meydan.tv\/wp-content\/uploads\/2021\/07\/meydan-logo.svg","width":195,"height":46,"caption":"Meydan TV"},"image":{"@id":"https:\/\/www.meydan.tv\/az\/#\/schema\/logo\/image\/"}},{"@type":"Person","@id":"https:\/\/www.meydan.tv\/az\/#\/schema\/person\/10d11eccf6da3662cf5fdab9806ea91a","name":"user-manager"}]}},"_links":{"self":[{"href":"https:\/\/www.meydan.tv\/az\/wp-json\/wp\/v2\/posts\/197664","targetHints":{"allow":["GET"]}}],"collection":[{"href":"https:\/\/www.meydan.tv\/az\/wp-json\/wp\/v2\/posts"}],"about":[{"href":"https:\/\/www.meydan.tv\/az\/wp-json\/wp\/v2\/types\/post"}],"author":[{"embeddable":true,"href":"https:\/\/www.meydan.tv\/az\/wp-json\/wp\/v2\/users\/11"}],"replies":[{"embeddable":true,"href":"https:\/\/www.meydan.tv\/az\/wp-json\/wp\/v2\/comments?post=197664"}],"version-history":[{"count":0,"href":"https:\/\/www.meydan.tv\/az\/wp-json\/wp\/v2\/posts\/197664\/revisions"}],"wp:featuredmedia":[{"embeddable":true,"href":"https:\/\/www.meydan.tv\/az\/wp-json\/wp\/v2\/media\/132146"}],"wp:attachment":[{"href":"https:\/\/www.meydan.tv\/az\/wp-json\/wp\/v2\/media?parent=197664"}],"wp:term":[{"taxonomy":"category","embeddable":true,"href":"https:\/\/www.meydan.tv\/az\/wp-json\/wp\/v2\/categories?post=197664"},{"taxonomy":"post_tag","embeddable":true,"href":"https:\/\/www.meydan.tv\/az\/wp-json\/wp\/v2\/tags?post=197664"}],"curies":[{"name":"wp","href":"https:\/\/api.w.org\/{rel}","templated":true}]}}