{"id":197658,"date":"2019-10-25T13:10:49","date_gmt":"2019-10-25T13:10:49","guid":{"rendered":"https:\/\/www.meydan.tv\/article\/icra-hakimiyyetinden-pul-yigin-getirin-probleminizi-hell-edek-dediler\/"},"modified":"2019-10-25T13:10:49","modified_gmt":"2019-10-25T13:10:49","slug":"icra-hakimiyyetinden-pul-yigin-getirin-probleminizi-hell-edek-dediler","status":"publish","type":"post","link":"https:\/\/www.meydan.tv\/az\/article\/icra-hakimiyyetinden-pul-yigin-getirin-probleminizi-hell-edek-dediler\/","title":{"rendered":"\u201c\u0130cra hakimiyy\u0259tind\u0259n \u201cpul y\u0131\u011f\u0131n, g\u0259tirin, probleminizi h\u0259ll ed\u0259k\u201d dedil\u0259r\u201d"},"content":{"rendered":"<p>\n  \u201c<br \/>\n  <i><br \/>\n    M\u0259h\u0259ll\u0259ni qam\u0131\u015f, h\u0259y\u0259tl\u0259ri qurunt sular\u0131 bas\u0131b, r\u00fctub\u0259td\u0259n x\u0259st\u0259 d\u00fc\u015fm\u00fc\u015f\u00fck, baxan yoxdur\u201d<br \/>\n  <\/i>\n<\/p>\n<p>\n  \u201cM\u0259h\u0259ll\u0259ni qam\u0131\u015f bas\u0131b, tez-tez od d\u00fc\u015f\u00fcr, evl\u0259r\u0259 ke\u00e7ir. Q\u0131\u015fda alt\u0131ndak\u0131 su art\u0131r, h\u0259y\u0259tl\u0259ri bas\u0131r. T\u0259dbir g\u00f6rm\u0259l\u0259ri \u00fc\u00e7\u00fcn icra hakimiyy\u0259tin\u0259 m\u00fcraci\u0259t etdik. \u201cGedin, pul y\u0131\u011f\u0131n, g\u0259tirin, probleminizi h\u0259ll ed\u0259k\u201d, &#8211; dedil\u0259r. Biz pul ver\u0259c\u0259yiks\u0259, icra hakimiyy\u0259tin\u0259 niy\u0259 m\u00fcraci\u0259t ed\u0259k ki?\u201d\n<\/p>\n<p>\n  Yevlax \u015f\u0259h\u0259rinin \u0130srafil M\u0259mm\u0259dov k\u00fc\u00e7\u0259sinin sakini Yegan\u0259 K\u0259rimova bel\u0259 deyir. \u015eikay\u0259t\u00e7i bildirir ki, buradak\u0131 evl\u0259rin he\u00e7 biri d\u00fcn\u0259n tikilm\u0259yib, 1970-ci ill\u0259rin sonlar\u0131ndan \u0259razid\u0259 ya\u015fay\u0131\u015f olub. V\u0259 ill\u0259rdir ki, onlar qurunt sular\u0131n\u0131n h\u0259y\u0259tl\u0259rini basmas\u0131ndan, r\u00fctub\u0259td\u0259n, m\u0259h\u0259ll\u0259ni basm\u0131\u015f qam\u0131\u015fdan bezibl\u0259r.\n<\/p>\n<p>\n  <b><br \/>\n    \u201cK\u00fcl\u0259kd\u0259 bir od d\u00fc\u015fs\u0259, b\u00fct\u00fcn evl\u0259r k\u00fcl olacaq\u201d<br \/>\n  <\/b>\n<\/p>\n<p>\n  \u201cM\u0259h\u0259ll\u0259ni basan quru qam\u0131\u015flard\u0131r. D\u0259f\u0259l\u0259rl\u0259 od d\u00fc\u015f\u00fcb, yan\u011f\u0131n \u0259r\u015f\u0259 \u00e7\u0131x\u0131b. H\u0259tta bir d\u0259f\u0259 qon\u015funun evin\u0259 d\u0259 ke\u00e7di, s\u00f6nd\u00fcr\u0259 bilm\u0259dil\u0259r. Ev yan\u0131b, k\u00fcl oldu. Yax\u015f\u0131 ki, i\u00e7ind\u0259 kims\u0259 yox idi, Bak\u0131ya getmi\u015fdil\u0259r. Yoxsa o q\u0259d\u0259r ani oldu ki, inan\u0131n, gec\u0259yn\u0259n evd\u0259n \u00e7\u0131xa bilm\u0259zdil\u0259r, ham\u0131s\u0131 q\u0131r\u0131lard\u0131. M\u0259h\u0259ll\u0259 o q\u0259d\u0259r dard\u0131r ki, yan\u011f\u0131ns\u00f6nd\u00fcr\u0259n d\u0259 sonacan gir\u0259 bilm\u0259z. K\u00fcl\u0259kd\u0259 od d\u00fc\u015fs\u0259, b\u00fct\u00fcn evl\u0259r k\u00fcl olar\u201d \u2013 deyir, \u015fikay\u0259t\u00e7il\u0259rd\u0259n Az\u0259r R\u0259himov.\n<\/p>\n<figure class=\"wp-block-image size-large\">\n  <img decoding=\"async\" src=\"https:\/\/www.meydan.tv\/az\/image_from_ios-6-jpg-50\/\" alt=\"image_from_ios (6).jpg\" class=\"wp-image-132104\"\/><figcaption>\n    Az\u0259r R\u0259himov<br \/>\n  <\/figcaption><\/figure>\n<p>\n  <b><br \/>\n    \u201cQupquru qam\u0131\u015fd\u0131r, bir siqaretd\u0259n al\u0131\u015fmaq ehtimal\u0131 var\u201d<br \/>\n  <\/b>\n<\/p>\n<p>\n  Az\u0259r R\u0259himov bildirir ki, burada ya\u015fayanlar h\u0259r g\u00fcn yan\u011f\u0131n qorxusu il\u0259 ya\u015famaqdan bezib. Bir siqaretd\u0259n al\u0131\u015fmaq ehtimal\u0131 var:\n<\/p>\n<p>\n  \u201cHam\u0131m\u0131z kas\u0131b adamlar\u0131q. Var\u0131m\u0131z, yoxumuz, birc\u0259 evimiz var. O da yansa, biz n\u0259 ed\u0259c\u0259yik? K\u00fc\u00e7\u0259l\u0259rd\u0259 qalar\u0131q. \u0130nan\u0131n bu yolu da \u00f6z g\u00fcc\u00fcm\u00fcz\u0259 abadla\u015fd\u0131rm\u0131\u015f\u0131q. Qap\u0131m\u0131z\u0131n a\u011fz\u0131d\u0131r, \u0259l d\u0259ym\u0259s\u0259k, bataql\u0131\u011fa \u00e7evril\u0259r. Baxmasaq, h\u0259r yeri qam\u0131\u015f basar, sabah n\u0259 t\u0259cili yard\u0131m, n\u0259 d\u0259 yan\u011f\u0131ns\u00f6nd\u00fcr\u0259n gir\u0259 bilm\u0259z buralara\u201d.\n<\/p>\n<p>\n  <b><br \/>\n    \u201cPrezidentin rayonumuzdak\u0131 n\u00fcmay\u0259nd\u0259sin\u0259 deyirik, o da pul ist\u0259yir\u201d<br \/>\n  <\/b>\n<\/p>\n<p>\n  Yegan\u0259 K\u0259rimova deyir ki, qam\u0131\u015fl\u0131\u011f\u0131n alt\u0131 qurunt sular\u0131 il\u0259 doludur. Ya\u011f\u0131\u015f ya\u011fanda suyun s\u0259viyy\u0259si qalx\u0131r v\u0259 h\u0259y\u0259tl\u0259ri bas\u0131r. Noyabr\u0131n sonlar\u0131ndan aprel\u0259d\u0259k h\u0259y\u0259tl\u0259rind\u0259 uzunbo\u011faz \u00e7\u0259km\u0259l\u0259rl\u0259 g\u0259zirl\u0259r:\n<\/p>\n<p>\n  \u201cBa\u015fqa \u00e7ar\u0259 yoxdur. H\u0259r yer diz\u0259c\u0259n su olur. \u018fvv\u0259l nasosxana var idi. Abdulla adl\u0131 bir ki\u015fiy\u0259 tap\u015f\u0131rm\u0131\u015fd\u0131lar. H\u0259ft\u0259d\u0259 bir d\u0259f\u0259 suyu \u00e7\u0259kirdi, bel\u0259 problem ya\u015fam\u0131rd\u0131q. H\u0259min ki\u015fi r\u0259hm\u0259t\u0259 ged\u0259nd\u0259n sonra, nasosxanan\u0131 da da\u011f\u0131td\u0131lar v\u0259 h\u0259min ild\u0259n qurunt sular\u0131 evimizin i\u00e7in\u0259 girir. Zirz\u0259mil\u0259ri, qaraj\u0131, \u0259l damlar\u0131n\u0131, h\u0259y\u0259tl\u0259ri su bas\u0131r. H\u0259tta h\u0259y\u0259td\u0259ki hamam\u0131, ayaqyolunu da istifad\u0259 etm\u0259k m\u00fcmk\u00fcn olmur. D\u0259rdimizi kim\u0259 dey\u0259k, bilmirik. Prezidentin rayonumuzdak\u0131 n\u00fcmay\u0259nd\u0259sin\u0259 deyirik, o da pul ist\u0259yir\u201d.\n<\/p>\n<figure class=\"wp-block-image size-large\">\n  <img decoding=\"async\" src=\"https:\/\/www.meydan.tv\/az\/image_from_ios-8-jpg-25\/\" alt=\"image_from_ios (8).jpg\" class=\"wp-image-132110\"\/><figcaption>\n    Sakinl\u0259r deyirl\u0259r ki, quru qam\u0131\u015f od tutanda s\u00f6nd\u00fcrm\u0259k m\u00fcmk\u00fcn olmur<br \/>\n  <\/figcaption><\/figure>\n<p>\n  <b><br \/>\n    \u201cD\u00f6vl\u0259timin s\u0259rv\u0259tind\u0259n biz\u0259 n\u0259 d\u00fc\u015f\u00fcr?\u201d<br \/>\n  <\/b>\n<\/p>\n<p>\n  G\u00fclar\u0259 M\u0259mm\u0259dova 1989-cu ild\u0259 burada ya\u015fay\u0131r. Deyir, t\u0259kc\u0259, h\u0259y\u0259tl\u0259ri su basmas\u0131 deyil problem. H\u0259m d\u0259 o sudan g\u0259l\u0259n qoxudur ki, evl\u0259rind\u0259 iyd\u0259n otura bilmirl\u0259r. \u00dcst\u0259lik, r\u00fctub\u0259tdir v\u0259 n\u0259v\u0259l\u0259ri yel x\u0259st\u0259liyin\u0259 tutulublar:\n<\/p>\n<p>\n  \u201cH\u0259y\u0259tl\u0259r diz\u0259c\u0259n su olur. T\u0259z\u0259 t\u0259mir etdiyim evin d\u00f6\u015f\u0259m\u0259si \u00e7\u00fcr\u00fcy\u00fcb, divarlar\u0131 kifl\u0259nib, qapqarad\u0131r. Evin d\u00f6rd t\u0259r\u0259fi suyun i\u00e7ind\u0259 qal\u0131r. \u0130yd\u0259n durmaq olmur. K\u00f6rp\u0259 u\u015faq saxlay\u0131ram, ham\u0131s\u0131 revmatizmadan \u0259ziyy\u0259t \u00e7\u0259kir. Qaraj, zirz\u0259mi, ev suyun i\u00e7ind\u0259 olur. Bir aya problemimiz ba\u015flayacaq. Pay\u0131z ya\u011f\u0131\u015flar\u0131 qap\u0131dad\u0131r. Vallah, he\u00e7 kim ya\u015famaz burada. Pulu olan sat\u0131b gedib. Biz ed\u0259 bilmirik, \u00e7\u0259tindir. Bu qam\u0131\u015fa, qurunt sular\u0131na bir \u0259lac etsinl\u0259r. N\u0259 vaxtacan ya\u015fay\u0131\u015f t\u0259rzimiz olmal\u0131d\u0131r? D\u00f6vl\u0259timizin bu boyda s\u0259rv\u0259ti var. 100-d\u0259n \u00e7ox ail\u0259 bu z\u00fclm\u00fcn i\u00e7ind\u0259 ya\u015fay\u0131r\u0131q. B\u0259s bu s\u0259rv\u0259td\u0259n biz\u0259 n\u0259 d\u00fc\u015f\u00fcr? K\u00f6m\u0259k etsinl\u0259r d\u0259\u201d.\n<\/p>\n<figure class=\"wp-block-image size-large\">\n  <img decoding=\"async\" src=\"https:\/\/www.meydan.tv\/az\/image_from_ios-5-jpg-59\/\" alt=\"image_from_ios (5).jpg\" class=\"wp-image-132098\"\/><figcaption>\n    G\u00fclar\u0259 M\u0259mm\u0259dova<br \/>\n  <\/figcaption><\/figure>\n<p>\n  <b><br \/>\n    \u201c\u0130lboyu ilan, k\u0259rt\u0259nk\u0259l\u0259, mil\u00e7\u0259k, a\u011fcaqanad \u0259lind\u0259n ya\u015famaq olmur\u201d<br \/>\n  <\/b>\n<\/p>\n<p>\n  M\u00fcbariz H\u0259s\u0259nov deyir ki, q\u0131\u015f-yay r\u00fctub\u0259td\u0259n, b\u00f6c\u0259k, s\u00fcr\u00fcn\u0259n, ilan, k\u0259rt\u0259nk\u0259l\u0259, mil\u00e7\u0259k, a\u011fcaqanad, si\u00e7ovul \u0259lind\u0259n t\u0259rp\u0259nm\u0259k olmur:\n<\/p>\n<p>\n  \u201cU\u015faqlar\u0131 iyn\u0259-d\u0259rmandan ay\u0131ra bilmirik. N\u0259 q\u0259d\u0259r olar? \u00c7ox \u015fey ist\u0259mirik. \u0130\u015f\u00e7i laz\u0131m deyil. Bir motor versinl\u0259r \u00f6z\u00fcm\u00fcz \u00e7\u0259k\u0259rik. Onu da etmirl\u0259r. Pulunu bizd\u0259n ist\u0259yirl\u0259r. Bizim pulumuz yoxdur, olsa burada niy\u0259 ya\u015fayaq ki? Zirz\u0259misi suyun i\u00e7ind\u0259 olan evl\u0259rd\u0259n, onun i\u00e7ind\u0259 ya\u015fayan insanlardan n\u0259 g\u00f6zl\u0259m\u0259k olar? Ham\u0131m\u0131z x\u0259st\u0259 d\u00fc\u015fm\u00fc\u015f\u00fck\u201d.\n<\/p>\n<figure class=\"wp-block-image size-large\">\n  <img decoding=\"async\" src=\"https:\/\/www.meydan.tv\/az\/image_from_ios-3-jpg-25\/\" alt=\"image_from_ios (3).jpg\" class=\"wp-image-132095\"\/><figcaption>\n    M\u00fcbariz H\u0259s\u0259nov<br \/>\n  <\/figcaption><\/figure>\n<p>\n  <b><br \/>\n    \u201c\u015eikay\u0259t qeydiyyata al\u0131nd\u0131, bax\u0131lacaq\u201d<br \/>\n  <\/b>\n<\/p>\n<p>\n  Yevlax Rayon \u0130cra Hakimiyy\u0259tind\u0259n Meydan TV-y\u0259 deyibl\u0259r ki, \u0130srafil M\u0259mm\u0259dov k\u00fc\u00e7\u0259sind\u0259n onlara h\u0259r hans\u0131 bir \u015fikay\u0259tin daxil olmay\u0131b:\n<\/p>\n<p>\n  \u201cOlsayd\u0131, maraqlanar, k\u00f6m\u0259k ed\u0259rdik. H\u0259r bir halda biz indi bu \u015fikay\u0259ti qeydiyyata g\u00f6t\u00fcrd\u00fck, maraqlanaca\u011f\u0131q. Amma d\u0259qiq bilir\u0259m ki, icra hakimiyy\u0259ti kims\u0259y\u0259 \u201cpul y\u0131\u011f\u0131n siz\u0259 motor alaq\u201d v\u0259 s. dem\u0259z. Bel\u0259 bir \u015feyin olmas\u0131 m\u00fcmk\u00fcn deyil. Probleml\u0259 maraqlanaca\u011f\u0131q\u201d.\n<\/p>\n<figure class=\"wp-block-image size-large\">\n  <img decoding=\"async\" src=\"https:\/\/www.meydan.tv\/az\/image_from_ios-7-jpg-31\/\" alt=\"image_from_ios (7).jpg\" class=\"wp-image-132107\"\/><figcaption>\n    H\u0259y\u0259tl\u0259rin qap\u0131s\u0131 qam\u0131\u015fl\u0131\u011fa a\u00e7\u0131l\u0131r<br \/>\n  <\/figcaption><\/figure>\n","protected":false},"excerpt":{"rendered":"<p>Amma d\u0259qiq bilir\u0259m ki, icra hakimiyy\u0259ti kims\u0259y\u0259 \u201cpul y\u0131\u011f\u0131n siz\u0259 motor alaq\u201d v\u0259 s. dem\u0259z.<\/p>\n","protected":false},"author":11,"featured_media":132101,"comment_status":"closed","ping_status":"open","sticky":false,"template":"","format":"standard","meta":{"_acf_changed":false,"_sitemap_exclude":false,"_sitemap_priority":"","_sitemap_frequency":"","footnotes":""},"categories":[60],"tags":[],"class_list":["post-197658","post","type-post","status-publish","format-standard","has-post-thumbnail","hentry","category-bolge","infinite-scroll-item","generate-columns","tablet-grid-50","mobile-grid-100","grid-parent","grid-33","no-featured-image-padding"],"acf":[],"yoast_head":"<!-- This site is optimized with the Yoast SEO plugin v27.5 - https:\/\/yoast.com\/product\/yoast-seo-wordpress\/ -->\n<title>\u201c\u0130cra hakimiyy\u0259tind\u0259n \u201cpul y\u0131\u011f\u0131n, g\u0259tirin, probleminizi h\u0259ll ed\u0259k\u201d dedil\u0259r\u201d - MEYDAN.TV<\/title>\n<meta name=\"robots\" content=\"index, follow, max-snippet:-1, max-image-preview:large, max-video-preview:-1\" \/>\n<link rel=\"canonical\" href=\"https:\/\/www.meydan.tv\/az\/article\/icra-hakimiyyetinden-pul-yigin-getirin-probleminizi-hell-edek-dediler\/\" \/>\n<meta property=\"og:locale\" content=\"az_AZ\" \/>\n<meta property=\"og:type\" content=\"article\" \/>\n<meta property=\"og:title\" content=\"\u201c\u0130cra hakimiyy\u0259tind\u0259n \u201cpul y\u0131\u011f\u0131n, g\u0259tirin, probleminizi h\u0259ll ed\u0259k\u201d dedil\u0259r\u201d - MEYDAN.TV\" \/>\n<meta property=\"og:description\" content=\"Amma d\u0259qiq bilir\u0259m ki, icra hakimiyy\u0259ti kims\u0259y\u0259 \u201cpul y\u0131\u011f\u0131n siz\u0259 motor alaq\u201d v\u0259 s. dem\u0259z.\" \/>\n<meta property=\"og:url\" content=\"https:\/\/www.meydan.tv\/az\/article\/icra-hakimiyyetinden-pul-yigin-getirin-probleminizi-hell-edek-dediler\/\" \/>\n<meta property=\"og:site_name\" content=\"MEYDAN.TV\" \/>\n<meta property=\"article:published_time\" content=\"2019-10-25T13:10:49+00:00\" \/>\n<meta property=\"og:image\" content=\"https:\/\/www.meydan.tv\/wp-content\/uploads\/image_from_ios_4_624f2de-scaled.jpg\" \/>\n\t<meta property=\"og:image:width\" content=\"2560\" \/>\n\t<meta property=\"og:image:height\" content=\"1920\" \/>\n\t<meta property=\"og:image:type\" content=\"image\/jpeg\" \/>\n<meta name=\"author\" content=\"user-manager\" \/>\n<meta name=\"twitter:card\" content=\"summary_large_image\" \/>\n<script type=\"application\/ld+json\" class=\"yoast-schema-graph\">{\"@context\":\"https:\\\/\\\/schema.org\",\"@graph\":[{\"@type\":\"Article\",\"@id\":\"https:\\\/\\\/www.meydan.tv\\\/az\\\/article\\\/icra-hakimiyyetinden-pul-yigin-getirin-probleminizi-hell-edek-dediler\\\/#article\",\"isPartOf\":{\"@id\":\"https:\\\/\\\/www.meydan.tv\\\/az\\\/article\\\/icra-hakimiyyetinden-pul-yigin-getirin-probleminizi-hell-edek-dediler\\\/\"},\"author\":{\"name\":\"user-manager\",\"@id\":\"https:\\\/\\\/www.meydan.tv\\\/az\\\/#\\\/schema\\\/person\\\/10d11eccf6da3662cf5fdab9806ea91a\"},\"headline\":\"\u201c\u0130cra hakimiyy\u0259tind\u0259n \u201cpul y\u0131\u011f\u0131n, g\u0259tirin, probleminizi h\u0259ll ed\u0259k\u201d dedil\u0259r\u201d\",\"datePublished\":\"2019-10-25T13:10:49+00:00\",\"mainEntityOfPage\":{\"@id\":\"https:\\\/\\\/www.meydan.tv\\\/az\\\/article\\\/icra-hakimiyyetinden-pul-yigin-getirin-probleminizi-hell-edek-dediler\\\/\"},\"wordCount\":1087,\"publisher\":{\"@id\":\"https:\\\/\\\/www.meydan.tv\\\/az\\\/#organization\"},\"image\":{\"@id\":\"https:\\\/\\\/www.meydan.tv\\\/az\\\/article\\\/icra-hakimiyyetinden-pul-yigin-getirin-probleminizi-hell-edek-dediler\\\/#primaryimage\"},\"thumbnailUrl\":\"https:\\\/\\\/www.meydan.tv\\\/wp-content\\\/uploads\\\/image_from_ios_4_624f2de-scaled.jpg\",\"articleSection\":[\"B\u00f6lg\u0259\"],\"inLanguage\":\"az\"},{\"@type\":\"WebPage\",\"@id\":\"https:\\\/\\\/www.meydan.tv\\\/az\\\/article\\\/icra-hakimiyyetinden-pul-yigin-getirin-probleminizi-hell-edek-dediler\\\/\",\"url\":\"https:\\\/\\\/www.meydan.tv\\\/az\\\/article\\\/icra-hakimiyyetinden-pul-yigin-getirin-probleminizi-hell-edek-dediler\\\/\",\"name\":\"\u201c\u0130cra hakimiyy\u0259tind\u0259n \u201cpul y\u0131\u011f\u0131n, g\u0259tirin, probleminizi h\u0259ll ed\u0259k\u201d dedil\u0259r\u201d - MEYDAN.TV\",\"isPartOf\":{\"@id\":\"https:\\\/\\\/www.meydan.tv\\\/az\\\/#website\"},\"primaryImageOfPage\":{\"@id\":\"https:\\\/\\\/www.meydan.tv\\\/az\\\/article\\\/icra-hakimiyyetinden-pul-yigin-getirin-probleminizi-hell-edek-dediler\\\/#primaryimage\"},\"image\":{\"@id\":\"https:\\\/\\\/www.meydan.tv\\\/az\\\/article\\\/icra-hakimiyyetinden-pul-yigin-getirin-probleminizi-hell-edek-dediler\\\/#primaryimage\"},\"thumbnailUrl\":\"https:\\\/\\\/www.meydan.tv\\\/wp-content\\\/uploads\\\/image_from_ios_4_624f2de-scaled.jpg\",\"datePublished\":\"2019-10-25T13:10:49+00:00\",\"breadcrumb\":{\"@id\":\"https:\\\/\\\/www.meydan.tv\\\/az\\\/article\\\/icra-hakimiyyetinden-pul-yigin-getirin-probleminizi-hell-edek-dediler\\\/#breadcrumb\"},\"inLanguage\":\"az\",\"potentialAction\":[{\"@type\":\"ReadAction\",\"target\":[\"https:\\\/\\\/www.meydan.tv\\\/az\\\/article\\\/icra-hakimiyyetinden-pul-yigin-getirin-probleminizi-hell-edek-dediler\\\/\"]}]},{\"@type\":\"ImageObject\",\"inLanguage\":\"az\",\"@id\":\"https:\\\/\\\/www.meydan.tv\\\/az\\\/article\\\/icra-hakimiyyetinden-pul-yigin-getirin-probleminizi-hell-edek-dediler\\\/#primaryimage\",\"url\":\"https:\\\/\\\/www.meydan.tv\\\/wp-content\\\/uploads\\\/image_from_ios_4_624f2de-scaled.jpg\",\"contentUrl\":\"https:\\\/\\\/www.meydan.tv\\\/wp-content\\\/uploads\\\/image_from_ios_4_624f2de-scaled.jpg\",\"width\":2560,\"height\":1920,\"caption\":\"Source: Specify Source\"},{\"@type\":\"BreadcrumbList\",\"@id\":\"https:\\\/\\\/www.meydan.tv\\\/az\\\/article\\\/icra-hakimiyyetinden-pul-yigin-getirin-probleminizi-hell-edek-dediler\\\/#breadcrumb\",\"itemListElement\":[{\"@type\":\"ListItem\",\"position\":1,\"name\":\"Ana s\u0259hif\u0259\",\"item\":\"https:\\\/\\\/www.meydan.tv\\\/az\\\/\"},{\"@type\":\"ListItem\",\"position\":2,\"name\":\"B\u00f6lg\u0259\",\"item\":\"https:\\\/\\\/www.meydan.tv\\\/az\\\/section\\\/bolge\\\/\"},{\"@type\":\"ListItem\",\"position\":3,\"name\":\"\u201c\u0130cra hakimiyy\u0259tind\u0259n \u201cpul y\u0131\u011f\u0131n, g\u0259tirin, probleminizi h\u0259ll ed\u0259k\u201d dedil\u0259r\u201d\"}]},{\"@type\":\"WebSite\",\"@id\":\"https:\\\/\\\/www.meydan.tv\\\/az\\\/#website\",\"url\":\"https:\\\/\\\/www.meydan.tv\\\/az\\\/\",\"name\":\"MEYDAN.TV\",\"description\":\"Meydan TV Az\u0259rbaycan\u0131n media m\u0259kan\u0131ndak\u0131 alternativ s\u0259sidir\",\"publisher\":{\"@id\":\"https:\\\/\\\/www.meydan.tv\\\/az\\\/#organization\"},\"potentialAction\":[{\"@type\":\"SearchAction\",\"target\":{\"@type\":\"EntryPoint\",\"urlTemplate\":\"https:\\\/\\\/www.meydan.tv\\\/az\\\/?s={search_term_string}\"},\"query-input\":{\"@type\":\"PropertyValueSpecification\",\"valueRequired\":true,\"valueName\":\"search_term_string\"}}],\"inLanguage\":\"az\"},{\"@type\":\"Organization\",\"@id\":\"https:\\\/\\\/www.meydan.tv\\\/az\\\/#organization\",\"name\":\"Meydan TV\",\"url\":\"https:\\\/\\\/www.meydan.tv\\\/az\\\/\",\"logo\":{\"@type\":\"ImageObject\",\"inLanguage\":\"az\",\"@id\":\"https:\\\/\\\/www.meydan.tv\\\/az\\\/#\\\/schema\\\/logo\\\/image\\\/\",\"url\":\"https:\\\/\\\/www.meydan.tv\\\/wp-content\\\/uploads\\\/2021\\\/07\\\/meydan-logo.svg\",\"contentUrl\":\"https:\\\/\\\/www.meydan.tv\\\/wp-content\\\/uploads\\\/2021\\\/07\\\/meydan-logo.svg\",\"width\":195,\"height\":46,\"caption\":\"Meydan TV\"},\"image\":{\"@id\":\"https:\\\/\\\/www.meydan.tv\\\/az\\\/#\\\/schema\\\/logo\\\/image\\\/\"}},{\"@type\":\"Person\",\"@id\":\"https:\\\/\\\/www.meydan.tv\\\/az\\\/#\\\/schema\\\/person\\\/10d11eccf6da3662cf5fdab9806ea91a\",\"name\":\"user-manager\"}]}<\/script>\n<!-- \/ Yoast SEO plugin. -->","yoast_head_json":{"title":"\u201c\u0130cra hakimiyy\u0259tind\u0259n \u201cpul y\u0131\u011f\u0131n, g\u0259tirin, probleminizi h\u0259ll ed\u0259k\u201d dedil\u0259r\u201d - MEYDAN.TV","robots":{"index":"index","follow":"follow","max-snippet":"max-snippet:-1","max-image-preview":"max-image-preview:large","max-video-preview":"max-video-preview:-1"},"canonical":"https:\/\/www.meydan.tv\/az\/article\/icra-hakimiyyetinden-pul-yigin-getirin-probleminizi-hell-edek-dediler\/","og_locale":"az_AZ","og_type":"article","og_title":"\u201c\u0130cra hakimiyy\u0259tind\u0259n \u201cpul y\u0131\u011f\u0131n, g\u0259tirin, probleminizi h\u0259ll ed\u0259k\u201d dedil\u0259r\u201d - MEYDAN.TV","og_description":"Amma d\u0259qiq bilir\u0259m ki, icra hakimiyy\u0259ti kims\u0259y\u0259 \u201cpul y\u0131\u011f\u0131n siz\u0259 motor alaq\u201d v\u0259 s. dem\u0259z.","og_url":"https:\/\/www.meydan.tv\/az\/article\/icra-hakimiyyetinden-pul-yigin-getirin-probleminizi-hell-edek-dediler\/","og_site_name":"MEYDAN.TV","article_published_time":"2019-10-25T13:10:49+00:00","og_image":[{"width":2560,"height":1920,"url":"https:\/\/www.meydan.tv\/wp-content\/uploads\/image_from_ios_4_624f2de-scaled.jpg","type":"image\/jpeg"}],"author":"user-manager","twitter_card":"summary_large_image","schema":{"@context":"https:\/\/schema.org","@graph":[{"@type":"Article","@id":"https:\/\/www.meydan.tv\/az\/article\/icra-hakimiyyetinden-pul-yigin-getirin-probleminizi-hell-edek-dediler\/#article","isPartOf":{"@id":"https:\/\/www.meydan.tv\/az\/article\/icra-hakimiyyetinden-pul-yigin-getirin-probleminizi-hell-edek-dediler\/"},"author":{"name":"user-manager","@id":"https:\/\/www.meydan.tv\/az\/#\/schema\/person\/10d11eccf6da3662cf5fdab9806ea91a"},"headline":"\u201c\u0130cra hakimiyy\u0259tind\u0259n \u201cpul y\u0131\u011f\u0131n, g\u0259tirin, probleminizi h\u0259ll ed\u0259k\u201d dedil\u0259r\u201d","datePublished":"2019-10-25T13:10:49+00:00","mainEntityOfPage":{"@id":"https:\/\/www.meydan.tv\/az\/article\/icra-hakimiyyetinden-pul-yigin-getirin-probleminizi-hell-edek-dediler\/"},"wordCount":1087,"publisher":{"@id":"https:\/\/www.meydan.tv\/az\/#organization"},"image":{"@id":"https:\/\/www.meydan.tv\/az\/article\/icra-hakimiyyetinden-pul-yigin-getirin-probleminizi-hell-edek-dediler\/#primaryimage"},"thumbnailUrl":"https:\/\/www.meydan.tv\/wp-content\/uploads\/image_from_ios_4_624f2de-scaled.jpg","articleSection":["B\u00f6lg\u0259"],"inLanguage":"az"},{"@type":"WebPage","@id":"https:\/\/www.meydan.tv\/az\/article\/icra-hakimiyyetinden-pul-yigin-getirin-probleminizi-hell-edek-dediler\/","url":"https:\/\/www.meydan.tv\/az\/article\/icra-hakimiyyetinden-pul-yigin-getirin-probleminizi-hell-edek-dediler\/","name":"\u201c\u0130cra hakimiyy\u0259tind\u0259n \u201cpul y\u0131\u011f\u0131n, g\u0259tirin, probleminizi h\u0259ll ed\u0259k\u201d dedil\u0259r\u201d - MEYDAN.TV","isPartOf":{"@id":"https:\/\/www.meydan.tv\/az\/#website"},"primaryImageOfPage":{"@id":"https:\/\/www.meydan.tv\/az\/article\/icra-hakimiyyetinden-pul-yigin-getirin-probleminizi-hell-edek-dediler\/#primaryimage"},"image":{"@id":"https:\/\/www.meydan.tv\/az\/article\/icra-hakimiyyetinden-pul-yigin-getirin-probleminizi-hell-edek-dediler\/#primaryimage"},"thumbnailUrl":"https:\/\/www.meydan.tv\/wp-content\/uploads\/image_from_ios_4_624f2de-scaled.jpg","datePublished":"2019-10-25T13:10:49+00:00","breadcrumb":{"@id":"https:\/\/www.meydan.tv\/az\/article\/icra-hakimiyyetinden-pul-yigin-getirin-probleminizi-hell-edek-dediler\/#breadcrumb"},"inLanguage":"az","potentialAction":[{"@type":"ReadAction","target":["https:\/\/www.meydan.tv\/az\/article\/icra-hakimiyyetinden-pul-yigin-getirin-probleminizi-hell-edek-dediler\/"]}]},{"@type":"ImageObject","inLanguage":"az","@id":"https:\/\/www.meydan.tv\/az\/article\/icra-hakimiyyetinden-pul-yigin-getirin-probleminizi-hell-edek-dediler\/#primaryimage","url":"https:\/\/www.meydan.tv\/wp-content\/uploads\/image_from_ios_4_624f2de-scaled.jpg","contentUrl":"https:\/\/www.meydan.tv\/wp-content\/uploads\/image_from_ios_4_624f2de-scaled.jpg","width":2560,"height":1920,"caption":"Source: Specify Source"},{"@type":"BreadcrumbList","@id":"https:\/\/www.meydan.tv\/az\/article\/icra-hakimiyyetinden-pul-yigin-getirin-probleminizi-hell-edek-dediler\/#breadcrumb","itemListElement":[{"@type":"ListItem","position":1,"name":"Ana s\u0259hif\u0259","item":"https:\/\/www.meydan.tv\/az\/"},{"@type":"ListItem","position":2,"name":"B\u00f6lg\u0259","item":"https:\/\/www.meydan.tv\/az\/section\/bolge\/"},{"@type":"ListItem","position":3,"name":"\u201c\u0130cra hakimiyy\u0259tind\u0259n \u201cpul y\u0131\u011f\u0131n, g\u0259tirin, probleminizi h\u0259ll ed\u0259k\u201d dedil\u0259r\u201d"}]},{"@type":"WebSite","@id":"https:\/\/www.meydan.tv\/az\/#website","url":"https:\/\/www.meydan.tv\/az\/","name":"MEYDAN.TV","description":"Meydan TV Az\u0259rbaycan\u0131n media m\u0259kan\u0131ndak\u0131 alternativ s\u0259sidir","publisher":{"@id":"https:\/\/www.meydan.tv\/az\/#organization"},"potentialAction":[{"@type":"SearchAction","target":{"@type":"EntryPoint","urlTemplate":"https:\/\/www.meydan.tv\/az\/?s={search_term_string}"},"query-input":{"@type":"PropertyValueSpecification","valueRequired":true,"valueName":"search_term_string"}}],"inLanguage":"az"},{"@type":"Organization","@id":"https:\/\/www.meydan.tv\/az\/#organization","name":"Meydan TV","url":"https:\/\/www.meydan.tv\/az\/","logo":{"@type":"ImageObject","inLanguage":"az","@id":"https:\/\/www.meydan.tv\/az\/#\/schema\/logo\/image\/","url":"https:\/\/www.meydan.tv\/wp-content\/uploads\/2021\/07\/meydan-logo.svg","contentUrl":"https:\/\/www.meydan.tv\/wp-content\/uploads\/2021\/07\/meydan-logo.svg","width":195,"height":46,"caption":"Meydan TV"},"image":{"@id":"https:\/\/www.meydan.tv\/az\/#\/schema\/logo\/image\/"}},{"@type":"Person","@id":"https:\/\/www.meydan.tv\/az\/#\/schema\/person\/10d11eccf6da3662cf5fdab9806ea91a","name":"user-manager"}]}},"_links":{"self":[{"href":"https:\/\/www.meydan.tv\/az\/wp-json\/wp\/v2\/posts\/197658","targetHints":{"allow":["GET"]}}],"collection":[{"href":"https:\/\/www.meydan.tv\/az\/wp-json\/wp\/v2\/posts"}],"about":[{"href":"https:\/\/www.meydan.tv\/az\/wp-json\/wp\/v2\/types\/post"}],"author":[{"embeddable":true,"href":"https:\/\/www.meydan.tv\/az\/wp-json\/wp\/v2\/users\/11"}],"replies":[{"embeddable":true,"href":"https:\/\/www.meydan.tv\/az\/wp-json\/wp\/v2\/comments?post=197658"}],"version-history":[{"count":0,"href":"https:\/\/www.meydan.tv\/az\/wp-json\/wp\/v2\/posts\/197658\/revisions"}],"wp:featuredmedia":[{"embeddable":true,"href":"https:\/\/www.meydan.tv\/az\/wp-json\/wp\/v2\/media\/132101"}],"wp:attachment":[{"href":"https:\/\/www.meydan.tv\/az\/wp-json\/wp\/v2\/media?parent=197658"}],"wp:term":[{"taxonomy":"category","embeddable":true,"href":"https:\/\/www.meydan.tv\/az\/wp-json\/wp\/v2\/categories?post=197658"},{"taxonomy":"post_tag","embeddable":true,"href":"https:\/\/www.meydan.tv\/az\/wp-json\/wp\/v2\/tags?post=197658"}],"curies":[{"name":"wp","href":"https:\/\/api.w.org\/{rel}","templated":true}]}}