{"id":197652,"date":"2019-10-25T13:03:42","date_gmt":"2019-10-25T13:03:42","guid":{"rendered":"https:\/\/www.meydan.tv\/article\/mualice-olunmasam-balalarim-sahibsiz-qalacaq\/"},"modified":"2019-10-25T13:03:42","modified_gmt":"2019-10-25T13:03:42","slug":"mualice-olunmasam-balalarim-sahibsiz-qalacaq","status":"publish","type":"post","link":"https:\/\/www.meydan.tv\/az\/article\/mualice-olunmasam-balalarim-sahibsiz-qalacaq\/","title":{"rendered":"\u201cM\u00fcalic\u0259 olunmasam, balalar\u0131m sahibsiz qalacaq\u201d"},"content":{"rendered":"<p>\n  <i><br \/>\n    \u0130lham Dada\u015fov iddia edir ki, h\u0259rbi xidm\u0259td\u0259 olark\u0259n ald\u0131\u011f\u0131 x\u0259sar\u0259tl\u0259r s\u0259n\u0259dl\u0259\u015fdirilm\u0259yib, bu s\u0259b\u0259bd\u0259n d\u0259 indi d\u00f6vl\u0259t hesab\u0131na xaric\u0259 m\u00fcalic\u0259y\u0259 ged\u0259 bilmir<br \/>\n  <\/i>\n<\/p>\n<p>\n  \u201cH\u0259rbid\u0259 itirdiyim sa\u011flaml\u0131\u011f\u0131m\u0131 geri qaytarmaq, \u00f6vladlar\u0131m\u0131 b\u00f6y\u00fctm\u0259k ist\u0259yir\u0259m. Bunun \u00fc\u00e7\u00fcn t\u0259l\u0259b olunan v\u0259sait yoxdur. \u0130ndiy\u0259 kimi n\u0259yimiz vard\u0131sa, sat\u0131b m\u00fcalic\u0259m\u0259 x\u0259rcl\u0259mi\u015fik, n\u0259tic\u0259si d\u0259 g\u00f6z qaba\u011f\u0131nda&#8230; G\u00fcnb\u0259g\u00fcn durumum pisl\u0259\u015fir, b\u0259d\u0259nimin dig\u0259r funksiyalar\u0131 da f\u0259aliyy\u0259tini dayand\u0131rmaq \u00fczr\u0259dir\u201d.\n<\/p>\n<p>\n  \u0130smay\u0131ll\u0131 sakini olan 1-ci qrup \u0259lil, 33 ya\u015fl\u0131 \u0130lham Dada\u015fov Meydan Tv-y\u0259 dan\u0131\u015f\u0131r ki, 13 il \u0259vv\u0259l \u0259sg\u0259rlikd\u0259 olark\u0259n h\u0259rbi t\u0259liml\u0259r zaman\u0131 ald\u0131\u011f\u0131 z\u0259d\u0259l\u0259r n\u0259tic\u0259sind\u0259 belind\u0259 g\u00fccl\u00fc a\u011fr\u0131lar ba\u015flay\u0131b. Bu a\u011fr\u0131larla, he\u00e7 bir m\u00fcalic\u0259 almadan T\u0259rt\u0259rd\u0259 N sayl\u0131 h\u0259rbi hiss\u0259d\u0259ki artilleriya divizyonunda xidm\u0259tini ba\u015fa vurub. Dem\u0259sin\u0259 g\u00f6r\u0259, h\u0259rbi xidm\u0259ti ba\u015fa vurub qay\u0131td\u0131qdan sonra v\u0259ziyy\u0259ti bir q\u0259d\u0259r d\u0259 a\u011f\u0131rla\u015f\u0131b.\n<\/p>\n<p>\n  <b><br \/>\n    \u201c13 ildir z\u00fclm \u00e7\u0259kir\u0259m\u201d<br \/>\n  <\/b>\n<\/p>\n<p>\n  \u0130lham Dada\u015fov dan\u0131\u015f\u0131r:\n<\/p>\n<p>\n  \u201c13 ildir ki, z\u00fclm \u00e7\u0259kir\u0259m. Neyroloji x\u0259st\u0259likdir \u2013 diaqnoz dejerin. Ald\u0131\u011f\u0131m m\u00fcalic\u0259l\u0259r d\u0259 m\u00fcsb\u0259t n\u0259tic\u0259 vermir. H\u0259kiml\u0259rin son s\u00f6z\u00fc budur ki, m\u00fcalic\u0259m yaln\u0131z xarici \u00f6lk\u0259l\u0259rd\u0259 m\u00fcmk\u00fcnd\u00fcr. Bu \u00f6lk\u0259l\u0259rd\u0259n \u0259n yax\u0131n\u0131 v\u0259 m\u00fcalic\u0259nin nisb\u0259t\u0259n ucuz ba\u015fa g\u0259lm\u0259si T\u00fcrkiy\u0259d\u0259 ola bil\u0259r. T\u00fcrkiy\u0259nin Mimar Sinan D\u00f6vl\u0259t X\u0259st\u0259xanas\u0131nda, yaxud G\u00fclhan\u0259 H\u0259rbi Tibb Akademiyas\u0131nda tam m\u00fcalic\u0259m m\u00fcmk\u00fcnd\u00fcr. Buna da maddi imkan\u0131m yoxdur\u201d.\n<\/p>\n<p>\n  \u0130lham Dada\u015fov deyir, m\u00fcalic\u0259 olunmasa, orqanizmi tamamil\u0259 f\u0259aliyy\u0259tini itir\u0259 bil\u0259r:\n<\/p>\n<p>\n  \u201cSoyuqlama qrip v\u0259 ald\u0131\u011f\u0131m z\u0259d\u0259 n\u0259tic\u0259sind\u0259 m\u0259n\u0259 \u201cLanduzer Dejerin\u201d diaqnozu qoyulub. (\u018fz\u0259l\u0259 distrofiyas\u0131. Nevroloji x\u0259st\u0259likdir. M\u0259rk\u0259zi sinir sistemi (ba\u015f v\u0259 onur\u011fa beyni), periferik sinir sistemi, avtonom sinir sistemi v\u0259 \u0259z\u0259l\u0259 sistemi z\u0259d\u0259l\u0259nm\u0259si n\u0259tic\u0259sind\u0259 yaran\u0131r). B\u0259d\u0259nimin bir hiss\u0259si iflic olub. Tamamil\u0259 iflic olmaq \u00fczr\u0259y\u0259m. H\u0259r k\u0259sd\u0259n \u2013 d\u00f6vl\u0259td\u0259n d\u0259, c\u0259miyy\u0259td\u0259n d\u0259 sa\u011flaml\u0131\u011f\u0131ma bigan\u0259 qalmama\u011f\u0131 xahi\u015f edir\u0259m. M\u0259n bu travmalar\u0131 h\u0259rbi xidm\u0259td\u0259 olark\u0259n alm\u0131\u015fam. M\u00fcdafi\u0259 Nazirliyin\u0259, prezident\u0259 yazm\u0131\u015f\u0131q, he\u00e7 bir cavab g\u0259lm\u0259yib. N\u0259 \u201ch\u0259\u201d yaz\u0131rlar, n\u0259 \u201cyox\u201d. \u0130ll\u0259rdir ki, h\u0259rbi \u0259lillik statusu da verilmir. Deyirl\u0259r, s\u0259nin x\u0259st\u0259liyinin h\u0259rbi xidm\u0259tl\u0259 \u0259laq\u0259si yoxdur. S\u00fcbut ed\u0259 bilmir\u0259m ki, m\u0259n bu travmalar\u0131 h\u0259rbi xidm\u0259td\u0259 olark\u0259n alm\u0131\u015fam, \u00f6zl\u0259ri vaxt\u0131nda ald\u0131\u011f\u0131m z\u0259d\u0259l\u0259ri r\u0259smil\u0259\u015fdirm\u0259yibl\u0259r, indi is\u0259 s\u0259n\u0259d t\u0259l\u0259b edirl\u0259r. H\u0259rbi hiss\u0259y\u0259 d\u0259 getmi\u015f\u0259m, xahi\u015f etmi\u015f\u0259m ki, m\u0259n\u0259 h\u0259rbi xidm\u0259t d\u00f6vr\u00fcnd\u0259 h\u0259rbi hiss\u0259d\u0259 x\u0259sar\u0259t alma\u011f\u0131mla ba\u011fl\u0131 bir par\u00e7a ka\u011f\u0131z versin, deyir, vaxt\u0131nda qeyd\u0259 al\u0131nmay\u0131b, indi gecdir\u201d.\n<\/p>\n<figure class=\"wp-block-image size-large\">\n  <img decoding=\"async\" src=\"https:\/\/www.meydan.tv\/az\/image_from_ios-2-jpg-52\/\" alt=\"image_from_ios (2).jpg\" class=\"wp-image-132092\"\/><figcaption>\n    Unibank hesab\u0131<br \/>\n  <\/figcaption><\/figure>\n<p>\n  <b><br \/>\n    M\u00fcalic\u0259 \u00fc\u00e7\u00fcn 45 min manat t\u0259l\u0259b olunur<br \/>\n  <\/b>\n<\/p>\n<p>\n  \u0130lham Dada\u015fovun m\u00fcalic\u0259si \u00fc\u00e7\u00fcn 45 min manata ehtiyac var:\n<\/p>\n<p>\n  \u201c\u00d6vladlar\u0131ma g\u00fcn a\u011flamal\u0131 oldu\u011fum bir vaxtda evin bir k\u00fcnc\u00fcnd\u0259 \u0259lilliyiml\u0259 ba\u015f-ba\u015fa qalm\u0131\u015fam. M\u0259cbur olub bankda hesab a\u00e7d\u0131q, b\u0259lk\u0259 tez bir zamanda m\u0259bl\u0259\u011f toplanar, m\u00fcalic\u0259y\u0259 ged\u0259r\u0259m. Allahdan \u00fcmid \u00fcz\u00fclm\u0259z. \u00d6z\u00fcm h\u0259rbid\u0259 \u0259lil olmu\u015fam, atam Kamil Dada\u015fov da vaxtil\u0259 Qaraba\u011fda yaralan\u0131b. 2-ci qrup \u0259lildir. Atam\u0131n v\u0259 m\u0259nim pensiyamla dolan\u0131r\u0131q. T\u00fcrkiy\u0259d\u0259 m\u00fcalic\u0259m\u0259 45 min manat t\u0259l\u0259b olunur\u201d.\n<\/p>\n<p>\n  H\u00fcquq\u015f\u00fcnas Namiz\u0259d S\u0259f\u0259rov deyir, \u0130lham Dada\u015fovun x\u0259st\u0259liyi h\u0259rbi hiss\u0259d\u0259 qazanmas\u0131 il\u0259 ba\u011fl\u0131 \u0259lind\u0259 s\u00fcbutu yoxdursa, onun m\u00fcalic\u0259y\u0259 g\u00f6r\u0259 M\u00fcdafi\u0259 Nazirliyin\u0259 m\u00fcraci\u0259t etm\u0259si yersizdir: \u201cVaxt\u0131nda s\u0259n\u0259dl\u0259\u015fs\u0259ydi, kompensasiya da t\u0259l\u0259b etm\u0259k m\u00fcmk\u00fcn idi, indis\u0259 onun m\u00fcalic\u0259si il\u0259 ba\u011fl\u0131 m\u00fcraci\u0259t ed\u0259 bil\u0259c\u0259yi yegan\u0259 qurum S\u0259hiyy\u0259 Nazirliyidir\u201d, &#8211; h\u00fcquq\u015f\u00fcnas bildirib.\n<\/p>\n<p>\n  S\u0259hiyy\u0259 Nazirliyind\u0259n Meydan TV-y\u0259 bildirilib ki, \u0130lham Dada\u015fov xaricd\u0259 m\u00fcalic\u0259 il\u0259 \u0259laq\u0259dar m\u00fcvafiq komissiyaya m\u00fcraci\u0259t ets\u0259, onun m\u00fcraci\u0259ti ara\u015fd\u0131r\u0131lar: \u201cV\u0259t\u0259nda\u015flar\u0131n respublikadank\u0259nar m\u00fcalic\u0259y\u0259 g\u00f6nd\u0259rilm\u0259si m\u0259s\u0259l\u0259l\u0259ri \u00fczr\u0259 komissiya var, v\u0259t\u0259nda\u015f m\u00fcraci\u0259t etsin, komissiya ara\u015fd\u0131rs\u0131n, m\u00fcayin\u0259 s\u0259n\u0259dl\u0259rini, x\u0259st\u0259liyini t\u0259sdiql\u0259y\u0259n dig\u0259r s\u0259n\u0259dl\u0259ri t\u0259qdim etsin\u201d.\n<\/p>\n<p>\n  Oktyabr\u0131n 24-d\u0259 \u0130lham Dada\u015fov n\u00f6vb\u0259ti d\u0259f\u0259 \u0130smay\u0131ll\u0131 Rayon \u0130cra Hakimiyy\u0259tind\u0259 olub v\u0259 m\u00fcalic\u0259 \u00fc\u00e7\u00fcn k\u00f6m\u0259k ist\u0259yib. Ona bildirilib ki, m\u00fcalic\u0259si \u00fc\u00e7\u00fcn Heyd\u0259r \u018fliyev Fonduna m\u00fcraci\u0259t olunacaq.<\/p>\n","protected":false},"excerpt":{"rendered":"<p>M\u0259cbur olub bankda hesab a\u00e7d\u0131q, b\u0259lk\u0259 tez bir zamanda m\u0259bl\u0259\u011f toplanar, m\u00fcalic\u0259y\u0259 ged\u0259r\u0259m.<\/p>\n","protected":false},"author":11,"featured_media":132113,"comment_status":"closed","ping_status":"open","sticky":false,"template":"","format":"standard","meta":{"_acf_changed":false,"_sitemap_exclude":false,"_sitemap_priority":"","_sitemap_frequency":"","footnotes":""},"categories":[60],"tags":[],"class_list":["post-197652","post","type-post","status-publish","format-standard","has-post-thumbnail","hentry","category-bolge","infinite-scroll-item","generate-columns","tablet-grid-50","mobile-grid-100","grid-parent","grid-33","no-featured-image-padding"],"acf":[],"yoast_head":"<!-- This site is optimized with the Yoast SEO plugin v27.5 - https:\/\/yoast.com\/product\/yoast-seo-wordpress\/ -->\n<title>\u201cM\u00fcalic\u0259 olunmasam, balalar\u0131m sahibsiz qalacaq\u201d - MEYDAN.TV<\/title>\n<meta name=\"robots\" content=\"index, follow, max-snippet:-1, max-image-preview:large, max-video-preview:-1\" \/>\n<link rel=\"canonical\" href=\"https:\/\/www.meydan.tv\/az\/article\/mualice-olunmasam-balalarim-sahibsiz-qalacaq\/\" \/>\n<meta property=\"og:locale\" content=\"az_AZ\" \/>\n<meta property=\"og:type\" content=\"article\" \/>\n<meta property=\"og:title\" content=\"\u201cM\u00fcalic\u0259 olunmasam, balalar\u0131m sahibsiz qalacaq\u201d - MEYDAN.TV\" \/>\n<meta property=\"og:description\" content=\"M\u0259cbur olub bankda hesab a\u00e7d\u0131q, b\u0259lk\u0259 tez bir zamanda m\u0259bl\u0259\u011f toplanar, m\u00fcalic\u0259y\u0259 ged\u0259r\u0259m.\" \/>\n<meta property=\"og:url\" content=\"https:\/\/www.meydan.tv\/az\/article\/mualice-olunmasam-balalarim-sahibsiz-qalacaq\/\" \/>\n<meta property=\"og:site_name\" content=\"MEYDAN.TV\" \/>\n<meta property=\"article:published_time\" content=\"2019-10-25T13:03:42+00:00\" \/>\n<meta property=\"og:image\" content=\"https:\/\/www.meydan.tv\/wp-content\/uploads\/untitled-15452.jpg\" \/>\n\t<meta property=\"og:image:width\" content=\"1280\" \/>\n\t<meta property=\"og:image:height\" content=\"720\" \/>\n\t<meta property=\"og:image:type\" content=\"image\/jpeg\" \/>\n<meta name=\"author\" content=\"user-manager\" \/>\n<meta name=\"twitter:card\" content=\"summary_large_image\" \/>\n<script type=\"application\/ld+json\" class=\"yoast-schema-graph\">{\"@context\":\"https:\\\/\\\/schema.org\",\"@graph\":[{\"@type\":\"Article\",\"@id\":\"https:\\\/\\\/www.meydan.tv\\\/az\\\/article\\\/mualice-olunmasam-balalarim-sahibsiz-qalacaq\\\/#article\",\"isPartOf\":{\"@id\":\"https:\\\/\\\/www.meydan.tv\\\/az\\\/article\\\/mualice-olunmasam-balalarim-sahibsiz-qalacaq\\\/\"},\"author\":{\"name\":\"user-manager\",\"@id\":\"https:\\\/\\\/www.meydan.tv\\\/az\\\/#\\\/schema\\\/person\\\/10d11eccf6da3662cf5fdab9806ea91a\"},\"headline\":\"\u201cM\u00fcalic\u0259 olunmasam, balalar\u0131m sahibsiz qalacaq\u201d\",\"datePublished\":\"2019-10-25T13:03:42+00:00\",\"mainEntityOfPage\":{\"@id\":\"https:\\\/\\\/www.meydan.tv\\\/az\\\/article\\\/mualice-olunmasam-balalarim-sahibsiz-qalacaq\\\/\"},\"wordCount\":906,\"publisher\":{\"@id\":\"https:\\\/\\\/www.meydan.tv\\\/az\\\/#organization\"},\"image\":{\"@id\":\"https:\\\/\\\/www.meydan.tv\\\/az\\\/article\\\/mualice-olunmasam-balalarim-sahibsiz-qalacaq\\\/#primaryimage\"},\"thumbnailUrl\":\"https:\\\/\\\/www.meydan.tv\\\/wp-content\\\/uploads\\\/untitled-15452.jpg\",\"articleSection\":[\"B\u00f6lg\u0259\"],\"inLanguage\":\"az\"},{\"@type\":\"WebPage\",\"@id\":\"https:\\\/\\\/www.meydan.tv\\\/az\\\/article\\\/mualice-olunmasam-balalarim-sahibsiz-qalacaq\\\/\",\"url\":\"https:\\\/\\\/www.meydan.tv\\\/az\\\/article\\\/mualice-olunmasam-balalarim-sahibsiz-qalacaq\\\/\",\"name\":\"\u201cM\u00fcalic\u0259 olunmasam, balalar\u0131m sahibsiz qalacaq\u201d - MEYDAN.TV\",\"isPartOf\":{\"@id\":\"https:\\\/\\\/www.meydan.tv\\\/az\\\/#website\"},\"primaryImageOfPage\":{\"@id\":\"https:\\\/\\\/www.meydan.tv\\\/az\\\/article\\\/mualice-olunmasam-balalarim-sahibsiz-qalacaq\\\/#primaryimage\"},\"image\":{\"@id\":\"https:\\\/\\\/www.meydan.tv\\\/az\\\/article\\\/mualice-olunmasam-balalarim-sahibsiz-qalacaq\\\/#primaryimage\"},\"thumbnailUrl\":\"https:\\\/\\\/www.meydan.tv\\\/wp-content\\\/uploads\\\/untitled-15452.jpg\",\"datePublished\":\"2019-10-25T13:03:42+00:00\",\"breadcrumb\":{\"@id\":\"https:\\\/\\\/www.meydan.tv\\\/az\\\/article\\\/mualice-olunmasam-balalarim-sahibsiz-qalacaq\\\/#breadcrumb\"},\"inLanguage\":\"az\",\"potentialAction\":[{\"@type\":\"ReadAction\",\"target\":[\"https:\\\/\\\/www.meydan.tv\\\/az\\\/article\\\/mualice-olunmasam-balalarim-sahibsiz-qalacaq\\\/\"]}]},{\"@type\":\"ImageObject\",\"inLanguage\":\"az\",\"@id\":\"https:\\\/\\\/www.meydan.tv\\\/az\\\/article\\\/mualice-olunmasam-balalarim-sahibsiz-qalacaq\\\/#primaryimage\",\"url\":\"https:\\\/\\\/www.meydan.tv\\\/wp-content\\\/uploads\\\/untitled-15452.jpg\",\"contentUrl\":\"https:\\\/\\\/www.meydan.tv\\\/wp-content\\\/uploads\\\/untitled-15452.jpg\",\"width\":1280,\"height\":720,\"caption\":\"Source: Meydan TV\"},{\"@type\":\"BreadcrumbList\",\"@id\":\"https:\\\/\\\/www.meydan.tv\\\/az\\\/article\\\/mualice-olunmasam-balalarim-sahibsiz-qalacaq\\\/#breadcrumb\",\"itemListElement\":[{\"@type\":\"ListItem\",\"position\":1,\"name\":\"Ana s\u0259hif\u0259\",\"item\":\"https:\\\/\\\/www.meydan.tv\\\/az\\\/\"},{\"@type\":\"ListItem\",\"position\":2,\"name\":\"B\u00f6lg\u0259\",\"item\":\"https:\\\/\\\/www.meydan.tv\\\/az\\\/section\\\/bolge\\\/\"},{\"@type\":\"ListItem\",\"position\":3,\"name\":\"\u201cM\u00fcalic\u0259 olunmasam, balalar\u0131m sahibsiz qalacaq\u201d\"}]},{\"@type\":\"WebSite\",\"@id\":\"https:\\\/\\\/www.meydan.tv\\\/az\\\/#website\",\"url\":\"https:\\\/\\\/www.meydan.tv\\\/az\\\/\",\"name\":\"MEYDAN.TV\",\"description\":\"Meydan TV Az\u0259rbaycan\u0131n media m\u0259kan\u0131ndak\u0131 alternativ s\u0259sidir\",\"publisher\":{\"@id\":\"https:\\\/\\\/www.meydan.tv\\\/az\\\/#organization\"},\"potentialAction\":[{\"@type\":\"SearchAction\",\"target\":{\"@type\":\"EntryPoint\",\"urlTemplate\":\"https:\\\/\\\/www.meydan.tv\\\/az\\\/?s={search_term_string}\"},\"query-input\":{\"@type\":\"PropertyValueSpecification\",\"valueRequired\":true,\"valueName\":\"search_term_string\"}}],\"inLanguage\":\"az\"},{\"@type\":\"Organization\",\"@id\":\"https:\\\/\\\/www.meydan.tv\\\/az\\\/#organization\",\"name\":\"Meydan TV\",\"url\":\"https:\\\/\\\/www.meydan.tv\\\/az\\\/\",\"logo\":{\"@type\":\"ImageObject\",\"inLanguage\":\"az\",\"@id\":\"https:\\\/\\\/www.meydan.tv\\\/az\\\/#\\\/schema\\\/logo\\\/image\\\/\",\"url\":\"https:\\\/\\\/www.meydan.tv\\\/wp-content\\\/uploads\\\/2021\\\/07\\\/meydan-logo.svg\",\"contentUrl\":\"https:\\\/\\\/www.meydan.tv\\\/wp-content\\\/uploads\\\/2021\\\/07\\\/meydan-logo.svg\",\"width\":195,\"height\":46,\"caption\":\"Meydan TV\"},\"image\":{\"@id\":\"https:\\\/\\\/www.meydan.tv\\\/az\\\/#\\\/schema\\\/logo\\\/image\\\/\"}},{\"@type\":\"Person\",\"@id\":\"https:\\\/\\\/www.meydan.tv\\\/az\\\/#\\\/schema\\\/person\\\/10d11eccf6da3662cf5fdab9806ea91a\",\"name\":\"user-manager\"}]}<\/script>\n<!-- \/ Yoast SEO plugin. -->","yoast_head_json":{"title":"\u201cM\u00fcalic\u0259 olunmasam, balalar\u0131m sahibsiz qalacaq\u201d - MEYDAN.TV","robots":{"index":"index","follow":"follow","max-snippet":"max-snippet:-1","max-image-preview":"max-image-preview:large","max-video-preview":"max-video-preview:-1"},"canonical":"https:\/\/www.meydan.tv\/az\/article\/mualice-olunmasam-balalarim-sahibsiz-qalacaq\/","og_locale":"az_AZ","og_type":"article","og_title":"\u201cM\u00fcalic\u0259 olunmasam, balalar\u0131m sahibsiz qalacaq\u201d - MEYDAN.TV","og_description":"M\u0259cbur olub bankda hesab a\u00e7d\u0131q, b\u0259lk\u0259 tez bir zamanda m\u0259bl\u0259\u011f toplanar, m\u00fcalic\u0259y\u0259 ged\u0259r\u0259m.","og_url":"https:\/\/www.meydan.tv\/az\/article\/mualice-olunmasam-balalarim-sahibsiz-qalacaq\/","og_site_name":"MEYDAN.TV","article_published_time":"2019-10-25T13:03:42+00:00","og_image":[{"width":1280,"height":720,"url":"https:\/\/www.meydan.tv\/wp-content\/uploads\/untitled-15452.jpg","type":"image\/jpeg"}],"author":"user-manager","twitter_card":"summary_large_image","schema":{"@context":"https:\/\/schema.org","@graph":[{"@type":"Article","@id":"https:\/\/www.meydan.tv\/az\/article\/mualice-olunmasam-balalarim-sahibsiz-qalacaq\/#article","isPartOf":{"@id":"https:\/\/www.meydan.tv\/az\/article\/mualice-olunmasam-balalarim-sahibsiz-qalacaq\/"},"author":{"name":"user-manager","@id":"https:\/\/www.meydan.tv\/az\/#\/schema\/person\/10d11eccf6da3662cf5fdab9806ea91a"},"headline":"\u201cM\u00fcalic\u0259 olunmasam, balalar\u0131m sahibsiz qalacaq\u201d","datePublished":"2019-10-25T13:03:42+00:00","mainEntityOfPage":{"@id":"https:\/\/www.meydan.tv\/az\/article\/mualice-olunmasam-balalarim-sahibsiz-qalacaq\/"},"wordCount":906,"publisher":{"@id":"https:\/\/www.meydan.tv\/az\/#organization"},"image":{"@id":"https:\/\/www.meydan.tv\/az\/article\/mualice-olunmasam-balalarim-sahibsiz-qalacaq\/#primaryimage"},"thumbnailUrl":"https:\/\/www.meydan.tv\/wp-content\/uploads\/untitled-15452.jpg","articleSection":["B\u00f6lg\u0259"],"inLanguage":"az"},{"@type":"WebPage","@id":"https:\/\/www.meydan.tv\/az\/article\/mualice-olunmasam-balalarim-sahibsiz-qalacaq\/","url":"https:\/\/www.meydan.tv\/az\/article\/mualice-olunmasam-balalarim-sahibsiz-qalacaq\/","name":"\u201cM\u00fcalic\u0259 olunmasam, balalar\u0131m sahibsiz qalacaq\u201d - MEYDAN.TV","isPartOf":{"@id":"https:\/\/www.meydan.tv\/az\/#website"},"primaryImageOfPage":{"@id":"https:\/\/www.meydan.tv\/az\/article\/mualice-olunmasam-balalarim-sahibsiz-qalacaq\/#primaryimage"},"image":{"@id":"https:\/\/www.meydan.tv\/az\/article\/mualice-olunmasam-balalarim-sahibsiz-qalacaq\/#primaryimage"},"thumbnailUrl":"https:\/\/www.meydan.tv\/wp-content\/uploads\/untitled-15452.jpg","datePublished":"2019-10-25T13:03:42+00:00","breadcrumb":{"@id":"https:\/\/www.meydan.tv\/az\/article\/mualice-olunmasam-balalarim-sahibsiz-qalacaq\/#breadcrumb"},"inLanguage":"az","potentialAction":[{"@type":"ReadAction","target":["https:\/\/www.meydan.tv\/az\/article\/mualice-olunmasam-balalarim-sahibsiz-qalacaq\/"]}]},{"@type":"ImageObject","inLanguage":"az","@id":"https:\/\/www.meydan.tv\/az\/article\/mualice-olunmasam-balalarim-sahibsiz-qalacaq\/#primaryimage","url":"https:\/\/www.meydan.tv\/wp-content\/uploads\/untitled-15452.jpg","contentUrl":"https:\/\/www.meydan.tv\/wp-content\/uploads\/untitled-15452.jpg","width":1280,"height":720,"caption":"Source: Meydan TV"},{"@type":"BreadcrumbList","@id":"https:\/\/www.meydan.tv\/az\/article\/mualice-olunmasam-balalarim-sahibsiz-qalacaq\/#breadcrumb","itemListElement":[{"@type":"ListItem","position":1,"name":"Ana s\u0259hif\u0259","item":"https:\/\/www.meydan.tv\/az\/"},{"@type":"ListItem","position":2,"name":"B\u00f6lg\u0259","item":"https:\/\/www.meydan.tv\/az\/section\/bolge\/"},{"@type":"ListItem","position":3,"name":"\u201cM\u00fcalic\u0259 olunmasam, balalar\u0131m sahibsiz qalacaq\u201d"}]},{"@type":"WebSite","@id":"https:\/\/www.meydan.tv\/az\/#website","url":"https:\/\/www.meydan.tv\/az\/","name":"MEYDAN.TV","description":"Meydan TV Az\u0259rbaycan\u0131n media m\u0259kan\u0131ndak\u0131 alternativ s\u0259sidir","publisher":{"@id":"https:\/\/www.meydan.tv\/az\/#organization"},"potentialAction":[{"@type":"SearchAction","target":{"@type":"EntryPoint","urlTemplate":"https:\/\/www.meydan.tv\/az\/?s={search_term_string}"},"query-input":{"@type":"PropertyValueSpecification","valueRequired":true,"valueName":"search_term_string"}}],"inLanguage":"az"},{"@type":"Organization","@id":"https:\/\/www.meydan.tv\/az\/#organization","name":"Meydan TV","url":"https:\/\/www.meydan.tv\/az\/","logo":{"@type":"ImageObject","inLanguage":"az","@id":"https:\/\/www.meydan.tv\/az\/#\/schema\/logo\/image\/","url":"https:\/\/www.meydan.tv\/wp-content\/uploads\/2021\/07\/meydan-logo.svg","contentUrl":"https:\/\/www.meydan.tv\/wp-content\/uploads\/2021\/07\/meydan-logo.svg","width":195,"height":46,"caption":"Meydan TV"},"image":{"@id":"https:\/\/www.meydan.tv\/az\/#\/schema\/logo\/image\/"}},{"@type":"Person","@id":"https:\/\/www.meydan.tv\/az\/#\/schema\/person\/10d11eccf6da3662cf5fdab9806ea91a","name":"user-manager"}]}},"_links":{"self":[{"href":"https:\/\/www.meydan.tv\/az\/wp-json\/wp\/v2\/posts\/197652","targetHints":{"allow":["GET"]}}],"collection":[{"href":"https:\/\/www.meydan.tv\/az\/wp-json\/wp\/v2\/posts"}],"about":[{"href":"https:\/\/www.meydan.tv\/az\/wp-json\/wp\/v2\/types\/post"}],"author":[{"embeddable":true,"href":"https:\/\/www.meydan.tv\/az\/wp-json\/wp\/v2\/users\/11"}],"replies":[{"embeddable":true,"href":"https:\/\/www.meydan.tv\/az\/wp-json\/wp\/v2\/comments?post=197652"}],"version-history":[{"count":0,"href":"https:\/\/www.meydan.tv\/az\/wp-json\/wp\/v2\/posts\/197652\/revisions"}],"wp:featuredmedia":[{"embeddable":true,"href":"https:\/\/www.meydan.tv\/az\/wp-json\/wp\/v2\/media\/132113"}],"wp:attachment":[{"href":"https:\/\/www.meydan.tv\/az\/wp-json\/wp\/v2\/media?parent=197652"}],"wp:term":[{"taxonomy":"category","embeddable":true,"href":"https:\/\/www.meydan.tv\/az\/wp-json\/wp\/v2\/categories?post=197652"},{"taxonomy":"post_tag","embeddable":true,"href":"https:\/\/www.meydan.tv\/az\/wp-json\/wp\/v2\/tags?post=197652"}],"curies":[{"name":"wp","href":"https:\/\/api.w.org\/{rel}","templated":true}]}}