{"id":197645,"date":"2019-10-25T10:03:22","date_gmt":"2019-10-25T10:03:22","guid":{"rendered":"https:\/\/www.meydan.tv\/article\/kurdler-turkiyeni-ateskesi-pozmaqda-qinayir\/"},"modified":"2019-10-25T10:03:22","modified_gmt":"2019-10-25T10:03:22","slug":"kurdler-turkiyeni-ateskesi-pozmaqda-qinayir","status":"publish","type":"post","link":"https:\/\/www.meydan.tv\/az\/article\/kurdler-turkiyeni-ateskesi-pozmaqda-qinayir\/","title":{"rendered":"K\u00fcrdl\u0259r T\u00fcrkiy\u0259ni at\u0259\u015fk\u0259si pozmaqda q\u0131nay\u0131r"},"content":{"rendered":"<p>\n  <i><br \/>\n    Rusiya is\u0259 s\u00fclh plan\u0131n\u0131n toxunulmaz qald\u0131\u011f\u0131n\u0131 deyir<br \/>\n  <\/i>\n<\/p>\n<p>\n  K\u00fcrd r\u0259hb\u0259rliyind\u0259ki Suriya Demokratik Q\u00fcvv\u0259l\u0259ri (SDF) c\u00fcm\u0259 ax\u015fam\u0131 g\u00fcn\u00fc T\u00fcrkiy\u0259ni Suriyan\u0131n \u015fimal-\u015f\u0259rqind\u0259ki \u00fc\u00e7 k\u0259ndi h\u0259d\u0259f\u0259 alaraq vurmaqda g\u00fcnahland\u0131r\u0131b. Rusiya is\u0259 bu h\u0259ft\u0259 raz\u0131la\u015fd\u0131r\u0131lm\u0131\u015f s\u00fclh plan\u0131n\u0131n m\u00fck\u0259mm\u0259l \u015f\u0259kild\u0259 davam etdiyini deyib. \u201cReuters\u201d x\u0259b\u0259r verir.\n<\/p>\n<p>\n  Prezident R\u0259c\u0259b Tayyib \u018frdo\u011fan v\u0259 Vladimir Putinin birg\u0259 raz\u0131la\u015fd\u0131\u011f\u0131 plana \u0259sas\u0259n suriyal\u0131 k\u00fcrd q\u00fcvv\u0259l\u0259ri T\u00fcrkiy\u0259 s\u0259rh\u0259dind\u0259n 30 km uzaqla\u015fmal\u0131d\u0131r.\n<\/p>\n<p>\n  Bu bar\u0259d\u0259 Rusiyan\u0131n R\u0130A x\u0259b\u0259r agentliyi SDF r\u0259smisin\u0259 istinad\u0259n x\u0259b\u0259r verir.\n<\/p>\n<p>\n  Rusiya deyir ki, m\u00fcqavil\u0259nin h\u0259yata ke\u00e7irilm\u0259sin\u0259 k\u00f6m\u0259k etm\u0259k \u00fc\u00e7\u00fcn b\u00f6lg\u0259y\u0259 daha \u00e7ox h\u0259rbi polis v\u0259 a\u011f\u0131r texnika g\u00f6nd\u0259rib. S\u00fclh sazi\u015find\u0259n sonra AB\u015e prezidenti Donald Tramp T\u00fcrkiy\u0259y\u0259 qar\u015f\u0131 sanksiyalar\u0131 qald\u0131r\u0131b. Va\u015finqtonun bu add\u0131m\u0131 T\u00fcrkiy\u0259 medias\u0131nda \u018frdo\u011fana t\u0259rifl\u0259r ya\u011fd\u0131r\u0131b.\n<\/p>\n<p>\n  Ankara SDF-in \u0259sas t\u0259rkib hiss\u0259si olan k\u00fcrd YPG q\u00fcvv\u0259l\u0259rinin T\u00fcrkiy\u0259nin c\u0259nub-\u015f\u0259rqind\u0259ki k\u00fcrd \u00fcsyan\u00e7\u0131lar\u0131 il\u0259 \u0259laq\u0259si oldu\u011funu iddia edir v\u0259 bu s\u0259b\u0259bd\u0259n onlar\u0131 da terror\u00e7u kimi g\u00f6r\u00fcr. Oktyabr\u0131n 9-da Tramp AB\u015e q\u00fcvv\u0259l\u0259rini Suriyan\u0131n \u015fimal-\u015f\u0259rqind\u0259n \u00e7\u0131xartma\u011f\u0131 \u0259mr etdikd\u0259n sonra T\u00fcrkiy\u0259 s\u0259rh\u0259d h\u00fccumuna ba\u015flay\u0131b.\n<\/p>\n<p>\n  Putinl\u0259 raz\u0131la\u015fd\u0131r\u0131lm\u0131\u015f m\u00fcqavil\u0259 \u00f6nc\u0259d\u0259n AB\u015e-\u0131n t\u0259\u015f\u0259bb\u00fcs\u00fcyl\u0259 yarad\u0131lm\u0131\u015f at\u0259\u015fk\u0259s m\u00fcqavil\u0259sini daha da g\u00fccl\u0259ndirir v\u0259 d\u00f6y\u00fc\u015fl\u0259rin sona \u00e7atmas\u0131na k\u00f6m\u0259k edir.\n<\/p>\n<p>\n  Lakin SDF c\u00fcm\u0259 ax\u015fam\u0131 g\u00fcn\u00fc verdiyi a\u00e7\u0131qlamada bildirib ki, t\u00fcrk q\u00fcvv\u0259l\u0259ri at\u0259\u015fk\u0259s b\u00f6lg\u0259sind\u0259n k\u0259narda m\u00f6vcud olan \u00fc\u00e7 k\u0259nd\u0259 h\u00fccum edib v\u0259 h\u00fccum minl\u0259rl\u0259 m\u00fclki \u015f\u0259xsin evl\u0259rini t\u0259rk etm\u0259sin\u0259 s\u0259b\u0259b olub.\n<\/p>\n<p>\n  \u201cQ\u00fcvv\u0259l\u0259rimizin at\u0259\u015fk\u0259s q\u0259rar\u0131na sadiq qalmas\u0131na v\u0259 b\u00fct\u00fcn at\u0259\u015fk\u0259s b\u00f6lg\u0259sind\u0259n \u00e7\u0131xar\u0131lmas\u0131na baxmayaraq, T\u00fcrkiy\u0259 d\u00f6vl\u0259ti v\u0259 ona m\u00fctt\u0259fiq olan terror\u00e7u qruplar h\u0259l\u0259 d\u0259 at\u0259\u015fk\u0259s rejimini pozur,\u201d &#8211; SDF deyib.\n<\/p>\n<p>\n  \u201cQ\u00fcvv\u0259l\u0259rimiz h\u0259l\u0259 d\u0259 m\u00fcharib\u0259d\u0259dir,\u201d- qurum deyib v\u0259 AB\u015e-\u0131 yenil\u0259nmi\u015f d\u00f6y\u00fc\u015f\u00fcn dayand\u0131r\u0131lmas\u0131na m\u00fcdaxil\u0259 etm\u0259y\u0259 \u00e7a\u011f\u0131r\u0131b.\n<\/p>\n<p>\n  T\u00fcrkiy\u0259nin M\u00fcdafi\u0259 Nazirliyi SDF-in b\u0259yanat\u0131n\u0131 \u015f\u0259rh etm\u0259kd\u0259n \u00e7\u0259kinib. Lakin nazirlik qeyd edib ki, \u00fc\u00e7 k\u0259ndin yax\u0131nl\u0131\u011f\u0131nda yerl\u0259\u015f\u0259n Ras \u0259l Ayn \u015f\u0259h\u0259rinin \u0259traf\u0131nda YPG d\u00f6y\u00fc\u015f\u00e7\u00fcl\u0259rinin h\u00fccumu n\u0259tic\u0259sind\u0259 be\u015f h\u0259rbi qulluq\u00e7u yaralan\u0131b.\n<\/p>\n<p>\n  T\u00fcrkiy\u0259 \u0259vv\u0259ll\u0259r d\u0259 qeyd edib ki, at\u0259\u015fk\u0259s bar\u0131\u015f\u0131\u011f\u0131na baxmayaraq, \u0259razid\u0259 qalan ist\u0259nil\u0259n silahl\u0131ya qar\u015f\u0131 \u00f6z\u00fcn\u00fcm\u00fcdafi\u0259 h\u00fcququnu \u00f6z\u00fcnd\u0259 saxlay\u0131r v\u0259 laz\u0131m\u0131 anda bu h\u00fcququ istifad\u0259 ed\u0259 bil\u0259r.\n<\/p>\n<p>\n  \u201c\u018fg\u0259r bu terroristl\u0259r geriy\u0259 \u00e7\u0259kilm\u0259zs\u0259 v\u0259 \u00f6z provokasiyalar\u0131n\u0131 davam etdir\u0259rl\u0259rs\u0259, biz h\u00fccum plan\u0131m\u0131z\u0131 yenil\u0259y\u0259 bil\u0259rik\u201d,- \u018frdo\u011fan c\u00fcm\u0259 ax\u015fam\u0131 qeyd edib.\n<\/p>\n<p>\n  B\u0259\u015f\u0259r \u0259l \u018fs\u0259din yax\u0131n m\u00fctt\u0259fiqi olan Rusiya b\u00f6lg\u0259d\u0259 \u0259sas geopolitik oyun\u00e7u olaraq \u00e7\u0259r\u015f\u0259nb\u0259 ax\u015fam\u0131 Rusiyan\u0131n So\u00e7i \u015f\u0259h\u0259rind\u0259 T\u00fcrkiy\u0259yl\u0259 \u0259ld\u0259 edilmi\u015f raz\u0131la\u015fman\u0131n t\u0259rkib hiss\u0259si olaraq \u00f6z h\u0259rbi polis q\u00fcvv\u0259l\u0259rini T\u00fcrkiy\u0259nin s\u0259rh\u0259dyan\u0131 \u0259razil\u0259rin\u0259 g\u00f6nd\u0259rir.\n<\/p>\n<p>\n  \u201cBiz \u0259minlikl\u0259 dey\u0259 bil\u0259rik ki, So\u00e7id\u0259 \u0259ld\u0259 edilmi\u015f raz\u0131la\u015fma yerin\u0259 yetirilir\u201d, &#8211; \u201c\u0130nterfax\u201d x\u0259b\u0259r agentliyin\u0259 Rusiyan\u0131n Xarici i\u015fl\u0259r nazirinin m\u00fcavini Sergey Ver\u015finin deyib.\n<\/p>\n<p>\n  \u201cH\u0259r \u015fey h\u0259yata ke\u00e7irilir,\u201d o bildirib.\n<\/p>\n<p>\n  R\u0130A SDF r\u0259smisin\u0259 istinad\u0259n x\u0259b\u0259r verir ki, k\u00fcrd d\u00f6y\u00fc\u015f\u00e7\u00fcl\u0259ri s\u0259rh\u0259dd\u0259n 32 km uzaqla\u015f\u0131blar. X\u0259b\u0259rd\u0259 deyilir ki, Suriyadak\u0131 m\u00f6vcud b\u00f6hran siyasi h\u0259llini taparsa, k\u00fcrdl\u0259r Suriya ordusuna qo\u015fulma\u011f\u0131 m\u00fczakir\u0259 ed\u0259c\u0259kl\u0259r.\n<\/p>\n<p>\n  Rusiya bir h\u0259ft\u0259 \u0259rzind\u0259 b\u00f6lg\u0259y\u0259 276 h\u0259rbi polis q\u00fcvv\u0259si v\u0259 33 h\u0259rbi texnika g\u00f6nd\u0259rm\u0259yi d\u00fc\u015f\u00fcn\u00fcr, &#8211; R\u0130A x\u0259b\u0259r agentliyi M\u00fcdafi\u0259 Nazirliyin\u0259 istinad\u0259n qeyd edir.\n<\/p>\n<p>\n  N\u00f6vb\u0259ti \u00e7\u0259r\u015f\u0259nb\u0259 ax\u015fam\u0131 So\u00e7i m\u00fcqavil\u0259si alt\u0131nda Rusiya v\u0259 t\u00fcrk q\u00fcvv\u0259l\u0259ri birlikd\u0259 Suriyan\u0131n \u015fimal-\u015f\u0259rqind\u0259 10 km-lik \u0259razini t\u0259fti\u015f etm\u0259y\u0259 \u00e7\u0131xacaq. Bu \u0259razil\u0259r indiy\u0259 q\u0259d\u0259r ill\u0259rc\u0259 k\u00fcrd m\u00fctt\u0259fiql\u0259riyl\u0259 birlikd\u0259 AB\u015e qo\u015funlar\u0131n\u0131n n\u0259zar\u0259tind\u0259 olub.\n<\/p>\n<p>\n  AB\u015e qo\u015funlar\u0131n\u0131n b\u00f6lg\u0259d\u0259n \u00e7\u0131xmas\u0131ndan iki h\u0259ft\u0259 sonra rus polisinin Suriyan\u0131n \u015fimal \u015f\u0259rqin\u0259 yerl\u0259\u015fdirilm\u0259si b\u00f6lg\u0259d\u0259 g\u00fcc balans\u0131na d\u0259yi\u015fiklik g\u0259tirib. T\u0259nqid\u00e7il\u0259r Va\u015finqtonu k\u00fcrd m\u00fctt\u0259fiql\u0259rin\u0259 x\u0259yan\u0259td\u0259 t\u0259qsirl\u0259ndirir. Rus q\u00fcvv\u0259l\u0259rinin b\u00f6lg\u0259y\u0259 yerl\u0259\u015fdirilm\u0259si Rusiya il\u0259 NATO g\u00fcc\u00fc olan T\u00fcrkiy\u0259 aras\u0131nda geni\u015fl\u0259n\u0259n \u0259laq\u0259l\u0259r\u0259 d\u0259 d\u0259lal\u0259t edir.<\/p>\n","protected":false},"excerpt":{"rendered":"<p>T\u00fcrkiy\u0259nin M\u00fcdafi\u0259 Nazirliyi SDF-in b\u0259yanat\u0131n\u0131 \u015f\u0259rh etm\u0259kd\u0259n \u00e7\u0259kinib.<\/p>\n","protected":false},"author":11,"featured_media":132074,"comment_status":"closed","ping_status":"open","sticky":false,"template":"","format":"standard","meta":{"_acf_changed":false,"_sitemap_exclude":false,"_sitemap_priority":"","_sitemap_frequency":"","footnotes":""},"categories":[64],"tags":[],"class_list":["post-197645","post","type-post","status-publish","format-standard","has-post-thumbnail","hentry","category-dunya","infinite-scroll-item","generate-columns","tablet-grid-50","mobile-grid-100","grid-parent","grid-33","no-featured-image-padding"],"acf":[],"yoast_head":"<!-- This site is optimized with the Yoast SEO plugin v27.5 - https:\/\/yoast.com\/product\/yoast-seo-wordpress\/ -->\n<title>K\u00fcrdl\u0259r T\u00fcrkiy\u0259ni at\u0259\u015fk\u0259si pozmaqda q\u0131nay\u0131r - MEYDAN.TV<\/title>\n<meta name=\"robots\" content=\"index, follow, max-snippet:-1, max-image-preview:large, max-video-preview:-1\" \/>\n<link rel=\"canonical\" href=\"https:\/\/www.meydan.tv\/az\/article\/kurdler-turkiyeni-ateskesi-pozmaqda-qinayir\/\" \/>\n<meta property=\"og:locale\" content=\"az_AZ\" \/>\n<meta property=\"og:type\" content=\"article\" \/>\n<meta property=\"og:title\" content=\"K\u00fcrdl\u0259r T\u00fcrkiy\u0259ni at\u0259\u015fk\u0259si pozmaqda q\u0131nay\u0131r - MEYDAN.TV\" \/>\n<meta property=\"og:description\" content=\"T\u00fcrkiy\u0259nin M\u00fcdafi\u0259 Nazirliyi SDF-in b\u0259yanat\u0131n\u0131 \u015f\u0259rh etm\u0259kd\u0259n \u00e7\u0259kinib.\" \/>\n<meta property=\"og:url\" content=\"https:\/\/www.meydan.tv\/az\/article\/kurdler-turkiyeni-ateskesi-pozmaqda-qinayir\/\" \/>\n<meta property=\"og:site_name\" content=\"MEYDAN.TV\" \/>\n<meta property=\"article:published_time\" content=\"2019-10-25T10:03:22+00:00\" \/>\n<meta property=\"og:image\" content=\"https:\/\/www.meydan.tv\/wp-content\/uploads\/tuerkische-soldaten-in-der-syrischen-region-afrin-bei-der-offensive-der-tu.jpg\" \/>\n\t<meta property=\"og:image:width\" content=\"1920\" \/>\n\t<meta property=\"og:image:height\" content=\"1077\" \/>\n\t<meta property=\"og:image:type\" content=\"image\/jpeg\" \/>\n<meta name=\"author\" content=\"user-manager\" \/>\n<meta name=\"twitter:card\" content=\"summary_large_image\" \/>\n<script type=\"application\/ld+json\" class=\"yoast-schema-graph\">{\"@context\":\"https:\\\/\\\/schema.org\",\"@graph\":[{\"@type\":\"Article\",\"@id\":\"https:\\\/\\\/www.meydan.tv\\\/az\\\/article\\\/kurdler-turkiyeni-ateskesi-pozmaqda-qinayir\\\/#article\",\"isPartOf\":{\"@id\":\"https:\\\/\\\/www.meydan.tv\\\/az\\\/article\\\/kurdler-turkiyeni-ateskesi-pozmaqda-qinayir\\\/\"},\"author\":{\"name\":\"user-manager\",\"@id\":\"https:\\\/\\\/www.meydan.tv\\\/az\\\/#\\\/schema\\\/person\\\/10d11eccf6da3662cf5fdab9806ea91a\"},\"headline\":\"K\u00fcrdl\u0259r T\u00fcrkiy\u0259ni at\u0259\u015fk\u0259si pozmaqda q\u0131nay\u0131r\",\"datePublished\":\"2019-10-25T10:03:22+00:00\",\"mainEntityOfPage\":{\"@id\":\"https:\\\/\\\/www.meydan.tv\\\/az\\\/article\\\/kurdler-turkiyeni-ateskesi-pozmaqda-qinayir\\\/\"},\"wordCount\":945,\"publisher\":{\"@id\":\"https:\\\/\\\/www.meydan.tv\\\/az\\\/#organization\"},\"image\":{\"@id\":\"https:\\\/\\\/www.meydan.tv\\\/az\\\/article\\\/kurdler-turkiyeni-ateskesi-pozmaqda-qinayir\\\/#primaryimage\"},\"thumbnailUrl\":\"https:\\\/\\\/www.meydan.tv\\\/wp-content\\\/uploads\\\/tuerkische-soldaten-in-der-syrischen-region-afrin-bei-der-offensive-der-tu.jpg\",\"articleSection\":[\"D\u00fcnya\"],\"inLanguage\":\"az\"},{\"@type\":\"WebPage\",\"@id\":\"https:\\\/\\\/www.meydan.tv\\\/az\\\/article\\\/kurdler-turkiyeni-ateskesi-pozmaqda-qinayir\\\/\",\"url\":\"https:\\\/\\\/www.meydan.tv\\\/az\\\/article\\\/kurdler-turkiyeni-ateskesi-pozmaqda-qinayir\\\/\",\"name\":\"K\u00fcrdl\u0259r T\u00fcrkiy\u0259ni at\u0259\u015fk\u0259si pozmaqda q\u0131nay\u0131r - MEYDAN.TV\",\"isPartOf\":{\"@id\":\"https:\\\/\\\/www.meydan.tv\\\/az\\\/#website\"},\"primaryImageOfPage\":{\"@id\":\"https:\\\/\\\/www.meydan.tv\\\/az\\\/article\\\/kurdler-turkiyeni-ateskesi-pozmaqda-qinayir\\\/#primaryimage\"},\"image\":{\"@id\":\"https:\\\/\\\/www.meydan.tv\\\/az\\\/article\\\/kurdler-turkiyeni-ateskesi-pozmaqda-qinayir\\\/#primaryimage\"},\"thumbnailUrl\":\"https:\\\/\\\/www.meydan.tv\\\/wp-content\\\/uploads\\\/tuerkische-soldaten-in-der-syrischen-region-afrin-bei-der-offensive-der-tu.jpg\",\"datePublished\":\"2019-10-25T10:03:22+00:00\",\"breadcrumb\":{\"@id\":\"https:\\\/\\\/www.meydan.tv\\\/az\\\/article\\\/kurdler-turkiyeni-ateskesi-pozmaqda-qinayir\\\/#breadcrumb\"},\"inLanguage\":\"az\",\"potentialAction\":[{\"@type\":\"ReadAction\",\"target\":[\"https:\\\/\\\/www.meydan.tv\\\/az\\\/article\\\/kurdler-turkiyeni-ateskesi-pozmaqda-qinayir\\\/\"]}]},{\"@type\":\"ImageObject\",\"inLanguage\":\"az\",\"@id\":\"https:\\\/\\\/www.meydan.tv\\\/az\\\/article\\\/kurdler-turkiyeni-ateskesi-pozmaqda-qinayir\\\/#primaryimage\",\"url\":\"https:\\\/\\\/www.meydan.tv\\\/wp-content\\\/uploads\\\/tuerkische-soldaten-in-der-syrischen-region-afrin-bei-der-offensive-der-tu.jpg\",\"contentUrl\":\"https:\\\/\\\/www.meydan.tv\\\/wp-content\\\/uploads\\\/tuerkische-soldaten-in-der-syrischen-region-afrin-bei-der-offensive-der-tu.jpg\",\"width\":1920,\"height\":1077,\"caption\":\"Foto: Die Zeit\"},{\"@type\":\"BreadcrumbList\",\"@id\":\"https:\\\/\\\/www.meydan.tv\\\/az\\\/article\\\/kurdler-turkiyeni-ateskesi-pozmaqda-qinayir\\\/#breadcrumb\",\"itemListElement\":[{\"@type\":\"ListItem\",\"position\":1,\"name\":\"Ana s\u0259hif\u0259\",\"item\":\"https:\\\/\\\/www.meydan.tv\\\/az\\\/\"},{\"@type\":\"ListItem\",\"position\":2,\"name\":\"D\u00fcnya\",\"item\":\"https:\\\/\\\/www.meydan.tv\\\/az\\\/section\\\/dunya\\\/\"},{\"@type\":\"ListItem\",\"position\":3,\"name\":\"K\u00fcrdl\u0259r T\u00fcrkiy\u0259ni at\u0259\u015fk\u0259si pozmaqda q\u0131nay\u0131r\"}]},{\"@type\":\"WebSite\",\"@id\":\"https:\\\/\\\/www.meydan.tv\\\/az\\\/#website\",\"url\":\"https:\\\/\\\/www.meydan.tv\\\/az\\\/\",\"name\":\"MEYDAN.TV\",\"description\":\"Meydan TV Az\u0259rbaycan\u0131n media m\u0259kan\u0131ndak\u0131 alternativ s\u0259sidir\",\"publisher\":{\"@id\":\"https:\\\/\\\/www.meydan.tv\\\/az\\\/#organization\"},\"potentialAction\":[{\"@type\":\"SearchAction\",\"target\":{\"@type\":\"EntryPoint\",\"urlTemplate\":\"https:\\\/\\\/www.meydan.tv\\\/az\\\/?s={search_term_string}\"},\"query-input\":{\"@type\":\"PropertyValueSpecification\",\"valueRequired\":true,\"valueName\":\"search_term_string\"}}],\"inLanguage\":\"az\"},{\"@type\":\"Organization\",\"@id\":\"https:\\\/\\\/www.meydan.tv\\\/az\\\/#organization\",\"name\":\"Meydan TV\",\"url\":\"https:\\\/\\\/www.meydan.tv\\\/az\\\/\",\"logo\":{\"@type\":\"ImageObject\",\"inLanguage\":\"az\",\"@id\":\"https:\\\/\\\/www.meydan.tv\\\/az\\\/#\\\/schema\\\/logo\\\/image\\\/\",\"url\":\"https:\\\/\\\/www.meydan.tv\\\/wp-content\\\/uploads\\\/2021\\\/07\\\/meydan-logo.svg\",\"contentUrl\":\"https:\\\/\\\/www.meydan.tv\\\/wp-content\\\/uploads\\\/2021\\\/07\\\/meydan-logo.svg\",\"width\":195,\"height\":46,\"caption\":\"Meydan TV\"},\"image\":{\"@id\":\"https:\\\/\\\/www.meydan.tv\\\/az\\\/#\\\/schema\\\/logo\\\/image\\\/\"}},{\"@type\":\"Person\",\"@id\":\"https:\\\/\\\/www.meydan.tv\\\/az\\\/#\\\/schema\\\/person\\\/10d11eccf6da3662cf5fdab9806ea91a\",\"name\":\"user-manager\"}]}<\/script>\n<!-- \/ Yoast SEO plugin. -->","yoast_head_json":{"title":"K\u00fcrdl\u0259r T\u00fcrkiy\u0259ni at\u0259\u015fk\u0259si pozmaqda q\u0131nay\u0131r - MEYDAN.TV","robots":{"index":"index","follow":"follow","max-snippet":"max-snippet:-1","max-image-preview":"max-image-preview:large","max-video-preview":"max-video-preview:-1"},"canonical":"https:\/\/www.meydan.tv\/az\/article\/kurdler-turkiyeni-ateskesi-pozmaqda-qinayir\/","og_locale":"az_AZ","og_type":"article","og_title":"K\u00fcrdl\u0259r T\u00fcrkiy\u0259ni at\u0259\u015fk\u0259si pozmaqda q\u0131nay\u0131r - MEYDAN.TV","og_description":"T\u00fcrkiy\u0259nin M\u00fcdafi\u0259 Nazirliyi SDF-in b\u0259yanat\u0131n\u0131 \u015f\u0259rh etm\u0259kd\u0259n \u00e7\u0259kinib.","og_url":"https:\/\/www.meydan.tv\/az\/article\/kurdler-turkiyeni-ateskesi-pozmaqda-qinayir\/","og_site_name":"MEYDAN.TV","article_published_time":"2019-10-25T10:03:22+00:00","og_image":[{"width":1920,"height":1077,"url":"https:\/\/www.meydan.tv\/wp-content\/uploads\/tuerkische-soldaten-in-der-syrischen-region-afrin-bei-der-offensive-der-tu.jpg","type":"image\/jpeg"}],"author":"user-manager","twitter_card":"summary_large_image","schema":{"@context":"https:\/\/schema.org","@graph":[{"@type":"Article","@id":"https:\/\/www.meydan.tv\/az\/article\/kurdler-turkiyeni-ateskesi-pozmaqda-qinayir\/#article","isPartOf":{"@id":"https:\/\/www.meydan.tv\/az\/article\/kurdler-turkiyeni-ateskesi-pozmaqda-qinayir\/"},"author":{"name":"user-manager","@id":"https:\/\/www.meydan.tv\/az\/#\/schema\/person\/10d11eccf6da3662cf5fdab9806ea91a"},"headline":"K\u00fcrdl\u0259r T\u00fcrkiy\u0259ni at\u0259\u015fk\u0259si pozmaqda q\u0131nay\u0131r","datePublished":"2019-10-25T10:03:22+00:00","mainEntityOfPage":{"@id":"https:\/\/www.meydan.tv\/az\/article\/kurdler-turkiyeni-ateskesi-pozmaqda-qinayir\/"},"wordCount":945,"publisher":{"@id":"https:\/\/www.meydan.tv\/az\/#organization"},"image":{"@id":"https:\/\/www.meydan.tv\/az\/article\/kurdler-turkiyeni-ateskesi-pozmaqda-qinayir\/#primaryimage"},"thumbnailUrl":"https:\/\/www.meydan.tv\/wp-content\/uploads\/tuerkische-soldaten-in-der-syrischen-region-afrin-bei-der-offensive-der-tu.jpg","articleSection":["D\u00fcnya"],"inLanguage":"az"},{"@type":"WebPage","@id":"https:\/\/www.meydan.tv\/az\/article\/kurdler-turkiyeni-ateskesi-pozmaqda-qinayir\/","url":"https:\/\/www.meydan.tv\/az\/article\/kurdler-turkiyeni-ateskesi-pozmaqda-qinayir\/","name":"K\u00fcrdl\u0259r T\u00fcrkiy\u0259ni at\u0259\u015fk\u0259si pozmaqda q\u0131nay\u0131r - MEYDAN.TV","isPartOf":{"@id":"https:\/\/www.meydan.tv\/az\/#website"},"primaryImageOfPage":{"@id":"https:\/\/www.meydan.tv\/az\/article\/kurdler-turkiyeni-ateskesi-pozmaqda-qinayir\/#primaryimage"},"image":{"@id":"https:\/\/www.meydan.tv\/az\/article\/kurdler-turkiyeni-ateskesi-pozmaqda-qinayir\/#primaryimage"},"thumbnailUrl":"https:\/\/www.meydan.tv\/wp-content\/uploads\/tuerkische-soldaten-in-der-syrischen-region-afrin-bei-der-offensive-der-tu.jpg","datePublished":"2019-10-25T10:03:22+00:00","breadcrumb":{"@id":"https:\/\/www.meydan.tv\/az\/article\/kurdler-turkiyeni-ateskesi-pozmaqda-qinayir\/#breadcrumb"},"inLanguage":"az","potentialAction":[{"@type":"ReadAction","target":["https:\/\/www.meydan.tv\/az\/article\/kurdler-turkiyeni-ateskesi-pozmaqda-qinayir\/"]}]},{"@type":"ImageObject","inLanguage":"az","@id":"https:\/\/www.meydan.tv\/az\/article\/kurdler-turkiyeni-ateskesi-pozmaqda-qinayir\/#primaryimage","url":"https:\/\/www.meydan.tv\/wp-content\/uploads\/tuerkische-soldaten-in-der-syrischen-region-afrin-bei-der-offensive-der-tu.jpg","contentUrl":"https:\/\/www.meydan.tv\/wp-content\/uploads\/tuerkische-soldaten-in-der-syrischen-region-afrin-bei-der-offensive-der-tu.jpg","width":1920,"height":1077,"caption":"Foto: Die Zeit"},{"@type":"BreadcrumbList","@id":"https:\/\/www.meydan.tv\/az\/article\/kurdler-turkiyeni-ateskesi-pozmaqda-qinayir\/#breadcrumb","itemListElement":[{"@type":"ListItem","position":1,"name":"Ana s\u0259hif\u0259","item":"https:\/\/www.meydan.tv\/az\/"},{"@type":"ListItem","position":2,"name":"D\u00fcnya","item":"https:\/\/www.meydan.tv\/az\/section\/dunya\/"},{"@type":"ListItem","position":3,"name":"K\u00fcrdl\u0259r T\u00fcrkiy\u0259ni at\u0259\u015fk\u0259si pozmaqda q\u0131nay\u0131r"}]},{"@type":"WebSite","@id":"https:\/\/www.meydan.tv\/az\/#website","url":"https:\/\/www.meydan.tv\/az\/","name":"MEYDAN.TV","description":"Meydan TV Az\u0259rbaycan\u0131n media m\u0259kan\u0131ndak\u0131 alternativ s\u0259sidir","publisher":{"@id":"https:\/\/www.meydan.tv\/az\/#organization"},"potentialAction":[{"@type":"SearchAction","target":{"@type":"EntryPoint","urlTemplate":"https:\/\/www.meydan.tv\/az\/?s={search_term_string}"},"query-input":{"@type":"PropertyValueSpecification","valueRequired":true,"valueName":"search_term_string"}}],"inLanguage":"az"},{"@type":"Organization","@id":"https:\/\/www.meydan.tv\/az\/#organization","name":"Meydan TV","url":"https:\/\/www.meydan.tv\/az\/","logo":{"@type":"ImageObject","inLanguage":"az","@id":"https:\/\/www.meydan.tv\/az\/#\/schema\/logo\/image\/","url":"https:\/\/www.meydan.tv\/wp-content\/uploads\/2021\/07\/meydan-logo.svg","contentUrl":"https:\/\/www.meydan.tv\/wp-content\/uploads\/2021\/07\/meydan-logo.svg","width":195,"height":46,"caption":"Meydan TV"},"image":{"@id":"https:\/\/www.meydan.tv\/az\/#\/schema\/logo\/image\/"}},{"@type":"Person","@id":"https:\/\/www.meydan.tv\/az\/#\/schema\/person\/10d11eccf6da3662cf5fdab9806ea91a","name":"user-manager"}]}},"_links":{"self":[{"href":"https:\/\/www.meydan.tv\/az\/wp-json\/wp\/v2\/posts\/197645","targetHints":{"allow":["GET"]}}],"collection":[{"href":"https:\/\/www.meydan.tv\/az\/wp-json\/wp\/v2\/posts"}],"about":[{"href":"https:\/\/www.meydan.tv\/az\/wp-json\/wp\/v2\/types\/post"}],"author":[{"embeddable":true,"href":"https:\/\/www.meydan.tv\/az\/wp-json\/wp\/v2\/users\/11"}],"replies":[{"embeddable":true,"href":"https:\/\/www.meydan.tv\/az\/wp-json\/wp\/v2\/comments?post=197645"}],"version-history":[{"count":0,"href":"https:\/\/www.meydan.tv\/az\/wp-json\/wp\/v2\/posts\/197645\/revisions"}],"wp:featuredmedia":[{"embeddable":true,"href":"https:\/\/www.meydan.tv\/az\/wp-json\/wp\/v2\/media\/132074"}],"wp:attachment":[{"href":"https:\/\/www.meydan.tv\/az\/wp-json\/wp\/v2\/media?parent=197645"}],"wp:term":[{"taxonomy":"category","embeddable":true,"href":"https:\/\/www.meydan.tv\/az\/wp-json\/wp\/v2\/categories?post=197645"},{"taxonomy":"post_tag","embeddable":true,"href":"https:\/\/www.meydan.tv\/az\/wp-json\/wp\/v2\/tags?post=197645"}],"curies":[{"name":"wp","href":"https:\/\/api.w.org\/{rel}","templated":true}]}}