{"id":197640,"date":"2019-10-24T17:53:36","date_gmt":"2019-10-24T17:53:36","guid":{"rendered":"https:\/\/www.meydan.tv\/article\/london-yaxinliginda-tapilmis-39-qurbanin-cinli-oldugu-bildirilir\/"},"modified":"2019-10-24T17:53:36","modified_gmt":"2019-10-24T17:53:36","slug":"london-yaxinliginda-tapilmis-39-qurbanin-cinli-oldugu-bildirilir","status":"publish","type":"post","link":"https:\/\/www.meydan.tv\/az\/article\/london-yaxinliginda-tapilmis-39-qurbanin-cinli-oldugu-bildirilir\/","title":{"rendered":"London yax\u0131nl\u0131\u011f\u0131nda tap\u0131lm\u0131\u015f 39 qurban\u0131n \u00e7inli oldu\u011fu bildirilir"},"content":{"rendered":"<p>\n  <i><br \/>\n    Ma\u015f\u0131n\u0131n s\u00fcr\u00fcc\u00fcs\u00fcn\u00fcn ifad\u0259sind\u0259n sonra bu q\u0259na\u0259t\u0259 g\u0259linib<br \/>\n  <\/i>\n<\/p>\n<p>\n  London yax\u0131nl\u0131\u011f\u0131nda y\u00fck ma\u015f\u0131n\u0131n\u0131n arxas\u0131nda \u00f6l\u00fc tap\u0131lan 39 n\u0259f\u0259rin \u00c7in v\u0259t\u0259nda\u015f\u0131 oldu\u011fu g\u00fcman edilir. \u201cReuters\u201d x\u0259b\u0259r verir ki, polis c\u00fcm\u0259 ax\u015fam\u0131 q\u0259tl \u015f\u00fcbh\u0259si il\u0259 saxlan\u0131lan s\u00fcr\u00fcc\u00fcn\u00fc sor\u011fu-sual etdikd\u0259n sonra bu n\u0259tic\u0259y\u0259 g\u0259lib.\n<\/p>\n<p>\n  Polis \u00e7\u0259r\u015f\u0259nb\u0259 g\u00fcn\u00fc 31 ki\u015finin v\u0259 s\u0259kkiz qad\u0131n\u0131n c\u0259s\u0259dini \u0130ngilt\u0259r\u0259 paytaxt\u0131ndan t\u0259qrib\u0259n 32 km \u015f\u0259rqd\u0259 Qreysd\u0259 yerl\u0259\u015f\u0259n bir s\u0259naye obyektind\u0259 y\u00fck ma\u015f\u0131n\u0131 konteynerind\u0259 a\u015fkar edib.\n<\/p>\n<p>\n  \u0130ll\u0259rdir qeyri-qanuni immiqrantlar Avropan\u0131n uzun v\u0259 yorucu yollar\u0131ndan ke\u00e7\u0259r\u0259k Britaniyaya \u00e7atma\u011fa \u00e7al\u0131\u015f\u0131rlar. Bundan \u00f6nc\u0259 ba\u015f vermi\u015f \u0259n b\u00f6y\u00fck faci\u0259 2000-ci ild\u0259 ba\u015f vermi\u015fdi. Hadis\u0259 zaman\u0131 Dover liman\u0131nda pomidor y\u00fck ma\u015f\u0131n\u0131n\u0131n i\u00e7ind\u0259 58 \u00e7inli \u00f6l\u00fc tap\u0131lm\u0131\u015fd\u0131.\n<\/p>\n<p>\n  \u201c\u0130ngilt\u0259r\u0259nin Essex b\u00f6lg\u0259sind\u0259 39 n\u0259f\u0259rin \u00f6l\u00fcm\u00fc il\u0259 \u0259laq\u0259dar x\u0259b\u0259rl\u0259ri \u00fcr\u0259k a\u011fr\u0131s\u0131yla oxumu\u015fuq\u201d, &#8211; \u00c7in s\u0259firliyi verdiyi a\u00e7\u0131qlamada qeyd edib.\n<\/p>\n<p>\n  Essex polisi qeyd edib ki, onlar\u0131n prioritetl\u0259rind\u0259n biri d\u0259 sor\u011fu-sual zaman\u0131 qurbanlar\u0131n l\u0259yaq\u0259tini t\u0259min etm\u0259kdir.\n<\/p>\n<p>\n  \u201c39 n\u0259f\u0259rin h\u0259r birinin \u015f\u0259xsinin m\u00fc\u0259yy\u0259nl\u0259\u015fdirilm\u0259si \u00fc\u00e7\u00fcn onlar\u0131n ekspertizadan ke\u00e7m\u0259si t\u0259l\u0259b olunur\u201d, &#8211; polis a\u00e7\u0131qlamas\u0131nda qeyd edib v\u0259 \u0259lav\u0259 edib ki, bu \u0259m\u0259liyyat zaman alan prosesdir:\n<\/p>\n<p>\n  \u201cBiz n\u0259tic\u0259l\u0259ri d\u0259rhal ala bilm\u0259rik\u201d.\n<\/p>\n<p>\n  Y\u00fck ma\u015f\u0131n\u0131n\u0131n s\u00fcr\u00fcc\u00fcs\u00fcn\u00fcn 25 ya\u015fl\u0131 \u015eimali \u0130rlandiya v\u0259t\u0259nda\u015f\u0131 oldu\u011fu bildirilir. \u0130ndiy\u0259 q\u0259d\u0259r polis \u0259razid\u0259 \u00fc\u00e7 \u0259mlak\u0131 ara\u015fd\u0131rma prosesin\u0259 c\u0259lb edib.\n<\/p>\n<p>\n  Ara\u015fd\u0131rma il\u0259 tan\u0131\u015f bir m\u0259nb\u0259 s\u00fcr\u00fcc\u00fcn\u00fc Britaniya \u0259yal\u0259tinin Portadown \u0259razisind\u0259n olan Mo Robinson adland\u0131r\u0131b.\n<\/p>\n<p>\n  Y\u00fck ma\u015f\u0131n\u0131 2000-ci ild\u0259 ba\u015f verdiyi kimi Essex-d\u0259ki Purfleet liman\u0131na g\u0259lib. Ondan \u00f6nc\u0259 is\u0259 y\u00fc\u015f ma\u015f\u0131n\u0131 Zeebrugge adl\u0131 Bel\u00e7ika liman\u0131ndan ke\u00e7ib.\n<\/p>\n<p>\n  \u00d6lk\u0259nin Milli Cinay\u0259t \u0130dar\u0259si axtar\u0131\u015flara c\u0259lb olundu\u011funu qeyd edib v\u0259 \u0259lav\u0259 edib ki, cinay\u0259t\u0259 h\u0259r hans\u0131 bir cinay\u0259t qrupun daxil olub olmad\u0131\u011f\u0131n\u0131 ara\u015fd\u0131r\u0131r.\n<\/p>\n<p>\n  \u0130nsan alveri il\u0259 ba\u011fl\u0131 Britaniya polisinin s\u00f6zc\u00fcs\u00fc \u015ean Soya (Shaun Sawyer) deyib ki, minl\u0259rl\u0259 insan B\u00f6y\u00fck Britaniyaya illeqal \u015f\u0259kild\u0259 daxil olur. O qeyd edib ki, Britaniya insan alver\u00e7il\u0259ri \u00fc\u00e7\u00fcn asan \u00e7at\u0131la bil\u0259n n\u00f6qt\u0259 olaraq q\u0259bul edilir.\n<\/p>\n<p>\n  \u201cS\u0259n B\u00f6y\u00fck Briyaniyn\u0131 qalaya \u00e7evir\u0259 bilm\u0259rz\u0259n. Biz q\u0259bul etm\u0259liyik ki, bizim s\u0259rh\u0259dl\u0259rimiz a\u00e7\u0131qd\u0131r\u201d, &#8211; o, BBC radioya bildirib.\n<\/p>\n<p>\n  \u201cRoad Haulage Association\u201d-\u0131n r\u0259hb\u0259ri bildirib ki, insan alver\u00e7il\u0259rin\u0259 qar\u015f\u0131 m\u00fcbariz\u0259d\u0259 Avropa mill\u0259tl\u0259riyl\u0259 birlikd\u0259 \u0259m\u0259kda\u015fl\u0131q \u00f6n\u0259mlidir, baxmayaraq ki, bu, Britaniyan\u0131n Avropa Birliyind\u0259n \u00e7\u0131xmas\u0131ndan sonra kifay\u0259t q\u0259d\u0259r \u00e7\u0259tinl\u0259\u015f\u0259 bil\u0259r.\n<\/p>\n<p>\n  \u201cT\u0259hl\u00fck\u0259sizlik v\u0259 Avropa daxilind\u0259 n\u0259qliyyat vasit\u0259l\u0259rinin qorunmas\u0131 bax\u0131m\u0131ndan \u0259slind\u0259 kifay\u0259t q\u0259d\u0259r t\u0259dbirl\u0259r g\u00f6r\u00fclm\u0259yib\u201d, &#8211; Richard Burnett BBC TV-\u0259 bildirib.<\/p>\n","protected":false},"excerpt":{"rendered":"<p>Ma\u015f\u0131n\u0131n s\u00fcr\u00fcc\u00fcs\u00fcn\u00fcn ifad\u0259sind\u0259n sonra bu q\u0259na\u0259t\u0259 g\u0259linib<\/p>\n","protected":false},"author":11,"featured_media":132062,"comment_status":"closed","ping_status":"open","sticky":false,"template":"","format":"standard","meta":{"_acf_changed":false,"_sitemap_exclude":false,"_sitemap_priority":"","_sitemap_frequency":"","footnotes":""},"categories":[64],"tags":[],"class_list":["post-197640","post","type-post","status-publish","format-standard","has-post-thumbnail","hentry","category-dunya","infinite-scroll-item","generate-columns","tablet-grid-50","mobile-grid-100","grid-parent","grid-33","no-featured-image-padding"],"acf":[],"yoast_head":"<!-- This site is optimized with the Yoast SEO plugin v27.5 - https:\/\/yoast.com\/product\/yoast-seo-wordpress\/ -->\n<title>London yax\u0131nl\u0131\u011f\u0131nda tap\u0131lm\u0131\u015f 39 qurban\u0131n \u00e7inli oldu\u011fu bildirilir - MEYDAN.TV<\/title>\n<meta name=\"robots\" content=\"index, follow, max-snippet:-1, max-image-preview:large, max-video-preview:-1\" \/>\n<link rel=\"canonical\" href=\"https:\/\/www.meydan.tv\/az\/article\/london-yaxinliginda-tapilmis-39-qurbanin-cinli-oldugu-bildirilir\/\" \/>\n<meta property=\"og:locale\" content=\"az_AZ\" \/>\n<meta property=\"og:type\" content=\"article\" \/>\n<meta property=\"og:title\" content=\"London yax\u0131nl\u0131\u011f\u0131nda tap\u0131lm\u0131\u015f 39 qurban\u0131n \u00e7inli oldu\u011fu bildirilir - MEYDAN.TV\" \/>\n<meta property=\"og:description\" content=\"Ma\u015f\u0131n\u0131n s\u00fcr\u00fcc\u00fcs\u00fcn\u00fcn ifad\u0259sind\u0259n sonra bu q\u0259na\u0259t\u0259 g\u0259linib\" \/>\n<meta property=\"og:url\" content=\"https:\/\/www.meydan.tv\/az\/article\/london-yaxinliginda-tapilmis-39-qurbanin-cinli-oldugu-bildirilir\/\" \/>\n<meta property=\"og:site_name\" content=\"MEYDAN.TV\" \/>\n<meta property=\"article:published_time\" content=\"2019-10-24T17:53:36+00:00\" \/>\n<meta property=\"og:image\" content=\"https:\/\/www.meydan.tv\/wp-content\/uploads\/watergladelooryextra241019-13.jpg\" \/>\n\t<meta property=\"og:image:width\" content=\"968\" \/>\n\t<meta property=\"og:image:height\" content=\"645\" \/>\n\t<meta property=\"og:image:type\" content=\"image\/jpeg\" \/>\n<meta name=\"author\" content=\"user-manager\" \/>\n<meta name=\"twitter:card\" content=\"summary_large_image\" \/>\n<script type=\"application\/ld+json\" class=\"yoast-schema-graph\">{\"@context\":\"https:\\\/\\\/schema.org\",\"@graph\":[{\"@type\":\"Article\",\"@id\":\"https:\\\/\\\/www.meydan.tv\\\/az\\\/article\\\/london-yaxinliginda-tapilmis-39-qurbanin-cinli-oldugu-bildirilir\\\/#article\",\"isPartOf\":{\"@id\":\"https:\\\/\\\/www.meydan.tv\\\/az\\\/article\\\/london-yaxinliginda-tapilmis-39-qurbanin-cinli-oldugu-bildirilir\\\/\"},\"author\":{\"name\":\"user-manager\",\"@id\":\"https:\\\/\\\/www.meydan.tv\\\/az\\\/#\\\/schema\\\/person\\\/10d11eccf6da3662cf5fdab9806ea91a\"},\"headline\":\"London yax\u0131nl\u0131\u011f\u0131nda tap\u0131lm\u0131\u015f 39 qurban\u0131n \u00e7inli oldu\u011fu bildirilir\",\"datePublished\":\"2019-10-24T17:53:36+00:00\",\"mainEntityOfPage\":{\"@id\":\"https:\\\/\\\/www.meydan.tv\\\/az\\\/article\\\/london-yaxinliginda-tapilmis-39-qurbanin-cinli-oldugu-bildirilir\\\/\"},\"wordCount\":580,\"publisher\":{\"@id\":\"https:\\\/\\\/www.meydan.tv\\\/az\\\/#organization\"},\"image\":{\"@id\":\"https:\\\/\\\/www.meydan.tv\\\/az\\\/article\\\/london-yaxinliginda-tapilmis-39-qurbanin-cinli-oldugu-bildirilir\\\/#primaryimage\"},\"thumbnailUrl\":\"https:\\\/\\\/www.meydan.tv\\\/wp-content\\\/uploads\\\/watergladelooryextra241019-13.jpg\",\"articleSection\":[\"D\u00fcnya\"],\"inLanguage\":\"az\"},{\"@type\":\"WebPage\",\"@id\":\"https:\\\/\\\/www.meydan.tv\\\/az\\\/article\\\/london-yaxinliginda-tapilmis-39-qurbanin-cinli-oldugu-bildirilir\\\/\",\"url\":\"https:\\\/\\\/www.meydan.tv\\\/az\\\/article\\\/london-yaxinliginda-tapilmis-39-qurbanin-cinli-oldugu-bildirilir\\\/\",\"name\":\"London yax\u0131nl\u0131\u011f\u0131nda tap\u0131lm\u0131\u015f 39 qurban\u0131n \u00e7inli oldu\u011fu bildirilir - MEYDAN.TV\",\"isPartOf\":{\"@id\":\"https:\\\/\\\/www.meydan.tv\\\/az\\\/#website\"},\"primaryImageOfPage\":{\"@id\":\"https:\\\/\\\/www.meydan.tv\\\/az\\\/article\\\/london-yaxinliginda-tapilmis-39-qurbanin-cinli-oldugu-bildirilir\\\/#primaryimage\"},\"image\":{\"@id\":\"https:\\\/\\\/www.meydan.tv\\\/az\\\/article\\\/london-yaxinliginda-tapilmis-39-qurbanin-cinli-oldugu-bildirilir\\\/#primaryimage\"},\"thumbnailUrl\":\"https:\\\/\\\/www.meydan.tv\\\/wp-content\\\/uploads\\\/watergladelooryextra241019-13.jpg\",\"datePublished\":\"2019-10-24T17:53:36+00:00\",\"breadcrumb\":{\"@id\":\"https:\\\/\\\/www.meydan.tv\\\/az\\\/article\\\/london-yaxinliginda-tapilmis-39-qurbanin-cinli-oldugu-bildirilir\\\/#breadcrumb\"},\"inLanguage\":\"az\",\"potentialAction\":[{\"@type\":\"ReadAction\",\"target\":[\"https:\\\/\\\/www.meydan.tv\\\/az\\\/article\\\/london-yaxinliginda-tapilmis-39-qurbanin-cinli-oldugu-bildirilir\\\/\"]}]},{\"@type\":\"ImageObject\",\"inLanguage\":\"az\",\"@id\":\"https:\\\/\\\/www.meydan.tv\\\/az\\\/article\\\/london-yaxinliginda-tapilmis-39-qurbanin-cinli-oldugu-bildirilir\\\/#primaryimage\",\"url\":\"https:\\\/\\\/www.meydan.tv\\\/wp-content\\\/uploads\\\/watergladelooryextra241019-13.jpg\",\"contentUrl\":\"https:\\\/\\\/www.meydan.tv\\\/wp-content\\\/uploads\\\/watergladelooryextra241019-13.jpg\",\"width\":968,\"height\":645,\"caption\":\"Source: google\"},{\"@type\":\"BreadcrumbList\",\"@id\":\"https:\\\/\\\/www.meydan.tv\\\/az\\\/article\\\/london-yaxinliginda-tapilmis-39-qurbanin-cinli-oldugu-bildirilir\\\/#breadcrumb\",\"itemListElement\":[{\"@type\":\"ListItem\",\"position\":1,\"name\":\"Ana s\u0259hif\u0259\",\"item\":\"https:\\\/\\\/www.meydan.tv\\\/az\\\/\"},{\"@type\":\"ListItem\",\"position\":2,\"name\":\"D\u00fcnya\",\"item\":\"https:\\\/\\\/www.meydan.tv\\\/az\\\/section\\\/dunya\\\/\"},{\"@type\":\"ListItem\",\"position\":3,\"name\":\"London yax\u0131nl\u0131\u011f\u0131nda tap\u0131lm\u0131\u015f 39 qurban\u0131n \u00e7inli oldu\u011fu bildirilir\"}]},{\"@type\":\"WebSite\",\"@id\":\"https:\\\/\\\/www.meydan.tv\\\/az\\\/#website\",\"url\":\"https:\\\/\\\/www.meydan.tv\\\/az\\\/\",\"name\":\"MEYDAN.TV\",\"description\":\"Meydan TV Az\u0259rbaycan\u0131n media m\u0259kan\u0131ndak\u0131 alternativ s\u0259sidir\",\"publisher\":{\"@id\":\"https:\\\/\\\/www.meydan.tv\\\/az\\\/#organization\"},\"potentialAction\":[{\"@type\":\"SearchAction\",\"target\":{\"@type\":\"EntryPoint\",\"urlTemplate\":\"https:\\\/\\\/www.meydan.tv\\\/az\\\/?s={search_term_string}\"},\"query-input\":{\"@type\":\"PropertyValueSpecification\",\"valueRequired\":true,\"valueName\":\"search_term_string\"}}],\"inLanguage\":\"az\"},{\"@type\":\"Organization\",\"@id\":\"https:\\\/\\\/www.meydan.tv\\\/az\\\/#organization\",\"name\":\"Meydan TV\",\"url\":\"https:\\\/\\\/www.meydan.tv\\\/az\\\/\",\"logo\":{\"@type\":\"ImageObject\",\"inLanguage\":\"az\",\"@id\":\"https:\\\/\\\/www.meydan.tv\\\/az\\\/#\\\/schema\\\/logo\\\/image\\\/\",\"url\":\"https:\\\/\\\/www.meydan.tv\\\/wp-content\\\/uploads\\\/2021\\\/07\\\/meydan-logo.svg\",\"contentUrl\":\"https:\\\/\\\/www.meydan.tv\\\/wp-content\\\/uploads\\\/2021\\\/07\\\/meydan-logo.svg\",\"width\":195,\"height\":46,\"caption\":\"Meydan TV\"},\"image\":{\"@id\":\"https:\\\/\\\/www.meydan.tv\\\/az\\\/#\\\/schema\\\/logo\\\/image\\\/\"}},{\"@type\":\"Person\",\"@id\":\"https:\\\/\\\/www.meydan.tv\\\/az\\\/#\\\/schema\\\/person\\\/10d11eccf6da3662cf5fdab9806ea91a\",\"name\":\"user-manager\"}]}<\/script>\n<!-- \/ Yoast SEO plugin. -->","yoast_head_json":{"title":"London yax\u0131nl\u0131\u011f\u0131nda tap\u0131lm\u0131\u015f 39 qurban\u0131n \u00e7inli oldu\u011fu bildirilir - MEYDAN.TV","robots":{"index":"index","follow":"follow","max-snippet":"max-snippet:-1","max-image-preview":"max-image-preview:large","max-video-preview":"max-video-preview:-1"},"canonical":"https:\/\/www.meydan.tv\/az\/article\/london-yaxinliginda-tapilmis-39-qurbanin-cinli-oldugu-bildirilir\/","og_locale":"az_AZ","og_type":"article","og_title":"London yax\u0131nl\u0131\u011f\u0131nda tap\u0131lm\u0131\u015f 39 qurban\u0131n \u00e7inli oldu\u011fu bildirilir - MEYDAN.TV","og_description":"Ma\u015f\u0131n\u0131n s\u00fcr\u00fcc\u00fcs\u00fcn\u00fcn ifad\u0259sind\u0259n sonra bu q\u0259na\u0259t\u0259 g\u0259linib","og_url":"https:\/\/www.meydan.tv\/az\/article\/london-yaxinliginda-tapilmis-39-qurbanin-cinli-oldugu-bildirilir\/","og_site_name":"MEYDAN.TV","article_published_time":"2019-10-24T17:53:36+00:00","og_image":[{"width":968,"height":645,"url":"https:\/\/www.meydan.tv\/wp-content\/uploads\/watergladelooryextra241019-13.jpg","type":"image\/jpeg"}],"author":"user-manager","twitter_card":"summary_large_image","schema":{"@context":"https:\/\/schema.org","@graph":[{"@type":"Article","@id":"https:\/\/www.meydan.tv\/az\/article\/london-yaxinliginda-tapilmis-39-qurbanin-cinli-oldugu-bildirilir\/#article","isPartOf":{"@id":"https:\/\/www.meydan.tv\/az\/article\/london-yaxinliginda-tapilmis-39-qurbanin-cinli-oldugu-bildirilir\/"},"author":{"name":"user-manager","@id":"https:\/\/www.meydan.tv\/az\/#\/schema\/person\/10d11eccf6da3662cf5fdab9806ea91a"},"headline":"London yax\u0131nl\u0131\u011f\u0131nda tap\u0131lm\u0131\u015f 39 qurban\u0131n \u00e7inli oldu\u011fu bildirilir","datePublished":"2019-10-24T17:53:36+00:00","mainEntityOfPage":{"@id":"https:\/\/www.meydan.tv\/az\/article\/london-yaxinliginda-tapilmis-39-qurbanin-cinli-oldugu-bildirilir\/"},"wordCount":580,"publisher":{"@id":"https:\/\/www.meydan.tv\/az\/#organization"},"image":{"@id":"https:\/\/www.meydan.tv\/az\/article\/london-yaxinliginda-tapilmis-39-qurbanin-cinli-oldugu-bildirilir\/#primaryimage"},"thumbnailUrl":"https:\/\/www.meydan.tv\/wp-content\/uploads\/watergladelooryextra241019-13.jpg","articleSection":["D\u00fcnya"],"inLanguage":"az"},{"@type":"WebPage","@id":"https:\/\/www.meydan.tv\/az\/article\/london-yaxinliginda-tapilmis-39-qurbanin-cinli-oldugu-bildirilir\/","url":"https:\/\/www.meydan.tv\/az\/article\/london-yaxinliginda-tapilmis-39-qurbanin-cinli-oldugu-bildirilir\/","name":"London yax\u0131nl\u0131\u011f\u0131nda tap\u0131lm\u0131\u015f 39 qurban\u0131n \u00e7inli oldu\u011fu bildirilir - MEYDAN.TV","isPartOf":{"@id":"https:\/\/www.meydan.tv\/az\/#website"},"primaryImageOfPage":{"@id":"https:\/\/www.meydan.tv\/az\/article\/london-yaxinliginda-tapilmis-39-qurbanin-cinli-oldugu-bildirilir\/#primaryimage"},"image":{"@id":"https:\/\/www.meydan.tv\/az\/article\/london-yaxinliginda-tapilmis-39-qurbanin-cinli-oldugu-bildirilir\/#primaryimage"},"thumbnailUrl":"https:\/\/www.meydan.tv\/wp-content\/uploads\/watergladelooryextra241019-13.jpg","datePublished":"2019-10-24T17:53:36+00:00","breadcrumb":{"@id":"https:\/\/www.meydan.tv\/az\/article\/london-yaxinliginda-tapilmis-39-qurbanin-cinli-oldugu-bildirilir\/#breadcrumb"},"inLanguage":"az","potentialAction":[{"@type":"ReadAction","target":["https:\/\/www.meydan.tv\/az\/article\/london-yaxinliginda-tapilmis-39-qurbanin-cinli-oldugu-bildirilir\/"]}]},{"@type":"ImageObject","inLanguage":"az","@id":"https:\/\/www.meydan.tv\/az\/article\/london-yaxinliginda-tapilmis-39-qurbanin-cinli-oldugu-bildirilir\/#primaryimage","url":"https:\/\/www.meydan.tv\/wp-content\/uploads\/watergladelooryextra241019-13.jpg","contentUrl":"https:\/\/www.meydan.tv\/wp-content\/uploads\/watergladelooryextra241019-13.jpg","width":968,"height":645,"caption":"Source: google"},{"@type":"BreadcrumbList","@id":"https:\/\/www.meydan.tv\/az\/article\/london-yaxinliginda-tapilmis-39-qurbanin-cinli-oldugu-bildirilir\/#breadcrumb","itemListElement":[{"@type":"ListItem","position":1,"name":"Ana s\u0259hif\u0259","item":"https:\/\/www.meydan.tv\/az\/"},{"@type":"ListItem","position":2,"name":"D\u00fcnya","item":"https:\/\/www.meydan.tv\/az\/section\/dunya\/"},{"@type":"ListItem","position":3,"name":"London yax\u0131nl\u0131\u011f\u0131nda tap\u0131lm\u0131\u015f 39 qurban\u0131n \u00e7inli oldu\u011fu bildirilir"}]},{"@type":"WebSite","@id":"https:\/\/www.meydan.tv\/az\/#website","url":"https:\/\/www.meydan.tv\/az\/","name":"MEYDAN.TV","description":"Meydan TV Az\u0259rbaycan\u0131n media m\u0259kan\u0131ndak\u0131 alternativ s\u0259sidir","publisher":{"@id":"https:\/\/www.meydan.tv\/az\/#organization"},"potentialAction":[{"@type":"SearchAction","target":{"@type":"EntryPoint","urlTemplate":"https:\/\/www.meydan.tv\/az\/?s={search_term_string}"},"query-input":{"@type":"PropertyValueSpecification","valueRequired":true,"valueName":"search_term_string"}}],"inLanguage":"az"},{"@type":"Organization","@id":"https:\/\/www.meydan.tv\/az\/#organization","name":"Meydan TV","url":"https:\/\/www.meydan.tv\/az\/","logo":{"@type":"ImageObject","inLanguage":"az","@id":"https:\/\/www.meydan.tv\/az\/#\/schema\/logo\/image\/","url":"https:\/\/www.meydan.tv\/wp-content\/uploads\/2021\/07\/meydan-logo.svg","contentUrl":"https:\/\/www.meydan.tv\/wp-content\/uploads\/2021\/07\/meydan-logo.svg","width":195,"height":46,"caption":"Meydan TV"},"image":{"@id":"https:\/\/www.meydan.tv\/az\/#\/schema\/logo\/image\/"}},{"@type":"Person","@id":"https:\/\/www.meydan.tv\/az\/#\/schema\/person\/10d11eccf6da3662cf5fdab9806ea91a","name":"user-manager"}]}},"_links":{"self":[{"href":"https:\/\/www.meydan.tv\/az\/wp-json\/wp\/v2\/posts\/197640","targetHints":{"allow":["GET"]}}],"collection":[{"href":"https:\/\/www.meydan.tv\/az\/wp-json\/wp\/v2\/posts"}],"about":[{"href":"https:\/\/www.meydan.tv\/az\/wp-json\/wp\/v2\/types\/post"}],"author":[{"embeddable":true,"href":"https:\/\/www.meydan.tv\/az\/wp-json\/wp\/v2\/users\/11"}],"replies":[{"embeddable":true,"href":"https:\/\/www.meydan.tv\/az\/wp-json\/wp\/v2\/comments?post=197640"}],"version-history":[{"count":0,"href":"https:\/\/www.meydan.tv\/az\/wp-json\/wp\/v2\/posts\/197640\/revisions"}],"wp:featuredmedia":[{"embeddable":true,"href":"https:\/\/www.meydan.tv\/az\/wp-json\/wp\/v2\/media\/132062"}],"wp:attachment":[{"href":"https:\/\/www.meydan.tv\/az\/wp-json\/wp\/v2\/media?parent=197640"}],"wp:term":[{"taxonomy":"category","embeddable":true,"href":"https:\/\/www.meydan.tv\/az\/wp-json\/wp\/v2\/categories?post=197640"},{"taxonomy":"post_tag","embeddable":true,"href":"https:\/\/www.meydan.tv\/az\/wp-json\/wp\/v2\/tags?post=197640"}],"curies":[{"name":"wp","href":"https:\/\/api.w.org\/{rel}","templated":true}]}}