{"id":197629,"date":"2019-10-24T12:48:26","date_gmt":"2019-10-24T12:48:26","guid":{"rendered":"https:\/\/www.meydan.tv\/article\/bu-olkenin-yiyesi-varmi-yoxmu-basa-duse-bilmirem\/"},"modified":"2019-10-24T12:48:26","modified_gmt":"2019-10-24T12:48:26","slug":"bu-olkenin-yiyesi-varmi-yoxmu-basa-duse-bilmirem","status":"publish","type":"post","link":"https:\/\/www.meydan.tv\/az\/article\/bu-olkenin-yiyesi-varmi-yoxmu-basa-duse-bilmirem\/","title":{"rendered":"\u201cBu \u00f6lk\u0259nin yiy\u0259si varm\u0131-yoxmu, ba\u015fa d\u00fc\u015f\u0259 bilmir\u0259m\u201c"},"content":{"rendered":"<p>\n  <i><br \/>\n    \u015eamax\u0131 sakini probleml\u0259rinin h\u0259ll olunmamas\u0131ndan naraz\u0131d\u0131r<br \/>\n  <\/i>\n<\/p>\n<p>\n  \u015eamax\u0131 \u015f\u0259h\u0259r sakini \u015e\u0259hla Veyisova \u00f6vlad\u0131n\u0131 h\u0259yatda saxlamaq \u00fc\u00e7\u00fcn m\u00fcbariz\u0259 apar\u0131r. Dediyin\u0259 g\u00f6r\u0259, hidrosefaliya x\u0259st\u0259liyind\u0259n \u0259ziyy\u0259t \u00e7\u0259k\u0259n 19 ya\u015fl\u0131 K\u0259mal\u0259 Veyisovan\u0131n v\u0259ziyy\u0259ti g\u00fcnd\u0259n-g\u00fcn\u0259 daha da a\u011f\u0131rla\u015f\u0131r.\n<\/p>\n<p>\n  \u015e\u0259hla Veyisova s\u00f6yl\u0259yir ki, u\u015fa\u011f\u0131nda ba\u015f a\u011fr\u0131lar\u0131 art\u0131b, \u015f\u0259xsiyy\u0259t poz\u011funlu\u011fu yaran\u0131b. \u018flaq\u0259 qurma\u011f\u0131, dan\u0131\u015fma\u011f\u0131 bacarm\u0131r, yeri\u015fi, h\u0259r\u0259k\u0259tl\u0259ri natarazd\u0131r, \u00f6z\u00fcn\u00fc idar\u0259 ed\u0259 bilmir:\n<\/p>\n<p>\n  \u201cU\u015fa\u011f\u0131m\u0131n v\u0259ziyy\u0259ti getdikc\u0259 daha da a\u011f\u0131rla\u015f\u0131r. Stulda oturur, ikiqat b\u00fck\u00fcl\u00fcr. \u00d6z\u00fcn\u00fc tarazlaya bilmir. \u018fm\u0259liyyat\u0131 \u00fc\u00e7\u00fcn d\u0259 b\u00f6y\u00fck m\u0259bl\u0259\u011fd\u0259 pul laz\u0131md\u0131r, bizim d\u0259 ona imkan\u0131m\u0131z yoxdur. \u00c7ox h\u0259kiml\u0259r\u0259 apard\u0131q, dedil\u0259r ki, \u0259m\u0259liyyat ancaq \u0130sraild\u0259 m\u00fcmk\u00fcnd\u00fcr. Sonuncu d\u0259f\u0259 neyroc\u0259rrah B\u0259hram Milani q\u0131z\u0131 m\u00fcayin\u0259 etdi, dedi ki, beynind\u0259 \u015funtlama \u0259m\u0259liyyat\u0131 apar\u0131lmal\u0131d\u0131r. Bundan sonra d\u00fczg\u00fcn m\u00fcalic\u0259 d\u0259 apar\u0131ld\u0131rdan sonra K\u0259mal\u0259 tamamil\u0259 sa\u011flaml\u0131\u011f\u0131na qovu\u015facaq. Bu \u0259m\u0259liyyat da \u00e7ox bahal\u0131d\u0131r, 30 min manat pul laz\u0131md\u0131r. Bizim bu q\u0259d\u0259r pulumuz yoxdur. H\u0259yat yolda\u015f\u0131m gedib, orda-burda f\u0259hl\u0259lik el\u0259yir. G\u00fcn\u0259muzd 5-6 manat qazan\u0131r. H\u0259kiml\u0259r d\u0259 deyir ki, tezlikl\u0259 m\u00fcalic\u0259 olunmasa, getdikc\u0259 v\u0259ziyy\u0259ti daha da a\u011f\u0131rla\u015facaq\u201d.\n<\/p>\n<p>\n  \u015eikay\u0259t\u00e7inin problemi bununa kifay\u0259tl\u0259nmir. S\u00f6yl\u0259diyin\u0259 g\u00f6r\u0259, \u015eamax\u0131 M\u0259rk\u0259zi Rayon X\u0259st\u0259xanas\u0131 \u00f6vlad\u0131na \u0259llilik d\u0259r\u0259c\u0259si almaq m\u0259s\u0259l\u0259sind\u0259 yard\u0131m\u00e7\u0131 olmur:\n<\/p>\n<p>\n  \u201c\u0130mkan\u0131m\u0131z yoxdur ki, \u0259m\u0259liyyat etdir\u0259k. Bir yandan da \u0259lillik d\u0259r\u0259c\u0259si ala bilmirik. \u015eamax\u0131 M\u0259rk\u0259zi Rayon X\u0259st\u0259xanas\u0131n\u0131n ba\u015f h\u0259kimi S\u0259m\u0259d F\u0259t\u0259liyev \u0259vv\u0259lc\u0259 dedi ki, q\u0131z\u0131ma birinci qrup d\u00fc\u015fm\u00fcr. U\u015faq g\u0259r\u0259k Ma\u015fta\u011fadak\u0131 psixatriya x\u0259st\u0259xanas\u0131nda (1 n\u00f6mr\u0259li Respublika Psixiatriya X\u0259st\u0259xanas\u0131-red.) yatmal\u0131d\u0131r. U\u015fa\u011f\u0131 7-8 ay \u0259vv\u0259l apard\u0131m, orada yatd\u0131. S\u0259n\u0259d g\u0259tirdik, S\u0259m\u0259d doktor biziml\u0259 yen\u0259 raz\u0131la\u015fmad\u0131, s\u0259n\u0259dl\u0259ri sistem\u0259 vurmad\u0131. Bu il sentyabr\u0131n \u0259vv\u0259lind\u0259 u\u015fa\u011f\u0131 Bak\u0131ya, Psixi Sa\u011flaml\u0131q M\u0259rk\u0259zin\u0259 apard\u0131m. Orada m\u00fcayin\u0259 etdil\u0259r, h\u0259kiml\u0259r baxd\u0131lar ki, q\u0131z\u0131n v\u0259ziyy\u0259ti yax\u015f\u0131 deyil, k\u00f6m\u0259kl\u0259 idar\u0259 olunur. Onlar\u0131n verdiyi ka\u011f\u0131z\u0131 g\u0259tirdim, \u015eamax\u0131 M\u0259rk\u0259zi Rayon X\u0259st\u0259xanas\u0131n\u0131n ba\u015f h\u0259kimi S\u0259m\u0259d F\u0259t\u0259liyev\u0259 verdim. M\u0259n\u0259 dedi ki, siz t\u0259krar gedib, Ma\u015fta\u011fada yatmal\u0131s\u0131n\u0131z, ka\u011f\u0131z oradan t\u0259sdiq olunmal\u0131d\u0131r. M\u0259n d\u0259 ona dedim ki, ax\u0131 u\u015faq orada bir d\u0259f\u0259 yat\u0131b, niy\u0259 m\u0259ni incidirsiniz? O da dedi ki, \u00e7\u0131x\u0131n bay\u0131ra. \u018flimd\u0259ki s\u0259n\u0259dl\u0259r\u0259 baxmam\u0131\u015f, m\u0259ni i\u015f ota\u011f\u0131ndan qovaraq, \u00e7\u0131xard\u0131. Dig\u0259r bir h\u0259kim\u0259 z\u0259ng edib, onu ac\u0131lad\u0131 ki, siz\u0259 demi\u015f\u0259m ax\u0131, pensiya il\u0259 \u0259laq\u0259dar yan\u0131ma adam g\u00f6nd\u0259rm\u0259yin.\n<\/p>\n<figure class=\"wp-block-image size-large\">\n  <img decoding=\"async\" src=\"https:\/\/www.meydan.tv\/az\/72960949_3145092718866501_2406268467104710656_n-jpg\/\" alt=\"72960949_3145092718866501_2406268467104710656_n.jpg\" class=\"wp-image-132035\"\/><figcaption>\n    Stasionar \u00e7\u0131xar\u0131\u015f<br \/>\n  <\/figcaption><\/figure>\n<p>\n  Bel\u0259 haqs\u0131zl\u0131q olmaz ax\u0131, x\u0259st\u0259 u\u015faqla \u015eamax\u0131-Bak\u0131 yolunda qalm\u0131\u015fam. M\u0259ni gah ora-gah bura g\u00f6nd\u0259rirl\u0259r. Art\u0131q h\u0259yat\u0131mdan bezmi\u015f\u0259m. Bu \u00f6lk\u0259nin yiy\u0259si varm\u0131-yoxmu, ba\u015fa d\u00fc\u015f\u0259 bilmir\u0259m. U\u015fa\u011fa yalandan qrup alma\u011fa \u00e7al\u0131\u015fm\u0131ram ki? Onun x\u0259st\u0259liyi g\u00f6z qaba\u011f\u0131ndad\u0131r. V\u0259ziyy\u0259ti ild\u0259n-il\u0259 a\u011f\u0131rla\u015f\u0131r\u201d.\n<\/p>\n<p>\n  \u015eamax\u0131 M\u0259rk\u0259zi Rayon X\u0259st\u0259xanas\u0131n\u0131n ba\u015f h\u0259kimi S\u0259m\u0259d F\u0259t\u0259liyev 20 g\u00fcn \u00f6nc\u0259 v\u0259zif\u0259sind\u0259n azad edilib.\n<\/p>\n<p>\n  Buna s\u0259b\u0259b x\u0259st\u0259xana \u0259razisind\u0259 ya\u015f\u0131ll\u0131\u011fa z\u0259rb\u0259 vurmas\u0131 g\u00f6st\u0259rilir.\n<\/p>\n<p>\n  Ekologiya v\u0259 T\u0259bii S\u0259rv\u0259tl\u0259r, el\u0259c\u0259 d\u0259 Daxili \u0130\u015fl\u0259r nazirlikl\u0259rinin \u0259m\u0259kda\u015flar\u0131 t\u0259r\u0259find\u0259n apar\u0131lan reyd zaman\u0131 m\u00fcxt\u0259lif diametrli qovaq v\u0259 yalanqoz a\u011fac\u0131n\u0131n k\u0259sildiyi, d\u00f6rd qovaq a\u011fac\u0131n\u0131n is\u0259 g\u00f6vd\u0259 hiss\u0259l\u0259rinin yand\u0131r\u0131l\u0131ld\u0131\u011f\u0131 fakt\u0131 a\u015fkarlanaraq t\u0259bi\u0259t\u0259 3 min manat m\u0259bl\u0259\u011find\u0259 ziyan d\u0259ydiyi m\u00fc\u0259yy\u0259n edilib. Bununla ba\u011fl\u0131 akt t\u0259rtib olunub, qanunam\u00fcvafiq t\u0259dbir g\u00f6r\u00fclm\u0259si \u00fc\u00e7\u00fcn \u015eamax\u0131 Rayon Prokurorlu\u011funa g\u00f6nd\u0259rilib.\n<\/p>\n<p>\n  X\u0259st\u0259xanadan \u015e\u0259hla Veyisovan\u0131n \u015fikay\u0259tin\u0259 m\u00fcnasib\u0259t \u00f6yr\u0259nm\u0259k m\u00fcmk\u00fcn olmay\u0131b.<\/p>\n","protected":false},"excerpt":{"rendered":"<p>Bel\u0259 haqs\u0131zl\u0131q olmaz ax\u0131, x\u0259st\u0259 u\u015faqla \u015eamax\u0131-Bak\u0131 yolunda qalm\u0131\u015fam. M\u0259ni gah ora-gah bura g\u00f6nd\u0259rirl\u0259r.<\/p>\n","protected":false},"author":11,"featured_media":132032,"comment_status":"closed","ping_status":"open","sticky":false,"template":"","format":"standard","meta":{"_acf_changed":false,"_sitemap_exclude":false,"_sitemap_priority":"","_sitemap_frequency":"","footnotes":""},"categories":[60],"tags":[],"class_list":["post-197629","post","type-post","status-publish","format-standard","has-post-thumbnail","hentry","category-bolge","infinite-scroll-item","generate-columns","tablet-grid-50","mobile-grid-100","grid-parent","grid-33","no-featured-image-padding"],"acf":[],"yoast_head":"<!-- This site is optimized with the Yoast SEO plugin v27.5 - https:\/\/yoast.com\/product\/yoast-seo-wordpress\/ -->\n<title>\u201cBu \u00f6lk\u0259nin yiy\u0259si varm\u0131-yoxmu, ba\u015fa d\u00fc\u015f\u0259 bilmir\u0259m\u201c - MEYDAN.TV<\/title>\n<meta name=\"robots\" content=\"index, follow, max-snippet:-1, max-image-preview:large, max-video-preview:-1\" \/>\n<link rel=\"canonical\" href=\"https:\/\/www.meydan.tv\/az\/article\/bu-olkenin-yiyesi-varmi-yoxmu-basa-duse-bilmirem\/\" \/>\n<meta property=\"og:locale\" content=\"az_AZ\" \/>\n<meta property=\"og:type\" content=\"article\" \/>\n<meta property=\"og:title\" content=\"\u201cBu \u00f6lk\u0259nin yiy\u0259si varm\u0131-yoxmu, ba\u015fa d\u00fc\u015f\u0259 bilmir\u0259m\u201c - MEYDAN.TV\" \/>\n<meta property=\"og:description\" content=\"Bel\u0259 haqs\u0131zl\u0131q olmaz ax\u0131, x\u0259st\u0259 u\u015faqla \u015eamax\u0131-Bak\u0131 yolunda qalm\u0131\u015fam. M\u0259ni gah ora-gah bura g\u00f6nd\u0259rirl\u0259r.\" \/>\n<meta property=\"og:url\" content=\"https:\/\/www.meydan.tv\/az\/article\/bu-olkenin-yiyesi-varmi-yoxmu-basa-duse-bilmirem\/\" \/>\n<meta property=\"og:site_name\" content=\"MEYDAN.TV\" \/>\n<meta property=\"article:published_time\" content=\"2019-10-24T12:48:26+00:00\" \/>\n<meta property=\"og:image\" content=\"https:\/\/www.meydan.tv\/wp-content\/uploads\/copy_of_untitled9.png\" \/>\n\t<meta property=\"og:image:width\" content=\"1000\" \/>\n\t<meta property=\"og:image:height\" content=\"555\" \/>\n\t<meta property=\"og:image:type\" content=\"image\/png\" \/>\n<meta name=\"author\" content=\"user-manager\" \/>\n<meta name=\"twitter:card\" content=\"summary_large_image\" \/>\n<script type=\"application\/ld+json\" class=\"yoast-schema-graph\">{\"@context\":\"https:\\\/\\\/schema.org\",\"@graph\":[{\"@type\":\"Article\",\"@id\":\"https:\\\/\\\/www.meydan.tv\\\/az\\\/article\\\/bu-olkenin-yiyesi-varmi-yoxmu-basa-duse-bilmirem\\\/#article\",\"isPartOf\":{\"@id\":\"https:\\\/\\\/www.meydan.tv\\\/az\\\/article\\\/bu-olkenin-yiyesi-varmi-yoxmu-basa-duse-bilmirem\\\/\"},\"author\":{\"name\":\"user-manager\",\"@id\":\"https:\\\/\\\/www.meydan.tv\\\/az\\\/#\\\/schema\\\/person\\\/10d11eccf6da3662cf5fdab9806ea91a\"},\"headline\":\"\u201cBu \u00f6lk\u0259nin yiy\u0259si varm\u0131-yoxmu, ba\u015fa d\u00fc\u015f\u0259 bilmir\u0259m\u201c\",\"datePublished\":\"2019-10-24T12:48:26+00:00\",\"mainEntityOfPage\":{\"@id\":\"https:\\\/\\\/www.meydan.tv\\\/az\\\/article\\\/bu-olkenin-yiyesi-varmi-yoxmu-basa-duse-bilmirem\\\/\"},\"wordCount\":811,\"publisher\":{\"@id\":\"https:\\\/\\\/www.meydan.tv\\\/az\\\/#organization\"},\"image\":{\"@id\":\"https:\\\/\\\/www.meydan.tv\\\/az\\\/article\\\/bu-olkenin-yiyesi-varmi-yoxmu-basa-duse-bilmirem\\\/#primaryimage\"},\"thumbnailUrl\":\"https:\\\/\\\/www.meydan.tv\\\/wp-content\\\/uploads\\\/copy_of_untitled9.png\",\"articleSection\":[\"B\u00f6lg\u0259\"],\"inLanguage\":\"az\"},{\"@type\":\"WebPage\",\"@id\":\"https:\\\/\\\/www.meydan.tv\\\/az\\\/article\\\/bu-olkenin-yiyesi-varmi-yoxmu-basa-duse-bilmirem\\\/\",\"url\":\"https:\\\/\\\/www.meydan.tv\\\/az\\\/article\\\/bu-olkenin-yiyesi-varmi-yoxmu-basa-duse-bilmirem\\\/\",\"name\":\"\u201cBu \u00f6lk\u0259nin yiy\u0259si varm\u0131-yoxmu, ba\u015fa d\u00fc\u015f\u0259 bilmir\u0259m\u201c - MEYDAN.TV\",\"isPartOf\":{\"@id\":\"https:\\\/\\\/www.meydan.tv\\\/az\\\/#website\"},\"primaryImageOfPage\":{\"@id\":\"https:\\\/\\\/www.meydan.tv\\\/az\\\/article\\\/bu-olkenin-yiyesi-varmi-yoxmu-basa-duse-bilmirem\\\/#primaryimage\"},\"image\":{\"@id\":\"https:\\\/\\\/www.meydan.tv\\\/az\\\/article\\\/bu-olkenin-yiyesi-varmi-yoxmu-basa-duse-bilmirem\\\/#primaryimage\"},\"thumbnailUrl\":\"https:\\\/\\\/www.meydan.tv\\\/wp-content\\\/uploads\\\/copy_of_untitled9.png\",\"datePublished\":\"2019-10-24T12:48:26+00:00\",\"breadcrumb\":{\"@id\":\"https:\\\/\\\/www.meydan.tv\\\/az\\\/article\\\/bu-olkenin-yiyesi-varmi-yoxmu-basa-duse-bilmirem\\\/#breadcrumb\"},\"inLanguage\":\"az\",\"potentialAction\":[{\"@type\":\"ReadAction\",\"target\":[\"https:\\\/\\\/www.meydan.tv\\\/az\\\/article\\\/bu-olkenin-yiyesi-varmi-yoxmu-basa-duse-bilmirem\\\/\"]}]},{\"@type\":\"ImageObject\",\"inLanguage\":\"az\",\"@id\":\"https:\\\/\\\/www.meydan.tv\\\/az\\\/article\\\/bu-olkenin-yiyesi-varmi-yoxmu-basa-duse-bilmirem\\\/#primaryimage\",\"url\":\"https:\\\/\\\/www.meydan.tv\\\/wp-content\\\/uploads\\\/copy_of_untitled9.png\",\"contentUrl\":\"https:\\\/\\\/www.meydan.tv\\\/wp-content\\\/uploads\\\/copy_of_untitled9.png\",\"width\":1000,\"height\":555,\"caption\":\"Source: Specify Source\"},{\"@type\":\"BreadcrumbList\",\"@id\":\"https:\\\/\\\/www.meydan.tv\\\/az\\\/article\\\/bu-olkenin-yiyesi-varmi-yoxmu-basa-duse-bilmirem\\\/#breadcrumb\",\"itemListElement\":[{\"@type\":\"ListItem\",\"position\":1,\"name\":\"Ana s\u0259hif\u0259\",\"item\":\"https:\\\/\\\/www.meydan.tv\\\/az\\\/\"},{\"@type\":\"ListItem\",\"position\":2,\"name\":\"B\u00f6lg\u0259\",\"item\":\"https:\\\/\\\/www.meydan.tv\\\/az\\\/section\\\/bolge\\\/\"},{\"@type\":\"ListItem\",\"position\":3,\"name\":\"\u201cBu \u00f6lk\u0259nin yiy\u0259si varm\u0131-yoxmu, ba\u015fa d\u00fc\u015f\u0259 bilmir\u0259m\u201c\"}]},{\"@type\":\"WebSite\",\"@id\":\"https:\\\/\\\/www.meydan.tv\\\/az\\\/#website\",\"url\":\"https:\\\/\\\/www.meydan.tv\\\/az\\\/\",\"name\":\"MEYDAN.TV\",\"description\":\"Meydan TV Az\u0259rbaycan\u0131n media m\u0259kan\u0131ndak\u0131 alternativ s\u0259sidir\",\"publisher\":{\"@id\":\"https:\\\/\\\/www.meydan.tv\\\/az\\\/#organization\"},\"potentialAction\":[{\"@type\":\"SearchAction\",\"target\":{\"@type\":\"EntryPoint\",\"urlTemplate\":\"https:\\\/\\\/www.meydan.tv\\\/az\\\/?s={search_term_string}\"},\"query-input\":{\"@type\":\"PropertyValueSpecification\",\"valueRequired\":true,\"valueName\":\"search_term_string\"}}],\"inLanguage\":\"az\"},{\"@type\":\"Organization\",\"@id\":\"https:\\\/\\\/www.meydan.tv\\\/az\\\/#organization\",\"name\":\"Meydan TV\",\"url\":\"https:\\\/\\\/www.meydan.tv\\\/az\\\/\",\"logo\":{\"@type\":\"ImageObject\",\"inLanguage\":\"az\",\"@id\":\"https:\\\/\\\/www.meydan.tv\\\/az\\\/#\\\/schema\\\/logo\\\/image\\\/\",\"url\":\"https:\\\/\\\/www.meydan.tv\\\/wp-content\\\/uploads\\\/2021\\\/07\\\/meydan-logo.svg\",\"contentUrl\":\"https:\\\/\\\/www.meydan.tv\\\/wp-content\\\/uploads\\\/2021\\\/07\\\/meydan-logo.svg\",\"width\":195,\"height\":46,\"caption\":\"Meydan TV\"},\"image\":{\"@id\":\"https:\\\/\\\/www.meydan.tv\\\/az\\\/#\\\/schema\\\/logo\\\/image\\\/\"}},{\"@type\":\"Person\",\"@id\":\"https:\\\/\\\/www.meydan.tv\\\/az\\\/#\\\/schema\\\/person\\\/10d11eccf6da3662cf5fdab9806ea91a\",\"name\":\"user-manager\"}]}<\/script>\n<!-- \/ Yoast SEO plugin. -->","yoast_head_json":{"title":"\u201cBu \u00f6lk\u0259nin yiy\u0259si varm\u0131-yoxmu, ba\u015fa d\u00fc\u015f\u0259 bilmir\u0259m\u201c - MEYDAN.TV","robots":{"index":"index","follow":"follow","max-snippet":"max-snippet:-1","max-image-preview":"max-image-preview:large","max-video-preview":"max-video-preview:-1"},"canonical":"https:\/\/www.meydan.tv\/az\/article\/bu-olkenin-yiyesi-varmi-yoxmu-basa-duse-bilmirem\/","og_locale":"az_AZ","og_type":"article","og_title":"\u201cBu \u00f6lk\u0259nin yiy\u0259si varm\u0131-yoxmu, ba\u015fa d\u00fc\u015f\u0259 bilmir\u0259m\u201c - MEYDAN.TV","og_description":"Bel\u0259 haqs\u0131zl\u0131q olmaz ax\u0131, x\u0259st\u0259 u\u015faqla \u015eamax\u0131-Bak\u0131 yolunda qalm\u0131\u015fam. M\u0259ni gah ora-gah bura g\u00f6nd\u0259rirl\u0259r.","og_url":"https:\/\/www.meydan.tv\/az\/article\/bu-olkenin-yiyesi-varmi-yoxmu-basa-duse-bilmirem\/","og_site_name":"MEYDAN.TV","article_published_time":"2019-10-24T12:48:26+00:00","og_image":[{"width":1000,"height":555,"url":"https:\/\/www.meydan.tv\/wp-content\/uploads\/copy_of_untitled9.png","type":"image\/png"}],"author":"user-manager","twitter_card":"summary_large_image","schema":{"@context":"https:\/\/schema.org","@graph":[{"@type":"Article","@id":"https:\/\/www.meydan.tv\/az\/article\/bu-olkenin-yiyesi-varmi-yoxmu-basa-duse-bilmirem\/#article","isPartOf":{"@id":"https:\/\/www.meydan.tv\/az\/article\/bu-olkenin-yiyesi-varmi-yoxmu-basa-duse-bilmirem\/"},"author":{"name":"user-manager","@id":"https:\/\/www.meydan.tv\/az\/#\/schema\/person\/10d11eccf6da3662cf5fdab9806ea91a"},"headline":"\u201cBu \u00f6lk\u0259nin yiy\u0259si varm\u0131-yoxmu, ba\u015fa d\u00fc\u015f\u0259 bilmir\u0259m\u201c","datePublished":"2019-10-24T12:48:26+00:00","mainEntityOfPage":{"@id":"https:\/\/www.meydan.tv\/az\/article\/bu-olkenin-yiyesi-varmi-yoxmu-basa-duse-bilmirem\/"},"wordCount":811,"publisher":{"@id":"https:\/\/www.meydan.tv\/az\/#organization"},"image":{"@id":"https:\/\/www.meydan.tv\/az\/article\/bu-olkenin-yiyesi-varmi-yoxmu-basa-duse-bilmirem\/#primaryimage"},"thumbnailUrl":"https:\/\/www.meydan.tv\/wp-content\/uploads\/copy_of_untitled9.png","articleSection":["B\u00f6lg\u0259"],"inLanguage":"az"},{"@type":"WebPage","@id":"https:\/\/www.meydan.tv\/az\/article\/bu-olkenin-yiyesi-varmi-yoxmu-basa-duse-bilmirem\/","url":"https:\/\/www.meydan.tv\/az\/article\/bu-olkenin-yiyesi-varmi-yoxmu-basa-duse-bilmirem\/","name":"\u201cBu \u00f6lk\u0259nin yiy\u0259si varm\u0131-yoxmu, ba\u015fa d\u00fc\u015f\u0259 bilmir\u0259m\u201c - MEYDAN.TV","isPartOf":{"@id":"https:\/\/www.meydan.tv\/az\/#website"},"primaryImageOfPage":{"@id":"https:\/\/www.meydan.tv\/az\/article\/bu-olkenin-yiyesi-varmi-yoxmu-basa-duse-bilmirem\/#primaryimage"},"image":{"@id":"https:\/\/www.meydan.tv\/az\/article\/bu-olkenin-yiyesi-varmi-yoxmu-basa-duse-bilmirem\/#primaryimage"},"thumbnailUrl":"https:\/\/www.meydan.tv\/wp-content\/uploads\/copy_of_untitled9.png","datePublished":"2019-10-24T12:48:26+00:00","breadcrumb":{"@id":"https:\/\/www.meydan.tv\/az\/article\/bu-olkenin-yiyesi-varmi-yoxmu-basa-duse-bilmirem\/#breadcrumb"},"inLanguage":"az","potentialAction":[{"@type":"ReadAction","target":["https:\/\/www.meydan.tv\/az\/article\/bu-olkenin-yiyesi-varmi-yoxmu-basa-duse-bilmirem\/"]}]},{"@type":"ImageObject","inLanguage":"az","@id":"https:\/\/www.meydan.tv\/az\/article\/bu-olkenin-yiyesi-varmi-yoxmu-basa-duse-bilmirem\/#primaryimage","url":"https:\/\/www.meydan.tv\/wp-content\/uploads\/copy_of_untitled9.png","contentUrl":"https:\/\/www.meydan.tv\/wp-content\/uploads\/copy_of_untitled9.png","width":1000,"height":555,"caption":"Source: Specify Source"},{"@type":"BreadcrumbList","@id":"https:\/\/www.meydan.tv\/az\/article\/bu-olkenin-yiyesi-varmi-yoxmu-basa-duse-bilmirem\/#breadcrumb","itemListElement":[{"@type":"ListItem","position":1,"name":"Ana s\u0259hif\u0259","item":"https:\/\/www.meydan.tv\/az\/"},{"@type":"ListItem","position":2,"name":"B\u00f6lg\u0259","item":"https:\/\/www.meydan.tv\/az\/section\/bolge\/"},{"@type":"ListItem","position":3,"name":"\u201cBu \u00f6lk\u0259nin yiy\u0259si varm\u0131-yoxmu, ba\u015fa d\u00fc\u015f\u0259 bilmir\u0259m\u201c"}]},{"@type":"WebSite","@id":"https:\/\/www.meydan.tv\/az\/#website","url":"https:\/\/www.meydan.tv\/az\/","name":"MEYDAN.TV","description":"Meydan TV Az\u0259rbaycan\u0131n media m\u0259kan\u0131ndak\u0131 alternativ s\u0259sidir","publisher":{"@id":"https:\/\/www.meydan.tv\/az\/#organization"},"potentialAction":[{"@type":"SearchAction","target":{"@type":"EntryPoint","urlTemplate":"https:\/\/www.meydan.tv\/az\/?s={search_term_string}"},"query-input":{"@type":"PropertyValueSpecification","valueRequired":true,"valueName":"search_term_string"}}],"inLanguage":"az"},{"@type":"Organization","@id":"https:\/\/www.meydan.tv\/az\/#organization","name":"Meydan TV","url":"https:\/\/www.meydan.tv\/az\/","logo":{"@type":"ImageObject","inLanguage":"az","@id":"https:\/\/www.meydan.tv\/az\/#\/schema\/logo\/image\/","url":"https:\/\/www.meydan.tv\/wp-content\/uploads\/2021\/07\/meydan-logo.svg","contentUrl":"https:\/\/www.meydan.tv\/wp-content\/uploads\/2021\/07\/meydan-logo.svg","width":195,"height":46,"caption":"Meydan TV"},"image":{"@id":"https:\/\/www.meydan.tv\/az\/#\/schema\/logo\/image\/"}},{"@type":"Person","@id":"https:\/\/www.meydan.tv\/az\/#\/schema\/person\/10d11eccf6da3662cf5fdab9806ea91a","name":"user-manager"}]}},"_links":{"self":[{"href":"https:\/\/www.meydan.tv\/az\/wp-json\/wp\/v2\/posts\/197629","targetHints":{"allow":["GET"]}}],"collection":[{"href":"https:\/\/www.meydan.tv\/az\/wp-json\/wp\/v2\/posts"}],"about":[{"href":"https:\/\/www.meydan.tv\/az\/wp-json\/wp\/v2\/types\/post"}],"author":[{"embeddable":true,"href":"https:\/\/www.meydan.tv\/az\/wp-json\/wp\/v2\/users\/11"}],"replies":[{"embeddable":true,"href":"https:\/\/www.meydan.tv\/az\/wp-json\/wp\/v2\/comments?post=197629"}],"version-history":[{"count":0,"href":"https:\/\/www.meydan.tv\/az\/wp-json\/wp\/v2\/posts\/197629\/revisions"}],"wp:featuredmedia":[{"embeddable":true,"href":"https:\/\/www.meydan.tv\/az\/wp-json\/wp\/v2\/media\/132032"}],"wp:attachment":[{"href":"https:\/\/www.meydan.tv\/az\/wp-json\/wp\/v2\/media?parent=197629"}],"wp:term":[{"taxonomy":"category","embeddable":true,"href":"https:\/\/www.meydan.tv\/az\/wp-json\/wp\/v2\/categories?post=197629"},{"taxonomy":"post_tag","embeddable":true,"href":"https:\/\/www.meydan.tv\/az\/wp-json\/wp\/v2\/tags?post=197629"}],"curies":[{"name":"wp","href":"https:\/\/api.w.org\/{rel}","templated":true}]}}