{"id":197624,"date":"2019-10-23T20:42:19","date_gmt":"2019-10-23T20:42:19","guid":{"rendered":"https:\/\/www.meydan.tv\/article\/ingiltere-polisi-yuk-masininda-39-neferin-cesedini-askar-edib\/"},"modified":"2019-10-23T20:42:19","modified_gmt":"2019-10-23T20:42:19","slug":"ingiltere-polisi-yuk-masininda-39-neferin-cesedini-askar-edib","status":"publish","type":"post","link":"https:\/\/www.meydan.tv\/az\/article\/ingiltere-polisi-yuk-masininda-39-neferin-cesedini-askar-edib\/","title":{"rendered":"\u0130ngilt\u0259r\u0259 polisi y\u00fck ma\u015f\u0131n\u0131nda 39 n\u0259f\u0259rin c\u0259s\u0259dini a\u015fkar edib"},"content":{"rendered":"<p>\n  <i><br \/>\n    Y\u00fck ma\u015f\u0131n\u0131n\u0131n Bolqar\u0131standan g\u0259ldiyi deyilir<br \/>\n  <\/i>\n<\/p>\n<p>\n  \u0130ngilt\u0259r\u0259 polisi \u00e7\u0259r\u015f\u0259nb\u0259 g\u00fcn\u00fc London yax\u0131nl\u0131\u011f\u0131ndak\u0131 bir s\u0259naye obyektind\u0259 Bolqar\u0131standan g\u0259ldiyi qeyd edil\u0259n y\u00fck ma\u015f\u0131n\u0131n\u0131n i\u00e7\u0259risind\u0259 39 n\u0259f\u0259rin c\u0259s\u0259dini tap\u0131b. \u201cReuters\u201d x\u0259b\u0259r verir ki, s\u00fcr\u00fcc\u00fc q\u0259tld\u0259 \u015f\u00fcbh\u0259li \u015f\u0259xs olaraq g\u00f6z alt\u0131na al\u0131n\u0131b.\n<\/p>\n<p>\n  38 b\u00f6y\u00fck v\u0259 bir yeniyetm\u0259nin c\u0259s\u0259di Londonun m\u0259rk\u0259zind\u0259n t\u0259xmin\u0259n 32 km \u015f\u0259rqd\u0259 yerl\u0259\u015f\u0259n Qreysd\u0259ki s\u0259naye sah\u0259sind\u0259 duran bir y\u00fck ma\u015f\u0131n\u0131n konteynerind\u0259 tap\u0131l\u0131b.\n<\/p>\n<p>\n  Polisin verdiyi m\u0259lumata g\u00f6r\u0259 y\u00fck ma\u015f\u0131n\u0131 \u015f\u0259nb\u0259 g\u00fcn\u00fc \u0130rlandiyadan \u00f6lk\u0259y\u0259 \u0259sas giri\u015f n\u00f6qt\u0259si olan \u015eimali Uels liman\u0131 \u201cHolyhead\u201d-\u0259 daxil olub. Y\u00fck ma\u015f\u0131n\u0131n\u0131n \u00e7\u0131x\u0131\u015f n\u00f6qt\u0259sinin Bolqar\u0131stan oldu\u011fu qeyd edilir. Ma\u015f\u0131n\u0131n s\u00fcr\u00fcc\u00fcs\u00fc \u015eimali \u0130rlandiyadan olan 25 ya\u015fl\u0131 bir n\u0259f\u0259rdir.\n<\/p>\n<p>\n  Ba\u015f nazir Boris Conson (Johnson) bu x\u0259b\u0259rd\u0259n k\u0259d\u0259rl\u0259ndiyini v\u0259 istintaqla ba\u011fl\u0131 m\u00fct\u0259madi olaraq yenilikl\u0259r ald\u0131\u011f\u0131n\u0131 deyib.\n<\/p>\n<p>\n  \u201cBiz bu ticar\u0259tin davam etdiyini bilirik. \u0130nsan alveri il\u0259 m\u0259\u015f\u011ful olanlar\u0131n ham\u0131s\u0131 saxlan\u0131lmal\u0131 v\u0259 m\u0259suliyy\u0259t\u0259 c\u0259lb edilm\u0259lidir,\u201d o deyib.\n<\/p>\n<p>\n  T\u0259cili yard\u0131m xidm\u0259tl\u0259ri Temza \u00e7ay\u0131 sahilind\u0259ki limanlardan uzaq olmayan Waterglade S\u0259naye Park\u0131na \u00e7a\u011fr\u0131ld\u0131qdan sonra konteynerd\u0259 olanlar\u0131n ham\u0131s\u0131n\u0131n \u00f6l\u00fc oldu\u011fu bildirilib.\n<\/p>\n<p>\n  Bolqar\u0131stan Xarici \u0130\u015fl\u0259r Nazirliyi hadis\u0259 il\u0259 ba\u011fl\u0131 \u0130ngilt\u0259r\u0259 hakimiyy\u0259ti il\u0259 \u0259laq\u0259 saxlad\u0131\u011f\u0131n\u0131 deyib.\n<\/p>\n<p>\n  Xarici \u0130\u015fl\u0259r Nazirliyinin s\u00f6zc\u00fcs\u00fc: \u201cHaz\u0131rda y\u00fck ma\u015f\u0131n\u0131n\u0131n Bolqar\u0131standa qeydiyyat\u0131 olub-olmad\u0131\u011f\u0131 m\u0259lum deyil. Y\u00fck ma\u015f\u0131nda olan c\u0259s\u0259dl\u0259rin milliyy\u0259tin\u0259 dair h\u0259r hans\u0131 bir m\u0259lumat da yoxdur. Britaniya polisi qeyd edib ki, c\u0259s\u0259dl\u0259rin m\u00fc\u0259yy\u0259nl\u0259\u015fdirilm\u0259si zaman alacaq\u201d.\n<\/p>\n<p>\n  Ba\u015f nazir Leo Varadkar deyib ki, y\u00fck ma\u015f\u0131n\u0131n\u0131n \u0130rlandiyadan ke\u00e7diyi s\u00fcbut edil\u0259rs\u0259, laz\u0131ml\u0131 ara\u015fd\u0131rmalar apar\u0131lacaq.\n<\/p>\n<p>\n  Polis \u0259m\u0259kda\u015flar\u0131 \u0259razid\u0259ki q\u0131rm\u0131z\u0131 y\u00fck ma\u015f\u0131n\u0131nda iri a\u011f konteyner\u0259 bax\u0131\u015f ke\u00e7iribl\u0259r. \u018frazi polis t\u0259r\u0259find\u0259n ara\u015fd\u0131rma aparmaq \u00fc\u00e7\u00fcn n\u0259zar\u0259t\u0259 g\u00f6t\u00fcr\u00fcb.\n<\/p>\n<p>\n  \u201cBu m\u0259rh\u0259l\u0259d\u0259 biz qurbanlar\u0131n haradan oldu\u011funu v\u0259 ya kimliyini m\u00fc\u0259yy\u0259nl\u0259\u015fdirm\u0259dik. Bu, uzun proses ola bil\u0259r\u201d,- Essex polis m\u00fcavini Pippa Mills deyib: \u201cBu, m\u00fctl\u0259q bir faci\u0259dir\u201d.\n<\/p>\n<p>\n  Mills deyib ki, qurbanlar\u0131n kim oldu\u011funu \u00f6yr\u0259nm\u0259k onlar\u0131n \u0259sas prioritetidir. Dig\u0259r bir \u00f6n\u0259mli m\u0259s\u0259l\u0259 is\u0259 y\u00fck ma\u015f\u0131n\u0131n\u0131n Bolqar\u0131standan \u0130rlandiyaya, daha sonra \u0130ngilt\u0259r\u0259y\u0259 nec\u0259 ke\u00e7diyini m\u00fc\u0259yy\u0259n etm\u0259kdir.\n<\/p>\n<p>\n  Yax\u0131nl\u0131qdak\u0131 m\u00fc\u0259ssis\u0259l\u0259r geni\u015f polis kordonu s\u0259b\u0259biyl\u0259 \u0259razid\u0259ki \u0259mlaklar\u0131na giri\u015f \u0259ld\u0259 ed\u0259 bilm\u0259dikl\u0259rini deyirl\u0259r.\n<\/p>\n<p>\n  \u201cPolis gec\u0259 g\u0259ldi v\u0259 b\u00fct\u00fcn \u0259razini ba\u011flad\u0131,\u201d yax\u0131nl\u0131qdak\u0131 bir kafed\u0259 \u00e7al\u0131\u015fan v\u0259 ad\u0131n\u0131 verm\u0259kd\u0259n imtina ed\u0259n bir i\u015f\u00e7i deyib.\n<\/p>\n<p>\n  \u0130ll\u0259rdir qeyri-qanuni m\u00fchacirl\u0259r y\u00fck ma\u015f\u0131nlar\u0131n\u0131n arxas\u0131nda Birl\u0259\u015fmi\u015f Krall\u0131\u011fa g\u0259lm\u0259y\u0259 \u00e7al\u0131\u015f\u0131rlar.\n<\/p>\n<p>\n  Britaniyan\u0131n 2000-ci ild\u0259 \u0259n b\u00f6y\u00fck qanunsuz immiqrant faci\u0259sind\u0259 g\u00f6mr\u00fck\u00e7\u00fcl\u0259r 58 \u00e7inlinin c\u0259s\u0259dini c\u0259nub Dover liman\u0131nda bir pomidor y\u00fck ma\u015f\u0131n\u0131na y\u0131\u011f\u0131lm\u0131\u015f \u015f\u0259kild\u0259 tapm\u0131\u015fd\u0131lar.\n<\/p>\n<p>\n  M\u00fcxalif Leyborist Partiyas\u0131n\u0131n lideri Ceremi Korbin (Jeremy Corbyn) deyib ki, son \u00f6l\u00fcml\u0259r inan\u0131lmaz insan faci\u0259sidir v\u0259 bu faci\u0259y\u0259 hakimiyy\u0259t t\u0259r\u0259find\u0259n cavab verilm\u0259lidir.\n<\/p>\n<p>\n  \u201cYaln\u0131z bir anl\u0131q d\u00fc\u015f\u00fcn\u0259 bil\u0259rikmi bu 39 n\u0259f\u0259rin h\u0259yat\u0131 a\u00e7\u0131q-ayd\u0131n \u00e7\u0131x\u0131lmaz v\u0259 t\u0259hl\u00fck\u0259li bir v\u0259ziyy\u0259td\u0259 nec\u0259 sona \u00e7at\u0131b? Onlar\u0131n bir konteynerd\u0259 bo\u011fularaq \u00f6lm\u0259si nec\u0259 ola bil\u0259r? \u201d &#8211; o deyib.<\/p>\n","protected":false},"excerpt":{"rendered":"<p>T\u0259cili yard\u0131m xidm\u0259tl\u0259ri Temza \u00e7ay\u0131 sahilind\u0259ki limanlardan uzaq olmayan Waterglade S\u0259naye Park\u0131na \u00e7a\u011fr\u0131ld\u0131qdan sonra konteynerd\u0259 olanlar\u0131n ham\u0131s\u0131n\u0131n \u00f6l\u00fc oldu\u011fu bildirilib.<\/p>\n","protected":false},"author":11,"featured_media":132014,"comment_status":"closed","ping_status":"open","sticky":false,"template":"","format":"standard","meta":{"_acf_changed":false,"_sitemap_exclude":false,"_sitemap_priority":"","_sitemap_frequency":"","footnotes":""},"categories":[64],"tags":[],"class_list":["post-197624","post","type-post","status-publish","format-standard","has-post-thumbnail","hentry","category-dunya","infinite-scroll-item","generate-columns","tablet-grid-50","mobile-grid-100","grid-parent","grid-33","no-featured-image-padding"],"acf":[],"yoast_head":"<!-- This site is optimized with the Yoast SEO plugin v27.5 - https:\/\/yoast.com\/product\/yoast-seo-wordpress\/ -->\n<title>\u0130ngilt\u0259r\u0259 polisi y\u00fck ma\u015f\u0131n\u0131nda 39 n\u0259f\u0259rin c\u0259s\u0259dini a\u015fkar edib - MEYDAN.TV<\/title>\n<meta name=\"robots\" content=\"index, follow, max-snippet:-1, max-image-preview:large, max-video-preview:-1\" \/>\n<link rel=\"canonical\" href=\"https:\/\/www.meydan.tv\/az\/article\/ingiltere-polisi-yuk-masininda-39-neferin-cesedini-askar-edib\/\" \/>\n<meta property=\"og:locale\" content=\"az_AZ\" \/>\n<meta property=\"og:type\" content=\"article\" \/>\n<meta property=\"og:title\" content=\"\u0130ngilt\u0259r\u0259 polisi y\u00fck ma\u015f\u0131n\u0131nda 39 n\u0259f\u0259rin c\u0259s\u0259dini a\u015fkar edib - MEYDAN.TV\" \/>\n<meta property=\"og:description\" content=\"T\u0259cili yard\u0131m xidm\u0259tl\u0259ri Temza \u00e7ay\u0131 sahilind\u0259ki limanlardan uzaq olmayan Waterglade S\u0259naye Park\u0131na \u00e7a\u011fr\u0131ld\u0131qdan sonra konteynerd\u0259 olanlar\u0131n ham\u0131s\u0131n\u0131n \u00f6l\u00fc oldu\u011fu bildirilib.\" \/>\n<meta property=\"og:url\" content=\"https:\/\/www.meydan.tv\/az\/article\/ingiltere-polisi-yuk-masininda-39-neferin-cesedini-askar-edib\/\" \/>\n<meta property=\"og:site_name\" content=\"MEYDAN.TV\" \/>\n<meta property=\"article:published_time\" content=\"2019-10-23T20:42:19+00:00\" \/>\n<meta property=\"og:image\" content=\"https:\/\/www.meydan.tv\/wp-content\/uploads\/63066506.jpg\" \/>\n\t<meta property=\"og:image:width\" content=\"847\" \/>\n\t<meta property=\"og:image:height\" content=\"480\" \/>\n\t<meta property=\"og:image:type\" content=\"image\/jpeg\" \/>\n<meta name=\"author\" content=\"user-manager\" \/>\n<meta name=\"twitter:card\" content=\"summary_large_image\" \/>\n<script type=\"application\/ld+json\" class=\"yoast-schema-graph\">{\"@context\":\"https:\\\/\\\/schema.org\",\"@graph\":[{\"@type\":\"Article\",\"@id\":\"https:\\\/\\\/www.meydan.tv\\\/az\\\/article\\\/ingiltere-polisi-yuk-masininda-39-neferin-cesedini-askar-edib\\\/#article\",\"isPartOf\":{\"@id\":\"https:\\\/\\\/www.meydan.tv\\\/az\\\/article\\\/ingiltere-polisi-yuk-masininda-39-neferin-cesedini-askar-edib\\\/\"},\"author\":{\"name\":\"user-manager\",\"@id\":\"https:\\\/\\\/www.meydan.tv\\\/az\\\/#\\\/schema\\\/person\\\/10d11eccf6da3662cf5fdab9806ea91a\"},\"headline\":\"\u0130ngilt\u0259r\u0259 polisi y\u00fck ma\u015f\u0131n\u0131nda 39 n\u0259f\u0259rin c\u0259s\u0259dini a\u015fkar edib\",\"datePublished\":\"2019-10-23T20:42:19+00:00\",\"mainEntityOfPage\":{\"@id\":\"https:\\\/\\\/www.meydan.tv\\\/az\\\/article\\\/ingiltere-polisi-yuk-masininda-39-neferin-cesedini-askar-edib\\\/\"},\"wordCount\":707,\"publisher\":{\"@id\":\"https:\\\/\\\/www.meydan.tv\\\/az\\\/#organization\"},\"image\":{\"@id\":\"https:\\\/\\\/www.meydan.tv\\\/az\\\/article\\\/ingiltere-polisi-yuk-masininda-39-neferin-cesedini-askar-edib\\\/#primaryimage\"},\"thumbnailUrl\":\"https:\\\/\\\/www.meydan.tv\\\/wp-content\\\/uploads\\\/63066506.jpg\",\"articleSection\":[\"D\u00fcnya\"],\"inLanguage\":\"az\"},{\"@type\":\"WebPage\",\"@id\":\"https:\\\/\\\/www.meydan.tv\\\/az\\\/article\\\/ingiltere-polisi-yuk-masininda-39-neferin-cesedini-askar-edib\\\/\",\"url\":\"https:\\\/\\\/www.meydan.tv\\\/az\\\/article\\\/ingiltere-polisi-yuk-masininda-39-neferin-cesedini-askar-edib\\\/\",\"name\":\"\u0130ngilt\u0259r\u0259 polisi y\u00fck ma\u015f\u0131n\u0131nda 39 n\u0259f\u0259rin c\u0259s\u0259dini a\u015fkar edib - MEYDAN.TV\",\"isPartOf\":{\"@id\":\"https:\\\/\\\/www.meydan.tv\\\/az\\\/#website\"},\"primaryImageOfPage\":{\"@id\":\"https:\\\/\\\/www.meydan.tv\\\/az\\\/article\\\/ingiltere-polisi-yuk-masininda-39-neferin-cesedini-askar-edib\\\/#primaryimage\"},\"image\":{\"@id\":\"https:\\\/\\\/www.meydan.tv\\\/az\\\/article\\\/ingiltere-polisi-yuk-masininda-39-neferin-cesedini-askar-edib\\\/#primaryimage\"},\"thumbnailUrl\":\"https:\\\/\\\/www.meydan.tv\\\/wp-content\\\/uploads\\\/63066506.jpg\",\"datePublished\":\"2019-10-23T20:42:19+00:00\",\"breadcrumb\":{\"@id\":\"https:\\\/\\\/www.meydan.tv\\\/az\\\/article\\\/ingiltere-polisi-yuk-masininda-39-neferin-cesedini-askar-edib\\\/#breadcrumb\"},\"inLanguage\":\"az\",\"potentialAction\":[{\"@type\":\"ReadAction\",\"target\":[\"https:\\\/\\\/www.meydan.tv\\\/az\\\/article\\\/ingiltere-polisi-yuk-masininda-39-neferin-cesedini-askar-edib\\\/\"]}]},{\"@type\":\"ImageObject\",\"inLanguage\":\"az\",\"@id\":\"https:\\\/\\\/www.meydan.tv\\\/az\\\/article\\\/ingiltere-polisi-yuk-masininda-39-neferin-cesedini-askar-edib\\\/#primaryimage\",\"url\":\"https:\\\/\\\/www.meydan.tv\\\/wp-content\\\/uploads\\\/63066506.jpg\",\"contentUrl\":\"https:\\\/\\\/www.meydan.tv\\\/wp-content\\\/uploads\\\/63066506.jpg\",\"width\":847,\"height\":480,\"caption\":\"Source: Foto: Reuters\"},{\"@type\":\"BreadcrumbList\",\"@id\":\"https:\\\/\\\/www.meydan.tv\\\/az\\\/article\\\/ingiltere-polisi-yuk-masininda-39-neferin-cesedini-askar-edib\\\/#breadcrumb\",\"itemListElement\":[{\"@type\":\"ListItem\",\"position\":1,\"name\":\"Ana s\u0259hif\u0259\",\"item\":\"https:\\\/\\\/www.meydan.tv\\\/az\\\/\"},{\"@type\":\"ListItem\",\"position\":2,\"name\":\"D\u00fcnya\",\"item\":\"https:\\\/\\\/www.meydan.tv\\\/az\\\/section\\\/dunya\\\/\"},{\"@type\":\"ListItem\",\"position\":3,\"name\":\"\u0130ngilt\u0259r\u0259 polisi y\u00fck ma\u015f\u0131n\u0131nda 39 n\u0259f\u0259rin c\u0259s\u0259dini a\u015fkar edib\"}]},{\"@type\":\"WebSite\",\"@id\":\"https:\\\/\\\/www.meydan.tv\\\/az\\\/#website\",\"url\":\"https:\\\/\\\/www.meydan.tv\\\/az\\\/\",\"name\":\"MEYDAN.TV\",\"description\":\"Meydan TV Az\u0259rbaycan\u0131n media m\u0259kan\u0131ndak\u0131 alternativ s\u0259sidir\",\"publisher\":{\"@id\":\"https:\\\/\\\/www.meydan.tv\\\/az\\\/#organization\"},\"potentialAction\":[{\"@type\":\"SearchAction\",\"target\":{\"@type\":\"EntryPoint\",\"urlTemplate\":\"https:\\\/\\\/www.meydan.tv\\\/az\\\/?s={search_term_string}\"},\"query-input\":{\"@type\":\"PropertyValueSpecification\",\"valueRequired\":true,\"valueName\":\"search_term_string\"}}],\"inLanguage\":\"az\"},{\"@type\":\"Organization\",\"@id\":\"https:\\\/\\\/www.meydan.tv\\\/az\\\/#organization\",\"name\":\"Meydan TV\",\"url\":\"https:\\\/\\\/www.meydan.tv\\\/az\\\/\",\"logo\":{\"@type\":\"ImageObject\",\"inLanguage\":\"az\",\"@id\":\"https:\\\/\\\/www.meydan.tv\\\/az\\\/#\\\/schema\\\/logo\\\/image\\\/\",\"url\":\"https:\\\/\\\/www.meydan.tv\\\/wp-content\\\/uploads\\\/2021\\\/07\\\/meydan-logo.svg\",\"contentUrl\":\"https:\\\/\\\/www.meydan.tv\\\/wp-content\\\/uploads\\\/2021\\\/07\\\/meydan-logo.svg\",\"width\":195,\"height\":46,\"caption\":\"Meydan TV\"},\"image\":{\"@id\":\"https:\\\/\\\/www.meydan.tv\\\/az\\\/#\\\/schema\\\/logo\\\/image\\\/\"}},{\"@type\":\"Person\",\"@id\":\"https:\\\/\\\/www.meydan.tv\\\/az\\\/#\\\/schema\\\/person\\\/10d11eccf6da3662cf5fdab9806ea91a\",\"name\":\"user-manager\"}]}<\/script>\n<!-- \/ Yoast SEO plugin. -->","yoast_head_json":{"title":"\u0130ngilt\u0259r\u0259 polisi y\u00fck ma\u015f\u0131n\u0131nda 39 n\u0259f\u0259rin c\u0259s\u0259dini a\u015fkar edib - MEYDAN.TV","robots":{"index":"index","follow":"follow","max-snippet":"max-snippet:-1","max-image-preview":"max-image-preview:large","max-video-preview":"max-video-preview:-1"},"canonical":"https:\/\/www.meydan.tv\/az\/article\/ingiltere-polisi-yuk-masininda-39-neferin-cesedini-askar-edib\/","og_locale":"az_AZ","og_type":"article","og_title":"\u0130ngilt\u0259r\u0259 polisi y\u00fck ma\u015f\u0131n\u0131nda 39 n\u0259f\u0259rin c\u0259s\u0259dini a\u015fkar edib - MEYDAN.TV","og_description":"T\u0259cili yard\u0131m xidm\u0259tl\u0259ri Temza \u00e7ay\u0131 sahilind\u0259ki limanlardan uzaq olmayan Waterglade S\u0259naye Park\u0131na \u00e7a\u011fr\u0131ld\u0131qdan sonra konteynerd\u0259 olanlar\u0131n ham\u0131s\u0131n\u0131n \u00f6l\u00fc oldu\u011fu bildirilib.","og_url":"https:\/\/www.meydan.tv\/az\/article\/ingiltere-polisi-yuk-masininda-39-neferin-cesedini-askar-edib\/","og_site_name":"MEYDAN.TV","article_published_time":"2019-10-23T20:42:19+00:00","og_image":[{"width":847,"height":480,"url":"https:\/\/www.meydan.tv\/wp-content\/uploads\/63066506.jpg","type":"image\/jpeg"}],"author":"user-manager","twitter_card":"summary_large_image","schema":{"@context":"https:\/\/schema.org","@graph":[{"@type":"Article","@id":"https:\/\/www.meydan.tv\/az\/article\/ingiltere-polisi-yuk-masininda-39-neferin-cesedini-askar-edib\/#article","isPartOf":{"@id":"https:\/\/www.meydan.tv\/az\/article\/ingiltere-polisi-yuk-masininda-39-neferin-cesedini-askar-edib\/"},"author":{"name":"user-manager","@id":"https:\/\/www.meydan.tv\/az\/#\/schema\/person\/10d11eccf6da3662cf5fdab9806ea91a"},"headline":"\u0130ngilt\u0259r\u0259 polisi y\u00fck ma\u015f\u0131n\u0131nda 39 n\u0259f\u0259rin c\u0259s\u0259dini a\u015fkar edib","datePublished":"2019-10-23T20:42:19+00:00","mainEntityOfPage":{"@id":"https:\/\/www.meydan.tv\/az\/article\/ingiltere-polisi-yuk-masininda-39-neferin-cesedini-askar-edib\/"},"wordCount":707,"publisher":{"@id":"https:\/\/www.meydan.tv\/az\/#organization"},"image":{"@id":"https:\/\/www.meydan.tv\/az\/article\/ingiltere-polisi-yuk-masininda-39-neferin-cesedini-askar-edib\/#primaryimage"},"thumbnailUrl":"https:\/\/www.meydan.tv\/wp-content\/uploads\/63066506.jpg","articleSection":["D\u00fcnya"],"inLanguage":"az"},{"@type":"WebPage","@id":"https:\/\/www.meydan.tv\/az\/article\/ingiltere-polisi-yuk-masininda-39-neferin-cesedini-askar-edib\/","url":"https:\/\/www.meydan.tv\/az\/article\/ingiltere-polisi-yuk-masininda-39-neferin-cesedini-askar-edib\/","name":"\u0130ngilt\u0259r\u0259 polisi y\u00fck ma\u015f\u0131n\u0131nda 39 n\u0259f\u0259rin c\u0259s\u0259dini a\u015fkar edib - MEYDAN.TV","isPartOf":{"@id":"https:\/\/www.meydan.tv\/az\/#website"},"primaryImageOfPage":{"@id":"https:\/\/www.meydan.tv\/az\/article\/ingiltere-polisi-yuk-masininda-39-neferin-cesedini-askar-edib\/#primaryimage"},"image":{"@id":"https:\/\/www.meydan.tv\/az\/article\/ingiltere-polisi-yuk-masininda-39-neferin-cesedini-askar-edib\/#primaryimage"},"thumbnailUrl":"https:\/\/www.meydan.tv\/wp-content\/uploads\/63066506.jpg","datePublished":"2019-10-23T20:42:19+00:00","breadcrumb":{"@id":"https:\/\/www.meydan.tv\/az\/article\/ingiltere-polisi-yuk-masininda-39-neferin-cesedini-askar-edib\/#breadcrumb"},"inLanguage":"az","potentialAction":[{"@type":"ReadAction","target":["https:\/\/www.meydan.tv\/az\/article\/ingiltere-polisi-yuk-masininda-39-neferin-cesedini-askar-edib\/"]}]},{"@type":"ImageObject","inLanguage":"az","@id":"https:\/\/www.meydan.tv\/az\/article\/ingiltere-polisi-yuk-masininda-39-neferin-cesedini-askar-edib\/#primaryimage","url":"https:\/\/www.meydan.tv\/wp-content\/uploads\/63066506.jpg","contentUrl":"https:\/\/www.meydan.tv\/wp-content\/uploads\/63066506.jpg","width":847,"height":480,"caption":"Source: Foto: Reuters"},{"@type":"BreadcrumbList","@id":"https:\/\/www.meydan.tv\/az\/article\/ingiltere-polisi-yuk-masininda-39-neferin-cesedini-askar-edib\/#breadcrumb","itemListElement":[{"@type":"ListItem","position":1,"name":"Ana s\u0259hif\u0259","item":"https:\/\/www.meydan.tv\/az\/"},{"@type":"ListItem","position":2,"name":"D\u00fcnya","item":"https:\/\/www.meydan.tv\/az\/section\/dunya\/"},{"@type":"ListItem","position":3,"name":"\u0130ngilt\u0259r\u0259 polisi y\u00fck ma\u015f\u0131n\u0131nda 39 n\u0259f\u0259rin c\u0259s\u0259dini a\u015fkar edib"}]},{"@type":"WebSite","@id":"https:\/\/www.meydan.tv\/az\/#website","url":"https:\/\/www.meydan.tv\/az\/","name":"MEYDAN.TV","description":"Meydan TV Az\u0259rbaycan\u0131n media m\u0259kan\u0131ndak\u0131 alternativ s\u0259sidir","publisher":{"@id":"https:\/\/www.meydan.tv\/az\/#organization"},"potentialAction":[{"@type":"SearchAction","target":{"@type":"EntryPoint","urlTemplate":"https:\/\/www.meydan.tv\/az\/?s={search_term_string}"},"query-input":{"@type":"PropertyValueSpecification","valueRequired":true,"valueName":"search_term_string"}}],"inLanguage":"az"},{"@type":"Organization","@id":"https:\/\/www.meydan.tv\/az\/#organization","name":"Meydan TV","url":"https:\/\/www.meydan.tv\/az\/","logo":{"@type":"ImageObject","inLanguage":"az","@id":"https:\/\/www.meydan.tv\/az\/#\/schema\/logo\/image\/","url":"https:\/\/www.meydan.tv\/wp-content\/uploads\/2021\/07\/meydan-logo.svg","contentUrl":"https:\/\/www.meydan.tv\/wp-content\/uploads\/2021\/07\/meydan-logo.svg","width":195,"height":46,"caption":"Meydan TV"},"image":{"@id":"https:\/\/www.meydan.tv\/az\/#\/schema\/logo\/image\/"}},{"@type":"Person","@id":"https:\/\/www.meydan.tv\/az\/#\/schema\/person\/10d11eccf6da3662cf5fdab9806ea91a","name":"user-manager"}]}},"_links":{"self":[{"href":"https:\/\/www.meydan.tv\/az\/wp-json\/wp\/v2\/posts\/197624","targetHints":{"allow":["GET"]}}],"collection":[{"href":"https:\/\/www.meydan.tv\/az\/wp-json\/wp\/v2\/posts"}],"about":[{"href":"https:\/\/www.meydan.tv\/az\/wp-json\/wp\/v2\/types\/post"}],"author":[{"embeddable":true,"href":"https:\/\/www.meydan.tv\/az\/wp-json\/wp\/v2\/users\/11"}],"replies":[{"embeddable":true,"href":"https:\/\/www.meydan.tv\/az\/wp-json\/wp\/v2\/comments?post=197624"}],"version-history":[{"count":0,"href":"https:\/\/www.meydan.tv\/az\/wp-json\/wp\/v2\/posts\/197624\/revisions"}],"wp:featuredmedia":[{"embeddable":true,"href":"https:\/\/www.meydan.tv\/az\/wp-json\/wp\/v2\/media\/132014"}],"wp:attachment":[{"href":"https:\/\/www.meydan.tv\/az\/wp-json\/wp\/v2\/media?parent=197624"}],"wp:term":[{"taxonomy":"category","embeddable":true,"href":"https:\/\/www.meydan.tv\/az\/wp-json\/wp\/v2\/categories?post=197624"},{"taxonomy":"post_tag","embeddable":true,"href":"https:\/\/www.meydan.tv\/az\/wp-json\/wp\/v2\/tags?post=197624"}],"curies":[{"name":"wp","href":"https:\/\/api.w.org\/{rel}","templated":true}]}}