{"id":197605,"date":"2019-10-22T20:00:25","date_gmt":"2019-10-22T20:00:25","guid":{"rendered":"https:\/\/www.meydan.tv\/article\/kataloniya-ozunun-muqedderatini-teyin-etmek-ucun-ispaniyani-danisiqlara-cagirir\/"},"modified":"2019-10-22T20:00:25","modified_gmt":"2019-10-22T20:00:25","slug":"kataloniya-ozunun-muqedderatini-teyin-etmek-ucun-ispaniyani-danisiqlara-cagirir","status":"publish","type":"post","link":"https:\/\/www.meydan.tv\/az\/article\/kataloniya-ozunun-muqedderatini-teyin-etmek-ucun-ispaniyani-danisiqlara-cagirir\/","title":{"rendered":"Kataloniya \u00f6z\u00fcn\u00fcn m\u00fcq\u0259dd\u0259rat\u0131n\u0131 t\u0259yin etm\u0259k \u00fc\u00e7\u00fcn \u0130spaniyan\u0131 dan\u0131\u015f\u0131qlara \u00e7a\u011f\u0131r\u0131r"},"content":{"rendered":"<p>\n  \u0130spaniyan\u0131n \u0259sas partiyalar\u0131 m\u00fcst\u0259qillik referendumuna \u00e7a\u011f\u0131r\u0131\u015flar\u0131n\u0131 ard\u0131c\u0131l olaraq r\u0259dd edir\n<\/p>\n<p>\n  Kataloniyan\u0131n regional h\u00f6kum\u0259t lideri \u00e7\u0259r\u015f\u0259nb\u0259 ax\u015fam\u0131 Madridi b\u00f6lg\u0259nin m\u00fcq\u0259ddarat\u0131n\u0131 t\u0259yin etm\u0259k \u00fc\u00e7\u00fcn dan\u0131\u015f\u0131qlar aparma\u011fa \u00e7a\u011f\u0131r\u0131b, &#8211; \u201cReuters\u201d x\u0259b\u0259r verir.\n<\/p>\n<p>\n  \u201cHe\u00e7 kim bu \u00f6lk\u0259y\u0259 v\u0259t\u0259nda\u015flar\u0131n\u0131n ist\u0259diyi \u015f\u0259kild\u0259 ir\u0259lil\u0259m\u0259y\u0259 davam etm\u0259sin\u0259 mane olmayacaq &#8230; Biz h\u0259mi\u015f\u0259 Kataloniyada \u00f6z m\u00fcq\u0259dd\u0259rat\u0131n\u0131 t\u0259yinetm\u0259 h\u00fcququnu m\u00fcdafi\u0259 ed\u0259c\u0259yik,\u201d &#8211; m\u00fcst\u0259qillik t\u0259r\u0259fdar\u0131 Quim Torra m\u0259tbuat konfrans\u0131nda qeyd edib.\n<\/p>\n<p>\n  Kataloniyan\u0131n \u0130spaniyadan ayr\u0131lmas\u0131n\u0131n t\u0259r\u0259fdarlar\u0131 tez-tez \u201c\u00f6z m\u00fcq\u0259dd\u0259rat\u0131n\u0131 t\u0259yin etm\u0259\u201d ifad\u0259sind\u0259n istifad\u0259 edirl\u0259r. Kataloniya yeddi gec\u0259 etiraz aksiyalar\u0131na \u015fahidlik edib. Bundan \u00f6nc\u0259 is\u0259 doqquz katalon separat\u00e7\u0131 lideri m\u00fcst\u0259qillik referendumuna t\u0259\u015fviq etdiyi \u00fc\u00e7\u00fcn m\u0259hkum edilib.\n<\/p>\n<p>\n  \u00d6lk\u0259d\u0259 bazar g\u00fcn\u00fcnd\u0259n etibar\u0259n v\u0259ziyy\u0259t sakitl\u0259\u015fib, lakin Respublika M\u00fcdafi\u0259si Komit\u0259si (CDR) \u00e7\u0259r\u015f\u0259nb\u0259 ax\u015fam\u0131 Barselonan\u0131n m\u0259rk\u0259zind\u0259 ba\u015fqa bir mitinq\u0259 \u00e7a\u011f\u0131r\u0131\u015f edib.\n<\/p>\n<p>\n  \u0130spaniyan\u0131n \u0259sas partiyalar\u0131 m\u00fcst\u0259qillik referendumuna \u00e7a\u011f\u0131r\u0131\u015flar\u0131n\u0131 ard\u0131c\u0131l olaraq r\u0259dd edir. Ba\u015f nazir v\u0259zif\u0259sini icra ed\u0259n Pedro San\u00e7es (Sanchez) bazar ert\u0259si g\u00fcn\u00fc Kataloniyaya s\u0259f\u0259r edib v\u0259 Torran\u0131 b\u00f6lg\u0259d\u0259 nizam\u0131 b\u0259rpa etm\u0259k, etirazlar\u0131 yat\u0131rtmaq v\u0259zif\u0259sini icra etm\u0259m\u0259kd\u0259 g\u00fcnahland\u0131r\u0131b.\n<\/p>\n<p>\n  Torra San\u00e7esi \u00e7\u0259r\u015f\u0259nb\u0259 ax\u015fam\u0131 qeyri-\u015f\u0259rtsiz dialoqa getm\u0259y\u0259 \u00e7a\u011f\u0131r\u0131b. O qeyd edib ki, katalon h\u00f6kum\u0259ti bununla \u00f6z m\u00fcq\u0259ddarat\u0131n\u0131 t\u0259yin ed\u0259c\u0259k.\n<\/p>\n<p>\n  Kataloniyadak\u0131 etirazlar n\u00f6vb\u0259ti ay t\u0259krar parlament se\u00e7kil\u0259rin\u0259 getm\u0259li olan San\u00e7es h\u00f6kum\u0259ti \u00fc\u00e7\u00fcn t\u0259hl\u00fck\u0259 olub.\n<\/p>\n<p>\n  Torra deyib ki, San\u00e7esin son d\u00f6rd g\u00fcnd\u0259 onunla g\u00f6r\u00fc\u015fm\u0259kd\u0259n imtina etm\u0259si v\u0259 telefon dan\u0131\u015f\u0131qlar\u0131na \u00e7\u0131xmamas\u0131 bir nifr\u0259t \u0259lam\u0259tidir. Amma o deyib ki, Ba\u015f nazirl\u0259 dan\u0131\u015f\u0131qlara davam ed\u0259c\u0259k.\n<\/p>\n<p>\n  B\u00fct\u00fcn n\u00f6v zorak\u0131l\u0131qlar\u0131 r\u0259dd etdiyini v\u0259 q\u0131nad\u0131\u011f\u0131n\u0131 ifad\u0259 ed\u0259n Torra Kataloniyan\u0131n parlament komissiyas\u0131n\u0131 i\u011fti\u015fa\u015flarda zorak\u0131l\u0131q t\u0259tbiq ed\u0259n polisin davran\u0131\u015flar\u0131n\u0131 ara\u015fd\u0131rma\u011fa \u00e7a\u011f\u0131r\u0131b.<\/p>\n","protected":false},"excerpt":{"rendered":"<p>Kataloniyadak\u0131 etirazlar n\u00f6vb\u0259ti ay t\u0259krar parlament se\u00e7kil\u0259rin\u0259 getm\u0259li olan San\u00e7es h\u00f6kum\u0259ti \u00fc\u00e7\u00fcn t\u0259hl\u00fck\u0259 olub.<\/p>\n","protected":false},"author":11,"featured_media":131975,"comment_status":"closed","ping_status":"open","sticky":false,"template":"","format":"standard","meta":{"_acf_changed":false,"_sitemap_exclude":false,"_sitemap_priority":"","_sitemap_frequency":"","footnotes":""},"categories":[64],"tags":[],"class_list":["post-197605","post","type-post","status-publish","format-standard","has-post-thumbnail","hentry","category-dunya","infinite-scroll-item","generate-columns","tablet-grid-50","mobile-grid-100","grid-parent","grid-33","no-featured-image-padding"],"acf":[],"yoast_head":"<!-- This site is optimized with the Yoast SEO plugin v27.5 - https:\/\/yoast.com\/product\/yoast-seo-wordpress\/ -->\n<title>Kataloniya \u00f6z\u00fcn\u00fcn m\u00fcq\u0259dd\u0259rat\u0131n\u0131 t\u0259yin etm\u0259k \u00fc\u00e7\u00fcn \u0130spaniyan\u0131 dan\u0131\u015f\u0131qlara \u00e7a\u011f\u0131r\u0131r - MEYDAN.TV<\/title>\n<meta name=\"robots\" content=\"index, follow, max-snippet:-1, max-image-preview:large, max-video-preview:-1\" \/>\n<link rel=\"canonical\" href=\"https:\/\/www.meydan.tv\/az\/article\/kataloniya-ozunun-muqedderatini-teyin-etmek-ucun-ispaniyani-danisiqlara-cagirir\/\" \/>\n<meta property=\"og:locale\" content=\"az_AZ\" \/>\n<meta property=\"og:type\" content=\"article\" \/>\n<meta property=\"og:title\" content=\"Kataloniya \u00f6z\u00fcn\u00fcn m\u00fcq\u0259dd\u0259rat\u0131n\u0131 t\u0259yin etm\u0259k \u00fc\u00e7\u00fcn \u0130spaniyan\u0131 dan\u0131\u015f\u0131qlara \u00e7a\u011f\u0131r\u0131r - MEYDAN.TV\" \/>\n<meta property=\"og:description\" content=\"Kataloniyadak\u0131 etirazlar n\u00f6vb\u0259ti ay t\u0259krar parlament se\u00e7kil\u0259rin\u0259 getm\u0259li olan San\u00e7es h\u00f6kum\u0259ti \u00fc\u00e7\u00fcn t\u0259hl\u00fck\u0259 olub.\" \/>\n<meta property=\"og:url\" content=\"https:\/\/www.meydan.tv\/az\/article\/kataloniya-ozunun-muqedderatini-teyin-etmek-ucun-ispaniyani-danisiqlara-cagirir\/\" \/>\n<meta property=\"og:site_name\" content=\"MEYDAN.TV\" \/>\n<meta property=\"article:published_time\" content=\"2019-10-22T20:00:25+00:00\" \/>\n<meta property=\"og:image\" content=\"https:\/\/www.meydan.tv\/wp-content\/uploads\/kataloniya.jpg1_.jpg\" \/>\n\t<meta property=\"og:image:width\" content=\"1300\" \/>\n\t<meta property=\"og:image:height\" content=\"731\" \/>\n\t<meta property=\"og:image:type\" content=\"image\/jpeg\" \/>\n<meta name=\"author\" content=\"user-manager\" \/>\n<meta name=\"twitter:card\" content=\"summary_large_image\" \/>\n<script type=\"application\/ld+json\" class=\"yoast-schema-graph\">{\"@context\":\"https:\\\/\\\/schema.org\",\"@graph\":[{\"@type\":\"Article\",\"@id\":\"https:\\\/\\\/www.meydan.tv\\\/az\\\/article\\\/kataloniya-ozunun-muqedderatini-teyin-etmek-ucun-ispaniyani-danisiqlara-cagirir\\\/#article\",\"isPartOf\":{\"@id\":\"https:\\\/\\\/www.meydan.tv\\\/az\\\/article\\\/kataloniya-ozunun-muqedderatini-teyin-etmek-ucun-ispaniyani-danisiqlara-cagirir\\\/\"},\"author\":{\"name\":\"user-manager\",\"@id\":\"https:\\\/\\\/www.meydan.tv\\\/az\\\/#\\\/schema\\\/person\\\/10d11eccf6da3662cf5fdab9806ea91a\"},\"headline\":\"Kataloniya \u00f6z\u00fcn\u00fcn m\u00fcq\u0259dd\u0259rat\u0131n\u0131 t\u0259yin etm\u0259k \u00fc\u00e7\u00fcn \u0130spaniyan\u0131 dan\u0131\u015f\u0131qlara \u00e7a\u011f\u0131r\u0131r\",\"datePublished\":\"2019-10-22T20:00:25+00:00\",\"mainEntityOfPage\":{\"@id\":\"https:\\\/\\\/www.meydan.tv\\\/az\\\/article\\\/kataloniya-ozunun-muqedderatini-teyin-etmek-ucun-ispaniyani-danisiqlara-cagirir\\\/\"},\"wordCount\":435,\"publisher\":{\"@id\":\"https:\\\/\\\/www.meydan.tv\\\/az\\\/#organization\"},\"image\":{\"@id\":\"https:\\\/\\\/www.meydan.tv\\\/az\\\/article\\\/kataloniya-ozunun-muqedderatini-teyin-etmek-ucun-ispaniyani-danisiqlara-cagirir\\\/#primaryimage\"},\"thumbnailUrl\":\"https:\\\/\\\/www.meydan.tv\\\/wp-content\\\/uploads\\\/kataloniya.jpg1_.jpg\",\"articleSection\":[\"D\u00fcnya\"],\"inLanguage\":\"az\"},{\"@type\":\"WebPage\",\"@id\":\"https:\\\/\\\/www.meydan.tv\\\/az\\\/article\\\/kataloniya-ozunun-muqedderatini-teyin-etmek-ucun-ispaniyani-danisiqlara-cagirir\\\/\",\"url\":\"https:\\\/\\\/www.meydan.tv\\\/az\\\/article\\\/kataloniya-ozunun-muqedderatini-teyin-etmek-ucun-ispaniyani-danisiqlara-cagirir\\\/\",\"name\":\"Kataloniya \u00f6z\u00fcn\u00fcn m\u00fcq\u0259dd\u0259rat\u0131n\u0131 t\u0259yin etm\u0259k \u00fc\u00e7\u00fcn \u0130spaniyan\u0131 dan\u0131\u015f\u0131qlara \u00e7a\u011f\u0131r\u0131r - MEYDAN.TV\",\"isPartOf\":{\"@id\":\"https:\\\/\\\/www.meydan.tv\\\/az\\\/#website\"},\"primaryImageOfPage\":{\"@id\":\"https:\\\/\\\/www.meydan.tv\\\/az\\\/article\\\/kataloniya-ozunun-muqedderatini-teyin-etmek-ucun-ispaniyani-danisiqlara-cagirir\\\/#primaryimage\"},\"image\":{\"@id\":\"https:\\\/\\\/www.meydan.tv\\\/az\\\/article\\\/kataloniya-ozunun-muqedderatini-teyin-etmek-ucun-ispaniyani-danisiqlara-cagirir\\\/#primaryimage\"},\"thumbnailUrl\":\"https:\\\/\\\/www.meydan.tv\\\/wp-content\\\/uploads\\\/kataloniya.jpg1_.jpg\",\"datePublished\":\"2019-10-22T20:00:25+00:00\",\"breadcrumb\":{\"@id\":\"https:\\\/\\\/www.meydan.tv\\\/az\\\/article\\\/kataloniya-ozunun-muqedderatini-teyin-etmek-ucun-ispaniyani-danisiqlara-cagirir\\\/#breadcrumb\"},\"inLanguage\":\"az\",\"potentialAction\":[{\"@type\":\"ReadAction\",\"target\":[\"https:\\\/\\\/www.meydan.tv\\\/az\\\/article\\\/kataloniya-ozunun-muqedderatini-teyin-etmek-ucun-ispaniyani-danisiqlara-cagirir\\\/\"]}]},{\"@type\":\"ImageObject\",\"inLanguage\":\"az\",\"@id\":\"https:\\\/\\\/www.meydan.tv\\\/az\\\/article\\\/kataloniya-ozunun-muqedderatini-teyin-etmek-ucun-ispaniyani-danisiqlara-cagirir\\\/#primaryimage\",\"url\":\"https:\\\/\\\/www.meydan.tv\\\/wp-content\\\/uploads\\\/kataloniya.jpg1_.jpg\",\"contentUrl\":\"https:\\\/\\\/www.meydan.tv\\\/wp-content\\\/uploads\\\/kataloniya.jpg1_.jpg\",\"width\":1300,\"height\":731,\"caption\":\"Source: Foto: arxiv\"},{\"@type\":\"BreadcrumbList\",\"@id\":\"https:\\\/\\\/www.meydan.tv\\\/az\\\/article\\\/kataloniya-ozunun-muqedderatini-teyin-etmek-ucun-ispaniyani-danisiqlara-cagirir\\\/#breadcrumb\",\"itemListElement\":[{\"@type\":\"ListItem\",\"position\":1,\"name\":\"Ana s\u0259hif\u0259\",\"item\":\"https:\\\/\\\/www.meydan.tv\\\/az\\\/\"},{\"@type\":\"ListItem\",\"position\":2,\"name\":\"D\u00fcnya\",\"item\":\"https:\\\/\\\/www.meydan.tv\\\/az\\\/section\\\/dunya\\\/\"},{\"@type\":\"ListItem\",\"position\":3,\"name\":\"Kataloniya \u00f6z\u00fcn\u00fcn m\u00fcq\u0259dd\u0259rat\u0131n\u0131 t\u0259yin etm\u0259k \u00fc\u00e7\u00fcn \u0130spaniyan\u0131 dan\u0131\u015f\u0131qlara \u00e7a\u011f\u0131r\u0131r\"}]},{\"@type\":\"WebSite\",\"@id\":\"https:\\\/\\\/www.meydan.tv\\\/az\\\/#website\",\"url\":\"https:\\\/\\\/www.meydan.tv\\\/az\\\/\",\"name\":\"MEYDAN.TV\",\"description\":\"Meydan TV Az\u0259rbaycan\u0131n media m\u0259kan\u0131ndak\u0131 alternativ s\u0259sidir\",\"publisher\":{\"@id\":\"https:\\\/\\\/www.meydan.tv\\\/az\\\/#organization\"},\"potentialAction\":[{\"@type\":\"SearchAction\",\"target\":{\"@type\":\"EntryPoint\",\"urlTemplate\":\"https:\\\/\\\/www.meydan.tv\\\/az\\\/?s={search_term_string}\"},\"query-input\":{\"@type\":\"PropertyValueSpecification\",\"valueRequired\":true,\"valueName\":\"search_term_string\"}}],\"inLanguage\":\"az\"},{\"@type\":\"Organization\",\"@id\":\"https:\\\/\\\/www.meydan.tv\\\/az\\\/#organization\",\"name\":\"Meydan TV\",\"url\":\"https:\\\/\\\/www.meydan.tv\\\/az\\\/\",\"logo\":{\"@type\":\"ImageObject\",\"inLanguage\":\"az\",\"@id\":\"https:\\\/\\\/www.meydan.tv\\\/az\\\/#\\\/schema\\\/logo\\\/image\\\/\",\"url\":\"https:\\\/\\\/www.meydan.tv\\\/wp-content\\\/uploads\\\/2021\\\/07\\\/meydan-logo.svg\",\"contentUrl\":\"https:\\\/\\\/www.meydan.tv\\\/wp-content\\\/uploads\\\/2021\\\/07\\\/meydan-logo.svg\",\"width\":195,\"height\":46,\"caption\":\"Meydan TV\"},\"image\":{\"@id\":\"https:\\\/\\\/www.meydan.tv\\\/az\\\/#\\\/schema\\\/logo\\\/image\\\/\"}},{\"@type\":\"Person\",\"@id\":\"https:\\\/\\\/www.meydan.tv\\\/az\\\/#\\\/schema\\\/person\\\/10d11eccf6da3662cf5fdab9806ea91a\",\"name\":\"user-manager\"}]}<\/script>\n<!-- \/ Yoast SEO plugin. -->","yoast_head_json":{"title":"Kataloniya \u00f6z\u00fcn\u00fcn m\u00fcq\u0259dd\u0259rat\u0131n\u0131 t\u0259yin etm\u0259k \u00fc\u00e7\u00fcn \u0130spaniyan\u0131 dan\u0131\u015f\u0131qlara \u00e7a\u011f\u0131r\u0131r - MEYDAN.TV","robots":{"index":"index","follow":"follow","max-snippet":"max-snippet:-1","max-image-preview":"max-image-preview:large","max-video-preview":"max-video-preview:-1"},"canonical":"https:\/\/www.meydan.tv\/az\/article\/kataloniya-ozunun-muqedderatini-teyin-etmek-ucun-ispaniyani-danisiqlara-cagirir\/","og_locale":"az_AZ","og_type":"article","og_title":"Kataloniya \u00f6z\u00fcn\u00fcn m\u00fcq\u0259dd\u0259rat\u0131n\u0131 t\u0259yin etm\u0259k \u00fc\u00e7\u00fcn \u0130spaniyan\u0131 dan\u0131\u015f\u0131qlara \u00e7a\u011f\u0131r\u0131r - MEYDAN.TV","og_description":"Kataloniyadak\u0131 etirazlar n\u00f6vb\u0259ti ay t\u0259krar parlament se\u00e7kil\u0259rin\u0259 getm\u0259li olan San\u00e7es h\u00f6kum\u0259ti \u00fc\u00e7\u00fcn t\u0259hl\u00fck\u0259 olub.","og_url":"https:\/\/www.meydan.tv\/az\/article\/kataloniya-ozunun-muqedderatini-teyin-etmek-ucun-ispaniyani-danisiqlara-cagirir\/","og_site_name":"MEYDAN.TV","article_published_time":"2019-10-22T20:00:25+00:00","og_image":[{"width":1300,"height":731,"url":"https:\/\/www.meydan.tv\/wp-content\/uploads\/kataloniya.jpg1_.jpg","type":"image\/jpeg"}],"author":"user-manager","twitter_card":"summary_large_image","schema":{"@context":"https:\/\/schema.org","@graph":[{"@type":"Article","@id":"https:\/\/www.meydan.tv\/az\/article\/kataloniya-ozunun-muqedderatini-teyin-etmek-ucun-ispaniyani-danisiqlara-cagirir\/#article","isPartOf":{"@id":"https:\/\/www.meydan.tv\/az\/article\/kataloniya-ozunun-muqedderatini-teyin-etmek-ucun-ispaniyani-danisiqlara-cagirir\/"},"author":{"name":"user-manager","@id":"https:\/\/www.meydan.tv\/az\/#\/schema\/person\/10d11eccf6da3662cf5fdab9806ea91a"},"headline":"Kataloniya \u00f6z\u00fcn\u00fcn m\u00fcq\u0259dd\u0259rat\u0131n\u0131 t\u0259yin etm\u0259k \u00fc\u00e7\u00fcn \u0130spaniyan\u0131 dan\u0131\u015f\u0131qlara \u00e7a\u011f\u0131r\u0131r","datePublished":"2019-10-22T20:00:25+00:00","mainEntityOfPage":{"@id":"https:\/\/www.meydan.tv\/az\/article\/kataloniya-ozunun-muqedderatini-teyin-etmek-ucun-ispaniyani-danisiqlara-cagirir\/"},"wordCount":435,"publisher":{"@id":"https:\/\/www.meydan.tv\/az\/#organization"},"image":{"@id":"https:\/\/www.meydan.tv\/az\/article\/kataloniya-ozunun-muqedderatini-teyin-etmek-ucun-ispaniyani-danisiqlara-cagirir\/#primaryimage"},"thumbnailUrl":"https:\/\/www.meydan.tv\/wp-content\/uploads\/kataloniya.jpg1_.jpg","articleSection":["D\u00fcnya"],"inLanguage":"az"},{"@type":"WebPage","@id":"https:\/\/www.meydan.tv\/az\/article\/kataloniya-ozunun-muqedderatini-teyin-etmek-ucun-ispaniyani-danisiqlara-cagirir\/","url":"https:\/\/www.meydan.tv\/az\/article\/kataloniya-ozunun-muqedderatini-teyin-etmek-ucun-ispaniyani-danisiqlara-cagirir\/","name":"Kataloniya \u00f6z\u00fcn\u00fcn m\u00fcq\u0259dd\u0259rat\u0131n\u0131 t\u0259yin etm\u0259k \u00fc\u00e7\u00fcn \u0130spaniyan\u0131 dan\u0131\u015f\u0131qlara \u00e7a\u011f\u0131r\u0131r - MEYDAN.TV","isPartOf":{"@id":"https:\/\/www.meydan.tv\/az\/#website"},"primaryImageOfPage":{"@id":"https:\/\/www.meydan.tv\/az\/article\/kataloniya-ozunun-muqedderatini-teyin-etmek-ucun-ispaniyani-danisiqlara-cagirir\/#primaryimage"},"image":{"@id":"https:\/\/www.meydan.tv\/az\/article\/kataloniya-ozunun-muqedderatini-teyin-etmek-ucun-ispaniyani-danisiqlara-cagirir\/#primaryimage"},"thumbnailUrl":"https:\/\/www.meydan.tv\/wp-content\/uploads\/kataloniya.jpg1_.jpg","datePublished":"2019-10-22T20:00:25+00:00","breadcrumb":{"@id":"https:\/\/www.meydan.tv\/az\/article\/kataloniya-ozunun-muqedderatini-teyin-etmek-ucun-ispaniyani-danisiqlara-cagirir\/#breadcrumb"},"inLanguage":"az","potentialAction":[{"@type":"ReadAction","target":["https:\/\/www.meydan.tv\/az\/article\/kataloniya-ozunun-muqedderatini-teyin-etmek-ucun-ispaniyani-danisiqlara-cagirir\/"]}]},{"@type":"ImageObject","inLanguage":"az","@id":"https:\/\/www.meydan.tv\/az\/article\/kataloniya-ozunun-muqedderatini-teyin-etmek-ucun-ispaniyani-danisiqlara-cagirir\/#primaryimage","url":"https:\/\/www.meydan.tv\/wp-content\/uploads\/kataloniya.jpg1_.jpg","contentUrl":"https:\/\/www.meydan.tv\/wp-content\/uploads\/kataloniya.jpg1_.jpg","width":1300,"height":731,"caption":"Source: Foto: arxiv"},{"@type":"BreadcrumbList","@id":"https:\/\/www.meydan.tv\/az\/article\/kataloniya-ozunun-muqedderatini-teyin-etmek-ucun-ispaniyani-danisiqlara-cagirir\/#breadcrumb","itemListElement":[{"@type":"ListItem","position":1,"name":"Ana s\u0259hif\u0259","item":"https:\/\/www.meydan.tv\/az\/"},{"@type":"ListItem","position":2,"name":"D\u00fcnya","item":"https:\/\/www.meydan.tv\/az\/section\/dunya\/"},{"@type":"ListItem","position":3,"name":"Kataloniya \u00f6z\u00fcn\u00fcn m\u00fcq\u0259dd\u0259rat\u0131n\u0131 t\u0259yin etm\u0259k \u00fc\u00e7\u00fcn \u0130spaniyan\u0131 dan\u0131\u015f\u0131qlara \u00e7a\u011f\u0131r\u0131r"}]},{"@type":"WebSite","@id":"https:\/\/www.meydan.tv\/az\/#website","url":"https:\/\/www.meydan.tv\/az\/","name":"MEYDAN.TV","description":"Meydan TV Az\u0259rbaycan\u0131n media m\u0259kan\u0131ndak\u0131 alternativ s\u0259sidir","publisher":{"@id":"https:\/\/www.meydan.tv\/az\/#organization"},"potentialAction":[{"@type":"SearchAction","target":{"@type":"EntryPoint","urlTemplate":"https:\/\/www.meydan.tv\/az\/?s={search_term_string}"},"query-input":{"@type":"PropertyValueSpecification","valueRequired":true,"valueName":"search_term_string"}}],"inLanguage":"az"},{"@type":"Organization","@id":"https:\/\/www.meydan.tv\/az\/#organization","name":"Meydan TV","url":"https:\/\/www.meydan.tv\/az\/","logo":{"@type":"ImageObject","inLanguage":"az","@id":"https:\/\/www.meydan.tv\/az\/#\/schema\/logo\/image\/","url":"https:\/\/www.meydan.tv\/wp-content\/uploads\/2021\/07\/meydan-logo.svg","contentUrl":"https:\/\/www.meydan.tv\/wp-content\/uploads\/2021\/07\/meydan-logo.svg","width":195,"height":46,"caption":"Meydan TV"},"image":{"@id":"https:\/\/www.meydan.tv\/az\/#\/schema\/logo\/image\/"}},{"@type":"Person","@id":"https:\/\/www.meydan.tv\/az\/#\/schema\/person\/10d11eccf6da3662cf5fdab9806ea91a","name":"user-manager"}]}},"_links":{"self":[{"href":"https:\/\/www.meydan.tv\/az\/wp-json\/wp\/v2\/posts\/197605","targetHints":{"allow":["GET"]}}],"collection":[{"href":"https:\/\/www.meydan.tv\/az\/wp-json\/wp\/v2\/posts"}],"about":[{"href":"https:\/\/www.meydan.tv\/az\/wp-json\/wp\/v2\/types\/post"}],"author":[{"embeddable":true,"href":"https:\/\/www.meydan.tv\/az\/wp-json\/wp\/v2\/users\/11"}],"replies":[{"embeddable":true,"href":"https:\/\/www.meydan.tv\/az\/wp-json\/wp\/v2\/comments?post=197605"}],"version-history":[{"count":0,"href":"https:\/\/www.meydan.tv\/az\/wp-json\/wp\/v2\/posts\/197605\/revisions"}],"wp:featuredmedia":[{"embeddable":true,"href":"https:\/\/www.meydan.tv\/az\/wp-json\/wp\/v2\/media\/131975"}],"wp:attachment":[{"href":"https:\/\/www.meydan.tv\/az\/wp-json\/wp\/v2\/media?parent=197605"}],"wp:term":[{"taxonomy":"category","embeddable":true,"href":"https:\/\/www.meydan.tv\/az\/wp-json\/wp\/v2\/categories?post=197605"},{"taxonomy":"post_tag","embeddable":true,"href":"https:\/\/www.meydan.tv\/az\/wp-json\/wp\/v2\/tags?post=197605"}],"curies":[{"name":"wp","href":"https:\/\/api.w.org\/{rel}","templated":true}]}}