{"id":197604,"date":"2019-10-22T19:55:49","date_gmt":"2019-10-22T19:55:49","guid":{"rendered":"https:\/\/www.meydan.tv\/article\/erdogan-kurdler-geri-cekilmezse-turkiye-suriya-savasini-yeniden-baslada-biler\/"},"modified":"2019-10-22T19:55:49","modified_gmt":"2019-10-22T19:55:49","slug":"erdogan-kurdler-geri-cekilmezse-turkiye-suriya-savasini-yeniden-baslada-biler","status":"publish","type":"post","link":"https:\/\/www.meydan.tv\/az\/article\/erdogan-kurdler-geri-cekilmezse-turkiye-suriya-savasini-yeniden-baslada-biler\/","title":{"rendered":"\u018frdo\u011fan: K\u00fcrdl\u0259r geri \u00e7\u0259kilm\u0259zs\u0259, T\u00fcrkiy\u0259 Suriya sava\u015f\u0131n\u0131 yenid\u0259n ba\u015flada bil\u0259r"},"content":{"rendered":"<p>\n  <i><br \/>\n    \u201cK\u00fcrd YPG d\u00f6y\u00fc\u015f\u00e7\u00fcl\u0259ri Suriyan\u0131n daxilind\u0259 qurmaq ist\u0259diyi \u201ct\u0259hl\u00fck\u0259siz b\u00f6lg\u0259\u201d ni t\u0259rk etm\u0259lidir\u201d<br \/>\n  <\/i>\n<\/p>\n<p>\n  \u201cY\u00fczl\u0259rl\u0259 k\u00fcrd d\u00f6y\u00fc\u015f\u00e7\u00fcs\u00fc AB\u015e-\u0131n vasit\u0259\u00e7ilik etdiyi at\u0259\u015fk\u0259s sazi\u015fin\u0259 baxmayaraq, h\u0259l\u0259 d\u0259 Suriyan\u0131n \u015fimal-\u015f\u0259rq s\u0259rh\u0259ddind\u0259 qalmaqdad\u0131r. Bu s\u0259b\u0259bd\u0259n T\u00fcrkiy\u0259 b\u00f6lg\u0259d\u0259ki h\u0259rbi \u0259m\u0259liyyatlar\u0131n\u0131 davam etdir\u0259 bil\u0259r\u201d, &#8211; \u201cReuters\u201din m\u0259lumat\u0131na g\u00f6r\u0259, T\u00fcrkiy\u0259 prezidenti R\u0259c\u0259p Tayyip \u018frdo\u011fan bel\u0259 deyib.\n<\/p>\n<p>\n  K\u00fcrd YPG d\u00f6y\u00fc\u015f\u00e7\u00fcl\u0259rinin s\u0259rh\u0259d b\u00f6lg\u0259sind\u0259n \u00e7\u0131xar\u0131lmas\u0131n\u0131 t\u0259min etm\u0259yi n\u0259z\u0259rd\u0259 tutan be\u015f g\u00fcnl\u00fck at\u0259\u015fk\u0259s sazi\u015fi \u00e7\u0259r\u015f\u0259nb\u0259 ax\u015fam\u0131 ax\u015fam saat 10-da ba\u015fa \u00e7at\u0131r.\n<\/p>\n<p>\n  R\u0259smi Ankara deyir ki, T\u00fcrkiy\u0259nin c\u0259nub-\u015f\u0259rqind\u0259 \u00fcsyan qald\u0131ran k\u00fcrd yaraql\u0131lar\u0131 il\u0259 \u0259laq\u0259l\u0259ri s\u0259b\u0259bind\u0259n terror\u00e7u kimi g\u00f6rd\u00fcy\u00fc K\u00fcrd YPG d\u00f6y\u00fc\u015f\u00e7\u00fcl\u0259ri Suriyan\u0131n daxilind\u0259 qurmaq ist\u0259diyi \u201ct\u0259hl\u00fck\u0259siz b\u00f6lg\u0259\u201d ni t\u0259rk etm\u0259lidir.\n<\/p>\n<p>\n  \u201cGeri \u00e7\u0259kilm\u0259 davam edir&quot;,- \u018frdo\u011fan Ankara aeroportunda prezident Vladimir Putinl\u0259 Suriya il\u0259 ba\u011fl\u0131 dan\u0131\u015f\u0131qlar \u00fc\u00e7\u00fcn Rusiyaya u\u00e7mazdan \u0259vv\u0259l jurnalistl\u0259r\u0259 deyib. Putin D\u0259m\u0259\u015fq hakimiyy\u0259tini d\u0259st\u0259kl\u0259yir v\u0259 Suriyan\u0131n \u015fimal-\u015f\u0259rqin\u0259 ordu g\u00f6nd\u0259rib.\n<\/p>\n<p>\n  \u201c700-800 YPG d\u00f6y\u00fc\u015f\u00e7\u00fcs\u00fc art\u0131q \u00e7\u0259kilib v\u0259 1200-1300 d\u00f6y\u00fc\u015f\u00e7\u00fcn\u00fcn geri \u00e7\u0259kilm\u0259si davam edir. Deyilir ki, onlar geri \u00e7\u0259kil\u0259c\u0259k&quot;,- \u018frdo\u011fan deyib:\n<\/p>\n<p>\n  \u201cOnlar\u0131n ham\u0131s\u0131 geri \u00e7\u0259kilm\u0259lidir, onlar \u0259razid\u0259n \u00e7\u0131xmazsa, proses sona \u00e7atmayacaq\u201d.\n<\/p>\n<p>\n  T\u00fcrkiy\u0259 iki h\u0259ft\u0259 \u00f6nc\u0259 Suriyan\u0131n \u015fimal-\u015f\u0259rqind\u0259 h\u0259rbi h\u00fccumlara ba\u015flay\u0131b. H\u00fccumdan \u00f6nc\u0259 AB\u015e Prezidenti Donald Tramp qo\u015funlar\u0131 Suriyan\u0131n \u015fimal-\u015f\u0259rqind\u0259n geri \u00e7\u0259kib. AB\u015e qo\u015funlar\u0131n\u0131n geri \u00e7\u0259kilm\u0259si \u00f6lk\u0259nin konqresm\u0259nl\u0259ri, o c\u00fcml\u0259d\u0259n Tramp\u0131 d\u0259st\u0259kl\u0259y\u0259n respublika\u00e7\u0131lar t\u0259r\u0259find\u0259n t\u0259nqid edilib. T\u0259nqid\u00e7il\u0259r AB\u015e-\u0131n k\u00fcrd d\u00f6y\u00fc\u015f\u00e7\u00fcl\u0259rini b\u00f6lg\u0259d\u0259 t\u0259rk etm\u0259sini AB\u015e-\u0131n \u0130\u015e\u0130D-\u0259 qar\u015f\u0131 m\u00fcbariz\u0259d\u0259 \u0259sas m\u00fctt\u0259fiqi olan YPG sava\u015f\u00e7\u0131lar\u0131na x\u0259yan\u0259t kimi xarakteriz\u0259 edilir.\n<\/p>\n<p>\n  Tramp bazar ert\u0259si g\u00fcn\u00fc qeyd edib ki, be\u015f g\u00fcnl\u00fck at\u0259\u015fk\u0259s sazi\u015fi bitm\u0259 m\u00fcdd\u0259tind\u0259n sonra davam ed\u0259 bil\u0259r. Lakin \u018frdo\u011fan deyib ki, \u0259ksi olarsa, sazi\u015fin bitm\u0259 m\u00fcdd\u0259tind\u0259n sonra Suriyan\u0131n \u015fimal-\u015f\u0259rqind\u0259 sava\u015f davam ed\u0259 bil\u0259r.\n<\/p>\n<p>\n  \u201c\u018fg\u0259r Amerika t\u0259r\u0259find\u0259n biz\u0259 veril\u0259n s\u00f6zl\u0259r tutulmazsa, biz h\u0259rbi h\u00fccumlar\u0131 buraxd\u0131\u011f\u0131m\u0131z yerd\u0259n davam etdir\u0259c\u0259yik, bu d\u0259f\u0259 daha b\u00f6y\u00fck q\u0259tiyy\u0259tl\u0259&quot;,- \u018frdo\u011fan bildirib.<\/p>\n","protected":false},"excerpt":{"rendered":"<p>\u201cGeri \u00e7\u0259kilm\u0259 davam edir&#8221;,- \u018frdo\u011fan Ankara aeroportunda prezident Vladimir Putinl\u0259 Suriya il\u0259 ba\u011fl\u0131 dan\u0131\u015f\u0131qlar \u00fc\u00e7\u00fcn Rusiyaya u\u00e7mazdan \u0259vv\u0259l jurnalistl\u0259r\u0259 deyib.<\/p>\n","protected":false},"author":11,"featured_media":64565,"comment_status":"closed","ping_status":"open","sticky":false,"template":"","format":"standard","meta":{"_acf_changed":false,"_sitemap_exclude":false,"_sitemap_priority":"","_sitemap_frequency":"","footnotes":""},"categories":[64],"tags":[],"class_list":["post-197604","post","type-post","status-publish","format-standard","has-post-thumbnail","hentry","category-dunya","infinite-scroll-item","generate-columns","tablet-grid-50","mobile-grid-100","grid-parent","grid-33","no-featured-image-padding"],"acf":[],"yoast_head":"<!-- This site is optimized with the Yoast SEO plugin v27.5 - https:\/\/yoast.com\/product\/yoast-seo-wordpress\/ -->\n<title>\u018frdo\u011fan: K\u00fcrdl\u0259r geri \u00e7\u0259kilm\u0259zs\u0259, T\u00fcrkiy\u0259 Suriya sava\u015f\u0131n\u0131 yenid\u0259n ba\u015flada bil\u0259r - MEYDAN.TV<\/title>\n<meta name=\"robots\" content=\"index, follow, max-snippet:-1, max-image-preview:large, max-video-preview:-1\" \/>\n<link rel=\"canonical\" href=\"https:\/\/www.meydan.tv\/az\/article\/erdogan-kurdler-geri-cekilmezse-turkiye-suriya-savasini-yeniden-baslada-biler\/\" \/>\n<meta property=\"og:locale\" content=\"az_AZ\" \/>\n<meta property=\"og:type\" content=\"article\" \/>\n<meta property=\"og:title\" content=\"\u018frdo\u011fan: K\u00fcrdl\u0259r geri \u00e7\u0259kilm\u0259zs\u0259, T\u00fcrkiy\u0259 Suriya sava\u015f\u0131n\u0131 yenid\u0259n ba\u015flada bil\u0259r - MEYDAN.TV\" \/>\n<meta property=\"og:description\" content=\"\u201cGeri \u00e7\u0259kilm\u0259 davam edir&quot;,- \u018frdo\u011fan Ankara aeroportunda prezident Vladimir Putinl\u0259 Suriya il\u0259 ba\u011fl\u0131 dan\u0131\u015f\u0131qlar \u00fc\u00e7\u00fcn Rusiyaya u\u00e7mazdan \u0259vv\u0259l jurnalistl\u0259r\u0259 deyib.\" \/>\n<meta property=\"og:url\" content=\"https:\/\/www.meydan.tv\/az\/article\/erdogan-kurdler-geri-cekilmezse-turkiye-suriya-savasini-yeniden-baslada-biler\/\" \/>\n<meta property=\"og:site_name\" content=\"MEYDAN.TV\" \/>\n<meta property=\"article:published_time\" content=\"2019-10-22T19:55:49+00:00\" \/>\n<meta property=\"og:image\" content=\"https:\/\/www.meydan.tv\/wp-content\/uploads\/24630.jpg\" \/>\n\t<meta property=\"og:image:width\" content=\"668\" \/>\n\t<meta property=\"og:image:height\" content=\"500\" \/>\n\t<meta property=\"og:image:type\" content=\"image\/jpeg\" \/>\n<meta name=\"author\" content=\"user-manager\" \/>\n<meta name=\"twitter:card\" content=\"summary_large_image\" \/>\n<script type=\"application\/ld+json\" class=\"yoast-schema-graph\">{\"@context\":\"https:\\\/\\\/schema.org\",\"@graph\":[{\"@type\":\"Article\",\"@id\":\"https:\\\/\\\/www.meydan.tv\\\/az\\\/article\\\/erdogan-kurdler-geri-cekilmezse-turkiye-suriya-savasini-yeniden-baslada-biler\\\/#article\",\"isPartOf\":{\"@id\":\"https:\\\/\\\/www.meydan.tv\\\/az\\\/article\\\/erdogan-kurdler-geri-cekilmezse-turkiye-suriya-savasini-yeniden-baslada-biler\\\/\"},\"author\":{\"name\":\"user-manager\",\"@id\":\"https:\\\/\\\/www.meydan.tv\\\/az\\\/#\\\/schema\\\/person\\\/10d11eccf6da3662cf5fdab9806ea91a\"},\"headline\":\"\u018frdo\u011fan: K\u00fcrdl\u0259r geri \u00e7\u0259kilm\u0259zs\u0259, T\u00fcrkiy\u0259 Suriya sava\u015f\u0131n\u0131 yenid\u0259n ba\u015flada bil\u0259r\",\"datePublished\":\"2019-10-22T19:55:49+00:00\",\"mainEntityOfPage\":{\"@id\":\"https:\\\/\\\/www.meydan.tv\\\/az\\\/article\\\/erdogan-kurdler-geri-cekilmezse-turkiye-suriya-savasini-yeniden-baslada-biler\\\/\"},\"wordCount\":512,\"publisher\":{\"@id\":\"https:\\\/\\\/www.meydan.tv\\\/az\\\/#organization\"},\"image\":{\"@id\":\"https:\\\/\\\/www.meydan.tv\\\/az\\\/article\\\/erdogan-kurdler-geri-cekilmezse-turkiye-suriya-savasini-yeniden-baslada-biler\\\/#primaryimage\"},\"thumbnailUrl\":\"https:\\\/\\\/www.meydan.tv\\\/wp-content\\\/uploads\\\/24630.jpg\",\"articleSection\":[\"D\u00fcnya\"],\"inLanguage\":\"az\"},{\"@type\":\"WebPage\",\"@id\":\"https:\\\/\\\/www.meydan.tv\\\/az\\\/article\\\/erdogan-kurdler-geri-cekilmezse-turkiye-suriya-savasini-yeniden-baslada-biler\\\/\",\"url\":\"https:\\\/\\\/www.meydan.tv\\\/az\\\/article\\\/erdogan-kurdler-geri-cekilmezse-turkiye-suriya-savasini-yeniden-baslada-biler\\\/\",\"name\":\"\u018frdo\u011fan: K\u00fcrdl\u0259r geri \u00e7\u0259kilm\u0259zs\u0259, T\u00fcrkiy\u0259 Suriya sava\u015f\u0131n\u0131 yenid\u0259n ba\u015flada bil\u0259r - MEYDAN.TV\",\"isPartOf\":{\"@id\":\"https:\\\/\\\/www.meydan.tv\\\/az\\\/#website\"},\"primaryImageOfPage\":{\"@id\":\"https:\\\/\\\/www.meydan.tv\\\/az\\\/article\\\/erdogan-kurdler-geri-cekilmezse-turkiye-suriya-savasini-yeniden-baslada-biler\\\/#primaryimage\"},\"image\":{\"@id\":\"https:\\\/\\\/www.meydan.tv\\\/az\\\/article\\\/erdogan-kurdler-geri-cekilmezse-turkiye-suriya-savasini-yeniden-baslada-biler\\\/#primaryimage\"},\"thumbnailUrl\":\"https:\\\/\\\/www.meydan.tv\\\/wp-content\\\/uploads\\\/24630.jpg\",\"datePublished\":\"2019-10-22T19:55:49+00:00\",\"breadcrumb\":{\"@id\":\"https:\\\/\\\/www.meydan.tv\\\/az\\\/article\\\/erdogan-kurdler-geri-cekilmezse-turkiye-suriya-savasini-yeniden-baslada-biler\\\/#breadcrumb\"},\"inLanguage\":\"az\",\"potentialAction\":[{\"@type\":\"ReadAction\",\"target\":[\"https:\\\/\\\/www.meydan.tv\\\/az\\\/article\\\/erdogan-kurdler-geri-cekilmezse-turkiye-suriya-savasini-yeniden-baslada-biler\\\/\"]}]},{\"@type\":\"ImageObject\",\"inLanguage\":\"az\",\"@id\":\"https:\\\/\\\/www.meydan.tv\\\/az\\\/article\\\/erdogan-kurdler-geri-cekilmezse-turkiye-suriya-savasini-yeniden-baslada-biler\\\/#primaryimage\",\"url\":\"https:\\\/\\\/www.meydan.tv\\\/wp-content\\\/uploads\\\/24630.jpg\",\"contentUrl\":\"https:\\\/\\\/www.meydan.tv\\\/wp-content\\\/uploads\\\/24630.jpg\",\"width\":668,\"height\":500,\"caption\":\"Source:\"},{\"@type\":\"BreadcrumbList\",\"@id\":\"https:\\\/\\\/www.meydan.tv\\\/az\\\/article\\\/erdogan-kurdler-geri-cekilmezse-turkiye-suriya-savasini-yeniden-baslada-biler\\\/#breadcrumb\",\"itemListElement\":[{\"@type\":\"ListItem\",\"position\":1,\"name\":\"Ana s\u0259hif\u0259\",\"item\":\"https:\\\/\\\/www.meydan.tv\\\/az\\\/\"},{\"@type\":\"ListItem\",\"position\":2,\"name\":\"D\u00fcnya\",\"item\":\"https:\\\/\\\/www.meydan.tv\\\/az\\\/section\\\/dunya\\\/\"},{\"@type\":\"ListItem\",\"position\":3,\"name\":\"\u018frdo\u011fan: K\u00fcrdl\u0259r geri \u00e7\u0259kilm\u0259zs\u0259, T\u00fcrkiy\u0259 Suriya sava\u015f\u0131n\u0131 yenid\u0259n ba\u015flada bil\u0259r\"}]},{\"@type\":\"WebSite\",\"@id\":\"https:\\\/\\\/www.meydan.tv\\\/az\\\/#website\",\"url\":\"https:\\\/\\\/www.meydan.tv\\\/az\\\/\",\"name\":\"MEYDAN.TV\",\"description\":\"Meydan TV Az\u0259rbaycan\u0131n media m\u0259kan\u0131ndak\u0131 alternativ s\u0259sidir\",\"publisher\":{\"@id\":\"https:\\\/\\\/www.meydan.tv\\\/az\\\/#organization\"},\"potentialAction\":[{\"@type\":\"SearchAction\",\"target\":{\"@type\":\"EntryPoint\",\"urlTemplate\":\"https:\\\/\\\/www.meydan.tv\\\/az\\\/?s={search_term_string}\"},\"query-input\":{\"@type\":\"PropertyValueSpecification\",\"valueRequired\":true,\"valueName\":\"search_term_string\"}}],\"inLanguage\":\"az\"},{\"@type\":\"Organization\",\"@id\":\"https:\\\/\\\/www.meydan.tv\\\/az\\\/#organization\",\"name\":\"Meydan TV\",\"url\":\"https:\\\/\\\/www.meydan.tv\\\/az\\\/\",\"logo\":{\"@type\":\"ImageObject\",\"inLanguage\":\"az\",\"@id\":\"https:\\\/\\\/www.meydan.tv\\\/az\\\/#\\\/schema\\\/logo\\\/image\\\/\",\"url\":\"https:\\\/\\\/www.meydan.tv\\\/wp-content\\\/uploads\\\/2021\\\/07\\\/meydan-logo.svg\",\"contentUrl\":\"https:\\\/\\\/www.meydan.tv\\\/wp-content\\\/uploads\\\/2021\\\/07\\\/meydan-logo.svg\",\"width\":195,\"height\":46,\"caption\":\"Meydan TV\"},\"image\":{\"@id\":\"https:\\\/\\\/www.meydan.tv\\\/az\\\/#\\\/schema\\\/logo\\\/image\\\/\"}},{\"@type\":\"Person\",\"@id\":\"https:\\\/\\\/www.meydan.tv\\\/az\\\/#\\\/schema\\\/person\\\/10d11eccf6da3662cf5fdab9806ea91a\",\"name\":\"user-manager\"}]}<\/script>\n<!-- \/ Yoast SEO plugin. -->","yoast_head_json":{"title":"\u018frdo\u011fan: K\u00fcrdl\u0259r geri \u00e7\u0259kilm\u0259zs\u0259, T\u00fcrkiy\u0259 Suriya sava\u015f\u0131n\u0131 yenid\u0259n ba\u015flada bil\u0259r - MEYDAN.TV","robots":{"index":"index","follow":"follow","max-snippet":"max-snippet:-1","max-image-preview":"max-image-preview:large","max-video-preview":"max-video-preview:-1"},"canonical":"https:\/\/www.meydan.tv\/az\/article\/erdogan-kurdler-geri-cekilmezse-turkiye-suriya-savasini-yeniden-baslada-biler\/","og_locale":"az_AZ","og_type":"article","og_title":"\u018frdo\u011fan: K\u00fcrdl\u0259r geri \u00e7\u0259kilm\u0259zs\u0259, T\u00fcrkiy\u0259 Suriya sava\u015f\u0131n\u0131 yenid\u0259n ba\u015flada bil\u0259r - MEYDAN.TV","og_description":"\u201cGeri \u00e7\u0259kilm\u0259 davam edir\",- \u018frdo\u011fan Ankara aeroportunda prezident Vladimir Putinl\u0259 Suriya il\u0259 ba\u011fl\u0131 dan\u0131\u015f\u0131qlar \u00fc\u00e7\u00fcn Rusiyaya u\u00e7mazdan \u0259vv\u0259l jurnalistl\u0259r\u0259 deyib.","og_url":"https:\/\/www.meydan.tv\/az\/article\/erdogan-kurdler-geri-cekilmezse-turkiye-suriya-savasini-yeniden-baslada-biler\/","og_site_name":"MEYDAN.TV","article_published_time":"2019-10-22T19:55:49+00:00","og_image":[{"width":668,"height":500,"url":"https:\/\/www.meydan.tv\/wp-content\/uploads\/24630.jpg","type":"image\/jpeg"}],"author":"user-manager","twitter_card":"summary_large_image","schema":{"@context":"https:\/\/schema.org","@graph":[{"@type":"Article","@id":"https:\/\/www.meydan.tv\/az\/article\/erdogan-kurdler-geri-cekilmezse-turkiye-suriya-savasini-yeniden-baslada-biler\/#article","isPartOf":{"@id":"https:\/\/www.meydan.tv\/az\/article\/erdogan-kurdler-geri-cekilmezse-turkiye-suriya-savasini-yeniden-baslada-biler\/"},"author":{"name":"user-manager","@id":"https:\/\/www.meydan.tv\/az\/#\/schema\/person\/10d11eccf6da3662cf5fdab9806ea91a"},"headline":"\u018frdo\u011fan: K\u00fcrdl\u0259r geri \u00e7\u0259kilm\u0259zs\u0259, T\u00fcrkiy\u0259 Suriya sava\u015f\u0131n\u0131 yenid\u0259n ba\u015flada bil\u0259r","datePublished":"2019-10-22T19:55:49+00:00","mainEntityOfPage":{"@id":"https:\/\/www.meydan.tv\/az\/article\/erdogan-kurdler-geri-cekilmezse-turkiye-suriya-savasini-yeniden-baslada-biler\/"},"wordCount":512,"publisher":{"@id":"https:\/\/www.meydan.tv\/az\/#organization"},"image":{"@id":"https:\/\/www.meydan.tv\/az\/article\/erdogan-kurdler-geri-cekilmezse-turkiye-suriya-savasini-yeniden-baslada-biler\/#primaryimage"},"thumbnailUrl":"https:\/\/www.meydan.tv\/wp-content\/uploads\/24630.jpg","articleSection":["D\u00fcnya"],"inLanguage":"az"},{"@type":"WebPage","@id":"https:\/\/www.meydan.tv\/az\/article\/erdogan-kurdler-geri-cekilmezse-turkiye-suriya-savasini-yeniden-baslada-biler\/","url":"https:\/\/www.meydan.tv\/az\/article\/erdogan-kurdler-geri-cekilmezse-turkiye-suriya-savasini-yeniden-baslada-biler\/","name":"\u018frdo\u011fan: K\u00fcrdl\u0259r geri \u00e7\u0259kilm\u0259zs\u0259, T\u00fcrkiy\u0259 Suriya sava\u015f\u0131n\u0131 yenid\u0259n ba\u015flada bil\u0259r - MEYDAN.TV","isPartOf":{"@id":"https:\/\/www.meydan.tv\/az\/#website"},"primaryImageOfPage":{"@id":"https:\/\/www.meydan.tv\/az\/article\/erdogan-kurdler-geri-cekilmezse-turkiye-suriya-savasini-yeniden-baslada-biler\/#primaryimage"},"image":{"@id":"https:\/\/www.meydan.tv\/az\/article\/erdogan-kurdler-geri-cekilmezse-turkiye-suriya-savasini-yeniden-baslada-biler\/#primaryimage"},"thumbnailUrl":"https:\/\/www.meydan.tv\/wp-content\/uploads\/24630.jpg","datePublished":"2019-10-22T19:55:49+00:00","breadcrumb":{"@id":"https:\/\/www.meydan.tv\/az\/article\/erdogan-kurdler-geri-cekilmezse-turkiye-suriya-savasini-yeniden-baslada-biler\/#breadcrumb"},"inLanguage":"az","potentialAction":[{"@type":"ReadAction","target":["https:\/\/www.meydan.tv\/az\/article\/erdogan-kurdler-geri-cekilmezse-turkiye-suriya-savasini-yeniden-baslada-biler\/"]}]},{"@type":"ImageObject","inLanguage":"az","@id":"https:\/\/www.meydan.tv\/az\/article\/erdogan-kurdler-geri-cekilmezse-turkiye-suriya-savasini-yeniden-baslada-biler\/#primaryimage","url":"https:\/\/www.meydan.tv\/wp-content\/uploads\/24630.jpg","contentUrl":"https:\/\/www.meydan.tv\/wp-content\/uploads\/24630.jpg","width":668,"height":500,"caption":"Source:"},{"@type":"BreadcrumbList","@id":"https:\/\/www.meydan.tv\/az\/article\/erdogan-kurdler-geri-cekilmezse-turkiye-suriya-savasini-yeniden-baslada-biler\/#breadcrumb","itemListElement":[{"@type":"ListItem","position":1,"name":"Ana s\u0259hif\u0259","item":"https:\/\/www.meydan.tv\/az\/"},{"@type":"ListItem","position":2,"name":"D\u00fcnya","item":"https:\/\/www.meydan.tv\/az\/section\/dunya\/"},{"@type":"ListItem","position":3,"name":"\u018frdo\u011fan: K\u00fcrdl\u0259r geri \u00e7\u0259kilm\u0259zs\u0259, T\u00fcrkiy\u0259 Suriya sava\u015f\u0131n\u0131 yenid\u0259n ba\u015flada bil\u0259r"}]},{"@type":"WebSite","@id":"https:\/\/www.meydan.tv\/az\/#website","url":"https:\/\/www.meydan.tv\/az\/","name":"MEYDAN.TV","description":"Meydan TV Az\u0259rbaycan\u0131n media m\u0259kan\u0131ndak\u0131 alternativ s\u0259sidir","publisher":{"@id":"https:\/\/www.meydan.tv\/az\/#organization"},"potentialAction":[{"@type":"SearchAction","target":{"@type":"EntryPoint","urlTemplate":"https:\/\/www.meydan.tv\/az\/?s={search_term_string}"},"query-input":{"@type":"PropertyValueSpecification","valueRequired":true,"valueName":"search_term_string"}}],"inLanguage":"az"},{"@type":"Organization","@id":"https:\/\/www.meydan.tv\/az\/#organization","name":"Meydan TV","url":"https:\/\/www.meydan.tv\/az\/","logo":{"@type":"ImageObject","inLanguage":"az","@id":"https:\/\/www.meydan.tv\/az\/#\/schema\/logo\/image\/","url":"https:\/\/www.meydan.tv\/wp-content\/uploads\/2021\/07\/meydan-logo.svg","contentUrl":"https:\/\/www.meydan.tv\/wp-content\/uploads\/2021\/07\/meydan-logo.svg","width":195,"height":46,"caption":"Meydan TV"},"image":{"@id":"https:\/\/www.meydan.tv\/az\/#\/schema\/logo\/image\/"}},{"@type":"Person","@id":"https:\/\/www.meydan.tv\/az\/#\/schema\/person\/10d11eccf6da3662cf5fdab9806ea91a","name":"user-manager"}]}},"_links":{"self":[{"href":"https:\/\/www.meydan.tv\/az\/wp-json\/wp\/v2\/posts\/197604","targetHints":{"allow":["GET"]}}],"collection":[{"href":"https:\/\/www.meydan.tv\/az\/wp-json\/wp\/v2\/posts"}],"about":[{"href":"https:\/\/www.meydan.tv\/az\/wp-json\/wp\/v2\/types\/post"}],"author":[{"embeddable":true,"href":"https:\/\/www.meydan.tv\/az\/wp-json\/wp\/v2\/users\/11"}],"replies":[{"embeddable":true,"href":"https:\/\/www.meydan.tv\/az\/wp-json\/wp\/v2\/comments?post=197604"}],"version-history":[{"count":0,"href":"https:\/\/www.meydan.tv\/az\/wp-json\/wp\/v2\/posts\/197604\/revisions"}],"wp:featuredmedia":[{"embeddable":true,"href":"https:\/\/www.meydan.tv\/az\/wp-json\/wp\/v2\/media\/64565"}],"wp:attachment":[{"href":"https:\/\/www.meydan.tv\/az\/wp-json\/wp\/v2\/media?parent=197604"}],"wp:term":[{"taxonomy":"category","embeddable":true,"href":"https:\/\/www.meydan.tv\/az\/wp-json\/wp\/v2\/categories?post=197604"},{"taxonomy":"post_tag","embeddable":true,"href":"https:\/\/www.meydan.tv\/az\/wp-json\/wp\/v2\/tags?post=197604"}],"curies":[{"name":"wp","href":"https:\/\/api.w.org\/{rel}","templated":true}]}}