{"id":197592,"date":"2019-10-22T15:00:48","date_gmt":"2019-10-22T15:00:48","guid":{"rendered":"https:\/\/www.meydan.tv\/article\/her-iki-ovladimiz-talassemiya-xestesi-kimi-dunyaya-gelib\/"},"modified":"2019-10-22T15:00:48","modified_gmt":"2019-10-22T15:00:48","slug":"her-iki-ovladimiz-talassemiya-xestesi-kimi-dunyaya-gelib","status":"publish","type":"post","link":"https:\/\/www.meydan.tv\/az\/article\/her-iki-ovladimiz-talassemiya-xestesi-kimi-dunyaya-gelib\/","title":{"rendered":"\u201cH\u0259r iki \u00f6vlad\u0131m\u0131z talassemiya x\u0259st\u0259si kimi d\u00fcnyaya g\u0259lib\u201d"},"content":{"rendered":"<p>\n  <i><br \/>\n    Ata: \u201cCihaza ba\u011fl\u0131 ya\u015famaq u\u015faq \u00fc\u00e7\u00fcn z\u00fclmd\u00fcr\u201d<br \/>\n  <\/i>\n<\/p>\n<p>\n  \u201cG\u00f6z\u00fcn\u00fcn a\u011f\u0131-qaras\u0131 iki \u00f6vlad\u0131n ola, ikisi d\u0259 a\u011f\u0131r talassemiya x\u0259st\u0259si. Evl\u0259n\u0259nd\u0259 bilm\u0259mi\u015fik, o vaxt analiz verm\u0259k, n\u0259 bilim, yoxlanmaq yox idi. S\u0259n dem\u0259, yolda\u015f\u0131m da, m\u0259n d\u0259 talassemiya da\u015f\u0131y\u0131c\u0131s\u0131 olmu\u015fuq. Odur ki, iki \u00f6vlad\u0131m\u0131z talassemiya x\u0259st\u0259si kimi d\u00fcnyaya g\u0259lib\u201d.\n<\/p>\n<p>\n  Ucar\u0131n Qarada\u011fl\u0131 k\u0259ndinin sakini 32 ya\u015fl\u0131 Elvin S\u0259m\u0259dov bel\u0259 deyir.\n<\/p>\n<p>\n  <b><br \/>\n    Az\u0259rbaycanda 1 milyondan \u00e7ox talassemiya da\u015f\u0131y\u0131c\u0131s\u0131 var<br \/>\n  <\/b>\n<\/p>\n<p>\n  Az\u0259rbaycan talassemiyan\u0131n geni\u015f yay\u0131ld\u0131\u011f\u0131 \u00f6lk\u0259l\u0259rd\u0259n say\u0131l\u0131r.<br \/>\n  <a href=\"https:\/\/d9mc3ts4czbpr.cloudfront.net\/ru\/article\/azerbaycanda-1-milyondan-cox-talassemiya-dasiyicisi-var\/\"><br \/>\n    2018-ci ild\u0259 a\u00e7\u0131qlanan statistika<br \/>\n  <\/a><br \/>\n  da deyilirdi ki, \u00f6lk\u0259d\u0259 1 milyondan \u00e7ox talassemiya da\u015f\u0131y\u0131c\u0131s\u0131 var. 3000-d\u0259n \u00e7ox irsi qan x\u0259st\u0259si, o c\u00fcml\u0259d\u0259n talassemiya x\u0259st\u0259l\u0259ri qeydiyyatdad\u0131r. Bu, h\u0259l\u0259 tibb\u0259 m\u0259lum olan r\u0259q\u0259mdir. M\u00fcayin\u0259d\u0259n ke\u00e7m\u0259y\u0259n, da\u015f\u0131y\u0131c\u0131, x\u0259st\u0259 oldu\u011funu bilm\u0259y\u0259n y\u00fczl\u0259rl\u0259 insan\u0131n oldu\u011fu t\u0259xmin edilir.\n<\/p>\n<p>\n  Talassemiyal\u0131 insanlar\u0131n normal insanlarla m\u00fcqayis\u0259d\u0259 hemoqlobinl\u0259ri v\u0259 q\u0131rm\u0131z\u0131 qan h\u00fcceyr\u0259l\u0259rinin say\u0131 az olur. M\u00fcalic\u0259si var, ancaq x\u0259st\u0259lik a\u011f\u0131r n\u0259tic\u0259l\u0259r ver\u0259 bilir. D\u00fcnyadak\u0131 280 milyon talassemiya x\u0259st\u0259l\u0259rinin 439 mini x\u0259st\u0259liyin a\u011f\u0131r n\u00f6v\u00fcnd\u0259n \u0259ziyy\u0259t \u00e7\u0259kir.\n<\/p>\n<p>\n  Az\u0259rbaycanda h\u00f6kum\u0259ti 2015-ci ild\u0259n nikaha girm\u0259zd\u0259n \u00f6nc\u0259 sa\u011flaml\u0131q m\u00fcayin\u0259sind\u0259n ke\u00e7m\u0259yi \u015f\u0259rt qoyub.\n<\/p>\n<p>\n  M\u00fcayin\u0259 m\u0259cburidir v\u0259 dig\u0259r x\u0259st\u0259likl\u0259rin d\u0259, o c\u00fcml\u0259d\u0259n \u0130\u0130V\/Q\u0130\u00c7S testini d\u0259 n\u0259z\u0259rd\u0259 tutur. S\u0259m\u0259dovlar ail\u0259si is\u0259 2011-ci ild\u0259 nikaha giribl\u0259r. Onlara kims\u0259 m\u00fcayin\u0259d\u0259n ke\u00e7m\u0259k laz\u0131m oldu\u011funu s\u00f6yl\u0259m\u0259yib. Bu, onlar\u0131n \u00f6z a\u011f\u0131llar\u0131na da g\u0259lm\u0259yib.\n<\/p>\n<p>\n  <b><br \/>\n    \u201cH\u0259r 10-15 g\u00fcnd\u0259nbir ikisin\u0259 d\u0259 qan k\u00f6\u00e7\u00fcr\u00fcl\u00fcr\u201d<br \/>\n  <\/b>\n<\/p>\n<p>\n  Elvin deyir ki, ilk \u00f6vladlar\u0131n\u0131n x\u0259st\u0259liyini ikinci o\u011flu d\u00fcnyaya g\u0259l\u0259nd\u0259n sonra bilibl\u0259r. 4 ya\u015f\u0131na q\u0259d\u0259r u\u015fa\u011f\u0131n talassemiya x\u0259st\u0259si oldu\u011fundan x\u0259b\u0259rsiz olublar:\n<\/p>\n<p>\n  \u201cFaizi a\u015fa\u011f\u0131 olub. A\u011f\u0131r olmay\u0131b. \u00dcmumi hals\u0131zl\u0131\u011f\u0131 vard\u0131, z\u0259if v\u0259 i\u015ftahs\u0131z idi. Deyirdik, h\u0259r u\u015faqda olur, normald\u0131r. \u0130kinci \u00f6vlad\u0131m\u0131z d\u00fcnyaya g\u0259ldi. 5 ayl\u0131\u011f\u0131nda hal\u0131 d\u0259yi\u015fdi, q\u0131zd\u0131rmas\u0131 qalxd\u0131, endir\u0259 bilm\u0259dik. Qa\u00e7\u0131rtd\u0131q h\u0259kim\u0259. Ucardak\u0131 u\u015faq h\u0259kimi q\u0131zd\u0131rmas\u0131n\u0131 sala bilm\u0259di. Dedi, \u201ct\u0259cili apar\u0131n Talassemiya M\u0259rk\u0259zin\u0259. N\u0259s\u0259 qan\u0131ndan \u015f\u00fcbh\u0259l\u0259nir\u0259m\u201d. Apard\u0131q, analizl\u0259rd\u0259n sonra m\u0259lum oldu ki, talassemiya x\u0259st\u0259sidir\u201d.\n<\/p>\n<figure class=\"wp-block-image size-large\">\n  <img decoding=\"async\" src=\"https:\/\/www.meydan.tv\/az\/cocuqlar-jpg\/\" alt=\"cocuqlar.jpg\" class=\"wp-image-131960\"\/><figcaption>\n    H\u0259kim ilk \u00f6vladlar\u0131n\u0131 da m\u00fcayin\u0259y\u0259 g\u0259tirm\u0259l\u0259rini ist\u0259yib<br \/>\n  <\/figcaption><\/figure>\n<p>\n  <b><br \/>\n    \u201cS\u0259n dem\u0259, h\u0259yat yolda\u015f\u0131m da, m\u0259n d\u0259 talassemiya da\u015f\u0131y\u0131c\u0131s\u0131ym\u0131\u015f\u0131q\u201d<br \/>\n  <\/b>\n<\/p>\n<p>\n  Elvin S\u0259m\u0259dov deyir ki, bundan sonra h\u0259yat yolda\u015f\u0131 v\u0259 \u00f6z\u00fcn\u00fcn talassemiya da\u015f\u0131y\u0131c\u0131s\u0131 olduqlar\u0131n\u0131 bilibl\u0259r. H\u0259kim ilk \u00f6vladlar\u0131n\u0131 da m\u00fcayin\u0259y\u0259 g\u0259tirm\u0259l\u0259rini ist\u0259yib:\n<\/p>\n<p>\n  \u201cD\u00fcnyam\u0131z ba\u015f\u0131m\u0131za y\u0131x\u0131ld\u0131, Allaha gec\u0259-g\u00fcnd\u00fcz yalvard\u0131q ki, bir b\u0259db\u0259xt\u00e7iliyi vermis\u0259n, he\u00e7 olmasa, dig\u0259r \u00f6vlad\u0131m\u0131z sa\u011flam \u00e7\u0131xs\u0131n. Ancaq olmad\u0131, onda da talassemiya \u00e7\u0131xd\u0131. Faizi a\u015fa\u011f\u0131 idi. Dedil\u0259r, \u201cd\u0259rmanla, iyn\u0259yl\u0259 h\u0259ll etm\u0259k olar\u201d. Aylarla m\u00fcalic\u0259 ald\u0131, ancaq faydas\u0131 olmad\u0131. N\u0259tic\u0259d\u0259 bu g\u00fcn ikisi d\u0259 a\u011f\u0131r v\u0259ziyy\u0259td\u0259dir. H\u0259r 10-15 g\u00fcnd\u0259nbir Bak\u0131ya apar\u0131b qan vurdurur, analiz veririk\u201d.\n<\/p>\n<p>\n  <b><br \/>\n    \u201cYax\u015f\u0131 qidalanm\u0131rlar dey\u0259 qan b\u0259d\u0259nl\u0259rind\u0259 tez par\u00e7alan\u0131r\u201d<br \/>\n  <\/b>\n<\/p>\n<p>\n  Ail\u0259nin ayl\u0131q g\u0259lirl\u0259ri el\u0259 \u00e7ox deyil. Ata Elvin S\u0259m\u0259dov f\u0259hl\u0259lik edir. U\u015faqlar\u0131n is\u0259 h\u0259r birin\u0259 x\u0259st\u0259likl\u0259rin\u0259 g\u00f6r\u0259 d\u00f6vl\u0259t t\u0259r\u0259find\u0259n ayda 150 manat m\u00fcavin\u0259t verilir. U\u015faqlar\u0131n ayda az\u0131 2 d\u0259f\u0259 analiz\u0259, qan k\u00f6\u00e7\u00fcr\u00fclm\u0259y\u0259 v\u0259 iyn\u0259-d\u0259rmana ehtiyaclar\u0131 var. \u201c300 manat m\u00fcavin\u0259t iyn\u0259-d\u0259rman puluna g\u00fccl\u0259 yetir\u201d \u2013 deyir, ail\u0259.\n<\/p>\n<p>\n  Bak\u0131ya gedib-g\u0259lm\u0259k x\u0259rci is\u0259 onlar \u00fc\u00e7\u00fcn bir ayr\u0131 d\u0259rddir. Ata Elvin S\u0259m\u0259dov qar\u015f\u0131lama\u011fa \u00e7al\u0131\u015f\u0131r. Deyir, bu, ona asan ba\u015fa g\u0259lmir. Gec\u0259d\u0259n s\u0259h\u0259r\u0259c\u0259n bal\u0131q tutur. Tutdu\u011fu bal\u0131qlar\u0131 sat\u0131b, yolpulunu toplay\u0131r. G\u00fcnd\u00fczl\u0259ri is\u0259 f\u0259hl\u0259lik edir. Bir s\u00f6zl\u0259, gec\u0259si-g\u00fcnd\u00fcz\u00fc olmur. Ancaq bununla bel\u0259 u\u015faqlar\u0131n\u0131 h\u0259kiml\u0259rin dediyi kimi keyfiyy\u0259tli, g\u00fccl\u00fc \u0259rzaqla t\u0259min ed\u0259 bilmir:\n<\/p>\n<p>\n  \u201cYax\u015f\u0131 yes\u0259l\u0259r qan 20-25 g\u00fcnd\u0259nbir vurular. Biz\u0259 d\u0259 rahat olar. Ancaq yax\u015f\u0131 qidalanm\u0131rlar dey\u0259 qan b\u0259d\u0259nl\u0259rind\u0259 tez par\u00e7alan\u0131r v\u0259 n\u0259tic\u0259d\u0259 15 g\u00fcnd\u0259nbir getm\u0259k laz\u0131m g\u0259lir. B\u0259z\u0259n bir h\u0259ft\u0259nin tamam\u0131nda getdiyimiz d\u0259 olur. Qalm\u0131\u015f\u0131q yollarda\u201d.\n<\/p>\n<p>\n  U\u015faqlar boyunlar\u0131ndan as\u0131lan cihazla g\u0259zirl\u0259r. Ata deyir ki, buna g\u00f6r\u0259 n\u0259 qa\u00e7a, n\u0259 \u0259yl\u0259n\u0259 bilirl\u0259r. U\u015faql\u0131qlar\u0131n\u0131 ya\u015fam\u0131rlar:\n<\/p>\n<p>\n  \u201cH\u0259min cihaz qanda d\u0259miri par\u00e7alay\u0131r. Ka\u015f bunun d\u0259rmanla bir \u00e7ar\u0259si olard\u0131. Yaz\u0131q u\u015faqlar bu q\u0259d\u0259r \u0259ziyy\u0259t \u00e7\u0259km\u0259zdil\u0259r. Cihaza ba\u011fl\u0131 ya\u015famaq u\u015faq \u00fc\u00e7\u00fcn z\u00fclmd\u00fcr. Biz d\u0259 valideyn kimi bax\u0131b, \u0259zab \u00e7\u0259kirik. H\u0259l\u0259 bu problemin bizd\u0259n qaynaqland\u0131\u011f\u0131n\u0131 d\u00fc\u015f\u00fcn\u0259nd\u0259, az qal\u0131r\u0131q d\u0259li olaq\u201d.\n<\/p>\n<p>\n  <b><br \/>\n    \u201cX\u0259st\u0259lik m\u0259kt\u0259b\u0259 getm\u0259l\u0259rin\u0259 d\u0259 imkan vermir\u201d<br \/>\n  <\/b>\n<\/p>\n<p>\n  Ail\u0259 Elvinin atas\u0131ndan qalan evd\u0259 ya\u015fay\u0131r. T\u0259k deyill\u0259r, Elvinin qarda\u015f\u0131n\u0131n ail\u0259si v\u0259 anas\u0131 da bu evd\u0259 qal\u0131r:\n<\/p>\n<p>\n  \u201cG\u00fcz\u0259ran\u0131m\u0131z\u0131 da g\u00f6r\u00fcrs\u00fcz, 9 n\u0259f\u0259r bir evin i\u00e7ind\u0259 ya\u015fay\u0131r\u0131q. Ev olmasayd\u0131, \u00fcmumiyy\u0259tl\u0259, hal\u0131m\u0131z nec\u0259 olard\u0131, bilmir\u0259m. U\u015faqlar evd\u0259 t\u0259hsil al\u0131r. Tez-tez x\u0259st\u0259l\u0259nm\u0259k t\u0259hl\u00fck\u0259l\u0259ri var dey\u0259, m\u0259kt\u0259b\u0259 g\u00f6nd\u0259r\u0259 bilmirik. Evd\u0259 is\u0259 u\u015faq m\u0259kt\u0259bd\u0259ki kimi oxumur. U\u015faqlar\u0131 g\u00f6rs\u0259, onlar da h\u0259v\u0259sl\u0259n\u0259r. M\u0259n d\u0259 ist\u0259yir\u0259m u\u015fa\u011f\u0131m kollektiv\u0259 \u00f6yr\u0259\u015fsin, dostlar\u0131 olsun. Amma x\u0259st\u0259lik imkan vermir\u201d.\n<\/p>\n<p>\n  <b><br \/>\n    \u201cH\u0259r Bak\u0131ya getm\u0259y\u0259 300-400 manat x\u0259rcl\u0259yirik\u201d<br \/>\n  <\/b>\n<\/p>\n<p>\n  Elvin S\u0259m\u0259dov deyir ki, Bak\u0131ya h\u0259r apar\u0131b-g\u0259tir\u0259nd\u0259 300-400 manatlar\u0131 \u00e7\u0131x\u0131r. T\u0259kc\u0259 qan v\u0259 m\u00fcayin\u0259l\u0259r pulsuzdur. Qalan d\u0259rmanlar\u0131n ham\u0131s\u0131n\u0131 pulla al\u0131rlar:\n<\/p>\n<p>\n  \u201cKe\u00e7\u0259n d\u0259f\u0259 qan 3 g\u00fcn\u0259 par\u00e7aland\u0131, g\u0259l\u0259nd\u0259n 2 g\u00fcn sonra yenid\u0259n getm\u0259li olduq. U\u015faqlar\u0131n hal\u0131 pisl\u0259\u015fmi\u015fdi, m\u0259cbur qald\u0131q. Bel\u0259 bir v\u0259ziyy\u0259td\u0259 m\u0259nim normal i\u015f tapmam da m\u00fcmk\u00fcn deyil. Hans\u0131 i\u015fver\u0259n ay\u0131n 1 h\u0259ft\u0259sini i\u015f\u0259 g\u0259l\u0259 bilm\u0259y\u0259n i\u015f\u00e7ini ist\u0259y\u0259r ki? T\u0259k \u00e7\u0131x\u0131\u015f yolu f\u0259hl\u0259likdir, onda da qazanc a\u015fa\u011f\u0131d\u0131r. Odur ki, u\u015faqlara laz\u0131m olan yax\u015f\u0131 qidan\u0131 t\u0259min ed\u0259 bilmir\u0259m\u201d.\n<\/p>\n<p>\n  <b><br \/>\n    Ail\u0259 prezident \u0130lham \u018fliyev v\u0259 xan\u0131m\u0131 Mehriban \u018fliyevadan k\u00f6m\u0259k ist\u0259yir<br \/>\n  <\/b>\n<\/p>\n<p>\n  Ail\u0259 prezident \u0130lham \u018fliyevd\u0259n, Birinci vitse-prezident Mehriban \u018fliyevadan onlara k\u00f6m\u0259k etm\u0259l\u0259rini xahi\u015f edir:\n<\/p>\n<p>\n  \u201c\u018fm\u0259liyyatlar\u0131na \u00e7ox pul ist\u0259yirl\u0259r. Donor olsa, birin\u0259 50-70 min aras\u0131 v\u0259sait laz\u0131md\u0131r. Donor \u00fc\u00e7\u00fcn g\u0259r\u0259k 3-c\u00fc u\u015fa\u011f\u0131m\u0131z ola. O da \u00e7oxlu m\u00fcalic\u0259d\u0259n sonra m\u00fcmk\u00fcnd\u00fcr. Bizim buna q\u0259ti imkan\u0131m\u0131z yoxdur. Amma sizin \u0259linizd\u0259 he\u00e7 n\u0259dir. Yalvar\u0131r\u0131q, biz\u0259 k\u00f6m\u0259k edin\u201d.\n<\/p>\n<p>\n  2015-ci ild\u0259n b\u0259ri Az\u0259rbaycanda yar\u0131m milyondan \u00e7ox insan m\u00fcayin\u0259d\u0259n ke\u00e7ib. Onlardan 20 000 n\u0259f\u0259rin talassemiya da\u015f\u0131y\u0131c\u0131s\u0131 oldu\u011fu m\u0259lum olub. Bu bar\u0259d\u0259 Bahadur Eyvazov ad\u0131na Elmi-T\u0259dqiqat Hematologiya \u0130nstitutunun m\u0259lumat\u0131nda deyilir.\n<\/p>\n<p>\n  \u0130nstitutun r\u0259hb\u0259ri Z\u00f6hra \u018flimirz\u0259yeva deyib ki, h\u0259r ikisinin talassemiya da\u015f\u0131y\u0131c\u0131s\u0131 oldu\u011funu \u00f6yr\u0259ndikd\u0259n sonra t\u0259xmin\u0259n 10 c\u00fctl\u00fck evl\u0259nm\u0259k fikrind\u0259n da\u015f\u0131n\u0131b.<\/p>\n","protected":false},"excerpt":{"rendered":"<p>Elvin S\u0259m\u0259dov deyir ki, Bak\u0131ya h\u0259r apar\u0131b-g\u0259tir\u0259nd\u0259 300-400 manatlar\u0131 \u00e7\u0131x\u0131r.<\/p>\n","protected":false},"author":11,"featured_media":131963,"comment_status":"closed","ping_status":"open","sticky":false,"template":"","format":"standard","meta":{"_acf_changed":false,"_sitemap_exclude":false,"_sitemap_priority":"","_sitemap_frequency":"","footnotes":""},"categories":[60],"tags":[],"class_list":["post-197592","post","type-post","status-publish","format-standard","has-post-thumbnail","hentry","category-bolge","infinite-scroll-item","generate-columns","tablet-grid-50","mobile-grid-100","grid-parent","grid-33","no-featured-image-padding"],"acf":[],"yoast_head":"<!-- This site is optimized with the Yoast SEO plugin v27.5 - https:\/\/yoast.com\/product\/yoast-seo-wordpress\/ -->\n<title>\u201cH\u0259r iki \u00f6vlad\u0131m\u0131z talassemiya x\u0259st\u0259si kimi d\u00fcnyaya g\u0259lib\u201d - MEYDAN.TV<\/title>\n<meta name=\"robots\" content=\"index, follow, max-snippet:-1, max-image-preview:large, max-video-preview:-1\" \/>\n<link rel=\"canonical\" href=\"https:\/\/www.meydan.tv\/az\/article\/her-iki-ovladimiz-talassemiya-xestesi-kimi-dunyaya-gelib\/\" \/>\n<meta property=\"og:locale\" content=\"az_AZ\" \/>\n<meta property=\"og:type\" content=\"article\" \/>\n<meta property=\"og:title\" content=\"\u201cH\u0259r iki \u00f6vlad\u0131m\u0131z talassemiya x\u0259st\u0259si kimi d\u00fcnyaya g\u0259lib\u201d - MEYDAN.TV\" \/>\n<meta property=\"og:description\" content=\"Elvin S\u0259m\u0259dov deyir ki, Bak\u0131ya h\u0259r apar\u0131b-g\u0259tir\u0259nd\u0259 300-400 manatlar\u0131 \u00e7\u0131x\u0131r.\" \/>\n<meta property=\"og:url\" content=\"https:\/\/www.meydan.tv\/az\/article\/her-iki-ovladimiz-talassemiya-xestesi-kimi-dunyaya-gelib\/\" \/>\n<meta property=\"og:site_name\" content=\"MEYDAN.TV\" \/>\n<meta property=\"article:published_time\" content=\"2019-10-22T15:00:48+00:00\" \/>\n<meta property=\"og:image\" content=\"https:\/\/www.meydan.tv\/wp-content\/uploads\/image_from_ios_9dxhxsh-scaled.jpg\" \/>\n\t<meta property=\"og:image:width\" content=\"2560\" \/>\n\t<meta property=\"og:image:height\" content=\"1920\" \/>\n\t<meta property=\"og:image:type\" content=\"image\/jpeg\" \/>\n<meta name=\"author\" content=\"user-manager\" \/>\n<meta name=\"twitter:card\" content=\"summary_large_image\" \/>\n<script type=\"application\/ld+json\" class=\"yoast-schema-graph\">{\"@context\":\"https:\\\/\\\/schema.org\",\"@graph\":[{\"@type\":\"Article\",\"@id\":\"https:\\\/\\\/www.meydan.tv\\\/az\\\/article\\\/her-iki-ovladimiz-talassemiya-xestesi-kimi-dunyaya-gelib\\\/#article\",\"isPartOf\":{\"@id\":\"https:\\\/\\\/www.meydan.tv\\\/az\\\/article\\\/her-iki-ovladimiz-talassemiya-xestesi-kimi-dunyaya-gelib\\\/\"},\"author\":{\"name\":\"user-manager\",\"@id\":\"https:\\\/\\\/www.meydan.tv\\\/az\\\/#\\\/schema\\\/person\\\/10d11eccf6da3662cf5fdab9806ea91a\"},\"headline\":\"\u201cH\u0259r iki \u00f6vlad\u0131m\u0131z talassemiya x\u0259st\u0259si kimi d\u00fcnyaya g\u0259lib\u201d\",\"datePublished\":\"2019-10-22T15:00:48+00:00\",\"mainEntityOfPage\":{\"@id\":\"https:\\\/\\\/www.meydan.tv\\\/az\\\/article\\\/her-iki-ovladimiz-talassemiya-xestesi-kimi-dunyaya-gelib\\\/\"},\"wordCount\":1464,\"publisher\":{\"@id\":\"https:\\\/\\\/www.meydan.tv\\\/az\\\/#organization\"},\"image\":{\"@id\":\"https:\\\/\\\/www.meydan.tv\\\/az\\\/article\\\/her-iki-ovladimiz-talassemiya-xestesi-kimi-dunyaya-gelib\\\/#primaryimage\"},\"thumbnailUrl\":\"https:\\\/\\\/www.meydan.tv\\\/wp-content\\\/uploads\\\/image_from_ios_9dxhxsh-scaled.jpg\",\"articleSection\":[\"B\u00f6lg\u0259\"],\"inLanguage\":\"az\"},{\"@type\":\"WebPage\",\"@id\":\"https:\\\/\\\/www.meydan.tv\\\/az\\\/article\\\/her-iki-ovladimiz-talassemiya-xestesi-kimi-dunyaya-gelib\\\/\",\"url\":\"https:\\\/\\\/www.meydan.tv\\\/az\\\/article\\\/her-iki-ovladimiz-talassemiya-xestesi-kimi-dunyaya-gelib\\\/\",\"name\":\"\u201cH\u0259r iki \u00f6vlad\u0131m\u0131z talassemiya x\u0259st\u0259si kimi d\u00fcnyaya g\u0259lib\u201d - MEYDAN.TV\",\"isPartOf\":{\"@id\":\"https:\\\/\\\/www.meydan.tv\\\/az\\\/#website\"},\"primaryImageOfPage\":{\"@id\":\"https:\\\/\\\/www.meydan.tv\\\/az\\\/article\\\/her-iki-ovladimiz-talassemiya-xestesi-kimi-dunyaya-gelib\\\/#primaryimage\"},\"image\":{\"@id\":\"https:\\\/\\\/www.meydan.tv\\\/az\\\/article\\\/her-iki-ovladimiz-talassemiya-xestesi-kimi-dunyaya-gelib\\\/#primaryimage\"},\"thumbnailUrl\":\"https:\\\/\\\/www.meydan.tv\\\/wp-content\\\/uploads\\\/image_from_ios_9dxhxsh-scaled.jpg\",\"datePublished\":\"2019-10-22T15:00:48+00:00\",\"breadcrumb\":{\"@id\":\"https:\\\/\\\/www.meydan.tv\\\/az\\\/article\\\/her-iki-ovladimiz-talassemiya-xestesi-kimi-dunyaya-gelib\\\/#breadcrumb\"},\"inLanguage\":\"az\",\"potentialAction\":[{\"@type\":\"ReadAction\",\"target\":[\"https:\\\/\\\/www.meydan.tv\\\/az\\\/article\\\/her-iki-ovladimiz-talassemiya-xestesi-kimi-dunyaya-gelib\\\/\"]}]},{\"@type\":\"ImageObject\",\"inLanguage\":\"az\",\"@id\":\"https:\\\/\\\/www.meydan.tv\\\/az\\\/article\\\/her-iki-ovladimiz-talassemiya-xestesi-kimi-dunyaya-gelib\\\/#primaryimage\",\"url\":\"https:\\\/\\\/www.meydan.tv\\\/wp-content\\\/uploads\\\/image_from_ios_9dxhxsh-scaled.jpg\",\"contentUrl\":\"https:\\\/\\\/www.meydan.tv\\\/wp-content\\\/uploads\\\/image_from_ios_9dxhxsh-scaled.jpg\",\"width\":2560,\"height\":1920,\"caption\":\"Source: Specify Source\"},{\"@type\":\"BreadcrumbList\",\"@id\":\"https:\\\/\\\/www.meydan.tv\\\/az\\\/article\\\/her-iki-ovladimiz-talassemiya-xestesi-kimi-dunyaya-gelib\\\/#breadcrumb\",\"itemListElement\":[{\"@type\":\"ListItem\",\"position\":1,\"name\":\"Ana s\u0259hif\u0259\",\"item\":\"https:\\\/\\\/www.meydan.tv\\\/az\\\/\"},{\"@type\":\"ListItem\",\"position\":2,\"name\":\"B\u00f6lg\u0259\",\"item\":\"https:\\\/\\\/www.meydan.tv\\\/az\\\/section\\\/bolge\\\/\"},{\"@type\":\"ListItem\",\"position\":3,\"name\":\"\u201cH\u0259r iki \u00f6vlad\u0131m\u0131z talassemiya x\u0259st\u0259si kimi d\u00fcnyaya g\u0259lib\u201d\"}]},{\"@type\":\"WebSite\",\"@id\":\"https:\\\/\\\/www.meydan.tv\\\/az\\\/#website\",\"url\":\"https:\\\/\\\/www.meydan.tv\\\/az\\\/\",\"name\":\"MEYDAN.TV\",\"description\":\"Meydan TV Az\u0259rbaycan\u0131n media m\u0259kan\u0131ndak\u0131 alternativ s\u0259sidir\",\"publisher\":{\"@id\":\"https:\\\/\\\/www.meydan.tv\\\/az\\\/#organization\"},\"potentialAction\":[{\"@type\":\"SearchAction\",\"target\":{\"@type\":\"EntryPoint\",\"urlTemplate\":\"https:\\\/\\\/www.meydan.tv\\\/az\\\/?s={search_term_string}\"},\"query-input\":{\"@type\":\"PropertyValueSpecification\",\"valueRequired\":true,\"valueName\":\"search_term_string\"}}],\"inLanguage\":\"az\"},{\"@type\":\"Organization\",\"@id\":\"https:\\\/\\\/www.meydan.tv\\\/az\\\/#organization\",\"name\":\"Meydan TV\",\"url\":\"https:\\\/\\\/www.meydan.tv\\\/az\\\/\",\"logo\":{\"@type\":\"ImageObject\",\"inLanguage\":\"az\",\"@id\":\"https:\\\/\\\/www.meydan.tv\\\/az\\\/#\\\/schema\\\/logo\\\/image\\\/\",\"url\":\"https:\\\/\\\/www.meydan.tv\\\/wp-content\\\/uploads\\\/2021\\\/07\\\/meydan-logo.svg\",\"contentUrl\":\"https:\\\/\\\/www.meydan.tv\\\/wp-content\\\/uploads\\\/2021\\\/07\\\/meydan-logo.svg\",\"width\":195,\"height\":46,\"caption\":\"Meydan TV\"},\"image\":{\"@id\":\"https:\\\/\\\/www.meydan.tv\\\/az\\\/#\\\/schema\\\/logo\\\/image\\\/\"}},{\"@type\":\"Person\",\"@id\":\"https:\\\/\\\/www.meydan.tv\\\/az\\\/#\\\/schema\\\/person\\\/10d11eccf6da3662cf5fdab9806ea91a\",\"name\":\"user-manager\"}]}<\/script>\n<!-- \/ Yoast SEO plugin. -->","yoast_head_json":{"title":"\u201cH\u0259r iki \u00f6vlad\u0131m\u0131z talassemiya x\u0259st\u0259si kimi d\u00fcnyaya g\u0259lib\u201d - MEYDAN.TV","robots":{"index":"index","follow":"follow","max-snippet":"max-snippet:-1","max-image-preview":"max-image-preview:large","max-video-preview":"max-video-preview:-1"},"canonical":"https:\/\/www.meydan.tv\/az\/article\/her-iki-ovladimiz-talassemiya-xestesi-kimi-dunyaya-gelib\/","og_locale":"az_AZ","og_type":"article","og_title":"\u201cH\u0259r iki \u00f6vlad\u0131m\u0131z talassemiya x\u0259st\u0259si kimi d\u00fcnyaya g\u0259lib\u201d - MEYDAN.TV","og_description":"Elvin S\u0259m\u0259dov deyir ki, Bak\u0131ya h\u0259r apar\u0131b-g\u0259tir\u0259nd\u0259 300-400 manatlar\u0131 \u00e7\u0131x\u0131r.","og_url":"https:\/\/www.meydan.tv\/az\/article\/her-iki-ovladimiz-talassemiya-xestesi-kimi-dunyaya-gelib\/","og_site_name":"MEYDAN.TV","article_published_time":"2019-10-22T15:00:48+00:00","og_image":[{"width":2560,"height":1920,"url":"https:\/\/www.meydan.tv\/wp-content\/uploads\/image_from_ios_9dxhxsh-scaled.jpg","type":"image\/jpeg"}],"author":"user-manager","twitter_card":"summary_large_image","schema":{"@context":"https:\/\/schema.org","@graph":[{"@type":"Article","@id":"https:\/\/www.meydan.tv\/az\/article\/her-iki-ovladimiz-talassemiya-xestesi-kimi-dunyaya-gelib\/#article","isPartOf":{"@id":"https:\/\/www.meydan.tv\/az\/article\/her-iki-ovladimiz-talassemiya-xestesi-kimi-dunyaya-gelib\/"},"author":{"name":"user-manager","@id":"https:\/\/www.meydan.tv\/az\/#\/schema\/person\/10d11eccf6da3662cf5fdab9806ea91a"},"headline":"\u201cH\u0259r iki \u00f6vlad\u0131m\u0131z talassemiya x\u0259st\u0259si kimi d\u00fcnyaya g\u0259lib\u201d","datePublished":"2019-10-22T15:00:48+00:00","mainEntityOfPage":{"@id":"https:\/\/www.meydan.tv\/az\/article\/her-iki-ovladimiz-talassemiya-xestesi-kimi-dunyaya-gelib\/"},"wordCount":1464,"publisher":{"@id":"https:\/\/www.meydan.tv\/az\/#organization"},"image":{"@id":"https:\/\/www.meydan.tv\/az\/article\/her-iki-ovladimiz-talassemiya-xestesi-kimi-dunyaya-gelib\/#primaryimage"},"thumbnailUrl":"https:\/\/www.meydan.tv\/wp-content\/uploads\/image_from_ios_9dxhxsh-scaled.jpg","articleSection":["B\u00f6lg\u0259"],"inLanguage":"az"},{"@type":"WebPage","@id":"https:\/\/www.meydan.tv\/az\/article\/her-iki-ovladimiz-talassemiya-xestesi-kimi-dunyaya-gelib\/","url":"https:\/\/www.meydan.tv\/az\/article\/her-iki-ovladimiz-talassemiya-xestesi-kimi-dunyaya-gelib\/","name":"\u201cH\u0259r iki \u00f6vlad\u0131m\u0131z talassemiya x\u0259st\u0259si kimi d\u00fcnyaya g\u0259lib\u201d - MEYDAN.TV","isPartOf":{"@id":"https:\/\/www.meydan.tv\/az\/#website"},"primaryImageOfPage":{"@id":"https:\/\/www.meydan.tv\/az\/article\/her-iki-ovladimiz-talassemiya-xestesi-kimi-dunyaya-gelib\/#primaryimage"},"image":{"@id":"https:\/\/www.meydan.tv\/az\/article\/her-iki-ovladimiz-talassemiya-xestesi-kimi-dunyaya-gelib\/#primaryimage"},"thumbnailUrl":"https:\/\/www.meydan.tv\/wp-content\/uploads\/image_from_ios_9dxhxsh-scaled.jpg","datePublished":"2019-10-22T15:00:48+00:00","breadcrumb":{"@id":"https:\/\/www.meydan.tv\/az\/article\/her-iki-ovladimiz-talassemiya-xestesi-kimi-dunyaya-gelib\/#breadcrumb"},"inLanguage":"az","potentialAction":[{"@type":"ReadAction","target":["https:\/\/www.meydan.tv\/az\/article\/her-iki-ovladimiz-talassemiya-xestesi-kimi-dunyaya-gelib\/"]}]},{"@type":"ImageObject","inLanguage":"az","@id":"https:\/\/www.meydan.tv\/az\/article\/her-iki-ovladimiz-talassemiya-xestesi-kimi-dunyaya-gelib\/#primaryimage","url":"https:\/\/www.meydan.tv\/wp-content\/uploads\/image_from_ios_9dxhxsh-scaled.jpg","contentUrl":"https:\/\/www.meydan.tv\/wp-content\/uploads\/image_from_ios_9dxhxsh-scaled.jpg","width":2560,"height":1920,"caption":"Source: Specify Source"},{"@type":"BreadcrumbList","@id":"https:\/\/www.meydan.tv\/az\/article\/her-iki-ovladimiz-talassemiya-xestesi-kimi-dunyaya-gelib\/#breadcrumb","itemListElement":[{"@type":"ListItem","position":1,"name":"Ana s\u0259hif\u0259","item":"https:\/\/www.meydan.tv\/az\/"},{"@type":"ListItem","position":2,"name":"B\u00f6lg\u0259","item":"https:\/\/www.meydan.tv\/az\/section\/bolge\/"},{"@type":"ListItem","position":3,"name":"\u201cH\u0259r iki \u00f6vlad\u0131m\u0131z talassemiya x\u0259st\u0259si kimi d\u00fcnyaya g\u0259lib\u201d"}]},{"@type":"WebSite","@id":"https:\/\/www.meydan.tv\/az\/#website","url":"https:\/\/www.meydan.tv\/az\/","name":"MEYDAN.TV","description":"Meydan TV Az\u0259rbaycan\u0131n media m\u0259kan\u0131ndak\u0131 alternativ s\u0259sidir","publisher":{"@id":"https:\/\/www.meydan.tv\/az\/#organization"},"potentialAction":[{"@type":"SearchAction","target":{"@type":"EntryPoint","urlTemplate":"https:\/\/www.meydan.tv\/az\/?s={search_term_string}"},"query-input":{"@type":"PropertyValueSpecification","valueRequired":true,"valueName":"search_term_string"}}],"inLanguage":"az"},{"@type":"Organization","@id":"https:\/\/www.meydan.tv\/az\/#organization","name":"Meydan TV","url":"https:\/\/www.meydan.tv\/az\/","logo":{"@type":"ImageObject","inLanguage":"az","@id":"https:\/\/www.meydan.tv\/az\/#\/schema\/logo\/image\/","url":"https:\/\/www.meydan.tv\/wp-content\/uploads\/2021\/07\/meydan-logo.svg","contentUrl":"https:\/\/www.meydan.tv\/wp-content\/uploads\/2021\/07\/meydan-logo.svg","width":195,"height":46,"caption":"Meydan TV"},"image":{"@id":"https:\/\/www.meydan.tv\/az\/#\/schema\/logo\/image\/"}},{"@type":"Person","@id":"https:\/\/www.meydan.tv\/az\/#\/schema\/person\/10d11eccf6da3662cf5fdab9806ea91a","name":"user-manager"}]}},"_links":{"self":[{"href":"https:\/\/www.meydan.tv\/az\/wp-json\/wp\/v2\/posts\/197592","targetHints":{"allow":["GET"]}}],"collection":[{"href":"https:\/\/www.meydan.tv\/az\/wp-json\/wp\/v2\/posts"}],"about":[{"href":"https:\/\/www.meydan.tv\/az\/wp-json\/wp\/v2\/types\/post"}],"author":[{"embeddable":true,"href":"https:\/\/www.meydan.tv\/az\/wp-json\/wp\/v2\/users\/11"}],"replies":[{"embeddable":true,"href":"https:\/\/www.meydan.tv\/az\/wp-json\/wp\/v2\/comments?post=197592"}],"version-history":[{"count":0,"href":"https:\/\/www.meydan.tv\/az\/wp-json\/wp\/v2\/posts\/197592\/revisions"}],"wp:featuredmedia":[{"embeddable":true,"href":"https:\/\/www.meydan.tv\/az\/wp-json\/wp\/v2\/media\/131963"}],"wp:attachment":[{"href":"https:\/\/www.meydan.tv\/az\/wp-json\/wp\/v2\/media?parent=197592"}],"wp:term":[{"taxonomy":"category","embeddable":true,"href":"https:\/\/www.meydan.tv\/az\/wp-json\/wp\/v2\/categories?post=197592"},{"taxonomy":"post_tag","embeddable":true,"href":"https:\/\/www.meydan.tv\/az\/wp-json\/wp\/v2\/tags?post=197592"}],"curies":[{"name":"wp","href":"https:\/\/api.w.org\/{rel}","templated":true}]}}