{"id":197587,"date":"2019-10-22T14:09:05","date_gmt":"2019-10-22T14:09:05","guid":{"rendered":"https:\/\/www.meydan.tv\/article\/iran-suriya-daxilinde-turkiye-herbi-postlarinin-qurulmasini-istemir\/"},"modified":"2019-10-22T14:09:05","modified_gmt":"2019-10-22T14:09:05","slug":"iran-suriya-daxilinde-turkiye-herbi-postlarinin-qurulmasini-istemir","status":"publish","type":"post","link":"https:\/\/www.meydan.tv\/az\/article\/iran-suriya-daxilinde-turkiye-herbi-postlarinin-qurulmasini-istemir\/","title":{"rendered":"\u0130ran Suriya daxilind\u0259 T\u00fcrkiy\u0259 h\u0259rbi postlar\u0131n\u0131n qurulmas\u0131n\u0131 ist\u0259mir"},"content":{"rendered":"<p>\n  <i><br \/>\n    Abbas Mosavi: \u201cSuriya il\u0259 T\u00fcrkiy\u0259 aras\u0131ndak\u0131 m\u0259s\u0259l\u0259l\u0259r diplomatik yolla h\u0259ll edilm\u0259lidir\u201d<br \/>\n  <\/i>\n<\/p>\n<p>\n  \u0130ran Suriyan\u0131n daxilind\u0259 t\u00fcrk h\u0259rbi postlar\u0131n\u0131n qurulmas\u0131na qar\u015f\u0131d\u0131r v\u0259 deyib ki, iki \u00f6lk\u0259 aras\u0131ndak\u0131 m\u00f6vcud s\u0259rh\u0259dl\u0259r\u0259 h\u00f6rm\u0259t edilm\u0259lidir, &#8211; \u201cReuters\u201d x\u0259b\u0259r verir.\n<\/p>\n<p>\n  D\u00f6vl\u0259t televiziyas\u0131nda yay\u0131mlanan h\u0259ft\u0259lik m\u0259tbuat konfrans\u0131nda \u00e7\u0131x\u0131\u015f ed\u0259n \u0130ran\u0131n Xarici \u0130\u015fl\u0259r Nazirliyinin s\u00f6zc\u00fcs\u00fc Abbas Mosavi Suriya il\u0259 T\u00fcrkiy\u0259 aras\u0131ndak\u0131 m\u0259s\u0259l\u0259l\u0259rin diplomatik yolla h\u0259ll edilm\u0259li oldu\u011funu deyib:\n<\/p>\n<p>\n  \u201cBiz Ankaran\u0131n Suriyada h\u0259rbi postlar qurmas\u0131na qar\u015f\u0131y\u0131q &#8230; Suriyan\u0131n b\u00fct\u00f6vl\u00fcy\u00fcn\u0259 h\u00f6rm\u0259t edilm\u0259lidir\u201d.\n<\/p>\n<p>\n  Ke\u00e7\u0259n h\u0259ft\u0259 T\u00fcrkiy\u0259 prezidenti R\u0259c\u0259b Tayyib \u018frdo\u011fan k\u00fcrd q\u00fcvv\u0259l\u0259rinin Suriyan\u0131n \u015fimal-\u015f\u0259rqind\u0259 k\u00fcrdl\u0259rin \u0259l\u0259 ke\u00e7irdikl\u0259ri b\u00f6lg\u0259l\u0259rd\u0259n geri \u00e7\u0259kilm\u0259si \u00fc\u00e7\u00fcn vaxt verib v\u0259 bu m\u0259qs\u0259dl\u0259 d\u00f6y\u00fc\u015fl\u0259ri m\u00fcv\u0259qq\u0259ti dayand\u0131r\u0131b.\n<\/p>\n<p>\n  Oktyabr\u0131n 22-d\u0259 m\u00f6hl\u0259t m\u00fcdd\u0259ti bitib. Suriyal\u0131 k\u00fcrd h\u0259rb\u00e7il\u0259r T\u00fcrkiy\u0259 r\u0259hb\u0259rliyind\u0259ki \u0259razil\u0259rd\u0259n k\u00fcrd q\u00fcvv\u0259l\u0259rinin v\u0259 sivil \u0259halinin \u00e7\u0131xmas\u0131na icaz\u0259 ver\u0259c\u0259yi t\u0259qdird\u0259 AB\u015e-\u0131n vasit\u0259\u00e7iliyi il\u0259 \u0259ld\u0259 olunmu\u015f at\u0259\u015fk\u0259s\u0259 \u0259m\u0259l etm\u0259k \u00fc\u00e7\u00fcn Suriyan\u0131n \u015fimal-\u015f\u0259rqind\u0259ki s\u0259rh\u0259d b\u00f6lg\u0259sind\u0259n \u00e7\u0131xma\u011fa haz\u0131r olduqlar\u0131n\u0131 deyib.\n<\/p>\n<p>\n  T\u00fcrkiy\u0259nin xarici i\u015fl\u0259r naziri Mevlut \u00c7avu\u015fo\u011flu oktyabr\u0131n 20-d\u0259 deyib ki, Ankara planla\u015fd\u0131r\u0131lan \u201ct\u0259hl\u00fck\u0259siz b\u00f6lg\u0259d\u0259\u201d bir k\u00fcrd silahl\u0131s\u0131n\u0131n qalmas\u0131n\u0131 bel\u0259 ist\u0259mir. O \u0259lav\u0259 edib ki, T\u00fcrkiy\u0259 bu m\u0259s\u0259l\u0259ni Suriya prezidenti B\u0259\u015f\u0259r \u018fs\u0259d q\u00fcvv\u0259l\u0259riyl\u0259 birlikd\u0259 Rusiya il\u0259 m\u00fczakir\u0259 ed\u0259c\u0259k.\n<\/p>\n<p>\n  \u018frdo\u011fan\u0131n oktyabr\u0131n 22-d\u0259 Rusiya prezidenti Vladimir Putinl\u0259 Rusiyan\u0131n Qara d\u0259niz kurort m\u0259rk\u0259zi So\u00e7id\u0259 g\u00f6r\u00fc\u015f\u0259c\u0259yi planla\u015fd\u0131r\u0131l\u0131r.\n<\/p>\n<p>\n  D\u00f6y\u00fc\u015fl\u0259rin getdiyi \u015f\u0259h\u0259rl\u0259ri indiy\u0259d\u0259k minl\u0259rl\u0259 dinc sakin t\u0259rk edib.\n<\/p>\n<p>\n  NATO \u00fczv\u00fc olan T\u00fcrkiy\u0259 t\u0259r\u0259find\u0259n edil\u0259n h\u00fccum beyn\u0259lxalq q\u0259z\u0259b\u0259 s\u0259b\u0259b olub. Avropa Ankaraya silah embarqosu t\u0259tbiq etm\u0259y\u0259 haz\u0131rla\u015fark\u0259n AB\u015e prezidenti Donald Tramp T\u00fcrkiy\u0259nin iqtisadiyyat\u0131na z\u0259rb\u0259 vuraca\u011f\u0131 il\u0259 t\u0259hdid edib.\n<\/p>\n<p>\n  \u00c7oxu hesab edir ki, Tramp AB\u015e q\u00fcvv\u0259l\u0259rini Suriyan\u0131n \u015fimal-\u015f\u0259rqind\u0259n \u00e7\u0131xarmaqla T\u00fcrkiy\u0259 h\u0259rbi \u0259m\u0259liyyatlar\u0131na ya\u015f\u0131l i\u015f\u0131q yand\u0131r\u0131b.\n<\/p>\n<p>\n  T\u0259nqid\u00e7il\u0259r Tramp\u0131n q\u0259rar\u0131n\u0131 AB\u015e-\u0131n m\u00fctt\u0259fiq k\u00fcrdl\u0259r\u0259 x\u0259yan\u0259ti kimi xarakteriz\u0259 edibl\u0259r v\u0259 deyibl\u0259r ki, t\u00fcrkiy\u0259nin h\u0259rbi \u0259m\u0259liyyatlar\u0131 k\u00fcrd sava\u015f\u00e7\u0131lar\u0131 t\u0259r\u0259find\u0259n saxlan\u0131lan minl\u0259rl\u0259 \u0130\u015e\u0130D m\u0259hbusunun h\u0259bsxanalardan qa\u00e7a bilm\u0259sin\u0259 s\u0259b\u0259b ola bil\u0259r. Onlar bunu b\u00f6y\u00fck narahatl\u0131q adland\u0131r\u0131blar.\n<\/p>\n<p>\n  AB\u015e-\u0131n vitse-prezidenti Mayk Pensin elan etdiyi sazi\u015f\u0259 \u0259sas\u0259n d\u00f6y\u00fc\u015fl\u0259r be\u015f g\u00fcn m\u00fcdd\u0259tin\u0259 dayand\u0131r\u0131lmal\u0131 v\u0259 AB\u015e k\u00fcrd qo\u015funlar\u0131n\u0131n T\u00fcrkiy\u0259nin s\u0259rh\u0259d boyu qurma\u011fa \u00e7al\u0131\u015fd\u0131\u011f\u0131 \u201ct\u0259hl\u00fck\u0259siz zonadan\u201d \u00e7\u0131xar\u0131lmas\u0131na k\u00f6m\u0259k etm\u0259lidir.\n<\/p>\n<p>\n  \u018frdo\u011fan k\u00fcrdl\u0259rin geri \u00e7\u0259kilm\u0259sinin oktyabr\u0131n 22-n\u0259 q\u0259d\u0259r ba\u015fa \u00e7atmad\u0131\u011f\u0131 t\u0259qdird\u0259 m\u00fcharib\u0259ni buraxd\u0131qlar\u0131 yerd\u0259n yenid\u0259n davam etdir\u0259c\u0259yini v\u0259 terror\u00e7ular\u0131n ba\u015flar\u0131n\u0131 \u0259zm\u0259y\u0259 davam ed\u0259c\u0259yini qeyd edib.<\/p>\n","protected":false},"excerpt":{"rendered":"<p>\u201cBiz Ankaran\u0131n Suriyada h\u0259rbi postlar qurmas\u0131na qar\u015f\u0131y\u0131q &#8230; Suriyan\u0131n b\u00fct\u00f6vl\u00fcy\u00fcn\u0259 h\u00f6rm\u0259t edilm\u0259lidir\u201d.<\/p>\n","protected":false},"author":11,"featured_media":131945,"comment_status":"closed","ping_status":"open","sticky":false,"template":"","format":"standard","meta":{"_acf_changed":false,"_sitemap_exclude":false,"_sitemap_priority":"","_sitemap_frequency":"","footnotes":""},"categories":[64],"tags":[],"class_list":["post-197587","post","type-post","status-publish","format-standard","has-post-thumbnail","hentry","category-dunya","infinite-scroll-item","generate-columns","tablet-grid-50","mobile-grid-100","grid-parent","grid-33","no-featured-image-padding"],"acf":[],"yoast_head":"<!-- This site is optimized with the Yoast SEO plugin v27.5 - https:\/\/yoast.com\/product\/yoast-seo-wordpress\/ -->\n<title>\u0130ran Suriya daxilind\u0259 T\u00fcrkiy\u0259 h\u0259rbi postlar\u0131n\u0131n qurulmas\u0131n\u0131 ist\u0259mir - MEYDAN.TV<\/title>\n<meta name=\"robots\" content=\"index, follow, max-snippet:-1, max-image-preview:large, max-video-preview:-1\" \/>\n<link rel=\"canonical\" href=\"https:\/\/www.meydan.tv\/az\/article\/iran-suriya-daxilinde-turkiye-herbi-postlarinin-qurulmasini-istemir\/\" \/>\n<meta property=\"og:locale\" content=\"az_AZ\" \/>\n<meta property=\"og:type\" content=\"article\" \/>\n<meta property=\"og:title\" content=\"\u0130ran Suriya daxilind\u0259 T\u00fcrkiy\u0259 h\u0259rbi postlar\u0131n\u0131n qurulmas\u0131n\u0131 ist\u0259mir - MEYDAN.TV\" \/>\n<meta property=\"og:description\" content=\"\u201cBiz Ankaran\u0131n Suriyada h\u0259rbi postlar qurmas\u0131na qar\u015f\u0131y\u0131q ... Suriyan\u0131n b\u00fct\u00f6vl\u00fcy\u00fcn\u0259 h\u00f6rm\u0259t edilm\u0259lidir\u201d.\" \/>\n<meta property=\"og:url\" content=\"https:\/\/www.meydan.tv\/az\/article\/iran-suriya-daxilinde-turkiye-herbi-postlarinin-qurulmasini-istemir\/\" \/>\n<meta property=\"og:site_name\" content=\"MEYDAN.TV\" \/>\n<meta property=\"article:published_time\" content=\"2019-10-22T14:09:05+00:00\" \/>\n<meta property=\"og:image\" content=\"https:\/\/www.meydan.tv\/wp-content\/uploads\/156279c6-ee88-4c56-9635-3b4fa2fca505_w1200_r1_s.jpg\" \/>\n\t<meta property=\"og:image:width\" content=\"1200\" \/>\n\t<meta property=\"og:image:height\" content=\"675\" \/>\n\t<meta property=\"og:image:type\" content=\"image\/jpeg\" \/>\n<meta name=\"author\" content=\"user-manager\" \/>\n<meta name=\"twitter:card\" content=\"summary_large_image\" \/>\n<script type=\"application\/ld+json\" class=\"yoast-schema-graph\">{\"@context\":\"https:\\\/\\\/schema.org\",\"@graph\":[{\"@type\":\"Article\",\"@id\":\"https:\\\/\\\/www.meydan.tv\\\/az\\\/article\\\/iran-suriya-daxilinde-turkiye-herbi-postlarinin-qurulmasini-istemir\\\/#article\",\"isPartOf\":{\"@id\":\"https:\\\/\\\/www.meydan.tv\\\/az\\\/article\\\/iran-suriya-daxilinde-turkiye-herbi-postlarinin-qurulmasini-istemir\\\/\"},\"author\":{\"name\":\"user-manager\",\"@id\":\"https:\\\/\\\/www.meydan.tv\\\/az\\\/#\\\/schema\\\/person\\\/10d11eccf6da3662cf5fdab9806ea91a\"},\"headline\":\"\u0130ran Suriya daxilind\u0259 T\u00fcrkiy\u0259 h\u0259rbi postlar\u0131n\u0131n qurulmas\u0131n\u0131 ist\u0259mir\",\"datePublished\":\"2019-10-22T14:09:05+00:00\",\"mainEntityOfPage\":{\"@id\":\"https:\\\/\\\/www.meydan.tv\\\/az\\\/article\\\/iran-suriya-daxilinde-turkiye-herbi-postlarinin-qurulmasini-istemir\\\/\"},\"wordCount\":654,\"publisher\":{\"@id\":\"https:\\\/\\\/www.meydan.tv\\\/az\\\/#organization\"},\"image\":{\"@id\":\"https:\\\/\\\/www.meydan.tv\\\/az\\\/article\\\/iran-suriya-daxilinde-turkiye-herbi-postlarinin-qurulmasini-istemir\\\/#primaryimage\"},\"thumbnailUrl\":\"https:\\\/\\\/www.meydan.tv\\\/wp-content\\\/uploads\\\/156279c6-ee88-4c56-9635-3b4fa2fca505_w1200_r1_s.jpg\",\"articleSection\":[\"D\u00fcnya\"],\"inLanguage\":\"az\"},{\"@type\":\"WebPage\",\"@id\":\"https:\\\/\\\/www.meydan.tv\\\/az\\\/article\\\/iran-suriya-daxilinde-turkiye-herbi-postlarinin-qurulmasini-istemir\\\/\",\"url\":\"https:\\\/\\\/www.meydan.tv\\\/az\\\/article\\\/iran-suriya-daxilinde-turkiye-herbi-postlarinin-qurulmasini-istemir\\\/\",\"name\":\"\u0130ran Suriya daxilind\u0259 T\u00fcrkiy\u0259 h\u0259rbi postlar\u0131n\u0131n qurulmas\u0131n\u0131 ist\u0259mir - MEYDAN.TV\",\"isPartOf\":{\"@id\":\"https:\\\/\\\/www.meydan.tv\\\/az\\\/#website\"},\"primaryImageOfPage\":{\"@id\":\"https:\\\/\\\/www.meydan.tv\\\/az\\\/article\\\/iran-suriya-daxilinde-turkiye-herbi-postlarinin-qurulmasini-istemir\\\/#primaryimage\"},\"image\":{\"@id\":\"https:\\\/\\\/www.meydan.tv\\\/az\\\/article\\\/iran-suriya-daxilinde-turkiye-herbi-postlarinin-qurulmasini-istemir\\\/#primaryimage\"},\"thumbnailUrl\":\"https:\\\/\\\/www.meydan.tv\\\/wp-content\\\/uploads\\\/156279c6-ee88-4c56-9635-3b4fa2fca505_w1200_r1_s.jpg\",\"datePublished\":\"2019-10-22T14:09:05+00:00\",\"breadcrumb\":{\"@id\":\"https:\\\/\\\/www.meydan.tv\\\/az\\\/article\\\/iran-suriya-daxilinde-turkiye-herbi-postlarinin-qurulmasini-istemir\\\/#breadcrumb\"},\"inLanguage\":\"az\",\"potentialAction\":[{\"@type\":\"ReadAction\",\"target\":[\"https:\\\/\\\/www.meydan.tv\\\/az\\\/article\\\/iran-suriya-daxilinde-turkiye-herbi-postlarinin-qurulmasini-istemir\\\/\"]}]},{\"@type\":\"ImageObject\",\"inLanguage\":\"az\",\"@id\":\"https:\\\/\\\/www.meydan.tv\\\/az\\\/article\\\/iran-suriya-daxilinde-turkiye-herbi-postlarinin-qurulmasini-istemir\\\/#primaryimage\",\"url\":\"https:\\\/\\\/www.meydan.tv\\\/wp-content\\\/uploads\\\/156279c6-ee88-4c56-9635-3b4fa2fca505_w1200_r1_s.jpg\",\"contentUrl\":\"https:\\\/\\\/www.meydan.tv\\\/wp-content\\\/uploads\\\/156279c6-ee88-4c56-9635-3b4fa2fca505_w1200_r1_s.jpg\",\"width\":1200,\"height\":675,\"caption\":\"Source: Foto: Meydan TV\"},{\"@type\":\"BreadcrumbList\",\"@id\":\"https:\\\/\\\/www.meydan.tv\\\/az\\\/article\\\/iran-suriya-daxilinde-turkiye-herbi-postlarinin-qurulmasini-istemir\\\/#breadcrumb\",\"itemListElement\":[{\"@type\":\"ListItem\",\"position\":1,\"name\":\"Ana s\u0259hif\u0259\",\"item\":\"https:\\\/\\\/www.meydan.tv\\\/az\\\/\"},{\"@type\":\"ListItem\",\"position\":2,\"name\":\"D\u00fcnya\",\"item\":\"https:\\\/\\\/www.meydan.tv\\\/az\\\/section\\\/dunya\\\/\"},{\"@type\":\"ListItem\",\"position\":3,\"name\":\"\u0130ran Suriya daxilind\u0259 T\u00fcrkiy\u0259 h\u0259rbi postlar\u0131n\u0131n qurulmas\u0131n\u0131 ist\u0259mir\"}]},{\"@type\":\"WebSite\",\"@id\":\"https:\\\/\\\/www.meydan.tv\\\/az\\\/#website\",\"url\":\"https:\\\/\\\/www.meydan.tv\\\/az\\\/\",\"name\":\"MEYDAN.TV\",\"description\":\"Meydan TV Az\u0259rbaycan\u0131n media m\u0259kan\u0131ndak\u0131 alternativ s\u0259sidir\",\"publisher\":{\"@id\":\"https:\\\/\\\/www.meydan.tv\\\/az\\\/#organization\"},\"potentialAction\":[{\"@type\":\"SearchAction\",\"target\":{\"@type\":\"EntryPoint\",\"urlTemplate\":\"https:\\\/\\\/www.meydan.tv\\\/az\\\/?s={search_term_string}\"},\"query-input\":{\"@type\":\"PropertyValueSpecification\",\"valueRequired\":true,\"valueName\":\"search_term_string\"}}],\"inLanguage\":\"az\"},{\"@type\":\"Organization\",\"@id\":\"https:\\\/\\\/www.meydan.tv\\\/az\\\/#organization\",\"name\":\"Meydan TV\",\"url\":\"https:\\\/\\\/www.meydan.tv\\\/az\\\/\",\"logo\":{\"@type\":\"ImageObject\",\"inLanguage\":\"az\",\"@id\":\"https:\\\/\\\/www.meydan.tv\\\/az\\\/#\\\/schema\\\/logo\\\/image\\\/\",\"url\":\"https:\\\/\\\/www.meydan.tv\\\/wp-content\\\/uploads\\\/2021\\\/07\\\/meydan-logo.svg\",\"contentUrl\":\"https:\\\/\\\/www.meydan.tv\\\/wp-content\\\/uploads\\\/2021\\\/07\\\/meydan-logo.svg\",\"width\":195,\"height\":46,\"caption\":\"Meydan TV\"},\"image\":{\"@id\":\"https:\\\/\\\/www.meydan.tv\\\/az\\\/#\\\/schema\\\/logo\\\/image\\\/\"}},{\"@type\":\"Person\",\"@id\":\"https:\\\/\\\/www.meydan.tv\\\/az\\\/#\\\/schema\\\/person\\\/10d11eccf6da3662cf5fdab9806ea91a\",\"name\":\"user-manager\"}]}<\/script>\n<!-- \/ Yoast SEO plugin. -->","yoast_head_json":{"title":"\u0130ran Suriya daxilind\u0259 T\u00fcrkiy\u0259 h\u0259rbi postlar\u0131n\u0131n qurulmas\u0131n\u0131 ist\u0259mir - MEYDAN.TV","robots":{"index":"index","follow":"follow","max-snippet":"max-snippet:-1","max-image-preview":"max-image-preview:large","max-video-preview":"max-video-preview:-1"},"canonical":"https:\/\/www.meydan.tv\/az\/article\/iran-suriya-daxilinde-turkiye-herbi-postlarinin-qurulmasini-istemir\/","og_locale":"az_AZ","og_type":"article","og_title":"\u0130ran Suriya daxilind\u0259 T\u00fcrkiy\u0259 h\u0259rbi postlar\u0131n\u0131n qurulmas\u0131n\u0131 ist\u0259mir - MEYDAN.TV","og_description":"\u201cBiz Ankaran\u0131n Suriyada h\u0259rbi postlar qurmas\u0131na qar\u015f\u0131y\u0131q ... Suriyan\u0131n b\u00fct\u00f6vl\u00fcy\u00fcn\u0259 h\u00f6rm\u0259t edilm\u0259lidir\u201d.","og_url":"https:\/\/www.meydan.tv\/az\/article\/iran-suriya-daxilinde-turkiye-herbi-postlarinin-qurulmasini-istemir\/","og_site_name":"MEYDAN.TV","article_published_time":"2019-10-22T14:09:05+00:00","og_image":[{"width":1200,"height":675,"url":"https:\/\/www.meydan.tv\/wp-content\/uploads\/156279c6-ee88-4c56-9635-3b4fa2fca505_w1200_r1_s.jpg","type":"image\/jpeg"}],"author":"user-manager","twitter_card":"summary_large_image","schema":{"@context":"https:\/\/schema.org","@graph":[{"@type":"Article","@id":"https:\/\/www.meydan.tv\/az\/article\/iran-suriya-daxilinde-turkiye-herbi-postlarinin-qurulmasini-istemir\/#article","isPartOf":{"@id":"https:\/\/www.meydan.tv\/az\/article\/iran-suriya-daxilinde-turkiye-herbi-postlarinin-qurulmasini-istemir\/"},"author":{"name":"user-manager","@id":"https:\/\/www.meydan.tv\/az\/#\/schema\/person\/10d11eccf6da3662cf5fdab9806ea91a"},"headline":"\u0130ran Suriya daxilind\u0259 T\u00fcrkiy\u0259 h\u0259rbi postlar\u0131n\u0131n qurulmas\u0131n\u0131 ist\u0259mir","datePublished":"2019-10-22T14:09:05+00:00","mainEntityOfPage":{"@id":"https:\/\/www.meydan.tv\/az\/article\/iran-suriya-daxilinde-turkiye-herbi-postlarinin-qurulmasini-istemir\/"},"wordCount":654,"publisher":{"@id":"https:\/\/www.meydan.tv\/az\/#organization"},"image":{"@id":"https:\/\/www.meydan.tv\/az\/article\/iran-suriya-daxilinde-turkiye-herbi-postlarinin-qurulmasini-istemir\/#primaryimage"},"thumbnailUrl":"https:\/\/www.meydan.tv\/wp-content\/uploads\/156279c6-ee88-4c56-9635-3b4fa2fca505_w1200_r1_s.jpg","articleSection":["D\u00fcnya"],"inLanguage":"az"},{"@type":"WebPage","@id":"https:\/\/www.meydan.tv\/az\/article\/iran-suriya-daxilinde-turkiye-herbi-postlarinin-qurulmasini-istemir\/","url":"https:\/\/www.meydan.tv\/az\/article\/iran-suriya-daxilinde-turkiye-herbi-postlarinin-qurulmasini-istemir\/","name":"\u0130ran Suriya daxilind\u0259 T\u00fcrkiy\u0259 h\u0259rbi postlar\u0131n\u0131n qurulmas\u0131n\u0131 ist\u0259mir - MEYDAN.TV","isPartOf":{"@id":"https:\/\/www.meydan.tv\/az\/#website"},"primaryImageOfPage":{"@id":"https:\/\/www.meydan.tv\/az\/article\/iran-suriya-daxilinde-turkiye-herbi-postlarinin-qurulmasini-istemir\/#primaryimage"},"image":{"@id":"https:\/\/www.meydan.tv\/az\/article\/iran-suriya-daxilinde-turkiye-herbi-postlarinin-qurulmasini-istemir\/#primaryimage"},"thumbnailUrl":"https:\/\/www.meydan.tv\/wp-content\/uploads\/156279c6-ee88-4c56-9635-3b4fa2fca505_w1200_r1_s.jpg","datePublished":"2019-10-22T14:09:05+00:00","breadcrumb":{"@id":"https:\/\/www.meydan.tv\/az\/article\/iran-suriya-daxilinde-turkiye-herbi-postlarinin-qurulmasini-istemir\/#breadcrumb"},"inLanguage":"az","potentialAction":[{"@type":"ReadAction","target":["https:\/\/www.meydan.tv\/az\/article\/iran-suriya-daxilinde-turkiye-herbi-postlarinin-qurulmasini-istemir\/"]}]},{"@type":"ImageObject","inLanguage":"az","@id":"https:\/\/www.meydan.tv\/az\/article\/iran-suriya-daxilinde-turkiye-herbi-postlarinin-qurulmasini-istemir\/#primaryimage","url":"https:\/\/www.meydan.tv\/wp-content\/uploads\/156279c6-ee88-4c56-9635-3b4fa2fca505_w1200_r1_s.jpg","contentUrl":"https:\/\/www.meydan.tv\/wp-content\/uploads\/156279c6-ee88-4c56-9635-3b4fa2fca505_w1200_r1_s.jpg","width":1200,"height":675,"caption":"Source: Foto: Meydan TV"},{"@type":"BreadcrumbList","@id":"https:\/\/www.meydan.tv\/az\/article\/iran-suriya-daxilinde-turkiye-herbi-postlarinin-qurulmasini-istemir\/#breadcrumb","itemListElement":[{"@type":"ListItem","position":1,"name":"Ana s\u0259hif\u0259","item":"https:\/\/www.meydan.tv\/az\/"},{"@type":"ListItem","position":2,"name":"D\u00fcnya","item":"https:\/\/www.meydan.tv\/az\/section\/dunya\/"},{"@type":"ListItem","position":3,"name":"\u0130ran Suriya daxilind\u0259 T\u00fcrkiy\u0259 h\u0259rbi postlar\u0131n\u0131n qurulmas\u0131n\u0131 ist\u0259mir"}]},{"@type":"WebSite","@id":"https:\/\/www.meydan.tv\/az\/#website","url":"https:\/\/www.meydan.tv\/az\/","name":"MEYDAN.TV","description":"Meydan TV Az\u0259rbaycan\u0131n media m\u0259kan\u0131ndak\u0131 alternativ s\u0259sidir","publisher":{"@id":"https:\/\/www.meydan.tv\/az\/#organization"},"potentialAction":[{"@type":"SearchAction","target":{"@type":"EntryPoint","urlTemplate":"https:\/\/www.meydan.tv\/az\/?s={search_term_string}"},"query-input":{"@type":"PropertyValueSpecification","valueRequired":true,"valueName":"search_term_string"}}],"inLanguage":"az"},{"@type":"Organization","@id":"https:\/\/www.meydan.tv\/az\/#organization","name":"Meydan TV","url":"https:\/\/www.meydan.tv\/az\/","logo":{"@type":"ImageObject","inLanguage":"az","@id":"https:\/\/www.meydan.tv\/az\/#\/schema\/logo\/image\/","url":"https:\/\/www.meydan.tv\/wp-content\/uploads\/2021\/07\/meydan-logo.svg","contentUrl":"https:\/\/www.meydan.tv\/wp-content\/uploads\/2021\/07\/meydan-logo.svg","width":195,"height":46,"caption":"Meydan TV"},"image":{"@id":"https:\/\/www.meydan.tv\/az\/#\/schema\/logo\/image\/"}},{"@type":"Person","@id":"https:\/\/www.meydan.tv\/az\/#\/schema\/person\/10d11eccf6da3662cf5fdab9806ea91a","name":"user-manager"}]}},"_links":{"self":[{"href":"https:\/\/www.meydan.tv\/az\/wp-json\/wp\/v2\/posts\/197587","targetHints":{"allow":["GET"]}}],"collection":[{"href":"https:\/\/www.meydan.tv\/az\/wp-json\/wp\/v2\/posts"}],"about":[{"href":"https:\/\/www.meydan.tv\/az\/wp-json\/wp\/v2\/types\/post"}],"author":[{"embeddable":true,"href":"https:\/\/www.meydan.tv\/az\/wp-json\/wp\/v2\/users\/11"}],"replies":[{"embeddable":true,"href":"https:\/\/www.meydan.tv\/az\/wp-json\/wp\/v2\/comments?post=197587"}],"version-history":[{"count":0,"href":"https:\/\/www.meydan.tv\/az\/wp-json\/wp\/v2\/posts\/197587\/revisions"}],"wp:featuredmedia":[{"embeddable":true,"href":"https:\/\/www.meydan.tv\/az\/wp-json\/wp\/v2\/media\/131945"}],"wp:attachment":[{"href":"https:\/\/www.meydan.tv\/az\/wp-json\/wp\/v2\/media?parent=197587"}],"wp:term":[{"taxonomy":"category","embeddable":true,"href":"https:\/\/www.meydan.tv\/az\/wp-json\/wp\/v2\/categories?post=197587"},{"taxonomy":"post_tag","embeddable":true,"href":"https:\/\/www.meydan.tv\/az\/wp-json\/wp\/v2\/tags?post=197587"}],"curies":[{"name":"wp","href":"https:\/\/api.w.org\/{rel}","templated":true}]}}