{"id":197579,"date":"2019-10-22T10:22:39","date_gmt":"2019-10-22T10:22:39","guid":{"rendered":"https:\/\/www.meydan.tv\/article\/gurcustandan-ve-ermenistandan-geri-qalan-azerbaycan-premyer-liqasi\/"},"modified":"2019-10-22T10:22:39","modified_gmt":"2019-10-22T10:22:39","slug":"gurcustandan-ve-ermenistandan-geri-qalan-azerbaycan-premyer-liqasi","status":"publish","type":"post","link":"https:\/\/www.meydan.tv\/az\/article\/gurcustandan-ve-ermenistandan-geri-qalan-azerbaycan-premyer-liqasi\/","title":{"rendered":"G\u00fcrc\u00fcstandan v\u0259 Erm\u0259nistandan  geri qalan Az\u0259rbaycan Premyer Liqas\u0131"},"content":{"rendered":"<p>\n  <i><br \/>\n    Stadionlar ona g\u00f6r\u0259 bo\u015f qal\u0131r ki&#8230;<br \/>\n  <\/i>\n<\/p>\n<p>\n  Son ill\u0259rd\u0259 Az\u0259rbaycan\u0131n futbol ictimaiyy\u0259tini naraz\u0131 salan m\u0259s\u0259l\u0259l\u0259rd\u0259n biri d\u0259 \u00f6lk\u0259nin \u0259sas futbol \u00e7empionat\u0131n\u0131n &#8211; Premyer Liqan\u0131n s\u0259viyy\u0259sinin \u00e7ox a\u015fa\u011f\u0131 d\u00fc\u015fm\u0259sidir. S\u0259viyy\u0259nin a\u015fa\u011f\u0131 olmas\u0131n\u0131n s\u0259b\u0259bi is\u0259 Premyer Liqada vur-tut 8 komandan\u0131n m\u00fcbariz\u0259 aparmas\u0131d\u0131r. B\u00fct\u00fcn bunlar is\u0259 \u00e7empionat oyunlar\u0131na mara\u011f\u0131n olmamas\u0131, Premyer Liqa oyunlar\u0131n\u0131n bo\u015f tribunalar \u00f6n\u00fcnd\u0259 ke\u00e7m\u0259si dem\u0259kdir. B\u0259s nec\u0259 oldu ki, vaxt\u0131 il\u0259 14-16 klubun m\u00fcbariz\u0259 apard\u0131\u011f\u0131 Az\u0259rbaycan Premyer Liqas\u0131nda komanda say\u0131 8-\u0259 d\u00fc\u015fd\u00fc?\n<\/p>\n<p>\n  <b><br \/>\n    \u201cX\u0259z\u0259r L\u0259nk\u0259ran\u201d getdi, maraq itdi<br \/>\n  <\/b>\n<\/p>\n<p>\n  Futbol \u00fczr\u0259 Az\u0259rbaycan Premyer Liqas\u0131nda 8 komandal\u0131 \u00e7empionat ilk d\u0259f\u0259 2016\/17 m\u00f6vs\u00fcm\u00fcnd\u0259 ke\u00e7irildi. Bundan bir il \u0259vv\u0259lki m\u00f6vs\u00fcmd\u0259 is\u0259 Premyer Liqada 10 klub m\u00fcbariz\u0259 aparm\u0131\u015fd\u0131. Y\u00fcks\u0259k liqan\u0131n daimi i\u015ftirak\u00e7\u0131lar\u0131 olmu\u015f \u201cX\u0259z\u0259r L\u0259nk\u0259ran\u201dla \u201cR\u0259van\u201d 2015\/16 m\u00f6vs\u00fcm\u00fcnd\u0259 m\u00fcbariz\u0259 apard\u0131lar, sonrak\u0131 il\u0259 \u201csa\u011f \u00e7\u0131xmad\u0131lar\u201d. X\u00fcsusil\u0259 d\u0259, L\u0259nk\u0259ran t\u0259msil\u00e7isinin f\u0259aliyy\u0259tini dayand\u0131rmas\u0131 Az\u0259rbaycan futboluna olan mara\u011f\u0131 ikiqat azaltd\u0131. \u0130spaniya futbolu \u00fc\u00e7\u00fcn \u201cBarselona\u201d n\u0259dirs\u0259, \u201cX\u0259z\u0259r L\u0259nk\u0259ran\u201d da Az\u0259rbaycan, az\u0259rbaycanl\u0131 azarke\u015fl\u0259r \u00fc\u00e7\u00fcn o idi. \u201cPalmali\u201d \u015eirk\u0259tl\u0259r Qrupunun, bu \u015firk\u0259tin r\u0259hb\u0259ri M\u00fcbariz M\u0259nsimovun maliyy\u0259l\u0259\u015fdirdiyi klubun futbol s\u0259hn\u0259sind\u0259n \u00e7\u0259kilm\u0259si il\u0259 Az\u0259rbaycan futbolunun \u00fcz\u0259rin\u0259 sanki bir s\u00fcstl\u00fck, s\u0259ssizlik \u00e7\u00f6kd\u00fc. B\u0259li, art\u0131q \u201cNeft\u00e7i\u201d il\u0259 h\u0259r oyunu derbi olan, stadionlar\u0131 dolduran \u201cX\u0259z\u0259r L\u0259nk\u0259ran\u201d yox idi. L\u0259nk\u0259ran komandas\u0131n\u0131n \u201cyox olmas\u0131\u201d il\u0259 Az\u0259rbaycan futbolu h\u0259m d\u0259, Az\u0259rbaycan Futbol Federasiyalar\u0131 Assosiasiyas\u0131ndan (AFFA) as\u0131l\u0131 olmayan m\u00fcst\u0259qil bir klubu, on minl\u0259rl\u0259 azarke\u015fi itirdi.\n<\/p>\n<figure class=\"wp-block-image size-large\">\n  <img decoding=\"async\" src=\"https:\/\/www.meydan.tv\/az\/75220814_680804419075430_7642210321100177408_n-jpg\/\" alt=\"75220814_680804419075430_7642210321100177408_n.jpg\" class=\"wp-image-131912\"\/><figcaption>\n    Bo\u015f qalan meydan\u00e7alar<br \/>\n  <\/figcaption><\/figure>\n<p>\n  <b><br \/>\n    AFFA-n\u0131n klublar\u0131, klub prezidentl\u0259ri, m\u0259tbuat xidm\u0259ti<br \/>\n  <\/b>\n<\/p>\n<p>\n  Sonrak\u0131 m\u00f6vs\u00fcml\u0259rd\u0259 AFFA \u00f6z\u00fcn\u00fcn maliyy\u0259l\u0259\u015fdirdiyi \u201cK\u0259p\u0259z\u201di Premyer Liqaya buraxd\u0131. \u00d6lk\u0259 futbolunda x\u00fcsusi \u00e7\u0259kiy\u0259 malik olan, G\u0259nc\u0259 kimi b\u00f6y\u00fck \u015f\u0259h\u0259ri t\u0259msil ed\u0259n \u201cK\u0259p\u0259z\u201din Premyer Liqaya qay\u0131d\u0131\u015f\u0131 \u201cX\u0259z\u0259r L\u0259nk\u0259ran\u201d q\u0259d\u0259r effektli olmad\u0131, ola da bilm\u0259zdi. Ax\u0131 bu komanda G\u0259nc\u0259d\u0259n \u00e7ox, AFFA-n\u0131n komandas\u0131 idi. \u201cK\u0259p\u0259z\u201din M\u00fc\u015fahid\u0259 \u015euras\u0131n\u0131n \u00fczvl\u0259ri, kluba n\u0259zar\u0259t ed\u0259n adamlar federasiya r\u0259smil\u0259ridirs\u0259, bu komanda hans\u0131sa bir g\u0259nc\u0259lid\u0259n \u00e7ox, AFFA prezidentinin, onun ba\u015f katibinin deyilmi? V\u0259 \u00fcmumiyy\u0259tl\u0259, pulu kim verirs\u0259, \u201cmahn\u0131\u201dn\u0131 da o sifari\u015f etmirmi?\n<\/p>\n<p>\n  Yeri g\u0259lmi\u015fk\u0259n, haz\u0131rda Az\u0259rbaycan Premyer Liqas\u0131nda \u00e7\u0131x\u0131\u015f ed\u0259n 8 klubdan tam yar\u0131s\u0131 AFFA-dan maliyy\u0259l\u0259\u015fir. Bunlar \u201cNeft\u00e7i\u201d, \u201cKe\u015fl\u0259\u201d, \u201cS\u0259bail\u201d v\u0259 \u201cSumqay\u0131t\u201dd\u0131r. Bu komandalarda klub prezidentind\u0259n tutmu\u015f, m\u0259tbuat xidm\u0259tinin r\u0259hb\u0259rin\u0259 kimi, federasiyadan t\u0259yin olunur. M\u0259s\u0259l\u0259n, iki il \u0259vv\u0259l AFFA-n\u0131n ba\u015f katibi Elxan M\u0259mm\u0259dovun kadr\u0131 hesab olunan Kamran Quliyev \u201cSumqay\u0131t\u201d\u0131n prezidenti postundan \u201cNeft\u00e7i\u201dy\u0259 eyni v\u0259zif\u0259y\u0259 g\u00f6nd\u0259rilib. \u201cS\u0259bail\u201d klubunun m\u0259tbuat xidm\u0259tinin r\u0259hb\u0259ri olan T\u00f6r\u0259 \u018fhm\u0259dova is\u0259 AFFA-da da \u00e7al\u0131\u015f\u0131r. \u201cS\u0259bail\u201d AFFA prezidenti R\u00f6vn\u0259q Abdullayevin o\u011flu R\u0259\u015fad Abdullayevin n\u0259zar\u0259tind\u0259dir. O, h\u0259l\u0259 2016-c\u0131 ild\u0259, komanda 1-ci divizionda \u00e7\u0131x\u0131\u015f ed\u0259rk\u0259n klubun M\u00fc\u015fahid\u0259 \u015euras\u0131n\u0131n s\u0259dri se\u00e7ilmi\u015fdi. D\u00fczd\u00fcr, sonradan Abdullayev tutdu\u011fu postdan getdi. Amma o, h\u0259min d\u00f6vrd\u0259 verdiyi a\u00e7\u0131qlamada kluba n\u0259zar\u0259ti davam etdir\u0259c\u0259yini d\u0259 bildirmi\u015fdi:\n<\/p>\n<p>\n  \u201cS\u0259bail\u201d klubu il\u0259 vidala\u015fd\u0131m. Ayd\u0131n m\u0259s\u0259l\u0259dir, s\u0259b\u0259bl\u0259r d\u0259 b\u0259llidir. Klubun yeni M\u00fc\u015fahid\u0259 \u015euras\u0131 h\u0259l\u0259 qurulmay\u0131b. M\u00fc\u015fahid\u0259 \u015euras\u0131 formala\u015fd\u0131qdan sonra yeni s\u0259dr se\u00e7il\u0259c\u0259k. M\u0259n d\u0259 h\u0259r zaman t\u0259sis\u00e7i kimi<br \/>\n  <a href=\"http:\/\/futbolinfo.az\/xeber\/46636\/\"><br \/>\n    \u201cS\u0259bail\u201d<br \/>\n  <\/a><br \/>\n  in yan\u0131nda olacam\u201d.\n<\/p>\n<p>\n  Bel\u0259&#8230; Bir \u00f6lk\u0259nin futbol \u00fczr\u0259 \u0259sas \u00e7empionat\u0131nda 8 komanda m\u00fcbariz\u0259 apar\u0131rsa, o komandalardan yar\u0131s\u0131 AFFA t\u0259r\u0259find\u0259n maliyy\u0259l\u0259\u015fdirilirs\u0259, h\u0259min \u00e7empionata maraq niy\u0259 olmal\u0131d\u0131r? Kim \u00f6z\u00fcn\u00fcn qiym\u0259tli vaxt\u0131ndan 90 d\u0259qiq\u0259ni ay\u0131r\u0131b, eyni cibd\u0259n maliyy\u0259l\u0259\u015f\u0259n iki komandan\u0131n oyununa baxmaq ist\u0259r?\n<\/p>\n<figure class=\"wp-block-image size-large\">\n  <img decoding=\"async\" src=\"https:\/\/www.meydan.tv\/az\/72853441_781612502294492_4741478508478332928_n-jpg\/\" alt=\"72853441_781612502294492_4741478508478332928_n.jpg\" class=\"wp-image-131918\"\/><figcaption>\n    \u201cS\u0259bail\u201d AFFA prezidenti R\u00f6vn\u0259q Abdullayevin o\u011flu R\u0259\u015fad Abdullayevin n\u0259zar\u0259tind\u0259dir.<br \/>\n  <\/figcaption><\/figure>\n<p>\n  <b><br \/>\n    Biab\u0131r\u00e7\u0131 \u015f\u0259kild\u0259 pozulan reqlament<br \/>\n  <\/b>\n<\/p>\n<p>\n  Reqlament\u0259, futbol qaydalar\u0131na g\u00f6r\u0259, iki v\u0259 daha \u00e7ox sayda klubun eyni m\u0259nb\u0259d\u0259n maliyy\u0259l\u0259\u015fm\u0259si q\u0259ti \u015f\u0259kild\u0259 qada\u011fand\u0131r. Bu, futbolun az qala t\u0259m\u0259l prinsipl\u0259rind\u0259n biridir. Bu prinsip olmasayd\u0131, onda \u201cBarselona\u201d, \u201cReal\u201d kimi klublar\u0131n \u0130spaniyada ikinci komandalar\u0131 say\u0131lan \u201cBarselona B\u201d v\u0259 \u201cKastilya\u201dya \u00e7oxdan La Liqaya y\u00fcks\u0259lm\u0259y\u0259 icaz\u0259 veril\u0259rdi. Amma bel\u0259 bir icaz\u0259 d\u0259, qayda da yoxdur.\n<\/p>\n<p>\n  B\u0259s onda AFFA nec\u0259 olur ki, birba\u015fa \u00f6z\u00fcn\u00fcn maliyy\u0259l\u0259\u015fdirdiyi 4 komandan\u0131 eyni \u00e7empionatda oynada bilir? Bu, \u0259lb\u0259tt\u0259, reqlamentin pozulmas\u0131, futbolun prinsipl\u0259rini tapdalamaq, ba\u015fqa s\u00f6zl\u0259 des\u0259k, idman\u0131n \u015fah n\u00f6v\u00fcn\u0259 qar\u015f\u0131 cinay\u0259tdir. AFFA bu m\u0259s\u0259l\u0259d\u0259 F\u0130FA-n\u0131, UEFA-n\u0131 aldad\u0131r. Federasiya r\u0259hb\u0259rliyi \u00f6lk\u0259 i\u00e7ind\u0259 b\u00fct\u00fcn add\u0131mlar\u0131n\u0131 a\u00e7\u0131q \u015f\u0259kild\u0259 at\u0131r: ist\u0259diyini ist\u0259diyi kluba prezident, m\u0259tbuat xidm\u0259tinin r\u0259hb\u0259ri t\u0259yin edir. Amma \u00e7ox g\u00fcman ki, F\u0130FA v\u0259 UEFA-n\u0131n b\u00fct\u00fcn bunlardan x\u0259b\u0259ri olmur, AFFA beyn\u0259lxalq futbol t\u0259\u015fkilatlar\u0131n\u0131 aldad\u0131r.\n<\/p>\n<p>\n  M\u0259s\u0259l\u0259nin eyb\u0259c\u0259r t\u0259r\u0259fl\u0259rind\u0259n biri odur ki, AFFA son ill\u0259rd\u0259 birinci divizionda qalib olmu\u015f komandalar\u0131n Premyer Liqaya \u00e7\u0131xmas\u0131na icaz\u0259 vermir. S\u0259b\u0259b olaraq onu g\u00f6st\u0259rirl\u0259r ki, bu komandalar lisenziyala\u015fd\u0131rman\u0131n t\u0259l\u0259bl\u0259rin\u0259 cavab vermirl\u0259r. Yax\u015f\u0131, b\u0259s onda Premyer Liqada 4 klubun eyni t\u0259\u015fkilatdan &#8211; AFFA-dan maliyy\u0259l\u0259\u015fm\u0259si hans\u0131 \u201ct\u0259l\u0259b\u201d\u0259 s\u0131\u011f\u0131r? Bu, birm\u0259nal\u0131 olaraq reqlamentin kobud, biab\u0131r\u00e7\u0131 \u015f\u0259kild\u0259 pozulmas\u0131d\u0131r!\n<\/p>\n<p>\n  <b><br \/>\n    Erm\u0259nil\u0259rd\u0259n d\u0259, g\u00fcrc\u00fcl\u0259rd\u0259n d\u0259 gerid\u0259yik<br \/>\n  <\/b>\n<\/p>\n<p>\n  \u0130ndi is\u0259 g\u0259lin, ke\u00e7mi\u015f postsovet \u00f6lk\u0259l\u0259rinin \u00e7empionatlar\u0131na g\u00f6z g\u0259zdir\u0259k. G\u00f6r\u0259k, ke\u00e7mi\u015f \u201cqarda\u015flar\u0131m\u0131z\u201d aras\u0131nda bizim kimi 8 komandal\u0131 futbol \u00e7empionat\u0131 izl\u0259m\u0259y\u0259 m\u0259hkum ne\u00e7\u0259 \u00f6lk\u0259 var.\n<\/p>\n<p>\n  Rusiya Premyer Liqas\u0131nda komanda say\u0131 16-d\u0131r. El\u0259 Belarusun \u0259sas futbol \u00e7empionat\u0131nda da 16 komanda m\u00fcbariz\u0259 apar\u0131r. \u201cDinamo\u201d, \u201c\u015eaxtyor\u201d kimi klublara sahib Ukraynan\u0131n y\u00fcks\u0259k liqas\u0131ndak\u0131 komandalar\u0131n say\u0131 12-dir. Bir \u00e7ox sah\u0259d\u0259, x\u00fcsusil\u0259 d\u0259, idmanda r\u0259qab\u0259td\u0259 oldu\u011fumuz Erm\u0259nistan\u0131n bizimki kimi Premyer Liqa adlandan \u00e7empionat\u0131nda 10 klub \u00e7\u0131x\u0131\u015f edir. El\u0259 qon\u015fu G\u00fcrc\u00fcstan \u00e7empionat\u0131nda da komanda say\u0131 10-dur. Son ill\u0259rd\u0259 futbolu xeyli inki\u015faf etmi\u015f Qazax\u0131stan\u0131n Premyer Liqas\u0131nda 12 klub azarke\u015fl\u0259ri \u0259yl\u0259ndirm\u0259y\u0259 \u00e7al\u0131\u015f\u0131r.\n<\/p>\n<p>\n  Bax\u0131b t\u0259s\u0259lli tapa bil\u0259c\u0259yimiz \u00f6lk\u0259 Moldovad\u0131r. Bu \u00f6lk\u0259nin \u0259sas futbol \u00e7empionat\u0131nda bizd\u0259 oldu\u011fu kimi, 8 komanda var. Moldova futbolu bir ne\u00e7\u0259 ildir ki, eni\u015fd\u0259dir, klublar\u0131 sponsor tapmaqda \u00e7\u0259tinlik \u00e7\u0259kir. \u018fn vacibi, Moldova bizim kimi neft \u00f6lk\u0259si deyil, futbol federasiyas\u0131n\u0131n illik b\u00fcdc\u0259si 25 milyon manata \u00e7atm\u0131r. H\u0259, bir d\u0259, Moldovada \u201c2005-2015-ci ill\u0259rd\u0259 futbolun inki\u015faf\u0131na dair d\u00f6vl\u0259t proqram\u0131\u201d q\u0259bul edilm\u0259yib&#8230;\n<\/p>\n<figure class=\"wp-block-image size-large\">\n  <img decoding=\"async\" src=\"https:\/\/www.meydan.tv\/az\/74468111_527599568017161_412863833091080192_n-jpg\/\" alt=\"74468111_527599568017161_412863833091080192_n.jpg\" class=\"wp-image-131909\"\/><figcaption>\n    G\u00f6r\u0259k, ke\u00e7mi\u015f \u201cqarda\u015flar\u0131m\u0131z\u201d aras\u0131nda bizim kimi 8 komandal\u0131 futbol \u00e7empionat\u0131 izl\u0259m\u0259y\u0259 m\u0259hkum ne\u00e7\u0259 \u00f6lk\u0259 var.<br \/>\n  <\/figcaption><\/figure>\n","protected":false},"excerpt":{"rendered":"<p>M\u0259s\u0259l\u0259nin eyb\u0259c\u0259r t\u0259r\u0259fl\u0259rind\u0259n biri odur ki, AFFA son ill\u0259rd\u0259 birinci divizionda qalib olmu\u015f komandalar\u0131n Premyer Liqaya \u00e7\u0131xmas\u0131na icaz\u0259 vermir.<\/p>\n","protected":false},"author":11,"featured_media":131915,"comment_status":"closed","ping_status":"open","sticky":false,"template":"","format":"standard","meta":{"_acf_changed":false,"_sitemap_exclude":false,"_sitemap_priority":"","_sitemap_frequency":"","footnotes":""},"categories":[51],"tags":[],"class_list":["post-197579","post","type-post","status-publish","format-standard","has-post-thumbnail","hentry","category-analitika","infinite-scroll-item","generate-columns","tablet-grid-50","mobile-grid-100","grid-parent","grid-33","no-featured-image-padding"],"acf":[],"yoast_head":"<!-- This site is optimized with the Yoast SEO plugin v27.4 - https:\/\/yoast.com\/product\/yoast-seo-wordpress\/ -->\n<title>G\u00fcrc\u00fcstandan v\u0259 Erm\u0259nistandan geri qalan Az\u0259rbaycan Premyer Liqas\u0131 - MEYDAN.TV<\/title>\n<meta name=\"robots\" content=\"index, follow, max-snippet:-1, max-image-preview:large, max-video-preview:-1\" \/>\n<link rel=\"canonical\" href=\"https:\/\/www.meydan.tv\/az\/article\/gurcustandan-ve-ermenistandan-geri-qalan-azerbaycan-premyer-liqasi\/\" \/>\n<meta property=\"og:locale\" content=\"az_AZ\" \/>\n<meta property=\"og:type\" content=\"article\" \/>\n<meta property=\"og:title\" content=\"G\u00fcrc\u00fcstandan v\u0259 Erm\u0259nistandan geri qalan Az\u0259rbaycan Premyer Liqas\u0131 - MEYDAN.TV\" \/>\n<meta property=\"og:description\" content=\"M\u0259s\u0259l\u0259nin eyb\u0259c\u0259r t\u0259r\u0259fl\u0259rind\u0259n biri odur ki, AFFA son ill\u0259rd\u0259 birinci divizionda qalib olmu\u015f komandalar\u0131n Premyer Liqaya \u00e7\u0131xmas\u0131na icaz\u0259 vermir.\" \/>\n<meta property=\"og:url\" content=\"https:\/\/www.meydan.tv\/az\/article\/gurcustandan-ve-ermenistandan-geri-qalan-azerbaycan-premyer-liqasi\/\" \/>\n<meta property=\"og:site_name\" content=\"MEYDAN.TV\" \/>\n<meta property=\"article:published_time\" content=\"2019-10-22T10:22:39+00:00\" \/>\n<meta property=\"og:image\" content=\"https:\/\/www.meydan.tv\/wp-content\/uploads\/72669896_514620505995622_5817368159723716608_n.jpg\" \/>\n\t<meta property=\"og:image:width\" content=\"2048\" \/>\n\t<meta property=\"og:image:height\" content=\"1365\" \/>\n\t<meta property=\"og:image:type\" content=\"image\/jpeg\" \/>\n<meta name=\"author\" content=\"user-manager\" \/>\n<meta name=\"twitter:card\" content=\"summary_large_image\" \/>\n<script type=\"application\/ld+json\" class=\"yoast-schema-graph\">{\"@context\":\"https:\\\/\\\/schema.org\",\"@graph\":[{\"@type\":\"Article\",\"@id\":\"https:\\\/\\\/www.meydan.tv\\\/az\\\/article\\\/gurcustandan-ve-ermenistandan-geri-qalan-azerbaycan-premyer-liqasi\\\/#article\",\"isPartOf\":{\"@id\":\"https:\\\/\\\/www.meydan.tv\\\/az\\\/article\\\/gurcustandan-ve-ermenistandan-geri-qalan-azerbaycan-premyer-liqasi\\\/\"},\"author\":{\"name\":\"user-manager\",\"@id\":\"https:\\\/\\\/www.meydan.tv\\\/az\\\/#\\\/schema\\\/person\\\/10d11eccf6da3662cf5fdab9806ea91a\"},\"headline\":\"G\u00fcrc\u00fcstandan v\u0259 Erm\u0259nistandan geri qalan Az\u0259rbaycan Premyer Liqas\u0131\",\"datePublished\":\"2019-10-22T10:22:39+00:00\",\"mainEntityOfPage\":{\"@id\":\"https:\\\/\\\/www.meydan.tv\\\/az\\\/article\\\/gurcustandan-ve-ermenistandan-geri-qalan-azerbaycan-premyer-liqasi\\\/\"},\"wordCount\":1337,\"publisher\":{\"@id\":\"https:\\\/\\\/www.meydan.tv\\\/az\\\/#organization\"},\"image\":{\"@id\":\"https:\\\/\\\/www.meydan.tv\\\/az\\\/article\\\/gurcustandan-ve-ermenistandan-geri-qalan-azerbaycan-premyer-liqasi\\\/#primaryimage\"},\"thumbnailUrl\":\"https:\\\/\\\/www.meydan.tv\\\/wp-content\\\/uploads\\\/72669896_514620505995622_5817368159723716608_n.jpg\",\"articleSection\":[\"Analitika\"],\"inLanguage\":\"az\"},{\"@type\":\"WebPage\",\"@id\":\"https:\\\/\\\/www.meydan.tv\\\/az\\\/article\\\/gurcustandan-ve-ermenistandan-geri-qalan-azerbaycan-premyer-liqasi\\\/\",\"url\":\"https:\\\/\\\/www.meydan.tv\\\/az\\\/article\\\/gurcustandan-ve-ermenistandan-geri-qalan-azerbaycan-premyer-liqasi\\\/\",\"name\":\"G\u00fcrc\u00fcstandan v\u0259 Erm\u0259nistandan geri qalan Az\u0259rbaycan Premyer Liqas\u0131 - MEYDAN.TV\",\"isPartOf\":{\"@id\":\"https:\\\/\\\/www.meydan.tv\\\/az\\\/#website\"},\"primaryImageOfPage\":{\"@id\":\"https:\\\/\\\/www.meydan.tv\\\/az\\\/article\\\/gurcustandan-ve-ermenistandan-geri-qalan-azerbaycan-premyer-liqasi\\\/#primaryimage\"},\"image\":{\"@id\":\"https:\\\/\\\/www.meydan.tv\\\/az\\\/article\\\/gurcustandan-ve-ermenistandan-geri-qalan-azerbaycan-premyer-liqasi\\\/#primaryimage\"},\"thumbnailUrl\":\"https:\\\/\\\/www.meydan.tv\\\/wp-content\\\/uploads\\\/72669896_514620505995622_5817368159723716608_n.jpg\",\"datePublished\":\"2019-10-22T10:22:39+00:00\",\"breadcrumb\":{\"@id\":\"https:\\\/\\\/www.meydan.tv\\\/az\\\/article\\\/gurcustandan-ve-ermenistandan-geri-qalan-azerbaycan-premyer-liqasi\\\/#breadcrumb\"},\"inLanguage\":\"az\",\"potentialAction\":[{\"@type\":\"ReadAction\",\"target\":[\"https:\\\/\\\/www.meydan.tv\\\/az\\\/article\\\/gurcustandan-ve-ermenistandan-geri-qalan-azerbaycan-premyer-liqasi\\\/\"]}]},{\"@type\":\"ImageObject\",\"inLanguage\":\"az\",\"@id\":\"https:\\\/\\\/www.meydan.tv\\\/az\\\/article\\\/gurcustandan-ve-ermenistandan-geri-qalan-azerbaycan-premyer-liqasi\\\/#primaryimage\",\"url\":\"https:\\\/\\\/www.meydan.tv\\\/wp-content\\\/uploads\\\/72669896_514620505995622_5817368159723716608_n.jpg\",\"contentUrl\":\"https:\\\/\\\/www.meydan.tv\\\/wp-content\\\/uploads\\\/72669896_514620505995622_5817368159723716608_n.jpg\",\"width\":2048,\"height\":1365,\"caption\":\"Source: Specify Source\"},{\"@type\":\"BreadcrumbList\",\"@id\":\"https:\\\/\\\/www.meydan.tv\\\/az\\\/article\\\/gurcustandan-ve-ermenistandan-geri-qalan-azerbaycan-premyer-liqasi\\\/#breadcrumb\",\"itemListElement\":[{\"@type\":\"ListItem\",\"position\":1,\"name\":\"Ana s\u0259hif\u0259\",\"item\":\"https:\\\/\\\/www.meydan.tv\\\/az\\\/\"},{\"@type\":\"ListItem\",\"position\":2,\"name\":\"Analitika\",\"item\":\"https:\\\/\\\/www.meydan.tv\\\/az\\\/section\\\/analitika\\\/\"},{\"@type\":\"ListItem\",\"position\":3,\"name\":\"G\u00fcrc\u00fcstandan v\u0259 Erm\u0259nistandan geri qalan Az\u0259rbaycan Premyer Liqas\u0131\"}]},{\"@type\":\"WebSite\",\"@id\":\"https:\\\/\\\/www.meydan.tv\\\/az\\\/#website\",\"url\":\"https:\\\/\\\/www.meydan.tv\\\/az\\\/\",\"name\":\"MEYDAN.TV\",\"description\":\"Meydan TV Az\u0259rbaycan\u0131n media m\u0259kan\u0131ndak\u0131 alternativ s\u0259sidir\",\"publisher\":{\"@id\":\"https:\\\/\\\/www.meydan.tv\\\/az\\\/#organization\"},\"potentialAction\":[{\"@type\":\"SearchAction\",\"target\":{\"@type\":\"EntryPoint\",\"urlTemplate\":\"https:\\\/\\\/www.meydan.tv\\\/az\\\/?s={search_term_string}\"},\"query-input\":{\"@type\":\"PropertyValueSpecification\",\"valueRequired\":true,\"valueName\":\"search_term_string\"}}],\"inLanguage\":\"az\"},{\"@type\":\"Organization\",\"@id\":\"https:\\\/\\\/www.meydan.tv\\\/az\\\/#organization\",\"name\":\"Meydan TV\",\"url\":\"https:\\\/\\\/www.meydan.tv\\\/az\\\/\",\"logo\":{\"@type\":\"ImageObject\",\"inLanguage\":\"az\",\"@id\":\"https:\\\/\\\/www.meydan.tv\\\/az\\\/#\\\/schema\\\/logo\\\/image\\\/\",\"url\":\"https:\\\/\\\/www.meydan.tv\\\/wp-content\\\/uploads\\\/2021\\\/07\\\/meydan-logo.svg\",\"contentUrl\":\"https:\\\/\\\/www.meydan.tv\\\/wp-content\\\/uploads\\\/2021\\\/07\\\/meydan-logo.svg\",\"width\":195,\"height\":46,\"caption\":\"Meydan TV\"},\"image\":{\"@id\":\"https:\\\/\\\/www.meydan.tv\\\/az\\\/#\\\/schema\\\/logo\\\/image\\\/\"}},{\"@type\":\"Person\",\"@id\":\"https:\\\/\\\/www.meydan.tv\\\/az\\\/#\\\/schema\\\/person\\\/10d11eccf6da3662cf5fdab9806ea91a\",\"name\":\"user-manager\"}]}<\/script>\n<!-- \/ Yoast SEO plugin. -->","yoast_head_json":{"title":"G\u00fcrc\u00fcstandan v\u0259 Erm\u0259nistandan geri qalan Az\u0259rbaycan Premyer Liqas\u0131 - MEYDAN.TV","robots":{"index":"index","follow":"follow","max-snippet":"max-snippet:-1","max-image-preview":"max-image-preview:large","max-video-preview":"max-video-preview:-1"},"canonical":"https:\/\/www.meydan.tv\/az\/article\/gurcustandan-ve-ermenistandan-geri-qalan-azerbaycan-premyer-liqasi\/","og_locale":"az_AZ","og_type":"article","og_title":"G\u00fcrc\u00fcstandan v\u0259 Erm\u0259nistandan geri qalan Az\u0259rbaycan Premyer Liqas\u0131 - MEYDAN.TV","og_description":"M\u0259s\u0259l\u0259nin eyb\u0259c\u0259r t\u0259r\u0259fl\u0259rind\u0259n biri odur ki, AFFA son ill\u0259rd\u0259 birinci divizionda qalib olmu\u015f komandalar\u0131n Premyer Liqaya \u00e7\u0131xmas\u0131na icaz\u0259 vermir.","og_url":"https:\/\/www.meydan.tv\/az\/article\/gurcustandan-ve-ermenistandan-geri-qalan-azerbaycan-premyer-liqasi\/","og_site_name":"MEYDAN.TV","article_published_time":"2019-10-22T10:22:39+00:00","og_image":[{"width":2048,"height":1365,"url":"https:\/\/www.meydan.tv\/wp-content\/uploads\/72669896_514620505995622_5817368159723716608_n.jpg","type":"image\/jpeg"}],"author":"user-manager","twitter_card":"summary_large_image","schema":{"@context":"https:\/\/schema.org","@graph":[{"@type":"Article","@id":"https:\/\/www.meydan.tv\/az\/article\/gurcustandan-ve-ermenistandan-geri-qalan-azerbaycan-premyer-liqasi\/#article","isPartOf":{"@id":"https:\/\/www.meydan.tv\/az\/article\/gurcustandan-ve-ermenistandan-geri-qalan-azerbaycan-premyer-liqasi\/"},"author":{"name":"user-manager","@id":"https:\/\/www.meydan.tv\/az\/#\/schema\/person\/10d11eccf6da3662cf5fdab9806ea91a"},"headline":"G\u00fcrc\u00fcstandan v\u0259 Erm\u0259nistandan geri qalan Az\u0259rbaycan Premyer Liqas\u0131","datePublished":"2019-10-22T10:22:39+00:00","mainEntityOfPage":{"@id":"https:\/\/www.meydan.tv\/az\/article\/gurcustandan-ve-ermenistandan-geri-qalan-azerbaycan-premyer-liqasi\/"},"wordCount":1337,"publisher":{"@id":"https:\/\/www.meydan.tv\/az\/#organization"},"image":{"@id":"https:\/\/www.meydan.tv\/az\/article\/gurcustandan-ve-ermenistandan-geri-qalan-azerbaycan-premyer-liqasi\/#primaryimage"},"thumbnailUrl":"https:\/\/www.meydan.tv\/wp-content\/uploads\/72669896_514620505995622_5817368159723716608_n.jpg","articleSection":["Analitika"],"inLanguage":"az"},{"@type":"WebPage","@id":"https:\/\/www.meydan.tv\/az\/article\/gurcustandan-ve-ermenistandan-geri-qalan-azerbaycan-premyer-liqasi\/","url":"https:\/\/www.meydan.tv\/az\/article\/gurcustandan-ve-ermenistandan-geri-qalan-azerbaycan-premyer-liqasi\/","name":"G\u00fcrc\u00fcstandan v\u0259 Erm\u0259nistandan geri qalan Az\u0259rbaycan Premyer Liqas\u0131 - MEYDAN.TV","isPartOf":{"@id":"https:\/\/www.meydan.tv\/az\/#website"},"primaryImageOfPage":{"@id":"https:\/\/www.meydan.tv\/az\/article\/gurcustandan-ve-ermenistandan-geri-qalan-azerbaycan-premyer-liqasi\/#primaryimage"},"image":{"@id":"https:\/\/www.meydan.tv\/az\/article\/gurcustandan-ve-ermenistandan-geri-qalan-azerbaycan-premyer-liqasi\/#primaryimage"},"thumbnailUrl":"https:\/\/www.meydan.tv\/wp-content\/uploads\/72669896_514620505995622_5817368159723716608_n.jpg","datePublished":"2019-10-22T10:22:39+00:00","breadcrumb":{"@id":"https:\/\/www.meydan.tv\/az\/article\/gurcustandan-ve-ermenistandan-geri-qalan-azerbaycan-premyer-liqasi\/#breadcrumb"},"inLanguage":"az","potentialAction":[{"@type":"ReadAction","target":["https:\/\/www.meydan.tv\/az\/article\/gurcustandan-ve-ermenistandan-geri-qalan-azerbaycan-premyer-liqasi\/"]}]},{"@type":"ImageObject","inLanguage":"az","@id":"https:\/\/www.meydan.tv\/az\/article\/gurcustandan-ve-ermenistandan-geri-qalan-azerbaycan-premyer-liqasi\/#primaryimage","url":"https:\/\/www.meydan.tv\/wp-content\/uploads\/72669896_514620505995622_5817368159723716608_n.jpg","contentUrl":"https:\/\/www.meydan.tv\/wp-content\/uploads\/72669896_514620505995622_5817368159723716608_n.jpg","width":2048,"height":1365,"caption":"Source: Specify Source"},{"@type":"BreadcrumbList","@id":"https:\/\/www.meydan.tv\/az\/article\/gurcustandan-ve-ermenistandan-geri-qalan-azerbaycan-premyer-liqasi\/#breadcrumb","itemListElement":[{"@type":"ListItem","position":1,"name":"Ana s\u0259hif\u0259","item":"https:\/\/www.meydan.tv\/az\/"},{"@type":"ListItem","position":2,"name":"Analitika","item":"https:\/\/www.meydan.tv\/az\/section\/analitika\/"},{"@type":"ListItem","position":3,"name":"G\u00fcrc\u00fcstandan v\u0259 Erm\u0259nistandan geri qalan Az\u0259rbaycan Premyer Liqas\u0131"}]},{"@type":"WebSite","@id":"https:\/\/www.meydan.tv\/az\/#website","url":"https:\/\/www.meydan.tv\/az\/","name":"MEYDAN.TV","description":"Meydan TV Az\u0259rbaycan\u0131n media m\u0259kan\u0131ndak\u0131 alternativ s\u0259sidir","publisher":{"@id":"https:\/\/www.meydan.tv\/az\/#organization"},"potentialAction":[{"@type":"SearchAction","target":{"@type":"EntryPoint","urlTemplate":"https:\/\/www.meydan.tv\/az\/?s={search_term_string}"},"query-input":{"@type":"PropertyValueSpecification","valueRequired":true,"valueName":"search_term_string"}}],"inLanguage":"az"},{"@type":"Organization","@id":"https:\/\/www.meydan.tv\/az\/#organization","name":"Meydan TV","url":"https:\/\/www.meydan.tv\/az\/","logo":{"@type":"ImageObject","inLanguage":"az","@id":"https:\/\/www.meydan.tv\/az\/#\/schema\/logo\/image\/","url":"https:\/\/www.meydan.tv\/wp-content\/uploads\/2021\/07\/meydan-logo.svg","contentUrl":"https:\/\/www.meydan.tv\/wp-content\/uploads\/2021\/07\/meydan-logo.svg","width":195,"height":46,"caption":"Meydan TV"},"image":{"@id":"https:\/\/www.meydan.tv\/az\/#\/schema\/logo\/image\/"}},{"@type":"Person","@id":"https:\/\/www.meydan.tv\/az\/#\/schema\/person\/10d11eccf6da3662cf5fdab9806ea91a","name":"user-manager"}]}},"_links":{"self":[{"href":"https:\/\/www.meydan.tv\/az\/wp-json\/wp\/v2\/posts\/197579","targetHints":{"allow":["GET"]}}],"collection":[{"href":"https:\/\/www.meydan.tv\/az\/wp-json\/wp\/v2\/posts"}],"about":[{"href":"https:\/\/www.meydan.tv\/az\/wp-json\/wp\/v2\/types\/post"}],"author":[{"embeddable":true,"href":"https:\/\/www.meydan.tv\/az\/wp-json\/wp\/v2\/users\/11"}],"replies":[{"embeddable":true,"href":"https:\/\/www.meydan.tv\/az\/wp-json\/wp\/v2\/comments?post=197579"}],"version-history":[{"count":0,"href":"https:\/\/www.meydan.tv\/az\/wp-json\/wp\/v2\/posts\/197579\/revisions"}],"wp:featuredmedia":[{"embeddable":true,"href":"https:\/\/www.meydan.tv\/az\/wp-json\/wp\/v2\/media\/131915"}],"wp:attachment":[{"href":"https:\/\/www.meydan.tv\/az\/wp-json\/wp\/v2\/media?parent=197579"}],"wp:term":[{"taxonomy":"category","embeddable":true,"href":"https:\/\/www.meydan.tv\/az\/wp-json\/wp\/v2\/categories?post=197579"},{"taxonomy":"post_tag","embeddable":true,"href":"https:\/\/www.meydan.tv\/az\/wp-json\/wp\/v2\/tags?post=197579"}],"curies":[{"name":"wp","href":"https:\/\/api.w.org\/{rel}","templated":true}]}}