{"id":197554,"date":"2019-10-21T14:32:40","date_gmt":"2019-10-21T14:32:40","guid":{"rendered":"https:\/\/www.meydan.tv\/article\/bakinin-merkezi-kucesinde-qadinlar-siddete-susma-deyib\/"},"modified":"2019-10-21T14:32:40","modified_gmt":"2019-10-21T14:32:40","slug":"bakinin-merkezi-kucesinde-qadinlar-siddete-susma-deyib","status":"publish","type":"post","link":"https:\/\/www.meydan.tv\/az\/article\/bakinin-merkezi-kucesinde-qadinlar-siddete-susma-deyib\/","title":{"rendered":"Bak\u0131n\u0131n m\u0259rk\u0259zi k\u00fc\u00e7\u0259sind\u0259 qad\u0131nlar &#8220;\u015fidd\u0259t\u0259 susma&#8221; deyib"},"content":{"rendered":"<figure class=\"wp-block-embed is-type-video is-provider-youtube wp-block-embed-youtube wp-embed-aspect-16-9 wp-has-aspect-ratio\">\n<div class=\"wp-block-embed__wrapper\">\n    <iframe\ttitle=\"Qad\u0131nlara zorak\u0131l\u0131q \u0259leyhin\u0259 \u201cD\u00f6zm\u0259, Y\u00fcr\u00fc\u015f Et!\u201d aksiyas\u0131\" width=\"1200\" height=\"675\" data-src=\"https:\/\/www.youtube.com\/embed\/mg4Bc_CkNRo\"\tframeborder=\"0\"\tallow=\"accelerometer; autoplay; clipboard-write; encrypted-media; gyroscope; picture-in-picture\" allowfullscreen src=\"data:image\/svg+xml;base64,PHN2ZyB3aWR0aD0iMSIgaGVpZ2h0PSIxIiB4bWxucz0iaHR0cDovL3d3dy53My5vcmcvMjAwMC9zdmciPjwvc3ZnPg==\" class=\"lazyload\" data-load-mode=\"1\"><\/iframe>\n  <\/div><figcaption>\n    Qad\u0131nlara zorak\u0131l\u0131q \u0259leyhin\u0259 \u201cD\u00f6zm\u0259, Y\u00fcr\u00fc\u015f Et!\u201d aksiyas\u0131<br \/>\n  <\/figcaption><\/figure>\n<p>\n  <i><br \/>\n    Polis i\u015ftirak\u00e7\u0131lara planlad\u0131qlar\u0131 y\u00fcr\u00fc\u015f\u00fc ke\u00e7irm\u0259y\u0259 \u0259ng\u0259l olub<br \/>\n  <\/i>\n<\/p>\n<p>\n  Oktyabr\u0131n 20-d\u0259 Bak\u0131da ictimai f\u0259allar son g\u00fcnl\u0259r artan qad\u0131n cinay\u0259tl\u0259rin\u0259 etiraz y\u00fcr\u00fc\u015f\u00fc ke\u00e7irm\u0259k ist\u0259yib.\n<\/p>\n<p>\n  Y\u00fcr\u00fc\u015f Bak\u0131n\u0131n m\u0259rk\u0259zi, Nizami k\u00fc\u00e7\u0259sind\u0259 planlanm\u0131\u015fd\u0131, ancaq polisin m\u00fcdaxil\u0259si il\u0259 y\u00fcr\u00fc\u015f aksiyaya \u00e7evrilib. \u0130\u015ftirak\u00e7\u0131lardan b\u0259zil\u0259ri polis t\u0259r\u0259find\u0259n saxlan\u0131l\u0131b. Sonra onlardan \u00e7oxu s\u0259rb\u0259st burax\u0131l\u0131b. Polis onlarla qad\u0131na \u015fidd\u0259t g\u00f6st\u0259rib, sa\u00e7\u0131n\u0131 yolub, qolunu burub.\n<\/p>\n<p>\n  Polis qad\u0131nlara planlad\u0131qlar\u0131 Natavan heyk\u0259linin \u00f6n\u00fcnd\u0259n y\u00fcr\u00fc\u015f ke\u00e7irm\u0259y\u0259 imkan verm\u0259yib. Ancaq i\u015ftirak\u00e7\u0131lar \u201c\u015eidd\u0259t\u0259 susma, \u015fidd\u0259t\u0259 d\u00f6zm\u0259!\u201d, &quot;S\u00fcp\u00fcrg\u0259\u00e7i qad\u0131nlar \u00f6lm\u0259sin&quot;, &quot;Erk\u0259n nikahlara son&quot; \u015f\u00fcarlar\u0131n\u0131 s\u0259sl\u0259ndirib, y\u00fcr\u00fc\u015f\u00fcn r\u0259smi b\u0259yanat\u0131n\u0131 oxuyublar.\n<\/p>\n<p>\n  Az\u0259rbaycanda bu ilin yanvar-sentyabr aylar\u0131 \u0259rzind\u0259 118 qad\u0131n ail\u0259daxili \u015fidd\u0259t\u0259 m\u0259ruz qal\u0131b. Onlardan 33-\u00fc h\u0259min \u015fidd\u0259t n\u0259tic\u0259sind\u0259 d\u00fcnyas\u0131n\u0131 d\u0259yi\u015fib. Dig\u0259r 85 qad\u0131n is\u0259 ail\u0259 \u00fczv\u00fc v\u0259 yax\u0131nlar\u0131 t\u0259r\u0259find\u0259n ya d\u00f6y\u00fcl\u00fcb, b\u0131\u00e7aqla, balta il\u0259, k\u00fct al\u0259tl\u0259, \u00e7\u0259kicl\u0259 vurulub, yand\u0131r\u0131l\u0131b v\u0259 m\u00fcxt\u0259lif c\u00fcr x\u0259sar\u0259t al\u0131blar.\n<\/p>\n<p>\n  <a href=\"https:\/\/mikroskopmedia.com\/2019\/10\/14\/az\u0259rbaycanda-bu-ilin-9-ayi-\u0259rzind\u0259-118-qadin-sidd\u0259t\u0259-m\u0259ruz-qalib\/?fbclid=IwAR0WDK8CADD6-guCzIv4TKRpvv1RE3BQDgd_NfWG92rRIaQ9BjOIRewXHW4\"><br \/>\n    Mikroskop<br \/>\n  <\/a><br \/>\n  Media bu monitorinqi Az\u0259rbaycanda informasiya agentlikl\u0259ri v\u0259 x\u0259b\u0259r saytlar\u0131nda d\u0259rc olunan materiallara \u0259sas\u0259n apar\u0131b.<\/p>\n","protected":false},"excerpt":{"rendered":"<p>Az\u0259rbaycanda bu ilin yanvar-sentyabr aylar\u0131 \u0259rzind\u0259 118 qad\u0131n ail\u0259daxili \u015fidd\u0259t\u0259 m\u0259ruz qal\u0131b<\/p>\n","protected":false},"author":11,"featured_media":131789,"comment_status":"closed","ping_status":"open","sticky":false,"template":"","format":"standard","meta":{"_acf_changed":false,"_sitemap_exclude":false,"_sitemap_priority":"","_sitemap_frequency":"","footnotes":""},"categories":[59],"tags":[],"class_list":["post-197554","post","type-post","status-publish","format-standard","has-post-thumbnail","hentry","category-siyaset","infinite-scroll-item","generate-columns","tablet-grid-50","mobile-grid-100","grid-parent","grid-33","no-featured-image-padding"],"acf":[],"yoast_head":"<!-- This site is optimized with the Yoast SEO plugin v27.4 - https:\/\/yoast.com\/product\/yoast-seo-wordpress\/ -->\n<title>Bak\u0131n\u0131n m\u0259rk\u0259zi k\u00fc\u00e7\u0259sind\u0259 qad\u0131nlar &quot;\u015fidd\u0259t\u0259 susma&quot; deyib - MEYDAN.TV<\/title>\n<meta name=\"robots\" content=\"index, follow, max-snippet:-1, max-image-preview:large, max-video-preview:-1\" \/>\n<link rel=\"canonical\" href=\"https:\/\/www.meydan.tv\/az\/article\/bakinin-merkezi-kucesinde-qadinlar-siddete-susma-deyib\/\" \/>\n<meta property=\"og:locale\" content=\"az_AZ\" \/>\n<meta property=\"og:type\" content=\"article\" \/>\n<meta property=\"og:title\" content=\"Bak\u0131n\u0131n m\u0259rk\u0259zi k\u00fc\u00e7\u0259sind\u0259 qad\u0131nlar &quot;\u015fidd\u0259t\u0259 susma&quot; deyib - MEYDAN.TV\" \/>\n<meta property=\"og:description\" content=\"Az\u0259rbaycanda bu ilin yanvar-sentyabr aylar\u0131 \u0259rzind\u0259 118 qad\u0131n ail\u0259daxili \u015fidd\u0259t\u0259 m\u0259ruz qal\u0131b\" \/>\n<meta property=\"og:url\" content=\"https:\/\/www.meydan.tv\/az\/article\/bakinin-merkezi-kucesinde-qadinlar-siddete-susma-deyib\/\" \/>\n<meta property=\"og:site_name\" content=\"MEYDAN.TV\" \/>\n<meta property=\"article:published_time\" content=\"2019-10-21T14:32:40+00:00\" \/>\n<meta property=\"og:image\" content=\"https:\/\/www.meydan.tv\/wp-content\/uploads\/73390690_3615785925105658_6777381062201835520_o.jpg\" \/>\n\t<meta property=\"og:image:width\" content=\"2048\" \/>\n\t<meta property=\"og:image:height\" content=\"1537\" \/>\n\t<meta property=\"og:image:type\" content=\"image\/jpeg\" \/>\n<meta name=\"author\" content=\"user-manager\" \/>\n<meta name=\"twitter:card\" content=\"summary_large_image\" \/>\n<script type=\"application\/ld+json\" class=\"yoast-schema-graph\">{\"@context\":\"https:\\\/\\\/schema.org\",\"@graph\":[{\"@type\":\"Article\",\"@id\":\"https:\\\/\\\/www.meydan.tv\\\/az\\\/article\\\/bakinin-merkezi-kucesinde-qadinlar-siddete-susma-deyib\\\/#article\",\"isPartOf\":{\"@id\":\"https:\\\/\\\/www.meydan.tv\\\/az\\\/article\\\/bakinin-merkezi-kucesinde-qadinlar-siddete-susma-deyib\\\/\"},\"author\":{\"name\":\"user-manager\",\"@id\":\"https:\\\/\\\/www.meydan.tv\\\/az\\\/#\\\/schema\\\/person\\\/10d11eccf6da3662cf5fdab9806ea91a\"},\"headline\":\"Bak\u0131n\u0131n m\u0259rk\u0259zi k\u00fc\u00e7\u0259sind\u0259 qad\u0131nlar &#8220;\u015fidd\u0259t\u0259 susma&#8221; deyib\",\"datePublished\":\"2019-10-21T14:32:40+00:00\",\"mainEntityOfPage\":{\"@id\":\"https:\\\/\\\/www.meydan.tv\\\/az\\\/article\\\/bakinin-merkezi-kucesinde-qadinlar-siddete-susma-deyib\\\/\"},\"wordCount\":284,\"publisher\":{\"@id\":\"https:\\\/\\\/www.meydan.tv\\\/az\\\/#organization\"},\"image\":{\"@id\":\"https:\\\/\\\/www.meydan.tv\\\/az\\\/article\\\/bakinin-merkezi-kucesinde-qadinlar-siddete-susma-deyib\\\/#primaryimage\"},\"thumbnailUrl\":\"https:\\\/\\\/www.meydan.tv\\\/wp-content\\\/uploads\\\/73390690_3615785925105658_6777381062201835520_o.jpg\",\"articleSection\":[\"Siyas\u0259t\"],\"inLanguage\":\"az\"},{\"@type\":\"WebPage\",\"@id\":\"https:\\\/\\\/www.meydan.tv\\\/az\\\/article\\\/bakinin-merkezi-kucesinde-qadinlar-siddete-susma-deyib\\\/\",\"url\":\"https:\\\/\\\/www.meydan.tv\\\/az\\\/article\\\/bakinin-merkezi-kucesinde-qadinlar-siddete-susma-deyib\\\/\",\"name\":\"Bak\u0131n\u0131n m\u0259rk\u0259zi k\u00fc\u00e7\u0259sind\u0259 qad\u0131nlar \\\"\u015fidd\u0259t\u0259 susma\\\" deyib - MEYDAN.TV\",\"isPartOf\":{\"@id\":\"https:\\\/\\\/www.meydan.tv\\\/az\\\/#website\"},\"primaryImageOfPage\":{\"@id\":\"https:\\\/\\\/www.meydan.tv\\\/az\\\/article\\\/bakinin-merkezi-kucesinde-qadinlar-siddete-susma-deyib\\\/#primaryimage\"},\"image\":{\"@id\":\"https:\\\/\\\/www.meydan.tv\\\/az\\\/article\\\/bakinin-merkezi-kucesinde-qadinlar-siddete-susma-deyib\\\/#primaryimage\"},\"thumbnailUrl\":\"https:\\\/\\\/www.meydan.tv\\\/wp-content\\\/uploads\\\/73390690_3615785925105658_6777381062201835520_o.jpg\",\"datePublished\":\"2019-10-21T14:32:40+00:00\",\"breadcrumb\":{\"@id\":\"https:\\\/\\\/www.meydan.tv\\\/az\\\/article\\\/bakinin-merkezi-kucesinde-qadinlar-siddete-susma-deyib\\\/#breadcrumb\"},\"inLanguage\":\"az\",\"potentialAction\":[{\"@type\":\"ReadAction\",\"target\":[\"https:\\\/\\\/www.meydan.tv\\\/az\\\/article\\\/bakinin-merkezi-kucesinde-qadinlar-siddete-susma-deyib\\\/\"]}]},{\"@type\":\"ImageObject\",\"inLanguage\":\"az\",\"@id\":\"https:\\\/\\\/www.meydan.tv\\\/az\\\/article\\\/bakinin-merkezi-kucesinde-qadinlar-siddete-susma-deyib\\\/#primaryimage\",\"url\":\"https:\\\/\\\/www.meydan.tv\\\/wp-content\\\/uploads\\\/73390690_3615785925105658_6777381062201835520_o.jpg\",\"contentUrl\":\"https:\\\/\\\/www.meydan.tv\\\/wp-content\\\/uploads\\\/73390690_3615785925105658_6777381062201835520_o.jpg\",\"width\":2048,\"height\":1537,\"caption\":\"Source: Specify Source\"},{\"@type\":\"BreadcrumbList\",\"@id\":\"https:\\\/\\\/www.meydan.tv\\\/az\\\/article\\\/bakinin-merkezi-kucesinde-qadinlar-siddete-susma-deyib\\\/#breadcrumb\",\"itemListElement\":[{\"@type\":\"ListItem\",\"position\":1,\"name\":\"Ana s\u0259hif\u0259\",\"item\":\"https:\\\/\\\/www.meydan.tv\\\/az\\\/\"},{\"@type\":\"ListItem\",\"position\":2,\"name\":\"Siyas\u0259t\",\"item\":\"https:\\\/\\\/www.meydan.tv\\\/az\\\/section\\\/siyaset\\\/\"},{\"@type\":\"ListItem\",\"position\":3,\"name\":\"Bak\u0131n\u0131n m\u0259rk\u0259zi k\u00fc\u00e7\u0259sind\u0259 qad\u0131nlar &#8220;\u015fidd\u0259t\u0259 susma&#8221; deyib\"}]},{\"@type\":\"WebSite\",\"@id\":\"https:\\\/\\\/www.meydan.tv\\\/az\\\/#website\",\"url\":\"https:\\\/\\\/www.meydan.tv\\\/az\\\/\",\"name\":\"MEYDAN.TV\",\"description\":\"Meydan TV Az\u0259rbaycan\u0131n media m\u0259kan\u0131ndak\u0131 alternativ s\u0259sidir\",\"publisher\":{\"@id\":\"https:\\\/\\\/www.meydan.tv\\\/az\\\/#organization\"},\"potentialAction\":[{\"@type\":\"SearchAction\",\"target\":{\"@type\":\"EntryPoint\",\"urlTemplate\":\"https:\\\/\\\/www.meydan.tv\\\/az\\\/?s={search_term_string}\"},\"query-input\":{\"@type\":\"PropertyValueSpecification\",\"valueRequired\":true,\"valueName\":\"search_term_string\"}}],\"inLanguage\":\"az\"},{\"@type\":\"Organization\",\"@id\":\"https:\\\/\\\/www.meydan.tv\\\/az\\\/#organization\",\"name\":\"Meydan TV\",\"url\":\"https:\\\/\\\/www.meydan.tv\\\/az\\\/\",\"logo\":{\"@type\":\"ImageObject\",\"inLanguage\":\"az\",\"@id\":\"https:\\\/\\\/www.meydan.tv\\\/az\\\/#\\\/schema\\\/logo\\\/image\\\/\",\"url\":\"https:\\\/\\\/www.meydan.tv\\\/wp-content\\\/uploads\\\/2021\\\/07\\\/meydan-logo.svg\",\"contentUrl\":\"https:\\\/\\\/www.meydan.tv\\\/wp-content\\\/uploads\\\/2021\\\/07\\\/meydan-logo.svg\",\"width\":195,\"height\":46,\"caption\":\"Meydan TV\"},\"image\":{\"@id\":\"https:\\\/\\\/www.meydan.tv\\\/az\\\/#\\\/schema\\\/logo\\\/image\\\/\"}},{\"@type\":\"Person\",\"@id\":\"https:\\\/\\\/www.meydan.tv\\\/az\\\/#\\\/schema\\\/person\\\/10d11eccf6da3662cf5fdab9806ea91a\",\"name\":\"user-manager\"}]}<\/script>\n<!-- \/ Yoast SEO plugin. -->","yoast_head_json":{"title":"Bak\u0131n\u0131n m\u0259rk\u0259zi k\u00fc\u00e7\u0259sind\u0259 qad\u0131nlar \"\u015fidd\u0259t\u0259 susma\" deyib - MEYDAN.TV","robots":{"index":"index","follow":"follow","max-snippet":"max-snippet:-1","max-image-preview":"max-image-preview:large","max-video-preview":"max-video-preview:-1"},"canonical":"https:\/\/www.meydan.tv\/az\/article\/bakinin-merkezi-kucesinde-qadinlar-siddete-susma-deyib\/","og_locale":"az_AZ","og_type":"article","og_title":"Bak\u0131n\u0131n m\u0259rk\u0259zi k\u00fc\u00e7\u0259sind\u0259 qad\u0131nlar \"\u015fidd\u0259t\u0259 susma\" deyib - MEYDAN.TV","og_description":"Az\u0259rbaycanda bu ilin yanvar-sentyabr aylar\u0131 \u0259rzind\u0259 118 qad\u0131n ail\u0259daxili \u015fidd\u0259t\u0259 m\u0259ruz qal\u0131b","og_url":"https:\/\/www.meydan.tv\/az\/article\/bakinin-merkezi-kucesinde-qadinlar-siddete-susma-deyib\/","og_site_name":"MEYDAN.TV","article_published_time":"2019-10-21T14:32:40+00:00","og_image":[{"width":2048,"height":1537,"url":"https:\/\/www.meydan.tv\/wp-content\/uploads\/73390690_3615785925105658_6777381062201835520_o.jpg","type":"image\/jpeg"}],"author":"user-manager","twitter_card":"summary_large_image","schema":{"@context":"https:\/\/schema.org","@graph":[{"@type":"Article","@id":"https:\/\/www.meydan.tv\/az\/article\/bakinin-merkezi-kucesinde-qadinlar-siddete-susma-deyib\/#article","isPartOf":{"@id":"https:\/\/www.meydan.tv\/az\/article\/bakinin-merkezi-kucesinde-qadinlar-siddete-susma-deyib\/"},"author":{"name":"user-manager","@id":"https:\/\/www.meydan.tv\/az\/#\/schema\/person\/10d11eccf6da3662cf5fdab9806ea91a"},"headline":"Bak\u0131n\u0131n m\u0259rk\u0259zi k\u00fc\u00e7\u0259sind\u0259 qad\u0131nlar &#8220;\u015fidd\u0259t\u0259 susma&#8221; deyib","datePublished":"2019-10-21T14:32:40+00:00","mainEntityOfPage":{"@id":"https:\/\/www.meydan.tv\/az\/article\/bakinin-merkezi-kucesinde-qadinlar-siddete-susma-deyib\/"},"wordCount":284,"publisher":{"@id":"https:\/\/www.meydan.tv\/az\/#organization"},"image":{"@id":"https:\/\/www.meydan.tv\/az\/article\/bakinin-merkezi-kucesinde-qadinlar-siddete-susma-deyib\/#primaryimage"},"thumbnailUrl":"https:\/\/www.meydan.tv\/wp-content\/uploads\/73390690_3615785925105658_6777381062201835520_o.jpg","articleSection":["Siyas\u0259t"],"inLanguage":"az"},{"@type":"WebPage","@id":"https:\/\/www.meydan.tv\/az\/article\/bakinin-merkezi-kucesinde-qadinlar-siddete-susma-deyib\/","url":"https:\/\/www.meydan.tv\/az\/article\/bakinin-merkezi-kucesinde-qadinlar-siddete-susma-deyib\/","name":"Bak\u0131n\u0131n m\u0259rk\u0259zi k\u00fc\u00e7\u0259sind\u0259 qad\u0131nlar \"\u015fidd\u0259t\u0259 susma\" deyib - MEYDAN.TV","isPartOf":{"@id":"https:\/\/www.meydan.tv\/az\/#website"},"primaryImageOfPage":{"@id":"https:\/\/www.meydan.tv\/az\/article\/bakinin-merkezi-kucesinde-qadinlar-siddete-susma-deyib\/#primaryimage"},"image":{"@id":"https:\/\/www.meydan.tv\/az\/article\/bakinin-merkezi-kucesinde-qadinlar-siddete-susma-deyib\/#primaryimage"},"thumbnailUrl":"https:\/\/www.meydan.tv\/wp-content\/uploads\/73390690_3615785925105658_6777381062201835520_o.jpg","datePublished":"2019-10-21T14:32:40+00:00","breadcrumb":{"@id":"https:\/\/www.meydan.tv\/az\/article\/bakinin-merkezi-kucesinde-qadinlar-siddete-susma-deyib\/#breadcrumb"},"inLanguage":"az","potentialAction":[{"@type":"ReadAction","target":["https:\/\/www.meydan.tv\/az\/article\/bakinin-merkezi-kucesinde-qadinlar-siddete-susma-deyib\/"]}]},{"@type":"ImageObject","inLanguage":"az","@id":"https:\/\/www.meydan.tv\/az\/article\/bakinin-merkezi-kucesinde-qadinlar-siddete-susma-deyib\/#primaryimage","url":"https:\/\/www.meydan.tv\/wp-content\/uploads\/73390690_3615785925105658_6777381062201835520_o.jpg","contentUrl":"https:\/\/www.meydan.tv\/wp-content\/uploads\/73390690_3615785925105658_6777381062201835520_o.jpg","width":2048,"height":1537,"caption":"Source: Specify Source"},{"@type":"BreadcrumbList","@id":"https:\/\/www.meydan.tv\/az\/article\/bakinin-merkezi-kucesinde-qadinlar-siddete-susma-deyib\/#breadcrumb","itemListElement":[{"@type":"ListItem","position":1,"name":"Ana s\u0259hif\u0259","item":"https:\/\/www.meydan.tv\/az\/"},{"@type":"ListItem","position":2,"name":"Siyas\u0259t","item":"https:\/\/www.meydan.tv\/az\/section\/siyaset\/"},{"@type":"ListItem","position":3,"name":"Bak\u0131n\u0131n m\u0259rk\u0259zi k\u00fc\u00e7\u0259sind\u0259 qad\u0131nlar &#8220;\u015fidd\u0259t\u0259 susma&#8221; deyib"}]},{"@type":"WebSite","@id":"https:\/\/www.meydan.tv\/az\/#website","url":"https:\/\/www.meydan.tv\/az\/","name":"MEYDAN.TV","description":"Meydan TV Az\u0259rbaycan\u0131n media m\u0259kan\u0131ndak\u0131 alternativ s\u0259sidir","publisher":{"@id":"https:\/\/www.meydan.tv\/az\/#organization"},"potentialAction":[{"@type":"SearchAction","target":{"@type":"EntryPoint","urlTemplate":"https:\/\/www.meydan.tv\/az\/?s={search_term_string}"},"query-input":{"@type":"PropertyValueSpecification","valueRequired":true,"valueName":"search_term_string"}}],"inLanguage":"az"},{"@type":"Organization","@id":"https:\/\/www.meydan.tv\/az\/#organization","name":"Meydan TV","url":"https:\/\/www.meydan.tv\/az\/","logo":{"@type":"ImageObject","inLanguage":"az","@id":"https:\/\/www.meydan.tv\/az\/#\/schema\/logo\/image\/","url":"https:\/\/www.meydan.tv\/wp-content\/uploads\/2021\/07\/meydan-logo.svg","contentUrl":"https:\/\/www.meydan.tv\/wp-content\/uploads\/2021\/07\/meydan-logo.svg","width":195,"height":46,"caption":"Meydan TV"},"image":{"@id":"https:\/\/www.meydan.tv\/az\/#\/schema\/logo\/image\/"}},{"@type":"Person","@id":"https:\/\/www.meydan.tv\/az\/#\/schema\/person\/10d11eccf6da3662cf5fdab9806ea91a","name":"user-manager"}]}},"_links":{"self":[{"href":"https:\/\/www.meydan.tv\/az\/wp-json\/wp\/v2\/posts\/197554","targetHints":{"allow":["GET"]}}],"collection":[{"href":"https:\/\/www.meydan.tv\/az\/wp-json\/wp\/v2\/posts"}],"about":[{"href":"https:\/\/www.meydan.tv\/az\/wp-json\/wp\/v2\/types\/post"}],"author":[{"embeddable":true,"href":"https:\/\/www.meydan.tv\/az\/wp-json\/wp\/v2\/users\/11"}],"replies":[{"embeddable":true,"href":"https:\/\/www.meydan.tv\/az\/wp-json\/wp\/v2\/comments?post=197554"}],"version-history":[{"count":0,"href":"https:\/\/www.meydan.tv\/az\/wp-json\/wp\/v2\/posts\/197554\/revisions"}],"wp:featuredmedia":[{"embeddable":true,"href":"https:\/\/www.meydan.tv\/az\/wp-json\/wp\/v2\/media\/131789"}],"wp:attachment":[{"href":"https:\/\/www.meydan.tv\/az\/wp-json\/wp\/v2\/media?parent=197554"}],"wp:term":[{"taxonomy":"category","embeddable":true,"href":"https:\/\/www.meydan.tv\/az\/wp-json\/wp\/v2\/categories?post=197554"},{"taxonomy":"post_tag","embeddable":true,"href":"https:\/\/www.meydan.tv\/az\/wp-json\/wp\/v2\/tags?post=197554"}],"curies":[{"name":"wp","href":"https:\/\/api.w.org\/{rel}","templated":true}]}}