{"id":197545,"date":"2019-10-21T11:26:02","date_gmt":"2019-10-21T11:26:02","guid":{"rendered":"https:\/\/www.meydan.tv\/article\/desem-ki-agriyiram-cox-yumsaq-ifade-olar\/"},"modified":"2019-10-21T11:26:02","modified_gmt":"2019-10-21T11:26:02","slug":"desem-ki-agriyiram-cox-yumsaq-ifade-olar","status":"publish","type":"post","link":"https:\/\/www.meydan.tv\/az\/article\/desem-ki-agriyiram-cox-yumsaq-ifade-olar\/","title":{"rendered":"\u201cDes\u0259m ki, a\u011fr\u0131y\u0131ram, \u00e7ox yum\u015faq ifad\u0259 olar\u201d"},"content":{"rendered":"<p>\n  <i><br \/>\n    S\u00fcleymanovlar x\u0259st\u0259likd\u0259n, imkans\u0131zl\u0131qdan \u0259ziyy\u0259t \u00e7\u0259kir<br \/>\n  <\/i>\n<\/p>\n<p>\n  B\u0259rd\u0259nin G\u0259nc\u0259 k\u00fc\u00e7\u0259sind\u0259 ya\u015fayan Faiq v\u0259 Z\u0259min\u0259 S\u00fcleymanovlar\u0131n h\u0259yat \u00fcz\u00fcn\u0259 g\u00fclm\u0259yib. Faiq d\u00f6rd il \u0259vv\u0259l n\u0259rdivandan y\u0131x\u0131laraq h\u0259r\u0259k\u0259t qabiliyy\u0259tini itirib. Z\u0259min\u0259 is\u0259 2017-ci ild\u0259 x\u0259r\u00e7\u0259ng x\u0259st\u0259liyin\u0259 yoluxub.\n<\/p>\n<p>\n  <b><br \/>\n    \u201cN\u0259yimiz var, satm\u0131\u015f\u0131q\u201d<br \/>\n  <\/b>\n<\/p>\n<p>\n  Faiq h\u0259min g\u00fcn\u00fc yax\u015f\u0131 xat\u0131rlay\u0131r. 2015-ci ilin oktyabr\u0131n 29-da b\u00fct\u00fcn h\u0259yat\u0131 d\u0259yi\u015fib. Y\u0131x\u0131landa onur\u011fas\u0131 z\u0259d\u0259l\u0259ndiyind\u0259n ayaqlar\u0131 da daha h\u0259r\u0259k\u0259t etmir. Bundan iki il sonra h\u0259yat yolda\u015f\u0131 Z\u0259min\u0259nin a\u011f\u0131r x\u0259st\u0259liy\u0259 tutuldu\u011fu m\u0259lum olub. B\u0259dxass\u0259li \u015fi\u015f \u00fcz\u00fcnd\u0259n qad\u0131n\u0131n sin\u0259sind\u0259 amputasiya \u0259m\u0259liyyat\u0131 aparmaq laz\u0131m g\u0259lib. Z\u0259min\u0259 deyir ki, Milli Onkologiya M\u0259rk\u0259zind\u0259 \u0259m\u0259liyyat \u00fc\u00e7\u00fcn 1700 manat \u00f6d\u0259yibl\u0259r.\n<\/p>\n<p>\n  \u201cBuna q\u0259d\u0259r 800 manat da m\u00fcayin\u0259y\u0259 \u00e7\u0131xm\u0131\u015fd\u0131. \u018fvv\u0259lc\u0259 iki d\u0259f\u0259 orada 300 manatdan kimyaterapiyadan ke\u00e7dim. Baha oldu\u011fundan qalan d\u00f6rd d\u0259f\u0259 \u00fc\u00e7\u00fcn A\u011fcab\u0259diy\u0259 getdim. M\u00f6hk\u0259m a\u011fr\u0131lar\u0131m olur. \u00c7ox h\u0259r\u0259k\u0259t el\u0259y\u0259nd\u0259 qollar\u0131m \u015fi\u015fir. Alt\u0131 ayd\u0131an bir yoxlan\u0131ram\u201d, &#8211; Z\u0259min\u0259 dan\u0131\u015f\u0131r.\n<\/p>\n<p>\n  Z\u0259min\u0259 S\u00fcleymanova eyn\u0259ksiz ya\u015faya bilm\u0259diyini deyir. H\u0259r iki g\u00f6z\u00fcn\u00fcn \u0259m\u0259liyyata ehtiyac\u0131 var. G\u00f6z\u00fcn\u00fcn biri tam s\u0131radan \u00e7\u0131xmaq \u00fczr\u0259dir: \u201c\u018fm\u0259liyyat el\u0259m\u0259y\u0259 pul yoxdu. N\u0259yimiz var, satm\u0131\u015f\u0131q. Q\u0131r-q\u0131z\u0131l da qalmay\u0131b. \u00c7ox a\u011f\u0131r v\u0259ziyy\u0259td\u0259yik\u201d.\n<\/p>\n<p>\n  <b><br \/>\n    \u201cBorc i\u00e7ind\u0259 bo\u011fuluruq\u201d<br \/>\n  <\/b>\n<\/p>\n<p>\n  Faiq S\u00fcleymanov faci\u0259y\u0259 q\u0259d\u0259r restoranda inzibat\u00e7\u0131 i\u015fl\u0259yib. Deyir ki, \u00e7ox qazanm\u0131rd\u0131, amma onur\u011fas\u0131 z\u0259d\u0259l\u0259nm\u0259s\u0259ydi, ail\u0259nin bu a\u011f\u0131r g\u00fcnl\u0259rind\u0259 laz\u0131m g\u0259ls\u0259, bir ne\u00e7\u0259 yerd\u0259 i\u015fl\u0259y\u0259rdi.\n<\/p>\n<p>\n  Ev\u0259 h\u0259r ikisinin pensiyas\u0131n\u0131, h\u0259yat yolda\u015f\u0131n\u0131n u\u015faq ba\u011f\u00e7as\u0131ndan ald\u0131\u011f\u0131 90 manat yar\u0131m\u015ftat maa\u015f\u0131n\u0131 \u00fcst-\u00fcst\u0259 g\u0259ls\u0259k, ev\u0259 c\u0259mi 380 manat g\u0259lir. Bununla h\u0259m m\u00fcalic\u0259 olunmaq, h\u0259m dolanmaq, h\u0259m d\u0259 \u00f6d\u0259ni\u015fli \u0259saslarla ali t\u0259hsil alan iki q\u0131z\u0131n\u0131n x\u0259rcl\u0259rini \u00f6d\u0259m\u0259k m\u00fcmk\u00fcns\u00fczd\u00fcr.\n<\/p>\n<figure class=\"wp-block-image size-large\">\n  <img decoding=\"async\" src=\"https:\/\/www.meydan.tv\/az\/image_from_ios-jpg-103\/\" alt=\"image_from_ios.jpg\" class=\"wp-image-131861\"\/><figcaption>\n    Faiq S\u00fcleymanov<br \/>\n  <\/figcaption><\/figure>\n<p>\n  \u201c\u0130kisi \u00fc\u00e7\u00fcn birlikd\u0259 2400 manat \u00f6d\u0259m\u0259liyik. Son kursdad\u0131lar. H\u0259l\u0259 d\u0259 \u00f6d\u0259y\u0259 bilm\u0259mi\u015fik. Evi satl\u0131\u011fa qoymu\u015fuq. Borc i\u00e7ind\u0259 bo\u011fuluruq. Eybi yox, daha y\u0131\u011fcam evd\u0259 ya\u015fayar\u0131q, amma y\u00fck\u00fcm\u00fcz azalar. U\u015faqlar\u0131n \u00f6t\u0259n il \u00fc\u00e7\u00fcn t\u0259hsil haqq\u0131n\u0131 borca g\u00f6t\u00fcrm\u00fc\u015fd\u00fck, h\u0259l\u0259 d\u0259 qaytara bilm\u0259mi\u015fik. Bu d\u0259qiq\u0259 u\u015faqlar\u0131n t\u0259hsil haqq\u0131n\u0131 \u00f6d\u0259y\u0259, bir d\u0259 h\u0259yat yolda\u015f\u0131m\u0131n g\u00f6z\u00fcn\u00fc \u0259m\u0259liyyat el\u0259tdir\u0259 bils\u0259k, el\u0259 bil\u0259c\u0259m, aya\u011fa qalx\u0131b g\u0259zir\u0259m\u201d, &#8211; Faiq n\u0259 q\u0259d\u0259r \u0259zab \u00e7\u0259kdiyini gizl\u0259tm\u0259y\u0259 \u00e7al\u0131\u015f\u0131r.\n<\/p>\n<p>\n  Z\u0259min\u0259 \u00fc\u00e7\u00fcnc\u00fc qrup \u0259lildir. X\u0259st\u0259likl\u0259 m\u00fcbariz\u0259 aparan qad\u0131n deyir ki, b\u0259d\u0259n orqan\u0131n\u0131 itirm\u0259sin\u0259, b\u0259dxass\u0259li \u015fi\u015fl\u0259 ya\u015famas\u0131na g\u00f6r\u0259 ona birinci qrup \u0259lil d\u0259r\u0259c\u0259si verm\u0259y\u0259 borclu idil\u0259r.\n<\/p>\n<p>\n  <b><br \/>\n    \u201cM\u0259nim yerim\u0259 kim olsayd\u0131, intihar el\u0259mi\u015fdi\u201d<br \/>\n  <\/b>\n<\/p>\n<p>\n  Z\u0259min\u0259 dan\u0131\u015f\u0131r ki, sosial yard\u0131m alma\u011fa \u00e7al\u0131\u015f\u0131blar. B\u00fct\u00fcn s\u0259n\u0259dl\u0259ri haz\u0131rlay\u0131blar, amma r\u0259dd cavab\u0131 g\u0259lib. Halbuki D\u00f6vl\u0259t Sosial M\u00fcdafi\u0259 Fondunun B\u0259rd\u0259 Rayon \u015e\u00f6b\u0259si, ad\u0259t\u0259n, m\u00fcraci\u0259t ed\u0259nl\u0259rin qar\u015f\u0131s\u0131na i\u015f yeri t\u0259l\u0259bi qoyur. Z\u0259min\u0259nin r\u0259smi i\u015f yeri oldu\u011fundan, r\u0259dd cavab\u0131n\u0131 m\u0259ntiqsiz say\u0131rlar.\n<\/p>\n<p>\n  \u201cN\u0259 torpa\u011f\u0131m\u0131z var, n\u0259 d\u0259 ma\u015f\u0131n\u0131m\u0131z. He\u00e7 ya\u015fad\u0131\u011f\u0131m\u0131z ev d\u0259 bizim m\u00fclkiyy\u0259t deyil. Y\u0259ni he\u00e7 n\u0259yimiz yoxdu\u201d, &#8211; Z\u0259min\u0259 bildirir.\n<\/p>\n<p>\n  Faiq deyir ki, qohum-\u0259qr\u0259badan umma\u011f\u0131n da yeri yoxdur: \u201cHam\u0131 imkans\u0131zd\u0131. H\u0259rd\u0259n xalam bazarl\u0131q el\u0259yib g\u0259tirir. Qohumlar \u00f6z\u00fcn\u00fc zorla doland\u0131r\u0131r\u201d.\n<\/p>\n<p>\n  Faiq h\u0259yat yolda\u015f\u0131na g\u00f6r\u0259 \u00e7ox pis olur. Deyir \u201ceybi yox, m\u0259n g\u0259zm\u0259yim, amma onun g\u00f6zl\u0259ri d\u00fcz\u0259lsin\u201d. Z\u0259min\u0259 h\u0259r\u0259k\u0259t qabiliyy\u0259tini itir\u0259n h\u0259yat yolda\u015f\u0131n\u0131n h\u0259r c\u00fcr qay\u011f\u0131s\u0131na qalma\u011fa \u00e7al\u0131\u015f\u0131r. M\u00fcmk\u00fcn q\u0259d\u0259r nikbin olma\u011fa \u00e7al\u0131\u015f\u0131rlar. H\u0259tta biziml\u0259 s\u00f6hb\u0259t zaman\u0131 da t\u0259b\u0259ss\u00fcm\u00fc qoruyurlar.\n<\/p>\n<p>\n  \u201cDes\u0259m ki, a\u011fr\u0131y\u0131ram, \u00e7ox yum\u015faq ifad\u0259 olar. \u0130ndi siz\u0259 g\u00f6r\u0259 abr\u0131ma b\u00fck\u00fcl\u00fcb s\u0259simi \u00e7\u0131xarm\u0131ram. A\u011fr\u0131dan adam az qal\u0131r ba\u015f\u0131n\u0131 divara vura. He\u00e7 bir a\u011fr\u0131k\u0259sici qar\u015f\u0131s\u0131n\u0131 ala bilmir. Onur\u011famda sinir s\u0131x\u0131lmas\u0131 gedir. D\u00fczg\u00fcn m\u00fcalic\u0259y\u0259 ehtiyac var, amma pul yoxdu. Adic\u0259 a\u011fr\u0131k\u0259siciy\u0259 80 manat verm\u0259li oluruq\u201d, &#8211; Faiqi e\u015fidirik.\n<\/p>\n<p>\n  Faiq \u00e7al\u0131\u015f\u0131r ki, \u00e7ox \u015fikay\u0259t etm\u0259sin: \u201cH\u0259r \u015feyi dem\u0259k ist\u0259mir\u0259m. M\u0259nim yerim\u0259 kim olsayd\u0131, indiy\u0259 intihar el\u0259mi\u015fdi\u201d.\n<\/p>\n<p>\n  Faiq ail\u0259nin maddi ehtiyaclar\u0131n\u0131 \u00f6d\u0259y\u0259 bilm\u0259diyim\u0259 g\u00f6r\u0259 \u00e7ox sars\u0131ld\u0131\u011f\u0131n\u0131 deyir. Z\u0259min\u0259 ona t\u0259s\u0259lli verir&#8230;<\/p>\n","protected":false},"excerpt":{"rendered":"<p>N\u0259 torpa\u011f\u0131m\u0131z var, n\u0259 d\u0259 ma\u015f\u0131n\u0131m\u0131z.<\/p>\n","protected":false},"author":11,"featured_media":131858,"comment_status":"closed","ping_status":"open","sticky":false,"template":"","format":"standard","meta":{"_acf_changed":false,"_sitemap_exclude":false,"_sitemap_priority":"","_sitemap_frequency":"","footnotes":""},"categories":[60],"tags":[],"class_list":["post-197545","post","type-post","status-publish","format-standard","has-post-thumbnail","hentry","category-bolge","infinite-scroll-item","generate-columns","tablet-grid-50","mobile-grid-100","grid-parent","grid-33","no-featured-image-padding"],"acf":[],"yoast_head":"<!-- This site is optimized with the Yoast SEO plugin v27.5 - https:\/\/yoast.com\/product\/yoast-seo-wordpress\/ -->\n<title>\u201cDes\u0259m ki, a\u011fr\u0131y\u0131ram, \u00e7ox yum\u015faq ifad\u0259 olar\u201d - MEYDAN.TV<\/title>\n<meta name=\"robots\" content=\"index, follow, max-snippet:-1, max-image-preview:large, max-video-preview:-1\" \/>\n<link rel=\"canonical\" href=\"https:\/\/www.meydan.tv\/az\/article\/desem-ki-agriyiram-cox-yumsaq-ifade-olar\/\" \/>\n<meta property=\"og:locale\" content=\"az_AZ\" \/>\n<meta property=\"og:type\" content=\"article\" \/>\n<meta property=\"og:title\" content=\"\u201cDes\u0259m ki, a\u011fr\u0131y\u0131ram, \u00e7ox yum\u015faq ifad\u0259 olar\u201d - MEYDAN.TV\" \/>\n<meta property=\"og:description\" content=\"N\u0259 torpa\u011f\u0131m\u0131z var, n\u0259 d\u0259 ma\u015f\u0131n\u0131m\u0131z.\" \/>\n<meta property=\"og:url\" content=\"https:\/\/www.meydan.tv\/az\/article\/desem-ki-agriyiram-cox-yumsaq-ifade-olar\/\" \/>\n<meta property=\"og:site_name\" content=\"MEYDAN.TV\" \/>\n<meta property=\"article:published_time\" content=\"2019-10-21T11:26:02+00:00\" \/>\n<meta property=\"og:image\" content=\"https:\/\/www.meydan.tv\/wp-content\/uploads\/image_from_ios_6_bed635g.jpg\" \/>\n\t<meta property=\"og:image:width\" content=\"1024\" \/>\n\t<meta property=\"og:image:height\" content=\"764\" \/>\n\t<meta property=\"og:image:type\" content=\"image\/jpeg\" \/>\n<meta name=\"author\" content=\"user-manager\" \/>\n<meta name=\"twitter:card\" content=\"summary_large_image\" \/>\n<script type=\"application\/ld+json\" class=\"yoast-schema-graph\">{\"@context\":\"https:\\\/\\\/schema.org\",\"@graph\":[{\"@type\":\"Article\",\"@id\":\"https:\\\/\\\/www.meydan.tv\\\/az\\\/article\\\/desem-ki-agriyiram-cox-yumsaq-ifade-olar\\\/#article\",\"isPartOf\":{\"@id\":\"https:\\\/\\\/www.meydan.tv\\\/az\\\/article\\\/desem-ki-agriyiram-cox-yumsaq-ifade-olar\\\/\"},\"author\":{\"name\":\"user-manager\",\"@id\":\"https:\\\/\\\/www.meydan.tv\\\/az\\\/#\\\/schema\\\/person\\\/10d11eccf6da3662cf5fdab9806ea91a\"},\"headline\":\"\u201cDes\u0259m ki, a\u011fr\u0131y\u0131ram, \u00e7ox yum\u015faq ifad\u0259 olar\u201d\",\"datePublished\":\"2019-10-21T11:26:02+00:00\",\"mainEntityOfPage\":{\"@id\":\"https:\\\/\\\/www.meydan.tv\\\/az\\\/article\\\/desem-ki-agriyiram-cox-yumsaq-ifade-olar\\\/\"},\"wordCount\":945,\"publisher\":{\"@id\":\"https:\\\/\\\/www.meydan.tv\\\/az\\\/#organization\"},\"image\":{\"@id\":\"https:\\\/\\\/www.meydan.tv\\\/az\\\/article\\\/desem-ki-agriyiram-cox-yumsaq-ifade-olar\\\/#primaryimage\"},\"thumbnailUrl\":\"https:\\\/\\\/www.meydan.tv\\\/wp-content\\\/uploads\\\/image_from_ios_6_bed635g.jpg\",\"articleSection\":[\"B\u00f6lg\u0259\"],\"inLanguage\":\"az\"},{\"@type\":\"WebPage\",\"@id\":\"https:\\\/\\\/www.meydan.tv\\\/az\\\/article\\\/desem-ki-agriyiram-cox-yumsaq-ifade-olar\\\/\",\"url\":\"https:\\\/\\\/www.meydan.tv\\\/az\\\/article\\\/desem-ki-agriyiram-cox-yumsaq-ifade-olar\\\/\",\"name\":\"\u201cDes\u0259m ki, a\u011fr\u0131y\u0131ram, \u00e7ox yum\u015faq ifad\u0259 olar\u201d - MEYDAN.TV\",\"isPartOf\":{\"@id\":\"https:\\\/\\\/www.meydan.tv\\\/az\\\/#website\"},\"primaryImageOfPage\":{\"@id\":\"https:\\\/\\\/www.meydan.tv\\\/az\\\/article\\\/desem-ki-agriyiram-cox-yumsaq-ifade-olar\\\/#primaryimage\"},\"image\":{\"@id\":\"https:\\\/\\\/www.meydan.tv\\\/az\\\/article\\\/desem-ki-agriyiram-cox-yumsaq-ifade-olar\\\/#primaryimage\"},\"thumbnailUrl\":\"https:\\\/\\\/www.meydan.tv\\\/wp-content\\\/uploads\\\/image_from_ios_6_bed635g.jpg\",\"datePublished\":\"2019-10-21T11:26:02+00:00\",\"breadcrumb\":{\"@id\":\"https:\\\/\\\/www.meydan.tv\\\/az\\\/article\\\/desem-ki-agriyiram-cox-yumsaq-ifade-olar\\\/#breadcrumb\"},\"inLanguage\":\"az\",\"potentialAction\":[{\"@type\":\"ReadAction\",\"target\":[\"https:\\\/\\\/www.meydan.tv\\\/az\\\/article\\\/desem-ki-agriyiram-cox-yumsaq-ifade-olar\\\/\"]}]},{\"@type\":\"ImageObject\",\"inLanguage\":\"az\",\"@id\":\"https:\\\/\\\/www.meydan.tv\\\/az\\\/article\\\/desem-ki-agriyiram-cox-yumsaq-ifade-olar\\\/#primaryimage\",\"url\":\"https:\\\/\\\/www.meydan.tv\\\/wp-content\\\/uploads\\\/image_from_ios_6_bed635g.jpg\",\"contentUrl\":\"https:\\\/\\\/www.meydan.tv\\\/wp-content\\\/uploads\\\/image_from_ios_6_bed635g.jpg\",\"width\":1024,\"height\":764,\"caption\":\"Source: Foto: Meydan TV\"},{\"@type\":\"BreadcrumbList\",\"@id\":\"https:\\\/\\\/www.meydan.tv\\\/az\\\/article\\\/desem-ki-agriyiram-cox-yumsaq-ifade-olar\\\/#breadcrumb\",\"itemListElement\":[{\"@type\":\"ListItem\",\"position\":1,\"name\":\"Ana s\u0259hif\u0259\",\"item\":\"https:\\\/\\\/www.meydan.tv\\\/az\\\/\"},{\"@type\":\"ListItem\",\"position\":2,\"name\":\"B\u00f6lg\u0259\",\"item\":\"https:\\\/\\\/www.meydan.tv\\\/az\\\/section\\\/bolge\\\/\"},{\"@type\":\"ListItem\",\"position\":3,\"name\":\"\u201cDes\u0259m ki, a\u011fr\u0131y\u0131ram, \u00e7ox yum\u015faq ifad\u0259 olar\u201d\"}]},{\"@type\":\"WebSite\",\"@id\":\"https:\\\/\\\/www.meydan.tv\\\/az\\\/#website\",\"url\":\"https:\\\/\\\/www.meydan.tv\\\/az\\\/\",\"name\":\"MEYDAN.TV\",\"description\":\"Meydan TV Az\u0259rbaycan\u0131n media m\u0259kan\u0131ndak\u0131 alternativ s\u0259sidir\",\"publisher\":{\"@id\":\"https:\\\/\\\/www.meydan.tv\\\/az\\\/#organization\"},\"potentialAction\":[{\"@type\":\"SearchAction\",\"target\":{\"@type\":\"EntryPoint\",\"urlTemplate\":\"https:\\\/\\\/www.meydan.tv\\\/az\\\/?s={search_term_string}\"},\"query-input\":{\"@type\":\"PropertyValueSpecification\",\"valueRequired\":true,\"valueName\":\"search_term_string\"}}],\"inLanguage\":\"az\"},{\"@type\":\"Organization\",\"@id\":\"https:\\\/\\\/www.meydan.tv\\\/az\\\/#organization\",\"name\":\"Meydan TV\",\"url\":\"https:\\\/\\\/www.meydan.tv\\\/az\\\/\",\"logo\":{\"@type\":\"ImageObject\",\"inLanguage\":\"az\",\"@id\":\"https:\\\/\\\/www.meydan.tv\\\/az\\\/#\\\/schema\\\/logo\\\/image\\\/\",\"url\":\"https:\\\/\\\/www.meydan.tv\\\/wp-content\\\/uploads\\\/2021\\\/07\\\/meydan-logo.svg\",\"contentUrl\":\"https:\\\/\\\/www.meydan.tv\\\/wp-content\\\/uploads\\\/2021\\\/07\\\/meydan-logo.svg\",\"width\":195,\"height\":46,\"caption\":\"Meydan TV\"},\"image\":{\"@id\":\"https:\\\/\\\/www.meydan.tv\\\/az\\\/#\\\/schema\\\/logo\\\/image\\\/\"}},{\"@type\":\"Person\",\"@id\":\"https:\\\/\\\/www.meydan.tv\\\/az\\\/#\\\/schema\\\/person\\\/10d11eccf6da3662cf5fdab9806ea91a\",\"name\":\"user-manager\"}]}<\/script>\n<!-- \/ Yoast SEO plugin. -->","yoast_head_json":{"title":"\u201cDes\u0259m ki, a\u011fr\u0131y\u0131ram, \u00e7ox yum\u015faq ifad\u0259 olar\u201d - MEYDAN.TV","robots":{"index":"index","follow":"follow","max-snippet":"max-snippet:-1","max-image-preview":"max-image-preview:large","max-video-preview":"max-video-preview:-1"},"canonical":"https:\/\/www.meydan.tv\/az\/article\/desem-ki-agriyiram-cox-yumsaq-ifade-olar\/","og_locale":"az_AZ","og_type":"article","og_title":"\u201cDes\u0259m ki, a\u011fr\u0131y\u0131ram, \u00e7ox yum\u015faq ifad\u0259 olar\u201d - MEYDAN.TV","og_description":"N\u0259 torpa\u011f\u0131m\u0131z var, n\u0259 d\u0259 ma\u015f\u0131n\u0131m\u0131z.","og_url":"https:\/\/www.meydan.tv\/az\/article\/desem-ki-agriyiram-cox-yumsaq-ifade-olar\/","og_site_name":"MEYDAN.TV","article_published_time":"2019-10-21T11:26:02+00:00","og_image":[{"width":1024,"height":764,"url":"https:\/\/www.meydan.tv\/wp-content\/uploads\/image_from_ios_6_bed635g.jpg","type":"image\/jpeg"}],"author":"user-manager","twitter_card":"summary_large_image","schema":{"@context":"https:\/\/schema.org","@graph":[{"@type":"Article","@id":"https:\/\/www.meydan.tv\/az\/article\/desem-ki-agriyiram-cox-yumsaq-ifade-olar\/#article","isPartOf":{"@id":"https:\/\/www.meydan.tv\/az\/article\/desem-ki-agriyiram-cox-yumsaq-ifade-olar\/"},"author":{"name":"user-manager","@id":"https:\/\/www.meydan.tv\/az\/#\/schema\/person\/10d11eccf6da3662cf5fdab9806ea91a"},"headline":"\u201cDes\u0259m ki, a\u011fr\u0131y\u0131ram, \u00e7ox yum\u015faq ifad\u0259 olar\u201d","datePublished":"2019-10-21T11:26:02+00:00","mainEntityOfPage":{"@id":"https:\/\/www.meydan.tv\/az\/article\/desem-ki-agriyiram-cox-yumsaq-ifade-olar\/"},"wordCount":945,"publisher":{"@id":"https:\/\/www.meydan.tv\/az\/#organization"},"image":{"@id":"https:\/\/www.meydan.tv\/az\/article\/desem-ki-agriyiram-cox-yumsaq-ifade-olar\/#primaryimage"},"thumbnailUrl":"https:\/\/www.meydan.tv\/wp-content\/uploads\/image_from_ios_6_bed635g.jpg","articleSection":["B\u00f6lg\u0259"],"inLanguage":"az"},{"@type":"WebPage","@id":"https:\/\/www.meydan.tv\/az\/article\/desem-ki-agriyiram-cox-yumsaq-ifade-olar\/","url":"https:\/\/www.meydan.tv\/az\/article\/desem-ki-agriyiram-cox-yumsaq-ifade-olar\/","name":"\u201cDes\u0259m ki, a\u011fr\u0131y\u0131ram, \u00e7ox yum\u015faq ifad\u0259 olar\u201d - MEYDAN.TV","isPartOf":{"@id":"https:\/\/www.meydan.tv\/az\/#website"},"primaryImageOfPage":{"@id":"https:\/\/www.meydan.tv\/az\/article\/desem-ki-agriyiram-cox-yumsaq-ifade-olar\/#primaryimage"},"image":{"@id":"https:\/\/www.meydan.tv\/az\/article\/desem-ki-agriyiram-cox-yumsaq-ifade-olar\/#primaryimage"},"thumbnailUrl":"https:\/\/www.meydan.tv\/wp-content\/uploads\/image_from_ios_6_bed635g.jpg","datePublished":"2019-10-21T11:26:02+00:00","breadcrumb":{"@id":"https:\/\/www.meydan.tv\/az\/article\/desem-ki-agriyiram-cox-yumsaq-ifade-olar\/#breadcrumb"},"inLanguage":"az","potentialAction":[{"@type":"ReadAction","target":["https:\/\/www.meydan.tv\/az\/article\/desem-ki-agriyiram-cox-yumsaq-ifade-olar\/"]}]},{"@type":"ImageObject","inLanguage":"az","@id":"https:\/\/www.meydan.tv\/az\/article\/desem-ki-agriyiram-cox-yumsaq-ifade-olar\/#primaryimage","url":"https:\/\/www.meydan.tv\/wp-content\/uploads\/image_from_ios_6_bed635g.jpg","contentUrl":"https:\/\/www.meydan.tv\/wp-content\/uploads\/image_from_ios_6_bed635g.jpg","width":1024,"height":764,"caption":"Source: Foto: Meydan TV"},{"@type":"BreadcrumbList","@id":"https:\/\/www.meydan.tv\/az\/article\/desem-ki-agriyiram-cox-yumsaq-ifade-olar\/#breadcrumb","itemListElement":[{"@type":"ListItem","position":1,"name":"Ana s\u0259hif\u0259","item":"https:\/\/www.meydan.tv\/az\/"},{"@type":"ListItem","position":2,"name":"B\u00f6lg\u0259","item":"https:\/\/www.meydan.tv\/az\/section\/bolge\/"},{"@type":"ListItem","position":3,"name":"\u201cDes\u0259m ki, a\u011fr\u0131y\u0131ram, \u00e7ox yum\u015faq ifad\u0259 olar\u201d"}]},{"@type":"WebSite","@id":"https:\/\/www.meydan.tv\/az\/#website","url":"https:\/\/www.meydan.tv\/az\/","name":"MEYDAN.TV","description":"Meydan TV Az\u0259rbaycan\u0131n media m\u0259kan\u0131ndak\u0131 alternativ s\u0259sidir","publisher":{"@id":"https:\/\/www.meydan.tv\/az\/#organization"},"potentialAction":[{"@type":"SearchAction","target":{"@type":"EntryPoint","urlTemplate":"https:\/\/www.meydan.tv\/az\/?s={search_term_string}"},"query-input":{"@type":"PropertyValueSpecification","valueRequired":true,"valueName":"search_term_string"}}],"inLanguage":"az"},{"@type":"Organization","@id":"https:\/\/www.meydan.tv\/az\/#organization","name":"Meydan TV","url":"https:\/\/www.meydan.tv\/az\/","logo":{"@type":"ImageObject","inLanguage":"az","@id":"https:\/\/www.meydan.tv\/az\/#\/schema\/logo\/image\/","url":"https:\/\/www.meydan.tv\/wp-content\/uploads\/2021\/07\/meydan-logo.svg","contentUrl":"https:\/\/www.meydan.tv\/wp-content\/uploads\/2021\/07\/meydan-logo.svg","width":195,"height":46,"caption":"Meydan TV"},"image":{"@id":"https:\/\/www.meydan.tv\/az\/#\/schema\/logo\/image\/"}},{"@type":"Person","@id":"https:\/\/www.meydan.tv\/az\/#\/schema\/person\/10d11eccf6da3662cf5fdab9806ea91a","name":"user-manager"}]}},"_links":{"self":[{"href":"https:\/\/www.meydan.tv\/az\/wp-json\/wp\/v2\/posts\/197545","targetHints":{"allow":["GET"]}}],"collection":[{"href":"https:\/\/www.meydan.tv\/az\/wp-json\/wp\/v2\/posts"}],"about":[{"href":"https:\/\/www.meydan.tv\/az\/wp-json\/wp\/v2\/types\/post"}],"author":[{"embeddable":true,"href":"https:\/\/www.meydan.tv\/az\/wp-json\/wp\/v2\/users\/11"}],"replies":[{"embeddable":true,"href":"https:\/\/www.meydan.tv\/az\/wp-json\/wp\/v2\/comments?post=197545"}],"version-history":[{"count":0,"href":"https:\/\/www.meydan.tv\/az\/wp-json\/wp\/v2\/posts\/197545\/revisions"}],"wp:featuredmedia":[{"embeddable":true,"href":"https:\/\/www.meydan.tv\/az\/wp-json\/wp\/v2\/media\/131858"}],"wp:attachment":[{"href":"https:\/\/www.meydan.tv\/az\/wp-json\/wp\/v2\/media?parent=197545"}],"wp:term":[{"taxonomy":"category","embeddable":true,"href":"https:\/\/www.meydan.tv\/az\/wp-json\/wp\/v2\/categories?post=197545"},{"taxonomy":"post_tag","embeddable":true,"href":"https:\/\/www.meydan.tv\/az\/wp-json\/wp\/v2\/tags?post=197545"}],"curies":[{"name":"wp","href":"https:\/\/api.w.org\/{rel}","templated":true}]}}