{"id":197538,"date":"2019-10-20T10:10:21","date_gmt":"2019-10-20T10:10:21","guid":{"rendered":"https:\/\/www.meydan.tv\/article\/2-min-pul-aldilar-mermiden-qezali-veziyyete-dusen-evimi-berpa-etmediler\/"},"modified":"2019-10-20T10:10:21","modified_gmt":"2019-10-20T10:10:21","slug":"2-min-pul-aldilar-mermiden-qezali-veziyyete-dusen-evimi-berpa-etmediler","status":"publish","type":"post","link":"https:\/\/www.meydan.tv\/az\/article\/2-min-pul-aldilar-mermiden-qezali-veziyyete-dusen-evimi-berpa-etmediler\/","title":{"rendered":"\u201c2 min pul ald\u0131lar, m\u0259rmid\u0259n q\u0259zal\u0131 v\u0259ziyy\u0259t\u0259 d\u00fc\u015f\u0259n evimi b\u0259rpa etm\u0259dil\u0259r\u201d"},"content":{"rendered":"<p>\n  <i><br \/>\n    A\u011fdam Rayon \u0130cra Hakimiyy\u0259ti is\u0259 \u00c7\u0259m\u0259nli sakininin iddialar\u0131n\u0131 r\u0259dd edir<br \/>\n  <\/i>\n<\/p>\n<p>\n  \u201cAprel d\u00f6y\u00fc\u015fl\u0259rind\u0259 evim\u0259 ciddi z\u0259r\u0259r d\u0259ydi. Ev tam yarars\u0131z v\u0259ziyy\u0259t\u0259 d\u00fc\u015fd\u00fc. M\u0259nd\u0259n 2000 manat ald\u0131lar ki, evimi t\u0259mir-b\u0259rpa el\u0259sinl\u0259r. \u0130ki ild\u0259n \u00e7ox vaxt ke\u00e7ib, pul da getdi, ev d\u0259 b\u0259rpa olmad\u0131. \u0130ndi deyirl\u0259r, s\u00fcbut el\u0259 ki, pul vermis\u0259n, get, \u0259lin hara q\u0259d\u0259r \u00e7at\u0131r, \u015fikay\u0259t el\u0259\u201d .\n<\/p>\n<p>\n  Bunu Meydan TV-y\u0259 A\u011fdam\u0131n t\u0259mas x\u0259ttin\u0259 yax\u0131n \u00c7\u0259m\u0259nli k\u0259ndind\u0259 ya\u015fayan R\u0259hb\u0259r M\u0259mm\u0259dov deyir. Onun s\u00f6zl\u0259rin\u0259 g\u00f6r\u0259, m\u0259lum hadis\u0259l\u0259rd\u0259n 3 ild\u0259n \u00e7ox vaxt ke\u00e7s\u0259 d\u0259, \u00e7oxsayl\u0131 m\u00fcraci\u0259tl\u0259rin\u0259 baxmayaraq, evi h\u0259l\u0259 d\u0259 q\u0259zal\u0131 v\u0259ziyy\u0259td\u0259 qal\u0131b.\n<\/p>\n<p>\n  <b><br \/>\n    \u201cDedil\u0259r, bu i\u015fl\u0259r el\u0259-bel\u0259 g\u00f6r\u00fclm\u00fcr\u201d<br \/>\n  <\/b>\n<\/p>\n<p>\n  R\u0259hb\u0259r M\u0259mm\u0259dov iddia edir ki, t\u0259mir-b\u0259rpaya g\u00f6r\u0259 k\u0259ndin icra n\u00fcmay\u0259nd\u0259liyin\u0259 2 min manat da verib:\n<\/p>\n<p>\n  \u201cO vaxt k\u0259ndd\u0259ki evl\u0259rin t\u0259mir-b\u0259rpas\u0131na ba\u015flayanda dedim, m\u0259nim d\u0259 evim m\u0259rmid\u0259n silk\u0259l\u0259nib, divarlar\u0131 aralan\u0131b, \u015fiferl\u0259rin\u0259, divarlar\u0131na g\u00fcll\u0259 d\u0259yib. Dedi, bu i\u015fl\u0259r el\u0259-bel\u0259 g\u00f6r\u00fclm\u00fcr, g\u0259tir 2 min manat ver, s\u0259nin d\u0259 evini siyah\u0131ya alaq, yerind\u0259 ev tik\u0259k. M\u0259n d\u0259 qohumlardan pul toplad\u0131m, icra n\u00fcmay\u0259nd\u0259sin\u0259 verdim, sonra da arxas\u0131nca d\u00fc\u015fd\u00fcm ki, g\u0259l, evi tik&#8230;\u201d\n<\/p>\n<p>\n  R\u0259hb\u0259r M\u0259mm\u0259dovun s\u00f6zl\u0259rin\u0259 g\u00f6r\u0259, iki ild\u0259n \u00e7oxdur A\u011fdam Rayon \u0130cra Hakimiyy\u0259tin\u0259 gedib-g\u0259lir, ancaq m\u00fcsb\u0259t n\u0259tic\u0259si olmay\u0131b:\n<\/p>\n<p>\n  \u201cBa\u015f\u00e7\u0131n\u0131n birinci m\u00fcavini deyir, evl\u0259r tikilib, proses bitib, get, hara ist\u0259yirs\u0259n \u015fikay\u0259t el\u0259. Pul vermis\u0259n, verm\u0259y\u0259ydin, t\u0259k adamsan, qoca ki\u015fis\u0259n, neynirs\u0259n t\u0259z\u0259 evi, get, ba\u015f\u0131n\u0131 saxla&#8230;\u201d\n<\/p>\n<p>\n  <b><br \/>\n    \u201cDeyirl\u0259r, m\u0259rmiyl\u0259 \u0259laq\u0259si yoxdur\u201d<br \/>\n  <\/b>\n<\/p>\n<p>\n  R\u0259hb\u0259r M\u0259mm\u0259dov iddia edir ki, aidiyy\u0259ti qurumlar\u0131n r\u0259hb\u0259rl\u0259ri aprel d\u00f6y\u00fc\u015fl\u0259ri zaman\u0131 q\u0259zal\u0131 v\u0259ziyy\u0259t\u0259 d\u00fc\u015f\u0259n evl\u0259r \u00fc\u00e7\u00fcn ayr\u0131lm\u0131\u015f v\u0259saitl\u0259ri x\u0259rcl\u0259m\u0259kd\u0259 \u201csimiclik\u201d edibl\u0259r:\n<\/p>\n<p>\n  \u201cK\u0259ndd\u0259 \u00e7ox ev yarars\u0131z hala d\u00fc\u015f\u00fcb. Ancaq o vaxt g\u0259lib, bax\u0131\u015f ke\u00e7irib akt yaz\u0131blar ki, evin q\u0259zal\u0131 v\u0259ziyy\u0259t\u0259 d\u00fc\u015fm\u0259sinin m\u0259rmiyl\u0259 \u0259laq\u0259si yoxdur. R\u0259smi bel\u0259 yaz\u0131blar, \u015fifahi is\u0259 deyirl\u0259r ki, \u201cprezidentin pul ay\u0131rmas\u0131 el\u0259-bel\u0259 \u015feydir, \u0259slind\u0259, pul-filan ayr\u0131lmay\u0131b. Ayr\u0131l\u0131bsa da, g\u0259lib \u0259limiz\u0259 \u00e7atmay\u0131b ki, sizin evl\u0259ri t\u0259mir-b\u0259rpa ed\u0259k\u201d.\n<\/p>\n<p>\n  R\u0259hb\u0259r M\u0259mm\u0259dovun \u00f6z\u00fcn\u00fcn bu i\u015fl\u0259ri g\u00f6rm\u0259si \u00fc\u00e7\u00fcn v\u0259saiti yoxdur. T\u0259qa\u00fcd\u00e7\u00fcd\u00fcr, son art\u0131mdan sonra 200 manat civar\u0131nda t\u0259qa\u00fcd al\u0131r. Q\u0259zal\u0131 evin i\u00e7\u0259risind\u0259 s\u0259ks\u0259k\u0259 i\u00e7\u0259risind\u0259 ya\u015fay\u0131r:\n<\/p>\n<p>\n  \u201c\u0130ki otaqd\u0131r, ikisinin d\u0259 tavan\u0131 da\u011f\u0131l\u0131b, divarlar\u0131 aralan\u0131b. Yayda \u00e7arpay\u0131n\u0131 at\u0131b h\u0259y\u0259td\u0259 yat\u0131ram. Q\u0131\u015fda yen\u0259 ota\u011fa y\u0131\u011f\u0131\u015f\u0131ram. Erm\u0259ni evin b\u00f6yr\u00fcn\u0259 bir d\u0259n\u0259 d\u0259 m\u0259rmi atsa, dam\u0131n alt\u0131nda qalacam. Onsuz da c\u0259bh\u0259 x\u0259ttind\u0259 ya\u015fama\u011f\u0131n \u00f6z\u00fc bir z\u00fclmd\u00fcr. \u00dcst\u0259lik, m\u0259murlar\u0131n bizi incitm\u0259si v\u0259ziyy\u0259timizi daha d\u00f6z\u00fclm\u0259z edir\u201d.\n<\/p>\n<p>\n  \u00c7\u0259m\u0259nli sakini m\u0259rmid\u0259n q\u0259zal\u0131 v\u0259ziyy\u0259t\u0259 d\u00fc\u015f\u0259n evind\u0259 b\u0259rpa i\u015fl\u0259rinin apar\u0131lmas\u0131n\u0131 t\u0259l\u0259b edir.\n<\/p>\n<p>\n  <b><br \/>\n    R\u0259smi qurum: \u201cV\u0259t\u0259nda\u015flar pul qoparma\u011fa \u00e7al\u0131\u015f\u0131r\u201d<br \/>\n  <\/b>\n<\/p>\n<p>\n  A\u011fdam Rayon \u0130cra Hakimiyy\u0259tind\u0259n bildirilib ki, rayon \u0259razisind\u0259 Erm\u0259nistan h\u0259rbi birl\u0259\u015fm\u0259l\u0259rinin ya\u015fay\u0131\u015f m\u0259nt\u0259q\u0259l\u0259rini at\u0259\u015f\u0259 tutmas\u0131 n\u0259tic\u0259sind\u0259 q\u0259zal\u0131 v\u0259ziyy\u0259t\u0259 d\u00fc\u015f\u0259n evl\u0259rin b\u0259rpas\u0131 davam edir. \u0130cra Hakimiyy\u0259tind\u0259 yarad\u0131lan komissiya t\u0259r\u0259find\u0259n rayonun \u018ff\u0259tli, Qarada\u011fl\u0131, Z\u0259ngi\u015fal\u0131 \u00c7\u0259m\u0259nli, Sar\u0131cal\u0131, \u018fhm\u0259da\u011fal\u0131 v\u0259 Q\u0259rv\u0259nd k\u0259nd \u0259razi n\u00fcmay\u0259nd\u0259likl\u0259rind\u0259 &#8211; \u00fcmumilikd\u0259 18 k\u0259ndd\u0259 80-\u0259 yax\u0131n ev yenid\u0259n tikilir:\n<\/p>\n<p>\n  &quot;Evl\u0259ri q\u0259zal\u0131 v\u0259ziyy\u0259t\u0259 d\u00fc\u015f\u0259n sakinl\u0259r\u0259 d\u00f6vl\u0259t t\u0259r\u0259find\u0259n yard\u0131m g\u00f6st\u0259rilir. Yenid\u0259n qurulan evl\u0259rin \u00e7oxunda i\u015fl\u0259r ba\u015fa \u00e7at\u0131b. Tikinti i\u015fl\u0259rin\u0259 yerli sakinl\u0259r c\u0259lb olunub. Onlar h\u0259m \u00f6z evini tikir, h\u0259m d\u0259 \u00e7al\u0131\u015fd\u0131qlar\u0131n\u0131n m\u00fcqabilind\u0259 \u0259m\u0259k haqq\u0131 al\u0131rlar. F\u0259rdi ya\u015fay\u0131\u015f evl\u0259rin tikintisi il\u0259 yana\u015f\u0131 b\u00fct\u00fcn evl\u0259rin qaz, i\u015f\u0131q, su v\u0259 rabit\u0259 x\u0259tl\u0259ri yenid\u0259n qurulur. Bunlar\u0131n ham\u0131s\u0131 d\u00f6vl\u0259t v\u0259saiti hesab\u0131na apar\u0131l\u0131r v\u0259 bu i\u015fl\u0259r\u0259 g\u00f6r\u0259 he\u00e7 bir v\u0259t\u0259nda\u015fdan bir manat pul al\u0131nmay\u0131b. Deyil\u0259nl\u0259rin he\u00e7 bir \u0259sas\u0131 yoxdur. \u00c7\u0259m\u0259nli sakininin evin\u0259 d\u0259f\u0259l\u0259rl\u0259 bax\u0131\u015f ke\u00e7irilib v\u0259 m\u0259rminin bu tikiliy\u0259 z\u0259r\u0259r vurmas\u0131 m\u00fc\u0259yy\u0259n edilm\u0259yib. Bel\u0259 v\u0259ziyy\u0259tl\u0259rd\u0259 v\u0259t\u0259nda\u015flar h\u0259r yolla pul qoparma\u011fa \u00e7al\u0131\u015f\u0131rlar, bunun ba\u015fqa ad\u0131yoxdur\u201d.\n<\/p>\n<p>\n  Erm\u0259nil\u0259rin ya\u015fay\u0131\u015f m\u0259nt\u0259q\u0259l\u0259rini a\u011f\u0131r artilleriyalardan at\u0259\u015f\u0259 tutmas\u0131 n\u0259tic\u0259sind\u0259 m\u00fclki \u0259haliy\u0259 d\u0259y\u0259n ziyan\u0131n aradan qald\u0131r\u0131lmas\u0131 \u00fc\u00e7\u00fcn prezident \u0130lham \u018fliyev 19 ya\u015fay\u0131\u015f m\u0259nt\u0259q\u0259sind\u0259 139 ail\u0259nin ya\u015fad\u0131\u011f\u0131 121 f\u0259rdi ya\u015fay\u0131\u015f evinin b\u0259rpas\u0131na 3 milyon manat ay\u0131r\u0131b.<\/p>\n","protected":false},"excerpt":{"rendered":"<p>Yayda \u00e7arpay\u0131n\u0131 at\u0131b h\u0259y\u0259td\u0259 yat\u0131ram<\/p>\n","protected":false},"author":11,"featured_media":131777,"comment_status":"closed","ping_status":"open","sticky":false,"template":"","format":"standard","meta":{"_acf_changed":false,"_sitemap_exclude":false,"_sitemap_priority":"","_sitemap_frequency":"","footnotes":""},"categories":[60],"tags":[],"class_list":["post-197538","post","type-post","status-publish","format-standard","has-post-thumbnail","hentry","category-bolge","infinite-scroll-item","generate-columns","tablet-grid-50","mobile-grid-100","grid-parent","grid-33","no-featured-image-padding"],"acf":[],"yoast_head":"<!-- This site is optimized with the Yoast SEO plugin v27.5 - https:\/\/yoast.com\/product\/yoast-seo-wordpress\/ -->\n<title>\u201c2 min pul ald\u0131lar, m\u0259rmid\u0259n q\u0259zal\u0131 v\u0259ziyy\u0259t\u0259 d\u00fc\u015f\u0259n evimi b\u0259rpa etm\u0259dil\u0259r\u201d - MEYDAN.TV<\/title>\n<meta name=\"robots\" content=\"index, follow, max-snippet:-1, max-image-preview:large, max-video-preview:-1\" \/>\n<link rel=\"canonical\" href=\"https:\/\/www.meydan.tv\/az\/article\/2-min-pul-aldilar-mermiden-qezali-veziyyete-dusen-evimi-berpa-etmediler\/\" \/>\n<meta property=\"og:locale\" content=\"az_AZ\" \/>\n<meta property=\"og:type\" content=\"article\" \/>\n<meta property=\"og:title\" content=\"\u201c2 min pul ald\u0131lar, m\u0259rmid\u0259n q\u0259zal\u0131 v\u0259ziyy\u0259t\u0259 d\u00fc\u015f\u0259n evimi b\u0259rpa etm\u0259dil\u0259r\u201d - MEYDAN.TV\" \/>\n<meta property=\"og:description\" content=\"Yayda \u00e7arpay\u0131n\u0131 at\u0131b h\u0259y\u0259td\u0259 yat\u0131ram\" \/>\n<meta property=\"og:url\" content=\"https:\/\/www.meydan.tv\/az\/article\/2-min-pul-aldilar-mermiden-qezali-veziyyete-dusen-evimi-berpa-etmediler\/\" \/>\n<meta property=\"og:site_name\" content=\"MEYDAN.TV\" \/>\n<meta property=\"article:published_time\" content=\"2019-10-20T10:10:21+00:00\" \/>\n<meta property=\"og:image\" content=\"https:\/\/www.meydan.tv\/wp-content\/uploads\/image_from_ios_k8vwwsw.jpg\" \/>\n\t<meta property=\"og:image:width\" content=\"1280\" \/>\n\t<meta property=\"og:image:height\" content=\"960\" \/>\n\t<meta property=\"og:image:type\" content=\"image\/jpeg\" \/>\n<meta name=\"author\" content=\"user-manager\" \/>\n<meta name=\"twitter:card\" content=\"summary_large_image\" \/>\n<script type=\"application\/ld+json\" class=\"yoast-schema-graph\">{\"@context\":\"https:\\\/\\\/schema.org\",\"@graph\":[{\"@type\":\"Article\",\"@id\":\"https:\\\/\\\/www.meydan.tv\\\/az\\\/article\\\/2-min-pul-aldilar-mermiden-qezali-veziyyete-dusen-evimi-berpa-etmediler\\\/#article\",\"isPartOf\":{\"@id\":\"https:\\\/\\\/www.meydan.tv\\\/az\\\/article\\\/2-min-pul-aldilar-mermiden-qezali-veziyyete-dusen-evimi-berpa-etmediler\\\/\"},\"author\":{\"name\":\"user-manager\",\"@id\":\"https:\\\/\\\/www.meydan.tv\\\/az\\\/#\\\/schema\\\/person\\\/10d11eccf6da3662cf5fdab9806ea91a\"},\"headline\":\"\u201c2 min pul ald\u0131lar, m\u0259rmid\u0259n q\u0259zal\u0131 v\u0259ziyy\u0259t\u0259 d\u00fc\u015f\u0259n evimi b\u0259rpa etm\u0259dil\u0259r\u201d\",\"datePublished\":\"2019-10-20T10:10:21+00:00\",\"mainEntityOfPage\":{\"@id\":\"https:\\\/\\\/www.meydan.tv\\\/az\\\/article\\\/2-min-pul-aldilar-mermiden-qezali-veziyyete-dusen-evimi-berpa-etmediler\\\/\"},\"wordCount\":988,\"publisher\":{\"@id\":\"https:\\\/\\\/www.meydan.tv\\\/az\\\/#organization\"},\"image\":{\"@id\":\"https:\\\/\\\/www.meydan.tv\\\/az\\\/article\\\/2-min-pul-aldilar-mermiden-qezali-veziyyete-dusen-evimi-berpa-etmediler\\\/#primaryimage\"},\"thumbnailUrl\":\"https:\\\/\\\/www.meydan.tv\\\/wp-content\\\/uploads\\\/image_from_ios_k8vwwsw.jpg\",\"articleSection\":[\"B\u00f6lg\u0259\"],\"inLanguage\":\"az\"},{\"@type\":\"WebPage\",\"@id\":\"https:\\\/\\\/www.meydan.tv\\\/az\\\/article\\\/2-min-pul-aldilar-mermiden-qezali-veziyyete-dusen-evimi-berpa-etmediler\\\/\",\"url\":\"https:\\\/\\\/www.meydan.tv\\\/az\\\/article\\\/2-min-pul-aldilar-mermiden-qezali-veziyyete-dusen-evimi-berpa-etmediler\\\/\",\"name\":\"\u201c2 min pul ald\u0131lar, m\u0259rmid\u0259n q\u0259zal\u0131 v\u0259ziyy\u0259t\u0259 d\u00fc\u015f\u0259n evimi b\u0259rpa etm\u0259dil\u0259r\u201d - MEYDAN.TV\",\"isPartOf\":{\"@id\":\"https:\\\/\\\/www.meydan.tv\\\/az\\\/#website\"},\"primaryImageOfPage\":{\"@id\":\"https:\\\/\\\/www.meydan.tv\\\/az\\\/article\\\/2-min-pul-aldilar-mermiden-qezali-veziyyete-dusen-evimi-berpa-etmediler\\\/#primaryimage\"},\"image\":{\"@id\":\"https:\\\/\\\/www.meydan.tv\\\/az\\\/article\\\/2-min-pul-aldilar-mermiden-qezali-veziyyete-dusen-evimi-berpa-etmediler\\\/#primaryimage\"},\"thumbnailUrl\":\"https:\\\/\\\/www.meydan.tv\\\/wp-content\\\/uploads\\\/image_from_ios_k8vwwsw.jpg\",\"datePublished\":\"2019-10-20T10:10:21+00:00\",\"breadcrumb\":{\"@id\":\"https:\\\/\\\/www.meydan.tv\\\/az\\\/article\\\/2-min-pul-aldilar-mermiden-qezali-veziyyete-dusen-evimi-berpa-etmediler\\\/#breadcrumb\"},\"inLanguage\":\"az\",\"potentialAction\":[{\"@type\":\"ReadAction\",\"target\":[\"https:\\\/\\\/www.meydan.tv\\\/az\\\/article\\\/2-min-pul-aldilar-mermiden-qezali-veziyyete-dusen-evimi-berpa-etmediler\\\/\"]}]},{\"@type\":\"ImageObject\",\"inLanguage\":\"az\",\"@id\":\"https:\\\/\\\/www.meydan.tv\\\/az\\\/article\\\/2-min-pul-aldilar-mermiden-qezali-veziyyete-dusen-evimi-berpa-etmediler\\\/#primaryimage\",\"url\":\"https:\\\/\\\/www.meydan.tv\\\/wp-content\\\/uploads\\\/image_from_ios_k8vwwsw.jpg\",\"contentUrl\":\"https:\\\/\\\/www.meydan.tv\\\/wp-content\\\/uploads\\\/image_from_ios_k8vwwsw.jpg\",\"width\":1280,\"height\":960,\"caption\":\"Source: Specify Source\"},{\"@type\":\"BreadcrumbList\",\"@id\":\"https:\\\/\\\/www.meydan.tv\\\/az\\\/article\\\/2-min-pul-aldilar-mermiden-qezali-veziyyete-dusen-evimi-berpa-etmediler\\\/#breadcrumb\",\"itemListElement\":[{\"@type\":\"ListItem\",\"position\":1,\"name\":\"Ana s\u0259hif\u0259\",\"item\":\"https:\\\/\\\/www.meydan.tv\\\/az\\\/\"},{\"@type\":\"ListItem\",\"position\":2,\"name\":\"B\u00f6lg\u0259\",\"item\":\"https:\\\/\\\/www.meydan.tv\\\/az\\\/section\\\/bolge\\\/\"},{\"@type\":\"ListItem\",\"position\":3,\"name\":\"\u201c2 min pul ald\u0131lar, m\u0259rmid\u0259n q\u0259zal\u0131 v\u0259ziyy\u0259t\u0259 d\u00fc\u015f\u0259n evimi b\u0259rpa etm\u0259dil\u0259r\u201d\"}]},{\"@type\":\"WebSite\",\"@id\":\"https:\\\/\\\/www.meydan.tv\\\/az\\\/#website\",\"url\":\"https:\\\/\\\/www.meydan.tv\\\/az\\\/\",\"name\":\"MEYDAN.TV\",\"description\":\"Meydan TV Az\u0259rbaycan\u0131n media m\u0259kan\u0131ndak\u0131 alternativ s\u0259sidir\",\"publisher\":{\"@id\":\"https:\\\/\\\/www.meydan.tv\\\/az\\\/#organization\"},\"potentialAction\":[{\"@type\":\"SearchAction\",\"target\":{\"@type\":\"EntryPoint\",\"urlTemplate\":\"https:\\\/\\\/www.meydan.tv\\\/az\\\/?s={search_term_string}\"},\"query-input\":{\"@type\":\"PropertyValueSpecification\",\"valueRequired\":true,\"valueName\":\"search_term_string\"}}],\"inLanguage\":\"az\"},{\"@type\":\"Organization\",\"@id\":\"https:\\\/\\\/www.meydan.tv\\\/az\\\/#organization\",\"name\":\"Meydan TV\",\"url\":\"https:\\\/\\\/www.meydan.tv\\\/az\\\/\",\"logo\":{\"@type\":\"ImageObject\",\"inLanguage\":\"az\",\"@id\":\"https:\\\/\\\/www.meydan.tv\\\/az\\\/#\\\/schema\\\/logo\\\/image\\\/\",\"url\":\"https:\\\/\\\/www.meydan.tv\\\/wp-content\\\/uploads\\\/2021\\\/07\\\/meydan-logo.svg\",\"contentUrl\":\"https:\\\/\\\/www.meydan.tv\\\/wp-content\\\/uploads\\\/2021\\\/07\\\/meydan-logo.svg\",\"width\":195,\"height\":46,\"caption\":\"Meydan TV\"},\"image\":{\"@id\":\"https:\\\/\\\/www.meydan.tv\\\/az\\\/#\\\/schema\\\/logo\\\/image\\\/\"}},{\"@type\":\"Person\",\"@id\":\"https:\\\/\\\/www.meydan.tv\\\/az\\\/#\\\/schema\\\/person\\\/10d11eccf6da3662cf5fdab9806ea91a\",\"name\":\"user-manager\"}]}<\/script>\n<!-- \/ Yoast SEO plugin. -->","yoast_head_json":{"title":"\u201c2 min pul ald\u0131lar, m\u0259rmid\u0259n q\u0259zal\u0131 v\u0259ziyy\u0259t\u0259 d\u00fc\u015f\u0259n evimi b\u0259rpa etm\u0259dil\u0259r\u201d - MEYDAN.TV","robots":{"index":"index","follow":"follow","max-snippet":"max-snippet:-1","max-image-preview":"max-image-preview:large","max-video-preview":"max-video-preview:-1"},"canonical":"https:\/\/www.meydan.tv\/az\/article\/2-min-pul-aldilar-mermiden-qezali-veziyyete-dusen-evimi-berpa-etmediler\/","og_locale":"az_AZ","og_type":"article","og_title":"\u201c2 min pul ald\u0131lar, m\u0259rmid\u0259n q\u0259zal\u0131 v\u0259ziyy\u0259t\u0259 d\u00fc\u015f\u0259n evimi b\u0259rpa etm\u0259dil\u0259r\u201d - MEYDAN.TV","og_description":"Yayda \u00e7arpay\u0131n\u0131 at\u0131b h\u0259y\u0259td\u0259 yat\u0131ram","og_url":"https:\/\/www.meydan.tv\/az\/article\/2-min-pul-aldilar-mermiden-qezali-veziyyete-dusen-evimi-berpa-etmediler\/","og_site_name":"MEYDAN.TV","article_published_time":"2019-10-20T10:10:21+00:00","og_image":[{"width":1280,"height":960,"url":"https:\/\/www.meydan.tv\/wp-content\/uploads\/image_from_ios_k8vwwsw.jpg","type":"image\/jpeg"}],"author":"user-manager","twitter_card":"summary_large_image","schema":{"@context":"https:\/\/schema.org","@graph":[{"@type":"Article","@id":"https:\/\/www.meydan.tv\/az\/article\/2-min-pul-aldilar-mermiden-qezali-veziyyete-dusen-evimi-berpa-etmediler\/#article","isPartOf":{"@id":"https:\/\/www.meydan.tv\/az\/article\/2-min-pul-aldilar-mermiden-qezali-veziyyete-dusen-evimi-berpa-etmediler\/"},"author":{"name":"user-manager","@id":"https:\/\/www.meydan.tv\/az\/#\/schema\/person\/10d11eccf6da3662cf5fdab9806ea91a"},"headline":"\u201c2 min pul ald\u0131lar, m\u0259rmid\u0259n q\u0259zal\u0131 v\u0259ziyy\u0259t\u0259 d\u00fc\u015f\u0259n evimi b\u0259rpa etm\u0259dil\u0259r\u201d","datePublished":"2019-10-20T10:10:21+00:00","mainEntityOfPage":{"@id":"https:\/\/www.meydan.tv\/az\/article\/2-min-pul-aldilar-mermiden-qezali-veziyyete-dusen-evimi-berpa-etmediler\/"},"wordCount":988,"publisher":{"@id":"https:\/\/www.meydan.tv\/az\/#organization"},"image":{"@id":"https:\/\/www.meydan.tv\/az\/article\/2-min-pul-aldilar-mermiden-qezali-veziyyete-dusen-evimi-berpa-etmediler\/#primaryimage"},"thumbnailUrl":"https:\/\/www.meydan.tv\/wp-content\/uploads\/image_from_ios_k8vwwsw.jpg","articleSection":["B\u00f6lg\u0259"],"inLanguage":"az"},{"@type":"WebPage","@id":"https:\/\/www.meydan.tv\/az\/article\/2-min-pul-aldilar-mermiden-qezali-veziyyete-dusen-evimi-berpa-etmediler\/","url":"https:\/\/www.meydan.tv\/az\/article\/2-min-pul-aldilar-mermiden-qezali-veziyyete-dusen-evimi-berpa-etmediler\/","name":"\u201c2 min pul ald\u0131lar, m\u0259rmid\u0259n q\u0259zal\u0131 v\u0259ziyy\u0259t\u0259 d\u00fc\u015f\u0259n evimi b\u0259rpa etm\u0259dil\u0259r\u201d - MEYDAN.TV","isPartOf":{"@id":"https:\/\/www.meydan.tv\/az\/#website"},"primaryImageOfPage":{"@id":"https:\/\/www.meydan.tv\/az\/article\/2-min-pul-aldilar-mermiden-qezali-veziyyete-dusen-evimi-berpa-etmediler\/#primaryimage"},"image":{"@id":"https:\/\/www.meydan.tv\/az\/article\/2-min-pul-aldilar-mermiden-qezali-veziyyete-dusen-evimi-berpa-etmediler\/#primaryimage"},"thumbnailUrl":"https:\/\/www.meydan.tv\/wp-content\/uploads\/image_from_ios_k8vwwsw.jpg","datePublished":"2019-10-20T10:10:21+00:00","breadcrumb":{"@id":"https:\/\/www.meydan.tv\/az\/article\/2-min-pul-aldilar-mermiden-qezali-veziyyete-dusen-evimi-berpa-etmediler\/#breadcrumb"},"inLanguage":"az","potentialAction":[{"@type":"ReadAction","target":["https:\/\/www.meydan.tv\/az\/article\/2-min-pul-aldilar-mermiden-qezali-veziyyete-dusen-evimi-berpa-etmediler\/"]}]},{"@type":"ImageObject","inLanguage":"az","@id":"https:\/\/www.meydan.tv\/az\/article\/2-min-pul-aldilar-mermiden-qezali-veziyyete-dusen-evimi-berpa-etmediler\/#primaryimage","url":"https:\/\/www.meydan.tv\/wp-content\/uploads\/image_from_ios_k8vwwsw.jpg","contentUrl":"https:\/\/www.meydan.tv\/wp-content\/uploads\/image_from_ios_k8vwwsw.jpg","width":1280,"height":960,"caption":"Source: Specify Source"},{"@type":"BreadcrumbList","@id":"https:\/\/www.meydan.tv\/az\/article\/2-min-pul-aldilar-mermiden-qezali-veziyyete-dusen-evimi-berpa-etmediler\/#breadcrumb","itemListElement":[{"@type":"ListItem","position":1,"name":"Ana s\u0259hif\u0259","item":"https:\/\/www.meydan.tv\/az\/"},{"@type":"ListItem","position":2,"name":"B\u00f6lg\u0259","item":"https:\/\/www.meydan.tv\/az\/section\/bolge\/"},{"@type":"ListItem","position":3,"name":"\u201c2 min pul ald\u0131lar, m\u0259rmid\u0259n q\u0259zal\u0131 v\u0259ziyy\u0259t\u0259 d\u00fc\u015f\u0259n evimi b\u0259rpa etm\u0259dil\u0259r\u201d"}]},{"@type":"WebSite","@id":"https:\/\/www.meydan.tv\/az\/#website","url":"https:\/\/www.meydan.tv\/az\/","name":"MEYDAN.TV","description":"Meydan TV Az\u0259rbaycan\u0131n media m\u0259kan\u0131ndak\u0131 alternativ s\u0259sidir","publisher":{"@id":"https:\/\/www.meydan.tv\/az\/#organization"},"potentialAction":[{"@type":"SearchAction","target":{"@type":"EntryPoint","urlTemplate":"https:\/\/www.meydan.tv\/az\/?s={search_term_string}"},"query-input":{"@type":"PropertyValueSpecification","valueRequired":true,"valueName":"search_term_string"}}],"inLanguage":"az"},{"@type":"Organization","@id":"https:\/\/www.meydan.tv\/az\/#organization","name":"Meydan TV","url":"https:\/\/www.meydan.tv\/az\/","logo":{"@type":"ImageObject","inLanguage":"az","@id":"https:\/\/www.meydan.tv\/az\/#\/schema\/logo\/image\/","url":"https:\/\/www.meydan.tv\/wp-content\/uploads\/2021\/07\/meydan-logo.svg","contentUrl":"https:\/\/www.meydan.tv\/wp-content\/uploads\/2021\/07\/meydan-logo.svg","width":195,"height":46,"caption":"Meydan TV"},"image":{"@id":"https:\/\/www.meydan.tv\/az\/#\/schema\/logo\/image\/"}},{"@type":"Person","@id":"https:\/\/www.meydan.tv\/az\/#\/schema\/person\/10d11eccf6da3662cf5fdab9806ea91a","name":"user-manager"}]}},"_links":{"self":[{"href":"https:\/\/www.meydan.tv\/az\/wp-json\/wp\/v2\/posts\/197538","targetHints":{"allow":["GET"]}}],"collection":[{"href":"https:\/\/www.meydan.tv\/az\/wp-json\/wp\/v2\/posts"}],"about":[{"href":"https:\/\/www.meydan.tv\/az\/wp-json\/wp\/v2\/types\/post"}],"author":[{"embeddable":true,"href":"https:\/\/www.meydan.tv\/az\/wp-json\/wp\/v2\/users\/11"}],"replies":[{"embeddable":true,"href":"https:\/\/www.meydan.tv\/az\/wp-json\/wp\/v2\/comments?post=197538"}],"version-history":[{"count":0,"href":"https:\/\/www.meydan.tv\/az\/wp-json\/wp\/v2\/posts\/197538\/revisions"}],"wp:featuredmedia":[{"embeddable":true,"href":"https:\/\/www.meydan.tv\/az\/wp-json\/wp\/v2\/media\/131777"}],"wp:attachment":[{"href":"https:\/\/www.meydan.tv\/az\/wp-json\/wp\/v2\/media?parent=197538"}],"wp:term":[{"taxonomy":"category","embeddable":true,"href":"https:\/\/www.meydan.tv\/az\/wp-json\/wp\/v2\/categories?post=197538"},{"taxonomy":"post_tag","embeddable":true,"href":"https:\/\/www.meydan.tv\/az\/wp-json\/wp\/v2\/tags?post=197538"}],"curies":[{"name":"wp","href":"https:\/\/api.w.org\/{rel}","templated":true}]}}