{"id":197521,"date":"2019-10-18T19:08:23","date_gmt":"2019-10-18T19:08:23","guid":{"rendered":"https:\/\/www.meydan.tv\/article\/ateskes-raziligina-baxmayaraq-suriyada-savas-davam-edir\/"},"modified":"2019-10-18T19:08:23","modified_gmt":"2019-10-18T19:08:23","slug":"ateskes-raziligina-baxmayaraq-suriyada-savas-davam-edir","status":"publish","type":"post","link":"https:\/\/www.meydan.tv\/az\/article\/ateskes-raziligina-baxmayaraq-suriyada-savas-davam-edir\/","title":{"rendered":"At\u0259\u015fk\u0259s raz\u0131l\u0131\u011f\u0131na baxmayaraq, Suriyada sava\u015f davam edir"},"content":{"rendered":"<p>\n  <i><br \/>\n    \u018frazid\u0259ki jurnalistl\u0259r at\u0259\u015f s\u0259sl\u0259rini e\u015fitdikl\u0259rini deyirl\u0259r<br \/>\n  <\/i>\n<\/p>\n<p>\n  T\u00fcrkiy\u0259 il\u0259 AB\u015e aras\u0131nda be\u015f g\u00fcnl\u00fck at\u0259\u015fk\u0259s \u0259ld\u0259 olunmas\u0131na baxmayaraq, c\u00fcm\u0259 g\u00fcn\u00fc s\u0259h\u0259r Suriya-T\u00fcrkiy\u0259 s\u0259rh\u0259ddind\u0259 at\u0259\u015f s\u0259sl\u0259ri e\u015fidilib. Va\u015finqton qeyd edib ki, raz\u0131la\u015fma Ankaran\u0131n \u0259l\u0259 ke\u00e7irm\u0259k ist\u0259diyi \u0259razinin yaln\u0131z ki\u00e7ik bir hiss\u0259sini \u0259hat\u0259 edir.\n<\/p>\n<p>\n  S\u0259rh\u0259dd\u0259 olan \u201cReuters\u201d jurnalistl\u0259ri at\u0259\u015f s\u0259sl\u0259rini e\u015fitdikl\u0259rini deyibl\u0259r v\u0259 c\u00fcm\u0259 g\u00fcn\u00fc Suriyan\u0131n d\u00f6y\u00fc\u015f b\u00f6lg\u0259sind\u0259ki Ras \u0259l-Ayn \u015f\u0259h\u0259rind\u0259 t\u00fcst\u00fcn\u00fcn y\u00fcks\u0259ldiyini g\u00f6r\u00fcbl\u0259r.\n<\/p>\n<p>\n  AB\u015e-\u0131n vitse-prezidenti Mayk Pensin c\u00fcm\u0259 ax\u015fam\u0131 g\u00fcn\u00fc Ankarada T\u00fcrkiy\u0259 prezidenti Tayyib \u018frdo\u011fanla g\u00f6r\u00fc\u015fd\u00fckd\u0259n sonra elan etdiyi bar\u0131\u015f\u0131q sava\u015fda 5 g\u00fcnl\u00fck fasil\u0259ni n\u0259z\u0259rd\u0259 tutur. Raz\u0131la\u015fmayla k\u00fcrdl\u0259rin r\u0259hb\u0259rlik etdiyi Suriya Demokratik G\u00fccl\u0259ri (SDF) q\u00fcvv\u0259l\u0259ri bu m\u00fcdd\u0259t \u0259rzind\u0259 t\u00fcrk q\u00fcvv\u0259l\u0259rinin n\u0259zar\u0259tind\u0259 olan \u0259razil\u0259rd\u0259n \u00e7\u0131xmal\u0131d\u0131r.\n<\/p>\n<p>\n  SDF deyib ki, hava v\u0259 artilleriya h\u00fccumlar\u0131 Ral \u0259l-Ayndak\u0131 m\u00fclki v\u0259 onlar\u0131n m\u00f6vqel\u0259rini h\u0259d\u0259f alma\u011fa davam edib. \u201cT\u00fcrkiy\u0259 d\u00fcn\u0259n gec\u0259d\u0259n b\u0259ri \u015f\u0259h\u0259r\u0259 h\u00fccumunu davam etdir\u0259r\u0259k at\u0259\u015fk\u0259s sazi\u015fini pozub\u201d,- SDF s\u00f6zc\u00fcs\u00fc Mustafa Bali tvitind\u0259 qeyd edib.\n<\/p>\n<p>\n  Sazi\u015f prezident Donald Tramp\u0131n AB\u015e-\u0131n \u0130slam D\u00f6vl\u0259tin\u0259 (\u0130\u015e\u0130D) qar\u015f\u0131 ill\u0259rdir birlikd\u0259 m\u00fcbariz\u0259 apard\u0131\u011f\u0131 k\u00fcrd m\u00fctt\u0259fiql\u0259rini t\u0259rk ed\u0259r\u0259k, AB\u015e q\u00fcvv\u0259l\u0259rini Suriyadan geri \u00e7\u0259kdikd\u0259n sonra yaranm\u0131\u015f b\u00f6hran\u0131 aradan qald\u0131rma\u011fa y\u00f6n\u0259lib.\n<\/p>\n<p>\n  Tramp sazi\u015fi alq\u0131\u015flay\u0131b v\u0259 deyib ki, raz\u0131la\u015fma milyonlarla insan\u0131n h\u0259yat\u0131n\u0131 xilas ed\u0259c\u0259k.\n<\/p>\n<p>\n  \u201cT\u00fcrkiy\u0259 sazi\u015fi Suriyan\u0131n i\u00e7in\u0259 do\u011fru 30 km-lik \u0259razini n\u0259zar\u0259t\u0259 alma\u011f\u0131 n\u0259z\u0259rd\u0259 tutan \u0259m\u0259liyyat plan\u0131n\u0131n h\u0259yata ke\u00e7irilm\u0259sinin t\u0259rkib hiss\u0259si kimi, tam bir qalibiyy\u0259t olaraq g\u00f6r\u00fcr\u201d, &#8211; \u201cReuters\u201d x\u0259b\u0259r verir.\n<\/p>\n<p>\n  Ancaq AB\u015e-\u0131n Suriya \u00fczr\u0259 x\u00fcsusi n\u00fcmay\u0259nd\u0259si Ceyms Cefri (James Jeffrey) deyib ki, sazi\u015f bu m\u0259qs\u0259di da\u015f\u0131m\u0131r. Bel\u0259 ki, sazi\u015f t\u00fcrk q\u00fcvv\u0259l\u0259rinin f\u0259aliyy\u0259t g\u00f6st\u0259rdiyi \u0259razini \u0259hat\u0259 edib, &#8211; o qeyd edib.\n<\/p>\n<p>\n  M\u00fcqavil\u0259y\u0259 \u0259sas\u0259n geri \u00e7\u0259kilm\u0259li olan SDF d\u0259 raz\u0131la\u015fman\u0131n yaln\u0131z ki\u00e7ik bir \u0259razini \u0259hat\u0259 etdiyini s\u00f6yl\u0259yib.\n<\/p>\n<p>\n  SDF komandiri Mazloum Kobani k\u00fcrd telekanal\u0131 \u201cRonahi TV\u201d-y\u0259 a\u00e7\u0131qlamas\u0131nda deyib ki, qrup at\u0259\u015fk\u0259si q\u0259bul ed\u0259c\u0259k, ancaq bu, s\u0259rh\u0259dd\u0259 v\u0259 t\u0259xmin\u0259n 120 km m\u0259saf\u0259d\u0259 olan Ras Al Ayn il\u0259 Tal Abyad \u015f\u0259h\u0259ri aras\u0131ndak\u0131 zolaqla m\u0259hdudla\u015facaq.\n<\/p>\n<p>\n  AB\u015e q\u00fcvv\u0259l\u0259rini geri \u00e7\u0259kdikd\u0259n sonra Va\u015finqtonun b\u00f6lg\u0259d\u0259ki bo\u015flu\u011funu Rusiya v\u0259 \u0130ran doldurma\u011fa \u00e7al\u0131\u015f\u0131r. Moskva v\u0259 Tehran t\u0259r\u0259find\u0259n d\u0259st\u0259kl\u0259n\u0259n B\u0259\u015f\u0259r \u018fs\u0259r h\u00f6kum\u0259tin\u0259 m\u0259xsus q\u00fcvv\u0259l\u0259ri d\u0259 \u00f6nc\u0259d\u0259n Va\u015finqton t\u0259r\u0259find\u0259n qorunan \u0259razil\u0259r\u0259 k\u00fcrdl\u0259r d\u0259v\u0259t edib.\n<\/p>\n<p>\n  Amerikan\u0131n el\u00e7isi Cefri AB\u015e q\u00fcvv\u0259l\u0259rini geri \u00e7\u0259kdiyi \u00fc\u00e7\u00fcn Ankaran\u0131n haz\u0131rda Moskva v\u0259 D\u0259m\u0259\u015fql\u0259 dan\u0131\u015f\u0131qlara getdiyini q\u0259bul edib.\n<\/p>\n<p>\n  \u201cBildiyiniz kimi, haz\u0131rda Rusiya, Suriya ordusu, T\u00fcrk, Amerika, SDF v\u0259 b\u0259zi Dae\u015f (\u0130slam D\u00f6vl\u0259ti) elementl\u0259ri il\u0259 \u0259hat\u0259li \u00e7ox qar\u0131\u015f\u0131q v\u0259ziyy\u0259td\u0259yik\u201d, &#8211; Cefri deyib.\n<\/p>\n<p>\n  \u201c\u0130ndi t\u00fcrkl\u0259r \u015fimal-\u015f\u0259rqd\u0259ki dig\u0259r \u0259razil\u0259rd\u0259 v\u0259 F\u0259rat\u0131n q\u0259rbind\u0259ki Manbijd\u0259 ruslar v\u0259 suriyal\u0131larla \u00f6z m\u00fczakir\u0259l\u0259rini davam etdirir\u201d, &#8211; o deyib. \u201cDaha sonra bunu T\u00fcrkiy\u0259nin n\u0259zar\u0259tind\u0259 olan t\u0259hl\u00fck\u0259siz zonaya daxil edib-etm\u0259m\u0259si bar\u0259d\u0259 h\u0259rt\u0259r\u0259fli dan\u0131\u015f\u0131lmad\u0131\u201c, &#8211; o \u0259lav\u0259 edib.\n<\/p>\n<p>\n  \u018fld\u0259 olunmu\u015f raz\u0131l\u0131qda h\u0259m\u00e7inin qeyd edilib ki, Ankara v\u0259 Va\u015finqton beyn\u0259lxalq ictimaiyy\u0259tin \u0259sas narahatl\u0131q m\u0259nb\u0259yi olan \u0130slam D\u00f6vl\u0259ti d\u00f6y\u00fc\u015f\u00e7\u00fcl\u0259ri v\u0259 onlar\u0131n ail\u0259l\u0259rinin saxland\u0131\u011f\u0131 h\u0259bsxanalar bar\u0259d\u0259 birg\u0259 \u0259m\u0259kda\u015fl\u0131\u011f\u0131n\u0131 davam etdir\u0259c\u0259k.\n<\/p>\n<p>\n  Pens \u0259lav\u0259 edib ki, \u00e7\u0259r\u015f\u0259nb\u0259 ax\u015fam\u0131 T\u00fcrkiy\u0259y\u0259 t\u0259tbiq edilmi\u015f sanksiyalar at\u0259\u015fk\u0259s daimi olarsa qald\u0131r\u0131lacaq.\n<\/p>\n<p>\n  T\u00fcrkiy\u0259nin Suriyan\u0131n \u015fimal \u015f\u0259rqin\u0259 h\u00fccumu AB\u015e q\u00fcvv\u0259l\u0259rinin b\u00f6lg\u0259d\u0259n \u00e7\u0131xar\u0131lmas\u0131ndan sonraya t\u0259sad\u00fcf edib. Va\u015finqton 1000-\u0259 yax\u0131n silahl\u0131 kontingentini \u0259razid\u0259n oktyab ay\u0131n\u0131n 6-da, prezidentl\u0259r \u018frdo\u011fanla Tramp aras\u0131nda ke\u00e7\u0259n telefon dan\u0131\u015f\u0131\u011f\u0131ndan sonra \u00e7\u0131xar\u0131b. Hadis\u0259 b\u00f6lg\u0259d\u0259 Suriya sava\u015f\u0131ndan sonra ikinci humanitar b\u00f6hrana g\u0259tirib \u00e7\u0131xar\u0131b. 200.000-\u0259 yax\u0131n insan \u0259razini t\u0259rk edib, minl\u0259rl\u0259 \u0130\u015e\u0130D d\u00f6y\u00fc\u015f\u00e7\u00fcl\u0259rinin k\u00fcrd h\u0259bsxanalar\u0131ndan qa\u00e7d\u0131\u011f\u0131 qeyd edilir.<\/p>\n","protected":false},"excerpt":{"rendered":"<p>\u018frazid\u0259ki jurnalistl\u0259r at\u0259\u015f s\u0259sl\u0259rini e\u015fitdikl\u0259rini deyirl\u0259r<\/p>\n","protected":false},"author":11,"featured_media":102664,"comment_status":"closed","ping_status":"open","sticky":false,"template":"","format":"standard","meta":{"_acf_changed":false,"_sitemap_exclude":false,"_sitemap_priority":"","_sitemap_frequency":"","footnotes":""},"categories":[64],"tags":[],"class_list":["post-197521","post","type-post","status-publish","format-standard","has-post-thumbnail","hentry","category-dunya","infinite-scroll-item","generate-columns","tablet-grid-50","mobile-grid-100","grid-parent","grid-33","no-featured-image-padding"],"acf":[],"yoast_head":"<!-- This site is optimized with the Yoast SEO plugin v27.5 - https:\/\/yoast.com\/product\/yoast-seo-wordpress\/ -->\n<title>At\u0259\u015fk\u0259s raz\u0131l\u0131\u011f\u0131na baxmayaraq, Suriyada sava\u015f davam edir - MEYDAN.TV<\/title>\n<meta name=\"robots\" content=\"index, follow, max-snippet:-1, max-image-preview:large, max-video-preview:-1\" \/>\n<link rel=\"canonical\" href=\"https:\/\/www.meydan.tv\/az\/article\/ateskes-raziligina-baxmayaraq-suriyada-savas-davam-edir\/\" \/>\n<meta property=\"og:locale\" content=\"az_AZ\" \/>\n<meta property=\"og:type\" content=\"article\" \/>\n<meta property=\"og:title\" content=\"At\u0259\u015fk\u0259s raz\u0131l\u0131\u011f\u0131na baxmayaraq, Suriyada sava\u015f davam edir - MEYDAN.TV\" \/>\n<meta property=\"og:description\" content=\"\u018frazid\u0259ki jurnalistl\u0259r at\u0259\u015f s\u0259sl\u0259rini e\u015fitdikl\u0259rini deyirl\u0259r\" \/>\n<meta property=\"og:url\" content=\"https:\/\/www.meydan.tv\/az\/article\/ateskes-raziligina-baxmayaraq-suriyada-savas-davam-edir\/\" \/>\n<meta property=\"og:site_name\" content=\"MEYDAN.TV\" \/>\n<meta property=\"article:published_time\" content=\"2019-10-18T19:08:23+00:00\" \/>\n<meta property=\"og:image\" content=\"https:\/\/www.meydan.tv\/wp-content\/uploads\/40704.jpg\" \/>\n\t<meta property=\"og:image:width\" content=\"1200\" \/>\n\t<meta property=\"og:image:height\" content=\"801\" \/>\n\t<meta property=\"og:image:type\" content=\"image\/jpeg\" \/>\n<meta name=\"author\" content=\"user-manager\" \/>\n<meta name=\"twitter:card\" content=\"summary_large_image\" \/>\n<script type=\"application\/ld+json\" class=\"yoast-schema-graph\">{\"@context\":\"https:\\\/\\\/schema.org\",\"@graph\":[{\"@type\":\"Article\",\"@id\":\"https:\\\/\\\/www.meydan.tv\\\/az\\\/article\\\/ateskes-raziligina-baxmayaraq-suriyada-savas-davam-edir\\\/#article\",\"isPartOf\":{\"@id\":\"https:\\\/\\\/www.meydan.tv\\\/az\\\/article\\\/ateskes-raziligina-baxmayaraq-suriyada-savas-davam-edir\\\/\"},\"author\":{\"name\":\"user-manager\",\"@id\":\"https:\\\/\\\/www.meydan.tv\\\/az\\\/#\\\/schema\\\/person\\\/10d11eccf6da3662cf5fdab9806ea91a\"},\"headline\":\"At\u0259\u015fk\u0259s raz\u0131l\u0131\u011f\u0131na baxmayaraq, Suriyada sava\u015f davam edir\",\"datePublished\":\"2019-10-18T19:08:23+00:00\",\"mainEntityOfPage\":{\"@id\":\"https:\\\/\\\/www.meydan.tv\\\/az\\\/article\\\/ateskes-raziligina-baxmayaraq-suriyada-savas-davam-edir\\\/\"},\"wordCount\":885,\"publisher\":{\"@id\":\"https:\\\/\\\/www.meydan.tv\\\/az\\\/#organization\"},\"image\":{\"@id\":\"https:\\\/\\\/www.meydan.tv\\\/az\\\/article\\\/ateskes-raziligina-baxmayaraq-suriyada-savas-davam-edir\\\/#primaryimage\"},\"thumbnailUrl\":\"https:\\\/\\\/www.meydan.tv\\\/wp-content\\\/uploads\\\/40704.jpg\",\"articleSection\":[\"D\u00fcnya\"],\"inLanguage\":\"az\"},{\"@type\":\"WebPage\",\"@id\":\"https:\\\/\\\/www.meydan.tv\\\/az\\\/article\\\/ateskes-raziligina-baxmayaraq-suriyada-savas-davam-edir\\\/\",\"url\":\"https:\\\/\\\/www.meydan.tv\\\/az\\\/article\\\/ateskes-raziligina-baxmayaraq-suriyada-savas-davam-edir\\\/\",\"name\":\"At\u0259\u015fk\u0259s raz\u0131l\u0131\u011f\u0131na baxmayaraq, Suriyada sava\u015f davam edir - MEYDAN.TV\",\"isPartOf\":{\"@id\":\"https:\\\/\\\/www.meydan.tv\\\/az\\\/#website\"},\"primaryImageOfPage\":{\"@id\":\"https:\\\/\\\/www.meydan.tv\\\/az\\\/article\\\/ateskes-raziligina-baxmayaraq-suriyada-savas-davam-edir\\\/#primaryimage\"},\"image\":{\"@id\":\"https:\\\/\\\/www.meydan.tv\\\/az\\\/article\\\/ateskes-raziligina-baxmayaraq-suriyada-savas-davam-edir\\\/#primaryimage\"},\"thumbnailUrl\":\"https:\\\/\\\/www.meydan.tv\\\/wp-content\\\/uploads\\\/40704.jpg\",\"datePublished\":\"2019-10-18T19:08:23+00:00\",\"breadcrumb\":{\"@id\":\"https:\\\/\\\/www.meydan.tv\\\/az\\\/article\\\/ateskes-raziligina-baxmayaraq-suriyada-savas-davam-edir\\\/#breadcrumb\"},\"inLanguage\":\"az\",\"potentialAction\":[{\"@type\":\"ReadAction\",\"target\":[\"https:\\\/\\\/www.meydan.tv\\\/az\\\/article\\\/ateskes-raziligina-baxmayaraq-suriyada-savas-davam-edir\\\/\"]}]},{\"@type\":\"ImageObject\",\"inLanguage\":\"az\",\"@id\":\"https:\\\/\\\/www.meydan.tv\\\/az\\\/article\\\/ateskes-raziligina-baxmayaraq-suriyada-savas-davam-edir\\\/#primaryimage\",\"url\":\"https:\\\/\\\/www.meydan.tv\\\/wp-content\\\/uploads\\\/40704.jpg\",\"contentUrl\":\"https:\\\/\\\/www.meydan.tv\\\/wp-content\\\/uploads\\\/40704.jpg\",\"width\":1200,\"height\":801,\"caption\":\"Foto: arxiv\"},{\"@type\":\"BreadcrumbList\",\"@id\":\"https:\\\/\\\/www.meydan.tv\\\/az\\\/article\\\/ateskes-raziligina-baxmayaraq-suriyada-savas-davam-edir\\\/#breadcrumb\",\"itemListElement\":[{\"@type\":\"ListItem\",\"position\":1,\"name\":\"Ana s\u0259hif\u0259\",\"item\":\"https:\\\/\\\/www.meydan.tv\\\/az\\\/\"},{\"@type\":\"ListItem\",\"position\":2,\"name\":\"D\u00fcnya\",\"item\":\"https:\\\/\\\/www.meydan.tv\\\/az\\\/section\\\/dunya\\\/\"},{\"@type\":\"ListItem\",\"position\":3,\"name\":\"At\u0259\u015fk\u0259s raz\u0131l\u0131\u011f\u0131na baxmayaraq, Suriyada sava\u015f davam edir\"}]},{\"@type\":\"WebSite\",\"@id\":\"https:\\\/\\\/www.meydan.tv\\\/az\\\/#website\",\"url\":\"https:\\\/\\\/www.meydan.tv\\\/az\\\/\",\"name\":\"MEYDAN.TV\",\"description\":\"Meydan TV Az\u0259rbaycan\u0131n media m\u0259kan\u0131ndak\u0131 alternativ s\u0259sidir\",\"publisher\":{\"@id\":\"https:\\\/\\\/www.meydan.tv\\\/az\\\/#organization\"},\"potentialAction\":[{\"@type\":\"SearchAction\",\"target\":{\"@type\":\"EntryPoint\",\"urlTemplate\":\"https:\\\/\\\/www.meydan.tv\\\/az\\\/?s={search_term_string}\"},\"query-input\":{\"@type\":\"PropertyValueSpecification\",\"valueRequired\":true,\"valueName\":\"search_term_string\"}}],\"inLanguage\":\"az\"},{\"@type\":\"Organization\",\"@id\":\"https:\\\/\\\/www.meydan.tv\\\/az\\\/#organization\",\"name\":\"Meydan TV\",\"url\":\"https:\\\/\\\/www.meydan.tv\\\/az\\\/\",\"logo\":{\"@type\":\"ImageObject\",\"inLanguage\":\"az\",\"@id\":\"https:\\\/\\\/www.meydan.tv\\\/az\\\/#\\\/schema\\\/logo\\\/image\\\/\",\"url\":\"https:\\\/\\\/www.meydan.tv\\\/wp-content\\\/uploads\\\/2021\\\/07\\\/meydan-logo.svg\",\"contentUrl\":\"https:\\\/\\\/www.meydan.tv\\\/wp-content\\\/uploads\\\/2021\\\/07\\\/meydan-logo.svg\",\"width\":195,\"height\":46,\"caption\":\"Meydan TV\"},\"image\":{\"@id\":\"https:\\\/\\\/www.meydan.tv\\\/az\\\/#\\\/schema\\\/logo\\\/image\\\/\"}},{\"@type\":\"Person\",\"@id\":\"https:\\\/\\\/www.meydan.tv\\\/az\\\/#\\\/schema\\\/person\\\/10d11eccf6da3662cf5fdab9806ea91a\",\"name\":\"user-manager\"}]}<\/script>\n<!-- \/ Yoast SEO plugin. -->","yoast_head_json":{"title":"At\u0259\u015fk\u0259s raz\u0131l\u0131\u011f\u0131na baxmayaraq, Suriyada sava\u015f davam edir - MEYDAN.TV","robots":{"index":"index","follow":"follow","max-snippet":"max-snippet:-1","max-image-preview":"max-image-preview:large","max-video-preview":"max-video-preview:-1"},"canonical":"https:\/\/www.meydan.tv\/az\/article\/ateskes-raziligina-baxmayaraq-suriyada-savas-davam-edir\/","og_locale":"az_AZ","og_type":"article","og_title":"At\u0259\u015fk\u0259s raz\u0131l\u0131\u011f\u0131na baxmayaraq, Suriyada sava\u015f davam edir - MEYDAN.TV","og_description":"\u018frazid\u0259ki jurnalistl\u0259r at\u0259\u015f s\u0259sl\u0259rini e\u015fitdikl\u0259rini deyirl\u0259r","og_url":"https:\/\/www.meydan.tv\/az\/article\/ateskes-raziligina-baxmayaraq-suriyada-savas-davam-edir\/","og_site_name":"MEYDAN.TV","article_published_time":"2019-10-18T19:08:23+00:00","og_image":[{"width":1200,"height":801,"url":"https:\/\/www.meydan.tv\/wp-content\/uploads\/40704.jpg","type":"image\/jpeg"}],"author":"user-manager","twitter_card":"summary_large_image","schema":{"@context":"https:\/\/schema.org","@graph":[{"@type":"Article","@id":"https:\/\/www.meydan.tv\/az\/article\/ateskes-raziligina-baxmayaraq-suriyada-savas-davam-edir\/#article","isPartOf":{"@id":"https:\/\/www.meydan.tv\/az\/article\/ateskes-raziligina-baxmayaraq-suriyada-savas-davam-edir\/"},"author":{"name":"user-manager","@id":"https:\/\/www.meydan.tv\/az\/#\/schema\/person\/10d11eccf6da3662cf5fdab9806ea91a"},"headline":"At\u0259\u015fk\u0259s raz\u0131l\u0131\u011f\u0131na baxmayaraq, Suriyada sava\u015f davam edir","datePublished":"2019-10-18T19:08:23+00:00","mainEntityOfPage":{"@id":"https:\/\/www.meydan.tv\/az\/article\/ateskes-raziligina-baxmayaraq-suriyada-savas-davam-edir\/"},"wordCount":885,"publisher":{"@id":"https:\/\/www.meydan.tv\/az\/#organization"},"image":{"@id":"https:\/\/www.meydan.tv\/az\/article\/ateskes-raziligina-baxmayaraq-suriyada-savas-davam-edir\/#primaryimage"},"thumbnailUrl":"https:\/\/www.meydan.tv\/wp-content\/uploads\/40704.jpg","articleSection":["D\u00fcnya"],"inLanguage":"az"},{"@type":"WebPage","@id":"https:\/\/www.meydan.tv\/az\/article\/ateskes-raziligina-baxmayaraq-suriyada-savas-davam-edir\/","url":"https:\/\/www.meydan.tv\/az\/article\/ateskes-raziligina-baxmayaraq-suriyada-savas-davam-edir\/","name":"At\u0259\u015fk\u0259s raz\u0131l\u0131\u011f\u0131na baxmayaraq, Suriyada sava\u015f davam edir - MEYDAN.TV","isPartOf":{"@id":"https:\/\/www.meydan.tv\/az\/#website"},"primaryImageOfPage":{"@id":"https:\/\/www.meydan.tv\/az\/article\/ateskes-raziligina-baxmayaraq-suriyada-savas-davam-edir\/#primaryimage"},"image":{"@id":"https:\/\/www.meydan.tv\/az\/article\/ateskes-raziligina-baxmayaraq-suriyada-savas-davam-edir\/#primaryimage"},"thumbnailUrl":"https:\/\/www.meydan.tv\/wp-content\/uploads\/40704.jpg","datePublished":"2019-10-18T19:08:23+00:00","breadcrumb":{"@id":"https:\/\/www.meydan.tv\/az\/article\/ateskes-raziligina-baxmayaraq-suriyada-savas-davam-edir\/#breadcrumb"},"inLanguage":"az","potentialAction":[{"@type":"ReadAction","target":["https:\/\/www.meydan.tv\/az\/article\/ateskes-raziligina-baxmayaraq-suriyada-savas-davam-edir\/"]}]},{"@type":"ImageObject","inLanguage":"az","@id":"https:\/\/www.meydan.tv\/az\/article\/ateskes-raziligina-baxmayaraq-suriyada-savas-davam-edir\/#primaryimage","url":"https:\/\/www.meydan.tv\/wp-content\/uploads\/40704.jpg","contentUrl":"https:\/\/www.meydan.tv\/wp-content\/uploads\/40704.jpg","width":1200,"height":801,"caption":"Foto: arxiv"},{"@type":"BreadcrumbList","@id":"https:\/\/www.meydan.tv\/az\/article\/ateskes-raziligina-baxmayaraq-suriyada-savas-davam-edir\/#breadcrumb","itemListElement":[{"@type":"ListItem","position":1,"name":"Ana s\u0259hif\u0259","item":"https:\/\/www.meydan.tv\/az\/"},{"@type":"ListItem","position":2,"name":"D\u00fcnya","item":"https:\/\/www.meydan.tv\/az\/section\/dunya\/"},{"@type":"ListItem","position":3,"name":"At\u0259\u015fk\u0259s raz\u0131l\u0131\u011f\u0131na baxmayaraq, Suriyada sava\u015f davam edir"}]},{"@type":"WebSite","@id":"https:\/\/www.meydan.tv\/az\/#website","url":"https:\/\/www.meydan.tv\/az\/","name":"MEYDAN.TV","description":"Meydan TV Az\u0259rbaycan\u0131n media m\u0259kan\u0131ndak\u0131 alternativ s\u0259sidir","publisher":{"@id":"https:\/\/www.meydan.tv\/az\/#organization"},"potentialAction":[{"@type":"SearchAction","target":{"@type":"EntryPoint","urlTemplate":"https:\/\/www.meydan.tv\/az\/?s={search_term_string}"},"query-input":{"@type":"PropertyValueSpecification","valueRequired":true,"valueName":"search_term_string"}}],"inLanguage":"az"},{"@type":"Organization","@id":"https:\/\/www.meydan.tv\/az\/#organization","name":"Meydan TV","url":"https:\/\/www.meydan.tv\/az\/","logo":{"@type":"ImageObject","inLanguage":"az","@id":"https:\/\/www.meydan.tv\/az\/#\/schema\/logo\/image\/","url":"https:\/\/www.meydan.tv\/wp-content\/uploads\/2021\/07\/meydan-logo.svg","contentUrl":"https:\/\/www.meydan.tv\/wp-content\/uploads\/2021\/07\/meydan-logo.svg","width":195,"height":46,"caption":"Meydan TV"},"image":{"@id":"https:\/\/www.meydan.tv\/az\/#\/schema\/logo\/image\/"}},{"@type":"Person","@id":"https:\/\/www.meydan.tv\/az\/#\/schema\/person\/10d11eccf6da3662cf5fdab9806ea91a","name":"user-manager"}]}},"_links":{"self":[{"href":"https:\/\/www.meydan.tv\/az\/wp-json\/wp\/v2\/posts\/197521","targetHints":{"allow":["GET"]}}],"collection":[{"href":"https:\/\/www.meydan.tv\/az\/wp-json\/wp\/v2\/posts"}],"about":[{"href":"https:\/\/www.meydan.tv\/az\/wp-json\/wp\/v2\/types\/post"}],"author":[{"embeddable":true,"href":"https:\/\/www.meydan.tv\/az\/wp-json\/wp\/v2\/users\/11"}],"replies":[{"embeddable":true,"href":"https:\/\/www.meydan.tv\/az\/wp-json\/wp\/v2\/comments?post=197521"}],"version-history":[{"count":0,"href":"https:\/\/www.meydan.tv\/az\/wp-json\/wp\/v2\/posts\/197521\/revisions"}],"wp:featuredmedia":[{"embeddable":true,"href":"https:\/\/www.meydan.tv\/az\/wp-json\/wp\/v2\/media\/102664"}],"wp:attachment":[{"href":"https:\/\/www.meydan.tv\/az\/wp-json\/wp\/v2\/media?parent=197521"}],"wp:term":[{"taxonomy":"category","embeddable":true,"href":"https:\/\/www.meydan.tv\/az\/wp-json\/wp\/v2\/categories?post=197521"},{"taxonomy":"post_tag","embeddable":true,"href":"https:\/\/www.meydan.tv\/az\/wp-json\/wp\/v2\/tags?post=197521"}],"curies":[{"name":"wp","href":"https:\/\/api.w.org\/{rel}","templated":true}]}}