{"id":197509,"date":"2019-10-18T12:52:55","date_gmt":"2019-10-18T12:52:55","guid":{"rendered":"https:\/\/www.meydan.tv\/article\/sumqayit-sakini-ticaret-obyektimi-isletmeye-imkan-vermirler\/"},"modified":"2019-10-18T12:52:55","modified_gmt":"2019-10-18T12:52:55","slug":"sumqayit-sakini-ticaret-obyektimi-isletmeye-imkan-vermirler","status":"publish","type":"post","link":"https:\/\/www.meydan.tv\/az\/article\/sumqayit-sakini-ticaret-obyektimi-isletmeye-imkan-vermirler\/","title":{"rendered":"Sumqay\u0131t sakini: Ticar\u0259t obyektimi i\u015fl\u0259tm\u0259y\u0259 imkan vermirl\u0259r"},"content":{"rendered":"<p>\n  <i><br \/>\n    \u201c\u0130cra Hakimiyy\u0259ti Ali M\u0259hk\u0259m\u0259nin q\u0259rar\u0131n\u0131 yerin\u0259 yetirmir\u201d<br \/>\n  <\/i>\n<\/p>\n<p>\n  Sumqay\u0131t sakini \u015f\u0259h\u0259rin \u0130cra Hakimiyy\u0259ti t\u0259r\u0259find\u0259n ticar\u0259t obyektinin ba\u011flanmas\u0131 il\u0259 ba\u011fl\u0131 \u015fikay\u0259t edib.\n<\/p>\n<p>\n  \u015e\u0259h\u0259r sakini Zakir \u0130smay\u0131lov ya\u015fad\u0131\u011f\u0131 36-c\u0131 m\u0259h\u0259ll\u0259, ev 1\/22, m\u0259nzil 32 \u00fcnvan\u0131nda a\u00e7d\u0131\u011f\u0131 ayaqqab\u0131 d\u00fckan\u0131n\u0131n ba\u011flanmas\u0131 il\u0259 ba\u011fl\u0131 m\u0259hk\u0259m\u0259l\u0259r\u0259 d\u0259 m\u00fcraci\u0259t edib.\n<\/p>\n<p>\n  Ali M\u0259hk\u0259m\u0259 \u015f\u0259h\u0259r icra hakimiyy\u0259tinin bu add\u0131m\u0131n\u0131 qanunsuz sayan q\u0259rar \u00e7\u0131xarsa da, bu q\u0259rar yerin\u0259 yetirilm\u0259yib.\n<\/p>\n<p>\n  Meydan TV-y\u0259 dan\u0131\u015fan Zakir \u0130smay\u0131lov bildirib ki, d\u00fckan\u0131 1995-ci ild\u0259, \u015eakir Abu\u015fovun icra ba\u015f\u0131s\u0131 oldu\u011fu d\u00f6vrd\u0259 a\u00e7\u0131b v\u0259 evin p\u0259nc\u0259r\u0259 hiss\u0259sini qap\u0131 edib:\n<\/p>\n<p>\n  \u201cO zaman dedil\u0259r ki, siz d\u00fckan\u0131 a\u00e7\u0131n, s\u0259n\u0259di sonra ver\u0259rik. M\u0259n d\u0259 el\u0259 etdim. \u0130cra hakimiyy\u0259tinin memarl\u0131q \u015f\u00f6b\u0259si g\u0259lib \u015f\u0259kil \u015f\u0259kdi, amma h\u0259r d\u0259f\u0259 s\u0259n\u0259d ist\u0259y\u0259nd\u0259, bu g\u00fcn, sabah deyib uzatd\u0131lar. Sonra Bak\u0131ya g\u00f6nd\u0259rdikl\u0259rini, ard\u0131nca is\u0259 h\u0259l\u0259 s\u0259n\u0259d almad\u0131qlar\u0131n\u0131 s\u00f6yl\u0259dil\u0259r. N\u0259hay\u0259t, bildirdil\u0259r ki, s\u0259ni incid\u0259n yoxdursa, d\u00fckan\u0131n\u0131 i\u015fl\u0259t, n\u0259 zaman incits\u0259l\u0259r g\u0259l\u0259rs\u0259n\u201d.\n<\/p>\n<p>\n  Onun s\u00f6zl\u0259rin\u0259 g\u00f6r\u0259, bel\u0259 hal 2014-c\u00fc il\u0259 q\u0259d\u0259r davam edib.\n<\/p>\n<p>\n  Zakir \u0130smay\u0131lov bildirib ki, o zaman Sumqay\u0131t \u015e\u0259h\u0259r \u0130cra Hakimiyy\u0259tin\u0259 Eldar \u018fzizov ba\u015f\u00e7\u0131 t\u0259yin edil\u0259nd\u0259n sonra, icra hakimiyy\u0259tind\u0259n g\u0259lib binan\u0131 abadla\u015fd\u0131racaqlar\u0131n\u0131 deyibl\u0259r.\n<\/p>\n<p>\n  \u201cBu b\u0259han\u0259 il\u0259 bildirdil\u0259r ki, qap\u0131n\u0131 saxlamaq ist\u0259yirs\u0259ns\u0259 12 min manat ver\u0259c\u0259ks\u0259n. Amma m\u0259nim o q\u0259d\u0259r pulum yox idi. Cavab verdil\u0259r ki, \u015f\u0259h\u0259r icra hakimiyy\u0259tinin d\u0259 pulu yoxdur, obyekt i\u015fl\u0259dirsinizs\u0259, pul verin v\u0259 davam edin. Kim pul verdis\u0259, ona toxunmad\u0131lar. Amma m\u0259nim kimi pul verm\u0259y\u0259nl\u0259rin qap\u0131s\u0131n\u0131 ba\u011flay\u0131b, yenid\u0259n p\u0259nc\u0259r\u0259ni a\u00e7d\u0131lar. S\u0259b\u0259b kimi d\u0259 g\u00f6st\u0259rdil\u0259r ki, binan\u0131n memarl\u0131\u011f\u0131na uy\u011fun deyil. Sual verdim ki, b\u0259s o biri d\u00fckanlarda da uy\u011fun deyil, niy\u0259 toxunmursunuz, cavab verm\u0259dil\u0259r\u201d.\n<\/p>\n<figure class=\"wp-block-image size-large\">\n  <img decoding=\"async\" src=\"https:\/\/www.meydan.tv\/az\/72532887_408779933169789_5875315652322918400_n-jpg-2\/\" alt=\"72532887_408779933169789_5875315652322918400_n.jpg\" class=\"wp-image-131393\"\/><figcaption>\n    \u201cBu b\u0259han\u0259 il\u0259 bildirdil\u0259r ki, qap\u0131n\u0131 saxlamaq ist\u0259yirs\u0259ns\u0259 12 min manat ver\u0259c\u0259ks\u0259n&#8221;<br \/>\n  <\/figcaption><\/figure>\n<p>\n  Zakir \u0130smay\u0131lov M\u0259nzil M\u0259c\u0259ll\u0259sinin 21-ci madd\u0259sini \u0259sas g\u0259tirib m\u00fcvafiq orqanlara m\u0259ktub yazd\u0131\u011f\u0131n\u0131 xat\u0131rlatd\u0131:\n<\/p>\n<p>\n  \u201cM\u0259c\u0259ll\u0259d\u0259 g\u00f6st\u0259rilir ki, v\u0259t\u0259nda\u015f \u00f6z ya\u015fay\u0131\u015f sah\u0259sini qeyri-ya\u015fay\u0131\u015f sah\u0259sin\u0259 ke\u00e7ir\u0259 bil\u0259r. Ancaq icra ba\u015f\u00e7\u0131s\u0131n\u0131n m\u00fcavini Sahib Quliyev rekonstruksiyan\u0131 \u0259sas g\u0259tirib, yen\u0259 icaz\u0259 verm\u0259di. Halbuki, Sumqay\u0131tda bu c\u00fcr binalar\u0131n birinci m\u0259rt\u0259b\u0259sind\u0259 d\u00fckan a\u00e7anlar \u00e7oxdur. Nec\u0259 oldu ki, onlara rekonstruksiya t\u0259tbiq olunmur, amma m\u0259n\u0259 \u00e7atanda yada d\u00fc\u015f\u00fcr? Ham\u0131s\u0131nda qap\u0131 var, yaln\u0131z m\u0259nd\u0259 p\u0259nc\u0259r\u0259dir. \u0130cra hakimiyy\u0259tinin r\u0259smil\u0259ri binan\u0131n yax\u015f\u0131 g\u00f6rk\u0259mind\u0259n dan\u0131\u015f\u0131rlarsa, ham\u0131s\u0131 qap\u0131, biri is\u0259 p\u0259nc\u0259r\u0259 olanda hans\u0131 g\u00f6rk\u0259m yaran\u0131r?\u201d\n<\/p>\n<p>\n  Zakir \u0130smay\u0131lov iddia edib ki, onunla ba\u011fl\u0131 s\u0259n\u0259dl\u0259r saxtala\u015fd\u0131r\u0131l\u0131b:\n<\/p>\n<p>\n  \u201cAli M\u0259hk\u0259m\u0259 lehim\u0259 2017-ci ilin mart\u0131nda q\u0259rar verib, sentyabra q\u0259d\u0259r icra hakimiyy\u0259ti q\u0259rar\u0131 icra etm\u0259diyin\u0259 g\u00f6r\u0259 Sumqay\u0131t \u0130nzibati \u0130qtisad M\u0259hk\u0259m\u0259sinin hakimi Zaur Pirverdiyev icra v\u0259r\u0259q\u0259si a\u00e7\u0131b icra idar\u0259sin\u0259 g\u00f6nd\u0259rir. Amma 10 ay icra hakimiyy\u0259ti Ali M\u0259hk\u0259m\u0259nin q\u0259rar\u0131n\u0131 icra etm\u0259diyi \u00fc\u00e7\u00fcn icra idar\u0259si \u015f\u0259h\u0259r m\u0259hk\u0259m\u0259sin\u0259 m\u0259ktub g\u00f6nd\u0259rir ki, icra hakimiyy\u0259ti m\u0259suliyy\u0259t\u0259 c\u0259lb olunsun. O zaman \u015f\u0259h\u0259r m\u0259hk\u0259m\u0259sinin s\u0259dri Zeyq\u0259m H\u00fcseynov idi, prosesi d\u0259 \u00f6z\u00fc apar\u0131rd\u0131. T\u0259s\u0259vv\u00fcr edin ki, \u015f\u0259h\u0259r m\u0259hk\u0259m\u0259sin\u0259 2018-ci ilin iyununda 2017-ci ilin tarixi il\u0259 q\u0259rar\u0131n\u0131 g\u0259tirib el\u0259 t\u0259rtib etdil\u0259r ki, guya Zaur Pirverdiyevin icra v\u0259r\u0259q\u0259sind\u0259n \u0259vv\u0259l haz\u0131rlan\u0131b\u201d.\n<\/p>\n<figure class=\"wp-block-image size-large\">\n  <img decoding=\"async\" src=\"https:\/\/www.meydan.tv\/az\/72433134_2334869273430247_1343483508403732480_n-jpg\/\" alt=\"72433134_2334869273430247_1343483508403732480_n.jpg\" class=\"wp-image-131408\"\/><figcaption>\n    Ali M\u0259hk\u0259m\u0259nin q\u0259rar\u0131<br \/>\n  <\/figcaption><\/figure>\n<p>\n  Onun s\u00f6zl\u0259rin\u0259 g\u00f6r\u0259, bundan ba\u015fqa icra hakimiyy\u0259tinin m\u00fcavini Faiq K\u0259rimov 2018-ci ilin iyununda art\u0131q i\u015fd\u0259n azad edilmi\u015fdi, amma s\u0259n\u0259di avqusta t\u0259rtib edib onun imzas\u0131n\u0131 qoyublar.\n<\/p>\n<p>\n  \u201cM\u0259n s\u0259n\u0259di Faiq K\u0259rimova g\u00f6st\u0259rdim. O imzas\u0131n\u0131n saxtala\u015fd\u0131r\u0131ld\u0131\u011f\u0131n\u0131 s\u00f6yl\u0259di. Bu m\u0259s\u0259l\u0259d\u0259 Eldar \u018fzizovun vaxt\u0131ndan \u00e7al\u0131\u015fan icra ba\u015f\u00e7\u0131s\u0131n\u0131n m\u00fcavini Sahib Quliyev m\u0259suliyy\u0259t da\u015f\u0131y\u0131r. \u00c7\u00fcnki b\u00fct\u00fcn m\u0259ktublara o cavab verir. M\u0259n ona Ali M\u0259hk\u0259m\u0259nin q\u0259rar\u0131n\u0131 g\u00f6st\u0259rs\u0259m d\u0259, \u00f6z dediyinin \u00fcst\u00fcnd\u0259 dayand\u0131. T\u0259s\u0259vv\u00fcr edin ki, Ali M\u0259hk\u0259m\u0259nin q\u0259rar\u0131n\u0131 m\u0259ruz\u0259 edirl\u0259r, amma buna baxmayaraq ke\u00e7mi\u015f m\u00fcavinin imzas\u0131n\u0131 saxtala\u015fd\u0131r\u0131b q\u0259rar \u00e7\u0131xard\u0131rlar, tarixi d\u0259 s\u0259hv yaz\u0131rlar\u201d.\n<\/p>\n<p>\n  Zakir \u0130smay\u0131lov Ali M\u0259hk\u0259m\u0259nin q\u0259rar\u0131n\u0131n yerin\u0259 yetirilm\u0259diyi v\u0259 s\u0259n\u0259d saxtala\u015fd\u0131r\u0131ld\u0131\u011f\u0131na g\u00f6r\u0259 Prezidentin H\u00fcquq m\u00fchafiz\u0259 orqanlar\u0131 il\u0259 i\u015f v\u0259 h\u0259rbi m\u0259s\u0259l\u0259l\u0259r \u00fczr\u0259 k\u00f6m\u0259k\u00e7isi, \u015f\u00f6b\u0259 m\u00fcdiri Fuad \u018fl\u0259sg\u0259rova v\u0259 Ba\u015f prokuror Zakir Qaralova m\u00fcraci\u0259t ed\u0259c\u0259yini bildirib:\n<\/p>\n<figure class=\"wp-block-image size-large\">\n  <img decoding=\"async\" src=\"https:\/\/www.meydan.tv\/az\/73364331_543022679783509_6050736749645135872_n-jpg\/\" alt=\"73364331_543022679783509_6050736749645135872_n.jpg\" class=\"wp-image-131405\"\/><figcaption>\n    qap\u0131s\u0131 olan d\u00fckanlardan biri<br \/>\n  <\/figcaption><\/figure>\n<p>\n  \u201cPrezident d\u0259f\u0259l\u0259rl\u0259 sahibkarl\u0131\u011fa d\u0259st\u0259yin vacibliyini v\u0259 m\u0259murlar\u0131n xalq\u0131n xidm\u0259t\u00e7isi oldu\u011funu vur\u011fulay\u0131b. Ancaq \u015f\u0259h\u0259r icra hakimiyy\u0259tinin Ali M\u0259hk\u0259m\u0259nin q\u0259rar\u0131na bu m\u00fcnasib\u0259tini g\u00f6r\u0259nd\u0259n sonra g\u0259l\u0259c\u0259y\u0259 \u00fcmidsizlik yaran\u0131r\u201d.\n<\/p>\n<p>\n  Sumqay\u0131t \u015e\u0259h\u0259r \u0130cra Hakimiyy\u0259tinin m\u0259tbuat xidm\u0259tind\u0259n bildirdil\u0259r ki, Zakir \u0130smay\u0131lov icra ba\u015f\u00e7\u0131s\u0131n\u0131n Q\u0259bul \u015e\u00f6b\u0259sin\u0259 yaz\u0131ls\u0131n v\u0259 m\u0259ktubla m\u00fcraci\u0259t etsin:\n<\/p>\n<p>\n  \u201cM\u0259ktubuna Ali M\u0259hk\u0259m\u0259nin q\u0259rar\u0131n\u0131 da \u0259lav\u0259 etsin. \u015e\u0259h\u0259r \u0130cra Hakimiyy\u0259tind\u0259 b\u00fct\u00fcn v\u0259t\u0259nda\u015flar dinl\u0259nilir v\u0259 probleml\u0259ri h\u0259ll edilir\u201d.\n<\/p>\n<figure class=\"wp-block-image size-large\">\n  <img decoding=\"async\" src=\"https:\/\/www.meydan.tv\/az\/72146411_2468794063335914_6933504338887180288_n-jpg\/\" alt=\"72146411_2468794063335914_6933504338887180288_n.jpg\" class=\"wp-image-131396\"\/><figcaption>\n    M\u0259hk\u0259m\u0259 q\u0259rar\u0131<br \/>\n  <\/figcaption><\/figure>\n<figure class=\"wp-block-image size-large\">\n  <img decoding=\"async\" src=\"https:\/\/www.meydan.tv\/az\/72228521_2454670931457327_4919197924405018624_n-jpg\/\" alt=\"72228521_2454670931457327_4919197924405018624_n.jpg\" class=\"wp-image-131399\"\/><figcaption>\n    Faiq K\u0259rimovun saxtala\u015fd\u0131r\u0131lan imzas\u0131<br \/>\n  <\/figcaption><\/figure>\n<figure class=\"wp-block-image size-large\">\n  <img decoding=\"async\" src=\"https:\/\/www.meydan.tv\/az\/72543282_824232531325330_7500358868552122368_n-jpg\/\" alt=\"72543282_824232531325330_7500358868552122368_n.jpg\" class=\"wp-image-131411\"\/><figcaption>\n    \u0130nzibati \u0130qtisad M\u0259hk\u0259m\u0259sinin \u0130cra \u0130dar\u0259sin\u0259 m\u0259ktubu<br \/>\n  <\/figcaption><\/figure>\n<figure class=\"wp-block-image size-large\">\n  <img decoding=\"async\" src=\"https:\/\/www.meydan.tv\/az\/72048616_973826759637633_5498887096250662912_n-jpg\/\" alt=\"72048616_973826759637633_5498887096250662912_n.jpg\" class=\"wp-image-131402\"\/><figcaption>\n    qap\u0131s\u0131 ba\u011flanan d\u00fckan<br \/>\n  <\/figcaption><\/figure>\n","protected":false},"excerpt":{"rendered":"<p>T\u0259s\u0259vv\u00fcr edin ki, \u015f\u0259h\u0259r m\u0259hk\u0259m\u0259sin\u0259 2018-ci ilin iyununda 2017-ci ilin tarixi il\u0259 q\u0259rar\u0131n\u0131 g\u0259tirib el\u0259 t\u0259rtib etdil\u0259r ki, guya Nahid Pirverdiyevin icra v\u0259r\u0259q\u0259sind\u0259n \u0259vv\u0259l haz\u0131rlan\u0131b\u201d.<\/p>\n","protected":false},"author":11,"featured_media":131381,"comment_status":"closed","ping_status":"open","sticky":false,"template":"","format":"standard","meta":{"_acf_changed":false,"_sitemap_exclude":false,"_sitemap_priority":"","_sitemap_frequency":"","footnotes":""},"categories":[60],"tags":[],"class_list":["post-197509","post","type-post","status-publish","format-standard","has-post-thumbnail","hentry","category-bolge","infinite-scroll-item","generate-columns","tablet-grid-50","mobile-grid-100","grid-parent","grid-33","no-featured-image-padding"],"acf":[],"yoast_head":"<!-- This site is optimized with the Yoast SEO plugin v27.5 - https:\/\/yoast.com\/product\/yoast-seo-wordpress\/ -->\n<title>Sumqay\u0131t sakini: Ticar\u0259t obyektimi i\u015fl\u0259tm\u0259y\u0259 imkan vermirl\u0259r - MEYDAN.TV<\/title>\n<meta name=\"robots\" content=\"index, follow, max-snippet:-1, max-image-preview:large, max-video-preview:-1\" \/>\n<link rel=\"canonical\" href=\"https:\/\/www.meydan.tv\/az\/article\/sumqayit-sakini-ticaret-obyektimi-isletmeye-imkan-vermirler\/\" \/>\n<meta property=\"og:locale\" content=\"az_AZ\" \/>\n<meta property=\"og:type\" content=\"article\" \/>\n<meta property=\"og:title\" content=\"Sumqay\u0131t sakini: Ticar\u0259t obyektimi i\u015fl\u0259tm\u0259y\u0259 imkan vermirl\u0259r - MEYDAN.TV\" \/>\n<meta property=\"og:description\" content=\"T\u0259s\u0259vv\u00fcr edin ki, \u015f\u0259h\u0259r m\u0259hk\u0259m\u0259sin\u0259 2018-ci ilin iyununda 2017-ci ilin tarixi il\u0259 q\u0259rar\u0131n\u0131 g\u0259tirib el\u0259 t\u0259rtib etdil\u0259r ki, guya Nahid Pirverdiyevin icra v\u0259r\u0259q\u0259sind\u0259n \u0259vv\u0259l haz\u0131rlan\u0131b\u201d.\" \/>\n<meta property=\"og:url\" content=\"https:\/\/www.meydan.tv\/az\/article\/sumqayit-sakini-ticaret-obyektimi-isletmeye-imkan-vermirler\/\" \/>\n<meta property=\"og:site_name\" content=\"MEYDAN.TV\" \/>\n<meta property=\"article:published_time\" content=\"2019-10-18T12:52:55+00:00\" \/>\n<meta property=\"og:image\" content=\"https:\/\/www.meydan.tv\/wp-content\/uploads\/71915500_436811103617043_5282013968179658752_n.jpg\" \/>\n\t<meta property=\"og:image:width\" content=\"1260\" \/>\n\t<meta property=\"og:image:height\" content=\"713\" \/>\n\t<meta property=\"og:image:type\" content=\"image\/jpeg\" \/>\n<meta name=\"author\" content=\"user-manager\" \/>\n<meta name=\"twitter:card\" content=\"summary_large_image\" \/>\n<script type=\"application\/ld+json\" class=\"yoast-schema-graph\">{\"@context\":\"https:\\\/\\\/schema.org\",\"@graph\":[{\"@type\":\"Article\",\"@id\":\"https:\\\/\\\/www.meydan.tv\\\/az\\\/article\\\/sumqayit-sakini-ticaret-obyektimi-isletmeye-imkan-vermirler\\\/#article\",\"isPartOf\":{\"@id\":\"https:\\\/\\\/www.meydan.tv\\\/az\\\/article\\\/sumqayit-sakini-ticaret-obyektimi-isletmeye-imkan-vermirler\\\/\"},\"author\":{\"name\":\"user-manager\",\"@id\":\"https:\\\/\\\/www.meydan.tv\\\/az\\\/#\\\/schema\\\/person\\\/10d11eccf6da3662cf5fdab9806ea91a\"},\"headline\":\"Sumqay\u0131t sakini: Ticar\u0259t obyektimi i\u015fl\u0259tm\u0259y\u0259 imkan vermirl\u0259r\",\"datePublished\":\"2019-10-18T12:52:55+00:00\",\"mainEntityOfPage\":{\"@id\":\"https:\\\/\\\/www.meydan.tv\\\/az\\\/article\\\/sumqayit-sakini-ticaret-obyektimi-isletmeye-imkan-vermirler\\\/\"},\"wordCount\":1140,\"publisher\":{\"@id\":\"https:\\\/\\\/www.meydan.tv\\\/az\\\/#organization\"},\"image\":{\"@id\":\"https:\\\/\\\/www.meydan.tv\\\/az\\\/article\\\/sumqayit-sakini-ticaret-obyektimi-isletmeye-imkan-vermirler\\\/#primaryimage\"},\"thumbnailUrl\":\"https:\\\/\\\/www.meydan.tv\\\/wp-content\\\/uploads\\\/71915500_436811103617043_5282013968179658752_n.jpg\",\"articleSection\":[\"B\u00f6lg\u0259\"],\"inLanguage\":\"az\"},{\"@type\":\"WebPage\",\"@id\":\"https:\\\/\\\/www.meydan.tv\\\/az\\\/article\\\/sumqayit-sakini-ticaret-obyektimi-isletmeye-imkan-vermirler\\\/\",\"url\":\"https:\\\/\\\/www.meydan.tv\\\/az\\\/article\\\/sumqayit-sakini-ticaret-obyektimi-isletmeye-imkan-vermirler\\\/\",\"name\":\"Sumqay\u0131t sakini: Ticar\u0259t obyektimi i\u015fl\u0259tm\u0259y\u0259 imkan vermirl\u0259r - MEYDAN.TV\",\"isPartOf\":{\"@id\":\"https:\\\/\\\/www.meydan.tv\\\/az\\\/#website\"},\"primaryImageOfPage\":{\"@id\":\"https:\\\/\\\/www.meydan.tv\\\/az\\\/article\\\/sumqayit-sakini-ticaret-obyektimi-isletmeye-imkan-vermirler\\\/#primaryimage\"},\"image\":{\"@id\":\"https:\\\/\\\/www.meydan.tv\\\/az\\\/article\\\/sumqayit-sakini-ticaret-obyektimi-isletmeye-imkan-vermirler\\\/#primaryimage\"},\"thumbnailUrl\":\"https:\\\/\\\/www.meydan.tv\\\/wp-content\\\/uploads\\\/71915500_436811103617043_5282013968179658752_n.jpg\",\"datePublished\":\"2019-10-18T12:52:55+00:00\",\"breadcrumb\":{\"@id\":\"https:\\\/\\\/www.meydan.tv\\\/az\\\/article\\\/sumqayit-sakini-ticaret-obyektimi-isletmeye-imkan-vermirler\\\/#breadcrumb\"},\"inLanguage\":\"az\",\"potentialAction\":[{\"@type\":\"ReadAction\",\"target\":[\"https:\\\/\\\/www.meydan.tv\\\/az\\\/article\\\/sumqayit-sakini-ticaret-obyektimi-isletmeye-imkan-vermirler\\\/\"]}]},{\"@type\":\"ImageObject\",\"inLanguage\":\"az\",\"@id\":\"https:\\\/\\\/www.meydan.tv\\\/az\\\/article\\\/sumqayit-sakini-ticaret-obyektimi-isletmeye-imkan-vermirler\\\/#primaryimage\",\"url\":\"https:\\\/\\\/www.meydan.tv\\\/wp-content\\\/uploads\\\/71915500_436811103617043_5282013968179658752_n.jpg\",\"contentUrl\":\"https:\\\/\\\/www.meydan.tv\\\/wp-content\\\/uploads\\\/71915500_436811103617043_5282013968179658752_n.jpg\",\"width\":1260,\"height\":713,\"caption\":\"Source: Specify Source\"},{\"@type\":\"BreadcrumbList\",\"@id\":\"https:\\\/\\\/www.meydan.tv\\\/az\\\/article\\\/sumqayit-sakini-ticaret-obyektimi-isletmeye-imkan-vermirler\\\/#breadcrumb\",\"itemListElement\":[{\"@type\":\"ListItem\",\"position\":1,\"name\":\"Ana s\u0259hif\u0259\",\"item\":\"https:\\\/\\\/www.meydan.tv\\\/az\\\/\"},{\"@type\":\"ListItem\",\"position\":2,\"name\":\"B\u00f6lg\u0259\",\"item\":\"https:\\\/\\\/www.meydan.tv\\\/az\\\/section\\\/bolge\\\/\"},{\"@type\":\"ListItem\",\"position\":3,\"name\":\"Sumqay\u0131t sakini: Ticar\u0259t obyektimi i\u015fl\u0259tm\u0259y\u0259 imkan vermirl\u0259r\"}]},{\"@type\":\"WebSite\",\"@id\":\"https:\\\/\\\/www.meydan.tv\\\/az\\\/#website\",\"url\":\"https:\\\/\\\/www.meydan.tv\\\/az\\\/\",\"name\":\"MEYDAN.TV\",\"description\":\"Meydan TV Az\u0259rbaycan\u0131n media m\u0259kan\u0131ndak\u0131 alternativ s\u0259sidir\",\"publisher\":{\"@id\":\"https:\\\/\\\/www.meydan.tv\\\/az\\\/#organization\"},\"potentialAction\":[{\"@type\":\"SearchAction\",\"target\":{\"@type\":\"EntryPoint\",\"urlTemplate\":\"https:\\\/\\\/www.meydan.tv\\\/az\\\/?s={search_term_string}\"},\"query-input\":{\"@type\":\"PropertyValueSpecification\",\"valueRequired\":true,\"valueName\":\"search_term_string\"}}],\"inLanguage\":\"az\"},{\"@type\":\"Organization\",\"@id\":\"https:\\\/\\\/www.meydan.tv\\\/az\\\/#organization\",\"name\":\"Meydan TV\",\"url\":\"https:\\\/\\\/www.meydan.tv\\\/az\\\/\",\"logo\":{\"@type\":\"ImageObject\",\"inLanguage\":\"az\",\"@id\":\"https:\\\/\\\/www.meydan.tv\\\/az\\\/#\\\/schema\\\/logo\\\/image\\\/\",\"url\":\"https:\\\/\\\/www.meydan.tv\\\/wp-content\\\/uploads\\\/2021\\\/07\\\/meydan-logo.svg\",\"contentUrl\":\"https:\\\/\\\/www.meydan.tv\\\/wp-content\\\/uploads\\\/2021\\\/07\\\/meydan-logo.svg\",\"width\":195,\"height\":46,\"caption\":\"Meydan TV\"},\"image\":{\"@id\":\"https:\\\/\\\/www.meydan.tv\\\/az\\\/#\\\/schema\\\/logo\\\/image\\\/\"}},{\"@type\":\"Person\",\"@id\":\"https:\\\/\\\/www.meydan.tv\\\/az\\\/#\\\/schema\\\/person\\\/10d11eccf6da3662cf5fdab9806ea91a\",\"name\":\"user-manager\"}]}<\/script>\n<!-- \/ Yoast SEO plugin. -->","yoast_head_json":{"title":"Sumqay\u0131t sakini: Ticar\u0259t obyektimi i\u015fl\u0259tm\u0259y\u0259 imkan vermirl\u0259r - MEYDAN.TV","robots":{"index":"index","follow":"follow","max-snippet":"max-snippet:-1","max-image-preview":"max-image-preview:large","max-video-preview":"max-video-preview:-1"},"canonical":"https:\/\/www.meydan.tv\/az\/article\/sumqayit-sakini-ticaret-obyektimi-isletmeye-imkan-vermirler\/","og_locale":"az_AZ","og_type":"article","og_title":"Sumqay\u0131t sakini: Ticar\u0259t obyektimi i\u015fl\u0259tm\u0259y\u0259 imkan vermirl\u0259r - MEYDAN.TV","og_description":"T\u0259s\u0259vv\u00fcr edin ki, \u015f\u0259h\u0259r m\u0259hk\u0259m\u0259sin\u0259 2018-ci ilin iyununda 2017-ci ilin tarixi il\u0259 q\u0259rar\u0131n\u0131 g\u0259tirib el\u0259 t\u0259rtib etdil\u0259r ki, guya Nahid Pirverdiyevin icra v\u0259r\u0259q\u0259sind\u0259n \u0259vv\u0259l haz\u0131rlan\u0131b\u201d.","og_url":"https:\/\/www.meydan.tv\/az\/article\/sumqayit-sakini-ticaret-obyektimi-isletmeye-imkan-vermirler\/","og_site_name":"MEYDAN.TV","article_published_time":"2019-10-18T12:52:55+00:00","og_image":[{"width":1260,"height":713,"url":"https:\/\/www.meydan.tv\/wp-content\/uploads\/71915500_436811103617043_5282013968179658752_n.jpg","type":"image\/jpeg"}],"author":"user-manager","twitter_card":"summary_large_image","schema":{"@context":"https:\/\/schema.org","@graph":[{"@type":"Article","@id":"https:\/\/www.meydan.tv\/az\/article\/sumqayit-sakini-ticaret-obyektimi-isletmeye-imkan-vermirler\/#article","isPartOf":{"@id":"https:\/\/www.meydan.tv\/az\/article\/sumqayit-sakini-ticaret-obyektimi-isletmeye-imkan-vermirler\/"},"author":{"name":"user-manager","@id":"https:\/\/www.meydan.tv\/az\/#\/schema\/person\/10d11eccf6da3662cf5fdab9806ea91a"},"headline":"Sumqay\u0131t sakini: Ticar\u0259t obyektimi i\u015fl\u0259tm\u0259y\u0259 imkan vermirl\u0259r","datePublished":"2019-10-18T12:52:55+00:00","mainEntityOfPage":{"@id":"https:\/\/www.meydan.tv\/az\/article\/sumqayit-sakini-ticaret-obyektimi-isletmeye-imkan-vermirler\/"},"wordCount":1140,"publisher":{"@id":"https:\/\/www.meydan.tv\/az\/#organization"},"image":{"@id":"https:\/\/www.meydan.tv\/az\/article\/sumqayit-sakini-ticaret-obyektimi-isletmeye-imkan-vermirler\/#primaryimage"},"thumbnailUrl":"https:\/\/www.meydan.tv\/wp-content\/uploads\/71915500_436811103617043_5282013968179658752_n.jpg","articleSection":["B\u00f6lg\u0259"],"inLanguage":"az"},{"@type":"WebPage","@id":"https:\/\/www.meydan.tv\/az\/article\/sumqayit-sakini-ticaret-obyektimi-isletmeye-imkan-vermirler\/","url":"https:\/\/www.meydan.tv\/az\/article\/sumqayit-sakini-ticaret-obyektimi-isletmeye-imkan-vermirler\/","name":"Sumqay\u0131t sakini: Ticar\u0259t obyektimi i\u015fl\u0259tm\u0259y\u0259 imkan vermirl\u0259r - MEYDAN.TV","isPartOf":{"@id":"https:\/\/www.meydan.tv\/az\/#website"},"primaryImageOfPage":{"@id":"https:\/\/www.meydan.tv\/az\/article\/sumqayit-sakini-ticaret-obyektimi-isletmeye-imkan-vermirler\/#primaryimage"},"image":{"@id":"https:\/\/www.meydan.tv\/az\/article\/sumqayit-sakini-ticaret-obyektimi-isletmeye-imkan-vermirler\/#primaryimage"},"thumbnailUrl":"https:\/\/www.meydan.tv\/wp-content\/uploads\/71915500_436811103617043_5282013968179658752_n.jpg","datePublished":"2019-10-18T12:52:55+00:00","breadcrumb":{"@id":"https:\/\/www.meydan.tv\/az\/article\/sumqayit-sakini-ticaret-obyektimi-isletmeye-imkan-vermirler\/#breadcrumb"},"inLanguage":"az","potentialAction":[{"@type":"ReadAction","target":["https:\/\/www.meydan.tv\/az\/article\/sumqayit-sakini-ticaret-obyektimi-isletmeye-imkan-vermirler\/"]}]},{"@type":"ImageObject","inLanguage":"az","@id":"https:\/\/www.meydan.tv\/az\/article\/sumqayit-sakini-ticaret-obyektimi-isletmeye-imkan-vermirler\/#primaryimage","url":"https:\/\/www.meydan.tv\/wp-content\/uploads\/71915500_436811103617043_5282013968179658752_n.jpg","contentUrl":"https:\/\/www.meydan.tv\/wp-content\/uploads\/71915500_436811103617043_5282013968179658752_n.jpg","width":1260,"height":713,"caption":"Source: Specify Source"},{"@type":"BreadcrumbList","@id":"https:\/\/www.meydan.tv\/az\/article\/sumqayit-sakini-ticaret-obyektimi-isletmeye-imkan-vermirler\/#breadcrumb","itemListElement":[{"@type":"ListItem","position":1,"name":"Ana s\u0259hif\u0259","item":"https:\/\/www.meydan.tv\/az\/"},{"@type":"ListItem","position":2,"name":"B\u00f6lg\u0259","item":"https:\/\/www.meydan.tv\/az\/section\/bolge\/"},{"@type":"ListItem","position":3,"name":"Sumqay\u0131t sakini: Ticar\u0259t obyektimi i\u015fl\u0259tm\u0259y\u0259 imkan vermirl\u0259r"}]},{"@type":"WebSite","@id":"https:\/\/www.meydan.tv\/az\/#website","url":"https:\/\/www.meydan.tv\/az\/","name":"MEYDAN.TV","description":"Meydan TV Az\u0259rbaycan\u0131n media m\u0259kan\u0131ndak\u0131 alternativ s\u0259sidir","publisher":{"@id":"https:\/\/www.meydan.tv\/az\/#organization"},"potentialAction":[{"@type":"SearchAction","target":{"@type":"EntryPoint","urlTemplate":"https:\/\/www.meydan.tv\/az\/?s={search_term_string}"},"query-input":{"@type":"PropertyValueSpecification","valueRequired":true,"valueName":"search_term_string"}}],"inLanguage":"az"},{"@type":"Organization","@id":"https:\/\/www.meydan.tv\/az\/#organization","name":"Meydan TV","url":"https:\/\/www.meydan.tv\/az\/","logo":{"@type":"ImageObject","inLanguage":"az","@id":"https:\/\/www.meydan.tv\/az\/#\/schema\/logo\/image\/","url":"https:\/\/www.meydan.tv\/wp-content\/uploads\/2021\/07\/meydan-logo.svg","contentUrl":"https:\/\/www.meydan.tv\/wp-content\/uploads\/2021\/07\/meydan-logo.svg","width":195,"height":46,"caption":"Meydan TV"},"image":{"@id":"https:\/\/www.meydan.tv\/az\/#\/schema\/logo\/image\/"}},{"@type":"Person","@id":"https:\/\/www.meydan.tv\/az\/#\/schema\/person\/10d11eccf6da3662cf5fdab9806ea91a","name":"user-manager"}]}},"_links":{"self":[{"href":"https:\/\/www.meydan.tv\/az\/wp-json\/wp\/v2\/posts\/197509","targetHints":{"allow":["GET"]}}],"collection":[{"href":"https:\/\/www.meydan.tv\/az\/wp-json\/wp\/v2\/posts"}],"about":[{"href":"https:\/\/www.meydan.tv\/az\/wp-json\/wp\/v2\/types\/post"}],"author":[{"embeddable":true,"href":"https:\/\/www.meydan.tv\/az\/wp-json\/wp\/v2\/users\/11"}],"replies":[{"embeddable":true,"href":"https:\/\/www.meydan.tv\/az\/wp-json\/wp\/v2\/comments?post=197509"}],"version-history":[{"count":0,"href":"https:\/\/www.meydan.tv\/az\/wp-json\/wp\/v2\/posts\/197509\/revisions"}],"wp:featuredmedia":[{"embeddable":true,"href":"https:\/\/www.meydan.tv\/az\/wp-json\/wp\/v2\/media\/131381"}],"wp:attachment":[{"href":"https:\/\/www.meydan.tv\/az\/wp-json\/wp\/v2\/media?parent=197509"}],"wp:term":[{"taxonomy":"category","embeddable":true,"href":"https:\/\/www.meydan.tv\/az\/wp-json\/wp\/v2\/categories?post=197509"},{"taxonomy":"post_tag","embeddable":true,"href":"https:\/\/www.meydan.tv\/az\/wp-json\/wp\/v2\/tags?post=197509"}],"curies":[{"name":"wp","href":"https:\/\/api.w.org\/{rel}","templated":true}]}}