{"id":197502,"date":"2019-10-17T19:00:26","date_gmt":"2019-10-17T19:00:26","guid":{"rendered":"https:\/\/www.meydan.tv\/article\/trampin-erdogana-mektubu-cetin-adam-olmayin-ve-axmaq-olmayin\/"},"modified":"2019-10-17T19:00:26","modified_gmt":"2019-10-17T19:00:26","slug":"trampin-erdogana-mektubu-cetin-adam-olmayin-ve-axmaq-olmayin","status":"publish","type":"post","link":"https:\/\/www.meydan.tv\/az\/article\/trampin-erdogana-mektubu-cetin-adam-olmayin-ve-axmaq-olmayin\/","title":{"rendered":"Tramp\u0131n \u018frdo\u011fana m\u0259ktubu: \u00c7\u0259tin adam olmay\u0131n v\u0259 axmaq olmay\u0131n!"},"content":{"rendered":"<p>\n  Amerika Birl\u0259\u015fmi\u015f \u015etatlar\u0131n\u0131n vitze-prezidenti Mayk Pens c\u00fcm\u0259 ax\u015fam\u0131 T\u00fcrkiy\u0259 prezidenti R\u0259c\u0259p Tayyip \u018frdo\u011fanla g\u00f6r\u00fc\u015fm\u0259k v\u0259 onu Suriyan\u0131n \u015fimal-\u015f\u0259rqind\u0259 K\u00fcrd d\u00f6y\u00fc\u015f\u00e7\u00fcl\u0259rin\u0259 qar\u015f\u0131 sava\u015f\u0131 dayand\u0131rma\u011fa inand\u0131rmaq \u00fc\u00e7\u00fcn bu \u00f6lk\u0259d\u0259 s\u0259f\u0259rd\u0259dir.\n<\/p>\n<p>\n  \u201cReuters\u201d x\u0259b\u0259r verir ki, T\u00fcrkiy\u0259 r\u0259smil\u0259ri ziyar\u0259t\u0259 baxmayaraq Suriya \u0259m\u0259liyyatlar\u0131n\u0131n dayand\u0131r\u0131lmayaca\u011f\u0131n\u0131 qeyd edibl\u0259r.\n<\/p>\n<p>\n  AB\u015e q\u00fcvv\u0259l\u0259rinin prezident Donald Tramp\u0131n g\u00f6st\u0259ri\u015fi il\u0259 Suriyan\u0131n \u015fimal\u0131ndan \u00e7\u0131xar\u0131lmas\u0131ndan sonra ba\u015flam\u0131\u015f t\u00fcrk h\u00fccumu b\u00f6lg\u0259d\u0259 humanitar b\u00f6hrana s\u0259b\u0259b olub. Tan\u0131nmam\u0131\u015f \u0130slam D\u00f6vl\u0259ti (\u0130\u015e\u0130D) yaraql\u0131lar\u0131n\u0131n k\u00fcrd h\u0259bsxanalar\u0131ndan qa\u00e7mas\u0131 x\u0259b\u0259ri v\u0259 davam ed\u0259n d\u00f6y\u00fc\u015fl\u0259r n\u0259tic\u0259sind\u0259 200,000-\u0259 yax\u0131n insan evini t\u0259rk edib.\n<\/p>\n<p>\n  Tramp k\u00fcrd d\u00f6y\u00fc\u015f\u00e7\u00fcl\u0259rini t\u0259rk etm\u0259kd\u0259 ittiham olunur. K\u00fcrdl\u0259r \u0130slam D\u00f6vl\u0259tini m\u0259\u011flub etm\u0259kd\u0259 Va\u015finqtonun \u0259sas t\u0259r\u0259fda\u015f\u0131 olub.\n<\/p>\n<p>\n  Tramp \u00e7\u0259r\u015f\u0259nb\u0259 g\u00fcn\u00fc add\u0131mlar\u0131n\u0131 strateji bax\u0131mdan parlaq adland\u0131r\u0131b v\u0259 deyib ki, o, Pens v\u0259 \u018frdo\u011fan\u0131n u\u011furlu g\u00f6r\u00fc\u015f ke\u00e7ir\u0259c\u0259yini d\u00fc\u015f\u00fcn\u00fcr. Tramp eyni zamanda sanksiyalar\u0131n v\u0259 t\u0259tbiq edil\u0259c\u0259k tarifl\u0259rin T\u00fcrkiy\u0259nin iqtisadiyyat\u0131na da\u011f\u0131d\u0131c\u0131 t\u0259sir g\u00f6st\u0259r\u0259c\u0259yi il\u0259 ba\u011fl\u0131 x\u0259b\u0259rdarl\u0131q edib.\n<\/p>\n<p>\n  A\u011f Ev oktyabr ay\u0131n\u0131n 9-da Tramp\u0131n \u018frdo\u011fana g\u00f6nd\u0259rdiyi m\u0259ktubu yay\u0131mlay\u0131b: \u201c\u00c7\u0259tin adam olmay\u0131n v\u0259 axmaq olmay\u0131n!\u201d CNN T\u00fcrk qeyd edir ki, T\u00fcrkiy\u0259 Tramp\u0131n raz\u0131la\u015fma \u0259ld\u0259 etm\u0259k t\u0259klifini r\u0259dd edib v\u0259 m\u0259ktub zibil qutusuna at\u0131l\u0131b.\n<\/p>\n<p>\n  T\u00fcrk r\u0259smisinin \u201cReuters\u201d-\u0259 verdiyi m\u0259lumatda bildirilir: \u201cTramp\u0131n g\u00f6nd\u0259rdiyi m\u0259ktub T\u00fcrkiy\u0259d\u0259 g\u00f6zl\u0259nil\u0259n t\u0259siri g\u00f6st\u0259rm\u0259yib, \u00e7\u00fcnk\u00fc m\u0259ktubda ciddiy\u0259 al\u0131nacaq bir \u015fey yox idi\u201d.\n<\/p>\n<p>\n  \u201cB\u0259lli olan budur ki, T\u00fcrkiy\u0259 s\u0259rh\u0259dind\u0259 terror t\u0259\u015fkilat ist\u0259mir v\u0259 g\u0259l\u0259n reaksiya s\u0259b\u0259biyl\u0259 \u0259m\u0259liyyat dayand\u0131r\u0131lmayacaq\u201d, &#8211; m\u0259lumatda deyilir.\n<\/p>\n<p>\n  Pens v\u0259 d\u00f6vl\u0259t katibi Mayk Pompeo (Mike Pompeo) \u018frdo\u011fanla g\u00f6r\u00fc\u015f ba\u015flamazdan \u0259vv\u0259l jurnalistl\u0259r\u0259 dan\u0131\u015fmay\u0131b, ancaq d\u00f6vl\u0259t r\u0259smisi qeyd edib ki, onlar \u018frdo\u011fana AB\u015e-\u0131n indiy\u0259 q\u0259d\u0259r s\u0259sl\u0259ndirdiyi t\u0259l\u0259bl\u0259ri \u00e7atd\u0131racaq: \u201cLakin bir terror t\u0259\u015fkilat\u0131 il\u0259 dan\u0131\u015f\u0131qlara getm\u0259k v\u0259 ya davam ed\u0259n \u0259m\u0259liyyatdan geri d\u00f6nm\u0259k g\u00fcnd\u0259md\u0259 deyil\u201d.\n<\/p>\n<p>\n  Bazar ert\u0259si g\u00fcn\u00fc A\u011f Evin iqtisadi m\u0259sl\u0259h\u0259t\u00e7isi Lari Kudlov (Larry Kudlow) CNBC-y\u0259 a\u00e7\u0131qlamas\u0131nda deyib ki, AB\u015e T\u00fcrkiy\u0259ni laz\u0131mi v\u0259ziyy\u0259td\u0259 saxlamaq \u00fc\u00e7\u00fcn \u0259lav\u0259 sanksiyalar t\u0259tbiq etm\u0259y\u0259 haz\u0131rd\u0131r.\n<\/p>\n<p>\n  \u018frdo\u011fan\u0131n k\u00f6m\u0259k\u00e7isi \u0130brahim Kal\u0131n is\u0259 bildirib ki, T\u00fcrkiy\u0259nin Xarici \u0130\u015fl\u0259r Nazirliyi NATO m\u00fctt\u0259fiqi t\u0259r\u0259find\u0259n t\u0259tbiq olunacaq sanksiyalara qar\u015f\u0131l\u0131q verm\u0259y\u0259 haz\u0131rla\u015f\u0131r.\n<\/p>\n<p>\n  \u018frdo\u011fan sanksiyalar\u0131 v\u0259 T\u00fcrkiy\u0259nin h\u00fccumu dayand\u0131rmas\u0131 \u00fc\u00e7\u00fcn qlobal \u00e7a\u011f\u0131r\u0131\u015flar\u0131 r\u0259dd edib. T\u00fcrkiy\u0259 deyir ki, Suriyan\u0131n 32 kilometrlik \u015fimal \u015f\u0259rqin\u0259 do\u011fru \u201ct\u0259hl\u00fck\u0259siz b\u00f6lg\u0259\u201d yaradacaq v\u0259 bu \u0259raziy\u0259 milyonlarla suriyal\u0131 qa\u00e7q\u0131nlar\u0131n yerl\u0259\u015fdirilm\u0259sini t\u0259min ed\u0259c\u0259k. Bununla yana\u015f\u0131, Ankara \u0259razini k\u00fcrd militanlar\u0131ndan t\u0259mizl\u0259m\u0259yi d\u00fc\u015f\u00fcn\u00fcr.\n<\/p>\n<p>\n  T\u00fcrkiy\u0259 prezidentinin s\u00f6zl\u0259rin\u0259 g\u00f6r\u0259, k\u00fcrd q\u00fcvv\u0259l\u0259ri \u201ct\u0259hl\u00fck\u0259siz b\u00f6lg\u0259d\u0259n\u201d \u00e7\u0131xar\u0131lana v\u0259 h\u0259d\u0259fin\u0259 \u00e7atana q\u0259d\u0259r T\u00fcrkiy\u0259 \u0259m\u0259liyyatlar\u0131 davam etdir\u0259c\u0259k.\n<\/p>\n<p>\n  Tramp AB\u015e silahl\u0131 q\u00fcvv\u0259l\u0259rinin Suriyadan \u00e7\u0131xar\u0131lmas\u0131n\u0131 m\u00fcdafi\u0259 ed\u0259r\u0259k qeyd edir ki, onun m\u0259qs\u0259di AB\u015e \u0259sg\u0259rl\u0259rini \u201csonsuz olan m\u00fcharib\u0259d\u0259n\u201d \u00f6lk\u0259y\u0259 geri g\u0259tirm\u0259k olub. Onun bu add\u0131m\u0131 respublika\u00e7\u0131lar t\u0259r\u0259find\u0259n ciddi t\u0259nqid edilib.\n<\/p>\n<p>\n  T\u00fcrkiy\u0259nin ba\u015flatd\u0131\u011f\u0131 \u0259m\u0259liyyat Suriya prezidenti B\u0259\u015f\u0259r \u018fs\u0259d\u0259 Rusiyad\u0259st\u0259kli q\u00fcvv\u0259l\u0259rin s\u0259kkiz ild\u0259n \u00e7ox davam ed\u0259n Suriya m\u00fcharib\u0259si zaman\u0131 n\u0259zar\u0259tind\u0259n \u00e7\u0131xm\u0131\u015f \u0259razil\u0259ri yenid\u0259n \u0259l\u0259 ke\u00e7irm\u0259k \u00fc\u00e7\u00fcn b\u00f6lg\u0259y\u0259 g\u00f6nd\u0259rm\u0259sin\u0259 imkan verib.\n<\/p>\n<p>\n  T\u00fcrkiy\u0259 h\u00fccumu h\u0259m\u00e7inin K\u00fcrd YPG-nin \u0259sas t\u0259rkib hiss\u0259si olan Suriya Demokratik Q\u00fcvv\u0259l\u0259rinin (SDF) D\u0259m\u0259\u015fql\u0259 s\u00f6vd\u0259l\u0259\u015fm\u0259sin\u0259 s\u0259b\u0259b olub.<\/p>\n","protected":false},"excerpt":{"rendered":"<p>AB\u015e-\u0131n vitse-prezidenti \u018frdo\u011fanla g\u00f6r\u00fc\u015f\u00fcb<\/p>\n","protected":false},"author":11,"featured_media":131552,"comment_status":"closed","ping_status":"open","sticky":false,"template":"","format":"standard","meta":{"_acf_changed":false,"_sitemap_exclude":false,"_sitemap_priority":"","_sitemap_frequency":"","footnotes":""},"categories":[64],"tags":[],"class_list":["post-197502","post","type-post","status-publish","format-standard","has-post-thumbnail","hentry","category-dunya","infinite-scroll-item","generate-columns","tablet-grid-50","mobile-grid-100","grid-parent","grid-33","no-featured-image-padding"],"acf":[],"yoast_head":"<!-- This site is optimized with the Yoast SEO plugin v27.5 - https:\/\/yoast.com\/product\/yoast-seo-wordpress\/ -->\n<title>Tramp\u0131n \u018frdo\u011fana m\u0259ktubu: \u00c7\u0259tin adam olmay\u0131n v\u0259 axmaq olmay\u0131n! - MEYDAN.TV<\/title>\n<meta name=\"robots\" content=\"index, follow, max-snippet:-1, max-image-preview:large, max-video-preview:-1\" \/>\n<link rel=\"canonical\" href=\"https:\/\/www.meydan.tv\/az\/article\/trampin-erdogana-mektubu-cetin-adam-olmayin-ve-axmaq-olmayin\/\" \/>\n<meta property=\"og:locale\" content=\"az_AZ\" \/>\n<meta property=\"og:type\" content=\"article\" \/>\n<meta property=\"og:title\" content=\"Tramp\u0131n \u018frdo\u011fana m\u0259ktubu: \u00c7\u0259tin adam olmay\u0131n v\u0259 axmaq olmay\u0131n! - MEYDAN.TV\" \/>\n<meta property=\"og:description\" content=\"AB\u015e-\u0131n vitse-prezidenti \u018frdo\u011fanla g\u00f6r\u00fc\u015f\u00fcb\" \/>\n<meta property=\"og:url\" content=\"https:\/\/www.meydan.tv\/az\/article\/trampin-erdogana-mektubu-cetin-adam-olmayin-ve-axmaq-olmayin\/\" \/>\n<meta property=\"og:site_name\" content=\"MEYDAN.TV\" \/>\n<meta property=\"article:published_time\" content=\"2019-10-17T19:00:26+00:00\" \/>\n<meta property=\"og:image\" content=\"https:\/\/www.meydan.tv\/wp-content\/uploads\/2019-10-17t145140z_158389844_rc19dba7a600_rtrmadp_3_syria-security-turkey--scaled.jpg\" \/>\n\t<meta property=\"og:image:width\" content=\"2560\" \/>\n\t<meta property=\"og:image:height\" content=\"1771\" \/>\n\t<meta property=\"og:image:type\" content=\"image\/jpeg\" \/>\n<meta name=\"author\" content=\"user-manager\" \/>\n<meta name=\"twitter:card\" content=\"summary_large_image\" \/>\n<script type=\"application\/ld+json\" class=\"yoast-schema-graph\">{\"@context\":\"https:\\\/\\\/schema.org\",\"@graph\":[{\"@type\":\"Article\",\"@id\":\"https:\\\/\\\/www.meydan.tv\\\/az\\\/article\\\/trampin-erdogana-mektubu-cetin-adam-olmayin-ve-axmaq-olmayin\\\/#article\",\"isPartOf\":{\"@id\":\"https:\\\/\\\/www.meydan.tv\\\/az\\\/article\\\/trampin-erdogana-mektubu-cetin-adam-olmayin-ve-axmaq-olmayin\\\/\"},\"author\":{\"name\":\"user-manager\",\"@id\":\"https:\\\/\\\/www.meydan.tv\\\/az\\\/#\\\/schema\\\/person\\\/10d11eccf6da3662cf5fdab9806ea91a\"},\"headline\":\"Tramp\u0131n \u018frdo\u011fana m\u0259ktubu: \u00c7\u0259tin adam olmay\u0131n v\u0259 axmaq olmay\u0131n!\",\"datePublished\":\"2019-10-17T19:00:26+00:00\",\"mainEntityOfPage\":{\"@id\":\"https:\\\/\\\/www.meydan.tv\\\/az\\\/article\\\/trampin-erdogana-mektubu-cetin-adam-olmayin-ve-axmaq-olmayin\\\/\"},\"wordCount\":814,\"publisher\":{\"@id\":\"https:\\\/\\\/www.meydan.tv\\\/az\\\/#organization\"},\"image\":{\"@id\":\"https:\\\/\\\/www.meydan.tv\\\/az\\\/article\\\/trampin-erdogana-mektubu-cetin-adam-olmayin-ve-axmaq-olmayin\\\/#primaryimage\"},\"thumbnailUrl\":\"https:\\\/\\\/www.meydan.tv\\\/wp-content\\\/uploads\\\/2019-10-17t145140z_158389844_rc19dba7a600_rtrmadp_3_syria-security-turkey--scaled.jpg\",\"articleSection\":[\"D\u00fcnya\"],\"inLanguage\":\"az\"},{\"@type\":\"WebPage\",\"@id\":\"https:\\\/\\\/www.meydan.tv\\\/az\\\/article\\\/trampin-erdogana-mektubu-cetin-adam-olmayin-ve-axmaq-olmayin\\\/\",\"url\":\"https:\\\/\\\/www.meydan.tv\\\/az\\\/article\\\/trampin-erdogana-mektubu-cetin-adam-olmayin-ve-axmaq-olmayin\\\/\",\"name\":\"Tramp\u0131n \u018frdo\u011fana m\u0259ktubu: \u00c7\u0259tin adam olmay\u0131n v\u0259 axmaq olmay\u0131n! - MEYDAN.TV\",\"isPartOf\":{\"@id\":\"https:\\\/\\\/www.meydan.tv\\\/az\\\/#website\"},\"primaryImageOfPage\":{\"@id\":\"https:\\\/\\\/www.meydan.tv\\\/az\\\/article\\\/trampin-erdogana-mektubu-cetin-adam-olmayin-ve-axmaq-olmayin\\\/#primaryimage\"},\"image\":{\"@id\":\"https:\\\/\\\/www.meydan.tv\\\/az\\\/article\\\/trampin-erdogana-mektubu-cetin-adam-olmayin-ve-axmaq-olmayin\\\/#primaryimage\"},\"thumbnailUrl\":\"https:\\\/\\\/www.meydan.tv\\\/wp-content\\\/uploads\\\/2019-10-17t145140z_158389844_rc19dba7a600_rtrmadp_3_syria-security-turkey--scaled.jpg\",\"datePublished\":\"2019-10-17T19:00:26+00:00\",\"breadcrumb\":{\"@id\":\"https:\\\/\\\/www.meydan.tv\\\/az\\\/article\\\/trampin-erdogana-mektubu-cetin-adam-olmayin-ve-axmaq-olmayin\\\/#breadcrumb\"},\"inLanguage\":\"az\",\"potentialAction\":[{\"@type\":\"ReadAction\",\"target\":[\"https:\\\/\\\/www.meydan.tv\\\/az\\\/article\\\/trampin-erdogana-mektubu-cetin-adam-olmayin-ve-axmaq-olmayin\\\/\"]}]},{\"@type\":\"ImageObject\",\"inLanguage\":\"az\",\"@id\":\"https:\\\/\\\/www.meydan.tv\\\/az\\\/article\\\/trampin-erdogana-mektubu-cetin-adam-olmayin-ve-axmaq-olmayin\\\/#primaryimage\",\"url\":\"https:\\\/\\\/www.meydan.tv\\\/wp-content\\\/uploads\\\/2019-10-17t145140z_158389844_rc19dba7a600_rtrmadp_3_syria-security-turkey--scaled.jpg\",\"contentUrl\":\"https:\\\/\\\/www.meydan.tv\\\/wp-content\\\/uploads\\\/2019-10-17t145140z_158389844_rc19dba7a600_rtrmadp_3_syria-security-turkey--scaled.jpg\",\"width\":2560,\"height\":1771,\"caption\":\"Source: Reuters\"},{\"@type\":\"BreadcrumbList\",\"@id\":\"https:\\\/\\\/www.meydan.tv\\\/az\\\/article\\\/trampin-erdogana-mektubu-cetin-adam-olmayin-ve-axmaq-olmayin\\\/#breadcrumb\",\"itemListElement\":[{\"@type\":\"ListItem\",\"position\":1,\"name\":\"Ana s\u0259hif\u0259\",\"item\":\"https:\\\/\\\/www.meydan.tv\\\/az\\\/\"},{\"@type\":\"ListItem\",\"position\":2,\"name\":\"D\u00fcnya\",\"item\":\"https:\\\/\\\/www.meydan.tv\\\/az\\\/section\\\/dunya\\\/\"},{\"@type\":\"ListItem\",\"position\":3,\"name\":\"Tramp\u0131n \u018frdo\u011fana m\u0259ktubu: \u00c7\u0259tin adam olmay\u0131n v\u0259 axmaq olmay\u0131n!\"}]},{\"@type\":\"WebSite\",\"@id\":\"https:\\\/\\\/www.meydan.tv\\\/az\\\/#website\",\"url\":\"https:\\\/\\\/www.meydan.tv\\\/az\\\/\",\"name\":\"MEYDAN.TV\",\"description\":\"Meydan TV Az\u0259rbaycan\u0131n media m\u0259kan\u0131ndak\u0131 alternativ s\u0259sidir\",\"publisher\":{\"@id\":\"https:\\\/\\\/www.meydan.tv\\\/az\\\/#organization\"},\"potentialAction\":[{\"@type\":\"SearchAction\",\"target\":{\"@type\":\"EntryPoint\",\"urlTemplate\":\"https:\\\/\\\/www.meydan.tv\\\/az\\\/?s={search_term_string}\"},\"query-input\":{\"@type\":\"PropertyValueSpecification\",\"valueRequired\":true,\"valueName\":\"search_term_string\"}}],\"inLanguage\":\"az\"},{\"@type\":\"Organization\",\"@id\":\"https:\\\/\\\/www.meydan.tv\\\/az\\\/#organization\",\"name\":\"Meydan TV\",\"url\":\"https:\\\/\\\/www.meydan.tv\\\/az\\\/\",\"logo\":{\"@type\":\"ImageObject\",\"inLanguage\":\"az\",\"@id\":\"https:\\\/\\\/www.meydan.tv\\\/az\\\/#\\\/schema\\\/logo\\\/image\\\/\",\"url\":\"https:\\\/\\\/www.meydan.tv\\\/wp-content\\\/uploads\\\/2021\\\/07\\\/meydan-logo.svg\",\"contentUrl\":\"https:\\\/\\\/www.meydan.tv\\\/wp-content\\\/uploads\\\/2021\\\/07\\\/meydan-logo.svg\",\"width\":195,\"height\":46,\"caption\":\"Meydan TV\"},\"image\":{\"@id\":\"https:\\\/\\\/www.meydan.tv\\\/az\\\/#\\\/schema\\\/logo\\\/image\\\/\"}},{\"@type\":\"Person\",\"@id\":\"https:\\\/\\\/www.meydan.tv\\\/az\\\/#\\\/schema\\\/person\\\/10d11eccf6da3662cf5fdab9806ea91a\",\"name\":\"user-manager\"}]}<\/script>\n<!-- \/ Yoast SEO plugin. -->","yoast_head_json":{"title":"Tramp\u0131n \u018frdo\u011fana m\u0259ktubu: \u00c7\u0259tin adam olmay\u0131n v\u0259 axmaq olmay\u0131n! - MEYDAN.TV","robots":{"index":"index","follow":"follow","max-snippet":"max-snippet:-1","max-image-preview":"max-image-preview:large","max-video-preview":"max-video-preview:-1"},"canonical":"https:\/\/www.meydan.tv\/az\/article\/trampin-erdogana-mektubu-cetin-adam-olmayin-ve-axmaq-olmayin\/","og_locale":"az_AZ","og_type":"article","og_title":"Tramp\u0131n \u018frdo\u011fana m\u0259ktubu: \u00c7\u0259tin adam olmay\u0131n v\u0259 axmaq olmay\u0131n! - MEYDAN.TV","og_description":"AB\u015e-\u0131n vitse-prezidenti \u018frdo\u011fanla g\u00f6r\u00fc\u015f\u00fcb","og_url":"https:\/\/www.meydan.tv\/az\/article\/trampin-erdogana-mektubu-cetin-adam-olmayin-ve-axmaq-olmayin\/","og_site_name":"MEYDAN.TV","article_published_time":"2019-10-17T19:00:26+00:00","og_image":[{"width":2560,"height":1771,"url":"https:\/\/www.meydan.tv\/wp-content\/uploads\/2019-10-17t145140z_158389844_rc19dba7a600_rtrmadp_3_syria-security-turkey--scaled.jpg","type":"image\/jpeg"}],"author":"user-manager","twitter_card":"summary_large_image","schema":{"@context":"https:\/\/schema.org","@graph":[{"@type":"Article","@id":"https:\/\/www.meydan.tv\/az\/article\/trampin-erdogana-mektubu-cetin-adam-olmayin-ve-axmaq-olmayin\/#article","isPartOf":{"@id":"https:\/\/www.meydan.tv\/az\/article\/trampin-erdogana-mektubu-cetin-adam-olmayin-ve-axmaq-olmayin\/"},"author":{"name":"user-manager","@id":"https:\/\/www.meydan.tv\/az\/#\/schema\/person\/10d11eccf6da3662cf5fdab9806ea91a"},"headline":"Tramp\u0131n \u018frdo\u011fana m\u0259ktubu: \u00c7\u0259tin adam olmay\u0131n v\u0259 axmaq olmay\u0131n!","datePublished":"2019-10-17T19:00:26+00:00","mainEntityOfPage":{"@id":"https:\/\/www.meydan.tv\/az\/article\/trampin-erdogana-mektubu-cetin-adam-olmayin-ve-axmaq-olmayin\/"},"wordCount":814,"publisher":{"@id":"https:\/\/www.meydan.tv\/az\/#organization"},"image":{"@id":"https:\/\/www.meydan.tv\/az\/article\/trampin-erdogana-mektubu-cetin-adam-olmayin-ve-axmaq-olmayin\/#primaryimage"},"thumbnailUrl":"https:\/\/www.meydan.tv\/wp-content\/uploads\/2019-10-17t145140z_158389844_rc19dba7a600_rtrmadp_3_syria-security-turkey--scaled.jpg","articleSection":["D\u00fcnya"],"inLanguage":"az"},{"@type":"WebPage","@id":"https:\/\/www.meydan.tv\/az\/article\/trampin-erdogana-mektubu-cetin-adam-olmayin-ve-axmaq-olmayin\/","url":"https:\/\/www.meydan.tv\/az\/article\/trampin-erdogana-mektubu-cetin-adam-olmayin-ve-axmaq-olmayin\/","name":"Tramp\u0131n \u018frdo\u011fana m\u0259ktubu: \u00c7\u0259tin adam olmay\u0131n v\u0259 axmaq olmay\u0131n! - MEYDAN.TV","isPartOf":{"@id":"https:\/\/www.meydan.tv\/az\/#website"},"primaryImageOfPage":{"@id":"https:\/\/www.meydan.tv\/az\/article\/trampin-erdogana-mektubu-cetin-adam-olmayin-ve-axmaq-olmayin\/#primaryimage"},"image":{"@id":"https:\/\/www.meydan.tv\/az\/article\/trampin-erdogana-mektubu-cetin-adam-olmayin-ve-axmaq-olmayin\/#primaryimage"},"thumbnailUrl":"https:\/\/www.meydan.tv\/wp-content\/uploads\/2019-10-17t145140z_158389844_rc19dba7a600_rtrmadp_3_syria-security-turkey--scaled.jpg","datePublished":"2019-10-17T19:00:26+00:00","breadcrumb":{"@id":"https:\/\/www.meydan.tv\/az\/article\/trampin-erdogana-mektubu-cetin-adam-olmayin-ve-axmaq-olmayin\/#breadcrumb"},"inLanguage":"az","potentialAction":[{"@type":"ReadAction","target":["https:\/\/www.meydan.tv\/az\/article\/trampin-erdogana-mektubu-cetin-adam-olmayin-ve-axmaq-olmayin\/"]}]},{"@type":"ImageObject","inLanguage":"az","@id":"https:\/\/www.meydan.tv\/az\/article\/trampin-erdogana-mektubu-cetin-adam-olmayin-ve-axmaq-olmayin\/#primaryimage","url":"https:\/\/www.meydan.tv\/wp-content\/uploads\/2019-10-17t145140z_158389844_rc19dba7a600_rtrmadp_3_syria-security-turkey--scaled.jpg","contentUrl":"https:\/\/www.meydan.tv\/wp-content\/uploads\/2019-10-17t145140z_158389844_rc19dba7a600_rtrmadp_3_syria-security-turkey--scaled.jpg","width":2560,"height":1771,"caption":"Source: Reuters"},{"@type":"BreadcrumbList","@id":"https:\/\/www.meydan.tv\/az\/article\/trampin-erdogana-mektubu-cetin-adam-olmayin-ve-axmaq-olmayin\/#breadcrumb","itemListElement":[{"@type":"ListItem","position":1,"name":"Ana s\u0259hif\u0259","item":"https:\/\/www.meydan.tv\/az\/"},{"@type":"ListItem","position":2,"name":"D\u00fcnya","item":"https:\/\/www.meydan.tv\/az\/section\/dunya\/"},{"@type":"ListItem","position":3,"name":"Tramp\u0131n \u018frdo\u011fana m\u0259ktubu: \u00c7\u0259tin adam olmay\u0131n v\u0259 axmaq olmay\u0131n!"}]},{"@type":"WebSite","@id":"https:\/\/www.meydan.tv\/az\/#website","url":"https:\/\/www.meydan.tv\/az\/","name":"MEYDAN.TV","description":"Meydan TV Az\u0259rbaycan\u0131n media m\u0259kan\u0131ndak\u0131 alternativ s\u0259sidir","publisher":{"@id":"https:\/\/www.meydan.tv\/az\/#organization"},"potentialAction":[{"@type":"SearchAction","target":{"@type":"EntryPoint","urlTemplate":"https:\/\/www.meydan.tv\/az\/?s={search_term_string}"},"query-input":{"@type":"PropertyValueSpecification","valueRequired":true,"valueName":"search_term_string"}}],"inLanguage":"az"},{"@type":"Organization","@id":"https:\/\/www.meydan.tv\/az\/#organization","name":"Meydan TV","url":"https:\/\/www.meydan.tv\/az\/","logo":{"@type":"ImageObject","inLanguage":"az","@id":"https:\/\/www.meydan.tv\/az\/#\/schema\/logo\/image\/","url":"https:\/\/www.meydan.tv\/wp-content\/uploads\/2021\/07\/meydan-logo.svg","contentUrl":"https:\/\/www.meydan.tv\/wp-content\/uploads\/2021\/07\/meydan-logo.svg","width":195,"height":46,"caption":"Meydan TV"},"image":{"@id":"https:\/\/www.meydan.tv\/az\/#\/schema\/logo\/image\/"}},{"@type":"Person","@id":"https:\/\/www.meydan.tv\/az\/#\/schema\/person\/10d11eccf6da3662cf5fdab9806ea91a","name":"user-manager"}]}},"_links":{"self":[{"href":"https:\/\/www.meydan.tv\/az\/wp-json\/wp\/v2\/posts\/197502","targetHints":{"allow":["GET"]}}],"collection":[{"href":"https:\/\/www.meydan.tv\/az\/wp-json\/wp\/v2\/posts"}],"about":[{"href":"https:\/\/www.meydan.tv\/az\/wp-json\/wp\/v2\/types\/post"}],"author":[{"embeddable":true,"href":"https:\/\/www.meydan.tv\/az\/wp-json\/wp\/v2\/users\/11"}],"replies":[{"embeddable":true,"href":"https:\/\/www.meydan.tv\/az\/wp-json\/wp\/v2\/comments?post=197502"}],"version-history":[{"count":0,"href":"https:\/\/www.meydan.tv\/az\/wp-json\/wp\/v2\/posts\/197502\/revisions"}],"wp:featuredmedia":[{"embeddable":true,"href":"https:\/\/www.meydan.tv\/az\/wp-json\/wp\/v2\/media\/131552"}],"wp:attachment":[{"href":"https:\/\/www.meydan.tv\/az\/wp-json\/wp\/v2\/media?parent=197502"}],"wp:term":[{"taxonomy":"category","embeddable":true,"href":"https:\/\/www.meydan.tv\/az\/wp-json\/wp\/v2\/categories?post=197502"},{"taxonomy":"post_tag","embeddable":true,"href":"https:\/\/www.meydan.tv\/az\/wp-json\/wp\/v2\/tags?post=197502"}],"curies":[{"name":"wp","href":"https:\/\/api.w.org\/{rel}","templated":true}]}}