{"id":197492,"date":"2019-10-17T13:46:51","date_gmt":"2019-10-17T13:46:51","guid":{"rendered":"https:\/\/www.meydan.tv\/article\/bir-yolun-yolculari\/"},"modified":"2019-10-17T13:46:51","modified_gmt":"2019-10-17T13:46:51","slug":"bir-yolun-yolculari","status":"publish","type":"post","link":"https:\/\/www.meydan.tv\/az\/article\/bir-yolun-yolculari\/","title":{"rendered":"Bir yolun yol\u00e7ular\u0131"},"content":{"rendered":"<p>\n  Oktyabr\u0131n 15-d\u0259 prezident \u0130lham \u018fliyevin yan\u0131nda iqtisadi m\u00fc\u015favir\u0259 ke\u00e7irilib. 15 oktyabr h\u0259m d\u0259 tarixd\u0259 2003-c\u00fc ild\u0259 \u0130lham \u018fliyevin prezident se\u00e7ildiyi v\u0259 se\u00e7kinin n\u0259tic\u0259l\u0259rin\u0259 Azadl\u0131q meydan\u0131nda etiraz ed\u0259nl\u0259r\u0259 divan tutuldu\u011fu g\u00fcn kimi qal\u0131b. Oktyabr\u0131n 15-i Bak\u0131da h\u0259m d\u0259 T\u00fcrkdilli D\u00f6vl\u0259tl\u0259rin \u018fm\u0259kda\u015fl\u0131q \u015euras\u0131n\u0131n VII Zirv\u0259 G\u00f6r\u00fc\u015f\u00fc ke\u00e7irilib. 15 oktyabr t\u0259dbirl\u0259r bax\u0131m\u0131ndan z\u0259ngin g\u00fcn olub. Y\u0259ni d\u00f6vl\u0259t r\u0259smil\u0259rinin ba\u015fl\u0131ca i\u015fi iclaslar, t\u00fcrk d\u00f6vl\u0259tl\u0259rind\u0259n g\u0259l\u0259nl\u0259rin qay\u011f\u0131s\u0131na qalmaq, ziyaf\u0259t, konsert proqram\u0131, qonaqlar\u0131n yola sal\u0131nmas\u0131 v\u0259 s. olub.\n<\/p>\n<figure class=\"wp-block-image size-large\">\n  <img decoding=\"async\" src=\"https:\/\/www.meydan.tv\/az\/72548349_2491024204324403_7044362740491616256_n-jpg\/\" alt=\"72548349_2491024204324403_7044362740491616256_n.jpg\" class=\"wp-image-131531\"\/><figcaption>\n    Prezidentin m\u00fc\u015favir\u0259si<br \/>\n  <\/figcaption><\/figure>\n<p>\n  Maraql\u0131d\u0131r ki, t\u0259dbirl\u0259rl\u0259 z\u0259ngin olan bel\u0259 bir g\u00fcnd\u0259 \u0130lham \u018fliyev 2019-cu ilin 9 ay\u0131n\u0131n sosial-iqtisadi yekunlar\u0131 il\u0259 ba\u011fl\u0131 m\u00fc\u015favir\u0259 ke\u00e7irm\u0259y\u0259 d\u0259 macal tap\u0131b. T\u0259dbird\u0259n \u00e7ox x\u0259sis informasiya verilib, ist\u0259r \u201cpresident.az\u201d, ist\u0259rs\u0259 d\u0259 \u201cazertag.az\u201d sayt\u0131nda bu m\u00fc\u015favir\u0259 il\u0259 ba\u011fl\u0131 \u00e7ox y\u0131\u011fcam x\u0259b\u0259rl\u0259 yet\u0259rl\u0259nibl\u0259r. Oktyabr\u0131n 16-da AzTV s\u0259h\u0259r saat 10 v\u0259 12 burax\u0131l\u0131\u015flar\u0131nda m\u00fc\u015favir\u0259 il\u0259 ba\u011fl\u0131 he\u00e7 bir x\u0259b\u0259r verm\u0259yib. Yaln\u0131z oktyabr\u0131n 16-da telekanallar ax\u015fam x\u0259b\u0259rl\u0259rind\u0259 m\u00fc\u015favir\u0259 il\u0259 ba\u011fl\u0131 informasiya yay\u0131b. Az\u0259rTAc geni\u015f informasiyan\u0131 sayt\u0131na oktyabr\u0131n 16-da saat 21.00-da yerl\u0259\u015fdirib.\n<\/p>\n<p>\n  <b><br \/>\n    <i><br \/>\n      \u201cM\u00fc\u015favir\u0259d\u0259 2019-cu ilin 9 ay\u0131n\u0131n sosial-iqtisadi yekunlar\u0131 v\u0259 2020-ci ilin d\u00f6vl\u0259t v\u0259 icmal b\u00fcdc\u0259si layih\u0259l\u0259ri m\u00fczakir\u0259 edilib. Prezident \u0130lham \u018fliyev m\u00fc\u015favir\u0259d\u0259 \u00e7\u0131x\u0131\u015f edib.<br \/>\n    <\/i><br \/>\n  <\/b>\n<\/p>\n<p>\n  <b><br \/>\n    <i><br \/>\n      M\u00fczakir\u0259l\u0259rd\u0259 Birinci vitse-prezident Mehriban \u018fliyeva, Ba\u015f nazir \u018fli \u018fs\u0259dov, Az\u0259rbaycan Prezidentinin iqtisadi siyas\u0259t v\u0259 s\u0259naye m\u0259s\u0259l\u0259l\u0259ri \u00fczr\u0259 k\u00f6m\u0259k\u00e7isi Natiq \u018fmirov, Maliyy\u0259 naziri Samir \u015e\u0259rifov, \u0130qtisadiyyat naziri \u015eahin Mustafayev, Vergil\u0259r naziri Mikay\u0131l Cabbarov, \u018fm\u0259k v\u0259 \u018fhalinin Sosial M\u00fcdafi\u0259si naziri Sahil Babayev, M\u0259rk\u0259zi Bank\u0131n \u0130dar\u0259 Hey\u0259tinin s\u0259dri Elman R\u00fcst\u0259mov, D\u00f6vl\u0259t Neft Fondunun icra\u00e7\u0131 direktoru \u015eahmar M\u00f6vs\u00fcmov \u00e7\u0131x\u0131\u015f edibl\u0259r\u201d.<br \/>\n    <\/i><br \/>\n  <\/b>\n<\/p>\n<p>\n  Son m\u00fc\u015favir\u0259ni diqq\u0259t\u00e7\u0259k\u0259n ed\u0259n h\u0259m d\u0259 i\u015ftirak\u00e7\u0131lar\u0131n azl\u0131\u011f\u0131d\u0131r. Bu il\u0259 q\u0259d\u0259r ilin 6 v\u0259 9 ay\u0131n\u0131n yekunlar\u0131 il\u0259 ba\u011fl\u0131 ya Nazirl\u0259r Kabinetind\u0259, ya da prezident yan\u0131nda ke\u00e7iril\u0259n sosial-iqtisadi m\u00fc\u015favir\u0259l\u0259rin ham\u0131s\u0131nda h\u00f6kum\u0259t \u00fczvl\u0259ri, dem\u0259k olar, tam t\u0259rkibd\u0259 i\u015ftirak edib. 15 oktyabrda is\u0259 b\u00fct\u00fcn y\u0131\u011f\u0131ncaqlarda \u00f6n s\u0131rada oturan Ramiz Mehdiyev, Ramil Usubov, Zakir Qaralov, K\u0259mal\u0259ddin Heyd\u0259rov, El\u00e7in Quliyev, Fikr\u0259t M\u0259mm\u0259dov, Zakir H\u0259s\u0259nov, \u018fli \u018fhm\u0259dov&#8230; prezidentin k\u00f6m\u0259k\u00e7isi \u018fli H\u0259s\u0259nov bel\u0259 m\u00fc\u015favir\u0259d\u0259 yox idi. Bundan qabaqk\u0131 iclaslarda i\u015ftirak etm\u0259y\u0259n I vitse-prezident Mehriban \u018fliyeva bu d\u0259f\u0259 Ramiz Mehdiyevin yerind\u0259 oturmu\u015fdu.\n<\/p>\n<p>\n  B\u0259s niy\u0259 2019-cu ilin 9 ay\u0131n\u0131n sosial-iqtisadi yekunlar\u0131 v\u0259 2020-ci ilin d\u00f6vl\u0259t v\u0259 icmal b\u00fcdc\u0259si layih\u0259l\u0259ri h\u0259mi\u015f\u0259 g\u00f6rm\u0259y\u0259 al\u0131\u015fd\u0131\u011f\u0131m\u0131z adamlars\u0131z m\u00fczakir\u0259 edilib? Yoxsa onlar\u0131n etimad limiti t\u00fck\u0259nib?\n<\/p>\n<figure class=\"wp-block-image size-large\">\n  <img decoding=\"async\" src=\"https:\/\/www.meydan.tv\/az\/73539192_1720514824747040_2647284130332540928_n-jpg\/\" alt=\"73539192_1720514824747040_2647284130332540928_n.jpg\" class=\"wp-image-131534\"\/><figcaption>\n    Prezidentin m\u00fc\u015favir\u0259si<br \/>\n  <\/figcaption><\/figure>\n<p>\n  \u018fslind\u0259, \u0130lham \u018fliyevin \u00e7ox gecikmi\u015f \u00e7\u0131x\u0131\u015f\u0131nda bunun mesaj\u0131 da vard\u0131:<br \/>\n  <i><br \/>\n    \u201c<br \/>\n  <\/i><br \/>\n  <b><br \/>\n    <i><br \/>\n      \u0130slahatlara iqtidar daxilind\u0259 b\u0259zi m\u0259murlar mane olur. Onlar h\u0259r v\u0259chl\u0259 i\u015fimz\u0259 mane olur, kadrlar\u0131 m\u0259tbuatda qaralay\u0131rlar. H\u00f6kum\u0259tin bir \u00fczv\u00fc dig\u0259rini \u015fantaj edir, l\u0259k\u0259l\u0259yir. Bu, d\u00f6z\u00fclm\u0259z v\u0259ziyy\u0259tdir. \u018fg\u0259r kims\u0259 hesab edirs\u0259 bununla bar\u0131\u015fmal\u0131y\u0131q, s\u0259hv edir. \u0130slahatlar\u0131n alternativi yoxdur. Kim qar\u015f\u0131 \u00e7\u0131x\u0131r, altdan-altdan i\u015f\u0259 mane olur, bu adamlarla bir yolun yol\u00e7usu ola bilm\u0259rik. H\u0259r k\u0259s s\u00f6z\u00fcm\u00fcz\u00fc e\u015fitsin. \u00c7\u00f6x g\u00fccl\u00fc siyasi irad\u0259 ortaya qoyulub. \u015e\u0259ffafl\u0131q siyas\u0259timizi bayraq etm\u0259kd\u0259 he\u00e7 kim biz\u0259 mane ola bilm\u0259z\u201d.<br \/>\n    <\/i><br \/>\n  <\/b>\n<\/p>\n<p>\n  <b><br \/>\n    Bu sitatdan anla\u015f\u0131lan v\u0259 etiraf olunan odur ki, AzTV-l\u0259rd\u0259 dan\u0131\u015f\u0131lanlar na\u011f\u0131ld\u0131r, \u00f6lk\u0259d\u0259 islahat ad\u0131na he\u00e7 n\u0259 yoxdur. Bu m\u00fc\u015favir\u0259d\u0259n sonra ona start veril\u0259c\u0259k. \u0130lham \u018fliyev d\u0259 aparmaq ist\u0259diyi islahatlara mane olan m\u0259murlar\u0131 d\u0259qiq tan\u0131y\u0131r, onlar\u0131n kimliyini bilir, el\u0259 bu s\u0259b\u0259bd\u0259n d\u0259 h\u0259min m\u0259murlarla ilin 9 ay\u0131n\u0131n yekunlar\u0131n\u0131 v\u0259 2020-ci il planlar\u0131n\u0131 m\u00fczakir\u0259 etm\u0259k ist\u0259mir. M\u0259ntiqlidir, islahatlara mane olan adamlar\u0131 (m\u0259murlar\u0131) g\u00f6r\u00fcl\u0259c\u0259k i\u015fl\u0259rl\u0259 ba\u011fl\u0131 qabaqcadan m\u0259lumatland\u0131rmaq i\u015fin ziyan\u0131nad\u0131r. Kiml\u0259rs\u0259 yen\u0259 \u015fantaj, qaralama, altdan-altdan i\u015f\u0259 mane olmaq yolu tuta bil\u0259r. Ona g\u00f6r\u0259 uzun ill\u0259rdir birg\u0259 add\u0131mlad\u0131\u011f\u0131 adamlarla \u201cbir yolun yol\u00e7usu\u201d olmama\u011fa q\u0259rar verib.<br \/>\n  <\/b>\n<\/p>\n<p>\n  <b><br \/>\n    8 oktyabr\u0131n q\u0259hr\u0259man\u0131 P\u0259rvan\u0259 xan\u0131m\u0131n s\u00f6z\u00fc olmas\u0131n, indi bir 30 il d\u0259 g\u00f6zl\u0259y\u0259k?!<br \/>\n  <\/b>\n<\/p>\n<p>\n  <b><br \/>\n    Son ill\u0259r ke\u00e7iril\u0259n m\u00fc\u015favir\u0259l\u0259r o adamlars\u0131z olmay\u0131b.<br \/>\n  <\/b><\/p>\n","protected":false},"excerpt":{"rendered":"<p>Yolayr\u0131c\u0131nda kiml\u0259r qalacaq?<\/p>\n","protected":false},"author":11,"featured_media":131513,"comment_status":"closed","ping_status":"open","sticky":false,"template":"","format":"standard","meta":{"_acf_changed":false,"_sitemap_exclude":false,"_sitemap_priority":"","_sitemap_frequency":"","footnotes":""},"categories":[57],"tags":[],"class_list":["post-197492","post","type-post","status-publish","format-standard","has-post-thumbnail","hentry","category-menim-fikrimce","infinite-scroll-item","generate-columns","tablet-grid-50","mobile-grid-100","grid-parent","grid-33","no-featured-image-padding"],"acf":[],"yoast_head":"<!-- This site is optimized with the Yoast SEO plugin v27.4 - https:\/\/yoast.com\/product\/yoast-seo-wordpress\/ -->\n<title>Bir yolun yol\u00e7ular\u0131 - MEYDAN.TV<\/title>\n<meta name=\"robots\" content=\"index, follow, max-snippet:-1, max-image-preview:large, max-video-preview:-1\" \/>\n<link rel=\"canonical\" href=\"https:\/\/www.meydan.tv\/az\/article\/bir-yolun-yolculari\/\" \/>\n<meta property=\"og:locale\" content=\"az_AZ\" \/>\n<meta property=\"og:type\" content=\"article\" \/>\n<meta property=\"og:title\" content=\"Bir yolun yol\u00e7ular\u0131 - MEYDAN.TV\" \/>\n<meta property=\"og:description\" content=\"Yolayr\u0131c\u0131nda kiml\u0259r qalacaq?\" \/>\n<meta property=\"og:url\" content=\"https:\/\/www.meydan.tv\/az\/article\/bir-yolun-yolculari\/\" \/>\n<meta property=\"og:site_name\" content=\"MEYDAN.TV\" \/>\n<meta property=\"article:published_time\" content=\"2019-10-17T13:46:51+00:00\" \/>\n<meta property=\"og:image\" content=\"https:\/\/www.meydan.tv\/wp-content\/uploads\/65453.jpg\" \/>\n\t<meta property=\"og:image:width\" content=\"1340\" \/>\n\t<meta property=\"og:image:height\" content=\"894\" \/>\n\t<meta property=\"og:image:type\" content=\"image\/jpeg\" \/>\n<meta name=\"author\" content=\"user-manager\" \/>\n<meta name=\"twitter:card\" content=\"summary_large_image\" \/>\n<script type=\"application\/ld+json\" class=\"yoast-schema-graph\">{\"@context\":\"https:\\\/\\\/schema.org\",\"@graph\":[{\"@type\":\"Article\",\"@id\":\"https:\\\/\\\/www.meydan.tv\\\/az\\\/article\\\/bir-yolun-yolculari\\\/#article\",\"isPartOf\":{\"@id\":\"https:\\\/\\\/www.meydan.tv\\\/az\\\/article\\\/bir-yolun-yolculari\\\/\"},\"author\":{\"name\":\"user-manager\",\"@id\":\"https:\\\/\\\/www.meydan.tv\\\/az\\\/#\\\/schema\\\/person\\\/10d11eccf6da3662cf5fdab9806ea91a\"},\"headline\":\"Bir yolun yol\u00e7ular\u0131\",\"datePublished\":\"2019-10-17T13:46:51+00:00\",\"mainEntityOfPage\":{\"@id\":\"https:\\\/\\\/www.meydan.tv\\\/az\\\/article\\\/bir-yolun-yolculari\\\/\"},\"wordCount\":875,\"publisher\":{\"@id\":\"https:\\\/\\\/www.meydan.tv\\\/az\\\/#organization\"},\"image\":{\"@id\":\"https:\\\/\\\/www.meydan.tv\\\/az\\\/article\\\/bir-yolun-yolculari\\\/#primaryimage\"},\"thumbnailUrl\":\"https:\\\/\\\/www.meydan.tv\\\/wp-content\\\/uploads\\\/65453.jpg\",\"articleSection\":[\"M\u0259nim Fikrimc\u0259\"],\"inLanguage\":\"az\"},{\"@type\":\"WebPage\",\"@id\":\"https:\\\/\\\/www.meydan.tv\\\/az\\\/article\\\/bir-yolun-yolculari\\\/\",\"url\":\"https:\\\/\\\/www.meydan.tv\\\/az\\\/article\\\/bir-yolun-yolculari\\\/\",\"name\":\"Bir yolun yol\u00e7ular\u0131 - MEYDAN.TV\",\"isPartOf\":{\"@id\":\"https:\\\/\\\/www.meydan.tv\\\/az\\\/#website\"},\"primaryImageOfPage\":{\"@id\":\"https:\\\/\\\/www.meydan.tv\\\/az\\\/article\\\/bir-yolun-yolculari\\\/#primaryimage\"},\"image\":{\"@id\":\"https:\\\/\\\/www.meydan.tv\\\/az\\\/article\\\/bir-yolun-yolculari\\\/#primaryimage\"},\"thumbnailUrl\":\"https:\\\/\\\/www.meydan.tv\\\/wp-content\\\/uploads\\\/65453.jpg\",\"datePublished\":\"2019-10-17T13:46:51+00:00\",\"breadcrumb\":{\"@id\":\"https:\\\/\\\/www.meydan.tv\\\/az\\\/article\\\/bir-yolun-yolculari\\\/#breadcrumb\"},\"inLanguage\":\"az\",\"potentialAction\":[{\"@type\":\"ReadAction\",\"target\":[\"https:\\\/\\\/www.meydan.tv\\\/az\\\/article\\\/bir-yolun-yolculari\\\/\"]}]},{\"@type\":\"ImageObject\",\"inLanguage\":\"az\",\"@id\":\"https:\\\/\\\/www.meydan.tv\\\/az\\\/article\\\/bir-yolun-yolculari\\\/#primaryimage\",\"url\":\"https:\\\/\\\/www.meydan.tv\\\/wp-content\\\/uploads\\\/65453.jpg\",\"contentUrl\":\"https:\\\/\\\/www.meydan.tv\\\/wp-content\\\/uploads\\\/65453.jpg\",\"width\":1340,\"height\":894,\"caption\":\"Source: Prezident.az\"},{\"@type\":\"BreadcrumbList\",\"@id\":\"https:\\\/\\\/www.meydan.tv\\\/az\\\/article\\\/bir-yolun-yolculari\\\/#breadcrumb\",\"itemListElement\":[{\"@type\":\"ListItem\",\"position\":1,\"name\":\"Ana s\u0259hif\u0259\",\"item\":\"https:\\\/\\\/www.meydan.tv\\\/az\\\/\"},{\"@type\":\"ListItem\",\"position\":2,\"name\":\"M\u0259nim Fikrimc\u0259\",\"item\":\"https:\\\/\\\/www.meydan.tv\\\/az\\\/section\\\/menim-fikrimce\\\/\"},{\"@type\":\"ListItem\",\"position\":3,\"name\":\"Bir yolun yol\u00e7ular\u0131\"}]},{\"@type\":\"WebSite\",\"@id\":\"https:\\\/\\\/www.meydan.tv\\\/az\\\/#website\",\"url\":\"https:\\\/\\\/www.meydan.tv\\\/az\\\/\",\"name\":\"MEYDAN.TV\",\"description\":\"Meydan TV Az\u0259rbaycan\u0131n media m\u0259kan\u0131ndak\u0131 alternativ s\u0259sidir\",\"publisher\":{\"@id\":\"https:\\\/\\\/www.meydan.tv\\\/az\\\/#organization\"},\"potentialAction\":[{\"@type\":\"SearchAction\",\"target\":{\"@type\":\"EntryPoint\",\"urlTemplate\":\"https:\\\/\\\/www.meydan.tv\\\/az\\\/?s={search_term_string}\"},\"query-input\":{\"@type\":\"PropertyValueSpecification\",\"valueRequired\":true,\"valueName\":\"search_term_string\"}}],\"inLanguage\":\"az\"},{\"@type\":\"Organization\",\"@id\":\"https:\\\/\\\/www.meydan.tv\\\/az\\\/#organization\",\"name\":\"Meydan TV\",\"url\":\"https:\\\/\\\/www.meydan.tv\\\/az\\\/\",\"logo\":{\"@type\":\"ImageObject\",\"inLanguage\":\"az\",\"@id\":\"https:\\\/\\\/www.meydan.tv\\\/az\\\/#\\\/schema\\\/logo\\\/image\\\/\",\"url\":\"https:\\\/\\\/www.meydan.tv\\\/wp-content\\\/uploads\\\/2021\\\/07\\\/meydan-logo.svg\",\"contentUrl\":\"https:\\\/\\\/www.meydan.tv\\\/wp-content\\\/uploads\\\/2021\\\/07\\\/meydan-logo.svg\",\"width\":195,\"height\":46,\"caption\":\"Meydan TV\"},\"image\":{\"@id\":\"https:\\\/\\\/www.meydan.tv\\\/az\\\/#\\\/schema\\\/logo\\\/image\\\/\"}},{\"@type\":\"Person\",\"@id\":\"https:\\\/\\\/www.meydan.tv\\\/az\\\/#\\\/schema\\\/person\\\/10d11eccf6da3662cf5fdab9806ea91a\",\"name\":\"user-manager\"}]}<\/script>\n<!-- \/ Yoast SEO plugin. -->","yoast_head_json":{"title":"Bir yolun yol\u00e7ular\u0131 - MEYDAN.TV","robots":{"index":"index","follow":"follow","max-snippet":"max-snippet:-1","max-image-preview":"max-image-preview:large","max-video-preview":"max-video-preview:-1"},"canonical":"https:\/\/www.meydan.tv\/az\/article\/bir-yolun-yolculari\/","og_locale":"az_AZ","og_type":"article","og_title":"Bir yolun yol\u00e7ular\u0131 - MEYDAN.TV","og_description":"Yolayr\u0131c\u0131nda kiml\u0259r qalacaq?","og_url":"https:\/\/www.meydan.tv\/az\/article\/bir-yolun-yolculari\/","og_site_name":"MEYDAN.TV","article_published_time":"2019-10-17T13:46:51+00:00","og_image":[{"width":1340,"height":894,"url":"https:\/\/www.meydan.tv\/wp-content\/uploads\/65453.jpg","type":"image\/jpeg"}],"author":"user-manager","twitter_card":"summary_large_image","schema":{"@context":"https:\/\/schema.org","@graph":[{"@type":"Article","@id":"https:\/\/www.meydan.tv\/az\/article\/bir-yolun-yolculari\/#article","isPartOf":{"@id":"https:\/\/www.meydan.tv\/az\/article\/bir-yolun-yolculari\/"},"author":{"name":"user-manager","@id":"https:\/\/www.meydan.tv\/az\/#\/schema\/person\/10d11eccf6da3662cf5fdab9806ea91a"},"headline":"Bir yolun yol\u00e7ular\u0131","datePublished":"2019-10-17T13:46:51+00:00","mainEntityOfPage":{"@id":"https:\/\/www.meydan.tv\/az\/article\/bir-yolun-yolculari\/"},"wordCount":875,"publisher":{"@id":"https:\/\/www.meydan.tv\/az\/#organization"},"image":{"@id":"https:\/\/www.meydan.tv\/az\/article\/bir-yolun-yolculari\/#primaryimage"},"thumbnailUrl":"https:\/\/www.meydan.tv\/wp-content\/uploads\/65453.jpg","articleSection":["M\u0259nim Fikrimc\u0259"],"inLanguage":"az"},{"@type":"WebPage","@id":"https:\/\/www.meydan.tv\/az\/article\/bir-yolun-yolculari\/","url":"https:\/\/www.meydan.tv\/az\/article\/bir-yolun-yolculari\/","name":"Bir yolun yol\u00e7ular\u0131 - MEYDAN.TV","isPartOf":{"@id":"https:\/\/www.meydan.tv\/az\/#website"},"primaryImageOfPage":{"@id":"https:\/\/www.meydan.tv\/az\/article\/bir-yolun-yolculari\/#primaryimage"},"image":{"@id":"https:\/\/www.meydan.tv\/az\/article\/bir-yolun-yolculari\/#primaryimage"},"thumbnailUrl":"https:\/\/www.meydan.tv\/wp-content\/uploads\/65453.jpg","datePublished":"2019-10-17T13:46:51+00:00","breadcrumb":{"@id":"https:\/\/www.meydan.tv\/az\/article\/bir-yolun-yolculari\/#breadcrumb"},"inLanguage":"az","potentialAction":[{"@type":"ReadAction","target":["https:\/\/www.meydan.tv\/az\/article\/bir-yolun-yolculari\/"]}]},{"@type":"ImageObject","inLanguage":"az","@id":"https:\/\/www.meydan.tv\/az\/article\/bir-yolun-yolculari\/#primaryimage","url":"https:\/\/www.meydan.tv\/wp-content\/uploads\/65453.jpg","contentUrl":"https:\/\/www.meydan.tv\/wp-content\/uploads\/65453.jpg","width":1340,"height":894,"caption":"Source: Prezident.az"},{"@type":"BreadcrumbList","@id":"https:\/\/www.meydan.tv\/az\/article\/bir-yolun-yolculari\/#breadcrumb","itemListElement":[{"@type":"ListItem","position":1,"name":"Ana s\u0259hif\u0259","item":"https:\/\/www.meydan.tv\/az\/"},{"@type":"ListItem","position":2,"name":"M\u0259nim Fikrimc\u0259","item":"https:\/\/www.meydan.tv\/az\/section\/menim-fikrimce\/"},{"@type":"ListItem","position":3,"name":"Bir yolun yol\u00e7ular\u0131"}]},{"@type":"WebSite","@id":"https:\/\/www.meydan.tv\/az\/#website","url":"https:\/\/www.meydan.tv\/az\/","name":"MEYDAN.TV","description":"Meydan TV Az\u0259rbaycan\u0131n media m\u0259kan\u0131ndak\u0131 alternativ s\u0259sidir","publisher":{"@id":"https:\/\/www.meydan.tv\/az\/#organization"},"potentialAction":[{"@type":"SearchAction","target":{"@type":"EntryPoint","urlTemplate":"https:\/\/www.meydan.tv\/az\/?s={search_term_string}"},"query-input":{"@type":"PropertyValueSpecification","valueRequired":true,"valueName":"search_term_string"}}],"inLanguage":"az"},{"@type":"Organization","@id":"https:\/\/www.meydan.tv\/az\/#organization","name":"Meydan TV","url":"https:\/\/www.meydan.tv\/az\/","logo":{"@type":"ImageObject","inLanguage":"az","@id":"https:\/\/www.meydan.tv\/az\/#\/schema\/logo\/image\/","url":"https:\/\/www.meydan.tv\/wp-content\/uploads\/2021\/07\/meydan-logo.svg","contentUrl":"https:\/\/www.meydan.tv\/wp-content\/uploads\/2021\/07\/meydan-logo.svg","width":195,"height":46,"caption":"Meydan TV"},"image":{"@id":"https:\/\/www.meydan.tv\/az\/#\/schema\/logo\/image\/"}},{"@type":"Person","@id":"https:\/\/www.meydan.tv\/az\/#\/schema\/person\/10d11eccf6da3662cf5fdab9806ea91a","name":"user-manager"}]}},"_links":{"self":[{"href":"https:\/\/www.meydan.tv\/az\/wp-json\/wp\/v2\/posts\/197492","targetHints":{"allow":["GET"]}}],"collection":[{"href":"https:\/\/www.meydan.tv\/az\/wp-json\/wp\/v2\/posts"}],"about":[{"href":"https:\/\/www.meydan.tv\/az\/wp-json\/wp\/v2\/types\/post"}],"author":[{"embeddable":true,"href":"https:\/\/www.meydan.tv\/az\/wp-json\/wp\/v2\/users\/11"}],"replies":[{"embeddable":true,"href":"https:\/\/www.meydan.tv\/az\/wp-json\/wp\/v2\/comments?post=197492"}],"version-history":[{"count":0,"href":"https:\/\/www.meydan.tv\/az\/wp-json\/wp\/v2\/posts\/197492\/revisions"}],"wp:featuredmedia":[{"embeddable":true,"href":"https:\/\/www.meydan.tv\/az\/wp-json\/wp\/v2\/media\/131513"}],"wp:attachment":[{"href":"https:\/\/www.meydan.tv\/az\/wp-json\/wp\/v2\/media?parent=197492"}],"wp:term":[{"taxonomy":"category","embeddable":true,"href":"https:\/\/www.meydan.tv\/az\/wp-json\/wp\/v2\/categories?post=197492"},{"taxonomy":"post_tag","embeddable":true,"href":"https:\/\/www.meydan.tv\/az\/wp-json\/wp\/v2\/tags?post=197492"}],"curies":[{"name":"wp","href":"https:\/\/api.w.org\/{rel}","templated":true}]}}