{"id":197486,"date":"2019-10-17T11:27:59","date_gmt":"2019-10-17T11:27:59","guid":{"rendered":"https:\/\/www.meydan.tv\/article\/evimizi-talayan-ogru-indi-de-bizi-hedeleyir\/"},"modified":"2019-10-17T11:27:59","modified_gmt":"2019-10-17T11:27:59","slug":"evimizi-talayan-ogru-indi-de-bizi-hedeleyir","status":"publish","type":"post","link":"https:\/\/www.meydan.tv\/az\/article\/evimizi-talayan-ogru-indi-de-bizi-hedeleyir\/","title":{"rendered":"\u201cEvimizi talayan o\u011fru indi d\u0259 bizi h\u0259d\u0259l\u0259yir\u201d"},"content":{"rendered":"<p>\n  <i><br \/>\n    Qobustan sakini polisin h\u0259r\u0259k\u0259tsizliyind\u0259n \u015fikay\u0259t\u00e7idir<br \/>\n  <\/i>\n<\/p>\n<p>\n  \u201cEvimi soyublar, \u0259\u015fyalar\u0131m\u0131 s\u0131nd\u0131r\u0131b, darmada\u011f\u0131n edibl\u0259r. Polis i\u015fi ara\u015fd\u0131rm\u0131r, \u015fikay\u0259timiz\u0259 baxm\u0131r. Azm\u0131\u015f kimi o\u011frular o\u011flumu h\u0259d\u0259l\u0259yirl\u0259r ki, \u015fikay\u0259tini geri g\u00f6t\u00fcr, yoxsa bu k\u0259ndi s\u0259n\u0259 dar ed\u0259c\u0259yik. M\u0259n d\u0259 o\u011flumu v\u0259 ail\u0259sini d\u0259 g\u00f6t\u00fcr\u00fcb, g\u0259tirmi\u015f\u0259m i\u015fl\u0259diyimiz Sabirabada. H\u0259m ba\u015f\u0131m\u0131za i\u015f g\u0259lib, h\u0259m d\u0259 yerimizd\u0259n-yurdumuzdan olmu\u015fuq. Bu d\u0259rdi kim\u0259 deyim?\u201d\n<\/p>\n<p>\n  \u018fsl\u0259n Qobustan\u0131n T\u0259kl\u0259-Mirz\u0259bala k\u0259ndind\u0259n olan, haz\u0131rda is\u0259 Sabirabadda m\u0259skunla\u015fan Q\u0131zxan\u0131m A\u011fayeva bel\u0259 deyir.\n<\/p>\n<p>\n  Bildirir ki, evind\u0259n olan-qalan 634 manatlar\u0131n\u0131, 1 \u0259d\u0259d mis su s\u0259h\u0259ngi v\u0259 xal\u00e7alar\u0131n\u0131 o\u011furlay\u0131blar. Azm\u0131\u015f kimi evd\u0259 qalan dig\u0259r \u0259\u015fyalar\u0131n\u0131 s\u0131nd\u0131r\u0131b-t\u00f6k\u00fcbl\u0259r:\n<\/p>\n<p>\n  \u201cEl\u0259 bil\u0259rs\u0259n, d\u00fc\u015fm\u0259n\u00e7ilikl\u0259ri olub biziml\u0259. G\u0259linin cehiz g\u0259tirdiyi qab-qacaqlar\u0131, stol, stullar\u0131m\u0131z\u0131 q\u0131r\u0131q-q\u0131r\u0131q edibl\u0259r. G\u00f6t\u00fcrd\u00fckl\u0259rini g\u00f6t\u00fcr\u00fcb, yerd\u0259 qalanlar\u0131 is\u0259 yarars\u0131z hala sal\u0131blar. \u0130ndi dey\u0259rsiniz ki, 4 xal\u00e7a n\u0259dir ki, ya da 634 manat n\u0259 \u00e7ox puldur. Bala, vallah, bizim \u00fc\u00e7\u00fcn \u00e7ox b\u00f6y\u00fck \u015feyl\u0259rdir. O xal\u0131lar\u0131n ikisin\u0259 ke\u00e7\u0259n il 500 manat verib alm\u0131\u015fd\u0131m. Biri n\u0259n\u0259min anas\u0131n\u0131n \u0259l i\u015fi idi. Qiym\u0259ti yoxdur m\u0259nim \u00fc\u00e7\u00fcn. Dig\u0259rini is\u0259 \u00f6z\u00fcm, \u00f6z \u0259ll\u0259riml\u0259 toxumu\u015fdum. O\u011furlanan pul da bizim \u00fc\u00e7\u00fcn az say\u0131lm\u0131r. O pulu qazanmaq \u00fc\u00e7\u00fcn 3 ay i\u015fl\u0259yirik. Yolda\u015f\u0131m, ya\u015fl\u0131 adamd\u0131, o pulu qazanmaqdan \u00f6tr\u00fc budur, s\u0259h\u0259rd\u0259n ax\u015famacan qoyun g\u00fcd\u00fcr\u201d.\n<\/p>\n<p>\n  Q\u0131zxan\u0131m A\u011fayeva h\u0259yat yolda\u015f\u0131 Akif A\u011fayevl\u0259 b\u0259rab\u0259r m\u00f6vs\u00fcmd\u0259 Sabirabadda k\u00f6\u00e7\u00fcr. Burada fermerl\u0259rin heyvanlar\u0131n\u0131 otar\u0131r, onlar\u0131n h\u0259y\u0259t-bacalar\u0131na bax\u0131rlar:\n<\/p>\n<p>\n  \u201cK\u0259ndd\u0259 i\u015f tapmaq m\u00fcmk\u00fcn deyildi. Biz d\u0259 bir tik\u0259 \u00e7\u00f6r\u0259k ucbat\u0131ndan d\u00fc\u015fm\u00fc\u015f\u00fck k\u00fc\u00e7\u0259l\u0259r\u0259. Qobustandak\u0131 evd\u0259 is\u0259 o\u011flum ya\u015fay\u0131d\u0131. U\u015faq qon\u015fu k\u0259ndd\u0259ki restoranda i\u015fl\u0259yirdi. Birt\u0259h\u0259r ail\u0259sini doland\u0131r\u0131rd\u0131. Biz d\u0259 azdan, \u00e7oxdan, olandan g\u00f6nd\u0259rirdik. Birt\u0259h\u0259r ba\u015f\u0131m\u0131z\u0131 doland\u0131r\u0131rd\u0131q. Ta ki evimizd\u0259 o\u011furluq olancan. Bu o\u011furluq t\u0259kc\u0259 bizi \u0259\u015fyalar\u0131m\u0131zdan yox, h\u0259m d\u0259 yurd-yuvam\u0131zdan etdi\u201d, &#8211; Akif A\u011fayev bel\u0259 deyir.\n<\/p>\n<p>\n  \u018flav\u0259 edir ki, o\u011frular\u0131n art\u0131q kiml\u0259r olmas\u0131 onlara b\u0259llidir. H\u0259min insanlar o\u011flunun qar\u015f\u0131s\u0131n\u0131 k\u0259sib \u015fikay\u0259t \u0259riz\u0259sini geri g\u00f6t\u00fcrm\u0259l\u0259rini, \u0259ks halda ona Qobustan\u0131 dar ed\u0259c\u0259kl\u0259rini s\u00f6yl\u0259yir, h\u0259d\u0259l\u0259yirl\u0259r:\n<\/p>\n<p>\n  \u201cM\u0259nim d\u0259 \u0259lac\u0131m k\u0259silib. O\u011flumu da, ail\u0259sini d\u0259 y\u0131\u011f\u0131b g\u0259tirmi\u015f\u0259m Sabirabada. N\u0259 edim, \u0259limd\u0259n ba\u015fqa he\u00e7 n\u0259 g\u0259lmir. Buradak\u0131 \u015f\u0259rait d\u0259 he\u00e7 yax\u015f\u0131 deyil. Mal-heyvana baxmaq \u00fc\u00e7\u00fcn g\u0259lmi\u015fik. Balaca bir daxmad\u0131r. 6 n\u0259f\u0259r s\u0131\u011f\u0131\u015fm\u0131\u015f\u0131q ora. N\u0259t\u0259r oldu bilmir\u0259m, amma h\u0259m bizim evimiz soyuldu, h\u0259m d\u0259 k\u0259ndimizd\u0259n olduq\u201d.\n<\/p>\n<p>\n  Akif A\u011fayev polisin i\u015fi normal ara\u015fd\u0131rmamas\u0131ndan \u015fikay\u0259tl\u0259nir. Deyir, faktiki bu i\u015fi kiml\u0259rin g\u00f6rd\u00fcy\u00fc b\u0259llidir, ancaq haqlar\u0131nda bir t\u0259dbir g\u00f6r\u00fclm\u00fcr:\n<\/p>\n<p>\n  \u201cPolis i\u015fi d\u00fczg\u00fcn ara\u015fd\u0131rm\u0131r. N\u0259 cinay\u0259tkarlar\u0131 tutur, n\u0259 d\u0259 ged\u0259nd\u0259 biz\u0259 normal bir cavab verir\u201d.\n<\/p>\n<figure class=\"wp-block-image size-large\">\n  <img decoding=\"async\" src=\"https:\/\/www.meydan.tv\/az\/akif-jpg\/\" alt=\"akif.jpg\" class=\"wp-image-131504\"\/><figcaption>\n    Akif A\u011fayev<br \/>\n  <\/figcaption><\/figure>\n<p>\n  Q\u0131zxan\u0131m A\u011fayeva deyir ki, k\u0259ndd\u0259ki evl\u0259rinin \u015f\u0259raiti pis deyil. O\u011flu Sadiq A\u011fayev d\u0259 orada ya\u015fad\u0131\u011f\u0131ndan he\u00e7 vaxt \u015fikay\u0259t etm\u0259yib. H\u0259r \u015feyl\u0259ri qaydas\u0131nda olub:\n<\/p>\n<p>\n  \u201c5 sot torpaqd\u0131. \u0130\u00e7ind\u0259 d\u0259 normal bir ev tikmi\u015fik. O\u011flum qon\u015fu \u00c7uxanl\u0131 k\u0259ndind\u0259ki kafed\u0259 v\u0259 yan\u0131ndak\u0131 avtoyuma m\u0259nt\u0259q\u0259sind\u0259 i\u015fl\u0259yirdi. Sentyabr\u0131n 9-da (2019) evimiz o\u011furlanana q\u0259d\u0259r h\u0259r \u015fey qaydas\u0131nda idi. Sonra h\u0259r \u015fey p\u0259r\u0259n-p\u0259r\u0259n oldu. Bu polis i\u015fi niy\u0259 ara\u015fd\u0131rm\u0131r, biz\u0259 ayd\u0131n deyil. T\u0259s\u0259vv\u00fcr edin, polisin i\u015f\u0259 normal yana\u015fmamas\u0131ndan da \u015fikay\u0259t etmi\u015fik. Ona da bax\u0131lm\u0131r. Polis \u015f\u00fcbh\u0259li bilin\u0259n Nurlan D\u0259mirovdan v\u0259 Ariz H\u00fcseynovdan izahat al\u0131b. Bu bar\u0259d\u0259 m\u0259lumat\u0131m\u0131z var. Qalan \u0259sas cinay\u0259ti t\u00f6r\u0259tm\u0259kd\u0259 \u015f\u00fcbh\u0259li bildiyimiz Ayd\u0131n M\u00fcseyib o\u011flu M\u00fcsl\u00fcmov is\u0259 h\u0259l\u0259 polis\u0259 g\u0259tirilm\u0259yib\u201d.\n<\/p>\n<p>\n  Akif A\u011fayev deyir ki, \u015f\u00fcbh\u0259li bildikl\u0259ri Nurlan\u0131n anas\u0131 v\u0259 atas\u0131 onlara g\u0259lib, \u015fikay\u0259tl\u0259rini geri g\u00f6t\u00fcrm\u0259l\u0259rini, o\u011furlanan \u0259\u015fyalar\u0131m\u0131z\u0131n pulunu \u00f6d\u0259y\u0259c\u0259kl\u0259rini deyibl\u0259r:\n<\/p>\n<p>\n  \u201cOnlar bunu bizd\u0259n h\u0259m d\u0259 polis \u015f\u00f6b\u0259sind\u0259 xahi\u015f etdil\u0259r. K\u0259ndin b\u0259l\u0259diyy\u0259 s\u0259dri Natiq Babayev \u015fahiddir. Onun yan\u0131nda minn\u0259t\u00e7i oldular. Dedil\u0259r ki, o\u011fullar\u0131 hadis\u0259 vaxt\u0131 evd\u0259 yox, \u00e7\u00f6ld\u0259 olub. El\u0259c\u0259 d\u0259 Arizin atas\u0131 P\u0259nah H\u00fcseynov da biz\u0259 g\u0259lib, \u0259vv\u0259lc\u0259 \u015fikay\u0259ti geri g\u00f6t\u00fcrm\u0259yi xahi\u015f etdi. Biz cavab verdik ki, i\u015fi polis ara\u015fd\u0131r\u0131r. H\u0259min gec\u0259 Arizin atas\u0131 yenid\u0259n evimiz\u0259 g\u0259lib, biz\u0259 h\u0259d\u0259-qorxu g\u0259ldi ki, hadis\u0259ni \u00f6z\u00fcn\u00fcz t\u00f6r\u0259tmisiniz, sizi h\u0259bs etdir\u0259c\u0259y\u0259m. Buradan da h\u0259r \u015fey ayd\u0131nd\u0131r. Ancaq polis he\u00e7 bir i\u015f g\u00f6rm\u00fcr\u201d.\n<\/p>\n<p>\n  Akif A\u011fayev deyir ki, bu, son ill\u0259r k\u0259ndl\u0259rind\u0259 ba\u015f ver\u0259n ilk o\u011furluq hadis\u0259si deyil. Onlar\u0131n evin\u0259 q\u0259d\u0259r 20-d\u0259k evd\u0259 o\u011furluq edilib. Ancaq he\u00e7 birinin \u00fcst\u00fc a\u00e7\u0131lmay\u0131b:\n<\/p>\n<p>\n  \u201cHaz\u0131rda polisin \u0259sas o\u011frunu i\u015f\u0259 c\u0259lb etm\u0259m\u0259sin\u0259 g\u00f6r\u0259 hesab edirik ki, bu o\u011furluq da dig\u0259rl\u0259ri kimi a\u00e7\u0131lmayacaq. Ona g\u00f6r\u0259 d\u0259 evl\u0259rind\u0259 o\u011furluqlar olmu\u015f b\u00fct\u00fcn k\u0259nd sakinl\u0259ri v\u0259 qohumlar\u0131n ham\u0131s\u0131 polisin bacar\u0131qs\u0131zl\u0131\u011f\u0131ndan \u00e7ox naraz\u0131d\u0131rlar. H\u0259tta ist\u0259yirl\u0259r ki, etiraz olaraq Qobustan-\u015eamax\u0131 avtomobil yolunun Ac\u0131d\u0259r\u0259 hiss\u0259sini 30 d\u0259qiq\u0259lik k\u0259ssinl\u0259r. Bunun olmamas\u0131 \u00fc\u00e7\u00fcn xahi\u015f edirik, i\u015fimizi ara\u015fd\u0131rs\u0131nlar\u201d.\n<\/p>\n<p>\n  Qobustan Rayon Polis \u0130dar\u0259sinin n\u00f6vb\u0259t\u00e7i hiss\u0259sind\u0259n bildirilib ki, \u0259g\u0259r v\u0259t\u0259nda\u015f ba\u015f\u0131na g\u0259l\u0259n h\u0259r hans\u0131 neqativ hadis\u0259 il\u0259 ba\u011fl\u0131 polis\u0259 \u015fikay\u0259t veribs\u0259, dem\u0259li, i\u015f ara\u015fd\u0131r\u0131l\u0131r:\n<\/p>\n<p>\n  \u201cBir g\u00fcn\u00fcn i\u00e7ind\u0259 olmur bu i\u015fl\u0259r. B\u0259zi hallarda uzana bilir. Polis h\u0259r g\u00fcn onlara n\u0259 i\u015f g\u00f6rd\u00fcy\u00fc il\u0259 ba\u011fl\u0131 a\u00e7\u0131qlama verm\u0259li deyil. \u015eikay\u0259t veribl\u0259r, g\u00fcv\u0259nsinl\u0259r. A\u00e7\u0131lan he\u00e7 bir i\u015f ara\u015fd\u0131r\u0131lmadan saxlanm\u0131r. Ola bilm\u0259z ki, \u015fikay\u0259t ola, ancaq i\u015f ara\u015fd\u0131r\u0131lmaya. V\u0259t\u0259nda\u015f bir az s\u0259brli olsun, i\u015f gedir\u201d.<\/p>\n","protected":false},"excerpt":{"rendered":"<p>Akif A\u011fayev deyir ki, \u015f\u00fcbh\u0259li bildikl\u0259ri Nurlan\u0131n anas\u0131 v\u0259 atas\u0131 onlara g\u0259lib, \u015fikay\u0259tl\u0259rini geri g\u00f6t\u00fcrm\u0259l\u0259rini, o\u011furlanan \u0259\u015fyalar\u0131m\u0131z\u0131n pulunu \u00f6d\u0259y\u0259c\u0259kl\u0259rini deyibl\u0259r:<\/p>\n","protected":false},"author":11,"featured_media":131501,"comment_status":"closed","ping_status":"open","sticky":false,"template":"","format":"standard","meta":{"_acf_changed":false,"_sitemap_exclude":false,"_sitemap_priority":"","_sitemap_frequency":"","footnotes":""},"categories":[60],"tags":[],"class_list":["post-197486","post","type-post","status-publish","format-standard","has-post-thumbnail","hentry","category-bolge","infinite-scroll-item","generate-columns","tablet-grid-50","mobile-grid-100","grid-parent","grid-33","no-featured-image-padding"],"acf":[],"yoast_head":"<!-- This site is optimized with the Yoast SEO plugin v27.5 - https:\/\/yoast.com\/product\/yoast-seo-wordpress\/ -->\n<title>\u201cEvimizi talayan o\u011fru indi d\u0259 bizi h\u0259d\u0259l\u0259yir\u201d - MEYDAN.TV<\/title>\n<meta name=\"robots\" content=\"index, follow, max-snippet:-1, max-image-preview:large, max-video-preview:-1\" \/>\n<link rel=\"canonical\" href=\"https:\/\/www.meydan.tv\/az\/article\/evimizi-talayan-ogru-indi-de-bizi-hedeleyir\/\" \/>\n<meta property=\"og:locale\" content=\"az_AZ\" \/>\n<meta property=\"og:type\" content=\"article\" \/>\n<meta property=\"og:title\" content=\"\u201cEvimizi talayan o\u011fru indi d\u0259 bizi h\u0259d\u0259l\u0259yir\u201d - MEYDAN.TV\" \/>\n<meta property=\"og:description\" content=\"Akif A\u011fayev deyir ki, \u015f\u00fcbh\u0259li bildikl\u0259ri Nurlan\u0131n anas\u0131 v\u0259 atas\u0131 onlara g\u0259lib, \u015fikay\u0259tl\u0259rini geri g\u00f6t\u00fcrm\u0259l\u0259rini, o\u011furlanan \u0259\u015fyalar\u0131m\u0131z\u0131n pulunu \u00f6d\u0259y\u0259c\u0259kl\u0259rini deyibl\u0259r:\" \/>\n<meta property=\"og:url\" content=\"https:\/\/www.meydan.tv\/az\/article\/evimizi-talayan-ogru-indi-de-bizi-hedeleyir\/\" \/>\n<meta property=\"og:site_name\" content=\"MEYDAN.TV\" \/>\n<meta property=\"article:published_time\" content=\"2019-10-17T11:27:59+00:00\" \/>\n<meta property=\"og:image\" content=\"https:\/\/www.meydan.tv\/wp-content\/uploads\/image_from_ios__1__1-scaled.jpg\" \/>\n\t<meta property=\"og:image:width\" content=\"2560\" \/>\n\t<meta property=\"og:image:height\" content=\"1920\" \/>\n\t<meta property=\"og:image:type\" content=\"image\/jpeg\" \/>\n<meta name=\"author\" content=\"user-manager\" \/>\n<meta name=\"twitter:card\" content=\"summary_large_image\" \/>\n<script type=\"application\/ld+json\" class=\"yoast-schema-graph\">{\"@context\":\"https:\\\/\\\/schema.org\",\"@graph\":[{\"@type\":\"Article\",\"@id\":\"https:\\\/\\\/www.meydan.tv\\\/az\\\/article\\\/evimizi-talayan-ogru-indi-de-bizi-hedeleyir\\\/#article\",\"isPartOf\":{\"@id\":\"https:\\\/\\\/www.meydan.tv\\\/az\\\/article\\\/evimizi-talayan-ogru-indi-de-bizi-hedeleyir\\\/\"},\"author\":{\"name\":\"user-manager\",\"@id\":\"https:\\\/\\\/www.meydan.tv\\\/az\\\/#\\\/schema\\\/person\\\/10d11eccf6da3662cf5fdab9806ea91a\"},\"headline\":\"\u201cEvimizi talayan o\u011fru indi d\u0259 bizi h\u0259d\u0259l\u0259yir\u201d\",\"datePublished\":\"2019-10-17T11:27:59+00:00\",\"mainEntityOfPage\":{\"@id\":\"https:\\\/\\\/www.meydan.tv\\\/az\\\/article\\\/evimizi-talayan-ogru-indi-de-bizi-hedeleyir\\\/\"},\"wordCount\":1229,\"publisher\":{\"@id\":\"https:\\\/\\\/www.meydan.tv\\\/az\\\/#organization\"},\"image\":{\"@id\":\"https:\\\/\\\/www.meydan.tv\\\/az\\\/article\\\/evimizi-talayan-ogru-indi-de-bizi-hedeleyir\\\/#primaryimage\"},\"thumbnailUrl\":\"https:\\\/\\\/www.meydan.tv\\\/wp-content\\\/uploads\\\/image_from_ios__1__1-scaled.jpg\",\"articleSection\":[\"B\u00f6lg\u0259\"],\"inLanguage\":\"az\"},{\"@type\":\"WebPage\",\"@id\":\"https:\\\/\\\/www.meydan.tv\\\/az\\\/article\\\/evimizi-talayan-ogru-indi-de-bizi-hedeleyir\\\/\",\"url\":\"https:\\\/\\\/www.meydan.tv\\\/az\\\/article\\\/evimizi-talayan-ogru-indi-de-bizi-hedeleyir\\\/\",\"name\":\"\u201cEvimizi talayan o\u011fru indi d\u0259 bizi h\u0259d\u0259l\u0259yir\u201d - MEYDAN.TV\",\"isPartOf\":{\"@id\":\"https:\\\/\\\/www.meydan.tv\\\/az\\\/#website\"},\"primaryImageOfPage\":{\"@id\":\"https:\\\/\\\/www.meydan.tv\\\/az\\\/article\\\/evimizi-talayan-ogru-indi-de-bizi-hedeleyir\\\/#primaryimage\"},\"image\":{\"@id\":\"https:\\\/\\\/www.meydan.tv\\\/az\\\/article\\\/evimizi-talayan-ogru-indi-de-bizi-hedeleyir\\\/#primaryimage\"},\"thumbnailUrl\":\"https:\\\/\\\/www.meydan.tv\\\/wp-content\\\/uploads\\\/image_from_ios__1__1-scaled.jpg\",\"datePublished\":\"2019-10-17T11:27:59+00:00\",\"breadcrumb\":{\"@id\":\"https:\\\/\\\/www.meydan.tv\\\/az\\\/article\\\/evimizi-talayan-ogru-indi-de-bizi-hedeleyir\\\/#breadcrumb\"},\"inLanguage\":\"az\",\"potentialAction\":[{\"@type\":\"ReadAction\",\"target\":[\"https:\\\/\\\/www.meydan.tv\\\/az\\\/article\\\/evimizi-talayan-ogru-indi-de-bizi-hedeleyir\\\/\"]}]},{\"@type\":\"ImageObject\",\"inLanguage\":\"az\",\"@id\":\"https:\\\/\\\/www.meydan.tv\\\/az\\\/article\\\/evimizi-talayan-ogru-indi-de-bizi-hedeleyir\\\/#primaryimage\",\"url\":\"https:\\\/\\\/www.meydan.tv\\\/wp-content\\\/uploads\\\/image_from_ios__1__1-scaled.jpg\",\"contentUrl\":\"https:\\\/\\\/www.meydan.tv\\\/wp-content\\\/uploads\\\/image_from_ios__1__1-scaled.jpg\",\"width\":2560,\"height\":1920,\"caption\":\"Source: Specify Source\"},{\"@type\":\"BreadcrumbList\",\"@id\":\"https:\\\/\\\/www.meydan.tv\\\/az\\\/article\\\/evimizi-talayan-ogru-indi-de-bizi-hedeleyir\\\/#breadcrumb\",\"itemListElement\":[{\"@type\":\"ListItem\",\"position\":1,\"name\":\"Ana s\u0259hif\u0259\",\"item\":\"https:\\\/\\\/www.meydan.tv\\\/az\\\/\"},{\"@type\":\"ListItem\",\"position\":2,\"name\":\"B\u00f6lg\u0259\",\"item\":\"https:\\\/\\\/www.meydan.tv\\\/az\\\/section\\\/bolge\\\/\"},{\"@type\":\"ListItem\",\"position\":3,\"name\":\"\u201cEvimizi talayan o\u011fru indi d\u0259 bizi h\u0259d\u0259l\u0259yir\u201d\"}]},{\"@type\":\"WebSite\",\"@id\":\"https:\\\/\\\/www.meydan.tv\\\/az\\\/#website\",\"url\":\"https:\\\/\\\/www.meydan.tv\\\/az\\\/\",\"name\":\"MEYDAN.TV\",\"description\":\"Meydan TV Az\u0259rbaycan\u0131n media m\u0259kan\u0131ndak\u0131 alternativ s\u0259sidir\",\"publisher\":{\"@id\":\"https:\\\/\\\/www.meydan.tv\\\/az\\\/#organization\"},\"potentialAction\":[{\"@type\":\"SearchAction\",\"target\":{\"@type\":\"EntryPoint\",\"urlTemplate\":\"https:\\\/\\\/www.meydan.tv\\\/az\\\/?s={search_term_string}\"},\"query-input\":{\"@type\":\"PropertyValueSpecification\",\"valueRequired\":true,\"valueName\":\"search_term_string\"}}],\"inLanguage\":\"az\"},{\"@type\":\"Organization\",\"@id\":\"https:\\\/\\\/www.meydan.tv\\\/az\\\/#organization\",\"name\":\"Meydan TV\",\"url\":\"https:\\\/\\\/www.meydan.tv\\\/az\\\/\",\"logo\":{\"@type\":\"ImageObject\",\"inLanguage\":\"az\",\"@id\":\"https:\\\/\\\/www.meydan.tv\\\/az\\\/#\\\/schema\\\/logo\\\/image\\\/\",\"url\":\"https:\\\/\\\/www.meydan.tv\\\/wp-content\\\/uploads\\\/2021\\\/07\\\/meydan-logo.svg\",\"contentUrl\":\"https:\\\/\\\/www.meydan.tv\\\/wp-content\\\/uploads\\\/2021\\\/07\\\/meydan-logo.svg\",\"width\":195,\"height\":46,\"caption\":\"Meydan TV\"},\"image\":{\"@id\":\"https:\\\/\\\/www.meydan.tv\\\/az\\\/#\\\/schema\\\/logo\\\/image\\\/\"}},{\"@type\":\"Person\",\"@id\":\"https:\\\/\\\/www.meydan.tv\\\/az\\\/#\\\/schema\\\/person\\\/10d11eccf6da3662cf5fdab9806ea91a\",\"name\":\"user-manager\"}]}<\/script>\n<!-- \/ Yoast SEO plugin. -->","yoast_head_json":{"title":"\u201cEvimizi talayan o\u011fru indi d\u0259 bizi h\u0259d\u0259l\u0259yir\u201d - MEYDAN.TV","robots":{"index":"index","follow":"follow","max-snippet":"max-snippet:-1","max-image-preview":"max-image-preview:large","max-video-preview":"max-video-preview:-1"},"canonical":"https:\/\/www.meydan.tv\/az\/article\/evimizi-talayan-ogru-indi-de-bizi-hedeleyir\/","og_locale":"az_AZ","og_type":"article","og_title":"\u201cEvimizi talayan o\u011fru indi d\u0259 bizi h\u0259d\u0259l\u0259yir\u201d - MEYDAN.TV","og_description":"Akif A\u011fayev deyir ki, \u015f\u00fcbh\u0259li bildikl\u0259ri Nurlan\u0131n anas\u0131 v\u0259 atas\u0131 onlara g\u0259lib, \u015fikay\u0259tl\u0259rini geri g\u00f6t\u00fcrm\u0259l\u0259rini, o\u011furlanan \u0259\u015fyalar\u0131m\u0131z\u0131n pulunu \u00f6d\u0259y\u0259c\u0259kl\u0259rini deyibl\u0259r:","og_url":"https:\/\/www.meydan.tv\/az\/article\/evimizi-talayan-ogru-indi-de-bizi-hedeleyir\/","og_site_name":"MEYDAN.TV","article_published_time":"2019-10-17T11:27:59+00:00","og_image":[{"width":2560,"height":1920,"url":"https:\/\/www.meydan.tv\/wp-content\/uploads\/image_from_ios__1__1-scaled.jpg","type":"image\/jpeg"}],"author":"user-manager","twitter_card":"summary_large_image","schema":{"@context":"https:\/\/schema.org","@graph":[{"@type":"Article","@id":"https:\/\/www.meydan.tv\/az\/article\/evimizi-talayan-ogru-indi-de-bizi-hedeleyir\/#article","isPartOf":{"@id":"https:\/\/www.meydan.tv\/az\/article\/evimizi-talayan-ogru-indi-de-bizi-hedeleyir\/"},"author":{"name":"user-manager","@id":"https:\/\/www.meydan.tv\/az\/#\/schema\/person\/10d11eccf6da3662cf5fdab9806ea91a"},"headline":"\u201cEvimizi talayan o\u011fru indi d\u0259 bizi h\u0259d\u0259l\u0259yir\u201d","datePublished":"2019-10-17T11:27:59+00:00","mainEntityOfPage":{"@id":"https:\/\/www.meydan.tv\/az\/article\/evimizi-talayan-ogru-indi-de-bizi-hedeleyir\/"},"wordCount":1229,"publisher":{"@id":"https:\/\/www.meydan.tv\/az\/#organization"},"image":{"@id":"https:\/\/www.meydan.tv\/az\/article\/evimizi-talayan-ogru-indi-de-bizi-hedeleyir\/#primaryimage"},"thumbnailUrl":"https:\/\/www.meydan.tv\/wp-content\/uploads\/image_from_ios__1__1-scaled.jpg","articleSection":["B\u00f6lg\u0259"],"inLanguage":"az"},{"@type":"WebPage","@id":"https:\/\/www.meydan.tv\/az\/article\/evimizi-talayan-ogru-indi-de-bizi-hedeleyir\/","url":"https:\/\/www.meydan.tv\/az\/article\/evimizi-talayan-ogru-indi-de-bizi-hedeleyir\/","name":"\u201cEvimizi talayan o\u011fru indi d\u0259 bizi h\u0259d\u0259l\u0259yir\u201d - MEYDAN.TV","isPartOf":{"@id":"https:\/\/www.meydan.tv\/az\/#website"},"primaryImageOfPage":{"@id":"https:\/\/www.meydan.tv\/az\/article\/evimizi-talayan-ogru-indi-de-bizi-hedeleyir\/#primaryimage"},"image":{"@id":"https:\/\/www.meydan.tv\/az\/article\/evimizi-talayan-ogru-indi-de-bizi-hedeleyir\/#primaryimage"},"thumbnailUrl":"https:\/\/www.meydan.tv\/wp-content\/uploads\/image_from_ios__1__1-scaled.jpg","datePublished":"2019-10-17T11:27:59+00:00","breadcrumb":{"@id":"https:\/\/www.meydan.tv\/az\/article\/evimizi-talayan-ogru-indi-de-bizi-hedeleyir\/#breadcrumb"},"inLanguage":"az","potentialAction":[{"@type":"ReadAction","target":["https:\/\/www.meydan.tv\/az\/article\/evimizi-talayan-ogru-indi-de-bizi-hedeleyir\/"]}]},{"@type":"ImageObject","inLanguage":"az","@id":"https:\/\/www.meydan.tv\/az\/article\/evimizi-talayan-ogru-indi-de-bizi-hedeleyir\/#primaryimage","url":"https:\/\/www.meydan.tv\/wp-content\/uploads\/image_from_ios__1__1-scaled.jpg","contentUrl":"https:\/\/www.meydan.tv\/wp-content\/uploads\/image_from_ios__1__1-scaled.jpg","width":2560,"height":1920,"caption":"Source: Specify Source"},{"@type":"BreadcrumbList","@id":"https:\/\/www.meydan.tv\/az\/article\/evimizi-talayan-ogru-indi-de-bizi-hedeleyir\/#breadcrumb","itemListElement":[{"@type":"ListItem","position":1,"name":"Ana s\u0259hif\u0259","item":"https:\/\/www.meydan.tv\/az\/"},{"@type":"ListItem","position":2,"name":"B\u00f6lg\u0259","item":"https:\/\/www.meydan.tv\/az\/section\/bolge\/"},{"@type":"ListItem","position":3,"name":"\u201cEvimizi talayan o\u011fru indi d\u0259 bizi h\u0259d\u0259l\u0259yir\u201d"}]},{"@type":"WebSite","@id":"https:\/\/www.meydan.tv\/az\/#website","url":"https:\/\/www.meydan.tv\/az\/","name":"MEYDAN.TV","description":"Meydan TV Az\u0259rbaycan\u0131n media m\u0259kan\u0131ndak\u0131 alternativ s\u0259sidir","publisher":{"@id":"https:\/\/www.meydan.tv\/az\/#organization"},"potentialAction":[{"@type":"SearchAction","target":{"@type":"EntryPoint","urlTemplate":"https:\/\/www.meydan.tv\/az\/?s={search_term_string}"},"query-input":{"@type":"PropertyValueSpecification","valueRequired":true,"valueName":"search_term_string"}}],"inLanguage":"az"},{"@type":"Organization","@id":"https:\/\/www.meydan.tv\/az\/#organization","name":"Meydan TV","url":"https:\/\/www.meydan.tv\/az\/","logo":{"@type":"ImageObject","inLanguage":"az","@id":"https:\/\/www.meydan.tv\/az\/#\/schema\/logo\/image\/","url":"https:\/\/www.meydan.tv\/wp-content\/uploads\/2021\/07\/meydan-logo.svg","contentUrl":"https:\/\/www.meydan.tv\/wp-content\/uploads\/2021\/07\/meydan-logo.svg","width":195,"height":46,"caption":"Meydan TV"},"image":{"@id":"https:\/\/www.meydan.tv\/az\/#\/schema\/logo\/image\/"}},{"@type":"Person","@id":"https:\/\/www.meydan.tv\/az\/#\/schema\/person\/10d11eccf6da3662cf5fdab9806ea91a","name":"user-manager"}]}},"_links":{"self":[{"href":"https:\/\/www.meydan.tv\/az\/wp-json\/wp\/v2\/posts\/197486","targetHints":{"allow":["GET"]}}],"collection":[{"href":"https:\/\/www.meydan.tv\/az\/wp-json\/wp\/v2\/posts"}],"about":[{"href":"https:\/\/www.meydan.tv\/az\/wp-json\/wp\/v2\/types\/post"}],"author":[{"embeddable":true,"href":"https:\/\/www.meydan.tv\/az\/wp-json\/wp\/v2\/users\/11"}],"replies":[{"embeddable":true,"href":"https:\/\/www.meydan.tv\/az\/wp-json\/wp\/v2\/comments?post=197486"}],"version-history":[{"count":0,"href":"https:\/\/www.meydan.tv\/az\/wp-json\/wp\/v2\/posts\/197486\/revisions"}],"wp:featuredmedia":[{"embeddable":true,"href":"https:\/\/www.meydan.tv\/az\/wp-json\/wp\/v2\/media\/131501"}],"wp:attachment":[{"href":"https:\/\/www.meydan.tv\/az\/wp-json\/wp\/v2\/media?parent=197486"}],"wp:term":[{"taxonomy":"category","embeddable":true,"href":"https:\/\/www.meydan.tv\/az\/wp-json\/wp\/v2\/categories?post=197486"},{"taxonomy":"post_tag","embeddable":true,"href":"https:\/\/www.meydan.tv\/az\/wp-json\/wp\/v2\/tags?post=197486"}],"curies":[{"name":"wp","href":"https:\/\/api.w.org\/{rel}","templated":true}]}}