{"id":197481,"date":"2019-10-16T20:46:42","date_gmt":"2019-10-16T20:46:42","guid":{"rendered":"https:\/\/www.meydan.tv\/article\/abs-resmileri-turkiyede\/"},"modified":"2019-10-16T20:46:42","modified_gmt":"2019-10-16T20:46:42","slug":"abs-resmileri-turkiyede","status":"publish","type":"post","link":"https:\/\/www.meydan.tv\/az\/article\/abs-resmileri-turkiyede\/","title":{"rendered":"AB\u015e r\u0259smil\u0259ri T\u00fcrkiy\u0259d\u0259"},"content":{"rendered":"<p>\n  <i><br \/>\n    Vitse-prezident Mayk Pens v\u0259 d\u00f6vl\u0259t katibi Mayk Pompeo \u018frdo\u011fanla g\u00f6r\u00fc\u015f\u0259c\u0259kl\u0259r<br \/>\n  <\/i>\n<\/p>\n<p>\n  Tramp administrasiyas\u0131 \u00e7\u0259r\u015f\u0259nb\u0259 g\u00fcn\u00fc y\u00fcks\u0259k s\u0259lahiyy\u0259tlil\u0259rini t\u0259cili dan\u0131\u015f\u0131qlar \u00fc\u00e7\u00fcn T\u00fcrkiy\u0259y\u0259 g\u00f6nd\u0259rib. \u201cReuters\u201d x\u0259b\u0259r verir ki, Va\u015finqton Ankaran\u0131 Suriyan\u0131n \u015fimal\u0131na h\u00fccumu dayand\u0131rmas\u0131 \u00fc\u00e7\u00fcn inand\u0131rma\u011fa \u00e7al\u0131\u015f\u0131r.\n<\/p>\n<p>\n  \u00d6t\u0259n aydan b\u0259ri A\u011f Evin milli t\u0259hl\u00fck\u0259sizlik \u00fczr\u0259 m\u00fc\u015faviri olaraq f\u0259aliyy\u0259t g\u00f6st\u0259r\u0259n Robert Obrayn (OBrien) xarici i\u015fl\u0259r naziri Mevlut \u00c7avu\u015fo\u011flu il\u0259 g\u00f6r\u00fc\u015fm\u0259k \u00fc\u00e7\u00fcn \u00e7\u0259r\u015f\u0259nb\u0259 g\u00fcn\u00fc T\u00fcrkiy\u0259y\u0259 g\u0259lib. Vitse-prezident Mayk Pens v\u0259 d\u00f6vl\u0259t katibi Mayk Pompeo ert\u0259si g\u00fcn prezident Tayyib \u018frdo\u011fanla g\u00f6r\u00fc\u015f\u0259c\u0259kl\u0259r.\n<\/p>\n<p>\n  Administrasiya \u018frdo\u011fan\u0131 ke\u00e7\u0259n h\u0259ft\u0259 Va\u015finqtonun yax\u0131n m\u00fctt\u0259fiqi olan suriyal\u0131 k\u00fcrd silahl\u0131 q\u00fcvv\u0259l\u0259rin\u0259 qar\u015f\u0131 ba\u015flam\u0131\u015f h\u00fccumdan yay\u0131nd\u0131rma\u011fa \u00e7al\u0131\u015f\u0131r.\n<\/p>\n<p>\n  At\u0259\u015fk\u0259s olmayaca\u011f\u0131 israr\u0131n\u0131 t\u0259krarlayan \u018frdo\u011fan qeyd edib ki, AB\u015e siyas\u0259t\u00e7il\u0259rinin g\u00f6st\u0259rdiyi &quot;\u00e7ox b\u00f6y\u00fck h\u00f6rm\u0259tsizlik&quot; s\u0259b\u0259bind\u0259n g\u0259l\u0259n ay AB\u015e-a s\u0259f\u0259rini dayand\u0131ra bil\u0259r.\n<\/p>\n<p>\n  O, AB\u015e-\u0131n \u0130rana qar\u015f\u0131 sanksiyalar\u0131 pozdu\u011fu iddialar\u0131 il\u0259 \u0259laq\u0259dar t\u00fcrk d\u00f6vl\u0259t bank\u0131na cinay\u0259t ittiham\u0131 ir\u0259li s\u00fcrm\u0259sini \u201cqanunsuz, \u00e7irkin add\u0131m\u201d adland\u0131r\u0131b.\n<\/p>\n<p>\n  \u201c\u018frdo\u011fan v\u0259 Tramp aras\u0131ndak\u0131 telefon dan\u0131\u015f\u0131\u011f\u0131ndan sonra ba\u015flayan t\u00fcrk h\u00fccumu Va\u015finqtonu 5 ildir davam ed\u0259n b\u00f6lg\u0259s\u0259l strategiyas\u0131n\u0131 dayand\u0131rma\u011fa v\u0259 qo\u015funlar\u0131n\u0131 Suriyan\u0131n \u015fimal\u0131ndan \u00e7\u0131xarma\u011fa m\u0259cbur edib\u201d, &#8211; Reuters qeyd edir.\n<\/p>\n<p>\n  H\u00fccum humanitar b\u00f6hrana s\u0259b\u0259b olmaqla 160.000 m\u00fclki \u015f\u0259xsin evl\u0259rini t\u0259rk etm\u0259sin\u0259, k\u00fcrd h\u0259bsxanalar\u0131ndan minl\u0259rl\u0259 \u0130slam D\u00f6vl\u0259ti d\u00f6y\u00fc\u015f\u00e7\u00fcs\u00fcn\u00fcn qa\u00e7mas\u0131na v\u0259 Tramp \u00fc\u00e7\u00fcn daxili siyasi qar\u0131\u015f\u0131ql\u0131\u011fa, konqres liderl\u0259ri, o c\u00fcml\u0259d\u0259n onu d\u0259st\u0259kl\u0259y\u0259n respublika\u00e7\u0131lar\u0131n AB\u015e-\u0131n sadiq m\u00fctt\u0259fiql\u0259ri olan k\u00fcrdl\u0259r\u0259 x\u0259yan\u0259ti s\u0259b\u0259bind\u0259n naraz\u0131l\u0131\u011f\u0131na g\u0259tirib \u00e7\u0131xar\u0131b.\n<\/p>\n<p>\n  Va\u015finqtonun r\u0259qibl\u0259ri Rusiya v\u0259 \u0130ran t\u0259r\u0259find\u0259n d\u0259st\u0259kl\u0259n\u0259n Suriya h\u00f6kum\u0259t q\u00fcvv\u0259l\u0259ri AB\u015e qo\u015funlar\u0131n\u0131n geri \u00e7\u0259kilm\u0259siyl\u0259 yaranm\u0131\u015f bo\u015fluqdan istifad\u0259 ed\u0259r\u0259k itirilmi\u015f \u0259razil\u0259ri yenid\u0259n \u0259l\u0259 ke\u00e7irm\u0259k \u00fc\u00e7\u00fcn s\u00fcr\u0259tl\u0259 ir\u0259lil\u0259yir.\n<\/p>\n<p>\n  Bazar ert\u0259si g\u00fcn\u00fc Va\u015finqton T\u00fcrkiy\u0259ni c\u0259zaland\u0131rmaq \u00fc\u00e7\u00fcn sanksiyalar paketini a\u00e7\u0131qlay\u0131b. S\u0259kkizinci g\u00fcnd\u00fcr davam ed\u0259n t\u00fcrk h\u00fccumu b\u00f6lg\u0259d\u0259 iki NATO g\u00fcc\u00fcn\u00fc qar\u015f\u0131-qar\u015f\u0131ya qoyub. Va\u015finqton h\u00fccum davam ed\u0259rk\u0259n t\u00fcrk artilleriyas\u0131n\u0131n AB\u015e qo\u015funlar\u0131 yax\u0131nl\u0131\u011f\u0131nda at\u0259\u015f a\u00e7mas\u0131ndan \u015f\u0131kay\u0259t edib. Qar\u015f\u0131l\u0131q olaraq AB\u015e h\u0259rbi hava q\u00fcvv\u0259l\u0259ri d\u0259 Kobani s\u0259rh\u0259di yax\u0131nl\u0131\u011f\u0131nda t\u00fcrk \u0259sg\u0259rl\u0259rin\u0259 qar\u015f\u0131 h\u0259rbi q\u00fcvv\u0259 g\u00f6st\u0259risi edib.\n<\/p>\n<p>\n  Pensin s\u00f6zl\u0259rin\u0259 g\u00f6r\u0259, \u018frdo\u011fan Trampla telefon dan\u0131\u015f\u0131\u011f\u0131 zaman\u0131 s\u00f6z verib ki, T\u00fcrkiy\u0259 AB\u015e \u00fc\u00e7\u00fcn strateji \u0259h\u0259miyy\u0259t da\u015f\u0131yan Kobaniy\u0259 h\u00fccum etm\u0259y\u0259c\u0259k. \u018frdo\u011fan is\u0259 bel\u0259 bir s\u00f6z\u00fcn verilm\u0259diyini deyib.\n<\/p>\n<p>\n  AB\u015e q\u00fcvv\u0259l\u0259rinin b\u00f6lg\u0259d\u0259n \u00e7\u0131xmas\u0131yla t\u00fcrk q\u00fcvv\u0259l\u0259ri il\u0259 yana\u015f\u0131 Rusiyan\u0131n da Suriyan\u0131n \u015fimal\u0131na t\u0259l\u0259sm\u0259sin\u0259 g\u0259tirib \u00e7\u0131xar\u0131b.<\/p>\n","protected":false},"excerpt":{"rendered":"<p>Administrasiya \u018frdo\u011fan\u0131 ke\u00e7\u0259n h\u0259ft\u0259 Va\u015finqtonun yax\u0131n m\u00fctt\u0259fiqi olan suriyal\u0131 k\u00fcrd silahl\u0131 q\u00fcvv\u0259l\u0259rin\u0259 qar\u015f\u0131 ba\u015flam\u0131\u015f h\u00fccumdan yay\u0131nd\u0131rma\u011fa \u00e7al\u0131\u015f\u0131r.<\/p>\n","protected":false},"author":11,"featured_media":131492,"comment_status":"closed","ping_status":"open","sticky":false,"template":"","format":"standard","meta":{"_acf_changed":false,"_sitemap_exclude":false,"_sitemap_priority":"","_sitemap_frequency":"","footnotes":""},"categories":[64],"tags":[],"class_list":["post-197481","post","type-post","status-publish","format-standard","has-post-thumbnail","hentry","category-dunya","infinite-scroll-item","generate-columns","tablet-grid-50","mobile-grid-100","grid-parent","grid-33","no-featured-image-padding"],"acf":[],"yoast_head":"<!-- This site is optimized with the Yoast SEO plugin v27.5 - https:\/\/yoast.com\/product\/yoast-seo-wordpress\/ -->\n<title>AB\u015e r\u0259smil\u0259ri T\u00fcrkiy\u0259d\u0259 - MEYDAN.TV<\/title>\n<meta name=\"robots\" content=\"index, follow, max-snippet:-1, max-image-preview:large, max-video-preview:-1\" \/>\n<link rel=\"canonical\" href=\"https:\/\/www.meydan.tv\/az\/article\/abs-resmileri-turkiyede\/\" \/>\n<meta property=\"og:locale\" content=\"az_AZ\" \/>\n<meta property=\"og:type\" content=\"article\" \/>\n<meta property=\"og:title\" content=\"AB\u015e r\u0259smil\u0259ri T\u00fcrkiy\u0259d\u0259 - MEYDAN.TV\" \/>\n<meta property=\"og:description\" content=\"Administrasiya \u018frdo\u011fan\u0131 ke\u00e7\u0259n h\u0259ft\u0259 Va\u015finqtonun yax\u0131n m\u00fctt\u0259fiqi olan suriyal\u0131 k\u00fcrd silahl\u0131 q\u00fcvv\u0259l\u0259rin\u0259 qar\u015f\u0131 ba\u015flam\u0131\u015f h\u00fccumdan yay\u0131nd\u0131rma\u011fa \u00e7al\u0131\u015f\u0131r.\" \/>\n<meta property=\"og:url\" content=\"https:\/\/www.meydan.tv\/az\/article\/abs-resmileri-turkiyede\/\" \/>\n<meta property=\"og:site_name\" content=\"MEYDAN.TV\" \/>\n<meta property=\"article:published_time\" content=\"2019-10-16T20:46:42+00:00\" \/>\n<meta property=\"og:image\" content=\"https:\/\/www.meydan.tv\/wp-content\/uploads\/pompeo.jpg\" \/>\n\t<meta property=\"og:image:width\" content=\"852\" \/>\n\t<meta property=\"og:image:height\" content=\"480\" \/>\n\t<meta property=\"og:image:type\" content=\"image\/jpeg\" \/>\n<meta name=\"author\" content=\"user-manager\" \/>\n<meta name=\"twitter:card\" content=\"summary_large_image\" \/>\n<script type=\"application\/ld+json\" class=\"yoast-schema-graph\">{\"@context\":\"https:\\\/\\\/schema.org\",\"@graph\":[{\"@type\":\"Article\",\"@id\":\"https:\\\/\\\/www.meydan.tv\\\/az\\\/article\\\/abs-resmileri-turkiyede\\\/#article\",\"isPartOf\":{\"@id\":\"https:\\\/\\\/www.meydan.tv\\\/az\\\/article\\\/abs-resmileri-turkiyede\\\/\"},\"author\":{\"name\":\"user-manager\",\"@id\":\"https:\\\/\\\/www.meydan.tv\\\/az\\\/#\\\/schema\\\/person\\\/10d11eccf6da3662cf5fdab9806ea91a\"},\"headline\":\"AB\u015e r\u0259smil\u0259ri T\u00fcrkiy\u0259d\u0259\",\"datePublished\":\"2019-10-16T20:46:42+00:00\",\"mainEntityOfPage\":{\"@id\":\"https:\\\/\\\/www.meydan.tv\\\/az\\\/article\\\/abs-resmileri-turkiyede\\\/\"},\"wordCount\":633,\"publisher\":{\"@id\":\"https:\\\/\\\/www.meydan.tv\\\/az\\\/#organization\"},\"image\":{\"@id\":\"https:\\\/\\\/www.meydan.tv\\\/az\\\/article\\\/abs-resmileri-turkiyede\\\/#primaryimage\"},\"thumbnailUrl\":\"https:\\\/\\\/www.meydan.tv\\\/wp-content\\\/uploads\\\/pompeo.jpg\",\"articleSection\":[\"D\u00fcnya\"],\"inLanguage\":\"az\"},{\"@type\":\"WebPage\",\"@id\":\"https:\\\/\\\/www.meydan.tv\\\/az\\\/article\\\/abs-resmileri-turkiyede\\\/\",\"url\":\"https:\\\/\\\/www.meydan.tv\\\/az\\\/article\\\/abs-resmileri-turkiyede\\\/\",\"name\":\"AB\u015e r\u0259smil\u0259ri T\u00fcrkiy\u0259d\u0259 - MEYDAN.TV\",\"isPartOf\":{\"@id\":\"https:\\\/\\\/www.meydan.tv\\\/az\\\/#website\"},\"primaryImageOfPage\":{\"@id\":\"https:\\\/\\\/www.meydan.tv\\\/az\\\/article\\\/abs-resmileri-turkiyede\\\/#primaryimage\"},\"image\":{\"@id\":\"https:\\\/\\\/www.meydan.tv\\\/az\\\/article\\\/abs-resmileri-turkiyede\\\/#primaryimage\"},\"thumbnailUrl\":\"https:\\\/\\\/www.meydan.tv\\\/wp-content\\\/uploads\\\/pompeo.jpg\",\"datePublished\":\"2019-10-16T20:46:42+00:00\",\"breadcrumb\":{\"@id\":\"https:\\\/\\\/www.meydan.tv\\\/az\\\/article\\\/abs-resmileri-turkiyede\\\/#breadcrumb\"},\"inLanguage\":\"az\",\"potentialAction\":[{\"@type\":\"ReadAction\",\"target\":[\"https:\\\/\\\/www.meydan.tv\\\/az\\\/article\\\/abs-resmileri-turkiyede\\\/\"]}]},{\"@type\":\"ImageObject\",\"inLanguage\":\"az\",\"@id\":\"https:\\\/\\\/www.meydan.tv\\\/az\\\/article\\\/abs-resmileri-turkiyede\\\/#primaryimage\",\"url\":\"https:\\\/\\\/www.meydan.tv\\\/wp-content\\\/uploads\\\/pompeo.jpg\",\"contentUrl\":\"https:\\\/\\\/www.meydan.tv\\\/wp-content\\\/uploads\\\/pompeo.jpg\",\"width\":852,\"height\":480,\"caption\":\"Source: Foto: google.az\"},{\"@type\":\"BreadcrumbList\",\"@id\":\"https:\\\/\\\/www.meydan.tv\\\/az\\\/article\\\/abs-resmileri-turkiyede\\\/#breadcrumb\",\"itemListElement\":[{\"@type\":\"ListItem\",\"position\":1,\"name\":\"Ana s\u0259hif\u0259\",\"item\":\"https:\\\/\\\/www.meydan.tv\\\/az\\\/\"},{\"@type\":\"ListItem\",\"position\":2,\"name\":\"D\u00fcnya\",\"item\":\"https:\\\/\\\/www.meydan.tv\\\/az\\\/section\\\/dunya\\\/\"},{\"@type\":\"ListItem\",\"position\":3,\"name\":\"AB\u015e r\u0259smil\u0259ri T\u00fcrkiy\u0259d\u0259\"}]},{\"@type\":\"WebSite\",\"@id\":\"https:\\\/\\\/www.meydan.tv\\\/az\\\/#website\",\"url\":\"https:\\\/\\\/www.meydan.tv\\\/az\\\/\",\"name\":\"MEYDAN.TV\",\"description\":\"Meydan TV Az\u0259rbaycan\u0131n media m\u0259kan\u0131ndak\u0131 alternativ s\u0259sidir\",\"publisher\":{\"@id\":\"https:\\\/\\\/www.meydan.tv\\\/az\\\/#organization\"},\"potentialAction\":[{\"@type\":\"SearchAction\",\"target\":{\"@type\":\"EntryPoint\",\"urlTemplate\":\"https:\\\/\\\/www.meydan.tv\\\/az\\\/?s={search_term_string}\"},\"query-input\":{\"@type\":\"PropertyValueSpecification\",\"valueRequired\":true,\"valueName\":\"search_term_string\"}}],\"inLanguage\":\"az\"},{\"@type\":\"Organization\",\"@id\":\"https:\\\/\\\/www.meydan.tv\\\/az\\\/#organization\",\"name\":\"Meydan TV\",\"url\":\"https:\\\/\\\/www.meydan.tv\\\/az\\\/\",\"logo\":{\"@type\":\"ImageObject\",\"inLanguage\":\"az\",\"@id\":\"https:\\\/\\\/www.meydan.tv\\\/az\\\/#\\\/schema\\\/logo\\\/image\\\/\",\"url\":\"https:\\\/\\\/www.meydan.tv\\\/wp-content\\\/uploads\\\/2021\\\/07\\\/meydan-logo.svg\",\"contentUrl\":\"https:\\\/\\\/www.meydan.tv\\\/wp-content\\\/uploads\\\/2021\\\/07\\\/meydan-logo.svg\",\"width\":195,\"height\":46,\"caption\":\"Meydan TV\"},\"image\":{\"@id\":\"https:\\\/\\\/www.meydan.tv\\\/az\\\/#\\\/schema\\\/logo\\\/image\\\/\"}},{\"@type\":\"Person\",\"@id\":\"https:\\\/\\\/www.meydan.tv\\\/az\\\/#\\\/schema\\\/person\\\/10d11eccf6da3662cf5fdab9806ea91a\",\"name\":\"user-manager\"}]}<\/script>\n<!-- \/ Yoast SEO plugin. -->","yoast_head_json":{"title":"AB\u015e r\u0259smil\u0259ri T\u00fcrkiy\u0259d\u0259 - MEYDAN.TV","robots":{"index":"index","follow":"follow","max-snippet":"max-snippet:-1","max-image-preview":"max-image-preview:large","max-video-preview":"max-video-preview:-1"},"canonical":"https:\/\/www.meydan.tv\/az\/article\/abs-resmileri-turkiyede\/","og_locale":"az_AZ","og_type":"article","og_title":"AB\u015e r\u0259smil\u0259ri T\u00fcrkiy\u0259d\u0259 - MEYDAN.TV","og_description":"Administrasiya \u018frdo\u011fan\u0131 ke\u00e7\u0259n h\u0259ft\u0259 Va\u015finqtonun yax\u0131n m\u00fctt\u0259fiqi olan suriyal\u0131 k\u00fcrd silahl\u0131 q\u00fcvv\u0259l\u0259rin\u0259 qar\u015f\u0131 ba\u015flam\u0131\u015f h\u00fccumdan yay\u0131nd\u0131rma\u011fa \u00e7al\u0131\u015f\u0131r.","og_url":"https:\/\/www.meydan.tv\/az\/article\/abs-resmileri-turkiyede\/","og_site_name":"MEYDAN.TV","article_published_time":"2019-10-16T20:46:42+00:00","og_image":[{"width":852,"height":480,"url":"https:\/\/www.meydan.tv\/wp-content\/uploads\/pompeo.jpg","type":"image\/jpeg"}],"author":"user-manager","twitter_card":"summary_large_image","schema":{"@context":"https:\/\/schema.org","@graph":[{"@type":"Article","@id":"https:\/\/www.meydan.tv\/az\/article\/abs-resmileri-turkiyede\/#article","isPartOf":{"@id":"https:\/\/www.meydan.tv\/az\/article\/abs-resmileri-turkiyede\/"},"author":{"name":"user-manager","@id":"https:\/\/www.meydan.tv\/az\/#\/schema\/person\/10d11eccf6da3662cf5fdab9806ea91a"},"headline":"AB\u015e r\u0259smil\u0259ri T\u00fcrkiy\u0259d\u0259","datePublished":"2019-10-16T20:46:42+00:00","mainEntityOfPage":{"@id":"https:\/\/www.meydan.tv\/az\/article\/abs-resmileri-turkiyede\/"},"wordCount":633,"publisher":{"@id":"https:\/\/www.meydan.tv\/az\/#organization"},"image":{"@id":"https:\/\/www.meydan.tv\/az\/article\/abs-resmileri-turkiyede\/#primaryimage"},"thumbnailUrl":"https:\/\/www.meydan.tv\/wp-content\/uploads\/pompeo.jpg","articleSection":["D\u00fcnya"],"inLanguage":"az"},{"@type":"WebPage","@id":"https:\/\/www.meydan.tv\/az\/article\/abs-resmileri-turkiyede\/","url":"https:\/\/www.meydan.tv\/az\/article\/abs-resmileri-turkiyede\/","name":"AB\u015e r\u0259smil\u0259ri T\u00fcrkiy\u0259d\u0259 - MEYDAN.TV","isPartOf":{"@id":"https:\/\/www.meydan.tv\/az\/#website"},"primaryImageOfPage":{"@id":"https:\/\/www.meydan.tv\/az\/article\/abs-resmileri-turkiyede\/#primaryimage"},"image":{"@id":"https:\/\/www.meydan.tv\/az\/article\/abs-resmileri-turkiyede\/#primaryimage"},"thumbnailUrl":"https:\/\/www.meydan.tv\/wp-content\/uploads\/pompeo.jpg","datePublished":"2019-10-16T20:46:42+00:00","breadcrumb":{"@id":"https:\/\/www.meydan.tv\/az\/article\/abs-resmileri-turkiyede\/#breadcrumb"},"inLanguage":"az","potentialAction":[{"@type":"ReadAction","target":["https:\/\/www.meydan.tv\/az\/article\/abs-resmileri-turkiyede\/"]}]},{"@type":"ImageObject","inLanguage":"az","@id":"https:\/\/www.meydan.tv\/az\/article\/abs-resmileri-turkiyede\/#primaryimage","url":"https:\/\/www.meydan.tv\/wp-content\/uploads\/pompeo.jpg","contentUrl":"https:\/\/www.meydan.tv\/wp-content\/uploads\/pompeo.jpg","width":852,"height":480,"caption":"Source: Foto: google.az"},{"@type":"BreadcrumbList","@id":"https:\/\/www.meydan.tv\/az\/article\/abs-resmileri-turkiyede\/#breadcrumb","itemListElement":[{"@type":"ListItem","position":1,"name":"Ana s\u0259hif\u0259","item":"https:\/\/www.meydan.tv\/az\/"},{"@type":"ListItem","position":2,"name":"D\u00fcnya","item":"https:\/\/www.meydan.tv\/az\/section\/dunya\/"},{"@type":"ListItem","position":3,"name":"AB\u015e r\u0259smil\u0259ri T\u00fcrkiy\u0259d\u0259"}]},{"@type":"WebSite","@id":"https:\/\/www.meydan.tv\/az\/#website","url":"https:\/\/www.meydan.tv\/az\/","name":"MEYDAN.TV","description":"Meydan TV Az\u0259rbaycan\u0131n media m\u0259kan\u0131ndak\u0131 alternativ s\u0259sidir","publisher":{"@id":"https:\/\/www.meydan.tv\/az\/#organization"},"potentialAction":[{"@type":"SearchAction","target":{"@type":"EntryPoint","urlTemplate":"https:\/\/www.meydan.tv\/az\/?s={search_term_string}"},"query-input":{"@type":"PropertyValueSpecification","valueRequired":true,"valueName":"search_term_string"}}],"inLanguage":"az"},{"@type":"Organization","@id":"https:\/\/www.meydan.tv\/az\/#organization","name":"Meydan TV","url":"https:\/\/www.meydan.tv\/az\/","logo":{"@type":"ImageObject","inLanguage":"az","@id":"https:\/\/www.meydan.tv\/az\/#\/schema\/logo\/image\/","url":"https:\/\/www.meydan.tv\/wp-content\/uploads\/2021\/07\/meydan-logo.svg","contentUrl":"https:\/\/www.meydan.tv\/wp-content\/uploads\/2021\/07\/meydan-logo.svg","width":195,"height":46,"caption":"Meydan TV"},"image":{"@id":"https:\/\/www.meydan.tv\/az\/#\/schema\/logo\/image\/"}},{"@type":"Person","@id":"https:\/\/www.meydan.tv\/az\/#\/schema\/person\/10d11eccf6da3662cf5fdab9806ea91a","name":"user-manager"}]}},"_links":{"self":[{"href":"https:\/\/www.meydan.tv\/az\/wp-json\/wp\/v2\/posts\/197481","targetHints":{"allow":["GET"]}}],"collection":[{"href":"https:\/\/www.meydan.tv\/az\/wp-json\/wp\/v2\/posts"}],"about":[{"href":"https:\/\/www.meydan.tv\/az\/wp-json\/wp\/v2\/types\/post"}],"author":[{"embeddable":true,"href":"https:\/\/www.meydan.tv\/az\/wp-json\/wp\/v2\/users\/11"}],"replies":[{"embeddable":true,"href":"https:\/\/www.meydan.tv\/az\/wp-json\/wp\/v2\/comments?post=197481"}],"version-history":[{"count":0,"href":"https:\/\/www.meydan.tv\/az\/wp-json\/wp\/v2\/posts\/197481\/revisions"}],"wp:featuredmedia":[{"embeddable":true,"href":"https:\/\/www.meydan.tv\/az\/wp-json\/wp\/v2\/media\/131492"}],"wp:attachment":[{"href":"https:\/\/www.meydan.tv\/az\/wp-json\/wp\/v2\/media?parent=197481"}],"wp:term":[{"taxonomy":"category","embeddable":true,"href":"https:\/\/www.meydan.tv\/az\/wp-json\/wp\/v2\/categories?post=197481"},{"taxonomy":"post_tag","embeddable":true,"href":"https:\/\/www.meydan.tv\/az\/wp-json\/wp\/v2\/tags?post=197481"}],"curies":[{"name":"wp","href":"https:\/\/api.w.org\/{rel}","templated":true}]}}