{"id":197479,"date":"2019-10-16T14:58:06","date_gmt":"2019-10-16T14:58:06","guid":{"rendered":"https:\/\/www.meydan.tv\/article\/siyezen-sakinleri-hansi-esrde-yasayiriq-ki-binada-cemi-bir-ayaqyolu-olsun\/"},"modified":"2019-10-16T14:58:06","modified_gmt":"2019-10-16T14:58:06","slug":"siyezen-sakinleri-hansi-esrde-yasayiriq-ki-binada-cemi-bir-ayaqyolu-olsun","status":"publish","type":"post","link":"https:\/\/www.meydan.tv\/az\/article\/siyezen-sakinleri-hansi-esrde-yasayiriq-ki-binada-cemi-bir-ayaqyolu-olsun\/","title":{"rendered":"Siy\u0259z\u0259n sakinl\u0259ri: Hans\u0131 \u0259srd\u0259 ya\u015fay\u0131r\u0131q ki, binada c\u0259mi bir ayaqyolu olsun?"},"content":{"rendered":"<p>\n  <i><br \/>\n    \u201cBel\u0259 \u00e7\u0131x\u0131r ki, bizi adam saym\u0131rlar\u201d<br \/>\n  <\/i>\n<\/p>\n<p>\n  \u201cH\u0259yat\u0131m\u0131zdan bezmi\u015fik, kas\u0131bl\u0131q, s\u0259fal\u0259t bir yandan, dig\u0259r yandan da u\u00e7uq-s\u00f6k\u00fck, x\u0259st\u0259lik m\u0259nb\u0259yi olan k\u00f6hn\u0259 binada ya\u015fay\u0131r\u0131q. Yayda \u00fcfun\u0259tin, anti-sanitariyan\u0131n, bit-bir\u0259nin \u0259lind\u0259n burada ya\u015famaq olmur. Tualetin iyind\u0259n evin i\u00e7ind\u0259 ba\u015f\u0131m\u0131z \u00e7atlay\u0131r. H\u0259r g\u00fcn vedr\u0259-vedr\u0259 su da\u015f\u0131y\u0131b, ayaqyolunu yuyuram, amma he\u00e7 bir faydas\u0131 yoxdur \u201d.\n<\/p>\n<p>\n  Bu s\u00f6zl\u0259ri Meydan TV-y\u0259 Siy\u0259z\u0259n M\u0259nzil \u0130stismar Sah\u0259sinin balans\u0131nda olan 1 sayl\u0131 f\u0259hl\u0259 yataqxanas\u0131nda m\u0259skunla\u015fan Xuraman Nurm\u0259mm\u0259dova deyir. O, \u015fikay\u0259t edir ki, ya\u015fad\u0131qlar\u0131 binan\u0131n probleml\u0259ri saymaqla bitmir:\n<\/p>\n<p>\n  \u201cQar\u015f\u0131dan q\u0131\u015f g\u0259lir, amma ill\u0259rdir bu binada qaz yoxdur. Elektrik enerjisi il\u0259 d\u0259 otaqlar\u0131 istim\u0259k biz\u0259 baha ba\u015fa g\u0259lir. \u0130\u015f\u0131\u011fa verdiyim pula, \u0259t alaram, balalar\u0131m yey\u0259r. Gec\u0259l\u0259r s\u00fcp\u00fcrg\u0259\u00e7i i\u015fl\u0259yir\u0259m, ald\u0131\u011f\u0131m q\u0259pik-quru\u015fu da i\u015f\u0131\u011fa vers\u0259m, g\u0259r\u0259k ac\u0131ndan \u00f6l\u0259k. Binan\u0131 t\u0259mir etm\u0259k, bura qaz x\u0259tti \u00e7\u0259km\u0259k ist\u0259mirl\u0259r. \u0130mkan\u0131m\u0131z olsa, bel\u0259 \u015f\u0259raitd\u0259 ya\u015fama\u011f\u0131 \u00f6z\u00fcm\u00fcz\u0259 r\u0259va g\u00f6rm\u0259rik. \u00c7ox xahi\u015f edir\u0259m, biz\u0259 k\u00f6m\u0259klik etsinl\u0259r\u201d.\n<\/p>\n<figure class=\"wp-block-image size-large\">\n  <img decoding=\"async\" src=\"https:\/\/www.meydan.tv\/az\/image_from_ios-4-jpg-75\/\" alt=\"image_from_ios (4).jpg\" class=\"wp-image-131438\"\/><figcaption>\n    &#8220;\u0130mkan\u0131m\u0131z olsa, bel\u0259 \u015f\u0259raitd\u0259 ya\u015fama\u011f\u0131 \u00f6z\u00fcm\u00fcz\u0259 r\u0259va g\u00f6rm\u0259rik&#8221;<br \/>\n  <\/figcaption><\/figure>\n<p>\n  \u201cBinada \u0259vv\u0259ll\u0259r qaz olub, sonralar Siy\u0259z\u0259n M\u0259nzil \u0130stismar Sah\u0259sinin balans\u0131na veril\u0259n kimi g\u0259lib, qaz\u0131m\u0131z\u0131 k\u0259sdil\u0259r. Yalandan da b\u0259han\u0259 g\u0259tirdil\u0259r ki, guya binaya qaz verm\u0259k t\u0259hl\u00fck\u0259lidir. D\u0259f\u0259l\u0259rl\u0259 icra hakimiyy\u0259tin\u0259 m\u00fcraci\u0259t etmi\u015fik, lakin he\u00e7 bir n\u0259tic\u0259si olmay\u0131b. Bel\u0259 \u00e7\u0131x\u0131r ki, bizi adam saym\u0131rlar. Burada k\u00f6rp\u0259 u\u015faqlar\u0131m\u0131z b\u00f6y\u00fcy\u00fcr, v\u0259ziyy\u0259t g\u00fcnd\u0259n-g\u00fcn\u0259 daha da pisl\u0259\u015fir, anti-sanitariya ba\u015f al\u0131b gedir. Bit-bir\u0259, x\u0259st\u0259lik m\u0259nb\u0259yidir. Sabah m\u0259nim u\u015fa\u011f\u0131m x\u0259st\u0259l\u0259ns\u0259, yax\u0131n durub, 1 manat pul ver\u0259n olmayacaq. B\u00fct\u00fcn bunlara d\u00f6zm\u0259k olar, he\u00e7 olmasa, qaz\u0131m\u0131z\u0131 b\u0259rpa etsinl\u0259r\u201d, &#8211; bina sakini G\u00fclar\u0259 N\u0259z\u0259rova deyir.\n<\/p>\n<p>\n  Sakinl\u0259rin s\u00f6yl\u0259diyin\u0259 g\u00f6r\u0259, ikim\u0259rt\u0259b\u0259li binada on be\u015f ail\u0259 ya\u015fay\u0131r. H\u0259r ail\u0259d\u0259 d\u0259 3-4 u\u015faq var. Binan\u0131n sanitar qov\u015fa\u011f\u0131 bir oldu\u011fu \u00fc\u00e7\u00fcn t\u0259mizliy\u0259 riay\u0259t etm\u0259k d\u0259 \u00e7\u0259tinl\u0259\u015fir:\n<\/p>\n<p>\n  \u201cHamam\u0131m\u0131z yoxdur, evd\u0259 su q\u0131z\u0131d\u0131r\u0131b, u\u015faqlar\u0131 vannada yuyundururuq. Kimin d\u0259 qohum-\u0259qrabas\u0131 varsa, onun hamam\u0131na gedir. \u0130ndi siz t\u0259s\u0259vv\u00fcr edin, h\u0259r\u0259sind\u0259 \u0259n az\u0131 4 n\u0259f\u0259r olan ail\u0259 ham\u0131 bir ayaqyoluna gedir. \u00c7ox a\u011f\u0131r \u015f\u0259raitd\u0259 ya\u015fay\u0131r\u0131q, bina \u00e7ox k\u00f6hn\u0259dir, m\u0259cburiyy\u0259td\u0259n burada qal\u0131r\u0131q, kimin imkan\u0131 varsa, m\u0259nzilind\u0259 orta \u015f\u0259rait yarad\u0131b. Hans\u0131 \u0259srd\u0259 ya\u015fay\u0131r\u0131q ki, b\u00f6y\u00fck binan\u0131n bir ayaqyolu olsun? \u00dcfun\u0259t iyind\u0259n burada he\u00e7 kim ya\u015famaz, amma biz imkans\u0131zl\u0131qdan d\u00f6z\u00fcb ya\u015fay\u0131r\u0131q. M\u0259nim evim yoxdur, kiray\u0259 qal\u0131rd\u0131m, ayda 70 manat pul verirdik. Yolda\u015f\u0131m v\u0259r\u0259m x\u0259st\u0259sidir, m\u0259n d\u0259 astma. U\u015faqlar\u0131m\u0131z\u0131n d\u0259rdind\u0259n g\u0259lib, bu x\u0259st\u0259lik m\u0259nb\u0259yind\u0259, d\u00f6z\u00fclm\u0259z \u015f\u0259raitd\u0259 ya\u015fay\u0131r\u0131q\u201d, &#8211; R\u0259na Muxtarova deyir.\n<\/p>\n<figure class=\"wp-block-image size-large\">\n  <img decoding=\"async\" src=\"https:\/\/www.meydan.tv\/az\/image_from_ios-6-jpg-46\/\" alt=\"image_from_ios (6).jpg\" class=\"wp-image-131444\"\/><figcaption>\n    &#8220;Bit-bir\u0259, x\u0259st\u0259lik m\u0259nb\u0259yidir&#8221;<br \/>\n  <\/figcaption><\/figure>\n<p>\n  Sakinl\u0259r s\u00f6yl\u0259yirl\u0259r ki, Siy\u0259z\u0259n Rayon \u0130cra Hakimiyy\u0259ti n\u00fcmay\u0259nd\u0259l\u0259ri binan\u0131 t\u0259mir\u0259 saxlad\u0131qlar\u0131n\u0131 deyibl\u0259r, lakin sonradan he\u00e7 bir x\u0259b\u0259r-\u0259t\u0259r \u00e7\u0131xmay\u0131b:\n<\/p>\n<p>\n  \u201cAncaq yalandan v\u0259dl\u0259r verirl\u0259r, ne\u00e7\u0259 ildir g\u00f6zl\u0259yirik, amma g\u0259lib, maraqlanan yoxdur. Bu bina il\u0259 icra hakimiyy\u0259tinin aras\u0131 piyada 10 d\u0259qiq\u0259lik yoldur. Amma orada oturanlar z\u0259hm\u0259t \u00e7\u0259kib, bina il\u0259 maraqlanm\u0131rlar. Q\u0131\u015f g\u0259lir, qaz\u0131m\u0131z yoxdur, yen\u0259 soyuqdan q\u0131r\u0131l\u0131b bataca\u011f\u0131q. \u0130cra hakimiyy\u0259tin\u0259 m\u00fcraci\u0259t etmi\u015fik ki, binaya say\u011fac qura\u015fd\u0131rs\u0131nlar, biz d\u0259 i\u015fl\u0259tdiyimiz qaz\u0131n pulunu ver\u0259k. Ona da b\u0259han\u0259l\u0259ri var ki, bura t\u0259hl\u00fck\u0259li yerdir\u201d.\n<\/p>\n<p>\n  Siy\u0259z\u0259n M\u0259nzil \u0130stismar Sah\u0259sinin m\u00fcdiri Vidadi Muradov Meydan TV- y\u0259 bildirib ki, binada m\u0259skunla\u015fan v\u0259t\u0259nda\u015flar kiray\u0259 m\u00fcqavil\u0259si imzalam\u0131rlar:\n<\/p>\n<p>\n  \u201cV\u0259t\u0259nda\u015f m\u00fcqavil\u0259 imzalasa, vergi \u00f6d\u0259yicisi olacaq. Onlar da vergi \u00f6d\u0259m\u0259k ist\u0259mirl\u0259r. Qeydiyyat olmayanda da qaz problem \u00fc\u00e7\u00fcn m\u00fcraci\u0259t ed\u0259 bilmirl\u0259r. H\u0259min binada m\u0259nzill\u0259r vaxtil\u0259 v\u0259t\u0259nda\u015flara s\u0131\u011f\u0131nacaq m\u0259qs\u0259dil\u0259 verilib. Haz\u0131rk\u0131 sakinl\u0259r sui-istifad\u0259 edirl\u0259r, otaqlar\u0131 m\u0259nims\u0259m\u0259k ist\u0259yirl\u0259r. Anlam\u0131rlar ki, \u00f6zba\u015fnal\u0131q deyil, d\u00f6vl\u0259tin balans\u0131nda olan bir idar\u0259dir. M\u0259nzill\u0259r v\u0259t\u0259nda\u015flara m\u00fcv\u0259qq\u0259ti s\u0131\u011f\u0131nacaq m\u0259qs\u0259dil\u0259 verilib. \u015e\u0259raitini yax\u015f\u0131la\u015fd\u0131r, sonra get, ba\u015fqa yerd\u0259 ya\u015fa. Bu g\u00fcn\u0259 kimi he\u00e7 kim h\u0259min binadan \u00e7\u0131xar\u0131lmay\u0131b, incidilm\u0259yib. Kimis\u0259 d\u0259 oradan \u00e7\u0131xarmaq fikrimiz yoxdur. Sad\u0259c\u0259, insafl\u0131 olmaq laz\u0131md\u0131r, binan\u0131n pis v\u0259ziyy\u0259t\u0259 d\u00fc\u015fm\u0259yinin birinci s\u0259b\u0259bkar\u0131 onlard\u0131r. Siy\u0259z\u0259n Rayon Gigiyena v\u0259 Epidemiologiya M\u0259rk\u0259zi binan\u0131n yax\u0131nl\u0131\u011f\u0131ndad\u0131r, orada m\u00fct\u0259madi olaraq d\u0259rmanlanma i\u015fl\u0259ri apar\u0131l\u0131r.\n<\/p>\n<figure class=\"wp-block-image size-large\">\n  <img decoding=\"async\" src=\"https:\/\/www.meydan.tv\/az\/image_from_ios-7-jpg-30\/\" alt=\"image_from_ios (7).jpg\" class=\"wp-image-131447\"\/><figcaption>\n    &#8220;Ancaq yalandan v\u0259dl\u0259r verirl\u0259r, ne\u00e7\u0259 ildir g\u00f6zl\u0259yirik, amma g\u0259lib, maraqlanan yoxdur&#8221;<br \/>\n  <\/figcaption><\/figure>\n<p>\n  Binan\u0131n yenid\u0259n t\u0259mir-b\u0259rpa olmas\u0131 m\u0259s\u0259l\u0259si aktuald\u0131r. \u00c7\u00fcnki tikintinin v\u0259ziyy\u0259ti ac\u0131nacaql\u0131 durumdad\u0131r. B\u00fcdc\u0259d\u0259n v\u0259sait ayr\u0131ld\u0131qdan sonra restavrasiya i\u015fl\u0259rin\u0259 ba\u015flan\u0131lacaq. Bu il, yaxud iki ild\u0259n sonra olacaq dey\u0259 bilmir\u0259m, amma t\u0259mir i\u015fl\u0259ri g\u00f6zl\u0259nilir\u201d.\n<\/p>\n<p>\n  Siy\u0259z\u0259n Rayon \u0130cra Hakimiyy\u0259tinin Memarl\u0131q v\u0259 tikinti \u015f\u00f6b\u0259sinin \u015f\u00f6b\u0259 m\u00fcdiri, ba\u015f memar S\u0259xav\u0259t Novruzov Meydan TV-y\u0259 binada t\u0259mir-b\u0259rpa i\u015fl\u0259rinin n\u0259z\u0259rd\u0259 tutuldu\u011funu deyib:\n<\/p>\n<p>\n  \u201cT\u0259mir asan ba\u015fa g\u0259l\u0259n m\u0259s\u0259l\u0259 deyil. Bunun \u00fc\u00e7\u00fcn g\u0259r\u0259k v\u0259sait ayr\u0131ls\u0131n. Haz\u0131rda \u00e7oxm\u0259nzilli binalar\u0131n t\u0259miri il\u0259 m\u0259\u015f\u011fuluq. Y\u0259qin ki, ora da g\u0259lib, \u00e7atar\u0131q\u201d.\n<\/p>\n<figure class=\"wp-block-image size-large\">\n  <img decoding=\"async\" src=\"https:\/\/www.meydan.tv\/az\/image_from_ios-10-jpg-16\/\" alt=\"image_from_ios (10).jpg\" class=\"wp-image-131456\"\/><figcaption>\n    &#8220;\u00dcfun\u0259t iyind\u0259n burada he\u00e7 kim ya\u015famaz, amma biz imkans\u0131zl\u0131qdan d\u00f6z\u00fcb ya\u015fay\u0131r\u0131q&#8221;<br \/>\n  <\/figcaption><\/figure>\n","protected":false},"excerpt":{"rendered":"<p>\u00dcfun\u0259t iyind\u0259n burada he\u00e7 kim ya\u015famaz, amma biz imkans\u0131zl\u0131qdan d\u00f6z\u00fcb ya\u015fay\u0131r\u0131q<\/p>\n","protected":false},"author":11,"featured_media":131441,"comment_status":"closed","ping_status":"open","sticky":false,"template":"","format":"standard","meta":{"_acf_changed":false,"_sitemap_exclude":false,"_sitemap_priority":"","_sitemap_frequency":"","footnotes":""},"categories":[60],"tags":[],"class_list":["post-197479","post","type-post","status-publish","format-standard","has-post-thumbnail","hentry","category-bolge","infinite-scroll-item","generate-columns","tablet-grid-50","mobile-grid-100","grid-parent","grid-33","no-featured-image-padding"],"acf":[],"yoast_head":"<!-- This site is optimized with the Yoast SEO plugin v27.5 - https:\/\/yoast.com\/product\/yoast-seo-wordpress\/ -->\n<title>Siy\u0259z\u0259n sakinl\u0259ri: Hans\u0131 \u0259srd\u0259 ya\u015fay\u0131r\u0131q ki, binada c\u0259mi bir ayaqyolu olsun? - MEYDAN.TV<\/title>\n<meta name=\"robots\" content=\"index, follow, max-snippet:-1, max-image-preview:large, max-video-preview:-1\" \/>\n<link rel=\"canonical\" href=\"https:\/\/www.meydan.tv\/az\/article\/siyezen-sakinleri-hansi-esrde-yasayiriq-ki-binada-cemi-bir-ayaqyolu-olsun\/\" \/>\n<meta property=\"og:locale\" content=\"az_AZ\" \/>\n<meta property=\"og:type\" content=\"article\" \/>\n<meta property=\"og:title\" content=\"Siy\u0259z\u0259n sakinl\u0259ri: Hans\u0131 \u0259srd\u0259 ya\u015fay\u0131r\u0131q ki, binada c\u0259mi bir ayaqyolu olsun? - MEYDAN.TV\" \/>\n<meta property=\"og:description\" content=\"\u00dcfun\u0259t iyind\u0259n burada he\u00e7 kim ya\u015famaz, amma biz imkans\u0131zl\u0131qdan d\u00f6z\u00fcb ya\u015fay\u0131r\u0131q\" \/>\n<meta property=\"og:url\" content=\"https:\/\/www.meydan.tv\/az\/article\/siyezen-sakinleri-hansi-esrde-yasayiriq-ki-binada-cemi-bir-ayaqyolu-olsun\/\" \/>\n<meta property=\"og:site_name\" content=\"MEYDAN.TV\" \/>\n<meta property=\"article:published_time\" content=\"2019-10-16T14:58:06+00:00\" \/>\n<meta property=\"og:image\" content=\"https:\/\/www.meydan.tv\/wp-content\/uploads\/image_from_ios_5_jtwwlmq.jpg\" \/>\n\t<meta property=\"og:image:width\" content=\"960\" \/>\n\t<meta property=\"og:image:height\" content=\"720\" \/>\n\t<meta property=\"og:image:type\" content=\"image\/jpeg\" \/>\n<meta name=\"author\" content=\"user-manager\" \/>\n<meta name=\"twitter:card\" content=\"summary_large_image\" \/>\n<script type=\"application\/ld+json\" class=\"yoast-schema-graph\">{\"@context\":\"https:\\\/\\\/schema.org\",\"@graph\":[{\"@type\":\"Article\",\"@id\":\"https:\\\/\\\/www.meydan.tv\\\/az\\\/article\\\/siyezen-sakinleri-hansi-esrde-yasayiriq-ki-binada-cemi-bir-ayaqyolu-olsun\\\/#article\",\"isPartOf\":{\"@id\":\"https:\\\/\\\/www.meydan.tv\\\/az\\\/article\\\/siyezen-sakinleri-hansi-esrde-yasayiriq-ki-binada-cemi-bir-ayaqyolu-olsun\\\/\"},\"author\":{\"name\":\"user-manager\",\"@id\":\"https:\\\/\\\/www.meydan.tv\\\/az\\\/#\\\/schema\\\/person\\\/10d11eccf6da3662cf5fdab9806ea91a\"},\"headline\":\"Siy\u0259z\u0259n sakinl\u0259ri: Hans\u0131 \u0259srd\u0259 ya\u015fay\u0131r\u0131q ki, binada c\u0259mi bir ayaqyolu olsun?\",\"datePublished\":\"2019-10-16T14:58:06+00:00\",\"mainEntityOfPage\":{\"@id\":\"https:\\\/\\\/www.meydan.tv\\\/az\\\/article\\\/siyezen-sakinleri-hansi-esrde-yasayiriq-ki-binada-cemi-bir-ayaqyolu-olsun\\\/\"},\"wordCount\":1154,\"publisher\":{\"@id\":\"https:\\\/\\\/www.meydan.tv\\\/az\\\/#organization\"},\"image\":{\"@id\":\"https:\\\/\\\/www.meydan.tv\\\/az\\\/article\\\/siyezen-sakinleri-hansi-esrde-yasayiriq-ki-binada-cemi-bir-ayaqyolu-olsun\\\/#primaryimage\"},\"thumbnailUrl\":\"https:\\\/\\\/www.meydan.tv\\\/wp-content\\\/uploads\\\/image_from_ios_5_jtwwlmq.jpg\",\"articleSection\":[\"B\u00f6lg\u0259\"],\"inLanguage\":\"az\"},{\"@type\":\"WebPage\",\"@id\":\"https:\\\/\\\/www.meydan.tv\\\/az\\\/article\\\/siyezen-sakinleri-hansi-esrde-yasayiriq-ki-binada-cemi-bir-ayaqyolu-olsun\\\/\",\"url\":\"https:\\\/\\\/www.meydan.tv\\\/az\\\/article\\\/siyezen-sakinleri-hansi-esrde-yasayiriq-ki-binada-cemi-bir-ayaqyolu-olsun\\\/\",\"name\":\"Siy\u0259z\u0259n sakinl\u0259ri: Hans\u0131 \u0259srd\u0259 ya\u015fay\u0131r\u0131q ki, binada c\u0259mi bir ayaqyolu olsun? - MEYDAN.TV\",\"isPartOf\":{\"@id\":\"https:\\\/\\\/www.meydan.tv\\\/az\\\/#website\"},\"primaryImageOfPage\":{\"@id\":\"https:\\\/\\\/www.meydan.tv\\\/az\\\/article\\\/siyezen-sakinleri-hansi-esrde-yasayiriq-ki-binada-cemi-bir-ayaqyolu-olsun\\\/#primaryimage\"},\"image\":{\"@id\":\"https:\\\/\\\/www.meydan.tv\\\/az\\\/article\\\/siyezen-sakinleri-hansi-esrde-yasayiriq-ki-binada-cemi-bir-ayaqyolu-olsun\\\/#primaryimage\"},\"thumbnailUrl\":\"https:\\\/\\\/www.meydan.tv\\\/wp-content\\\/uploads\\\/image_from_ios_5_jtwwlmq.jpg\",\"datePublished\":\"2019-10-16T14:58:06+00:00\",\"breadcrumb\":{\"@id\":\"https:\\\/\\\/www.meydan.tv\\\/az\\\/article\\\/siyezen-sakinleri-hansi-esrde-yasayiriq-ki-binada-cemi-bir-ayaqyolu-olsun\\\/#breadcrumb\"},\"inLanguage\":\"az\",\"potentialAction\":[{\"@type\":\"ReadAction\",\"target\":[\"https:\\\/\\\/www.meydan.tv\\\/az\\\/article\\\/siyezen-sakinleri-hansi-esrde-yasayiriq-ki-binada-cemi-bir-ayaqyolu-olsun\\\/\"]}]},{\"@type\":\"ImageObject\",\"inLanguage\":\"az\",\"@id\":\"https:\\\/\\\/www.meydan.tv\\\/az\\\/article\\\/siyezen-sakinleri-hansi-esrde-yasayiriq-ki-binada-cemi-bir-ayaqyolu-olsun\\\/#primaryimage\",\"url\":\"https:\\\/\\\/www.meydan.tv\\\/wp-content\\\/uploads\\\/image_from_ios_5_jtwwlmq.jpg\",\"contentUrl\":\"https:\\\/\\\/www.meydan.tv\\\/wp-content\\\/uploads\\\/image_from_ios_5_jtwwlmq.jpg\",\"width\":960,\"height\":720,\"caption\":\"Source: Specify Source\"},{\"@type\":\"BreadcrumbList\",\"@id\":\"https:\\\/\\\/www.meydan.tv\\\/az\\\/article\\\/siyezen-sakinleri-hansi-esrde-yasayiriq-ki-binada-cemi-bir-ayaqyolu-olsun\\\/#breadcrumb\",\"itemListElement\":[{\"@type\":\"ListItem\",\"position\":1,\"name\":\"Ana s\u0259hif\u0259\",\"item\":\"https:\\\/\\\/www.meydan.tv\\\/az\\\/\"},{\"@type\":\"ListItem\",\"position\":2,\"name\":\"B\u00f6lg\u0259\",\"item\":\"https:\\\/\\\/www.meydan.tv\\\/az\\\/section\\\/bolge\\\/\"},{\"@type\":\"ListItem\",\"position\":3,\"name\":\"Siy\u0259z\u0259n sakinl\u0259ri: Hans\u0131 \u0259srd\u0259 ya\u015fay\u0131r\u0131q ki, binada c\u0259mi bir ayaqyolu olsun?\"}]},{\"@type\":\"WebSite\",\"@id\":\"https:\\\/\\\/www.meydan.tv\\\/az\\\/#website\",\"url\":\"https:\\\/\\\/www.meydan.tv\\\/az\\\/\",\"name\":\"MEYDAN.TV\",\"description\":\"Meydan TV Az\u0259rbaycan\u0131n media m\u0259kan\u0131ndak\u0131 alternativ s\u0259sidir\",\"publisher\":{\"@id\":\"https:\\\/\\\/www.meydan.tv\\\/az\\\/#organization\"},\"potentialAction\":[{\"@type\":\"SearchAction\",\"target\":{\"@type\":\"EntryPoint\",\"urlTemplate\":\"https:\\\/\\\/www.meydan.tv\\\/az\\\/?s={search_term_string}\"},\"query-input\":{\"@type\":\"PropertyValueSpecification\",\"valueRequired\":true,\"valueName\":\"search_term_string\"}}],\"inLanguage\":\"az\"},{\"@type\":\"Organization\",\"@id\":\"https:\\\/\\\/www.meydan.tv\\\/az\\\/#organization\",\"name\":\"Meydan TV\",\"url\":\"https:\\\/\\\/www.meydan.tv\\\/az\\\/\",\"logo\":{\"@type\":\"ImageObject\",\"inLanguage\":\"az\",\"@id\":\"https:\\\/\\\/www.meydan.tv\\\/az\\\/#\\\/schema\\\/logo\\\/image\\\/\",\"url\":\"https:\\\/\\\/www.meydan.tv\\\/wp-content\\\/uploads\\\/2021\\\/07\\\/meydan-logo.svg\",\"contentUrl\":\"https:\\\/\\\/www.meydan.tv\\\/wp-content\\\/uploads\\\/2021\\\/07\\\/meydan-logo.svg\",\"width\":195,\"height\":46,\"caption\":\"Meydan TV\"},\"image\":{\"@id\":\"https:\\\/\\\/www.meydan.tv\\\/az\\\/#\\\/schema\\\/logo\\\/image\\\/\"}},{\"@type\":\"Person\",\"@id\":\"https:\\\/\\\/www.meydan.tv\\\/az\\\/#\\\/schema\\\/person\\\/10d11eccf6da3662cf5fdab9806ea91a\",\"name\":\"user-manager\"}]}<\/script>\n<!-- \/ Yoast SEO plugin. -->","yoast_head_json":{"title":"Siy\u0259z\u0259n sakinl\u0259ri: Hans\u0131 \u0259srd\u0259 ya\u015fay\u0131r\u0131q ki, binada c\u0259mi bir ayaqyolu olsun? - MEYDAN.TV","robots":{"index":"index","follow":"follow","max-snippet":"max-snippet:-1","max-image-preview":"max-image-preview:large","max-video-preview":"max-video-preview:-1"},"canonical":"https:\/\/www.meydan.tv\/az\/article\/siyezen-sakinleri-hansi-esrde-yasayiriq-ki-binada-cemi-bir-ayaqyolu-olsun\/","og_locale":"az_AZ","og_type":"article","og_title":"Siy\u0259z\u0259n sakinl\u0259ri: Hans\u0131 \u0259srd\u0259 ya\u015fay\u0131r\u0131q ki, binada c\u0259mi bir ayaqyolu olsun? - MEYDAN.TV","og_description":"\u00dcfun\u0259t iyind\u0259n burada he\u00e7 kim ya\u015famaz, amma biz imkans\u0131zl\u0131qdan d\u00f6z\u00fcb ya\u015fay\u0131r\u0131q","og_url":"https:\/\/www.meydan.tv\/az\/article\/siyezen-sakinleri-hansi-esrde-yasayiriq-ki-binada-cemi-bir-ayaqyolu-olsun\/","og_site_name":"MEYDAN.TV","article_published_time":"2019-10-16T14:58:06+00:00","og_image":[{"width":960,"height":720,"url":"https:\/\/www.meydan.tv\/wp-content\/uploads\/image_from_ios_5_jtwwlmq.jpg","type":"image\/jpeg"}],"author":"user-manager","twitter_card":"summary_large_image","schema":{"@context":"https:\/\/schema.org","@graph":[{"@type":"Article","@id":"https:\/\/www.meydan.tv\/az\/article\/siyezen-sakinleri-hansi-esrde-yasayiriq-ki-binada-cemi-bir-ayaqyolu-olsun\/#article","isPartOf":{"@id":"https:\/\/www.meydan.tv\/az\/article\/siyezen-sakinleri-hansi-esrde-yasayiriq-ki-binada-cemi-bir-ayaqyolu-olsun\/"},"author":{"name":"user-manager","@id":"https:\/\/www.meydan.tv\/az\/#\/schema\/person\/10d11eccf6da3662cf5fdab9806ea91a"},"headline":"Siy\u0259z\u0259n sakinl\u0259ri: Hans\u0131 \u0259srd\u0259 ya\u015fay\u0131r\u0131q ki, binada c\u0259mi bir ayaqyolu olsun?","datePublished":"2019-10-16T14:58:06+00:00","mainEntityOfPage":{"@id":"https:\/\/www.meydan.tv\/az\/article\/siyezen-sakinleri-hansi-esrde-yasayiriq-ki-binada-cemi-bir-ayaqyolu-olsun\/"},"wordCount":1154,"publisher":{"@id":"https:\/\/www.meydan.tv\/az\/#organization"},"image":{"@id":"https:\/\/www.meydan.tv\/az\/article\/siyezen-sakinleri-hansi-esrde-yasayiriq-ki-binada-cemi-bir-ayaqyolu-olsun\/#primaryimage"},"thumbnailUrl":"https:\/\/www.meydan.tv\/wp-content\/uploads\/image_from_ios_5_jtwwlmq.jpg","articleSection":["B\u00f6lg\u0259"],"inLanguage":"az"},{"@type":"WebPage","@id":"https:\/\/www.meydan.tv\/az\/article\/siyezen-sakinleri-hansi-esrde-yasayiriq-ki-binada-cemi-bir-ayaqyolu-olsun\/","url":"https:\/\/www.meydan.tv\/az\/article\/siyezen-sakinleri-hansi-esrde-yasayiriq-ki-binada-cemi-bir-ayaqyolu-olsun\/","name":"Siy\u0259z\u0259n sakinl\u0259ri: Hans\u0131 \u0259srd\u0259 ya\u015fay\u0131r\u0131q ki, binada c\u0259mi bir ayaqyolu olsun? - MEYDAN.TV","isPartOf":{"@id":"https:\/\/www.meydan.tv\/az\/#website"},"primaryImageOfPage":{"@id":"https:\/\/www.meydan.tv\/az\/article\/siyezen-sakinleri-hansi-esrde-yasayiriq-ki-binada-cemi-bir-ayaqyolu-olsun\/#primaryimage"},"image":{"@id":"https:\/\/www.meydan.tv\/az\/article\/siyezen-sakinleri-hansi-esrde-yasayiriq-ki-binada-cemi-bir-ayaqyolu-olsun\/#primaryimage"},"thumbnailUrl":"https:\/\/www.meydan.tv\/wp-content\/uploads\/image_from_ios_5_jtwwlmq.jpg","datePublished":"2019-10-16T14:58:06+00:00","breadcrumb":{"@id":"https:\/\/www.meydan.tv\/az\/article\/siyezen-sakinleri-hansi-esrde-yasayiriq-ki-binada-cemi-bir-ayaqyolu-olsun\/#breadcrumb"},"inLanguage":"az","potentialAction":[{"@type":"ReadAction","target":["https:\/\/www.meydan.tv\/az\/article\/siyezen-sakinleri-hansi-esrde-yasayiriq-ki-binada-cemi-bir-ayaqyolu-olsun\/"]}]},{"@type":"ImageObject","inLanguage":"az","@id":"https:\/\/www.meydan.tv\/az\/article\/siyezen-sakinleri-hansi-esrde-yasayiriq-ki-binada-cemi-bir-ayaqyolu-olsun\/#primaryimage","url":"https:\/\/www.meydan.tv\/wp-content\/uploads\/image_from_ios_5_jtwwlmq.jpg","contentUrl":"https:\/\/www.meydan.tv\/wp-content\/uploads\/image_from_ios_5_jtwwlmq.jpg","width":960,"height":720,"caption":"Source: Specify Source"},{"@type":"BreadcrumbList","@id":"https:\/\/www.meydan.tv\/az\/article\/siyezen-sakinleri-hansi-esrde-yasayiriq-ki-binada-cemi-bir-ayaqyolu-olsun\/#breadcrumb","itemListElement":[{"@type":"ListItem","position":1,"name":"Ana s\u0259hif\u0259","item":"https:\/\/www.meydan.tv\/az\/"},{"@type":"ListItem","position":2,"name":"B\u00f6lg\u0259","item":"https:\/\/www.meydan.tv\/az\/section\/bolge\/"},{"@type":"ListItem","position":3,"name":"Siy\u0259z\u0259n sakinl\u0259ri: Hans\u0131 \u0259srd\u0259 ya\u015fay\u0131r\u0131q ki, binada c\u0259mi bir ayaqyolu olsun?"}]},{"@type":"WebSite","@id":"https:\/\/www.meydan.tv\/az\/#website","url":"https:\/\/www.meydan.tv\/az\/","name":"MEYDAN.TV","description":"Meydan TV Az\u0259rbaycan\u0131n media m\u0259kan\u0131ndak\u0131 alternativ s\u0259sidir","publisher":{"@id":"https:\/\/www.meydan.tv\/az\/#organization"},"potentialAction":[{"@type":"SearchAction","target":{"@type":"EntryPoint","urlTemplate":"https:\/\/www.meydan.tv\/az\/?s={search_term_string}"},"query-input":{"@type":"PropertyValueSpecification","valueRequired":true,"valueName":"search_term_string"}}],"inLanguage":"az"},{"@type":"Organization","@id":"https:\/\/www.meydan.tv\/az\/#organization","name":"Meydan TV","url":"https:\/\/www.meydan.tv\/az\/","logo":{"@type":"ImageObject","inLanguage":"az","@id":"https:\/\/www.meydan.tv\/az\/#\/schema\/logo\/image\/","url":"https:\/\/www.meydan.tv\/wp-content\/uploads\/2021\/07\/meydan-logo.svg","contentUrl":"https:\/\/www.meydan.tv\/wp-content\/uploads\/2021\/07\/meydan-logo.svg","width":195,"height":46,"caption":"Meydan TV"},"image":{"@id":"https:\/\/www.meydan.tv\/az\/#\/schema\/logo\/image\/"}},{"@type":"Person","@id":"https:\/\/www.meydan.tv\/az\/#\/schema\/person\/10d11eccf6da3662cf5fdab9806ea91a","name":"user-manager"}]}},"_links":{"self":[{"href":"https:\/\/www.meydan.tv\/az\/wp-json\/wp\/v2\/posts\/197479","targetHints":{"allow":["GET"]}}],"collection":[{"href":"https:\/\/www.meydan.tv\/az\/wp-json\/wp\/v2\/posts"}],"about":[{"href":"https:\/\/www.meydan.tv\/az\/wp-json\/wp\/v2\/types\/post"}],"author":[{"embeddable":true,"href":"https:\/\/www.meydan.tv\/az\/wp-json\/wp\/v2\/users\/11"}],"replies":[{"embeddable":true,"href":"https:\/\/www.meydan.tv\/az\/wp-json\/wp\/v2\/comments?post=197479"}],"version-history":[{"count":0,"href":"https:\/\/www.meydan.tv\/az\/wp-json\/wp\/v2\/posts\/197479\/revisions"}],"wp:featuredmedia":[{"embeddable":true,"href":"https:\/\/www.meydan.tv\/az\/wp-json\/wp\/v2\/media\/131441"}],"wp:attachment":[{"href":"https:\/\/www.meydan.tv\/az\/wp-json\/wp\/v2\/media?parent=197479"}],"wp:term":[{"taxonomy":"category","embeddable":true,"href":"https:\/\/www.meydan.tv\/az\/wp-json\/wp\/v2\/categories?post=197479"},{"taxonomy":"post_tag","embeddable":true,"href":"https:\/\/www.meydan.tv\/az\/wp-json\/wp\/v2\/tags?post=197479"}],"curies":[{"name":"wp","href":"https:\/\/api.w.org\/{rel}","templated":true}]}}