{"id":197477,"date":"2019-10-16T19:10:14","date_gmt":"2019-10-16T19:10:14","guid":{"rendered":"https:\/\/www.meydan.tv\/article\/abs-irana-qarsi-kiber-emeliyyat-heyata-kecirib\/"},"modified":"2019-10-16T19:10:14","modified_gmt":"2019-10-16T19:10:14","slug":"abs-irana-qarsi-kiber-emeliyyat-heyata-kecirib","status":"publish","type":"post","link":"https:\/\/www.meydan.tv\/az\/article\/abs-irana-qarsi-kiber-emeliyyat-heyata-kecirib\/","title":{"rendered":"AB\u015e \u0130rana qar\u015f\u0131 kiber \u0259m\u0259liyyat h\u0259yata ke\u00e7irib"},"content":{"rendered":"<p>\n  <i><br \/>\n    Hadis\u0259 S\u0259udiyy\u0259 \u018fr\u0259bistan\u0131n\u0131n neft obyekttl\u0259rin\u0259 h\u00fccumu zaman\u0131 ba\u015f verilib<br \/>\n  <\/i>\n<\/p>\n<p>\n  \u201cSentyabr\u0131n 14-d\u0259 S\u0259udiyy\u0259 \u018fr\u0259bistan\u0131n\u0131n neft obyektl\u0259rin\u0259 h\u00fccum zaman\u0131 AB\u015e \u0130rana qar\u015f\u0131 gizli kiber \u0259m\u0259liyyat h\u0259yata ke\u00e7irib\u201d, &#8211; iki AB\u015e s\u0259lahiyy\u0259tlisi \u201cReuters\u201d-\u0259 bildirib.\n<\/p>\n<p>\n  Va\u015finqton v\u0259 \u018fr-Riyad Saudiyy\u0259 neft obyektl\u0259rin\u0259 h\u00fccumda Tehran\u0131 g\u00fcnahland\u0131r\u0131b.\n<\/p>\n<p>\n  Ad\u0131n\u0131n a\u00e7\u0131qlanmamas\u0131 \u015f\u0259rtil\u0259 dan\u0131\u015fan s\u0259lahiyy\u0259tlil\u0259r qeyd edibl\u0259r ki, \u0259m\u0259liyyat sentyabr ay\u0131n\u0131n sonlar\u0131nda h\u0259yata ke\u00e7irilib v\u0259 Tehran\u0131n \u201cpropaqanda\u201d yaymaq imkanlar\u0131n\u0131 h\u0259d\u0259f al\u0131b.\n<\/p>\n<p>\n  M\u0259murlardan biri h\u00fccumun sistem\u0259 t\u0259sir etdiyini s\u00f6yl\u0259yib, lakin bu haqda \u0259lav\u0259 m\u0259lumat verm\u0259kd\u0259n \u00e7\u0259kinib.\n<\/p>\n<p>\n  Bu h\u00fccum Tramp administrasiyas\u0131n\u0131n b\u00f6lg\u0259ni daha geni\u015f m\u00fcnaqi\u015f\u0259 oca\u011f\u0131na \u00e7evirm\u0259d\u0259n \u0130rana qar\u015f\u0131 davam ed\u0259n dir\u0259ni\u015fini g\u00f6st\u0259rir.\n<\/p>\n<p>\n  Fars x\u0259b\u0259r agentliyi m\u0259lumat verir ki, \u0130ran\u0131n rabit\u0259 v\u0259 informasiya texnologiyalar\u0131 naziri M\u0259h\u0259mm\u0259d Cavad \u018fz\u0259ri-C\u0259hromi (Mohammad Javad Azari-Jahromi) \u00e7\u0259r\u015f\u0259nb\u0259 g\u00fcn\u00fc deyib: \u201cOnlar bunu arzu etmi\u015f ola bil\u0259rl\u0259r.\u201d\n<\/p>\n<p>\n  \u0130yun ay\u0131nda amerikan pilotsuz t\u0259yyar\u0259sinin vurulmas\u0131na v\u0259 mayda K\u00f6rf\u0259zd\u0259 \u0130ran \u0130nqilab Ke\u015fik\u00e7il\u0259ri t\u0259r\u0259find\u0259n neft tankerl\u0259rin\u0259 edil\u0259n h\u00fccuma baxmayaraq, AB\u015e-\u0131n \u0130rana qar\u015f\u0131 h\u0259yata ke\u00e7irdiyi \u0259m\u0259liyyatlar m\u0259hdud saydad\u0131r.\n<\/p>\n<p>\n  AB\u015e, S\u0259udiyy\u0259 \u018fr\u0259bistan\u0131, \u0130ngilt\u0259r\u0259, Fransa v\u0259 Almaniya ictimai \u015f\u0259kild\u0259 14 sentyabrda edilmi\u015f h\u00fccumda \u0130ran\u0131 g\u00fcnahkar bilib. \u0130ran ittihamlar\u0131 r\u0259dd edib. Y\u0259m\u0259nd\u0259 \u0130ranla \u0259m\u0259kda\u015fl\u0131q ed\u0259n Huti (Houthi) silahl\u0131 qrupu m\u0259suliyy\u0259ti \u00f6z \u00fcz\u0259rin\u0259 g\u00f6t\u00fcr\u00fcb.\n<\/p>\n<p>\n  Hadis\u0259d\u0259n sonra Pentaqon S\u0259udiyy\u0259nin m\u00fcdafi\u0259sini g\u00fccl\u0259ndirm\u0259k \u00fc\u00e7\u00fcn regiona minl\u0259rl\u0259 \u0259lav\u0259 qo\u015fun v\u0259 texnika g\u00f6nd\u0259r\u0259r\u0259k AB\u015e qo\u015funlar\u0131n\u0131n b\u00f6lg\u0259y\u0259 yerl\u0259\u015fdirm\u0259sini t\u0259min edib.\n<\/p>\n<p>\n  Pentaqon kiber h\u00fccumu bar\u0259d\u0259 suallar\u0131 cavabland\u0131rmaqdan yay\u0131n\u0131b.\n<\/p>\n<p>\n  Pentaqon s\u00f6zc\u00fcs\u00fc Elissa Smith deyib: \u201cSiyas\u0259t v\u0259 \u0259m\u0259liyyat t\u0259hl\u00fck\u0259sizliyi m\u0259s\u0259l\u0259si olaraq biz kiber \u0259m\u0259liyyatlar\u0131n\u0131, k\u0259\u015ffiyyat v\u0259 ya planla\u015fd\u0131rma m\u00f6vzular\u0131n\u0131 m\u00fczakir\u0259 etmirik\u201d.\n<\/p>\n<p>\n  H\u00fccumun t\u0259sirini, \u0259g\u0259r olubsa, m\u00fc\u0259yy\u0259nl\u0259\u015fdirm\u0259k aylar \u00e7\u0259k\u0259 bil\u0259r, ancaq kiber h\u00fccumlar daha az t\u0259xribat\u00e7\u0131 bir se\u00e7im olaraq g\u00f6r\u00fcl\u00fcr.\n<\/p>\n<p>\n  \u201c\u0130nsanlar\u0131 \u00f6ld\u00fcrm\u0259d\u0259n v\u0259 ya b\u0259zi obyektl\u0259ri partlatmadan da z\u0259r\u0259r verm\u0259k m\u00fcmk\u00fcnd\u00fcr; bu sad\u0259c\u0259 \u0259vv\u0259ll\u0259r sahib olmad\u0131\u011f\u0131m\u0131z al\u0259t d\u0259stin\u0259 bir se\u00e7im \u0259lav\u0259 edir v\u0259 bizim onu istifad\u0259 etm\u0259yimiz vacibdir\u201d,- Va\u015finqtonda yerl\u0259\u015f\u0259n Strateji v\u0259 Beyn\u0259lxalq T\u0259dqiqatlar M\u0259rk\u0259zinin kiber m\u00fct\u0259x\u0259ssisi Ceyms Lyuis (James Lewis) deyib.\n<\/p>\n<p>\n  Lyuis \u0259lav\u0259 edib ki, h\u0259tta adi h\u0259rbi \u0259m\u0259liyyatlarla da \u0130ran\u0131n qar\u015f\u0131s\u0131n\u0131 almaq m\u00fcmk\u00fcn olmaya bil\u0259r.\n<\/p>\n<p>\n  K\u00f6rf\u0259zd\u0259ki g\u0259rginlik 2018-ci ilin may ay\u0131ndan etibar\u0259n artmaqdad\u0131r. Tramp sanksiyalar\u0131n y\u00fcng\u00fcll\u0259\u015fdirilm\u0259si qar\u015f\u0131l\u0131\u011f\u0131nda n\u00fcv\u0259 proqram\u0131na m\u0259hdudiyy\u0259tl\u0259r qoyan 2015-ci ild\u0259 imzalanm\u0131\u015f n\u00fcv\u0259 raz\u0131la\u015fmas\u0131ndan \u00e7\u0131xandan sonra Va\u015finqtonla Tehran aras\u0131nda \u0259laq\u0259l\u0259r k\u0259skin \u015f\u0259kild\u0259 pozulub.\n<\/p>\n<p>\n  Sentyabr\u0131n sonlar\u0131nda ba\u015f vermi\u015f kiberh\u00fccumlardan \u0259lav\u0259 AB\u015e-\u0131n dig\u0259r kiberh\u00fccumlar\u0131n\u0131n olub-olmad\u0131\u011f\u0131 m\u0259lum deyil.\n<\/p>\n<p>\n  \u0130ran da AB\u015e-a qar\u015f\u0131 bel\u0259 taktikalardan istifad\u0259 edib. Bu ay \u0130ran h\u00f6kum\u0259tin\u0259 yax\u0131n haker qrupu Tramp\u0131n se\u00e7ki kampaniyas\u0131n\u0131n e-mail hesablar\u0131na daxil olma\u011fa \u00e7al\u0131\u015f\u0131b. Avqust v\u0259 sentyabr ay\u0131nda 30 g\u00fcn \u0259rzind\u0259 qrup 2700 c\u0259hd ed\u0259r\u0259k istifad\u0259\u00e7i hesablar\u0131n\u0131 m\u00fc\u0259yy\u0259n etm\u0259y\u0259 \u00e7al\u0131\u015f\u0131b v\u0259 onlar\u0131n 241-\u0259 h\u00fccum edib.<\/p>\n","protected":false},"excerpt":{"rendered":"<p>Bu h\u00fccum Tramp administrasiyas\u0131n\u0131n b\u00f6lg\u0259ni daha geni\u015f m\u00fcnaqi\u015f\u0259 oca\u011f\u0131na \u00e7evirm\u0259d\u0259n \u0130rana qar\u015f\u0131 davam ed\u0259n dir\u0259ni\u015fini g\u00f6st\u0259rir.<\/p>\n","protected":false},"author":11,"featured_media":130234,"comment_status":"closed","ping_status":"open","sticky":false,"template":"","format":"standard","meta":{"_acf_changed":false,"_sitemap_exclude":false,"_sitemap_priority":"","_sitemap_frequency":"","footnotes":""},"categories":[64],"tags":[],"class_list":["post-197477","post","type-post","status-publish","format-standard","has-post-thumbnail","hentry","category-dunya","infinite-scroll-item","generate-columns","tablet-grid-50","mobile-grid-100","grid-parent","grid-33","no-featured-image-padding"],"acf":[],"yoast_head":"<!-- This site is optimized with the Yoast SEO plugin v27.5 - https:\/\/yoast.com\/product\/yoast-seo-wordpress\/ -->\n<title>AB\u015e \u0130rana qar\u015f\u0131 kiber \u0259m\u0259liyyat h\u0259yata ke\u00e7irib - MEYDAN.TV<\/title>\n<meta name=\"robots\" content=\"index, follow, max-snippet:-1, max-image-preview:large, max-video-preview:-1\" \/>\n<link rel=\"canonical\" href=\"https:\/\/www.meydan.tv\/az\/article\/abs-irana-qarsi-kiber-emeliyyat-heyata-kecirib\/\" \/>\n<meta property=\"og:locale\" content=\"az_AZ\" \/>\n<meta property=\"og:type\" content=\"article\" \/>\n<meta property=\"og:title\" content=\"AB\u015e \u0130rana qar\u015f\u0131 kiber \u0259m\u0259liyyat h\u0259yata ke\u00e7irib - MEYDAN.TV\" \/>\n<meta property=\"og:description\" content=\"Bu h\u00fccum Tramp administrasiyas\u0131n\u0131n b\u00f6lg\u0259ni daha geni\u015f m\u00fcnaqi\u015f\u0259 oca\u011f\u0131na \u00e7evirm\u0259d\u0259n \u0130rana qar\u015f\u0131 davam ed\u0259n dir\u0259ni\u015fini g\u00f6st\u0259rir.\" \/>\n<meta property=\"og:url\" content=\"https:\/\/www.meydan.tv\/az\/article\/abs-irana-qarsi-kiber-emeliyyat-heyata-kecirib\/\" \/>\n<meta property=\"og:site_name\" content=\"MEYDAN.TV\" \/>\n<meta property=\"article:published_time\" content=\"2019-10-16T19:10:14+00:00\" \/>\n<meta property=\"og:image\" content=\"https:\/\/www.meydan.tv\/wp-content\/uploads\/2852881.jpg\" \/>\n\t<meta property=\"og:image:width\" content=\"1000\" \/>\n\t<meta property=\"og:image:height\" content=\"563\" \/>\n\t<meta property=\"og:image:type\" content=\"image\/jpeg\" \/>\n<meta name=\"author\" content=\"user-manager\" \/>\n<meta name=\"twitter:card\" content=\"summary_large_image\" \/>\n<script type=\"application\/ld+json\" class=\"yoast-schema-graph\">{\"@context\":\"https:\\\/\\\/schema.org\",\"@graph\":[{\"@type\":\"Article\",\"@id\":\"https:\\\/\\\/www.meydan.tv\\\/az\\\/article\\\/abs-irana-qarsi-kiber-emeliyyat-heyata-kecirib\\\/#article\",\"isPartOf\":{\"@id\":\"https:\\\/\\\/www.meydan.tv\\\/az\\\/article\\\/abs-irana-qarsi-kiber-emeliyyat-heyata-kecirib\\\/\"},\"author\":{\"name\":\"user-manager\",\"@id\":\"https:\\\/\\\/www.meydan.tv\\\/az\\\/#\\\/schema\\\/person\\\/10d11eccf6da3662cf5fdab9806ea91a\"},\"headline\":\"AB\u015e \u0130rana qar\u015f\u0131 kiber \u0259m\u0259liyyat h\u0259yata ke\u00e7irib\",\"datePublished\":\"2019-10-16T19:10:14+00:00\",\"mainEntityOfPage\":{\"@id\":\"https:\\\/\\\/www.meydan.tv\\\/az\\\/article\\\/abs-irana-qarsi-kiber-emeliyyat-heyata-kecirib\\\/\"},\"wordCount\":672,\"publisher\":{\"@id\":\"https:\\\/\\\/www.meydan.tv\\\/az\\\/#organization\"},\"image\":{\"@id\":\"https:\\\/\\\/www.meydan.tv\\\/az\\\/article\\\/abs-irana-qarsi-kiber-emeliyyat-heyata-kecirib\\\/#primaryimage\"},\"thumbnailUrl\":\"https:\\\/\\\/www.meydan.tv\\\/wp-content\\\/uploads\\\/2852881.jpg\",\"articleSection\":[\"D\u00fcnya\"],\"inLanguage\":\"az\"},{\"@type\":\"WebPage\",\"@id\":\"https:\\\/\\\/www.meydan.tv\\\/az\\\/article\\\/abs-irana-qarsi-kiber-emeliyyat-heyata-kecirib\\\/\",\"url\":\"https:\\\/\\\/www.meydan.tv\\\/az\\\/article\\\/abs-irana-qarsi-kiber-emeliyyat-heyata-kecirib\\\/\",\"name\":\"AB\u015e \u0130rana qar\u015f\u0131 kiber \u0259m\u0259liyyat h\u0259yata ke\u00e7irib - MEYDAN.TV\",\"isPartOf\":{\"@id\":\"https:\\\/\\\/www.meydan.tv\\\/az\\\/#website\"},\"primaryImageOfPage\":{\"@id\":\"https:\\\/\\\/www.meydan.tv\\\/az\\\/article\\\/abs-irana-qarsi-kiber-emeliyyat-heyata-kecirib\\\/#primaryimage\"},\"image\":{\"@id\":\"https:\\\/\\\/www.meydan.tv\\\/az\\\/article\\\/abs-irana-qarsi-kiber-emeliyyat-heyata-kecirib\\\/#primaryimage\"},\"thumbnailUrl\":\"https:\\\/\\\/www.meydan.tv\\\/wp-content\\\/uploads\\\/2852881.jpg\",\"datePublished\":\"2019-10-16T19:10:14+00:00\",\"breadcrumb\":{\"@id\":\"https:\\\/\\\/www.meydan.tv\\\/az\\\/article\\\/abs-irana-qarsi-kiber-emeliyyat-heyata-kecirib\\\/#breadcrumb\"},\"inLanguage\":\"az\",\"potentialAction\":[{\"@type\":\"ReadAction\",\"target\":[\"https:\\\/\\\/www.meydan.tv\\\/az\\\/article\\\/abs-irana-qarsi-kiber-emeliyyat-heyata-kecirib\\\/\"]}]},{\"@type\":\"ImageObject\",\"inLanguage\":\"az\",\"@id\":\"https:\\\/\\\/www.meydan.tv\\\/az\\\/article\\\/abs-irana-qarsi-kiber-emeliyyat-heyata-kecirib\\\/#primaryimage\",\"url\":\"https:\\\/\\\/www.meydan.tv\\\/wp-content\\\/uploads\\\/2852881.jpg\",\"contentUrl\":\"https:\\\/\\\/www.meydan.tv\\\/wp-content\\\/uploads\\\/2852881.jpg\",\"width\":1000,\"height\":563,\"caption\":\"Source: Meydan TV\"},{\"@type\":\"BreadcrumbList\",\"@id\":\"https:\\\/\\\/www.meydan.tv\\\/az\\\/article\\\/abs-irana-qarsi-kiber-emeliyyat-heyata-kecirib\\\/#breadcrumb\",\"itemListElement\":[{\"@type\":\"ListItem\",\"position\":1,\"name\":\"Ana s\u0259hif\u0259\",\"item\":\"https:\\\/\\\/www.meydan.tv\\\/az\\\/\"},{\"@type\":\"ListItem\",\"position\":2,\"name\":\"D\u00fcnya\",\"item\":\"https:\\\/\\\/www.meydan.tv\\\/az\\\/section\\\/dunya\\\/\"},{\"@type\":\"ListItem\",\"position\":3,\"name\":\"AB\u015e \u0130rana qar\u015f\u0131 kiber \u0259m\u0259liyyat h\u0259yata ke\u00e7irib\"}]},{\"@type\":\"WebSite\",\"@id\":\"https:\\\/\\\/www.meydan.tv\\\/az\\\/#website\",\"url\":\"https:\\\/\\\/www.meydan.tv\\\/az\\\/\",\"name\":\"MEYDAN.TV\",\"description\":\"Meydan TV Az\u0259rbaycan\u0131n media m\u0259kan\u0131ndak\u0131 alternativ s\u0259sidir\",\"publisher\":{\"@id\":\"https:\\\/\\\/www.meydan.tv\\\/az\\\/#organization\"},\"potentialAction\":[{\"@type\":\"SearchAction\",\"target\":{\"@type\":\"EntryPoint\",\"urlTemplate\":\"https:\\\/\\\/www.meydan.tv\\\/az\\\/?s={search_term_string}\"},\"query-input\":{\"@type\":\"PropertyValueSpecification\",\"valueRequired\":true,\"valueName\":\"search_term_string\"}}],\"inLanguage\":\"az\"},{\"@type\":\"Organization\",\"@id\":\"https:\\\/\\\/www.meydan.tv\\\/az\\\/#organization\",\"name\":\"Meydan TV\",\"url\":\"https:\\\/\\\/www.meydan.tv\\\/az\\\/\",\"logo\":{\"@type\":\"ImageObject\",\"inLanguage\":\"az\",\"@id\":\"https:\\\/\\\/www.meydan.tv\\\/az\\\/#\\\/schema\\\/logo\\\/image\\\/\",\"url\":\"https:\\\/\\\/www.meydan.tv\\\/wp-content\\\/uploads\\\/2021\\\/07\\\/meydan-logo.svg\",\"contentUrl\":\"https:\\\/\\\/www.meydan.tv\\\/wp-content\\\/uploads\\\/2021\\\/07\\\/meydan-logo.svg\",\"width\":195,\"height\":46,\"caption\":\"Meydan TV\"},\"image\":{\"@id\":\"https:\\\/\\\/www.meydan.tv\\\/az\\\/#\\\/schema\\\/logo\\\/image\\\/\"}},{\"@type\":\"Person\",\"@id\":\"https:\\\/\\\/www.meydan.tv\\\/az\\\/#\\\/schema\\\/person\\\/10d11eccf6da3662cf5fdab9806ea91a\",\"name\":\"user-manager\"}]}<\/script>\n<!-- \/ Yoast SEO plugin. -->","yoast_head_json":{"title":"AB\u015e \u0130rana qar\u015f\u0131 kiber \u0259m\u0259liyyat h\u0259yata ke\u00e7irib - MEYDAN.TV","robots":{"index":"index","follow":"follow","max-snippet":"max-snippet:-1","max-image-preview":"max-image-preview:large","max-video-preview":"max-video-preview:-1"},"canonical":"https:\/\/www.meydan.tv\/az\/article\/abs-irana-qarsi-kiber-emeliyyat-heyata-kecirib\/","og_locale":"az_AZ","og_type":"article","og_title":"AB\u015e \u0130rana qar\u015f\u0131 kiber \u0259m\u0259liyyat h\u0259yata ke\u00e7irib - MEYDAN.TV","og_description":"Bu h\u00fccum Tramp administrasiyas\u0131n\u0131n b\u00f6lg\u0259ni daha geni\u015f m\u00fcnaqi\u015f\u0259 oca\u011f\u0131na \u00e7evirm\u0259d\u0259n \u0130rana qar\u015f\u0131 davam ed\u0259n dir\u0259ni\u015fini g\u00f6st\u0259rir.","og_url":"https:\/\/www.meydan.tv\/az\/article\/abs-irana-qarsi-kiber-emeliyyat-heyata-kecirib\/","og_site_name":"MEYDAN.TV","article_published_time":"2019-10-16T19:10:14+00:00","og_image":[{"width":1000,"height":563,"url":"https:\/\/www.meydan.tv\/wp-content\/uploads\/2852881.jpg","type":"image\/jpeg"}],"author":"user-manager","twitter_card":"summary_large_image","schema":{"@context":"https:\/\/schema.org","@graph":[{"@type":"Article","@id":"https:\/\/www.meydan.tv\/az\/article\/abs-irana-qarsi-kiber-emeliyyat-heyata-kecirib\/#article","isPartOf":{"@id":"https:\/\/www.meydan.tv\/az\/article\/abs-irana-qarsi-kiber-emeliyyat-heyata-kecirib\/"},"author":{"name":"user-manager","@id":"https:\/\/www.meydan.tv\/az\/#\/schema\/person\/10d11eccf6da3662cf5fdab9806ea91a"},"headline":"AB\u015e \u0130rana qar\u015f\u0131 kiber \u0259m\u0259liyyat h\u0259yata ke\u00e7irib","datePublished":"2019-10-16T19:10:14+00:00","mainEntityOfPage":{"@id":"https:\/\/www.meydan.tv\/az\/article\/abs-irana-qarsi-kiber-emeliyyat-heyata-kecirib\/"},"wordCount":672,"publisher":{"@id":"https:\/\/www.meydan.tv\/az\/#organization"},"image":{"@id":"https:\/\/www.meydan.tv\/az\/article\/abs-irana-qarsi-kiber-emeliyyat-heyata-kecirib\/#primaryimage"},"thumbnailUrl":"https:\/\/www.meydan.tv\/wp-content\/uploads\/2852881.jpg","articleSection":["D\u00fcnya"],"inLanguage":"az"},{"@type":"WebPage","@id":"https:\/\/www.meydan.tv\/az\/article\/abs-irana-qarsi-kiber-emeliyyat-heyata-kecirib\/","url":"https:\/\/www.meydan.tv\/az\/article\/abs-irana-qarsi-kiber-emeliyyat-heyata-kecirib\/","name":"AB\u015e \u0130rana qar\u015f\u0131 kiber \u0259m\u0259liyyat h\u0259yata ke\u00e7irib - MEYDAN.TV","isPartOf":{"@id":"https:\/\/www.meydan.tv\/az\/#website"},"primaryImageOfPage":{"@id":"https:\/\/www.meydan.tv\/az\/article\/abs-irana-qarsi-kiber-emeliyyat-heyata-kecirib\/#primaryimage"},"image":{"@id":"https:\/\/www.meydan.tv\/az\/article\/abs-irana-qarsi-kiber-emeliyyat-heyata-kecirib\/#primaryimage"},"thumbnailUrl":"https:\/\/www.meydan.tv\/wp-content\/uploads\/2852881.jpg","datePublished":"2019-10-16T19:10:14+00:00","breadcrumb":{"@id":"https:\/\/www.meydan.tv\/az\/article\/abs-irana-qarsi-kiber-emeliyyat-heyata-kecirib\/#breadcrumb"},"inLanguage":"az","potentialAction":[{"@type":"ReadAction","target":["https:\/\/www.meydan.tv\/az\/article\/abs-irana-qarsi-kiber-emeliyyat-heyata-kecirib\/"]}]},{"@type":"ImageObject","inLanguage":"az","@id":"https:\/\/www.meydan.tv\/az\/article\/abs-irana-qarsi-kiber-emeliyyat-heyata-kecirib\/#primaryimage","url":"https:\/\/www.meydan.tv\/wp-content\/uploads\/2852881.jpg","contentUrl":"https:\/\/www.meydan.tv\/wp-content\/uploads\/2852881.jpg","width":1000,"height":563,"caption":"Source: Meydan TV"},{"@type":"BreadcrumbList","@id":"https:\/\/www.meydan.tv\/az\/article\/abs-irana-qarsi-kiber-emeliyyat-heyata-kecirib\/#breadcrumb","itemListElement":[{"@type":"ListItem","position":1,"name":"Ana s\u0259hif\u0259","item":"https:\/\/www.meydan.tv\/az\/"},{"@type":"ListItem","position":2,"name":"D\u00fcnya","item":"https:\/\/www.meydan.tv\/az\/section\/dunya\/"},{"@type":"ListItem","position":3,"name":"AB\u015e \u0130rana qar\u015f\u0131 kiber \u0259m\u0259liyyat h\u0259yata ke\u00e7irib"}]},{"@type":"WebSite","@id":"https:\/\/www.meydan.tv\/az\/#website","url":"https:\/\/www.meydan.tv\/az\/","name":"MEYDAN.TV","description":"Meydan TV Az\u0259rbaycan\u0131n media m\u0259kan\u0131ndak\u0131 alternativ s\u0259sidir","publisher":{"@id":"https:\/\/www.meydan.tv\/az\/#organization"},"potentialAction":[{"@type":"SearchAction","target":{"@type":"EntryPoint","urlTemplate":"https:\/\/www.meydan.tv\/az\/?s={search_term_string}"},"query-input":{"@type":"PropertyValueSpecification","valueRequired":true,"valueName":"search_term_string"}}],"inLanguage":"az"},{"@type":"Organization","@id":"https:\/\/www.meydan.tv\/az\/#organization","name":"Meydan TV","url":"https:\/\/www.meydan.tv\/az\/","logo":{"@type":"ImageObject","inLanguage":"az","@id":"https:\/\/www.meydan.tv\/az\/#\/schema\/logo\/image\/","url":"https:\/\/www.meydan.tv\/wp-content\/uploads\/2021\/07\/meydan-logo.svg","contentUrl":"https:\/\/www.meydan.tv\/wp-content\/uploads\/2021\/07\/meydan-logo.svg","width":195,"height":46,"caption":"Meydan TV"},"image":{"@id":"https:\/\/www.meydan.tv\/az\/#\/schema\/logo\/image\/"}},{"@type":"Person","@id":"https:\/\/www.meydan.tv\/az\/#\/schema\/person\/10d11eccf6da3662cf5fdab9806ea91a","name":"user-manager"}]}},"_links":{"self":[{"href":"https:\/\/www.meydan.tv\/az\/wp-json\/wp\/v2\/posts\/197477","targetHints":{"allow":["GET"]}}],"collection":[{"href":"https:\/\/www.meydan.tv\/az\/wp-json\/wp\/v2\/posts"}],"about":[{"href":"https:\/\/www.meydan.tv\/az\/wp-json\/wp\/v2\/types\/post"}],"author":[{"embeddable":true,"href":"https:\/\/www.meydan.tv\/az\/wp-json\/wp\/v2\/users\/11"}],"replies":[{"embeddable":true,"href":"https:\/\/www.meydan.tv\/az\/wp-json\/wp\/v2\/comments?post=197477"}],"version-history":[{"count":0,"href":"https:\/\/www.meydan.tv\/az\/wp-json\/wp\/v2\/posts\/197477\/revisions"}],"wp:featuredmedia":[{"embeddable":true,"href":"https:\/\/www.meydan.tv\/az\/wp-json\/wp\/v2\/media\/130234"}],"wp:attachment":[{"href":"https:\/\/www.meydan.tv\/az\/wp-json\/wp\/v2\/media?parent=197477"}],"wp:term":[{"taxonomy":"category","embeddable":true,"href":"https:\/\/www.meydan.tv\/az\/wp-json\/wp\/v2\/categories?post=197477"},{"taxonomy":"post_tag","embeddable":true,"href":"https:\/\/www.meydan.tv\/az\/wp-json\/wp\/v2\/tags?post=197477"}],"curies":[{"name":"wp","href":"https:\/\/api.w.org\/{rel}","templated":true}]}}