{"id":197475,"date":"2019-10-16T17:42:23","date_gmt":"2019-10-16T17:42:23","guid":{"rendered":"https:\/\/www.meydan.tv\/article\/ust-mertebeden-sicovullar-basimiza-dusur\/"},"modified":"2019-10-16T17:42:23","modified_gmt":"2019-10-16T17:42:23","slug":"ust-mertebeden-sicovullar-basimiza-dusur","status":"publish","type":"post","link":"https:\/\/www.meydan.tv\/az\/article\/ust-mertebeden-sicovullar-basimiza-dusur\/","title":{"rendered":"\u201c\u00dcst m\u0259rt\u0259b\u0259d\u0259n si\u00e7ovullar ba\u015f\u0131m\u0131za d\u00fc\u015f\u00fcr\u201d"},"content":{"rendered":"<p>\n  <i><br \/>\n    Q\u0259zal\u0131 v\u0259ziyy\u0259td\u0259 olan binan\u0131n sakinl\u0259ri aidiyy\u0259ti qurumlardan k\u00f6m\u0259k ist\u0259yir<br \/>\n  <\/i>\n<\/p>\n<p>\n  \u201c\u00dcst m\u0259rt\u0259b\u0259d\u0259 u\u015faq ba\u011f\u00e7as\u0131 vard\u0131. On ild\u0259n \u00e7oxdur ki, f\u0259aliyy\u0259ti dayand\u0131r\u0131l\u0131b, qap\u0131s\u0131na q\u0131f\u0131l vurulub. Ba\u011f\u00e7an\u0131n dam\u0131 hiss\u0259-hiss\u0259 da\u011f\u0131l\u0131b. Ya\u011f\u0131\u015f ba\u011f\u00e7an\u0131n otaqlar\u0131na, ordan da evl\u0259rimiz\u0259 ax\u0131b g\u0259lir. On ildir ki, icra hakimiyy\u0259tin\u0259, F\u00f6vq\u0259lad\u0259 Hallar Nazirliyin\u0259 m\u00fcraci\u0259t edirik, he\u00e7 bir t\u0259dbir g\u00f6r\u00fclm\u00fcr. \u00d6t\u0259n il h\u0259m icra hakimiyy\u0259tinin, h\u0259m F\u00f6vq\u0259lad\u0259 Hallar Nazirliyinin n\u00fcmay\u0259nd\u0259l\u0259ri g\u0259ldi, bir-birl\u0259riyl\u0259 m\u00fcbahis\u0259 etdil\u0259r, o dedi, sizin i\u015finizdir, siz m\u0259\u015f\u011ful olmal\u0131s\u0131z, bu dedi, bizim yox, sizin i\u015finizdir, siz m\u0259\u015f\u011ful olmal\u0131s\u0131z, sonra da \u00e7\u0131x\u0131b getdil\u0259r, s\u00f6hb\u0259t el\u0259 orada da qald\u0131\u201c.\n<\/p>\n<p>\n  Sabun\u00e7u q\u0259s\u0259b\u0259si, Ayd\u0131nb\u0259yov k\u00fc\u00e7\u0259si 1 \u00fcnvanda yerl\u0259\u015f\u0259n ikim\u0259rt\u0259b\u0259li ya\u015fay\u0131\u015f binas\u0131n\u0131n \u00fcst m\u0259rt\u0259b\u0259sind\u0259 79 sayl\u0131 u\u015faq ba\u011f\u00e7as\u0131 f\u0259aliyy\u0259t g\u00f6st\u0259rib. T\u0259qrib\u0259n 10 il \u0259vv\u0259l ba\u011f\u00e7a ba\u011flan\u0131b v\u0259 sat\u0131\u015fa \u00e7\u0131xar\u0131l\u0131b. Sakinl\u0259rin dem\u0259sin\u0259 g\u00f6r\u0259, ba\u011f\u00e7a al\u0131nsa da, qap\u0131s\u0131 h\u0259l\u0259 d\u0259 q\u0131f\u0131ll\u0131 qal\u0131b. N\u0259tic\u0259d\u0259 istifad\u0259siz m\u0259kan ilb\u0259il q\u0259zal\u0131 v\u0259ziyy\u0259t\u0259 d\u00fc\u015f\u00fcb, h\u0259min binan\u0131n sakinl\u0259rinin \u0259mlaklar\u0131na da z\u0259r\u0259r vurub.\n<\/p>\n<p>\n  <b><br \/>\n    \u201cY\u00fckl\u0259nmi\u015f tavan \u00e7\u00f6km\u0259k \u00fczr\u0259dir\u201d<br \/>\n  <\/b>\n<\/p>\n<p>\n  Sakin \u0130lqar Abbasov dan\u0131\u015f\u0131r:\n<\/p>\n<p>\n  \u201cDedil\u0259r, ba\u011f\u00e7an\u0131 kims\u0259 al\u0131b, ancaq ne\u00e7\u0259 ildir o kims\u0259 h\u0259l\u0259 d\u0259 ortal\u0131\u011fa \u00e7\u0131xm\u0131r ki, d\u0259rdimizi dey\u0259k. Ba\u011f\u00e7an\u0131n otaqlar\u0131n\u0131n tavan\u0131 hiss\u0259-hiss\u0259 qoparaq d\u00f6\u015f\u0259m\u0259y\u0259 t\u00f6k\u00fcl\u00fcb, d\u00f6\u015f\u0259m\u0259nin alt\u0131 da bizim tavand\u0131r. Bizim evd\u0259 5 u\u015faq, 72 ya\u015fl\u0131 anam var, \u00fcr\u0259k x\u0259st\u0259sidir, \u00fcst\u0259lik, revmatizmadan \u0259ziyy\u0259t \u00e7\u0259kir. Ya\u011f\u0131\u015f sular\u0131 ba\u011f\u00e7an\u0131n otaqlar\u0131na dolur, d\u00f6\u015f\u0259m\u0259d\u0259n bizim tavanla evimizin i\u00e7\u0259risin\u0259 ax\u0131r. Ba\u011f\u00e7an\u0131n d\u00f6\u015f\u0259m\u0259si qopub d\u00fc\u015f\u0259n tavan\u0131n hiss\u0259l\u0259ri il\u0259 y\u00fckl\u0259nib, n\u0259tic\u0259d\u0259 h\u0259min d\u00f6\u015f\u0259m\u0259nin alt\u0131ndak\u0131 bizim tavan da y\u00fckl\u0259nib v\u0259 \u00e7\u00f6km\u0259k \u00fczr\u0259dir. Q\u0259fil ba\u015f\u0131m\u0131za \u00e7\u00f6ks\u0259, qa\u00e7\u0131b can\u0131m\u0131z\u0131 xilas etm\u0259k imkan\u0131m\u0131z da olmayacaq. Evin i\u00e7ind\u0259 s\u0259ks\u0259k\u0259li h\u0259yat s\u00fcr\u00fcr\u00fck\u201d.\n<\/p>\n<p>\n  <b><br \/>\n    \u201c11 n\u0259f\u0259r iki ota\u011fa s\u0131\u011f\u0131n\u0131b\u201d<br \/>\n  <\/b>\n<\/p>\n<p>\n  \u00dcst m\u0259rt\u0259b\u0259si q\u0259zal\u0131 ke\u00e7mi\u015f u\u015faq ba\u011f\u00e7as\u0131d\u0131r, alt m\u0259rt\u0259b\u0259d\u0259 \u00fcmumilikd\u0259 alt\u0131 ail\u0259 ya\u015fay\u0131r. Bu ail\u0259l\u0259rd\u0259n ikisi binan\u0131n h\u0259r an u\u00e7a bil\u0259c\u0259yini g\u00f6z\u0259 alaraq evl\u0259rind\u0259n kiray\u0259l\u0259r\u0259 da\u015f\u0131n\u0131blar:\n<\/p>\n<p>\n  \u201c\u015e\u0259xs\u0259n bizd\u0259 4 otaqd\u0131r, onun ikisinin tavan\u0131 u\u00e7maq \u00fczr\u0259dir. Qap\u0131s\u0131n\u0131 q\u0131f\u0131llam\u0131\u015f\u0131q ki, u\u015faqlar girm\u0259sin. Dig\u0259r iki otaqda 11 n\u0259f\u0259r qal\u0131r. Dediyim kimi, onlardan be\u015fi 3-4 ya\u015fl\u0131 u\u015faqlard\u0131r. \u0130ndi havalar bir az xo\u015fdur, bir ne\u00e7\u0259 g\u00fcn\u0259 ya\u011f\u0131\u015flar t\u00f6k\u0259nd\u0259 v\u0259ziyy\u0259timiz a\u011f\u0131rla\u015facaq. Otaqlara yen\u0259 bu ba\u015fdan- o ba\u015fa vedr\u0259l\u0259r d\u00fcz\u00fcl\u0259c\u0259k. Ham\u0131s\u0131 x\u0259st\u0259likdir. H\u0259l\u0259 \u00fcst m\u0259rt\u0259b\u0259d\u0259n evin i\u00e7\u0259risin\u0259 tavan\u0131n yar\u0131lm\u0131\u015f yerl\u0259rind\u0259n si\u00e7ovullar d\u00fc\u015f\u00fcr, ilbizl\u0259r sallan\u0131r. Adamlar\u0131 o d\u0259r\u0259c\u0259y\u0259 \u00e7atd\u0131r\u0131blar ki, ev-e\u015fikl\u0259rini at\u0131b gedirl\u0259r. Bizim getm\u0259y\u0259 yerimiz yoxdur. Sabun\u00e7u Rayon \u0130cra Hakimiyy\u0259tind\u0259n, F\u00f6vq\u0259lad\u0259 Hallar Nazirliyind\u0259n g\u0259lib bax\u0131\u015f ke\u00e7iribl\u0259r, son s\u00f6zl\u0259ri bu olub ki, narahat olmay\u0131n, d\u00fcz\u0259l\u0259c\u0259k\u201d.\n<\/p>\n<p>\n  Sabun\u00e7u Rayon \u0130cra Hakimiyy\u0259tind\u0259n Meydan TV-y\u0259 bildirilib ki, qeyd olunan \u00fcnvandak\u0131 ikim\u0259rt\u0259b\u0259li binan\u0131n y\u00fczd\u0259n \u00e7ox ya\u015f\u0131 var, q\u0259zal\u0131 binalar\u0131n siyah\u0131s\u0131ndad\u0131r. Sabun\u00e7u rayonu \u0259razisind\u0259ki q\u0259zal\u0131 binalarla ba\u011fl\u0131 m\u0259rh\u0259l\u0259li \u015f\u0259kild\u0259 t\u0259dbirl\u0259r g\u00f6r\u00fcl\u00fcr. Binaya bax\u0131\u015f ke\u00e7irilib, sakinl\u0259rl\u0259 dan\u0131\u015f\u0131l\u0131b, yax\u0131n vaxtlarda yen\u0259 \u00fcnvana gedib v\u0259ziyy\u0259tl\u0259 maraqlanacaqlar.\n<\/p>\n<figure class=\"wp-block-image size-large\">\n  <img decoding=\"async\" src=\"https:\/\/www.meydan.tv\/az\/evin-veziyyeti-11\/\" alt=\"Evin v\u0259ziyy\u0259ti\" class=\"wp-image-131480\"\/><figcaption>\n    Evin v\u0259ziyy\u0259ti<br \/>\n  <\/figcaption><\/figure>\n","protected":false},"excerpt":{"rendered":"<p>Q\u0259zal\u0131 v\u0259ziyy\u0259td\u0259 olan binan\u0131n sakinl\u0259ri aidiyy\u0259ti qurumlardan k\u00f6m\u0259k ist\u0259yir<\/p>\n","protected":false},"author":11,"featured_media":131477,"comment_status":"closed","ping_status":"open","sticky":false,"template":"","format":"standard","meta":{"_acf_changed":false,"_sitemap_exclude":false,"_sitemap_priority":"","_sitemap_frequency":"","footnotes":""},"categories":[60],"tags":[],"class_list":["post-197475","post","type-post","status-publish","format-standard","has-post-thumbnail","hentry","category-bolge","infinite-scroll-item","generate-columns","tablet-grid-50","mobile-grid-100","grid-parent","grid-33","no-featured-image-padding"],"acf":[],"yoast_head":"<!-- This site is optimized with the Yoast SEO plugin v27.5 - https:\/\/yoast.com\/product\/yoast-seo-wordpress\/ -->\n<title>\u201c\u00dcst m\u0259rt\u0259b\u0259d\u0259n si\u00e7ovullar ba\u015f\u0131m\u0131za d\u00fc\u015f\u00fcr\u201d - MEYDAN.TV<\/title>\n<meta name=\"robots\" content=\"index, follow, max-snippet:-1, max-image-preview:large, max-video-preview:-1\" \/>\n<link rel=\"canonical\" href=\"https:\/\/www.meydan.tv\/az\/article\/ust-mertebeden-sicovullar-basimiza-dusur\/\" \/>\n<meta property=\"og:locale\" content=\"az_AZ\" \/>\n<meta property=\"og:type\" content=\"article\" \/>\n<meta property=\"og:title\" content=\"\u201c\u00dcst m\u0259rt\u0259b\u0259d\u0259n si\u00e7ovullar ba\u015f\u0131m\u0131za d\u00fc\u015f\u00fcr\u201d - MEYDAN.TV\" \/>\n<meta property=\"og:description\" content=\"Q\u0259zal\u0131 v\u0259ziyy\u0259td\u0259 olan binan\u0131n sakinl\u0259ri aidiyy\u0259ti qurumlardan k\u00f6m\u0259k ist\u0259yir\" \/>\n<meta property=\"og:url\" content=\"https:\/\/www.meydan.tv\/az\/article\/ust-mertebeden-sicovullar-basimiza-dusur\/\" \/>\n<meta property=\"og:site_name\" content=\"MEYDAN.TV\" \/>\n<meta property=\"article:published_time\" content=\"2019-10-16T17:42:23+00:00\" \/>\n<meta property=\"og:image\" content=\"https:\/\/www.meydan.tv\/wp-content\/uploads\/image_from_ios_93.jpg\" \/>\n\t<meta property=\"og:image:width\" content=\"1040\" \/>\n\t<meta property=\"og:image:height\" content=\"780\" \/>\n\t<meta property=\"og:image:type\" content=\"image\/jpeg\" \/>\n<meta name=\"author\" content=\"user-manager\" \/>\n<meta name=\"twitter:card\" content=\"summary_large_image\" \/>\n<script type=\"application\/ld+json\" class=\"yoast-schema-graph\">{\"@context\":\"https:\\\/\\\/schema.org\",\"@graph\":[{\"@type\":\"Article\",\"@id\":\"https:\\\/\\\/www.meydan.tv\\\/az\\\/article\\\/ust-mertebeden-sicovullar-basimiza-dusur\\\/#article\",\"isPartOf\":{\"@id\":\"https:\\\/\\\/www.meydan.tv\\\/az\\\/article\\\/ust-mertebeden-sicovullar-basimiza-dusur\\\/\"},\"author\":{\"name\":\"user-manager\",\"@id\":\"https:\\\/\\\/www.meydan.tv\\\/az\\\/#\\\/schema\\\/person\\\/10d11eccf6da3662cf5fdab9806ea91a\"},\"headline\":\"\u201c\u00dcst m\u0259rt\u0259b\u0259d\u0259n si\u00e7ovullar ba\u015f\u0131m\u0131za d\u00fc\u015f\u00fcr\u201d\",\"datePublished\":\"2019-10-16T17:42:23+00:00\",\"mainEntityOfPage\":{\"@id\":\"https:\\\/\\\/www.meydan.tv\\\/az\\\/article\\\/ust-mertebeden-sicovullar-basimiza-dusur\\\/\"},\"wordCount\":758,\"publisher\":{\"@id\":\"https:\\\/\\\/www.meydan.tv\\\/az\\\/#organization\"},\"image\":{\"@id\":\"https:\\\/\\\/www.meydan.tv\\\/az\\\/article\\\/ust-mertebeden-sicovullar-basimiza-dusur\\\/#primaryimage\"},\"thumbnailUrl\":\"https:\\\/\\\/www.meydan.tv\\\/wp-content\\\/uploads\\\/image_from_ios_93.jpg\",\"articleSection\":[\"B\u00f6lg\u0259\"],\"inLanguage\":\"az\"},{\"@type\":\"WebPage\",\"@id\":\"https:\\\/\\\/www.meydan.tv\\\/az\\\/article\\\/ust-mertebeden-sicovullar-basimiza-dusur\\\/\",\"url\":\"https:\\\/\\\/www.meydan.tv\\\/az\\\/article\\\/ust-mertebeden-sicovullar-basimiza-dusur\\\/\",\"name\":\"\u201c\u00dcst m\u0259rt\u0259b\u0259d\u0259n si\u00e7ovullar ba\u015f\u0131m\u0131za d\u00fc\u015f\u00fcr\u201d - MEYDAN.TV\",\"isPartOf\":{\"@id\":\"https:\\\/\\\/www.meydan.tv\\\/az\\\/#website\"},\"primaryImageOfPage\":{\"@id\":\"https:\\\/\\\/www.meydan.tv\\\/az\\\/article\\\/ust-mertebeden-sicovullar-basimiza-dusur\\\/#primaryimage\"},\"image\":{\"@id\":\"https:\\\/\\\/www.meydan.tv\\\/az\\\/article\\\/ust-mertebeden-sicovullar-basimiza-dusur\\\/#primaryimage\"},\"thumbnailUrl\":\"https:\\\/\\\/www.meydan.tv\\\/wp-content\\\/uploads\\\/image_from_ios_93.jpg\",\"datePublished\":\"2019-10-16T17:42:23+00:00\",\"breadcrumb\":{\"@id\":\"https:\\\/\\\/www.meydan.tv\\\/az\\\/article\\\/ust-mertebeden-sicovullar-basimiza-dusur\\\/#breadcrumb\"},\"inLanguage\":\"az\",\"potentialAction\":[{\"@type\":\"ReadAction\",\"target\":[\"https:\\\/\\\/www.meydan.tv\\\/az\\\/article\\\/ust-mertebeden-sicovullar-basimiza-dusur\\\/\"]}]},{\"@type\":\"ImageObject\",\"inLanguage\":\"az\",\"@id\":\"https:\\\/\\\/www.meydan.tv\\\/az\\\/article\\\/ust-mertebeden-sicovullar-basimiza-dusur\\\/#primaryimage\",\"url\":\"https:\\\/\\\/www.meydan.tv\\\/wp-content\\\/uploads\\\/image_from_ios_93.jpg\",\"contentUrl\":\"https:\\\/\\\/www.meydan.tv\\\/wp-content\\\/uploads\\\/image_from_ios_93.jpg\",\"width\":1040,\"height\":780,\"caption\":\"Source: Meydan TV\"},{\"@type\":\"BreadcrumbList\",\"@id\":\"https:\\\/\\\/www.meydan.tv\\\/az\\\/article\\\/ust-mertebeden-sicovullar-basimiza-dusur\\\/#breadcrumb\",\"itemListElement\":[{\"@type\":\"ListItem\",\"position\":1,\"name\":\"Ana s\u0259hif\u0259\",\"item\":\"https:\\\/\\\/www.meydan.tv\\\/az\\\/\"},{\"@type\":\"ListItem\",\"position\":2,\"name\":\"B\u00f6lg\u0259\",\"item\":\"https:\\\/\\\/www.meydan.tv\\\/az\\\/section\\\/bolge\\\/\"},{\"@type\":\"ListItem\",\"position\":3,\"name\":\"\u201c\u00dcst m\u0259rt\u0259b\u0259d\u0259n si\u00e7ovullar ba\u015f\u0131m\u0131za d\u00fc\u015f\u00fcr\u201d\"}]},{\"@type\":\"WebSite\",\"@id\":\"https:\\\/\\\/www.meydan.tv\\\/az\\\/#website\",\"url\":\"https:\\\/\\\/www.meydan.tv\\\/az\\\/\",\"name\":\"MEYDAN.TV\",\"description\":\"Meydan TV Az\u0259rbaycan\u0131n media m\u0259kan\u0131ndak\u0131 alternativ s\u0259sidir\",\"publisher\":{\"@id\":\"https:\\\/\\\/www.meydan.tv\\\/az\\\/#organization\"},\"potentialAction\":[{\"@type\":\"SearchAction\",\"target\":{\"@type\":\"EntryPoint\",\"urlTemplate\":\"https:\\\/\\\/www.meydan.tv\\\/az\\\/?s={search_term_string}\"},\"query-input\":{\"@type\":\"PropertyValueSpecification\",\"valueRequired\":true,\"valueName\":\"search_term_string\"}}],\"inLanguage\":\"az\"},{\"@type\":\"Organization\",\"@id\":\"https:\\\/\\\/www.meydan.tv\\\/az\\\/#organization\",\"name\":\"Meydan TV\",\"url\":\"https:\\\/\\\/www.meydan.tv\\\/az\\\/\",\"logo\":{\"@type\":\"ImageObject\",\"inLanguage\":\"az\",\"@id\":\"https:\\\/\\\/www.meydan.tv\\\/az\\\/#\\\/schema\\\/logo\\\/image\\\/\",\"url\":\"https:\\\/\\\/www.meydan.tv\\\/wp-content\\\/uploads\\\/2021\\\/07\\\/meydan-logo.svg\",\"contentUrl\":\"https:\\\/\\\/www.meydan.tv\\\/wp-content\\\/uploads\\\/2021\\\/07\\\/meydan-logo.svg\",\"width\":195,\"height\":46,\"caption\":\"Meydan TV\"},\"image\":{\"@id\":\"https:\\\/\\\/www.meydan.tv\\\/az\\\/#\\\/schema\\\/logo\\\/image\\\/\"}},{\"@type\":\"Person\",\"@id\":\"https:\\\/\\\/www.meydan.tv\\\/az\\\/#\\\/schema\\\/person\\\/10d11eccf6da3662cf5fdab9806ea91a\",\"name\":\"user-manager\"}]}<\/script>\n<!-- \/ Yoast SEO plugin. -->","yoast_head_json":{"title":"\u201c\u00dcst m\u0259rt\u0259b\u0259d\u0259n si\u00e7ovullar ba\u015f\u0131m\u0131za d\u00fc\u015f\u00fcr\u201d - MEYDAN.TV","robots":{"index":"index","follow":"follow","max-snippet":"max-snippet:-1","max-image-preview":"max-image-preview:large","max-video-preview":"max-video-preview:-1"},"canonical":"https:\/\/www.meydan.tv\/az\/article\/ust-mertebeden-sicovullar-basimiza-dusur\/","og_locale":"az_AZ","og_type":"article","og_title":"\u201c\u00dcst m\u0259rt\u0259b\u0259d\u0259n si\u00e7ovullar ba\u015f\u0131m\u0131za d\u00fc\u015f\u00fcr\u201d - MEYDAN.TV","og_description":"Q\u0259zal\u0131 v\u0259ziyy\u0259td\u0259 olan binan\u0131n sakinl\u0259ri aidiyy\u0259ti qurumlardan k\u00f6m\u0259k ist\u0259yir","og_url":"https:\/\/www.meydan.tv\/az\/article\/ust-mertebeden-sicovullar-basimiza-dusur\/","og_site_name":"MEYDAN.TV","article_published_time":"2019-10-16T17:42:23+00:00","og_image":[{"width":1040,"height":780,"url":"https:\/\/www.meydan.tv\/wp-content\/uploads\/image_from_ios_93.jpg","type":"image\/jpeg"}],"author":"user-manager","twitter_card":"summary_large_image","schema":{"@context":"https:\/\/schema.org","@graph":[{"@type":"Article","@id":"https:\/\/www.meydan.tv\/az\/article\/ust-mertebeden-sicovullar-basimiza-dusur\/#article","isPartOf":{"@id":"https:\/\/www.meydan.tv\/az\/article\/ust-mertebeden-sicovullar-basimiza-dusur\/"},"author":{"name":"user-manager","@id":"https:\/\/www.meydan.tv\/az\/#\/schema\/person\/10d11eccf6da3662cf5fdab9806ea91a"},"headline":"\u201c\u00dcst m\u0259rt\u0259b\u0259d\u0259n si\u00e7ovullar ba\u015f\u0131m\u0131za d\u00fc\u015f\u00fcr\u201d","datePublished":"2019-10-16T17:42:23+00:00","mainEntityOfPage":{"@id":"https:\/\/www.meydan.tv\/az\/article\/ust-mertebeden-sicovullar-basimiza-dusur\/"},"wordCount":758,"publisher":{"@id":"https:\/\/www.meydan.tv\/az\/#organization"},"image":{"@id":"https:\/\/www.meydan.tv\/az\/article\/ust-mertebeden-sicovullar-basimiza-dusur\/#primaryimage"},"thumbnailUrl":"https:\/\/www.meydan.tv\/wp-content\/uploads\/image_from_ios_93.jpg","articleSection":["B\u00f6lg\u0259"],"inLanguage":"az"},{"@type":"WebPage","@id":"https:\/\/www.meydan.tv\/az\/article\/ust-mertebeden-sicovullar-basimiza-dusur\/","url":"https:\/\/www.meydan.tv\/az\/article\/ust-mertebeden-sicovullar-basimiza-dusur\/","name":"\u201c\u00dcst m\u0259rt\u0259b\u0259d\u0259n si\u00e7ovullar ba\u015f\u0131m\u0131za d\u00fc\u015f\u00fcr\u201d - MEYDAN.TV","isPartOf":{"@id":"https:\/\/www.meydan.tv\/az\/#website"},"primaryImageOfPage":{"@id":"https:\/\/www.meydan.tv\/az\/article\/ust-mertebeden-sicovullar-basimiza-dusur\/#primaryimage"},"image":{"@id":"https:\/\/www.meydan.tv\/az\/article\/ust-mertebeden-sicovullar-basimiza-dusur\/#primaryimage"},"thumbnailUrl":"https:\/\/www.meydan.tv\/wp-content\/uploads\/image_from_ios_93.jpg","datePublished":"2019-10-16T17:42:23+00:00","breadcrumb":{"@id":"https:\/\/www.meydan.tv\/az\/article\/ust-mertebeden-sicovullar-basimiza-dusur\/#breadcrumb"},"inLanguage":"az","potentialAction":[{"@type":"ReadAction","target":["https:\/\/www.meydan.tv\/az\/article\/ust-mertebeden-sicovullar-basimiza-dusur\/"]}]},{"@type":"ImageObject","inLanguage":"az","@id":"https:\/\/www.meydan.tv\/az\/article\/ust-mertebeden-sicovullar-basimiza-dusur\/#primaryimage","url":"https:\/\/www.meydan.tv\/wp-content\/uploads\/image_from_ios_93.jpg","contentUrl":"https:\/\/www.meydan.tv\/wp-content\/uploads\/image_from_ios_93.jpg","width":1040,"height":780,"caption":"Source: Meydan TV"},{"@type":"BreadcrumbList","@id":"https:\/\/www.meydan.tv\/az\/article\/ust-mertebeden-sicovullar-basimiza-dusur\/#breadcrumb","itemListElement":[{"@type":"ListItem","position":1,"name":"Ana s\u0259hif\u0259","item":"https:\/\/www.meydan.tv\/az\/"},{"@type":"ListItem","position":2,"name":"B\u00f6lg\u0259","item":"https:\/\/www.meydan.tv\/az\/section\/bolge\/"},{"@type":"ListItem","position":3,"name":"\u201c\u00dcst m\u0259rt\u0259b\u0259d\u0259n si\u00e7ovullar ba\u015f\u0131m\u0131za d\u00fc\u015f\u00fcr\u201d"}]},{"@type":"WebSite","@id":"https:\/\/www.meydan.tv\/az\/#website","url":"https:\/\/www.meydan.tv\/az\/","name":"MEYDAN.TV","description":"Meydan TV Az\u0259rbaycan\u0131n media m\u0259kan\u0131ndak\u0131 alternativ s\u0259sidir","publisher":{"@id":"https:\/\/www.meydan.tv\/az\/#organization"},"potentialAction":[{"@type":"SearchAction","target":{"@type":"EntryPoint","urlTemplate":"https:\/\/www.meydan.tv\/az\/?s={search_term_string}"},"query-input":{"@type":"PropertyValueSpecification","valueRequired":true,"valueName":"search_term_string"}}],"inLanguage":"az"},{"@type":"Organization","@id":"https:\/\/www.meydan.tv\/az\/#organization","name":"Meydan TV","url":"https:\/\/www.meydan.tv\/az\/","logo":{"@type":"ImageObject","inLanguage":"az","@id":"https:\/\/www.meydan.tv\/az\/#\/schema\/logo\/image\/","url":"https:\/\/www.meydan.tv\/wp-content\/uploads\/2021\/07\/meydan-logo.svg","contentUrl":"https:\/\/www.meydan.tv\/wp-content\/uploads\/2021\/07\/meydan-logo.svg","width":195,"height":46,"caption":"Meydan TV"},"image":{"@id":"https:\/\/www.meydan.tv\/az\/#\/schema\/logo\/image\/"}},{"@type":"Person","@id":"https:\/\/www.meydan.tv\/az\/#\/schema\/person\/10d11eccf6da3662cf5fdab9806ea91a","name":"user-manager"}]}},"_links":{"self":[{"href":"https:\/\/www.meydan.tv\/az\/wp-json\/wp\/v2\/posts\/197475","targetHints":{"allow":["GET"]}}],"collection":[{"href":"https:\/\/www.meydan.tv\/az\/wp-json\/wp\/v2\/posts"}],"about":[{"href":"https:\/\/www.meydan.tv\/az\/wp-json\/wp\/v2\/types\/post"}],"author":[{"embeddable":true,"href":"https:\/\/www.meydan.tv\/az\/wp-json\/wp\/v2\/users\/11"}],"replies":[{"embeddable":true,"href":"https:\/\/www.meydan.tv\/az\/wp-json\/wp\/v2\/comments?post=197475"}],"version-history":[{"count":0,"href":"https:\/\/www.meydan.tv\/az\/wp-json\/wp\/v2\/posts\/197475\/revisions"}],"wp:featuredmedia":[{"embeddable":true,"href":"https:\/\/www.meydan.tv\/az\/wp-json\/wp\/v2\/media\/131477"}],"wp:attachment":[{"href":"https:\/\/www.meydan.tv\/az\/wp-json\/wp\/v2\/media?parent=197475"}],"wp:term":[{"taxonomy":"category","embeddable":true,"href":"https:\/\/www.meydan.tv\/az\/wp-json\/wp\/v2\/categories?post=197475"},{"taxonomy":"post_tag","embeddable":true,"href":"https:\/\/www.meydan.tv\/az\/wp-json\/wp\/v2\/tags?post=197475"}],"curies":[{"name":"wp","href":"https:\/\/api.w.org\/{rel}","templated":true}]}}