{"id":197463,"date":"2019-10-15T21:20:20","date_gmt":"2019-10-15T21:20:20","guid":{"rendered":"https:\/\/www.meydan.tv\/article\/abs-turkiyeye-qarsi-sanksiyalar-tetbiq-edib\/"},"modified":"2019-10-15T21:20:20","modified_gmt":"2019-10-15T21:20:20","slug":"abs-turkiyeye-qarsi-sanksiyalar-tetbiq-edib","status":"publish","type":"post","link":"https:\/\/www.meydan.tv\/az\/article\/abs-turkiyeye-qarsi-sanksiyalar-tetbiq-edib\/","title":{"rendered":"AB\u015e T\u00fcrkiy\u0259y\u0259 qar\u015f\u0131 sanksiyalar t\u0259tbiq edib"},"content":{"rendered":"<p>\n  AB\u015e Suriyan\u0131n \u015fimal\u0131nda davam etdirdiyi h\u0259rbi h\u00fccuma cavab olaraq T\u00fcrkiy\u0259nin nazirlikl\u0259rin\u0259 v\u0259 y\u00fcks\u0259k s\u0259viyy\u0259li h\u00f6kum\u0259t n\u00fcmay\u0259nd\u0259l\u0259rin\u0259 qar\u015f\u0131 sanksiyalar t\u0259tbiq edib, &#8211; BBC x\u0259b\u0259r verir.\n<\/p>\n<p>\n  Prezident Donald Tramp h\u0259m\u00e7inin t\u00fcrkiy\u0259li h\u0259mkar\u0131 R\u0259c\u0259b Tayyib \u018frdo\u011fana z\u0259ng ed\u0259r\u0259k t\u0259cili at\u0259\u015fk\u0259s elan etm\u0259sini t\u0259l\u0259b edib, &#8211; vitse-prezident Mayk Pens (Mike Pence) deyib.\n<\/p>\n<p>\n  Pens deyib ki, o, b\u00f6lg\u0259y\u0259 \u0259n q\u0131sa zamanda s\u0259yah\u0259t ed\u0259c\u0259k.\n<\/p>\n<p>\n  Bu add\u0131m AB\u015e-\u0131n h\u0259rbi q\u00fcvv\u0259l\u0259rinin regiondan \u00e7\u0131xmas\u0131ndan sonraya t\u0259sad\u00fcf edir. Qeyd edilir ki, AB\u015e q\u00fcvv\u0259l\u0259rinin \u015fimali Suriyadan \u00e7\u0131xmas\u0131 T\u00fcrkiy\u0259nin b\u00f6lg\u0259y\u0259 h\u0259rbi bax\u0131mdan daxil olmas\u0131na \u201cya\u015f\u0131l i\u015f\u0131q\u201d vermi\u015f olub.\n<\/p>\n<p>\n  \u00d6t\u0259n h\u0259ft\u0259 ba\u015flam\u0131\u015f T\u00fcrkiy\u0259 h\u00fccumlar\u0131 k\u00fcrd q\u00fcvv\u0259l\u0259rinin \u0259ks\u0259riyy\u0259t t\u0259\u015fkil etdiyi Suriya Demokratik Q\u00fcvv\u0259l\u0259rini (SDF) s\u0259rh\u0259d b\u00f6lg\u0259sind\u0259n uzaqla\u015fd\u0131rmaq m\u0259qs\u0259di da\u015f\u0131y\u0131r. T\u00fcrkiy\u0259 SDF-in \u0259n b\u00f6y\u00fck hiss\u0259si olan YPG-ni \u00f6z \u0259razisind\u0259 f\u0259liyy\u0259t g\u00f6st\u0259r\u0259n PKK il\u0259 \u0259laq\u0259si oldu\u011fu \u00fc\u00e7\u00fcn terror t\u0259\u015fkilat\u0131 kimi tan\u0131y\u0131r.\n<\/p>\n<p>\n  T\u00fcrkiy\u0259 h\u00f6kum\u0259ti \u0259razid\u0259 \u201ct\u0259hl\u00fck\u0259siz b\u00f6lg\u0259\u201d yaratmaq v\u0259 bu \u0259raziy\u0259 haz\u0131rda T\u00fcrkiy\u0259d\u0259 m\u0259skunla\u015fm\u0131\u015f iki milyona yax\u0131n suriyal\u0131 qa\u00e7q\u0131n\u0131 yerl\u0259\u015fdirm\u0259k ist\u0259yir. Qa\u00e7q\u0131nlar\u0131n \u0259ks\u0259riyy\u0259ti k\u00fcrd deyil v\u0259 t\u0259nqid\u00e7il\u0259r x\u0259b\u0259rdarl\u0131q edir ki, T\u00fcrkiy\u0259nin bu add\u0131m\u0131 yerli k\u00fcrd \u0259halisinin etnik t\u0259mizl\u0259nm\u0259sin\u0259 s\u0259b\u0259b ola bil\u0259r.\n<\/p>\n<p>\n  BMT-nin m\u0259lumat\u0131na g\u00f6r\u0259, bu g\u00fcn\u0259 q\u0259d\u0259r davam ed\u0259n h\u0259rbi \u0259m\u0259liyyatda onlarla m\u00fclki \u015f\u0259xs \u00f6ld\u00fcr\u00fcl\u00fcb v\u0259 \u0259n az 160 min n\u0259f\u0259r \u0259razini t\u0259rk edib.\n<\/p>\n<p>\n  B\u00f6lg\u0259d\u0259 f\u0259aliyy\u0259t g\u00f6st\u0259r\u0259n b\u0259zi beyn\u0259lxalq yard\u0131m t\u0259\u015fkilatlar\u0131 t\u0259hl\u00fck\u0259sizlik bax\u0131m\u0131ndan f\u0259aliyy\u0259tl\u0259rini dayand\u0131raraq, i\u015f\u00e7il\u0259rini t\u0259xliy\u0259 etm\u0259k m\u0259cburiyy\u0259tind\u0259 qal\u0131blar.\n<\/p>\n<p>\n  K\u00fcrd q\u00fcvv\u0259l\u0259ri Suriyada \u0130slam D\u00f6vl\u0259ti (\u0130\u015e\u0130D) q\u00fcvv\u0259l\u0259rin\u0259 qar\u015f\u0131 m\u00fcbariz\u0259d\u0259 AB\u015e-\u0131n \u0259sas m\u00fctt\u0259fiqi olub. K\u00fcrd q\u00fcvv\u0259l\u0259ri T\u00fcrkiy\u0259nin h\u0259rbi \u0259m\u0259liyyatlar\u0131na t\u0259kan vermi\u015f AB\u015e-\u0131n geri \u00e7\u0259kilm\u0259 add\u0131m\u0131n\u0131 \u201carxadan z\u0259rb\u0259\u201d kimi xarakteriz\u0259 edibl\u0259r.\n<\/p>\n<p>\n  Suriyan\u0131n \u015fimal\u0131nda sabitliyin pozulmas\u0131 il\u0259 \u0130\u015e\u0130D-in yenid\u0259n canlanmas\u0131 haqda narahatl\u0131qlar var. Y\u00fczl\u0259rl\u0259 \u0130\u015e\u0130D ail\u0259 \u00fczv\u00fcn\u00fcn bir d\u00fc\u015f\u0259rg\u0259d\u0259n qa\u00e7d\u0131\u011f\u0131 deyilir.\n<\/p>\n<p>\n  Bazar g\u00fcn\u00fc k\u00fcrd q\u00fcvv\u0259l\u0259rinin T\u00fcrkiy\u0259ni d\u0259f etm\u0259k \u00fc\u00e7\u00fcn Suriya h\u00f6kum\u0259ti il\u0259 h\u0259rbi d\u0259st\u0259k m\u00fcqavil\u0259si imzalad\u0131\u011f\u0131 bildirilir.\n<\/p>\n<p>\n  AB\u015e Maliyy\u0259 Naziri Stivn Mun\u00e7in (Steven Mnuchin) bazar ert\u0259si ax\u015fam Va\u015finqtonda vitse-prezident Pensl\u0259 birlikd\u0259 g\u00f6r\u00fcl\u0259c\u0259k t\u0259dbirl\u0259ri a\u00e7\u0131qlay\u0131b.\n<\/p>\n<p>\n  Mun\u00e7in deyib ki, T\u00fcrkiy\u0259nin m\u00fcdafi\u0259, daxili i\u015fl\u0259r v\u0259 enerji nazirlikl\u0259rin\u0259 qar\u015f\u0131 t\u0259dbirl\u0259r g\u00f6r\u00fcl\u0259c\u0259k. Bel\u0259 ki, onlar\u0131n AB\u015e-dak\u0131 aktivl\u0259ri dondurulacaq v\u0259 onlar\u0131n AB\u015e-\u0131n maliyy\u0259 sistemin\u0259 aid olan \u0259m\u0259liyyatlar\u0131na qada\u011fa qoyulacaq.\n<\/p>\n<p>\n  \u201cT\u00fcrkiy\u0259 h\u00f6kum\u0259tinin h\u0259r\u0259k\u0259tl\u0259ri g\u00fcnahs\u0131z m\u00fclki insanlar\u0131 t\u0259hl\u00fck\u0259 alt\u0131na qoyur v\u0259 b\u00f6lg\u0259ni desabitl\u0259\u015fdirir, o c\u00fcml\u0259d\u0259n \u0130\u015e\u0130D-i m\u0259\u011flub etm\u0259k kampaniyas\u0131na x\u0259l\u0259l g\u0259tirir,\u201d &#8211; b\u0259yanatda deyilib.\n<\/p>\n<p>\n  \u201cTwitter\u201d a\u00e7\u0131qlamas\u0131nda Prezident Tramp deyib ki, o, t\u00fcrk polad\u0131n\u0131n tarifl\u0259rini 50% -d\u0259k qald\u0131racaq v\u0259 T\u00fcrkiy\u0259 il\u0259 \u201c100 milyard dollarl\u0131q ticar\u0259t sazi\u015fi\u201d dan\u0131\u015f\u0131qlar\u0131n\u0131 d\u0259rhal dayand\u0131racaq.\n<\/p>\n<p>\n  \u201cAB\u015e v\u0259 bizim t\u0259r\u0259fda\u015flar\u0131m\u0131z \u0130\u015e\u0130D-in \u0259razil\u0259rini 100 faiz olmaqla azad edibl\u0259r,\u201d &#8211; b\u0259yanatda deyilir: \u201cT\u00fcrkiy\u0259 bu qazanc\u0131 t\u0259hl\u00fck\u0259y\u0259 atmamal\u0131d\u0131r\u201d.\n<\/p>\n<p>\n  Vitse-prezident Pens Ankara d\u0259rhal at\u0259\u015fk\u0259s \u0259ld\u0259 etm\u0259zs\u0259 v\u0259 s\u0259rh\u0259dd\u0259ki durumlar\u0131 t\u0259nziml\u0259m\u0259zs\u0259, T\u00fcrkiy\u0259y\u0259 qar\u015f\u0131 sanksiyalar\u0131n daha da a\u011f\u0131rla\u015fd\u0131r\u0131laca\u011f\u0131 il\u0259 ba\u011fl\u0131 x\u0259b\u0259rdarl\u0131q edib.\n<\/p>\n<p>\n  Demokratlara r\u0259hb\u0259rlik ed\u0259n N\u00fcmay\u0259nd\u0259l\u0259r Palatas\u0131n\u0131n spikeri Nensi (Nancy) Pelosi \u201cTwitter\u201dd\u0259 qeyd edib ki, sanksiyalar prezidentin s\u0259hv q\u0259rarlar\u0131 il\u0259 s\u0259b\u0259b oldu\u011fu humanitar f\u0259lak\u0259ti durdurmaq \u00fc\u00e7\u00fcn yet\u0259rli deyil.\n<\/p>\n<p>\n  Bazar ert\u0259si g\u00fcn\u00fc erk\u0259n saatlarda Avropa Birliyi \u00f6lk\u0259l\u0259ri T\u00fcrkiy\u0259y\u0259 silah ixrac\u0131n\u0131 dayand\u0131rma\u011f\u0131 \u00f6hd\u0259sin\u0259 g\u00f6t\u00fcr\u00fcb. Buna cavab olaraq T\u00fcrkiy\u0259 qanunsuz v\u0259 q\u0259r\u0259zli m\u00fcnasib\u0259t\u0259 g\u00f6r\u0259 AB il\u0259 \u0259m\u0259kda\u015fl\u0131\u011f\u0131na yenid\u0259n \u0259l g\u0259zdir\u0259c\u0259yini bildirib.\n<\/p>\n<p>\n  \u018frdo\u011fan T\u00fcrkiy\u0259nin ba\u015flatd\u0131\u011f\u0131 \u201cBar\u0131\u015f P\u0131nar\u0131\u201d (S\u00fclh\u00fcn \u00e7e\u015fm\u0259si) h\u0259r\u0259kat\u0131n\u0131n h\u0259d\u0259fin\u0259 \u00e7atana q\u0259d\u0259r davam ed\u0259c\u0259yini v\u0259 \u201cindiy\u0259d\u0259k min kilometr \u0259razinin terror\u00e7ulardan t\u0259mizl\u0259ndiyini\u201d deyib, &#8211; \u201cDeutche Welle\u201d x\u0259b\u0259r verir.\n<\/p>\n<h3>\n  Almaniyada t\u00fcrk i\u015f yerl\u0259rin\u0259 h\u00fccumda 5 n\u0259f\u0259r yaralan\u0131b<br \/>\n<\/h3>\n<p>\n  Almaniyan\u0131n Herne \u015f\u0259h\u0259rind\u0259 \u0259ks\u0259riyy\u0259ti k\u00fcrdl\u0259rd\u0259n ibar\u0259t bir qrup T\u00fcrkiy\u0259nin Suriyadak\u0131 \u0259m\u0259liyyat\u0131na etiraz olaraq t\u00fcrkl\u0259r\u0259 aid iki i\u015f yerin\u0259 h\u00fccum edibl\u0259r. Bir n\u0259f\u0259r polis olmaqla 5 n\u0259f\u0259r yaralan\u0131b, &#8211; \u201cDeutche Welle\u201d x\u0259b\u0259r verir.\n<\/p>\n<p>\n  Polisin verdiyi m\u0259lumata g\u00f6r\u0259, 350 n\u0259f\u0259rlik k\u00fcrd \u0259silli insanlardan t\u0259\u015fkil edilmi\u015f qrupla\u015fma \u0259vv\u0259lc\u0259 t\u00fcrkl\u0259r t\u0259r\u0259find\u0259n i\u015fl\u0259dil\u0259n bir kafey\u0259, daha sonra bir qira\u0259txanaya h\u00fccum edib. Polis a\u00e7\u0131qlamas\u0131nda qeyd edilir ki, h\u0259r iki h\u00fccumdan \u0259vv\u0259l etiraz\u00e7\u0131 qrupa qar\u015f\u0131 t\u0259hrikedici ifad\u0259l\u0259r i\u015fl\u0259dilib. Polis hadis\u0259yl\u0259 ba\u011fl\u0131 ara\u015fd\u0131rmalara ba\u015flay\u0131b. Saxlan\u0131lan olmay\u0131b.\n<\/p>\n<p>\n  T\u00fcrkiy\u0259nin 2018-ci ilin mart ay\u0131nda Suriyan\u0131n Afrin b\u00f6lg\u0259sin\u0259 t\u0259\u015fkil etdiyi \u201cZeytin Dal\u0131\u201d (Zeytun buda\u011f\u0131) \u0259m\u0259liyyat\u0131 zaman\u0131nda da Almaniyada ya\u015fayan t\u00fcrkl\u0259r v\u0259 k\u00fcrl\u0259r aras\u0131nda g\u0259rginlikl\u0259r ya\u015fanm\u0131\u015fd\u0131. T\u00fcrkl\u0259r\u0259 aid i\u015f yerl\u0259rin\u0259, o c\u00fcml\u0259d\u0259n m\u0259scidl\u0259r\u0259 h\u00fccumlar olmu\u015fdu.<\/p>\n","protected":false},"excerpt":{"rendered":"<p>Almaniyada k\u00fcrd qrupla\u015fmas\u0131 il\u0259 t\u00fcrkl\u0259r aras\u0131nda dava olub<\/p>\n","protected":false},"author":11,"featured_media":131387,"comment_status":"closed","ping_status":"open","sticky":false,"template":"","format":"standard","meta":{"_acf_changed":false,"_sitemap_exclude":false,"_sitemap_priority":"","_sitemap_frequency":"","footnotes":""},"categories":[64],"tags":[],"class_list":["post-197463","post","type-post","status-publish","format-standard","has-post-thumbnail","hentry","category-dunya","infinite-scroll-item","generate-columns","tablet-grid-50","mobile-grid-100","grid-parent","grid-33","no-featured-image-padding"],"acf":[],"yoast_head":"<!-- This site is optimized with the Yoast SEO plugin v27.5 - https:\/\/yoast.com\/product\/yoast-seo-wordpress\/ -->\n<title>AB\u015e T\u00fcrkiy\u0259y\u0259 qar\u015f\u0131 sanksiyalar t\u0259tbiq edib - MEYDAN.TV<\/title>\n<meta name=\"robots\" content=\"index, follow, max-snippet:-1, max-image-preview:large, max-video-preview:-1\" \/>\n<link rel=\"canonical\" href=\"https:\/\/www.meydan.tv\/az\/article\/abs-turkiyeye-qarsi-sanksiyalar-tetbiq-edib\/\" \/>\n<meta property=\"og:locale\" content=\"az_AZ\" \/>\n<meta property=\"og:type\" content=\"article\" \/>\n<meta property=\"og:title\" content=\"AB\u015e T\u00fcrkiy\u0259y\u0259 qar\u015f\u0131 sanksiyalar t\u0259tbiq edib - MEYDAN.TV\" \/>\n<meta property=\"og:description\" content=\"Almaniyada k\u00fcrd qrupla\u015fmas\u0131 il\u0259 t\u00fcrkl\u0259r aras\u0131nda dava olub\" \/>\n<meta property=\"og:url\" content=\"https:\/\/www.meydan.tv\/az\/article\/abs-turkiyeye-qarsi-sanksiyalar-tetbiq-edib\/\" \/>\n<meta property=\"og:site_name\" content=\"MEYDAN.TV\" \/>\n<meta property=\"article:published_time\" content=\"2019-10-15T21:20:20+00:00\" \/>\n<meta property=\"og:image\" content=\"https:\/\/www.meydan.tv\/wp-content\/uploads\/trump-dismiss.jpg\" \/>\n\t<meta property=\"og:image:width\" content=\"2500\" \/>\n\t<meta property=\"og:image:height\" content=\"1667\" \/>\n\t<meta property=\"og:image:type\" content=\"image\/jpeg\" \/>\n<meta name=\"author\" content=\"user-manager\" \/>\n<meta name=\"twitter:card\" content=\"summary_large_image\" \/>\n<script type=\"application\/ld+json\" class=\"yoast-schema-graph\">{\"@context\":\"https:\\\/\\\/schema.org\",\"@graph\":[{\"@type\":\"Article\",\"@id\":\"https:\\\/\\\/www.meydan.tv\\\/az\\\/article\\\/abs-turkiyeye-qarsi-sanksiyalar-tetbiq-edib\\\/#article\",\"isPartOf\":{\"@id\":\"https:\\\/\\\/www.meydan.tv\\\/az\\\/article\\\/abs-turkiyeye-qarsi-sanksiyalar-tetbiq-edib\\\/\"},\"author\":{\"name\":\"user-manager\",\"@id\":\"https:\\\/\\\/www.meydan.tv\\\/az\\\/#\\\/schema\\\/person\\\/10d11eccf6da3662cf5fdab9806ea91a\"},\"headline\":\"AB\u015e T\u00fcrkiy\u0259y\u0259 qar\u015f\u0131 sanksiyalar t\u0259tbiq edib\",\"datePublished\":\"2019-10-15T21:20:20+00:00\",\"mainEntityOfPage\":{\"@id\":\"https:\\\/\\\/www.meydan.tv\\\/az\\\/article\\\/abs-turkiyeye-qarsi-sanksiyalar-tetbiq-edib\\\/\"},\"wordCount\":1127,\"publisher\":{\"@id\":\"https:\\\/\\\/www.meydan.tv\\\/az\\\/#organization\"},\"image\":{\"@id\":\"https:\\\/\\\/www.meydan.tv\\\/az\\\/article\\\/abs-turkiyeye-qarsi-sanksiyalar-tetbiq-edib\\\/#primaryimage\"},\"thumbnailUrl\":\"https:\\\/\\\/www.meydan.tv\\\/wp-content\\\/uploads\\\/trump-dismiss.jpg\",\"articleSection\":[\"D\u00fcnya\"],\"inLanguage\":\"az\"},{\"@type\":\"WebPage\",\"@id\":\"https:\\\/\\\/www.meydan.tv\\\/az\\\/article\\\/abs-turkiyeye-qarsi-sanksiyalar-tetbiq-edib\\\/\",\"url\":\"https:\\\/\\\/www.meydan.tv\\\/az\\\/article\\\/abs-turkiyeye-qarsi-sanksiyalar-tetbiq-edib\\\/\",\"name\":\"AB\u015e T\u00fcrkiy\u0259y\u0259 qar\u015f\u0131 sanksiyalar t\u0259tbiq edib - MEYDAN.TV\",\"isPartOf\":{\"@id\":\"https:\\\/\\\/www.meydan.tv\\\/az\\\/#website\"},\"primaryImageOfPage\":{\"@id\":\"https:\\\/\\\/www.meydan.tv\\\/az\\\/article\\\/abs-turkiyeye-qarsi-sanksiyalar-tetbiq-edib\\\/#primaryimage\"},\"image\":{\"@id\":\"https:\\\/\\\/www.meydan.tv\\\/az\\\/article\\\/abs-turkiyeye-qarsi-sanksiyalar-tetbiq-edib\\\/#primaryimage\"},\"thumbnailUrl\":\"https:\\\/\\\/www.meydan.tv\\\/wp-content\\\/uploads\\\/trump-dismiss.jpg\",\"datePublished\":\"2019-10-15T21:20:20+00:00\",\"breadcrumb\":{\"@id\":\"https:\\\/\\\/www.meydan.tv\\\/az\\\/article\\\/abs-turkiyeye-qarsi-sanksiyalar-tetbiq-edib\\\/#breadcrumb\"},\"inLanguage\":\"az\",\"potentialAction\":[{\"@type\":\"ReadAction\",\"target\":[\"https:\\\/\\\/www.meydan.tv\\\/az\\\/article\\\/abs-turkiyeye-qarsi-sanksiyalar-tetbiq-edib\\\/\"]}]},{\"@type\":\"ImageObject\",\"inLanguage\":\"az\",\"@id\":\"https:\\\/\\\/www.meydan.tv\\\/az\\\/article\\\/abs-turkiyeye-qarsi-sanksiyalar-tetbiq-edib\\\/#primaryimage\",\"url\":\"https:\\\/\\\/www.meydan.tv\\\/wp-content\\\/uploads\\\/trump-dismiss.jpg\",\"contentUrl\":\"https:\\\/\\\/www.meydan.tv\\\/wp-content\\\/uploads\\\/trump-dismiss.jpg\",\"width\":2500,\"height\":1667,\"caption\":\"Source: AP\"},{\"@type\":\"BreadcrumbList\",\"@id\":\"https:\\\/\\\/www.meydan.tv\\\/az\\\/article\\\/abs-turkiyeye-qarsi-sanksiyalar-tetbiq-edib\\\/#breadcrumb\",\"itemListElement\":[{\"@type\":\"ListItem\",\"position\":1,\"name\":\"Ana s\u0259hif\u0259\",\"item\":\"https:\\\/\\\/www.meydan.tv\\\/az\\\/\"},{\"@type\":\"ListItem\",\"position\":2,\"name\":\"D\u00fcnya\",\"item\":\"https:\\\/\\\/www.meydan.tv\\\/az\\\/section\\\/dunya\\\/\"},{\"@type\":\"ListItem\",\"position\":3,\"name\":\"AB\u015e T\u00fcrkiy\u0259y\u0259 qar\u015f\u0131 sanksiyalar t\u0259tbiq edib\"}]},{\"@type\":\"WebSite\",\"@id\":\"https:\\\/\\\/www.meydan.tv\\\/az\\\/#website\",\"url\":\"https:\\\/\\\/www.meydan.tv\\\/az\\\/\",\"name\":\"MEYDAN.TV\",\"description\":\"Meydan TV Az\u0259rbaycan\u0131n media m\u0259kan\u0131ndak\u0131 alternativ s\u0259sidir\",\"publisher\":{\"@id\":\"https:\\\/\\\/www.meydan.tv\\\/az\\\/#organization\"},\"potentialAction\":[{\"@type\":\"SearchAction\",\"target\":{\"@type\":\"EntryPoint\",\"urlTemplate\":\"https:\\\/\\\/www.meydan.tv\\\/az\\\/?s={search_term_string}\"},\"query-input\":{\"@type\":\"PropertyValueSpecification\",\"valueRequired\":true,\"valueName\":\"search_term_string\"}}],\"inLanguage\":\"az\"},{\"@type\":\"Organization\",\"@id\":\"https:\\\/\\\/www.meydan.tv\\\/az\\\/#organization\",\"name\":\"Meydan TV\",\"url\":\"https:\\\/\\\/www.meydan.tv\\\/az\\\/\",\"logo\":{\"@type\":\"ImageObject\",\"inLanguage\":\"az\",\"@id\":\"https:\\\/\\\/www.meydan.tv\\\/az\\\/#\\\/schema\\\/logo\\\/image\\\/\",\"url\":\"https:\\\/\\\/www.meydan.tv\\\/wp-content\\\/uploads\\\/2021\\\/07\\\/meydan-logo.svg\",\"contentUrl\":\"https:\\\/\\\/www.meydan.tv\\\/wp-content\\\/uploads\\\/2021\\\/07\\\/meydan-logo.svg\",\"width\":195,\"height\":46,\"caption\":\"Meydan TV\"},\"image\":{\"@id\":\"https:\\\/\\\/www.meydan.tv\\\/az\\\/#\\\/schema\\\/logo\\\/image\\\/\"}},{\"@type\":\"Person\",\"@id\":\"https:\\\/\\\/www.meydan.tv\\\/az\\\/#\\\/schema\\\/person\\\/10d11eccf6da3662cf5fdab9806ea91a\",\"name\":\"user-manager\"}]}<\/script>\n<!-- \/ Yoast SEO plugin. -->","yoast_head_json":{"title":"AB\u015e T\u00fcrkiy\u0259y\u0259 qar\u015f\u0131 sanksiyalar t\u0259tbiq edib - MEYDAN.TV","robots":{"index":"index","follow":"follow","max-snippet":"max-snippet:-1","max-image-preview":"max-image-preview:large","max-video-preview":"max-video-preview:-1"},"canonical":"https:\/\/www.meydan.tv\/az\/article\/abs-turkiyeye-qarsi-sanksiyalar-tetbiq-edib\/","og_locale":"az_AZ","og_type":"article","og_title":"AB\u015e T\u00fcrkiy\u0259y\u0259 qar\u015f\u0131 sanksiyalar t\u0259tbiq edib - MEYDAN.TV","og_description":"Almaniyada k\u00fcrd qrupla\u015fmas\u0131 il\u0259 t\u00fcrkl\u0259r aras\u0131nda dava olub","og_url":"https:\/\/www.meydan.tv\/az\/article\/abs-turkiyeye-qarsi-sanksiyalar-tetbiq-edib\/","og_site_name":"MEYDAN.TV","article_published_time":"2019-10-15T21:20:20+00:00","og_image":[{"width":2500,"height":1667,"url":"https:\/\/www.meydan.tv\/wp-content\/uploads\/trump-dismiss.jpg","type":"image\/jpeg"}],"author":"user-manager","twitter_card":"summary_large_image","schema":{"@context":"https:\/\/schema.org","@graph":[{"@type":"Article","@id":"https:\/\/www.meydan.tv\/az\/article\/abs-turkiyeye-qarsi-sanksiyalar-tetbiq-edib\/#article","isPartOf":{"@id":"https:\/\/www.meydan.tv\/az\/article\/abs-turkiyeye-qarsi-sanksiyalar-tetbiq-edib\/"},"author":{"name":"user-manager","@id":"https:\/\/www.meydan.tv\/az\/#\/schema\/person\/10d11eccf6da3662cf5fdab9806ea91a"},"headline":"AB\u015e T\u00fcrkiy\u0259y\u0259 qar\u015f\u0131 sanksiyalar t\u0259tbiq edib","datePublished":"2019-10-15T21:20:20+00:00","mainEntityOfPage":{"@id":"https:\/\/www.meydan.tv\/az\/article\/abs-turkiyeye-qarsi-sanksiyalar-tetbiq-edib\/"},"wordCount":1127,"publisher":{"@id":"https:\/\/www.meydan.tv\/az\/#organization"},"image":{"@id":"https:\/\/www.meydan.tv\/az\/article\/abs-turkiyeye-qarsi-sanksiyalar-tetbiq-edib\/#primaryimage"},"thumbnailUrl":"https:\/\/www.meydan.tv\/wp-content\/uploads\/trump-dismiss.jpg","articleSection":["D\u00fcnya"],"inLanguage":"az"},{"@type":"WebPage","@id":"https:\/\/www.meydan.tv\/az\/article\/abs-turkiyeye-qarsi-sanksiyalar-tetbiq-edib\/","url":"https:\/\/www.meydan.tv\/az\/article\/abs-turkiyeye-qarsi-sanksiyalar-tetbiq-edib\/","name":"AB\u015e T\u00fcrkiy\u0259y\u0259 qar\u015f\u0131 sanksiyalar t\u0259tbiq edib - MEYDAN.TV","isPartOf":{"@id":"https:\/\/www.meydan.tv\/az\/#website"},"primaryImageOfPage":{"@id":"https:\/\/www.meydan.tv\/az\/article\/abs-turkiyeye-qarsi-sanksiyalar-tetbiq-edib\/#primaryimage"},"image":{"@id":"https:\/\/www.meydan.tv\/az\/article\/abs-turkiyeye-qarsi-sanksiyalar-tetbiq-edib\/#primaryimage"},"thumbnailUrl":"https:\/\/www.meydan.tv\/wp-content\/uploads\/trump-dismiss.jpg","datePublished":"2019-10-15T21:20:20+00:00","breadcrumb":{"@id":"https:\/\/www.meydan.tv\/az\/article\/abs-turkiyeye-qarsi-sanksiyalar-tetbiq-edib\/#breadcrumb"},"inLanguage":"az","potentialAction":[{"@type":"ReadAction","target":["https:\/\/www.meydan.tv\/az\/article\/abs-turkiyeye-qarsi-sanksiyalar-tetbiq-edib\/"]}]},{"@type":"ImageObject","inLanguage":"az","@id":"https:\/\/www.meydan.tv\/az\/article\/abs-turkiyeye-qarsi-sanksiyalar-tetbiq-edib\/#primaryimage","url":"https:\/\/www.meydan.tv\/wp-content\/uploads\/trump-dismiss.jpg","contentUrl":"https:\/\/www.meydan.tv\/wp-content\/uploads\/trump-dismiss.jpg","width":2500,"height":1667,"caption":"Source: AP"},{"@type":"BreadcrumbList","@id":"https:\/\/www.meydan.tv\/az\/article\/abs-turkiyeye-qarsi-sanksiyalar-tetbiq-edib\/#breadcrumb","itemListElement":[{"@type":"ListItem","position":1,"name":"Ana s\u0259hif\u0259","item":"https:\/\/www.meydan.tv\/az\/"},{"@type":"ListItem","position":2,"name":"D\u00fcnya","item":"https:\/\/www.meydan.tv\/az\/section\/dunya\/"},{"@type":"ListItem","position":3,"name":"AB\u015e T\u00fcrkiy\u0259y\u0259 qar\u015f\u0131 sanksiyalar t\u0259tbiq edib"}]},{"@type":"WebSite","@id":"https:\/\/www.meydan.tv\/az\/#website","url":"https:\/\/www.meydan.tv\/az\/","name":"MEYDAN.TV","description":"Meydan TV Az\u0259rbaycan\u0131n media m\u0259kan\u0131ndak\u0131 alternativ s\u0259sidir","publisher":{"@id":"https:\/\/www.meydan.tv\/az\/#organization"},"potentialAction":[{"@type":"SearchAction","target":{"@type":"EntryPoint","urlTemplate":"https:\/\/www.meydan.tv\/az\/?s={search_term_string}"},"query-input":{"@type":"PropertyValueSpecification","valueRequired":true,"valueName":"search_term_string"}}],"inLanguage":"az"},{"@type":"Organization","@id":"https:\/\/www.meydan.tv\/az\/#organization","name":"Meydan TV","url":"https:\/\/www.meydan.tv\/az\/","logo":{"@type":"ImageObject","inLanguage":"az","@id":"https:\/\/www.meydan.tv\/az\/#\/schema\/logo\/image\/","url":"https:\/\/www.meydan.tv\/wp-content\/uploads\/2021\/07\/meydan-logo.svg","contentUrl":"https:\/\/www.meydan.tv\/wp-content\/uploads\/2021\/07\/meydan-logo.svg","width":195,"height":46,"caption":"Meydan TV"},"image":{"@id":"https:\/\/www.meydan.tv\/az\/#\/schema\/logo\/image\/"}},{"@type":"Person","@id":"https:\/\/www.meydan.tv\/az\/#\/schema\/person\/10d11eccf6da3662cf5fdab9806ea91a","name":"user-manager"}]}},"_links":{"self":[{"href":"https:\/\/www.meydan.tv\/az\/wp-json\/wp\/v2\/posts\/197463","targetHints":{"allow":["GET"]}}],"collection":[{"href":"https:\/\/www.meydan.tv\/az\/wp-json\/wp\/v2\/posts"}],"about":[{"href":"https:\/\/www.meydan.tv\/az\/wp-json\/wp\/v2\/types\/post"}],"author":[{"embeddable":true,"href":"https:\/\/www.meydan.tv\/az\/wp-json\/wp\/v2\/users\/11"}],"replies":[{"embeddable":true,"href":"https:\/\/www.meydan.tv\/az\/wp-json\/wp\/v2\/comments?post=197463"}],"version-history":[{"count":0,"href":"https:\/\/www.meydan.tv\/az\/wp-json\/wp\/v2\/posts\/197463\/revisions"}],"wp:featuredmedia":[{"embeddable":true,"href":"https:\/\/www.meydan.tv\/az\/wp-json\/wp\/v2\/media\/131387"}],"wp:attachment":[{"href":"https:\/\/www.meydan.tv\/az\/wp-json\/wp\/v2\/media?parent=197463"}],"wp:term":[{"taxonomy":"category","embeddable":true,"href":"https:\/\/www.meydan.tv\/az\/wp-json\/wp\/v2\/categories?post=197463"},{"taxonomy":"post_tag","embeddable":true,"href":"https:\/\/www.meydan.tv\/az\/wp-json\/wp\/v2\/tags?post=197463"}],"curies":[{"name":"wp","href":"https:\/\/api.w.org\/{rel}","templated":true}]}}