{"id":197461,"date":"2019-10-15T21:15:37","date_gmt":"2019-10-15T21:15:37","guid":{"rendered":"https:\/\/www.meydan.tv\/article\/turkiyeli-nazir-kurd-quvveleri-isid-hebsxanasini-bosaldib\/"},"modified":"2019-10-15T21:15:37","modified_gmt":"2019-10-15T21:15:37","slug":"turkiyeli-nazir-kurd-quvveleri-isid-hebsxanasini-bosaldib","status":"publish","type":"post","link":"https:\/\/www.meydan.tv\/az\/article\/turkiyeli-nazir-kurd-quvveleri-isid-hebsxanasini-bosaldib\/","title":{"rendered":"T\u00fcrkiy\u0259li nazir: k\u00fcrd q\u00fcvv\u0259l\u0259ri \u0130\u015e\u0130D h\u0259bsxanas\u0131n\u0131 bo\u015fald\u0131b"},"content":{"rendered":"<p>\n  T\u00fcrkiy\u0259nin m\u00fcdafi\u0259 naziri Hulusi Akar bazar ert\u0259si g\u00fcn\u00fc deyib ki, k\u00fcrd YPG d\u00f6y\u00fc\u015f\u00e7\u00fcl\u0259ri Ankaran\u0131n h\u00fccum h\u0259yata ke\u00e7irdiyi Suriyan\u0131n \u015fimal \u015f\u0259rqind\u0259 m\u00f6vcud h\u0259bsxanalardan tan\u0131nmam\u0131\u015f \u0130slam D\u00f6vl\u0259ti m\u0259hbuslar\u0131n\u0131 qa\u00e7\u0131r\u0131b v\u0259 saxlanma m\u0259nt\u0259q\u0259l\u0259rini bo\u015fald\u0131b.\n<\/p>\n<p>\n  AB\u015e prezidenti Donald Tramp b\u00f6lg\u0259d\u0259ki iki postdan q\u00fcvv\u0259l\u0259rini \u00e7\u0131xartd\u0131qdan sonra, ke\u00e7\u0259n h\u0259ft\u0259 Suriyan\u0131n \u015fimal-\u015f\u0259rqind\u0259 Ankara YPG silahl\u0131 q\u00fcvv\u0259l\u0259rin\u0259 qar\u015f\u0131 s\u0259rh\u0259d \u0259m\u0259liyyat\u0131na ba\u015flay\u0131b.\n<\/p>\n<p>\n  T\u00fcrkiy\u0259nin h\u00fccumuyla \u0130slam D\u00f6vl\u0259ti (\u0130\u015e\u0130D) silahl\u0131lar\u0131n\u0131n Suriyan\u0131n \u015fimal\u0131ndak\u0131 k\u00fcrd n\u0259zar\u0259tind\u0259 olan h\u0259bsxanalardan qa\u00e7ma ehtimal\u0131n\u0131n y\u00fcks\u0259lm\u0259si il\u0259 ba\u011fl\u0131 h\u0259y\u0259can t\u0259bili \u00e7al\u0131nm\u0131\u015fd\u0131. Ankara bu narahatl\u0131qlar\u0131 r\u0259dd etmi\u015fdi.\n<\/p>\n<p>\n  T\u00fcrkiy\u0259nin b\u0259yan etdiyi m\u0259qs\u0259d terror t\u0259\u015fkilat\u0131 olaraq g\u00f6rd\u00fcy\u00fc YPG-nin c\u0259nub s\u0259rh\u0259d b\u00f6lg\u0259sini t\u0259mizl\u0259m\u0259k v\u0259 milyonlarla suriyal\u0131 qa\u00e7q\u0131n\u0131 m\u0259skunla\u015fd\u0131rmaq ist\u0259diyi Suriyan\u0131n i\u00e7in\u0259 do\u011fru 30 km m\u0259saf\u0259d\u0259 \u201ct\u0259hl\u00fck\u0259siz b\u00f6lg\u0259\u201d yaratmaqd\u0131r. Ankara h\u0259m\u00e7inin \u201ct\u0259hl\u00fck\u0259siz b\u00f6lg\u0259\u201d daxilind\u0259 \u0130\u015e\u0130D militanlar\u0131 \u00fc\u00e7\u00fcn m\u0259suliyy\u0259ti \u00f6z \u00fcz\u0259rin\u0259 g\u00f6t\u00fcr\u0259c\u0259yini v\u0259d etmi\u015f, lakin ba\u015fqalar\u0131 \u00fc\u00e7\u00fcn cavabdeh olmayaca\u011f\u0131n\u0131 bildirmi\u015fdi.\n<\/p>\n<p>\n  Bazar ert\u0259si g\u00fcn\u00fc Ankarada jurnalistl\u0259r\u0259 m\u00fcsahib\u0259 ver\u0259n Akar deyib ki, YPG yegan\u0259 \u0130slam D\u00f6vl\u0259ti h\u0259bsxanas\u0131n\u0131 art\u0131q bo\u015fald\u0131b.\n<\/p>\n<p>\n  \u201cBildiyiniz kimi, bu Daesh (\u0130slam D\u00f6vl\u0259ti) m\u00f6vzusu il\u0259 ba\u011fl\u0131 h\u0259bsxana m\u0259s\u0259l\u0259si var. Biz bu h\u0259bsxanalarla ba\u011fl\u0131 \u00e7ox s\u0259y g\u00f6st\u0259rm\u0259y\u0259 q\u0259rarl\u0131y\u0131q. Ancaq b\u00f6lg\u0259mizd\u0259 yaln\u0131z bir Daesh h\u0259bsxanas\u0131 var\u201d, &#8211;\u00a0\u00a0Akar deyib.\n<\/p>\n<p>\n  \u201cBiz ora ged\u0259nd\u0259 g\u00f6rd\u00fck ki, h\u0259bsxana YPG t\u0259r\u0259find\u0259n bo\u015fald\u0131l\u0131b v\u0259 \u0130slam D\u00f6vl\u0259ti yaraql\u0131lar\u0131 oradan qovulub. Bunu foto\u015f\u0259kill\u0259r v\u0259 filml\u0259r vasit\u0259sil\u0259 m\u00fc\u0259yy\u0259n etdik, h\u0259mkar\u0131m\u0131zla dan\u0131\u015fd\u0131q v\u0259 bundan sonra da bel\u0259 ed\u0259c\u0259yik\u201d,- o deyib.\n<\/p>\n<p>\n  Akar h\u0259bsxanadan n\u0259 q\u0259d\u0259r m\u0259hbusun \u00e7\u0131xar\u0131ld\u0131\u011f\u0131n\u0131 dem\u0259yib. O, h\u0259m\u00e7inin m\u0259hbuslar\u0131n kim t\u0259r\u0259find\u0259n v\u0259 hara apar\u0131ld\u0131\u011f\u0131n\u0131 da a\u00e7\u0131qlamay\u0131b. YPG-d\u0259n bu haqda d\u0259rhal \u015f\u0259rh almaq m\u00fcmk\u00fcn olmay\u0131b.\n<\/p>\n<p>\n  He\u00e7 bir d\u0259lil t\u0259qdim etm\u0259y\u0259n Tramp bazar ert\u0259si g\u00fcn\u00fc k\u00fcrd q\u00fcvv\u0259l\u0259rinin AB\u015e \u0259sg\u0259rl\u0259rini yenid\u0259n b\u00f6lg\u0259y\u0259 g\u0259tirm\u0259k \u00fc\u00e7\u00fcn q\u0259sd\u0259n \u0130\u015e\u0130D m\u0259hbuslar\u0131n\u0131 azad ed\u0259 bil\u0259c\u0259yin\u0259 dair tvit atm\u0131\u015fd\u0131. \u201cQa\u00e7an d\u00f6y\u00fc\u015f\u00e7\u00fcl\u0259r T\u00fcrkiy\u0259 v\u0259 ya Avropa mill\u0259tl\u0259ri t\u0259r\u0259find\u0259n asanl\u0131qla \u0259l\u0259 ke\u00e7iril\u0259 bil\u0259r, amma onlar s\u00fcr\u0259tl\u0259 h\u0259r\u0259k\u0259t etm\u0259lidirl\u0259r\u201d,- Trump deyib.\n<\/p>\n<p>\n  Art\u0131q ke\u00e7\u0259n h\u0259ft\u0259 ba\u015flam\u0131\u015f sava\u015f n\u0259tic\u0259sind\u0259 \u0130\u015e\u0130D m\u0259hbuslar\u0131n\u0131n h\u0259bsxanadan qa\u00e7mas\u0131 q\u0259rb \u00f6lk\u0259l\u0259rind\u0259 b\u00f6y\u00fck narahatl\u0131qlara s\u0259b\u0259b olub. B\u00f6lg\u0259nin k\u00fcrdl\u0259r t\u0259r\u0259find\u0259n idar\u0259 ed\u0259n qurum deyib ki, 785 \u0130\u015e\u0130D m\u0259nsublu xarici v\u0259t\u0259nda\u015f h\u0259ft\u0259sonu Ain \u0130ssa kamp\u0131ndan qa\u00e7\u0131b. Britaniya m\u0259rk\u0259zli m\u00fcharib\u0259 monitor t\u0259\u015fkilat\u0131 kampdak\u0131 m\u0259nb\u0259l\u0259r\u0259 istinad\u0259n deyib ki, 100-\u0259 yax\u0131n insan h\u0259bsxanadan qa\u00e7\u0131b.\n<\/p>\n<p>\n  Prezident R\u0259c\u0259p Tayyip \u018frdo\u011fan bazar g\u00fcn\u00fc x\u0259b\u0259rl\u0259ri t\u0259kzib edib v\u0259 deyib ki, \u0130\u015e\u0130D d\u00f6y\u00fc\u015f\u00e7\u00fcl\u0259rinin h\u0259bsxanadan qa\u00e7mas\u0131 dezinformasiyad\u0131r v\u0259 q\u0259rbi provokasiya etm\u0259k m\u0259qs\u0259di g\u00fcd\u00fcr.<\/p>\n","protected":false},"excerpt":{"rendered":"<p>N\u0259 q\u0259d\u0259r adam\u0131n h\u0259bsxanadan \u00e7\u0131xd\u0131\u011f\u0131 bar\u0259d\u0259 d\u0259qiq m\u0259lumat verilmir<\/p>\n","protected":false},"author":11,"featured_media":131378,"comment_status":"closed","ping_status":"open","sticky":false,"template":"","format":"standard","meta":{"_acf_changed":false,"_sitemap_exclude":false,"_sitemap_priority":"","_sitemap_frequency":"","footnotes":""},"categories":[64],"tags":[],"class_list":["post-197461","post","type-post","status-publish","format-standard","has-post-thumbnail","hentry","category-dunya","infinite-scroll-item","generate-columns","tablet-grid-50","mobile-grid-100","grid-parent","grid-33","no-featured-image-padding"],"acf":[],"yoast_head":"<!-- This site is optimized with the Yoast SEO plugin v27.5 - https:\/\/yoast.com\/product\/yoast-seo-wordpress\/ -->\n<title>T\u00fcrkiy\u0259li nazir: k\u00fcrd q\u00fcvv\u0259l\u0259ri \u0130\u015e\u0130D h\u0259bsxanas\u0131n\u0131 bo\u015fald\u0131b - MEYDAN.TV<\/title>\n<meta name=\"robots\" content=\"index, follow, max-snippet:-1, max-image-preview:large, max-video-preview:-1\" \/>\n<link rel=\"canonical\" href=\"https:\/\/www.meydan.tv\/az\/article\/turkiyeli-nazir-kurd-quvveleri-isid-hebsxanasini-bosaldib\/\" \/>\n<meta property=\"og:locale\" content=\"az_AZ\" \/>\n<meta property=\"og:type\" content=\"article\" \/>\n<meta property=\"og:title\" content=\"T\u00fcrkiy\u0259li nazir: k\u00fcrd q\u00fcvv\u0259l\u0259ri \u0130\u015e\u0130D h\u0259bsxanas\u0131n\u0131 bo\u015fald\u0131b - MEYDAN.TV\" \/>\n<meta property=\"og:description\" content=\"N\u0259 q\u0259d\u0259r adam\u0131n h\u0259bsxanadan \u00e7\u0131xd\u0131\u011f\u0131 bar\u0259d\u0259 d\u0259qiq m\u0259lumat verilmir\" \/>\n<meta property=\"og:url\" content=\"https:\/\/www.meydan.tv\/az\/article\/turkiyeli-nazir-kurd-quvveleri-isid-hebsxanasini-bosaldib\/\" \/>\n<meta property=\"og:site_name\" content=\"MEYDAN.TV\" \/>\n<meta property=\"article:published_time\" content=\"2019-10-15T21:15:37+00:00\" \/>\n<meta property=\"og:image\" content=\"https:\/\/www.meydan.tv\/wp-content\/uploads\/untitled_design_0f5wrkh.png\" \/>\n\t<meta property=\"og:image:width\" content=\"1000\" \/>\n\t<meta property=\"og:image:height\" content=\"555\" \/>\n\t<meta property=\"og:image:type\" content=\"image\/png\" \/>\n<meta name=\"author\" content=\"user-manager\" \/>\n<meta name=\"twitter:card\" content=\"summary_large_image\" \/>\n<script type=\"application\/ld+json\" class=\"yoast-schema-graph\">{\"@context\":\"https:\\\/\\\/schema.org\",\"@graph\":[{\"@type\":\"Article\",\"@id\":\"https:\\\/\\\/www.meydan.tv\\\/az\\\/article\\\/turkiyeli-nazir-kurd-quvveleri-isid-hebsxanasini-bosaldib\\\/#article\",\"isPartOf\":{\"@id\":\"https:\\\/\\\/www.meydan.tv\\\/az\\\/article\\\/turkiyeli-nazir-kurd-quvveleri-isid-hebsxanasini-bosaldib\\\/\"},\"author\":{\"name\":\"user-manager\",\"@id\":\"https:\\\/\\\/www.meydan.tv\\\/az\\\/#\\\/schema\\\/person\\\/10d11eccf6da3662cf5fdab9806ea91a\"},\"headline\":\"T\u00fcrkiy\u0259li nazir: k\u00fcrd q\u00fcvv\u0259l\u0259ri \u0130\u015e\u0130D h\u0259bsxanas\u0131n\u0131 bo\u015fald\u0131b\",\"datePublished\":\"2019-10-15T21:15:37+00:00\",\"mainEntityOfPage\":{\"@id\":\"https:\\\/\\\/www.meydan.tv\\\/az\\\/article\\\/turkiyeli-nazir-kurd-quvveleri-isid-hebsxanasini-bosaldib\\\/\"},\"wordCount\":682,\"publisher\":{\"@id\":\"https:\\\/\\\/www.meydan.tv\\\/az\\\/#organization\"},\"image\":{\"@id\":\"https:\\\/\\\/www.meydan.tv\\\/az\\\/article\\\/turkiyeli-nazir-kurd-quvveleri-isid-hebsxanasini-bosaldib\\\/#primaryimage\"},\"thumbnailUrl\":\"https:\\\/\\\/www.meydan.tv\\\/wp-content\\\/uploads\\\/untitled_design_0f5wrkh.png\",\"articleSection\":[\"D\u00fcnya\"],\"inLanguage\":\"az\"},{\"@type\":\"WebPage\",\"@id\":\"https:\\\/\\\/www.meydan.tv\\\/az\\\/article\\\/turkiyeli-nazir-kurd-quvveleri-isid-hebsxanasini-bosaldib\\\/\",\"url\":\"https:\\\/\\\/www.meydan.tv\\\/az\\\/article\\\/turkiyeli-nazir-kurd-quvveleri-isid-hebsxanasini-bosaldib\\\/\",\"name\":\"T\u00fcrkiy\u0259li nazir: k\u00fcrd q\u00fcvv\u0259l\u0259ri \u0130\u015e\u0130D h\u0259bsxanas\u0131n\u0131 bo\u015fald\u0131b - MEYDAN.TV\",\"isPartOf\":{\"@id\":\"https:\\\/\\\/www.meydan.tv\\\/az\\\/#website\"},\"primaryImageOfPage\":{\"@id\":\"https:\\\/\\\/www.meydan.tv\\\/az\\\/article\\\/turkiyeli-nazir-kurd-quvveleri-isid-hebsxanasini-bosaldib\\\/#primaryimage\"},\"image\":{\"@id\":\"https:\\\/\\\/www.meydan.tv\\\/az\\\/article\\\/turkiyeli-nazir-kurd-quvveleri-isid-hebsxanasini-bosaldib\\\/#primaryimage\"},\"thumbnailUrl\":\"https:\\\/\\\/www.meydan.tv\\\/wp-content\\\/uploads\\\/untitled_design_0f5wrkh.png\",\"datePublished\":\"2019-10-15T21:15:37+00:00\",\"breadcrumb\":{\"@id\":\"https:\\\/\\\/www.meydan.tv\\\/az\\\/article\\\/turkiyeli-nazir-kurd-quvveleri-isid-hebsxanasini-bosaldib\\\/#breadcrumb\"},\"inLanguage\":\"az\",\"potentialAction\":[{\"@type\":\"ReadAction\",\"target\":[\"https:\\\/\\\/www.meydan.tv\\\/az\\\/article\\\/turkiyeli-nazir-kurd-quvveleri-isid-hebsxanasini-bosaldib\\\/\"]}]},{\"@type\":\"ImageObject\",\"inLanguage\":\"az\",\"@id\":\"https:\\\/\\\/www.meydan.tv\\\/az\\\/article\\\/turkiyeli-nazir-kurd-quvveleri-isid-hebsxanasini-bosaldib\\\/#primaryimage\",\"url\":\"https:\\\/\\\/www.meydan.tv\\\/wp-content\\\/uploads\\\/untitled_design_0f5wrkh.png\",\"contentUrl\":\"https:\\\/\\\/www.meydan.tv\\\/wp-content\\\/uploads\\\/untitled_design_0f5wrkh.png\",\"width\":1000,\"height\":555,\"caption\":\"Source: Google\"},{\"@type\":\"BreadcrumbList\",\"@id\":\"https:\\\/\\\/www.meydan.tv\\\/az\\\/article\\\/turkiyeli-nazir-kurd-quvveleri-isid-hebsxanasini-bosaldib\\\/#breadcrumb\",\"itemListElement\":[{\"@type\":\"ListItem\",\"position\":1,\"name\":\"Ana s\u0259hif\u0259\",\"item\":\"https:\\\/\\\/www.meydan.tv\\\/az\\\/\"},{\"@type\":\"ListItem\",\"position\":2,\"name\":\"D\u00fcnya\",\"item\":\"https:\\\/\\\/www.meydan.tv\\\/az\\\/section\\\/dunya\\\/\"},{\"@type\":\"ListItem\",\"position\":3,\"name\":\"T\u00fcrkiy\u0259li nazir: k\u00fcrd q\u00fcvv\u0259l\u0259ri \u0130\u015e\u0130D h\u0259bsxanas\u0131n\u0131 bo\u015fald\u0131b\"}]},{\"@type\":\"WebSite\",\"@id\":\"https:\\\/\\\/www.meydan.tv\\\/az\\\/#website\",\"url\":\"https:\\\/\\\/www.meydan.tv\\\/az\\\/\",\"name\":\"MEYDAN.TV\",\"description\":\"Meydan TV Az\u0259rbaycan\u0131n media m\u0259kan\u0131ndak\u0131 alternativ s\u0259sidir\",\"publisher\":{\"@id\":\"https:\\\/\\\/www.meydan.tv\\\/az\\\/#organization\"},\"potentialAction\":[{\"@type\":\"SearchAction\",\"target\":{\"@type\":\"EntryPoint\",\"urlTemplate\":\"https:\\\/\\\/www.meydan.tv\\\/az\\\/?s={search_term_string}\"},\"query-input\":{\"@type\":\"PropertyValueSpecification\",\"valueRequired\":true,\"valueName\":\"search_term_string\"}}],\"inLanguage\":\"az\"},{\"@type\":\"Organization\",\"@id\":\"https:\\\/\\\/www.meydan.tv\\\/az\\\/#organization\",\"name\":\"Meydan TV\",\"url\":\"https:\\\/\\\/www.meydan.tv\\\/az\\\/\",\"logo\":{\"@type\":\"ImageObject\",\"inLanguage\":\"az\",\"@id\":\"https:\\\/\\\/www.meydan.tv\\\/az\\\/#\\\/schema\\\/logo\\\/image\\\/\",\"url\":\"https:\\\/\\\/www.meydan.tv\\\/wp-content\\\/uploads\\\/2021\\\/07\\\/meydan-logo.svg\",\"contentUrl\":\"https:\\\/\\\/www.meydan.tv\\\/wp-content\\\/uploads\\\/2021\\\/07\\\/meydan-logo.svg\",\"width\":195,\"height\":46,\"caption\":\"Meydan TV\"},\"image\":{\"@id\":\"https:\\\/\\\/www.meydan.tv\\\/az\\\/#\\\/schema\\\/logo\\\/image\\\/\"}},{\"@type\":\"Person\",\"@id\":\"https:\\\/\\\/www.meydan.tv\\\/az\\\/#\\\/schema\\\/person\\\/10d11eccf6da3662cf5fdab9806ea91a\",\"name\":\"user-manager\"}]}<\/script>\n<!-- \/ Yoast SEO plugin. -->","yoast_head_json":{"title":"T\u00fcrkiy\u0259li nazir: k\u00fcrd q\u00fcvv\u0259l\u0259ri \u0130\u015e\u0130D h\u0259bsxanas\u0131n\u0131 bo\u015fald\u0131b - MEYDAN.TV","robots":{"index":"index","follow":"follow","max-snippet":"max-snippet:-1","max-image-preview":"max-image-preview:large","max-video-preview":"max-video-preview:-1"},"canonical":"https:\/\/www.meydan.tv\/az\/article\/turkiyeli-nazir-kurd-quvveleri-isid-hebsxanasini-bosaldib\/","og_locale":"az_AZ","og_type":"article","og_title":"T\u00fcrkiy\u0259li nazir: k\u00fcrd q\u00fcvv\u0259l\u0259ri \u0130\u015e\u0130D h\u0259bsxanas\u0131n\u0131 bo\u015fald\u0131b - MEYDAN.TV","og_description":"N\u0259 q\u0259d\u0259r adam\u0131n h\u0259bsxanadan \u00e7\u0131xd\u0131\u011f\u0131 bar\u0259d\u0259 d\u0259qiq m\u0259lumat verilmir","og_url":"https:\/\/www.meydan.tv\/az\/article\/turkiyeli-nazir-kurd-quvveleri-isid-hebsxanasini-bosaldib\/","og_site_name":"MEYDAN.TV","article_published_time":"2019-10-15T21:15:37+00:00","og_image":[{"width":1000,"height":555,"url":"https:\/\/www.meydan.tv\/wp-content\/uploads\/untitled_design_0f5wrkh.png","type":"image\/png"}],"author":"user-manager","twitter_card":"summary_large_image","schema":{"@context":"https:\/\/schema.org","@graph":[{"@type":"Article","@id":"https:\/\/www.meydan.tv\/az\/article\/turkiyeli-nazir-kurd-quvveleri-isid-hebsxanasini-bosaldib\/#article","isPartOf":{"@id":"https:\/\/www.meydan.tv\/az\/article\/turkiyeli-nazir-kurd-quvveleri-isid-hebsxanasini-bosaldib\/"},"author":{"name":"user-manager","@id":"https:\/\/www.meydan.tv\/az\/#\/schema\/person\/10d11eccf6da3662cf5fdab9806ea91a"},"headline":"T\u00fcrkiy\u0259li nazir: k\u00fcrd q\u00fcvv\u0259l\u0259ri \u0130\u015e\u0130D h\u0259bsxanas\u0131n\u0131 bo\u015fald\u0131b","datePublished":"2019-10-15T21:15:37+00:00","mainEntityOfPage":{"@id":"https:\/\/www.meydan.tv\/az\/article\/turkiyeli-nazir-kurd-quvveleri-isid-hebsxanasini-bosaldib\/"},"wordCount":682,"publisher":{"@id":"https:\/\/www.meydan.tv\/az\/#organization"},"image":{"@id":"https:\/\/www.meydan.tv\/az\/article\/turkiyeli-nazir-kurd-quvveleri-isid-hebsxanasini-bosaldib\/#primaryimage"},"thumbnailUrl":"https:\/\/www.meydan.tv\/wp-content\/uploads\/untitled_design_0f5wrkh.png","articleSection":["D\u00fcnya"],"inLanguage":"az"},{"@type":"WebPage","@id":"https:\/\/www.meydan.tv\/az\/article\/turkiyeli-nazir-kurd-quvveleri-isid-hebsxanasini-bosaldib\/","url":"https:\/\/www.meydan.tv\/az\/article\/turkiyeli-nazir-kurd-quvveleri-isid-hebsxanasini-bosaldib\/","name":"T\u00fcrkiy\u0259li nazir: k\u00fcrd q\u00fcvv\u0259l\u0259ri \u0130\u015e\u0130D h\u0259bsxanas\u0131n\u0131 bo\u015fald\u0131b - MEYDAN.TV","isPartOf":{"@id":"https:\/\/www.meydan.tv\/az\/#website"},"primaryImageOfPage":{"@id":"https:\/\/www.meydan.tv\/az\/article\/turkiyeli-nazir-kurd-quvveleri-isid-hebsxanasini-bosaldib\/#primaryimage"},"image":{"@id":"https:\/\/www.meydan.tv\/az\/article\/turkiyeli-nazir-kurd-quvveleri-isid-hebsxanasini-bosaldib\/#primaryimage"},"thumbnailUrl":"https:\/\/www.meydan.tv\/wp-content\/uploads\/untitled_design_0f5wrkh.png","datePublished":"2019-10-15T21:15:37+00:00","breadcrumb":{"@id":"https:\/\/www.meydan.tv\/az\/article\/turkiyeli-nazir-kurd-quvveleri-isid-hebsxanasini-bosaldib\/#breadcrumb"},"inLanguage":"az","potentialAction":[{"@type":"ReadAction","target":["https:\/\/www.meydan.tv\/az\/article\/turkiyeli-nazir-kurd-quvveleri-isid-hebsxanasini-bosaldib\/"]}]},{"@type":"ImageObject","inLanguage":"az","@id":"https:\/\/www.meydan.tv\/az\/article\/turkiyeli-nazir-kurd-quvveleri-isid-hebsxanasini-bosaldib\/#primaryimage","url":"https:\/\/www.meydan.tv\/wp-content\/uploads\/untitled_design_0f5wrkh.png","contentUrl":"https:\/\/www.meydan.tv\/wp-content\/uploads\/untitled_design_0f5wrkh.png","width":1000,"height":555,"caption":"Source: Google"},{"@type":"BreadcrumbList","@id":"https:\/\/www.meydan.tv\/az\/article\/turkiyeli-nazir-kurd-quvveleri-isid-hebsxanasini-bosaldib\/#breadcrumb","itemListElement":[{"@type":"ListItem","position":1,"name":"Ana s\u0259hif\u0259","item":"https:\/\/www.meydan.tv\/az\/"},{"@type":"ListItem","position":2,"name":"D\u00fcnya","item":"https:\/\/www.meydan.tv\/az\/section\/dunya\/"},{"@type":"ListItem","position":3,"name":"T\u00fcrkiy\u0259li nazir: k\u00fcrd q\u00fcvv\u0259l\u0259ri \u0130\u015e\u0130D h\u0259bsxanas\u0131n\u0131 bo\u015fald\u0131b"}]},{"@type":"WebSite","@id":"https:\/\/www.meydan.tv\/az\/#website","url":"https:\/\/www.meydan.tv\/az\/","name":"MEYDAN.TV","description":"Meydan TV Az\u0259rbaycan\u0131n media m\u0259kan\u0131ndak\u0131 alternativ s\u0259sidir","publisher":{"@id":"https:\/\/www.meydan.tv\/az\/#organization"},"potentialAction":[{"@type":"SearchAction","target":{"@type":"EntryPoint","urlTemplate":"https:\/\/www.meydan.tv\/az\/?s={search_term_string}"},"query-input":{"@type":"PropertyValueSpecification","valueRequired":true,"valueName":"search_term_string"}}],"inLanguage":"az"},{"@type":"Organization","@id":"https:\/\/www.meydan.tv\/az\/#organization","name":"Meydan TV","url":"https:\/\/www.meydan.tv\/az\/","logo":{"@type":"ImageObject","inLanguage":"az","@id":"https:\/\/www.meydan.tv\/az\/#\/schema\/logo\/image\/","url":"https:\/\/www.meydan.tv\/wp-content\/uploads\/2021\/07\/meydan-logo.svg","contentUrl":"https:\/\/www.meydan.tv\/wp-content\/uploads\/2021\/07\/meydan-logo.svg","width":195,"height":46,"caption":"Meydan TV"},"image":{"@id":"https:\/\/www.meydan.tv\/az\/#\/schema\/logo\/image\/"}},{"@type":"Person","@id":"https:\/\/www.meydan.tv\/az\/#\/schema\/person\/10d11eccf6da3662cf5fdab9806ea91a","name":"user-manager"}]}},"_links":{"self":[{"href":"https:\/\/www.meydan.tv\/az\/wp-json\/wp\/v2\/posts\/197461","targetHints":{"allow":["GET"]}}],"collection":[{"href":"https:\/\/www.meydan.tv\/az\/wp-json\/wp\/v2\/posts"}],"about":[{"href":"https:\/\/www.meydan.tv\/az\/wp-json\/wp\/v2\/types\/post"}],"author":[{"embeddable":true,"href":"https:\/\/www.meydan.tv\/az\/wp-json\/wp\/v2\/users\/11"}],"replies":[{"embeddable":true,"href":"https:\/\/www.meydan.tv\/az\/wp-json\/wp\/v2\/comments?post=197461"}],"version-history":[{"count":0,"href":"https:\/\/www.meydan.tv\/az\/wp-json\/wp\/v2\/posts\/197461\/revisions"}],"wp:featuredmedia":[{"embeddable":true,"href":"https:\/\/www.meydan.tv\/az\/wp-json\/wp\/v2\/media\/131378"}],"wp:attachment":[{"href":"https:\/\/www.meydan.tv\/az\/wp-json\/wp\/v2\/media?parent=197461"}],"wp:term":[{"taxonomy":"category","embeddable":true,"href":"https:\/\/www.meydan.tv\/az\/wp-json\/wp\/v2\/categories?post=197461"},{"taxonomy":"post_tag","embeddable":true,"href":"https:\/\/www.meydan.tv\/az\/wp-json\/wp\/v2\/tags?post=197461"}],"curies":[{"name":"wp","href":"https:\/\/api.w.org\/{rel}","templated":true}]}}