{"id":197450,"date":"2019-10-15T13:28:19","date_gmt":"2019-10-15T13:28:19","guid":{"rendered":"https:\/\/www.meydan.tv\/article\/kecmis-idare-reisi-pulumu-istediyime-gore-icra-bascisi-meni-isden-cixardi\/"},"modified":"2019-10-15T13:28:19","modified_gmt":"2019-10-15T13:28:19","slug":"kecmis-idare-reisi-pulumu-istediyime-gore-icra-bascisi-meni-isden-cixardi","status":"publish","type":"post","link":"https:\/\/www.meydan.tv\/az\/article\/kecmis-idare-reisi-pulumu-istediyime-gore-icra-bascisi-meni-isden-cixardi\/","title":{"rendered":"Ke\u00e7mi\u015f idar\u0259 r\u0259isi: Pulumu ist\u0259diyim\u0259 g\u00f6r\u0259 icra ba\u015f\u00e7\u0131s\u0131 m\u0259ni i\u015fd\u0259n \u00e7\u0131xard\u0131"},"content":{"rendered":"<p>\n  <i><br \/>\n    Lo\u011fman \u018fliyev G\u00f6y\u00e7ay Rayon \u0130cra Hakimiyy\u0259tind\u0259n maa\u015f\u0131n\u0131 ala bilm\u0259diyini deyir<br \/>\n  <\/i>\n<\/p>\n<p>\n  G\u00f6y\u00e7ay Rayon Sanitar-T\u0259mizlik \u0130dar\u0259sinin r\u0259isi Lo\u011fman K\u0259rim o\u011flu \u018fliyev qanunsuz olaraq i\u015fd\u0259n \u00e7\u0131xar\u0131ld\u0131\u011f\u0131n\u0131 iddia edir.\n<\/p>\n<p>\n  \u015eikay\u0259t\u00e7i Meydan TV-y\u0259 bildirib ki, G\u00f6y\u00e7ay Rayon \u0130cra Hakimiyy\u0259ti onun 2012-ci ilin dekabr\u0131n 12-d\u0259n, 2015-ci ilin mart\u0131n 5-d\u0259k olan \u0259m\u0259khaqq\u0131n\u0131 verm\u0259diyin\u0259 v\u0259 yaranan s\u00f6z-s\u00f6hb\u0259t\u0259 g\u00f6r\u0259 icra ba\u015f\u00e7\u0131s\u0131 Mehdi S\u0259limzad\u0259 t\u0259r\u0259find\u0259n bu il iyulun 23-d\u0259 tutdu\u011fu v\u0259zif\u0259d\u0259n azad edilib:\n<\/p>\n<p>\n  \u201cG\u00f6y\u00e7ay Rayon Kommunal T\u0259s\u0259rr\u00fcffat \u0130dar\u0259sinin r\u0259isi i\u015fl\u0259yirdim. 2012-ci il iyul ay\u0131n\u0131n 3-\u00fc g\u00fcnorta saatlar\u0131 idi. \u015e\u0259xsi avtomobiliml\u0259 Atat\u00fcrk k\u00fc\u00e7\u0259sind\u0259 ke\u00e7\u0259rk\u0259n, bir qad\u0131n\u0131n \u0259lind\u0259ki zibili k\u00fc\u00e7\u0259y\u0259 atd\u0131\u011f\u0131n\u0131 g\u00f6rd\u00fcm. Ma\u015f\u0131n\u0131 saxlad\u0131m, s\u00fckan arxas\u0131ndaca qad\u0131na s\u0259sl\u0259ndim ki, xahi\u015f edir\u0259m, k\u00fc\u00e7\u0259y\u0259 zibil atma. \u015e\u0259h\u0259r t\u0259rt\u0259mizdir, k\u00fc\u00e7\u0259ni niy\u0259 zibill\u0259yirs\u0259n? Qad\u0131n da cavab\u0131nda dedi ki, zibilimizi g\u00f6t\u00fcrm\u00fcrl\u0259r, m\u0259cburam k\u00fc\u00e7\u0259y\u0259 at\u0131m. M\u0259n d\u0259 ona dedim ki, \u0259g\u0259r sizin zibilinizi g\u00f6t\u00fcrm\u00fcrl\u0259rs\u0259, z\u0259ng edib idar\u0259y\u0259 deyin.\n<\/p>\n<p>\n  O vaxt G\u00f6y\u00e7ay rayonu, Qarayaz\u0131 k\u0259ndind\u0259 ya\u015fay\u0131rd\u0131m. N\u00f6vb\u0259ti g\u00fcn t\u0259xmin\u0259n 20-21 rad\u0259l\u0259rind\u0259 G\u00f6y\u00e7ay Rayon Polis \u015e\u00f6b\u0259sind\u0259n m\u0259n\u0259 z\u0259ng el\u0259dil\u0259r ki, xahi\u015f edirik, \u015f\u00f6b\u0259y\u0259 g\u0259lin. Getdim, orada dedil\u0259r ki, haqq\u0131n\u0131zda bir qad\u0131n\u0131 d\u00f6ym\u0259yinizl\u0259 ba\u011fl\u0131 \u015fikay\u0259t var. M\u0259n d\u0259 d\u00f6yd\u00fcy\u00fcm\u00fc iddia etdikl\u0259ri qad\u0131n\u0131n \u015fikay\u0259t \u0259riz\u0259sini ist\u0259dim. \u018friz\u0259nin olmad\u0131\u011f\u0131n\u0131 bildirdil\u0259r, s\u00f6yl\u0259dil\u0259r ki, r\u0259is tap\u015f\u0131r\u0131b, onu \u00e7a\u011f\u0131r\u0131n, cinay\u0259t m\u0259suliyy\u0259tin\u0259 c\u0259lb edin. M\u0259n d\u0259 dedim ki, ortada he\u00e7 bir \u015fikay\u0259t \u0259riz\u0259si olmad\u0131\u011f\u0131 halda siz m\u0259ni cinay\u0259t m\u0259suliyy\u0259tin\u0259 c\u0259lb ed\u0259 bilm\u0259zsiniz\u201d.\n<\/p>\n<p>\n  Sonradan m\u0259s\u0259l\u0259 il\u0259 ba\u011fl\u0131 cinay\u0259t i\u015fi a\u00e7\u0131l\u0131b. Lo\u011fman \u018fliyev Ba\u015f Prokurorlu\u011fa, Prezident\u0259, dig\u0259r orqanlara davaml\u0131 olaraq m\u00fcraci\u0259tl\u0259r edib:\n<\/p>\n<p>\n  \u201cLakin m\u00fcraci\u0259tl\u0259rim n\u0259tic\u0259siz qald\u0131, m\u0259n\u0259 he\u00e7 bir k\u00f6m\u0259klik ed\u0259n olmad\u0131. Bunlar sonradan bir ne\u00e7\u0259 adam tap\u0131b, onlardan izahat al\u0131blar ki, guya \u018fliyev Lo\u011fman K\u0259rim o\u011flu qad\u0131na t\u0259pik, \u015fill\u0259, yumruq vurub. Halbuki, m\u0259n qad\u0131nla s\u00f6hb\u0259t ed\u0259n zaman orada he\u00e7 kim olmam\u0131\u015fd\u0131, h\u0259tta he\u00e7 bir hadis\u0259, insident ba\u015f verm\u0259mi\u015fdi. El\u0259 h\u0259min il idar\u0259d\u0259 v\u0259zif\u0259 ba\u015f\u0131nda ik\u0259n m\u0259ni G\u00f6y\u00e7ay Rayon M\u0259hk\u0259m\u0259sin\u0259 \u00e7a\u011f\u0131rd\u0131lar.\n<\/p>\n<p>\n  2012-ci il dekabr\u0131n 19-da hakim F\u0259rhad \u018ff\u0259ndiyevin s\u0259drliyi il\u0259 ke\u00e7iril\u0259n m\u0259hk\u0259m\u0259d\u0259 r\u0259hb\u0259r v\u0259zif\u0259 tutmaq h\u00fcququmdan m\u0259hrum edilm\u0259kl\u0259, m\u0259n\u0259 6 il m\u00fcdd\u0259tin\u0259 c\u0259za verdil\u0259r. N\u0259 q\u0259d\u0259r dedim ki, ay ki\u015fi, n\u0259 t\u0259qsirim var, neyl\u0259mi\u015f\u0259m? Sad\u0259c\u0259, demi\u015f\u0259m ki, k\u00fc\u00e7\u0259y\u0259 zibil atma. Bu s\u00f6z\u0259 g\u00f6r\u0259 adama 6 il i\u015f ver\u0259rl\u0259r? M\u0259ni m\u0259hk\u0259m\u0259 zal\u0131nda h\u0259bs edib, G\u00f6y\u00e7ay Rayon Polis \u015e\u00f6b\u0259sin\u0259 g\u0259tirdil\u0259r. Orada polis i\u015f\u00e7il\u0259ri dedil\u0259r ki, sifari\u015fl\u0259 h\u0259bs olunmusan. Be\u015f ildir idar\u0259 r\u0259isis\u0259n, ancaq bu ill\u0259rd\u0259 he\u00e7 kim\u0259 r\u00fc\u015fv\u0259t verm\u0259mis\u0259n. M\u0259n d\u0259 dedim ki, m\u0259g\u0259r, balaca bir idar\u0259d\u0259 s\u00fcp\u00fcrg\u0259\u00e7id\u0259n, ya da f\u0259hl\u0259d\u0259n r\u00fc\u015fv\u0259t alm\u0131\u015fam, kim\u0259s\u0259 d\u0259 r\u00fc\u015fv\u0259t ver\u0259m? M\u0259n\u0259 dedil\u0259r ki, indi get, a\u011fl\u0131n ba\u015f\u0131na g\u0259l\u0259r. D\u00fcz, bir il s\u0259kkiz ay Bak\u0131 \u015f\u0259h\u0259r 16 sayl\u0131 c\u0259za\u00e7\u0259km\u0259 m\u00fcs\u0259ssis\u0259sind\u0259 yatd\u0131m\u201d.\n<\/p>\n<p>\n  Lo\u011fman \u018fliyev 2013-c\u00fc ild\u0259 \u015e\u0259ki Apelyasiya M\u0259hk\u0259m\u0259sin\u0259 m\u00fcraci\u0259t edib, \u015fikay\u0259ti t\u0259min olunmay\u0131b. Ard\u0131nca, 2014-c\u00fc il Ali M\u0259hk\u0259m\u0259y\u0259 kassasiya \u015fikay\u0259ti verib. H\u0259min il dekabr\u0131n 3-d\u0259 Ali M\u0259hk\u0259m\u0259 CPM-in 39.1.2-ci madd\u0259sin\u0259 \u0259sas\u0259n Lo\u011fman \u018fliyevin \u0259m\u0259lind\u0259 cinay\u0259t t\u0259rkibi olmad\u0131\u011f\u0131na g\u00f6r\u0259 icraata b\u0259ra\u0259tverici \u0259saslarla xitam verib:\n<\/p>\n<p>\n  \u201cH\u0259bsd\u0259n d\u0259rhal azad olunma\u011f\u0131mla ba\u011fl\u0131 q\u0259rar q\u0259bul olundu v\u0259 G\u00f6y\u00e7aya qay\u0131td\u0131m. Sonra yerli m\u0259hk\u0259m\u0259y\u0259 m\u00fcraci\u0259t etdim, i\u015fim\u0259 bax\u0131ld\u0131, \u0259m\u0259limd\u0259 cinay\u0259t t\u0259rkibi olmad\u0131\u011f\u0131 v\u0259 b\u0259ra\u0259t ald\u0131\u011f\u0131m \u00fc\u00e7\u00fcn ke\u00e7mi\u015f icra ba\u015f\u00e7\u0131s\u0131 M\u00fcbariz A\u011fayev t\u0259r\u0259find\u0259n Sanitar-T\u0259mizlik \u0130dar\u0259sinin r\u0259isi t\u0259yin olundum.\n<\/p>\n<p>\n  2016-c\u0131 il iyunun 10-da G\u00f6y\u00e7ay rayonunda icra hakimyy\u0259tinin ba\u015f\u00e7\u0131s\u0131 d\u0259yi\u015fildi, M\u00fcbariz A\u011fayev i\u015fd\u0259n azad olundu, \u0259v\u0259zin\u0259 Mehdi S\u0259limzad\u0259 v\u0259zif\u0259y\u0259 g\u0259ldi. Yeni icra ba\u015f\u00e7\u0131s\u0131 h\u0259mi\u015f\u0259 iclaslarda deyirdi ki, Lo\u011fman \u018fliyev i\u015fl\u0259y\u0259n, d\u00fczg\u00fcn, t\u0259miz adamd\u0131r. H\u0259tta m\u0259ni K\u0259nd T\u0259s\u0259rr\u00fcfat\u0131 Komissiyas\u0131n\u0131n s\u0259dri se\u00e7di. Alt\u0131 rayon \u00fczr\u0259 \u0259razi r\u0259hb\u0259ri kimi t\u0259hkim olundum v\u0259 ba\u015f\u0131m\u0131 a\u015fa\u011f\u0131 sal\u0131b i\u015fl\u0259m\u0259y\u0259 ba\u015flad\u0131m. H\u0259m t\u0259s\u0259rr\u00fcfat, h\u0259m d\u0259 rayonun b\u00fct\u00fcn ictimai-siyasi h\u0259yat\u0131nda k\u00f6m\u0259klik g\u00f6st\u0259rirdim.\n<\/p>\n<p>\n  2017-ci il yanvar\u0131n 9-da G\u00f6y\u00e7ay Rayon M\u0259hk\u0259m\u0259si m\u00fcraci\u0259tim \u0259sas\u0131nda, qanunsuz h\u0259bs olundu\u011fuma v\u0259 i\u015fd\u0259n m\u0259cburi buraxd\u0131\u011f\u0131m g\u00fcnl\u0259r\u0259 g\u00f6r\u0259 q\u0259tnam\u0259 \u00e7\u0131xard\u0131. Q\u0259tnam\u0259d\u0259 g\u00f6st\u0259rilirdi ki, Lo\u011fman \u018fliyev K\u0259rim o\u011flunun 2012-ci ilin dekabr\u0131n 12-d\u0259n, 2015-ci ilin mart\u0131n 5-d\u0259k olan \u0259m\u0259khaqq\u0131 G\u00f6y\u00e7ay Rayon \u0130cra Hakimiyy\u0259ti t\u0259r\u0259find\u0259n hesablan\u0131b verilsin. Kommunal T\u0259s\u0259rr\u00fcfat \u0130dar\u0259sinin r\u0259isi i\u015fl\u0259diyim d\u00f6vrl\u0259rd\u0259 \u0259m\u0259khaqq\u0131m 250 manat idi\u201d.\n<\/p>\n<p>\n  \u015eikay\u0259t\u00e7i s\u00f6yl\u0259yir ki, \u00e7\u0131xar\u0131lan q\u0259rardan sonra d\u0259f\u0259l\u0259rl\u0259 icradan maa\u015f\u0131n\u0131 alma\u011fa \u00e7al\u0131\u015fsa da, bu m\u00fcmk\u00fcn olmay\u0131b:\n<\/p>\n<p>\n  \u201c\u018fksin\u0259, Mehdi S\u0259limzad\u0259 h\u0259r d\u0259f\u0259 deyirdi ki, rayonda ged\u0259n abadl\u0131q, quruculuq i\u015fl\u0259rin\u0259 maddi d\u0259st\u0259k ver. M\u0259n d\u0259 cavab\u0131nda s\u00f6yl\u0259yirdim ki, h\u0259bsd\u0259n yeni \u00e7\u0131xm\u0131\u015fam, g\u00fcnahs\u0131z tutulmu\u015fam, iki il h\u0259bsxanada z\u00fclm \u00e7\u0259kmi\u015f\u0259m. M\u0259n nec\u0259 k\u00f6m\u0259klik g\u00f6st\u0259rim? D\u0259f\u0259l\u0259rl\u0259 deyirdim ki, xahi\u015f edir\u0259m, iki illik \u0259m\u0259khaqq\u0131m\u0131 verin, m\u0259n d\u0259 rayonda ged\u0259n i\u015fl\u0259r\u0259 k\u00f6m\u0259k ed\u0259 bilim.\n<\/p>\n<p>\n  Bir m\u00fcdd\u0259td\u0259n sonra dedim ki, c\u0259nab ba\u015f\u00e7\u0131, m\u0259nim \u0259m\u0259khaqq\u0131m\u0131 verin. \u00d6z\u00fcn\u00fcz deyirsiniz ki, s\u0259n yax\u015f\u0131 adamsan, i\u015fl\u0259y\u0259n adamsan, amma pulumu vermirs\u0259n. O da cavab\u0131nda dedi ki, el\u0259 etm\u0259 s\u0259ni i\u015fd\u0259n azad edim. M\u0259n d\u0259 soru\u015fdum ki, m\u0259ni niy\u0259 i\u015fd\u0259n \u00e7\u0131xar\u0131rsan? S\u0259n m\u0259ni prezident se\u00e7kil\u0259rind\u0259n sonra 2018-ci il aprelin 12-d\u0259, rayonda ged\u0259n t\u0259mizlik, abadl\u0131q i\u015fl\u0259rin\u0259 g\u00f6r\u0259 f\u0259xri f\u0259rmanla t\u0259ltif etm\u0259mis\u0259n? M\u0259g\u0259r, pis i\u015fl\u0259yir\u0259m ki, i\u015fd\u0259n azad edirs\u0259n? Cavab\u0131nda dedi ki, kim yax\u015f\u0131, kim pis i\u015fl\u0259yir\u00b8onu \u00f6z\u00fcm bil\u0259r\u0259m. Dedim ki, m\u0259nim pulumu verin. O da cavab\u0131nda \u201cGet, kim\u0259 ist\u0259yirs\u0259n de, m\u0259n he\u00e7 kimd\u0259n qorxmuram\u201d, &#8211; s\u00f6yl\u0259di.\n<\/p>\n<p>\n  2019-cu il iyulun 23-d\u0259 m\u0259n\u0259 z\u0259ng edib dedil\u0259r ki, x\u0259b\u0259rin var, ba\u015f\u00e7\u0131 s\u0259ni i\u015fd\u0259n \u00e7\u0131xar\u0131b. Dedim ki, icra ba\u015f\u00e7\u0131s\u0131 bununla ba\u011fl\u0131 10 g\u00fcn \u0259vv\u0259ld\u0259n H\u0259mkarlar \u0130ttifaq\u0131na m\u00fcraci\u0259t etm\u0259lidir, sonra m\u0259nim d\u0259 i\u015ftirak\u0131mla iclas olmal\u0131d\u0131r. Ba\u015f\u00e7\u0131 iyulun 20-d\u0259 m\u0259zuniyy\u0259td\u0259n qay\u0131d\u0131b, 3 g\u00fcn sonra x\u0259b\u0259rim olmadan iclas ke\u00e7irib, m\u0259ni i\u015fd\u0259n uzaqla\u015fd\u0131r\u0131b. Halbuki, 10 g\u00fcn \u00f6nc\u0259d\u0259n H\u0259mk\u0259rlar \u0130ttifaq\u0131na m\u00fcraci\u0259t olunub, birg\u0259 q\u0259rar q\u0259bul edilm\u0259li idi. \u0130\u015fl\u0259mirdims\u0259, m\u0259ni ota\u011f\u0131na \u00e7a\u011f\u0131r\u0131b, dey\u0259rdi ki, s\u0259ninl\u0259 i\u015fl\u0259m\u0259k ist\u0259mir\u0259m, i\u015fd\u0259n azad etm\u0259k ist\u0259yir\u0259m.\n<\/p>\n<p>\n  M\u0259ni i\u015fd\u0259n azad etm\u0259mi\u015fd\u0259n 20 g\u00fcn \u00f6nc\u0259 Mirz\u0259 \u018fl\u0259kb\u0259r Sabir ad\u0131na istirah\u0259t ba\u011f\u0131nda ke\u00e7iril\u0259n iclasda r\u0259hb\u0259ri oldu\u011fum idar\u0259nin ba\u015f m\u00fch\u0259ndisi Fatma H\u00fcmb\u0259tovaya \u015f\u0259h\u0259rin t\u0259miz saxlanmas\u0131na g\u00f6r\u0259 100 manat pul m\u00fckafat\u0131 v\u0259 t\u0259\u015f\u0259kk\u00fcrnam\u0259 veribl\u0259r. Nec\u0259 olur, 20 g\u00fcnd\u0259n sonra \u015f\u0259h\u0259r t\u0259miz olmur, Lo\u011fman i\u015fl\u0259mir? \u018fg\u0259r el\u0259dirs\u0259, niy\u0259 idar\u0259min ba\u015f m\u00fch\u0259ndisin\u0259 t\u0259\u015f\u0259kk\u00fcrnam\u0259 verirdin, h\u0259r iclasa m\u0259ni t\u0259rifl\u0259yirdin, yax\u015f\u0131 i\u015f\u00e7i oldu\u011fumu deyirdin?\u201d\n<\/p>\n<p>\n  Lo\u011fman \u018fliyevin s\u00f6zl\u0259rin\u0259 g\u00f6r\u0259, bu il yerli icra hakimiyy\u0259ti t\u0259r\u0259find\u0259n G\u00f6y\u00e7ay Rayon M\u0259hk\u0259m\u0259sinin \u00e7\u0131xard\u0131\u011f\u0131 q\u0259tnam\u0259y\u0259 izahat verilm\u0259sin\u0259 dair m\u00fcraci\u0259t edilib:\n<\/p>\n<p>\n  \u201cAvqustun 9-da G\u00f6y\u00e7ay Rayon M\u0259hk\u0259m\u0259si qar\u015f\u0131 t\u0259r\u0259fin \u015fikay\u0259tin\u0259 baxd\u0131, q\u0259tnam\u0259 il\u0259 ba\u011fl\u0131 izahat verm\u0259di, Hakim G\u00f6y\u00e7ay Rayon \u0130cra Hakimiyy\u0259tinin H\u00fcquq \u015f\u00f6b\u0259sinin m\u00fcdiri Samir X\u0259lilovun m\u00fcraci\u0259tini r\u0259dd etdi. Sonradan bunlar \u015e\u0259ki Apelyasiya M\u0259hk\u0259m\u0259sin\u0259 m\u00fcraci\u0259t etdil\u0259r. \u015e\u0259ki Apelyasiya M\u0259hk\u0259m\u0259si, hakim El\u00e7in H\u00fcseynov G\u00f6y\u00e7ay Rayon M\u0259hk\u0259m\u0259sinin q\u0259rardad\u0131n\u0131 q\u00fcvv\u0259d\u0259 saxlad\u0131, dedi ki, gedin, ki\u015finin pulunu verin. B\u00fct\u00fcn bunlara baxmayaraq, G\u00f6y\u00e7ay Rayon \u0130cra Hakimiyy\u0259tinin ba\u015f\u00e7\u0131s\u0131 Mehdi S\u0259limzad\u0259 \u00fc\u00e7 ildir ki, m\u0259hk\u0259m\u0259 q\u0259rarlar\u0131na m\u0259h\u0259l qoymur. M\u0259n Az\u0259rbaycan qanunlar\u0131na uy\u011fun olaraq, \u00f6z haqq\u0131m\u0131 t\u0259l\u0259b edir\u0259m. M\u0259n h\u0259r g\u00fcn Ba\u015f prokuror Zakir Qaralova, Birinci vitse-preziden Mehrivan \u018fliyevaya teleqramlar vururam. M\u0259nim iki illik \u0259m\u0259khaqq\u0131m\u0131 verm\u0259k bir yana, qanunsuz olaraq i\u015fd\u0259n \u00e7\u0131xar\u0131b\u201d.\n<\/p>\n<p>\n  G\u00f6y\u00e7ay Rayon \u0130cra Hakimiyy\u0259tinin H\u00fcquq \u015f\u00f6b\u0259sinin m\u00fcdiri Samir X\u0259lilov Meydan TV-y\u0259 bildirib ki, quruma ayr\u0131lm\u0131\u015f v\u0259sait yaln\u0131z b\u00fcdc\u0259d\u0259 g\u00f6st\u0259rilmi\u015f istiqam\u0259td\u0259 x\u0259rcl\u0259n\u0259 bil\u0259r:\n<\/p>\n<p>\n  \u201cYerli icra hakimiyy\u0259ti d\u00f6vl\u0259t b\u00fcdc\u0259sind\u0259n maliyy\u0259l\u0259\u015f\u0259n orqand\u0131r. Biz icra hakimiyy\u0259ti ba\u015f\u00e7\u0131s\u0131n\u0131n \u0259m\u0259khaqq\u0131s\u0131n\u0131 g\u00f6t\u00fcr\u00fcb kim\u0259s\u0259 \u00f6d\u0259y\u0259 bilm\u0259rik.\n<\/p>\n<p>\n  G\u00f6y\u00e7ay Rayonu \u0130cra v\u0259 probasiya \u015f\u00f6b\u0259sind\u0259n icraya daxil olan q\u0259tnam\u0259d\u0259 m\u0259cburi i\u015f buraxma aylarla g\u00f6st\u0259rildiyi \u00fc\u00e7\u00fcn \u0259m\u0259khaqq\u0131n\u0131n hesablanmas\u0131n\u0131 apara bilm\u0259dik. Bunun \u00fc\u00e7\u00fcn G\u00f6y\u00e7ay Rayon M\u0259hk\u0259m\u0259sin\u0259 m\u00fcraci\u0259t etdik ki, q\u0259tnam\u0259y\u0259 izah verin. M\u0259hk\u0259m\u0259 m\u00fcraci\u0259timizi r\u0259dd etdi, q\u0259tnam\u0259y\u0259 izah verm\u0259di. \u015e\u0259ki Apelyasiya M\u0259hk\u0259m\u0259sin\u0259 \u015fikay\u0259t verdik. Bundan sonra q\u0259tnam\u0259nin izah\u0131 verildi ki, g\u00f6st\u0259ril\u0259n ist\u0259y\u0259 g\u00f6r\u0259 m\u0259bl\u0259\u011f hesablans\u0131n.\n<\/p>\n<p>\n  Lo\u011fman \u018fliyev K\u0259rim o\u011fluna m\u0259cburi i\u015f buraxmaya g\u00f6r\u0259 \u00f6d\u0259nil\u0259c\u0259k 5653 (be\u015f min alt\u0131 y\u00fcz \u0259lli \u00fc\u00e7) manat v\u0259saitin hesablan\u0131b, hiss\u0259-hiss\u0259 \u00f6d\u0259nilm\u0259sin\u0259 dair G\u00f6y\u00e7ay Rayon M\u0259hk\u0259m\u0259sin\u0259 m\u00fcraci\u0259t etmi\u015fik. M\u0259hk\u0259m\u0259 xeyrimiz\u0259 q\u0259tnam\u0259 \u00e7\u0131xararsa, h\u0259r ay be\u015f y\u00fcz manat \u00f6d\u0259m\u0259yi d\u00fc\u015f\u00fcn\u00fcr\u00fck. H\u00fcquqi Prosessual M\u0259c\u0259ll\u0259d\u0259 d\u0259 var ki, q\u0259tnam\u0259d\u0259 g\u00f6st\u0259ril\u0259n m\u0259bl\u0259\u011fin tam \u00f6d\u0259nilm\u0259si m\u00fcmk\u00fcn olmad\u0131qda, hiss\u0259-hiss\u0259 \u00f6d\u0259nil\u0259 bil\u0259r. Bundan ba\u015fqa, biz q\u0259rara g\u0259lmi\u015fik ki, h\u0259min v\u0259saitin ayr\u0131lmas\u0131na k\u00f6m\u0259k g\u00f6st\u0259rilm\u0259si m\u0259qs\u0259dil\u0259 Maliyy\u0259 Nazirliyin\u0259 m\u00fcraci\u0259t ed\u0259k.\n<\/p>\n<p>\n  Lo\u011fman \u018fliyevin i\u015fd\u0259n \u00e7\u0131xar\u0131lmas\u0131 m\u0259s\u0259l\u0259sin\u0259 g\u0259linc\u0259, o, v\u0259zif\u0259 funksiyalar\u0131n\u0131 yerin\u0259 yetirm\u0259m\u0259si il\u0259 ba\u011fl\u0131 i\u015fd\u0259n azad olunub. Bununla \u0259laq\u0259dar, G\u00f6y\u00e7ay Rayon M\u0259hk\u0259m\u0259sin\u0259 m\u00fcraci\u0259t edib, i\u015f icraatdad\u0131r. O adam\u0131n m\u0259hk\u0259m\u0259y\u0259 m\u00fcraci\u0259t etm\u0259k h\u00fcququ var, bizim d\u0259 he\u00e7 bir etiraz\u0131m\u0131z yoxdur. M\u0259hk\u0259m\u0259 i\u015f\u0259 baxacaq, \u0259g\u0259r do\u011frudan da, v\u0259zif\u0259sind\u0259n qanunsuz olaraq uzaqla\u015fd\u0131r\u0131l\u0131bsa, y\u0259qin ki, m\u0259hk\u0259m\u0259l\u0259r b\u0259rpa ed\u0259c\u0259k\u201d.\n<\/p>\n<figure class=\"wp-block-image size-large\">\n  <img decoding=\"async\" src=\"https:\/\/www.meydan.tv\/az\/senedler-11\/\" alt=\"S\u0259n\u0259dl\u0259r\" class=\"wp-image-131345\"\/><figcaption>\n    S\u0259n\u0259dl\u0259r<br \/>\n  <\/figcaption><\/figure>\n<figure class=\"wp-block-image size-large\">\n  <img decoding=\"async\" src=\"https:\/\/www.meydan.tv\/az\/senedler-13\/\" alt=\"S\u0259n\u0259dl\u0259r\" class=\"wp-image-131348\"\/><figcaption>\n    S\u0259n\u0259dl\u0259r<br \/>\n  <\/figcaption><\/figure>\n<figure class=\"wp-block-image size-large\">\n  <img decoding=\"async\" src=\"https:\/\/www.meydan.tv\/az\/senedler-12\/\" alt=\"S\u0259n\u0259dl\u0259r\" class=\"wp-image-131351\"\/><figcaption>\n    S\u0259n\u0259dl\u0259r<br \/>\n  <\/figcaption><\/figure>\n","protected":false},"excerpt":{"rendered":"<p>Lo\u011fman \u018fliyev G\u00f6y\u00e7ay Rayon \u0130cra Hakimiyy\u0259tind\u0259n maa\u015f\u0131n\u0131 ala bilm\u0259diyini deyir<\/p>\n","protected":false},"author":11,"featured_media":131342,"comment_status":"closed","ping_status":"open","sticky":false,"template":"","format":"standard","meta":{"_acf_changed":false,"_sitemap_exclude":false,"_sitemap_priority":"","_sitemap_frequency":"","footnotes":""},"categories":[60],"tags":[],"class_list":["post-197450","post","type-post","status-publish","format-standard","has-post-thumbnail","hentry","category-bolge","infinite-scroll-item","generate-columns","tablet-grid-50","mobile-grid-100","grid-parent","grid-33","no-featured-image-padding"],"acf":[],"yoast_head":"<!-- This site is optimized with the Yoast SEO plugin v27.5 - https:\/\/yoast.com\/product\/yoast-seo-wordpress\/ -->\n<title>Ke\u00e7mi\u015f idar\u0259 r\u0259isi: Pulumu ist\u0259diyim\u0259 g\u00f6r\u0259 icra ba\u015f\u00e7\u0131s\u0131 m\u0259ni i\u015fd\u0259n \u00e7\u0131xard\u0131 - MEYDAN.TV<\/title>\n<meta name=\"robots\" content=\"index, follow, max-snippet:-1, max-image-preview:large, max-video-preview:-1\" \/>\n<link rel=\"canonical\" href=\"https:\/\/www.meydan.tv\/az\/article\/kecmis-idare-reisi-pulumu-istediyime-gore-icra-bascisi-meni-isden-cixardi\/\" \/>\n<meta property=\"og:locale\" content=\"az_AZ\" \/>\n<meta property=\"og:type\" content=\"article\" \/>\n<meta property=\"og:title\" content=\"Ke\u00e7mi\u015f idar\u0259 r\u0259isi: Pulumu ist\u0259diyim\u0259 g\u00f6r\u0259 icra ba\u015f\u00e7\u0131s\u0131 m\u0259ni i\u015fd\u0259n \u00e7\u0131xard\u0131 - MEYDAN.TV\" \/>\n<meta property=\"og:description\" content=\"Lo\u011fman \u018fliyev G\u00f6y\u00e7ay Rayon \u0130cra Hakimiyy\u0259tind\u0259n maa\u015f\u0131n\u0131 ala bilm\u0259diyini deyir\" \/>\n<meta property=\"og:url\" content=\"https:\/\/www.meydan.tv\/az\/article\/kecmis-idare-reisi-pulumu-istediyime-gore-icra-bascisi-meni-isden-cixardi\/\" \/>\n<meta property=\"og:site_name\" content=\"MEYDAN.TV\" \/>\n<meta property=\"article:published_time\" content=\"2019-10-15T13:28:19+00:00\" \/>\n<meta property=\"og:image\" content=\"https:\/\/www.meydan.tv\/wp-content\/uploads\/untitled_design_-_2019-10-15t124811.569.jpg\" \/>\n\t<meta property=\"og:image:width\" content=\"1280\" \/>\n\t<meta property=\"og:image:height\" content=\"720\" \/>\n\t<meta property=\"og:image:type\" content=\"image\/jpeg\" \/>\n<meta name=\"author\" content=\"user-manager\" \/>\n<meta name=\"twitter:card\" content=\"summary_large_image\" \/>\n<script type=\"application\/ld+json\" class=\"yoast-schema-graph\">{\"@context\":\"https:\\\/\\\/schema.org\",\"@graph\":[{\"@type\":\"Article\",\"@id\":\"https:\\\/\\\/www.meydan.tv\\\/az\\\/article\\\/kecmis-idare-reisi-pulumu-istediyime-gore-icra-bascisi-meni-isden-cixardi\\\/#article\",\"isPartOf\":{\"@id\":\"https:\\\/\\\/www.meydan.tv\\\/az\\\/article\\\/kecmis-idare-reisi-pulumu-istediyime-gore-icra-bascisi-meni-isden-cixardi\\\/\"},\"author\":{\"name\":\"user-manager\",\"@id\":\"https:\\\/\\\/www.meydan.tv\\\/az\\\/#\\\/schema\\\/person\\\/10d11eccf6da3662cf5fdab9806ea91a\"},\"headline\":\"Ke\u00e7mi\u015f idar\u0259 r\u0259isi: Pulumu ist\u0259diyim\u0259 g\u00f6r\u0259 icra ba\u015f\u00e7\u0131s\u0131 m\u0259ni i\u015fd\u0259n \u00e7\u0131xard\u0131\",\"datePublished\":\"2019-10-15T13:28:19+00:00\",\"mainEntityOfPage\":{\"@id\":\"https:\\\/\\\/www.meydan.tv\\\/az\\\/article\\\/kecmis-idare-reisi-pulumu-istediyime-gore-icra-bascisi-meni-isden-cixardi\\\/\"},\"wordCount\":2248,\"publisher\":{\"@id\":\"https:\\\/\\\/www.meydan.tv\\\/az\\\/#organization\"},\"image\":{\"@id\":\"https:\\\/\\\/www.meydan.tv\\\/az\\\/article\\\/kecmis-idare-reisi-pulumu-istediyime-gore-icra-bascisi-meni-isden-cixardi\\\/#primaryimage\"},\"thumbnailUrl\":\"https:\\\/\\\/www.meydan.tv\\\/wp-content\\\/uploads\\\/untitled_design_-_2019-10-15t124811.569.jpg\",\"articleSection\":[\"B\u00f6lg\u0259\"],\"inLanguage\":\"az\"},{\"@type\":\"WebPage\",\"@id\":\"https:\\\/\\\/www.meydan.tv\\\/az\\\/article\\\/kecmis-idare-reisi-pulumu-istediyime-gore-icra-bascisi-meni-isden-cixardi\\\/\",\"url\":\"https:\\\/\\\/www.meydan.tv\\\/az\\\/article\\\/kecmis-idare-reisi-pulumu-istediyime-gore-icra-bascisi-meni-isden-cixardi\\\/\",\"name\":\"Ke\u00e7mi\u015f idar\u0259 r\u0259isi: Pulumu ist\u0259diyim\u0259 g\u00f6r\u0259 icra ba\u015f\u00e7\u0131s\u0131 m\u0259ni i\u015fd\u0259n \u00e7\u0131xard\u0131 - MEYDAN.TV\",\"isPartOf\":{\"@id\":\"https:\\\/\\\/www.meydan.tv\\\/az\\\/#website\"},\"primaryImageOfPage\":{\"@id\":\"https:\\\/\\\/www.meydan.tv\\\/az\\\/article\\\/kecmis-idare-reisi-pulumu-istediyime-gore-icra-bascisi-meni-isden-cixardi\\\/#primaryimage\"},\"image\":{\"@id\":\"https:\\\/\\\/www.meydan.tv\\\/az\\\/article\\\/kecmis-idare-reisi-pulumu-istediyime-gore-icra-bascisi-meni-isden-cixardi\\\/#primaryimage\"},\"thumbnailUrl\":\"https:\\\/\\\/www.meydan.tv\\\/wp-content\\\/uploads\\\/untitled_design_-_2019-10-15t124811.569.jpg\",\"datePublished\":\"2019-10-15T13:28:19+00:00\",\"breadcrumb\":{\"@id\":\"https:\\\/\\\/www.meydan.tv\\\/az\\\/article\\\/kecmis-idare-reisi-pulumu-istediyime-gore-icra-bascisi-meni-isden-cixardi\\\/#breadcrumb\"},\"inLanguage\":\"az\",\"potentialAction\":[{\"@type\":\"ReadAction\",\"target\":[\"https:\\\/\\\/www.meydan.tv\\\/az\\\/article\\\/kecmis-idare-reisi-pulumu-istediyime-gore-icra-bascisi-meni-isden-cixardi\\\/\"]}]},{\"@type\":\"ImageObject\",\"inLanguage\":\"az\",\"@id\":\"https:\\\/\\\/www.meydan.tv\\\/az\\\/article\\\/kecmis-idare-reisi-pulumu-istediyime-gore-icra-bascisi-meni-isden-cixardi\\\/#primaryimage\",\"url\":\"https:\\\/\\\/www.meydan.tv\\\/wp-content\\\/uploads\\\/untitled_design_-_2019-10-15t124811.569.jpg\",\"contentUrl\":\"https:\\\/\\\/www.meydan.tv\\\/wp-content\\\/uploads\\\/untitled_design_-_2019-10-15t124811.569.jpg\",\"width\":1280,\"height\":720,\"caption\":\"Source: google\"},{\"@type\":\"BreadcrumbList\",\"@id\":\"https:\\\/\\\/www.meydan.tv\\\/az\\\/article\\\/kecmis-idare-reisi-pulumu-istediyime-gore-icra-bascisi-meni-isden-cixardi\\\/#breadcrumb\",\"itemListElement\":[{\"@type\":\"ListItem\",\"position\":1,\"name\":\"Ana s\u0259hif\u0259\",\"item\":\"https:\\\/\\\/www.meydan.tv\\\/az\\\/\"},{\"@type\":\"ListItem\",\"position\":2,\"name\":\"B\u00f6lg\u0259\",\"item\":\"https:\\\/\\\/www.meydan.tv\\\/az\\\/section\\\/bolge\\\/\"},{\"@type\":\"ListItem\",\"position\":3,\"name\":\"Ke\u00e7mi\u015f idar\u0259 r\u0259isi: Pulumu ist\u0259diyim\u0259 g\u00f6r\u0259 icra ba\u015f\u00e7\u0131s\u0131 m\u0259ni i\u015fd\u0259n \u00e7\u0131xard\u0131\"}]},{\"@type\":\"WebSite\",\"@id\":\"https:\\\/\\\/www.meydan.tv\\\/az\\\/#website\",\"url\":\"https:\\\/\\\/www.meydan.tv\\\/az\\\/\",\"name\":\"MEYDAN.TV\",\"description\":\"Meydan TV Az\u0259rbaycan\u0131n media m\u0259kan\u0131ndak\u0131 alternativ s\u0259sidir\",\"publisher\":{\"@id\":\"https:\\\/\\\/www.meydan.tv\\\/az\\\/#organization\"},\"potentialAction\":[{\"@type\":\"SearchAction\",\"target\":{\"@type\":\"EntryPoint\",\"urlTemplate\":\"https:\\\/\\\/www.meydan.tv\\\/az\\\/?s={search_term_string}\"},\"query-input\":{\"@type\":\"PropertyValueSpecification\",\"valueRequired\":true,\"valueName\":\"search_term_string\"}}],\"inLanguage\":\"az\"},{\"@type\":\"Organization\",\"@id\":\"https:\\\/\\\/www.meydan.tv\\\/az\\\/#organization\",\"name\":\"Meydan TV\",\"url\":\"https:\\\/\\\/www.meydan.tv\\\/az\\\/\",\"logo\":{\"@type\":\"ImageObject\",\"inLanguage\":\"az\",\"@id\":\"https:\\\/\\\/www.meydan.tv\\\/az\\\/#\\\/schema\\\/logo\\\/image\\\/\",\"url\":\"https:\\\/\\\/www.meydan.tv\\\/wp-content\\\/uploads\\\/2021\\\/07\\\/meydan-logo.svg\",\"contentUrl\":\"https:\\\/\\\/www.meydan.tv\\\/wp-content\\\/uploads\\\/2021\\\/07\\\/meydan-logo.svg\",\"width\":195,\"height\":46,\"caption\":\"Meydan TV\"},\"image\":{\"@id\":\"https:\\\/\\\/www.meydan.tv\\\/az\\\/#\\\/schema\\\/logo\\\/image\\\/\"}},{\"@type\":\"Person\",\"@id\":\"https:\\\/\\\/www.meydan.tv\\\/az\\\/#\\\/schema\\\/person\\\/10d11eccf6da3662cf5fdab9806ea91a\",\"name\":\"user-manager\"}]}<\/script>\n<!-- \/ Yoast SEO plugin. -->","yoast_head_json":{"title":"Ke\u00e7mi\u015f idar\u0259 r\u0259isi: Pulumu ist\u0259diyim\u0259 g\u00f6r\u0259 icra ba\u015f\u00e7\u0131s\u0131 m\u0259ni i\u015fd\u0259n \u00e7\u0131xard\u0131 - MEYDAN.TV","robots":{"index":"index","follow":"follow","max-snippet":"max-snippet:-1","max-image-preview":"max-image-preview:large","max-video-preview":"max-video-preview:-1"},"canonical":"https:\/\/www.meydan.tv\/az\/article\/kecmis-idare-reisi-pulumu-istediyime-gore-icra-bascisi-meni-isden-cixardi\/","og_locale":"az_AZ","og_type":"article","og_title":"Ke\u00e7mi\u015f idar\u0259 r\u0259isi: Pulumu ist\u0259diyim\u0259 g\u00f6r\u0259 icra ba\u015f\u00e7\u0131s\u0131 m\u0259ni i\u015fd\u0259n \u00e7\u0131xard\u0131 - MEYDAN.TV","og_description":"Lo\u011fman \u018fliyev G\u00f6y\u00e7ay Rayon \u0130cra Hakimiyy\u0259tind\u0259n maa\u015f\u0131n\u0131 ala bilm\u0259diyini deyir","og_url":"https:\/\/www.meydan.tv\/az\/article\/kecmis-idare-reisi-pulumu-istediyime-gore-icra-bascisi-meni-isden-cixardi\/","og_site_name":"MEYDAN.TV","article_published_time":"2019-10-15T13:28:19+00:00","og_image":[{"width":1280,"height":720,"url":"https:\/\/www.meydan.tv\/wp-content\/uploads\/untitled_design_-_2019-10-15t124811.569.jpg","type":"image\/jpeg"}],"author":"user-manager","twitter_card":"summary_large_image","schema":{"@context":"https:\/\/schema.org","@graph":[{"@type":"Article","@id":"https:\/\/www.meydan.tv\/az\/article\/kecmis-idare-reisi-pulumu-istediyime-gore-icra-bascisi-meni-isden-cixardi\/#article","isPartOf":{"@id":"https:\/\/www.meydan.tv\/az\/article\/kecmis-idare-reisi-pulumu-istediyime-gore-icra-bascisi-meni-isden-cixardi\/"},"author":{"name":"user-manager","@id":"https:\/\/www.meydan.tv\/az\/#\/schema\/person\/10d11eccf6da3662cf5fdab9806ea91a"},"headline":"Ke\u00e7mi\u015f idar\u0259 r\u0259isi: Pulumu ist\u0259diyim\u0259 g\u00f6r\u0259 icra ba\u015f\u00e7\u0131s\u0131 m\u0259ni i\u015fd\u0259n \u00e7\u0131xard\u0131","datePublished":"2019-10-15T13:28:19+00:00","mainEntityOfPage":{"@id":"https:\/\/www.meydan.tv\/az\/article\/kecmis-idare-reisi-pulumu-istediyime-gore-icra-bascisi-meni-isden-cixardi\/"},"wordCount":2248,"publisher":{"@id":"https:\/\/www.meydan.tv\/az\/#organization"},"image":{"@id":"https:\/\/www.meydan.tv\/az\/article\/kecmis-idare-reisi-pulumu-istediyime-gore-icra-bascisi-meni-isden-cixardi\/#primaryimage"},"thumbnailUrl":"https:\/\/www.meydan.tv\/wp-content\/uploads\/untitled_design_-_2019-10-15t124811.569.jpg","articleSection":["B\u00f6lg\u0259"],"inLanguage":"az"},{"@type":"WebPage","@id":"https:\/\/www.meydan.tv\/az\/article\/kecmis-idare-reisi-pulumu-istediyime-gore-icra-bascisi-meni-isden-cixardi\/","url":"https:\/\/www.meydan.tv\/az\/article\/kecmis-idare-reisi-pulumu-istediyime-gore-icra-bascisi-meni-isden-cixardi\/","name":"Ke\u00e7mi\u015f idar\u0259 r\u0259isi: Pulumu ist\u0259diyim\u0259 g\u00f6r\u0259 icra ba\u015f\u00e7\u0131s\u0131 m\u0259ni i\u015fd\u0259n \u00e7\u0131xard\u0131 - MEYDAN.TV","isPartOf":{"@id":"https:\/\/www.meydan.tv\/az\/#website"},"primaryImageOfPage":{"@id":"https:\/\/www.meydan.tv\/az\/article\/kecmis-idare-reisi-pulumu-istediyime-gore-icra-bascisi-meni-isden-cixardi\/#primaryimage"},"image":{"@id":"https:\/\/www.meydan.tv\/az\/article\/kecmis-idare-reisi-pulumu-istediyime-gore-icra-bascisi-meni-isden-cixardi\/#primaryimage"},"thumbnailUrl":"https:\/\/www.meydan.tv\/wp-content\/uploads\/untitled_design_-_2019-10-15t124811.569.jpg","datePublished":"2019-10-15T13:28:19+00:00","breadcrumb":{"@id":"https:\/\/www.meydan.tv\/az\/article\/kecmis-idare-reisi-pulumu-istediyime-gore-icra-bascisi-meni-isden-cixardi\/#breadcrumb"},"inLanguage":"az","potentialAction":[{"@type":"ReadAction","target":["https:\/\/www.meydan.tv\/az\/article\/kecmis-idare-reisi-pulumu-istediyime-gore-icra-bascisi-meni-isden-cixardi\/"]}]},{"@type":"ImageObject","inLanguage":"az","@id":"https:\/\/www.meydan.tv\/az\/article\/kecmis-idare-reisi-pulumu-istediyime-gore-icra-bascisi-meni-isden-cixardi\/#primaryimage","url":"https:\/\/www.meydan.tv\/wp-content\/uploads\/untitled_design_-_2019-10-15t124811.569.jpg","contentUrl":"https:\/\/www.meydan.tv\/wp-content\/uploads\/untitled_design_-_2019-10-15t124811.569.jpg","width":1280,"height":720,"caption":"Source: google"},{"@type":"BreadcrumbList","@id":"https:\/\/www.meydan.tv\/az\/article\/kecmis-idare-reisi-pulumu-istediyime-gore-icra-bascisi-meni-isden-cixardi\/#breadcrumb","itemListElement":[{"@type":"ListItem","position":1,"name":"Ana s\u0259hif\u0259","item":"https:\/\/www.meydan.tv\/az\/"},{"@type":"ListItem","position":2,"name":"B\u00f6lg\u0259","item":"https:\/\/www.meydan.tv\/az\/section\/bolge\/"},{"@type":"ListItem","position":3,"name":"Ke\u00e7mi\u015f idar\u0259 r\u0259isi: Pulumu ist\u0259diyim\u0259 g\u00f6r\u0259 icra ba\u015f\u00e7\u0131s\u0131 m\u0259ni i\u015fd\u0259n \u00e7\u0131xard\u0131"}]},{"@type":"WebSite","@id":"https:\/\/www.meydan.tv\/az\/#website","url":"https:\/\/www.meydan.tv\/az\/","name":"MEYDAN.TV","description":"Meydan TV Az\u0259rbaycan\u0131n media m\u0259kan\u0131ndak\u0131 alternativ s\u0259sidir","publisher":{"@id":"https:\/\/www.meydan.tv\/az\/#organization"},"potentialAction":[{"@type":"SearchAction","target":{"@type":"EntryPoint","urlTemplate":"https:\/\/www.meydan.tv\/az\/?s={search_term_string}"},"query-input":{"@type":"PropertyValueSpecification","valueRequired":true,"valueName":"search_term_string"}}],"inLanguage":"az"},{"@type":"Organization","@id":"https:\/\/www.meydan.tv\/az\/#organization","name":"Meydan TV","url":"https:\/\/www.meydan.tv\/az\/","logo":{"@type":"ImageObject","inLanguage":"az","@id":"https:\/\/www.meydan.tv\/az\/#\/schema\/logo\/image\/","url":"https:\/\/www.meydan.tv\/wp-content\/uploads\/2021\/07\/meydan-logo.svg","contentUrl":"https:\/\/www.meydan.tv\/wp-content\/uploads\/2021\/07\/meydan-logo.svg","width":195,"height":46,"caption":"Meydan TV"},"image":{"@id":"https:\/\/www.meydan.tv\/az\/#\/schema\/logo\/image\/"}},{"@type":"Person","@id":"https:\/\/www.meydan.tv\/az\/#\/schema\/person\/10d11eccf6da3662cf5fdab9806ea91a","name":"user-manager"}]}},"_links":{"self":[{"href":"https:\/\/www.meydan.tv\/az\/wp-json\/wp\/v2\/posts\/197450","targetHints":{"allow":["GET"]}}],"collection":[{"href":"https:\/\/www.meydan.tv\/az\/wp-json\/wp\/v2\/posts"}],"about":[{"href":"https:\/\/www.meydan.tv\/az\/wp-json\/wp\/v2\/types\/post"}],"author":[{"embeddable":true,"href":"https:\/\/www.meydan.tv\/az\/wp-json\/wp\/v2\/users\/11"}],"replies":[{"embeddable":true,"href":"https:\/\/www.meydan.tv\/az\/wp-json\/wp\/v2\/comments?post=197450"}],"version-history":[{"count":0,"href":"https:\/\/www.meydan.tv\/az\/wp-json\/wp\/v2\/posts\/197450\/revisions"}],"wp:featuredmedia":[{"embeddable":true,"href":"https:\/\/www.meydan.tv\/az\/wp-json\/wp\/v2\/media\/131342"}],"wp:attachment":[{"href":"https:\/\/www.meydan.tv\/az\/wp-json\/wp\/v2\/media?parent=197450"}],"wp:term":[{"taxonomy":"category","embeddable":true,"href":"https:\/\/www.meydan.tv\/az\/wp-json\/wp\/v2\/categories?post=197450"},{"taxonomy":"post_tag","embeddable":true,"href":"https:\/\/www.meydan.tv\/az\/wp-json\/wp\/v2\/tags?post=197450"}],"curies":[{"name":"wp","href":"https:\/\/api.w.org\/{rel}","templated":true}]}}