{"id":197445,"date":"2019-10-14T19:19:34","date_gmt":"2019-10-14T19:19:34","guid":{"rendered":"https:\/\/www.meydan.tv\/article\/ispaniya-separatci-katalon-liderlerini-hebs-edib\/"},"modified":"2019-10-14T19:19:34","modified_gmt":"2019-10-14T19:19:34","slug":"ispaniya-separatci-katalon-liderlerini-hebs-edib","status":"publish","type":"post","link":"https:\/\/www.meydan.tv\/az\/article\/ispaniya-separatci-katalon-liderlerini-hebs-edib\/","title":{"rendered":"\u0130spaniya separat\u00e7\u0131 katalon liderl\u0259rini h\u0259bs edib"},"content":{"rendered":"<p>\n  <i><br \/>\n    Liderl\u0259r 9-13 il aras\u0131nda h\u0259bs c\u0259zas\u0131na m\u0259hkum olunublar<br \/>\n  <\/i>\n<\/p>\n<p>\n  Bazar ert\u0259si \u0130spaniya Ali M\u0259hk\u0259m\u0259si b\u00f6lg\u0259d\u0259 etirazlara s\u0259b\u0259b olan u\u011fursuz m\u00fcst\u0259qillik t\u0259klifind\u0259ki rollar\u0131na g\u00f6r\u0259 doqquz katalon separat\u00e7\u0131 liderini azadl\u0131qdan m\u0259hrum edib. \u201cReuters\u201d x\u0259b\u0259r verir ki, liderl\u0259r 9-13 il aras\u0131nda h\u0259bs c\u0259zas\u0131na m\u0259hkum edilibl\u0259r.\n<\/p>\n<p>\n  Qada\u011faya v\u0259 q\u0131sam\u00fcdd\u0259tli m\u00fcst\u0259qillik b\u0259yannam\u0259sin\u0259 baxmayaraq, ke\u00e7iril\u0259n 2017-ci il oktyabr referendumunda i\u015ftirak etdikl\u0259rin\u0259 g\u00f6r\u0259 m\u00fchakim\u0259 olunan dig\u0259r \u00fc\u00e7 m\u00fctt\u0259him d\u0259 ita\u0259tsizlikd\u0259 t\u0259qsirli bilinib, lakin h\u0259bs c\u0259zas\u0131na m\u0259hkum edilm\u0259yib.\n<\/p>\n<p>\n  Dig\u0259r m\u00fctt\u0259himl\u0259r \u0259n a\u011f\u0131r ittihamdan &#8211; \u00fcsyandan b\u0259ra\u0259t al\u0131blar.\n<\/p>\n<p>\n  M\u0259hk\u0259m\u0259nin q\u0259rar\u0131 apar\u0131c\u0131 separat\u00e7\u0131lar t\u0259r\u0259find\u0259n q\u0131nan\u0131b. H\u0259bsd\u0259ki \u015f\u0259xsl\u0259r insanlar\u0131 k\u00fc\u00e7\u0259l\u0259r\u0259 \u00e7\u0131xarma\u011fa \u00e7a\u011f\u0131r\u0131b.\n<\/p>\n<p>\n  \u201cBu q\u0259rar demokratiyaya v\u0259 b\u00fct\u00fcn v\u0259t\u0259nda\u015flar\u0131n h\u00fcquqlar\u0131na h\u00fccumdur,\u201d regional parlamentin r\u0259hb\u0259ri Roger Torrent deyib: \u201cBu g\u00fcn yaln\u0131z 12 n\u0259f\u0259r deyil, ham\u0131m\u0131z m\u0259hkum olunmu\u015fuq\u201d.\n<\/p>\n<p>\n  Kataloniyan\u0131n regional h\u00f6kum\u0259tinin ke\u00e7mi\u015f r\u0259hb\u0259ri Carles Puigdemont h\u0259bs c\u0259zalar\u0131n\u0131n \u201cv\u0259h\u015filik\u201d oldu\u011funu deyib.\n<\/p>\n<p>\n  Barselonada \u00fc\u00e7 \u0259sas k\u00fc\u00e7\u0259 \u201csiyasi m\u0259hbuslara azadl\u0131q\u201d \u00e7a\u011f\u0131r\u0131\u015f\u0131n\u0131 ed\u0259n etiraz\u00e7\u0131lar t\u0259r\u0259find\u0259n ba\u011flan\u0131b. Ba\u015fqa bir referendum ke\u00e7irm\u0259k ist\u0259y\u0259n separat\u00e7\u0131 izdiham t\u0259r\u0259find\u0259n is\u0259 \u201cBiz bunu yenid\u0259n ed\u0259c\u0259yik\u201d \u015f\u00fcar\u0131 s\u0259sl\u0259ndirilib.\n<\/p>\n<p>\n  Etiraz\u00e7\u0131lar Barselona hava liman\u0131na qatar v\u0259 metro gedi\u015fini v\u0259 A2 \u015fossesind\u0259, el\u0259c\u0259 d\u0259 Kataloniyan\u0131n bir ne\u00e7\u0259 regional yollar\u0131nda n\u0259qliyyat\u0131n h\u0259r\u0259k\u0259tini dayand\u0131r\u0131blar, &#8211; N\u0259qliyyat \u0130dar\u0259sinin r\u0259smisi deyib.\n<\/p>\n<p>\n  B\u00f6lg\u0259 qatarlar\u0131 \u015f\u0259b\u0259k\u0259si Gironada bayraqlara sar\u0131lan m\u00fcst\u0259qillik t\u0259r\u0259fdar\u0131 insanlar t\u0259r\u0259find\u0259n k\u0259silib.\n<\/p>\n<p>\n  Kataloniyan\u0131n m\u00fcst\u0259qillik t\u0259l\u0259bi d\u00fcnya s\u0259viyy\u0259sind\u0259 diqq\u0259ti c\u0259lb edib v\u0259 son onillikl\u0259rd\u0259 \u0130spaniyan\u0131n \u0259n b\u00f6y\u00fck siyasi b\u00f6hran\u0131na s\u0259b\u0259b olub.\n<\/p>\n<p>\n  \u0130qtidar v\u0259 onun s\u00fcqut etm\u0259si m\u00fcmk\u00fcnd\u00fcr ki, 10 noyabr tarixind\u0259 ke\u00e7iril\u0259c\u0259k \u0130spaniyan\u0131n d\u00f6rd\u00fcnc\u00fc milli se\u00e7kisini r\u0259ngl\u0259ndirsin v\u0259 separat\u00e7\u0131 h\u0259r\u0259kat\u0131n bundan sonra alaca\u011f\u0131 istiqam\u0259t\u0259 t\u0259sir etsin.\n<\/p>\n<p>\n  H\u0259bs edilmi\u015f separat\u00e7\u0131lar sosial mediada deyibl\u0259r ki, onlar m\u00fcbariz\u0259l\u0259rini davam etdir\u0259c\u0259kl\u0259r.\n<\/p>\n<p>\n  \u201cH\u0259bsd\u0259 ke\u00e7irilmi\u015f doqquz il m\u0259nim optimizmimi sonland\u0131rmayacaq. Biz davam ets\u0259k, Kataloniya m\u00fcst\u0259qil olacaq. G\u0259lin qorxusuz n\u00fcmayi\u015f ed\u0259k, g\u0259lin q\u0259tiyy\u0259tl\u0259 qeyri-zorak\u0131l\u0131qdan m\u00fcst\u0259qilliy\u0259 do\u011fru add\u0131mlayaq\u201d, &#8211; doqquz illiyin\u0259 h\u0259bs\u0259 g\u00f6nd\u0259rilmi\u015f Jordi Sanhcez deyib. Sanchez Katalon Milli Assambleyas\u0131 (ANC) H\u0259r\u0259kat\u0131n\u0131n lideri olub.\n<\/p>\n<p>\n  \u00d6t\u0259n ill\u0259r boyu Kataloniyan\u0131n m\u00fcst\u0259qilliyi \u00fc\u00e7\u00fcn ke\u00e7irilmi\u015f etirazlar b\u00fct\u00f6vl\u00fckl\u0259 dinc olub. Lakin polis m\u0259nb\u0259l\u0259ri qeyd edirl\u0259r ki, hakimiyy\u0259t h\u0259r hans\u0131 bir zorak\u0131l\u0131\u011fa haz\u0131rl\u0131ql\u0131d\u0131r.\n<\/p>\n<p>\n  Kataloniyan\u0131n regional r\u0259hb\u0259ri separat\u00e7\u0131 Quim Torra 12 liderin ham\u0131s\u0131n\u0131n \u0259fv edilm\u0259sini ist\u0259yib. O, \u0130spaniya kral\u0131 VI Felipe v\u0259 Ba\u015f nazir v\u0259zif\u0259sini icra ed\u0259n Pedro Sanchez il\u0259 t\u0259cili g\u00f6r\u00fc\u015f ist\u0259y\u0259c\u0259yini qeyd edib. Lakin Torra ke\u00e7\u0259n h\u0259ft\u0259l\u0259rd\u0259 ba\u015flatd\u0131\u011f\u0131 v\u0259t\u0259nda\u015f ita\u0259tsizliyin\u0259 \u00e7a\u011f\u0131r\u0131\u015flar\u0131 dayand\u0131r\u0131b.\n<\/p>\n<p>\n  Sanchez c\u0259zalar\u0131n icras\u0131n\u0131n laz\u0131m oldu\u011funu qeyd ed\u0259r\u0259k, \u0259fv t\u0259l\u0259bini r\u0259dd edib.\n<\/p>\n<p>\n  \u201cBug\u00fcnk\u00fc q\u0259rar daxili d\u0259st\u0259k v\u0259 beyn\u0259lxalq r\u0259\u011fb\u0259t qazana bilm\u0259y\u0259n bir h\u0259r\u0259kat\u0131n m\u0259\u011flubiyy\u0259tini t\u0259sdiql\u0259yir\u201d, &#8211; o deyib. O, indi katalon m\u0259s\u0259l\u0259sind\u0259 yeni m\u0259rh\u0259l\u0259nin ba\u015flad\u0131\u011f\u0131n\u0131 bildir\u0259r\u0259k insanlar\u0131 dialoqa \u00e7a\u011f\u0131r\u0131b.<\/p>\n","protected":false},"excerpt":{"rendered":"<p>Liderl\u0259r 9-13 il aras\u0131nda h\u0259bs c\u0259zas\u0131na m\u0259hkum olunublar<\/p>\n","protected":false},"author":11,"featured_media":131336,"comment_status":"closed","ping_status":"open","sticky":false,"template":"","format":"standard","meta":{"_acf_changed":false,"_sitemap_exclude":false,"_sitemap_priority":"","_sitemap_frequency":"","footnotes":""},"categories":[64],"tags":[],"class_list":["post-197445","post","type-post","status-publish","format-standard","has-post-thumbnail","hentry","category-dunya","infinite-scroll-item","generate-columns","tablet-grid-50","mobile-grid-100","grid-parent","grid-33","no-featured-image-padding"],"acf":[],"yoast_head":"<!-- This site is optimized with the Yoast SEO plugin v27.5 - https:\/\/yoast.com\/product\/yoast-seo-wordpress\/ -->\n<title>\u0130spaniya separat\u00e7\u0131 katalon liderl\u0259rini h\u0259bs edib - MEYDAN.TV<\/title>\n<meta name=\"robots\" content=\"index, follow, max-snippet:-1, max-image-preview:large, max-video-preview:-1\" \/>\n<link rel=\"canonical\" href=\"https:\/\/www.meydan.tv\/az\/article\/ispaniya-separatci-katalon-liderlerini-hebs-edib\/\" \/>\n<meta property=\"og:locale\" content=\"az_AZ\" \/>\n<meta property=\"og:type\" content=\"article\" \/>\n<meta property=\"og:title\" content=\"\u0130spaniya separat\u00e7\u0131 katalon liderl\u0259rini h\u0259bs edib - MEYDAN.TV\" \/>\n<meta property=\"og:description\" content=\"Liderl\u0259r 9-13 il aras\u0131nda h\u0259bs c\u0259zas\u0131na m\u0259hkum olunublar\" \/>\n<meta property=\"og:url\" content=\"https:\/\/www.meydan.tv\/az\/article\/ispaniya-separatci-katalon-liderlerini-hebs-edib\/\" \/>\n<meta property=\"og:site_name\" content=\"MEYDAN.TV\" \/>\n<meta property=\"article:published_time\" content=\"2019-10-14T19:19:34+00:00\" \/>\n<meta property=\"og:image\" content=\"https:\/\/www.meydan.tv\/wp-content\/uploads\/35c72790b41d77cd7900d8e2ca1e9f70.jpg\" \/>\n\t<meta property=\"og:image:width\" content=\"2500\" \/>\n\t<meta property=\"og:image:height\" content=\"1716\" \/>\n\t<meta property=\"og:image:type\" content=\"image\/jpeg\" \/>\n<meta name=\"author\" content=\"user-manager\" \/>\n<meta name=\"twitter:card\" content=\"summary_large_image\" \/>\n<script type=\"application\/ld+json\" class=\"yoast-schema-graph\">{\"@context\":\"https:\\\/\\\/schema.org\",\"@graph\":[{\"@type\":\"Article\",\"@id\":\"https:\\\/\\\/www.meydan.tv\\\/az\\\/article\\\/ispaniya-separatci-katalon-liderlerini-hebs-edib\\\/#article\",\"isPartOf\":{\"@id\":\"https:\\\/\\\/www.meydan.tv\\\/az\\\/article\\\/ispaniya-separatci-katalon-liderlerini-hebs-edib\\\/\"},\"author\":{\"name\":\"user-manager\",\"@id\":\"https:\\\/\\\/www.meydan.tv\\\/az\\\/#\\\/schema\\\/person\\\/10d11eccf6da3662cf5fdab9806ea91a\"},\"headline\":\"\u0130spaniya separat\u00e7\u0131 katalon liderl\u0259rini h\u0259bs edib\",\"datePublished\":\"2019-10-14T19:19:34+00:00\",\"mainEntityOfPage\":{\"@id\":\"https:\\\/\\\/www.meydan.tv\\\/az\\\/article\\\/ispaniya-separatci-katalon-liderlerini-hebs-edib\\\/\"},\"wordCount\":714,\"publisher\":{\"@id\":\"https:\\\/\\\/www.meydan.tv\\\/az\\\/#organization\"},\"image\":{\"@id\":\"https:\\\/\\\/www.meydan.tv\\\/az\\\/article\\\/ispaniya-separatci-katalon-liderlerini-hebs-edib\\\/#primaryimage\"},\"thumbnailUrl\":\"https:\\\/\\\/www.meydan.tv\\\/wp-content\\\/uploads\\\/35c72790b41d77cd7900d8e2ca1e9f70.jpg\",\"articleSection\":[\"D\u00fcnya\"],\"inLanguage\":\"az\"},{\"@type\":\"WebPage\",\"@id\":\"https:\\\/\\\/www.meydan.tv\\\/az\\\/article\\\/ispaniya-separatci-katalon-liderlerini-hebs-edib\\\/\",\"url\":\"https:\\\/\\\/www.meydan.tv\\\/az\\\/article\\\/ispaniya-separatci-katalon-liderlerini-hebs-edib\\\/\",\"name\":\"\u0130spaniya separat\u00e7\u0131 katalon liderl\u0259rini h\u0259bs edib - MEYDAN.TV\",\"isPartOf\":{\"@id\":\"https:\\\/\\\/www.meydan.tv\\\/az\\\/#website\"},\"primaryImageOfPage\":{\"@id\":\"https:\\\/\\\/www.meydan.tv\\\/az\\\/article\\\/ispaniya-separatci-katalon-liderlerini-hebs-edib\\\/#primaryimage\"},\"image\":{\"@id\":\"https:\\\/\\\/www.meydan.tv\\\/az\\\/article\\\/ispaniya-separatci-katalon-liderlerini-hebs-edib\\\/#primaryimage\"},\"thumbnailUrl\":\"https:\\\/\\\/www.meydan.tv\\\/wp-content\\\/uploads\\\/35c72790b41d77cd7900d8e2ca1e9f70.jpg\",\"datePublished\":\"2019-10-14T19:19:34+00:00\",\"breadcrumb\":{\"@id\":\"https:\\\/\\\/www.meydan.tv\\\/az\\\/article\\\/ispaniya-separatci-katalon-liderlerini-hebs-edib\\\/#breadcrumb\"},\"inLanguage\":\"az\",\"potentialAction\":[{\"@type\":\"ReadAction\",\"target\":[\"https:\\\/\\\/www.meydan.tv\\\/az\\\/article\\\/ispaniya-separatci-katalon-liderlerini-hebs-edib\\\/\"]}]},{\"@type\":\"ImageObject\",\"inLanguage\":\"az\",\"@id\":\"https:\\\/\\\/www.meydan.tv\\\/az\\\/article\\\/ispaniya-separatci-katalon-liderlerini-hebs-edib\\\/#primaryimage\",\"url\":\"https:\\\/\\\/www.meydan.tv\\\/wp-content\\\/uploads\\\/35c72790b41d77cd7900d8e2ca1e9f70.jpg\",\"contentUrl\":\"https:\\\/\\\/www.meydan.tv\\\/wp-content\\\/uploads\\\/35c72790b41d77cd7900d8e2ca1e9f70.jpg\",\"width\":2500,\"height\":1716,\"caption\":\"Source: google\"},{\"@type\":\"BreadcrumbList\",\"@id\":\"https:\\\/\\\/www.meydan.tv\\\/az\\\/article\\\/ispaniya-separatci-katalon-liderlerini-hebs-edib\\\/#breadcrumb\",\"itemListElement\":[{\"@type\":\"ListItem\",\"position\":1,\"name\":\"Ana s\u0259hif\u0259\",\"item\":\"https:\\\/\\\/www.meydan.tv\\\/az\\\/\"},{\"@type\":\"ListItem\",\"position\":2,\"name\":\"D\u00fcnya\",\"item\":\"https:\\\/\\\/www.meydan.tv\\\/az\\\/section\\\/dunya\\\/\"},{\"@type\":\"ListItem\",\"position\":3,\"name\":\"\u0130spaniya separat\u00e7\u0131 katalon liderl\u0259rini h\u0259bs edib\"}]},{\"@type\":\"WebSite\",\"@id\":\"https:\\\/\\\/www.meydan.tv\\\/az\\\/#website\",\"url\":\"https:\\\/\\\/www.meydan.tv\\\/az\\\/\",\"name\":\"MEYDAN.TV\",\"description\":\"Meydan TV Az\u0259rbaycan\u0131n media m\u0259kan\u0131ndak\u0131 alternativ s\u0259sidir\",\"publisher\":{\"@id\":\"https:\\\/\\\/www.meydan.tv\\\/az\\\/#organization\"},\"potentialAction\":[{\"@type\":\"SearchAction\",\"target\":{\"@type\":\"EntryPoint\",\"urlTemplate\":\"https:\\\/\\\/www.meydan.tv\\\/az\\\/?s={search_term_string}\"},\"query-input\":{\"@type\":\"PropertyValueSpecification\",\"valueRequired\":true,\"valueName\":\"search_term_string\"}}],\"inLanguage\":\"az\"},{\"@type\":\"Organization\",\"@id\":\"https:\\\/\\\/www.meydan.tv\\\/az\\\/#organization\",\"name\":\"Meydan TV\",\"url\":\"https:\\\/\\\/www.meydan.tv\\\/az\\\/\",\"logo\":{\"@type\":\"ImageObject\",\"inLanguage\":\"az\",\"@id\":\"https:\\\/\\\/www.meydan.tv\\\/az\\\/#\\\/schema\\\/logo\\\/image\\\/\",\"url\":\"https:\\\/\\\/www.meydan.tv\\\/wp-content\\\/uploads\\\/2021\\\/07\\\/meydan-logo.svg\",\"contentUrl\":\"https:\\\/\\\/www.meydan.tv\\\/wp-content\\\/uploads\\\/2021\\\/07\\\/meydan-logo.svg\",\"width\":195,\"height\":46,\"caption\":\"Meydan TV\"},\"image\":{\"@id\":\"https:\\\/\\\/www.meydan.tv\\\/az\\\/#\\\/schema\\\/logo\\\/image\\\/\"}},{\"@type\":\"Person\",\"@id\":\"https:\\\/\\\/www.meydan.tv\\\/az\\\/#\\\/schema\\\/person\\\/10d11eccf6da3662cf5fdab9806ea91a\",\"name\":\"user-manager\"}]}<\/script>\n<!-- \/ Yoast SEO plugin. -->","yoast_head_json":{"title":"\u0130spaniya separat\u00e7\u0131 katalon liderl\u0259rini h\u0259bs edib - MEYDAN.TV","robots":{"index":"index","follow":"follow","max-snippet":"max-snippet:-1","max-image-preview":"max-image-preview:large","max-video-preview":"max-video-preview:-1"},"canonical":"https:\/\/www.meydan.tv\/az\/article\/ispaniya-separatci-katalon-liderlerini-hebs-edib\/","og_locale":"az_AZ","og_type":"article","og_title":"\u0130spaniya separat\u00e7\u0131 katalon liderl\u0259rini h\u0259bs edib - MEYDAN.TV","og_description":"Liderl\u0259r 9-13 il aras\u0131nda h\u0259bs c\u0259zas\u0131na m\u0259hkum olunublar","og_url":"https:\/\/www.meydan.tv\/az\/article\/ispaniya-separatci-katalon-liderlerini-hebs-edib\/","og_site_name":"MEYDAN.TV","article_published_time":"2019-10-14T19:19:34+00:00","og_image":[{"width":2500,"height":1716,"url":"https:\/\/www.meydan.tv\/wp-content\/uploads\/35c72790b41d77cd7900d8e2ca1e9f70.jpg","type":"image\/jpeg"}],"author":"user-manager","twitter_card":"summary_large_image","schema":{"@context":"https:\/\/schema.org","@graph":[{"@type":"Article","@id":"https:\/\/www.meydan.tv\/az\/article\/ispaniya-separatci-katalon-liderlerini-hebs-edib\/#article","isPartOf":{"@id":"https:\/\/www.meydan.tv\/az\/article\/ispaniya-separatci-katalon-liderlerini-hebs-edib\/"},"author":{"name":"user-manager","@id":"https:\/\/www.meydan.tv\/az\/#\/schema\/person\/10d11eccf6da3662cf5fdab9806ea91a"},"headline":"\u0130spaniya separat\u00e7\u0131 katalon liderl\u0259rini h\u0259bs edib","datePublished":"2019-10-14T19:19:34+00:00","mainEntityOfPage":{"@id":"https:\/\/www.meydan.tv\/az\/article\/ispaniya-separatci-katalon-liderlerini-hebs-edib\/"},"wordCount":714,"publisher":{"@id":"https:\/\/www.meydan.tv\/az\/#organization"},"image":{"@id":"https:\/\/www.meydan.tv\/az\/article\/ispaniya-separatci-katalon-liderlerini-hebs-edib\/#primaryimage"},"thumbnailUrl":"https:\/\/www.meydan.tv\/wp-content\/uploads\/35c72790b41d77cd7900d8e2ca1e9f70.jpg","articleSection":["D\u00fcnya"],"inLanguage":"az"},{"@type":"WebPage","@id":"https:\/\/www.meydan.tv\/az\/article\/ispaniya-separatci-katalon-liderlerini-hebs-edib\/","url":"https:\/\/www.meydan.tv\/az\/article\/ispaniya-separatci-katalon-liderlerini-hebs-edib\/","name":"\u0130spaniya separat\u00e7\u0131 katalon liderl\u0259rini h\u0259bs edib - MEYDAN.TV","isPartOf":{"@id":"https:\/\/www.meydan.tv\/az\/#website"},"primaryImageOfPage":{"@id":"https:\/\/www.meydan.tv\/az\/article\/ispaniya-separatci-katalon-liderlerini-hebs-edib\/#primaryimage"},"image":{"@id":"https:\/\/www.meydan.tv\/az\/article\/ispaniya-separatci-katalon-liderlerini-hebs-edib\/#primaryimage"},"thumbnailUrl":"https:\/\/www.meydan.tv\/wp-content\/uploads\/35c72790b41d77cd7900d8e2ca1e9f70.jpg","datePublished":"2019-10-14T19:19:34+00:00","breadcrumb":{"@id":"https:\/\/www.meydan.tv\/az\/article\/ispaniya-separatci-katalon-liderlerini-hebs-edib\/#breadcrumb"},"inLanguage":"az","potentialAction":[{"@type":"ReadAction","target":["https:\/\/www.meydan.tv\/az\/article\/ispaniya-separatci-katalon-liderlerini-hebs-edib\/"]}]},{"@type":"ImageObject","inLanguage":"az","@id":"https:\/\/www.meydan.tv\/az\/article\/ispaniya-separatci-katalon-liderlerini-hebs-edib\/#primaryimage","url":"https:\/\/www.meydan.tv\/wp-content\/uploads\/35c72790b41d77cd7900d8e2ca1e9f70.jpg","contentUrl":"https:\/\/www.meydan.tv\/wp-content\/uploads\/35c72790b41d77cd7900d8e2ca1e9f70.jpg","width":2500,"height":1716,"caption":"Source: google"},{"@type":"BreadcrumbList","@id":"https:\/\/www.meydan.tv\/az\/article\/ispaniya-separatci-katalon-liderlerini-hebs-edib\/#breadcrumb","itemListElement":[{"@type":"ListItem","position":1,"name":"Ana s\u0259hif\u0259","item":"https:\/\/www.meydan.tv\/az\/"},{"@type":"ListItem","position":2,"name":"D\u00fcnya","item":"https:\/\/www.meydan.tv\/az\/section\/dunya\/"},{"@type":"ListItem","position":3,"name":"\u0130spaniya separat\u00e7\u0131 katalon liderl\u0259rini h\u0259bs edib"}]},{"@type":"WebSite","@id":"https:\/\/www.meydan.tv\/az\/#website","url":"https:\/\/www.meydan.tv\/az\/","name":"MEYDAN.TV","description":"Meydan TV Az\u0259rbaycan\u0131n media m\u0259kan\u0131ndak\u0131 alternativ s\u0259sidir","publisher":{"@id":"https:\/\/www.meydan.tv\/az\/#organization"},"potentialAction":[{"@type":"SearchAction","target":{"@type":"EntryPoint","urlTemplate":"https:\/\/www.meydan.tv\/az\/?s={search_term_string}"},"query-input":{"@type":"PropertyValueSpecification","valueRequired":true,"valueName":"search_term_string"}}],"inLanguage":"az"},{"@type":"Organization","@id":"https:\/\/www.meydan.tv\/az\/#organization","name":"Meydan TV","url":"https:\/\/www.meydan.tv\/az\/","logo":{"@type":"ImageObject","inLanguage":"az","@id":"https:\/\/www.meydan.tv\/az\/#\/schema\/logo\/image\/","url":"https:\/\/www.meydan.tv\/wp-content\/uploads\/2021\/07\/meydan-logo.svg","contentUrl":"https:\/\/www.meydan.tv\/wp-content\/uploads\/2021\/07\/meydan-logo.svg","width":195,"height":46,"caption":"Meydan TV"},"image":{"@id":"https:\/\/www.meydan.tv\/az\/#\/schema\/logo\/image\/"}},{"@type":"Person","@id":"https:\/\/www.meydan.tv\/az\/#\/schema\/person\/10d11eccf6da3662cf5fdab9806ea91a","name":"user-manager"}]}},"_links":{"self":[{"href":"https:\/\/www.meydan.tv\/az\/wp-json\/wp\/v2\/posts\/197445","targetHints":{"allow":["GET"]}}],"collection":[{"href":"https:\/\/www.meydan.tv\/az\/wp-json\/wp\/v2\/posts"}],"about":[{"href":"https:\/\/www.meydan.tv\/az\/wp-json\/wp\/v2\/types\/post"}],"author":[{"embeddable":true,"href":"https:\/\/www.meydan.tv\/az\/wp-json\/wp\/v2\/users\/11"}],"replies":[{"embeddable":true,"href":"https:\/\/www.meydan.tv\/az\/wp-json\/wp\/v2\/comments?post=197445"}],"version-history":[{"count":0,"href":"https:\/\/www.meydan.tv\/az\/wp-json\/wp\/v2\/posts\/197445\/revisions"}],"wp:featuredmedia":[{"embeddable":true,"href":"https:\/\/www.meydan.tv\/az\/wp-json\/wp\/v2\/media\/131336"}],"wp:attachment":[{"href":"https:\/\/www.meydan.tv\/az\/wp-json\/wp\/v2\/media?parent=197445"}],"wp:term":[{"taxonomy":"category","embeddable":true,"href":"https:\/\/www.meydan.tv\/az\/wp-json\/wp\/v2\/categories?post=197445"},{"taxonomy":"post_tag","embeddable":true,"href":"https:\/\/www.meydan.tv\/az\/wp-json\/wp\/v2\/tags?post=197445"}],"curies":[{"name":"wp","href":"https:\/\/api.w.org\/{rel}","templated":true}]}}