{"id":197440,"date":"2019-10-14T16:22:14","date_gmt":"2019-10-14T16:22:14","guid":{"rendered":"https:\/\/www.meydan.tv\/article\/arif-hacilinin-pirr-qelebesi\/"},"modified":"2019-10-14T16:22:14","modified_gmt":"2019-10-14T16:22:14","slug":"arif-hacilinin-pirr-qelebesi","status":"publish","type":"post","link":"https:\/\/www.meydan.tv\/az\/article\/arif-hacilinin-pirr-qelebesi\/","title":{"rendered":"Arif Hac\u0131l\u0131n\u0131n &#8220;Pirr q\u0259l\u0259b\u0259si&#8221;"},"content":{"rendered":"<p>\n  <i><br \/>\n    M\u0259nc\u0259, m\u00fcsavat\u00e7\u0131lar v\u0259 onlar\u0131n indiki kapitan\u0131n\u0131n ciddi-ciddi d\u00fc\u015f\u00fcnm\u0259li olduqlar\u0131 m\u0259s\u0259l\u0259 var<br \/>\n  <\/i>\n<\/p>\n<p>\n  Romal\u0131larla bir d\u00f6y\u00fc\u015fd\u0259n sonra yunan \u00e7ar\u0131 Pirr bel\u0259 demi\u015fdi: \u201c\u018fg\u0259r, romal\u0131lar \u00fcz\u0259rind\u0259 daha bir bel\u0259 q\u0259l\u0259b\u0259 qazansaq, biz ordusuz qalar\u0131q v\u0259 m\u0259hv olar\u0131q\u201d. O vaxtdan \u201cPirr q\u0259l\u0259b\u0259si\u201d ifad\u0259si h\u0259dd\u0259n \u00e7ox baha ba\u015fa g\u0259lmi\u015f v\u0259 m\u0259\u011flubiyy\u0259t\u0259 b\u0259rab\u0259r q\u0259l\u0259b\u0259l\u0259r haqq\u0131nda i\u015fl\u0259nir.\n<\/p>\n<p>\n  C\u0259miyy\u0259td\u0259 \u00e7ox qeyri-populyar v\u0259 a\u015fa\u011f\u0131 reytinq\u0259 malik olan Arif Hac\u0131l\u0131n\u0131n partiyan\u0131n IX Qurultay\u0131nda ba\u015fqan se\u00e7kil\u0259rind\u0259ki q\u0259l\u0259b\u0259sini \u201cPirr q\u0259l\u0259b\u0259si\u201d adland\u0131rard\u0131m. Bu m\u00fcxalif\u0259t partiyas\u0131n\u0131n ba\u015fqanl\u0131\u011f\u0131na namiz\u0259dl\u0259rin se\u00e7kiqaba\u011f\u0131 t\u0259bli\u011fat kampaniyas\u0131n\u0131 b\u00fct\u00fcn c\u0259miyy\u0259t izl\u0259yirdi. Bir s\u0131ra reytinqli internet telekanallar\u0131n\u0131n ke\u00e7irdiyi interaktiv sor\u011fular\u0131n n\u0259tic\u0259l\u0259rin\u0259 g\u00f6r\u0259, Az\u0259rbaycan m\u00fcxalif\u0259tinin \u0259n parlaq liderl\u0259rind\u0259n biri olan Tof\u0131q Yaqublu r\u0259qibl\u0259rind\u0259n \u00f6l\u00e7\u00fcy\u0259g\u0259lm\u0259z d\u0259r\u0259c\u0259d\u0259 \u00fcst\u00fcn idi. B\u0259s, bel\u0259 bir \u015f\u0259raitd\u0259, bu, nec\u0259 ba\u015f verdi? Nec\u0259 oldu ki, c\u0259miyy\u0259tin Tofiq Yaqubluya bu q\u0259d\u0259r g\u00fccl\u00fc d\u0259st\u0259k verm\u0259sinin Arif Hac\u0131l\u0131 v\u0259 qurultay n\u00fcmay\u0259nd\u0259l\u0259ri \u00fc\u00e7\u00fcn he\u00e7 bir \u0259h\u0259miyy\u0259ti olmad\u0131? \u0130ctimai r\u0259y\u0259 bu q\u0259d\u0259r say\u011f\u0131s\u0131zl\u0131q ed\u0259r\u0259k, dar korporativ partiya maraqlar\u0131n\u0131 \u00fcst\u00fcn tutma\u011f\u0131 nec\u0259 ba\u015fa d\u00fc\u015f\u0259k? \u018fg\u0259r c\u0259miyy\u0259tin m\u00f6vqeyin\u0259 m\u0259h\u0259l qoymursunuzsa, parlament v\u0259 prezident se\u00e7kil\u0259rind\u0259, mitinql\u0259rinizd\u0259 c\u0259miyy\u0259td\u0259n nec\u0259 d\u0259st\u0259k ist\u0259y\u0259c\u0259ksiniz?\n<\/p>\n<figure class=\"wp-block-image size-large\">\n  <img decoding=\"async\" src=\"https:\/\/www.meydan.tv\/az\/73539180_3244533082287167_6451174778492420096_n-jpg\/\" alt=\"73539180_3244533082287167_6451174778492420096_n.jpg\" class=\"wp-image-131321\"\/><figcaption>\n    M\u00fcsavat Partiyas\u0131n\u0131n qurultay\u0131ndan<br \/>\n  <\/figcaption><\/figure>\n<p>\n  M\u0259n yunan \u00e7ar\u0131 Pirrin \u0259hvalat\u0131n\u0131 t\u0259sad\u00fcf\u0259n xat\u0131rlatmad\u0131m. Bel\u0259 ki, partiyan\u0131n IX Qurultay\u0131 m\u0259nd\u0259 v\u0259 Az\u0259rbaycan c\u0259miyy\u0259tiind\u0259 \u00e7ox a\u011f\u0131r t\u0259\u0259ss\u00fcrat yaratd\u0131. Demokratiya haqq\u0131nda dan\u0131\u015fa-dan\u0131\u015fa \u00f6z\u00fcm\u00fcz n\u0259 edirik? Bildiyiniz kimi \u201cdemokratiya\u201d yunan s\u00f6z\u00fcd\u00fcr v\u0259 m\u0259nas\u0131 xalq\u0131n hakimiyy\u0259ti dem\u0259kdir. Sad\u0259 bir sual yaran\u0131r, qeyri-populyar Arif Hac\u0131l\u0131n\u0131 m\u00fcdafi\u0259 ed\u0259n qurultay n\u00fcmay\u0259nd\u0259l\u0259ri bu xalq\u0131n ne\u00e7\u0259 faizini t\u0259msil edirdil\u0259r?\n<\/p>\n<p>\n  M\u0259nc\u0259, m\u00fcsavat\u00e7\u0131lar v\u0259 onlar\u0131n indiki kapitan\u0131n\u0131n ciddi-ciddi d\u00fc\u015f\u00fcnm\u0259li olduqlar\u0131 m\u0259s\u0259l\u0259 var. T\u0259qa\u00fcd\u0259 \u00e7\u0131xma\u011fa haz\u0131rla\u015fan kapitan Edvard Smit, \u00f6z\u00fcn\u00fcn sonuncu s\u0259f\u0259ri olmas\u0131 s\u0259b\u0259bind\u0259n aysberql\u0259r haqq\u0131nda edilmi\u015f yeddi x\u0259b\u0259rdarl\u0131\u011f\u0131 n\u0259z\u0259r\u0259 almad\u0131 v\u0259 tam s\u00fcr\u0259tl\u0259 ir\u0259lil\u0259y\u0259n \u201cTitanik\u201di buz da\u011f\u0131na \u00e7\u0131rpd\u0131.\n<\/p>\n<p>\n  H\u00f6rm\u0259tli m\u00fcsavat\u00e7\u0131lar, bu analogiya sizin \u00fc\u00e7\u00fcn yet\u0259rlidir, yoxsa, \u00f6z\u00fcn\u00fcz\u00fc el\u0259 aparacaqs\u0131n\u0131z ki, he\u00e7 n\u0259 ba\u015f verm\u0259yib v\u0259 yen\u0259 d\u0259 xalq\u0131n ad\u0131ndan dan\u0131\u015fma\u011fa davam ed\u0259c\u0259ksiniz? Bu yerd\u0259 Avraam Linkolnun bir frazas\u0131n\u0131 xat\u0131rlamaq yerin\u0259 d\u00fc\u015f\u0259r: \u201cXalq\u0131n bir hiss\u0259sini h\u0259mi\u015f\u0259, b\u00fct\u00fcn xalq\u0131 bir m\u00fcdd\u0259t\u0259 aldatmaq m\u00fcmk\u00fcnd\u00fcr, amma b\u00fct\u00fcn xalq\u0131 h\u0259mi\u015f\u0259 aldatmaq m\u00fcmk\u00fcn deyil\u201d.<\/p>\n","protected":false},"excerpt":{"rendered":"<p>M\u0259nc\u0259, m\u00fcsavat\u00e7\u0131lar v\u0259 onlar\u0131n indiki kapitan\u0131n\u0131n ciddi-ciddi d\u00fc\u015f\u00fcnm\u0259li olduqlar\u0131 m\u0259s\u0259l\u0259 var<\/p>\n","protected":false},"author":11,"featured_media":99217,"comment_status":"closed","ping_status":"open","sticky":false,"template":"","format":"standard","meta":{"_acf_changed":false,"_sitemap_exclude":false,"_sitemap_priority":"","_sitemap_frequency":"","footnotes":""},"categories":[57],"tags":[],"class_list":["post-197440","post","type-post","status-publish","format-standard","has-post-thumbnail","hentry","category-menim-fikrimce","infinite-scroll-item","generate-columns","tablet-grid-50","mobile-grid-100","grid-parent","grid-33","no-featured-image-padding"],"acf":[],"yoast_head":"<!-- This site is optimized with the Yoast SEO plugin v27.4 - https:\/\/yoast.com\/product\/yoast-seo-wordpress\/ -->\n<title>Arif Hac\u0131l\u0131n\u0131n &quot;Pirr q\u0259l\u0259b\u0259si&quot; - MEYDAN.TV<\/title>\n<meta name=\"robots\" content=\"index, follow, max-snippet:-1, max-image-preview:large, max-video-preview:-1\" \/>\n<link rel=\"canonical\" href=\"https:\/\/www.meydan.tv\/az\/article\/arif-hacilinin-pirr-qelebesi\/\" \/>\n<meta property=\"og:locale\" content=\"az_AZ\" \/>\n<meta property=\"og:type\" content=\"article\" \/>\n<meta property=\"og:title\" content=\"Arif Hac\u0131l\u0131n\u0131n &quot;Pirr q\u0259l\u0259b\u0259si&quot; - MEYDAN.TV\" \/>\n<meta property=\"og:description\" content=\"M\u0259nc\u0259, m\u00fcsavat\u00e7\u0131lar v\u0259 onlar\u0131n indiki kapitan\u0131n\u0131n ciddi-ciddi d\u00fc\u015f\u00fcnm\u0259li olduqlar\u0131 m\u0259s\u0259l\u0259 var\" \/>\n<meta property=\"og:url\" content=\"https:\/\/www.meydan.tv\/az\/article\/arif-hacilinin-pirr-qelebesi\/\" \/>\n<meta property=\"og:site_name\" content=\"MEYDAN.TV\" \/>\n<meta property=\"article:published_time\" content=\"2019-10-14T16:22:14+00:00\" \/>\n<meta property=\"og:image\" content=\"https:\/\/www.meydan.tv\/wp-content\/uploads\/39250.jpg\" \/>\n\t<meta property=\"og:image:width\" content=\"640\" \/>\n\t<meta property=\"og:image:height\" content=\"358\" \/>\n\t<meta property=\"og:image:type\" content=\"image\/jpeg\" \/>\n<meta name=\"author\" content=\"user-manager\" \/>\n<meta name=\"twitter:card\" content=\"summary_large_image\" \/>\n<script type=\"application\/ld+json\" class=\"yoast-schema-graph\">{\"@context\":\"https:\\\/\\\/schema.org\",\"@graph\":[{\"@type\":\"Article\",\"@id\":\"https:\\\/\\\/www.meydan.tv\\\/az\\\/article\\\/arif-hacilinin-pirr-qelebesi\\\/#article\",\"isPartOf\":{\"@id\":\"https:\\\/\\\/www.meydan.tv\\\/az\\\/article\\\/arif-hacilinin-pirr-qelebesi\\\/\"},\"author\":{\"name\":\"user-manager\",\"@id\":\"https:\\\/\\\/www.meydan.tv\\\/az\\\/#\\\/schema\\\/person\\\/10d11eccf6da3662cf5fdab9806ea91a\"},\"headline\":\"Arif Hac\u0131l\u0131n\u0131n &#8220;Pirr q\u0259l\u0259b\u0259si&#8221;\",\"datePublished\":\"2019-10-14T16:22:14+00:00\",\"mainEntityOfPage\":{\"@id\":\"https:\\\/\\\/www.meydan.tv\\\/az\\\/article\\\/arif-hacilinin-pirr-qelebesi\\\/\"},\"wordCount\":578,\"publisher\":{\"@id\":\"https:\\\/\\\/www.meydan.tv\\\/az\\\/#organization\"},\"image\":{\"@id\":\"https:\\\/\\\/www.meydan.tv\\\/az\\\/article\\\/arif-hacilinin-pirr-qelebesi\\\/#primaryimage\"},\"thumbnailUrl\":\"https:\\\/\\\/www.meydan.tv\\\/wp-content\\\/uploads\\\/39250.jpg\",\"articleSection\":[\"M\u0259nim Fikrimc\u0259\"],\"inLanguage\":\"az\"},{\"@type\":\"WebPage\",\"@id\":\"https:\\\/\\\/www.meydan.tv\\\/az\\\/article\\\/arif-hacilinin-pirr-qelebesi\\\/\",\"url\":\"https:\\\/\\\/www.meydan.tv\\\/az\\\/article\\\/arif-hacilinin-pirr-qelebesi\\\/\",\"name\":\"Arif Hac\u0131l\u0131n\u0131n \\\"Pirr q\u0259l\u0259b\u0259si\\\" - MEYDAN.TV\",\"isPartOf\":{\"@id\":\"https:\\\/\\\/www.meydan.tv\\\/az\\\/#website\"},\"primaryImageOfPage\":{\"@id\":\"https:\\\/\\\/www.meydan.tv\\\/az\\\/article\\\/arif-hacilinin-pirr-qelebesi\\\/#primaryimage\"},\"image\":{\"@id\":\"https:\\\/\\\/www.meydan.tv\\\/az\\\/article\\\/arif-hacilinin-pirr-qelebesi\\\/#primaryimage\"},\"thumbnailUrl\":\"https:\\\/\\\/www.meydan.tv\\\/wp-content\\\/uploads\\\/39250.jpg\",\"datePublished\":\"2019-10-14T16:22:14+00:00\",\"breadcrumb\":{\"@id\":\"https:\\\/\\\/www.meydan.tv\\\/az\\\/article\\\/arif-hacilinin-pirr-qelebesi\\\/#breadcrumb\"},\"inLanguage\":\"az\",\"potentialAction\":[{\"@type\":\"ReadAction\",\"target\":[\"https:\\\/\\\/www.meydan.tv\\\/az\\\/article\\\/arif-hacilinin-pirr-qelebesi\\\/\"]}]},{\"@type\":\"ImageObject\",\"inLanguage\":\"az\",\"@id\":\"https:\\\/\\\/www.meydan.tv\\\/az\\\/article\\\/arif-hacilinin-pirr-qelebesi\\\/#primaryimage\",\"url\":\"https:\\\/\\\/www.meydan.tv\\\/wp-content\\\/uploads\\\/39250.jpg\",\"contentUrl\":\"https:\\\/\\\/www.meydan.tv\\\/wp-content\\\/uploads\\\/39250.jpg\",\"width\":640,\"height\":358,\"caption\":\"Source:\"},{\"@type\":\"BreadcrumbList\",\"@id\":\"https:\\\/\\\/www.meydan.tv\\\/az\\\/article\\\/arif-hacilinin-pirr-qelebesi\\\/#breadcrumb\",\"itemListElement\":[{\"@type\":\"ListItem\",\"position\":1,\"name\":\"Ana s\u0259hif\u0259\",\"item\":\"https:\\\/\\\/www.meydan.tv\\\/az\\\/\"},{\"@type\":\"ListItem\",\"position\":2,\"name\":\"M\u0259nim Fikrimc\u0259\",\"item\":\"https:\\\/\\\/www.meydan.tv\\\/az\\\/section\\\/menim-fikrimce\\\/\"},{\"@type\":\"ListItem\",\"position\":3,\"name\":\"Arif Hac\u0131l\u0131n\u0131n &#8220;Pirr q\u0259l\u0259b\u0259si&#8221;\"}]},{\"@type\":\"WebSite\",\"@id\":\"https:\\\/\\\/www.meydan.tv\\\/az\\\/#website\",\"url\":\"https:\\\/\\\/www.meydan.tv\\\/az\\\/\",\"name\":\"MEYDAN.TV\",\"description\":\"Meydan TV Az\u0259rbaycan\u0131n media m\u0259kan\u0131ndak\u0131 alternativ s\u0259sidir\",\"publisher\":{\"@id\":\"https:\\\/\\\/www.meydan.tv\\\/az\\\/#organization\"},\"potentialAction\":[{\"@type\":\"SearchAction\",\"target\":{\"@type\":\"EntryPoint\",\"urlTemplate\":\"https:\\\/\\\/www.meydan.tv\\\/az\\\/?s={search_term_string}\"},\"query-input\":{\"@type\":\"PropertyValueSpecification\",\"valueRequired\":true,\"valueName\":\"search_term_string\"}}],\"inLanguage\":\"az\"},{\"@type\":\"Organization\",\"@id\":\"https:\\\/\\\/www.meydan.tv\\\/az\\\/#organization\",\"name\":\"Meydan TV\",\"url\":\"https:\\\/\\\/www.meydan.tv\\\/az\\\/\",\"logo\":{\"@type\":\"ImageObject\",\"inLanguage\":\"az\",\"@id\":\"https:\\\/\\\/www.meydan.tv\\\/az\\\/#\\\/schema\\\/logo\\\/image\\\/\",\"url\":\"https:\\\/\\\/www.meydan.tv\\\/wp-content\\\/uploads\\\/2021\\\/07\\\/meydan-logo.svg\",\"contentUrl\":\"https:\\\/\\\/www.meydan.tv\\\/wp-content\\\/uploads\\\/2021\\\/07\\\/meydan-logo.svg\",\"width\":195,\"height\":46,\"caption\":\"Meydan TV\"},\"image\":{\"@id\":\"https:\\\/\\\/www.meydan.tv\\\/az\\\/#\\\/schema\\\/logo\\\/image\\\/\"}},{\"@type\":\"Person\",\"@id\":\"https:\\\/\\\/www.meydan.tv\\\/az\\\/#\\\/schema\\\/person\\\/10d11eccf6da3662cf5fdab9806ea91a\",\"name\":\"user-manager\"}]}<\/script>\n<!-- \/ Yoast SEO plugin. -->","yoast_head_json":{"title":"Arif Hac\u0131l\u0131n\u0131n \"Pirr q\u0259l\u0259b\u0259si\" - MEYDAN.TV","robots":{"index":"index","follow":"follow","max-snippet":"max-snippet:-1","max-image-preview":"max-image-preview:large","max-video-preview":"max-video-preview:-1"},"canonical":"https:\/\/www.meydan.tv\/az\/article\/arif-hacilinin-pirr-qelebesi\/","og_locale":"az_AZ","og_type":"article","og_title":"Arif Hac\u0131l\u0131n\u0131n \"Pirr q\u0259l\u0259b\u0259si\" - MEYDAN.TV","og_description":"M\u0259nc\u0259, m\u00fcsavat\u00e7\u0131lar v\u0259 onlar\u0131n indiki kapitan\u0131n\u0131n ciddi-ciddi d\u00fc\u015f\u00fcnm\u0259li olduqlar\u0131 m\u0259s\u0259l\u0259 var","og_url":"https:\/\/www.meydan.tv\/az\/article\/arif-hacilinin-pirr-qelebesi\/","og_site_name":"MEYDAN.TV","article_published_time":"2019-10-14T16:22:14+00:00","og_image":[{"width":640,"height":358,"url":"https:\/\/www.meydan.tv\/wp-content\/uploads\/39250.jpg","type":"image\/jpeg"}],"author":"user-manager","twitter_card":"summary_large_image","schema":{"@context":"https:\/\/schema.org","@graph":[{"@type":"Article","@id":"https:\/\/www.meydan.tv\/az\/article\/arif-hacilinin-pirr-qelebesi\/#article","isPartOf":{"@id":"https:\/\/www.meydan.tv\/az\/article\/arif-hacilinin-pirr-qelebesi\/"},"author":{"name":"user-manager","@id":"https:\/\/www.meydan.tv\/az\/#\/schema\/person\/10d11eccf6da3662cf5fdab9806ea91a"},"headline":"Arif Hac\u0131l\u0131n\u0131n &#8220;Pirr q\u0259l\u0259b\u0259si&#8221;","datePublished":"2019-10-14T16:22:14+00:00","mainEntityOfPage":{"@id":"https:\/\/www.meydan.tv\/az\/article\/arif-hacilinin-pirr-qelebesi\/"},"wordCount":578,"publisher":{"@id":"https:\/\/www.meydan.tv\/az\/#organization"},"image":{"@id":"https:\/\/www.meydan.tv\/az\/article\/arif-hacilinin-pirr-qelebesi\/#primaryimage"},"thumbnailUrl":"https:\/\/www.meydan.tv\/wp-content\/uploads\/39250.jpg","articleSection":["M\u0259nim Fikrimc\u0259"],"inLanguage":"az"},{"@type":"WebPage","@id":"https:\/\/www.meydan.tv\/az\/article\/arif-hacilinin-pirr-qelebesi\/","url":"https:\/\/www.meydan.tv\/az\/article\/arif-hacilinin-pirr-qelebesi\/","name":"Arif Hac\u0131l\u0131n\u0131n \"Pirr q\u0259l\u0259b\u0259si\" - MEYDAN.TV","isPartOf":{"@id":"https:\/\/www.meydan.tv\/az\/#website"},"primaryImageOfPage":{"@id":"https:\/\/www.meydan.tv\/az\/article\/arif-hacilinin-pirr-qelebesi\/#primaryimage"},"image":{"@id":"https:\/\/www.meydan.tv\/az\/article\/arif-hacilinin-pirr-qelebesi\/#primaryimage"},"thumbnailUrl":"https:\/\/www.meydan.tv\/wp-content\/uploads\/39250.jpg","datePublished":"2019-10-14T16:22:14+00:00","breadcrumb":{"@id":"https:\/\/www.meydan.tv\/az\/article\/arif-hacilinin-pirr-qelebesi\/#breadcrumb"},"inLanguage":"az","potentialAction":[{"@type":"ReadAction","target":["https:\/\/www.meydan.tv\/az\/article\/arif-hacilinin-pirr-qelebesi\/"]}]},{"@type":"ImageObject","inLanguage":"az","@id":"https:\/\/www.meydan.tv\/az\/article\/arif-hacilinin-pirr-qelebesi\/#primaryimage","url":"https:\/\/www.meydan.tv\/wp-content\/uploads\/39250.jpg","contentUrl":"https:\/\/www.meydan.tv\/wp-content\/uploads\/39250.jpg","width":640,"height":358,"caption":"Source:"},{"@type":"BreadcrumbList","@id":"https:\/\/www.meydan.tv\/az\/article\/arif-hacilinin-pirr-qelebesi\/#breadcrumb","itemListElement":[{"@type":"ListItem","position":1,"name":"Ana s\u0259hif\u0259","item":"https:\/\/www.meydan.tv\/az\/"},{"@type":"ListItem","position":2,"name":"M\u0259nim Fikrimc\u0259","item":"https:\/\/www.meydan.tv\/az\/section\/menim-fikrimce\/"},{"@type":"ListItem","position":3,"name":"Arif Hac\u0131l\u0131n\u0131n &#8220;Pirr q\u0259l\u0259b\u0259si&#8221;"}]},{"@type":"WebSite","@id":"https:\/\/www.meydan.tv\/az\/#website","url":"https:\/\/www.meydan.tv\/az\/","name":"MEYDAN.TV","description":"Meydan TV Az\u0259rbaycan\u0131n media m\u0259kan\u0131ndak\u0131 alternativ s\u0259sidir","publisher":{"@id":"https:\/\/www.meydan.tv\/az\/#organization"},"potentialAction":[{"@type":"SearchAction","target":{"@type":"EntryPoint","urlTemplate":"https:\/\/www.meydan.tv\/az\/?s={search_term_string}"},"query-input":{"@type":"PropertyValueSpecification","valueRequired":true,"valueName":"search_term_string"}}],"inLanguage":"az"},{"@type":"Organization","@id":"https:\/\/www.meydan.tv\/az\/#organization","name":"Meydan TV","url":"https:\/\/www.meydan.tv\/az\/","logo":{"@type":"ImageObject","inLanguage":"az","@id":"https:\/\/www.meydan.tv\/az\/#\/schema\/logo\/image\/","url":"https:\/\/www.meydan.tv\/wp-content\/uploads\/2021\/07\/meydan-logo.svg","contentUrl":"https:\/\/www.meydan.tv\/wp-content\/uploads\/2021\/07\/meydan-logo.svg","width":195,"height":46,"caption":"Meydan TV"},"image":{"@id":"https:\/\/www.meydan.tv\/az\/#\/schema\/logo\/image\/"}},{"@type":"Person","@id":"https:\/\/www.meydan.tv\/az\/#\/schema\/person\/10d11eccf6da3662cf5fdab9806ea91a","name":"user-manager"}]}},"_links":{"self":[{"href":"https:\/\/www.meydan.tv\/az\/wp-json\/wp\/v2\/posts\/197440","targetHints":{"allow":["GET"]}}],"collection":[{"href":"https:\/\/www.meydan.tv\/az\/wp-json\/wp\/v2\/posts"}],"about":[{"href":"https:\/\/www.meydan.tv\/az\/wp-json\/wp\/v2\/types\/post"}],"author":[{"embeddable":true,"href":"https:\/\/www.meydan.tv\/az\/wp-json\/wp\/v2\/users\/11"}],"replies":[{"embeddable":true,"href":"https:\/\/www.meydan.tv\/az\/wp-json\/wp\/v2\/comments?post=197440"}],"version-history":[{"count":0,"href":"https:\/\/www.meydan.tv\/az\/wp-json\/wp\/v2\/posts\/197440\/revisions"}],"wp:featuredmedia":[{"embeddable":true,"href":"https:\/\/www.meydan.tv\/az\/wp-json\/wp\/v2\/media\/99217"}],"wp:attachment":[{"href":"https:\/\/www.meydan.tv\/az\/wp-json\/wp\/v2\/media?parent=197440"}],"wp:term":[{"taxonomy":"category","embeddable":true,"href":"https:\/\/www.meydan.tv\/az\/wp-json\/wp\/v2\/categories?post=197440"},{"taxonomy":"post_tag","embeddable":true,"href":"https:\/\/www.meydan.tv\/az\/wp-json\/wp\/v2\/tags?post=197440"}],"curies":[{"name":"wp","href":"https:\/\/api.w.org\/{rel}","templated":true}]}}