{"id":197437,"date":"2019-10-14T14:49:02","date_gmt":"2019-10-14T14:49:02","guid":{"rendered":"https:\/\/www.meydan.tv\/article\/usaqlarini-qonsusu-saxlayan-aile\/"},"modified":"2019-10-14T14:49:02","modified_gmt":"2019-10-14T14:49:02","slug":"usaqlarini-qonsusu-saxlayan-aile","status":"publish","type":"post","link":"https:\/\/www.meydan.tv\/az\/article\/usaqlarini-qonsusu-saxlayan-aile\/","title":{"rendered":"U\u015faqlar\u0131n\u0131 qon\u015fusu saxlayan ail\u0259"},"content":{"rendered":"<p>\n  <i><br \/>\n    \u015eamax\u0131 sakini \u00e7\u00f6r\u0259k alma\u011fa pulu olmad\u0131\u011f\u0131n\u0131 deyir<br \/>\n  <\/i>\n<\/p>\n<p>\n  \u015eamax\u0131n\u0131n \u015e\u0259hriyar q\u0259s\u0259b\u0259sind\u0259 ya\u015fayan \u018fmin\u0259 S\u0259f\u0259rova \u00fc\u00e7 \u00f6vlad\u0131ndan \u0259n ki\u00e7iyini h\u0259yatda saxlamaq \u00fc\u00e7\u00fcn m\u00fcbariz\u0259 apar\u0131r. Dediyin\u0259 g\u00f6r\u0259, \u00fc\u00e7 ya\u015fl\u0131 q\u0131z\u0131 D\u0259niz \u00f6l\u00fcm aya\u011f\u0131ndad\u0131r.\n<\/p>\n<p>\n  <b><br \/>\n    \u201cQ\u0131zd\u0131rmas\u0131 qalxanda el\u0259 bilir\u0259m bu d\u0259qiq\u0259 \u00f6l\u0259c\u0259k\u201d<br \/>\n  <\/b>\n<\/p>\n<p>\n  D\u0259niz B\u0259birovan\u0131n s\u0259hh\u0259tind\u0259 problem bu ilin yaz\u0131nda ba\u015flay\u0131b. V\u0259r\u0259m meningitin\u0259 yoluxdu\u011fu m\u0259lum olub. H\u0259kiml\u0259r x\u0259st\u0259liyin ona day\u0131s\u0131ndan ke\u00e7diyini ehtimal edirl\u0259r. V\u0259r\u0259md\u0259n \u0259ziyy\u0259t \u00e7\u0259k\u0259n day\u0131 bu il 34 ya\u015f\u0131nda h\u0259yat\u0131n\u0131 itirib. \u018fmin\u0259 deyir ki, bel\u0259c\u0259 d\u0259rd d\u0259rd \u00fcst\u00fcn\u0259 g\u0259lib. Aylard\u0131r D\u0259nizi x\u0259st\u0259xanalar\u0131 g\u0259zdir\u0259r\u0259k h\u0259yatda saxlama\u011fa \u00e7al\u0131\u015f\u0131rlar. V\u0259ziyy\u0259ti \u00e7ox a\u011f\u0131rla\u015f\u0131b. Ba\u015f\u0131na maye y\u0131\u011f\u0131l\u0131b.\n<\/p>\n<p>\n  \u201cMaye vurub g\u00f6zl\u0259rini s\u0131radan \u00e7\u0131xar\u0131b. U\u015fa\u011f\u0131m he\u00e7 n\u0259 g\u00f6rm\u00fcr, dan\u0131\u015fm\u0131r. Daha h\u0259r\u0259k\u0259t d\u0259 el\u0259mir. N\u0259 \u0259lini t\u0259rp\u0259dir, n\u0259 d\u0259 aya\u011f\u0131n\u0131. El\u0259c\u0259 g\u00f6y\u0259 bax\u0131r. Y\u0259qin onun \u00fc\u00e7\u00fcn h\u0259r yer qaranl\u0131q oldu\u011fundan, bax\u0131\u015flar\u0131 bir istiqam\u0259t\u0259 y\u00f6n\u0259lib. K\u0259nar adam\u0131n s\u0259sini e\u015fid\u0259n kimi a\u011flay\u0131r\u201d, &#8211; \u018fmin\u0259 \u00f6z\u00fc d\u0259 a\u011flay\u0131r.\n<\/p>\n<p>\n  \u018fmin\u0259nin dediyin\u0259 g\u00f6r\u0259, D\u0259niz do\u011fulanda sa\u011flam olub. V\u0259r\u0259m\u0259 yoluxandan sonra zamanla s\u0131radan \u00e7\u0131x\u0131b: \u201c\u018fvv\u0259lc\u0259 dedil\u0259r ki, b\u0259lk\u0259 su \u00f6z-\u00f6z\u00fcn\u0259 \u00e7\u0259kil\u0259r. \u00c7\u0259kilm\u0259di, getdikc\u0259 v\u0259ziyy\u0259ti a\u011f\u0131rla\u015f\u0131r. H\u0259rd\u0259n q\u0131zd\u0131rmas\u0131 o q\u0259d\u0259r qalx\u0131r, el\u0259 bilir\u0259m bu d\u0259qiq\u0259 \u00f6l\u0259c\u0259k\u201d.\n<\/p>\n<p>\n  <b><br \/>\n    \u201cAptekd\u0259n nisy\u0259 d\u0259rman ist\u0259dim, verm\u0259dil\u0259r\u201d<br \/>\n  <\/b>\n<\/p>\n<p>\n  D\u0259nizin t\u0259cili \u0259m\u0259liyyata ehtiyac\u0131 var. Amma \u018fmin\u0259 \u00e7ox a\u011f\u0131r \u015f\u0259rtl\u0259r alt\u0131nda ya\u015fad\u0131qlar\u0131n\u0131, buna maddi g\u00fcc\u00fcn\u00fcn olmad\u0131\u011f\u0131n\u0131 bildirir. Onun dediyin\u0259 g\u00f6r\u0259, Respublika Neyroc\u0259rrahiyy\u0259 X\u0259st\u0259xanas\u0131n\u0131n h\u0259kiml\u0259ri u\u015fa\u011f\u0131n ba\u015f\u0131nda \u0259m\u0259liyyat h\u0259yata ke\u00e7irm\u0259y\u0259 haz\u0131rd\u0131r. Amma bunun \u00fc\u00e7\u00fcn 3 min manat ist\u0259yirl\u0259r.\n<\/p>\n<p>\n  \u201cBu q\u0259d\u0259r pulu he\u00e7 vaxt y\u0131\u011fa bilm\u0259y\u0259c\u0259yik. \u0130ndiy\u0259 q\u0259d\u0259r m\u00fcalic\u0259y\u0259 onsuz da \u00e7ox x\u0259rcimiz \u00e7\u0131x\u0131b. He\u00e7 bir yerd\u0259 i\u015fl\u0259mirik. H\u0259yat yolda\u015f\u0131m gedib orda-burda f\u0259hl\u0259lik el\u0259yir. G\u00fcn\u0259 5-6 manat qazan\u0131r. \u0130yn\u0259 yaz\u0131blar, 30 manatad\u0131, ala bilmirik. Adic\u0259 \u00e7\u00f6r\u0259k alma\u011fa pulumuz yoxdur. B\u0259z\u0259n \u00e7\u00f6r\u0259k \u00fc\u00e7\u00fcn hans\u0131sa x\u0259st\u0259nin \u00fcst\u00fcn\u0259 getmi\u015f\u0259m. Bu g\u00fcn d\u00fcy\u00fc supu vermi\u015f\u0259m u\u015fa\u011fa. Onu da m\u0259n bi\u015firm\u0259mi\u015f\u0259m, veribl\u0259r. O g\u00fcn d\u0259rman laz\u0131m oldu, pulum yox idi. Aptekd\u0259n nisy\u0259 ist\u0259dim, verm\u0259dil\u0259r\u201d, &#8211; \u018fmin\u0259 S\u0259f\u0259rova dan\u0131\u015f\u0131r.\n<\/p>\n<figure class=\"wp-block-image size-large\">\n  <img decoding=\"async\" src=\"https:\/\/www.meydan.tv\/az\/image_from_ios-5-jpg-57\/\" alt=\"image_from_ios (5).jpg\" class=\"wp-image-131312\"\/><figcaption>\n    \u018fmin\u0259 S\u0259f\u0259rova<br \/>\n  <\/figcaption><\/figure>\n<p>\n  <b><br \/>\n    \u201cQon\u015fu u\u015faqlar\u0131ma \u00f6z balas\u0131 kimi bax\u0131r\u201d<br \/>\n  <\/b>\n<\/p>\n<p>\n  Ail\u0259nin \u015eamax\u0131n\u0131n \u015e\u0259hriyar q\u0259s\u0259b\u0259sind\u0259ki evi nimda\u015f, g\u00f6r\u00fcn\u00fc\u015fc\u0259 yarars\u0131z v\u0259ziyy\u0259td\u0259dir. \u0130mkans\u0131zl\u0131qdan kommunal borclar\u0131 \u00f6d\u0259y\u0259 bilmirl\u0259r. Buna g\u00f6r\u0259 ev\u0259 t\u0259bii qaz verili\u015fi dayand\u0131r\u0131l\u0131b. Ail\u0259 sosial yard\u0131m da ala bilmir.\n<\/p>\n<p>\n  \u201cBe\u015f ayd\u0131r x\u0259st\u0259xanalar\u0131 g\u0259zirik, bir n\u0259f\u0259r qap\u0131n\u0131 d\u00f6y\u00fcb x\u0259b\u0259r bilm\u0259yib. He\u00e7 bac\u0131m, qarda\u015f\u0131m da g\u0259lmir. M\u0259n \u0259hd el\u0259m\u0259mi\u015fdim ki, u\u015fa\u011f\u0131m x\u0259st\u0259l\u0259nsin. Yalvar\u0131ram, k\u00f6m\u0259k el\u0259sinl\u0259r, u\u015fa\u011f\u0131m \u00f6l\u00fcr. Lap k\u00fc\u00e7\u0259d\u0259 d\u0259 ya\u015fayaram, birc\u0259 balam sa\u011fals\u0131n\u201d, &#8211; \u018fmin\u0259 dan\u0131\u015f\u0131r.\n<\/p>\n<p>\n  Ana deyir ki, x\u0259st\u0259xanalarda tibb bac\u0131lar\u0131 da onlardan \u0259lini \u00fcz\u00fcb, pulu olmad\u0131qlar\u0131n\u0131 bilirl\u0259r. Bak\u0131da olanda h\u0259yat yolda\u015f\u0131 m\u00fcxt\u0259lif yerl\u0259rd\u0259 f\u0259hl\u0259lik el\u0259yir, gec\u0259 g\u0259lib onlarla palatada qal\u0131r:\n<\/p>\n<p>\n  \u201cPalata yolda\u015f\u0131mdan s\u0259h\u0259r 1 manat borc al\u0131b onu f\u0259hl\u0259liy\u0259 g\u00f6nd\u0259rdiyim vaxt olub\u201d.\n<\/p>\n<p>\n  \u018fmin\u0259 utana-utana s\u00f6yl\u0259yir ki, m\u0259kt\u0259bli olan iki o\u011flunu qon\u015fusu saxlay\u0131r. Bunu dan\u0131\u015fandan sonra a\u011flama\u011fa ba\u015flay\u0131r. Sonra da qon\u015fusundan raz\u0131l\u0131q edir, \u201cu\u015faqlar\u0131ma \u00f6z balas\u0131 kimi bax\u0131r\u201d, &#8211; deyir.\n<\/p>\n<p>\n  S\u00f6hb\u0259ti o\u011flunun s\u00f6zl\u0259ri il\u0259 bitirir: \u201cO\u011flum o g\u00fcn deyir ki, ana, \u015falvar daha \u0259ynim\u0259 olmur&#8230;\u201d<\/p>\n","protected":false},"excerpt":{"rendered":"<p>Yalvar\u0131ram, k\u00f6m\u0259k el\u0259sinl\u0259r, u\u015fa\u011f\u0131m \u00f6l\u00fcr. Lap k\u00fc\u00e7\u0259d\u0259 d\u0259 ya\u015fayaram, birc\u0259 balam sa\u011fals\u0131n\u201d, &#8211; \u018fmin\u0259 dan\u0131\u015f\u0131r.<\/p>\n","protected":false},"author":11,"featured_media":131315,"comment_status":"closed","ping_status":"open","sticky":false,"template":"","format":"standard","meta":{"_acf_changed":false,"_sitemap_exclude":false,"_sitemap_priority":"","_sitemap_frequency":"","footnotes":""},"categories":[60],"tags":[],"class_list":["post-197437","post","type-post","status-publish","format-standard","has-post-thumbnail","hentry","category-bolge","infinite-scroll-item","generate-columns","tablet-grid-50","mobile-grid-100","grid-parent","grid-33","no-featured-image-padding"],"acf":[],"yoast_head":"<!-- This site is optimized with the Yoast SEO plugin v27.4 - https:\/\/yoast.com\/product\/yoast-seo-wordpress\/ -->\n<title>U\u015faqlar\u0131n\u0131 qon\u015fusu saxlayan ail\u0259 - MEYDAN.TV<\/title>\n<meta name=\"robots\" content=\"index, follow, max-snippet:-1, max-image-preview:large, max-video-preview:-1\" \/>\n<link rel=\"canonical\" href=\"https:\/\/www.meydan.tv\/az\/article\/usaqlarini-qonsusu-saxlayan-aile\/\" \/>\n<meta property=\"og:locale\" content=\"az_AZ\" \/>\n<meta property=\"og:type\" content=\"article\" \/>\n<meta property=\"og:title\" content=\"U\u015faqlar\u0131n\u0131 qon\u015fusu saxlayan ail\u0259 - MEYDAN.TV\" \/>\n<meta property=\"og:description\" content=\"Yalvar\u0131ram, k\u00f6m\u0259k el\u0259sinl\u0259r, u\u015fa\u011f\u0131m \u00f6l\u00fcr. Lap k\u00fc\u00e7\u0259d\u0259 d\u0259 ya\u015fayaram, birc\u0259 balam sa\u011fals\u0131n\u201d, - \u018fmin\u0259 dan\u0131\u015f\u0131r.\" \/>\n<meta property=\"og:url\" content=\"https:\/\/www.meydan.tv\/az\/article\/usaqlarini-qonsusu-saxlayan-aile\/\" \/>\n<meta property=\"og:site_name\" content=\"MEYDAN.TV\" \/>\n<meta property=\"article:published_time\" content=\"2019-10-14T14:49:02+00:00\" \/>\n<meta property=\"og:image\" content=\"https:\/\/www.meydan.tv\/wp-content\/uploads\/image_from_ios__2__yp9weng.jpg\" \/>\n\t<meta property=\"og:image:width\" content=\"1024\" \/>\n\t<meta property=\"og:image:height\" content=\"764\" \/>\n\t<meta property=\"og:image:type\" content=\"image\/jpeg\" \/>\n<meta name=\"author\" content=\"user-manager\" \/>\n<meta name=\"twitter:card\" content=\"summary_large_image\" \/>\n<script type=\"application\/ld+json\" class=\"yoast-schema-graph\">{\"@context\":\"https:\\\/\\\/schema.org\",\"@graph\":[{\"@type\":\"Article\",\"@id\":\"https:\\\/\\\/www.meydan.tv\\\/az\\\/article\\\/usaqlarini-qonsusu-saxlayan-aile\\\/#article\",\"isPartOf\":{\"@id\":\"https:\\\/\\\/www.meydan.tv\\\/az\\\/article\\\/usaqlarini-qonsusu-saxlayan-aile\\\/\"},\"author\":{\"name\":\"user-manager\",\"@id\":\"https:\\\/\\\/www.meydan.tv\\\/az\\\/#\\\/schema\\\/person\\\/10d11eccf6da3662cf5fdab9806ea91a\"},\"headline\":\"U\u015faqlar\u0131n\u0131 qon\u015fusu saxlayan ail\u0259\",\"datePublished\":\"2019-10-14T14:49:02+00:00\",\"mainEntityOfPage\":{\"@id\":\"https:\\\/\\\/www.meydan.tv\\\/az\\\/article\\\/usaqlarini-qonsusu-saxlayan-aile\\\/\"},\"wordCount\":789,\"publisher\":{\"@id\":\"https:\\\/\\\/www.meydan.tv\\\/az\\\/#organization\"},\"image\":{\"@id\":\"https:\\\/\\\/www.meydan.tv\\\/az\\\/article\\\/usaqlarini-qonsusu-saxlayan-aile\\\/#primaryimage\"},\"thumbnailUrl\":\"https:\\\/\\\/www.meydan.tv\\\/wp-content\\\/uploads\\\/image_from_ios__2__yp9weng.jpg\",\"articleSection\":[\"B\u00f6lg\u0259\"],\"inLanguage\":\"az\"},{\"@type\":\"WebPage\",\"@id\":\"https:\\\/\\\/www.meydan.tv\\\/az\\\/article\\\/usaqlarini-qonsusu-saxlayan-aile\\\/\",\"url\":\"https:\\\/\\\/www.meydan.tv\\\/az\\\/article\\\/usaqlarini-qonsusu-saxlayan-aile\\\/\",\"name\":\"U\u015faqlar\u0131n\u0131 qon\u015fusu saxlayan ail\u0259 - MEYDAN.TV\",\"isPartOf\":{\"@id\":\"https:\\\/\\\/www.meydan.tv\\\/az\\\/#website\"},\"primaryImageOfPage\":{\"@id\":\"https:\\\/\\\/www.meydan.tv\\\/az\\\/article\\\/usaqlarini-qonsusu-saxlayan-aile\\\/#primaryimage\"},\"image\":{\"@id\":\"https:\\\/\\\/www.meydan.tv\\\/az\\\/article\\\/usaqlarini-qonsusu-saxlayan-aile\\\/#primaryimage\"},\"thumbnailUrl\":\"https:\\\/\\\/www.meydan.tv\\\/wp-content\\\/uploads\\\/image_from_ios__2__yp9weng.jpg\",\"datePublished\":\"2019-10-14T14:49:02+00:00\",\"breadcrumb\":{\"@id\":\"https:\\\/\\\/www.meydan.tv\\\/az\\\/article\\\/usaqlarini-qonsusu-saxlayan-aile\\\/#breadcrumb\"},\"inLanguage\":\"az\",\"potentialAction\":[{\"@type\":\"ReadAction\",\"target\":[\"https:\\\/\\\/www.meydan.tv\\\/az\\\/article\\\/usaqlarini-qonsusu-saxlayan-aile\\\/\"]}]},{\"@type\":\"ImageObject\",\"inLanguage\":\"az\",\"@id\":\"https:\\\/\\\/www.meydan.tv\\\/az\\\/article\\\/usaqlarini-qonsusu-saxlayan-aile\\\/#primaryimage\",\"url\":\"https:\\\/\\\/www.meydan.tv\\\/wp-content\\\/uploads\\\/image_from_ios__2__yp9weng.jpg\",\"contentUrl\":\"https:\\\/\\\/www.meydan.tv\\\/wp-content\\\/uploads\\\/image_from_ios__2__yp9weng.jpg\",\"width\":1024,\"height\":764,\"caption\":\"Source: Specify Source\"},{\"@type\":\"BreadcrumbList\",\"@id\":\"https:\\\/\\\/www.meydan.tv\\\/az\\\/article\\\/usaqlarini-qonsusu-saxlayan-aile\\\/#breadcrumb\",\"itemListElement\":[{\"@type\":\"ListItem\",\"position\":1,\"name\":\"Ana s\u0259hif\u0259\",\"item\":\"https:\\\/\\\/www.meydan.tv\\\/az\\\/\"},{\"@type\":\"ListItem\",\"position\":2,\"name\":\"B\u00f6lg\u0259\",\"item\":\"https:\\\/\\\/www.meydan.tv\\\/az\\\/section\\\/bolge\\\/\"},{\"@type\":\"ListItem\",\"position\":3,\"name\":\"U\u015faqlar\u0131n\u0131 qon\u015fusu saxlayan ail\u0259\"}]},{\"@type\":\"WebSite\",\"@id\":\"https:\\\/\\\/www.meydan.tv\\\/az\\\/#website\",\"url\":\"https:\\\/\\\/www.meydan.tv\\\/az\\\/\",\"name\":\"MEYDAN.TV\",\"description\":\"Meydan TV Az\u0259rbaycan\u0131n media m\u0259kan\u0131ndak\u0131 alternativ s\u0259sidir\",\"publisher\":{\"@id\":\"https:\\\/\\\/www.meydan.tv\\\/az\\\/#organization\"},\"potentialAction\":[{\"@type\":\"SearchAction\",\"target\":{\"@type\":\"EntryPoint\",\"urlTemplate\":\"https:\\\/\\\/www.meydan.tv\\\/az\\\/?s={search_term_string}\"},\"query-input\":{\"@type\":\"PropertyValueSpecification\",\"valueRequired\":true,\"valueName\":\"search_term_string\"}}],\"inLanguage\":\"az\"},{\"@type\":\"Organization\",\"@id\":\"https:\\\/\\\/www.meydan.tv\\\/az\\\/#organization\",\"name\":\"Meydan TV\",\"url\":\"https:\\\/\\\/www.meydan.tv\\\/az\\\/\",\"logo\":{\"@type\":\"ImageObject\",\"inLanguage\":\"az\",\"@id\":\"https:\\\/\\\/www.meydan.tv\\\/az\\\/#\\\/schema\\\/logo\\\/image\\\/\",\"url\":\"https:\\\/\\\/www.meydan.tv\\\/wp-content\\\/uploads\\\/2021\\\/07\\\/meydan-logo.svg\",\"contentUrl\":\"https:\\\/\\\/www.meydan.tv\\\/wp-content\\\/uploads\\\/2021\\\/07\\\/meydan-logo.svg\",\"width\":195,\"height\":46,\"caption\":\"Meydan TV\"},\"image\":{\"@id\":\"https:\\\/\\\/www.meydan.tv\\\/az\\\/#\\\/schema\\\/logo\\\/image\\\/\"}},{\"@type\":\"Person\",\"@id\":\"https:\\\/\\\/www.meydan.tv\\\/az\\\/#\\\/schema\\\/person\\\/10d11eccf6da3662cf5fdab9806ea91a\",\"name\":\"user-manager\"}]}<\/script>\n<!-- \/ Yoast SEO plugin. -->","yoast_head_json":{"title":"U\u015faqlar\u0131n\u0131 qon\u015fusu saxlayan ail\u0259 - MEYDAN.TV","robots":{"index":"index","follow":"follow","max-snippet":"max-snippet:-1","max-image-preview":"max-image-preview:large","max-video-preview":"max-video-preview:-1"},"canonical":"https:\/\/www.meydan.tv\/az\/article\/usaqlarini-qonsusu-saxlayan-aile\/","og_locale":"az_AZ","og_type":"article","og_title":"U\u015faqlar\u0131n\u0131 qon\u015fusu saxlayan ail\u0259 - MEYDAN.TV","og_description":"Yalvar\u0131ram, k\u00f6m\u0259k el\u0259sinl\u0259r, u\u015fa\u011f\u0131m \u00f6l\u00fcr. Lap k\u00fc\u00e7\u0259d\u0259 d\u0259 ya\u015fayaram, birc\u0259 balam sa\u011fals\u0131n\u201d, - \u018fmin\u0259 dan\u0131\u015f\u0131r.","og_url":"https:\/\/www.meydan.tv\/az\/article\/usaqlarini-qonsusu-saxlayan-aile\/","og_site_name":"MEYDAN.TV","article_published_time":"2019-10-14T14:49:02+00:00","og_image":[{"width":1024,"height":764,"url":"https:\/\/www.meydan.tv\/wp-content\/uploads\/image_from_ios__2__yp9weng.jpg","type":"image\/jpeg"}],"author":"user-manager","twitter_card":"summary_large_image","schema":{"@context":"https:\/\/schema.org","@graph":[{"@type":"Article","@id":"https:\/\/www.meydan.tv\/az\/article\/usaqlarini-qonsusu-saxlayan-aile\/#article","isPartOf":{"@id":"https:\/\/www.meydan.tv\/az\/article\/usaqlarini-qonsusu-saxlayan-aile\/"},"author":{"name":"user-manager","@id":"https:\/\/www.meydan.tv\/az\/#\/schema\/person\/10d11eccf6da3662cf5fdab9806ea91a"},"headline":"U\u015faqlar\u0131n\u0131 qon\u015fusu saxlayan ail\u0259","datePublished":"2019-10-14T14:49:02+00:00","mainEntityOfPage":{"@id":"https:\/\/www.meydan.tv\/az\/article\/usaqlarini-qonsusu-saxlayan-aile\/"},"wordCount":789,"publisher":{"@id":"https:\/\/www.meydan.tv\/az\/#organization"},"image":{"@id":"https:\/\/www.meydan.tv\/az\/article\/usaqlarini-qonsusu-saxlayan-aile\/#primaryimage"},"thumbnailUrl":"https:\/\/www.meydan.tv\/wp-content\/uploads\/image_from_ios__2__yp9weng.jpg","articleSection":["B\u00f6lg\u0259"],"inLanguage":"az"},{"@type":"WebPage","@id":"https:\/\/www.meydan.tv\/az\/article\/usaqlarini-qonsusu-saxlayan-aile\/","url":"https:\/\/www.meydan.tv\/az\/article\/usaqlarini-qonsusu-saxlayan-aile\/","name":"U\u015faqlar\u0131n\u0131 qon\u015fusu saxlayan ail\u0259 - MEYDAN.TV","isPartOf":{"@id":"https:\/\/www.meydan.tv\/az\/#website"},"primaryImageOfPage":{"@id":"https:\/\/www.meydan.tv\/az\/article\/usaqlarini-qonsusu-saxlayan-aile\/#primaryimage"},"image":{"@id":"https:\/\/www.meydan.tv\/az\/article\/usaqlarini-qonsusu-saxlayan-aile\/#primaryimage"},"thumbnailUrl":"https:\/\/www.meydan.tv\/wp-content\/uploads\/image_from_ios__2__yp9weng.jpg","datePublished":"2019-10-14T14:49:02+00:00","breadcrumb":{"@id":"https:\/\/www.meydan.tv\/az\/article\/usaqlarini-qonsusu-saxlayan-aile\/#breadcrumb"},"inLanguage":"az","potentialAction":[{"@type":"ReadAction","target":["https:\/\/www.meydan.tv\/az\/article\/usaqlarini-qonsusu-saxlayan-aile\/"]}]},{"@type":"ImageObject","inLanguage":"az","@id":"https:\/\/www.meydan.tv\/az\/article\/usaqlarini-qonsusu-saxlayan-aile\/#primaryimage","url":"https:\/\/www.meydan.tv\/wp-content\/uploads\/image_from_ios__2__yp9weng.jpg","contentUrl":"https:\/\/www.meydan.tv\/wp-content\/uploads\/image_from_ios__2__yp9weng.jpg","width":1024,"height":764,"caption":"Source: Specify Source"},{"@type":"BreadcrumbList","@id":"https:\/\/www.meydan.tv\/az\/article\/usaqlarini-qonsusu-saxlayan-aile\/#breadcrumb","itemListElement":[{"@type":"ListItem","position":1,"name":"Ana s\u0259hif\u0259","item":"https:\/\/www.meydan.tv\/az\/"},{"@type":"ListItem","position":2,"name":"B\u00f6lg\u0259","item":"https:\/\/www.meydan.tv\/az\/section\/bolge\/"},{"@type":"ListItem","position":3,"name":"U\u015faqlar\u0131n\u0131 qon\u015fusu saxlayan ail\u0259"}]},{"@type":"WebSite","@id":"https:\/\/www.meydan.tv\/az\/#website","url":"https:\/\/www.meydan.tv\/az\/","name":"MEYDAN.TV","description":"Meydan TV Az\u0259rbaycan\u0131n media m\u0259kan\u0131ndak\u0131 alternativ s\u0259sidir","publisher":{"@id":"https:\/\/www.meydan.tv\/az\/#organization"},"potentialAction":[{"@type":"SearchAction","target":{"@type":"EntryPoint","urlTemplate":"https:\/\/www.meydan.tv\/az\/?s={search_term_string}"},"query-input":{"@type":"PropertyValueSpecification","valueRequired":true,"valueName":"search_term_string"}}],"inLanguage":"az"},{"@type":"Organization","@id":"https:\/\/www.meydan.tv\/az\/#organization","name":"Meydan TV","url":"https:\/\/www.meydan.tv\/az\/","logo":{"@type":"ImageObject","inLanguage":"az","@id":"https:\/\/www.meydan.tv\/az\/#\/schema\/logo\/image\/","url":"https:\/\/www.meydan.tv\/wp-content\/uploads\/2021\/07\/meydan-logo.svg","contentUrl":"https:\/\/www.meydan.tv\/wp-content\/uploads\/2021\/07\/meydan-logo.svg","width":195,"height":46,"caption":"Meydan TV"},"image":{"@id":"https:\/\/www.meydan.tv\/az\/#\/schema\/logo\/image\/"}},{"@type":"Person","@id":"https:\/\/www.meydan.tv\/az\/#\/schema\/person\/10d11eccf6da3662cf5fdab9806ea91a","name":"user-manager"}]}},"_links":{"self":[{"href":"https:\/\/www.meydan.tv\/az\/wp-json\/wp\/v2\/posts\/197437","targetHints":{"allow":["GET"]}}],"collection":[{"href":"https:\/\/www.meydan.tv\/az\/wp-json\/wp\/v2\/posts"}],"about":[{"href":"https:\/\/www.meydan.tv\/az\/wp-json\/wp\/v2\/types\/post"}],"author":[{"embeddable":true,"href":"https:\/\/www.meydan.tv\/az\/wp-json\/wp\/v2\/users\/11"}],"replies":[{"embeddable":true,"href":"https:\/\/www.meydan.tv\/az\/wp-json\/wp\/v2\/comments?post=197437"}],"version-history":[{"count":0,"href":"https:\/\/www.meydan.tv\/az\/wp-json\/wp\/v2\/posts\/197437\/revisions"}],"wp:featuredmedia":[{"embeddable":true,"href":"https:\/\/www.meydan.tv\/az\/wp-json\/wp\/v2\/media\/131315"}],"wp:attachment":[{"href":"https:\/\/www.meydan.tv\/az\/wp-json\/wp\/v2\/media?parent=197437"}],"wp:term":[{"taxonomy":"category","embeddable":true,"href":"https:\/\/www.meydan.tv\/az\/wp-json\/wp\/v2\/categories?post=197437"},{"taxonomy":"post_tag","embeddable":true,"href":"https:\/\/www.meydan.tv\/az\/wp-json\/wp\/v2\/tags?post=197437"}],"curies":[{"name":"wp","href":"https:\/\/api.w.org\/{rel}","templated":true}]}}