{"id":197428,"date":"2019-10-13T08:10:17","date_gmt":"2019-10-13T08:10:17","guid":{"rendered":"https:\/\/www.meydan.tv\/article\/goranboyda-doyulen-qadin-meni-atin-arxasina-baglamadilar-ancaq\/"},"modified":"2019-10-13T08:10:17","modified_gmt":"2019-10-13T08:10:17","slug":"goranboyda-doyulen-qadin-meni-atin-arxasina-baglamadilar-ancaq","status":"publish","type":"post","link":"https:\/\/www.meydan.tv\/az\/article\/goranboyda-doyulen-qadin-meni-atin-arxasina-baglamadilar-ancaq\/","title":{"rendered":"Goranboyda d\u00f6y\u00fcl\u0259n qad\u0131n: M\u0259ni at\u0131n arxas\u0131na ba\u011flamad\u0131lar, ancaq&#8230;"},"content":{"rendered":"<p>\n  <i><br \/>\n    Qon\u015fusunu d\u00f6ym\u0259kd\u0259 g\u00fcnahland\u0131r\u0131lan \u015f\u0259xsl\u0259r h\u0259bs olunmay\u0131b<br \/>\n  <\/i>\n<\/p>\n<p>\n  \u201cM\u0259n yalan dan\u0131\u015fa bilm\u0259r\u0259m. Yox, m\u0259ni at\u0131n arxas\u0131na ba\u011flay\u0131b s\u00fcr\u00fcm\u0259yibl\u0259r. Ancaq \u0259limi-qolumu k\u0259ndirl\u0259yib, arxa at\u0131blar, k\u00fc\u00e7\u0259d\u0259 s\u00fcr\u00fcy\u00fcb, a\u011facla d\u00f6y\u00fcbl\u0259r. Ba\u015f\u0131ma, b\u0259d\u0259nim\u0259 o q\u0259d\u0259r vurublar ki, a\u011fr\u0131dan t\u0259rp\u0259n\u0259 bilmir\u0259m\u201d.\n<\/p>\n<p>\n  Goranboyun \u018flirzal\u0131 k\u0259ndinin sakini 35 ya\u015fl\u0131 Sahil\u0259 \u018fl\u0259kb\u0259rova bel\u0259 deyir. Bildirir ki, onun ba\u015f\u0131na bu oyunu a\u00e7anlar evl\u0259rind\u0259 rahat oturub, o is\u0259 x\u0259st\u0259xanada yat\u0131r.\n<\/p>\n<p>\n  <a href=\"https:\/\/www.meydan.tv\/az\/article\/goranboyda-qadinin-ata-baglayib-yerle-surudulmesi-bildirilir\/?ref=search\"><br \/>\n    Oktyabr\u0131n 10-da<br \/>\n  <\/a><br \/>\n  Goranboyun \u018flirzal\u0131 k\u0259ndind\u0259 Sahil\u0259 R\u00fcst\u0259movan\u0131n qon\u015fusu Firduz D\u0259mirova t\u0259r\u0259find\u0259n d\u00f6y\u00fclm\u0259si x\u0259b\u0259ri yay\u0131lm\u0131\u015fd\u0131. Bildirilirdi ki, Firduz D\u0259mirova qad\u0131na el\u0259 x\u0259sar\u0259tl\u0259r yetirib ki, o, a\u011f\u0131r k\u0259ll\u0259-beyin travmas\u0131 alaraq Goranboy Rayon M\u0259rk\u0259zi X\u0259st\u0259xanas\u0131na yerl\u0259\u015fdirilib.\n<\/p>\n<p>\n  Sahil\u0259 \u018fl\u0259kb\u0259rova olanlar\u0131 tam xat\u0131rlam\u0131r. Deyir, g\u00f6z\u00fcn\u00fc x\u0259st\u0259xanada a\u00e7\u0131b. B\u0259zi detallar sonradan yad\u0131na d\u00fc\u015f\u00fcb:\n<\/p>\n<p>\n  \u201cBir ne\u00e7\u0259 g\u00fcn idi ki, at\u0131m\u0131z yoxa \u00e7\u0131xm\u0131\u015fd\u0131. B\u00f6y\u00fck o\u011flum m\u0259kt\u0259b\u0259 ged\u0259nd\u0259 g\u00f6r\u00fcb ki, at\u0131m\u0131z qon\u015fu Firduzgilin h\u0259y\u0259tind\u0259dir. M\u0259n\u0259 dedi. Yolda\u015f\u0131ma x\u0259b\u0259r g\u00f6nd\u0259rdim. Qay\u0131td\u0131 ki, g\u0259l\u0259nd\u0259 \u00f6z\u00fcm gedib g\u0259tir\u0259r\u0259m. M\u0259n d\u0259 bu ail\u0259nin bir az q\u0259rib\u0259 oldu\u011funu bilirdim. D\u00fc\u015f\u00fcnd\u00fcm ki, yolda\u015f\u0131m gets\u0259, dava salarlar. N\u0259 is\u0259 d\u00f6zm\u0259dim, 5 ya\u015fl\u0131 u\u015fa\u011f\u0131mla birg\u0259 \u00f6z\u00fcm getdim. \u0130ndiy\u0259 q\u0259d\u0259r h\u0259r hans\u0131 \u0259dav\u0259timiz olmam\u0131\u015fd\u0131. Qap\u0131lar\u0131na yax\u0131nla\u015fana yax\u0131n g\u00f6rd\u00fcl\u0259r m\u0259n g\u0259lir\u0259m, at\u0131 sald\u0131lar i\u00e7\u0259ri. Dedim ki, b\u0259s bizim at\u0131m\u0131z sizin qap\u0131ya g\u0259lib, g\u00f6t\u00fcrm\u0259y\u0259 g\u0259lmi\u015f\u0259m. El\u0259 bu vaxt q\u0131z\u0131 il\u0259 \u00fcst\u00fcm\u0259 cumdular. \u018flb\u0259yaxa g\u0259ldik. Q\u0131z\u0131, o\u011flu v\u0259 Firduz m\u0259ni yer\u0259 y\u0131x\u0131b d\u00f6ym\u0259y\u0259 ba\u015flad\u0131. Ba\u015f\u0131ma, b\u0259d\u0259nim\u0259 a\u011facla x\u0259sar\u0259t yetirdil\u0259r. M\u0259n y\u0131x\u0131ld\u0131m yer\u0259. Q\u0131z\u0131 dedi ki, mama, \u00f6ld\u00fc, ged\u0259k daha. Dedi: \u201cn\u0259 dan\u0131\u015f\u0131rsan, g\u00f6r m\u0259n bu it q\u0131z\u0131n\u0131 n\u0259 ed\u0259c\u0259y\u0259m\u201d. Sonra \u0259limi-aya\u011f\u0131m\u0131 ba\u011flay\u0131b arxa sald\u0131lar. Orda da xeyli d\u00f6y\u0259nd\u0259 o\u011flum y\u00fcy\u00fcrd\u00fc ki, k\u00f6m\u0259k \u00e7a\u011f\u0131rs\u0131n. Onun arxas\u0131nca qa\u00e7d\u0131lar ki, tutalar. Sonradan bildim ki, onun da qolunu burublar\u201d.\n<\/p>\n<figure class=\"wp-block-image size-large\">\n  <img decoding=\"async\" src=\"https:\/\/www.meydan.tv\/az\/image_from_ios-4-jpg-73\/\" alt=\"image_from_ios (4).jpg\" class=\"wp-image-131222\"\/><figcaption>\n    Sahil\u0259 \u018fl\u0259kb\u0259rova<br \/>\n  <\/figcaption><\/figure>\n<p>\n  Sahil\u0259 \u018fl\u0259kb\u0259rova deyir ki, bundan sonra olanlar\u0131n \u00e7oxunu xat\u0131rlam\u0131r. Ba\u015f\u0131na vurulan z\u0259rb\u0259d\u0259n sonra hu\u015funu itirib:\n<\/p>\n<p>\n  \u201cSonradan bildim ki, qon\u015fular t\u00f6k\u00fcl\u00fcb, m\u0259nim \u0259limi a\u00e7\u0131blar. Qon\u015fular olmasayd\u0131lar, bel\u0259 ba\u015fa d\u00fc\u015fd\u00fcm ki, m\u0259ni \u00f6ld\u00fcr\u0259rdil\u0259r. Allah onlardan raz\u0131 olsun. N\u0259 q\u0259d\u0259r suyun i\u00e7ind\u0259 qalm\u0131\u015fam bilmir\u0259m, b\u00f6yr\u0259kl\u0259rim, h\u0259r yerim a\u011fr\u0131y\u0131r.\n<\/p>\n<p>\n  H\u0259m \u00e7ox pis soyuqlam\u0131\u015fam, h\u0259m d\u0259 z\u0259rb\u0259l\u0259rd\u0259n birt\u0259h\u0259r olmu\u015fam. Pal\u00e7\u0131\u011f\u0131n, suyun i\u00e7ind\u0259 g\u0259tiribl\u0259r m\u0259ni x\u0259st\u0259xanaya. \u018fll\u0259ri yetdiyi h\u0259r yerim\u0259 x\u0259sar\u0259t yetiribl\u0259r. \u0130lk d\u0259f\u0259dir m\u0259nim ba\u015f\u0131ma bel\u0259 i\u015f g\u0259lir. \u00d6mr\u00fcmd\u0259 m\u0259ni bu c\u00fcr \u0259zi\u015fdir\u0259n olmam\u0131\u015fd\u0131\u201d.\n<\/p>\n<p>\n  Sahil\u0259 \u018fl\u0259kb\u0259rovan\u0131n h\u0259yat yolda\u015f\u0131 Xaliq Bayramov bu q\u0259d\u0259r haqq-hesabdan sonra onlar\u0131n he\u00e7 birinin m\u0259suliyy\u0259t\u0259 c\u0259lb edilm\u0259m\u0259sind\u0259n narahatd\u0131r. Deyir, d\u00fcn\u0259n d\u0259 x\u0259st\u0259xanada g\u00f6r\u00fcbl\u0259r onlar\u0131. N\u0259y\u0259 g\u0259ldikl\u0259rini bil\u0259n yoxdur:\n<\/p>\n<p>\n  \u201cM\u0259n i\u015fd\u0259 olmu\u015fam, qay\u0131nanam burada olub. Yolda\u015f\u0131m qorxusundan anas\u0131na yalvar\u0131b ki, getm\u0259sin, yan\u0131nda qals\u0131n. Bel\u0259 d\u0259 \u015fey olar? Onlar\u0131n yeri h\u0259bsxanad\u0131r, bura deyil ax\u0131. N\u0259 i\u015fl\u0259ri var \u00e7\u00f6ld\u0259, h\u0259l\u0259 bir x\u0259st\u0259xanayacan g\u0259lib \u00e7\u0131x\u0131blar? B\u00fct\u00fcn qon\u015fular, k\u0259nd onlar\u0131n \u0259lind\u0259n bezib. Biz is\u0259 kas\u0131b adamlar\u0131q, g\u00fccl\u0259 dolan\u0131r\u0131q, kims\u0259yl\u0259 i\u015fimiz yoxdur. Bu n\u0259 i\u015f idi ba\u015f\u0131m\u0131za g\u0259tirdil\u0259r, bilmir\u0259m\u201d.\n<\/p>\n<figure class=\"wp-block-image size-large\">\n  <img decoding=\"async\" src=\"https:\/\/www.meydan.tv\/az\/image_from_ios-5-jpg-56\/\" alt=\"image_from_ios (5).jpg\" class=\"wp-image-131228\"\/><figcaption>\n    D\u00f6y\u00fcl\u0259n qad\u0131n\u0131n h\u0259yat yolda\u015f\u0131 Xaliq Bayramov<br \/>\n  <\/figcaption><\/figure>\n<p>\n  Xaliq Bayramov deyir ki, g\u00f6r\u00fcn\u00fcr, onlar polis\u0259 i\u015fl\u0259yirl\u0259r, yoxsa niy\u0259 onlara he\u00e7 n\u0259 dey\u0259n olmay\u0131b:\n<\/p>\n<p>\n  \u201cOnun bunun mal-heyvan\u0131n\u0131 otar\u0131b, dolan\u0131r\u0131q. 2 azya\u015fl\u0131 u\u015fa\u011f\u0131m\u0131z var, 5 manata bax\u0131r\u0131q. G\u00f6r\u00fcn bizi n\u0259 q\u0259d\u0259r x\u0259rc\u0259-z\u00fclm\u0259 sald\u0131lar. Bu, azm\u0131\u015f kimi h\u0259l\u0259 bir h\u0259yat yolda\u015f\u0131m t\u0259rp\u0259n\u0259 d\u0259 bilmir. Deyir:\n<\/p>\n<p>\n  \u201cEl\u0259 bil b\u0259d\u0259nimi don vurub. He\u00e7 n\u0259 hiss etmir\u0259m\u201d. H\u0259r \u015fey bir yana qals\u0131n, bu q\u0259d\u0259r s\u00f6hb\u0259td\u0259n sonra niy\u0259 bu insanlar\u0131 h\u0259bs etm\u0259yibl\u0259r, m\u0259n\u0259 maraql\u0131d\u0131r\u201d.\n<\/p>\n<p>\n  Firduz D\u0259mirova v\u0259 u\u015faqlar\u0131ndan \u015fikay\u0259t\u00e7i olan t\u0259kc\u0259 Sahil\u0259 \u018fl\u0259kb\u0259rova deyil. K\u0259ndd\u0259 \u0259ks\u0259r sakinl\u0259r onlardan \u015fikay\u0259t\u00e7idir. K\u0259nd sakini G\u00fclt\u0259kin S\u0259f\u0259rova deyir ki, o ail\u0259 b\u00fct\u00fcn k\u0259ndin can\u0131n\u0131 bo\u011faz\u0131na y\u0131\u011f\u0131b:\n<\/p>\n<p>\n  \u201cO qad\u0131n\u0131n h\u0259l\u0259 normal m\u00fcnasib\u0259t qurdu\u011fu bir n\u0259f\u0259r adam yoxdur bu k\u0259ndd\u0259. Bir n\u0259f\u0259rl\u0259 normal yola getdiyi olmay\u0131b. Qon\u015fumu da 3 g\u00fcn \u0259vv\u0259l d\u00f6y\u00fcb, x\u0259st\u0259xanal\u0131q edibl\u0259r. \u00d6z\u00fc d\u0259 he\u00e7 n\u0259yin \u00fcst\u00fcnd\u0259. Bel\u0259 d\u0259 \u015fey olar? Harda g\u00f6r\u00fcl\u00fcb adam\u0131 d\u00f6y\u00fcb, \u00f6l\u00fcmc\u00fcl ed\u0259s\u0259n, ancaq he\u00e7 kim s\u0259n\u0259 \u201cg\u00f6z\u00fcn \u00fcstd\u0259 qa\u015f\u0131n var\u201d, &#8211; dem\u0259y\u0259?\u201d\n<\/p>\n<figure class=\"wp-block-image size-large\">\n  <img decoding=\"async\" src=\"https:\/\/www.meydan.tv\/az\/image_from_ios-7-jpg-29\/\" alt=\"image_from_ios (7).jpg\" class=\"wp-image-131231\"\/><figcaption>\n    G\u00fclt\u0259kin S\u0259f\u0259rova<br \/>\n  <\/figcaption><\/figure>\n<p>\n  Daha bir k\u0259nd sakini Cavid \u018fliyev is\u0259 deyir ki, Firduz D\u0259mirovan\u0131 ham\u0131 k\u0259ndd\u0259 \u015f\u0259r-x\u0259ta biri kimi tan\u0131y\u0131r. \u0130nsanlara olmayan yerd\u0259n \u015f\u0259r, b\u00f6htan at\u0131r, onlar\u0131 polisl\u0259 h\u0259d\u0259l\u0259yir:\n<\/p>\n<p>\n  \u201cG\u00f6r\u00fcn\u00fcr, polisl\u0259 h\u0259d\u0259l\u0259m\u0259si d\u0259 bo\u015funa deyilmi\u015f ki, o boyda qad\u0131n\u0131 d\u00f6y\u00fcb, x\u0259st\u0259xanal\u0131q etdi, amma polis ona he\u00e7 n\u0259 etm\u0259di. Faktiki i\u015f polisd\u0259di, ara\u015fd\u0131r\u0131l\u0131r. Ortada bu boyda fakt da var. B\u0259s bu adam niy\u0259 h\u0259bs edilm\u0259yib?\u201d\n<\/p>\n<figure class=\"wp-block-image size-large\">\n  <img decoding=\"async\" src=\"https:\/\/www.meydan.tv\/az\/image_from_ios-9-jpg-21\/\" alt=\"image_from_ios (9).jpg\" class=\"wp-image-131240\"\/><figcaption>\n    Cavid \u018fliyev<br \/>\n  <\/figcaption><\/figure>\n<p>\n  Sakinl\u0259rd\u0259n Rizvan Quliyev is\u0259 deyir ki, qon\u015fular\u0131 Firduz D\u0259mirova \u0259vv\u0259l bu q\u0259d\u0259r problemli biri olmay\u0131b. Son ill\u0259r ham\u0131 il\u0259 problem ya\u015fay\u0131r:\n<\/p>\n<p>\n  \u201cYan\u0131ndan ma\u015f\u0131nla ke\u00e7irs\u0259n, deyirs\u0259n, qon\u015fu, g\u0259l apar\u0131m, yolumun \u00fcst\u00fcd\u00fcr. Dey\u0259c\u0259k: \u201cm\u0259n\u0259 sata\u015fd\u0131\u201d. Yox, yan\u0131ndan ke\u00e7ib he\u00e7 n\u0259 demirs\u0259ns\u0259, bu d\u0259f\u0259 d\u0259 dey\u0259c\u0259k: \u201cm\u0259ni saymad\u0131, adam yerin\u0259 qoymad\u0131\u201d. Yoldan ke\u00e7\u0259ni d\u0259 polis\u0259 \u015fikay\u0259t edir, ona salam ver\u0259ni d\u0259, verm\u0259y\u0259ni d\u0259. Bel\u0259 bir \u015f\u0259r-x\u0259ta birin\u0259 \u00e7evrilib. B\u00fct\u00fcn k\u0259ndin can\u0131n\u0131 bo\u011faz\u0131na y\u0131\u011f\u0131b\u201d.\n<\/p>\n<figure class=\"wp-block-image size-large\">\n  <img decoding=\"async\" src=\"https:\/\/www.meydan.tv\/az\/image_from_ios-10-jpg-15\/\" alt=\"image_from_ios (10).jpg\" class=\"wp-image-131243\"\/><figcaption>\n    Rizvan Quliyev<br \/>\n  <\/figcaption><\/figure>\n<p>\n  Sakinl\u0259rd\u0259n N\u0259sib M\u0259mm\u0259dov da eyni \u015feyl\u0259ri deyir. Bildirir ki, Firduz D\u0259mirovan\u0131n \u015f\u0259rl\u0259yib, h\u0259bs etdirdiyi g\u0259nc var. Ona g\u00f6r\u0259 k\u0259nd sakinl\u0259ri d\u0259f\u0259l\u0259rl\u0259 aidiyyat\u0131 qurumlara gedibl\u0259r. Ancaq bir i\u015f\u0259 yaramay\u0131b:\n<\/p>\n<p>\n  \u201cBir m\u00fcdd\u0259t \u0259vv\u0259l k\u0259ndd\u0259n bir g\u0259nci \u015f\u0259rl\u0259yib, tutdurmu\u015fdu. D\u0259f\u0259l\u0259rl\u0259 aidiyyat\u0131 qurumlara getdik, dedik ki, \u0259slind\u0259 bel\u0259 olmay\u0131b. Ancaq faydas\u0131 yoxdur. Baxan da olmad\u0131. G\u00f6r\u00fcn\u00fcr, onlara Firduzun s\u00f6zl\u0259ri daha inand\u0131r\u0131c\u0131d\u0131r, ya da s\u0259rf edir, bilmir\u0259m\u201d.\n<\/p>\n<p>\n  K\u0259nd sakinl\u0259ri deyirl\u0259r ki, ya Firduz D\u0259mirova b\u00fct\u00fcn bu pis \u0259m\u0259ll\u0259rind\u0259n \u0259l \u00e7\u0259kib, q\u0131z\u0131 v\u0259 o\u011flu il\u0259 b\u0259rab\u0259r \u00f6z h\u0259yat\u0131n\u0131 ya\u015fas\u0131n, ya da k\u0259ndd\u0259n \u00e7\u0131x\u0131b getsin:\n<\/p>\n<figure class=\"wp-block-image size-large\">\n  <img decoding=\"async\" src=\"https:\/\/www.meydan.tv\/az\/image_from_ios-11-jpg-15\/\" alt=\"image_from_ios (11).jpg\" class=\"wp-image-131246\"\/><figcaption>\n    N\u0259sib M\u0259mm\u0259dov<br \/>\n  <\/figcaption><\/figure>\n<p>\n  \u201cBiz bel\u0259 bir insanla bir k\u0259ndd\u0259 ya\u015famaq ist\u0259mirik. \u0130nan\u0131n, bezmi\u015fik can\u0131m\u0131zdan. Ham\u0131n\u0131 can\u0131ndan, ya\u015fay\u0131\u015f\u0131ndan, h\u0259yat\u0131ndan bezdirib. Onsuz da a\u011f\u0131r olan h\u0259yat\u0131m\u0131z\u0131 daha da d\u00f6z\u00fclm\u0259z edib. Aidiyyat\u0131 qurumlardan xahi\u015f edirik, bizi bu insan\u0131n \u0259lind\u0259n qurtars\u0131n\u201d, &#8211; sakinl\u0259rd\u0259n Almaz Quliyeva bel\u0259 deyir.\n<\/p>\n<p>\n  Goranboy Rayon \u0130cra Hakimiyy\u0259tinin \u018flirzal\u0131 k\u0259nd icra n\u00fcmay\u0259nd\u0259si Nizadil H\u00fcseynov da Sahil\u0259 \u018fl\u0259kb\u0259rovan\u0131n ba\u015f\u0131na g\u0259l\u0259nl\u0259ri danmay\u0131b. O, Meydan TV-y\u0259 Sahil\u0259 \u018fl\u0259kb\u0259rovan\u0131n h\u0259qiq\u0259t\u0259n d\u0259 Firduz D\u0259mirova t\u0259r\u0259find\u0259n haqs\u0131z yer\u0259 d\u00f6y\u00fcld\u00fcy\u00fcn\u00fc s\u00f6yl\u0259yib:\n<\/p>\n<p>\n  \u201cBir az narahat insanlard\u0131r. N\u0259 bilim, g\u00f6r\u00fcrs\u00fcn\u00fcz, \u00e7oxu ondan \u015fikay\u0259t\u00e7idir. N\u0259 deyim, bilmir\u0259m, n\u0259s\u0259 dem\u0259k \u00e7\u0259tindir. Ka\u015f ki b\u00fct\u00fcn bunlar olmayayd\u0131. K\u0259ndimizin ad\u0131 xo\u015f olmayan hadis\u0259l\u0259rd\u0259 hallanmayayd\u0131. Ham\u0131m\u0131z \u00fc\u00e7\u00fcn a\u011f\u0131rd\u0131r\u201d.\n<\/p>\n<figure class=\"wp-block-image size-large\">\n  <img decoding=\"async\" src=\"https:\/\/www.meydan.tv\/az\/image_from_ios-8-jpg-23\/\" alt=\"image_from_ios (8).jpg\" class=\"wp-image-131237\"\/><figcaption>\n    Almaz Quliyeva<br \/>\n  <\/figcaption><\/figure>\n<p>\n  Meydan TV m\u0259s\u0259l\u0259y\u0259 Firduz D\u0259mirovadan m\u00fcnasib\u0259t \u00f6yr\u0259nm\u0259k ist\u0259s\u0259 d\u0259, m\u00fcmk\u00fcn olmay\u0131b. Onlardan kims\u0259 qap\u0131ya \u00e7\u0131x\u0131b, n\u0259s\u0259 dem\u0259k ist\u0259m\u0259yibl\u0259r.\n<\/p>\n<p>\n  Sahil\u0259 \u018fl\u0259kb\u0259rova is\u0259 haz\u0131rda Goranboy Rayon M\u0259rk\u0259zi X\u0259st\u0259xanas\u0131n\u0131n Travmatologiya \u015f\u00f6b\u0259sind\u0259 m\u00fcalic\u0259 al\u0131r. Onun v\u0259ziyy\u0259ti orta a\u011f\u0131rd\u0131r. U\u015faqlar\u0131na is\u0259 qay\u0131nanas\u0131 Marusa Bayramova bax\u0131r. O da b\u00fct\u00fcn olanlardan t\u0259\u0259ss\u00fcf hissi ke\u00e7irir:\n<\/p>\n<figure class=\"wp-block-image size-large\">\n  <img decoding=\"async\" src=\"https:\/\/www.meydan.tv\/az\/image_from_ios-6-jpg-45\/\" alt=\"image_from_ios (6).jpg\" class=\"wp-image-131234\"\/><figcaption>\n    Marusa Bayramova<br \/>\n  <\/figcaption><\/figure>\n<p>\n  \u201cBel\u0259 bir hal ya\u015fan\u0131bsa, g\u00fcnahkar c\u0259zas\u0131n\u0131 \u00e7\u0259km\u0259lidir. Daha k\u0259ndd\u0259 at oynatmamal\u0131d\u0131r. M\u0259n g\u0259lib n\u0259v\u0259l\u0259rim\u0259 bax\u0131ram. O\u011flum, g\u0259linim x\u0259st\u0259xanada, onlar is\u0259 kefd\u0259, damaqda. Olacaq i\u015f deyil\u201d.\n<\/p>\n<p>\n  Hadis\u0259 il\u0259 ba\u011fl\u0131 Goranboy Rayon Polis \u015e\u00f6b\u0259sind\u0259 i\u015f a\u00e7\u0131l\u0131b, ara\u015fd\u0131rma apar\u0131l\u0131r. Ancaq hadis\u0259ni t\u00f6r\u0259tm\u0259kd\u0259 \u015f\u00fcbh\u0259li bilin\u0259n \u015f\u0259xsl\u0259rd\u0259n kims\u0259 saxlan\u0131lmay\u0131b.<\/p>\n","protected":false},"excerpt":{"rendered":"<p>Ancaq hadis\u0259ni t\u00f6r\u0259tm\u0259kd\u0259 \u015f\u00fcbh\u0259li bilin\u0259n \u015f\u0259xsl\u0259rd\u0259n kims\u0259 saxlan\u0131lmay\u0131b.<\/p>\n","protected":false},"author":11,"featured_media":131225,"comment_status":"closed","ping_status":"open","sticky":false,"template":"","format":"standard","meta":{"_acf_changed":false,"_sitemap_exclude":false,"_sitemap_priority":"","_sitemap_frequency":"","footnotes":""},"categories":[60],"tags":[],"class_list":["post-197428","post","type-post","status-publish","format-standard","has-post-thumbnail","hentry","category-bolge","infinite-scroll-item","generate-columns","tablet-grid-50","mobile-grid-100","grid-parent","grid-33","no-featured-image-padding"],"acf":[],"yoast_head":"<!-- This site is optimized with the Yoast SEO plugin v27.5 - https:\/\/yoast.com\/product\/yoast-seo-wordpress\/ -->\n<title>Goranboyda d\u00f6y\u00fcl\u0259n qad\u0131n: M\u0259ni at\u0131n arxas\u0131na ba\u011flamad\u0131lar, ancaq... - MEYDAN.TV<\/title>\n<meta name=\"robots\" content=\"index, follow, max-snippet:-1, max-image-preview:large, max-video-preview:-1\" \/>\n<link rel=\"canonical\" href=\"https:\/\/www.meydan.tv\/az\/article\/goranboyda-doyulen-qadin-meni-atin-arxasina-baglamadilar-ancaq\/\" \/>\n<meta property=\"og:locale\" content=\"az_AZ\" \/>\n<meta property=\"og:type\" content=\"article\" \/>\n<meta property=\"og:title\" content=\"Goranboyda d\u00f6y\u00fcl\u0259n qad\u0131n: M\u0259ni at\u0131n arxas\u0131na ba\u011flamad\u0131lar, ancaq... - MEYDAN.TV\" \/>\n<meta property=\"og:description\" content=\"Ancaq hadis\u0259ni t\u00f6r\u0259tm\u0259kd\u0259 \u015f\u00fcbh\u0259li bilin\u0259n \u015f\u0259xsl\u0259rd\u0259n kims\u0259 saxlan\u0131lmay\u0131b.\" \/>\n<meta property=\"og:url\" content=\"https:\/\/www.meydan.tv\/az\/article\/goranboyda-doyulen-qadin-meni-atin-arxasina-baglamadilar-ancaq\/\" \/>\n<meta property=\"og:site_name\" content=\"MEYDAN.TV\" \/>\n<meta property=\"article:published_time\" content=\"2019-10-13T08:10:17+00:00\" \/>\n<meta property=\"og:image\" content=\"https:\/\/www.meydan.tv\/wp-content\/uploads\/image_from_ios_d1froel-scaled.jpg\" \/>\n\t<meta property=\"og:image:width\" content=\"2560\" \/>\n\t<meta property=\"og:image:height\" content=\"1920\" \/>\n\t<meta property=\"og:image:type\" content=\"image\/jpeg\" \/>\n<meta name=\"author\" content=\"user-manager\" \/>\n<meta name=\"twitter:card\" content=\"summary_large_image\" \/>\n<script type=\"application\/ld+json\" class=\"yoast-schema-graph\">{\"@context\":\"https:\\\/\\\/schema.org\",\"@graph\":[{\"@type\":\"Article\",\"@id\":\"https:\\\/\\\/www.meydan.tv\\\/az\\\/article\\\/goranboyda-doyulen-qadin-meni-atin-arxasina-baglamadilar-ancaq\\\/#article\",\"isPartOf\":{\"@id\":\"https:\\\/\\\/www.meydan.tv\\\/az\\\/article\\\/goranboyda-doyulen-qadin-meni-atin-arxasina-baglamadilar-ancaq\\\/\"},\"author\":{\"name\":\"user-manager\",\"@id\":\"https:\\\/\\\/www.meydan.tv\\\/az\\\/#\\\/schema\\\/person\\\/10d11eccf6da3662cf5fdab9806ea91a\"},\"headline\":\"Goranboyda d\u00f6y\u00fcl\u0259n qad\u0131n: M\u0259ni at\u0131n arxas\u0131na ba\u011flamad\u0131lar, ancaq&#8230;\",\"datePublished\":\"2019-10-13T08:10:17+00:00\",\"mainEntityOfPage\":{\"@id\":\"https:\\\/\\\/www.meydan.tv\\\/az\\\/article\\\/goranboyda-doyulen-qadin-meni-atin-arxasina-baglamadilar-ancaq\\\/\"},\"wordCount\":1775,\"publisher\":{\"@id\":\"https:\\\/\\\/www.meydan.tv\\\/az\\\/#organization\"},\"image\":{\"@id\":\"https:\\\/\\\/www.meydan.tv\\\/az\\\/article\\\/goranboyda-doyulen-qadin-meni-atin-arxasina-baglamadilar-ancaq\\\/#primaryimage\"},\"thumbnailUrl\":\"https:\\\/\\\/www.meydan.tv\\\/wp-content\\\/uploads\\\/image_from_ios_d1froel-scaled.jpg\",\"articleSection\":[\"B\u00f6lg\u0259\"],\"inLanguage\":\"az\"},{\"@type\":\"WebPage\",\"@id\":\"https:\\\/\\\/www.meydan.tv\\\/az\\\/article\\\/goranboyda-doyulen-qadin-meni-atin-arxasina-baglamadilar-ancaq\\\/\",\"url\":\"https:\\\/\\\/www.meydan.tv\\\/az\\\/article\\\/goranboyda-doyulen-qadin-meni-atin-arxasina-baglamadilar-ancaq\\\/\",\"name\":\"Goranboyda d\u00f6y\u00fcl\u0259n qad\u0131n: M\u0259ni at\u0131n arxas\u0131na ba\u011flamad\u0131lar, ancaq... - MEYDAN.TV\",\"isPartOf\":{\"@id\":\"https:\\\/\\\/www.meydan.tv\\\/az\\\/#website\"},\"primaryImageOfPage\":{\"@id\":\"https:\\\/\\\/www.meydan.tv\\\/az\\\/article\\\/goranboyda-doyulen-qadin-meni-atin-arxasina-baglamadilar-ancaq\\\/#primaryimage\"},\"image\":{\"@id\":\"https:\\\/\\\/www.meydan.tv\\\/az\\\/article\\\/goranboyda-doyulen-qadin-meni-atin-arxasina-baglamadilar-ancaq\\\/#primaryimage\"},\"thumbnailUrl\":\"https:\\\/\\\/www.meydan.tv\\\/wp-content\\\/uploads\\\/image_from_ios_d1froel-scaled.jpg\",\"datePublished\":\"2019-10-13T08:10:17+00:00\",\"breadcrumb\":{\"@id\":\"https:\\\/\\\/www.meydan.tv\\\/az\\\/article\\\/goranboyda-doyulen-qadin-meni-atin-arxasina-baglamadilar-ancaq\\\/#breadcrumb\"},\"inLanguage\":\"az\",\"potentialAction\":[{\"@type\":\"ReadAction\",\"target\":[\"https:\\\/\\\/www.meydan.tv\\\/az\\\/article\\\/goranboyda-doyulen-qadin-meni-atin-arxasina-baglamadilar-ancaq\\\/\"]}]},{\"@type\":\"ImageObject\",\"inLanguage\":\"az\",\"@id\":\"https:\\\/\\\/www.meydan.tv\\\/az\\\/article\\\/goranboyda-doyulen-qadin-meni-atin-arxasina-baglamadilar-ancaq\\\/#primaryimage\",\"url\":\"https:\\\/\\\/www.meydan.tv\\\/wp-content\\\/uploads\\\/image_from_ios_d1froel-scaled.jpg\",\"contentUrl\":\"https:\\\/\\\/www.meydan.tv\\\/wp-content\\\/uploads\\\/image_from_ios_d1froel-scaled.jpg\",\"width\":2560,\"height\":1920,\"caption\":\"Source: Specify Source\"},{\"@type\":\"BreadcrumbList\",\"@id\":\"https:\\\/\\\/www.meydan.tv\\\/az\\\/article\\\/goranboyda-doyulen-qadin-meni-atin-arxasina-baglamadilar-ancaq\\\/#breadcrumb\",\"itemListElement\":[{\"@type\":\"ListItem\",\"position\":1,\"name\":\"Ana s\u0259hif\u0259\",\"item\":\"https:\\\/\\\/www.meydan.tv\\\/az\\\/\"},{\"@type\":\"ListItem\",\"position\":2,\"name\":\"B\u00f6lg\u0259\",\"item\":\"https:\\\/\\\/www.meydan.tv\\\/az\\\/section\\\/bolge\\\/\"},{\"@type\":\"ListItem\",\"position\":3,\"name\":\"Goranboyda d\u00f6y\u00fcl\u0259n qad\u0131n: M\u0259ni at\u0131n arxas\u0131na ba\u011flamad\u0131lar, ancaq&#8230;\"}]},{\"@type\":\"WebSite\",\"@id\":\"https:\\\/\\\/www.meydan.tv\\\/az\\\/#website\",\"url\":\"https:\\\/\\\/www.meydan.tv\\\/az\\\/\",\"name\":\"MEYDAN.TV\",\"description\":\"Meydan TV Az\u0259rbaycan\u0131n media m\u0259kan\u0131ndak\u0131 alternativ s\u0259sidir\",\"publisher\":{\"@id\":\"https:\\\/\\\/www.meydan.tv\\\/az\\\/#organization\"},\"potentialAction\":[{\"@type\":\"SearchAction\",\"target\":{\"@type\":\"EntryPoint\",\"urlTemplate\":\"https:\\\/\\\/www.meydan.tv\\\/az\\\/?s={search_term_string}\"},\"query-input\":{\"@type\":\"PropertyValueSpecification\",\"valueRequired\":true,\"valueName\":\"search_term_string\"}}],\"inLanguage\":\"az\"},{\"@type\":\"Organization\",\"@id\":\"https:\\\/\\\/www.meydan.tv\\\/az\\\/#organization\",\"name\":\"Meydan TV\",\"url\":\"https:\\\/\\\/www.meydan.tv\\\/az\\\/\",\"logo\":{\"@type\":\"ImageObject\",\"inLanguage\":\"az\",\"@id\":\"https:\\\/\\\/www.meydan.tv\\\/az\\\/#\\\/schema\\\/logo\\\/image\\\/\",\"url\":\"https:\\\/\\\/www.meydan.tv\\\/wp-content\\\/uploads\\\/2021\\\/07\\\/meydan-logo.svg\",\"contentUrl\":\"https:\\\/\\\/www.meydan.tv\\\/wp-content\\\/uploads\\\/2021\\\/07\\\/meydan-logo.svg\",\"width\":195,\"height\":46,\"caption\":\"Meydan TV\"},\"image\":{\"@id\":\"https:\\\/\\\/www.meydan.tv\\\/az\\\/#\\\/schema\\\/logo\\\/image\\\/\"}},{\"@type\":\"Person\",\"@id\":\"https:\\\/\\\/www.meydan.tv\\\/az\\\/#\\\/schema\\\/person\\\/10d11eccf6da3662cf5fdab9806ea91a\",\"name\":\"user-manager\"}]}<\/script>\n<!-- \/ Yoast SEO plugin. -->","yoast_head_json":{"title":"Goranboyda d\u00f6y\u00fcl\u0259n qad\u0131n: M\u0259ni at\u0131n arxas\u0131na ba\u011flamad\u0131lar, ancaq... - MEYDAN.TV","robots":{"index":"index","follow":"follow","max-snippet":"max-snippet:-1","max-image-preview":"max-image-preview:large","max-video-preview":"max-video-preview:-1"},"canonical":"https:\/\/www.meydan.tv\/az\/article\/goranboyda-doyulen-qadin-meni-atin-arxasina-baglamadilar-ancaq\/","og_locale":"az_AZ","og_type":"article","og_title":"Goranboyda d\u00f6y\u00fcl\u0259n qad\u0131n: M\u0259ni at\u0131n arxas\u0131na ba\u011flamad\u0131lar, ancaq... - MEYDAN.TV","og_description":"Ancaq hadis\u0259ni t\u00f6r\u0259tm\u0259kd\u0259 \u015f\u00fcbh\u0259li bilin\u0259n \u015f\u0259xsl\u0259rd\u0259n kims\u0259 saxlan\u0131lmay\u0131b.","og_url":"https:\/\/www.meydan.tv\/az\/article\/goranboyda-doyulen-qadin-meni-atin-arxasina-baglamadilar-ancaq\/","og_site_name":"MEYDAN.TV","article_published_time":"2019-10-13T08:10:17+00:00","og_image":[{"width":2560,"height":1920,"url":"https:\/\/www.meydan.tv\/wp-content\/uploads\/image_from_ios_d1froel-scaled.jpg","type":"image\/jpeg"}],"author":"user-manager","twitter_card":"summary_large_image","schema":{"@context":"https:\/\/schema.org","@graph":[{"@type":"Article","@id":"https:\/\/www.meydan.tv\/az\/article\/goranboyda-doyulen-qadin-meni-atin-arxasina-baglamadilar-ancaq\/#article","isPartOf":{"@id":"https:\/\/www.meydan.tv\/az\/article\/goranboyda-doyulen-qadin-meni-atin-arxasina-baglamadilar-ancaq\/"},"author":{"name":"user-manager","@id":"https:\/\/www.meydan.tv\/az\/#\/schema\/person\/10d11eccf6da3662cf5fdab9806ea91a"},"headline":"Goranboyda d\u00f6y\u00fcl\u0259n qad\u0131n: M\u0259ni at\u0131n arxas\u0131na ba\u011flamad\u0131lar, ancaq&#8230;","datePublished":"2019-10-13T08:10:17+00:00","mainEntityOfPage":{"@id":"https:\/\/www.meydan.tv\/az\/article\/goranboyda-doyulen-qadin-meni-atin-arxasina-baglamadilar-ancaq\/"},"wordCount":1775,"publisher":{"@id":"https:\/\/www.meydan.tv\/az\/#organization"},"image":{"@id":"https:\/\/www.meydan.tv\/az\/article\/goranboyda-doyulen-qadin-meni-atin-arxasina-baglamadilar-ancaq\/#primaryimage"},"thumbnailUrl":"https:\/\/www.meydan.tv\/wp-content\/uploads\/image_from_ios_d1froel-scaled.jpg","articleSection":["B\u00f6lg\u0259"],"inLanguage":"az"},{"@type":"WebPage","@id":"https:\/\/www.meydan.tv\/az\/article\/goranboyda-doyulen-qadin-meni-atin-arxasina-baglamadilar-ancaq\/","url":"https:\/\/www.meydan.tv\/az\/article\/goranboyda-doyulen-qadin-meni-atin-arxasina-baglamadilar-ancaq\/","name":"Goranboyda d\u00f6y\u00fcl\u0259n qad\u0131n: M\u0259ni at\u0131n arxas\u0131na ba\u011flamad\u0131lar, ancaq... - MEYDAN.TV","isPartOf":{"@id":"https:\/\/www.meydan.tv\/az\/#website"},"primaryImageOfPage":{"@id":"https:\/\/www.meydan.tv\/az\/article\/goranboyda-doyulen-qadin-meni-atin-arxasina-baglamadilar-ancaq\/#primaryimage"},"image":{"@id":"https:\/\/www.meydan.tv\/az\/article\/goranboyda-doyulen-qadin-meni-atin-arxasina-baglamadilar-ancaq\/#primaryimage"},"thumbnailUrl":"https:\/\/www.meydan.tv\/wp-content\/uploads\/image_from_ios_d1froel-scaled.jpg","datePublished":"2019-10-13T08:10:17+00:00","breadcrumb":{"@id":"https:\/\/www.meydan.tv\/az\/article\/goranboyda-doyulen-qadin-meni-atin-arxasina-baglamadilar-ancaq\/#breadcrumb"},"inLanguage":"az","potentialAction":[{"@type":"ReadAction","target":["https:\/\/www.meydan.tv\/az\/article\/goranboyda-doyulen-qadin-meni-atin-arxasina-baglamadilar-ancaq\/"]}]},{"@type":"ImageObject","inLanguage":"az","@id":"https:\/\/www.meydan.tv\/az\/article\/goranboyda-doyulen-qadin-meni-atin-arxasina-baglamadilar-ancaq\/#primaryimage","url":"https:\/\/www.meydan.tv\/wp-content\/uploads\/image_from_ios_d1froel-scaled.jpg","contentUrl":"https:\/\/www.meydan.tv\/wp-content\/uploads\/image_from_ios_d1froel-scaled.jpg","width":2560,"height":1920,"caption":"Source: Specify Source"},{"@type":"BreadcrumbList","@id":"https:\/\/www.meydan.tv\/az\/article\/goranboyda-doyulen-qadin-meni-atin-arxasina-baglamadilar-ancaq\/#breadcrumb","itemListElement":[{"@type":"ListItem","position":1,"name":"Ana s\u0259hif\u0259","item":"https:\/\/www.meydan.tv\/az\/"},{"@type":"ListItem","position":2,"name":"B\u00f6lg\u0259","item":"https:\/\/www.meydan.tv\/az\/section\/bolge\/"},{"@type":"ListItem","position":3,"name":"Goranboyda d\u00f6y\u00fcl\u0259n qad\u0131n: M\u0259ni at\u0131n arxas\u0131na ba\u011flamad\u0131lar, ancaq&#8230;"}]},{"@type":"WebSite","@id":"https:\/\/www.meydan.tv\/az\/#website","url":"https:\/\/www.meydan.tv\/az\/","name":"MEYDAN.TV","description":"Meydan TV Az\u0259rbaycan\u0131n media m\u0259kan\u0131ndak\u0131 alternativ s\u0259sidir","publisher":{"@id":"https:\/\/www.meydan.tv\/az\/#organization"},"potentialAction":[{"@type":"SearchAction","target":{"@type":"EntryPoint","urlTemplate":"https:\/\/www.meydan.tv\/az\/?s={search_term_string}"},"query-input":{"@type":"PropertyValueSpecification","valueRequired":true,"valueName":"search_term_string"}}],"inLanguage":"az"},{"@type":"Organization","@id":"https:\/\/www.meydan.tv\/az\/#organization","name":"Meydan TV","url":"https:\/\/www.meydan.tv\/az\/","logo":{"@type":"ImageObject","inLanguage":"az","@id":"https:\/\/www.meydan.tv\/az\/#\/schema\/logo\/image\/","url":"https:\/\/www.meydan.tv\/wp-content\/uploads\/2021\/07\/meydan-logo.svg","contentUrl":"https:\/\/www.meydan.tv\/wp-content\/uploads\/2021\/07\/meydan-logo.svg","width":195,"height":46,"caption":"Meydan TV"},"image":{"@id":"https:\/\/www.meydan.tv\/az\/#\/schema\/logo\/image\/"}},{"@type":"Person","@id":"https:\/\/www.meydan.tv\/az\/#\/schema\/person\/10d11eccf6da3662cf5fdab9806ea91a","name":"user-manager"}]}},"_links":{"self":[{"href":"https:\/\/www.meydan.tv\/az\/wp-json\/wp\/v2\/posts\/197428","targetHints":{"allow":["GET"]}}],"collection":[{"href":"https:\/\/www.meydan.tv\/az\/wp-json\/wp\/v2\/posts"}],"about":[{"href":"https:\/\/www.meydan.tv\/az\/wp-json\/wp\/v2\/types\/post"}],"author":[{"embeddable":true,"href":"https:\/\/www.meydan.tv\/az\/wp-json\/wp\/v2\/users\/11"}],"replies":[{"embeddable":true,"href":"https:\/\/www.meydan.tv\/az\/wp-json\/wp\/v2\/comments?post=197428"}],"version-history":[{"count":0,"href":"https:\/\/www.meydan.tv\/az\/wp-json\/wp\/v2\/posts\/197428\/revisions"}],"wp:featuredmedia":[{"embeddable":true,"href":"https:\/\/www.meydan.tv\/az\/wp-json\/wp\/v2\/media\/131225"}],"wp:attachment":[{"href":"https:\/\/www.meydan.tv\/az\/wp-json\/wp\/v2\/media?parent=197428"}],"wp:term":[{"taxonomy":"category","embeddable":true,"href":"https:\/\/www.meydan.tv\/az\/wp-json\/wp\/v2\/categories?post=197428"},{"taxonomy":"post_tag","embeddable":true,"href":"https:\/\/www.meydan.tv\/az\/wp-json\/wp\/v2\/tags?post=197428"}],"curies":[{"name":"wp","href":"https:\/\/api.w.org\/{rel}","templated":true}]}}