{"id":197417,"date":"2019-10-11T17:24:40","date_gmt":"2019-10-11T17:24:40","guid":{"rendered":"https:\/\/www.meydan.tv\/article\/tramp-suriya-meselesinde-turkiyeye-sovdelesme-teklif-edir\/"},"modified":"2019-10-11T17:24:40","modified_gmt":"2019-10-11T17:24:40","slug":"tramp-suriya-meselesinde-turkiyeye-sovdelesme-teklif-edir","status":"publish","type":"post","link":"https:\/\/www.meydan.tv\/az\/article\/tramp-suriya-meselesinde-turkiyeye-sovdelesme-teklif-edir\/","title":{"rendered":"Tramp Suriya m\u0259s\u0259l\u0259sind\u0259 T\u00fcrkiy\u0259y\u0259 s\u00f6vd\u0259l\u0259\u015fm\u0259 t\u0259klif edir"},"content":{"rendered":"<p>\n  T\u00fcrkiy\u0259 Suriyan\u0131n \u015fimal-\u015f\u0259rqind\u0259 m\u0259skunla\u015fm\u0131\u015f terror\u00e7u hesab edil\u0259n k\u00fcrdl\u0259r\u0259 qar\u015f\u0131 h\u00fccumu geni\u015fl\u0259ndirdikc\u0259, minl\u0259rl\u0259 insan evl\u0259rini t\u0259rk edir, onlarla insan \u00f6ld\u00fcr\u00fcl\u00fcr.\n<\/p>\n<p>\n  Beyn\u0259lxalq x\u0259b\u0259r agentlikl\u0259ri x\u0259b\u0259r verir ki, T\u00fcrkiy\u0259nin Suriyan\u0131n i\u00e7 \u0259razil\u0259rin\u0259 do\u011fru ir\u0259lil\u0259m\u0259si AB\u015e Konqresin\u0259 Ankaraya sanksiya t\u0259tbiq etm\u0259k \u00fc\u00e7\u00fcn f\u00fcrs\u0259t verib.\n<\/p>\n<p>\n  Bu arada prezident Donald Tramp oktyabr\u0131n 10-da deyib ki, o, T\u00fcrkiy\u0259 il\u0259 k\u00fcrdl\u0259r aras\u0131nda s\u00f6vd\u0259l\u0259\u015fm\u0259y\u0259 vasit\u0259\u00e7ilik etm\u0259y\u0259 haz\u0131rd\u0131r. T\u00fcrkiy\u0259nin b\u00f6lg\u0259d\u0259ki h\u00fccumundan \u0259vv\u0259l k\u00fcrd q\u00fcvv\u0259l\u0259rin\u0259 k\u00f6m\u0259k ed\u0259n AB\u015e q\u00fcvv\u0259l\u0259ri \u0259razid\u0259n \u00e7\u0131xar\u0131l\u0131b.\n<\/p>\n<p>\n  \u201cBizim \u00fc\u00e7 se\u00e7imimiz var: Minl\u0259rl\u0259 qo\u015fun g\u00f6nd\u0259r v\u0259 h\u0259rbi bax\u0131mdan qalib g\u0259l, T\u00fcrkiy\u0259ni maddi bax\u0131mdan v\u0259 sanksiya il\u0259 \u00e7ox a\u011f\u0131r vur, ya da T\u00fcrkiy\u0259 il\u0259 k\u00fcrdl\u0259r aras\u0131nda s\u00f6vd\u0259l\u0259\u015fm\u0259 et!\u201d- Tramp \u201cTwitter\u201dd\u0259 yaz\u0131b.\n<\/p>\n<p>\n  Daha sonra jurnalistl\u0259r\u0259 se\u00e7iml\u0259ri bar\u0259d\u0259 m\u0259lumat ver\u0259n Tramp deyib: \u201c\u00dcmid edir\u0259m biz vasit\u0259\u00e7ilik ed\u0259 bil\u0259rik\u201d.\n<\/p>\n<p>\n  O, \u0259lav\u0259 edib ki, AB\u015e T\u00fcrkiy\u0259y\u0259 qar\u015f\u0131 sanksiyalar v\u0259 dig\u0259r maliyy\u0259 i\u015fl\u0259ri il\u0259 ba\u011fl\u0131 \u00e7ox s\u0259rt add\u0131m atmaq niyy\u0259tind\u0259dir.\n<\/p>\n<p>\n  Tramp deyib ki, Respublika\u00e7\u0131lar Partiyas\u0131n\u0131n N\u00fcmay\u0259nd\u0259l\u0259r Palatas\u0131ndak\u0131 29 \u00fczv\u00fc Suriyan\u0131n \u015fimal\u0131ndak\u0131 h\u0259r\u0259k\u0259tl\u0259rin\u0259 g\u00f6r\u0259 Ankaraya sanksiya t\u0259tbiq etm\u0259k \u00fc\u00e7\u00fcn qanunvericiliyi h\u0259r\u0259k\u0259t\u0259 ke\u00e7ir\u0259c\u0259k.\n<\/p>\n<p>\n  \u201cPrezident R\u0259c\u0259b Tayyib \u018frdo\u011fan v\u0259 onun rejimi Suriyan\u0131n \u015fimal\u0131ndak\u0131 k\u00fcrd m\u00fctt\u0259fiql\u0259rimiz\u0259 amans\u0131zcas\u0131na h\u00fccum etdiyi \u00fc\u00e7\u00fcn ciddi n\u0259tic\u0259l\u0259rl\u0259 \u00fczl\u0259\u015fm\u0259lidir\u201d, &#8211; respublika\u00e7\u0131 Liz \u00c7eyni (Liz Cheney) deyib v\u0259 Tramp\u0131 t\u0259nqid etm\u0259kd\u0259n qa\u00e7\u0131n\u0131b.\n<\/p>\n<p>\n  N\u00fcmay\u0259nd\u0259l\u0259r Palatas\u0131 v\u0259 Senat qeyri-\u0259n\u0259n\u0259vi olaraq Tramp\u0131n 6 oktyabr b\u0259yanat\u0131na qar\u015f\u0131 \u00e7\u0131x\u0131b. Oktaybr\u0131n 6-da Tramp AB\u015e ordusunu Suriyan\u0131n \u015fimal\u0131ndan \u00e7\u0131xarmas\u0131 haqda b\u0259yanat verib. Bu add\u0131m t\u0259nqid\u00e7il\u0259r t\u0259r\u0259find\u0259n AB\u015e-\u0131n indiy\u0259d\u0259k m\u00fctt\u0259fiqi olmu\u015f k\u00fcrd q\u00fcvv\u0259l\u0259rin\u0259 x\u0259yan\u0259ti kimi g\u00f6r\u00fcl\u00fcb.\n<\/p>\n<p>\n  Senat\u0131n bir g\u00fcn \u0259vv\u0259l elan edilmi\u015f sanksiya paketinin h\u0259mt\u0259sis\u00e7isi olan senator Lindsey Graham deyib ki, prezidentin q\u0259rar\u0131 ham\u0131n\u0131n q\u0259rar\u0131na qar\u015f\u0131d\u0131r. Graham Tramp siyas\u0259tinin apar\u0131c\u0131 t\u0259r\u0259fdar\u0131d\u0131r.\n<\/p>\n<p>\n  T\u00fcrkiy\u0259 oktyabr\u0131n 9-da AB\u015e-\u0131n d\u0259st\u0259kl\u0259diyi suriyal\u0131 k\u00fcrd q\u00fcvv\u0259l\u0259rin\u0259 qar\u015f\u0131 \u00f6nc\u0259 havadan, daha sonra qurudan h\u00fccuma ke\u00e7ib. \u018frdo\u011fan h\u00fccumun m\u0259qs\u0259dinin \u201ct\u0259hl\u00fck\u0259siz b\u00f6lg\u0259\u201d yaratmaq oldu\u011funu v\u0259 Suriyan\u0131n \u015fimal\u0131ndak\u0131 k\u00fcrd q\u00fcvv\u0259l\u0259rini v\u0259 \u0130slam D\u00f6vl\u0259ti (\u0130\u015e\u0130D) ekstremistl\u0259rini h\u0259d\u0259f ald\u0131qlar\u0131n\u0131 s\u00f6yl\u0259yib.\n<\/p>\n<p>\n  T\u00fcrkiy\u0259 art\u0131q uzun m\u00fcdd\u0259tdir ki, Ankaran\u0131n terror\u00e7u hesab etdiyi v\u0259 AB\u015e-\u0131n d\u0259st\u0259kl\u0259diyi k\u00fcrd d\u00f6y\u00fc\u015f\u00e7\u00fcl\u0259rin\u0259 qar\u015f\u0131 h\u00fccum ed\u0259c\u0259yini bildirmi\u015fdi.\n<\/p>\n<p>\n  \u00d6lk\u0259nin \u015fimal-\u015f\u0259rqind\u0259 Suriya Demokratik Q\u00fcvv\u0259l\u0259rinin (SDF) \u0259sas\u0131n\u0131 t\u0259\u015fkil ed\u0259n K\u00fcrd Xalq\u0131n\u0131n M\u00fcdafi\u0259 Qruplar\u0131 (YPG) m\u00fcharib\u0259 \u015f\u0259raitind\u0259 olan Suriyada \u0130\u015e\u0130D-i m\u0259\u011flub etm\u0259kd\u0259 AB\u015e-\u0131n \u0259sas m\u00fctt\u0259fiq olub.\n<\/p>\n<p>\n  Tramp \u00f6z davran\u0131\u015f\u0131n\u0131 m\u00fcdafi\u0259 ed\u0259r\u0259k qeyd edib ki, o, se\u00e7kil\u0259rd\u0259 qalib g\u0259lib ki, bu g\u00fcl\u00fcnc v\u0259 sonsuz m\u00fcharib\u0259d\u0259n AB\u015e-\u0131 \u00e7\u0131xars\u0131n. Onun fikrinc\u0259, T\u00fcrkiy\u0259, Avropa, Suriya, \u0130ran, \u0130raq, Rusiya v\u0259 k\u00fcrdl\u0259r indi v\u0259ziyy\u0259ti m\u00fc\u0259yy\u0259n etm\u0259lidirl\u0259r.<\/p>\n","protected":false},"excerpt":{"rendered":"<p>\u015eimali Suriyada minl\u0259rl\u0259 insan\u0131n T\u00fcrkiy\u0259 h\u00fccumundan qa\u00e7d\u0131\u011f\u0131 bildirilir<\/p>\n","protected":false},"author":11,"featured_media":131182,"comment_status":"closed","ping_status":"open","sticky":false,"template":"","format":"standard","meta":{"_acf_changed":false,"_sitemap_exclude":false,"_sitemap_priority":"","_sitemap_frequency":"","footnotes":""},"categories":[64],"tags":[],"class_list":["post-197417","post","type-post","status-publish","format-standard","has-post-thumbnail","hentry","category-dunya","infinite-scroll-item","generate-columns","tablet-grid-50","mobile-grid-100","grid-parent","grid-33","no-featured-image-padding"],"acf":[],"yoast_head":"<!-- This site is optimized with the Yoast SEO plugin v27.5 - https:\/\/yoast.com\/product\/yoast-seo-wordpress\/ -->\n<title>Tramp Suriya m\u0259s\u0259l\u0259sind\u0259 T\u00fcrkiy\u0259y\u0259 s\u00f6vd\u0259l\u0259\u015fm\u0259 t\u0259klif edir - MEYDAN.TV<\/title>\n<meta name=\"robots\" content=\"index, follow, max-snippet:-1, max-image-preview:large, max-video-preview:-1\" \/>\n<link rel=\"canonical\" href=\"https:\/\/www.meydan.tv\/az\/article\/tramp-suriya-meselesinde-turkiyeye-sovdelesme-teklif-edir\/\" \/>\n<meta property=\"og:locale\" content=\"az_AZ\" \/>\n<meta property=\"og:type\" content=\"article\" \/>\n<meta property=\"og:title\" content=\"Tramp Suriya m\u0259s\u0259l\u0259sind\u0259 T\u00fcrkiy\u0259y\u0259 s\u00f6vd\u0259l\u0259\u015fm\u0259 t\u0259klif edir - MEYDAN.TV\" \/>\n<meta property=\"og:description\" content=\"\u015eimali Suriyada minl\u0259rl\u0259 insan\u0131n T\u00fcrkiy\u0259 h\u00fccumundan qa\u00e7d\u0131\u011f\u0131 bildirilir\" \/>\n<meta property=\"og:url\" content=\"https:\/\/www.meydan.tv\/az\/article\/tramp-suriya-meselesinde-turkiyeye-sovdelesme-teklif-edir\/\" \/>\n<meta property=\"og:site_name\" content=\"MEYDAN.TV\" \/>\n<meta property=\"article:published_time\" content=\"2019-10-11T17:24:40+00:00\" \/>\n<meta property=\"og:image\" content=\"https:\/\/www.meydan.tv\/wp-content\/uploads\/erdogan_trump_holding_hands_img.jpg\" \/>\n\t<meta property=\"og:image:width\" content=\"1440\" \/>\n\t<meta property=\"og:image:height\" content=\"907\" \/>\n\t<meta property=\"og:image:type\" content=\"image\/jpeg\" \/>\n<meta name=\"author\" content=\"user-manager\" \/>\n<meta name=\"twitter:card\" content=\"summary_large_image\" \/>\n<script type=\"application\/ld+json\" class=\"yoast-schema-graph\">{\"@context\":\"https:\\\/\\\/schema.org\",\"@graph\":[{\"@type\":\"Article\",\"@id\":\"https:\\\/\\\/www.meydan.tv\\\/az\\\/article\\\/tramp-suriya-meselesinde-turkiyeye-sovdelesme-teklif-edir\\\/#article\",\"isPartOf\":{\"@id\":\"https:\\\/\\\/www.meydan.tv\\\/az\\\/article\\\/tramp-suriya-meselesinde-turkiyeye-sovdelesme-teklif-edir\\\/\"},\"author\":{\"name\":\"user-manager\",\"@id\":\"https:\\\/\\\/www.meydan.tv\\\/az\\\/#\\\/schema\\\/person\\\/10d11eccf6da3662cf5fdab9806ea91a\"},\"headline\":\"Tramp Suriya m\u0259s\u0259l\u0259sind\u0259 T\u00fcrkiy\u0259y\u0259 s\u00f6vd\u0259l\u0259\u015fm\u0259 t\u0259klif edir\",\"datePublished\":\"2019-10-11T17:24:40+00:00\",\"mainEntityOfPage\":{\"@id\":\"https:\\\/\\\/www.meydan.tv\\\/az\\\/article\\\/tramp-suriya-meselesinde-turkiyeye-sovdelesme-teklif-edir\\\/\"},\"wordCount\":683,\"publisher\":{\"@id\":\"https:\\\/\\\/www.meydan.tv\\\/az\\\/#organization\"},\"image\":{\"@id\":\"https:\\\/\\\/www.meydan.tv\\\/az\\\/article\\\/tramp-suriya-meselesinde-turkiyeye-sovdelesme-teklif-edir\\\/#primaryimage\"},\"thumbnailUrl\":\"https:\\\/\\\/www.meydan.tv\\\/wp-content\\\/uploads\\\/erdogan_trump_holding_hands_img.jpg\",\"articleSection\":[\"D\u00fcnya\"],\"inLanguage\":\"az\"},{\"@type\":\"WebPage\",\"@id\":\"https:\\\/\\\/www.meydan.tv\\\/az\\\/article\\\/tramp-suriya-meselesinde-turkiyeye-sovdelesme-teklif-edir\\\/\",\"url\":\"https:\\\/\\\/www.meydan.tv\\\/az\\\/article\\\/tramp-suriya-meselesinde-turkiyeye-sovdelesme-teklif-edir\\\/\",\"name\":\"Tramp Suriya m\u0259s\u0259l\u0259sind\u0259 T\u00fcrkiy\u0259y\u0259 s\u00f6vd\u0259l\u0259\u015fm\u0259 t\u0259klif edir - MEYDAN.TV\",\"isPartOf\":{\"@id\":\"https:\\\/\\\/www.meydan.tv\\\/az\\\/#website\"},\"primaryImageOfPage\":{\"@id\":\"https:\\\/\\\/www.meydan.tv\\\/az\\\/article\\\/tramp-suriya-meselesinde-turkiyeye-sovdelesme-teklif-edir\\\/#primaryimage\"},\"image\":{\"@id\":\"https:\\\/\\\/www.meydan.tv\\\/az\\\/article\\\/tramp-suriya-meselesinde-turkiyeye-sovdelesme-teklif-edir\\\/#primaryimage\"},\"thumbnailUrl\":\"https:\\\/\\\/www.meydan.tv\\\/wp-content\\\/uploads\\\/erdogan_trump_holding_hands_img.jpg\",\"datePublished\":\"2019-10-11T17:24:40+00:00\",\"breadcrumb\":{\"@id\":\"https:\\\/\\\/www.meydan.tv\\\/az\\\/article\\\/tramp-suriya-meselesinde-turkiyeye-sovdelesme-teklif-edir\\\/#breadcrumb\"},\"inLanguage\":\"az\",\"potentialAction\":[{\"@type\":\"ReadAction\",\"target\":[\"https:\\\/\\\/www.meydan.tv\\\/az\\\/article\\\/tramp-suriya-meselesinde-turkiyeye-sovdelesme-teklif-edir\\\/\"]}]},{\"@type\":\"ImageObject\",\"inLanguage\":\"az\",\"@id\":\"https:\\\/\\\/www.meydan.tv\\\/az\\\/article\\\/tramp-suriya-meselesinde-turkiyeye-sovdelesme-teklif-edir\\\/#primaryimage\",\"url\":\"https:\\\/\\\/www.meydan.tv\\\/wp-content\\\/uploads\\\/erdogan_trump_holding_hands_img.jpg\",\"contentUrl\":\"https:\\\/\\\/www.meydan.tv\\\/wp-content\\\/uploads\\\/erdogan_trump_holding_hands_img.jpg\",\"width\":1440,\"height\":907,\"caption\":\"Source: Reuters\"},{\"@type\":\"BreadcrumbList\",\"@id\":\"https:\\\/\\\/www.meydan.tv\\\/az\\\/article\\\/tramp-suriya-meselesinde-turkiyeye-sovdelesme-teklif-edir\\\/#breadcrumb\",\"itemListElement\":[{\"@type\":\"ListItem\",\"position\":1,\"name\":\"Ana s\u0259hif\u0259\",\"item\":\"https:\\\/\\\/www.meydan.tv\\\/az\\\/\"},{\"@type\":\"ListItem\",\"position\":2,\"name\":\"D\u00fcnya\",\"item\":\"https:\\\/\\\/www.meydan.tv\\\/az\\\/section\\\/dunya\\\/\"},{\"@type\":\"ListItem\",\"position\":3,\"name\":\"Tramp Suriya m\u0259s\u0259l\u0259sind\u0259 T\u00fcrkiy\u0259y\u0259 s\u00f6vd\u0259l\u0259\u015fm\u0259 t\u0259klif edir\"}]},{\"@type\":\"WebSite\",\"@id\":\"https:\\\/\\\/www.meydan.tv\\\/az\\\/#website\",\"url\":\"https:\\\/\\\/www.meydan.tv\\\/az\\\/\",\"name\":\"MEYDAN.TV\",\"description\":\"Meydan TV Az\u0259rbaycan\u0131n media m\u0259kan\u0131ndak\u0131 alternativ s\u0259sidir\",\"publisher\":{\"@id\":\"https:\\\/\\\/www.meydan.tv\\\/az\\\/#organization\"},\"potentialAction\":[{\"@type\":\"SearchAction\",\"target\":{\"@type\":\"EntryPoint\",\"urlTemplate\":\"https:\\\/\\\/www.meydan.tv\\\/az\\\/?s={search_term_string}\"},\"query-input\":{\"@type\":\"PropertyValueSpecification\",\"valueRequired\":true,\"valueName\":\"search_term_string\"}}],\"inLanguage\":\"az\"},{\"@type\":\"Organization\",\"@id\":\"https:\\\/\\\/www.meydan.tv\\\/az\\\/#organization\",\"name\":\"Meydan TV\",\"url\":\"https:\\\/\\\/www.meydan.tv\\\/az\\\/\",\"logo\":{\"@type\":\"ImageObject\",\"inLanguage\":\"az\",\"@id\":\"https:\\\/\\\/www.meydan.tv\\\/az\\\/#\\\/schema\\\/logo\\\/image\\\/\",\"url\":\"https:\\\/\\\/www.meydan.tv\\\/wp-content\\\/uploads\\\/2021\\\/07\\\/meydan-logo.svg\",\"contentUrl\":\"https:\\\/\\\/www.meydan.tv\\\/wp-content\\\/uploads\\\/2021\\\/07\\\/meydan-logo.svg\",\"width\":195,\"height\":46,\"caption\":\"Meydan TV\"},\"image\":{\"@id\":\"https:\\\/\\\/www.meydan.tv\\\/az\\\/#\\\/schema\\\/logo\\\/image\\\/\"}},{\"@type\":\"Person\",\"@id\":\"https:\\\/\\\/www.meydan.tv\\\/az\\\/#\\\/schema\\\/person\\\/10d11eccf6da3662cf5fdab9806ea91a\",\"name\":\"user-manager\"}]}<\/script>\n<!-- \/ Yoast SEO plugin. -->","yoast_head_json":{"title":"Tramp Suriya m\u0259s\u0259l\u0259sind\u0259 T\u00fcrkiy\u0259y\u0259 s\u00f6vd\u0259l\u0259\u015fm\u0259 t\u0259klif edir - MEYDAN.TV","robots":{"index":"index","follow":"follow","max-snippet":"max-snippet:-1","max-image-preview":"max-image-preview:large","max-video-preview":"max-video-preview:-1"},"canonical":"https:\/\/www.meydan.tv\/az\/article\/tramp-suriya-meselesinde-turkiyeye-sovdelesme-teklif-edir\/","og_locale":"az_AZ","og_type":"article","og_title":"Tramp Suriya m\u0259s\u0259l\u0259sind\u0259 T\u00fcrkiy\u0259y\u0259 s\u00f6vd\u0259l\u0259\u015fm\u0259 t\u0259klif edir - MEYDAN.TV","og_description":"\u015eimali Suriyada minl\u0259rl\u0259 insan\u0131n T\u00fcrkiy\u0259 h\u00fccumundan qa\u00e7d\u0131\u011f\u0131 bildirilir","og_url":"https:\/\/www.meydan.tv\/az\/article\/tramp-suriya-meselesinde-turkiyeye-sovdelesme-teklif-edir\/","og_site_name":"MEYDAN.TV","article_published_time":"2019-10-11T17:24:40+00:00","og_image":[{"width":1440,"height":907,"url":"https:\/\/www.meydan.tv\/wp-content\/uploads\/erdogan_trump_holding_hands_img.jpg","type":"image\/jpeg"}],"author":"user-manager","twitter_card":"summary_large_image","schema":{"@context":"https:\/\/schema.org","@graph":[{"@type":"Article","@id":"https:\/\/www.meydan.tv\/az\/article\/tramp-suriya-meselesinde-turkiyeye-sovdelesme-teklif-edir\/#article","isPartOf":{"@id":"https:\/\/www.meydan.tv\/az\/article\/tramp-suriya-meselesinde-turkiyeye-sovdelesme-teklif-edir\/"},"author":{"name":"user-manager","@id":"https:\/\/www.meydan.tv\/az\/#\/schema\/person\/10d11eccf6da3662cf5fdab9806ea91a"},"headline":"Tramp Suriya m\u0259s\u0259l\u0259sind\u0259 T\u00fcrkiy\u0259y\u0259 s\u00f6vd\u0259l\u0259\u015fm\u0259 t\u0259klif edir","datePublished":"2019-10-11T17:24:40+00:00","mainEntityOfPage":{"@id":"https:\/\/www.meydan.tv\/az\/article\/tramp-suriya-meselesinde-turkiyeye-sovdelesme-teklif-edir\/"},"wordCount":683,"publisher":{"@id":"https:\/\/www.meydan.tv\/az\/#organization"},"image":{"@id":"https:\/\/www.meydan.tv\/az\/article\/tramp-suriya-meselesinde-turkiyeye-sovdelesme-teklif-edir\/#primaryimage"},"thumbnailUrl":"https:\/\/www.meydan.tv\/wp-content\/uploads\/erdogan_trump_holding_hands_img.jpg","articleSection":["D\u00fcnya"],"inLanguage":"az"},{"@type":"WebPage","@id":"https:\/\/www.meydan.tv\/az\/article\/tramp-suriya-meselesinde-turkiyeye-sovdelesme-teklif-edir\/","url":"https:\/\/www.meydan.tv\/az\/article\/tramp-suriya-meselesinde-turkiyeye-sovdelesme-teklif-edir\/","name":"Tramp Suriya m\u0259s\u0259l\u0259sind\u0259 T\u00fcrkiy\u0259y\u0259 s\u00f6vd\u0259l\u0259\u015fm\u0259 t\u0259klif edir - MEYDAN.TV","isPartOf":{"@id":"https:\/\/www.meydan.tv\/az\/#website"},"primaryImageOfPage":{"@id":"https:\/\/www.meydan.tv\/az\/article\/tramp-suriya-meselesinde-turkiyeye-sovdelesme-teklif-edir\/#primaryimage"},"image":{"@id":"https:\/\/www.meydan.tv\/az\/article\/tramp-suriya-meselesinde-turkiyeye-sovdelesme-teklif-edir\/#primaryimage"},"thumbnailUrl":"https:\/\/www.meydan.tv\/wp-content\/uploads\/erdogan_trump_holding_hands_img.jpg","datePublished":"2019-10-11T17:24:40+00:00","breadcrumb":{"@id":"https:\/\/www.meydan.tv\/az\/article\/tramp-suriya-meselesinde-turkiyeye-sovdelesme-teklif-edir\/#breadcrumb"},"inLanguage":"az","potentialAction":[{"@type":"ReadAction","target":["https:\/\/www.meydan.tv\/az\/article\/tramp-suriya-meselesinde-turkiyeye-sovdelesme-teklif-edir\/"]}]},{"@type":"ImageObject","inLanguage":"az","@id":"https:\/\/www.meydan.tv\/az\/article\/tramp-suriya-meselesinde-turkiyeye-sovdelesme-teklif-edir\/#primaryimage","url":"https:\/\/www.meydan.tv\/wp-content\/uploads\/erdogan_trump_holding_hands_img.jpg","contentUrl":"https:\/\/www.meydan.tv\/wp-content\/uploads\/erdogan_trump_holding_hands_img.jpg","width":1440,"height":907,"caption":"Source: Reuters"},{"@type":"BreadcrumbList","@id":"https:\/\/www.meydan.tv\/az\/article\/tramp-suriya-meselesinde-turkiyeye-sovdelesme-teklif-edir\/#breadcrumb","itemListElement":[{"@type":"ListItem","position":1,"name":"Ana s\u0259hif\u0259","item":"https:\/\/www.meydan.tv\/az\/"},{"@type":"ListItem","position":2,"name":"D\u00fcnya","item":"https:\/\/www.meydan.tv\/az\/section\/dunya\/"},{"@type":"ListItem","position":3,"name":"Tramp Suriya m\u0259s\u0259l\u0259sind\u0259 T\u00fcrkiy\u0259y\u0259 s\u00f6vd\u0259l\u0259\u015fm\u0259 t\u0259klif edir"}]},{"@type":"WebSite","@id":"https:\/\/www.meydan.tv\/az\/#website","url":"https:\/\/www.meydan.tv\/az\/","name":"MEYDAN.TV","description":"Meydan TV Az\u0259rbaycan\u0131n media m\u0259kan\u0131ndak\u0131 alternativ s\u0259sidir","publisher":{"@id":"https:\/\/www.meydan.tv\/az\/#organization"},"potentialAction":[{"@type":"SearchAction","target":{"@type":"EntryPoint","urlTemplate":"https:\/\/www.meydan.tv\/az\/?s={search_term_string}"},"query-input":{"@type":"PropertyValueSpecification","valueRequired":true,"valueName":"search_term_string"}}],"inLanguage":"az"},{"@type":"Organization","@id":"https:\/\/www.meydan.tv\/az\/#organization","name":"Meydan TV","url":"https:\/\/www.meydan.tv\/az\/","logo":{"@type":"ImageObject","inLanguage":"az","@id":"https:\/\/www.meydan.tv\/az\/#\/schema\/logo\/image\/","url":"https:\/\/www.meydan.tv\/wp-content\/uploads\/2021\/07\/meydan-logo.svg","contentUrl":"https:\/\/www.meydan.tv\/wp-content\/uploads\/2021\/07\/meydan-logo.svg","width":195,"height":46,"caption":"Meydan TV"},"image":{"@id":"https:\/\/www.meydan.tv\/az\/#\/schema\/logo\/image\/"}},{"@type":"Person","@id":"https:\/\/www.meydan.tv\/az\/#\/schema\/person\/10d11eccf6da3662cf5fdab9806ea91a","name":"user-manager"}]}},"_links":{"self":[{"href":"https:\/\/www.meydan.tv\/az\/wp-json\/wp\/v2\/posts\/197417","targetHints":{"allow":["GET"]}}],"collection":[{"href":"https:\/\/www.meydan.tv\/az\/wp-json\/wp\/v2\/posts"}],"about":[{"href":"https:\/\/www.meydan.tv\/az\/wp-json\/wp\/v2\/types\/post"}],"author":[{"embeddable":true,"href":"https:\/\/www.meydan.tv\/az\/wp-json\/wp\/v2\/users\/11"}],"replies":[{"embeddable":true,"href":"https:\/\/www.meydan.tv\/az\/wp-json\/wp\/v2\/comments?post=197417"}],"version-history":[{"count":0,"href":"https:\/\/www.meydan.tv\/az\/wp-json\/wp\/v2\/posts\/197417\/revisions"}],"wp:featuredmedia":[{"embeddable":true,"href":"https:\/\/www.meydan.tv\/az\/wp-json\/wp\/v2\/media\/131182"}],"wp:attachment":[{"href":"https:\/\/www.meydan.tv\/az\/wp-json\/wp\/v2\/media?parent=197417"}],"wp:term":[{"taxonomy":"category","embeddable":true,"href":"https:\/\/www.meydan.tv\/az\/wp-json\/wp\/v2\/categories?post=197417"},{"taxonomy":"post_tag","embeddable":true,"href":"https:\/\/www.meydan.tv\/az\/wp-json\/wp\/v2\/tags?post=197417"}],"curies":[{"name":"wp","href":"https:\/\/api.w.org\/{rel}","templated":true}]}}