{"id":197416,"date":"2019-10-11T17:08:16","date_gmt":"2019-10-11T17:08:16","guid":{"rendered":"https:\/\/www.meydan.tv\/article\/almaniyanin-halle-seherinde-bas-vermis-atismada-iki-nefer-oldurulub\/"},"modified":"2019-10-11T17:08:16","modified_gmt":"2019-10-11T17:08:16","slug":"almaniyanin-halle-seherinde-bas-vermis-atismada-iki-nefer-oldurulub","status":"publish","type":"post","link":"https:\/\/www.meydan.tv\/az\/article\/almaniyanin-halle-seherinde-bas-vermis-atismada-iki-nefer-oldurulub\/","title":{"rendered":"Almaniyan\u0131n Halle \u015f\u0259h\u0259rind\u0259 ba\u015f vermi\u015f at\u0131\u015fmada iki n\u0259f\u0259r \u00f6ld\u00fcr\u00fcl\u00fcb"},"content":{"rendered":"<p>\n  \u015e\u0259rqi Almaniyan\u0131n Halle \u015f\u0259h\u0259rind\u0259 ba\u015f ver\u0259n at\u0131\u015fma zaman\u0131 \u0259n az\u0131 iki n\u0259f\u0259rin \u00f6ld\u00fcr\u00fcld\u00fcy\u00fc bildirilir, &#8211; BBC x\u0259b\u0259r verir.\n<\/p>\n<p>\n  Polis bir n\u0259f\u0259rin h\u0259bs edildiyini deyib. Qeyd edilir ki, dig\u0259r \u015f\u00fcbh\u0259lil\u0259r Paulus b\u00f6lg\u0259sind\u0259n qa\u00e7\u0131b.\n<\/p>\n<p>\n  \u015eahidl\u0259r bir silahl\u0131 \u015f\u0259xsin h\u0259rbi kamuflyaj taxd\u0131\u011f\u0131n\u0131 v\u0259 bir ne\u00e7\u0259 silah g\u0259zdirdiyini deyib.\n<\/p>\n<p>\n  \u0130kinci at\u0259\u015f Landsberqd\u0259 qeyd\u0259 al\u0131n\u0131b. Ba\u015f vermi\u015f iki hadis\u0259nin \u0259laq\u0259li olub-olmad\u0131\u011f\u0131 m\u00fc\u0259yy\u0259n edilir.\n<\/p>\n<p>\n  Bir \u015fahid alman \u201cn-tv news\u201d-a deyib ki, kamuflyajda olan bir silahl\u0131 d\u00f6n\u0259r d\u00fckan\u0131na at\u0259\u015f a\u00e7\u0131b.\n<\/p>\n<p>\n  &quot;Adam d\u00f6n\u0259r d\u00fckan\u0131na yax\u0131nla\u015fd\u0131, \u0259l qumbaras\u0131 kimi bir \u015fey atd\u0131, partlamad\u0131. O, daha sonra t\u00fcf\u0259ngl\u0259 at\u0259\u015f a\u00e7d\u0131. Arxamdak\u0131 adam \u00f6lm\u0259li idi &#8230; M\u0259n tualetd\u0259 gizl\u0259ndim&quot;,- \u015fahid hadis\u0259 yerind\u0259n TV m\u00fcxbirin\u0259 bildirib.\n<\/p>\n<p>\n  Alman medias\u0131 x\u0259b\u0259r verir ki, at\u0131\u015fma s\u0259sl\u0259ri h\u0259m\u00e7inin Halled\u0259ki sinaqoqun yax\u0131nl\u0131\u011f\u0131nda da e\u015fidilib. Lakin h\u00fccumun detallar\u0131n\u0131n t\u0259sdiql\u0259nm\u0259diyi bildirilir.\n<\/p>\n<p>\n  Bir \u015fahid deyib ki, h\u00fccum ed\u0259n \u015f\u0259xs q\u0259biristanl\u0131q divar\u0131na benzin bomba v\u0259 ya qumbara at\u0131b. Hadis\u0259 y\u0259hudil\u0259rin \u0259n m\u00fcq\u0259dd\u0259s g\u00fcn\u00fc olan Yom Kippuru qeyd ed\u0259rk\u0259n ba\u015f verib.\n<\/p>\n<p>\n  \u015e\u00fcbh\u0259linin h\u0259bsinin harada ba\u015f verdiyi m\u0259lum deyil. Polis h\u0259l\u0259 d\u0259 sakinl\u0259r\u0259 evl\u0259rind\u0259 qalmalar\u0131 bar\u0259d\u0259 x\u0259b\u0259rdarl\u0131q edir.\n<\/p>\n<p>\n  Almaniyadak\u0131 Y\u0259hudil\u0259r M\u0259rk\u0259zi \u015euras\u0131n\u0131n s\u0259dri Yozef \u015euster (Josef Schuster) h\u00fccumu qiym\u0259tl\u0259ndir\u0259rk\u0259n Almaniyada ifrat sa\u011f\u00e7\u0131l\u0131\u011f\u0131n \u201cyeni keyfiyy\u0259t&quot; qazand\u0131\u011f\u0131n\u0131 s\u00f6yl\u0259yib, &#8211; \u201cDeutsche Well\u201d bildirir.\n<\/p>\n<p>\n  \u201cDeutschlandfunk\u201d radiosuna dan\u0131\u015fan \u015euster sinaqoqa h\u00fccumun Almaniyadak\u0131 y\u0259hudil\u0259r aras\u0131nda narahatl\u0131q yaratd\u0131\u011f\u0131n\u0131 qeyd edib. \u015euster Almaniyada h\u0259ddind\u0259n art\u0131q sa\u011f\u00e7\u0131l\u0131\u011f\u0131 d\u0259st\u0259kl\u0259y\u0259n siyasi inki\u015faf\u0131 m\u00fc\u015fahid\u0259 etdikl\u0259rini v\u0259 buna g\u00f6r\u0259 bel\u0259 bir h\u0259r\u0259k\u0259tin t\u0259\u0259cc\u00fcbl\u00fc olmad\u0131\u011f\u0131n\u0131 bildirib.\n<\/p>\n<p>\n  Bavariyan\u0131n daxili \u0130\u015fl\u0259r naziri Yoaxim Herman (Joachim Herrmann) bu hadis\u0259d\u0259 populist Almaniya \u00fc\u00e7\u00fcn Alternativ Partiyas\u0131n\u0131n (AfD) da m\u0259suliyy\u0259t da\u015f\u0131d\u0131\u011f\u0131n\u0131 qeyd edib. Xristian Sosial Birliyi (CSU) partiyas\u0131ndan olan Herman AfD-li siyas\u0259t\u00e7i By\u00f6rn H\u00f6ke (Bj\u00f6rn H\u00f6cke) kimi siyas\u0259t\u00e7il\u0259rin Almaniyada antisemitizmi yayd\u0131\u011f\u0131n\u0131 iddia edib.\n<\/p>\n<p>\n  Halled\u0259ki h\u00fccumdan sonra prezident Frank Valter \u015etaynmayerin (Frank-Walter Steinmeier) bu g\u00fcn \u015f\u0259h\u0259r\u0259 g\u0259l\u0259c\u0259yi g\u00f6zl\u0259nilir. Daxili i\u015fl\u0259r naziri Horst Zehofer (Seehofer) d\u0259 bu g\u00fcn Halley\u0259 ged\u0259c\u0259k.\n<\/p>\n<p>\n  H\u00fccumla ba\u011fl\u0131 ba\u015flad\u0131lan istintaq davam edir. Federal Prokurorluq c\u00fcm\u0259 ax\u015fam\u0131 \u015f\u00fcbh\u0259linin Ayzlebend\u0259ki (Eisleben) evind\u0259 axtar\u0131\u015f apar\u0131ld\u0131\u011f\u0131n\u0131 bildirib. A\u00e7\u0131qlamada \u015f\u00fcbh\u0259linin \u0259vv\u0259ll\u0259r sa\u011f\u00e7\u0131 kimi he\u00e7 bir qeydiyyata al\u0131nmad\u0131\u011f\u0131 qeyd edilib. Haz\u0131rda cinay\u0259tkar\u0131n sa\u011f\u00e7\u0131larla ortaql\u0131\u011f\u0131n\u0131n olub-olmad\u0131\u011f\u0131 ara\u015fd\u0131r\u0131l\u0131r. Federal Prokurorluq h\u00fccumun sa\u011f v\u0259 antisemit motivl\u0259rl\u0259 t\u0259\u015fkil edildiyini s\u00f6yl\u0259yir.<\/p>\n","protected":false},"excerpt":{"rendered":"<p>Federal Prokurorluq h\u00fccumun sa\u011f v\u0259 antisemit motivl\u0259rl\u0259 t\u0259\u015fkil edildiyini s\u00f6yl\u0259yir.<\/p>\n","protected":false},"author":11,"featured_media":131179,"comment_status":"closed","ping_status":"open","sticky":false,"template":"","format":"standard","meta":{"_acf_changed":false,"_sitemap_exclude":false,"_sitemap_priority":"","_sitemap_frequency":"","footnotes":""},"categories":[64],"tags":[],"class_list":["post-197416","post","type-post","status-publish","format-standard","has-post-thumbnail","hentry","category-dunya","infinite-scroll-item","generate-columns","tablet-grid-50","mobile-grid-100","grid-parent","grid-33","no-featured-image-padding"],"acf":[],"yoast_head":"<!-- This site is optimized with the Yoast SEO plugin v27.5 - https:\/\/yoast.com\/product\/yoast-seo-wordpress\/ -->\n<title>Almaniyan\u0131n Halle \u015f\u0259h\u0259rind\u0259 ba\u015f vermi\u015f at\u0131\u015fmada iki n\u0259f\u0259r \u00f6ld\u00fcr\u00fcl\u00fcb - MEYDAN.TV<\/title>\n<meta name=\"robots\" content=\"index, follow, max-snippet:-1, max-image-preview:large, max-video-preview:-1\" \/>\n<link rel=\"canonical\" href=\"https:\/\/www.meydan.tv\/az\/article\/almaniyanin-halle-seherinde-bas-vermis-atismada-iki-nefer-oldurulub\/\" \/>\n<meta property=\"og:locale\" content=\"az_AZ\" \/>\n<meta property=\"og:type\" content=\"article\" \/>\n<meta property=\"og:title\" content=\"Almaniyan\u0131n Halle \u015f\u0259h\u0259rind\u0259 ba\u015f vermi\u015f at\u0131\u015fmada iki n\u0259f\u0259r \u00f6ld\u00fcr\u00fcl\u00fcb - MEYDAN.TV\" \/>\n<meta property=\"og:description\" content=\"Federal Prokurorluq h\u00fccumun sa\u011f v\u0259 antisemit motivl\u0259rl\u0259 t\u0259\u015fkil edildiyini s\u00f6yl\u0259yir.\" \/>\n<meta property=\"og:url\" content=\"https:\/\/www.meydan.tv\/az\/article\/almaniyanin-halle-seherinde-bas-vermis-atismada-iki-nefer-oldurulub\/\" \/>\n<meta property=\"og:site_name\" content=\"MEYDAN.TV\" \/>\n<meta property=\"article:published_time\" content=\"2019-10-11T17:08:16+00:00\" \/>\n<meta property=\"og:image\" content=\"https:\/\/www.meydan.tv\/wp-content\/uploads\/screenshot_82.png\" \/>\n\t<meta property=\"og:image:width\" content=\"1279\" \/>\n\t<meta property=\"og:image:height\" content=\"717\" \/>\n\t<meta property=\"og:image:type\" content=\"image\/png\" \/>\n<meta name=\"author\" content=\"user-manager\" \/>\n<meta name=\"twitter:card\" content=\"summary_large_image\" \/>\n<script type=\"application\/ld+json\" class=\"yoast-schema-graph\">{\"@context\":\"https:\\\/\\\/schema.org\",\"@graph\":[{\"@type\":\"Article\",\"@id\":\"https:\\\/\\\/www.meydan.tv\\\/az\\\/article\\\/almaniyanin-halle-seherinde-bas-vermis-atismada-iki-nefer-oldurulub\\\/#article\",\"isPartOf\":{\"@id\":\"https:\\\/\\\/www.meydan.tv\\\/az\\\/article\\\/almaniyanin-halle-seherinde-bas-vermis-atismada-iki-nefer-oldurulub\\\/\"},\"author\":{\"name\":\"user-manager\",\"@id\":\"https:\\\/\\\/www.meydan.tv\\\/az\\\/#\\\/schema\\\/person\\\/10d11eccf6da3662cf5fdab9806ea91a\"},\"headline\":\"Almaniyan\u0131n Halle \u015f\u0259h\u0259rind\u0259 ba\u015f vermi\u015f at\u0131\u015fmada iki n\u0259f\u0259r \u00f6ld\u00fcr\u00fcl\u00fcb\",\"datePublished\":\"2019-10-11T17:08:16+00:00\",\"mainEntityOfPage\":{\"@id\":\"https:\\\/\\\/www.meydan.tv\\\/az\\\/article\\\/almaniyanin-halle-seherinde-bas-vermis-atismada-iki-nefer-oldurulub\\\/\"},\"wordCount\":548,\"publisher\":{\"@id\":\"https:\\\/\\\/www.meydan.tv\\\/az\\\/#organization\"},\"image\":{\"@id\":\"https:\\\/\\\/www.meydan.tv\\\/az\\\/article\\\/almaniyanin-halle-seherinde-bas-vermis-atismada-iki-nefer-oldurulub\\\/#primaryimage\"},\"thumbnailUrl\":\"https:\\\/\\\/www.meydan.tv\\\/wp-content\\\/uploads\\\/screenshot_82.png\",\"articleSection\":[\"D\u00fcnya\"],\"inLanguage\":\"az\"},{\"@type\":\"WebPage\",\"@id\":\"https:\\\/\\\/www.meydan.tv\\\/az\\\/article\\\/almaniyanin-halle-seherinde-bas-vermis-atismada-iki-nefer-oldurulub\\\/\",\"url\":\"https:\\\/\\\/www.meydan.tv\\\/az\\\/article\\\/almaniyanin-halle-seherinde-bas-vermis-atismada-iki-nefer-oldurulub\\\/\",\"name\":\"Almaniyan\u0131n Halle \u015f\u0259h\u0259rind\u0259 ba\u015f vermi\u015f at\u0131\u015fmada iki n\u0259f\u0259r \u00f6ld\u00fcr\u00fcl\u00fcb - MEYDAN.TV\",\"isPartOf\":{\"@id\":\"https:\\\/\\\/www.meydan.tv\\\/az\\\/#website\"},\"primaryImageOfPage\":{\"@id\":\"https:\\\/\\\/www.meydan.tv\\\/az\\\/article\\\/almaniyanin-halle-seherinde-bas-vermis-atismada-iki-nefer-oldurulub\\\/#primaryimage\"},\"image\":{\"@id\":\"https:\\\/\\\/www.meydan.tv\\\/az\\\/article\\\/almaniyanin-halle-seherinde-bas-vermis-atismada-iki-nefer-oldurulub\\\/#primaryimage\"},\"thumbnailUrl\":\"https:\\\/\\\/www.meydan.tv\\\/wp-content\\\/uploads\\\/screenshot_82.png\",\"datePublished\":\"2019-10-11T17:08:16+00:00\",\"breadcrumb\":{\"@id\":\"https:\\\/\\\/www.meydan.tv\\\/az\\\/article\\\/almaniyanin-halle-seherinde-bas-vermis-atismada-iki-nefer-oldurulub\\\/#breadcrumb\"},\"inLanguage\":\"az\",\"potentialAction\":[{\"@type\":\"ReadAction\",\"target\":[\"https:\\\/\\\/www.meydan.tv\\\/az\\\/article\\\/almaniyanin-halle-seherinde-bas-vermis-atismada-iki-nefer-oldurulub\\\/\"]}]},{\"@type\":\"ImageObject\",\"inLanguage\":\"az\",\"@id\":\"https:\\\/\\\/www.meydan.tv\\\/az\\\/article\\\/almaniyanin-halle-seherinde-bas-vermis-atismada-iki-nefer-oldurulub\\\/#primaryimage\",\"url\":\"https:\\\/\\\/www.meydan.tv\\\/wp-content\\\/uploads\\\/screenshot_82.png\",\"contentUrl\":\"https:\\\/\\\/www.meydan.tv\\\/wp-content\\\/uploads\\\/screenshot_82.png\",\"width\":1279,\"height\":717,\"caption\":\"Source: Google\"},{\"@type\":\"BreadcrumbList\",\"@id\":\"https:\\\/\\\/www.meydan.tv\\\/az\\\/article\\\/almaniyanin-halle-seherinde-bas-vermis-atismada-iki-nefer-oldurulub\\\/#breadcrumb\",\"itemListElement\":[{\"@type\":\"ListItem\",\"position\":1,\"name\":\"Ana s\u0259hif\u0259\",\"item\":\"https:\\\/\\\/www.meydan.tv\\\/az\\\/\"},{\"@type\":\"ListItem\",\"position\":2,\"name\":\"D\u00fcnya\",\"item\":\"https:\\\/\\\/www.meydan.tv\\\/az\\\/section\\\/dunya\\\/\"},{\"@type\":\"ListItem\",\"position\":3,\"name\":\"Almaniyan\u0131n Halle \u015f\u0259h\u0259rind\u0259 ba\u015f vermi\u015f at\u0131\u015fmada iki n\u0259f\u0259r \u00f6ld\u00fcr\u00fcl\u00fcb\"}]},{\"@type\":\"WebSite\",\"@id\":\"https:\\\/\\\/www.meydan.tv\\\/az\\\/#website\",\"url\":\"https:\\\/\\\/www.meydan.tv\\\/az\\\/\",\"name\":\"MEYDAN.TV\",\"description\":\"Meydan TV Az\u0259rbaycan\u0131n media m\u0259kan\u0131ndak\u0131 alternativ s\u0259sidir\",\"publisher\":{\"@id\":\"https:\\\/\\\/www.meydan.tv\\\/az\\\/#organization\"},\"potentialAction\":[{\"@type\":\"SearchAction\",\"target\":{\"@type\":\"EntryPoint\",\"urlTemplate\":\"https:\\\/\\\/www.meydan.tv\\\/az\\\/?s={search_term_string}\"},\"query-input\":{\"@type\":\"PropertyValueSpecification\",\"valueRequired\":true,\"valueName\":\"search_term_string\"}}],\"inLanguage\":\"az\"},{\"@type\":\"Organization\",\"@id\":\"https:\\\/\\\/www.meydan.tv\\\/az\\\/#organization\",\"name\":\"Meydan TV\",\"url\":\"https:\\\/\\\/www.meydan.tv\\\/az\\\/\",\"logo\":{\"@type\":\"ImageObject\",\"inLanguage\":\"az\",\"@id\":\"https:\\\/\\\/www.meydan.tv\\\/az\\\/#\\\/schema\\\/logo\\\/image\\\/\",\"url\":\"https:\\\/\\\/www.meydan.tv\\\/wp-content\\\/uploads\\\/2021\\\/07\\\/meydan-logo.svg\",\"contentUrl\":\"https:\\\/\\\/www.meydan.tv\\\/wp-content\\\/uploads\\\/2021\\\/07\\\/meydan-logo.svg\",\"width\":195,\"height\":46,\"caption\":\"Meydan TV\"},\"image\":{\"@id\":\"https:\\\/\\\/www.meydan.tv\\\/az\\\/#\\\/schema\\\/logo\\\/image\\\/\"}},{\"@type\":\"Person\",\"@id\":\"https:\\\/\\\/www.meydan.tv\\\/az\\\/#\\\/schema\\\/person\\\/10d11eccf6da3662cf5fdab9806ea91a\",\"name\":\"user-manager\"}]}<\/script>\n<!-- \/ Yoast SEO plugin. -->","yoast_head_json":{"title":"Almaniyan\u0131n Halle \u015f\u0259h\u0259rind\u0259 ba\u015f vermi\u015f at\u0131\u015fmada iki n\u0259f\u0259r \u00f6ld\u00fcr\u00fcl\u00fcb - MEYDAN.TV","robots":{"index":"index","follow":"follow","max-snippet":"max-snippet:-1","max-image-preview":"max-image-preview:large","max-video-preview":"max-video-preview:-1"},"canonical":"https:\/\/www.meydan.tv\/az\/article\/almaniyanin-halle-seherinde-bas-vermis-atismada-iki-nefer-oldurulub\/","og_locale":"az_AZ","og_type":"article","og_title":"Almaniyan\u0131n Halle \u015f\u0259h\u0259rind\u0259 ba\u015f vermi\u015f at\u0131\u015fmada iki n\u0259f\u0259r \u00f6ld\u00fcr\u00fcl\u00fcb - MEYDAN.TV","og_description":"Federal Prokurorluq h\u00fccumun sa\u011f v\u0259 antisemit motivl\u0259rl\u0259 t\u0259\u015fkil edildiyini s\u00f6yl\u0259yir.","og_url":"https:\/\/www.meydan.tv\/az\/article\/almaniyanin-halle-seherinde-bas-vermis-atismada-iki-nefer-oldurulub\/","og_site_name":"MEYDAN.TV","article_published_time":"2019-10-11T17:08:16+00:00","og_image":[{"width":1279,"height":717,"url":"https:\/\/www.meydan.tv\/wp-content\/uploads\/screenshot_82.png","type":"image\/png"}],"author":"user-manager","twitter_card":"summary_large_image","schema":{"@context":"https:\/\/schema.org","@graph":[{"@type":"Article","@id":"https:\/\/www.meydan.tv\/az\/article\/almaniyanin-halle-seherinde-bas-vermis-atismada-iki-nefer-oldurulub\/#article","isPartOf":{"@id":"https:\/\/www.meydan.tv\/az\/article\/almaniyanin-halle-seherinde-bas-vermis-atismada-iki-nefer-oldurulub\/"},"author":{"name":"user-manager","@id":"https:\/\/www.meydan.tv\/az\/#\/schema\/person\/10d11eccf6da3662cf5fdab9806ea91a"},"headline":"Almaniyan\u0131n Halle \u015f\u0259h\u0259rind\u0259 ba\u015f vermi\u015f at\u0131\u015fmada iki n\u0259f\u0259r \u00f6ld\u00fcr\u00fcl\u00fcb","datePublished":"2019-10-11T17:08:16+00:00","mainEntityOfPage":{"@id":"https:\/\/www.meydan.tv\/az\/article\/almaniyanin-halle-seherinde-bas-vermis-atismada-iki-nefer-oldurulub\/"},"wordCount":548,"publisher":{"@id":"https:\/\/www.meydan.tv\/az\/#organization"},"image":{"@id":"https:\/\/www.meydan.tv\/az\/article\/almaniyanin-halle-seherinde-bas-vermis-atismada-iki-nefer-oldurulub\/#primaryimage"},"thumbnailUrl":"https:\/\/www.meydan.tv\/wp-content\/uploads\/screenshot_82.png","articleSection":["D\u00fcnya"],"inLanguage":"az"},{"@type":"WebPage","@id":"https:\/\/www.meydan.tv\/az\/article\/almaniyanin-halle-seherinde-bas-vermis-atismada-iki-nefer-oldurulub\/","url":"https:\/\/www.meydan.tv\/az\/article\/almaniyanin-halle-seherinde-bas-vermis-atismada-iki-nefer-oldurulub\/","name":"Almaniyan\u0131n Halle \u015f\u0259h\u0259rind\u0259 ba\u015f vermi\u015f at\u0131\u015fmada iki n\u0259f\u0259r \u00f6ld\u00fcr\u00fcl\u00fcb - MEYDAN.TV","isPartOf":{"@id":"https:\/\/www.meydan.tv\/az\/#website"},"primaryImageOfPage":{"@id":"https:\/\/www.meydan.tv\/az\/article\/almaniyanin-halle-seherinde-bas-vermis-atismada-iki-nefer-oldurulub\/#primaryimage"},"image":{"@id":"https:\/\/www.meydan.tv\/az\/article\/almaniyanin-halle-seherinde-bas-vermis-atismada-iki-nefer-oldurulub\/#primaryimage"},"thumbnailUrl":"https:\/\/www.meydan.tv\/wp-content\/uploads\/screenshot_82.png","datePublished":"2019-10-11T17:08:16+00:00","breadcrumb":{"@id":"https:\/\/www.meydan.tv\/az\/article\/almaniyanin-halle-seherinde-bas-vermis-atismada-iki-nefer-oldurulub\/#breadcrumb"},"inLanguage":"az","potentialAction":[{"@type":"ReadAction","target":["https:\/\/www.meydan.tv\/az\/article\/almaniyanin-halle-seherinde-bas-vermis-atismada-iki-nefer-oldurulub\/"]}]},{"@type":"ImageObject","inLanguage":"az","@id":"https:\/\/www.meydan.tv\/az\/article\/almaniyanin-halle-seherinde-bas-vermis-atismada-iki-nefer-oldurulub\/#primaryimage","url":"https:\/\/www.meydan.tv\/wp-content\/uploads\/screenshot_82.png","contentUrl":"https:\/\/www.meydan.tv\/wp-content\/uploads\/screenshot_82.png","width":1279,"height":717,"caption":"Source: Google"},{"@type":"BreadcrumbList","@id":"https:\/\/www.meydan.tv\/az\/article\/almaniyanin-halle-seherinde-bas-vermis-atismada-iki-nefer-oldurulub\/#breadcrumb","itemListElement":[{"@type":"ListItem","position":1,"name":"Ana s\u0259hif\u0259","item":"https:\/\/www.meydan.tv\/az\/"},{"@type":"ListItem","position":2,"name":"D\u00fcnya","item":"https:\/\/www.meydan.tv\/az\/section\/dunya\/"},{"@type":"ListItem","position":3,"name":"Almaniyan\u0131n Halle \u015f\u0259h\u0259rind\u0259 ba\u015f vermi\u015f at\u0131\u015fmada iki n\u0259f\u0259r \u00f6ld\u00fcr\u00fcl\u00fcb"}]},{"@type":"WebSite","@id":"https:\/\/www.meydan.tv\/az\/#website","url":"https:\/\/www.meydan.tv\/az\/","name":"MEYDAN.TV","description":"Meydan TV Az\u0259rbaycan\u0131n media m\u0259kan\u0131ndak\u0131 alternativ s\u0259sidir","publisher":{"@id":"https:\/\/www.meydan.tv\/az\/#organization"},"potentialAction":[{"@type":"SearchAction","target":{"@type":"EntryPoint","urlTemplate":"https:\/\/www.meydan.tv\/az\/?s={search_term_string}"},"query-input":{"@type":"PropertyValueSpecification","valueRequired":true,"valueName":"search_term_string"}}],"inLanguage":"az"},{"@type":"Organization","@id":"https:\/\/www.meydan.tv\/az\/#organization","name":"Meydan TV","url":"https:\/\/www.meydan.tv\/az\/","logo":{"@type":"ImageObject","inLanguage":"az","@id":"https:\/\/www.meydan.tv\/az\/#\/schema\/logo\/image\/","url":"https:\/\/www.meydan.tv\/wp-content\/uploads\/2021\/07\/meydan-logo.svg","contentUrl":"https:\/\/www.meydan.tv\/wp-content\/uploads\/2021\/07\/meydan-logo.svg","width":195,"height":46,"caption":"Meydan TV"},"image":{"@id":"https:\/\/www.meydan.tv\/az\/#\/schema\/logo\/image\/"}},{"@type":"Person","@id":"https:\/\/www.meydan.tv\/az\/#\/schema\/person\/10d11eccf6da3662cf5fdab9806ea91a","name":"user-manager"}]}},"_links":{"self":[{"href":"https:\/\/www.meydan.tv\/az\/wp-json\/wp\/v2\/posts\/197416","targetHints":{"allow":["GET"]}}],"collection":[{"href":"https:\/\/www.meydan.tv\/az\/wp-json\/wp\/v2\/posts"}],"about":[{"href":"https:\/\/www.meydan.tv\/az\/wp-json\/wp\/v2\/types\/post"}],"author":[{"embeddable":true,"href":"https:\/\/www.meydan.tv\/az\/wp-json\/wp\/v2\/users\/11"}],"replies":[{"embeddable":true,"href":"https:\/\/www.meydan.tv\/az\/wp-json\/wp\/v2\/comments?post=197416"}],"version-history":[{"count":0,"href":"https:\/\/www.meydan.tv\/az\/wp-json\/wp\/v2\/posts\/197416\/revisions"}],"wp:featuredmedia":[{"embeddable":true,"href":"https:\/\/www.meydan.tv\/az\/wp-json\/wp\/v2\/media\/131179"}],"wp:attachment":[{"href":"https:\/\/www.meydan.tv\/az\/wp-json\/wp\/v2\/media?parent=197416"}],"wp:term":[{"taxonomy":"category","embeddable":true,"href":"https:\/\/www.meydan.tv\/az\/wp-json\/wp\/v2\/categories?post=197416"},{"taxonomy":"post_tag","embeddable":true,"href":"https:\/\/www.meydan.tv\/az\/wp-json\/wp\/v2\/tags?post=197416"}],"curies":[{"name":"wp","href":"https:\/\/api.w.org\/{rel}","templated":true}]}}