{"id":197407,"date":"2019-10-11T13:42:41","date_gmt":"2019-10-11T13:42:41","guid":{"rendered":"https:\/\/www.meydan.tv\/article\/kecmis-nezaretci-muhendis-isiqsiz-qalmasinlar-deye-abonentlerin-borcunu-oz-hesabima-odeyirdim\/"},"modified":"2019-10-11T13:42:41","modified_gmt":"2019-10-11T13:42:41","slug":"kecmis-nezaretci-muhendis-isiqsiz-qalmasinlar-deye-abonentlerin-borcunu-oz-hesabima-odeyirdim","status":"publish","type":"post","link":"https:\/\/www.meydan.tv\/az\/article\/kecmis-nezaretci-muhendis-isiqsiz-qalmasinlar-deye-abonentlerin-borcunu-oz-hesabima-odeyirdim\/","title":{"rendered":"Ke\u00e7mi\u015f n\u0259zar\u0259t\u00e7i-m\u00fch\u0259ndis: \u0130\u015f\u0131qs\u0131z qalmas\u0131nlar dey\u0259, abonentl\u0259rin borcunu \u00f6z hesab\u0131ma \u00f6d\u0259yirdim"},"content":{"rendered":"<p>\n  <i><br \/>\n    R\u00f6v\u015f\u0259n M\u0259mm\u0259dov deyir, i\u015fd\u0259n \u00e7\u0131xar\u0131lmas\u0131 qanunsuzdur, m\u0259hk\u0259m\u0259l\u0259rd\u0259 is\u0259 \u0259dal\u0259t\u0259 yer yoxdur<br \/>\n  <\/i>\n<\/p>\n<p>\n  \u201cT\u0259z\u0259 r\u0259is dir\u0259\u015fmi\u015fdi ki, borcu olanlar\u0131n ham\u0131s\u0131n\u0131n i\u015f\u0131\u011f\u0131n\u0131 k\u0259s. Dedim, r\u0259is, evind\u0259 x\u0259st\u0259 k\u00f6rp\u0259si olan\u0131, qocas\u0131, \u0259lili var&#8230; Borclar\u0131 da b\u00f6y\u00fck deyil. Allah g\u00f6t\u00fcrm\u0259z ax\u0131, m\u0259n onlar\u0131 nec\u0259 qaranl\u0131qda qoyum? 1 g\u00fcn \u0259rzind\u0259 \u00f6z cibimd\u0259n abonentl\u0259r \u00fc\u00e7\u00fcn \u00fcmumilikd\u0259 287 manat pul \u00f6d\u0259mi\u015f\u0259m ki, i\u015f\u0131qlar\u0131n\u0131 k\u0259sm\u0259yim. 5 manat bunun borcu, 10 manat onun borcu&#8230;Bu h\u0259r\u0259k\u0259tim r\u0259isi q\u0131c\u0131qland\u0131rd\u0131, m\u0259ni i\u015fd\u0259n qovdu. Halbuki, \u00f6z\u00fcn\u00fcn 1000-1500 manat borcu olan yerlil\u0259ri vard\u0131, tap\u015f\u0131r\u0131rd\u0131 ki, filan-filan \u00fcnvanlara getm\u0259, la\u00e7\u0131nl\u0131lar\u0131n i\u015f\u0131\u011f\u0131na d\u0259ym\u0259&#8230;\u201d\n<\/p>\n<p>\n  Meydan TV-y\u0259 dan\u0131\u015fan A\u011fc\u0259b\u0259di sakini R\u00f6v\u015f\u0259n M\u0259mm\u0259dov 2 ild\u0259n \u00e7ox A\u011fcab\u0259di rayon Elekrtik \u015e\u0259b\u0259k\u0259sind\u0259 n\u0259zar\u0259t\u00e7i-m\u00fch\u0259ndis i\u015fl\u0259yib. \u00d6t\u0259n ilin iyul ay\u0131nda i\u015fd\u0259n \u00e7\u0131xar\u0131l\u0131b. Deyir, h\u0259r \u015fey \u201cAz\u0259ri\u015f\u0131q\u201d ASC-nin Aran Regional Elektrik T\u0259chizat\u0131 v\u0259 Sat\u0131\u015f\u0131 \u0130dar\u0259sinin r\u0259hb\u0259rliyi A\u011fcab\u0259di rayon \u015f\u00f6b\u0259sin\u0259 yeri r\u0259is t\u0259yin ed\u0259nd\u0259n sonra ba\u015f verib. Onun s\u00f6zl\u0259rin\u0259 g\u00f6r\u0259, t\u0259z\u0259 r\u0259is Fariz \u0130smay\u0131lov k\u00f6hn\u0259 i\u015f\u00e7il\u0259rl\u0259 q\u0259r\u0259z\u00e7ilik apararaq onlar\u0131 i\u015fd\u0259n \u00e7\u0131xar\u0131b. \u0130\u015fd\u0259n \u00e7\u0131xar\u0131lanlar\u0131n b\u0259zil\u0259ri sonradan m\u00fcxt\u0259lif yollarla yeni r\u0259isl\u0259 dil taparaq i\u015fin\u0259 qay\u0131d\u0131b, b\u0259zil\u0259ri m\u0259hk\u0259m\u0259l\u0259rd\u0259 hakiml\u0259r\u0259 yol taparaq i\u015fin\u0259 m\u0259hk\u0259m\u0259 yolu il\u0259 b\u0259rpa olunub. O is\u0259 yaln\u0131z Az\u0259rbaycan Respublikas\u0131n\u0131n qanunlar\u0131na s\u00f6yk\u0259nib, deyir, n\u0259 pulu, n\u0259 d\u0259 arxas\u0131nda dayanan\u0131 olmad\u0131\u011f\u0131na g\u00f6r\u0259, m\u0259hk\u0259m\u0259l\u0259r onun i\u015f\u0259 b\u0259rpas\u0131 t\u0259l\u0259bini t\u0259min etm\u0259yib.\n<\/p>\n<p>\n  <b><br \/>\n    \u201cD\u00f6vl\u0259tin mal\u0131n\u0131 d\u0259d\u0259 mal\u0131 kimi da\u011f\u0131d\u0131rd\u0131lar\u201d<br \/>\n  <\/b>\n<\/p>\n<p>\n  R\u00f6v\u015f\u0259n M\u0259mm\u0259dov i\u015fd\u0259n \u00e7\u0131xar\u0131lmas\u0131n\u0131n s\u0259b\u0259bl\u0259rini sadalamaqda davam edir:\n<\/p>\n<p>\n  \u201cM\u0259niml\u0259 q\u0259r\u0259z\u00e7ilik apar\u0131rd\u0131. \u00c7\u00fcnki qanunsuz h\u0259r\u0259k\u0259tl\u0259rin\u0259 susmurdum. D\u00f6vl\u0259tin mal\u0131n\u0131 d\u0259d\u0259 mal\u0131 kimi da\u011f\u0131d\u0131rd\u0131lar, etiraz edirdim. B\u00fct\u00fcn bunlar\u0131n n\u0259tic\u0259si idi ki, \u00e7al\u0131\u015f\u0131rd\u0131 m\u0259ni \u00f6z xidm\u0259ti yerimd\u0259n \u201cs\u00fcrg\u00fcn\u201d el\u0259sin, \u0259vv\u0259lc\u0259 uzaq k\u0259ndl\u0259r\u0259 g\u00f6nd\u0259rirdi, sonra \u00f6z\u00fcmd\u0259n x\u0259b\u0259rsiz xidm\u0259ti yerimi d\u0259yi\u015fdi. M\u0259n bundan yeni xidm\u0259ti v\u0259siq\u0259m veril\u0259nd\u0259 x\u0259b\u0259r tutdum. Baxd\u0131m ki, xidm\u0259ti \u0259razim La\u00e7\u0131n sah\u0259si g\u00f6st\u0259rilib. Soru\u015fdum, bu, kimin a\u011fl\u0131na g\u0259lib? M\u0259nim xidm\u0259ti \u0259razim A\u011fcab\u0259didir. Dedirl\u0259r, r\u0259is bel\u0259 m\u0259sl\u0259h\u0259t g\u00f6rd\u00fc\u201d.\n<\/p>\n<figure class=\"wp-block-image size-large\">\n  <img decoding=\"async\" src=\"https:\/\/www.meydan.tv\/az\/image_from_ios-16-jpg-5\/\" alt=\"image_from_ios (16).jpg\" class=\"wp-image-131163\"\/><figcaption>\n    Bak\u0131 Apelyasiya M\u0259hk\u0259m\u0259sinin q\u0259tnam\u0259si<br \/>\n  <\/figcaption><\/figure>\n<p>\n  <b><br \/>\n    \u201cM\u00fcqavil\u0259l\u0259r saxta idi\u201d<br \/>\n  <\/b>\n<\/p>\n<p>\n  R\u00f6v\u015f\u0259n M\u0259mm\u0259dov deyir, i\u015f\u0259 g\u00f6t\u00fcr\u00fcl\u0259rk\u0259n onunla yaln\u0131z 1 ayl\u0131q s\u0131naq m\u00fcdd\u0259ti m\u00fcqavil\u0259si ba\u011flan\u0131b. Sonrak\u0131 vaxtlarda m\u00fcqavil\u0259 ba\u011flanmay\u0131b. Ancaq m\u0259hk\u0259m\u0259 vaxt\u0131 qar\u015f\u0131 t\u0259r\u0259f m\u0259hk\u0259m\u0259y\u0259 guya vaxtil\u0259 onunla ba\u011flanm\u0131\u015f m\u00fcqavil\u0259l\u0259r t\u0259qdim edib:\n<\/p>\n<p>\n  \u201cR\u0259hb\u0259rlik \u00f6ba\u015f\u0131nal\u0131q ed\u0259r\u0259k guya m\u0259ni 3 ayl\u0131\u011fa m\u00fcdd\u0259tli i\u015f\u0259 g\u00f6t\u00fcrd\u00fcy\u00fcn\u00fc yaz\u0131b. Guya sonralar da m\u00fcqavil\u0259nin m\u00fcdd\u0259ti bitdikc\u0259, h\u0259r d\u0259f\u0259 3 ayl\u0131q m\u00fcqavil\u0259 ba\u011flan\u0131b v\u0259 ilyar\u0131m \u0259vv\u0259l n\u00f6vb\u0259ti 3 ayl\u0131q m\u00fcqavil\u0259nin m\u00fcdd\u0259ti bitdikd\u0259n sonra \u015f\u0259b\u0259k\u0259 r\u0259hb\u0259rliyi n\u00f6vb\u0259ti m\u00fcqavil\u0259ni ba\u011flamay\u0131b. S\u0259b\u0259b kimi g\u00f6st\u0259rib ki, m\u0259n i\u015f davamiyy\u0259tini pozmu\u015fam, halbuki, h\u0259r g\u00fcn i\u015fd\u0259 olma\u011f\u0131mla ba\u011fl\u0131 tabeld\u0259 g\u00fcnd\u0259lik imzalar\u0131m vard\u0131. R\u0259hm\u0259rlik m\u0259niml\u0259 3 aydan bir m\u00fcqavil\u0259 ba\u011flad\u0131\u011f\u0131n\u0131 bildirs\u0259 d\u0259, m\u0259n\u0259 verdiyi xidm\u0259ti v\u0259siq\u0259nin etibarl\u0131l\u0131q m\u00fcdd\u0259ti 31 dekabr 2020-ci il tarix\u0259d\u0259k idi. M\u0259hk\u0259m\u0259d\u0259 sual verdim ki, bu m\u00fcqavil\u0259l\u0259r m\u00fcdd\u0259tli idis\u0259, m\u00fcdd\u0259tli m\u00fcqavil\u0259yl\u0259 i\u015fl\u0259y\u0259n i\u015f\u00e7iy\u0259 niy\u0259 2021-ci il\u0259d\u0259k etibarl\u0131 olan xidm\u0259ti v\u0259siq\u0259 verilib? Susdular&#8230;\u201d\n<\/p>\n<p>\n  <b><br \/>\n    \u201cR\u0259is i\u015f\u00e7il\u0259r\u0259 v\u0259zif\u0259d\u0259nk\u0259nar i\u015fl\u0259r g\u00f6rd\u00fcr\u00fcrd\u00fc\u201d<br \/>\n  <\/b>\n<\/p>\n<p>\n  R\u00f6v\u015f\u0259n M\u0259mm\u0259dov hesab edir ki, n\u0259zar\u0259t\u00e7i-m\u00fch\u0259ndis v\u0259zif\u0259si daimi xarakterli i\u015f oldu\u011fundan m\u00fcqavil\u0259l\u0259rin m\u00fcdd\u0259tli ba\u011flanmas\u0131 qanunsuz olub:\n<\/p>\n<p>\n  \u201cT\u0259z\u0259 r\u0259is i\u015f\u0259 ba\u015flad\u0131\u011f\u0131 ilk g\u00fcnl\u0259rd\u0259n i\u015f\u00e7il\u0259rl\u0259 yax\u015f\u0131 m\u00fcnasib\u0259t qurmu\u015fdu. Ancaq sonradan probleml\u0259r ba\u015flad\u0131. Qanunla n\u0259zar\u0259t\u00e7i-m\u00fch\u0259ndisin v\u0259zif\u0259si say\u011faclar\u0131n \u00fcst\u00fcn\u00fcn oxunmas\u0131, x\u0259tl\u0259rd\u0259ki nasazl\u0131\u011f\u0131, o\u011furlu\u011fu a\u015fkar edib r\u0259hb\u0259rliy\u0259 m\u0259ruz\u0259 etm\u0259kd\u0259n ibar\u0259tdir. Qap\u0131-qap\u0131 d\u00fc\u015f\u00fcb abonentl\u0259rd\u0259n i\u015f\u0131q\u011fulu toplamaq, borcu olan\u0131n i\u015f\u0131\u011f\u0131n\u0131 k\u0259sm\u0259k bizim v\u0259zif\u0259miz\u0259 daxil deyil. T\u0259z\u0259 r\u0259hb\u0259rlik bunu bizd\u0259n t\u0259l\u0259b edirdi. M\u0259n d\u0259 yuxar\u0131 qeyd etdiyim kimi, x\u0259st\u0259nin, \u0259lilin, \u0259li k\u00f6rp\u0259li ail\u0259l\u0259rin i\u015f\u0131\u011f\u0131n\u0131 k\u0259smirdim. T\u0259z\u0259 r\u0259hb\u0259rlik d\u0259 m\u0259niml\u0259 q\u0259r\u0259zi \u0259n iyr\u0259nc formalarda davam etdirirdi. M\u0259s\u0259l\u0259n, \u00e7ox yax\u0131n qohumumu itirmi\u015fdim, ba\u015f\u0131m m\u00f6hk\u0259m qar\u0131\u015f\u0131q idi, \u00fcz\u00fcm\u00fc t\u0259ra\u015f etm\u0259y\u0259 imkan tapmam\u0131\u015fd\u0131m. Bu v\u0259ziyy\u0259td\u0259 i\u015f\u0259 getm\u0259li oldum, tabel\u0259 qol \u00e7\u0259kib h\u00fczr yerin\u0259 qay\u0131tmaq ist\u0259y\u0259nd\u0259 m\u0259ni yan\u0131na \u00e7a\u011f\u0131rd\u0131. Dedi: \u201cBundan sonra atan, anan da \u00f6ls\u0259, \u00fcz\u00fcn\u00fc t\u00fckl\u00fc g\u00f6rm\u0259yim\u201d. Bu, bir m\u00fc\u0259ssis\u0259 r\u0259hb\u0259ri t\u0259r\u0259find\u0259n i\u015f\u00e7isin\u0259 qar\u015f\u0131 olduqca qeyri-etik davran\u0131\u015f idi. Ox\u015far davran\u0131\u015flar tez-tez ba\u015f verirdi\u201d.\n<\/p>\n<figure class=\"wp-block-image size-large\">\n  <img decoding=\"async\" src=\"https:\/\/www.meydan.tv\/az\/image_from_ios_15_r1dqls0\/\" alt=\"image_from_ios_15_r1dqls0\" class=\"wp-image-131160\"\/><figcaption>\n    H\u0259mkarlar \u0130ttifaq\u0131n\u0131n cavab m\u0259ktubu<br \/>\n  <\/figcaption><\/figure>\n<p>\n  <b><br \/>\n    \u201cHakiml\u0259r i\u015f\u0259 \u0259dal\u0259tsiz yana\u015fd\u0131\u201d<br \/>\n  <\/b>\n<\/p>\n<p>\n  \u201cAz\u0259ri\u015f\u0131q\u201d ASC-nin Aran Regional Elektrik T\u0259chizat\u0131 v\u0259 Sat\u0131\u015f\u0131 \u0130dar\u0259sinin A\u011fcab\u0259di rayon \u015f\u00f6b\u0259sind\u0259n Meydan TV-y\u0259 bildirilib ki, ke\u00e7mi\u015f n\u0259zar\u0259t\u00e7i-m\u00fch\u0259ndis R\u00f6v\u015f\u0259n M\u0259mm\u0259dov m\u0259hk\u0259m\u0259y\u0259 m\u00fcraci\u0259t edib. Onun iddias\u0131na v\u0259 \u015fikay\u0259tl\u0259rin\u0259 h\u0259m birinci, h\u0259m d\u0259 yuxar\u0131 instansiya m\u0259hk\u0259m\u0259l\u0259ri bax\u0131b, ancaq t\u0259min etm\u0259yib.\n<\/p>\n<p>\n  R\u00f6v\u015f\u0259n M\u0259mm\u0259dov N\u0259simi Rayon M\u0259hk\u0259m\u0259sind\u0259 \u201cAz\u0259ri\u015f\u0131q\u201d ASC-y\u0259 qar\u015f\u0131 \u201ci\u015f\u0259 b\u0259rpa v\u0259 m\u0259cburi i\u015fburaxma m\u00fcdd\u0259tin\u0259 g\u00f6r\u0259 \u0259m\u0259khaqq\u0131\u201d iddias\u0131 qald\u0131r\u0131b. O, m\u0259hk\u0259m\u0259l\u0259r\u0259 bildirib ki, tabel kitablar\u0131ndak\u0131 davamiyy\u0259tl\u0259 ba\u011fl\u0131 g\u00fcnd\u0259lik imzalar\u0131 idar\u0259nin i\u015f\u00e7isi t\u0259r\u0259find\u0259n q\u0259sd\u0259n pozulub. M\u0259hk\u0259m\u0259l\u0259r\u0259 tabell\u0259rd\u0259ki imzalar\u0131n yerini \u0259ks etdir\u0259n videog\u00f6r\u00fcnt\u00fc d\u0259 t\u0259qdim edib. V\u0259sat\u0259t qald\u0131r\u0131b ki, tabell\u0259r m\u0259hk\u0259m\u0259y\u0259 g\u0259tirilsin v\u0259 bax\u0131\u015f ke\u00e7irilsin. Ancaq hakiml\u0259r n\u0259 videog\u00f6r\u00fcnt\u00fcy\u0259 bax\u0131b, n\u0259 d\u0259 tabell\u0259rin m\u0259hk\u0259m\u0259y\u0259 g\u0259tirilm\u0259sini t\u0259min edib. R\u00f6v\u015f\u0259n M\u0259mm\u0259dov deyir, iddialar\u0131, t\u0259l\u0259bl\u0259ri tam qanuni olsa da, hakiml\u0259r i\u015f\u0259 \u0259dal\u0259tsiz bax\u0131b.\n<\/p>\n<p>\n  R\u00f6v\u015f\u0259n M\u0259mm\u0259dov \u201cAz\u0259ri\u015f\u0131q\u201d ASC-nin Aran Regional Elektrik T\u0259chizat\u0131 v\u0259 Sat\u0131\u015f\u0131 \u0130dar\u0259sinin A\u011fcab\u0259di rayon \u015f\u00f6b\u0259sind\u0259 ba\u015f ver\u0259nl\u0259rl\u0259 ba\u011fl\u0131 prezident \u0130lham \u018fliyev\u0259 d\u0259 m\u00fcraci\u0259t edib.\n<\/p>\n<figure class=\"wp-block-image size-large\">\n  <img decoding=\"async\" src=\"https:\/\/www.meydan.tv\/az\/image_from_ios-14-jpg-6\/\" alt=\"image_from_ios (14).jpg\" class=\"wp-image-131157\"\/><figcaption>\n    \u201cAz\u0259ri\u015f\u0131q\u201d ASC-nin v\u0259siq\u0259si<br \/>\n  <\/figcaption><\/figure>\n","protected":false},"excerpt":{"rendered":"<p>1 g\u00fcn \u0259rzind\u0259 \u00f6z cibimd\u0259n abonentl\u0259r \u00fc\u00e7\u00fcn \u00fcmumilikd\u0259 287 manat pul \u00f6d\u0259mi\u015f\u0259m ki, i\u015f\u0131qlar\u0131n\u0131 k\u0259sm\u0259yim.<\/p>\n","protected":false},"author":11,"featured_media":131176,"comment_status":"closed","ping_status":"open","sticky":false,"template":"","format":"standard","meta":{"_acf_changed":false,"_sitemap_exclude":false,"_sitemap_priority":"","_sitemap_frequency":"","footnotes":""},"categories":[60],"tags":[],"class_list":["post-197407","post","type-post","status-publish","format-standard","has-post-thumbnail","hentry","category-bolge","infinite-scroll-item","generate-columns","tablet-grid-50","mobile-grid-100","grid-parent","grid-33","no-featured-image-padding"],"acf":[],"yoast_head":"<!-- This site is optimized with the Yoast SEO plugin v27.5 - https:\/\/yoast.com\/product\/yoast-seo-wordpress\/ -->\n<title>Ke\u00e7mi\u015f n\u0259zar\u0259t\u00e7i-m\u00fch\u0259ndis: \u0130\u015f\u0131qs\u0131z qalmas\u0131nlar dey\u0259, abonentl\u0259rin borcunu \u00f6z hesab\u0131ma \u00f6d\u0259yirdim - MEYDAN.TV<\/title>\n<meta name=\"robots\" content=\"index, follow, max-snippet:-1, max-image-preview:large, max-video-preview:-1\" \/>\n<link rel=\"canonical\" href=\"https:\/\/www.meydan.tv\/az\/article\/kecmis-nezaretci-muhendis-isiqsiz-qalmasinlar-deye-abonentlerin-borcunu-oz-hesabima-odeyirdim\/\" \/>\n<meta property=\"og:locale\" content=\"az_AZ\" \/>\n<meta property=\"og:type\" content=\"article\" \/>\n<meta property=\"og:title\" content=\"Ke\u00e7mi\u015f n\u0259zar\u0259t\u00e7i-m\u00fch\u0259ndis: \u0130\u015f\u0131qs\u0131z qalmas\u0131nlar dey\u0259, abonentl\u0259rin borcunu \u00f6z hesab\u0131ma \u00f6d\u0259yirdim - MEYDAN.TV\" \/>\n<meta property=\"og:description\" content=\"1 g\u00fcn \u0259rzind\u0259 \u00f6z cibimd\u0259n abonentl\u0259r \u00fc\u00e7\u00fcn \u00fcmumilikd\u0259 287 manat pul \u00f6d\u0259mi\u015f\u0259m ki, i\u015f\u0131qlar\u0131n\u0131 k\u0259sm\u0259yim.\" \/>\n<meta property=\"og:url\" content=\"https:\/\/www.meydan.tv\/az\/article\/kecmis-nezaretci-muhendis-isiqsiz-qalmasinlar-deye-abonentlerin-borcunu-oz-hesabima-odeyirdim\/\" \/>\n<meta property=\"og:site_name\" content=\"MEYDAN.TV\" \/>\n<meta property=\"article:published_time\" content=\"2019-10-11T13:42:41+00:00\" \/>\n<meta property=\"og:image\" content=\"https:\/\/www.meydan.tv\/wp-content\/uploads\/isiqci.png\" \/>\n\t<meta property=\"og:image:width\" content=\"1000\" \/>\n\t<meta property=\"og:image:height\" content=\"555\" \/>\n\t<meta property=\"og:image:type\" content=\"image\/png\" \/>\n<meta name=\"author\" content=\"user-manager\" \/>\n<meta name=\"twitter:card\" content=\"summary_large_image\" \/>\n<script type=\"application\/ld+json\" class=\"yoast-schema-graph\">{\"@context\":\"https:\\\/\\\/schema.org\",\"@graph\":[{\"@type\":\"Article\",\"@id\":\"https:\\\/\\\/www.meydan.tv\\\/az\\\/article\\\/kecmis-nezaretci-muhendis-isiqsiz-qalmasinlar-deye-abonentlerin-borcunu-oz-hesabima-odeyirdim\\\/#article\",\"isPartOf\":{\"@id\":\"https:\\\/\\\/www.meydan.tv\\\/az\\\/article\\\/kecmis-nezaretci-muhendis-isiqsiz-qalmasinlar-deye-abonentlerin-borcunu-oz-hesabima-odeyirdim\\\/\"},\"author\":{\"name\":\"user-manager\",\"@id\":\"https:\\\/\\\/www.meydan.tv\\\/az\\\/#\\\/schema\\\/person\\\/10d11eccf6da3662cf5fdab9806ea91a\"},\"headline\":\"Ke\u00e7mi\u015f n\u0259zar\u0259t\u00e7i-m\u00fch\u0259ndis: \u0130\u015f\u0131qs\u0131z qalmas\u0131nlar dey\u0259, abonentl\u0259rin borcunu \u00f6z hesab\u0131ma \u00f6d\u0259yirdim\",\"datePublished\":\"2019-10-11T13:42:41+00:00\",\"mainEntityOfPage\":{\"@id\":\"https:\\\/\\\/www.meydan.tv\\\/az\\\/article\\\/kecmis-nezaretci-muhendis-isiqsiz-qalmasinlar-deye-abonentlerin-borcunu-oz-hesabima-odeyirdim\\\/\"},\"wordCount\":1370,\"publisher\":{\"@id\":\"https:\\\/\\\/www.meydan.tv\\\/az\\\/#organization\"},\"image\":{\"@id\":\"https:\\\/\\\/www.meydan.tv\\\/az\\\/article\\\/kecmis-nezaretci-muhendis-isiqsiz-qalmasinlar-deye-abonentlerin-borcunu-oz-hesabima-odeyirdim\\\/#primaryimage\"},\"thumbnailUrl\":\"https:\\\/\\\/www.meydan.tv\\\/wp-content\\\/uploads\\\/isiqci.png\",\"articleSection\":[\"B\u00f6lg\u0259\"],\"inLanguage\":\"az\"},{\"@type\":\"WebPage\",\"@id\":\"https:\\\/\\\/www.meydan.tv\\\/az\\\/article\\\/kecmis-nezaretci-muhendis-isiqsiz-qalmasinlar-deye-abonentlerin-borcunu-oz-hesabima-odeyirdim\\\/\",\"url\":\"https:\\\/\\\/www.meydan.tv\\\/az\\\/article\\\/kecmis-nezaretci-muhendis-isiqsiz-qalmasinlar-deye-abonentlerin-borcunu-oz-hesabima-odeyirdim\\\/\",\"name\":\"Ke\u00e7mi\u015f n\u0259zar\u0259t\u00e7i-m\u00fch\u0259ndis: \u0130\u015f\u0131qs\u0131z qalmas\u0131nlar dey\u0259, abonentl\u0259rin borcunu \u00f6z hesab\u0131ma \u00f6d\u0259yirdim - MEYDAN.TV\",\"isPartOf\":{\"@id\":\"https:\\\/\\\/www.meydan.tv\\\/az\\\/#website\"},\"primaryImageOfPage\":{\"@id\":\"https:\\\/\\\/www.meydan.tv\\\/az\\\/article\\\/kecmis-nezaretci-muhendis-isiqsiz-qalmasinlar-deye-abonentlerin-borcunu-oz-hesabima-odeyirdim\\\/#primaryimage\"},\"image\":{\"@id\":\"https:\\\/\\\/www.meydan.tv\\\/az\\\/article\\\/kecmis-nezaretci-muhendis-isiqsiz-qalmasinlar-deye-abonentlerin-borcunu-oz-hesabima-odeyirdim\\\/#primaryimage\"},\"thumbnailUrl\":\"https:\\\/\\\/www.meydan.tv\\\/wp-content\\\/uploads\\\/isiqci.png\",\"datePublished\":\"2019-10-11T13:42:41+00:00\",\"breadcrumb\":{\"@id\":\"https:\\\/\\\/www.meydan.tv\\\/az\\\/article\\\/kecmis-nezaretci-muhendis-isiqsiz-qalmasinlar-deye-abonentlerin-borcunu-oz-hesabima-odeyirdim\\\/#breadcrumb\"},\"inLanguage\":\"az\",\"potentialAction\":[{\"@type\":\"ReadAction\",\"target\":[\"https:\\\/\\\/www.meydan.tv\\\/az\\\/article\\\/kecmis-nezaretci-muhendis-isiqsiz-qalmasinlar-deye-abonentlerin-borcunu-oz-hesabima-odeyirdim\\\/\"]}]},{\"@type\":\"ImageObject\",\"inLanguage\":\"az\",\"@id\":\"https:\\\/\\\/www.meydan.tv\\\/az\\\/article\\\/kecmis-nezaretci-muhendis-isiqsiz-qalmasinlar-deye-abonentlerin-borcunu-oz-hesabima-odeyirdim\\\/#primaryimage\",\"url\":\"https:\\\/\\\/www.meydan.tv\\\/wp-content\\\/uploads\\\/isiqci.png\",\"contentUrl\":\"https:\\\/\\\/www.meydan.tv\\\/wp-content\\\/uploads\\\/isiqci.png\",\"width\":1000,\"height\":555,\"caption\":\"Source: Foto: Meydan TV\"},{\"@type\":\"BreadcrumbList\",\"@id\":\"https:\\\/\\\/www.meydan.tv\\\/az\\\/article\\\/kecmis-nezaretci-muhendis-isiqsiz-qalmasinlar-deye-abonentlerin-borcunu-oz-hesabima-odeyirdim\\\/#breadcrumb\",\"itemListElement\":[{\"@type\":\"ListItem\",\"position\":1,\"name\":\"Ana s\u0259hif\u0259\",\"item\":\"https:\\\/\\\/www.meydan.tv\\\/az\\\/\"},{\"@type\":\"ListItem\",\"position\":2,\"name\":\"B\u00f6lg\u0259\",\"item\":\"https:\\\/\\\/www.meydan.tv\\\/az\\\/section\\\/bolge\\\/\"},{\"@type\":\"ListItem\",\"position\":3,\"name\":\"Ke\u00e7mi\u015f n\u0259zar\u0259t\u00e7i-m\u00fch\u0259ndis: \u0130\u015f\u0131qs\u0131z qalmas\u0131nlar dey\u0259, abonentl\u0259rin borcunu \u00f6z hesab\u0131ma \u00f6d\u0259yirdim\"}]},{\"@type\":\"WebSite\",\"@id\":\"https:\\\/\\\/www.meydan.tv\\\/az\\\/#website\",\"url\":\"https:\\\/\\\/www.meydan.tv\\\/az\\\/\",\"name\":\"MEYDAN.TV\",\"description\":\"Meydan TV Az\u0259rbaycan\u0131n media m\u0259kan\u0131ndak\u0131 alternativ s\u0259sidir\",\"publisher\":{\"@id\":\"https:\\\/\\\/www.meydan.tv\\\/az\\\/#organization\"},\"potentialAction\":[{\"@type\":\"SearchAction\",\"target\":{\"@type\":\"EntryPoint\",\"urlTemplate\":\"https:\\\/\\\/www.meydan.tv\\\/az\\\/?s={search_term_string}\"},\"query-input\":{\"@type\":\"PropertyValueSpecification\",\"valueRequired\":true,\"valueName\":\"search_term_string\"}}],\"inLanguage\":\"az\"},{\"@type\":\"Organization\",\"@id\":\"https:\\\/\\\/www.meydan.tv\\\/az\\\/#organization\",\"name\":\"Meydan TV\",\"url\":\"https:\\\/\\\/www.meydan.tv\\\/az\\\/\",\"logo\":{\"@type\":\"ImageObject\",\"inLanguage\":\"az\",\"@id\":\"https:\\\/\\\/www.meydan.tv\\\/az\\\/#\\\/schema\\\/logo\\\/image\\\/\",\"url\":\"https:\\\/\\\/www.meydan.tv\\\/wp-content\\\/uploads\\\/2021\\\/07\\\/meydan-logo.svg\",\"contentUrl\":\"https:\\\/\\\/www.meydan.tv\\\/wp-content\\\/uploads\\\/2021\\\/07\\\/meydan-logo.svg\",\"width\":195,\"height\":46,\"caption\":\"Meydan TV\"},\"image\":{\"@id\":\"https:\\\/\\\/www.meydan.tv\\\/az\\\/#\\\/schema\\\/logo\\\/image\\\/\"}},{\"@type\":\"Person\",\"@id\":\"https:\\\/\\\/www.meydan.tv\\\/az\\\/#\\\/schema\\\/person\\\/10d11eccf6da3662cf5fdab9806ea91a\",\"name\":\"user-manager\"}]}<\/script>\n<!-- \/ Yoast SEO plugin. -->","yoast_head_json":{"title":"Ke\u00e7mi\u015f n\u0259zar\u0259t\u00e7i-m\u00fch\u0259ndis: \u0130\u015f\u0131qs\u0131z qalmas\u0131nlar dey\u0259, abonentl\u0259rin borcunu \u00f6z hesab\u0131ma \u00f6d\u0259yirdim - MEYDAN.TV","robots":{"index":"index","follow":"follow","max-snippet":"max-snippet:-1","max-image-preview":"max-image-preview:large","max-video-preview":"max-video-preview:-1"},"canonical":"https:\/\/www.meydan.tv\/az\/article\/kecmis-nezaretci-muhendis-isiqsiz-qalmasinlar-deye-abonentlerin-borcunu-oz-hesabima-odeyirdim\/","og_locale":"az_AZ","og_type":"article","og_title":"Ke\u00e7mi\u015f n\u0259zar\u0259t\u00e7i-m\u00fch\u0259ndis: \u0130\u015f\u0131qs\u0131z qalmas\u0131nlar dey\u0259, abonentl\u0259rin borcunu \u00f6z hesab\u0131ma \u00f6d\u0259yirdim - MEYDAN.TV","og_description":"1 g\u00fcn \u0259rzind\u0259 \u00f6z cibimd\u0259n abonentl\u0259r \u00fc\u00e7\u00fcn \u00fcmumilikd\u0259 287 manat pul \u00f6d\u0259mi\u015f\u0259m ki, i\u015f\u0131qlar\u0131n\u0131 k\u0259sm\u0259yim.","og_url":"https:\/\/www.meydan.tv\/az\/article\/kecmis-nezaretci-muhendis-isiqsiz-qalmasinlar-deye-abonentlerin-borcunu-oz-hesabima-odeyirdim\/","og_site_name":"MEYDAN.TV","article_published_time":"2019-10-11T13:42:41+00:00","og_image":[{"width":1000,"height":555,"url":"https:\/\/www.meydan.tv\/wp-content\/uploads\/isiqci.png","type":"image\/png"}],"author":"user-manager","twitter_card":"summary_large_image","schema":{"@context":"https:\/\/schema.org","@graph":[{"@type":"Article","@id":"https:\/\/www.meydan.tv\/az\/article\/kecmis-nezaretci-muhendis-isiqsiz-qalmasinlar-deye-abonentlerin-borcunu-oz-hesabima-odeyirdim\/#article","isPartOf":{"@id":"https:\/\/www.meydan.tv\/az\/article\/kecmis-nezaretci-muhendis-isiqsiz-qalmasinlar-deye-abonentlerin-borcunu-oz-hesabima-odeyirdim\/"},"author":{"name":"user-manager","@id":"https:\/\/www.meydan.tv\/az\/#\/schema\/person\/10d11eccf6da3662cf5fdab9806ea91a"},"headline":"Ke\u00e7mi\u015f n\u0259zar\u0259t\u00e7i-m\u00fch\u0259ndis: \u0130\u015f\u0131qs\u0131z qalmas\u0131nlar dey\u0259, abonentl\u0259rin borcunu \u00f6z hesab\u0131ma \u00f6d\u0259yirdim","datePublished":"2019-10-11T13:42:41+00:00","mainEntityOfPage":{"@id":"https:\/\/www.meydan.tv\/az\/article\/kecmis-nezaretci-muhendis-isiqsiz-qalmasinlar-deye-abonentlerin-borcunu-oz-hesabima-odeyirdim\/"},"wordCount":1370,"publisher":{"@id":"https:\/\/www.meydan.tv\/az\/#organization"},"image":{"@id":"https:\/\/www.meydan.tv\/az\/article\/kecmis-nezaretci-muhendis-isiqsiz-qalmasinlar-deye-abonentlerin-borcunu-oz-hesabima-odeyirdim\/#primaryimage"},"thumbnailUrl":"https:\/\/www.meydan.tv\/wp-content\/uploads\/isiqci.png","articleSection":["B\u00f6lg\u0259"],"inLanguage":"az"},{"@type":"WebPage","@id":"https:\/\/www.meydan.tv\/az\/article\/kecmis-nezaretci-muhendis-isiqsiz-qalmasinlar-deye-abonentlerin-borcunu-oz-hesabima-odeyirdim\/","url":"https:\/\/www.meydan.tv\/az\/article\/kecmis-nezaretci-muhendis-isiqsiz-qalmasinlar-deye-abonentlerin-borcunu-oz-hesabima-odeyirdim\/","name":"Ke\u00e7mi\u015f n\u0259zar\u0259t\u00e7i-m\u00fch\u0259ndis: \u0130\u015f\u0131qs\u0131z qalmas\u0131nlar dey\u0259, abonentl\u0259rin borcunu \u00f6z hesab\u0131ma \u00f6d\u0259yirdim - MEYDAN.TV","isPartOf":{"@id":"https:\/\/www.meydan.tv\/az\/#website"},"primaryImageOfPage":{"@id":"https:\/\/www.meydan.tv\/az\/article\/kecmis-nezaretci-muhendis-isiqsiz-qalmasinlar-deye-abonentlerin-borcunu-oz-hesabima-odeyirdim\/#primaryimage"},"image":{"@id":"https:\/\/www.meydan.tv\/az\/article\/kecmis-nezaretci-muhendis-isiqsiz-qalmasinlar-deye-abonentlerin-borcunu-oz-hesabima-odeyirdim\/#primaryimage"},"thumbnailUrl":"https:\/\/www.meydan.tv\/wp-content\/uploads\/isiqci.png","datePublished":"2019-10-11T13:42:41+00:00","breadcrumb":{"@id":"https:\/\/www.meydan.tv\/az\/article\/kecmis-nezaretci-muhendis-isiqsiz-qalmasinlar-deye-abonentlerin-borcunu-oz-hesabima-odeyirdim\/#breadcrumb"},"inLanguage":"az","potentialAction":[{"@type":"ReadAction","target":["https:\/\/www.meydan.tv\/az\/article\/kecmis-nezaretci-muhendis-isiqsiz-qalmasinlar-deye-abonentlerin-borcunu-oz-hesabima-odeyirdim\/"]}]},{"@type":"ImageObject","inLanguage":"az","@id":"https:\/\/www.meydan.tv\/az\/article\/kecmis-nezaretci-muhendis-isiqsiz-qalmasinlar-deye-abonentlerin-borcunu-oz-hesabima-odeyirdim\/#primaryimage","url":"https:\/\/www.meydan.tv\/wp-content\/uploads\/isiqci.png","contentUrl":"https:\/\/www.meydan.tv\/wp-content\/uploads\/isiqci.png","width":1000,"height":555,"caption":"Source: Foto: Meydan TV"},{"@type":"BreadcrumbList","@id":"https:\/\/www.meydan.tv\/az\/article\/kecmis-nezaretci-muhendis-isiqsiz-qalmasinlar-deye-abonentlerin-borcunu-oz-hesabima-odeyirdim\/#breadcrumb","itemListElement":[{"@type":"ListItem","position":1,"name":"Ana s\u0259hif\u0259","item":"https:\/\/www.meydan.tv\/az\/"},{"@type":"ListItem","position":2,"name":"B\u00f6lg\u0259","item":"https:\/\/www.meydan.tv\/az\/section\/bolge\/"},{"@type":"ListItem","position":3,"name":"Ke\u00e7mi\u015f n\u0259zar\u0259t\u00e7i-m\u00fch\u0259ndis: \u0130\u015f\u0131qs\u0131z qalmas\u0131nlar dey\u0259, abonentl\u0259rin borcunu \u00f6z hesab\u0131ma \u00f6d\u0259yirdim"}]},{"@type":"WebSite","@id":"https:\/\/www.meydan.tv\/az\/#website","url":"https:\/\/www.meydan.tv\/az\/","name":"MEYDAN.TV","description":"Meydan TV Az\u0259rbaycan\u0131n media m\u0259kan\u0131ndak\u0131 alternativ s\u0259sidir","publisher":{"@id":"https:\/\/www.meydan.tv\/az\/#organization"},"potentialAction":[{"@type":"SearchAction","target":{"@type":"EntryPoint","urlTemplate":"https:\/\/www.meydan.tv\/az\/?s={search_term_string}"},"query-input":{"@type":"PropertyValueSpecification","valueRequired":true,"valueName":"search_term_string"}}],"inLanguage":"az"},{"@type":"Organization","@id":"https:\/\/www.meydan.tv\/az\/#organization","name":"Meydan TV","url":"https:\/\/www.meydan.tv\/az\/","logo":{"@type":"ImageObject","inLanguage":"az","@id":"https:\/\/www.meydan.tv\/az\/#\/schema\/logo\/image\/","url":"https:\/\/www.meydan.tv\/wp-content\/uploads\/2021\/07\/meydan-logo.svg","contentUrl":"https:\/\/www.meydan.tv\/wp-content\/uploads\/2021\/07\/meydan-logo.svg","width":195,"height":46,"caption":"Meydan TV"},"image":{"@id":"https:\/\/www.meydan.tv\/az\/#\/schema\/logo\/image\/"}},{"@type":"Person","@id":"https:\/\/www.meydan.tv\/az\/#\/schema\/person\/10d11eccf6da3662cf5fdab9806ea91a","name":"user-manager"}]}},"_links":{"self":[{"href":"https:\/\/www.meydan.tv\/az\/wp-json\/wp\/v2\/posts\/197407","targetHints":{"allow":["GET"]}}],"collection":[{"href":"https:\/\/www.meydan.tv\/az\/wp-json\/wp\/v2\/posts"}],"about":[{"href":"https:\/\/www.meydan.tv\/az\/wp-json\/wp\/v2\/types\/post"}],"author":[{"embeddable":true,"href":"https:\/\/www.meydan.tv\/az\/wp-json\/wp\/v2\/users\/11"}],"replies":[{"embeddable":true,"href":"https:\/\/www.meydan.tv\/az\/wp-json\/wp\/v2\/comments?post=197407"}],"version-history":[{"count":0,"href":"https:\/\/www.meydan.tv\/az\/wp-json\/wp\/v2\/posts\/197407\/revisions"}],"wp:featuredmedia":[{"embeddable":true,"href":"https:\/\/www.meydan.tv\/az\/wp-json\/wp\/v2\/media\/131176"}],"wp:attachment":[{"href":"https:\/\/www.meydan.tv\/az\/wp-json\/wp\/v2\/media?parent=197407"}],"wp:term":[{"taxonomy":"category","embeddable":true,"href":"https:\/\/www.meydan.tv\/az\/wp-json\/wp\/v2\/categories?post=197407"},{"taxonomy":"post_tag","embeddable":true,"href":"https:\/\/www.meydan.tv\/az\/wp-json\/wp\/v2\/tags?post=197407"}],"curies":[{"name":"wp","href":"https:\/\/api.w.org\/{rel}","templated":true}]}}