{"id":197404,"date":"2019-10-11T10:51:47","date_gmt":"2019-10-11T10:51:47","guid":{"rendered":"https:\/\/www.meydan.tv\/article\/evinde-doyulen-72-yasli-qadin-5-aydir-ki-qorxudan-gozume-yuxu-getmir\/"},"modified":"2019-10-11T10:51:47","modified_gmt":"2019-10-11T10:51:47","slug":"evinde-doyulen-72-yasli-qadin-5-aydir-ki-qorxudan-gozume-yuxu-getmir","status":"publish","type":"post","link":"https:\/\/www.meydan.tv\/az\/article\/evinde-doyulen-72-yasli-qadin-5-aydir-ki-qorxudan-gozume-yuxu-getmir\/","title":{"rendered":"Evind\u0259 d\u00f6y\u00fcl\u0259n 72 ya\u015fl\u0131 qad\u0131n: 5 ayd\u0131r ki, qorxudan g\u00f6z\u00fcm\u0259 yuxu getmir"},"content":{"rendered":"<p>\n  <i><br \/>\n    Samux sakini onu d\u00f6y\u0259n \u015f\u0259xsin tap\u0131laraq c\u0259zaland\u0131r\u0131lmas\u0131n\u0131 t\u0259l\u0259b edir<br \/>\n  <\/i>\n<\/p>\n<p>\n  \u201cGec\u0259l\u0259ri s\u0259h\u0259r\u0259 q\u0259d\u0259r g\u00f6z\u00fcm\u00fc qap\u0131-p\u0259nc\u0259r\u0259l\u0259r\u0259, evin k\u00fcncl\u0259rin\u0259 zill\u0259yir\u0259m, yata bilmir\u0259m. El\u0259 bilir\u0259m bu d\u0259qiq\u0259 kims\u0259 haradansa \u00fcst\u00fcm\u0259 cumacaq, yen\u0259 m\u0259ni yer\u0259 y\u0131x\u0131b b\u00f6yr\u0259kl\u0259rimi, qab\u0131r\u011falar\u0131m\u0131 t\u0259pikl\u0259y\u0259c\u0259k. Tez-tez polis \u015f\u00f6b\u0259sin\u0259 gedir\u0259m, deyir\u0259m, evim\u0259 girib m\u0259ni d\u00f6y\u0259ni tap\u0131n, d\u00fc\u015fm\u0259nimi tan\u0131y\u0131m, arxay\u0131n olum ki, c\u0259zas\u0131n\u0131 al\u0131b getdi, \u00f6mr\u00fcm\u00fcn son vaxtlar\u0131n\u0131 he\u00e7 olmasa rahat n\u0259f\u0259s al\u0131b ya\u015fay\u0131m\u201d.\n<\/p>\n<p>\n  Samux rayonunun C\u0131rdaxan k\u0259nd sakini, 72 ya\u015fl\u0131 Kifay\u0259t Kaz\u0131mova Meydan TV-y\u0259 dan\u0131\u015f\u0131r ki, bu il may\u0131n 1-d\u0259n 2-n\u0259 ke\u00e7\u0259n gec\u0259 ya\u015fad\u0131\u011f\u0131 ev\u0259 gir\u0259n nam\u0259lum \u015f\u0259xs onu amans\u0131zcas\u0131na, hu\u015funu itir\u0259n\u0259d\u0259k d\u00f6y\u00fcb. Polis m\u0259s\u0259l\u0259d\u0259n x\u0259b\u0259r tutsa da, 5-ci ayd\u0131r ki, hadis\u0259ni t\u00f6r\u0259d\u0259ni ya axtarm\u0131r, ya da axtar\u0131r, tapa bilmir. N\u0259tic\u0259d\u0259 is\u0259 Kifay\u0259t xan\u0131m hadis\u0259nin t\u0259krarlanaca\u011f\u0131 qorxusu il\u0259 ya\u015fay\u0131r.\n<\/p>\n<p>\n  <b><br \/>\n    \u201cB\u00f6yr\u0259kl\u0259rim\u0259, qab\u0131r\u011falar\u0131ma m\u00f6hk\u0259m t\u0259pikl\u0259r vururdu\u201d<br \/>\n  <\/b>\n<\/p>\n<p>\n  \u201cH\u0259r ax\u015fam artezian qur\u011fular\u0131n\u0131 dayand\u0131rmaq \u00fc\u00e7\u00fcn k\u0259ndin i\u015f\u0131qlar\u0131n\u0131 2-3 d\u0259qiq\u0259lik s\u00f6nd\u00fcr\u00fcrl\u0259r. H\u0259min gec\u0259 d\u0259 bel\u0259 oldu. Saat 12 olard\u0131, i\u015f\u0131qlar s\u00f6nd\u00fc, g\u00f6zl\u0259dim, 2-3 d\u0259qiq\u0259 ke\u00e7s\u0259 d\u0259, yanmad\u0131. Durub h\u0259y\u0259td\u0259ki anbar\u0131n qap\u0131s\u0131n\u0131 ba\u011flad\u0131m, ev\u0259 qay\u0131d\u0131b qap\u0131n\u0131 arxadan kilidl\u0259m\u0259k ist\u0259y\u0259nd\u0259 qaranl\u0131\u011f\u0131n i\u00e7ind\u0259n kims\u0259 \u00fcst\u00fcm\u0259 at\u0131l\u0131b xirtd\u0259yimd\u0259n yap\u0131\u015fd\u0131. Bo\u011fma\u011fa \u00e7al\u0131\u015fanda q\u0131\u015fq\u0131r\u0131b k\u00f6m\u0259y\u0259 adam \u00e7a\u011f\u0131rd\u0131m, xirtd\u0259yimi burax\u0131b \u0259ll\u0259riyl\u0259 m\u00f6hk\u0259m a\u011fz\u0131m\u0131 s\u0131xd\u0131, protez di\u015fl\u0259rim s\u0131n\u0131b damaqlar\u0131ma girdi, a\u011fz\u0131m\u0131 qan apard\u0131. M\u00fcvazin\u0259timi saxlaya bilm\u0259dim, yer\u0259 y\u0131x\u0131ld\u0131m, yen\u0259 \u0259l \u00e7\u0259km\u0259di, b\u00f6yr\u0259kl\u0259rim\u0259, qab\u0131r\u011falar\u0131ma m\u00f6hk\u0259m t\u0259pikl\u0259r vurdu. \u00c7aydan\u0131 g\u00f6t\u00fcrd\u00fc, baxd\u0131 ki, suyu soyuqdur, qaytar\u0131b yerin\u0259 qoydu, suyu qaynar olsayd\u0131, y\u0259qin ki, ba\u015f\u0131ma t\u00f6k\u0259c\u0259kdi\u201d, &#8211; Kifay\u0259t Kaz\u0131mova dan\u0131\u015f\u0131r.\n<\/p>\n<p>\n  <b><br \/>\n    \u201cQorxu i\u00e7ind\u0259 ya\u015fay\u0131ram\u201d<br \/>\n  <\/b>\n<\/p>\n<p>\n  Kifay\u0259t xan\u0131m \u00f6z\u00fc d\u0259 ba\u015f\u0131na g\u0259l\u0259nl\u0259r\u0259 m\u0259\u0259tt\u0259l qal\u0131b:\n<\/p>\n<p>\n  \u201cKim idi, niy\u0259 bel\u0259 el\u0259di, m\u0259qs\u0259di n\u0259 idi, bilm\u0259dim. He\u00e7 k\u0259sl\u0259 d\u00fc\u015fm\u0259n\u00e7iliyim yoxdur, he\u00e7 bir qon\u015fuya s\u0131x-s\u0131x getmir\u0259m, k\u0259ndd\u0259 xeyir-\u015f\u0259r i\u015fl\u0259rin\u0259 gedib-g\u0259lir\u0259m, ham\u0131yla h\u00f6rm\u0259tl\u0259 davran\u0131ram, k\u0259ndd\u0259 bir adam dey\u0259 bilm\u0259z ki, ona hans\u0131sa pisliyim d\u0259yib. \u00d6vladlar\u0131m Rusiyada ya\u015fay\u0131r, m\u0259n k\u0259ndimi, ev-e\u015fiyimi qoyub ged\u0259 bilmir\u0259m, k\u0259ndim \u00fc\u00e7\u00fcn dar\u0131x\u0131ram dey\u0259, raz\u0131yam ki, t\u0259k ya\u015fay\u0131m, ancaq bu ya\u015f\u0131mda \u00f6z evimd\u0259n k\u0259nara getm\u0259yim. \u0130ndi qorxu i\u00e7ind\u0259 ya\u015fay\u0131ram. S\u0259b\u0259b d\u0259 odur ki, evim\u0259 soxulub, m\u0259ni hu\u015fumu itir\u0259n\u0259d\u0259k d\u00f6y\u0259n kimdirs\u0259, ortal\u0131qda s\u0259rb\u0259st g\u0259zir, sabah c\u0259zas\u0131zl\u0131qdan istifad\u0259 edib bir d\u0259 evim\u0259 gir\u0259 bil\u0259r, lap \u00f6ld\u00fcr\u0259 d\u0259 bil\u0259r. Polis is\u0259 be\u015finci ayd\u0131r ki, m\u0259ni yola verm\u0259kl\u0259 m\u0259\u015f\u011fuldur. K\u0259ndd\u0259 bir qrup vard\u0131, evl\u0259r\u0259 girib, adamlar\u0131 d\u00f6y\u00fcb, evi soyurdular. H\u0259min qrup tutuldu, ancaq dedil\u0259r ki, filan, filan evl\u0259r\u0259 girmi\u015fik, bu xalan\u0131n evi bizlik deyil\u201d.\n<\/p>\n<figure class=\"wp-block-image size-large\">\n  <img decoding=\"async\" src=\"https:\/\/www.meydan.tv\/az\/image_from_ios-12-jpg-11\/\" alt=\"image_from_ios (12).jpg\" class=\"wp-image-131136\"\/><figcaption>\n    &#8220;Polis is\u0259 be\u015finci ayd\u0131r ki, m\u0259ni yola verm\u0259kl\u0259 m\u0259\u015f\u011fuldur&#8221;<br \/>\n  <\/figcaption><\/figure>\n<p>\n  <b><br \/>\n    Polis ara\u015fd\u0131rmalar\u0131 davam etdirir<br \/>\n  <\/b>\n<\/p>\n<p>\n  Kifay\u0259t xan\u0131m deyir, i\u015f oras\u0131ndad\u0131r ki, gec\u0259 vaxt\u0131 evin\u0259 girib onu d\u00f6y\u0259n \u015f\u0259xs he\u00e7 n\u0259 aparmay\u0131b. El\u0259c\u0259, d\u00f6y\u00fcb, gedib. Kifay\u0259t xan\u0131m polisin g\u00f6nd\u0259ri\u015fiyl\u0259 ekspertizadan ke\u00e7ib, qab\u0131r\u011falar\u0131nda \u00e7atlar, daxili orqanlar\u0131n\u0131n \u0259zilm\u0259si, b\u0259d\u0259nind\u0259 x\u0259sar\u0259tl\u0259r, izl\u0259r a\u015fkar edilib. 72 ya\u015fl\u0131 qad\u0131n uzun m\u00fcdd\u0259t m\u00fcalic\u0259 olunub.\n<\/p>\n<p>\n  Samux Rayon Polis \u015e\u00f6b\u0259sind\u0259n Meydan TV-y\u0259 bildirilib ki, Kifay\u0259t xan\u0131m\u0131n \u015fikay\u0259t \u0259riz\u0259si \u0259sas\u0131nda ba\u015flanm\u0131\u015f ara\u015fd\u0131rmalar davam etdirilir. Kifay\u0259t xan\u0131m bir ne\u00e7\u0259 d\u0259f\u0259 \u015f\u00f6b\u0259y\u0259 d\u0259v\u0259t edilib, b\u00fct\u00fcn \u015f\u00fcbh\u0259l\u0259r \u0259traf\u0131nda z\u0259r\u0259r\u00e7\u0259kmi\u015f kimi dindirilib. Ancaq h\u0259l\u0259lik n\u0259tic\u0259 yoxdur. O da bildirilib ki, Kifay\u0259t xan\u0131m h\u0259yat\u0131na t\u0259hl\u00fck\u0259 hiss ed\u0259rs\u0259, qanun \u00e7\u0259r\u00e7iv\u0259sind\u0259 m\u00fcraci\u0259t ets\u0259, ara\u015fd\u0131rma apar\u0131lar, ehtiyac oldu\u011fu t\u0259qdird\u0259 polis v\u0259t\u0259nda\u015f\u0131n t\u0259hl\u00fck\u0259sizliyini t\u0259min ed\u0259r.<\/p>\n","protected":false},"excerpt":{"rendered":"<p>Kifay\u0259t xan\u0131m deyir, i\u015f oras\u0131ndad\u0131r ki, gec\u0259 vaxt\u0131 evin\u0259 girib onu d\u00f6y\u0259n \u015f\u0259xs he\u00e7 n\u0259 aparmay\u0131b.<\/p>\n","protected":false},"author":11,"featured_media":131139,"comment_status":"closed","ping_status":"open","sticky":false,"template":"","format":"standard","meta":{"_acf_changed":false,"_sitemap_exclude":false,"_sitemap_priority":"","_sitemap_frequency":"","footnotes":""},"categories":[60],"tags":[],"class_list":["post-197404","post","type-post","status-publish","format-standard","has-post-thumbnail","hentry","category-bolge","infinite-scroll-item","generate-columns","tablet-grid-50","mobile-grid-100","grid-parent","grid-33","no-featured-image-padding"],"acf":[],"yoast_head":"<!-- This site is optimized with the Yoast SEO plugin v27.5 - https:\/\/yoast.com\/product\/yoast-seo-wordpress\/ -->\n<title>Evind\u0259 d\u00f6y\u00fcl\u0259n 72 ya\u015fl\u0131 qad\u0131n: 5 ayd\u0131r ki, qorxudan g\u00f6z\u00fcm\u0259 yuxu getmir - MEYDAN.TV<\/title>\n<meta name=\"robots\" content=\"index, follow, max-snippet:-1, max-image-preview:large, max-video-preview:-1\" \/>\n<link rel=\"canonical\" href=\"https:\/\/www.meydan.tv\/az\/article\/evinde-doyulen-72-yasli-qadin-5-aydir-ki-qorxudan-gozume-yuxu-getmir\/\" \/>\n<meta property=\"og:locale\" content=\"az_AZ\" \/>\n<meta property=\"og:type\" content=\"article\" \/>\n<meta property=\"og:title\" content=\"Evind\u0259 d\u00f6y\u00fcl\u0259n 72 ya\u015fl\u0131 qad\u0131n: 5 ayd\u0131r ki, qorxudan g\u00f6z\u00fcm\u0259 yuxu getmir - MEYDAN.TV\" \/>\n<meta property=\"og:description\" content=\"Kifay\u0259t xan\u0131m deyir, i\u015f oras\u0131ndad\u0131r ki, gec\u0259 vaxt\u0131 evin\u0259 girib onu d\u00f6y\u0259n \u015f\u0259xs he\u00e7 n\u0259 aparmay\u0131b.\" \/>\n<meta property=\"og:url\" content=\"https:\/\/www.meydan.tv\/az\/article\/evinde-doyulen-72-yasli-qadin-5-aydir-ki-qorxudan-gozume-yuxu-getmir\/\" \/>\n<meta property=\"og:site_name\" content=\"MEYDAN.TV\" \/>\n<meta property=\"article:published_time\" content=\"2019-10-11T10:51:47+00:00\" \/>\n<meta property=\"og:image\" content=\"https:\/\/www.meydan.tv\/wp-content\/uploads\/image_from_ios_13_dolabmm-scaled.jpg\" \/>\n\t<meta property=\"og:image:width\" content=\"2560\" \/>\n\t<meta property=\"og:image:height\" content=\"1440\" \/>\n\t<meta property=\"og:image:type\" content=\"image\/jpeg\" \/>\n<meta name=\"author\" content=\"user-manager\" \/>\n<meta name=\"twitter:card\" content=\"summary_large_image\" \/>\n<script type=\"application\/ld+json\" class=\"yoast-schema-graph\">{\"@context\":\"https:\\\/\\\/schema.org\",\"@graph\":[{\"@type\":\"Article\",\"@id\":\"https:\\\/\\\/www.meydan.tv\\\/az\\\/article\\\/evinde-doyulen-72-yasli-qadin-5-aydir-ki-qorxudan-gozume-yuxu-getmir\\\/#article\",\"isPartOf\":{\"@id\":\"https:\\\/\\\/www.meydan.tv\\\/az\\\/article\\\/evinde-doyulen-72-yasli-qadin-5-aydir-ki-qorxudan-gozume-yuxu-getmir\\\/\"},\"author\":{\"name\":\"user-manager\",\"@id\":\"https:\\\/\\\/www.meydan.tv\\\/az\\\/#\\\/schema\\\/person\\\/10d11eccf6da3662cf5fdab9806ea91a\"},\"headline\":\"Evind\u0259 d\u00f6y\u00fcl\u0259n 72 ya\u015fl\u0131 qad\u0131n: 5 ayd\u0131r ki, qorxudan g\u00f6z\u00fcm\u0259 yuxu getmir\",\"datePublished\":\"2019-10-11T10:51:47+00:00\",\"mainEntityOfPage\":{\"@id\":\"https:\\\/\\\/www.meydan.tv\\\/az\\\/article\\\/evinde-doyulen-72-yasli-qadin-5-aydir-ki-qorxudan-gozume-yuxu-getmir\\\/\"},\"wordCount\":884,\"publisher\":{\"@id\":\"https:\\\/\\\/www.meydan.tv\\\/az\\\/#organization\"},\"image\":{\"@id\":\"https:\\\/\\\/www.meydan.tv\\\/az\\\/article\\\/evinde-doyulen-72-yasli-qadin-5-aydir-ki-qorxudan-gozume-yuxu-getmir\\\/#primaryimage\"},\"thumbnailUrl\":\"https:\\\/\\\/www.meydan.tv\\\/wp-content\\\/uploads\\\/image_from_ios_13_dolabmm-scaled.jpg\",\"articleSection\":[\"B\u00f6lg\u0259\"],\"inLanguage\":\"az\"},{\"@type\":\"WebPage\",\"@id\":\"https:\\\/\\\/www.meydan.tv\\\/az\\\/article\\\/evinde-doyulen-72-yasli-qadin-5-aydir-ki-qorxudan-gozume-yuxu-getmir\\\/\",\"url\":\"https:\\\/\\\/www.meydan.tv\\\/az\\\/article\\\/evinde-doyulen-72-yasli-qadin-5-aydir-ki-qorxudan-gozume-yuxu-getmir\\\/\",\"name\":\"Evind\u0259 d\u00f6y\u00fcl\u0259n 72 ya\u015fl\u0131 qad\u0131n: 5 ayd\u0131r ki, qorxudan g\u00f6z\u00fcm\u0259 yuxu getmir - MEYDAN.TV\",\"isPartOf\":{\"@id\":\"https:\\\/\\\/www.meydan.tv\\\/az\\\/#website\"},\"primaryImageOfPage\":{\"@id\":\"https:\\\/\\\/www.meydan.tv\\\/az\\\/article\\\/evinde-doyulen-72-yasli-qadin-5-aydir-ki-qorxudan-gozume-yuxu-getmir\\\/#primaryimage\"},\"image\":{\"@id\":\"https:\\\/\\\/www.meydan.tv\\\/az\\\/article\\\/evinde-doyulen-72-yasli-qadin-5-aydir-ki-qorxudan-gozume-yuxu-getmir\\\/#primaryimage\"},\"thumbnailUrl\":\"https:\\\/\\\/www.meydan.tv\\\/wp-content\\\/uploads\\\/image_from_ios_13_dolabmm-scaled.jpg\",\"datePublished\":\"2019-10-11T10:51:47+00:00\",\"breadcrumb\":{\"@id\":\"https:\\\/\\\/www.meydan.tv\\\/az\\\/article\\\/evinde-doyulen-72-yasli-qadin-5-aydir-ki-qorxudan-gozume-yuxu-getmir\\\/#breadcrumb\"},\"inLanguage\":\"az\",\"potentialAction\":[{\"@type\":\"ReadAction\",\"target\":[\"https:\\\/\\\/www.meydan.tv\\\/az\\\/article\\\/evinde-doyulen-72-yasli-qadin-5-aydir-ki-qorxudan-gozume-yuxu-getmir\\\/\"]}]},{\"@type\":\"ImageObject\",\"inLanguage\":\"az\",\"@id\":\"https:\\\/\\\/www.meydan.tv\\\/az\\\/article\\\/evinde-doyulen-72-yasli-qadin-5-aydir-ki-qorxudan-gozume-yuxu-getmir\\\/#primaryimage\",\"url\":\"https:\\\/\\\/www.meydan.tv\\\/wp-content\\\/uploads\\\/image_from_ios_13_dolabmm-scaled.jpg\",\"contentUrl\":\"https:\\\/\\\/www.meydan.tv\\\/wp-content\\\/uploads\\\/image_from_ios_13_dolabmm-scaled.jpg\",\"width\":2560,\"height\":1440,\"caption\":\"Source: Specify Source\"},{\"@type\":\"BreadcrumbList\",\"@id\":\"https:\\\/\\\/www.meydan.tv\\\/az\\\/article\\\/evinde-doyulen-72-yasli-qadin-5-aydir-ki-qorxudan-gozume-yuxu-getmir\\\/#breadcrumb\",\"itemListElement\":[{\"@type\":\"ListItem\",\"position\":1,\"name\":\"Ana s\u0259hif\u0259\",\"item\":\"https:\\\/\\\/www.meydan.tv\\\/az\\\/\"},{\"@type\":\"ListItem\",\"position\":2,\"name\":\"B\u00f6lg\u0259\",\"item\":\"https:\\\/\\\/www.meydan.tv\\\/az\\\/section\\\/bolge\\\/\"},{\"@type\":\"ListItem\",\"position\":3,\"name\":\"Evind\u0259 d\u00f6y\u00fcl\u0259n 72 ya\u015fl\u0131 qad\u0131n: 5 ayd\u0131r ki, qorxudan g\u00f6z\u00fcm\u0259 yuxu getmir\"}]},{\"@type\":\"WebSite\",\"@id\":\"https:\\\/\\\/www.meydan.tv\\\/az\\\/#website\",\"url\":\"https:\\\/\\\/www.meydan.tv\\\/az\\\/\",\"name\":\"MEYDAN.TV\",\"description\":\"Meydan TV Az\u0259rbaycan\u0131n media m\u0259kan\u0131ndak\u0131 alternativ s\u0259sidir\",\"publisher\":{\"@id\":\"https:\\\/\\\/www.meydan.tv\\\/az\\\/#organization\"},\"potentialAction\":[{\"@type\":\"SearchAction\",\"target\":{\"@type\":\"EntryPoint\",\"urlTemplate\":\"https:\\\/\\\/www.meydan.tv\\\/az\\\/?s={search_term_string}\"},\"query-input\":{\"@type\":\"PropertyValueSpecification\",\"valueRequired\":true,\"valueName\":\"search_term_string\"}}],\"inLanguage\":\"az\"},{\"@type\":\"Organization\",\"@id\":\"https:\\\/\\\/www.meydan.tv\\\/az\\\/#organization\",\"name\":\"Meydan TV\",\"url\":\"https:\\\/\\\/www.meydan.tv\\\/az\\\/\",\"logo\":{\"@type\":\"ImageObject\",\"inLanguage\":\"az\",\"@id\":\"https:\\\/\\\/www.meydan.tv\\\/az\\\/#\\\/schema\\\/logo\\\/image\\\/\",\"url\":\"https:\\\/\\\/www.meydan.tv\\\/wp-content\\\/uploads\\\/2021\\\/07\\\/meydan-logo.svg\",\"contentUrl\":\"https:\\\/\\\/www.meydan.tv\\\/wp-content\\\/uploads\\\/2021\\\/07\\\/meydan-logo.svg\",\"width\":195,\"height\":46,\"caption\":\"Meydan TV\"},\"image\":{\"@id\":\"https:\\\/\\\/www.meydan.tv\\\/az\\\/#\\\/schema\\\/logo\\\/image\\\/\"}},{\"@type\":\"Person\",\"@id\":\"https:\\\/\\\/www.meydan.tv\\\/az\\\/#\\\/schema\\\/person\\\/10d11eccf6da3662cf5fdab9806ea91a\",\"name\":\"user-manager\"}]}<\/script>\n<!-- \/ Yoast SEO plugin. -->","yoast_head_json":{"title":"Evind\u0259 d\u00f6y\u00fcl\u0259n 72 ya\u015fl\u0131 qad\u0131n: 5 ayd\u0131r ki, qorxudan g\u00f6z\u00fcm\u0259 yuxu getmir - MEYDAN.TV","robots":{"index":"index","follow":"follow","max-snippet":"max-snippet:-1","max-image-preview":"max-image-preview:large","max-video-preview":"max-video-preview:-1"},"canonical":"https:\/\/www.meydan.tv\/az\/article\/evinde-doyulen-72-yasli-qadin-5-aydir-ki-qorxudan-gozume-yuxu-getmir\/","og_locale":"az_AZ","og_type":"article","og_title":"Evind\u0259 d\u00f6y\u00fcl\u0259n 72 ya\u015fl\u0131 qad\u0131n: 5 ayd\u0131r ki, qorxudan g\u00f6z\u00fcm\u0259 yuxu getmir - MEYDAN.TV","og_description":"Kifay\u0259t xan\u0131m deyir, i\u015f oras\u0131ndad\u0131r ki, gec\u0259 vaxt\u0131 evin\u0259 girib onu d\u00f6y\u0259n \u015f\u0259xs he\u00e7 n\u0259 aparmay\u0131b.","og_url":"https:\/\/www.meydan.tv\/az\/article\/evinde-doyulen-72-yasli-qadin-5-aydir-ki-qorxudan-gozume-yuxu-getmir\/","og_site_name":"MEYDAN.TV","article_published_time":"2019-10-11T10:51:47+00:00","og_image":[{"width":2560,"height":1440,"url":"https:\/\/www.meydan.tv\/wp-content\/uploads\/image_from_ios_13_dolabmm-scaled.jpg","type":"image\/jpeg"}],"author":"user-manager","twitter_card":"summary_large_image","schema":{"@context":"https:\/\/schema.org","@graph":[{"@type":"Article","@id":"https:\/\/www.meydan.tv\/az\/article\/evinde-doyulen-72-yasli-qadin-5-aydir-ki-qorxudan-gozume-yuxu-getmir\/#article","isPartOf":{"@id":"https:\/\/www.meydan.tv\/az\/article\/evinde-doyulen-72-yasli-qadin-5-aydir-ki-qorxudan-gozume-yuxu-getmir\/"},"author":{"name":"user-manager","@id":"https:\/\/www.meydan.tv\/az\/#\/schema\/person\/10d11eccf6da3662cf5fdab9806ea91a"},"headline":"Evind\u0259 d\u00f6y\u00fcl\u0259n 72 ya\u015fl\u0131 qad\u0131n: 5 ayd\u0131r ki, qorxudan g\u00f6z\u00fcm\u0259 yuxu getmir","datePublished":"2019-10-11T10:51:47+00:00","mainEntityOfPage":{"@id":"https:\/\/www.meydan.tv\/az\/article\/evinde-doyulen-72-yasli-qadin-5-aydir-ki-qorxudan-gozume-yuxu-getmir\/"},"wordCount":884,"publisher":{"@id":"https:\/\/www.meydan.tv\/az\/#organization"},"image":{"@id":"https:\/\/www.meydan.tv\/az\/article\/evinde-doyulen-72-yasli-qadin-5-aydir-ki-qorxudan-gozume-yuxu-getmir\/#primaryimage"},"thumbnailUrl":"https:\/\/www.meydan.tv\/wp-content\/uploads\/image_from_ios_13_dolabmm-scaled.jpg","articleSection":["B\u00f6lg\u0259"],"inLanguage":"az"},{"@type":"WebPage","@id":"https:\/\/www.meydan.tv\/az\/article\/evinde-doyulen-72-yasli-qadin-5-aydir-ki-qorxudan-gozume-yuxu-getmir\/","url":"https:\/\/www.meydan.tv\/az\/article\/evinde-doyulen-72-yasli-qadin-5-aydir-ki-qorxudan-gozume-yuxu-getmir\/","name":"Evind\u0259 d\u00f6y\u00fcl\u0259n 72 ya\u015fl\u0131 qad\u0131n: 5 ayd\u0131r ki, qorxudan g\u00f6z\u00fcm\u0259 yuxu getmir - MEYDAN.TV","isPartOf":{"@id":"https:\/\/www.meydan.tv\/az\/#website"},"primaryImageOfPage":{"@id":"https:\/\/www.meydan.tv\/az\/article\/evinde-doyulen-72-yasli-qadin-5-aydir-ki-qorxudan-gozume-yuxu-getmir\/#primaryimage"},"image":{"@id":"https:\/\/www.meydan.tv\/az\/article\/evinde-doyulen-72-yasli-qadin-5-aydir-ki-qorxudan-gozume-yuxu-getmir\/#primaryimage"},"thumbnailUrl":"https:\/\/www.meydan.tv\/wp-content\/uploads\/image_from_ios_13_dolabmm-scaled.jpg","datePublished":"2019-10-11T10:51:47+00:00","breadcrumb":{"@id":"https:\/\/www.meydan.tv\/az\/article\/evinde-doyulen-72-yasli-qadin-5-aydir-ki-qorxudan-gozume-yuxu-getmir\/#breadcrumb"},"inLanguage":"az","potentialAction":[{"@type":"ReadAction","target":["https:\/\/www.meydan.tv\/az\/article\/evinde-doyulen-72-yasli-qadin-5-aydir-ki-qorxudan-gozume-yuxu-getmir\/"]}]},{"@type":"ImageObject","inLanguage":"az","@id":"https:\/\/www.meydan.tv\/az\/article\/evinde-doyulen-72-yasli-qadin-5-aydir-ki-qorxudan-gozume-yuxu-getmir\/#primaryimage","url":"https:\/\/www.meydan.tv\/wp-content\/uploads\/image_from_ios_13_dolabmm-scaled.jpg","contentUrl":"https:\/\/www.meydan.tv\/wp-content\/uploads\/image_from_ios_13_dolabmm-scaled.jpg","width":2560,"height":1440,"caption":"Source: Specify Source"},{"@type":"BreadcrumbList","@id":"https:\/\/www.meydan.tv\/az\/article\/evinde-doyulen-72-yasli-qadin-5-aydir-ki-qorxudan-gozume-yuxu-getmir\/#breadcrumb","itemListElement":[{"@type":"ListItem","position":1,"name":"Ana s\u0259hif\u0259","item":"https:\/\/www.meydan.tv\/az\/"},{"@type":"ListItem","position":2,"name":"B\u00f6lg\u0259","item":"https:\/\/www.meydan.tv\/az\/section\/bolge\/"},{"@type":"ListItem","position":3,"name":"Evind\u0259 d\u00f6y\u00fcl\u0259n 72 ya\u015fl\u0131 qad\u0131n: 5 ayd\u0131r ki, qorxudan g\u00f6z\u00fcm\u0259 yuxu getmir"}]},{"@type":"WebSite","@id":"https:\/\/www.meydan.tv\/az\/#website","url":"https:\/\/www.meydan.tv\/az\/","name":"MEYDAN.TV","description":"Meydan TV Az\u0259rbaycan\u0131n media m\u0259kan\u0131ndak\u0131 alternativ s\u0259sidir","publisher":{"@id":"https:\/\/www.meydan.tv\/az\/#organization"},"potentialAction":[{"@type":"SearchAction","target":{"@type":"EntryPoint","urlTemplate":"https:\/\/www.meydan.tv\/az\/?s={search_term_string}"},"query-input":{"@type":"PropertyValueSpecification","valueRequired":true,"valueName":"search_term_string"}}],"inLanguage":"az"},{"@type":"Organization","@id":"https:\/\/www.meydan.tv\/az\/#organization","name":"Meydan TV","url":"https:\/\/www.meydan.tv\/az\/","logo":{"@type":"ImageObject","inLanguage":"az","@id":"https:\/\/www.meydan.tv\/az\/#\/schema\/logo\/image\/","url":"https:\/\/www.meydan.tv\/wp-content\/uploads\/2021\/07\/meydan-logo.svg","contentUrl":"https:\/\/www.meydan.tv\/wp-content\/uploads\/2021\/07\/meydan-logo.svg","width":195,"height":46,"caption":"Meydan TV"},"image":{"@id":"https:\/\/www.meydan.tv\/az\/#\/schema\/logo\/image\/"}},{"@type":"Person","@id":"https:\/\/www.meydan.tv\/az\/#\/schema\/person\/10d11eccf6da3662cf5fdab9806ea91a","name":"user-manager"}]}},"_links":{"self":[{"href":"https:\/\/www.meydan.tv\/az\/wp-json\/wp\/v2\/posts\/197404","targetHints":{"allow":["GET"]}}],"collection":[{"href":"https:\/\/www.meydan.tv\/az\/wp-json\/wp\/v2\/posts"}],"about":[{"href":"https:\/\/www.meydan.tv\/az\/wp-json\/wp\/v2\/types\/post"}],"author":[{"embeddable":true,"href":"https:\/\/www.meydan.tv\/az\/wp-json\/wp\/v2\/users\/11"}],"replies":[{"embeddable":true,"href":"https:\/\/www.meydan.tv\/az\/wp-json\/wp\/v2\/comments?post=197404"}],"version-history":[{"count":0,"href":"https:\/\/www.meydan.tv\/az\/wp-json\/wp\/v2\/posts\/197404\/revisions"}],"wp:featuredmedia":[{"embeddable":true,"href":"https:\/\/www.meydan.tv\/az\/wp-json\/wp\/v2\/media\/131139"}],"wp:attachment":[{"href":"https:\/\/www.meydan.tv\/az\/wp-json\/wp\/v2\/media?parent=197404"}],"wp:term":[{"taxonomy":"category","embeddable":true,"href":"https:\/\/www.meydan.tv\/az\/wp-json\/wp\/v2\/categories?post=197404"},{"taxonomy":"post_tag","embeddable":true,"href":"https:\/\/www.meydan.tv\/az\/wp-json\/wp\/v2\/tags?post=197404"}],"curies":[{"name":"wp","href":"https:\/\/api.w.org\/{rel}","templated":true}]}}